{"id":40302,"date":"2022-05-11T11:13:44","date_gmt":"2022-05-11T09:13:44","guid":{"rendered":"https:\/\/www.laguiadepamplona.com\/actualidad\/?p=40302"},"modified":"2023-04-11T11:48:12","modified_gmt":"2023-04-11T09:48:12","slug":"la-fachada-del-ayuntamiento-de-pamplona-se-iluminara-manana-de-rosa-y-morado-en-apoyo-a-las-personas-con-fibromialgia-y-fatiga-cronica","status":"publish","type":"post","link":"https:\/\/www.laguiadepamplona.com\/actualidad\/la-fachada-del-ayuntamiento-de-pamplona-se-iluminara-manana-de-rosa-y-morado-en-apoyo-a-las-personas-con-fibromialgia-y-fatiga-cronica\/","title":{"rendered":"La fachada del Ayuntamiento de Pamplona se iluminar\u00e1 ma\u00f1ana de rosa y morado en apoyo a las personas con fibromialgia y fatiga cr\u00f3nica"},"content":{"rendered":"<h5>Cada 12 de mayo se celebra el D\u00eda Mundial de estas enfermedades, que afectan a entre un 3 y un 7% de la poblaci\u00f3n<\/h5>\n<p><!--more--><\/p>\n<p>El Ayuntamiento de Pamplona se sumar\u00e1 ma\u00f1ana jueves, 12 de mayo, al D\u00eda Mundial de la Fibromialgia y del S\u00edndrome de Fatiga Cr\u00f3nica, iluminando al atardecer la fachada de la Casa Consistorial de rosa y morado. Con esta iniciativa, el Consistorio da respuesta a la petici\u00f3n de la Asociaci\u00f3n Navarra de Fibromialgia, S\u00edndrome de Fatiga Cr\u00f3nica y S\u00edndrome de Sensibilidad Qu\u00edmica M\u00faltiple (FRIDA) y muestra su apoyo a las personas que padecen estas enfermedades que afectan, seg\u00fan las estad\u00edsticas, a entre un 3 y un 7% de la poblaci\u00f3n. En esta misma l\u00ednea, la Comisi\u00f3n de Asuntos Ciudadanos aprob\u00f3 ayer una declaraci\u00f3n institucional adhiri\u00e9ndose a este d\u00eda y reconociendo a las personas afectadas por esta dolencia.<br \/>\n<script async src=\"\/\/pagead2.googlesyndication.com\/pagead\/js\/adsbygoogle.js\"><\/script><br \/>\n<!-- Noticias La Guia de Pamplona --><br \/>\n<ins class=\"adsbygoogle\"\nstyle=\"display:block\"\ndata-ad-client=\"ca-pub-6943679897239327\"\ndata-ad-slot=\"7048180777\"\ndata-ad-format=\"auto\"><\/ins><br \/>\n<script>\n(adsbygoogle = window.adsbygoogle || []).push({});\n<\/script><\/p>\n<p>La fibromialgia es un trastorno caracterizado por dolor musculoesquel\u00e9tico generalizado, acompa\u00f1ado de fatiga y problemas de sue\u00f1o y de memoria. Al parecer, est\u00e1 provocada por una alteraci\u00f3n en el sistema de sensibilizaci\u00f3n central, que afecta al modo en el que el cerebro y la m\u00e9dula espinal procesan las se\u00f1ales de dolor y de no dolor. Esa misma caracter\u00edstica la comporten el S\u00edndrome de Fatiga Cr\u00f3nica, que se manifiesta a trav\u00e9s de un cansancio f\u00edsico y mental constante, y la Sensibilidad Qu\u00edmica M\u00faltiple, una intolerancia a todo componente qu\u00edmico. Todas ellas son enfermedades cr\u00f3nicas e incapacitantes, para las que todav\u00eda no existe cura.<\/p>\n<p>Seg\u00fan las estad\u00edsticas, las mujeres son m\u00e1s propensas que los hombres a desarrollar estas patolog\u00edas, hasta el punto de que 9 de cada 10 casos detectados se dan en mujeres. En Espa\u00f1a hasta un 4,2% de las mujeres pueden padecer la enfermedad, mientras que \u00fanicamente afecta al 0,2% de los varones. En cuanto a franjas de edad, es m\u00e1s com\u00fan entre mujeres de 20 y 50 a\u00f1os.<br \/>\n<script async src=\"\/\/pagead2.googlesyndication.com\/pagead\/js\/adsbygoogle.js\"><\/script><br \/>\n<!-- Noticias La Guia de Pamplona --><br \/>\n<ins class=\"adsbygoogle\"\nstyle=\"display:block\"\ndata-ad-client=\"ca-pub-6943679897239327\"\ndata-ad-slot=\"7048180777\"\ndata-ad-format=\"auto\"><\/ins><br \/>\n<script>\n(adsbygoogle = window.adsbygoogle || []).push({});\n<\/script><\/p>\n<p>La fibromialgia fue reconocida como enfermedad por la Organizaci\u00f3n Mundial de la Salud en 1992. Un a\u00f1o despu\u00e9s se estableci\u00f3 el 12 de mayo como D\u00eda Mundial de la Fibromialgia y del S\u00edndrome de la Fatiga Cr\u00f3nica, en recuerdo de Florence Nightingale. Nacida el 12 de mayo de 1820 y radicada en Reino Unido, sent\u00f3 las bases de la enfermer\u00eda como profesi\u00f3n. Adem\u00e1s, fue la primera mujer en ingresar en la Royal Statistical Society y ser miembro honorario de la American Statistical Association. Sin embargo, sus \u00faltimos 50 a\u00f1os los pas\u00f3 postrada en cama, hasta su fallecimiento en 1910. Hoy en d\u00eda, su dolencia se atribuye a la fibromialgia y trastornos neurol\u00f3gicos, de ah\u00ed que se haya elegido su fecha de nacimiento como el D\u00eda Mundial de la Fibromialgia y del S\u00edndrome de la Fatiga Cr\u00f3nica.<\/p>\n","protected":false},"excerpt":{"rendered":"<p>Cada 12 de mayo se celebra el D\u00eda Mundial de estas enfermedades, que afectan a entre un 3 y un 7% de la poblaci\u00f3n<\/p>\n","protected":false},"author":1,"featured_media":40303,"comment_status":"open","ping_status":"closed","sticky":false,"template":"","format":"standard","meta":{"footnotes":""},"categories":[2],"tags":[],"class_list":["post-40302","post","type-post","status-publish","format-standard","has-post-thumbnail","hentry","category-ayuntamiento-pamplona"],"yoast_head":"<!-- This site is optimized with the Yoast SEO plugin v27.3 - https:\/\/yoast.com\/product\/yoast-seo-wordpress\/ -->\n<title>La fachada del Ayuntamiento de Pamplona se iluminar\u00e1 ma\u00f1ana de rosa y morado en apoyo a las personas con fibromialgia y fatiga cr\u00f3nica<\/title>\n<meta name=\"description\" content=\"Cada 12 de mayo se celebra el D\u00eda Mundial de estas enfermedades, que afectan a entre un 3 y un 7% de la poblaci\u00f3n.\" \/>\n<meta name=\"robots\" content=\"index, follow, max-snippet:-1, max-image-preview:large, max-video-preview:-1\" \/>\n<link rel=\"canonical\" href=\"https:\/\/www.laguiadepamplona.com\/actualidad\/la-fachada-del-ayuntamiento-de-pamplona-se-iluminara-manana-de-rosa-y-morado-en-apoyo-a-las-personas-con-fibromialgia-y-fatiga-cronica\/\" \/>\n<meta property=\"og:locale\" content=\"es_ES\" \/>\n<meta property=\"og:type\" content=\"article\" \/>\n<meta property=\"og:title\" content=\"La fachada del Ayuntamiento de Pamplona se iluminar\u00e1 ma\u00f1ana de rosa y morado en apoyo a las personas con fibromialgia y fatiga cr\u00f3nica\" \/>\n<meta property=\"og:description\" content=\"Cada 12 de mayo se celebra el D\u00eda Mundial de estas enfermedades, que afectan a entre un 3 y un 7% de la poblaci\u00f3n.\" \/>\n<meta property=\"og:url\" content=\"https:\/\/www.laguiadepamplona.com\/actualidad\/la-fachada-del-ayuntamiento-de-pamplona-se-iluminara-manana-de-rosa-y-morado-en-apoyo-a-las-personas-con-fibromialgia-y-fatiga-cronica\/\" \/>\n<meta property=\"og:site_name\" content=\"La Gu\u00eda de Pamplona\" \/>\n<meta property=\"article:publisher\" content=\"https:\/\/www.facebook.com\/laguiadepamplonacom-133175176762273\/?ref=hl\" \/>\n<meta property=\"article:published_time\" content=\"2022-05-11T09:13:44+00:00\" \/>\n<meta property=\"article:modified_time\" content=\"2023-04-11T09:48:12+00:00\" \/>\n<meta property=\"og:image\" content=\"https:\/\/www.laguiadepamplona.com\/actualidad\/wp-content\/uploads\/2022\/05\/fachada-rosa-morada-copia.webp\" \/>\n\t<meta property=\"og:image:width\" content=\"1772\" \/>\n\t<meta property=\"og:image:height\" content=\"1181\" \/>\n\t<meta property=\"og:image:type\" content=\"image\/webp\" \/>\n<meta name=\"author\" content=\"La Gu\u00eda de Pamplona\" \/>\n<meta name=\"twitter:card\" content=\"summary_large_image\" \/>\n<meta name=\"twitter:creator\" content=\"@LaGuiadPamplona\" \/>\n<meta name=\"twitter:site\" content=\"@LaGuiadPamplona\" \/>\n<meta name=\"twitter:label1\" content=\"Escrito por\" \/>\n\t<meta name=\"twitter:data1\" content=\"La Gu\u00eda de Pamplona\" \/>\n\t<meta name=\"twitter:label2\" content=\"Tiempo de lectura\" \/>\n\t<meta name=\"twitter:data2\" content=\"3 minutos\" \/>\n<script type=\"application\/ld+json\" class=\"yoast-schema-graph\">{\"@context\":\"https:\\\/\\\/schema.org\",\"@graph\":[{\"@type\":\"Article\",\"@id\":\"https:\\\/\\\/www.laguiadepamplona.com\\\/actualidad\\\/la-fachada-del-ayuntamiento-de-pamplona-se-iluminara-manana-de-rosa-y-morado-en-apoyo-a-las-personas-con-fibromialgia-y-fatiga-cronica\\\/#article\",\"isPartOf\":{\"@id\":\"https:\\\/\\\/www.laguiadepamplona.com\\\/actualidad\\\/la-fachada-del-ayuntamiento-de-pamplona-se-iluminara-manana-de-rosa-y-morado-en-apoyo-a-las-personas-con-fibromialgia-y-fatiga-cronica\\\/\"},\"author\":{\"name\":\"La Gu\u00eda de Pamplona\",\"@id\":\"https:\\\/\\\/www.laguiadepamplona.com\\\/actualidad\\\/#\\\/schema\\\/person\\\/efe887376f0213d4657c93adc50b1fdb\"},\"headline\":\"La fachada del Ayuntamiento de Pamplona se iluminar\u00e1 ma\u00f1ana de rosa y morado en apoyo a las personas con fibromialgia y fatiga cr\u00f3nica\",\"datePublished\":\"2022-05-11T09:13:44+00:00\",\"dateModified\":\"2023-04-11T09:48:12+00:00\",\"mainEntityOfPage\":{\"@id\":\"https:\\\/\\\/www.laguiadepamplona.com\\\/actualidad\\\/la-fachada-del-ayuntamiento-de-pamplona-se-iluminara-manana-de-rosa-y-morado-en-apoyo-a-las-personas-con-fibromialgia-y-fatiga-cronica\\\/\"},\"wordCount\":513,\"commentCount\":0,\"publisher\":{\"@id\":\"https:\\\/\\\/www.laguiadepamplona.com\\\/actualidad\\\/#organization\"},\"image\":{\"@id\":\"https:\\\/\\\/www.laguiadepamplona.com\\\/actualidad\\\/la-fachada-del-ayuntamiento-de-pamplona-se-iluminara-manana-de-rosa-y-morado-en-apoyo-a-las-personas-con-fibromialgia-y-fatiga-cronica\\\/#primaryimage\"},\"thumbnailUrl\":\"https:\\\/\\\/www.laguiadepamplona.com\\\/actualidad\\\/wp-content\\\/uploads\\\/2022\\\/05\\\/fachada-rosa-morada-copia.webp\",\"articleSection\":[\"Ayto Pamplona\"],\"inLanguage\":\"es\",\"potentialAction\":[{\"@type\":\"CommentAction\",\"name\":\"Comment\",\"target\":[\"https:\\\/\\\/www.laguiadepamplona.com\\\/actualidad\\\/la-fachada-del-ayuntamiento-de-pamplona-se-iluminara-manana-de-rosa-y-morado-en-apoyo-a-las-personas-con-fibromialgia-y-fatiga-cronica\\\/#respond\"]}]},{\"@type\":\"WebPage\",\"@id\":\"https:\\\/\\\/www.laguiadepamplona.com\\\/actualidad\\\/la-fachada-del-ayuntamiento-de-pamplona-se-iluminara-manana-de-rosa-y-morado-en-apoyo-a-las-personas-con-fibromialgia-y-fatiga-cronica\\\/\",\"url\":\"https:\\\/\\\/www.laguiadepamplona.com\\\/actualidad\\\/la-fachada-del-ayuntamiento-de-pamplona-se-iluminara-manana-de-rosa-y-morado-en-apoyo-a-las-personas-con-fibromialgia-y-fatiga-cronica\\\/\",\"name\":\"La fachada del Ayuntamiento de Pamplona se iluminar\u00e1 ma\u00f1ana de rosa y morado en apoyo a las personas con fibromialgia y fatiga cr\u00f3nica\",\"isPartOf\":{\"@id\":\"https:\\\/\\\/www.laguiadepamplona.com\\\/actualidad\\\/#website\"},\"primaryImageOfPage\":{\"@id\":\"https:\\\/\\\/www.laguiadepamplona.com\\\/actualidad\\\/la-fachada-del-ayuntamiento-de-pamplona-se-iluminara-manana-de-rosa-y-morado-en-apoyo-a-las-personas-con-fibromialgia-y-fatiga-cronica\\\/#primaryimage\"},\"image\":{\"@id\":\"https:\\\/\\\/www.laguiadepamplona.com\\\/actualidad\\\/la-fachada-del-ayuntamiento-de-pamplona-se-iluminara-manana-de-rosa-y-morado-en-apoyo-a-las-personas-con-fibromialgia-y-fatiga-cronica\\\/#primaryimage\"},\"thumbnailUrl\":\"https:\\\/\\\/www.laguiadepamplona.com\\\/actualidad\\\/wp-content\\\/uploads\\\/2022\\\/05\\\/fachada-rosa-morada-copia.webp\",\"datePublished\":\"2022-05-11T09:13:44+00:00\",\"dateModified\":\"2023-04-11T09:48:12+00:00\",\"description\":\"Cada 12 de mayo se celebra el D\u00eda Mundial de estas enfermedades, que afectan a entre un 3 y un 7% de la poblaci\u00f3n.\",\"breadcrumb\":{\"@id\":\"https:\\\/\\\/www.laguiadepamplona.com\\\/actualidad\\\/la-fachada-del-ayuntamiento-de-pamplona-se-iluminara-manana-de-rosa-y-morado-en-apoyo-a-las-personas-con-fibromialgia-y-fatiga-cronica\\\/#breadcrumb\"},\"inLanguage\":\"es\",\"potentialAction\":[{\"@type\":\"ReadAction\",\"target\":[\"https:\\\/\\\/www.laguiadepamplona.com\\\/actualidad\\\/la-fachada-del-ayuntamiento-de-pamplona-se-iluminara-manana-de-rosa-y-morado-en-apoyo-a-las-personas-con-fibromialgia-y-fatiga-cronica\\\/\"]}]},{\"@type\":\"ImageObject\",\"inLanguage\":\"es\",\"@id\":\"https:\\\/\\\/www.laguiadepamplona.com\\\/actualidad\\\/la-fachada-del-ayuntamiento-de-pamplona-se-iluminara-manana-de-rosa-y-morado-en-apoyo-a-las-personas-con-fibromialgia-y-fatiga-cronica\\\/#primaryimage\",\"url\":\"https:\\\/\\\/www.laguiadepamplona.com\\\/actualidad\\\/wp-content\\\/uploads\\\/2022\\\/05\\\/fachada-rosa-morada-copia.webp\",\"contentUrl\":\"https:\\\/\\\/www.laguiadepamplona.com\\\/actualidad\\\/wp-content\\\/uploads\\\/2022\\\/05\\\/fachada-rosa-morada-copia.webp\",\"width\":1772,\"height\":1181,\"caption\":\"fachada rosa morado ayuntamiento\"},{\"@type\":\"BreadcrumbList\",\"@id\":\"https:\\\/\\\/www.laguiadepamplona.com\\\/actualidad\\\/la-fachada-del-ayuntamiento-de-pamplona-se-iluminara-manana-de-rosa-y-morado-en-apoyo-a-las-personas-con-fibromialgia-y-fatiga-cronica\\\/#breadcrumb\",\"itemListElement\":[{\"@type\":\"ListItem\",\"position\":1,\"name\":\"Portada\",\"item\":\"https:\\\/\\\/www.laguiadepamplona.com\\\/actualidad\\\/\"},{\"@type\":\"ListItem\",\"position\":2,\"name\":\"La fachada del Ayuntamiento de Pamplona se iluminar\u00e1 ma\u00f1ana de rosa y morado en apoyo a las personas con fibromialgia y fatiga cr\u00f3nica\"}]},{\"@type\":\"WebSite\",\"@id\":\"https:\\\/\\\/www.laguiadepamplona.com\\\/actualidad\\\/#website\",\"url\":\"https:\\\/\\\/www.laguiadepamplona.com\\\/actualidad\\\/\",\"name\":\"La gu\u00eda de Pamplona\",\"description\":\"Noticias de Pamplona\",\"publisher\":{\"@id\":\"https:\\\/\\\/www.laguiadepamplona.com\\\/actualidad\\\/#organization\"},\"potentialAction\":[{\"@type\":\"SearchAction\",\"target\":{\"@type\":\"EntryPoint\",\"urlTemplate\":\"https:\\\/\\\/www.laguiadepamplona.com\\\/actualidad\\\/?s={search_term_string}\"},\"query-input\":{\"@type\":\"PropertyValueSpecification\",\"valueRequired\":true,\"valueName\":\"search_term_string\"}}],\"inLanguage\":\"es\"},{\"@type\":\"Organization\",\"@id\":\"https:\\\/\\\/www.laguiadepamplona.com\\\/actualidad\\\/#organization\",\"name\":\"La Gu\u00eda de Pamplona \\\/ Noticias\",\"url\":\"https:\\\/\\\/www.laguiadepamplona.com\\\/actualidad\\\/\",\"logo\":{\"@type\":\"ImageObject\",\"inLanguage\":\"es\",\"@id\":\"https:\\\/\\\/www.laguiadepamplona.com\\\/actualidad\\\/#\\\/schema\\\/logo\\\/image\\\/\",\"url\":\"https:\\\/\\\/www.laguiadepamplona.com\\\/actualidad\\\/wp-content\\\/uploads\\\/2018\\\/11\\\/logo-laguiadepamplona18-web1.png\",\"contentUrl\":\"https:\\\/\\\/www.laguiadepamplona.com\\\/actualidad\\\/wp-content\\\/uploads\\\/2018\\\/11\\\/logo-laguiadepamplona18-web1.png\",\"width\":600,\"height\":196,\"caption\":\"La Gu\u00eda de Pamplona \\\/ Noticias\"},\"image\":{\"@id\":\"https:\\\/\\\/www.laguiadepamplona.com\\\/actualidad\\\/#\\\/schema\\\/logo\\\/image\\\/\"},\"sameAs\":[\"https:\\\/\\\/www.facebook.com\\\/laguiadepamplonacom-133175176762273\\\/?ref=hl\",\"https:\\\/\\\/x.com\\\/LaGuiadPamplona\",\"https:\\\/\\\/www.instagram.com\\\/la_guia_de_pamplona\\\/\",\"https:\\\/\\\/www.youtube.com\\\/user\\\/laguiadepamplona\"]},{\"@type\":\"Person\",\"@id\":\"https:\\\/\\\/www.laguiadepamplona.com\\\/actualidad\\\/#\\\/schema\\\/person\\\/efe887376f0213d4657c93adc50b1fdb\",\"name\":\"La Gu\u00eda de Pamplona\",\"image\":{\"@type\":\"ImageObject\",\"inLanguage\":\"es\",\"@id\":\"https:\\\/\\\/secure.gravatar.com\\\/avatar\\\/b6992f131dc8d30ab0dff15446e9d346d9dbd95992de0fef795073f5ea83a81c?s=96&d=mm&r=g\",\"url\":\"https:\\\/\\\/secure.gravatar.com\\\/avatar\\\/b6992f131dc8d30ab0dff15446e9d346d9dbd95992de0fef795073f5ea83a81c?s=96&d=mm&r=g\",\"contentUrl\":\"https:\\\/\\\/secure.gravatar.com\\\/avatar\\\/b6992f131dc8d30ab0dff15446e9d346d9dbd95992de0fef795073f5ea83a81c?s=96&d=mm&r=g\",\"caption\":\"La Gu\u00eda de Pamplona\"}}]}<\/script>\n<!-- \/ Yoast SEO plugin. -->","yoast_head_json":{"title":"La fachada del Ayuntamiento de Pamplona se iluminar\u00e1 ma\u00f1ana de rosa y morado en apoyo a las personas con fibromialgia y fatiga cr\u00f3nica","description":"Cada 12 de mayo se celebra el D\u00eda Mundial de estas enfermedades, que afectan a entre un 3 y un 7% de la poblaci\u00f3n.","robots":{"index":"index","follow":"follow","max-snippet":"max-snippet:-1","max-image-preview":"max-image-preview:large","max-video-preview":"max-video-preview:-1"},"canonical":"https:\/\/www.laguiadepamplona.com\/actualidad\/la-fachada-del-ayuntamiento-de-pamplona-se-iluminara-manana-de-rosa-y-morado-en-apoyo-a-las-personas-con-fibromialgia-y-fatiga-cronica\/","og_locale":"es_ES","og_type":"article","og_title":"La fachada del Ayuntamiento de Pamplona se iluminar\u00e1 ma\u00f1ana de rosa y morado en apoyo a las personas con fibromialgia y fatiga cr\u00f3nica","og_description":"Cada 12 de mayo se celebra el D\u00eda Mundial de estas enfermedades, que afectan a entre un 3 y un 7% de la poblaci\u00f3n.","og_url":"https:\/\/www.laguiadepamplona.com\/actualidad\/la-fachada-del-ayuntamiento-de-pamplona-se-iluminara-manana-de-rosa-y-morado-en-apoyo-a-las-personas-con-fibromialgia-y-fatiga-cronica\/","og_site_name":"La Gu\u00eda de Pamplona","article_publisher":"https:\/\/www.facebook.com\/laguiadepamplonacom-133175176762273\/?ref=hl","article_published_time":"2022-05-11T09:13:44+00:00","article_modified_time":"2023-04-11T09:48:12+00:00","og_image":[{"width":1772,"height":1181,"url":"https:\/\/www.laguiadepamplona.com\/actualidad\/wp-content\/uploads\/2022\/05\/fachada-rosa-morada-copia.webp","type":"image\/webp"}],"author":"La Gu\u00eda de Pamplona","twitter_card":"summary_large_image","twitter_creator":"@LaGuiadPamplona","twitter_site":"@LaGuiadPamplona","twitter_misc":{"Escrito por":"La Gu\u00eda de Pamplona","Tiempo de lectura":"3 minutos"},"schema":{"@context":"https:\/\/schema.org","@graph":[{"@type":"Article","@id":"https:\/\/www.laguiadepamplona.com\/actualidad\/la-fachada-del-ayuntamiento-de-pamplona-se-iluminara-manana-de-rosa-y-morado-en-apoyo-a-las-personas-con-fibromialgia-y-fatiga-cronica\/#article","isPartOf":{"@id":"https:\/\/www.laguiadepamplona.com\/actualidad\/la-fachada-del-ayuntamiento-de-pamplona-se-iluminara-manana-de-rosa-y-morado-en-apoyo-a-las-personas-con-fibromialgia-y-fatiga-cronica\/"},"author":{"name":"La Gu\u00eda de Pamplona","@id":"https:\/\/www.laguiadepamplona.com\/actualidad\/#\/schema\/person\/efe887376f0213d4657c93adc50b1fdb"},"headline":"La fachada del Ayuntamiento de Pamplona se iluminar\u00e1 ma\u00f1ana de rosa y morado en apoyo a las personas con fibromialgia y fatiga cr\u00f3nica","datePublished":"2022-05-11T09:13:44+00:00","dateModified":"2023-04-11T09:48:12+00:00","mainEntityOfPage":{"@id":"https:\/\/www.laguiadepamplona.com\/actualidad\/la-fachada-del-ayuntamiento-de-pamplona-se-iluminara-manana-de-rosa-y-morado-en-apoyo-a-las-personas-con-fibromialgia-y-fatiga-cronica\/"},"wordCount":513,"commentCount":0,"publisher":{"@id":"https:\/\/www.laguiadepamplona.com\/actualidad\/#organization"},"image":{"@id":"https:\/\/www.laguiadepamplona.com\/actualidad\/la-fachada-del-ayuntamiento-de-pamplona-se-iluminara-manana-de-rosa-y-morado-en-apoyo-a-las-personas-con-fibromialgia-y-fatiga-cronica\/#primaryimage"},"thumbnailUrl":"https:\/\/www.laguiadepamplona.com\/actualidad\/wp-content\/uploads\/2022\/05\/fachada-rosa-morada-copia.webp","articleSection":["Ayto Pamplona"],"inLanguage":"es","potentialAction":[{"@type":"CommentAction","name":"Comment","target":["https:\/\/www.laguiadepamplona.com\/actualidad\/la-fachada-del-ayuntamiento-de-pamplona-se-iluminara-manana-de-rosa-y-morado-en-apoyo-a-las-personas-con-fibromialgia-y-fatiga-cronica\/#respond"]}]},{"@type":"WebPage","@id":"https:\/\/www.laguiadepamplona.com\/actualidad\/la-fachada-del-ayuntamiento-de-pamplona-se-iluminara-manana-de-rosa-y-morado-en-apoyo-a-las-personas-con-fibromialgia-y-fatiga-cronica\/","url":"https:\/\/www.laguiadepamplona.com\/actualidad\/la-fachada-del-ayuntamiento-de-pamplona-se-iluminara-manana-de-rosa-y-morado-en-apoyo-a-las-personas-con-fibromialgia-y-fatiga-cronica\/","name":"La fachada del Ayuntamiento de Pamplona se iluminar\u00e1 ma\u00f1ana de rosa y morado en apoyo a las personas con fibromialgia y fatiga cr\u00f3nica","isPartOf":{"@id":"https:\/\/www.laguiadepamplona.com\/actualidad\/#website"},"primaryImageOfPage":{"@id":"https:\/\/www.laguiadepamplona.com\/actualidad\/la-fachada-del-ayuntamiento-de-pamplona-se-iluminara-manana-de-rosa-y-morado-en-apoyo-a-las-personas-con-fibromialgia-y-fatiga-cronica\/#primaryimage"},"image":{"@id":"https:\/\/www.laguiadepamplona.com\/actualidad\/la-fachada-del-ayuntamiento-de-pamplona-se-iluminara-manana-de-rosa-y-morado-en-apoyo-a-las-personas-con-fibromialgia-y-fatiga-cronica\/#primaryimage"},"thumbnailUrl":"https:\/\/www.laguiadepamplona.com\/actualidad\/wp-content\/uploads\/2022\/05\/fachada-rosa-morada-copia.webp","datePublished":"2022-05-11T09:13:44+00:00","dateModified":"2023-04-11T09:48:12+00:00","description":"Cada 12 de mayo se celebra el D\u00eda Mundial de estas enfermedades, que afectan a entre un 3 y un 7% de la poblaci\u00f3n.","breadcrumb":{"@id":"https:\/\/www.laguiadepamplona.com\/actualidad\/la-fachada-del-ayuntamiento-de-pamplona-se-iluminara-manana-de-rosa-y-morado-en-apoyo-a-las-personas-con-fibromialgia-y-fatiga-cronica\/#breadcrumb"},"inLanguage":"es","potentialAction":[{"@type":"ReadAction","target":["https:\/\/www.laguiadepamplona.com\/actualidad\/la-fachada-del-ayuntamiento-de-pamplona-se-iluminara-manana-de-rosa-y-morado-en-apoyo-a-las-personas-con-fibromialgia-y-fatiga-cronica\/"]}]},{"@type":"ImageObject","inLanguage":"es","@id":"https:\/\/www.laguiadepamplona.com\/actualidad\/la-fachada-del-ayuntamiento-de-pamplona-se-iluminara-manana-de-rosa-y-morado-en-apoyo-a-las-personas-con-fibromialgia-y-fatiga-cronica\/#primaryimage","url":"https:\/\/www.laguiadepamplona.com\/actualidad\/wp-content\/uploads\/2022\/05\/fachada-rosa-morada-copia.webp","contentUrl":"https:\/\/www.laguiadepamplona.com\/actualidad\/wp-content\/uploads\/2022\/05\/fachada-rosa-morada-copia.webp","width":1772,"height":1181,"caption":"fachada rosa morado ayuntamiento"},{"@type":"BreadcrumbList","@id":"https:\/\/www.laguiadepamplona.com\/actualidad\/la-fachada-del-ayuntamiento-de-pamplona-se-iluminara-manana-de-rosa-y-morado-en-apoyo-a-las-personas-con-fibromialgia-y-fatiga-cronica\/#breadcrumb","itemListElement":[{"@type":"ListItem","position":1,"name":"Portada","item":"https:\/\/www.laguiadepamplona.com\/actualidad\/"},{"@type":"ListItem","position":2,"name":"La fachada del Ayuntamiento de Pamplona se iluminar\u00e1 ma\u00f1ana de rosa y morado en apoyo a las personas con fibromialgia y fatiga cr\u00f3nica"}]},{"@type":"WebSite","@id":"https:\/\/www.laguiadepamplona.com\/actualidad\/#website","url":"https:\/\/www.laguiadepamplona.com\/actualidad\/","name":"La gu\u00eda de Pamplona","description":"Noticias de Pamplona","publisher":{"@id":"https:\/\/www.laguiadepamplona.com\/actualidad\/#organization"},"potentialAction":[{"@type":"SearchAction","target":{"@type":"EntryPoint","urlTemplate":"https:\/\/www.laguiadepamplona.com\/actualidad\/?s={search_term_string}"},"query-input":{"@type":"PropertyValueSpecification","valueRequired":true,"valueName":"search_term_string"}}],"inLanguage":"es"},{"@type":"Organization","@id":"https:\/\/www.laguiadepamplona.com\/actualidad\/#organization","name":"La Gu\u00eda de Pamplona \/ Noticias","url":"https:\/\/www.laguiadepamplona.com\/actualidad\/","logo":{"@type":"ImageObject","inLanguage":"es","@id":"https:\/\/www.laguiadepamplona.com\/actualidad\/#\/schema\/logo\/image\/","url":"https:\/\/www.laguiadepamplona.com\/actualidad\/wp-content\/uploads\/2018\/11\/logo-laguiadepamplona18-web1.png","contentUrl":"https:\/\/www.laguiadepamplona.com\/actualidad\/wp-content\/uploads\/2018\/11\/logo-laguiadepamplona18-web1.png","width":600,"height":196,"caption":"La Gu\u00eda de Pamplona \/ Noticias"},"image":{"@id":"https:\/\/www.laguiadepamplona.com\/actualidad\/#\/schema\/logo\/image\/"},"sameAs":["https:\/\/www.facebook.com\/laguiadepamplonacom-133175176762273\/?ref=hl","https:\/\/x.com\/LaGuiadPamplona","https:\/\/www.instagram.com\/la_guia_de_pamplona\/","https:\/\/www.youtube.com\/user\/laguiadepamplona"]},{"@type":"Person","@id":"https:\/\/www.laguiadepamplona.com\/actualidad\/#\/schema\/person\/efe887376f0213d4657c93adc50b1fdb","name":"La Gu\u00eda de Pamplona","image":{"@type":"ImageObject","inLanguage":"es","@id":"https:\/\/secure.gravatar.com\/avatar\/b6992f131dc8d30ab0dff15446e9d346d9dbd95992de0fef795073f5ea83a81c?s=96&d=mm&r=g","url":"https:\/\/secure.gravatar.com\/avatar\/b6992f131dc8d30ab0dff15446e9d346d9dbd95992de0fef795073f5ea83a81c?s=96&d=mm&r=g","contentUrl":"https:\/\/secure.gravatar.com\/avatar\/b6992f131dc8d30ab0dff15446e9d346d9dbd95992de0fef795073f5ea83a81c?s=96&d=mm&r=g","caption":"La Gu\u00eda de Pamplona"}}]}},"post_mailing_queue_ids":[],"_links":{"self":[{"href":"https:\/\/www.laguiadepamplona.com\/actualidad\/wp-json\/wp\/v2\/posts\/40302","targetHints":{"allow":["GET"]}}],"collection":[{"href":"https:\/\/www.laguiadepamplona.com\/actualidad\/wp-json\/wp\/v2\/posts"}],"about":[{"href":"https:\/\/www.laguiadepamplona.com\/actualidad\/wp-json\/wp\/v2\/types\/post"}],"author":[{"embeddable":true,"href":"https:\/\/www.laguiadepamplona.com\/actualidad\/wp-json\/wp\/v2\/users\/1"}],"replies":[{"embeddable":true,"href":"https:\/\/www.laguiadepamplona.com\/actualidad\/wp-json\/wp\/v2\/comments?post=40302"}],"version-history":[{"count":0,"href":"https:\/\/www.laguiadepamplona.com\/actualidad\/wp-json\/wp\/v2\/posts\/40302\/revisions"}],"wp:featuredmedia":[{"embeddable":true,"href":"https:\/\/www.laguiadepamplona.com\/actualidad\/wp-json\/wp\/v2\/media\/40303"}],"wp:attachment":[{"href":"https:\/\/www.laguiadepamplona.com\/actualidad\/wp-json\/wp\/v2\/media?parent=40302"}],"wp:term":[{"taxonomy":"category","embeddable":true,"href":"https:\/\/www.laguiadepamplona.com\/actualidad\/wp-json\/wp\/v2\/categories?post=40302"},{"taxonomy":"post_tag","embeddable":true,"href":"https:\/\/www.laguiadepamplona.com\/actualidad\/wp-json\/wp\/v2\/tags?post=40302"}],"curies":[{"name":"wp","href":"https:\/\/api.w.org\/{rel}","templated":true}]}}