{"id":40299,"date":"2022-05-11T11:11:20","date_gmt":"2022-05-11T09:11:20","guid":{"rendered":"https:\/\/www.laguiadepamplona.com\/actualidad\/?p=40299"},"modified":"2023-04-11T11:48:12","modified_gmt":"2023-04-11T09:48:12","slug":"abierto-el-plazo-de-inscripcion-para-los-cursos-intensivos-de-natacion-infantil-del-mes-de-junio-en-complejo-deportivo-aranzadi","status":"publish","type":"post","link":"https:\/\/www.laguiadepamplona.com\/actualidad\/abierto-el-plazo-de-inscripcion-para-los-cursos-intensivos-de-natacion-infantil-del-mes-de-junio-en-complejo-deportivo-aranzadi\/","title":{"rendered":"Abierto el plazo de inscripci\u00f3n para los cursos intensivos de nataci\u00f3n infantil del mes de junio en Complejo Deportivo Aranzadi"},"content":{"rendered":"<h5>Se ofertan cursos de iniciaci\u00f3n y perfeccionamiento en horario de tarde de lunes a jueves para ni\u00f1os y ni\u00f1as de m\u00e1s de 5 a\u00f1os<\/h5>\n<p><!--more--><\/p>\n<p>El Ayuntamiento de Pamplona, en colaboraci\u00f3n con la Federaci\u00f3n Navarra de Nataci\u00f3n, oferta un a\u00f1o m\u00e1s cursos intensivos de nataci\u00f3n para ni\u00f1os y ni\u00f1as durante el mes de junio en el Complejo Deportivo Aranzadi. Esta actividad est\u00e1 dirigida a menores de m\u00e1s de 5 a\u00f1os, es decir, aquellos nacidos en 2017 y a\u00f1os anteriores. La inscripci\u00f3n, que podr\u00e1 hacerse en la <a href=\"https:\/\/www.fnn-nif.com\/cursos\/\" target=\"_blank\" rel=\"noopener\">p\u00e1gina web oficial de la Federaci\u00f3n<\/a>, est\u00e1 ya abierta y tendr\u00e1 un coste de 75 euros para abonados y 80 para no abonados.<br \/>\n<script async src=\"\/\/pagead2.googlesyndication.com\/pagead\/js\/adsbygoogle.js\"><\/script><br \/>\n<!-- Noticias La Guia de Pamplona --><br \/>\n<ins class=\"adsbygoogle\"\nstyle=\"display:block\"\ndata-ad-client=\"ca-pub-6943679897239327\"\ndata-ad-slot=\"7048180777\"\ndata-ad-format=\"auto\"><\/ins><br \/>\n<script>\n(adsbygoogle = window.adsbygoogle || []).push({});\n<\/script><\/p>\n<p>Los cursos se desarrollar\u00e1n entre el 1 y el 23 de junio, de lunes a jueves. Se han establecido distintos horarios en funci\u00f3n del nivel. As\u00ed, se ofertar\u00e1n dos cursos de Iniciaci\u00f3n 1, para menores que no sepan nadar, que tengan miedo al agua o que no tengan autonom\u00eda para desplazarse sin material. En este caso, los cursos ser\u00e1n de 16.30 a 17.10 horas y de 17.10 a 17.50 horas. Por otro lado, se impartir\u00e1n dos cursos m\u00e1s de Iniciaci\u00f3n 2, pensados para aquellos ni\u00f1os y ni\u00f1as que ya sepan nadar al menos cinco metros sin material y que tengan autonom\u00eda de desplazamiento. Los horarios ofertados para este nivel ser\u00e1n de 17.50 a 18.30 y de 18.30 a 19.10 horas. Por \u00faltimo, se impartir\u00e1 tambi\u00e9n un curso de perfeccionamiento, que tendr\u00e1 lugar de 19.10 a 19.50 horas, y que est\u00e1 pensado para menores que sean capaces de realizar un largo de piscina sin dificultad, que sepan realizar respiraciones sumergiendo la cara y que quieran perfeccionar estilos. La inscripci\u00f3n en el grupo elegido deber\u00e1 estar supeditada al nivel, y no al horario. En este sentido, los monitores podr\u00e1n cambiar al menor de nivel, en funci\u00f3n de sus capacidades.<\/p>\n<p>La cuota establecida para todo el cursillo ser\u00e1 de 75 euros, en el caso de que la persona inscrita sea abonada del Complejo Deportivo Aranzadi. En el caso de personas externas, no abonadas, la cuota ser\u00e1 de 80 euros. Este importe dar\u00e1 derecho de acceso a las instalaciones \u00fanicamente para participar en el curso inscrito. El uso del resto de espacios est\u00e1 prohibido.<\/p>\n","protected":false},"excerpt":{"rendered":"<p>Se ofertan cursos de iniciaci\u00f3n y perfeccionamiento en horario de tarde de lunes a jueves para ni\u00f1os y ni\u00f1as de m\u00e1s de 5 a\u00f1os<\/p>\n","protected":false},"author":1,"featured_media":40300,"comment_status":"open","ping_status":"closed","sticky":false,"template":"","format":"standard","meta":{"footnotes":""},"categories":[2],"tags":[],"class_list":["post-40299","post","type-post","status-publish","format-standard","has-post-thumbnail","hentry","category-ayuntamiento-pamplona"],"yoast_head":"<!-- This site is optimized with the Yoast SEO plugin v27.3 - https:\/\/yoast.com\/product\/yoast-seo-wordpress\/ -->\n<title>Abierto el plazo de inscripci\u00f3n para los cursos intensivos de nataci\u00f3n infantil del mes de junio en Complejo Deportivo Aranzadi<\/title>\n<meta name=\"description\" content=\"Se ofertan cursos de iniciaci\u00f3n y perfeccionamiento de nataci\u00f3n en horario de tarde de lunes a jueves para ni\u00f1os y ni\u00f1as de m\u00e1s de 5 a\u00f1os\" \/>\n<meta name=\"robots\" content=\"index, follow, max-snippet:-1, max-image-preview:large, max-video-preview:-1\" \/>\n<link rel=\"canonical\" href=\"https:\/\/www.laguiadepamplona.com\/actualidad\/abierto-el-plazo-de-inscripcion-para-los-cursos-intensivos-de-natacion-infantil-del-mes-de-junio-en-complejo-deportivo-aranzadi\/\" \/>\n<meta property=\"og:locale\" content=\"es_ES\" \/>\n<meta property=\"og:type\" content=\"article\" \/>\n<meta property=\"og:title\" content=\"Abierto el plazo de inscripci\u00f3n para los cursos intensivos de nataci\u00f3n infantil del mes de junio en Complejo Deportivo Aranzadi\" \/>\n<meta property=\"og:description\" content=\"Se ofertan cursos de iniciaci\u00f3n y perfeccionamiento de nataci\u00f3n en horario de tarde de lunes a jueves para ni\u00f1os y ni\u00f1as de m\u00e1s de 5 a\u00f1os\" \/>\n<meta property=\"og:url\" content=\"https:\/\/www.laguiadepamplona.com\/actualidad\/abierto-el-plazo-de-inscripcion-para-los-cursos-intensivos-de-natacion-infantil-del-mes-de-junio-en-complejo-deportivo-aranzadi\/\" \/>\n<meta property=\"og:site_name\" content=\"La Gu\u00eda de Pamplona\" \/>\n<meta property=\"article:publisher\" content=\"https:\/\/www.facebook.com\/laguiadepamplonacom-133175176762273\/?ref=hl\" \/>\n<meta property=\"article:published_time\" content=\"2022-05-11T09:11:20+00:00\" \/>\n<meta property=\"article:modified_time\" content=\"2023-04-11T09:48:12+00:00\" \/>\n<meta property=\"og:image\" content=\"https:\/\/www.laguiadepamplona.com\/actualidad\/wp-content\/uploads\/2022\/05\/piscina_natacion_01_0-copia.webp\" \/>\n\t<meta property=\"og:image:width\" content=\"1100\" \/>\n\t<meta property=\"og:image:height\" content=\"733\" \/>\n\t<meta property=\"og:image:type\" content=\"image\/webp\" \/>\n<meta name=\"author\" content=\"La Gu\u00eda de Pamplona\" \/>\n<meta name=\"twitter:card\" content=\"summary_large_image\" \/>\n<meta name=\"twitter:creator\" content=\"@LaGuiadPamplona\" \/>\n<meta name=\"twitter:site\" content=\"@LaGuiadPamplona\" \/>\n<meta name=\"twitter:label1\" content=\"Escrito por\" \/>\n\t<meta name=\"twitter:data1\" content=\"La Gu\u00eda de Pamplona\" \/>\n\t<meta name=\"twitter:label2\" content=\"Tiempo de lectura\" \/>\n\t<meta name=\"twitter:data2\" content=\"2 minutos\" \/>\n<script type=\"application\/ld+json\" class=\"yoast-schema-graph\">{\"@context\":\"https:\\\/\\\/schema.org\",\"@graph\":[{\"@type\":\"Article\",\"@id\":\"https:\\\/\\\/www.laguiadepamplona.com\\\/actualidad\\\/abierto-el-plazo-de-inscripcion-para-los-cursos-intensivos-de-natacion-infantil-del-mes-de-junio-en-complejo-deportivo-aranzadi\\\/#article\",\"isPartOf\":{\"@id\":\"https:\\\/\\\/www.laguiadepamplona.com\\\/actualidad\\\/abierto-el-plazo-de-inscripcion-para-los-cursos-intensivos-de-natacion-infantil-del-mes-de-junio-en-complejo-deportivo-aranzadi\\\/\"},\"author\":{\"name\":\"La Gu\u00eda de Pamplona\",\"@id\":\"https:\\\/\\\/www.laguiadepamplona.com\\\/actualidad\\\/#\\\/schema\\\/person\\\/efe887376f0213d4657c93adc50b1fdb\"},\"headline\":\"Abierto el plazo de inscripci\u00f3n para los cursos intensivos de nataci\u00f3n infantil del mes de junio en Complejo Deportivo Aranzadi\",\"datePublished\":\"2022-05-11T09:11:20+00:00\",\"dateModified\":\"2023-04-11T09:48:12+00:00\",\"mainEntityOfPage\":{\"@id\":\"https:\\\/\\\/www.laguiadepamplona.com\\\/actualidad\\\/abierto-el-plazo-de-inscripcion-para-los-cursos-intensivos-de-natacion-infantil-del-mes-de-junio-en-complejo-deportivo-aranzadi\\\/\"},\"wordCount\":405,\"commentCount\":0,\"publisher\":{\"@id\":\"https:\\\/\\\/www.laguiadepamplona.com\\\/actualidad\\\/#organization\"},\"image\":{\"@id\":\"https:\\\/\\\/www.laguiadepamplona.com\\\/actualidad\\\/abierto-el-plazo-de-inscripcion-para-los-cursos-intensivos-de-natacion-infantil-del-mes-de-junio-en-complejo-deportivo-aranzadi\\\/#primaryimage\"},\"thumbnailUrl\":\"https:\\\/\\\/www.laguiadepamplona.com\\\/actualidad\\\/wp-content\\\/uploads\\\/2022\\\/05\\\/piscina_natacion_01_0-copia.webp\",\"articleSection\":[\"Ayto Pamplona\"],\"inLanguage\":\"es\",\"potentialAction\":[{\"@type\":\"CommentAction\",\"name\":\"Comment\",\"target\":[\"https:\\\/\\\/www.laguiadepamplona.com\\\/actualidad\\\/abierto-el-plazo-de-inscripcion-para-los-cursos-intensivos-de-natacion-infantil-del-mes-de-junio-en-complejo-deportivo-aranzadi\\\/#respond\"]}]},{\"@type\":\"WebPage\",\"@id\":\"https:\\\/\\\/www.laguiadepamplona.com\\\/actualidad\\\/abierto-el-plazo-de-inscripcion-para-los-cursos-intensivos-de-natacion-infantil-del-mes-de-junio-en-complejo-deportivo-aranzadi\\\/\",\"url\":\"https:\\\/\\\/www.laguiadepamplona.com\\\/actualidad\\\/abierto-el-plazo-de-inscripcion-para-los-cursos-intensivos-de-natacion-infantil-del-mes-de-junio-en-complejo-deportivo-aranzadi\\\/\",\"name\":\"Abierto el plazo de inscripci\u00f3n para los cursos intensivos de nataci\u00f3n infantil del mes de junio en Complejo Deportivo Aranzadi\",\"isPartOf\":{\"@id\":\"https:\\\/\\\/www.laguiadepamplona.com\\\/actualidad\\\/#website\"},\"primaryImageOfPage\":{\"@id\":\"https:\\\/\\\/www.laguiadepamplona.com\\\/actualidad\\\/abierto-el-plazo-de-inscripcion-para-los-cursos-intensivos-de-natacion-infantil-del-mes-de-junio-en-complejo-deportivo-aranzadi\\\/#primaryimage\"},\"image\":{\"@id\":\"https:\\\/\\\/www.laguiadepamplona.com\\\/actualidad\\\/abierto-el-plazo-de-inscripcion-para-los-cursos-intensivos-de-natacion-infantil-del-mes-de-junio-en-complejo-deportivo-aranzadi\\\/#primaryimage\"},\"thumbnailUrl\":\"https:\\\/\\\/www.laguiadepamplona.com\\\/actualidad\\\/wp-content\\\/uploads\\\/2022\\\/05\\\/piscina_natacion_01_0-copia.webp\",\"datePublished\":\"2022-05-11T09:11:20+00:00\",\"dateModified\":\"2023-04-11T09:48:12+00:00\",\"description\":\"Se ofertan cursos de iniciaci\u00f3n y perfeccionamiento de nataci\u00f3n en horario de tarde de lunes a jueves para ni\u00f1os y ni\u00f1as de m\u00e1s de 5 a\u00f1os\",\"breadcrumb\":{\"@id\":\"https:\\\/\\\/www.laguiadepamplona.com\\\/actualidad\\\/abierto-el-plazo-de-inscripcion-para-los-cursos-intensivos-de-natacion-infantil-del-mes-de-junio-en-complejo-deportivo-aranzadi\\\/#breadcrumb\"},\"inLanguage\":\"es\",\"potentialAction\":[{\"@type\":\"ReadAction\",\"target\":[\"https:\\\/\\\/www.laguiadepamplona.com\\\/actualidad\\\/abierto-el-plazo-de-inscripcion-para-los-cursos-intensivos-de-natacion-infantil-del-mes-de-junio-en-complejo-deportivo-aranzadi\\\/\"]}]},{\"@type\":\"ImageObject\",\"inLanguage\":\"es\",\"@id\":\"https:\\\/\\\/www.laguiadepamplona.com\\\/actualidad\\\/abierto-el-plazo-de-inscripcion-para-los-cursos-intensivos-de-natacion-infantil-del-mes-de-junio-en-complejo-deportivo-aranzadi\\\/#primaryimage\",\"url\":\"https:\\\/\\\/www.laguiadepamplona.com\\\/actualidad\\\/wp-content\\\/uploads\\\/2022\\\/05\\\/piscina_natacion_01_0-copia.webp\",\"contentUrl\":\"https:\\\/\\\/www.laguiadepamplona.com\\\/actualidad\\\/wp-content\\\/uploads\\\/2022\\\/05\\\/piscina_natacion_01_0-copia.webp\",\"width\":1100,\"height\":733,\"caption\":\"piscina nataci\u00f3n\"},{\"@type\":\"BreadcrumbList\",\"@id\":\"https:\\\/\\\/www.laguiadepamplona.com\\\/actualidad\\\/abierto-el-plazo-de-inscripcion-para-los-cursos-intensivos-de-natacion-infantil-del-mes-de-junio-en-complejo-deportivo-aranzadi\\\/#breadcrumb\",\"itemListElement\":[{\"@type\":\"ListItem\",\"position\":1,\"name\":\"Portada\",\"item\":\"https:\\\/\\\/www.laguiadepamplona.com\\\/actualidad\\\/\"},{\"@type\":\"ListItem\",\"position\":2,\"name\":\"Abierto el plazo de inscripci\u00f3n para los cursos intensivos de nataci\u00f3n infantil del mes de junio en Complejo Deportivo Aranzadi\"}]},{\"@type\":\"WebSite\",\"@id\":\"https:\\\/\\\/www.laguiadepamplona.com\\\/actualidad\\\/#website\",\"url\":\"https:\\\/\\\/www.laguiadepamplona.com\\\/actualidad\\\/\",\"name\":\"La gu\u00eda de Pamplona\",\"description\":\"Noticias de Pamplona\",\"publisher\":{\"@id\":\"https:\\\/\\\/www.laguiadepamplona.com\\\/actualidad\\\/#organization\"},\"potentialAction\":[{\"@type\":\"SearchAction\",\"target\":{\"@type\":\"EntryPoint\",\"urlTemplate\":\"https:\\\/\\\/www.laguiadepamplona.com\\\/actualidad\\\/?s={search_term_string}\"},\"query-input\":{\"@type\":\"PropertyValueSpecification\",\"valueRequired\":true,\"valueName\":\"search_term_string\"}}],\"inLanguage\":\"es\"},{\"@type\":\"Organization\",\"@id\":\"https:\\\/\\\/www.laguiadepamplona.com\\\/actualidad\\\/#organization\",\"name\":\"La Gu\u00eda de Pamplona \\\/ Noticias\",\"url\":\"https:\\\/\\\/www.laguiadepamplona.com\\\/actualidad\\\/\",\"logo\":{\"@type\":\"ImageObject\",\"inLanguage\":\"es\",\"@id\":\"https:\\\/\\\/www.laguiadepamplona.com\\\/actualidad\\\/#\\\/schema\\\/logo\\\/image\\\/\",\"url\":\"https:\\\/\\\/www.laguiadepamplona.com\\\/actualidad\\\/wp-content\\\/uploads\\\/2018\\\/11\\\/logo-laguiadepamplona18-web1.png\",\"contentUrl\":\"https:\\\/\\\/www.laguiadepamplona.com\\\/actualidad\\\/wp-content\\\/uploads\\\/2018\\\/11\\\/logo-laguiadepamplona18-web1.png\",\"width\":600,\"height\":196,\"caption\":\"La Gu\u00eda de Pamplona \\\/ Noticias\"},\"image\":{\"@id\":\"https:\\\/\\\/www.laguiadepamplona.com\\\/actualidad\\\/#\\\/schema\\\/logo\\\/image\\\/\"},\"sameAs\":[\"https:\\\/\\\/www.facebook.com\\\/laguiadepamplonacom-133175176762273\\\/?ref=hl\",\"https:\\\/\\\/x.com\\\/LaGuiadPamplona\",\"https:\\\/\\\/www.instagram.com\\\/la_guia_de_pamplona\\\/\",\"https:\\\/\\\/www.youtube.com\\\/user\\\/laguiadepamplona\"]},{\"@type\":\"Person\",\"@id\":\"https:\\\/\\\/www.laguiadepamplona.com\\\/actualidad\\\/#\\\/schema\\\/person\\\/efe887376f0213d4657c93adc50b1fdb\",\"name\":\"La Gu\u00eda de Pamplona\",\"image\":{\"@type\":\"ImageObject\",\"inLanguage\":\"es\",\"@id\":\"https:\\\/\\\/secure.gravatar.com\\\/avatar\\\/b6992f131dc8d30ab0dff15446e9d346d9dbd95992de0fef795073f5ea83a81c?s=96&d=mm&r=g\",\"url\":\"https:\\\/\\\/secure.gravatar.com\\\/avatar\\\/b6992f131dc8d30ab0dff15446e9d346d9dbd95992de0fef795073f5ea83a81c?s=96&d=mm&r=g\",\"contentUrl\":\"https:\\\/\\\/secure.gravatar.com\\\/avatar\\\/b6992f131dc8d30ab0dff15446e9d346d9dbd95992de0fef795073f5ea83a81c?s=96&d=mm&r=g\",\"caption\":\"La Gu\u00eda de Pamplona\"}}]}<\/script>\n<!-- \/ Yoast SEO plugin. -->","yoast_head_json":{"title":"Abierto el plazo de inscripci\u00f3n para los cursos intensivos de nataci\u00f3n infantil del mes de junio en Complejo Deportivo Aranzadi","description":"Se ofertan cursos de iniciaci\u00f3n y perfeccionamiento de nataci\u00f3n en horario de tarde de lunes a jueves para ni\u00f1os y ni\u00f1as de m\u00e1s de 5 a\u00f1os","robots":{"index":"index","follow":"follow","max-snippet":"max-snippet:-1","max-image-preview":"max-image-preview:large","max-video-preview":"max-video-preview:-1"},"canonical":"https:\/\/www.laguiadepamplona.com\/actualidad\/abierto-el-plazo-de-inscripcion-para-los-cursos-intensivos-de-natacion-infantil-del-mes-de-junio-en-complejo-deportivo-aranzadi\/","og_locale":"es_ES","og_type":"article","og_title":"Abierto el plazo de inscripci\u00f3n para los cursos intensivos de nataci\u00f3n infantil del mes de junio en Complejo Deportivo Aranzadi","og_description":"Se ofertan cursos de iniciaci\u00f3n y perfeccionamiento de nataci\u00f3n en horario de tarde de lunes a jueves para ni\u00f1os y ni\u00f1as de m\u00e1s de 5 a\u00f1os","og_url":"https:\/\/www.laguiadepamplona.com\/actualidad\/abierto-el-plazo-de-inscripcion-para-los-cursos-intensivos-de-natacion-infantil-del-mes-de-junio-en-complejo-deportivo-aranzadi\/","og_site_name":"La Gu\u00eda de Pamplona","article_publisher":"https:\/\/www.facebook.com\/laguiadepamplonacom-133175176762273\/?ref=hl","article_published_time":"2022-05-11T09:11:20+00:00","article_modified_time":"2023-04-11T09:48:12+00:00","og_image":[{"width":1100,"height":733,"url":"https:\/\/www.laguiadepamplona.com\/actualidad\/wp-content\/uploads\/2022\/05\/piscina_natacion_01_0-copia.webp","type":"image\/webp"}],"author":"La Gu\u00eda de Pamplona","twitter_card":"summary_large_image","twitter_creator":"@LaGuiadPamplona","twitter_site":"@LaGuiadPamplona","twitter_misc":{"Escrito por":"La Gu\u00eda de Pamplona","Tiempo de lectura":"2 minutos"},"schema":{"@context":"https:\/\/schema.org","@graph":[{"@type":"Article","@id":"https:\/\/www.laguiadepamplona.com\/actualidad\/abierto-el-plazo-de-inscripcion-para-los-cursos-intensivos-de-natacion-infantil-del-mes-de-junio-en-complejo-deportivo-aranzadi\/#article","isPartOf":{"@id":"https:\/\/www.laguiadepamplona.com\/actualidad\/abierto-el-plazo-de-inscripcion-para-los-cursos-intensivos-de-natacion-infantil-del-mes-de-junio-en-complejo-deportivo-aranzadi\/"},"author":{"name":"La Gu\u00eda de Pamplona","@id":"https:\/\/www.laguiadepamplona.com\/actualidad\/#\/schema\/person\/efe887376f0213d4657c93adc50b1fdb"},"headline":"Abierto el plazo de inscripci\u00f3n para los cursos intensivos de nataci\u00f3n infantil del mes de junio en Complejo Deportivo Aranzadi","datePublished":"2022-05-11T09:11:20+00:00","dateModified":"2023-04-11T09:48:12+00:00","mainEntityOfPage":{"@id":"https:\/\/www.laguiadepamplona.com\/actualidad\/abierto-el-plazo-de-inscripcion-para-los-cursos-intensivos-de-natacion-infantil-del-mes-de-junio-en-complejo-deportivo-aranzadi\/"},"wordCount":405,"commentCount":0,"publisher":{"@id":"https:\/\/www.laguiadepamplona.com\/actualidad\/#organization"},"image":{"@id":"https:\/\/www.laguiadepamplona.com\/actualidad\/abierto-el-plazo-de-inscripcion-para-los-cursos-intensivos-de-natacion-infantil-del-mes-de-junio-en-complejo-deportivo-aranzadi\/#primaryimage"},"thumbnailUrl":"https:\/\/www.laguiadepamplona.com\/actualidad\/wp-content\/uploads\/2022\/05\/piscina_natacion_01_0-copia.webp","articleSection":["Ayto Pamplona"],"inLanguage":"es","potentialAction":[{"@type":"CommentAction","name":"Comment","target":["https:\/\/www.laguiadepamplona.com\/actualidad\/abierto-el-plazo-de-inscripcion-para-los-cursos-intensivos-de-natacion-infantil-del-mes-de-junio-en-complejo-deportivo-aranzadi\/#respond"]}]},{"@type":"WebPage","@id":"https:\/\/www.laguiadepamplona.com\/actualidad\/abierto-el-plazo-de-inscripcion-para-los-cursos-intensivos-de-natacion-infantil-del-mes-de-junio-en-complejo-deportivo-aranzadi\/","url":"https:\/\/www.laguiadepamplona.com\/actualidad\/abierto-el-plazo-de-inscripcion-para-los-cursos-intensivos-de-natacion-infantil-del-mes-de-junio-en-complejo-deportivo-aranzadi\/","name":"Abierto el plazo de inscripci\u00f3n para los cursos intensivos de nataci\u00f3n infantil del mes de junio en Complejo Deportivo Aranzadi","isPartOf":{"@id":"https:\/\/www.laguiadepamplona.com\/actualidad\/#website"},"primaryImageOfPage":{"@id":"https:\/\/www.laguiadepamplona.com\/actualidad\/abierto-el-plazo-de-inscripcion-para-los-cursos-intensivos-de-natacion-infantil-del-mes-de-junio-en-complejo-deportivo-aranzadi\/#primaryimage"},"image":{"@id":"https:\/\/www.laguiadepamplona.com\/actualidad\/abierto-el-plazo-de-inscripcion-para-los-cursos-intensivos-de-natacion-infantil-del-mes-de-junio-en-complejo-deportivo-aranzadi\/#primaryimage"},"thumbnailUrl":"https:\/\/www.laguiadepamplona.com\/actualidad\/wp-content\/uploads\/2022\/05\/piscina_natacion_01_0-copia.webp","datePublished":"2022-05-11T09:11:20+00:00","dateModified":"2023-04-11T09:48:12+00:00","description":"Se ofertan cursos de iniciaci\u00f3n y perfeccionamiento de nataci\u00f3n en horario de tarde de lunes a jueves para ni\u00f1os y ni\u00f1as de m\u00e1s de 5 a\u00f1os","breadcrumb":{"@id":"https:\/\/www.laguiadepamplona.com\/actualidad\/abierto-el-plazo-de-inscripcion-para-los-cursos-intensivos-de-natacion-infantil-del-mes-de-junio-en-complejo-deportivo-aranzadi\/#breadcrumb"},"inLanguage":"es","potentialAction":[{"@type":"ReadAction","target":["https:\/\/www.laguiadepamplona.com\/actualidad\/abierto-el-plazo-de-inscripcion-para-los-cursos-intensivos-de-natacion-infantil-del-mes-de-junio-en-complejo-deportivo-aranzadi\/"]}]},{"@type":"ImageObject","inLanguage":"es","@id":"https:\/\/www.laguiadepamplona.com\/actualidad\/abierto-el-plazo-de-inscripcion-para-los-cursos-intensivos-de-natacion-infantil-del-mes-de-junio-en-complejo-deportivo-aranzadi\/#primaryimage","url":"https:\/\/www.laguiadepamplona.com\/actualidad\/wp-content\/uploads\/2022\/05\/piscina_natacion_01_0-copia.webp","contentUrl":"https:\/\/www.laguiadepamplona.com\/actualidad\/wp-content\/uploads\/2022\/05\/piscina_natacion_01_0-copia.webp","width":1100,"height":733,"caption":"piscina nataci\u00f3n"},{"@type":"BreadcrumbList","@id":"https:\/\/www.laguiadepamplona.com\/actualidad\/abierto-el-plazo-de-inscripcion-para-los-cursos-intensivos-de-natacion-infantil-del-mes-de-junio-en-complejo-deportivo-aranzadi\/#breadcrumb","itemListElement":[{"@type":"ListItem","position":1,"name":"Portada","item":"https:\/\/www.laguiadepamplona.com\/actualidad\/"},{"@type":"ListItem","position":2,"name":"Abierto el plazo de inscripci\u00f3n para los cursos intensivos de nataci\u00f3n infantil del mes de junio en Complejo Deportivo Aranzadi"}]},{"@type":"WebSite","@id":"https:\/\/www.laguiadepamplona.com\/actualidad\/#website","url":"https:\/\/www.laguiadepamplona.com\/actualidad\/","name":"La gu\u00eda de Pamplona","description":"Noticias de Pamplona","publisher":{"@id":"https:\/\/www.laguiadepamplona.com\/actualidad\/#organization"},"potentialAction":[{"@type":"SearchAction","target":{"@type":"EntryPoint","urlTemplate":"https:\/\/www.laguiadepamplona.com\/actualidad\/?s={search_term_string}"},"query-input":{"@type":"PropertyValueSpecification","valueRequired":true,"valueName":"search_term_string"}}],"inLanguage":"es"},{"@type":"Organization","@id":"https:\/\/www.laguiadepamplona.com\/actualidad\/#organization","name":"La Gu\u00eda de Pamplona \/ Noticias","url":"https:\/\/www.laguiadepamplona.com\/actualidad\/","logo":{"@type":"ImageObject","inLanguage":"es","@id":"https:\/\/www.laguiadepamplona.com\/actualidad\/#\/schema\/logo\/image\/","url":"https:\/\/www.laguiadepamplona.com\/actualidad\/wp-content\/uploads\/2018\/11\/logo-laguiadepamplona18-web1.png","contentUrl":"https:\/\/www.laguiadepamplona.com\/actualidad\/wp-content\/uploads\/2018\/11\/logo-laguiadepamplona18-web1.png","width":600,"height":196,"caption":"La Gu\u00eda de Pamplona \/ Noticias"},"image":{"@id":"https:\/\/www.laguiadepamplona.com\/actualidad\/#\/schema\/logo\/image\/"},"sameAs":["https:\/\/www.facebook.com\/laguiadepamplonacom-133175176762273\/?ref=hl","https:\/\/x.com\/LaGuiadPamplona","https:\/\/www.instagram.com\/la_guia_de_pamplona\/","https:\/\/www.youtube.com\/user\/laguiadepamplona"]},{"@type":"Person","@id":"https:\/\/www.laguiadepamplona.com\/actualidad\/#\/schema\/person\/efe887376f0213d4657c93adc50b1fdb","name":"La Gu\u00eda de Pamplona","image":{"@type":"ImageObject","inLanguage":"es","@id":"https:\/\/secure.gravatar.com\/avatar\/b6992f131dc8d30ab0dff15446e9d346d9dbd95992de0fef795073f5ea83a81c?s=96&d=mm&r=g","url":"https:\/\/secure.gravatar.com\/avatar\/b6992f131dc8d30ab0dff15446e9d346d9dbd95992de0fef795073f5ea83a81c?s=96&d=mm&r=g","contentUrl":"https:\/\/secure.gravatar.com\/avatar\/b6992f131dc8d30ab0dff15446e9d346d9dbd95992de0fef795073f5ea83a81c?s=96&d=mm&r=g","caption":"La Gu\u00eda de Pamplona"}}]}},"post_mailing_queue_ids":[],"_links":{"self":[{"href":"https:\/\/www.laguiadepamplona.com\/actualidad\/wp-json\/wp\/v2\/posts\/40299","targetHints":{"allow":["GET"]}}],"collection":[{"href":"https:\/\/www.laguiadepamplona.com\/actualidad\/wp-json\/wp\/v2\/posts"}],"about":[{"href":"https:\/\/www.laguiadepamplona.com\/actualidad\/wp-json\/wp\/v2\/types\/post"}],"author":[{"embeddable":true,"href":"https:\/\/www.laguiadepamplona.com\/actualidad\/wp-json\/wp\/v2\/users\/1"}],"replies":[{"embeddable":true,"href":"https:\/\/www.laguiadepamplona.com\/actualidad\/wp-json\/wp\/v2\/comments?post=40299"}],"version-history":[{"count":0,"href":"https:\/\/www.laguiadepamplona.com\/actualidad\/wp-json\/wp\/v2\/posts\/40299\/revisions"}],"wp:featuredmedia":[{"embeddable":true,"href":"https:\/\/www.laguiadepamplona.com\/actualidad\/wp-json\/wp\/v2\/media\/40300"}],"wp:attachment":[{"href":"https:\/\/www.laguiadepamplona.com\/actualidad\/wp-json\/wp\/v2\/media?parent=40299"}],"wp:term":[{"taxonomy":"category","embeddable":true,"href":"https:\/\/www.laguiadepamplona.com\/actualidad\/wp-json\/wp\/v2\/categories?post=40299"},{"taxonomy":"post_tag","embeddable":true,"href":"https:\/\/www.laguiadepamplona.com\/actualidad\/wp-json\/wp\/v2\/tags?post=40299"}],"curies":[{"name":"wp","href":"https:\/\/api.w.org\/{rel}","templated":true}]}}