{"id":40297,"date":"2022-05-11T11:09:21","date_gmt":"2022-05-11T09:09:21","guid":{"rendered":"https:\/\/www.laguiadepamplona.com\/actualidad\/?p=40297"},"modified":"2023-04-11T11:48:12","modified_gmt":"2023-04-11T09:48:12","slug":"adjudicado-el-contrato-para-la-colocacion-vigilancia-y-mantenimiento-de-los-aseos-que-refuerzan-las-instalaciones-higienico-sanitarias-durante-san-fermin","status":"publish","type":"post","link":"https:\/\/www.laguiadepamplona.com\/actualidad\/adjudicado-el-contrato-para-la-colocacion-vigilancia-y-mantenimiento-de-los-aseos-que-refuerzan-las-instalaciones-higienico-sanitarias-durante-san-fermin\/","title":{"rendered":"Adjudicado el contrato para la colocaci\u00f3n, vigilancia y mantenimiento de los aseos que refuerzan las instalaciones higi\u00e9nico-sanitarias durante San Ferm\u00edn"},"content":{"rendered":"<h5>Pamplona se reforzar\u00e1 con un truck sanitario en la Plaza del Castillo, 17 aseos conectados a la red y 20 aseos qu\u00edmicos repartidos por la ciudad<\/h5>\n<p><!--more--><\/p>\n<p>La Junta de Gobierno Local ha aprobado la adjudicaci\u00f3n del contrato de instalaci\u00f3n, vigilancia, mantenimiento y retirada de los diferentes aseos con que la ciudad reforzar\u00e1 sus calles y plazas durante los pr\u00f3ximos Sanfermines. Est\u00e1 prevista la colocaci\u00f3n de un truck sanitario en la Plaza del Castillo, de 17 aseos conectados a la red y de 20 aseos qu\u00edmicos, que se instalar\u00e1n por los diferentes barrios de la ciudad.<br \/>\n<script async src=\"\/\/pagead2.googlesyndication.com\/pagead\/js\/adsbygoogle.js\"><\/script><br \/>\n<!-- Noticias La Guia de Pamplona --><br \/>\n<ins class=\"adsbygoogle\"\nstyle=\"display:block\"\ndata-ad-client=\"ca-pub-6943679897239327\"\ndata-ad-slot=\"7048180777\"\ndata-ad-format=\"auto\"><\/ins><br \/>\n<script>\n(adsbygoogle = window.adsbygoogle || []).push({});\n<\/script><\/p>\n<p>El contrato lo ejecutar\u00e1 la empresa Alquibalat S.L. por un importe de 130.000 euros, mismo precio de licitaci\u00f3n, desde el 13 de junio hasta el 20 de junio. La totalidad de los aseos previstos en esta licitaci\u00f3n deber\u00e1n estar instalados para el 4 de julio. El truck sanitario contar\u00e1 con al menos 4 cabinas de aseos de se\u00f1oras, al menos 2 cabinas de caballeros, varios urinarios, cambiador de beb\u00e9s y cabina accesible para personas con discapacidad. Las 17 instalaciones ubicadas en diversos puntos de la ciudad constar\u00e1n de 2 m\u00f3dulos, uno para se\u00f1ores y uno para caballeros, salvo donde se se\u00f1ale espec\u00edficamente otra cosa.<\/p>\n<p>El truck sanitario y 15 de las instalaciones (excepto la de Trinitarios, destinada a los feriantes, y la del recinto de la feria de ganado, habilitada \u00fanicamente para el 7 de julio) dispondr\u00e1n de personal para vigilancia, limpieza, mantenimiento y provisi\u00f3n de los complementos indispensables para su uso (papel higi\u00e9nico, jab\u00f3n de manos), que deber\u00e1 haber permanentemente.<\/p>\n<p>Los 20 aseos qu\u00edmicos tendr\u00e1n una tipolog\u00eda que definir\u00e1n, de forma previa, el Ayuntamiento de Pamplona y la empresa adjudicataria. El mantenimiento t\u00e9cnico consistir\u00e1, al menos, en el cambio del dep\u00f3sito qu\u00edmico como m\u00ednimo una vez cada 24 horas y en la limpieza y provisi\u00f3n de los complementos indispensables para su uso. Algunas de estas cabinas se colocar\u00e1n en los escenarios de actuaciones para uso exclusivo de las compa\u00f1\u00edas art\u00edsticas.<br \/>\n<script async src=\"\/\/pagead2.googlesyndication.com\/pagead\/js\/adsbygoogle.js\"><\/script><br \/>\n<!-- Noticias La Guia de Pamplona --><br \/>\n<ins class=\"adsbygoogle\"\nstyle=\"display:block\"\ndata-ad-client=\"ca-pub-6943679897239327\"\ndata-ad-slot=\"7048180777\"\ndata-ad-format=\"auto\"><\/ins><br \/>\n<script>\n(adsbygoogle = window.adsbygoogle || []).push({});\n<\/script><\/p>\n<p>&nbsp;<\/p>\n<h3>Ubicaci\u00f3n de las instalaciones de aseos conectadas a red. San Ferm\u00edn 2022<\/h3>\n<ul>\n<li>Recinto ferial (puente de Curtidores)<\/li>\n<li>Plaza de Toros (c\/ Amaya)<\/li>\n<li>Bajada de Labrit<\/li>\n<li>Plaza de San Francisco<\/li>\n<li>Antoniutti (Plaza de Juan XXIII)<\/li>\n<li>Rinc\u00f3n de la Pellejer\u00eda<\/li>\n<li>Calderer\u00eda<\/li>\n<li>Calle Ciudadela<\/li>\n<li>Cuesta del Museo<\/li>\n<li>Parque de la Taconera<\/li>\n<li>Plaza Virgen de la O<\/li>\n<li>Plaza de Santa Ana<\/li>\n<li>Paseo del Red\u00edn<\/li>\n<li>Vuelta del Castillo (Misericordia)<\/li>\n<li>Plaza de la Libertad<\/li>\n<li>Trinitarios<\/li>\n<li>Ferial de ganado (junto a centro comercial en pol\u00edgono Agustinos)<\/li>\n<li>Truck sanitario de la Plaza del Castillo.<\/li>\n<\/ul>\n","protected":false},"excerpt":{"rendered":"<p>Pamplona se reforzar\u00e1 con un truck sanitario en la Plaza del Castillo, 17 aseos conectados a la red y 20 aseos qu\u00edmicos repartidos por la ciudad<\/p>\n","protected":false},"author":1,"featured_media":20291,"comment_status":"open","ping_status":"closed","sticky":false,"template":"","format":"standard","meta":{"footnotes":""},"categories":[2,9406],"tags":[],"class_list":["post-40297","post","type-post","status-publish","format-standard","has-post-thumbnail","hentry","category-ayuntamiento-pamplona","category-san-fermin"],"yoast_head":"<!-- This site is optimized with the Yoast SEO plugin v27.3 - https:\/\/yoast.com\/product\/yoast-seo-wordpress\/ -->\n<title>Adjudicado el contrato para la colocaci\u00f3n, vigilancia y mantenimiento de los aseos que refuerzan las instalaciones higi\u00e9nico-sanitarias durante San Ferm\u00edn<\/title>\n<meta name=\"description\" content=\"Pamplona se reforzar\u00e1 con un truck sanitario en la Plaza del Castillo, 17 aseos conectados a la red y 20 aseos qu\u00edmicos repartidos por la ciudad\" \/>\n<meta name=\"robots\" content=\"index, follow, max-snippet:-1, max-image-preview:large, max-video-preview:-1\" \/>\n<link rel=\"canonical\" href=\"https:\/\/www.laguiadepamplona.com\/actualidad\/adjudicado-el-contrato-para-la-colocacion-vigilancia-y-mantenimiento-de-los-aseos-que-refuerzan-las-instalaciones-higienico-sanitarias-durante-san-fermin\/\" \/>\n<meta property=\"og:locale\" content=\"es_ES\" \/>\n<meta property=\"og:type\" content=\"article\" \/>\n<meta property=\"og:title\" content=\"Adjudicado el contrato para la colocaci\u00f3n, vigilancia y mantenimiento de los aseos que refuerzan las instalaciones higi\u00e9nico-sanitarias durante San Ferm\u00edn\" \/>\n<meta property=\"og:description\" content=\"Pamplona se reforzar\u00e1 con un truck sanitario en la Plaza del Castillo, 17 aseos conectados a la red y 20 aseos qu\u00edmicos repartidos por la ciudad\" \/>\n<meta property=\"og:url\" content=\"https:\/\/www.laguiadepamplona.com\/actualidad\/adjudicado-el-contrato-para-la-colocacion-vigilancia-y-mantenimiento-de-los-aseos-que-refuerzan-las-instalaciones-higienico-sanitarias-durante-san-fermin\/\" \/>\n<meta property=\"og:site_name\" content=\"La Gu\u00eda de Pamplona\" \/>\n<meta property=\"article:publisher\" content=\"https:\/\/www.facebook.com\/laguiadepamplonacom-133175176762273\/?ref=hl\" \/>\n<meta property=\"article:published_time\" content=\"2022-05-11T09:09:21+00:00\" \/>\n<meta property=\"article:modified_time\" content=\"2023-04-11T09:48:12+00:00\" \/>\n<meta property=\"og:image\" content=\"https:\/\/www.laguiadepamplona.com\/actualidad\/wp-content\/uploads\/2019\/02\/aseos-san-fermin.jpg\" \/>\n\t<meta property=\"og:image:width\" content=\"1920\" \/>\n\t<meta property=\"og:image:height\" content=\"1080\" \/>\n\t<meta property=\"og:image:type\" content=\"image\/jpeg\" \/>\n<meta name=\"author\" content=\"La Gu\u00eda de Pamplona\" \/>\n<meta name=\"twitter:card\" content=\"summary_large_image\" \/>\n<meta name=\"twitter:creator\" content=\"@LaGuiadPamplona\" \/>\n<meta name=\"twitter:site\" content=\"@LaGuiadPamplona\" \/>\n<meta name=\"twitter:label1\" content=\"Escrito por\" \/>\n\t<meta name=\"twitter:data1\" content=\"La Gu\u00eda de Pamplona\" \/>\n\t<meta name=\"twitter:label2\" content=\"Tiempo de lectura\" \/>\n\t<meta name=\"twitter:data2\" content=\"2 minutos\" \/>\n<script type=\"application\/ld+json\" class=\"yoast-schema-graph\">{\"@context\":\"https:\\\/\\\/schema.org\",\"@graph\":[{\"@type\":\"Article\",\"@id\":\"https:\\\/\\\/www.laguiadepamplona.com\\\/actualidad\\\/adjudicado-el-contrato-para-la-colocacion-vigilancia-y-mantenimiento-de-los-aseos-que-refuerzan-las-instalaciones-higienico-sanitarias-durante-san-fermin\\\/#article\",\"isPartOf\":{\"@id\":\"https:\\\/\\\/www.laguiadepamplona.com\\\/actualidad\\\/adjudicado-el-contrato-para-la-colocacion-vigilancia-y-mantenimiento-de-los-aseos-que-refuerzan-las-instalaciones-higienico-sanitarias-durante-san-fermin\\\/\"},\"author\":{\"name\":\"La Gu\u00eda de Pamplona\",\"@id\":\"https:\\\/\\\/www.laguiadepamplona.com\\\/actualidad\\\/#\\\/schema\\\/person\\\/efe887376f0213d4657c93adc50b1fdb\"},\"headline\":\"Adjudicado el contrato para la colocaci\u00f3n, vigilancia y mantenimiento de los aseos que refuerzan las instalaciones higi\u00e9nico-sanitarias durante San Ferm\u00edn\",\"datePublished\":\"2022-05-11T09:09:21+00:00\",\"dateModified\":\"2023-04-11T09:48:12+00:00\",\"mainEntityOfPage\":{\"@id\":\"https:\\\/\\\/www.laguiadepamplona.com\\\/actualidad\\\/adjudicado-el-contrato-para-la-colocacion-vigilancia-y-mantenimiento-de-los-aseos-que-refuerzan-las-instalaciones-higienico-sanitarias-durante-san-fermin\\\/\"},\"wordCount\":460,\"commentCount\":0,\"publisher\":{\"@id\":\"https:\\\/\\\/www.laguiadepamplona.com\\\/actualidad\\\/#organization\"},\"image\":{\"@id\":\"https:\\\/\\\/www.laguiadepamplona.com\\\/actualidad\\\/adjudicado-el-contrato-para-la-colocacion-vigilancia-y-mantenimiento-de-los-aseos-que-refuerzan-las-instalaciones-higienico-sanitarias-durante-san-fermin\\\/#primaryimage\"},\"thumbnailUrl\":\"https:\\\/\\\/www.laguiadepamplona.com\\\/actualidad\\\/wp-content\\\/uploads\\\/2019\\\/02\\\/aseos-san-fermin.jpg\",\"articleSection\":[\"Ayto Pamplona\",\"San Ferm\u00edn\"],\"inLanguage\":\"es\",\"potentialAction\":[{\"@type\":\"CommentAction\",\"name\":\"Comment\",\"target\":[\"https:\\\/\\\/www.laguiadepamplona.com\\\/actualidad\\\/adjudicado-el-contrato-para-la-colocacion-vigilancia-y-mantenimiento-de-los-aseos-que-refuerzan-las-instalaciones-higienico-sanitarias-durante-san-fermin\\\/#respond\"]}]},{\"@type\":\"WebPage\",\"@id\":\"https:\\\/\\\/www.laguiadepamplona.com\\\/actualidad\\\/adjudicado-el-contrato-para-la-colocacion-vigilancia-y-mantenimiento-de-los-aseos-que-refuerzan-las-instalaciones-higienico-sanitarias-durante-san-fermin\\\/\",\"url\":\"https:\\\/\\\/www.laguiadepamplona.com\\\/actualidad\\\/adjudicado-el-contrato-para-la-colocacion-vigilancia-y-mantenimiento-de-los-aseos-que-refuerzan-las-instalaciones-higienico-sanitarias-durante-san-fermin\\\/\",\"name\":\"Adjudicado el contrato para la colocaci\u00f3n, vigilancia y mantenimiento de los aseos que refuerzan las instalaciones higi\u00e9nico-sanitarias durante San Ferm\u00edn\",\"isPartOf\":{\"@id\":\"https:\\\/\\\/www.laguiadepamplona.com\\\/actualidad\\\/#website\"},\"primaryImageOfPage\":{\"@id\":\"https:\\\/\\\/www.laguiadepamplona.com\\\/actualidad\\\/adjudicado-el-contrato-para-la-colocacion-vigilancia-y-mantenimiento-de-los-aseos-que-refuerzan-las-instalaciones-higienico-sanitarias-durante-san-fermin\\\/#primaryimage\"},\"image\":{\"@id\":\"https:\\\/\\\/www.laguiadepamplona.com\\\/actualidad\\\/adjudicado-el-contrato-para-la-colocacion-vigilancia-y-mantenimiento-de-los-aseos-que-refuerzan-las-instalaciones-higienico-sanitarias-durante-san-fermin\\\/#primaryimage\"},\"thumbnailUrl\":\"https:\\\/\\\/www.laguiadepamplona.com\\\/actualidad\\\/wp-content\\\/uploads\\\/2019\\\/02\\\/aseos-san-fermin.jpg\",\"datePublished\":\"2022-05-11T09:09:21+00:00\",\"dateModified\":\"2023-04-11T09:48:12+00:00\",\"description\":\"Pamplona se reforzar\u00e1 con un truck sanitario en la Plaza del Castillo, 17 aseos conectados a la red y 20 aseos qu\u00edmicos repartidos por la ciudad\",\"breadcrumb\":{\"@id\":\"https:\\\/\\\/www.laguiadepamplona.com\\\/actualidad\\\/adjudicado-el-contrato-para-la-colocacion-vigilancia-y-mantenimiento-de-los-aseos-que-refuerzan-las-instalaciones-higienico-sanitarias-durante-san-fermin\\\/#breadcrumb\"},\"inLanguage\":\"es\",\"potentialAction\":[{\"@type\":\"ReadAction\",\"target\":[\"https:\\\/\\\/www.laguiadepamplona.com\\\/actualidad\\\/adjudicado-el-contrato-para-la-colocacion-vigilancia-y-mantenimiento-de-los-aseos-que-refuerzan-las-instalaciones-higienico-sanitarias-durante-san-fermin\\\/\"]}]},{\"@type\":\"ImageObject\",\"inLanguage\":\"es\",\"@id\":\"https:\\\/\\\/www.laguiadepamplona.com\\\/actualidad\\\/adjudicado-el-contrato-para-la-colocacion-vigilancia-y-mantenimiento-de-los-aseos-que-refuerzan-las-instalaciones-higienico-sanitarias-durante-san-fermin\\\/#primaryimage\",\"url\":\"https:\\\/\\\/www.laguiadepamplona.com\\\/actualidad\\\/wp-content\\\/uploads\\\/2019\\\/02\\\/aseos-san-fermin.jpg\",\"contentUrl\":\"https:\\\/\\\/www.laguiadepamplona.com\\\/actualidad\\\/wp-content\\\/uploads\\\/2019\\\/02\\\/aseos-san-fermin.jpg\",\"width\":1920,\"height\":1080,\"caption\":\"aseos San Ferm\u00edn\"},{\"@type\":\"BreadcrumbList\",\"@id\":\"https:\\\/\\\/www.laguiadepamplona.com\\\/actualidad\\\/adjudicado-el-contrato-para-la-colocacion-vigilancia-y-mantenimiento-de-los-aseos-que-refuerzan-las-instalaciones-higienico-sanitarias-durante-san-fermin\\\/#breadcrumb\",\"itemListElement\":[{\"@type\":\"ListItem\",\"position\":1,\"name\":\"Portada\",\"item\":\"https:\\\/\\\/www.laguiadepamplona.com\\\/actualidad\\\/\"},{\"@type\":\"ListItem\",\"position\":2,\"name\":\"Adjudicado el contrato para la colocaci\u00f3n, vigilancia y mantenimiento de los aseos que refuerzan las instalaciones higi\u00e9nico-sanitarias durante San Ferm\u00edn\"}]},{\"@type\":\"WebSite\",\"@id\":\"https:\\\/\\\/www.laguiadepamplona.com\\\/actualidad\\\/#website\",\"url\":\"https:\\\/\\\/www.laguiadepamplona.com\\\/actualidad\\\/\",\"name\":\"La gu\u00eda de Pamplona\",\"description\":\"Noticias de Pamplona\",\"publisher\":{\"@id\":\"https:\\\/\\\/www.laguiadepamplona.com\\\/actualidad\\\/#organization\"},\"potentialAction\":[{\"@type\":\"SearchAction\",\"target\":{\"@type\":\"EntryPoint\",\"urlTemplate\":\"https:\\\/\\\/www.laguiadepamplona.com\\\/actualidad\\\/?s={search_term_string}\"},\"query-input\":{\"@type\":\"PropertyValueSpecification\",\"valueRequired\":true,\"valueName\":\"search_term_string\"}}],\"inLanguage\":\"es\"},{\"@type\":\"Organization\",\"@id\":\"https:\\\/\\\/www.laguiadepamplona.com\\\/actualidad\\\/#organization\",\"name\":\"La Gu\u00eda de Pamplona \\\/ Noticias\",\"url\":\"https:\\\/\\\/www.laguiadepamplona.com\\\/actualidad\\\/\",\"logo\":{\"@type\":\"ImageObject\",\"inLanguage\":\"es\",\"@id\":\"https:\\\/\\\/www.laguiadepamplona.com\\\/actualidad\\\/#\\\/schema\\\/logo\\\/image\\\/\",\"url\":\"https:\\\/\\\/www.laguiadepamplona.com\\\/actualidad\\\/wp-content\\\/uploads\\\/2018\\\/11\\\/logo-laguiadepamplona18-web1.png\",\"contentUrl\":\"https:\\\/\\\/www.laguiadepamplona.com\\\/actualidad\\\/wp-content\\\/uploads\\\/2018\\\/11\\\/logo-laguiadepamplona18-web1.png\",\"width\":600,\"height\":196,\"caption\":\"La Gu\u00eda de Pamplona \\\/ Noticias\"},\"image\":{\"@id\":\"https:\\\/\\\/www.laguiadepamplona.com\\\/actualidad\\\/#\\\/schema\\\/logo\\\/image\\\/\"},\"sameAs\":[\"https:\\\/\\\/www.facebook.com\\\/laguiadepamplonacom-133175176762273\\\/?ref=hl\",\"https:\\\/\\\/x.com\\\/LaGuiadPamplona\",\"https:\\\/\\\/www.instagram.com\\\/la_guia_de_pamplona\\\/\",\"https:\\\/\\\/www.youtube.com\\\/user\\\/laguiadepamplona\"]},{\"@type\":\"Person\",\"@id\":\"https:\\\/\\\/www.laguiadepamplona.com\\\/actualidad\\\/#\\\/schema\\\/person\\\/efe887376f0213d4657c93adc50b1fdb\",\"name\":\"La Gu\u00eda de Pamplona\",\"image\":{\"@type\":\"ImageObject\",\"inLanguage\":\"es\",\"@id\":\"https:\\\/\\\/secure.gravatar.com\\\/avatar\\\/b6992f131dc8d30ab0dff15446e9d346d9dbd95992de0fef795073f5ea83a81c?s=96&d=mm&r=g\",\"url\":\"https:\\\/\\\/secure.gravatar.com\\\/avatar\\\/b6992f131dc8d30ab0dff15446e9d346d9dbd95992de0fef795073f5ea83a81c?s=96&d=mm&r=g\",\"contentUrl\":\"https:\\\/\\\/secure.gravatar.com\\\/avatar\\\/b6992f131dc8d30ab0dff15446e9d346d9dbd95992de0fef795073f5ea83a81c?s=96&d=mm&r=g\",\"caption\":\"La Gu\u00eda de Pamplona\"}}]}<\/script>\n<!-- \/ Yoast SEO plugin. -->","yoast_head_json":{"title":"Adjudicado el contrato para la colocaci\u00f3n, vigilancia y mantenimiento de los aseos que refuerzan las instalaciones higi\u00e9nico-sanitarias durante San Ferm\u00edn","description":"Pamplona se reforzar\u00e1 con un truck sanitario en la Plaza del Castillo, 17 aseos conectados a la red y 20 aseos qu\u00edmicos repartidos por la ciudad","robots":{"index":"index","follow":"follow","max-snippet":"max-snippet:-1","max-image-preview":"max-image-preview:large","max-video-preview":"max-video-preview:-1"},"canonical":"https:\/\/www.laguiadepamplona.com\/actualidad\/adjudicado-el-contrato-para-la-colocacion-vigilancia-y-mantenimiento-de-los-aseos-que-refuerzan-las-instalaciones-higienico-sanitarias-durante-san-fermin\/","og_locale":"es_ES","og_type":"article","og_title":"Adjudicado el contrato para la colocaci\u00f3n, vigilancia y mantenimiento de los aseos que refuerzan las instalaciones higi\u00e9nico-sanitarias durante San Ferm\u00edn","og_description":"Pamplona se reforzar\u00e1 con un truck sanitario en la Plaza del Castillo, 17 aseos conectados a la red y 20 aseos qu\u00edmicos repartidos por la ciudad","og_url":"https:\/\/www.laguiadepamplona.com\/actualidad\/adjudicado-el-contrato-para-la-colocacion-vigilancia-y-mantenimiento-de-los-aseos-que-refuerzan-las-instalaciones-higienico-sanitarias-durante-san-fermin\/","og_site_name":"La Gu\u00eda de Pamplona","article_publisher":"https:\/\/www.facebook.com\/laguiadepamplonacom-133175176762273\/?ref=hl","article_published_time":"2022-05-11T09:09:21+00:00","article_modified_time":"2023-04-11T09:48:12+00:00","og_image":[{"width":1920,"height":1080,"url":"https:\/\/www.laguiadepamplona.com\/actualidad\/wp-content\/uploads\/2019\/02\/aseos-san-fermin.jpg","type":"image\/jpeg"}],"author":"La Gu\u00eda de Pamplona","twitter_card":"summary_large_image","twitter_creator":"@LaGuiadPamplona","twitter_site":"@LaGuiadPamplona","twitter_misc":{"Escrito por":"La Gu\u00eda de Pamplona","Tiempo de lectura":"2 minutos"},"schema":{"@context":"https:\/\/schema.org","@graph":[{"@type":"Article","@id":"https:\/\/www.laguiadepamplona.com\/actualidad\/adjudicado-el-contrato-para-la-colocacion-vigilancia-y-mantenimiento-de-los-aseos-que-refuerzan-las-instalaciones-higienico-sanitarias-durante-san-fermin\/#article","isPartOf":{"@id":"https:\/\/www.laguiadepamplona.com\/actualidad\/adjudicado-el-contrato-para-la-colocacion-vigilancia-y-mantenimiento-de-los-aseos-que-refuerzan-las-instalaciones-higienico-sanitarias-durante-san-fermin\/"},"author":{"name":"La Gu\u00eda de Pamplona","@id":"https:\/\/www.laguiadepamplona.com\/actualidad\/#\/schema\/person\/efe887376f0213d4657c93adc50b1fdb"},"headline":"Adjudicado el contrato para la colocaci\u00f3n, vigilancia y mantenimiento de los aseos que refuerzan las instalaciones higi\u00e9nico-sanitarias durante San Ferm\u00edn","datePublished":"2022-05-11T09:09:21+00:00","dateModified":"2023-04-11T09:48:12+00:00","mainEntityOfPage":{"@id":"https:\/\/www.laguiadepamplona.com\/actualidad\/adjudicado-el-contrato-para-la-colocacion-vigilancia-y-mantenimiento-de-los-aseos-que-refuerzan-las-instalaciones-higienico-sanitarias-durante-san-fermin\/"},"wordCount":460,"commentCount":0,"publisher":{"@id":"https:\/\/www.laguiadepamplona.com\/actualidad\/#organization"},"image":{"@id":"https:\/\/www.laguiadepamplona.com\/actualidad\/adjudicado-el-contrato-para-la-colocacion-vigilancia-y-mantenimiento-de-los-aseos-que-refuerzan-las-instalaciones-higienico-sanitarias-durante-san-fermin\/#primaryimage"},"thumbnailUrl":"https:\/\/www.laguiadepamplona.com\/actualidad\/wp-content\/uploads\/2019\/02\/aseos-san-fermin.jpg","articleSection":["Ayto Pamplona","San Ferm\u00edn"],"inLanguage":"es","potentialAction":[{"@type":"CommentAction","name":"Comment","target":["https:\/\/www.laguiadepamplona.com\/actualidad\/adjudicado-el-contrato-para-la-colocacion-vigilancia-y-mantenimiento-de-los-aseos-que-refuerzan-las-instalaciones-higienico-sanitarias-durante-san-fermin\/#respond"]}]},{"@type":"WebPage","@id":"https:\/\/www.laguiadepamplona.com\/actualidad\/adjudicado-el-contrato-para-la-colocacion-vigilancia-y-mantenimiento-de-los-aseos-que-refuerzan-las-instalaciones-higienico-sanitarias-durante-san-fermin\/","url":"https:\/\/www.laguiadepamplona.com\/actualidad\/adjudicado-el-contrato-para-la-colocacion-vigilancia-y-mantenimiento-de-los-aseos-que-refuerzan-las-instalaciones-higienico-sanitarias-durante-san-fermin\/","name":"Adjudicado el contrato para la colocaci\u00f3n, vigilancia y mantenimiento de los aseos que refuerzan las instalaciones higi\u00e9nico-sanitarias durante San Ferm\u00edn","isPartOf":{"@id":"https:\/\/www.laguiadepamplona.com\/actualidad\/#website"},"primaryImageOfPage":{"@id":"https:\/\/www.laguiadepamplona.com\/actualidad\/adjudicado-el-contrato-para-la-colocacion-vigilancia-y-mantenimiento-de-los-aseos-que-refuerzan-las-instalaciones-higienico-sanitarias-durante-san-fermin\/#primaryimage"},"image":{"@id":"https:\/\/www.laguiadepamplona.com\/actualidad\/adjudicado-el-contrato-para-la-colocacion-vigilancia-y-mantenimiento-de-los-aseos-que-refuerzan-las-instalaciones-higienico-sanitarias-durante-san-fermin\/#primaryimage"},"thumbnailUrl":"https:\/\/www.laguiadepamplona.com\/actualidad\/wp-content\/uploads\/2019\/02\/aseos-san-fermin.jpg","datePublished":"2022-05-11T09:09:21+00:00","dateModified":"2023-04-11T09:48:12+00:00","description":"Pamplona se reforzar\u00e1 con un truck sanitario en la Plaza del Castillo, 17 aseos conectados a la red y 20 aseos qu\u00edmicos repartidos por la ciudad","breadcrumb":{"@id":"https:\/\/www.laguiadepamplona.com\/actualidad\/adjudicado-el-contrato-para-la-colocacion-vigilancia-y-mantenimiento-de-los-aseos-que-refuerzan-las-instalaciones-higienico-sanitarias-durante-san-fermin\/#breadcrumb"},"inLanguage":"es","potentialAction":[{"@type":"ReadAction","target":["https:\/\/www.laguiadepamplona.com\/actualidad\/adjudicado-el-contrato-para-la-colocacion-vigilancia-y-mantenimiento-de-los-aseos-que-refuerzan-las-instalaciones-higienico-sanitarias-durante-san-fermin\/"]}]},{"@type":"ImageObject","inLanguage":"es","@id":"https:\/\/www.laguiadepamplona.com\/actualidad\/adjudicado-el-contrato-para-la-colocacion-vigilancia-y-mantenimiento-de-los-aseos-que-refuerzan-las-instalaciones-higienico-sanitarias-durante-san-fermin\/#primaryimage","url":"https:\/\/www.laguiadepamplona.com\/actualidad\/wp-content\/uploads\/2019\/02\/aseos-san-fermin.jpg","contentUrl":"https:\/\/www.laguiadepamplona.com\/actualidad\/wp-content\/uploads\/2019\/02\/aseos-san-fermin.jpg","width":1920,"height":1080,"caption":"aseos San Ferm\u00edn"},{"@type":"BreadcrumbList","@id":"https:\/\/www.laguiadepamplona.com\/actualidad\/adjudicado-el-contrato-para-la-colocacion-vigilancia-y-mantenimiento-de-los-aseos-que-refuerzan-las-instalaciones-higienico-sanitarias-durante-san-fermin\/#breadcrumb","itemListElement":[{"@type":"ListItem","position":1,"name":"Portada","item":"https:\/\/www.laguiadepamplona.com\/actualidad\/"},{"@type":"ListItem","position":2,"name":"Adjudicado el contrato para la colocaci\u00f3n, vigilancia y mantenimiento de los aseos que refuerzan las instalaciones higi\u00e9nico-sanitarias durante San Ferm\u00edn"}]},{"@type":"WebSite","@id":"https:\/\/www.laguiadepamplona.com\/actualidad\/#website","url":"https:\/\/www.laguiadepamplona.com\/actualidad\/","name":"La gu\u00eda de Pamplona","description":"Noticias de Pamplona","publisher":{"@id":"https:\/\/www.laguiadepamplona.com\/actualidad\/#organization"},"potentialAction":[{"@type":"SearchAction","target":{"@type":"EntryPoint","urlTemplate":"https:\/\/www.laguiadepamplona.com\/actualidad\/?s={search_term_string}"},"query-input":{"@type":"PropertyValueSpecification","valueRequired":true,"valueName":"search_term_string"}}],"inLanguage":"es"},{"@type":"Organization","@id":"https:\/\/www.laguiadepamplona.com\/actualidad\/#organization","name":"La Gu\u00eda de Pamplona \/ Noticias","url":"https:\/\/www.laguiadepamplona.com\/actualidad\/","logo":{"@type":"ImageObject","inLanguage":"es","@id":"https:\/\/www.laguiadepamplona.com\/actualidad\/#\/schema\/logo\/image\/","url":"https:\/\/www.laguiadepamplona.com\/actualidad\/wp-content\/uploads\/2018\/11\/logo-laguiadepamplona18-web1.png","contentUrl":"https:\/\/www.laguiadepamplona.com\/actualidad\/wp-content\/uploads\/2018\/11\/logo-laguiadepamplona18-web1.png","width":600,"height":196,"caption":"La Gu\u00eda de Pamplona \/ Noticias"},"image":{"@id":"https:\/\/www.laguiadepamplona.com\/actualidad\/#\/schema\/logo\/image\/"},"sameAs":["https:\/\/www.facebook.com\/laguiadepamplonacom-133175176762273\/?ref=hl","https:\/\/x.com\/LaGuiadPamplona","https:\/\/www.instagram.com\/la_guia_de_pamplona\/","https:\/\/www.youtube.com\/user\/laguiadepamplona"]},{"@type":"Person","@id":"https:\/\/www.laguiadepamplona.com\/actualidad\/#\/schema\/person\/efe887376f0213d4657c93adc50b1fdb","name":"La Gu\u00eda de Pamplona","image":{"@type":"ImageObject","inLanguage":"es","@id":"https:\/\/secure.gravatar.com\/avatar\/b6992f131dc8d30ab0dff15446e9d346d9dbd95992de0fef795073f5ea83a81c?s=96&d=mm&r=g","url":"https:\/\/secure.gravatar.com\/avatar\/b6992f131dc8d30ab0dff15446e9d346d9dbd95992de0fef795073f5ea83a81c?s=96&d=mm&r=g","contentUrl":"https:\/\/secure.gravatar.com\/avatar\/b6992f131dc8d30ab0dff15446e9d346d9dbd95992de0fef795073f5ea83a81c?s=96&d=mm&r=g","caption":"La Gu\u00eda de Pamplona"}}]}},"post_mailing_queue_ids":[],"_links":{"self":[{"href":"https:\/\/www.laguiadepamplona.com\/actualidad\/wp-json\/wp\/v2\/posts\/40297","targetHints":{"allow":["GET"]}}],"collection":[{"href":"https:\/\/www.laguiadepamplona.com\/actualidad\/wp-json\/wp\/v2\/posts"}],"about":[{"href":"https:\/\/www.laguiadepamplona.com\/actualidad\/wp-json\/wp\/v2\/types\/post"}],"author":[{"embeddable":true,"href":"https:\/\/www.laguiadepamplona.com\/actualidad\/wp-json\/wp\/v2\/users\/1"}],"replies":[{"embeddable":true,"href":"https:\/\/www.laguiadepamplona.com\/actualidad\/wp-json\/wp\/v2\/comments?post=40297"}],"version-history":[{"count":0,"href":"https:\/\/www.laguiadepamplona.com\/actualidad\/wp-json\/wp\/v2\/posts\/40297\/revisions"}],"wp:featuredmedia":[{"embeddable":true,"href":"https:\/\/www.laguiadepamplona.com\/actualidad\/wp-json\/wp\/v2\/media\/20291"}],"wp:attachment":[{"href":"https:\/\/www.laguiadepamplona.com\/actualidad\/wp-json\/wp\/v2\/media?parent=40297"}],"wp:term":[{"taxonomy":"category","embeddable":true,"href":"https:\/\/www.laguiadepamplona.com\/actualidad\/wp-json\/wp\/v2\/categories?post=40297"},{"taxonomy":"post_tag","embeddable":true,"href":"https:\/\/www.laguiadepamplona.com\/actualidad\/wp-json\/wp\/v2\/tags?post=40297"}],"curies":[{"name":"wp","href":"https:\/\/api.w.org\/{rel}","templated":true}]}}