{"id":40294,"date":"2022-05-11T11:07:59","date_gmt":"2022-05-11T09:07:59","guid":{"rendered":"https:\/\/www.laguiadepamplona.com\/actualidad\/?p=40294"},"modified":"2023-04-11T11:48:13","modified_gmt":"2023-04-11T09:48:13","slug":"concluyen-las-obras-de-la-escuela-infantil-de-lezkairu-con-sus-tejados-a-dos-aguas-estructura-en-madera-eficiencia-energetica-y-espacio-interior-en-torno-a-una-plaza-central","status":"publish","type":"post","link":"https:\/\/www.laguiadepamplona.com\/actualidad\/concluyen-las-obras-de-la-escuela-infantil-de-lezkairu-con-sus-tejados-a-dos-aguas-estructura-en-madera-eficiencia-energetica-y-espacio-interior-en-torno-a-una-plaza-central\/","title":{"rendered":"Concluyen las obras de la Escuela Infantil de Lezkairu con sus tejados a dos aguas, estructura en madera, eficiencia energ\u00e9tica y espacio interior en torno a una plaza central"},"content":{"rendered":"<h5>Las obras se han ejecutado durante 17 meses, con un presupuesto que ha superado los 3,7 millones de euros<\/h5>\n<p><!--more--><\/p>\n<p>Las obras de la Escuela Infantil de Lezkairu han concluido ya y se prev\u00e9 que el curso pueda comenzar con normalidad durante la segunda quincena de agosto. Sus tejados a dos aguas, su construcci\u00f3n en madera y su consumo energ\u00e9tico casi nulo son las principales caracter\u00edsticas de una escuela que en lo educativo articula sus espacios en torno a una plaza interior central y a la concepci\u00f3n pedag\u00f3gica de sus patios y jardines exteriores. Las obras se han desarrollado durante 17 meses, con un presupuesto que ha alcanzado los 3.771.310 euros.<\/p>\n<p>La Gerencia y la Comisi\u00f3n de Urbanismo, con presencia del alcalde de Pamplona, Enrique Maya, han visitado esta ma\u00f1ana unas instalaciones que acoger\u00e1n a 110 menores de 0 a 3 a\u00f1os, en los modelos de castellano con ingl\u00e9s y euskera con ingl\u00e9s. La Escuela Infantil de Lezkairu recibi\u00f3 357 solicitudes para las 91 plazas que se ofertaban (las 19 plazas restantes estaban ya adjudicadas a menores matriculados en otros centros que han pedido traslado al nuevo centro). Este lunes se publicaron ya las listas provisiones de menores admitidos en todas las escuelas infantiles municipales.<\/p>\n<p>Una vez concluidas las obras de construcci\u00f3n de la escuela infantil, queda la parte del equipamiento. Escuelas Infantiles ha adjudicado ya los lotes relativos, por una parte, al mobiliario y materia pedag\u00f3gico y, por otra, al equipamiento inform\u00e1tica y audiovisual. La cocina y un local anexo ya est\u00e1n equipados. Solo falta la parte de lavander\u00eda, vestuario y algunos almacenes, as\u00ed como el menaje de comedor y cocina.<br \/>\n<script async src=\"\/\/pagead2.googlesyndication.com\/pagead\/js\/adsbygoogle.js\"><\/script><br \/>\n<!-- Noticias La Guia de Pamplona --><br \/>\n<ins class=\"adsbygoogle\"\nstyle=\"display:block\"\ndata-ad-client=\"ca-pub-6943679897239327\"\ndata-ad-slot=\"7048180777\"\ndata-ad-format=\"auto\"><\/ins><br \/>\n<script>\n(adsbygoogle = window.adsbygoogle || []).push({});\n<\/script><\/p>\n<p><strong>Espacios en torno a una plaza central<\/strong><\/p>\n<p>El acceso a la escuela desde la calle Valle de Eg\u00fc\u00e9s est\u00e1 dise\u00f1ado como un espacio verde de acogida mediante una p\u00e9rgola cubierta en continuidad con la plaza central del interior del edificio, a la que se entra a trav\u00e9s de una cancela. La plaza central se concibe como un pulm\u00f3n interior desde el que se accede a la mayor\u00eda de los espacios. La plaza alberga un taller central como un espacio acotado con car\u00e1cter escult\u00f3rico y un peque\u00f1o anfiteatro que establece un di\u00e1logo con la pieza de taller. Ese espacio central tiene su r\u00e9plica en sendos espacios vestibulares a modo de plazas secundarias para organizar el acceso a los diferentes espacios docentes. La plaza central se prolonga hacia el exterior configur\u00e1ndose el porche como un espacio en continuidad de la plaza. En el espacio de cancela previo a la plaza central se ubican el guarda-silletas y un almac\u00e9n interior para material pedag\u00f3gico.<\/p>\n<p>El edificio acoger\u00e1 a los diferentes grupos de menores de 0 a 3 a\u00f1os. Los espacios para lactantes se sit\u00faan en la parte norte de la plaza y los grupos de caminantes, menores y mayores se ubicar\u00e1n en la parte sur. Los espacios est\u00e1n configurados como elementos abiertos y transparentes, con relaci\u00f3n directa hacia los pasillos y espacios de encuentro y hacia a el patio-jard\u00edn exterior. Los comedores est\u00e1n colocados en proximidad con las circulaciones para facilitar los servicios.<\/p>\n<p>El espacio exterior perimetral de la escuela infantil se ha dise\u00f1ado como una sucesi\u00f3n de terrazas en diferentes niveles y materiales para acomodarse a las rasantes del terreno, procurando dar respuesta al concepto metaf\u00f3rico del jard\u00edn de los secretos. El espacio exterior, variado y din\u00e1mico, se adapta al mundo infantil con escalas m\u00e1s reducidas como espacios de amparo y aventura.<br \/>\n<script async src=\"\/\/pagead2.googlesyndication.com\/pagead\/js\/adsbygoogle.js\"><\/script><br \/>\n<!-- Noticias La Guia de Pamplona --><br \/>\n<ins class=\"adsbygoogle\"\nstyle=\"display:block\"\ndata-ad-client=\"ca-pub-6943679897239327\"\ndata-ad-slot=\"7048180777\"\ndata-ad-format=\"auto\"><\/ins><br \/>\n<script>\n(adsbygoogle = window.adsbygoogle || []).push({});\n<\/script><\/p>\n<p><strong>Edificio de consumo casi nulo<\/strong><\/p>\n<p>La Escuela Infantil de Lezkairu es un edificio de consumo casi nulo, construido a base de paneles de madera laminada, que incorporan un sistema estructural y de cierre sostenible y de altas capacidades bioclim\u00e1ticas. Las placas solares de la cubierta se incorporan al proyecto como elementos coherentes con la imagen del edificio. La iluminaci\u00f3n natural de los espacios centrales del edificio queda garantizada con la apertura de huecos de vidrio en cubierta.<\/p>\n<p>El acceso de servicio para personal o aprovisionamientos se lleva a cabo desde la calle Valle de Eg\u00fc\u00e9s, en su confluencia con Jos\u00e9 Manuel Baena, mediante una rampa exterior. Los espacios de servicios se agrupan en un volumen diferenciado que nace desde su acceso a nivel de calle y que confluye con el patio central, yuxtaponi\u00e9ndose la zona de administraci\u00f3n y la cocina a la parte de la plaza m\u00e1s cercana a la entrada. De este modo, la cocina y la zona de administraci\u00f3n tienen una relaci\u00f3n de transparencia con la plaza, participando de la vida diaria del centro. El acceso para el mantenimiento de los jardines se sit\u00faa en la misma calle Valle de Eg\u00fc\u00e9s donde se ha habilitado un peque\u00f1o almac\u00e9n.<\/p>\n","protected":false},"excerpt":{"rendered":"<p>Las obras se han ejecutado durante 17 meses, con un presupuesto que ha superado los 3,7 millones de euros<\/p>\n","protected":false},"author":1,"featured_media":40295,"comment_status":"open","ping_status":"closed","sticky":false,"template":"","format":"standard","meta":{"footnotes":""},"categories":[2],"tags":[],"class_list":["post-40294","post","type-post","status-publish","format-standard","has-post-thumbnail","hentry","category-ayuntamiento-pamplona"],"yoast_head":"<!-- This site is optimized with the Yoast SEO plugin v27.3 - https:\/\/yoast.com\/product\/yoast-seo-wordpress\/ -->\n<title>Concluyen las obras de la Escuela Infantil de Lezkairu con sus tejados a dos aguas, estructura en madera, eficiencia energ\u00e9tica y espacio interior en torno a una plaza central<\/title>\n<meta name=\"description\" content=\"Las obras se han ejecutado durante 17 meses, con un presupuesto que ha superado los 3,7 millones de euros\" \/>\n<meta name=\"robots\" content=\"index, follow, max-snippet:-1, max-image-preview:large, max-video-preview:-1\" \/>\n<link rel=\"canonical\" href=\"https:\/\/www.laguiadepamplona.com\/actualidad\/concluyen-las-obras-de-la-escuela-infantil-de-lezkairu-con-sus-tejados-a-dos-aguas-estructura-en-madera-eficiencia-energetica-y-espacio-interior-en-torno-a-una-plaza-central\/\" \/>\n<meta property=\"og:locale\" content=\"es_ES\" \/>\n<meta property=\"og:type\" content=\"article\" \/>\n<meta property=\"og:title\" content=\"Concluyen las obras de la Escuela Infantil de Lezkairu con sus tejados a dos aguas, estructura en madera, eficiencia energ\u00e9tica y espacio interior en torno a una plaza central\" \/>\n<meta property=\"og:description\" content=\"Las obras se han ejecutado durante 17 meses, con un presupuesto que ha superado los 3,7 millones de euros\" \/>\n<meta property=\"og:url\" content=\"https:\/\/www.laguiadepamplona.com\/actualidad\/concluyen-las-obras-de-la-escuela-infantil-de-lezkairu-con-sus-tejados-a-dos-aguas-estructura-en-madera-eficiencia-energetica-y-espacio-interior-en-torno-a-una-plaza-central\/\" \/>\n<meta property=\"og:site_name\" content=\"La Gu\u00eda de Pamplona\" \/>\n<meta property=\"article:publisher\" content=\"https:\/\/www.facebook.com\/laguiadepamplonacom-133175176762273\/?ref=hl\" \/>\n<meta property=\"article:published_time\" content=\"2022-05-11T09:07:59+00:00\" \/>\n<meta property=\"article:modified_time\" content=\"2023-04-11T09:48:13+00:00\" \/>\n<meta property=\"og:image\" content=\"https:\/\/www.laguiadepamplona.com\/actualidad\/wp-content\/uploads\/2022\/05\/obras-escuela-infantil-lezkairu-copia.webp\" \/>\n\t<meta property=\"og:image:width\" content=\"1920\" \/>\n\t<meta property=\"og:image:height\" content=\"1281\" \/>\n\t<meta property=\"og:image:type\" content=\"image\/webp\" \/>\n<meta name=\"author\" content=\"La Gu\u00eda de Pamplona\" \/>\n<meta name=\"twitter:card\" content=\"summary_large_image\" \/>\n<meta name=\"twitter:creator\" content=\"@LaGuiadPamplona\" \/>\n<meta name=\"twitter:site\" content=\"@LaGuiadPamplona\" \/>\n<meta name=\"twitter:label1\" content=\"Escrito por\" \/>\n\t<meta name=\"twitter:data1\" content=\"La Gu\u00eda de Pamplona\" \/>\n\t<meta name=\"twitter:label2\" content=\"Tiempo de lectura\" \/>\n\t<meta name=\"twitter:data2\" content=\"4 minutos\" \/>\n<script type=\"application\/ld+json\" class=\"yoast-schema-graph\">{\"@context\":\"https:\\\/\\\/schema.org\",\"@graph\":[{\"@type\":\"Article\",\"@id\":\"https:\\\/\\\/www.laguiadepamplona.com\\\/actualidad\\\/concluyen-las-obras-de-la-escuela-infantil-de-lezkairu-con-sus-tejados-a-dos-aguas-estructura-en-madera-eficiencia-energetica-y-espacio-interior-en-torno-a-una-plaza-central\\\/#article\",\"isPartOf\":{\"@id\":\"https:\\\/\\\/www.laguiadepamplona.com\\\/actualidad\\\/concluyen-las-obras-de-la-escuela-infantil-de-lezkairu-con-sus-tejados-a-dos-aguas-estructura-en-madera-eficiencia-energetica-y-espacio-interior-en-torno-a-una-plaza-central\\\/\"},\"author\":{\"name\":\"La Gu\u00eda de Pamplona\",\"@id\":\"https:\\\/\\\/www.laguiadepamplona.com\\\/actualidad\\\/#\\\/schema\\\/person\\\/efe887376f0213d4657c93adc50b1fdb\"},\"headline\":\"Concluyen las obras de la Escuela Infantil de Lezkairu con sus tejados a dos aguas, estructura en madera, eficiencia energ\u00e9tica y espacio interior en torno a una plaza central\",\"datePublished\":\"2022-05-11T09:07:59+00:00\",\"dateModified\":\"2023-04-11T09:48:13+00:00\",\"mainEntityOfPage\":{\"@id\":\"https:\\\/\\\/www.laguiadepamplona.com\\\/actualidad\\\/concluyen-las-obras-de-la-escuela-infantil-de-lezkairu-con-sus-tejados-a-dos-aguas-estructura-en-madera-eficiencia-energetica-y-espacio-interior-en-torno-a-una-plaza-central\\\/\"},\"wordCount\":843,\"commentCount\":0,\"publisher\":{\"@id\":\"https:\\\/\\\/www.laguiadepamplona.com\\\/actualidad\\\/#organization\"},\"image\":{\"@id\":\"https:\\\/\\\/www.laguiadepamplona.com\\\/actualidad\\\/concluyen-las-obras-de-la-escuela-infantil-de-lezkairu-con-sus-tejados-a-dos-aguas-estructura-en-madera-eficiencia-energetica-y-espacio-interior-en-torno-a-una-plaza-central\\\/#primaryimage\"},\"thumbnailUrl\":\"https:\\\/\\\/www.laguiadepamplona.com\\\/actualidad\\\/wp-content\\\/uploads\\\/2022\\\/05\\\/obras-escuela-infantil-lezkairu-copia.webp\",\"articleSection\":[\"Ayto Pamplona\"],\"inLanguage\":\"es\",\"potentialAction\":[{\"@type\":\"CommentAction\",\"name\":\"Comment\",\"target\":[\"https:\\\/\\\/www.laguiadepamplona.com\\\/actualidad\\\/concluyen-las-obras-de-la-escuela-infantil-de-lezkairu-con-sus-tejados-a-dos-aguas-estructura-en-madera-eficiencia-energetica-y-espacio-interior-en-torno-a-una-plaza-central\\\/#respond\"]}]},{\"@type\":\"WebPage\",\"@id\":\"https:\\\/\\\/www.laguiadepamplona.com\\\/actualidad\\\/concluyen-las-obras-de-la-escuela-infantil-de-lezkairu-con-sus-tejados-a-dos-aguas-estructura-en-madera-eficiencia-energetica-y-espacio-interior-en-torno-a-una-plaza-central\\\/\",\"url\":\"https:\\\/\\\/www.laguiadepamplona.com\\\/actualidad\\\/concluyen-las-obras-de-la-escuela-infantil-de-lezkairu-con-sus-tejados-a-dos-aguas-estructura-en-madera-eficiencia-energetica-y-espacio-interior-en-torno-a-una-plaza-central\\\/\",\"name\":\"Concluyen las obras de la Escuela Infantil de Lezkairu con sus tejados a dos aguas, estructura en madera, eficiencia energ\u00e9tica y espacio interior en torno a una plaza central\",\"isPartOf\":{\"@id\":\"https:\\\/\\\/www.laguiadepamplona.com\\\/actualidad\\\/#website\"},\"primaryImageOfPage\":{\"@id\":\"https:\\\/\\\/www.laguiadepamplona.com\\\/actualidad\\\/concluyen-las-obras-de-la-escuela-infantil-de-lezkairu-con-sus-tejados-a-dos-aguas-estructura-en-madera-eficiencia-energetica-y-espacio-interior-en-torno-a-una-plaza-central\\\/#primaryimage\"},\"image\":{\"@id\":\"https:\\\/\\\/www.laguiadepamplona.com\\\/actualidad\\\/concluyen-las-obras-de-la-escuela-infantil-de-lezkairu-con-sus-tejados-a-dos-aguas-estructura-en-madera-eficiencia-energetica-y-espacio-interior-en-torno-a-una-plaza-central\\\/#primaryimage\"},\"thumbnailUrl\":\"https:\\\/\\\/www.laguiadepamplona.com\\\/actualidad\\\/wp-content\\\/uploads\\\/2022\\\/05\\\/obras-escuela-infantil-lezkairu-copia.webp\",\"datePublished\":\"2022-05-11T09:07:59+00:00\",\"dateModified\":\"2023-04-11T09:48:13+00:00\",\"description\":\"Las obras se han ejecutado durante 17 meses, con un presupuesto que ha superado los 3,7 millones de euros\",\"breadcrumb\":{\"@id\":\"https:\\\/\\\/www.laguiadepamplona.com\\\/actualidad\\\/concluyen-las-obras-de-la-escuela-infantil-de-lezkairu-con-sus-tejados-a-dos-aguas-estructura-en-madera-eficiencia-energetica-y-espacio-interior-en-torno-a-una-plaza-central\\\/#breadcrumb\"},\"inLanguage\":\"es\",\"potentialAction\":[{\"@type\":\"ReadAction\",\"target\":[\"https:\\\/\\\/www.laguiadepamplona.com\\\/actualidad\\\/concluyen-las-obras-de-la-escuela-infantil-de-lezkairu-con-sus-tejados-a-dos-aguas-estructura-en-madera-eficiencia-energetica-y-espacio-interior-en-torno-a-una-plaza-central\\\/\"]}]},{\"@type\":\"ImageObject\",\"inLanguage\":\"es\",\"@id\":\"https:\\\/\\\/www.laguiadepamplona.com\\\/actualidad\\\/concluyen-las-obras-de-la-escuela-infantil-de-lezkairu-con-sus-tejados-a-dos-aguas-estructura-en-madera-eficiencia-energetica-y-espacio-interior-en-torno-a-una-plaza-central\\\/#primaryimage\",\"url\":\"https:\\\/\\\/www.laguiadepamplona.com\\\/actualidad\\\/wp-content\\\/uploads\\\/2022\\\/05\\\/obras-escuela-infantil-lezkairu-copia.webp\",\"contentUrl\":\"https:\\\/\\\/www.laguiadepamplona.com\\\/actualidad\\\/wp-content\\\/uploads\\\/2022\\\/05\\\/obras-escuela-infantil-lezkairu-copia.webp\",\"width\":1920,\"height\":1281},{\"@type\":\"BreadcrumbList\",\"@id\":\"https:\\\/\\\/www.laguiadepamplona.com\\\/actualidad\\\/concluyen-las-obras-de-la-escuela-infantil-de-lezkairu-con-sus-tejados-a-dos-aguas-estructura-en-madera-eficiencia-energetica-y-espacio-interior-en-torno-a-una-plaza-central\\\/#breadcrumb\",\"itemListElement\":[{\"@type\":\"ListItem\",\"position\":1,\"name\":\"Portada\",\"item\":\"https:\\\/\\\/www.laguiadepamplona.com\\\/actualidad\\\/\"},{\"@type\":\"ListItem\",\"position\":2,\"name\":\"Concluyen las obras de la Escuela Infantil de Lezkairu con sus tejados a dos aguas, estructura en madera, eficiencia energ\u00e9tica y espacio interior en torno a una plaza central\"}]},{\"@type\":\"WebSite\",\"@id\":\"https:\\\/\\\/www.laguiadepamplona.com\\\/actualidad\\\/#website\",\"url\":\"https:\\\/\\\/www.laguiadepamplona.com\\\/actualidad\\\/\",\"name\":\"La gu\u00eda de Pamplona\",\"description\":\"Noticias de Pamplona\",\"publisher\":{\"@id\":\"https:\\\/\\\/www.laguiadepamplona.com\\\/actualidad\\\/#organization\"},\"potentialAction\":[{\"@type\":\"SearchAction\",\"target\":{\"@type\":\"EntryPoint\",\"urlTemplate\":\"https:\\\/\\\/www.laguiadepamplona.com\\\/actualidad\\\/?s={search_term_string}\"},\"query-input\":{\"@type\":\"PropertyValueSpecification\",\"valueRequired\":true,\"valueName\":\"search_term_string\"}}],\"inLanguage\":\"es\"},{\"@type\":\"Organization\",\"@id\":\"https:\\\/\\\/www.laguiadepamplona.com\\\/actualidad\\\/#organization\",\"name\":\"La Gu\u00eda de Pamplona \\\/ Noticias\",\"url\":\"https:\\\/\\\/www.laguiadepamplona.com\\\/actualidad\\\/\",\"logo\":{\"@type\":\"ImageObject\",\"inLanguage\":\"es\",\"@id\":\"https:\\\/\\\/www.laguiadepamplona.com\\\/actualidad\\\/#\\\/schema\\\/logo\\\/image\\\/\",\"url\":\"https:\\\/\\\/www.laguiadepamplona.com\\\/actualidad\\\/wp-content\\\/uploads\\\/2018\\\/11\\\/logo-laguiadepamplona18-web1.png\",\"contentUrl\":\"https:\\\/\\\/www.laguiadepamplona.com\\\/actualidad\\\/wp-content\\\/uploads\\\/2018\\\/11\\\/logo-laguiadepamplona18-web1.png\",\"width\":600,\"height\":196,\"caption\":\"La Gu\u00eda de Pamplona \\\/ Noticias\"},\"image\":{\"@id\":\"https:\\\/\\\/www.laguiadepamplona.com\\\/actualidad\\\/#\\\/schema\\\/logo\\\/image\\\/\"},\"sameAs\":[\"https:\\\/\\\/www.facebook.com\\\/laguiadepamplonacom-133175176762273\\\/?ref=hl\",\"https:\\\/\\\/x.com\\\/LaGuiadPamplona\",\"https:\\\/\\\/www.instagram.com\\\/la_guia_de_pamplona\\\/\",\"https:\\\/\\\/www.youtube.com\\\/user\\\/laguiadepamplona\"]},{\"@type\":\"Person\",\"@id\":\"https:\\\/\\\/www.laguiadepamplona.com\\\/actualidad\\\/#\\\/schema\\\/person\\\/efe887376f0213d4657c93adc50b1fdb\",\"name\":\"La Gu\u00eda de Pamplona\",\"image\":{\"@type\":\"ImageObject\",\"inLanguage\":\"es\",\"@id\":\"https:\\\/\\\/secure.gravatar.com\\\/avatar\\\/b6992f131dc8d30ab0dff15446e9d346d9dbd95992de0fef795073f5ea83a81c?s=96&d=mm&r=g\",\"url\":\"https:\\\/\\\/secure.gravatar.com\\\/avatar\\\/b6992f131dc8d30ab0dff15446e9d346d9dbd95992de0fef795073f5ea83a81c?s=96&d=mm&r=g\",\"contentUrl\":\"https:\\\/\\\/secure.gravatar.com\\\/avatar\\\/b6992f131dc8d30ab0dff15446e9d346d9dbd95992de0fef795073f5ea83a81c?s=96&d=mm&r=g\",\"caption\":\"La Gu\u00eda de Pamplona\"}}]}<\/script>\n<!-- \/ Yoast SEO plugin. -->","yoast_head_json":{"title":"Concluyen las obras de la Escuela Infantil de Lezkairu con sus tejados a dos aguas, estructura en madera, eficiencia energ\u00e9tica y espacio interior en torno a una plaza central","description":"Las obras se han ejecutado durante 17 meses, con un presupuesto que ha superado los 3,7 millones de euros","robots":{"index":"index","follow":"follow","max-snippet":"max-snippet:-1","max-image-preview":"max-image-preview:large","max-video-preview":"max-video-preview:-1"},"canonical":"https:\/\/www.laguiadepamplona.com\/actualidad\/concluyen-las-obras-de-la-escuela-infantil-de-lezkairu-con-sus-tejados-a-dos-aguas-estructura-en-madera-eficiencia-energetica-y-espacio-interior-en-torno-a-una-plaza-central\/","og_locale":"es_ES","og_type":"article","og_title":"Concluyen las obras de la Escuela Infantil de Lezkairu con sus tejados a dos aguas, estructura en madera, eficiencia energ\u00e9tica y espacio interior en torno a una plaza central","og_description":"Las obras se han ejecutado durante 17 meses, con un presupuesto que ha superado los 3,7 millones de euros","og_url":"https:\/\/www.laguiadepamplona.com\/actualidad\/concluyen-las-obras-de-la-escuela-infantil-de-lezkairu-con-sus-tejados-a-dos-aguas-estructura-en-madera-eficiencia-energetica-y-espacio-interior-en-torno-a-una-plaza-central\/","og_site_name":"La Gu\u00eda de Pamplona","article_publisher":"https:\/\/www.facebook.com\/laguiadepamplonacom-133175176762273\/?ref=hl","article_published_time":"2022-05-11T09:07:59+00:00","article_modified_time":"2023-04-11T09:48:13+00:00","og_image":[{"width":1920,"height":1281,"url":"https:\/\/www.laguiadepamplona.com\/actualidad\/wp-content\/uploads\/2022\/05\/obras-escuela-infantil-lezkairu-copia.webp","type":"image\/webp"}],"author":"La Gu\u00eda de Pamplona","twitter_card":"summary_large_image","twitter_creator":"@LaGuiadPamplona","twitter_site":"@LaGuiadPamplona","twitter_misc":{"Escrito por":"La Gu\u00eda de Pamplona","Tiempo de lectura":"4 minutos"},"schema":{"@context":"https:\/\/schema.org","@graph":[{"@type":"Article","@id":"https:\/\/www.laguiadepamplona.com\/actualidad\/concluyen-las-obras-de-la-escuela-infantil-de-lezkairu-con-sus-tejados-a-dos-aguas-estructura-en-madera-eficiencia-energetica-y-espacio-interior-en-torno-a-una-plaza-central\/#article","isPartOf":{"@id":"https:\/\/www.laguiadepamplona.com\/actualidad\/concluyen-las-obras-de-la-escuela-infantil-de-lezkairu-con-sus-tejados-a-dos-aguas-estructura-en-madera-eficiencia-energetica-y-espacio-interior-en-torno-a-una-plaza-central\/"},"author":{"name":"La Gu\u00eda de Pamplona","@id":"https:\/\/www.laguiadepamplona.com\/actualidad\/#\/schema\/person\/efe887376f0213d4657c93adc50b1fdb"},"headline":"Concluyen las obras de la Escuela Infantil de Lezkairu con sus tejados a dos aguas, estructura en madera, eficiencia energ\u00e9tica y espacio interior en torno a una plaza central","datePublished":"2022-05-11T09:07:59+00:00","dateModified":"2023-04-11T09:48:13+00:00","mainEntityOfPage":{"@id":"https:\/\/www.laguiadepamplona.com\/actualidad\/concluyen-las-obras-de-la-escuela-infantil-de-lezkairu-con-sus-tejados-a-dos-aguas-estructura-en-madera-eficiencia-energetica-y-espacio-interior-en-torno-a-una-plaza-central\/"},"wordCount":843,"commentCount":0,"publisher":{"@id":"https:\/\/www.laguiadepamplona.com\/actualidad\/#organization"},"image":{"@id":"https:\/\/www.laguiadepamplona.com\/actualidad\/concluyen-las-obras-de-la-escuela-infantil-de-lezkairu-con-sus-tejados-a-dos-aguas-estructura-en-madera-eficiencia-energetica-y-espacio-interior-en-torno-a-una-plaza-central\/#primaryimage"},"thumbnailUrl":"https:\/\/www.laguiadepamplona.com\/actualidad\/wp-content\/uploads\/2022\/05\/obras-escuela-infantil-lezkairu-copia.webp","articleSection":["Ayto Pamplona"],"inLanguage":"es","potentialAction":[{"@type":"CommentAction","name":"Comment","target":["https:\/\/www.laguiadepamplona.com\/actualidad\/concluyen-las-obras-de-la-escuela-infantil-de-lezkairu-con-sus-tejados-a-dos-aguas-estructura-en-madera-eficiencia-energetica-y-espacio-interior-en-torno-a-una-plaza-central\/#respond"]}]},{"@type":"WebPage","@id":"https:\/\/www.laguiadepamplona.com\/actualidad\/concluyen-las-obras-de-la-escuela-infantil-de-lezkairu-con-sus-tejados-a-dos-aguas-estructura-en-madera-eficiencia-energetica-y-espacio-interior-en-torno-a-una-plaza-central\/","url":"https:\/\/www.laguiadepamplona.com\/actualidad\/concluyen-las-obras-de-la-escuela-infantil-de-lezkairu-con-sus-tejados-a-dos-aguas-estructura-en-madera-eficiencia-energetica-y-espacio-interior-en-torno-a-una-plaza-central\/","name":"Concluyen las obras de la Escuela Infantil de Lezkairu con sus tejados a dos aguas, estructura en madera, eficiencia energ\u00e9tica y espacio interior en torno a una plaza central","isPartOf":{"@id":"https:\/\/www.laguiadepamplona.com\/actualidad\/#website"},"primaryImageOfPage":{"@id":"https:\/\/www.laguiadepamplona.com\/actualidad\/concluyen-las-obras-de-la-escuela-infantil-de-lezkairu-con-sus-tejados-a-dos-aguas-estructura-en-madera-eficiencia-energetica-y-espacio-interior-en-torno-a-una-plaza-central\/#primaryimage"},"image":{"@id":"https:\/\/www.laguiadepamplona.com\/actualidad\/concluyen-las-obras-de-la-escuela-infantil-de-lezkairu-con-sus-tejados-a-dos-aguas-estructura-en-madera-eficiencia-energetica-y-espacio-interior-en-torno-a-una-plaza-central\/#primaryimage"},"thumbnailUrl":"https:\/\/www.laguiadepamplona.com\/actualidad\/wp-content\/uploads\/2022\/05\/obras-escuela-infantil-lezkairu-copia.webp","datePublished":"2022-05-11T09:07:59+00:00","dateModified":"2023-04-11T09:48:13+00:00","description":"Las obras se han ejecutado durante 17 meses, con un presupuesto que ha superado los 3,7 millones de euros","breadcrumb":{"@id":"https:\/\/www.laguiadepamplona.com\/actualidad\/concluyen-las-obras-de-la-escuela-infantil-de-lezkairu-con-sus-tejados-a-dos-aguas-estructura-en-madera-eficiencia-energetica-y-espacio-interior-en-torno-a-una-plaza-central\/#breadcrumb"},"inLanguage":"es","potentialAction":[{"@type":"ReadAction","target":["https:\/\/www.laguiadepamplona.com\/actualidad\/concluyen-las-obras-de-la-escuela-infantil-de-lezkairu-con-sus-tejados-a-dos-aguas-estructura-en-madera-eficiencia-energetica-y-espacio-interior-en-torno-a-una-plaza-central\/"]}]},{"@type":"ImageObject","inLanguage":"es","@id":"https:\/\/www.laguiadepamplona.com\/actualidad\/concluyen-las-obras-de-la-escuela-infantil-de-lezkairu-con-sus-tejados-a-dos-aguas-estructura-en-madera-eficiencia-energetica-y-espacio-interior-en-torno-a-una-plaza-central\/#primaryimage","url":"https:\/\/www.laguiadepamplona.com\/actualidad\/wp-content\/uploads\/2022\/05\/obras-escuela-infantil-lezkairu-copia.webp","contentUrl":"https:\/\/www.laguiadepamplona.com\/actualidad\/wp-content\/uploads\/2022\/05\/obras-escuela-infantil-lezkairu-copia.webp","width":1920,"height":1281},{"@type":"BreadcrumbList","@id":"https:\/\/www.laguiadepamplona.com\/actualidad\/concluyen-las-obras-de-la-escuela-infantil-de-lezkairu-con-sus-tejados-a-dos-aguas-estructura-en-madera-eficiencia-energetica-y-espacio-interior-en-torno-a-una-plaza-central\/#breadcrumb","itemListElement":[{"@type":"ListItem","position":1,"name":"Portada","item":"https:\/\/www.laguiadepamplona.com\/actualidad\/"},{"@type":"ListItem","position":2,"name":"Concluyen las obras de la Escuela Infantil de Lezkairu con sus tejados a dos aguas, estructura en madera, eficiencia energ\u00e9tica y espacio interior en torno a una plaza central"}]},{"@type":"WebSite","@id":"https:\/\/www.laguiadepamplona.com\/actualidad\/#website","url":"https:\/\/www.laguiadepamplona.com\/actualidad\/","name":"La gu\u00eda de Pamplona","description":"Noticias de Pamplona","publisher":{"@id":"https:\/\/www.laguiadepamplona.com\/actualidad\/#organization"},"potentialAction":[{"@type":"SearchAction","target":{"@type":"EntryPoint","urlTemplate":"https:\/\/www.laguiadepamplona.com\/actualidad\/?s={search_term_string}"},"query-input":{"@type":"PropertyValueSpecification","valueRequired":true,"valueName":"search_term_string"}}],"inLanguage":"es"},{"@type":"Organization","@id":"https:\/\/www.laguiadepamplona.com\/actualidad\/#organization","name":"La Gu\u00eda de Pamplona \/ Noticias","url":"https:\/\/www.laguiadepamplona.com\/actualidad\/","logo":{"@type":"ImageObject","inLanguage":"es","@id":"https:\/\/www.laguiadepamplona.com\/actualidad\/#\/schema\/logo\/image\/","url":"https:\/\/www.laguiadepamplona.com\/actualidad\/wp-content\/uploads\/2018\/11\/logo-laguiadepamplona18-web1.png","contentUrl":"https:\/\/www.laguiadepamplona.com\/actualidad\/wp-content\/uploads\/2018\/11\/logo-laguiadepamplona18-web1.png","width":600,"height":196,"caption":"La Gu\u00eda de Pamplona \/ Noticias"},"image":{"@id":"https:\/\/www.laguiadepamplona.com\/actualidad\/#\/schema\/logo\/image\/"},"sameAs":["https:\/\/www.facebook.com\/laguiadepamplonacom-133175176762273\/?ref=hl","https:\/\/x.com\/LaGuiadPamplona","https:\/\/www.instagram.com\/la_guia_de_pamplona\/","https:\/\/www.youtube.com\/user\/laguiadepamplona"]},{"@type":"Person","@id":"https:\/\/www.laguiadepamplona.com\/actualidad\/#\/schema\/person\/efe887376f0213d4657c93adc50b1fdb","name":"La Gu\u00eda de Pamplona","image":{"@type":"ImageObject","inLanguage":"es","@id":"https:\/\/secure.gravatar.com\/avatar\/b6992f131dc8d30ab0dff15446e9d346d9dbd95992de0fef795073f5ea83a81c?s=96&d=mm&r=g","url":"https:\/\/secure.gravatar.com\/avatar\/b6992f131dc8d30ab0dff15446e9d346d9dbd95992de0fef795073f5ea83a81c?s=96&d=mm&r=g","contentUrl":"https:\/\/secure.gravatar.com\/avatar\/b6992f131dc8d30ab0dff15446e9d346d9dbd95992de0fef795073f5ea83a81c?s=96&d=mm&r=g","caption":"La Gu\u00eda de Pamplona"}}]}},"post_mailing_queue_ids":[],"_links":{"self":[{"href":"https:\/\/www.laguiadepamplona.com\/actualidad\/wp-json\/wp\/v2\/posts\/40294","targetHints":{"allow":["GET"]}}],"collection":[{"href":"https:\/\/www.laguiadepamplona.com\/actualidad\/wp-json\/wp\/v2\/posts"}],"about":[{"href":"https:\/\/www.laguiadepamplona.com\/actualidad\/wp-json\/wp\/v2\/types\/post"}],"author":[{"embeddable":true,"href":"https:\/\/www.laguiadepamplona.com\/actualidad\/wp-json\/wp\/v2\/users\/1"}],"replies":[{"embeddable":true,"href":"https:\/\/www.laguiadepamplona.com\/actualidad\/wp-json\/wp\/v2\/comments?post=40294"}],"version-history":[{"count":0,"href":"https:\/\/www.laguiadepamplona.com\/actualidad\/wp-json\/wp\/v2\/posts\/40294\/revisions"}],"wp:featuredmedia":[{"embeddable":true,"href":"https:\/\/www.laguiadepamplona.com\/actualidad\/wp-json\/wp\/v2\/media\/40295"}],"wp:attachment":[{"href":"https:\/\/www.laguiadepamplona.com\/actualidad\/wp-json\/wp\/v2\/media?parent=40294"}],"wp:term":[{"taxonomy":"category","embeddable":true,"href":"https:\/\/www.laguiadepamplona.com\/actualidad\/wp-json\/wp\/v2\/categories?post=40294"},{"taxonomy":"post_tag","embeddable":true,"href":"https:\/\/www.laguiadepamplona.com\/actualidad\/wp-json\/wp\/v2\/tags?post=40294"}],"curies":[{"name":"wp","href":"https:\/\/api.w.org\/{rel}","templated":true}]}}