{"id":40291,"date":"2022-05-10T16:52:06","date_gmt":"2022-05-10T14:52:06","guid":{"rendered":"https:\/\/www.laguiadepamplona.com\/actualidad\/?p=40291"},"modified":"2023-04-11T11:48:13","modified_gmt":"2023-04-11T09:48:13","slug":"aquavox-san-agustin-celebra-este-jueves-el-fin-de-las-mascarillas-con-la-eliminacion-del-coste-de-la-matricula-para-nuevos-abonados","status":"publish","type":"post","link":"https:\/\/www.laguiadepamplona.com\/actualidad\/aquavox-san-agustin-celebra-este-jueves-el-fin-de-las-mascarillas-con-la-eliminacion-del-coste-de-la-matricula-para-nuevos-abonados\/","title":{"rendered":"Aquavox San Agust\u00edn celebra este jueves el fin de las mascarillas con la eliminaci\u00f3n del coste de la matr\u00edcula para nuevos abonados"},"content":{"rendered":"<h5>La campa\u00f1a \u2018Queremos verte sonre\u00edr\u2019 quiere aumentar el n\u00famero de abonados, que ronda ya los 2.000<\/h5>\n<p><!--more--><\/p>\n<p>El Aquavox San Agust\u00edn celebrar\u00e1 este jueves, d\u00eda 12, el fin de las mascarillas en interiores con una campa\u00f1a de captaci\u00f3n de nuevos abonados, mediante la eliminaci\u00f3n del coste de la matr\u00edcula, que asciende a 44,23 euros. De esta forma, todas aquellas personas que se inscriban en este balneario urbano este jueves abonar\u00e1n \u00fanicamente las cuotas mensuales. La iniciativa, que lleva por eslogan \u2018Queremos verte sonre\u00edr\u2019, se limitar\u00e1 a un \u00fanico d\u00eda y conf\u00eda en aumentar el n\u00famero de abonados, que en estos momentos es de 1.957.<br \/>\n<script async src=\"\/\/pagead2.googlesyndication.com\/pagead\/js\/adsbygoogle.js\"><\/script><br \/>\n<!-- Noticias La Guia de Pamplona --><br \/>\n<ins class=\"adsbygoogle\"\nstyle=\"display:block\"\ndata-ad-client=\"ca-pub-6943679897239327\"\ndata-ad-slot=\"7048180777\"\ndata-ad-format=\"auto\"><\/ins><br \/>\n<script>\n(adsbygoogle = window.adsbygoogle || []).push({});\n<\/script><\/p>\n<p>Las personas interesadas en beneficiarse de esta campa\u00f1a sin coste de matr\u00edcula deber\u00e1n dirigirse al propio Aquavox, ubicado en la calle San Agust\u00edn n\u00famero 9. Adem\u00e1s, pueden solicitar m\u00e1s informaci\u00f3n en el tel\u00e9fono 948 22 32 13 o en la web oficial <a href=\"http:\/\/www.aquavox.es\" target=\"_blank\" rel=\"noopener\">www.aquavox.es<\/a>.<\/p>\n<p>Este espacio, inaugurado en 2009, cuenta con una zona de balneario spa, con piscina de hidromasaje, zona de contrastes, duchas aromatizadas, pediluvio, fuente de hielo, saunas y zona de relax; as\u00ed como una piscina cubierta de nado y otra de actividades. Adem\u00e1s, ofrece una sala de spinning, otra de fitness, con m\u00e1quinas cardiovasculares, aparatos de fuerza y zona de peso libre, supervisada por personal profesional, y un espacio destinado a actividades, donde se imparten cursos de gimnasia para mayores, pilates, yoga, stretching o zumba, entre otros.<br \/>\n<script async src=\"\/\/pagead2.googlesyndication.com\/pagead\/js\/adsbygoogle.js\"><\/script><br \/>\n<!-- Noticias La Guia de Pamplona --><br \/>\n<ins class=\"adsbygoogle\"\nstyle=\"display:block\"\ndata-ad-client=\"ca-pub-6943679897239327\"\ndata-ad-slot=\"7048180777\"\ndata-ad-format=\"auto\"><\/ins><br \/>\n<script>\n(adsbygoogle = window.adsbygoogle || []).push({});\n<\/script><\/p>\n<p>La cuota mensual para los abonados var\u00eda en funci\u00f3n de la edad. De esta forma, los menores de entre 2 y 13 a\u00f1os pagan 17,93 euros. Las personas entre 14 y 24 a\u00f1os, 21,68 euros; y la poblaci\u00f3n de entre 25 y 64 a\u00f1os, 33 euros. La mensualidad para mayores de 65 a\u00f1os es de 17,93 euros. Adem\u00e1s, este colectivo puede acogerse a la modalidad de solo horario de ma\u00f1ana, de 8 a 14 horas, por un importe de 13,76 euros.<\/p>\n<p>Al margen de estas modalidades para abonados, existen otros abonos de 15 d\u00edas y 30 d\u00edas consecutivos, y entradas diarias, si bien en estos casos no se requiere el pago de matr\u00edcula, sino \u00fanicamente el coste del abono que oscila entre los 17,90 y los 65,95 euros, en funci\u00f3n de la duraci\u00f3n y la edad.<\/p>\n","protected":false},"excerpt":{"rendered":"<p>La campa\u00f1a \u2018Queremos verte sonre\u00edr\u2019 quiere aumentar el n\u00famero de abonados, que ronda ya los 2.000<\/p>\n","protected":false},"author":1,"featured_media":40292,"comment_status":"open","ping_status":"closed","sticky":false,"template":"","format":"standard","meta":{"footnotes":""},"categories":[2],"tags":[],"class_list":["post-40291","post","type-post","status-publish","format-standard","has-post-thumbnail","hentry","category-ayuntamiento-pamplona"],"yoast_head":"<!-- This site is optimized with the Yoast SEO plugin v27.3 - https:\/\/yoast.com\/product\/yoast-seo-wordpress\/ -->\n<title>Aquavox San Agust\u00edn celebra este jueves el fin de las mascarillas con la eliminaci\u00f3n del coste de la matr\u00edcula para nuevos abonados<\/title>\n<meta name=\"description\" content=\"La campa\u00f1a \u2018Queremos verte sonre\u00edr\u2019 quiere aumentar el n\u00famero de abonados, que ronda ya los 2.000\" \/>\n<meta name=\"robots\" content=\"index, follow, max-snippet:-1, max-image-preview:large, max-video-preview:-1\" \/>\n<link rel=\"canonical\" href=\"https:\/\/www.laguiadepamplona.com\/actualidad\/aquavox-san-agustin-celebra-este-jueves-el-fin-de-las-mascarillas-con-la-eliminacion-del-coste-de-la-matricula-para-nuevos-abonados\/\" \/>\n<meta property=\"og:locale\" content=\"es_ES\" \/>\n<meta property=\"og:type\" content=\"article\" \/>\n<meta property=\"og:title\" content=\"Aquavox San Agust\u00edn celebra este jueves el fin de las mascarillas con la eliminaci\u00f3n del coste de la matr\u00edcula para nuevos abonados\" \/>\n<meta property=\"og:description\" content=\"La campa\u00f1a \u2018Queremos verte sonre\u00edr\u2019 quiere aumentar el n\u00famero de abonados, que ronda ya los 2.000\" \/>\n<meta property=\"og:url\" content=\"https:\/\/www.laguiadepamplona.com\/actualidad\/aquavox-san-agustin-celebra-este-jueves-el-fin-de-las-mascarillas-con-la-eliminacion-del-coste-de-la-matricula-para-nuevos-abonados\/\" \/>\n<meta property=\"og:site_name\" content=\"La Gu\u00eda de Pamplona\" \/>\n<meta property=\"article:publisher\" content=\"https:\/\/www.facebook.com\/laguiadepamplonacom-133175176762273\/?ref=hl\" \/>\n<meta property=\"article:published_time\" content=\"2022-05-10T14:52:06+00:00\" \/>\n<meta property=\"article:modified_time\" content=\"2023-04-11T09:48:13+00:00\" \/>\n<meta property=\"og:image\" content=\"https:\/\/www.laguiadepamplona.com\/actualidad\/wp-content\/uploads\/2022\/05\/aquavox_exterior_5_0.webp\" \/>\n\t<meta property=\"og:image:width\" content=\"1920\" \/>\n\t<meta property=\"og:image:height\" content=\"1484\" \/>\n\t<meta property=\"og:image:type\" content=\"image\/webp\" \/>\n<meta name=\"author\" content=\"La Gu\u00eda de Pamplona\" \/>\n<meta name=\"twitter:card\" content=\"summary_large_image\" \/>\n<meta name=\"twitter:creator\" content=\"@LaGuiadPamplona\" \/>\n<meta name=\"twitter:site\" content=\"@LaGuiadPamplona\" \/>\n<meta name=\"twitter:label1\" content=\"Escrito por\" \/>\n\t<meta name=\"twitter:data1\" content=\"La Gu\u00eda de Pamplona\" \/>\n\t<meta name=\"twitter:label2\" content=\"Tiempo de lectura\" \/>\n\t<meta name=\"twitter:data2\" content=\"2 minutos\" \/>\n<script type=\"application\/ld+json\" class=\"yoast-schema-graph\">{\"@context\":\"https:\\\/\\\/schema.org\",\"@graph\":[{\"@type\":\"Article\",\"@id\":\"https:\\\/\\\/www.laguiadepamplona.com\\\/actualidad\\\/aquavox-san-agustin-celebra-este-jueves-el-fin-de-las-mascarillas-con-la-eliminacion-del-coste-de-la-matricula-para-nuevos-abonados\\\/#article\",\"isPartOf\":{\"@id\":\"https:\\\/\\\/www.laguiadepamplona.com\\\/actualidad\\\/aquavox-san-agustin-celebra-este-jueves-el-fin-de-las-mascarillas-con-la-eliminacion-del-coste-de-la-matricula-para-nuevos-abonados\\\/\"},\"author\":{\"name\":\"La Gu\u00eda de Pamplona\",\"@id\":\"https:\\\/\\\/www.laguiadepamplona.com\\\/actualidad\\\/#\\\/schema\\\/person\\\/efe887376f0213d4657c93adc50b1fdb\"},\"headline\":\"Aquavox San Agust\u00edn celebra este jueves el fin de las mascarillas con la eliminaci\u00f3n del coste de la matr\u00edcula para nuevos abonados\",\"datePublished\":\"2022-05-10T14:52:06+00:00\",\"dateModified\":\"2023-04-11T09:48:13+00:00\",\"mainEntityOfPage\":{\"@id\":\"https:\\\/\\\/www.laguiadepamplona.com\\\/actualidad\\\/aquavox-san-agustin-celebra-este-jueves-el-fin-de-las-mascarillas-con-la-eliminacion-del-coste-de-la-matricula-para-nuevos-abonados\\\/\"},\"wordCount\":406,\"commentCount\":0,\"publisher\":{\"@id\":\"https:\\\/\\\/www.laguiadepamplona.com\\\/actualidad\\\/#organization\"},\"image\":{\"@id\":\"https:\\\/\\\/www.laguiadepamplona.com\\\/actualidad\\\/aquavox-san-agustin-celebra-este-jueves-el-fin-de-las-mascarillas-con-la-eliminacion-del-coste-de-la-matricula-para-nuevos-abonados\\\/#primaryimage\"},\"thumbnailUrl\":\"https:\\\/\\\/www.laguiadepamplona.com\\\/actualidad\\\/wp-content\\\/uploads\\\/2022\\\/05\\\/aquavox_exterior_5_0.webp\",\"articleSection\":[\"Ayto Pamplona\"],\"inLanguage\":\"es\",\"potentialAction\":[{\"@type\":\"CommentAction\",\"name\":\"Comment\",\"target\":[\"https:\\\/\\\/www.laguiadepamplona.com\\\/actualidad\\\/aquavox-san-agustin-celebra-este-jueves-el-fin-de-las-mascarillas-con-la-eliminacion-del-coste-de-la-matricula-para-nuevos-abonados\\\/#respond\"]}]},{\"@type\":\"WebPage\",\"@id\":\"https:\\\/\\\/www.laguiadepamplona.com\\\/actualidad\\\/aquavox-san-agustin-celebra-este-jueves-el-fin-de-las-mascarillas-con-la-eliminacion-del-coste-de-la-matricula-para-nuevos-abonados\\\/\",\"url\":\"https:\\\/\\\/www.laguiadepamplona.com\\\/actualidad\\\/aquavox-san-agustin-celebra-este-jueves-el-fin-de-las-mascarillas-con-la-eliminacion-del-coste-de-la-matricula-para-nuevos-abonados\\\/\",\"name\":\"Aquavox San Agust\u00edn celebra este jueves el fin de las mascarillas con la eliminaci\u00f3n del coste de la matr\u00edcula para nuevos abonados\",\"isPartOf\":{\"@id\":\"https:\\\/\\\/www.laguiadepamplona.com\\\/actualidad\\\/#website\"},\"primaryImageOfPage\":{\"@id\":\"https:\\\/\\\/www.laguiadepamplona.com\\\/actualidad\\\/aquavox-san-agustin-celebra-este-jueves-el-fin-de-las-mascarillas-con-la-eliminacion-del-coste-de-la-matricula-para-nuevos-abonados\\\/#primaryimage\"},\"image\":{\"@id\":\"https:\\\/\\\/www.laguiadepamplona.com\\\/actualidad\\\/aquavox-san-agustin-celebra-este-jueves-el-fin-de-las-mascarillas-con-la-eliminacion-del-coste-de-la-matricula-para-nuevos-abonados\\\/#primaryimage\"},\"thumbnailUrl\":\"https:\\\/\\\/www.laguiadepamplona.com\\\/actualidad\\\/wp-content\\\/uploads\\\/2022\\\/05\\\/aquavox_exterior_5_0.webp\",\"datePublished\":\"2022-05-10T14:52:06+00:00\",\"dateModified\":\"2023-04-11T09:48:13+00:00\",\"description\":\"La campa\u00f1a \u2018Queremos verte sonre\u00edr\u2019 quiere aumentar el n\u00famero de abonados, que ronda ya los 2.000\",\"breadcrumb\":{\"@id\":\"https:\\\/\\\/www.laguiadepamplona.com\\\/actualidad\\\/aquavox-san-agustin-celebra-este-jueves-el-fin-de-las-mascarillas-con-la-eliminacion-del-coste-de-la-matricula-para-nuevos-abonados\\\/#breadcrumb\"},\"inLanguage\":\"es\",\"potentialAction\":[{\"@type\":\"ReadAction\",\"target\":[\"https:\\\/\\\/www.laguiadepamplona.com\\\/actualidad\\\/aquavox-san-agustin-celebra-este-jueves-el-fin-de-las-mascarillas-con-la-eliminacion-del-coste-de-la-matricula-para-nuevos-abonados\\\/\"]}]},{\"@type\":\"ImageObject\",\"inLanguage\":\"es\",\"@id\":\"https:\\\/\\\/www.laguiadepamplona.com\\\/actualidad\\\/aquavox-san-agustin-celebra-este-jueves-el-fin-de-las-mascarillas-con-la-eliminacion-del-coste-de-la-matricula-para-nuevos-abonados\\\/#primaryimage\",\"url\":\"https:\\\/\\\/www.laguiadepamplona.com\\\/actualidad\\\/wp-content\\\/uploads\\\/2022\\\/05\\\/aquavox_exterior_5_0.webp\",\"contentUrl\":\"https:\\\/\\\/www.laguiadepamplona.com\\\/actualidad\\\/wp-content\\\/uploads\\\/2022\\\/05\\\/aquavox_exterior_5_0.webp\",\"width\":1920,\"height\":1484},{\"@type\":\"BreadcrumbList\",\"@id\":\"https:\\\/\\\/www.laguiadepamplona.com\\\/actualidad\\\/aquavox-san-agustin-celebra-este-jueves-el-fin-de-las-mascarillas-con-la-eliminacion-del-coste-de-la-matricula-para-nuevos-abonados\\\/#breadcrumb\",\"itemListElement\":[{\"@type\":\"ListItem\",\"position\":1,\"name\":\"Portada\",\"item\":\"https:\\\/\\\/www.laguiadepamplona.com\\\/actualidad\\\/\"},{\"@type\":\"ListItem\",\"position\":2,\"name\":\"Aquavox San Agust\u00edn celebra este jueves el fin de las mascarillas con la eliminaci\u00f3n del coste de la matr\u00edcula para nuevos abonados\"}]},{\"@type\":\"WebSite\",\"@id\":\"https:\\\/\\\/www.laguiadepamplona.com\\\/actualidad\\\/#website\",\"url\":\"https:\\\/\\\/www.laguiadepamplona.com\\\/actualidad\\\/\",\"name\":\"La gu\u00eda de Pamplona\",\"description\":\"Noticias de Pamplona\",\"publisher\":{\"@id\":\"https:\\\/\\\/www.laguiadepamplona.com\\\/actualidad\\\/#organization\"},\"potentialAction\":[{\"@type\":\"SearchAction\",\"target\":{\"@type\":\"EntryPoint\",\"urlTemplate\":\"https:\\\/\\\/www.laguiadepamplona.com\\\/actualidad\\\/?s={search_term_string}\"},\"query-input\":{\"@type\":\"PropertyValueSpecification\",\"valueRequired\":true,\"valueName\":\"search_term_string\"}}],\"inLanguage\":\"es\"},{\"@type\":\"Organization\",\"@id\":\"https:\\\/\\\/www.laguiadepamplona.com\\\/actualidad\\\/#organization\",\"name\":\"La Gu\u00eda de Pamplona \\\/ Noticias\",\"url\":\"https:\\\/\\\/www.laguiadepamplona.com\\\/actualidad\\\/\",\"logo\":{\"@type\":\"ImageObject\",\"inLanguage\":\"es\",\"@id\":\"https:\\\/\\\/www.laguiadepamplona.com\\\/actualidad\\\/#\\\/schema\\\/logo\\\/image\\\/\",\"url\":\"https:\\\/\\\/www.laguiadepamplona.com\\\/actualidad\\\/wp-content\\\/uploads\\\/2018\\\/11\\\/logo-laguiadepamplona18-web1.png\",\"contentUrl\":\"https:\\\/\\\/www.laguiadepamplona.com\\\/actualidad\\\/wp-content\\\/uploads\\\/2018\\\/11\\\/logo-laguiadepamplona18-web1.png\",\"width\":600,\"height\":196,\"caption\":\"La Gu\u00eda de Pamplona \\\/ Noticias\"},\"image\":{\"@id\":\"https:\\\/\\\/www.laguiadepamplona.com\\\/actualidad\\\/#\\\/schema\\\/logo\\\/image\\\/\"},\"sameAs\":[\"https:\\\/\\\/www.facebook.com\\\/laguiadepamplonacom-133175176762273\\\/?ref=hl\",\"https:\\\/\\\/x.com\\\/LaGuiadPamplona\",\"https:\\\/\\\/www.instagram.com\\\/la_guia_de_pamplona\\\/\",\"https:\\\/\\\/www.youtube.com\\\/user\\\/laguiadepamplona\"]},{\"@type\":\"Person\",\"@id\":\"https:\\\/\\\/www.laguiadepamplona.com\\\/actualidad\\\/#\\\/schema\\\/person\\\/efe887376f0213d4657c93adc50b1fdb\",\"name\":\"La Gu\u00eda de Pamplona\",\"image\":{\"@type\":\"ImageObject\",\"inLanguage\":\"es\",\"@id\":\"https:\\\/\\\/secure.gravatar.com\\\/avatar\\\/b6992f131dc8d30ab0dff15446e9d346d9dbd95992de0fef795073f5ea83a81c?s=96&d=mm&r=g\",\"url\":\"https:\\\/\\\/secure.gravatar.com\\\/avatar\\\/b6992f131dc8d30ab0dff15446e9d346d9dbd95992de0fef795073f5ea83a81c?s=96&d=mm&r=g\",\"contentUrl\":\"https:\\\/\\\/secure.gravatar.com\\\/avatar\\\/b6992f131dc8d30ab0dff15446e9d346d9dbd95992de0fef795073f5ea83a81c?s=96&d=mm&r=g\",\"caption\":\"La Gu\u00eda de Pamplona\"}}]}<\/script>\n<!-- \/ Yoast SEO plugin. -->","yoast_head_json":{"title":"Aquavox San Agust\u00edn celebra este jueves el fin de las mascarillas con la eliminaci\u00f3n del coste de la matr\u00edcula para nuevos abonados","description":"La campa\u00f1a \u2018Queremos verte sonre\u00edr\u2019 quiere aumentar el n\u00famero de abonados, que ronda ya los 2.000","robots":{"index":"index","follow":"follow","max-snippet":"max-snippet:-1","max-image-preview":"max-image-preview:large","max-video-preview":"max-video-preview:-1"},"canonical":"https:\/\/www.laguiadepamplona.com\/actualidad\/aquavox-san-agustin-celebra-este-jueves-el-fin-de-las-mascarillas-con-la-eliminacion-del-coste-de-la-matricula-para-nuevos-abonados\/","og_locale":"es_ES","og_type":"article","og_title":"Aquavox San Agust\u00edn celebra este jueves el fin de las mascarillas con la eliminaci\u00f3n del coste de la matr\u00edcula para nuevos abonados","og_description":"La campa\u00f1a \u2018Queremos verte sonre\u00edr\u2019 quiere aumentar el n\u00famero de abonados, que ronda ya los 2.000","og_url":"https:\/\/www.laguiadepamplona.com\/actualidad\/aquavox-san-agustin-celebra-este-jueves-el-fin-de-las-mascarillas-con-la-eliminacion-del-coste-de-la-matricula-para-nuevos-abonados\/","og_site_name":"La Gu\u00eda de Pamplona","article_publisher":"https:\/\/www.facebook.com\/laguiadepamplonacom-133175176762273\/?ref=hl","article_published_time":"2022-05-10T14:52:06+00:00","article_modified_time":"2023-04-11T09:48:13+00:00","og_image":[{"width":1920,"height":1484,"url":"https:\/\/www.laguiadepamplona.com\/actualidad\/wp-content\/uploads\/2022\/05\/aquavox_exterior_5_0.webp","type":"image\/webp"}],"author":"La Gu\u00eda de Pamplona","twitter_card":"summary_large_image","twitter_creator":"@LaGuiadPamplona","twitter_site":"@LaGuiadPamplona","twitter_misc":{"Escrito por":"La Gu\u00eda de Pamplona","Tiempo de lectura":"2 minutos"},"schema":{"@context":"https:\/\/schema.org","@graph":[{"@type":"Article","@id":"https:\/\/www.laguiadepamplona.com\/actualidad\/aquavox-san-agustin-celebra-este-jueves-el-fin-de-las-mascarillas-con-la-eliminacion-del-coste-de-la-matricula-para-nuevos-abonados\/#article","isPartOf":{"@id":"https:\/\/www.laguiadepamplona.com\/actualidad\/aquavox-san-agustin-celebra-este-jueves-el-fin-de-las-mascarillas-con-la-eliminacion-del-coste-de-la-matricula-para-nuevos-abonados\/"},"author":{"name":"La Gu\u00eda de Pamplona","@id":"https:\/\/www.laguiadepamplona.com\/actualidad\/#\/schema\/person\/efe887376f0213d4657c93adc50b1fdb"},"headline":"Aquavox San Agust\u00edn celebra este jueves el fin de las mascarillas con la eliminaci\u00f3n del coste de la matr\u00edcula para nuevos abonados","datePublished":"2022-05-10T14:52:06+00:00","dateModified":"2023-04-11T09:48:13+00:00","mainEntityOfPage":{"@id":"https:\/\/www.laguiadepamplona.com\/actualidad\/aquavox-san-agustin-celebra-este-jueves-el-fin-de-las-mascarillas-con-la-eliminacion-del-coste-de-la-matricula-para-nuevos-abonados\/"},"wordCount":406,"commentCount":0,"publisher":{"@id":"https:\/\/www.laguiadepamplona.com\/actualidad\/#organization"},"image":{"@id":"https:\/\/www.laguiadepamplona.com\/actualidad\/aquavox-san-agustin-celebra-este-jueves-el-fin-de-las-mascarillas-con-la-eliminacion-del-coste-de-la-matricula-para-nuevos-abonados\/#primaryimage"},"thumbnailUrl":"https:\/\/www.laguiadepamplona.com\/actualidad\/wp-content\/uploads\/2022\/05\/aquavox_exterior_5_0.webp","articleSection":["Ayto Pamplona"],"inLanguage":"es","potentialAction":[{"@type":"CommentAction","name":"Comment","target":["https:\/\/www.laguiadepamplona.com\/actualidad\/aquavox-san-agustin-celebra-este-jueves-el-fin-de-las-mascarillas-con-la-eliminacion-del-coste-de-la-matricula-para-nuevos-abonados\/#respond"]}]},{"@type":"WebPage","@id":"https:\/\/www.laguiadepamplona.com\/actualidad\/aquavox-san-agustin-celebra-este-jueves-el-fin-de-las-mascarillas-con-la-eliminacion-del-coste-de-la-matricula-para-nuevos-abonados\/","url":"https:\/\/www.laguiadepamplona.com\/actualidad\/aquavox-san-agustin-celebra-este-jueves-el-fin-de-las-mascarillas-con-la-eliminacion-del-coste-de-la-matricula-para-nuevos-abonados\/","name":"Aquavox San Agust\u00edn celebra este jueves el fin de las mascarillas con la eliminaci\u00f3n del coste de la matr\u00edcula para nuevos abonados","isPartOf":{"@id":"https:\/\/www.laguiadepamplona.com\/actualidad\/#website"},"primaryImageOfPage":{"@id":"https:\/\/www.laguiadepamplona.com\/actualidad\/aquavox-san-agustin-celebra-este-jueves-el-fin-de-las-mascarillas-con-la-eliminacion-del-coste-de-la-matricula-para-nuevos-abonados\/#primaryimage"},"image":{"@id":"https:\/\/www.laguiadepamplona.com\/actualidad\/aquavox-san-agustin-celebra-este-jueves-el-fin-de-las-mascarillas-con-la-eliminacion-del-coste-de-la-matricula-para-nuevos-abonados\/#primaryimage"},"thumbnailUrl":"https:\/\/www.laguiadepamplona.com\/actualidad\/wp-content\/uploads\/2022\/05\/aquavox_exterior_5_0.webp","datePublished":"2022-05-10T14:52:06+00:00","dateModified":"2023-04-11T09:48:13+00:00","description":"La campa\u00f1a \u2018Queremos verte sonre\u00edr\u2019 quiere aumentar el n\u00famero de abonados, que ronda ya los 2.000","breadcrumb":{"@id":"https:\/\/www.laguiadepamplona.com\/actualidad\/aquavox-san-agustin-celebra-este-jueves-el-fin-de-las-mascarillas-con-la-eliminacion-del-coste-de-la-matricula-para-nuevos-abonados\/#breadcrumb"},"inLanguage":"es","potentialAction":[{"@type":"ReadAction","target":["https:\/\/www.laguiadepamplona.com\/actualidad\/aquavox-san-agustin-celebra-este-jueves-el-fin-de-las-mascarillas-con-la-eliminacion-del-coste-de-la-matricula-para-nuevos-abonados\/"]}]},{"@type":"ImageObject","inLanguage":"es","@id":"https:\/\/www.laguiadepamplona.com\/actualidad\/aquavox-san-agustin-celebra-este-jueves-el-fin-de-las-mascarillas-con-la-eliminacion-del-coste-de-la-matricula-para-nuevos-abonados\/#primaryimage","url":"https:\/\/www.laguiadepamplona.com\/actualidad\/wp-content\/uploads\/2022\/05\/aquavox_exterior_5_0.webp","contentUrl":"https:\/\/www.laguiadepamplona.com\/actualidad\/wp-content\/uploads\/2022\/05\/aquavox_exterior_5_0.webp","width":1920,"height":1484},{"@type":"BreadcrumbList","@id":"https:\/\/www.laguiadepamplona.com\/actualidad\/aquavox-san-agustin-celebra-este-jueves-el-fin-de-las-mascarillas-con-la-eliminacion-del-coste-de-la-matricula-para-nuevos-abonados\/#breadcrumb","itemListElement":[{"@type":"ListItem","position":1,"name":"Portada","item":"https:\/\/www.laguiadepamplona.com\/actualidad\/"},{"@type":"ListItem","position":2,"name":"Aquavox San Agust\u00edn celebra este jueves el fin de las mascarillas con la eliminaci\u00f3n del coste de la matr\u00edcula para nuevos abonados"}]},{"@type":"WebSite","@id":"https:\/\/www.laguiadepamplona.com\/actualidad\/#website","url":"https:\/\/www.laguiadepamplona.com\/actualidad\/","name":"La gu\u00eda de Pamplona","description":"Noticias de Pamplona","publisher":{"@id":"https:\/\/www.laguiadepamplona.com\/actualidad\/#organization"},"potentialAction":[{"@type":"SearchAction","target":{"@type":"EntryPoint","urlTemplate":"https:\/\/www.laguiadepamplona.com\/actualidad\/?s={search_term_string}"},"query-input":{"@type":"PropertyValueSpecification","valueRequired":true,"valueName":"search_term_string"}}],"inLanguage":"es"},{"@type":"Organization","@id":"https:\/\/www.laguiadepamplona.com\/actualidad\/#organization","name":"La Gu\u00eda de Pamplona \/ Noticias","url":"https:\/\/www.laguiadepamplona.com\/actualidad\/","logo":{"@type":"ImageObject","inLanguage":"es","@id":"https:\/\/www.laguiadepamplona.com\/actualidad\/#\/schema\/logo\/image\/","url":"https:\/\/www.laguiadepamplona.com\/actualidad\/wp-content\/uploads\/2018\/11\/logo-laguiadepamplona18-web1.png","contentUrl":"https:\/\/www.laguiadepamplona.com\/actualidad\/wp-content\/uploads\/2018\/11\/logo-laguiadepamplona18-web1.png","width":600,"height":196,"caption":"La Gu\u00eda de Pamplona \/ Noticias"},"image":{"@id":"https:\/\/www.laguiadepamplona.com\/actualidad\/#\/schema\/logo\/image\/"},"sameAs":["https:\/\/www.facebook.com\/laguiadepamplonacom-133175176762273\/?ref=hl","https:\/\/x.com\/LaGuiadPamplona","https:\/\/www.instagram.com\/la_guia_de_pamplona\/","https:\/\/www.youtube.com\/user\/laguiadepamplona"]},{"@type":"Person","@id":"https:\/\/www.laguiadepamplona.com\/actualidad\/#\/schema\/person\/efe887376f0213d4657c93adc50b1fdb","name":"La Gu\u00eda de Pamplona","image":{"@type":"ImageObject","inLanguage":"es","@id":"https:\/\/secure.gravatar.com\/avatar\/b6992f131dc8d30ab0dff15446e9d346d9dbd95992de0fef795073f5ea83a81c?s=96&d=mm&r=g","url":"https:\/\/secure.gravatar.com\/avatar\/b6992f131dc8d30ab0dff15446e9d346d9dbd95992de0fef795073f5ea83a81c?s=96&d=mm&r=g","contentUrl":"https:\/\/secure.gravatar.com\/avatar\/b6992f131dc8d30ab0dff15446e9d346d9dbd95992de0fef795073f5ea83a81c?s=96&d=mm&r=g","caption":"La Gu\u00eda de Pamplona"}}]}},"post_mailing_queue_ids":[],"_links":{"self":[{"href":"https:\/\/www.laguiadepamplona.com\/actualidad\/wp-json\/wp\/v2\/posts\/40291","targetHints":{"allow":["GET"]}}],"collection":[{"href":"https:\/\/www.laguiadepamplona.com\/actualidad\/wp-json\/wp\/v2\/posts"}],"about":[{"href":"https:\/\/www.laguiadepamplona.com\/actualidad\/wp-json\/wp\/v2\/types\/post"}],"author":[{"embeddable":true,"href":"https:\/\/www.laguiadepamplona.com\/actualidad\/wp-json\/wp\/v2\/users\/1"}],"replies":[{"embeddable":true,"href":"https:\/\/www.laguiadepamplona.com\/actualidad\/wp-json\/wp\/v2\/comments?post=40291"}],"version-history":[{"count":0,"href":"https:\/\/www.laguiadepamplona.com\/actualidad\/wp-json\/wp\/v2\/posts\/40291\/revisions"}],"wp:featuredmedia":[{"embeddable":true,"href":"https:\/\/www.laguiadepamplona.com\/actualidad\/wp-json\/wp\/v2\/media\/40292"}],"wp:attachment":[{"href":"https:\/\/www.laguiadepamplona.com\/actualidad\/wp-json\/wp\/v2\/media?parent=40291"}],"wp:term":[{"taxonomy":"category","embeddable":true,"href":"https:\/\/www.laguiadepamplona.com\/actualidad\/wp-json\/wp\/v2\/categories?post=40291"},{"taxonomy":"post_tag","embeddable":true,"href":"https:\/\/www.laguiadepamplona.com\/actualidad\/wp-json\/wp\/v2\/tags?post=40291"}],"curies":[{"name":"wp","href":"https:\/\/api.w.org\/{rel}","templated":true}]}}