{"id":40288,"date":"2022-05-10T13:37:53","date_gmt":"2022-05-10T11:37:53","guid":{"rendered":"https:\/\/www.laguiadepamplona.com\/actualidad\/?p=40288"},"modified":"2023-04-11T11:48:13","modified_gmt":"2023-04-11T09:48:13","slug":"el-area-de-servicios-para-autocaravanas-de-pamplona-registro-en-semana-santa-un-100-de-ocupacion","status":"publish","type":"post","link":"https:\/\/www.laguiadepamplona.com\/actualidad\/el-area-de-servicios-para-autocaravanas-de-pamplona-registro-en-semana-santa-un-100-de-ocupacion\/","title":{"rendered":"El \u00e1rea de servicios para autocaravanas de Pamplona registr\u00f3 en Semana Santa un 100% de ocupaci\u00f3n"},"content":{"rendered":"<h5>Este espacio dispone de 33 plazas, que permiten una estancia m\u00e1xima de 48 horas a la semana<\/h5>\n<p><!--more--><\/p>\n<p>El \u00e1rea de servicios para autocaravanas de Pamplona, ubicada en Trinitarios, ha registrado plena ocupaci\u00f3n durante la pasada Semana Santa, con un total de 397 usuarios entre los d\u00edas 14 y 24 de abril. De esta forma, y despu\u00e9s de dos a\u00f1os condicionados por la pandemia del COVID-19, se superan los datos de 2019, cuando la ocupaci\u00f3n fue del 94%.<br \/>\n<script async src=\"\/\/pagead2.googlesyndication.com\/pagead\/js\/adsbygoogle.js\"><\/script><br \/>\n<!-- Noticias La Guia de Pamplona --><br \/>\n<ins class=\"adsbygoogle\"\nstyle=\"display:block\"\ndata-ad-client=\"ca-pub-6943679897239327\"\ndata-ad-slot=\"7048180777\"\ndata-ad-format=\"auto\"><\/ins><br \/>\n<script>\n(adsbygoogle = window.adsbygoogle || []).push({});\n<\/script><\/p>\n<p>Los datos de Semana Santa reflejan una vuelta a la normalidad y un creciente inter\u00e9s por el turismo de proximidad y familiar, en el que el uso de autocaravanas se ha extendido en los \u00faltimos a\u00f1os como alternativa de movilidad. Esta \u00e1rea de servicios, que se puso en marcha en julio de 2017, cuenta con 33 plazas, que permiten una estancia m\u00e1xima continuada de 48 horas a la semana. En 2019, la tasa de ocupaci\u00f3n fue del 93,94% en el mismo periodo de Semana Santa y Semana de Pascua. La cifra este 2022 ha superado el 100%, debido precisamente a esa rotaci\u00f3n que permite este espacio. En 2020 el \u00e1rea estuvo cerrada debido a la pandemia y en 2021 se abri\u00f3 con restricciones de aforo, lo que condicion\u00f3 que la ocupaci\u00f3n fuera del 12%.<\/p>\n<p>En esta ocasi\u00f3n se han contabilizado los d\u00edas entre el 14 y 24 de abril, con dos periodos diferenciados. As\u00ed, entre Jueves Santo y el Domingo de Resurrecci\u00f3n (del 14 al 17 de abril) la ocupaci\u00f3n fue del 100%. En la Semana de Pascua, del 18 al 24 de abril, la afluencia oscil\u00f3 entre el 80 y el 100% en funci\u00f3n de los d\u00edas.<br \/>\n<script async src=\"\/\/pagead2.googlesyndication.com\/pagead\/js\/adsbygoogle.js\"><\/script><br \/>\n<!-- Noticias La Guia de Pamplona --><br \/>\n<ins class=\"adsbygoogle\"\nstyle=\"display:block\"\ndata-ad-client=\"ca-pub-6943679897239327\"\ndata-ad-slot=\"7048180777\"\ndata-ad-format=\"auto\"><\/ins><br \/>\n<script>\n(adsbygoogle = window.adsbygoogle || []).push({});\n<\/script><\/p>\n<p>Ubicado entre la calle Biurdana, la avenida de Gipuzkoa y el Centro de Atenci\u00f3n a Personas sin hogar, esta \u00e1rea de servicios ofrece dos modalidades de acceso para veh\u00edculos tipificados como autocaravanas: la de vaciado y la de pernoctaci\u00f3n. La primera est\u00e1 estipulada para evacuaci\u00f3n de residuos o llenado de dep\u00f3sito de agua potable y tiene una tarifa de 2 euros. La pernoctaci\u00f3n cuesta 10 euros por d\u00eda o fracci\u00f3n excepto del 5 al 15 de julio que asciende a 20 euros por d\u00eda o fracci\u00f3n. Se trata de una zona regulada, videovigilada con c\u00e1maras que se integran en el sistema de seguridad del Ayuntamiento, y con comunicaci\u00f3n directa con el centro de control.<\/p>\n","protected":false},"excerpt":{"rendered":"<p>Este espacio dispone de 33 plazas, que permiten una estancia m\u00e1xima de 48 horas a la semana<\/p>\n","protected":false},"author":1,"featured_media":40289,"comment_status":"open","ping_status":"closed","sticky":false,"template":"","format":"standard","meta":{"footnotes":""},"categories":[2],"tags":[],"class_list":["post-40288","post","type-post","status-publish","format-standard","has-post-thumbnail","hentry","category-ayuntamiento-pamplona"],"yoast_head":"<!-- This site is optimized with the Yoast SEO plugin v27.3 - https:\/\/yoast.com\/product\/yoast-seo-wordpress\/ -->\n<title>El \u00e1rea de servicios para autocaravanas de Pamplona registr\u00f3 en Semana Santa un 100% de ocupaci\u00f3n<\/title>\n<meta name=\"description\" content=\"Este espacio dispone de 33 plazas, que permiten una estancia m\u00e1xima de 48 horas a la semana\" \/>\n<meta name=\"robots\" content=\"index, follow, max-snippet:-1, max-image-preview:large, max-video-preview:-1\" \/>\n<link rel=\"canonical\" href=\"https:\/\/www.laguiadepamplona.com\/actualidad\/el-area-de-servicios-para-autocaravanas-de-pamplona-registro-en-semana-santa-un-100-de-ocupacion\/\" \/>\n<meta property=\"og:locale\" content=\"es_ES\" \/>\n<meta property=\"og:type\" content=\"article\" \/>\n<meta property=\"og:title\" content=\"El \u00e1rea de servicios para autocaravanas de Pamplona registr\u00f3 en Semana Santa un 100% de ocupaci\u00f3n\" \/>\n<meta property=\"og:description\" content=\"Este espacio dispone de 33 plazas, que permiten una estancia m\u00e1xima de 48 horas a la semana\" \/>\n<meta property=\"og:url\" content=\"https:\/\/www.laguiadepamplona.com\/actualidad\/el-area-de-servicios-para-autocaravanas-de-pamplona-registro-en-semana-santa-un-100-de-ocupacion\/\" \/>\n<meta property=\"og:site_name\" content=\"La Gu\u00eda de Pamplona\" \/>\n<meta property=\"article:publisher\" content=\"https:\/\/www.facebook.com\/laguiadepamplonacom-133175176762273\/?ref=hl\" \/>\n<meta property=\"article:published_time\" content=\"2022-05-10T11:37:53+00:00\" \/>\n<meta property=\"article:modified_time\" content=\"2023-04-11T09:48:13+00:00\" \/>\n<meta property=\"og:image\" content=\"https:\/\/www.laguiadepamplona.com\/actualidad\/wp-content\/uploads\/2022\/05\/autocaravanas-pamplona-copia.webp\" \/>\n\t<meta property=\"og:image:width\" content=\"2362\" \/>\n\t<meta property=\"og:image:height\" content=\"1577\" \/>\n\t<meta property=\"og:image:type\" content=\"image\/webp\" \/>\n<meta name=\"author\" content=\"La Gu\u00eda de Pamplona\" \/>\n<meta name=\"twitter:card\" content=\"summary_large_image\" \/>\n<meta name=\"twitter:creator\" content=\"@LaGuiadPamplona\" \/>\n<meta name=\"twitter:site\" content=\"@LaGuiadPamplona\" \/>\n<meta name=\"twitter:label1\" content=\"Escrito por\" \/>\n\t<meta name=\"twitter:data1\" content=\"La Gu\u00eda de Pamplona\" \/>\n\t<meta name=\"twitter:label2\" content=\"Tiempo de lectura\" \/>\n\t<meta name=\"twitter:data2\" content=\"2 minutos\" \/>\n<script type=\"application\/ld+json\" class=\"yoast-schema-graph\">{\"@context\":\"https:\\\/\\\/schema.org\",\"@graph\":[{\"@type\":\"Article\",\"@id\":\"https:\\\/\\\/www.laguiadepamplona.com\\\/actualidad\\\/el-area-de-servicios-para-autocaravanas-de-pamplona-registro-en-semana-santa-un-100-de-ocupacion\\\/#article\",\"isPartOf\":{\"@id\":\"https:\\\/\\\/www.laguiadepamplona.com\\\/actualidad\\\/el-area-de-servicios-para-autocaravanas-de-pamplona-registro-en-semana-santa-un-100-de-ocupacion\\\/\"},\"author\":{\"name\":\"La Gu\u00eda de Pamplona\",\"@id\":\"https:\\\/\\\/www.laguiadepamplona.com\\\/actualidad\\\/#\\\/schema\\\/person\\\/efe887376f0213d4657c93adc50b1fdb\"},\"headline\":\"El \u00e1rea de servicios para autocaravanas de Pamplona registr\u00f3 en Semana Santa un 100% de ocupaci\u00f3n\",\"datePublished\":\"2022-05-10T11:37:53+00:00\",\"dateModified\":\"2023-04-11T09:48:13+00:00\",\"mainEntityOfPage\":{\"@id\":\"https:\\\/\\\/www.laguiadepamplona.com\\\/actualidad\\\/el-area-de-servicios-para-autocaravanas-de-pamplona-registro-en-semana-santa-un-100-de-ocupacion\\\/\"},\"wordCount\":404,\"commentCount\":0,\"publisher\":{\"@id\":\"https:\\\/\\\/www.laguiadepamplona.com\\\/actualidad\\\/#organization\"},\"image\":{\"@id\":\"https:\\\/\\\/www.laguiadepamplona.com\\\/actualidad\\\/el-area-de-servicios-para-autocaravanas-de-pamplona-registro-en-semana-santa-un-100-de-ocupacion\\\/#primaryimage\"},\"thumbnailUrl\":\"https:\\\/\\\/www.laguiadepamplona.com\\\/actualidad\\\/wp-content\\\/uploads\\\/2022\\\/05\\\/autocaravanas-pamplona-copia.webp\",\"articleSection\":[\"Ayto Pamplona\"],\"inLanguage\":\"es\",\"potentialAction\":[{\"@type\":\"CommentAction\",\"name\":\"Comment\",\"target\":[\"https:\\\/\\\/www.laguiadepamplona.com\\\/actualidad\\\/el-area-de-servicios-para-autocaravanas-de-pamplona-registro-en-semana-santa-un-100-de-ocupacion\\\/#respond\"]}]},{\"@type\":\"WebPage\",\"@id\":\"https:\\\/\\\/www.laguiadepamplona.com\\\/actualidad\\\/el-area-de-servicios-para-autocaravanas-de-pamplona-registro-en-semana-santa-un-100-de-ocupacion\\\/\",\"url\":\"https:\\\/\\\/www.laguiadepamplona.com\\\/actualidad\\\/el-area-de-servicios-para-autocaravanas-de-pamplona-registro-en-semana-santa-un-100-de-ocupacion\\\/\",\"name\":\"El \u00e1rea de servicios para autocaravanas de Pamplona registr\u00f3 en Semana Santa un 100% de ocupaci\u00f3n\",\"isPartOf\":{\"@id\":\"https:\\\/\\\/www.laguiadepamplona.com\\\/actualidad\\\/#website\"},\"primaryImageOfPage\":{\"@id\":\"https:\\\/\\\/www.laguiadepamplona.com\\\/actualidad\\\/el-area-de-servicios-para-autocaravanas-de-pamplona-registro-en-semana-santa-un-100-de-ocupacion\\\/#primaryimage\"},\"image\":{\"@id\":\"https:\\\/\\\/www.laguiadepamplona.com\\\/actualidad\\\/el-area-de-servicios-para-autocaravanas-de-pamplona-registro-en-semana-santa-un-100-de-ocupacion\\\/#primaryimage\"},\"thumbnailUrl\":\"https:\\\/\\\/www.laguiadepamplona.com\\\/actualidad\\\/wp-content\\\/uploads\\\/2022\\\/05\\\/autocaravanas-pamplona-copia.webp\",\"datePublished\":\"2022-05-10T11:37:53+00:00\",\"dateModified\":\"2023-04-11T09:48:13+00:00\",\"description\":\"Este espacio dispone de 33 plazas, que permiten una estancia m\u00e1xima de 48 horas a la semana\",\"breadcrumb\":{\"@id\":\"https:\\\/\\\/www.laguiadepamplona.com\\\/actualidad\\\/el-area-de-servicios-para-autocaravanas-de-pamplona-registro-en-semana-santa-un-100-de-ocupacion\\\/#breadcrumb\"},\"inLanguage\":\"es\",\"potentialAction\":[{\"@type\":\"ReadAction\",\"target\":[\"https:\\\/\\\/www.laguiadepamplona.com\\\/actualidad\\\/el-area-de-servicios-para-autocaravanas-de-pamplona-registro-en-semana-santa-un-100-de-ocupacion\\\/\"]}]},{\"@type\":\"ImageObject\",\"inLanguage\":\"es\",\"@id\":\"https:\\\/\\\/www.laguiadepamplona.com\\\/actualidad\\\/el-area-de-servicios-para-autocaravanas-de-pamplona-registro-en-semana-santa-un-100-de-ocupacion\\\/#primaryimage\",\"url\":\"https:\\\/\\\/www.laguiadepamplona.com\\\/actualidad\\\/wp-content\\\/uploads\\\/2022\\\/05\\\/autocaravanas-pamplona-copia.webp\",\"contentUrl\":\"https:\\\/\\\/www.laguiadepamplona.com\\\/actualidad\\\/wp-content\\\/uploads\\\/2022\\\/05\\\/autocaravanas-pamplona-copia.webp\",\"width\":2362,\"height\":1577},{\"@type\":\"BreadcrumbList\",\"@id\":\"https:\\\/\\\/www.laguiadepamplona.com\\\/actualidad\\\/el-area-de-servicios-para-autocaravanas-de-pamplona-registro-en-semana-santa-un-100-de-ocupacion\\\/#breadcrumb\",\"itemListElement\":[{\"@type\":\"ListItem\",\"position\":1,\"name\":\"Portada\",\"item\":\"https:\\\/\\\/www.laguiadepamplona.com\\\/actualidad\\\/\"},{\"@type\":\"ListItem\",\"position\":2,\"name\":\"El \u00e1rea de servicios para autocaravanas de Pamplona registr\u00f3 en Semana Santa un 100% de ocupaci\u00f3n\"}]},{\"@type\":\"WebSite\",\"@id\":\"https:\\\/\\\/www.laguiadepamplona.com\\\/actualidad\\\/#website\",\"url\":\"https:\\\/\\\/www.laguiadepamplona.com\\\/actualidad\\\/\",\"name\":\"La gu\u00eda de Pamplona\",\"description\":\"Noticias de Pamplona\",\"publisher\":{\"@id\":\"https:\\\/\\\/www.laguiadepamplona.com\\\/actualidad\\\/#organization\"},\"potentialAction\":[{\"@type\":\"SearchAction\",\"target\":{\"@type\":\"EntryPoint\",\"urlTemplate\":\"https:\\\/\\\/www.laguiadepamplona.com\\\/actualidad\\\/?s={search_term_string}\"},\"query-input\":{\"@type\":\"PropertyValueSpecification\",\"valueRequired\":true,\"valueName\":\"search_term_string\"}}],\"inLanguage\":\"es\"},{\"@type\":\"Organization\",\"@id\":\"https:\\\/\\\/www.laguiadepamplona.com\\\/actualidad\\\/#organization\",\"name\":\"La Gu\u00eda de Pamplona \\\/ Noticias\",\"url\":\"https:\\\/\\\/www.laguiadepamplona.com\\\/actualidad\\\/\",\"logo\":{\"@type\":\"ImageObject\",\"inLanguage\":\"es\",\"@id\":\"https:\\\/\\\/www.laguiadepamplona.com\\\/actualidad\\\/#\\\/schema\\\/logo\\\/image\\\/\",\"url\":\"https:\\\/\\\/www.laguiadepamplona.com\\\/actualidad\\\/wp-content\\\/uploads\\\/2018\\\/11\\\/logo-laguiadepamplona18-web1.png\",\"contentUrl\":\"https:\\\/\\\/www.laguiadepamplona.com\\\/actualidad\\\/wp-content\\\/uploads\\\/2018\\\/11\\\/logo-laguiadepamplona18-web1.png\",\"width\":600,\"height\":196,\"caption\":\"La Gu\u00eda de Pamplona \\\/ Noticias\"},\"image\":{\"@id\":\"https:\\\/\\\/www.laguiadepamplona.com\\\/actualidad\\\/#\\\/schema\\\/logo\\\/image\\\/\"},\"sameAs\":[\"https:\\\/\\\/www.facebook.com\\\/laguiadepamplonacom-133175176762273\\\/?ref=hl\",\"https:\\\/\\\/x.com\\\/LaGuiadPamplona\",\"https:\\\/\\\/www.instagram.com\\\/la_guia_de_pamplona\\\/\",\"https:\\\/\\\/www.youtube.com\\\/user\\\/laguiadepamplona\"]},{\"@type\":\"Person\",\"@id\":\"https:\\\/\\\/www.laguiadepamplona.com\\\/actualidad\\\/#\\\/schema\\\/person\\\/efe887376f0213d4657c93adc50b1fdb\",\"name\":\"La Gu\u00eda de Pamplona\",\"image\":{\"@type\":\"ImageObject\",\"inLanguage\":\"es\",\"@id\":\"https:\\\/\\\/secure.gravatar.com\\\/avatar\\\/b6992f131dc8d30ab0dff15446e9d346d9dbd95992de0fef795073f5ea83a81c?s=96&d=mm&r=g\",\"url\":\"https:\\\/\\\/secure.gravatar.com\\\/avatar\\\/b6992f131dc8d30ab0dff15446e9d346d9dbd95992de0fef795073f5ea83a81c?s=96&d=mm&r=g\",\"contentUrl\":\"https:\\\/\\\/secure.gravatar.com\\\/avatar\\\/b6992f131dc8d30ab0dff15446e9d346d9dbd95992de0fef795073f5ea83a81c?s=96&d=mm&r=g\",\"caption\":\"La Gu\u00eda de Pamplona\"}}]}<\/script>\n<!-- \/ Yoast SEO plugin. -->","yoast_head_json":{"title":"El \u00e1rea de servicios para autocaravanas de Pamplona registr\u00f3 en Semana Santa un 100% de ocupaci\u00f3n","description":"Este espacio dispone de 33 plazas, que permiten una estancia m\u00e1xima de 48 horas a la semana","robots":{"index":"index","follow":"follow","max-snippet":"max-snippet:-1","max-image-preview":"max-image-preview:large","max-video-preview":"max-video-preview:-1"},"canonical":"https:\/\/www.laguiadepamplona.com\/actualidad\/el-area-de-servicios-para-autocaravanas-de-pamplona-registro-en-semana-santa-un-100-de-ocupacion\/","og_locale":"es_ES","og_type":"article","og_title":"El \u00e1rea de servicios para autocaravanas de Pamplona registr\u00f3 en Semana Santa un 100% de ocupaci\u00f3n","og_description":"Este espacio dispone de 33 plazas, que permiten una estancia m\u00e1xima de 48 horas a la semana","og_url":"https:\/\/www.laguiadepamplona.com\/actualidad\/el-area-de-servicios-para-autocaravanas-de-pamplona-registro-en-semana-santa-un-100-de-ocupacion\/","og_site_name":"La Gu\u00eda de Pamplona","article_publisher":"https:\/\/www.facebook.com\/laguiadepamplonacom-133175176762273\/?ref=hl","article_published_time":"2022-05-10T11:37:53+00:00","article_modified_time":"2023-04-11T09:48:13+00:00","og_image":[{"width":2362,"height":1577,"url":"https:\/\/www.laguiadepamplona.com\/actualidad\/wp-content\/uploads\/2022\/05\/autocaravanas-pamplona-copia.webp","type":"image\/webp"}],"author":"La Gu\u00eda de Pamplona","twitter_card":"summary_large_image","twitter_creator":"@LaGuiadPamplona","twitter_site":"@LaGuiadPamplona","twitter_misc":{"Escrito por":"La Gu\u00eda de Pamplona","Tiempo de lectura":"2 minutos"},"schema":{"@context":"https:\/\/schema.org","@graph":[{"@type":"Article","@id":"https:\/\/www.laguiadepamplona.com\/actualidad\/el-area-de-servicios-para-autocaravanas-de-pamplona-registro-en-semana-santa-un-100-de-ocupacion\/#article","isPartOf":{"@id":"https:\/\/www.laguiadepamplona.com\/actualidad\/el-area-de-servicios-para-autocaravanas-de-pamplona-registro-en-semana-santa-un-100-de-ocupacion\/"},"author":{"name":"La Gu\u00eda de Pamplona","@id":"https:\/\/www.laguiadepamplona.com\/actualidad\/#\/schema\/person\/efe887376f0213d4657c93adc50b1fdb"},"headline":"El \u00e1rea de servicios para autocaravanas de Pamplona registr\u00f3 en Semana Santa un 100% de ocupaci\u00f3n","datePublished":"2022-05-10T11:37:53+00:00","dateModified":"2023-04-11T09:48:13+00:00","mainEntityOfPage":{"@id":"https:\/\/www.laguiadepamplona.com\/actualidad\/el-area-de-servicios-para-autocaravanas-de-pamplona-registro-en-semana-santa-un-100-de-ocupacion\/"},"wordCount":404,"commentCount":0,"publisher":{"@id":"https:\/\/www.laguiadepamplona.com\/actualidad\/#organization"},"image":{"@id":"https:\/\/www.laguiadepamplona.com\/actualidad\/el-area-de-servicios-para-autocaravanas-de-pamplona-registro-en-semana-santa-un-100-de-ocupacion\/#primaryimage"},"thumbnailUrl":"https:\/\/www.laguiadepamplona.com\/actualidad\/wp-content\/uploads\/2022\/05\/autocaravanas-pamplona-copia.webp","articleSection":["Ayto Pamplona"],"inLanguage":"es","potentialAction":[{"@type":"CommentAction","name":"Comment","target":["https:\/\/www.laguiadepamplona.com\/actualidad\/el-area-de-servicios-para-autocaravanas-de-pamplona-registro-en-semana-santa-un-100-de-ocupacion\/#respond"]}]},{"@type":"WebPage","@id":"https:\/\/www.laguiadepamplona.com\/actualidad\/el-area-de-servicios-para-autocaravanas-de-pamplona-registro-en-semana-santa-un-100-de-ocupacion\/","url":"https:\/\/www.laguiadepamplona.com\/actualidad\/el-area-de-servicios-para-autocaravanas-de-pamplona-registro-en-semana-santa-un-100-de-ocupacion\/","name":"El \u00e1rea de servicios para autocaravanas de Pamplona registr\u00f3 en Semana Santa un 100% de ocupaci\u00f3n","isPartOf":{"@id":"https:\/\/www.laguiadepamplona.com\/actualidad\/#website"},"primaryImageOfPage":{"@id":"https:\/\/www.laguiadepamplona.com\/actualidad\/el-area-de-servicios-para-autocaravanas-de-pamplona-registro-en-semana-santa-un-100-de-ocupacion\/#primaryimage"},"image":{"@id":"https:\/\/www.laguiadepamplona.com\/actualidad\/el-area-de-servicios-para-autocaravanas-de-pamplona-registro-en-semana-santa-un-100-de-ocupacion\/#primaryimage"},"thumbnailUrl":"https:\/\/www.laguiadepamplona.com\/actualidad\/wp-content\/uploads\/2022\/05\/autocaravanas-pamplona-copia.webp","datePublished":"2022-05-10T11:37:53+00:00","dateModified":"2023-04-11T09:48:13+00:00","description":"Este espacio dispone de 33 plazas, que permiten una estancia m\u00e1xima de 48 horas a la semana","breadcrumb":{"@id":"https:\/\/www.laguiadepamplona.com\/actualidad\/el-area-de-servicios-para-autocaravanas-de-pamplona-registro-en-semana-santa-un-100-de-ocupacion\/#breadcrumb"},"inLanguage":"es","potentialAction":[{"@type":"ReadAction","target":["https:\/\/www.laguiadepamplona.com\/actualidad\/el-area-de-servicios-para-autocaravanas-de-pamplona-registro-en-semana-santa-un-100-de-ocupacion\/"]}]},{"@type":"ImageObject","inLanguage":"es","@id":"https:\/\/www.laguiadepamplona.com\/actualidad\/el-area-de-servicios-para-autocaravanas-de-pamplona-registro-en-semana-santa-un-100-de-ocupacion\/#primaryimage","url":"https:\/\/www.laguiadepamplona.com\/actualidad\/wp-content\/uploads\/2022\/05\/autocaravanas-pamplona-copia.webp","contentUrl":"https:\/\/www.laguiadepamplona.com\/actualidad\/wp-content\/uploads\/2022\/05\/autocaravanas-pamplona-copia.webp","width":2362,"height":1577},{"@type":"BreadcrumbList","@id":"https:\/\/www.laguiadepamplona.com\/actualidad\/el-area-de-servicios-para-autocaravanas-de-pamplona-registro-en-semana-santa-un-100-de-ocupacion\/#breadcrumb","itemListElement":[{"@type":"ListItem","position":1,"name":"Portada","item":"https:\/\/www.laguiadepamplona.com\/actualidad\/"},{"@type":"ListItem","position":2,"name":"El \u00e1rea de servicios para autocaravanas de Pamplona registr\u00f3 en Semana Santa un 100% de ocupaci\u00f3n"}]},{"@type":"WebSite","@id":"https:\/\/www.laguiadepamplona.com\/actualidad\/#website","url":"https:\/\/www.laguiadepamplona.com\/actualidad\/","name":"La gu\u00eda de Pamplona","description":"Noticias de Pamplona","publisher":{"@id":"https:\/\/www.laguiadepamplona.com\/actualidad\/#organization"},"potentialAction":[{"@type":"SearchAction","target":{"@type":"EntryPoint","urlTemplate":"https:\/\/www.laguiadepamplona.com\/actualidad\/?s={search_term_string}"},"query-input":{"@type":"PropertyValueSpecification","valueRequired":true,"valueName":"search_term_string"}}],"inLanguage":"es"},{"@type":"Organization","@id":"https:\/\/www.laguiadepamplona.com\/actualidad\/#organization","name":"La Gu\u00eda de Pamplona \/ Noticias","url":"https:\/\/www.laguiadepamplona.com\/actualidad\/","logo":{"@type":"ImageObject","inLanguage":"es","@id":"https:\/\/www.laguiadepamplona.com\/actualidad\/#\/schema\/logo\/image\/","url":"https:\/\/www.laguiadepamplona.com\/actualidad\/wp-content\/uploads\/2018\/11\/logo-laguiadepamplona18-web1.png","contentUrl":"https:\/\/www.laguiadepamplona.com\/actualidad\/wp-content\/uploads\/2018\/11\/logo-laguiadepamplona18-web1.png","width":600,"height":196,"caption":"La Gu\u00eda de Pamplona \/ Noticias"},"image":{"@id":"https:\/\/www.laguiadepamplona.com\/actualidad\/#\/schema\/logo\/image\/"},"sameAs":["https:\/\/www.facebook.com\/laguiadepamplonacom-133175176762273\/?ref=hl","https:\/\/x.com\/LaGuiadPamplona","https:\/\/www.instagram.com\/la_guia_de_pamplona\/","https:\/\/www.youtube.com\/user\/laguiadepamplona"]},{"@type":"Person","@id":"https:\/\/www.laguiadepamplona.com\/actualidad\/#\/schema\/person\/efe887376f0213d4657c93adc50b1fdb","name":"La Gu\u00eda de Pamplona","image":{"@type":"ImageObject","inLanguage":"es","@id":"https:\/\/secure.gravatar.com\/avatar\/b6992f131dc8d30ab0dff15446e9d346d9dbd95992de0fef795073f5ea83a81c?s=96&d=mm&r=g","url":"https:\/\/secure.gravatar.com\/avatar\/b6992f131dc8d30ab0dff15446e9d346d9dbd95992de0fef795073f5ea83a81c?s=96&d=mm&r=g","contentUrl":"https:\/\/secure.gravatar.com\/avatar\/b6992f131dc8d30ab0dff15446e9d346d9dbd95992de0fef795073f5ea83a81c?s=96&d=mm&r=g","caption":"La Gu\u00eda de Pamplona"}}]}},"post_mailing_queue_ids":[],"_links":{"self":[{"href":"https:\/\/www.laguiadepamplona.com\/actualidad\/wp-json\/wp\/v2\/posts\/40288","targetHints":{"allow":["GET"]}}],"collection":[{"href":"https:\/\/www.laguiadepamplona.com\/actualidad\/wp-json\/wp\/v2\/posts"}],"about":[{"href":"https:\/\/www.laguiadepamplona.com\/actualidad\/wp-json\/wp\/v2\/types\/post"}],"author":[{"embeddable":true,"href":"https:\/\/www.laguiadepamplona.com\/actualidad\/wp-json\/wp\/v2\/users\/1"}],"replies":[{"embeddable":true,"href":"https:\/\/www.laguiadepamplona.com\/actualidad\/wp-json\/wp\/v2\/comments?post=40288"}],"version-history":[{"count":0,"href":"https:\/\/www.laguiadepamplona.com\/actualidad\/wp-json\/wp\/v2\/posts\/40288\/revisions"}],"wp:featuredmedia":[{"embeddable":true,"href":"https:\/\/www.laguiadepamplona.com\/actualidad\/wp-json\/wp\/v2\/media\/40289"}],"wp:attachment":[{"href":"https:\/\/www.laguiadepamplona.com\/actualidad\/wp-json\/wp\/v2\/media?parent=40288"}],"wp:term":[{"taxonomy":"category","embeddable":true,"href":"https:\/\/www.laguiadepamplona.com\/actualidad\/wp-json\/wp\/v2\/categories?post=40288"},{"taxonomy":"post_tag","embeddable":true,"href":"https:\/\/www.laguiadepamplona.com\/actualidad\/wp-json\/wp\/v2\/tags?post=40288"}],"curies":[{"name":"wp","href":"https:\/\/api.w.org\/{rel}","templated":true}]}}