{"id":40276,"date":"2022-05-10T13:20:18","date_gmt":"2022-05-10T11:20:18","guid":{"rendered":"https:\/\/www.laguiadepamplona.com\/actualidad\/?p=40276"},"modified":"2023-04-11T11:48:13","modified_gmt":"2023-04-11T09:48:13","slug":"el-ayuntamiento-colabora-con-la-viii-marcha-contra-el-cancer-en-pamplona-que-despues-de-dos-anos-volvera-a-las-calles-de-la-ciudad-el-proximo-29-de-mayo","status":"publish","type":"post","link":"https:\/\/www.laguiadepamplona.com\/actualidad\/el-ayuntamiento-colabora-con-la-viii-marcha-contra-el-cancer-en-pamplona-que-despues-de-dos-anos-volvera-a-las-calles-de-la-ciudad-el-proximo-29-de-mayo\/","title":{"rendered":"El Ayuntamiento colabora con la VIII Marcha Contra el C\u00e1ncer en Pamplona, que despu\u00e9s de dos a\u00f1os volver\u00e1 a las calles de la ciudad el pr\u00f3ximo 29 de mayo"},"content":{"rendered":"<h5>Organizada por la Asociaci\u00f3n Espa\u00f1ola contra el C\u00e1ncer, las inscripciones pueden realizarse hasta el pr\u00f3ximo d\u00eda 28 al precio de 8 euros<\/h5>\n<p><!--more--><\/p>\n<p><a href=\"https:\/\/www.laguiadepamplona.com\/actualidad\/wp-content\/uploads\/2022\/05\/cartel-marcha-contra-cancer.webp\"><img loading=\"lazy\" decoding=\"async\" class=\"alignleft size-medium wp-image-40278\" src=\"https:\/\/www.laguiadepamplona.com\/actualidad\/wp-content\/uploads\/2022\/05\/cartel-marcha-contra-cancer-209x300.webp\" alt=\"\" width=\"209\" height=\"300\" srcset=\"https:\/\/www.laguiadepamplona.com\/actualidad\/wp-content\/uploads\/2022\/05\/cartel-marcha-contra-cancer-209x300.webp 209w, https:\/\/www.laguiadepamplona.com\/actualidad\/wp-content\/uploads\/2022\/05\/cartel-marcha-contra-cancer-475x682.webp 475w, https:\/\/www.laguiadepamplona.com\/actualidad\/wp-content\/uploads\/2022\/05\/cartel-marcha-contra-cancer-768x1103.webp 768w, https:\/\/www.laguiadepamplona.com\/actualidad\/wp-content\/uploads\/2022\/05\/cartel-marcha-contra-cancer-1069x1536.webp 1069w, https:\/\/www.laguiadepamplona.com\/actualidad\/wp-content\/uploads\/2022\/05\/cartel-marcha-contra-cancer-640x919.webp 640w, https:\/\/www.laguiadepamplona.com\/actualidad\/wp-content\/uploads\/2022\/05\/cartel-marcha-contra-cancer.webp 1157w\" sizes=\"auto, (max-width: 209px) 100vw, 209px\" \/><\/a>El Ayuntamiento de Pamplona colabora un a\u00f1o m\u00e1s con la Asociaci\u00f3n Espa\u00f1ola contra el C\u00e1ncer en la organizaci\u00f3n de la \u2018VIII Marcha Contra el C\u00e1ncer por la investigaci\u00f3n\u2019, que tendr\u00e1 lugar el pr\u00f3ximo domingo 29 de mayo. Tras dos a\u00f1os en los que las restricciones derivadas de la pandemia no han permitido la salida de los participantes a la calle, este evento vuelve a su formato habitual con un recorrido de cinco kil\u00f3metros por la ciudad de Pamplona. Las inscripciones se pueden realizar hasta el d\u00eda previo a la carrera presencialmente en algunas de las sedes de entidades colaboradoras y online desde este mediod\u00eda a trav\u00e9s de la web <a href=\"https:\/\/www.rockthesport.com\/es\/evento\/viii-pamplona-en-marcha-contra-el-cancer\" target=\"_blank\" rel=\"noopener\">www.rockthesport.com<\/a>. El precio es de ocho euros, en los que se incluye la entrega de la camiseta oficial de la presente edici\u00f3n de la Marcha.<br \/>\n<script async src=\"\/\/pagead2.googlesyndication.com\/pagead\/js\/adsbygoogle.js\"><\/script><br \/>\n<!-- Noticias La Guia de Pamplona --><br \/>\n<ins class=\"adsbygoogle\"\nstyle=\"display:block\"\ndata-ad-client=\"ca-pub-6943679897239327\"\ndata-ad-slot=\"7048180777\"\ndata-ad-format=\"auto\"><\/ins><br \/>\n<script>\n(adsbygoogle = window.adsbygoogle || []).push({});\n<\/script><\/p>\n<p>El alcalde de Pamplona, Enrique Maya y el presidente de la delegaci\u00f3n navarra de la Asociaci\u00f3n Espa\u00f1ola Contra el C\u00e1ncer, Juan Franco, han presentado en rueda de prensa la octava edici\u00f3n de la \u2018Marcha contra el C\u00e1ncer por la investigaci\u00f3n\u2019. Un a\u00f1o m\u00e1s, el Consistorio apoya a esta entidad en la organizaci\u00f3n de un evento que moviliza por las calles de la ciudad a miles de personas, y en la que tambi\u00e9n participan una treintena de empresas, organismos y asociaciones de la Comunidad foral.<\/p>\n<p>La marcha partir\u00e1 el pr\u00f3ximo domingo d\u00eda 29 a las 11:00 de la ma\u00f1ana desde la Ciudadela y recorrer\u00e1 las calles de la ciudad a lo largo de cinco kil\u00f3metros, hasta llegar al punto final marcado en el Paseo Sarasate. El recorrido se puede realizar corriendo o caminando. Adem\u00e1s de la web para la venta online, las inscripciones se pueden realizar hasta el d\u00eda antes de la carrera en varios puntos de la ciudad, entre los que se encuentran la sede de la Asociaci\u00f3n Espa\u00f1ola Contra el C\u00e1ncer, en la calle R\u00edo Alzania, 31, en el barrio de Azpilaga\u00f1a. Tambi\u00e9n se pueden adquirir en la planta de deportes de \u2018El Corte Ingl\u00e9s\u2019, farmacias \u2018Farplus\u2019 o gimnasios \u2018Altafit\u2019. Adem\u00e1s de las participaciones en la carrera, la web <a href=\"https:\/\/www.rockthesport.com\/es\/evento\/viii-pamplona-en-marcha-contra-el-cancer\" target=\"_blank\" rel=\"noopener\">www.rockthesport.com<\/a> permite adquirir dorsales solidarios para colaborar con los fines de la asociaci\u00f3n en busca de mejorar la investigaci\u00f3n contra el c\u00e1ncer.<br \/>\n<script async src=\"\/\/pagead2.googlesyndication.com\/pagead\/js\/adsbygoogle.js\"><\/script><br \/>\n<!-- Noticias La Guia de Pamplona --><br \/>\n<ins class=\"adsbygoogle\"\nstyle=\"display:block\"\ndata-ad-client=\"ca-pub-6943679897239327\"\ndata-ad-slot=\"7048180777\"\ndata-ad-format=\"auto\"><\/ins><br \/>\n<script>\n(adsbygoogle = window.adsbygoogle || []).push({});\n<\/script><\/p>\n<p><strong>Una iniciativa asentada en el trabajo de lucha contra el c\u00e1ncer<\/strong><\/p>\n<p>La Asociaci\u00f3n Espa\u00f1ola Contra el\u00a0C\u00e1ncer es la entidad de referencia en la lucha contra el c\u00e1ncer desde hace 69 a\u00f1os. Dedica sus esfuerzos a mostrar la realidad del c\u00e1ncer en Espa\u00f1a, detectar \u00e1reas de mejora y poner en marcha un proceso de transformaci\u00f3n social que permita corregirlas para obtener un abordaje del c\u00e1ncer integral y multidisciplinar. A trav\u00e9s de su Fundaci\u00f3n Cient\u00edfica, la\u00a0<a href=\"https:\/\/www.contraelcancer.es\/es\" target=\"_blank\" rel=\"noopener\">Asociaci\u00f3n\u00a0<\/a>aglutina la demanda social de\u00a0<a href=\"https:\/\/www.contraelcancer.es\/es\/investigacion\/investigacion-al-dia\" target=\"_blank\" rel=\"noopener\">investigaci\u00f3n contra el c\u00e1ncer,\u00a0<\/a>financiando por concurso p\u00fablico programas de investigaci\u00f3n cient\u00edfica oncol\u00f3gica de calidad. Hoy en d\u00eda, es la entidad social y privada que m\u00e1s fondos destina a investigar el c\u00e1ncer: 92 millones de euros en 525 proyectos, en los que participan m\u00e1s de 1.000 investigadores.<\/p>\n<p>La Asociaci\u00f3n integra a pacientes, familiares, personas voluntarias y profesionales que trabajan unidos para prevenir, sensibilizar, acompa\u00f1ar a las personas afectadas y financiar proyectos de investigaci\u00f3n oncol\u00f3gica que permitir\u00e1n un mejor diagn\u00f3stico y\u00a0tratamiento del c\u00e1ncer. En total, durante el pasado a\u00f1o, la asociaci\u00f3n ha atendido a\u00a0136.000 personas afectadas por esta enfermedad.<\/p>\n","protected":false},"excerpt":{"rendered":"<p>Organizada por la Asociaci\u00f3n Espa\u00f1ola contra el C\u00e1ncer, las inscripciones pueden realizarse hasta el pr\u00f3ximo d\u00eda 28 al precio de 8 euros<\/p>\n","protected":false},"author":1,"featured_media":40277,"comment_status":"open","ping_status":"closed","sticky":false,"template":"","format":"standard","meta":{"footnotes":""},"categories":[2],"tags":[],"class_list":["post-40276","post","type-post","status-publish","format-standard","has-post-thumbnail","hentry","category-ayuntamiento-pamplona"],"yoast_head":"<!-- This site is optimized with the Yoast SEO plugin v27.3 - https:\/\/yoast.com\/product\/yoast-seo-wordpress\/ -->\n<title>El Ayuntamiento colabora con la VIII Marcha Contra el C\u00e1ncer en Pamplona, que despu\u00e9s de dos a\u00f1os volver\u00e1 a las calles de la ciudad el pr\u00f3ximo 29 de mayo<\/title>\n<meta name=\"description\" content=\"Organizada por la Asociaci\u00f3n Espa\u00f1ola contra el C\u00e1ncer, las inscripciones pueden realizarse hasta el pr\u00f3ximo d\u00eda 28 al precio de 8 euros\" \/>\n<meta name=\"robots\" content=\"index, follow, max-snippet:-1, max-image-preview:large, max-video-preview:-1\" \/>\n<link rel=\"canonical\" href=\"https:\/\/www.laguiadepamplona.com\/actualidad\/el-ayuntamiento-colabora-con-la-viii-marcha-contra-el-cancer-en-pamplona-que-despues-de-dos-anos-volvera-a-las-calles-de-la-ciudad-el-proximo-29-de-mayo\/\" \/>\n<meta property=\"og:locale\" content=\"es_ES\" \/>\n<meta property=\"og:type\" content=\"article\" \/>\n<meta property=\"og:title\" content=\"El Ayuntamiento colabora con la VIII Marcha Contra el C\u00e1ncer en Pamplona, que despu\u00e9s de dos a\u00f1os volver\u00e1 a las calles de la ciudad el pr\u00f3ximo 29 de mayo\" \/>\n<meta property=\"og:description\" content=\"Organizada por la Asociaci\u00f3n Espa\u00f1ola contra el C\u00e1ncer, las inscripciones pueden realizarse hasta el pr\u00f3ximo d\u00eda 28 al precio de 8 euros\" \/>\n<meta property=\"og:url\" content=\"https:\/\/www.laguiadepamplona.com\/actualidad\/el-ayuntamiento-colabora-con-la-viii-marcha-contra-el-cancer-en-pamplona-que-despues-de-dos-anos-volvera-a-las-calles-de-la-ciudad-el-proximo-29-de-mayo\/\" \/>\n<meta property=\"og:site_name\" content=\"La Gu\u00eda de Pamplona\" \/>\n<meta property=\"article:publisher\" content=\"https:\/\/www.facebook.com\/laguiadepamplonacom-133175176762273\/?ref=hl\" \/>\n<meta property=\"article:published_time\" content=\"2022-05-10T11:20:18+00:00\" \/>\n<meta property=\"article:modified_time\" content=\"2023-04-11T09:48:13+00:00\" \/>\n<meta property=\"og:image\" content=\"https:\/\/www.laguiadepamplona.com\/actualidad\/wp-content\/uploads\/2022\/05\/marchacontraelcanceree5a8342.webp\" \/>\n\t<meta property=\"og:image:width\" content=\"1920\" \/>\n\t<meta property=\"og:image:height\" content=\"1280\" \/>\n\t<meta property=\"og:image:type\" content=\"image\/webp\" \/>\n<meta name=\"author\" content=\"La Gu\u00eda de Pamplona\" \/>\n<meta name=\"twitter:card\" content=\"summary_large_image\" \/>\n<meta name=\"twitter:creator\" content=\"@LaGuiadPamplona\" \/>\n<meta name=\"twitter:site\" content=\"@LaGuiadPamplona\" \/>\n<meta name=\"twitter:label1\" content=\"Escrito por\" \/>\n\t<meta name=\"twitter:data1\" content=\"La Gu\u00eda de Pamplona\" \/>\n\t<meta name=\"twitter:label2\" content=\"Tiempo de lectura\" \/>\n\t<meta name=\"twitter:data2\" content=\"3 minutos\" \/>\n<script type=\"application\/ld+json\" class=\"yoast-schema-graph\">{\"@context\":\"https:\\\/\\\/schema.org\",\"@graph\":[{\"@type\":\"Article\",\"@id\":\"https:\\\/\\\/www.laguiadepamplona.com\\\/actualidad\\\/el-ayuntamiento-colabora-con-la-viii-marcha-contra-el-cancer-en-pamplona-que-despues-de-dos-anos-volvera-a-las-calles-de-la-ciudad-el-proximo-29-de-mayo\\\/#article\",\"isPartOf\":{\"@id\":\"https:\\\/\\\/www.laguiadepamplona.com\\\/actualidad\\\/el-ayuntamiento-colabora-con-la-viii-marcha-contra-el-cancer-en-pamplona-que-despues-de-dos-anos-volvera-a-las-calles-de-la-ciudad-el-proximo-29-de-mayo\\\/\"},\"author\":{\"name\":\"La Gu\u00eda de Pamplona\",\"@id\":\"https:\\\/\\\/www.laguiadepamplona.com\\\/actualidad\\\/#\\\/schema\\\/person\\\/efe887376f0213d4657c93adc50b1fdb\"},\"headline\":\"El Ayuntamiento colabora con la VIII Marcha Contra el C\u00e1ncer en Pamplona, que despu\u00e9s de dos a\u00f1os volver\u00e1 a las calles de la ciudad el pr\u00f3ximo 29 de mayo\",\"datePublished\":\"2022-05-10T11:20:18+00:00\",\"dateModified\":\"2023-04-11T09:48:13+00:00\",\"mainEntityOfPage\":{\"@id\":\"https:\\\/\\\/www.laguiadepamplona.com\\\/actualidad\\\/el-ayuntamiento-colabora-con-la-viii-marcha-contra-el-cancer-en-pamplona-que-despues-de-dos-anos-volvera-a-las-calles-de-la-ciudad-el-proximo-29-de-mayo\\\/\"},\"wordCount\":675,\"commentCount\":0,\"publisher\":{\"@id\":\"https:\\\/\\\/www.laguiadepamplona.com\\\/actualidad\\\/#organization\"},\"image\":{\"@id\":\"https:\\\/\\\/www.laguiadepamplona.com\\\/actualidad\\\/el-ayuntamiento-colabora-con-la-viii-marcha-contra-el-cancer-en-pamplona-que-despues-de-dos-anos-volvera-a-las-calles-de-la-ciudad-el-proximo-29-de-mayo\\\/#primaryimage\"},\"thumbnailUrl\":\"https:\\\/\\\/www.laguiadepamplona.com\\\/actualidad\\\/wp-content\\\/uploads\\\/2022\\\/05\\\/marchacontraelcanceree5a8342.webp\",\"articleSection\":[\"Ayto Pamplona\"],\"inLanguage\":\"es\",\"potentialAction\":[{\"@type\":\"CommentAction\",\"name\":\"Comment\",\"target\":[\"https:\\\/\\\/www.laguiadepamplona.com\\\/actualidad\\\/el-ayuntamiento-colabora-con-la-viii-marcha-contra-el-cancer-en-pamplona-que-despues-de-dos-anos-volvera-a-las-calles-de-la-ciudad-el-proximo-29-de-mayo\\\/#respond\"]}]},{\"@type\":\"WebPage\",\"@id\":\"https:\\\/\\\/www.laguiadepamplona.com\\\/actualidad\\\/el-ayuntamiento-colabora-con-la-viii-marcha-contra-el-cancer-en-pamplona-que-despues-de-dos-anos-volvera-a-las-calles-de-la-ciudad-el-proximo-29-de-mayo\\\/\",\"url\":\"https:\\\/\\\/www.laguiadepamplona.com\\\/actualidad\\\/el-ayuntamiento-colabora-con-la-viii-marcha-contra-el-cancer-en-pamplona-que-despues-de-dos-anos-volvera-a-las-calles-de-la-ciudad-el-proximo-29-de-mayo\\\/\",\"name\":\"El Ayuntamiento colabora con la VIII Marcha Contra el C\u00e1ncer en Pamplona, que despu\u00e9s de dos a\u00f1os volver\u00e1 a las calles de la ciudad el pr\u00f3ximo 29 de mayo\",\"isPartOf\":{\"@id\":\"https:\\\/\\\/www.laguiadepamplona.com\\\/actualidad\\\/#website\"},\"primaryImageOfPage\":{\"@id\":\"https:\\\/\\\/www.laguiadepamplona.com\\\/actualidad\\\/el-ayuntamiento-colabora-con-la-viii-marcha-contra-el-cancer-en-pamplona-que-despues-de-dos-anos-volvera-a-las-calles-de-la-ciudad-el-proximo-29-de-mayo\\\/#primaryimage\"},\"image\":{\"@id\":\"https:\\\/\\\/www.laguiadepamplona.com\\\/actualidad\\\/el-ayuntamiento-colabora-con-la-viii-marcha-contra-el-cancer-en-pamplona-que-despues-de-dos-anos-volvera-a-las-calles-de-la-ciudad-el-proximo-29-de-mayo\\\/#primaryimage\"},\"thumbnailUrl\":\"https:\\\/\\\/www.laguiadepamplona.com\\\/actualidad\\\/wp-content\\\/uploads\\\/2022\\\/05\\\/marchacontraelcanceree5a8342.webp\",\"datePublished\":\"2022-05-10T11:20:18+00:00\",\"dateModified\":\"2023-04-11T09:48:13+00:00\",\"description\":\"Organizada por la Asociaci\u00f3n Espa\u00f1ola contra el C\u00e1ncer, las inscripciones pueden realizarse hasta el pr\u00f3ximo d\u00eda 28 al precio de 8 euros\",\"breadcrumb\":{\"@id\":\"https:\\\/\\\/www.laguiadepamplona.com\\\/actualidad\\\/el-ayuntamiento-colabora-con-la-viii-marcha-contra-el-cancer-en-pamplona-que-despues-de-dos-anos-volvera-a-las-calles-de-la-ciudad-el-proximo-29-de-mayo\\\/#breadcrumb\"},\"inLanguage\":\"es\",\"potentialAction\":[{\"@type\":\"ReadAction\",\"target\":[\"https:\\\/\\\/www.laguiadepamplona.com\\\/actualidad\\\/el-ayuntamiento-colabora-con-la-viii-marcha-contra-el-cancer-en-pamplona-que-despues-de-dos-anos-volvera-a-las-calles-de-la-ciudad-el-proximo-29-de-mayo\\\/\"]}]},{\"@type\":\"ImageObject\",\"inLanguage\":\"es\",\"@id\":\"https:\\\/\\\/www.laguiadepamplona.com\\\/actualidad\\\/el-ayuntamiento-colabora-con-la-viii-marcha-contra-el-cancer-en-pamplona-que-despues-de-dos-anos-volvera-a-las-calles-de-la-ciudad-el-proximo-29-de-mayo\\\/#primaryimage\",\"url\":\"https:\\\/\\\/www.laguiadepamplona.com\\\/actualidad\\\/wp-content\\\/uploads\\\/2022\\\/05\\\/marchacontraelcanceree5a8342.webp\",\"contentUrl\":\"https:\\\/\\\/www.laguiadepamplona.com\\\/actualidad\\\/wp-content\\\/uploads\\\/2022\\\/05\\\/marchacontraelcanceree5a8342.webp\",\"width\":1920,\"height\":1280},{\"@type\":\"BreadcrumbList\",\"@id\":\"https:\\\/\\\/www.laguiadepamplona.com\\\/actualidad\\\/el-ayuntamiento-colabora-con-la-viii-marcha-contra-el-cancer-en-pamplona-que-despues-de-dos-anos-volvera-a-las-calles-de-la-ciudad-el-proximo-29-de-mayo\\\/#breadcrumb\",\"itemListElement\":[{\"@type\":\"ListItem\",\"position\":1,\"name\":\"Portada\",\"item\":\"https:\\\/\\\/www.laguiadepamplona.com\\\/actualidad\\\/\"},{\"@type\":\"ListItem\",\"position\":2,\"name\":\"El Ayuntamiento colabora con la VIII Marcha Contra el C\u00e1ncer en Pamplona, que despu\u00e9s de dos a\u00f1os volver\u00e1 a las calles de la ciudad el pr\u00f3ximo 29 de mayo\"}]},{\"@type\":\"WebSite\",\"@id\":\"https:\\\/\\\/www.laguiadepamplona.com\\\/actualidad\\\/#website\",\"url\":\"https:\\\/\\\/www.laguiadepamplona.com\\\/actualidad\\\/\",\"name\":\"La gu\u00eda de Pamplona\",\"description\":\"Noticias de Pamplona\",\"publisher\":{\"@id\":\"https:\\\/\\\/www.laguiadepamplona.com\\\/actualidad\\\/#organization\"},\"potentialAction\":[{\"@type\":\"SearchAction\",\"target\":{\"@type\":\"EntryPoint\",\"urlTemplate\":\"https:\\\/\\\/www.laguiadepamplona.com\\\/actualidad\\\/?s={search_term_string}\"},\"query-input\":{\"@type\":\"PropertyValueSpecification\",\"valueRequired\":true,\"valueName\":\"search_term_string\"}}],\"inLanguage\":\"es\"},{\"@type\":\"Organization\",\"@id\":\"https:\\\/\\\/www.laguiadepamplona.com\\\/actualidad\\\/#organization\",\"name\":\"La Gu\u00eda de Pamplona \\\/ Noticias\",\"url\":\"https:\\\/\\\/www.laguiadepamplona.com\\\/actualidad\\\/\",\"logo\":{\"@type\":\"ImageObject\",\"inLanguage\":\"es\",\"@id\":\"https:\\\/\\\/www.laguiadepamplona.com\\\/actualidad\\\/#\\\/schema\\\/logo\\\/image\\\/\",\"url\":\"https:\\\/\\\/www.laguiadepamplona.com\\\/actualidad\\\/wp-content\\\/uploads\\\/2018\\\/11\\\/logo-laguiadepamplona18-web1.png\",\"contentUrl\":\"https:\\\/\\\/www.laguiadepamplona.com\\\/actualidad\\\/wp-content\\\/uploads\\\/2018\\\/11\\\/logo-laguiadepamplona18-web1.png\",\"width\":600,\"height\":196,\"caption\":\"La Gu\u00eda de Pamplona \\\/ Noticias\"},\"image\":{\"@id\":\"https:\\\/\\\/www.laguiadepamplona.com\\\/actualidad\\\/#\\\/schema\\\/logo\\\/image\\\/\"},\"sameAs\":[\"https:\\\/\\\/www.facebook.com\\\/laguiadepamplonacom-133175176762273\\\/?ref=hl\",\"https:\\\/\\\/x.com\\\/LaGuiadPamplona\",\"https:\\\/\\\/www.instagram.com\\\/la_guia_de_pamplona\\\/\",\"https:\\\/\\\/www.youtube.com\\\/user\\\/laguiadepamplona\"]},{\"@type\":\"Person\",\"@id\":\"https:\\\/\\\/www.laguiadepamplona.com\\\/actualidad\\\/#\\\/schema\\\/person\\\/efe887376f0213d4657c93adc50b1fdb\",\"name\":\"La Gu\u00eda de Pamplona\",\"image\":{\"@type\":\"ImageObject\",\"inLanguage\":\"es\",\"@id\":\"https:\\\/\\\/secure.gravatar.com\\\/avatar\\\/b6992f131dc8d30ab0dff15446e9d346d9dbd95992de0fef795073f5ea83a81c?s=96&d=mm&r=g\",\"url\":\"https:\\\/\\\/secure.gravatar.com\\\/avatar\\\/b6992f131dc8d30ab0dff15446e9d346d9dbd95992de0fef795073f5ea83a81c?s=96&d=mm&r=g\",\"contentUrl\":\"https:\\\/\\\/secure.gravatar.com\\\/avatar\\\/b6992f131dc8d30ab0dff15446e9d346d9dbd95992de0fef795073f5ea83a81c?s=96&d=mm&r=g\",\"caption\":\"La Gu\u00eda de Pamplona\"}}]}<\/script>\n<!-- \/ Yoast SEO plugin. -->","yoast_head_json":{"title":"El Ayuntamiento colabora con la VIII Marcha Contra el C\u00e1ncer en Pamplona, que despu\u00e9s de dos a\u00f1os volver\u00e1 a las calles de la ciudad el pr\u00f3ximo 29 de mayo","description":"Organizada por la Asociaci\u00f3n Espa\u00f1ola contra el C\u00e1ncer, las inscripciones pueden realizarse hasta el pr\u00f3ximo d\u00eda 28 al precio de 8 euros","robots":{"index":"index","follow":"follow","max-snippet":"max-snippet:-1","max-image-preview":"max-image-preview:large","max-video-preview":"max-video-preview:-1"},"canonical":"https:\/\/www.laguiadepamplona.com\/actualidad\/el-ayuntamiento-colabora-con-la-viii-marcha-contra-el-cancer-en-pamplona-que-despues-de-dos-anos-volvera-a-las-calles-de-la-ciudad-el-proximo-29-de-mayo\/","og_locale":"es_ES","og_type":"article","og_title":"El Ayuntamiento colabora con la VIII Marcha Contra el C\u00e1ncer en Pamplona, que despu\u00e9s de dos a\u00f1os volver\u00e1 a las calles de la ciudad el pr\u00f3ximo 29 de mayo","og_description":"Organizada por la Asociaci\u00f3n Espa\u00f1ola contra el C\u00e1ncer, las inscripciones pueden realizarse hasta el pr\u00f3ximo d\u00eda 28 al precio de 8 euros","og_url":"https:\/\/www.laguiadepamplona.com\/actualidad\/el-ayuntamiento-colabora-con-la-viii-marcha-contra-el-cancer-en-pamplona-que-despues-de-dos-anos-volvera-a-las-calles-de-la-ciudad-el-proximo-29-de-mayo\/","og_site_name":"La Gu\u00eda de Pamplona","article_publisher":"https:\/\/www.facebook.com\/laguiadepamplonacom-133175176762273\/?ref=hl","article_published_time":"2022-05-10T11:20:18+00:00","article_modified_time":"2023-04-11T09:48:13+00:00","og_image":[{"width":1920,"height":1280,"url":"https:\/\/www.laguiadepamplona.com\/actualidad\/wp-content\/uploads\/2022\/05\/marchacontraelcanceree5a8342.webp","type":"image\/webp"}],"author":"La Gu\u00eda de Pamplona","twitter_card":"summary_large_image","twitter_creator":"@LaGuiadPamplona","twitter_site":"@LaGuiadPamplona","twitter_misc":{"Escrito por":"La Gu\u00eda de Pamplona","Tiempo de lectura":"3 minutos"},"schema":{"@context":"https:\/\/schema.org","@graph":[{"@type":"Article","@id":"https:\/\/www.laguiadepamplona.com\/actualidad\/el-ayuntamiento-colabora-con-la-viii-marcha-contra-el-cancer-en-pamplona-que-despues-de-dos-anos-volvera-a-las-calles-de-la-ciudad-el-proximo-29-de-mayo\/#article","isPartOf":{"@id":"https:\/\/www.laguiadepamplona.com\/actualidad\/el-ayuntamiento-colabora-con-la-viii-marcha-contra-el-cancer-en-pamplona-que-despues-de-dos-anos-volvera-a-las-calles-de-la-ciudad-el-proximo-29-de-mayo\/"},"author":{"name":"La Gu\u00eda de Pamplona","@id":"https:\/\/www.laguiadepamplona.com\/actualidad\/#\/schema\/person\/efe887376f0213d4657c93adc50b1fdb"},"headline":"El Ayuntamiento colabora con la VIII Marcha Contra el C\u00e1ncer en Pamplona, que despu\u00e9s de dos a\u00f1os volver\u00e1 a las calles de la ciudad el pr\u00f3ximo 29 de mayo","datePublished":"2022-05-10T11:20:18+00:00","dateModified":"2023-04-11T09:48:13+00:00","mainEntityOfPage":{"@id":"https:\/\/www.laguiadepamplona.com\/actualidad\/el-ayuntamiento-colabora-con-la-viii-marcha-contra-el-cancer-en-pamplona-que-despues-de-dos-anos-volvera-a-las-calles-de-la-ciudad-el-proximo-29-de-mayo\/"},"wordCount":675,"commentCount":0,"publisher":{"@id":"https:\/\/www.laguiadepamplona.com\/actualidad\/#organization"},"image":{"@id":"https:\/\/www.laguiadepamplona.com\/actualidad\/el-ayuntamiento-colabora-con-la-viii-marcha-contra-el-cancer-en-pamplona-que-despues-de-dos-anos-volvera-a-las-calles-de-la-ciudad-el-proximo-29-de-mayo\/#primaryimage"},"thumbnailUrl":"https:\/\/www.laguiadepamplona.com\/actualidad\/wp-content\/uploads\/2022\/05\/marchacontraelcanceree5a8342.webp","articleSection":["Ayto Pamplona"],"inLanguage":"es","potentialAction":[{"@type":"CommentAction","name":"Comment","target":["https:\/\/www.laguiadepamplona.com\/actualidad\/el-ayuntamiento-colabora-con-la-viii-marcha-contra-el-cancer-en-pamplona-que-despues-de-dos-anos-volvera-a-las-calles-de-la-ciudad-el-proximo-29-de-mayo\/#respond"]}]},{"@type":"WebPage","@id":"https:\/\/www.laguiadepamplona.com\/actualidad\/el-ayuntamiento-colabora-con-la-viii-marcha-contra-el-cancer-en-pamplona-que-despues-de-dos-anos-volvera-a-las-calles-de-la-ciudad-el-proximo-29-de-mayo\/","url":"https:\/\/www.laguiadepamplona.com\/actualidad\/el-ayuntamiento-colabora-con-la-viii-marcha-contra-el-cancer-en-pamplona-que-despues-de-dos-anos-volvera-a-las-calles-de-la-ciudad-el-proximo-29-de-mayo\/","name":"El Ayuntamiento colabora con la VIII Marcha Contra el C\u00e1ncer en Pamplona, que despu\u00e9s de dos a\u00f1os volver\u00e1 a las calles de la ciudad el pr\u00f3ximo 29 de mayo","isPartOf":{"@id":"https:\/\/www.laguiadepamplona.com\/actualidad\/#website"},"primaryImageOfPage":{"@id":"https:\/\/www.laguiadepamplona.com\/actualidad\/el-ayuntamiento-colabora-con-la-viii-marcha-contra-el-cancer-en-pamplona-que-despues-de-dos-anos-volvera-a-las-calles-de-la-ciudad-el-proximo-29-de-mayo\/#primaryimage"},"image":{"@id":"https:\/\/www.laguiadepamplona.com\/actualidad\/el-ayuntamiento-colabora-con-la-viii-marcha-contra-el-cancer-en-pamplona-que-despues-de-dos-anos-volvera-a-las-calles-de-la-ciudad-el-proximo-29-de-mayo\/#primaryimage"},"thumbnailUrl":"https:\/\/www.laguiadepamplona.com\/actualidad\/wp-content\/uploads\/2022\/05\/marchacontraelcanceree5a8342.webp","datePublished":"2022-05-10T11:20:18+00:00","dateModified":"2023-04-11T09:48:13+00:00","description":"Organizada por la Asociaci\u00f3n Espa\u00f1ola contra el C\u00e1ncer, las inscripciones pueden realizarse hasta el pr\u00f3ximo d\u00eda 28 al precio de 8 euros","breadcrumb":{"@id":"https:\/\/www.laguiadepamplona.com\/actualidad\/el-ayuntamiento-colabora-con-la-viii-marcha-contra-el-cancer-en-pamplona-que-despues-de-dos-anos-volvera-a-las-calles-de-la-ciudad-el-proximo-29-de-mayo\/#breadcrumb"},"inLanguage":"es","potentialAction":[{"@type":"ReadAction","target":["https:\/\/www.laguiadepamplona.com\/actualidad\/el-ayuntamiento-colabora-con-la-viii-marcha-contra-el-cancer-en-pamplona-que-despues-de-dos-anos-volvera-a-las-calles-de-la-ciudad-el-proximo-29-de-mayo\/"]}]},{"@type":"ImageObject","inLanguage":"es","@id":"https:\/\/www.laguiadepamplona.com\/actualidad\/el-ayuntamiento-colabora-con-la-viii-marcha-contra-el-cancer-en-pamplona-que-despues-de-dos-anos-volvera-a-las-calles-de-la-ciudad-el-proximo-29-de-mayo\/#primaryimage","url":"https:\/\/www.laguiadepamplona.com\/actualidad\/wp-content\/uploads\/2022\/05\/marchacontraelcanceree5a8342.webp","contentUrl":"https:\/\/www.laguiadepamplona.com\/actualidad\/wp-content\/uploads\/2022\/05\/marchacontraelcanceree5a8342.webp","width":1920,"height":1280},{"@type":"BreadcrumbList","@id":"https:\/\/www.laguiadepamplona.com\/actualidad\/el-ayuntamiento-colabora-con-la-viii-marcha-contra-el-cancer-en-pamplona-que-despues-de-dos-anos-volvera-a-las-calles-de-la-ciudad-el-proximo-29-de-mayo\/#breadcrumb","itemListElement":[{"@type":"ListItem","position":1,"name":"Portada","item":"https:\/\/www.laguiadepamplona.com\/actualidad\/"},{"@type":"ListItem","position":2,"name":"El Ayuntamiento colabora con la VIII Marcha Contra el C\u00e1ncer en Pamplona, que despu\u00e9s de dos a\u00f1os volver\u00e1 a las calles de la ciudad el pr\u00f3ximo 29 de mayo"}]},{"@type":"WebSite","@id":"https:\/\/www.laguiadepamplona.com\/actualidad\/#website","url":"https:\/\/www.laguiadepamplona.com\/actualidad\/","name":"La gu\u00eda de Pamplona","description":"Noticias de Pamplona","publisher":{"@id":"https:\/\/www.laguiadepamplona.com\/actualidad\/#organization"},"potentialAction":[{"@type":"SearchAction","target":{"@type":"EntryPoint","urlTemplate":"https:\/\/www.laguiadepamplona.com\/actualidad\/?s={search_term_string}"},"query-input":{"@type":"PropertyValueSpecification","valueRequired":true,"valueName":"search_term_string"}}],"inLanguage":"es"},{"@type":"Organization","@id":"https:\/\/www.laguiadepamplona.com\/actualidad\/#organization","name":"La Gu\u00eda de Pamplona \/ Noticias","url":"https:\/\/www.laguiadepamplona.com\/actualidad\/","logo":{"@type":"ImageObject","inLanguage":"es","@id":"https:\/\/www.laguiadepamplona.com\/actualidad\/#\/schema\/logo\/image\/","url":"https:\/\/www.laguiadepamplona.com\/actualidad\/wp-content\/uploads\/2018\/11\/logo-laguiadepamplona18-web1.png","contentUrl":"https:\/\/www.laguiadepamplona.com\/actualidad\/wp-content\/uploads\/2018\/11\/logo-laguiadepamplona18-web1.png","width":600,"height":196,"caption":"La Gu\u00eda de Pamplona \/ Noticias"},"image":{"@id":"https:\/\/www.laguiadepamplona.com\/actualidad\/#\/schema\/logo\/image\/"},"sameAs":["https:\/\/www.facebook.com\/laguiadepamplonacom-133175176762273\/?ref=hl","https:\/\/x.com\/LaGuiadPamplona","https:\/\/www.instagram.com\/la_guia_de_pamplona\/","https:\/\/www.youtube.com\/user\/laguiadepamplona"]},{"@type":"Person","@id":"https:\/\/www.laguiadepamplona.com\/actualidad\/#\/schema\/person\/efe887376f0213d4657c93adc50b1fdb","name":"La Gu\u00eda de Pamplona","image":{"@type":"ImageObject","inLanguage":"es","@id":"https:\/\/secure.gravatar.com\/avatar\/b6992f131dc8d30ab0dff15446e9d346d9dbd95992de0fef795073f5ea83a81c?s=96&d=mm&r=g","url":"https:\/\/secure.gravatar.com\/avatar\/b6992f131dc8d30ab0dff15446e9d346d9dbd95992de0fef795073f5ea83a81c?s=96&d=mm&r=g","contentUrl":"https:\/\/secure.gravatar.com\/avatar\/b6992f131dc8d30ab0dff15446e9d346d9dbd95992de0fef795073f5ea83a81c?s=96&d=mm&r=g","caption":"La Gu\u00eda de Pamplona"}}]}},"post_mailing_queue_ids":[],"_links":{"self":[{"href":"https:\/\/www.laguiadepamplona.com\/actualidad\/wp-json\/wp\/v2\/posts\/40276","targetHints":{"allow":["GET"]}}],"collection":[{"href":"https:\/\/www.laguiadepamplona.com\/actualidad\/wp-json\/wp\/v2\/posts"}],"about":[{"href":"https:\/\/www.laguiadepamplona.com\/actualidad\/wp-json\/wp\/v2\/types\/post"}],"author":[{"embeddable":true,"href":"https:\/\/www.laguiadepamplona.com\/actualidad\/wp-json\/wp\/v2\/users\/1"}],"replies":[{"embeddable":true,"href":"https:\/\/www.laguiadepamplona.com\/actualidad\/wp-json\/wp\/v2\/comments?post=40276"}],"version-history":[{"count":0,"href":"https:\/\/www.laguiadepamplona.com\/actualidad\/wp-json\/wp\/v2\/posts\/40276\/revisions"}],"wp:featuredmedia":[{"embeddable":true,"href":"https:\/\/www.laguiadepamplona.com\/actualidad\/wp-json\/wp\/v2\/media\/40277"}],"wp:attachment":[{"href":"https:\/\/www.laguiadepamplona.com\/actualidad\/wp-json\/wp\/v2\/media?parent=40276"}],"wp:term":[{"taxonomy":"category","embeddable":true,"href":"https:\/\/www.laguiadepamplona.com\/actualidad\/wp-json\/wp\/v2\/categories?post=40276"},{"taxonomy":"post_tag","embeddable":true,"href":"https:\/\/www.laguiadepamplona.com\/actualidad\/wp-json\/wp\/v2\/tags?post=40276"}],"curies":[{"name":"wp","href":"https:\/\/api.w.org\/{rel}","templated":true}]}}