{"id":40261,"date":"2022-05-09T16:37:53","date_gmt":"2022-05-09T14:37:53","guid":{"rendered":"https:\/\/www.laguiadepamplona.com\/actualidad\/?p=40261"},"modified":"2023-04-11T11:48:13","modified_gmt":"2023-04-11T09:48:13","slug":"beti-bezala-de-olaia-merino-erviti-anunciara-las-fiestas-de-san-fermin-2022-tras-obtener-el-196-de-los-8-191-votos-validos-registrados-en-la-eleccion-popular","status":"publish","type":"post","link":"https:\/\/www.laguiadepamplona.com\/actualidad\/beti-bezala-de-olaia-merino-erviti-anunciara-las-fiestas-de-san-fermin-2022-tras-obtener-el-196-de-los-8-191-votos-validos-registrados-en-la-eleccion-popular\/","title":{"rendered":"Beti Bezala\u2019, de Olaia Merino Erviti, anunciar\u00e1 las fiestas de San Ferm\u00edn 2022 tras obtener el 19,6% de los 8.191 votos v\u00e1lidos registrados en la elecci\u00f3n popular"},"content":{"rendered":"<h5>Se trata del cartel n\u00ba 1, que muestra baile, alegr\u00eda y movimiento, con una figuras modernistas y est\u00e9tica \u2018revival\u2019 de las obras de los a\u00f1os 30<\/h5>\n<p><!--more--><\/p>\n<p>Las figuras modernistas del cartel n\u00famero 1, entre los diez seleccionados por el jurado, anunciar\u00e1n las fiestas de San Ferm\u00edn 2022. \u2018Beti Bezala\u2019, de la navarra Olaia Merino Erviti, ha sido el cartel ganador de la votaci\u00f3n popular para elegir la obra que ilustrar\u00e1 de forma oficial los Sanfermines de este a\u00f1o. Ha obtenido 1.603 votos, un 19,6%, del total de los 8.191 votos v\u00e1lidos registrados en los diez d\u00edas de votaci\u00f3n. Este 2022 ha sido el a\u00f1o con mayor porcentaje de voto diario recibido desde que se implant\u00f3 el sistema de elecci\u00f3n popular.<\/p>\n<p>El alcalde de Pamplona, Enrique Maya, la concejala delegada de Cultura e Igualdad, Mar\u00eda Garc\u00eda-Barberena, y la propia autora del cartel, Olaia Merino, han dado a conocer la obra ganadora, destap\u00e1ndola en presencia de los medios de comunicaci\u00f3n. Olaia Merino es la tercera mujer que, de forma consecutiva, gana el concurso del cartel tras Adriana Eransus en 2018 y Edurne Ta\u00ednta en 2019. Se convierte, adem\u00e1s, en la s\u00e9ptima mujer autora de la obra anunciadora de las fiestas tras Francis Bartolozzi en 1974 (junto a Pedro Lozano de Sot\u00e9s), Marta Coronado en 2004 (junto a Mikel Urmeneta), Cristina Calvo en 2006 y Elixabete Bordonaba en 2013.<br \/>\n<script async src=\"\/\/pagead2.googlesyndication.com\/pagead\/js\/adsbygoogle.js\"><\/script><br \/>\n<!-- Noticias La Guia de Pamplona --><br \/>\n<ins class=\"adsbygoogle\"\nstyle=\"display:block\"\ndata-ad-client=\"ca-pub-6943679897239327\"\ndata-ad-slot=\"7048180777\"\ndata-ad-format=\"auto\"><\/ins><br \/>\n<script>\n(adsbygoogle = window.adsbygoogle || []).push({});\n<\/script><\/p>\n<p>Las figuras modernistas que protagonizan el cartel representan la multitud de las fiestas de San Fermin, que \u2018beti bezala\u2019 (como siempre, en euskera) genera un aura de felicidad y armon\u00eda de colores. La est\u00e9tica del cartel presenta un \u2018revival\u2019 personal de los carteles de a\u00f1os 30 desde una mirada muy actual. Destaca su car\u00e1cter din\u00e1mico, con diversidad en sus participantes. La obra representa la esencia de la fiesta con la gente pas\u00e1ndolo bien. Hay baile y alegr\u00eda, una imagen de personas en movimiento y acompa\u00f1amiento festivo. El color tambi\u00e9n es muy rotundo, con un buen reflejo de la potencia y calidad que hay actualmente en la ilustraci\u00f3n.<\/p>\n<p>Olaia Merino Erviti, vecina de Sarriguren (1993), es dise\u00f1adora y creativa. Su trabajo abarca <em>branding<\/em> e identidad, dise\u00f1o y pasi\u00f3n, publicidad y comunicaciones, sonido y movimiento. En el breve curr\u00edculum que acompa\u00f1a a la obra reconoce su firme pensamiento de que un buen dise\u00f1o no se puede crear sin pasi\u00f3n, compromiso y, sobre todo, mucho <em>brand<\/em>. Estudi\u00f3 Bellas Artes en Leioa y decidi\u00f3 que el dise\u00f1o gr\u00e1fico era su camino. Empez\u00f3 estudiando en la Escuela de Arte de Pamplona y termin\u00f3 en Salesianos Urnieta, haciendo un Grado de Dise\u00f1o y Edici\u00f3n de Publicaciones Impresas y Multimedia. Actualmente, tras estudiar un master en dise\u00f1o web en Zaragoza, trabaja para una empresa tecnol\u00f3gica de Pamplona e intenta desarrollar su carrera como ilustradora en mi tiempo libre.<br \/>\n<script async src=\"\/\/pagead2.googlesyndication.com\/pagead\/js\/adsbygoogle.js\"><\/script><br \/>\n<!-- Noticias La Guia de Pamplona --><br \/>\n<ins class=\"adsbygoogle\"\nstyle=\"display:block\"\ndata-ad-client=\"ca-pub-6943679897239327\"\ndata-ad-slot=\"7048180777\"\ndata-ad-format=\"auto\"><\/ins><br \/>\n<script>\n(adsbygoogle = window.adsbygoogle || []).push({});\n<\/script><\/p>\n<p><strong>R\u00e9cord de votos diarios<\/strong><\/p>\n<p>Esta elecci\u00f3n del cartel de San Ferm\u00edn de 2022 ha batido el r\u00e9cord de votos diarios emitidos. Una vez descontados 606 votos fraudulentos, que provocaron la suspensi\u00f3n temporal de la votaci\u00f3n durante 48 horas, los 8.191 votos v\u00e1lidos recibidos en diez d\u00edas suponen la cifra diaria m\u00e1s alta desde que se puso en marcha este sistema. La media diaria de 819 votos supera en m\u00e1s de 100 a la media de 2019, el a\u00f1o con m\u00e1s votos de la historia, 10.629, pero obtenidos en 15 d\u00edas, con lo que la media fue de 708 al d\u00eda.<\/p>\n<p>Un a\u00f1o m\u00e1s, la v\u00eda m\u00e1s utilizada para votar ha sido la web, con 6.959 votos v\u00e1lidos de los 8.191 recibidos, es decir, un 84,9%. El voto presencial en los civivox ha ascendido a 1.116, un 13,7%. A trav\u00e9s del 010 se han emitido 116 votos, un 1,4% del total. As\u00ed las cosas, el cartel n\u00famero 1, \u2018Beti Bezala\u2019 ha obtenido 1.603 votos, un 19,6% de los votos. En segunda posici\u00f3n que queda el cartel n\u00famero 8, \u2018Corre San Ferm\u00edn\u2019, con 1.384 votos, un 16,9%. En tercera posici\u00f3n se ha situado el cartel 10, \u2018La fiesta somos todos\u2019, con 1.198 votos, un 14,6%.<br \/>\n<script async src=\"\/\/pagead2.googlesyndication.com\/pagead\/js\/adsbygoogle.js\"><\/script><br \/>\n<!-- Noticias La Guia de Pamplona --><br \/>\n<ins class=\"adsbygoogle\"\nstyle=\"display:block\"\ndata-ad-client=\"ca-pub-6943679897239327\"\ndata-ad-slot=\"7048180777\"\ndata-ad-format=\"auto\"><\/ins><br \/>\n<script>\n(adsbygoogle = window.adsbygoogle || []).push({});\n<\/script><\/p>\n<p>La cuarta posici\u00f3n ha estado re\u00f1ida, con los 1.032 votos del cartel 4, \u20181087\u2019, y los 1.030 votos del cartel 3, Vuelta a la fiesta\u2019, ambos con un 12,6% de los votos. El cartel 7, \u2018Preparada\u2019, ha logrado 836 votos; el cartel 9,\u2019Bendice la fiesta\u2019, 517; el n\u00famero 6, \u2018Por fin de vuelta\u2019, un total de 271 votos; el 2, \u2018Emoci\u00f3n\u2019, 178; y el cartel n\u00famero 5, \u2018(2022), ha sido el que menos apoyos ha tenido, con 142 votos recibidos.<\/p>\n<p>Tras las sospechas de fraude en la votaci\u00f3n a trav\u00e9s de la web, confirmadas por la Polic\u00eda Municipal tras la denuncia interpuesta por el Ayuntamiento de Pamplona, se han eliminado un total de 606 sospechosos de fraude que se corresponden con un patr\u00f3n com\u00fan. Los votos emitidos a favor del cartel beneficiado contaban solo con el primer apellido, se introduc\u00edan de forma consecutiva y, en su mayor parte, siguiendo un orden alfab\u00e9tico. La votaci\u00f3n comenz\u00f3 el 25 de abril y se suspendi\u00f3 a las 15 horas del mi\u00e9rcoles 4 de mayo, en el que era el \u00faltimo d\u00eda previsto para votar. El plazo se volvi\u00f3 a abrir el viernes 6 de mayo a las 15 horas para completar as\u00ed hasta la medianoche la votaci\u00f3n popular.<br \/>\n<script async src=\"\/\/pagead2.googlesyndication.com\/pagead\/js\/adsbygoogle.js\"><\/script><br \/>\n<!-- Noticias La Guia de Pamplona --><br \/>\n<ins class=\"adsbygoogle\"\nstyle=\"display:block\"\ndata-ad-client=\"ca-pub-6943679897239327\"\ndata-ad-slot=\"7048180777\"\ndata-ad-format=\"auto\"><\/ins><br \/>\n<script>\n(adsbygoogle = window.adsbygoogle || []).push({});\n<\/script><\/p>\n<p>&nbsp;<\/p>\n<h3>Votaci\u00f3n popular elecci\u00f3n del cartel de San Ferm\u00edn 2022<\/h3>\n<ul>\n<li><strong>Votos v\u00e1lidos registrados<\/strong><\/li>\n<\/ul>\n<p>&nbsp;<\/p>\n<table width=\"504\">\n<tbody>\n<tr>\n<td width=\"80\">&nbsp;<\/td>\n<td width=\"80\"><strong>WEB<\/strong><\/td>\n<td width=\"83\"><strong>CIVIVOX<\/strong><\/td>\n<td width=\"83\"><strong>010<\/strong><\/td>\n<td width=\"89\"><strong>TOTAL<\/strong><\/td>\n<td width=\"89\"><strong>%<\/strong><\/td>\n<\/tr>\n<tr>\n<td width=\"80\">N\u00ba 1<\/td>\n<td width=\"80\">1291<\/td>\n<td width=\"83\">34<\/td>\n<td width=\"83\">278<\/td>\n<td width=\"89\"><strong>1.603<\/strong><\/td>\n<td width=\"89\">19,6%<\/td>\n<\/tr>\n<tr>\n<td width=\"80\">N\u00ba 2<\/td>\n<td width=\"80\">137<\/td>\n<td width=\"83\">3<\/td>\n<td width=\"83\">38<\/td>\n<td width=\"89\"><strong>178<\/strong><\/td>\n<td width=\"89\">2,2%<\/td>\n<\/tr>\n<tr>\n<td width=\"80\">N\u00ba 3<\/td>\n<td width=\"80\">937<\/td>\n<td width=\"83\">15<\/td>\n<td width=\"83\">78<\/td>\n<td width=\"89\"><strong>1.030<\/strong><\/td>\n<td width=\"89\">12,6%<\/td>\n<\/tr>\n<tr>\n<td width=\"80\">N\u00ba 4<\/td>\n<td width=\"80\">952<\/td>\n<td width=\"83\">5<\/td>\n<td width=\"83\">75<\/td>\n<td width=\"89\"><strong>1.032<\/strong><\/td>\n<td width=\"89\">12,6%<\/td>\n<\/tr>\n<tr>\n<td width=\"80\">N\u00ba 5<\/td>\n<td width=\"80\">121<\/td>\n<td width=\"83\">1<\/td>\n<td width=\"83\">20<\/td>\n<td width=\"89\"><strong>142<\/strong><\/td>\n<td width=\"89\">1,7%<\/td>\n<\/tr>\n<tr>\n<td width=\"80\">N\u00ba 6<\/td>\n<td width=\"80\">215<\/td>\n<td width=\"83\">2<\/td>\n<td width=\"83\">54<\/td>\n<td width=\"89\"><strong>271<\/strong><\/td>\n<td width=\"89\">3,3%<\/td>\n<\/tr>\n<tr>\n<td width=\"80\">N\u00ba 7<\/td>\n<td width=\"80\">677<\/td>\n<td width=\"83\">24<\/td>\n<td width=\"83\">135<\/td>\n<td width=\"89\"><strong>836<\/strong><\/td>\n<td width=\"89\">10,2%<\/td>\n<\/tr>\n<tr>\n<td width=\"80\">N\u00ba 8<\/td>\n<td width=\"80\">1109<\/td>\n<td width=\"83\">17<\/td>\n<td width=\"83\">258<\/td>\n<td width=\"89\"><strong>1.384<\/strong><\/td>\n<td width=\"89\">16,9%<\/td>\n<\/tr>\n<tr>\n<td width=\"80\">N\u00ba 9<\/td>\n<td width=\"80\">441<\/td>\n<td width=\"83\">8<\/td>\n<td width=\"83\">68<\/td>\n<td width=\"89\"><strong>517<\/strong><\/td>\n<td width=\"89\">6,3%<\/td>\n<\/tr>\n<tr>\n<td width=\"80\">N\u00ba 10<\/td>\n<td width=\"80\">1079<\/td>\n<td width=\"83\">7<\/td>\n<td width=\"83\">112<\/td>\n<td width=\"89\"><strong>1.198<\/strong><\/td>\n<td width=\"89\">14,6%<\/td>\n<\/tr>\n<tr>\n<td width=\"80\"><strong>TOTAL<\/strong><\/td>\n<td width=\"80\"><strong>6.959<\/strong><\/td>\n<td width=\"83\"><strong>116<\/strong><\/td>\n<td width=\"83\"><strong>1.116<\/strong><\/td>\n<td width=\"89\"><strong>8.191<\/strong><\/td>\n<td width=\"89\"><strong>\u00a0<\/strong><\/td>\n<\/tr>\n<\/tbody>\n<\/table>\n<p>&nbsp;<\/p>\n<ul>\n<li><strong>Anteriores votaciones populares<\/strong><\/li>\n<\/ul>\n<p>&nbsp;<\/p>\n<p>&nbsp;<\/p>\n<table width=\"671\">\n<tbody>\n<tr>\n<td width=\"64\"><strong>A\u00f1o<\/strong><\/td>\n<td width=\"46\"><strong>2008<\/strong><\/td>\n<td width=\"46\"><strong>2009<\/strong><\/td>\n<td width=\"46\"><strong>2010<\/strong><\/td>\n<td width=\"46\"><strong>2011<\/strong><\/td>\n<td width=\"46\"><strong>2012<\/strong><\/td>\n<td width=\"46\"><strong>2013<\/strong><\/td>\n<td width=\"46\"><strong>2014<\/strong><\/td>\n<td width=\"46\"><strong>2015<\/strong><\/td>\n<td width=\"46\"><strong>2016<\/strong><\/td>\n<td width=\"46\"><strong>2017<\/strong><\/td>\n<td width=\"46\"><strong>2018<\/strong><\/td>\n<td width=\"43\"><strong>2019<\/strong><\/td>\n<td width=\"57\"><strong>2022<\/strong><\/td>\n<\/tr>\n<tr>\n<td width=\"64\">Votos emitidos<\/td>\n<td width=\"46\">6.391<\/td>\n<td width=\"46\">9.782<\/td>\n<td width=\"46\">8.633<\/td>\n<td width=\"46\">8.227<\/td>\n<td width=\"46\">6.422<\/td>\n<td width=\"46\">4.964<\/td>\n<td width=\"46\">3.474<\/td>\n<td width=\"46\">5.124<\/td>\n<td width=\"46\">6.078<\/td>\n<td width=\"46\">5.682<\/td>\n<td width=\"46\">6.511<\/td>\n<td width=\"43\">10.629<\/td>\n<td width=\"57\">8.191<\/td>\n<\/tr>\n<tr>\n<td width=\"64\">D\u00edas votaci\u00f3n<\/td>\n<td width=\"46\">16<\/td>\n<td width=\"46\">19<\/td>\n<td width=\"46\">22<\/td>\n<td width=\"46\">24<\/td>\n<td width=\"46\">18<\/td>\n<td width=\"46\">19<\/td>\n<td width=\"46\">19<\/td>\n<td width=\"46\">12<\/td>\n<td width=\"46\">12<\/td>\n<td width=\"46\">17<\/td>\n<td width=\"46\">13<\/td>\n<td width=\"43\">15<\/td>\n<td width=\"57\">10<\/td>\n<\/tr>\n<tr>\n<td width=\"64\">Media diaria votos<\/td>\n<td width=\"46\">399,4<\/td>\n<td width=\"46\">514,8<\/td>\n<td width=\"46\">392,4<\/td>\n<td width=\"46\">342,7<\/td>\n<td width=\"46\">356,7<\/td>\n<td width=\"46\">261,2<\/td>\n<td width=\"46\">182,8<\/td>\n<td width=\"46\">427,0<\/td>\n<td width=\"46\">506,5<\/td>\n<td width=\"46\">334,2<\/td>\n<td width=\"46\">500,8<\/td>\n<td width=\"43\">708,6<\/td>\n<td width=\"57\">819,1<\/td>\n<\/tr>\n<\/tbody>\n<\/table>\n<p>&nbsp;<\/p>\n<ul>\n<li><strong>Carteles finalistas 2022<\/strong>\n<ul>\n<li>N\u00ba 1. Plica 27. \u2018Beti bezala\u2019. Olaia Merino Erviti (Navarra)<\/li>\n<li>N\u00ba 2. Plica 52. \u2018Emoci\u00f3n\u2019. Alicia Thibaut Tadeo (Valencia)<\/li>\n<li>N\u00ba 3. Plica 103. \u2018Vuelta a la fiesta\u2019. \u00d3scar Rubio Sola (Navarra)<\/li>\n<li>N\u00ba 4. Plica 132. \u20181087\u2019. Javier S\u00e1nchez Nagore (Navarra)<\/li>\n<li>N\u00ba 5. Plica 167. \u2018(2022)\u2019. Ander Garcia Primo (Navarra)<\/li>\n<li>N\u00ba 6. Plica 260. \u2018Por fin de vuelta\u2019. Mar\u00eda del Rosario Berci\u00e1n Farias (Guatemala)<\/li>\n<li>N\u00ba 7. Plica 326. \u2018Preparada\u2019. Luken Albeniz Ordoyo (Navarra)<\/li>\n<li>N\u00ba 8. Plica 469. \u2018Corre San Ferm\u00edn\u2019. Jose Manuel Otero Amoedo (A Coru\u00f1a)<\/li>\n<li>N\u00ba 9. Plica 500. \u2018Bendice la fiesta\u2019. Xabier Urtiaga Elguezua (Gipuzkoa)<\/li>\n<li>N\u00ba 10. Plica 638. \u2018La fiesta somos todos\u2019. Fco Xabier Go\u00f1i Casta\u00f1\u00f3n (Navarra)<\/li>\n<\/ul>\n<\/li>\n<\/ul>\n","protected":false},"excerpt":{"rendered":"<p>Se trata del cartel n\u00ba 1, que muestra baile, alegr\u00eda y movimiento, con una figuras modernistas y est\u00e9tica \u2018revival\u2019 de las obras de los a\u00f1os 30<\/p>\n","protected":false},"author":1,"featured_media":40262,"comment_status":"open","ping_status":"closed","sticky":false,"template":"","format":"standard","meta":{"footnotes":""},"categories":[2,9406],"tags":[],"class_list":["post-40261","post","type-post","status-publish","format-standard","has-post-thumbnail","hentry","category-ayuntamiento-pamplona","category-san-fermin"],"yoast_head":"<!-- This site is optimized with the Yoast SEO plugin v27.3 - https:\/\/yoast.com\/product\/yoast-seo-wordpress\/ -->\n<title>Beti Bezala\u2019, de Olaia Merino Erviti, anunciar\u00e1 las fiestas de San Ferm\u00edn 2022 tras obtener el 19,6% de los 8.191 votos v\u00e1lidos registrados en la elecci\u00f3n popular<\/title>\n<meta name=\"description\" content=\"Se trata del cartel n\u00ba 1, que muestra baile, alegr\u00eda y movimiento, con una figuras modernistas y est\u00e9tica \u2018revival\u2019 de las obras de los a\u00f1os 30\" \/>\n<meta name=\"robots\" content=\"index, follow, max-snippet:-1, max-image-preview:large, max-video-preview:-1\" \/>\n<link rel=\"canonical\" href=\"https:\/\/www.laguiadepamplona.com\/actualidad\/beti-bezala-de-olaia-merino-erviti-anunciara-las-fiestas-de-san-fermin-2022-tras-obtener-el-196-de-los-8-191-votos-validos-registrados-en-la-eleccion-popular\/\" \/>\n<meta property=\"og:locale\" content=\"es_ES\" \/>\n<meta property=\"og:type\" content=\"article\" \/>\n<meta property=\"og:title\" content=\"Beti Bezala\u2019, de Olaia Merino Erviti, anunciar\u00e1 las fiestas de San Ferm\u00edn 2022 tras obtener el 19,6% de los 8.191 votos v\u00e1lidos registrados en la elecci\u00f3n popular\" \/>\n<meta property=\"og:description\" content=\"Se trata del cartel n\u00ba 1, que muestra baile, alegr\u00eda y movimiento, con una figuras modernistas y est\u00e9tica \u2018revival\u2019 de las obras de los a\u00f1os 30\" \/>\n<meta property=\"og:url\" content=\"https:\/\/www.laguiadepamplona.com\/actualidad\/beti-bezala-de-olaia-merino-erviti-anunciara-las-fiestas-de-san-fermin-2022-tras-obtener-el-196-de-los-8-191-votos-validos-registrados-en-la-eleccion-popular\/\" \/>\n<meta property=\"og:site_name\" content=\"La Gu\u00eda de Pamplona\" \/>\n<meta property=\"article:publisher\" content=\"https:\/\/www.facebook.com\/laguiadepamplonacom-133175176762273\/?ref=hl\" \/>\n<meta property=\"article:published_time\" content=\"2022-05-09T14:37:53+00:00\" \/>\n<meta property=\"article:modified_time\" content=\"2023-04-11T09:48:13+00:00\" \/>\n<meta property=\"og:image\" content=\"https:\/\/www.laguiadepamplona.com\/actualidad\/wp-content\/uploads\/2022\/05\/beti-bezala-cartel-sanfermin-2022.webp\" \/>\n\t<meta property=\"og:image:width\" content=\"1920\" \/>\n\t<meta property=\"og:image:height\" content=\"1281\" \/>\n\t<meta property=\"og:image:type\" content=\"image\/webp\" \/>\n<meta name=\"author\" content=\"La Gu\u00eda de Pamplona\" \/>\n<meta name=\"twitter:card\" content=\"summary_large_image\" \/>\n<meta name=\"twitter:creator\" content=\"@LaGuiadPamplona\" \/>\n<meta name=\"twitter:site\" content=\"@LaGuiadPamplona\" \/>\n<meta name=\"twitter:label1\" content=\"Escrito por\" \/>\n\t<meta name=\"twitter:data1\" content=\"La Gu\u00eda de Pamplona\" \/>\n\t<meta name=\"twitter:label2\" content=\"Tiempo de lectura\" \/>\n\t<meta name=\"twitter:data2\" content=\"6 minutos\" \/>\n<script type=\"application\/ld+json\" class=\"yoast-schema-graph\">{\"@context\":\"https:\\\/\\\/schema.org\",\"@graph\":[{\"@type\":\"Article\",\"@id\":\"https:\\\/\\\/www.laguiadepamplona.com\\\/actualidad\\\/beti-bezala-de-olaia-merino-erviti-anunciara-las-fiestas-de-san-fermin-2022-tras-obtener-el-196-de-los-8-191-votos-validos-registrados-en-la-eleccion-popular\\\/#article\",\"isPartOf\":{\"@id\":\"https:\\\/\\\/www.laguiadepamplona.com\\\/actualidad\\\/beti-bezala-de-olaia-merino-erviti-anunciara-las-fiestas-de-san-fermin-2022-tras-obtener-el-196-de-los-8-191-votos-validos-registrados-en-la-eleccion-popular\\\/\"},\"author\":{\"name\":\"La Gu\u00eda de Pamplona\",\"@id\":\"https:\\\/\\\/www.laguiadepamplona.com\\\/actualidad\\\/#\\\/schema\\\/person\\\/efe887376f0213d4657c93adc50b1fdb\"},\"headline\":\"Beti Bezala\u2019, de Olaia Merino Erviti, anunciar\u00e1 las fiestas de San Ferm\u00edn 2022 tras obtener el 19,6% de los 8.191 votos v\u00e1lidos registrados en la elecci\u00f3n popular\",\"datePublished\":\"2022-05-09T14:37:53+00:00\",\"dateModified\":\"2023-04-11T09:48:13+00:00\",\"mainEntityOfPage\":{\"@id\":\"https:\\\/\\\/www.laguiadepamplona.com\\\/actualidad\\\/beti-bezala-de-olaia-merino-erviti-anunciara-las-fiestas-de-san-fermin-2022-tras-obtener-el-196-de-los-8-191-votos-validos-registrados-en-la-eleccion-popular\\\/\"},\"wordCount\":1059,\"commentCount\":0,\"publisher\":{\"@id\":\"https:\\\/\\\/www.laguiadepamplona.com\\\/actualidad\\\/#organization\"},\"image\":{\"@id\":\"https:\\\/\\\/www.laguiadepamplona.com\\\/actualidad\\\/beti-bezala-de-olaia-merino-erviti-anunciara-las-fiestas-de-san-fermin-2022-tras-obtener-el-196-de-los-8-191-votos-validos-registrados-en-la-eleccion-popular\\\/#primaryimage\"},\"thumbnailUrl\":\"https:\\\/\\\/www.laguiadepamplona.com\\\/actualidad\\\/wp-content\\\/uploads\\\/2022\\\/05\\\/beti-bezala-cartel-sanfermin-2022.webp\",\"articleSection\":[\"Ayto Pamplona\",\"San Ferm\u00edn\"],\"inLanguage\":\"es\",\"potentialAction\":[{\"@type\":\"CommentAction\",\"name\":\"Comment\",\"target\":[\"https:\\\/\\\/www.laguiadepamplona.com\\\/actualidad\\\/beti-bezala-de-olaia-merino-erviti-anunciara-las-fiestas-de-san-fermin-2022-tras-obtener-el-196-de-los-8-191-votos-validos-registrados-en-la-eleccion-popular\\\/#respond\"]}]},{\"@type\":\"WebPage\",\"@id\":\"https:\\\/\\\/www.laguiadepamplona.com\\\/actualidad\\\/beti-bezala-de-olaia-merino-erviti-anunciara-las-fiestas-de-san-fermin-2022-tras-obtener-el-196-de-los-8-191-votos-validos-registrados-en-la-eleccion-popular\\\/\",\"url\":\"https:\\\/\\\/www.laguiadepamplona.com\\\/actualidad\\\/beti-bezala-de-olaia-merino-erviti-anunciara-las-fiestas-de-san-fermin-2022-tras-obtener-el-196-de-los-8-191-votos-validos-registrados-en-la-eleccion-popular\\\/\",\"name\":\"Beti Bezala\u2019, de Olaia Merino Erviti, anunciar\u00e1 las fiestas de San Ferm\u00edn 2022 tras obtener el 19,6% de los 8.191 votos v\u00e1lidos registrados en la elecci\u00f3n popular\",\"isPartOf\":{\"@id\":\"https:\\\/\\\/www.laguiadepamplona.com\\\/actualidad\\\/#website\"},\"primaryImageOfPage\":{\"@id\":\"https:\\\/\\\/www.laguiadepamplona.com\\\/actualidad\\\/beti-bezala-de-olaia-merino-erviti-anunciara-las-fiestas-de-san-fermin-2022-tras-obtener-el-196-de-los-8-191-votos-validos-registrados-en-la-eleccion-popular\\\/#primaryimage\"},\"image\":{\"@id\":\"https:\\\/\\\/www.laguiadepamplona.com\\\/actualidad\\\/beti-bezala-de-olaia-merino-erviti-anunciara-las-fiestas-de-san-fermin-2022-tras-obtener-el-196-de-los-8-191-votos-validos-registrados-en-la-eleccion-popular\\\/#primaryimage\"},\"thumbnailUrl\":\"https:\\\/\\\/www.laguiadepamplona.com\\\/actualidad\\\/wp-content\\\/uploads\\\/2022\\\/05\\\/beti-bezala-cartel-sanfermin-2022.webp\",\"datePublished\":\"2022-05-09T14:37:53+00:00\",\"dateModified\":\"2023-04-11T09:48:13+00:00\",\"description\":\"Se trata del cartel n\u00ba 1, que muestra baile, alegr\u00eda y movimiento, con una figuras modernistas y est\u00e9tica \u2018revival\u2019 de las obras de los a\u00f1os 30\",\"breadcrumb\":{\"@id\":\"https:\\\/\\\/www.laguiadepamplona.com\\\/actualidad\\\/beti-bezala-de-olaia-merino-erviti-anunciara-las-fiestas-de-san-fermin-2022-tras-obtener-el-196-de-los-8-191-votos-validos-registrados-en-la-eleccion-popular\\\/#breadcrumb\"},\"inLanguage\":\"es\",\"potentialAction\":[{\"@type\":\"ReadAction\",\"target\":[\"https:\\\/\\\/www.laguiadepamplona.com\\\/actualidad\\\/beti-bezala-de-olaia-merino-erviti-anunciara-las-fiestas-de-san-fermin-2022-tras-obtener-el-196-de-los-8-191-votos-validos-registrados-en-la-eleccion-popular\\\/\"]}]},{\"@type\":\"ImageObject\",\"inLanguage\":\"es\",\"@id\":\"https:\\\/\\\/www.laguiadepamplona.com\\\/actualidad\\\/beti-bezala-de-olaia-merino-erviti-anunciara-las-fiestas-de-san-fermin-2022-tras-obtener-el-196-de-los-8-191-votos-validos-registrados-en-la-eleccion-popular\\\/#primaryimage\",\"url\":\"https:\\\/\\\/www.laguiadepamplona.com\\\/actualidad\\\/wp-content\\\/uploads\\\/2022\\\/05\\\/beti-bezala-cartel-sanfermin-2022.webp\",\"contentUrl\":\"https:\\\/\\\/www.laguiadepamplona.com\\\/actualidad\\\/wp-content\\\/uploads\\\/2022\\\/05\\\/beti-bezala-cartel-sanfermin-2022.webp\",\"width\":1920,\"height\":1281},{\"@type\":\"BreadcrumbList\",\"@id\":\"https:\\\/\\\/www.laguiadepamplona.com\\\/actualidad\\\/beti-bezala-de-olaia-merino-erviti-anunciara-las-fiestas-de-san-fermin-2022-tras-obtener-el-196-de-los-8-191-votos-validos-registrados-en-la-eleccion-popular\\\/#breadcrumb\",\"itemListElement\":[{\"@type\":\"ListItem\",\"position\":1,\"name\":\"Portada\",\"item\":\"https:\\\/\\\/www.laguiadepamplona.com\\\/actualidad\\\/\"},{\"@type\":\"ListItem\",\"position\":2,\"name\":\"Beti Bezala\u2019, de Olaia Merino Erviti, anunciar\u00e1 las fiestas de San Ferm\u00edn 2022 tras obtener el 19,6% de los 8.191 votos v\u00e1lidos registrados en la elecci\u00f3n popular\"}]},{\"@type\":\"WebSite\",\"@id\":\"https:\\\/\\\/www.laguiadepamplona.com\\\/actualidad\\\/#website\",\"url\":\"https:\\\/\\\/www.laguiadepamplona.com\\\/actualidad\\\/\",\"name\":\"La gu\u00eda de Pamplona\",\"description\":\"Noticias de Pamplona\",\"publisher\":{\"@id\":\"https:\\\/\\\/www.laguiadepamplona.com\\\/actualidad\\\/#organization\"},\"potentialAction\":[{\"@type\":\"SearchAction\",\"target\":{\"@type\":\"EntryPoint\",\"urlTemplate\":\"https:\\\/\\\/www.laguiadepamplona.com\\\/actualidad\\\/?s={search_term_string}\"},\"query-input\":{\"@type\":\"PropertyValueSpecification\",\"valueRequired\":true,\"valueName\":\"search_term_string\"}}],\"inLanguage\":\"es\"},{\"@type\":\"Organization\",\"@id\":\"https:\\\/\\\/www.laguiadepamplona.com\\\/actualidad\\\/#organization\",\"name\":\"La Gu\u00eda de Pamplona \\\/ Noticias\",\"url\":\"https:\\\/\\\/www.laguiadepamplona.com\\\/actualidad\\\/\",\"logo\":{\"@type\":\"ImageObject\",\"inLanguage\":\"es\",\"@id\":\"https:\\\/\\\/www.laguiadepamplona.com\\\/actualidad\\\/#\\\/schema\\\/logo\\\/image\\\/\",\"url\":\"https:\\\/\\\/www.laguiadepamplona.com\\\/actualidad\\\/wp-content\\\/uploads\\\/2018\\\/11\\\/logo-laguiadepamplona18-web1.png\",\"contentUrl\":\"https:\\\/\\\/www.laguiadepamplona.com\\\/actualidad\\\/wp-content\\\/uploads\\\/2018\\\/11\\\/logo-laguiadepamplona18-web1.png\",\"width\":600,\"height\":196,\"caption\":\"La Gu\u00eda de Pamplona \\\/ Noticias\"},\"image\":{\"@id\":\"https:\\\/\\\/www.laguiadepamplona.com\\\/actualidad\\\/#\\\/schema\\\/logo\\\/image\\\/\"},\"sameAs\":[\"https:\\\/\\\/www.facebook.com\\\/laguiadepamplonacom-133175176762273\\\/?ref=hl\",\"https:\\\/\\\/x.com\\\/LaGuiadPamplona\",\"https:\\\/\\\/www.instagram.com\\\/la_guia_de_pamplona\\\/\",\"https:\\\/\\\/www.youtube.com\\\/user\\\/laguiadepamplona\"]},{\"@type\":\"Person\",\"@id\":\"https:\\\/\\\/www.laguiadepamplona.com\\\/actualidad\\\/#\\\/schema\\\/person\\\/efe887376f0213d4657c93adc50b1fdb\",\"name\":\"La Gu\u00eda de Pamplona\",\"image\":{\"@type\":\"ImageObject\",\"inLanguage\":\"es\",\"@id\":\"https:\\\/\\\/secure.gravatar.com\\\/avatar\\\/b6992f131dc8d30ab0dff15446e9d346d9dbd95992de0fef795073f5ea83a81c?s=96&d=mm&r=g\",\"url\":\"https:\\\/\\\/secure.gravatar.com\\\/avatar\\\/b6992f131dc8d30ab0dff15446e9d346d9dbd95992de0fef795073f5ea83a81c?s=96&d=mm&r=g\",\"contentUrl\":\"https:\\\/\\\/secure.gravatar.com\\\/avatar\\\/b6992f131dc8d30ab0dff15446e9d346d9dbd95992de0fef795073f5ea83a81c?s=96&d=mm&r=g\",\"caption\":\"La Gu\u00eda de Pamplona\"}}]}<\/script>\n<!-- \/ Yoast SEO plugin. -->","yoast_head_json":{"title":"Beti Bezala\u2019, de Olaia Merino Erviti, anunciar\u00e1 las fiestas de San Ferm\u00edn 2022 tras obtener el 19,6% de los 8.191 votos v\u00e1lidos registrados en la elecci\u00f3n popular","description":"Se trata del cartel n\u00ba 1, que muestra baile, alegr\u00eda y movimiento, con una figuras modernistas y est\u00e9tica \u2018revival\u2019 de las obras de los a\u00f1os 30","robots":{"index":"index","follow":"follow","max-snippet":"max-snippet:-1","max-image-preview":"max-image-preview:large","max-video-preview":"max-video-preview:-1"},"canonical":"https:\/\/www.laguiadepamplona.com\/actualidad\/beti-bezala-de-olaia-merino-erviti-anunciara-las-fiestas-de-san-fermin-2022-tras-obtener-el-196-de-los-8-191-votos-validos-registrados-en-la-eleccion-popular\/","og_locale":"es_ES","og_type":"article","og_title":"Beti Bezala\u2019, de Olaia Merino Erviti, anunciar\u00e1 las fiestas de San Ferm\u00edn 2022 tras obtener el 19,6% de los 8.191 votos v\u00e1lidos registrados en la elecci\u00f3n popular","og_description":"Se trata del cartel n\u00ba 1, que muestra baile, alegr\u00eda y movimiento, con una figuras modernistas y est\u00e9tica \u2018revival\u2019 de las obras de los a\u00f1os 30","og_url":"https:\/\/www.laguiadepamplona.com\/actualidad\/beti-bezala-de-olaia-merino-erviti-anunciara-las-fiestas-de-san-fermin-2022-tras-obtener-el-196-de-los-8-191-votos-validos-registrados-en-la-eleccion-popular\/","og_site_name":"La Gu\u00eda de Pamplona","article_publisher":"https:\/\/www.facebook.com\/laguiadepamplonacom-133175176762273\/?ref=hl","article_published_time":"2022-05-09T14:37:53+00:00","article_modified_time":"2023-04-11T09:48:13+00:00","og_image":[{"width":1920,"height":1281,"url":"https:\/\/www.laguiadepamplona.com\/actualidad\/wp-content\/uploads\/2022\/05\/beti-bezala-cartel-sanfermin-2022.webp","type":"image\/webp"}],"author":"La Gu\u00eda de Pamplona","twitter_card":"summary_large_image","twitter_creator":"@LaGuiadPamplona","twitter_site":"@LaGuiadPamplona","twitter_misc":{"Escrito por":"La Gu\u00eda de Pamplona","Tiempo de lectura":"6 minutos"},"schema":{"@context":"https:\/\/schema.org","@graph":[{"@type":"Article","@id":"https:\/\/www.laguiadepamplona.com\/actualidad\/beti-bezala-de-olaia-merino-erviti-anunciara-las-fiestas-de-san-fermin-2022-tras-obtener-el-196-de-los-8-191-votos-validos-registrados-en-la-eleccion-popular\/#article","isPartOf":{"@id":"https:\/\/www.laguiadepamplona.com\/actualidad\/beti-bezala-de-olaia-merino-erviti-anunciara-las-fiestas-de-san-fermin-2022-tras-obtener-el-196-de-los-8-191-votos-validos-registrados-en-la-eleccion-popular\/"},"author":{"name":"La Gu\u00eda de Pamplona","@id":"https:\/\/www.laguiadepamplona.com\/actualidad\/#\/schema\/person\/efe887376f0213d4657c93adc50b1fdb"},"headline":"Beti Bezala\u2019, de Olaia Merino Erviti, anunciar\u00e1 las fiestas de San Ferm\u00edn 2022 tras obtener el 19,6% de los 8.191 votos v\u00e1lidos registrados en la elecci\u00f3n popular","datePublished":"2022-05-09T14:37:53+00:00","dateModified":"2023-04-11T09:48:13+00:00","mainEntityOfPage":{"@id":"https:\/\/www.laguiadepamplona.com\/actualidad\/beti-bezala-de-olaia-merino-erviti-anunciara-las-fiestas-de-san-fermin-2022-tras-obtener-el-196-de-los-8-191-votos-validos-registrados-en-la-eleccion-popular\/"},"wordCount":1059,"commentCount":0,"publisher":{"@id":"https:\/\/www.laguiadepamplona.com\/actualidad\/#organization"},"image":{"@id":"https:\/\/www.laguiadepamplona.com\/actualidad\/beti-bezala-de-olaia-merino-erviti-anunciara-las-fiestas-de-san-fermin-2022-tras-obtener-el-196-de-los-8-191-votos-validos-registrados-en-la-eleccion-popular\/#primaryimage"},"thumbnailUrl":"https:\/\/www.laguiadepamplona.com\/actualidad\/wp-content\/uploads\/2022\/05\/beti-bezala-cartel-sanfermin-2022.webp","articleSection":["Ayto Pamplona","San Ferm\u00edn"],"inLanguage":"es","potentialAction":[{"@type":"CommentAction","name":"Comment","target":["https:\/\/www.laguiadepamplona.com\/actualidad\/beti-bezala-de-olaia-merino-erviti-anunciara-las-fiestas-de-san-fermin-2022-tras-obtener-el-196-de-los-8-191-votos-validos-registrados-en-la-eleccion-popular\/#respond"]}]},{"@type":"WebPage","@id":"https:\/\/www.laguiadepamplona.com\/actualidad\/beti-bezala-de-olaia-merino-erviti-anunciara-las-fiestas-de-san-fermin-2022-tras-obtener-el-196-de-los-8-191-votos-validos-registrados-en-la-eleccion-popular\/","url":"https:\/\/www.laguiadepamplona.com\/actualidad\/beti-bezala-de-olaia-merino-erviti-anunciara-las-fiestas-de-san-fermin-2022-tras-obtener-el-196-de-los-8-191-votos-validos-registrados-en-la-eleccion-popular\/","name":"Beti Bezala\u2019, de Olaia Merino Erviti, anunciar\u00e1 las fiestas de San Ferm\u00edn 2022 tras obtener el 19,6% de los 8.191 votos v\u00e1lidos registrados en la elecci\u00f3n popular","isPartOf":{"@id":"https:\/\/www.laguiadepamplona.com\/actualidad\/#website"},"primaryImageOfPage":{"@id":"https:\/\/www.laguiadepamplona.com\/actualidad\/beti-bezala-de-olaia-merino-erviti-anunciara-las-fiestas-de-san-fermin-2022-tras-obtener-el-196-de-los-8-191-votos-validos-registrados-en-la-eleccion-popular\/#primaryimage"},"image":{"@id":"https:\/\/www.laguiadepamplona.com\/actualidad\/beti-bezala-de-olaia-merino-erviti-anunciara-las-fiestas-de-san-fermin-2022-tras-obtener-el-196-de-los-8-191-votos-validos-registrados-en-la-eleccion-popular\/#primaryimage"},"thumbnailUrl":"https:\/\/www.laguiadepamplona.com\/actualidad\/wp-content\/uploads\/2022\/05\/beti-bezala-cartel-sanfermin-2022.webp","datePublished":"2022-05-09T14:37:53+00:00","dateModified":"2023-04-11T09:48:13+00:00","description":"Se trata del cartel n\u00ba 1, que muestra baile, alegr\u00eda y movimiento, con una figuras modernistas y est\u00e9tica \u2018revival\u2019 de las obras de los a\u00f1os 30","breadcrumb":{"@id":"https:\/\/www.laguiadepamplona.com\/actualidad\/beti-bezala-de-olaia-merino-erviti-anunciara-las-fiestas-de-san-fermin-2022-tras-obtener-el-196-de-los-8-191-votos-validos-registrados-en-la-eleccion-popular\/#breadcrumb"},"inLanguage":"es","potentialAction":[{"@type":"ReadAction","target":["https:\/\/www.laguiadepamplona.com\/actualidad\/beti-bezala-de-olaia-merino-erviti-anunciara-las-fiestas-de-san-fermin-2022-tras-obtener-el-196-de-los-8-191-votos-validos-registrados-en-la-eleccion-popular\/"]}]},{"@type":"ImageObject","inLanguage":"es","@id":"https:\/\/www.laguiadepamplona.com\/actualidad\/beti-bezala-de-olaia-merino-erviti-anunciara-las-fiestas-de-san-fermin-2022-tras-obtener-el-196-de-los-8-191-votos-validos-registrados-en-la-eleccion-popular\/#primaryimage","url":"https:\/\/www.laguiadepamplona.com\/actualidad\/wp-content\/uploads\/2022\/05\/beti-bezala-cartel-sanfermin-2022.webp","contentUrl":"https:\/\/www.laguiadepamplona.com\/actualidad\/wp-content\/uploads\/2022\/05\/beti-bezala-cartel-sanfermin-2022.webp","width":1920,"height":1281},{"@type":"BreadcrumbList","@id":"https:\/\/www.laguiadepamplona.com\/actualidad\/beti-bezala-de-olaia-merino-erviti-anunciara-las-fiestas-de-san-fermin-2022-tras-obtener-el-196-de-los-8-191-votos-validos-registrados-en-la-eleccion-popular\/#breadcrumb","itemListElement":[{"@type":"ListItem","position":1,"name":"Portada","item":"https:\/\/www.laguiadepamplona.com\/actualidad\/"},{"@type":"ListItem","position":2,"name":"Beti Bezala\u2019, de Olaia Merino Erviti, anunciar\u00e1 las fiestas de San Ferm\u00edn 2022 tras obtener el 19,6% de los 8.191 votos v\u00e1lidos registrados en la elecci\u00f3n popular"}]},{"@type":"WebSite","@id":"https:\/\/www.laguiadepamplona.com\/actualidad\/#website","url":"https:\/\/www.laguiadepamplona.com\/actualidad\/","name":"La gu\u00eda de Pamplona","description":"Noticias de Pamplona","publisher":{"@id":"https:\/\/www.laguiadepamplona.com\/actualidad\/#organization"},"potentialAction":[{"@type":"SearchAction","target":{"@type":"EntryPoint","urlTemplate":"https:\/\/www.laguiadepamplona.com\/actualidad\/?s={search_term_string}"},"query-input":{"@type":"PropertyValueSpecification","valueRequired":true,"valueName":"search_term_string"}}],"inLanguage":"es"},{"@type":"Organization","@id":"https:\/\/www.laguiadepamplona.com\/actualidad\/#organization","name":"La Gu\u00eda de Pamplona \/ Noticias","url":"https:\/\/www.laguiadepamplona.com\/actualidad\/","logo":{"@type":"ImageObject","inLanguage":"es","@id":"https:\/\/www.laguiadepamplona.com\/actualidad\/#\/schema\/logo\/image\/","url":"https:\/\/www.laguiadepamplona.com\/actualidad\/wp-content\/uploads\/2018\/11\/logo-laguiadepamplona18-web1.png","contentUrl":"https:\/\/www.laguiadepamplona.com\/actualidad\/wp-content\/uploads\/2018\/11\/logo-laguiadepamplona18-web1.png","width":600,"height":196,"caption":"La Gu\u00eda de Pamplona \/ Noticias"},"image":{"@id":"https:\/\/www.laguiadepamplona.com\/actualidad\/#\/schema\/logo\/image\/"},"sameAs":["https:\/\/www.facebook.com\/laguiadepamplonacom-133175176762273\/?ref=hl","https:\/\/x.com\/LaGuiadPamplona","https:\/\/www.instagram.com\/la_guia_de_pamplona\/","https:\/\/www.youtube.com\/user\/laguiadepamplona"]},{"@type":"Person","@id":"https:\/\/www.laguiadepamplona.com\/actualidad\/#\/schema\/person\/efe887376f0213d4657c93adc50b1fdb","name":"La Gu\u00eda de Pamplona","image":{"@type":"ImageObject","inLanguage":"es","@id":"https:\/\/secure.gravatar.com\/avatar\/b6992f131dc8d30ab0dff15446e9d346d9dbd95992de0fef795073f5ea83a81c?s=96&d=mm&r=g","url":"https:\/\/secure.gravatar.com\/avatar\/b6992f131dc8d30ab0dff15446e9d346d9dbd95992de0fef795073f5ea83a81c?s=96&d=mm&r=g","contentUrl":"https:\/\/secure.gravatar.com\/avatar\/b6992f131dc8d30ab0dff15446e9d346d9dbd95992de0fef795073f5ea83a81c?s=96&d=mm&r=g","caption":"La Gu\u00eda de Pamplona"}}]}},"post_mailing_queue_ids":[],"_links":{"self":[{"href":"https:\/\/www.laguiadepamplona.com\/actualidad\/wp-json\/wp\/v2\/posts\/40261","targetHints":{"allow":["GET"]}}],"collection":[{"href":"https:\/\/www.laguiadepamplona.com\/actualidad\/wp-json\/wp\/v2\/posts"}],"about":[{"href":"https:\/\/www.laguiadepamplona.com\/actualidad\/wp-json\/wp\/v2\/types\/post"}],"author":[{"embeddable":true,"href":"https:\/\/www.laguiadepamplona.com\/actualidad\/wp-json\/wp\/v2\/users\/1"}],"replies":[{"embeddable":true,"href":"https:\/\/www.laguiadepamplona.com\/actualidad\/wp-json\/wp\/v2\/comments?post=40261"}],"version-history":[{"count":0,"href":"https:\/\/www.laguiadepamplona.com\/actualidad\/wp-json\/wp\/v2\/posts\/40261\/revisions"}],"wp:featuredmedia":[{"embeddable":true,"href":"https:\/\/www.laguiadepamplona.com\/actualidad\/wp-json\/wp\/v2\/media\/40262"}],"wp:attachment":[{"href":"https:\/\/www.laguiadepamplona.com\/actualidad\/wp-json\/wp\/v2\/media?parent=40261"}],"wp:term":[{"taxonomy":"category","embeddable":true,"href":"https:\/\/www.laguiadepamplona.com\/actualidad\/wp-json\/wp\/v2\/categories?post=40261"},{"taxonomy":"post_tag","embeddable":true,"href":"https:\/\/www.laguiadepamplona.com\/actualidad\/wp-json\/wp\/v2\/tags?post=40261"}],"curies":[{"name":"wp","href":"https:\/\/api.w.org\/{rel}","templated":true}]}}