{"id":40256,"date":"2022-05-06T18:05:30","date_gmt":"2022-05-06T16:05:30","guid":{"rendered":"https:\/\/www.laguiadepamplona.com\/actualidad\/?p=40256"},"modified":"2023-04-11T11:48:13","modified_gmt":"2023-04-11T09:48:13","slug":"entre-el-16-y-el-19-de-mayo-la-seccion-oficial-del-festival-de-cine-y-medio-ambiente-ecozine-propone-al-publico-cuatro-documentales-en-los-que-colaboran-siete-paises","status":"publish","type":"post","link":"https:\/\/www.laguiadepamplona.com\/actualidad\/entre-el-16-y-el-19-de-mayo-la-seccion-oficial-del-festival-de-cine-y-medio-ambiente-ecozine-propone-al-publico-cuatro-documentales-en-los-que-colaboran-siete-paises\/","title":{"rendered":"Entre el 16 y el 19 de mayo la Secci\u00f3n Oficial del festival de cine y medio ambiente Ecozine propone al p\u00fablico cuatro documentales en los que colaboran siete pa\u00edses"},"content":{"rendered":"<h5>La pr\u00f3xima semana se podr\u00e1n recoger las invitaciones en las taquillas de los cines Golem Baiona<\/h5>\n<p><!--more--><\/p>\n<p>El pr\u00f3ximo 9 de mayo se podr\u00e1n recoger las invitaciones para la Secci\u00f3n Oficial de Ecozine en las taquillas de Golem Baiona. Y es que esta parte del festival se celebrar\u00e1 en Pamplona del 16 al 19 de mayo. A lo largo de los cuatro d\u00edas, a las 19.30 horas, se podr\u00e1 disfrutar de tres documentales internacionales provenientes de puntos muy alejados entre s\u00ed, y de un filme espa\u00f1ol, todos sobre asuntos que tienen incidencia ambiental. Tras cada proyecci\u00f3n tendr\u00e1 lugar un coloquio con sus art\u00edfices. La entrada a las sesiones ser\u00e1 libre hasta completar el aforo.<br \/>\n<script async src=\"\/\/pagead2.googlesyndication.com\/pagead\/js\/adsbygoogle.js\"><\/script><br \/>\n<!-- Noticias La Guia de Pamplona --><br \/>\n<ins class=\"adsbygoogle\"\nstyle=\"display:block\"\ndata-ad-client=\"ca-pub-6943679897239327\"\ndata-ad-slot=\"7048180777\"\ndata-ad-format=\"auto\"><\/ins><br \/>\n<script>\n(adsbygoogle = window.adsbygoogle || []).push({});\n<\/script><\/p>\n<p>El lunes se proyectar\u00e1 en ingl\u00e9s subtitulada a castellano la italiana \u2018One earth. Tutto \u00e9 connesso\u2019 (Italia, 2021), una cinta dirigida por Francesco De Augustinis sobre la producci\u00f3n hiperintensiva ganadera en granjas biotecnol\u00f3gicas, y de c\u00f3mo el sistema alimentario global est\u00e1 contribuyendo al cambio clim\u00e1tico, las epidemias y el colapso de la biodiversidad. El martes, quienes se acerquen a Golem Baiona podr\u00e1n ver el pase subtitulado de \u2018Amuka\u2019 (coproducci\u00f3n B\u00e9lgica\/Rep\u00fablica Democr\u00e1tica de Congo, 2021). Rodada en franc\u00e9s y swahili, y dirigida por Antonio Spano, su argumento se centra en las cooperativas agr\u00edcolas y su potencialidad para luchar contra el hambre.<\/p>\n<p>La revoluci\u00f3n ind\u00edgena es el centro del guion de \u2018Ophir\u2019 (Francia \/ Pap\u00faa Nueva Guinea \/ Reino Unido, 2020). Sonorizada en ingl\u00e9s, la cinta de Alexandre Berman y Olivier Pollet arroja luz sobre el mayor conflicto en el Pac\u00edfico desde la Segunda Guerra Mundial, revelando las cadenas visibles e invisibles de la colonizaci\u00f3n en la naci\u00f3n m\u00e1s joven del mundo. Finalmente, el jueves la Secci\u00f3n Oficial se cerrar\u00e1 con \u2018La senda del pastor\u2019 (Espa\u00f1a, 2021), de la realizadora Silvia Pradas. La pel\u00edcula propone un viaje, a caballo entre 2019 y el inusual 2020, con seis pastores, mujeres y hombres de diferentes generaciones, que alzan la voz para proteger su vocaci\u00f3n y la vida en el campo.<br \/>\n<script async src=\"\/\/pagead2.googlesyndication.com\/pagead\/js\/adsbygoogle.js\"><\/script><br \/>\n<!-- Noticias La Guia de Pamplona --><br \/>\n<ins class=\"adsbygoogle\"\nstyle=\"display:block\"\ndata-ad-client=\"ca-pub-6943679897239327\"\ndata-ad-slot=\"7048180777\"\ndata-ad-format=\"auto\"><\/ins><br \/>\n<script>\n(adsbygoogle = window.adsbygoogle || []).push({});\n<\/script><\/p>\n<p><strong>Record de asistencia en la Secci\u00f3n Joven<\/strong><\/p>\n<p>Este festival de cine y medio ambiente que naci\u00f3 en Zaragoza en 2007, se celebra en Pamplona gracias a la colaboraci\u00f3n entre el Ayuntamiento de Pamplona y la Asociaci\u00f3n Cultural Ecozine. La ciudad acoge tambi\u00e9n cada a\u00f1o la Secci\u00f3n Joven, con claro car\u00e1cter de educaci\u00f3n ambiental. En esta edici\u00f3n los seis cortometrajes internacionales programados se exhibieron el pasado mes de marzo en Civivox Iturrama con la asistencia de m\u00e1s de 800 personas entre alumnado y profesorado de Educaci\u00f3n Secundaria y ciclos formativos.<\/p>\n<p>Esta cifra de personas asistentes supera las de ediciones anteriores, ya que en 2018 participaron 350 j\u00f3venes y en 2019 (la \u00faltima edici\u00f3n presencial) fueron 497. En 2022 se ha recuperado el formato presencial de las proyecciones, ya que en la anterior edici\u00f3n las sesiones fueron <em>on line<\/em> y en 2020 la pandemia impidi\u00f3 su desarrollo. Este a\u00f1o, tras abordar temas como los residuos pl\u00e1sticos en los oc\u00e9anos o la contaminaci\u00f3n de las ciudades, los escolares participantes han realizado en el aula actividades dise\u00f1adas espec\u00edficamente para trabajar contenidos ambientales mediante el cine. El voto de los j\u00f3venes participantes de Pamplona, junto a los de Zaragoza, determinar\u00e1n el cortometraje ganador de la secci\u00f3n.<\/p>\n","protected":false},"excerpt":{"rendered":"<p>La pr\u00f3xima semana se podr\u00e1n recoger las invitaciones en las taquillas de los cines Golem Baiona<\/p>\n","protected":false},"author":1,"featured_media":40257,"comment_status":"open","ping_status":"closed","sticky":false,"template":"","format":"standard","meta":{"footnotes":""},"categories":[2],"tags":[],"class_list":["post-40256","post","type-post","status-publish","format-standard","has-post-thumbnail","hentry","category-ayuntamiento-pamplona"],"yoast_head":"<!-- This site is optimized with the Yoast SEO plugin v27.3 - https:\/\/yoast.com\/product\/yoast-seo-wordpress\/ -->\n<title>Entre el 16 y el 19 de mayo la Secci\u00f3n Oficial del festival de cine y medio ambiente Ecozine propone al p\u00fablico cuatro documentales en los que colaboran siete pa\u00edses<\/title>\n<meta name=\"description\" content=\"La pr\u00f3xima semana se podr\u00e1n recoger las invitaciones en las taquillas de los cines Golem Baiona\" \/>\n<meta name=\"robots\" content=\"index, follow, max-snippet:-1, max-image-preview:large, max-video-preview:-1\" \/>\n<link rel=\"canonical\" href=\"https:\/\/www.laguiadepamplona.com\/actualidad\/entre-el-16-y-el-19-de-mayo-la-seccion-oficial-del-festival-de-cine-y-medio-ambiente-ecozine-propone-al-publico-cuatro-documentales-en-los-que-colaboran-siete-paises\/\" \/>\n<meta property=\"og:locale\" content=\"es_ES\" \/>\n<meta property=\"og:type\" content=\"article\" \/>\n<meta property=\"og:title\" content=\"Entre el 16 y el 19 de mayo la Secci\u00f3n Oficial del festival de cine y medio ambiente Ecozine propone al p\u00fablico cuatro documentales en los que colaboran siete pa\u00edses\" \/>\n<meta property=\"og:description\" content=\"La pr\u00f3xima semana se podr\u00e1n recoger las invitaciones en las taquillas de los cines Golem Baiona\" \/>\n<meta property=\"og:url\" content=\"https:\/\/www.laguiadepamplona.com\/actualidad\/entre-el-16-y-el-19-de-mayo-la-seccion-oficial-del-festival-de-cine-y-medio-ambiente-ecozine-propone-al-publico-cuatro-documentales-en-los-que-colaboran-siete-paises\/\" \/>\n<meta property=\"og:site_name\" content=\"La Gu\u00eda de Pamplona\" \/>\n<meta property=\"article:publisher\" content=\"https:\/\/www.facebook.com\/laguiadepamplonacom-133175176762273\/?ref=hl\" \/>\n<meta property=\"article:published_time\" content=\"2022-05-06T16:05:30+00:00\" \/>\n<meta property=\"article:modified_time\" content=\"2023-04-11T09:48:13+00:00\" \/>\n<meta property=\"og:image\" content=\"https:\/\/www.laguiadepamplona.com\/actualidad\/wp-content\/uploads\/2022\/05\/Cartel-ecozine-2022.webp\" \/>\n\t<meta property=\"og:image:width\" content=\"1358\" \/>\n\t<meta property=\"og:image:height\" content=\"1920\" \/>\n\t<meta property=\"og:image:type\" content=\"image\/webp\" \/>\n<meta name=\"author\" content=\"La Gu\u00eda de Pamplona\" \/>\n<meta name=\"twitter:card\" content=\"summary_large_image\" \/>\n<meta name=\"twitter:creator\" content=\"@LaGuiadPamplona\" \/>\n<meta name=\"twitter:site\" content=\"@LaGuiadPamplona\" \/>\n<meta name=\"twitter:label1\" content=\"Escrito por\" \/>\n\t<meta name=\"twitter:data1\" content=\"La Gu\u00eda de Pamplona\" \/>\n\t<meta name=\"twitter:label2\" content=\"Tiempo de lectura\" \/>\n\t<meta name=\"twitter:data2\" content=\"3 minutos\" \/>\n<script type=\"application\/ld+json\" class=\"yoast-schema-graph\">{\"@context\":\"https:\\\/\\\/schema.org\",\"@graph\":[{\"@type\":\"Article\",\"@id\":\"https:\\\/\\\/www.laguiadepamplona.com\\\/actualidad\\\/entre-el-16-y-el-19-de-mayo-la-seccion-oficial-del-festival-de-cine-y-medio-ambiente-ecozine-propone-al-publico-cuatro-documentales-en-los-que-colaboran-siete-paises\\\/#article\",\"isPartOf\":{\"@id\":\"https:\\\/\\\/www.laguiadepamplona.com\\\/actualidad\\\/entre-el-16-y-el-19-de-mayo-la-seccion-oficial-del-festival-de-cine-y-medio-ambiente-ecozine-propone-al-publico-cuatro-documentales-en-los-que-colaboran-siete-paises\\\/\"},\"author\":{\"name\":\"La Gu\u00eda de Pamplona\",\"@id\":\"https:\\\/\\\/www.laguiadepamplona.com\\\/actualidad\\\/#\\\/schema\\\/person\\\/efe887376f0213d4657c93adc50b1fdb\"},\"headline\":\"Entre el 16 y el 19 de mayo la Secci\u00f3n Oficial del festival de cine y medio ambiente Ecozine propone al p\u00fablico cuatro documentales en los que colaboran siete pa\u00edses\",\"datePublished\":\"2022-05-06T16:05:30+00:00\",\"dateModified\":\"2023-04-11T09:48:13+00:00\",\"mainEntityOfPage\":{\"@id\":\"https:\\\/\\\/www.laguiadepamplona.com\\\/actualidad\\\/entre-el-16-y-el-19-de-mayo-la-seccion-oficial-del-festival-de-cine-y-medio-ambiente-ecozine-propone-al-publico-cuatro-documentales-en-los-que-colaboran-siete-paises\\\/\"},\"wordCount\":597,\"commentCount\":0,\"publisher\":{\"@id\":\"https:\\\/\\\/www.laguiadepamplona.com\\\/actualidad\\\/#organization\"},\"image\":{\"@id\":\"https:\\\/\\\/www.laguiadepamplona.com\\\/actualidad\\\/entre-el-16-y-el-19-de-mayo-la-seccion-oficial-del-festival-de-cine-y-medio-ambiente-ecozine-propone-al-publico-cuatro-documentales-en-los-que-colaboran-siete-paises\\\/#primaryimage\"},\"thumbnailUrl\":\"https:\\\/\\\/www.laguiadepamplona.com\\\/actualidad\\\/wp-content\\\/uploads\\\/2022\\\/05\\\/Cartel-ecozine-2022.webp\",\"articleSection\":[\"Ayto Pamplona\"],\"inLanguage\":\"es\",\"potentialAction\":[{\"@type\":\"CommentAction\",\"name\":\"Comment\",\"target\":[\"https:\\\/\\\/www.laguiadepamplona.com\\\/actualidad\\\/entre-el-16-y-el-19-de-mayo-la-seccion-oficial-del-festival-de-cine-y-medio-ambiente-ecozine-propone-al-publico-cuatro-documentales-en-los-que-colaboran-siete-paises\\\/#respond\"]}]},{\"@type\":\"WebPage\",\"@id\":\"https:\\\/\\\/www.laguiadepamplona.com\\\/actualidad\\\/entre-el-16-y-el-19-de-mayo-la-seccion-oficial-del-festival-de-cine-y-medio-ambiente-ecozine-propone-al-publico-cuatro-documentales-en-los-que-colaboran-siete-paises\\\/\",\"url\":\"https:\\\/\\\/www.laguiadepamplona.com\\\/actualidad\\\/entre-el-16-y-el-19-de-mayo-la-seccion-oficial-del-festival-de-cine-y-medio-ambiente-ecozine-propone-al-publico-cuatro-documentales-en-los-que-colaboran-siete-paises\\\/\",\"name\":\"Entre el 16 y el 19 de mayo la Secci\u00f3n Oficial del festival de cine y medio ambiente Ecozine propone al p\u00fablico cuatro documentales en los que colaboran siete pa\u00edses\",\"isPartOf\":{\"@id\":\"https:\\\/\\\/www.laguiadepamplona.com\\\/actualidad\\\/#website\"},\"primaryImageOfPage\":{\"@id\":\"https:\\\/\\\/www.laguiadepamplona.com\\\/actualidad\\\/entre-el-16-y-el-19-de-mayo-la-seccion-oficial-del-festival-de-cine-y-medio-ambiente-ecozine-propone-al-publico-cuatro-documentales-en-los-que-colaboran-siete-paises\\\/#primaryimage\"},\"image\":{\"@id\":\"https:\\\/\\\/www.laguiadepamplona.com\\\/actualidad\\\/entre-el-16-y-el-19-de-mayo-la-seccion-oficial-del-festival-de-cine-y-medio-ambiente-ecozine-propone-al-publico-cuatro-documentales-en-los-que-colaboran-siete-paises\\\/#primaryimage\"},\"thumbnailUrl\":\"https:\\\/\\\/www.laguiadepamplona.com\\\/actualidad\\\/wp-content\\\/uploads\\\/2022\\\/05\\\/Cartel-ecozine-2022.webp\",\"datePublished\":\"2022-05-06T16:05:30+00:00\",\"dateModified\":\"2023-04-11T09:48:13+00:00\",\"description\":\"La pr\u00f3xima semana se podr\u00e1n recoger las invitaciones en las taquillas de los cines Golem Baiona\",\"breadcrumb\":{\"@id\":\"https:\\\/\\\/www.laguiadepamplona.com\\\/actualidad\\\/entre-el-16-y-el-19-de-mayo-la-seccion-oficial-del-festival-de-cine-y-medio-ambiente-ecozine-propone-al-publico-cuatro-documentales-en-los-que-colaboran-siete-paises\\\/#breadcrumb\"},\"inLanguage\":\"es\",\"potentialAction\":[{\"@type\":\"ReadAction\",\"target\":[\"https:\\\/\\\/www.laguiadepamplona.com\\\/actualidad\\\/entre-el-16-y-el-19-de-mayo-la-seccion-oficial-del-festival-de-cine-y-medio-ambiente-ecozine-propone-al-publico-cuatro-documentales-en-los-que-colaboran-siete-paises\\\/\"]}]},{\"@type\":\"ImageObject\",\"inLanguage\":\"es\",\"@id\":\"https:\\\/\\\/www.laguiadepamplona.com\\\/actualidad\\\/entre-el-16-y-el-19-de-mayo-la-seccion-oficial-del-festival-de-cine-y-medio-ambiente-ecozine-propone-al-publico-cuatro-documentales-en-los-que-colaboran-siete-paises\\\/#primaryimage\",\"url\":\"https:\\\/\\\/www.laguiadepamplona.com\\\/actualidad\\\/wp-content\\\/uploads\\\/2022\\\/05\\\/Cartel-ecozine-2022.webp\",\"contentUrl\":\"https:\\\/\\\/www.laguiadepamplona.com\\\/actualidad\\\/wp-content\\\/uploads\\\/2022\\\/05\\\/Cartel-ecozine-2022.webp\",\"width\":1358,\"height\":1920},{\"@type\":\"BreadcrumbList\",\"@id\":\"https:\\\/\\\/www.laguiadepamplona.com\\\/actualidad\\\/entre-el-16-y-el-19-de-mayo-la-seccion-oficial-del-festival-de-cine-y-medio-ambiente-ecozine-propone-al-publico-cuatro-documentales-en-los-que-colaboran-siete-paises\\\/#breadcrumb\",\"itemListElement\":[{\"@type\":\"ListItem\",\"position\":1,\"name\":\"Portada\",\"item\":\"https:\\\/\\\/www.laguiadepamplona.com\\\/actualidad\\\/\"},{\"@type\":\"ListItem\",\"position\":2,\"name\":\"Entre el 16 y el 19 de mayo la Secci\u00f3n Oficial del festival de cine y medio ambiente Ecozine propone al p\u00fablico cuatro documentales en los que colaboran siete pa\u00edses\"}]},{\"@type\":\"WebSite\",\"@id\":\"https:\\\/\\\/www.laguiadepamplona.com\\\/actualidad\\\/#website\",\"url\":\"https:\\\/\\\/www.laguiadepamplona.com\\\/actualidad\\\/\",\"name\":\"La gu\u00eda de Pamplona\",\"description\":\"Noticias de Pamplona\",\"publisher\":{\"@id\":\"https:\\\/\\\/www.laguiadepamplona.com\\\/actualidad\\\/#organization\"},\"potentialAction\":[{\"@type\":\"SearchAction\",\"target\":{\"@type\":\"EntryPoint\",\"urlTemplate\":\"https:\\\/\\\/www.laguiadepamplona.com\\\/actualidad\\\/?s={search_term_string}\"},\"query-input\":{\"@type\":\"PropertyValueSpecification\",\"valueRequired\":true,\"valueName\":\"search_term_string\"}}],\"inLanguage\":\"es\"},{\"@type\":\"Organization\",\"@id\":\"https:\\\/\\\/www.laguiadepamplona.com\\\/actualidad\\\/#organization\",\"name\":\"La Gu\u00eda de Pamplona \\\/ Noticias\",\"url\":\"https:\\\/\\\/www.laguiadepamplona.com\\\/actualidad\\\/\",\"logo\":{\"@type\":\"ImageObject\",\"inLanguage\":\"es\",\"@id\":\"https:\\\/\\\/www.laguiadepamplona.com\\\/actualidad\\\/#\\\/schema\\\/logo\\\/image\\\/\",\"url\":\"https:\\\/\\\/www.laguiadepamplona.com\\\/actualidad\\\/wp-content\\\/uploads\\\/2018\\\/11\\\/logo-laguiadepamplona18-web1.png\",\"contentUrl\":\"https:\\\/\\\/www.laguiadepamplona.com\\\/actualidad\\\/wp-content\\\/uploads\\\/2018\\\/11\\\/logo-laguiadepamplona18-web1.png\",\"width\":600,\"height\":196,\"caption\":\"La Gu\u00eda de Pamplona \\\/ Noticias\"},\"image\":{\"@id\":\"https:\\\/\\\/www.laguiadepamplona.com\\\/actualidad\\\/#\\\/schema\\\/logo\\\/image\\\/\"},\"sameAs\":[\"https:\\\/\\\/www.facebook.com\\\/laguiadepamplonacom-133175176762273\\\/?ref=hl\",\"https:\\\/\\\/x.com\\\/LaGuiadPamplona\",\"https:\\\/\\\/www.instagram.com\\\/la_guia_de_pamplona\\\/\",\"https:\\\/\\\/www.youtube.com\\\/user\\\/laguiadepamplona\"]},{\"@type\":\"Person\",\"@id\":\"https:\\\/\\\/www.laguiadepamplona.com\\\/actualidad\\\/#\\\/schema\\\/person\\\/efe887376f0213d4657c93adc50b1fdb\",\"name\":\"La Gu\u00eda de Pamplona\",\"image\":{\"@type\":\"ImageObject\",\"inLanguage\":\"es\",\"@id\":\"https:\\\/\\\/secure.gravatar.com\\\/avatar\\\/b6992f131dc8d30ab0dff15446e9d346d9dbd95992de0fef795073f5ea83a81c?s=96&d=mm&r=g\",\"url\":\"https:\\\/\\\/secure.gravatar.com\\\/avatar\\\/b6992f131dc8d30ab0dff15446e9d346d9dbd95992de0fef795073f5ea83a81c?s=96&d=mm&r=g\",\"contentUrl\":\"https:\\\/\\\/secure.gravatar.com\\\/avatar\\\/b6992f131dc8d30ab0dff15446e9d346d9dbd95992de0fef795073f5ea83a81c?s=96&d=mm&r=g\",\"caption\":\"La Gu\u00eda de Pamplona\"}}]}<\/script>\n<!-- \/ Yoast SEO plugin. -->","yoast_head_json":{"title":"Entre el 16 y el 19 de mayo la Secci\u00f3n Oficial del festival de cine y medio ambiente Ecozine propone al p\u00fablico cuatro documentales en los que colaboran siete pa\u00edses","description":"La pr\u00f3xima semana se podr\u00e1n recoger las invitaciones en las taquillas de los cines Golem Baiona","robots":{"index":"index","follow":"follow","max-snippet":"max-snippet:-1","max-image-preview":"max-image-preview:large","max-video-preview":"max-video-preview:-1"},"canonical":"https:\/\/www.laguiadepamplona.com\/actualidad\/entre-el-16-y-el-19-de-mayo-la-seccion-oficial-del-festival-de-cine-y-medio-ambiente-ecozine-propone-al-publico-cuatro-documentales-en-los-que-colaboran-siete-paises\/","og_locale":"es_ES","og_type":"article","og_title":"Entre el 16 y el 19 de mayo la Secci\u00f3n Oficial del festival de cine y medio ambiente Ecozine propone al p\u00fablico cuatro documentales en los que colaboran siete pa\u00edses","og_description":"La pr\u00f3xima semana se podr\u00e1n recoger las invitaciones en las taquillas de los cines Golem Baiona","og_url":"https:\/\/www.laguiadepamplona.com\/actualidad\/entre-el-16-y-el-19-de-mayo-la-seccion-oficial-del-festival-de-cine-y-medio-ambiente-ecozine-propone-al-publico-cuatro-documentales-en-los-que-colaboran-siete-paises\/","og_site_name":"La Gu\u00eda de Pamplona","article_publisher":"https:\/\/www.facebook.com\/laguiadepamplonacom-133175176762273\/?ref=hl","article_published_time":"2022-05-06T16:05:30+00:00","article_modified_time":"2023-04-11T09:48:13+00:00","og_image":[{"width":1358,"height":1920,"url":"https:\/\/www.laguiadepamplona.com\/actualidad\/wp-content\/uploads\/2022\/05\/Cartel-ecozine-2022.webp","type":"image\/webp"}],"author":"La Gu\u00eda de Pamplona","twitter_card":"summary_large_image","twitter_creator":"@LaGuiadPamplona","twitter_site":"@LaGuiadPamplona","twitter_misc":{"Escrito por":"La Gu\u00eda de Pamplona","Tiempo de lectura":"3 minutos"},"schema":{"@context":"https:\/\/schema.org","@graph":[{"@type":"Article","@id":"https:\/\/www.laguiadepamplona.com\/actualidad\/entre-el-16-y-el-19-de-mayo-la-seccion-oficial-del-festival-de-cine-y-medio-ambiente-ecozine-propone-al-publico-cuatro-documentales-en-los-que-colaboran-siete-paises\/#article","isPartOf":{"@id":"https:\/\/www.laguiadepamplona.com\/actualidad\/entre-el-16-y-el-19-de-mayo-la-seccion-oficial-del-festival-de-cine-y-medio-ambiente-ecozine-propone-al-publico-cuatro-documentales-en-los-que-colaboran-siete-paises\/"},"author":{"name":"La Gu\u00eda de Pamplona","@id":"https:\/\/www.laguiadepamplona.com\/actualidad\/#\/schema\/person\/efe887376f0213d4657c93adc50b1fdb"},"headline":"Entre el 16 y el 19 de mayo la Secci\u00f3n Oficial del festival de cine y medio ambiente Ecozine propone al p\u00fablico cuatro documentales en los que colaboran siete pa\u00edses","datePublished":"2022-05-06T16:05:30+00:00","dateModified":"2023-04-11T09:48:13+00:00","mainEntityOfPage":{"@id":"https:\/\/www.laguiadepamplona.com\/actualidad\/entre-el-16-y-el-19-de-mayo-la-seccion-oficial-del-festival-de-cine-y-medio-ambiente-ecozine-propone-al-publico-cuatro-documentales-en-los-que-colaboran-siete-paises\/"},"wordCount":597,"commentCount":0,"publisher":{"@id":"https:\/\/www.laguiadepamplona.com\/actualidad\/#organization"},"image":{"@id":"https:\/\/www.laguiadepamplona.com\/actualidad\/entre-el-16-y-el-19-de-mayo-la-seccion-oficial-del-festival-de-cine-y-medio-ambiente-ecozine-propone-al-publico-cuatro-documentales-en-los-que-colaboran-siete-paises\/#primaryimage"},"thumbnailUrl":"https:\/\/www.laguiadepamplona.com\/actualidad\/wp-content\/uploads\/2022\/05\/Cartel-ecozine-2022.webp","articleSection":["Ayto Pamplona"],"inLanguage":"es","potentialAction":[{"@type":"CommentAction","name":"Comment","target":["https:\/\/www.laguiadepamplona.com\/actualidad\/entre-el-16-y-el-19-de-mayo-la-seccion-oficial-del-festival-de-cine-y-medio-ambiente-ecozine-propone-al-publico-cuatro-documentales-en-los-que-colaboran-siete-paises\/#respond"]}]},{"@type":"WebPage","@id":"https:\/\/www.laguiadepamplona.com\/actualidad\/entre-el-16-y-el-19-de-mayo-la-seccion-oficial-del-festival-de-cine-y-medio-ambiente-ecozine-propone-al-publico-cuatro-documentales-en-los-que-colaboran-siete-paises\/","url":"https:\/\/www.laguiadepamplona.com\/actualidad\/entre-el-16-y-el-19-de-mayo-la-seccion-oficial-del-festival-de-cine-y-medio-ambiente-ecozine-propone-al-publico-cuatro-documentales-en-los-que-colaboran-siete-paises\/","name":"Entre el 16 y el 19 de mayo la Secci\u00f3n Oficial del festival de cine y medio ambiente Ecozine propone al p\u00fablico cuatro documentales en los que colaboran siete pa\u00edses","isPartOf":{"@id":"https:\/\/www.laguiadepamplona.com\/actualidad\/#website"},"primaryImageOfPage":{"@id":"https:\/\/www.laguiadepamplona.com\/actualidad\/entre-el-16-y-el-19-de-mayo-la-seccion-oficial-del-festival-de-cine-y-medio-ambiente-ecozine-propone-al-publico-cuatro-documentales-en-los-que-colaboran-siete-paises\/#primaryimage"},"image":{"@id":"https:\/\/www.laguiadepamplona.com\/actualidad\/entre-el-16-y-el-19-de-mayo-la-seccion-oficial-del-festival-de-cine-y-medio-ambiente-ecozine-propone-al-publico-cuatro-documentales-en-los-que-colaboran-siete-paises\/#primaryimage"},"thumbnailUrl":"https:\/\/www.laguiadepamplona.com\/actualidad\/wp-content\/uploads\/2022\/05\/Cartel-ecozine-2022.webp","datePublished":"2022-05-06T16:05:30+00:00","dateModified":"2023-04-11T09:48:13+00:00","description":"La pr\u00f3xima semana se podr\u00e1n recoger las invitaciones en las taquillas de los cines Golem Baiona","breadcrumb":{"@id":"https:\/\/www.laguiadepamplona.com\/actualidad\/entre-el-16-y-el-19-de-mayo-la-seccion-oficial-del-festival-de-cine-y-medio-ambiente-ecozine-propone-al-publico-cuatro-documentales-en-los-que-colaboran-siete-paises\/#breadcrumb"},"inLanguage":"es","potentialAction":[{"@type":"ReadAction","target":["https:\/\/www.laguiadepamplona.com\/actualidad\/entre-el-16-y-el-19-de-mayo-la-seccion-oficial-del-festival-de-cine-y-medio-ambiente-ecozine-propone-al-publico-cuatro-documentales-en-los-que-colaboran-siete-paises\/"]}]},{"@type":"ImageObject","inLanguage":"es","@id":"https:\/\/www.laguiadepamplona.com\/actualidad\/entre-el-16-y-el-19-de-mayo-la-seccion-oficial-del-festival-de-cine-y-medio-ambiente-ecozine-propone-al-publico-cuatro-documentales-en-los-que-colaboran-siete-paises\/#primaryimage","url":"https:\/\/www.laguiadepamplona.com\/actualidad\/wp-content\/uploads\/2022\/05\/Cartel-ecozine-2022.webp","contentUrl":"https:\/\/www.laguiadepamplona.com\/actualidad\/wp-content\/uploads\/2022\/05\/Cartel-ecozine-2022.webp","width":1358,"height":1920},{"@type":"BreadcrumbList","@id":"https:\/\/www.laguiadepamplona.com\/actualidad\/entre-el-16-y-el-19-de-mayo-la-seccion-oficial-del-festival-de-cine-y-medio-ambiente-ecozine-propone-al-publico-cuatro-documentales-en-los-que-colaboran-siete-paises\/#breadcrumb","itemListElement":[{"@type":"ListItem","position":1,"name":"Portada","item":"https:\/\/www.laguiadepamplona.com\/actualidad\/"},{"@type":"ListItem","position":2,"name":"Entre el 16 y el 19 de mayo la Secci\u00f3n Oficial del festival de cine y medio ambiente Ecozine propone al p\u00fablico cuatro documentales en los que colaboran siete pa\u00edses"}]},{"@type":"WebSite","@id":"https:\/\/www.laguiadepamplona.com\/actualidad\/#website","url":"https:\/\/www.laguiadepamplona.com\/actualidad\/","name":"La gu\u00eda de Pamplona","description":"Noticias de Pamplona","publisher":{"@id":"https:\/\/www.laguiadepamplona.com\/actualidad\/#organization"},"potentialAction":[{"@type":"SearchAction","target":{"@type":"EntryPoint","urlTemplate":"https:\/\/www.laguiadepamplona.com\/actualidad\/?s={search_term_string}"},"query-input":{"@type":"PropertyValueSpecification","valueRequired":true,"valueName":"search_term_string"}}],"inLanguage":"es"},{"@type":"Organization","@id":"https:\/\/www.laguiadepamplona.com\/actualidad\/#organization","name":"La Gu\u00eda de Pamplona \/ Noticias","url":"https:\/\/www.laguiadepamplona.com\/actualidad\/","logo":{"@type":"ImageObject","inLanguage":"es","@id":"https:\/\/www.laguiadepamplona.com\/actualidad\/#\/schema\/logo\/image\/","url":"https:\/\/www.laguiadepamplona.com\/actualidad\/wp-content\/uploads\/2018\/11\/logo-laguiadepamplona18-web1.png","contentUrl":"https:\/\/www.laguiadepamplona.com\/actualidad\/wp-content\/uploads\/2018\/11\/logo-laguiadepamplona18-web1.png","width":600,"height":196,"caption":"La Gu\u00eda de Pamplona \/ Noticias"},"image":{"@id":"https:\/\/www.laguiadepamplona.com\/actualidad\/#\/schema\/logo\/image\/"},"sameAs":["https:\/\/www.facebook.com\/laguiadepamplonacom-133175176762273\/?ref=hl","https:\/\/x.com\/LaGuiadPamplona","https:\/\/www.instagram.com\/la_guia_de_pamplona\/","https:\/\/www.youtube.com\/user\/laguiadepamplona"]},{"@type":"Person","@id":"https:\/\/www.laguiadepamplona.com\/actualidad\/#\/schema\/person\/efe887376f0213d4657c93adc50b1fdb","name":"La Gu\u00eda de Pamplona","image":{"@type":"ImageObject","inLanguage":"es","@id":"https:\/\/secure.gravatar.com\/avatar\/b6992f131dc8d30ab0dff15446e9d346d9dbd95992de0fef795073f5ea83a81c?s=96&d=mm&r=g","url":"https:\/\/secure.gravatar.com\/avatar\/b6992f131dc8d30ab0dff15446e9d346d9dbd95992de0fef795073f5ea83a81c?s=96&d=mm&r=g","contentUrl":"https:\/\/secure.gravatar.com\/avatar\/b6992f131dc8d30ab0dff15446e9d346d9dbd95992de0fef795073f5ea83a81c?s=96&d=mm&r=g","caption":"La Gu\u00eda de Pamplona"}}]}},"post_mailing_queue_ids":[],"_links":{"self":[{"href":"https:\/\/www.laguiadepamplona.com\/actualidad\/wp-json\/wp\/v2\/posts\/40256","targetHints":{"allow":["GET"]}}],"collection":[{"href":"https:\/\/www.laguiadepamplona.com\/actualidad\/wp-json\/wp\/v2\/posts"}],"about":[{"href":"https:\/\/www.laguiadepamplona.com\/actualidad\/wp-json\/wp\/v2\/types\/post"}],"author":[{"embeddable":true,"href":"https:\/\/www.laguiadepamplona.com\/actualidad\/wp-json\/wp\/v2\/users\/1"}],"replies":[{"embeddable":true,"href":"https:\/\/www.laguiadepamplona.com\/actualidad\/wp-json\/wp\/v2\/comments?post=40256"}],"version-history":[{"count":0,"href":"https:\/\/www.laguiadepamplona.com\/actualidad\/wp-json\/wp\/v2\/posts\/40256\/revisions"}],"wp:featuredmedia":[{"embeddable":true,"href":"https:\/\/www.laguiadepamplona.com\/actualidad\/wp-json\/wp\/v2\/media\/40257"}],"wp:attachment":[{"href":"https:\/\/www.laguiadepamplona.com\/actualidad\/wp-json\/wp\/v2\/media?parent=40256"}],"wp:term":[{"taxonomy":"category","embeddable":true,"href":"https:\/\/www.laguiadepamplona.com\/actualidad\/wp-json\/wp\/v2\/categories?post=40256"},{"taxonomy":"post_tag","embeddable":true,"href":"https:\/\/www.laguiadepamplona.com\/actualidad\/wp-json\/wp\/v2\/tags?post=40256"}],"curies":[{"name":"wp","href":"https:\/\/api.w.org\/{rel}","templated":true}]}}