{"id":40237,"date":"2022-05-06T12:40:28","date_gmt":"2022-05-06T10:40:28","guid":{"rendered":"https:\/\/www.laguiadepamplona.com\/actualidad\/?p=40237"},"modified":"2023-04-11T11:48:14","modified_gmt":"2023-04-11T09:48:14","slug":"mario-cerdan-payo-gana-la-vii-edicion-de-irunarrivial","status":"publish","type":"post","link":"https:\/\/www.laguiadepamplona.com\/actualidad\/mario-cerdan-payo-gana-la-vii-edicion-de-irunarrivial\/","title":{"rendered":"Mario Cerd\u00e1n Payo gana la VII edici\u00f3n de Iru\u00f1arrivial"},"content":{"rendered":"<h5>Ainhoa Suescun y Ana Galve, corresponsales de Asociaci\u00f3n S\u00edndrome de Down Navarra obtienen el premio al mejor cartel de difusi\u00f3n del concurso<\/h5>\n<p><!--more--><\/p>\n<p>Mario Cerd\u00e1n Payo ha sido el ganador de la VII edici\u00f3n del Iru\u00f1arrivial, una competici\u00f3n digital sobre distintos aspectos de la cultura y la informaci\u00f3n local que se celebr\u00f3 en la Casa de la Juventud a finales del pasado mes de abril. Cerd\u00e1n, que compet\u00eda por el podio con otros 44 j\u00f3venes, ha recibido su premio de 200 euros para material inform\u00e1tico de manos del concejal especial de Juventud, Fernando Aranguren. El segundo puesto, con un premio de 150 euros, le ha correspondido a Jaime Albeloa Paniagua. La tercera en el podio ha sido Beatriz Carlota Alenza Carro, que ha recibido 100 euros.<br \/>\n<script async src=\"\/\/pagead2.googlesyndication.com\/pagead\/js\/adsbygoogle.js\"><\/script><br \/>\n<!-- Noticias La Guia de Pamplona --><br \/>\n<ins class=\"adsbygoogle\"\nstyle=\"display:block\"\ndata-ad-client=\"ca-pub-6943679897239327\"\ndata-ad-slot=\"7048180777\"\ndata-ad-format=\"auto\"><\/ins><br \/>\n<script>\n(adsbygoogle = window.adsbygoogle || []).push({});\n<\/script><\/p>\n<p>\u00bfCu\u00e1ntos metros tiene el recorrido del encierro de Pamplona?; \u00bfQu\u00e9 exjugador de Osasuna tirar\u00e1 el Chupinazo de este a\u00f1o?; \u00bfCu\u00e1ntas figuras tiene el Monumento al Encierro de la avenida de Roncesvalles? o \u00bfC\u00f3mo se llama la app que permite acceder con veh\u00edculo al Casco Antiguo de Pamplona? Son algunas de las preguntas a las que se tuvieron que enfrentar, siempre contra reloj (un minuto m\u00e1ximo por pregunta) en los ordenadores de la Ciberaula de la Casa de la Juventud, espacio municipal en el que ha tenido lugar la entrega de premios. El concurso, requiere rellenar un formulario a trav\u00e9s de la plataforma inform\u00e1tica Kahoot!, y permite realizar b\u00fasquedas en internet durante el desarrollo de la prueba.<\/p>\n<p>Adem\u00e1s de estos tres galardones, tambi\u00e9n han recibido premios dos parejas de corresponsales informativos. Por un lado, Ainhoa Suescun G\u00f3mez y Ana Galve Llorente, corresponsales de Asociaci\u00f3n S\u00edndrome de Down Navarra, que han obtenido una tarjeta canjeable por material inform\u00e1tico por valor de 75 euros cada una de ellas, por la realizaci\u00f3n de lo que el jurado ha considerado mejor cartel promocional del Iru\u00f1arrivial.<br \/>\n<script async src=\"\/\/pagead2.googlesyndication.com\/pagead\/js\/adsbygoogle.js\"><\/script><br \/>\n<!-- Noticias La Guia de Pamplona --><br \/>\n<ins class=\"adsbygoogle\"\nstyle=\"display:block\"\ndata-ad-client=\"ca-pub-6943679897239327\"\ndata-ad-slot=\"7048180777\"\ndata-ad-format=\"auto\"><\/ins><br \/>\n<script>\n(adsbygoogle = window.adsbygoogle || []).push({});\n<\/script><\/p>\n<p>En Izabella Isaeva y Mar\u00eda Andr\u00e9 Alfaro Mart\u00ednez, del IES Basoko, ha reca\u00eddo el otro premio de 75 euros por corresponsal a los mejores prescriptores en redes sociales; para determinar la pareja ganadora en esta \u00faltima modalidad el personal t\u00e9cnico de la Casa de la Juventud ha monitorizado las publicaciones de los corresponsales en las que deb\u00eda figurar la direcci\u00f3n de la Casa de la Juventud @pamplonajoven-@irunagaztea y el hashtag #corresponsales_informativos.<\/p>\n","protected":false},"excerpt":{"rendered":"<p>Ainhoa Suescun y Ana Galve, corresponsales de Asociaci\u00f3n S\u00edndrome de Down Navarra obtienen el premio al mejor cartel de difusi\u00f3n del concurso<\/p>\n","protected":false},"author":1,"featured_media":40238,"comment_status":"open","ping_status":"closed","sticky":false,"template":"","format":"standard","meta":{"footnotes":""},"categories":[2],"tags":[],"class_list":["post-40237","post","type-post","status-publish","format-standard","has-post-thumbnail","hentry","category-ayuntamiento-pamplona"],"yoast_head":"<!-- This site is optimized with the Yoast SEO plugin v27.3 - https:\/\/yoast.com\/product\/yoast-seo-wordpress\/ -->\n<title>Mario Cerd\u00e1n Payo gana la VII edici\u00f3n de Iru\u00f1arrivial<\/title>\n<meta name=\"description\" content=\"Ainhoa Suescun y Ana Galve, corresponsales de Asociaci\u00f3n S\u00edndrome de Down Navarra obtienen el premio al mejor cartel de difusi\u00f3n del concurso\" \/>\n<meta name=\"robots\" content=\"index, follow, max-snippet:-1, max-image-preview:large, max-video-preview:-1\" \/>\n<link rel=\"canonical\" href=\"https:\/\/www.laguiadepamplona.com\/actualidad\/mario-cerdan-payo-gana-la-vii-edicion-de-irunarrivial\/\" \/>\n<meta property=\"og:locale\" content=\"es_ES\" \/>\n<meta property=\"og:type\" content=\"article\" \/>\n<meta property=\"og:title\" content=\"Mario Cerd\u00e1n Payo gana la VII edici\u00f3n de Iru\u00f1arrivial\" \/>\n<meta property=\"og:description\" content=\"Ainhoa Suescun y Ana Galve, corresponsales de Asociaci\u00f3n S\u00edndrome de Down Navarra obtienen el premio al mejor cartel de difusi\u00f3n del concurso\" \/>\n<meta property=\"og:url\" content=\"https:\/\/www.laguiadepamplona.com\/actualidad\/mario-cerdan-payo-gana-la-vii-edicion-de-irunarrivial\/\" \/>\n<meta property=\"og:site_name\" content=\"La Gu\u00eda de Pamplona\" \/>\n<meta property=\"article:publisher\" content=\"https:\/\/www.facebook.com\/laguiadepamplonacom-133175176762273\/?ref=hl\" \/>\n<meta property=\"article:published_time\" content=\"2022-05-06T10:40:28+00:00\" \/>\n<meta property=\"article:modified_time\" content=\"2023-04-11T09:48:14+00:00\" \/>\n<meta property=\"og:image\" content=\"https:\/\/www.laguiadepamplona.com\/actualidad\/wp-content\/uploads\/2022\/05\/Premiados-VII-Irunarrivial.webp\" \/>\n\t<meta property=\"og:image:width\" content=\"1920\" \/>\n\t<meta property=\"og:image:height\" content=\"1444\" \/>\n\t<meta property=\"og:image:type\" content=\"image\/webp\" \/>\n<meta name=\"author\" content=\"La Gu\u00eda de Pamplona\" \/>\n<meta name=\"twitter:card\" content=\"summary_large_image\" \/>\n<meta name=\"twitter:creator\" content=\"@LaGuiadPamplona\" \/>\n<meta name=\"twitter:site\" content=\"@LaGuiadPamplona\" \/>\n<meta name=\"twitter:label1\" content=\"Escrito por\" \/>\n\t<meta name=\"twitter:data1\" content=\"La Gu\u00eda de Pamplona\" \/>\n\t<meta name=\"twitter:label2\" content=\"Tiempo de lectura\" \/>\n\t<meta name=\"twitter:data2\" content=\"2 minutos\" \/>\n<script type=\"application\/ld+json\" class=\"yoast-schema-graph\">{\"@context\":\"https:\\\/\\\/schema.org\",\"@graph\":[{\"@type\":\"Article\",\"@id\":\"https:\\\/\\\/www.laguiadepamplona.com\\\/actualidad\\\/mario-cerdan-payo-gana-la-vii-edicion-de-irunarrivial\\\/#article\",\"isPartOf\":{\"@id\":\"https:\\\/\\\/www.laguiadepamplona.com\\\/actualidad\\\/mario-cerdan-payo-gana-la-vii-edicion-de-irunarrivial\\\/\"},\"author\":{\"name\":\"La Gu\u00eda de Pamplona\",\"@id\":\"https:\\\/\\\/www.laguiadepamplona.com\\\/actualidad\\\/#\\\/schema\\\/person\\\/efe887376f0213d4657c93adc50b1fdb\"},\"headline\":\"Mario Cerd\u00e1n Payo gana la VII edici\u00f3n de Iru\u00f1arrivial\",\"datePublished\":\"2022-05-06T10:40:28+00:00\",\"dateModified\":\"2023-04-11T09:48:14+00:00\",\"mainEntityOfPage\":{\"@id\":\"https:\\\/\\\/www.laguiadepamplona.com\\\/actualidad\\\/mario-cerdan-payo-gana-la-vii-edicion-de-irunarrivial\\\/\"},\"wordCount\":419,\"commentCount\":0,\"publisher\":{\"@id\":\"https:\\\/\\\/www.laguiadepamplona.com\\\/actualidad\\\/#organization\"},\"image\":{\"@id\":\"https:\\\/\\\/www.laguiadepamplona.com\\\/actualidad\\\/mario-cerdan-payo-gana-la-vii-edicion-de-irunarrivial\\\/#primaryimage\"},\"thumbnailUrl\":\"https:\\\/\\\/www.laguiadepamplona.com\\\/actualidad\\\/wp-content\\\/uploads\\\/2022\\\/05\\\/Premiados-VII-Irunarrivial.webp\",\"articleSection\":[\"Ayto Pamplona\"],\"inLanguage\":\"es\",\"potentialAction\":[{\"@type\":\"CommentAction\",\"name\":\"Comment\",\"target\":[\"https:\\\/\\\/www.laguiadepamplona.com\\\/actualidad\\\/mario-cerdan-payo-gana-la-vii-edicion-de-irunarrivial\\\/#respond\"]}]},{\"@type\":\"WebPage\",\"@id\":\"https:\\\/\\\/www.laguiadepamplona.com\\\/actualidad\\\/mario-cerdan-payo-gana-la-vii-edicion-de-irunarrivial\\\/\",\"url\":\"https:\\\/\\\/www.laguiadepamplona.com\\\/actualidad\\\/mario-cerdan-payo-gana-la-vii-edicion-de-irunarrivial\\\/\",\"name\":\"Mario Cerd\u00e1n Payo gana la VII edici\u00f3n de Iru\u00f1arrivial\",\"isPartOf\":{\"@id\":\"https:\\\/\\\/www.laguiadepamplona.com\\\/actualidad\\\/#website\"},\"primaryImageOfPage\":{\"@id\":\"https:\\\/\\\/www.laguiadepamplona.com\\\/actualidad\\\/mario-cerdan-payo-gana-la-vii-edicion-de-irunarrivial\\\/#primaryimage\"},\"image\":{\"@id\":\"https:\\\/\\\/www.laguiadepamplona.com\\\/actualidad\\\/mario-cerdan-payo-gana-la-vii-edicion-de-irunarrivial\\\/#primaryimage\"},\"thumbnailUrl\":\"https:\\\/\\\/www.laguiadepamplona.com\\\/actualidad\\\/wp-content\\\/uploads\\\/2022\\\/05\\\/Premiados-VII-Irunarrivial.webp\",\"datePublished\":\"2022-05-06T10:40:28+00:00\",\"dateModified\":\"2023-04-11T09:48:14+00:00\",\"description\":\"Ainhoa Suescun y Ana Galve, corresponsales de Asociaci\u00f3n S\u00edndrome de Down Navarra obtienen el premio al mejor cartel de difusi\u00f3n del concurso\",\"breadcrumb\":{\"@id\":\"https:\\\/\\\/www.laguiadepamplona.com\\\/actualidad\\\/mario-cerdan-payo-gana-la-vii-edicion-de-irunarrivial\\\/#breadcrumb\"},\"inLanguage\":\"es\",\"potentialAction\":[{\"@type\":\"ReadAction\",\"target\":[\"https:\\\/\\\/www.laguiadepamplona.com\\\/actualidad\\\/mario-cerdan-payo-gana-la-vii-edicion-de-irunarrivial\\\/\"]}]},{\"@type\":\"ImageObject\",\"inLanguage\":\"es\",\"@id\":\"https:\\\/\\\/www.laguiadepamplona.com\\\/actualidad\\\/mario-cerdan-payo-gana-la-vii-edicion-de-irunarrivial\\\/#primaryimage\",\"url\":\"https:\\\/\\\/www.laguiadepamplona.com\\\/actualidad\\\/wp-content\\\/uploads\\\/2022\\\/05\\\/Premiados-VII-Irunarrivial.webp\",\"contentUrl\":\"https:\\\/\\\/www.laguiadepamplona.com\\\/actualidad\\\/wp-content\\\/uploads\\\/2022\\\/05\\\/Premiados-VII-Irunarrivial.webp\",\"width\":1920,\"height\":1444},{\"@type\":\"BreadcrumbList\",\"@id\":\"https:\\\/\\\/www.laguiadepamplona.com\\\/actualidad\\\/mario-cerdan-payo-gana-la-vii-edicion-de-irunarrivial\\\/#breadcrumb\",\"itemListElement\":[{\"@type\":\"ListItem\",\"position\":1,\"name\":\"Portada\",\"item\":\"https:\\\/\\\/www.laguiadepamplona.com\\\/actualidad\\\/\"},{\"@type\":\"ListItem\",\"position\":2,\"name\":\"Mario Cerd\u00e1n Payo gana la VII edici\u00f3n de Iru\u00f1arrivial\"}]},{\"@type\":\"WebSite\",\"@id\":\"https:\\\/\\\/www.laguiadepamplona.com\\\/actualidad\\\/#website\",\"url\":\"https:\\\/\\\/www.laguiadepamplona.com\\\/actualidad\\\/\",\"name\":\"La gu\u00eda de Pamplona\",\"description\":\"Noticias de Pamplona\",\"publisher\":{\"@id\":\"https:\\\/\\\/www.laguiadepamplona.com\\\/actualidad\\\/#organization\"},\"potentialAction\":[{\"@type\":\"SearchAction\",\"target\":{\"@type\":\"EntryPoint\",\"urlTemplate\":\"https:\\\/\\\/www.laguiadepamplona.com\\\/actualidad\\\/?s={search_term_string}\"},\"query-input\":{\"@type\":\"PropertyValueSpecification\",\"valueRequired\":true,\"valueName\":\"search_term_string\"}}],\"inLanguage\":\"es\"},{\"@type\":\"Organization\",\"@id\":\"https:\\\/\\\/www.laguiadepamplona.com\\\/actualidad\\\/#organization\",\"name\":\"La Gu\u00eda de Pamplona \\\/ Noticias\",\"url\":\"https:\\\/\\\/www.laguiadepamplona.com\\\/actualidad\\\/\",\"logo\":{\"@type\":\"ImageObject\",\"inLanguage\":\"es\",\"@id\":\"https:\\\/\\\/www.laguiadepamplona.com\\\/actualidad\\\/#\\\/schema\\\/logo\\\/image\\\/\",\"url\":\"https:\\\/\\\/www.laguiadepamplona.com\\\/actualidad\\\/wp-content\\\/uploads\\\/2018\\\/11\\\/logo-laguiadepamplona18-web1.png\",\"contentUrl\":\"https:\\\/\\\/www.laguiadepamplona.com\\\/actualidad\\\/wp-content\\\/uploads\\\/2018\\\/11\\\/logo-laguiadepamplona18-web1.png\",\"width\":600,\"height\":196,\"caption\":\"La Gu\u00eda de Pamplona \\\/ Noticias\"},\"image\":{\"@id\":\"https:\\\/\\\/www.laguiadepamplona.com\\\/actualidad\\\/#\\\/schema\\\/logo\\\/image\\\/\"},\"sameAs\":[\"https:\\\/\\\/www.facebook.com\\\/laguiadepamplonacom-133175176762273\\\/?ref=hl\",\"https:\\\/\\\/x.com\\\/LaGuiadPamplona\",\"https:\\\/\\\/www.instagram.com\\\/la_guia_de_pamplona\\\/\",\"https:\\\/\\\/www.youtube.com\\\/user\\\/laguiadepamplona\"]},{\"@type\":\"Person\",\"@id\":\"https:\\\/\\\/www.laguiadepamplona.com\\\/actualidad\\\/#\\\/schema\\\/person\\\/efe887376f0213d4657c93adc50b1fdb\",\"name\":\"La Gu\u00eda de Pamplona\",\"image\":{\"@type\":\"ImageObject\",\"inLanguage\":\"es\",\"@id\":\"https:\\\/\\\/secure.gravatar.com\\\/avatar\\\/b6992f131dc8d30ab0dff15446e9d346d9dbd95992de0fef795073f5ea83a81c?s=96&d=mm&r=g\",\"url\":\"https:\\\/\\\/secure.gravatar.com\\\/avatar\\\/b6992f131dc8d30ab0dff15446e9d346d9dbd95992de0fef795073f5ea83a81c?s=96&d=mm&r=g\",\"contentUrl\":\"https:\\\/\\\/secure.gravatar.com\\\/avatar\\\/b6992f131dc8d30ab0dff15446e9d346d9dbd95992de0fef795073f5ea83a81c?s=96&d=mm&r=g\",\"caption\":\"La Gu\u00eda de Pamplona\"}}]}<\/script>\n<!-- \/ Yoast SEO plugin. -->","yoast_head_json":{"title":"Mario Cerd\u00e1n Payo gana la VII edici\u00f3n de Iru\u00f1arrivial","description":"Ainhoa Suescun y Ana Galve, corresponsales de Asociaci\u00f3n S\u00edndrome de Down Navarra obtienen el premio al mejor cartel de difusi\u00f3n del concurso","robots":{"index":"index","follow":"follow","max-snippet":"max-snippet:-1","max-image-preview":"max-image-preview:large","max-video-preview":"max-video-preview:-1"},"canonical":"https:\/\/www.laguiadepamplona.com\/actualidad\/mario-cerdan-payo-gana-la-vii-edicion-de-irunarrivial\/","og_locale":"es_ES","og_type":"article","og_title":"Mario Cerd\u00e1n Payo gana la VII edici\u00f3n de Iru\u00f1arrivial","og_description":"Ainhoa Suescun y Ana Galve, corresponsales de Asociaci\u00f3n S\u00edndrome de Down Navarra obtienen el premio al mejor cartel de difusi\u00f3n del concurso","og_url":"https:\/\/www.laguiadepamplona.com\/actualidad\/mario-cerdan-payo-gana-la-vii-edicion-de-irunarrivial\/","og_site_name":"La Gu\u00eda de Pamplona","article_publisher":"https:\/\/www.facebook.com\/laguiadepamplonacom-133175176762273\/?ref=hl","article_published_time":"2022-05-06T10:40:28+00:00","article_modified_time":"2023-04-11T09:48:14+00:00","og_image":[{"width":1920,"height":1444,"url":"https:\/\/www.laguiadepamplona.com\/actualidad\/wp-content\/uploads\/2022\/05\/Premiados-VII-Irunarrivial.webp","type":"image\/webp"}],"author":"La Gu\u00eda de Pamplona","twitter_card":"summary_large_image","twitter_creator":"@LaGuiadPamplona","twitter_site":"@LaGuiadPamplona","twitter_misc":{"Escrito por":"La Gu\u00eda de Pamplona","Tiempo de lectura":"2 minutos"},"schema":{"@context":"https:\/\/schema.org","@graph":[{"@type":"Article","@id":"https:\/\/www.laguiadepamplona.com\/actualidad\/mario-cerdan-payo-gana-la-vii-edicion-de-irunarrivial\/#article","isPartOf":{"@id":"https:\/\/www.laguiadepamplona.com\/actualidad\/mario-cerdan-payo-gana-la-vii-edicion-de-irunarrivial\/"},"author":{"name":"La Gu\u00eda de Pamplona","@id":"https:\/\/www.laguiadepamplona.com\/actualidad\/#\/schema\/person\/efe887376f0213d4657c93adc50b1fdb"},"headline":"Mario Cerd\u00e1n Payo gana la VII edici\u00f3n de Iru\u00f1arrivial","datePublished":"2022-05-06T10:40:28+00:00","dateModified":"2023-04-11T09:48:14+00:00","mainEntityOfPage":{"@id":"https:\/\/www.laguiadepamplona.com\/actualidad\/mario-cerdan-payo-gana-la-vii-edicion-de-irunarrivial\/"},"wordCount":419,"commentCount":0,"publisher":{"@id":"https:\/\/www.laguiadepamplona.com\/actualidad\/#organization"},"image":{"@id":"https:\/\/www.laguiadepamplona.com\/actualidad\/mario-cerdan-payo-gana-la-vii-edicion-de-irunarrivial\/#primaryimage"},"thumbnailUrl":"https:\/\/www.laguiadepamplona.com\/actualidad\/wp-content\/uploads\/2022\/05\/Premiados-VII-Irunarrivial.webp","articleSection":["Ayto Pamplona"],"inLanguage":"es","potentialAction":[{"@type":"CommentAction","name":"Comment","target":["https:\/\/www.laguiadepamplona.com\/actualidad\/mario-cerdan-payo-gana-la-vii-edicion-de-irunarrivial\/#respond"]}]},{"@type":"WebPage","@id":"https:\/\/www.laguiadepamplona.com\/actualidad\/mario-cerdan-payo-gana-la-vii-edicion-de-irunarrivial\/","url":"https:\/\/www.laguiadepamplona.com\/actualidad\/mario-cerdan-payo-gana-la-vii-edicion-de-irunarrivial\/","name":"Mario Cerd\u00e1n Payo gana la VII edici\u00f3n de Iru\u00f1arrivial","isPartOf":{"@id":"https:\/\/www.laguiadepamplona.com\/actualidad\/#website"},"primaryImageOfPage":{"@id":"https:\/\/www.laguiadepamplona.com\/actualidad\/mario-cerdan-payo-gana-la-vii-edicion-de-irunarrivial\/#primaryimage"},"image":{"@id":"https:\/\/www.laguiadepamplona.com\/actualidad\/mario-cerdan-payo-gana-la-vii-edicion-de-irunarrivial\/#primaryimage"},"thumbnailUrl":"https:\/\/www.laguiadepamplona.com\/actualidad\/wp-content\/uploads\/2022\/05\/Premiados-VII-Irunarrivial.webp","datePublished":"2022-05-06T10:40:28+00:00","dateModified":"2023-04-11T09:48:14+00:00","description":"Ainhoa Suescun y Ana Galve, corresponsales de Asociaci\u00f3n S\u00edndrome de Down Navarra obtienen el premio al mejor cartel de difusi\u00f3n del concurso","breadcrumb":{"@id":"https:\/\/www.laguiadepamplona.com\/actualidad\/mario-cerdan-payo-gana-la-vii-edicion-de-irunarrivial\/#breadcrumb"},"inLanguage":"es","potentialAction":[{"@type":"ReadAction","target":["https:\/\/www.laguiadepamplona.com\/actualidad\/mario-cerdan-payo-gana-la-vii-edicion-de-irunarrivial\/"]}]},{"@type":"ImageObject","inLanguage":"es","@id":"https:\/\/www.laguiadepamplona.com\/actualidad\/mario-cerdan-payo-gana-la-vii-edicion-de-irunarrivial\/#primaryimage","url":"https:\/\/www.laguiadepamplona.com\/actualidad\/wp-content\/uploads\/2022\/05\/Premiados-VII-Irunarrivial.webp","contentUrl":"https:\/\/www.laguiadepamplona.com\/actualidad\/wp-content\/uploads\/2022\/05\/Premiados-VII-Irunarrivial.webp","width":1920,"height":1444},{"@type":"BreadcrumbList","@id":"https:\/\/www.laguiadepamplona.com\/actualidad\/mario-cerdan-payo-gana-la-vii-edicion-de-irunarrivial\/#breadcrumb","itemListElement":[{"@type":"ListItem","position":1,"name":"Portada","item":"https:\/\/www.laguiadepamplona.com\/actualidad\/"},{"@type":"ListItem","position":2,"name":"Mario Cerd\u00e1n Payo gana la VII edici\u00f3n de Iru\u00f1arrivial"}]},{"@type":"WebSite","@id":"https:\/\/www.laguiadepamplona.com\/actualidad\/#website","url":"https:\/\/www.laguiadepamplona.com\/actualidad\/","name":"La gu\u00eda de Pamplona","description":"Noticias de Pamplona","publisher":{"@id":"https:\/\/www.laguiadepamplona.com\/actualidad\/#organization"},"potentialAction":[{"@type":"SearchAction","target":{"@type":"EntryPoint","urlTemplate":"https:\/\/www.laguiadepamplona.com\/actualidad\/?s={search_term_string}"},"query-input":{"@type":"PropertyValueSpecification","valueRequired":true,"valueName":"search_term_string"}}],"inLanguage":"es"},{"@type":"Organization","@id":"https:\/\/www.laguiadepamplona.com\/actualidad\/#organization","name":"La Gu\u00eda de Pamplona \/ Noticias","url":"https:\/\/www.laguiadepamplona.com\/actualidad\/","logo":{"@type":"ImageObject","inLanguage":"es","@id":"https:\/\/www.laguiadepamplona.com\/actualidad\/#\/schema\/logo\/image\/","url":"https:\/\/www.laguiadepamplona.com\/actualidad\/wp-content\/uploads\/2018\/11\/logo-laguiadepamplona18-web1.png","contentUrl":"https:\/\/www.laguiadepamplona.com\/actualidad\/wp-content\/uploads\/2018\/11\/logo-laguiadepamplona18-web1.png","width":600,"height":196,"caption":"La Gu\u00eda de Pamplona \/ Noticias"},"image":{"@id":"https:\/\/www.laguiadepamplona.com\/actualidad\/#\/schema\/logo\/image\/"},"sameAs":["https:\/\/www.facebook.com\/laguiadepamplonacom-133175176762273\/?ref=hl","https:\/\/x.com\/LaGuiadPamplona","https:\/\/www.instagram.com\/la_guia_de_pamplona\/","https:\/\/www.youtube.com\/user\/laguiadepamplona"]},{"@type":"Person","@id":"https:\/\/www.laguiadepamplona.com\/actualidad\/#\/schema\/person\/efe887376f0213d4657c93adc50b1fdb","name":"La Gu\u00eda de Pamplona","image":{"@type":"ImageObject","inLanguage":"es","@id":"https:\/\/secure.gravatar.com\/avatar\/b6992f131dc8d30ab0dff15446e9d346d9dbd95992de0fef795073f5ea83a81c?s=96&d=mm&r=g","url":"https:\/\/secure.gravatar.com\/avatar\/b6992f131dc8d30ab0dff15446e9d346d9dbd95992de0fef795073f5ea83a81c?s=96&d=mm&r=g","contentUrl":"https:\/\/secure.gravatar.com\/avatar\/b6992f131dc8d30ab0dff15446e9d346d9dbd95992de0fef795073f5ea83a81c?s=96&d=mm&r=g","caption":"La Gu\u00eda de Pamplona"}}]}},"post_mailing_queue_ids":[],"_links":{"self":[{"href":"https:\/\/www.laguiadepamplona.com\/actualidad\/wp-json\/wp\/v2\/posts\/40237","targetHints":{"allow":["GET"]}}],"collection":[{"href":"https:\/\/www.laguiadepamplona.com\/actualidad\/wp-json\/wp\/v2\/posts"}],"about":[{"href":"https:\/\/www.laguiadepamplona.com\/actualidad\/wp-json\/wp\/v2\/types\/post"}],"author":[{"embeddable":true,"href":"https:\/\/www.laguiadepamplona.com\/actualidad\/wp-json\/wp\/v2\/users\/1"}],"replies":[{"embeddable":true,"href":"https:\/\/www.laguiadepamplona.com\/actualidad\/wp-json\/wp\/v2\/comments?post=40237"}],"version-history":[{"count":0,"href":"https:\/\/www.laguiadepamplona.com\/actualidad\/wp-json\/wp\/v2\/posts\/40237\/revisions"}],"wp:featuredmedia":[{"embeddable":true,"href":"https:\/\/www.laguiadepamplona.com\/actualidad\/wp-json\/wp\/v2\/media\/40238"}],"wp:attachment":[{"href":"https:\/\/www.laguiadepamplona.com\/actualidad\/wp-json\/wp\/v2\/media?parent=40237"}],"wp:term":[{"taxonomy":"category","embeddable":true,"href":"https:\/\/www.laguiadepamplona.com\/actualidad\/wp-json\/wp\/v2\/categories?post=40237"},{"taxonomy":"post_tag","embeddable":true,"href":"https:\/\/www.laguiadepamplona.com\/actualidad\/wp-json\/wp\/v2\/tags?post=40237"}],"curies":[{"name":"wp","href":"https:\/\/api.w.org\/{rel}","templated":true}]}}