{"id":40235,"date":"2022-05-06T12:38:40","date_gmt":"2022-05-06T10:38:40","guid":{"rendered":"https:\/\/www.laguiadepamplona.com\/actualidad\/?p=40235"},"modified":"2023-04-11T11:48:14","modified_gmt":"2023-04-11T09:48:14","slug":"comienzan-a-repartirse-los-recibos-de-contribucion-vados-y-ocupacion-de-via-publica-del-primer-semestre-de-2022-y-en-casos-concretos-se-ajustara-el-iae-del-ano-pasado","status":"publish","type":"post","link":"https:\/\/www.laguiadepamplona.com\/actualidad\/comienzan-a-repartirse-los-recibos-de-contribucion-vados-y-ocupacion-de-via-publica-del-primer-semestre-de-2022-y-en-casos-concretos-se-ajustara-el-iae-del-ano-pasado\/","title":{"rendered":"Comienzan a repartirse los recibos de Contribuci\u00f3n, Vados, y Ocupaci\u00f3n de V\u00eda P\u00fablica del primer semestre de 2022 y, en casos concretos se ajustar\u00e1 el IAE del a\u00f1o pasado"},"content":{"rendered":"<h5>Por tercer a\u00f1o consecutivo el sector hostelero seguir\u00e1 sin pagar las tasas por la ocupaci\u00f3n de v\u00eda p\u00fablica con terrazas<\/h5>\n<p><!--more--><\/p>\n<p>El Ayuntamiento de Pamplona ha abierto el plazo para el pago voluntario del primer semestre de 2022 de Contribuci\u00f3n Territorial, Tasas de Paso a Trav\u00e9s de Acera (Vados) y Ocupaci\u00f3n de V\u00eda P\u00fablica. Adem\u00e1s, se han incluido en este giro semestral cuotas correspondientes al Impuesto de Actividades Econ\u00f3micas del a\u00f1o 2021 de aquellos contribuyentes a los que Hacienda Foral inform\u00f3 cuando ya se hab\u00edan girado los recibos el a\u00f1o pasado de que no estaban exentos en 2021 por volumen de negocio (inferior a 1 mill\u00f3n de euros). En este \u00faltimo caso, con los impuestos peri\u00f3dicos del segundo semestre de 2022 se girar\u00e1n las cuotas correspondientes al IAE de este a\u00f1o para contribuyentes no exentos en 2022 por presentar un volumen de negocio inferior a 1 mill\u00f3n de euros. El plazo de pago para el 6,6% de contribuyentes que no tienen domiciliados los recibos terminar\u00e1 el viernes 17 de junio de 2022.<\/p>\n<p>Por tercer a\u00f1o consecutivo est\u00e1 suspendida la aplicaci\u00f3n de la tasa ocupaci\u00f3n de terrazas y, por tanto, los recibos de ocupaci\u00f3n del dominio p\u00fablico no incluyen este concepto. El Ayuntamiento mantiene as\u00ed su compromiso de mitigar los efectos econ\u00f3micos negativos de las restricciones impuestas por la pandemia en un sector con un peso importante en la actividad econ\u00f3mica y el empleo de la ciudad. El Ayuntamiento deja de recaudar un importe superior a los 500.000 euros que se mantienen as\u00ed en manos del sector hostelero.<\/p>\n<p>Este semestre los grav\u00e1menes peri\u00f3dicos suponen 118.863 recibos que, en su gran mayor\u00eda, tienen el pago domiciliado en una cuenta bancaria. Como siempre los ciudadanos con pagos domiciliados no tendr\u00e1n que hacer ninguna gesti\u00f3n, sino que recibir\u00e1n el cargo autom\u00e1ticamente en su cuenta bancaria el \u00faltimo d\u00eda de pago voluntario. Los contribuyentes titulares de los 7.853 recibos no domiciliados podr\u00e1n abonarlos a trav\u00e9s de banco o caja de ahorros, acudiendo a la Tesorer\u00eda Municipal (calle Mercado 7-9, 2\u00aa planta) o a por medio de <a href=\"http:\/\/www.pamplona.es\" target=\"_blank\" rel=\"noopener\">www.pamplona.es<\/a>.<br \/>\n<script async src=\"\/\/pagead2.googlesyndication.com\/pagead\/js\/adsbygoogle.js\"><\/script><br \/>\n<!-- Noticias La Guia de Pamplona --><br \/>\n<ins class=\"adsbygoogle\"\nstyle=\"display:block\"\ndata-ad-client=\"ca-pub-6943679897239327\"\ndata-ad-slot=\"7048180777\"\ndata-ad-format=\"auto\"><\/ins><br \/>\n<script>\n(adsbygoogle = window.adsbygoogle || []).push({});\n<\/script><\/p>\n<p><strong>Esta semana se empiezan a repartir los recibos<\/strong><\/p>\n<p>Pese a no existir obligaci\u00f3n legal, el Consistorio remite siempre a los domicilios de los interesados un recibo en el que se refleja la cantidad adeudada, lo que en ning\u00fan caso se puede considerar una notificaci\u00f3n. Dando cumplimiento a la normativa en vigor, la fecha de final del plazo de pago en voluntario y el sistema de pago se publican en el BON y se anuncian en prensa local.<\/p>\n<p>El buzoneo se ha iniciado esta semana. Si no llegara recibo alguno el contribuyente puede obtener un duplicado de su recibo en la Carpeta Ciudadana (<a href=\"http:\/\/sedeelectronica.pamplona.es\" target=\"_blank\" rel=\"noopener\">http:\/\/sedeelectronica.pamplona.es<\/a>); solicit\u00e1ndolo a trav\u00e9s del Tel\u00e9fono Atenci\u00f3n Ciudadana 010 \/ 948420100 de lunes a viernes de 8 a 19 horas y s\u00e1bados de 9.30 a 13.30 horas y presencialmente o a trav\u00e9s del servicio de <a href=\"https:\/\/www.youtube.com\/watch?v=cS1sRRkI2uc&amp;t=3s\" target=\"_blank\" rel=\"noopener\">videollamada<\/a> en la Oficina de Atenci\u00f3n al Contribuyente (calle Mercado, 7-9, planta baja, de 8.30 a 14.30 horas). Para obtener atenci\u00f3n presencial o usar el servicio de videollamada debe solicitarse cita previa en la web o a trav\u00e9s del 010.<br \/>\n<script async src=\"\/\/pagead2.googlesyndication.com\/pagead\/js\/adsbygoogle.js\"><\/script><br \/>\n<!-- Noticias La Guia de Pamplona --><br \/>\n<ins class=\"adsbygoogle\"\nstyle=\"display:block\"\ndata-ad-client=\"ca-pub-6943679897239327\"\ndata-ad-slot=\"7048180777\"\ndata-ad-format=\"auto\"><\/ins><br \/>\n<script>\n(adsbygoogle = window.adsbygoogle || []).push({});\n<\/script><\/p>\n<p><strong>C\u00f3mo domiciliar un recibo<\/strong><\/p>\n<p>La domiciliaci\u00f3n de un recibo es un tr\u00e1mite muy sencillo de realizar que facilita la gesti\u00f3n del pago y evita al contribuyente los habituales problemas derivados de olvidos de los plazos. Se puede realizar o modificar la domiciliaci\u00f3n bancaria en la Sede Electr\u00f3nica del Ayuntamiento de Pamplona (tr\u00e1mite \u2018Domiciliaci\u00f3n bancaria o cambio de domiciliaci\u00f3n bancaria\u00b4) o enviando un e-mail con la solicitud y los datos de la cuenta bancaria de la persona solicitante a <a href=\"mailto:domiciliaciones@pamplona.es\">domiciliaciones@pamplona.es<\/a>.<\/p>\n<p>Los contribuyentes tambi\u00e9n pueden realizar ese tr\u00e1mite presencialmente o a trav\u00e9s de nuevo servicio de videollamada en la Oficina de Atenci\u00f3n al Contribuyente. Tanto para la atenci\u00f3n presencial, como para usar el servicio de videollamada, la persona interesada debe solicitar cita previa en la web o a trav\u00e9s del 010.<br \/>\n<script async src=\"\/\/pagead2.googlesyndication.com\/pagead\/js\/adsbygoogle.js\"><\/script><br \/>\n<!-- Noticias La Guia de Pamplona --><br \/>\n<ins class=\"adsbygoogle\"\nstyle=\"display:block\"\ndata-ad-client=\"ca-pub-6943679897239327\"\ndata-ad-slot=\"7048180777\"\ndata-ad-format=\"auto\"><\/ins><br \/>\n<script>\n(adsbygoogle = window.adsbygoogle || []).push({});\n<\/script><\/p>\n<p><strong>C\u00f3mo pagar un recibo \u2018no domiciliado\u2019<\/strong><\/p>\n<p>Para realizar los pagos de los recibos no domiciliados el ciudadano tiene tres v\u00edas. Por un lado a trav\u00e9s de <a href=\"http:\/\/www.pamplona.es\" target=\"_blank\" rel=\"noopener\">www.pamplona.es<\/a> en la Sede Electr\u00f3nica (tr\u00e1mite \u2018Pago de recibos\u2019). Por otro, puede realizar f\u00edsicamente el pago en las oficinas de bancos y cajas de ahorros acudiendo a la entidad con el recibo correspondiente. Finalmente, Los abonos se pueden hacer en la calle Mercado 7-9, 2\u00aa planta, donde se encuentran las oficinas de la Tesorer\u00eda Municipal.<\/p>\n<p>Las entidades bancarias que admiten estos pagos son Caixabank, Banco Santander, Banco Bilbao Vizcaya Argentaria (BBVA), Caja Laboral Kutxa, Caja Rural de Navarra, Kutxabank y Banco Sabadell, en los horarios espec\u00edficos establecidos por cada entidad y previa presentaci\u00f3n del recibo correspondiente. Para m\u00e1s informaci\u00f3n, se puede llamar al tel\u00e9fono 948 420245, de 8.30 a 14.30 horas.<br \/>\n<script async src=\"\/\/pagead2.googlesyndication.com\/pagead\/js\/adsbygoogle.js\"><\/script><br \/>\n<!-- Noticias La Guia de Pamplona --><br \/>\n<ins class=\"adsbygoogle\"\nstyle=\"display:block\"\ndata-ad-client=\"ca-pub-6943679897239327\"\ndata-ad-slot=\"7048180777\"\ndata-ad-format=\"auto\"><\/ins><br \/>\n<script>\n(adsbygoogle = window.adsbygoogle || []).push({});\n<\/script><\/p>\n<p><strong>Fin de plazo: pagar con recargo<\/strong><\/p>\n<p>Con posterioridad al 17 de junio, el pago podr\u00e1 seguir realiz\u00e1ndose, pero con los recargos establecidos legalmente en el art\u00edculo 117 de la Ley Foral General Tributaria. En principio, el recargo ejecutivo ser\u00e1 del 5%, y, una vez notificada la deuda en v\u00eda de apremio se aplicar\u00e1 el recargo de apremio (10% si la deuda se satisface en el plazo de un mes desde la notificaci\u00f3n o del 20%, m\u00e1s los intereses de la deuda, pasado ese plazo).<\/p>\n<p>El pago con recargo podr\u00e1 realizarse presencialmente en la oficina de Recaudaci\u00f3n Ejecutiva, Calle Tudela, 16 \u2013 bajo, en horario de lunes a jueves de 8 a 15 y de 17 a 20, viernes y s\u00e1bados de 8 a 15 horas. En la misma oficina puede solicitarse carta de pago para realizar el pago en una entidad bancaria colaboradora o por medio de la web municipal <a href=\"http:\/\/www.pamplona.es\" target=\"_blank\" rel=\"noopener\">www.pamplona.es<\/a>.<br \/>\n<script async src=\"\/\/pagead2.googlesyndication.com\/pagead\/js\/adsbygoogle.js\"><\/script><br \/>\n<!-- Noticias La Guia de Pamplona --><br \/>\n<ins class=\"adsbygoogle\"\nstyle=\"display:block\"\ndata-ad-client=\"ca-pub-6943679897239327\"\ndata-ad-slot=\"7048180777\"\ndata-ad-format=\"auto\"><\/ins><br \/>\n<script>\n(adsbygoogle = window.adsbygoogle || []).push({});\n<\/script><\/p>\n<p>&nbsp;<\/p>\n<h3>Conceptos y cifras<\/h3>\n<p><strong>Contribuci\u00f3n territorial<\/strong><\/p>\n<p>Es un impuesto que grava la propiedad de un bien inmueble.<\/p>\n<p>Periodicidad anual (aunque se paga fraccionado en dos mitades)<\/p>\n<p>En 2022 (primer semestre) se giran 115.880 recibos de los que no est\u00e1n domiciliados 7.432<\/p>\n<p><strong>Paso a trav\u00e9s de la acera (Vados)<\/strong><\/p>\n<p>Es una tasa que grava el derecho de paso sobre un suelo de uso p\u00fablico para acceder a locales, viviendas o garajes.<\/p>\n<p>Periodicidad semestral<\/p>\n<p>En 2022 (primer semestre) se giran 1.875 recibos de los que no est\u00e1n domiciliados 76<\/p>\n<p><strong>Ocupaci\u00f3n de la v\u00eda p\u00fablica<\/strong><\/p>\n<p>Es una tasa que pagan los interesados en realizar actividades que ocupan de forma m\u00e1s o menos larga en el tiempo los espacios p\u00fablicos de uso com\u00fan (kioscos, tanques de combustible, reservas de espacio, etc.). Este a\u00f1o no incluye ocupaci\u00f3n de terrazas.<\/p>\n<p>Periodicidad semestral<\/p>\n<p>En 2022 (primer semestre) se giran 108 recibos de los que no est\u00e1n domiciliados 9<\/p>\n<p><strong>Impuesto de Actividades Econ\u00f3micas<\/strong><\/p>\n<p>Es un impuesto que grava la realizaci\u00f3n de actividades econ\u00f3micas en el municipio. Est\u00e1n exentos los contribuyentes con volumen de negocio menor a un mill\u00f3n de euros.<\/p>\n<p>Periodicidad semestral<\/p>\n<p>En 2022 (primer semestre), que se giran cuotas atrasadas anuales del ejercicio 2021, se giran 1.000 recibos de los que no est\u00e1n domiciliados 336<\/p>\n","protected":false},"excerpt":{"rendered":"<p>Por tercer a\u00f1o consecutivo el sector hostelero seguir\u00e1 sin pagar las tasas por la ocupaci\u00f3n de v\u00eda p\u00fablica con terrazas<\/p>\n","protected":false},"author":1,"featured_media":36074,"comment_status":"open","ping_status":"closed","sticky":false,"template":"","format":"standard","meta":{"footnotes":""},"categories":[2],"tags":[],"class_list":["post-40235","post","type-post","status-publish","format-standard","has-post-thumbnail","hentry","category-ayuntamiento-pamplona"],"yoast_head":"<!-- This site is optimized with the Yoast SEO plugin v27.3 - https:\/\/yoast.com\/product\/yoast-seo-wordpress\/ -->\n<title>Comienzan a repartirse los recibos de Contribuci\u00f3n, Vados, y Ocupaci\u00f3n de V\u00eda P\u00fablica del primer semestre de 2022 y, en casos concretos se ajustar\u00e1 el IAE del a\u00f1o pasado<\/title>\n<meta name=\"description\" content=\"Por tercer a\u00f1o consecutivo el sector hostelero seguir\u00e1 sin pagar las tasas por la ocupaci\u00f3n de v\u00eda p\u00fablica con terrazas\" \/>\n<meta name=\"robots\" content=\"index, follow, max-snippet:-1, max-image-preview:large, max-video-preview:-1\" \/>\n<link rel=\"canonical\" href=\"https:\/\/www.laguiadepamplona.com\/actualidad\/comienzan-a-repartirse-los-recibos-de-contribucion-vados-y-ocupacion-de-via-publica-del-primer-semestre-de-2022-y-en-casos-concretos-se-ajustara-el-iae-del-ano-pasado\/\" \/>\n<meta property=\"og:locale\" content=\"es_ES\" \/>\n<meta property=\"og:type\" content=\"article\" \/>\n<meta property=\"og:title\" content=\"Comienzan a repartirse los recibos de Contribuci\u00f3n, Vados, y Ocupaci\u00f3n de V\u00eda P\u00fablica del primer semestre de 2022 y, en casos concretos se ajustar\u00e1 el IAE del a\u00f1o pasado\" \/>\n<meta property=\"og:description\" content=\"Por tercer a\u00f1o consecutivo el sector hostelero seguir\u00e1 sin pagar las tasas por la ocupaci\u00f3n de v\u00eda p\u00fablica con terrazas\" \/>\n<meta property=\"og:url\" content=\"https:\/\/www.laguiadepamplona.com\/actualidad\/comienzan-a-repartirse-los-recibos-de-contribucion-vados-y-ocupacion-de-via-publica-del-primer-semestre-de-2022-y-en-casos-concretos-se-ajustara-el-iae-del-ano-pasado\/\" \/>\n<meta property=\"og:site_name\" content=\"La Gu\u00eda de Pamplona\" \/>\n<meta property=\"article:publisher\" content=\"https:\/\/www.facebook.com\/laguiadepamplonacom-133175176762273\/?ref=hl\" \/>\n<meta property=\"article:published_time\" content=\"2022-05-06T10:38:40+00:00\" \/>\n<meta property=\"article:modified_time\" content=\"2023-04-11T09:48:14+00:00\" \/>\n<meta property=\"og:image\" content=\"https:\/\/www.laguiadepamplona.com\/actualidad\/wp-content\/uploads\/2021\/08\/ayuntamiento-pamplona2.jpg\" \/>\n\t<meta property=\"og:image:width\" content=\"1920\" \/>\n\t<meta property=\"og:image:height\" content=\"1080\" \/>\n\t<meta property=\"og:image:type\" content=\"image\/jpeg\" \/>\n<meta name=\"author\" content=\"La Gu\u00eda de Pamplona\" \/>\n<meta name=\"twitter:card\" content=\"summary_large_image\" \/>\n<meta name=\"twitter:creator\" content=\"@LaGuiadPamplona\" \/>\n<meta name=\"twitter:site\" content=\"@LaGuiadPamplona\" \/>\n<meta name=\"twitter:label1\" content=\"Escrito por\" \/>\n\t<meta name=\"twitter:data1\" content=\"La Gu\u00eda de Pamplona\" \/>\n\t<meta name=\"twitter:label2\" content=\"Tiempo de lectura\" \/>\n\t<meta name=\"twitter:data2\" content=\"6 minutos\" \/>\n<script type=\"application\/ld+json\" class=\"yoast-schema-graph\">{\"@context\":\"https:\\\/\\\/schema.org\",\"@graph\":[{\"@type\":\"Article\",\"@id\":\"https:\\\/\\\/www.laguiadepamplona.com\\\/actualidad\\\/comienzan-a-repartirse-los-recibos-de-contribucion-vados-y-ocupacion-de-via-publica-del-primer-semestre-de-2022-y-en-casos-concretos-se-ajustara-el-iae-del-ano-pasado\\\/#article\",\"isPartOf\":{\"@id\":\"https:\\\/\\\/www.laguiadepamplona.com\\\/actualidad\\\/comienzan-a-repartirse-los-recibos-de-contribucion-vados-y-ocupacion-de-via-publica-del-primer-semestre-de-2022-y-en-casos-concretos-se-ajustara-el-iae-del-ano-pasado\\\/\"},\"author\":{\"name\":\"La Gu\u00eda de Pamplona\",\"@id\":\"https:\\\/\\\/www.laguiadepamplona.com\\\/actualidad\\\/#\\\/schema\\\/person\\\/efe887376f0213d4657c93adc50b1fdb\"},\"headline\":\"Comienzan a repartirse los recibos de Contribuci\u00f3n, Vados, y Ocupaci\u00f3n de V\u00eda P\u00fablica del primer semestre de 2022 y, en casos concretos se ajustar\u00e1 el IAE del a\u00f1o pasado\",\"datePublished\":\"2022-05-06T10:38:40+00:00\",\"dateModified\":\"2023-04-11T09:48:14+00:00\",\"mainEntityOfPage\":{\"@id\":\"https:\\\/\\\/www.laguiadepamplona.com\\\/actualidad\\\/comienzan-a-repartirse-los-recibos-de-contribucion-vados-y-ocupacion-de-via-publica-del-primer-semestre-de-2022-y-en-casos-concretos-se-ajustara-el-iae-del-ano-pasado\\\/\"},\"wordCount\":1234,\"commentCount\":0,\"publisher\":{\"@id\":\"https:\\\/\\\/www.laguiadepamplona.com\\\/actualidad\\\/#organization\"},\"image\":{\"@id\":\"https:\\\/\\\/www.laguiadepamplona.com\\\/actualidad\\\/comienzan-a-repartirse-los-recibos-de-contribucion-vados-y-ocupacion-de-via-publica-del-primer-semestre-de-2022-y-en-casos-concretos-se-ajustara-el-iae-del-ano-pasado\\\/#primaryimage\"},\"thumbnailUrl\":\"https:\\\/\\\/www.laguiadepamplona.com\\\/actualidad\\\/wp-content\\\/uploads\\\/2021\\\/08\\\/ayuntamiento-pamplona2.jpg\",\"articleSection\":[\"Ayto Pamplona\"],\"inLanguage\":\"es\",\"potentialAction\":[{\"@type\":\"CommentAction\",\"name\":\"Comment\",\"target\":[\"https:\\\/\\\/www.laguiadepamplona.com\\\/actualidad\\\/comienzan-a-repartirse-los-recibos-de-contribucion-vados-y-ocupacion-de-via-publica-del-primer-semestre-de-2022-y-en-casos-concretos-se-ajustara-el-iae-del-ano-pasado\\\/#respond\"]}]},{\"@type\":\"WebPage\",\"@id\":\"https:\\\/\\\/www.laguiadepamplona.com\\\/actualidad\\\/comienzan-a-repartirse-los-recibos-de-contribucion-vados-y-ocupacion-de-via-publica-del-primer-semestre-de-2022-y-en-casos-concretos-se-ajustara-el-iae-del-ano-pasado\\\/\",\"url\":\"https:\\\/\\\/www.laguiadepamplona.com\\\/actualidad\\\/comienzan-a-repartirse-los-recibos-de-contribucion-vados-y-ocupacion-de-via-publica-del-primer-semestre-de-2022-y-en-casos-concretos-se-ajustara-el-iae-del-ano-pasado\\\/\",\"name\":\"Comienzan a repartirse los recibos de Contribuci\u00f3n, Vados, y Ocupaci\u00f3n de V\u00eda P\u00fablica del primer semestre de 2022 y, en casos concretos se ajustar\u00e1 el IAE del a\u00f1o pasado\",\"isPartOf\":{\"@id\":\"https:\\\/\\\/www.laguiadepamplona.com\\\/actualidad\\\/#website\"},\"primaryImageOfPage\":{\"@id\":\"https:\\\/\\\/www.laguiadepamplona.com\\\/actualidad\\\/comienzan-a-repartirse-los-recibos-de-contribucion-vados-y-ocupacion-de-via-publica-del-primer-semestre-de-2022-y-en-casos-concretos-se-ajustara-el-iae-del-ano-pasado\\\/#primaryimage\"},\"image\":{\"@id\":\"https:\\\/\\\/www.laguiadepamplona.com\\\/actualidad\\\/comienzan-a-repartirse-los-recibos-de-contribucion-vados-y-ocupacion-de-via-publica-del-primer-semestre-de-2022-y-en-casos-concretos-se-ajustara-el-iae-del-ano-pasado\\\/#primaryimage\"},\"thumbnailUrl\":\"https:\\\/\\\/www.laguiadepamplona.com\\\/actualidad\\\/wp-content\\\/uploads\\\/2021\\\/08\\\/ayuntamiento-pamplona2.jpg\",\"datePublished\":\"2022-05-06T10:38:40+00:00\",\"dateModified\":\"2023-04-11T09:48:14+00:00\",\"description\":\"Por tercer a\u00f1o consecutivo el sector hostelero seguir\u00e1 sin pagar las tasas por la ocupaci\u00f3n de v\u00eda p\u00fablica con terrazas\",\"breadcrumb\":{\"@id\":\"https:\\\/\\\/www.laguiadepamplona.com\\\/actualidad\\\/comienzan-a-repartirse-los-recibos-de-contribucion-vados-y-ocupacion-de-via-publica-del-primer-semestre-de-2022-y-en-casos-concretos-se-ajustara-el-iae-del-ano-pasado\\\/#breadcrumb\"},\"inLanguage\":\"es\",\"potentialAction\":[{\"@type\":\"ReadAction\",\"target\":[\"https:\\\/\\\/www.laguiadepamplona.com\\\/actualidad\\\/comienzan-a-repartirse-los-recibos-de-contribucion-vados-y-ocupacion-de-via-publica-del-primer-semestre-de-2022-y-en-casos-concretos-se-ajustara-el-iae-del-ano-pasado\\\/\"]}]},{\"@type\":\"ImageObject\",\"inLanguage\":\"es\",\"@id\":\"https:\\\/\\\/www.laguiadepamplona.com\\\/actualidad\\\/comienzan-a-repartirse-los-recibos-de-contribucion-vados-y-ocupacion-de-via-publica-del-primer-semestre-de-2022-y-en-casos-concretos-se-ajustara-el-iae-del-ano-pasado\\\/#primaryimage\",\"url\":\"https:\\\/\\\/www.laguiadepamplona.com\\\/actualidad\\\/wp-content\\\/uploads\\\/2021\\\/08\\\/ayuntamiento-pamplona2.jpg\",\"contentUrl\":\"https:\\\/\\\/www.laguiadepamplona.com\\\/actualidad\\\/wp-content\\\/uploads\\\/2021\\\/08\\\/ayuntamiento-pamplona2.jpg\",\"width\":1920,\"height\":1080,\"caption\":\"ayuntamiento pamplona\"},{\"@type\":\"BreadcrumbList\",\"@id\":\"https:\\\/\\\/www.laguiadepamplona.com\\\/actualidad\\\/comienzan-a-repartirse-los-recibos-de-contribucion-vados-y-ocupacion-de-via-publica-del-primer-semestre-de-2022-y-en-casos-concretos-se-ajustara-el-iae-del-ano-pasado\\\/#breadcrumb\",\"itemListElement\":[{\"@type\":\"ListItem\",\"position\":1,\"name\":\"Portada\",\"item\":\"https:\\\/\\\/www.laguiadepamplona.com\\\/actualidad\\\/\"},{\"@type\":\"ListItem\",\"position\":2,\"name\":\"Comienzan a repartirse los recibos de Contribuci\u00f3n, Vados, y Ocupaci\u00f3n de V\u00eda P\u00fablica del primer semestre de 2022 y, en casos concretos se ajustar\u00e1 el IAE del a\u00f1o pasado\"}]},{\"@type\":\"WebSite\",\"@id\":\"https:\\\/\\\/www.laguiadepamplona.com\\\/actualidad\\\/#website\",\"url\":\"https:\\\/\\\/www.laguiadepamplona.com\\\/actualidad\\\/\",\"name\":\"La gu\u00eda de Pamplona\",\"description\":\"Noticias de Pamplona\",\"publisher\":{\"@id\":\"https:\\\/\\\/www.laguiadepamplona.com\\\/actualidad\\\/#organization\"},\"potentialAction\":[{\"@type\":\"SearchAction\",\"target\":{\"@type\":\"EntryPoint\",\"urlTemplate\":\"https:\\\/\\\/www.laguiadepamplona.com\\\/actualidad\\\/?s={search_term_string}\"},\"query-input\":{\"@type\":\"PropertyValueSpecification\",\"valueRequired\":true,\"valueName\":\"search_term_string\"}}],\"inLanguage\":\"es\"},{\"@type\":\"Organization\",\"@id\":\"https:\\\/\\\/www.laguiadepamplona.com\\\/actualidad\\\/#organization\",\"name\":\"La Gu\u00eda de Pamplona \\\/ Noticias\",\"url\":\"https:\\\/\\\/www.laguiadepamplona.com\\\/actualidad\\\/\",\"logo\":{\"@type\":\"ImageObject\",\"inLanguage\":\"es\",\"@id\":\"https:\\\/\\\/www.laguiadepamplona.com\\\/actualidad\\\/#\\\/schema\\\/logo\\\/image\\\/\",\"url\":\"https:\\\/\\\/www.laguiadepamplona.com\\\/actualidad\\\/wp-content\\\/uploads\\\/2018\\\/11\\\/logo-laguiadepamplona18-web1.png\",\"contentUrl\":\"https:\\\/\\\/www.laguiadepamplona.com\\\/actualidad\\\/wp-content\\\/uploads\\\/2018\\\/11\\\/logo-laguiadepamplona18-web1.png\",\"width\":600,\"height\":196,\"caption\":\"La Gu\u00eda de Pamplona \\\/ Noticias\"},\"image\":{\"@id\":\"https:\\\/\\\/www.laguiadepamplona.com\\\/actualidad\\\/#\\\/schema\\\/logo\\\/image\\\/\"},\"sameAs\":[\"https:\\\/\\\/www.facebook.com\\\/laguiadepamplonacom-133175176762273\\\/?ref=hl\",\"https:\\\/\\\/x.com\\\/LaGuiadPamplona\",\"https:\\\/\\\/www.instagram.com\\\/la_guia_de_pamplona\\\/\",\"https:\\\/\\\/www.youtube.com\\\/user\\\/laguiadepamplona\"]},{\"@type\":\"Person\",\"@id\":\"https:\\\/\\\/www.laguiadepamplona.com\\\/actualidad\\\/#\\\/schema\\\/person\\\/efe887376f0213d4657c93adc50b1fdb\",\"name\":\"La Gu\u00eda de Pamplona\",\"image\":{\"@type\":\"ImageObject\",\"inLanguage\":\"es\",\"@id\":\"https:\\\/\\\/secure.gravatar.com\\\/avatar\\\/b6992f131dc8d30ab0dff15446e9d346d9dbd95992de0fef795073f5ea83a81c?s=96&d=mm&r=g\",\"url\":\"https:\\\/\\\/secure.gravatar.com\\\/avatar\\\/b6992f131dc8d30ab0dff15446e9d346d9dbd95992de0fef795073f5ea83a81c?s=96&d=mm&r=g\",\"contentUrl\":\"https:\\\/\\\/secure.gravatar.com\\\/avatar\\\/b6992f131dc8d30ab0dff15446e9d346d9dbd95992de0fef795073f5ea83a81c?s=96&d=mm&r=g\",\"caption\":\"La Gu\u00eda de Pamplona\"}}]}<\/script>\n<!-- \/ Yoast SEO plugin. -->","yoast_head_json":{"title":"Comienzan a repartirse los recibos de Contribuci\u00f3n, Vados, y Ocupaci\u00f3n de V\u00eda P\u00fablica del primer semestre de 2022 y, en casos concretos se ajustar\u00e1 el IAE del a\u00f1o pasado","description":"Por tercer a\u00f1o consecutivo el sector hostelero seguir\u00e1 sin pagar las tasas por la ocupaci\u00f3n de v\u00eda p\u00fablica con terrazas","robots":{"index":"index","follow":"follow","max-snippet":"max-snippet:-1","max-image-preview":"max-image-preview:large","max-video-preview":"max-video-preview:-1"},"canonical":"https:\/\/www.laguiadepamplona.com\/actualidad\/comienzan-a-repartirse-los-recibos-de-contribucion-vados-y-ocupacion-de-via-publica-del-primer-semestre-de-2022-y-en-casos-concretos-se-ajustara-el-iae-del-ano-pasado\/","og_locale":"es_ES","og_type":"article","og_title":"Comienzan a repartirse los recibos de Contribuci\u00f3n, Vados, y Ocupaci\u00f3n de V\u00eda P\u00fablica del primer semestre de 2022 y, en casos concretos se ajustar\u00e1 el IAE del a\u00f1o pasado","og_description":"Por tercer a\u00f1o consecutivo el sector hostelero seguir\u00e1 sin pagar las tasas por la ocupaci\u00f3n de v\u00eda p\u00fablica con terrazas","og_url":"https:\/\/www.laguiadepamplona.com\/actualidad\/comienzan-a-repartirse-los-recibos-de-contribucion-vados-y-ocupacion-de-via-publica-del-primer-semestre-de-2022-y-en-casos-concretos-se-ajustara-el-iae-del-ano-pasado\/","og_site_name":"La Gu\u00eda de Pamplona","article_publisher":"https:\/\/www.facebook.com\/laguiadepamplonacom-133175176762273\/?ref=hl","article_published_time":"2022-05-06T10:38:40+00:00","article_modified_time":"2023-04-11T09:48:14+00:00","og_image":[{"width":1920,"height":1080,"url":"https:\/\/www.laguiadepamplona.com\/actualidad\/wp-content\/uploads\/2021\/08\/ayuntamiento-pamplona2.jpg","type":"image\/jpeg"}],"author":"La Gu\u00eda de Pamplona","twitter_card":"summary_large_image","twitter_creator":"@LaGuiadPamplona","twitter_site":"@LaGuiadPamplona","twitter_misc":{"Escrito por":"La Gu\u00eda de Pamplona","Tiempo de lectura":"6 minutos"},"schema":{"@context":"https:\/\/schema.org","@graph":[{"@type":"Article","@id":"https:\/\/www.laguiadepamplona.com\/actualidad\/comienzan-a-repartirse-los-recibos-de-contribucion-vados-y-ocupacion-de-via-publica-del-primer-semestre-de-2022-y-en-casos-concretos-se-ajustara-el-iae-del-ano-pasado\/#article","isPartOf":{"@id":"https:\/\/www.laguiadepamplona.com\/actualidad\/comienzan-a-repartirse-los-recibos-de-contribucion-vados-y-ocupacion-de-via-publica-del-primer-semestre-de-2022-y-en-casos-concretos-se-ajustara-el-iae-del-ano-pasado\/"},"author":{"name":"La Gu\u00eda de Pamplona","@id":"https:\/\/www.laguiadepamplona.com\/actualidad\/#\/schema\/person\/efe887376f0213d4657c93adc50b1fdb"},"headline":"Comienzan a repartirse los recibos de Contribuci\u00f3n, Vados, y Ocupaci\u00f3n de V\u00eda P\u00fablica del primer semestre de 2022 y, en casos concretos se ajustar\u00e1 el IAE del a\u00f1o pasado","datePublished":"2022-05-06T10:38:40+00:00","dateModified":"2023-04-11T09:48:14+00:00","mainEntityOfPage":{"@id":"https:\/\/www.laguiadepamplona.com\/actualidad\/comienzan-a-repartirse-los-recibos-de-contribucion-vados-y-ocupacion-de-via-publica-del-primer-semestre-de-2022-y-en-casos-concretos-se-ajustara-el-iae-del-ano-pasado\/"},"wordCount":1234,"commentCount":0,"publisher":{"@id":"https:\/\/www.laguiadepamplona.com\/actualidad\/#organization"},"image":{"@id":"https:\/\/www.laguiadepamplona.com\/actualidad\/comienzan-a-repartirse-los-recibos-de-contribucion-vados-y-ocupacion-de-via-publica-del-primer-semestre-de-2022-y-en-casos-concretos-se-ajustara-el-iae-del-ano-pasado\/#primaryimage"},"thumbnailUrl":"https:\/\/www.laguiadepamplona.com\/actualidad\/wp-content\/uploads\/2021\/08\/ayuntamiento-pamplona2.jpg","articleSection":["Ayto Pamplona"],"inLanguage":"es","potentialAction":[{"@type":"CommentAction","name":"Comment","target":["https:\/\/www.laguiadepamplona.com\/actualidad\/comienzan-a-repartirse-los-recibos-de-contribucion-vados-y-ocupacion-de-via-publica-del-primer-semestre-de-2022-y-en-casos-concretos-se-ajustara-el-iae-del-ano-pasado\/#respond"]}]},{"@type":"WebPage","@id":"https:\/\/www.laguiadepamplona.com\/actualidad\/comienzan-a-repartirse-los-recibos-de-contribucion-vados-y-ocupacion-de-via-publica-del-primer-semestre-de-2022-y-en-casos-concretos-se-ajustara-el-iae-del-ano-pasado\/","url":"https:\/\/www.laguiadepamplona.com\/actualidad\/comienzan-a-repartirse-los-recibos-de-contribucion-vados-y-ocupacion-de-via-publica-del-primer-semestre-de-2022-y-en-casos-concretos-se-ajustara-el-iae-del-ano-pasado\/","name":"Comienzan a repartirse los recibos de Contribuci\u00f3n, Vados, y Ocupaci\u00f3n de V\u00eda P\u00fablica del primer semestre de 2022 y, en casos concretos se ajustar\u00e1 el IAE del a\u00f1o pasado","isPartOf":{"@id":"https:\/\/www.laguiadepamplona.com\/actualidad\/#website"},"primaryImageOfPage":{"@id":"https:\/\/www.laguiadepamplona.com\/actualidad\/comienzan-a-repartirse-los-recibos-de-contribucion-vados-y-ocupacion-de-via-publica-del-primer-semestre-de-2022-y-en-casos-concretos-se-ajustara-el-iae-del-ano-pasado\/#primaryimage"},"image":{"@id":"https:\/\/www.laguiadepamplona.com\/actualidad\/comienzan-a-repartirse-los-recibos-de-contribucion-vados-y-ocupacion-de-via-publica-del-primer-semestre-de-2022-y-en-casos-concretos-se-ajustara-el-iae-del-ano-pasado\/#primaryimage"},"thumbnailUrl":"https:\/\/www.laguiadepamplona.com\/actualidad\/wp-content\/uploads\/2021\/08\/ayuntamiento-pamplona2.jpg","datePublished":"2022-05-06T10:38:40+00:00","dateModified":"2023-04-11T09:48:14+00:00","description":"Por tercer a\u00f1o consecutivo el sector hostelero seguir\u00e1 sin pagar las tasas por la ocupaci\u00f3n de v\u00eda p\u00fablica con terrazas","breadcrumb":{"@id":"https:\/\/www.laguiadepamplona.com\/actualidad\/comienzan-a-repartirse-los-recibos-de-contribucion-vados-y-ocupacion-de-via-publica-del-primer-semestre-de-2022-y-en-casos-concretos-se-ajustara-el-iae-del-ano-pasado\/#breadcrumb"},"inLanguage":"es","potentialAction":[{"@type":"ReadAction","target":["https:\/\/www.laguiadepamplona.com\/actualidad\/comienzan-a-repartirse-los-recibos-de-contribucion-vados-y-ocupacion-de-via-publica-del-primer-semestre-de-2022-y-en-casos-concretos-se-ajustara-el-iae-del-ano-pasado\/"]}]},{"@type":"ImageObject","inLanguage":"es","@id":"https:\/\/www.laguiadepamplona.com\/actualidad\/comienzan-a-repartirse-los-recibos-de-contribucion-vados-y-ocupacion-de-via-publica-del-primer-semestre-de-2022-y-en-casos-concretos-se-ajustara-el-iae-del-ano-pasado\/#primaryimage","url":"https:\/\/www.laguiadepamplona.com\/actualidad\/wp-content\/uploads\/2021\/08\/ayuntamiento-pamplona2.jpg","contentUrl":"https:\/\/www.laguiadepamplona.com\/actualidad\/wp-content\/uploads\/2021\/08\/ayuntamiento-pamplona2.jpg","width":1920,"height":1080,"caption":"ayuntamiento pamplona"},{"@type":"BreadcrumbList","@id":"https:\/\/www.laguiadepamplona.com\/actualidad\/comienzan-a-repartirse-los-recibos-de-contribucion-vados-y-ocupacion-de-via-publica-del-primer-semestre-de-2022-y-en-casos-concretos-se-ajustara-el-iae-del-ano-pasado\/#breadcrumb","itemListElement":[{"@type":"ListItem","position":1,"name":"Portada","item":"https:\/\/www.laguiadepamplona.com\/actualidad\/"},{"@type":"ListItem","position":2,"name":"Comienzan a repartirse los recibos de Contribuci\u00f3n, Vados, y Ocupaci\u00f3n de V\u00eda P\u00fablica del primer semestre de 2022 y, en casos concretos se ajustar\u00e1 el IAE del a\u00f1o pasado"}]},{"@type":"WebSite","@id":"https:\/\/www.laguiadepamplona.com\/actualidad\/#website","url":"https:\/\/www.laguiadepamplona.com\/actualidad\/","name":"La gu\u00eda de Pamplona","description":"Noticias de Pamplona","publisher":{"@id":"https:\/\/www.laguiadepamplona.com\/actualidad\/#organization"},"potentialAction":[{"@type":"SearchAction","target":{"@type":"EntryPoint","urlTemplate":"https:\/\/www.laguiadepamplona.com\/actualidad\/?s={search_term_string}"},"query-input":{"@type":"PropertyValueSpecification","valueRequired":true,"valueName":"search_term_string"}}],"inLanguage":"es"},{"@type":"Organization","@id":"https:\/\/www.laguiadepamplona.com\/actualidad\/#organization","name":"La Gu\u00eda de Pamplona \/ Noticias","url":"https:\/\/www.laguiadepamplona.com\/actualidad\/","logo":{"@type":"ImageObject","inLanguage":"es","@id":"https:\/\/www.laguiadepamplona.com\/actualidad\/#\/schema\/logo\/image\/","url":"https:\/\/www.laguiadepamplona.com\/actualidad\/wp-content\/uploads\/2018\/11\/logo-laguiadepamplona18-web1.png","contentUrl":"https:\/\/www.laguiadepamplona.com\/actualidad\/wp-content\/uploads\/2018\/11\/logo-laguiadepamplona18-web1.png","width":600,"height":196,"caption":"La Gu\u00eda de Pamplona \/ Noticias"},"image":{"@id":"https:\/\/www.laguiadepamplona.com\/actualidad\/#\/schema\/logo\/image\/"},"sameAs":["https:\/\/www.facebook.com\/laguiadepamplonacom-133175176762273\/?ref=hl","https:\/\/x.com\/LaGuiadPamplona","https:\/\/www.instagram.com\/la_guia_de_pamplona\/","https:\/\/www.youtube.com\/user\/laguiadepamplona"]},{"@type":"Person","@id":"https:\/\/www.laguiadepamplona.com\/actualidad\/#\/schema\/person\/efe887376f0213d4657c93adc50b1fdb","name":"La Gu\u00eda de Pamplona","image":{"@type":"ImageObject","inLanguage":"es","@id":"https:\/\/secure.gravatar.com\/avatar\/b6992f131dc8d30ab0dff15446e9d346d9dbd95992de0fef795073f5ea83a81c?s=96&d=mm&r=g","url":"https:\/\/secure.gravatar.com\/avatar\/b6992f131dc8d30ab0dff15446e9d346d9dbd95992de0fef795073f5ea83a81c?s=96&d=mm&r=g","contentUrl":"https:\/\/secure.gravatar.com\/avatar\/b6992f131dc8d30ab0dff15446e9d346d9dbd95992de0fef795073f5ea83a81c?s=96&d=mm&r=g","caption":"La Gu\u00eda de Pamplona"}}]}},"post_mailing_queue_ids":[],"_links":{"self":[{"href":"https:\/\/www.laguiadepamplona.com\/actualidad\/wp-json\/wp\/v2\/posts\/40235","targetHints":{"allow":["GET"]}}],"collection":[{"href":"https:\/\/www.laguiadepamplona.com\/actualidad\/wp-json\/wp\/v2\/posts"}],"about":[{"href":"https:\/\/www.laguiadepamplona.com\/actualidad\/wp-json\/wp\/v2\/types\/post"}],"author":[{"embeddable":true,"href":"https:\/\/www.laguiadepamplona.com\/actualidad\/wp-json\/wp\/v2\/users\/1"}],"replies":[{"embeddable":true,"href":"https:\/\/www.laguiadepamplona.com\/actualidad\/wp-json\/wp\/v2\/comments?post=40235"}],"version-history":[{"count":0,"href":"https:\/\/www.laguiadepamplona.com\/actualidad\/wp-json\/wp\/v2\/posts\/40235\/revisions"}],"wp:featuredmedia":[{"embeddable":true,"href":"https:\/\/www.laguiadepamplona.com\/actualidad\/wp-json\/wp\/v2\/media\/36074"}],"wp:attachment":[{"href":"https:\/\/www.laguiadepamplona.com\/actualidad\/wp-json\/wp\/v2\/media?parent=40235"}],"wp:term":[{"taxonomy":"category","embeddable":true,"href":"https:\/\/www.laguiadepamplona.com\/actualidad\/wp-json\/wp\/v2\/categories?post=40235"},{"taxonomy":"post_tag","embeddable":true,"href":"https:\/\/www.laguiadepamplona.com\/actualidad\/wp-json\/wp\/v2\/tags?post=40235"}],"curies":[{"name":"wp","href":"https:\/\/api.w.org\/{rel}","templated":true}]}}