{"id":40229,"date":"2022-05-05T12:47:33","date_gmt":"2022-05-05T10:47:33","guid":{"rendered":"https:\/\/www.laguiadepamplona.com\/actualidad\/?p=40229"},"modified":"2023-04-11T11:48:14","modified_gmt":"2023-04-11T09:48:14","slug":"el-tajo-de-tapiceria-del-ayuntamiento-realiza-una-treintena-de-sillones-para-los-apartamentos-tutelados-y-completa-con-otras-100-unidades-las-cortinas-del-ies-plaza-de-la-cruz","status":"publish","type":"post","link":"https:\/\/www.laguiadepamplona.com\/actualidad\/el-tajo-de-tapiceria-del-ayuntamiento-realiza-una-treintena-de-sillones-para-los-apartamentos-tutelados-y-completa-con-otras-100-unidades-las-cortinas-del-ies-plaza-de-la-cruz\/","title":{"rendered":"El tajo de Tapicer\u00eda del Ayuntamiento realiza una treintena de sillones para los apartamentos tutelados y completa, con otras 100 unidades, las cortinas del IES Plaza de la Cruz"},"content":{"rendered":"<h5>Las siete personas que aprenden y trabajan en los locales de Monasterio de Fitero tienen seis meses por delante para mejorar su empleabilidad<\/h5>\n<p><!--more--><\/p>\n<p>33 sillones reci\u00e9n retapizados para los apartamentos tutelados del Ayuntamiento de Pamplona y m\u00e1s de 100 cortinas y un gran tel\u00f3n confeccionados con destino al IES Plaza de la Cruz. Son parte de los trabajos realizados en las \u00faltimas semanas por las siete personas que trabajan en el tajo de Tapicer\u00eda de Empleo Social del Consistorio. Las han realizado las 6 mujeres y un hombre que cada d\u00eda acuden a formarse para el mercado laboral y a aprender mediante la pr\u00e1ctica a los locales municipales de Monasterio de Fitero.<\/p>\n<p>Tapicer\u00eda es uno de los diez tajos de Empleo Social del Consistorio, una iniciativa que pretende que las personas contratadas obtengan una formaci\u00f3n laboral suficiente para realizar trabajos de calidad en un tiempo razonable, adquiriendo habilidades y destrezas para su posterior inserci\u00f3n laboral. Su aprendizaje tiene, adem\u00e1s, dos caracter\u00edsticas. Por un lado, es remunerado porque se realiza bajo contrato y, por otra, apuesta por una segunda vertiente social: contribuir a la mejora de servicios, instituciones e instalaciones de la ciudad.<\/p>\n<p>Para ambos tipos de trabajo, el personal del tajo se ha encargado del patronado de las piezas, de hacer las mediciones y del corte de las diferentes telas. En los sof\u00e1s se han sustituido los acabados anteriores por las nuevas piezas de tela, en total 150 metros, rehaciendo rellenos y cremalleras., y d\u00e1ndoles los acabados oportunos. Las cortinas, para aulas y despachos, han requerido 270 metros de tela ign\u00edfuga con un nivel de opacidad que limita el paso de luz, calor y ruidos.<br \/>\n<script async src=\"\/\/pagead2.googlesyndication.com\/pagead\/js\/adsbygoogle.js\"><\/script><br \/>\n<!-- Noticias La Guia de Pamplona --><br \/>\n<ins class=\"adsbygoogle\"\nstyle=\"display:block\"\ndata-ad-client=\"ca-pub-6943679897239327\"\ndata-ad-slot=\"7048180777\"\ndata-ad-format=\"auto\"><\/ins><br \/>\n<script>\n(adsbygoogle = window.adsbygoogle || []).push({});\n<\/script><\/p>\n<p><strong>Sillones para personas mayores<\/strong><\/p>\n<p>Los tajos, tambi\u00e9n el de tapicer\u00eda, realizan encargos para distintos servicios municipales. Como ejemplo, en 2017 la responsable Marian Marcos, recibi\u00f3 una distinci\u00f3n p\u00fablica en el D\u00eda de la Polic\u00eda por su efectividad coordinando el retapizado de asientos delanteros de veh\u00edculos de Polic\u00eda Municipal. En este caso la tarea encargada era para el \u00c1rea de Servicios Sociales, Acci\u00f3n Comunitaria y Deporte, concretamente para resolver una necesidad en el servicio de apartamentos tutelados municipales.<\/p>\n<p>Hasta la fecha el tajo ha retapizado 18 sof\u00e1s de diferentes estilos y n\u00famero de plazas y tiene pendiente hacer otro tanto con otros 15. Para ello se est\u00e1n usando 150 metros de tela gris con apresto, adem\u00e1s de restaurar las estructuras de los muebles cambiando cinchas y gomaespuma hasta dejarlos como nuevos. El destino, apartamentos tutelados que estos momentos alojan a m\u00e1s de 150 personas, el 85% de ellas en apartamentos individuales.<\/p>\n<p>Estos recursos de alojamiento, ubicados en un entorno vecinal, son bienes de dominio p\u00fablico del Ayuntamiento de Pamplona que ofrecen a personas mayores de 65 a\u00f1os con un buen nivel de autovalimiento un servicio residencial ligero y sin problemas de accesibilidad a cambio de una tasa fijada en funci\u00f3n de la renta disponible. Est\u00e1n acondicionados a las necesidades de las personas mayores que presentan problemas graves de alojamiento y ofrecen con servicios m\u00ednimos comunes que son de uso voluntario.<br \/>\n<script async src=\"\/\/pagead2.googlesyndication.com\/pagead\/js\/adsbygoogle.js\"><\/script><br \/>\n<!-- Noticias La Guia de Pamplona --><br \/>\n<ins class=\"adsbygoogle\"\nstyle=\"display:block\"\ndata-ad-client=\"ca-pub-6943679897239327\"\ndata-ad-slot=\"7048180777\"\ndata-ad-format=\"auto\"><\/ins><br \/>\n<script>\n(adsbygoogle = window.adsbygoogle || []).push({});\n<\/script><\/p>\n<p><strong>Remodelaci\u00f3n textil integral por encargo<\/strong><\/p>\n<p>M\u00e1s de 100 cortinas nuevas y el tel\u00f3n del Sal\u00f3n de Actos es lo que el Tajo entregar\u00e1 al IES Plaza de la Cruz despu\u00e9s de que en los \u00faltimos meses se haya estado trabajando por encargo, aunque siempre para clientes que no tienen \u00e1nimo de lucro. Este centro tiene ya experiencia con la pericia del tajo de Tapicer\u00eda de Empleo Social: en 2019 se hicieron sillas y sillones; en 2018 su personal cosi\u00f3 104 cortinas opacas para esa misma instituci\u00f3n y, con el nuevo tel\u00f3n, este a\u00f1o se completa el Sal\u00f3n de Actos, ya que en 2016 el tajo termin\u00f3 de retapizar sus 600 butacas. Las tareas de este a\u00f1o vienen a completar la \u201cremodelaci\u00f3n textil\u201d de todo el centro\u201d.<\/p>\n<p>Es un caso, adem\u00e1s de colaboraci\u00f3n institucional ya que en este caso Empleo Social municipal pone la mano de obra especializada y es el instituto, a trav\u00e9s del apoyo del Departamento de Educaci\u00f3n, el que se hace cargo del coste de los materiales y de la colocaci\u00f3n de las cortinas y el tel\u00f3n. El IES Plaza de la Cruz no es el \u00fanico centro de ense\u00f1anza en tener en cuenta este servicio, ya que en otros momentos centros como CP San Juan de la Cadena o CP Mendillorri han sido tambi\u00e9n destinatarios de sus trabajos. El a\u00f1o pasado el trabajo del tajo se centr\u00f3 en las escuelas de San Francisco y en la realizaci\u00f3n de colchonetas para las escuelas Infantiles p\u00fablicas de Pamplona.<br \/>\n<script async src=\"\/\/pagead2.googlesyndication.com\/pagead\/js\/adsbygoogle.js\"><\/script><br \/>\n<!-- Noticias La Guia de Pamplona --><br \/>\n<ins class=\"adsbygoogle\"\nstyle=\"display:block\"\ndata-ad-client=\"ca-pub-6943679897239327\"\ndata-ad-slot=\"7048180777\"\ndata-ad-format=\"auto\"><\/ins><br \/>\n<script>\n(adsbygoogle = window.adsbygoogle || []).push({});\n<\/script><\/p>\n<p><strong>Aprender un oficio desempe\u00f1\u00e1ndolo<\/strong><\/p>\n<p>Los tajos del Ayuntamiento de Pamplona forman parte de los programas de Empleo Social Protegido y combinan elementos laborales y formativos con estrategias de mejora de la vida cotidiana. As\u00ed, se pretende que las personas contratadas provenientes de los servicios sociales municipales, mejoren su empleabilidad obteniendo una formaci\u00f3n laboral suficiente para realizar trabajos con calidad en un tiempo razonable. El programa del Consistorio se cierra con un proceso de tutela orientado a objetivos individualizados, tanto en el \u00e1mbito laboral, como en el personal (acompa\u00f1amiento).<\/p>\n<p>Los operarios del tajo obtienen contratos de seis meses de duraci\u00f3n hasta completar el a\u00f1o, mientras se forman en el desempe\u00f1o de su oficio y ponen su aprendizaje el servicio de las necesidades de la ciudad. El \u00e1mbito textil, con los de Tapicer\u00eda, Corte y Confecci\u00f3n, es uno de los campos de experiencia profesional en este programa, ya que el Consistorio mantiene tajos (grupos de trabajo) en obras, soldadura, pintura, limpieza y consejer\u00eda, mantenimiento de r\u00edos y vivero, comedor municipal, encuadernaci\u00f3n y serigraf\u00eda y reparto de alimentos, en colaboraci\u00f3n con el Banco de Alimentos de Navarra (BAN).<\/p>\n<p>El programa realiza su actividad para las diferentes \u00e1reas municipales, otras administraciones p\u00fablicas y, de forma m\u00e1s puntual, para entidades\/asociaciones sin \u00e1nimo de lucro. Un ejemplo: las m\u00e1s de 5.000 mascarillas que cosieron en los primeros momentos de la pandemia para los servicios esenciales de personal municipal; un proceso que desde el tajo de Confecci\u00f3n hicieron p\u00fablico mediante un tutorial de v\u00eddeo para ayudar al conjunto de la ciudadan\u00eda a confeccionarlas en sus propios domicilios.<\/p>\n","protected":false},"excerpt":{"rendered":"<p>Las siete personas que aprenden y trabajan en los locales de Monasterio de Fitero tienen seis meses por delante para mejorar su empleabilidad<\/p>\n","protected":false},"author":1,"featured_media":40230,"comment_status":"open","ping_status":"closed","sticky":false,"template":"","format":"standard","meta":{"footnotes":""},"categories":[2],"tags":[],"class_list":["post-40229","post","type-post","status-publish","format-standard","has-post-thumbnail","hentry","category-ayuntamiento-pamplona"],"yoast_head":"<!-- This site is optimized with the Yoast SEO plugin v27.5 - https:\/\/yoast.com\/product\/yoast-seo-wordpress\/ -->\n<title>El tajo de Tapicer\u00eda del Ayuntamiento realiza una treintena de sillones para los apartamentos tutelados y completa, con otras 100 unidades, las cortinas del IES Plaza de la Cruz<\/title>\n<meta name=\"description\" content=\"Las siete personas que aprenden y trabajan en los locales de Monasterio de Fitero tienen seis meses por delante para mejorar su empleabilidad\" \/>\n<meta name=\"robots\" content=\"index, follow, max-snippet:-1, max-image-preview:large, max-video-preview:-1\" \/>\n<link rel=\"canonical\" href=\"https:\/\/www.laguiadepamplona.com\/actualidad\/el-tajo-de-tapiceria-del-ayuntamiento-realiza-una-treintena-de-sillones-para-los-apartamentos-tutelados-y-completa-con-otras-100-unidades-las-cortinas-del-ies-plaza-de-la-cruz\/\" \/>\n<meta property=\"og:locale\" content=\"es_ES\" \/>\n<meta property=\"og:type\" content=\"article\" \/>\n<meta property=\"og:title\" content=\"El tajo de Tapicer\u00eda del Ayuntamiento realiza una treintena de sillones para los apartamentos tutelados y completa, con otras 100 unidades, las cortinas del IES Plaza de la Cruz\" \/>\n<meta property=\"og:description\" content=\"Las siete personas que aprenden y trabajan en los locales de Monasterio de Fitero tienen seis meses por delante para mejorar su empleabilidad\" \/>\n<meta property=\"og:url\" content=\"https:\/\/www.laguiadepamplona.com\/actualidad\/el-tajo-de-tapiceria-del-ayuntamiento-realiza-una-treintena-de-sillones-para-los-apartamentos-tutelados-y-completa-con-otras-100-unidades-las-cortinas-del-ies-plaza-de-la-cruz\/\" \/>\n<meta property=\"og:site_name\" content=\"La Gu\u00eda de Pamplona\" \/>\n<meta property=\"article:publisher\" content=\"https:\/\/www.facebook.com\/laguiadepamplonacom-133175176762273\/?ref=hl\" \/>\n<meta property=\"article:published_time\" content=\"2022-05-05T10:47:33+00:00\" \/>\n<meta property=\"article:modified_time\" content=\"2023-04-11T09:48:14+00:00\" \/>\n<meta property=\"og:image\" content=\"https:\/\/www.laguiadepamplona.com\/actualidad\/wp-content\/uploads\/2022\/05\/tapiveriaycosturafiteroee5a7741_0.webp\" \/>\n\t<meta property=\"og:image:width\" content=\"1920\" \/>\n\t<meta property=\"og:image:height\" content=\"1280\" \/>\n\t<meta property=\"og:image:type\" content=\"image\/webp\" \/>\n<meta name=\"author\" content=\"La Gu\u00eda de Pamplona\" \/>\n<meta name=\"twitter:card\" content=\"summary_large_image\" \/>\n<meta name=\"twitter:creator\" content=\"@LaGuiadPamplona\" \/>\n<meta name=\"twitter:site\" content=\"@LaGuiadPamplona\" \/>\n<meta name=\"twitter:label1\" content=\"Escrito por\" \/>\n\t<meta name=\"twitter:data1\" content=\"La Gu\u00eda de Pamplona\" \/>\n\t<meta name=\"twitter:label2\" content=\"Tiempo de lectura\" \/>\n\t<meta name=\"twitter:data2\" content=\"5 minutos\" \/>\n<script type=\"application\/ld+json\" class=\"yoast-schema-graph\">{\"@context\":\"https:\\\/\\\/schema.org\",\"@graph\":[{\"@type\":\"Article\",\"@id\":\"https:\\\/\\\/www.laguiadepamplona.com\\\/actualidad\\\/el-tajo-de-tapiceria-del-ayuntamiento-realiza-una-treintena-de-sillones-para-los-apartamentos-tutelados-y-completa-con-otras-100-unidades-las-cortinas-del-ies-plaza-de-la-cruz\\\/#article\",\"isPartOf\":{\"@id\":\"https:\\\/\\\/www.laguiadepamplona.com\\\/actualidad\\\/el-tajo-de-tapiceria-del-ayuntamiento-realiza-una-treintena-de-sillones-para-los-apartamentos-tutelados-y-completa-con-otras-100-unidades-las-cortinas-del-ies-plaza-de-la-cruz\\\/\"},\"author\":{\"name\":\"La Gu\u00eda de Pamplona\",\"@id\":\"https:\\\/\\\/www.laguiadepamplona.com\\\/actualidad\\\/#\\\/schema\\\/person\\\/efe887376f0213d4657c93adc50b1fdb\"},\"headline\":\"El tajo de Tapicer\u00eda del Ayuntamiento realiza una treintena de sillones para los apartamentos tutelados y completa, con otras 100 unidades, las cortinas del IES Plaza de la Cruz\",\"datePublished\":\"2022-05-05T10:47:33+00:00\",\"dateModified\":\"2023-04-11T09:48:14+00:00\",\"mainEntityOfPage\":{\"@id\":\"https:\\\/\\\/www.laguiadepamplona.com\\\/actualidad\\\/el-tajo-de-tapiceria-del-ayuntamiento-realiza-una-treintena-de-sillones-para-los-apartamentos-tutelados-y-completa-con-otras-100-unidades-las-cortinas-del-ies-plaza-de-la-cruz\\\/\"},\"wordCount\":1100,\"commentCount\":0,\"publisher\":{\"@id\":\"https:\\\/\\\/www.laguiadepamplona.com\\\/actualidad\\\/#organization\"},\"image\":{\"@id\":\"https:\\\/\\\/www.laguiadepamplona.com\\\/actualidad\\\/el-tajo-de-tapiceria-del-ayuntamiento-realiza-una-treintena-de-sillones-para-los-apartamentos-tutelados-y-completa-con-otras-100-unidades-las-cortinas-del-ies-plaza-de-la-cruz\\\/#primaryimage\"},\"thumbnailUrl\":\"https:\\\/\\\/www.laguiadepamplona.com\\\/actualidad\\\/wp-content\\\/uploads\\\/2022\\\/05\\\/tapiveriaycosturafiteroee5a7741_0.webp\",\"articleSection\":[\"Ayto Pamplona\"],\"inLanguage\":\"es\",\"potentialAction\":[{\"@type\":\"CommentAction\",\"name\":\"Comment\",\"target\":[\"https:\\\/\\\/www.laguiadepamplona.com\\\/actualidad\\\/el-tajo-de-tapiceria-del-ayuntamiento-realiza-una-treintena-de-sillones-para-los-apartamentos-tutelados-y-completa-con-otras-100-unidades-las-cortinas-del-ies-plaza-de-la-cruz\\\/#respond\"]}]},{\"@type\":\"WebPage\",\"@id\":\"https:\\\/\\\/www.laguiadepamplona.com\\\/actualidad\\\/el-tajo-de-tapiceria-del-ayuntamiento-realiza-una-treintena-de-sillones-para-los-apartamentos-tutelados-y-completa-con-otras-100-unidades-las-cortinas-del-ies-plaza-de-la-cruz\\\/\",\"url\":\"https:\\\/\\\/www.laguiadepamplona.com\\\/actualidad\\\/el-tajo-de-tapiceria-del-ayuntamiento-realiza-una-treintena-de-sillones-para-los-apartamentos-tutelados-y-completa-con-otras-100-unidades-las-cortinas-del-ies-plaza-de-la-cruz\\\/\",\"name\":\"El tajo de Tapicer\u00eda del Ayuntamiento realiza una treintena de sillones para los apartamentos tutelados y completa, con otras 100 unidades, las cortinas del IES Plaza de la Cruz\",\"isPartOf\":{\"@id\":\"https:\\\/\\\/www.laguiadepamplona.com\\\/actualidad\\\/#website\"},\"primaryImageOfPage\":{\"@id\":\"https:\\\/\\\/www.laguiadepamplona.com\\\/actualidad\\\/el-tajo-de-tapiceria-del-ayuntamiento-realiza-una-treintena-de-sillones-para-los-apartamentos-tutelados-y-completa-con-otras-100-unidades-las-cortinas-del-ies-plaza-de-la-cruz\\\/#primaryimage\"},\"image\":{\"@id\":\"https:\\\/\\\/www.laguiadepamplona.com\\\/actualidad\\\/el-tajo-de-tapiceria-del-ayuntamiento-realiza-una-treintena-de-sillones-para-los-apartamentos-tutelados-y-completa-con-otras-100-unidades-las-cortinas-del-ies-plaza-de-la-cruz\\\/#primaryimage\"},\"thumbnailUrl\":\"https:\\\/\\\/www.laguiadepamplona.com\\\/actualidad\\\/wp-content\\\/uploads\\\/2022\\\/05\\\/tapiveriaycosturafiteroee5a7741_0.webp\",\"datePublished\":\"2022-05-05T10:47:33+00:00\",\"dateModified\":\"2023-04-11T09:48:14+00:00\",\"description\":\"Las siete personas que aprenden y trabajan en los locales de Monasterio de Fitero tienen seis meses por delante para mejorar su empleabilidad\",\"breadcrumb\":{\"@id\":\"https:\\\/\\\/www.laguiadepamplona.com\\\/actualidad\\\/el-tajo-de-tapiceria-del-ayuntamiento-realiza-una-treintena-de-sillones-para-los-apartamentos-tutelados-y-completa-con-otras-100-unidades-las-cortinas-del-ies-plaza-de-la-cruz\\\/#breadcrumb\"},\"inLanguage\":\"es\",\"potentialAction\":[{\"@type\":\"ReadAction\",\"target\":[\"https:\\\/\\\/www.laguiadepamplona.com\\\/actualidad\\\/el-tajo-de-tapiceria-del-ayuntamiento-realiza-una-treintena-de-sillones-para-los-apartamentos-tutelados-y-completa-con-otras-100-unidades-las-cortinas-del-ies-plaza-de-la-cruz\\\/\"]}]},{\"@type\":\"ImageObject\",\"inLanguage\":\"es\",\"@id\":\"https:\\\/\\\/www.laguiadepamplona.com\\\/actualidad\\\/el-tajo-de-tapiceria-del-ayuntamiento-realiza-una-treintena-de-sillones-para-los-apartamentos-tutelados-y-completa-con-otras-100-unidades-las-cortinas-del-ies-plaza-de-la-cruz\\\/#primaryimage\",\"url\":\"https:\\\/\\\/www.laguiadepamplona.com\\\/actualidad\\\/wp-content\\\/uploads\\\/2022\\\/05\\\/tapiveriaycosturafiteroee5a7741_0.webp\",\"contentUrl\":\"https:\\\/\\\/www.laguiadepamplona.com\\\/actualidad\\\/wp-content\\\/uploads\\\/2022\\\/05\\\/tapiveriaycosturafiteroee5a7741_0.webp\",\"width\":1920,\"height\":1280},{\"@type\":\"BreadcrumbList\",\"@id\":\"https:\\\/\\\/www.laguiadepamplona.com\\\/actualidad\\\/el-tajo-de-tapiceria-del-ayuntamiento-realiza-una-treintena-de-sillones-para-los-apartamentos-tutelados-y-completa-con-otras-100-unidades-las-cortinas-del-ies-plaza-de-la-cruz\\\/#breadcrumb\",\"itemListElement\":[{\"@type\":\"ListItem\",\"position\":1,\"name\":\"Portada\",\"item\":\"https:\\\/\\\/www.laguiadepamplona.com\\\/actualidad\\\/\"},{\"@type\":\"ListItem\",\"position\":2,\"name\":\"El tajo de Tapicer\u00eda del Ayuntamiento realiza una treintena de sillones para los apartamentos tutelados y completa, con otras 100 unidades, las cortinas del IES Plaza de la Cruz\"}]},{\"@type\":\"WebSite\",\"@id\":\"https:\\\/\\\/www.laguiadepamplona.com\\\/actualidad\\\/#website\",\"url\":\"https:\\\/\\\/www.laguiadepamplona.com\\\/actualidad\\\/\",\"name\":\"La gu\u00eda de Pamplona\",\"description\":\"Noticias de Pamplona\",\"publisher\":{\"@id\":\"https:\\\/\\\/www.laguiadepamplona.com\\\/actualidad\\\/#organization\"},\"potentialAction\":[{\"@type\":\"SearchAction\",\"target\":{\"@type\":\"EntryPoint\",\"urlTemplate\":\"https:\\\/\\\/www.laguiadepamplona.com\\\/actualidad\\\/?s={search_term_string}\"},\"query-input\":{\"@type\":\"PropertyValueSpecification\",\"valueRequired\":true,\"valueName\":\"search_term_string\"}}],\"inLanguage\":\"es\"},{\"@type\":\"Organization\",\"@id\":\"https:\\\/\\\/www.laguiadepamplona.com\\\/actualidad\\\/#organization\",\"name\":\"La Gu\u00eda de Pamplona \\\/ Noticias\",\"url\":\"https:\\\/\\\/www.laguiadepamplona.com\\\/actualidad\\\/\",\"logo\":{\"@type\":\"ImageObject\",\"inLanguage\":\"es\",\"@id\":\"https:\\\/\\\/www.laguiadepamplona.com\\\/actualidad\\\/#\\\/schema\\\/logo\\\/image\\\/\",\"url\":\"https:\\\/\\\/www.laguiadepamplona.com\\\/actualidad\\\/wp-content\\\/uploads\\\/2018\\\/11\\\/logo-laguiadepamplona18-web1.png\",\"contentUrl\":\"https:\\\/\\\/www.laguiadepamplona.com\\\/actualidad\\\/wp-content\\\/uploads\\\/2018\\\/11\\\/logo-laguiadepamplona18-web1.png\",\"width\":600,\"height\":196,\"caption\":\"La Gu\u00eda de Pamplona \\\/ Noticias\"},\"image\":{\"@id\":\"https:\\\/\\\/www.laguiadepamplona.com\\\/actualidad\\\/#\\\/schema\\\/logo\\\/image\\\/\"},\"sameAs\":[\"https:\\\/\\\/www.facebook.com\\\/laguiadepamplonacom-133175176762273\\\/?ref=hl\",\"https:\\\/\\\/x.com\\\/LaGuiadPamplona\",\"https:\\\/\\\/www.instagram.com\\\/la_guia_de_pamplona\\\/\",\"https:\\\/\\\/www.youtube.com\\\/user\\\/laguiadepamplona\"]},{\"@type\":\"Person\",\"@id\":\"https:\\\/\\\/www.laguiadepamplona.com\\\/actualidad\\\/#\\\/schema\\\/person\\\/efe887376f0213d4657c93adc50b1fdb\",\"name\":\"La Gu\u00eda de Pamplona\",\"image\":{\"@type\":\"ImageObject\",\"inLanguage\":\"es\",\"@id\":\"https:\\\/\\\/secure.gravatar.com\\\/avatar\\\/b6992f131dc8d30ab0dff15446e9d346d9dbd95992de0fef795073f5ea83a81c?s=96&d=mm&r=g\",\"url\":\"https:\\\/\\\/secure.gravatar.com\\\/avatar\\\/b6992f131dc8d30ab0dff15446e9d346d9dbd95992de0fef795073f5ea83a81c?s=96&d=mm&r=g\",\"contentUrl\":\"https:\\\/\\\/secure.gravatar.com\\\/avatar\\\/b6992f131dc8d30ab0dff15446e9d346d9dbd95992de0fef795073f5ea83a81c?s=96&d=mm&r=g\",\"caption\":\"La Gu\u00eda de Pamplona\"}}]}<\/script>\n<!-- \/ Yoast SEO plugin. -->","yoast_head_json":{"title":"El tajo de Tapicer\u00eda del Ayuntamiento realiza una treintena de sillones para los apartamentos tutelados y completa, con otras 100 unidades, las cortinas del IES Plaza de la Cruz","description":"Las siete personas que aprenden y trabajan en los locales de Monasterio de Fitero tienen seis meses por delante para mejorar su empleabilidad","robots":{"index":"index","follow":"follow","max-snippet":"max-snippet:-1","max-image-preview":"max-image-preview:large","max-video-preview":"max-video-preview:-1"},"canonical":"https:\/\/www.laguiadepamplona.com\/actualidad\/el-tajo-de-tapiceria-del-ayuntamiento-realiza-una-treintena-de-sillones-para-los-apartamentos-tutelados-y-completa-con-otras-100-unidades-las-cortinas-del-ies-plaza-de-la-cruz\/","og_locale":"es_ES","og_type":"article","og_title":"El tajo de Tapicer\u00eda del Ayuntamiento realiza una treintena de sillones para los apartamentos tutelados y completa, con otras 100 unidades, las cortinas del IES Plaza de la Cruz","og_description":"Las siete personas que aprenden y trabajan en los locales de Monasterio de Fitero tienen seis meses por delante para mejorar su empleabilidad","og_url":"https:\/\/www.laguiadepamplona.com\/actualidad\/el-tajo-de-tapiceria-del-ayuntamiento-realiza-una-treintena-de-sillones-para-los-apartamentos-tutelados-y-completa-con-otras-100-unidades-las-cortinas-del-ies-plaza-de-la-cruz\/","og_site_name":"La Gu\u00eda de Pamplona","article_publisher":"https:\/\/www.facebook.com\/laguiadepamplonacom-133175176762273\/?ref=hl","article_published_time":"2022-05-05T10:47:33+00:00","article_modified_time":"2023-04-11T09:48:14+00:00","og_image":[{"width":1920,"height":1280,"url":"https:\/\/www.laguiadepamplona.com\/actualidad\/wp-content\/uploads\/2022\/05\/tapiveriaycosturafiteroee5a7741_0.webp","type":"image\/webp"}],"author":"La Gu\u00eda de Pamplona","twitter_card":"summary_large_image","twitter_creator":"@LaGuiadPamplona","twitter_site":"@LaGuiadPamplona","twitter_misc":{"Escrito por":"La Gu\u00eda de Pamplona","Tiempo de lectura":"5 minutos"},"schema":{"@context":"https:\/\/schema.org","@graph":[{"@type":"Article","@id":"https:\/\/www.laguiadepamplona.com\/actualidad\/el-tajo-de-tapiceria-del-ayuntamiento-realiza-una-treintena-de-sillones-para-los-apartamentos-tutelados-y-completa-con-otras-100-unidades-las-cortinas-del-ies-plaza-de-la-cruz\/#article","isPartOf":{"@id":"https:\/\/www.laguiadepamplona.com\/actualidad\/el-tajo-de-tapiceria-del-ayuntamiento-realiza-una-treintena-de-sillones-para-los-apartamentos-tutelados-y-completa-con-otras-100-unidades-las-cortinas-del-ies-plaza-de-la-cruz\/"},"author":{"name":"La Gu\u00eda de Pamplona","@id":"https:\/\/www.laguiadepamplona.com\/actualidad\/#\/schema\/person\/efe887376f0213d4657c93adc50b1fdb"},"headline":"El tajo de Tapicer\u00eda del Ayuntamiento realiza una treintena de sillones para los apartamentos tutelados y completa, con otras 100 unidades, las cortinas del IES Plaza de la Cruz","datePublished":"2022-05-05T10:47:33+00:00","dateModified":"2023-04-11T09:48:14+00:00","mainEntityOfPage":{"@id":"https:\/\/www.laguiadepamplona.com\/actualidad\/el-tajo-de-tapiceria-del-ayuntamiento-realiza-una-treintena-de-sillones-para-los-apartamentos-tutelados-y-completa-con-otras-100-unidades-las-cortinas-del-ies-plaza-de-la-cruz\/"},"wordCount":1100,"commentCount":0,"publisher":{"@id":"https:\/\/www.laguiadepamplona.com\/actualidad\/#organization"},"image":{"@id":"https:\/\/www.laguiadepamplona.com\/actualidad\/el-tajo-de-tapiceria-del-ayuntamiento-realiza-una-treintena-de-sillones-para-los-apartamentos-tutelados-y-completa-con-otras-100-unidades-las-cortinas-del-ies-plaza-de-la-cruz\/#primaryimage"},"thumbnailUrl":"https:\/\/www.laguiadepamplona.com\/actualidad\/wp-content\/uploads\/2022\/05\/tapiveriaycosturafiteroee5a7741_0.webp","articleSection":["Ayto Pamplona"],"inLanguage":"es","potentialAction":[{"@type":"CommentAction","name":"Comment","target":["https:\/\/www.laguiadepamplona.com\/actualidad\/el-tajo-de-tapiceria-del-ayuntamiento-realiza-una-treintena-de-sillones-para-los-apartamentos-tutelados-y-completa-con-otras-100-unidades-las-cortinas-del-ies-plaza-de-la-cruz\/#respond"]}]},{"@type":"WebPage","@id":"https:\/\/www.laguiadepamplona.com\/actualidad\/el-tajo-de-tapiceria-del-ayuntamiento-realiza-una-treintena-de-sillones-para-los-apartamentos-tutelados-y-completa-con-otras-100-unidades-las-cortinas-del-ies-plaza-de-la-cruz\/","url":"https:\/\/www.laguiadepamplona.com\/actualidad\/el-tajo-de-tapiceria-del-ayuntamiento-realiza-una-treintena-de-sillones-para-los-apartamentos-tutelados-y-completa-con-otras-100-unidades-las-cortinas-del-ies-plaza-de-la-cruz\/","name":"El tajo de Tapicer\u00eda del Ayuntamiento realiza una treintena de sillones para los apartamentos tutelados y completa, con otras 100 unidades, las cortinas del IES Plaza de la Cruz","isPartOf":{"@id":"https:\/\/www.laguiadepamplona.com\/actualidad\/#website"},"primaryImageOfPage":{"@id":"https:\/\/www.laguiadepamplona.com\/actualidad\/el-tajo-de-tapiceria-del-ayuntamiento-realiza-una-treintena-de-sillones-para-los-apartamentos-tutelados-y-completa-con-otras-100-unidades-las-cortinas-del-ies-plaza-de-la-cruz\/#primaryimage"},"image":{"@id":"https:\/\/www.laguiadepamplona.com\/actualidad\/el-tajo-de-tapiceria-del-ayuntamiento-realiza-una-treintena-de-sillones-para-los-apartamentos-tutelados-y-completa-con-otras-100-unidades-las-cortinas-del-ies-plaza-de-la-cruz\/#primaryimage"},"thumbnailUrl":"https:\/\/www.laguiadepamplona.com\/actualidad\/wp-content\/uploads\/2022\/05\/tapiveriaycosturafiteroee5a7741_0.webp","datePublished":"2022-05-05T10:47:33+00:00","dateModified":"2023-04-11T09:48:14+00:00","description":"Las siete personas que aprenden y trabajan en los locales de Monasterio de Fitero tienen seis meses por delante para mejorar su empleabilidad","breadcrumb":{"@id":"https:\/\/www.laguiadepamplona.com\/actualidad\/el-tajo-de-tapiceria-del-ayuntamiento-realiza-una-treintena-de-sillones-para-los-apartamentos-tutelados-y-completa-con-otras-100-unidades-las-cortinas-del-ies-plaza-de-la-cruz\/#breadcrumb"},"inLanguage":"es","potentialAction":[{"@type":"ReadAction","target":["https:\/\/www.laguiadepamplona.com\/actualidad\/el-tajo-de-tapiceria-del-ayuntamiento-realiza-una-treintena-de-sillones-para-los-apartamentos-tutelados-y-completa-con-otras-100-unidades-las-cortinas-del-ies-plaza-de-la-cruz\/"]}]},{"@type":"ImageObject","inLanguage":"es","@id":"https:\/\/www.laguiadepamplona.com\/actualidad\/el-tajo-de-tapiceria-del-ayuntamiento-realiza-una-treintena-de-sillones-para-los-apartamentos-tutelados-y-completa-con-otras-100-unidades-las-cortinas-del-ies-plaza-de-la-cruz\/#primaryimage","url":"https:\/\/www.laguiadepamplona.com\/actualidad\/wp-content\/uploads\/2022\/05\/tapiveriaycosturafiteroee5a7741_0.webp","contentUrl":"https:\/\/www.laguiadepamplona.com\/actualidad\/wp-content\/uploads\/2022\/05\/tapiveriaycosturafiteroee5a7741_0.webp","width":1920,"height":1280},{"@type":"BreadcrumbList","@id":"https:\/\/www.laguiadepamplona.com\/actualidad\/el-tajo-de-tapiceria-del-ayuntamiento-realiza-una-treintena-de-sillones-para-los-apartamentos-tutelados-y-completa-con-otras-100-unidades-las-cortinas-del-ies-plaza-de-la-cruz\/#breadcrumb","itemListElement":[{"@type":"ListItem","position":1,"name":"Portada","item":"https:\/\/www.laguiadepamplona.com\/actualidad\/"},{"@type":"ListItem","position":2,"name":"El tajo de Tapicer\u00eda del Ayuntamiento realiza una treintena de sillones para los apartamentos tutelados y completa, con otras 100 unidades, las cortinas del IES Plaza de la Cruz"}]},{"@type":"WebSite","@id":"https:\/\/www.laguiadepamplona.com\/actualidad\/#website","url":"https:\/\/www.laguiadepamplona.com\/actualidad\/","name":"La gu\u00eda de Pamplona","description":"Noticias de Pamplona","publisher":{"@id":"https:\/\/www.laguiadepamplona.com\/actualidad\/#organization"},"potentialAction":[{"@type":"SearchAction","target":{"@type":"EntryPoint","urlTemplate":"https:\/\/www.laguiadepamplona.com\/actualidad\/?s={search_term_string}"},"query-input":{"@type":"PropertyValueSpecification","valueRequired":true,"valueName":"search_term_string"}}],"inLanguage":"es"},{"@type":"Organization","@id":"https:\/\/www.laguiadepamplona.com\/actualidad\/#organization","name":"La Gu\u00eda de Pamplona \/ Noticias","url":"https:\/\/www.laguiadepamplona.com\/actualidad\/","logo":{"@type":"ImageObject","inLanguage":"es","@id":"https:\/\/www.laguiadepamplona.com\/actualidad\/#\/schema\/logo\/image\/","url":"https:\/\/www.laguiadepamplona.com\/actualidad\/wp-content\/uploads\/2018\/11\/logo-laguiadepamplona18-web1.png","contentUrl":"https:\/\/www.laguiadepamplona.com\/actualidad\/wp-content\/uploads\/2018\/11\/logo-laguiadepamplona18-web1.png","width":600,"height":196,"caption":"La Gu\u00eda de Pamplona \/ Noticias"},"image":{"@id":"https:\/\/www.laguiadepamplona.com\/actualidad\/#\/schema\/logo\/image\/"},"sameAs":["https:\/\/www.facebook.com\/laguiadepamplonacom-133175176762273\/?ref=hl","https:\/\/x.com\/LaGuiadPamplona","https:\/\/www.instagram.com\/la_guia_de_pamplona\/","https:\/\/www.youtube.com\/user\/laguiadepamplona"]},{"@type":"Person","@id":"https:\/\/www.laguiadepamplona.com\/actualidad\/#\/schema\/person\/efe887376f0213d4657c93adc50b1fdb","name":"La Gu\u00eda de Pamplona","image":{"@type":"ImageObject","inLanguage":"es","@id":"https:\/\/secure.gravatar.com\/avatar\/b6992f131dc8d30ab0dff15446e9d346d9dbd95992de0fef795073f5ea83a81c?s=96&d=mm&r=g","url":"https:\/\/secure.gravatar.com\/avatar\/b6992f131dc8d30ab0dff15446e9d346d9dbd95992de0fef795073f5ea83a81c?s=96&d=mm&r=g","contentUrl":"https:\/\/secure.gravatar.com\/avatar\/b6992f131dc8d30ab0dff15446e9d346d9dbd95992de0fef795073f5ea83a81c?s=96&d=mm&r=g","caption":"La Gu\u00eda de Pamplona"}}]}},"post_mailing_queue_ids":[],"_links":{"self":[{"href":"https:\/\/www.laguiadepamplona.com\/actualidad\/wp-json\/wp\/v2\/posts\/40229","targetHints":{"allow":["GET"]}}],"collection":[{"href":"https:\/\/www.laguiadepamplona.com\/actualidad\/wp-json\/wp\/v2\/posts"}],"about":[{"href":"https:\/\/www.laguiadepamplona.com\/actualidad\/wp-json\/wp\/v2\/types\/post"}],"author":[{"embeddable":true,"href":"https:\/\/www.laguiadepamplona.com\/actualidad\/wp-json\/wp\/v2\/users\/1"}],"replies":[{"embeddable":true,"href":"https:\/\/www.laguiadepamplona.com\/actualidad\/wp-json\/wp\/v2\/comments?post=40229"}],"version-history":[{"count":0,"href":"https:\/\/www.laguiadepamplona.com\/actualidad\/wp-json\/wp\/v2\/posts\/40229\/revisions"}],"wp:featuredmedia":[{"embeddable":true,"href":"https:\/\/www.laguiadepamplona.com\/actualidad\/wp-json\/wp\/v2\/media\/40230"}],"wp:attachment":[{"href":"https:\/\/www.laguiadepamplona.com\/actualidad\/wp-json\/wp\/v2\/media?parent=40229"}],"wp:term":[{"taxonomy":"category","embeddable":true,"href":"https:\/\/www.laguiadepamplona.com\/actualidad\/wp-json\/wp\/v2\/categories?post=40229"},{"taxonomy":"post_tag","embeddable":true,"href":"https:\/\/www.laguiadepamplona.com\/actualidad\/wp-json\/wp\/v2\/tags?post=40229"}],"curies":[{"name":"wp","href":"https:\/\/api.w.org\/{rel}","templated":true}]}}