{"id":40199,"date":"2022-05-05T11:35:09","date_gmt":"2022-05-05T09:35:09","guid":{"rendered":"https:\/\/www.laguiadepamplona.com\/actualidad\/?p=40199"},"modified":"2023-04-11T11:48:14","modified_gmt":"2023-04-11T09:48:14","slug":"la-fachada-del-ayuntamiento-de-pamplona-se-iluminara-este-viernes-de-color-amarillo-por-el-dia-mundial-de-la-osteogenesis-imperfecta","status":"publish","type":"post","link":"https:\/\/www.laguiadepamplona.com\/actualidad\/la-fachada-del-ayuntamiento-de-pamplona-se-iluminara-este-viernes-de-color-amarillo-por-el-dia-mundial-de-la-osteogenesis-imperfecta\/","title":{"rendered":"La fachada del Ayuntamiento de Pamplona se iluminar\u00e1 este viernes de color amarillo por el D\u00eda Mundial de la Osteog\u00e9nesis Imperfecta"},"content":{"rendered":"<p><!--more--><\/p>\n<p>Pamplona se suma este viernes a una nueva causa solidaria e iluminar\u00e1 la fachada de la Casa Consistorial de color amarillo para adherirse a la celebraci\u00f3n del D\u00eda Mundial de la Osteog\u00e9nesis Imperfecta, tambi\u00e9n conocida como \u2018huesos de cristal\u2019. La solicitud ha llegado desde la Asociaci\u00f3n Madrile\u00f1a de Osteog\u00e9nesis Imperfecta, AMOI, y en nombre de AHUCE y Fundaci\u00f3n AHUCE.<br \/>\n<script async src=\"\/\/pagead2.googlesyndication.com\/pagead\/js\/adsbygoogle.js\"><\/script><br \/>\n<!-- Noticias La Guia de Pamplona --><br \/>\n<ins class=\"adsbygoogle\"\nstyle=\"display:block\"\ndata-ad-client=\"ca-pub-6943679897239327\"\ndata-ad-slot=\"7048180777\"\ndata-ad-format=\"auto\"><\/ins><br \/>\n<script>\n(adsbygoogle = window.adsbygoogle || []).push({});\n<\/script><\/p>\n<p>La osteog\u00e9nesis imperfecta es una enfermedad cong\u00e9nita que se caracteriza por una formaci\u00f3n inadecuada del tejido \u00f3seo producida por la mutaci\u00f3n de un gen encargado de producir una prote\u00edna esencial (col\u00e1geno tipo I), que es la que da rigidez a los huesos. Los huesos de los afectados son muy fr\u00e1giles y se fracturan con m\u00e1s facilidad. Existen otras manifestaciones y consecuencia, como la baja estatura de quienes la padecen, problemas respiratorios, musculatura d\u00e9bil, p\u00e9rdida de audici\u00f3n, problemas de visi\u00f3n, escoliosis y dolor cr\u00f3nico.<\/p>\n<p>Se considera una patolog\u00eda poco frecuente, una enfermedad rara, debido a que su prevalencia se estima entre 1 de cada 15.000 y 1 de cada 20.000 nacidos. Se calcula que en Espa\u00f1a existen alrededor de 2.700 personas afectadas.<\/p>\n","protected":false},"excerpt":{"rendered":"","protected":false},"author":1,"featured_media":34649,"comment_status":"open","ping_status":"closed","sticky":false,"template":"","format":"standard","meta":{"footnotes":""},"categories":[2],"tags":[],"class_list":["post-40199","post","type-post","status-publish","format-standard","has-post-thumbnail","hentry","category-ayuntamiento-pamplona"],"yoast_head":"<!-- This site is optimized with the Yoast SEO plugin v27.3 - https:\/\/yoast.com\/product\/yoast-seo-wordpress\/ -->\n<title>La fachada del Ayuntamiento de Pamplona se iluminar\u00e1 este viernes de color amarillo por el D\u00eda Mundial de la Osteog\u00e9nesis Imperfecta<\/title>\n<meta name=\"description\" content=\"La solicitud ha llegado desde la Asociaci\u00f3n Madrile\u00f1a de Osteog\u00e9nesis Imperfecta, AMOI, y en nombre de AHUCE y Fundaci\u00f3n AHUCE.\" \/>\n<meta name=\"robots\" content=\"index, follow, max-snippet:-1, max-image-preview:large, max-video-preview:-1\" \/>\n<link rel=\"canonical\" href=\"https:\/\/www.laguiadepamplona.com\/actualidad\/la-fachada-del-ayuntamiento-de-pamplona-se-iluminara-este-viernes-de-color-amarillo-por-el-dia-mundial-de-la-osteogenesis-imperfecta\/\" \/>\n<meta property=\"og:locale\" content=\"es_ES\" \/>\n<meta property=\"og:type\" content=\"article\" \/>\n<meta property=\"og:title\" content=\"La fachada del Ayuntamiento de Pamplona se iluminar\u00e1 este viernes de color amarillo por el D\u00eda Mundial de la Osteog\u00e9nesis Imperfecta\" \/>\n<meta property=\"og:description\" content=\"La solicitud ha llegado desde la Asociaci\u00f3n Madrile\u00f1a de Osteog\u00e9nesis Imperfecta, AMOI, y en nombre de AHUCE y Fundaci\u00f3n AHUCE.\" \/>\n<meta property=\"og:url\" content=\"https:\/\/www.laguiadepamplona.com\/actualidad\/la-fachada-del-ayuntamiento-de-pamplona-se-iluminara-este-viernes-de-color-amarillo-por-el-dia-mundial-de-la-osteogenesis-imperfecta\/\" \/>\n<meta property=\"og:site_name\" content=\"La Gu\u00eda de Pamplona\" \/>\n<meta property=\"article:publisher\" content=\"https:\/\/www.facebook.com\/laguiadepamplonacom-133175176762273\/?ref=hl\" \/>\n<meta property=\"article:published_time\" content=\"2022-05-05T09:35:09+00:00\" \/>\n<meta property=\"article:modified_time\" content=\"2023-04-11T09:48:14+00:00\" \/>\n<meta property=\"og:image\" content=\"https:\/\/www.laguiadepamplona.com\/actualidad\/wp-content\/uploads\/2021\/05\/Ayuntamiento_iluminacion_amarillo_nocturna.jpg\" \/>\n\t<meta property=\"og:image:width\" content=\"1529\" \/>\n\t<meta property=\"og:image:height\" content=\"1019\" \/>\n\t<meta property=\"og:image:type\" content=\"image\/jpeg\" \/>\n<meta name=\"author\" content=\"La Gu\u00eda de Pamplona\" \/>\n<meta name=\"twitter:card\" content=\"summary_large_image\" \/>\n<meta name=\"twitter:creator\" content=\"@LaGuiadPamplona\" \/>\n<meta name=\"twitter:site\" content=\"@LaGuiadPamplona\" \/>\n<meta name=\"twitter:label1\" content=\"Escrito por\" \/>\n\t<meta name=\"twitter:data1\" content=\"La Gu\u00eda de Pamplona\" \/>\n\t<meta name=\"twitter:label2\" content=\"Tiempo de lectura\" \/>\n\t<meta name=\"twitter:data2\" content=\"1 minuto\" \/>\n<script type=\"application\/ld+json\" class=\"yoast-schema-graph\">{\"@context\":\"https:\\\/\\\/schema.org\",\"@graph\":[{\"@type\":\"Article\",\"@id\":\"https:\\\/\\\/www.laguiadepamplona.com\\\/actualidad\\\/la-fachada-del-ayuntamiento-de-pamplona-se-iluminara-este-viernes-de-color-amarillo-por-el-dia-mundial-de-la-osteogenesis-imperfecta\\\/#article\",\"isPartOf\":{\"@id\":\"https:\\\/\\\/www.laguiadepamplona.com\\\/actualidad\\\/la-fachada-del-ayuntamiento-de-pamplona-se-iluminara-este-viernes-de-color-amarillo-por-el-dia-mundial-de-la-osteogenesis-imperfecta\\\/\"},\"author\":{\"name\":\"La Gu\u00eda de Pamplona\",\"@id\":\"https:\\\/\\\/www.laguiadepamplona.com\\\/actualidad\\\/#\\\/schema\\\/person\\\/efe887376f0213d4657c93adc50b1fdb\"},\"headline\":\"La fachada del Ayuntamiento de Pamplona se iluminar\u00e1 este viernes de color amarillo por el D\u00eda Mundial de la Osteog\u00e9nesis Imperfecta\",\"datePublished\":\"2022-05-05T09:35:09+00:00\",\"dateModified\":\"2023-04-11T09:48:14+00:00\",\"mainEntityOfPage\":{\"@id\":\"https:\\\/\\\/www.laguiadepamplona.com\\\/actualidad\\\/la-fachada-del-ayuntamiento-de-pamplona-se-iluminara-este-viernes-de-color-amarillo-por-el-dia-mundial-de-la-osteogenesis-imperfecta\\\/\"},\"wordCount\":221,\"commentCount\":0,\"publisher\":{\"@id\":\"https:\\\/\\\/www.laguiadepamplona.com\\\/actualidad\\\/#organization\"},\"image\":{\"@id\":\"https:\\\/\\\/www.laguiadepamplona.com\\\/actualidad\\\/la-fachada-del-ayuntamiento-de-pamplona-se-iluminara-este-viernes-de-color-amarillo-por-el-dia-mundial-de-la-osteogenesis-imperfecta\\\/#primaryimage\"},\"thumbnailUrl\":\"https:\\\/\\\/www.laguiadepamplona.com\\\/actualidad\\\/wp-content\\\/uploads\\\/2021\\\/05\\\/Ayuntamiento_iluminacion_amarillo_nocturna.jpg\",\"articleSection\":[\"Ayto Pamplona\"],\"inLanguage\":\"es\",\"potentialAction\":[{\"@type\":\"CommentAction\",\"name\":\"Comment\",\"target\":[\"https:\\\/\\\/www.laguiadepamplona.com\\\/actualidad\\\/la-fachada-del-ayuntamiento-de-pamplona-se-iluminara-este-viernes-de-color-amarillo-por-el-dia-mundial-de-la-osteogenesis-imperfecta\\\/#respond\"]}]},{\"@type\":\"WebPage\",\"@id\":\"https:\\\/\\\/www.laguiadepamplona.com\\\/actualidad\\\/la-fachada-del-ayuntamiento-de-pamplona-se-iluminara-este-viernes-de-color-amarillo-por-el-dia-mundial-de-la-osteogenesis-imperfecta\\\/\",\"url\":\"https:\\\/\\\/www.laguiadepamplona.com\\\/actualidad\\\/la-fachada-del-ayuntamiento-de-pamplona-se-iluminara-este-viernes-de-color-amarillo-por-el-dia-mundial-de-la-osteogenesis-imperfecta\\\/\",\"name\":\"La fachada del Ayuntamiento de Pamplona se iluminar\u00e1 este viernes de color amarillo por el D\u00eda Mundial de la Osteog\u00e9nesis Imperfecta\",\"isPartOf\":{\"@id\":\"https:\\\/\\\/www.laguiadepamplona.com\\\/actualidad\\\/#website\"},\"primaryImageOfPage\":{\"@id\":\"https:\\\/\\\/www.laguiadepamplona.com\\\/actualidad\\\/la-fachada-del-ayuntamiento-de-pamplona-se-iluminara-este-viernes-de-color-amarillo-por-el-dia-mundial-de-la-osteogenesis-imperfecta\\\/#primaryimage\"},\"image\":{\"@id\":\"https:\\\/\\\/www.laguiadepamplona.com\\\/actualidad\\\/la-fachada-del-ayuntamiento-de-pamplona-se-iluminara-este-viernes-de-color-amarillo-por-el-dia-mundial-de-la-osteogenesis-imperfecta\\\/#primaryimage\"},\"thumbnailUrl\":\"https:\\\/\\\/www.laguiadepamplona.com\\\/actualidad\\\/wp-content\\\/uploads\\\/2021\\\/05\\\/Ayuntamiento_iluminacion_amarillo_nocturna.jpg\",\"datePublished\":\"2022-05-05T09:35:09+00:00\",\"dateModified\":\"2023-04-11T09:48:14+00:00\",\"description\":\"La solicitud ha llegado desde la Asociaci\u00f3n Madrile\u00f1a de Osteog\u00e9nesis Imperfecta, AMOI, y en nombre de AHUCE y Fundaci\u00f3n AHUCE.\",\"breadcrumb\":{\"@id\":\"https:\\\/\\\/www.laguiadepamplona.com\\\/actualidad\\\/la-fachada-del-ayuntamiento-de-pamplona-se-iluminara-este-viernes-de-color-amarillo-por-el-dia-mundial-de-la-osteogenesis-imperfecta\\\/#breadcrumb\"},\"inLanguage\":\"es\",\"potentialAction\":[{\"@type\":\"ReadAction\",\"target\":[\"https:\\\/\\\/www.laguiadepamplona.com\\\/actualidad\\\/la-fachada-del-ayuntamiento-de-pamplona-se-iluminara-este-viernes-de-color-amarillo-por-el-dia-mundial-de-la-osteogenesis-imperfecta\\\/\"]}]},{\"@type\":\"ImageObject\",\"inLanguage\":\"es\",\"@id\":\"https:\\\/\\\/www.laguiadepamplona.com\\\/actualidad\\\/la-fachada-del-ayuntamiento-de-pamplona-se-iluminara-este-viernes-de-color-amarillo-por-el-dia-mundial-de-la-osteogenesis-imperfecta\\\/#primaryimage\",\"url\":\"https:\\\/\\\/www.laguiadepamplona.com\\\/actualidad\\\/wp-content\\\/uploads\\\/2021\\\/05\\\/Ayuntamiento_iluminacion_amarillo_nocturna.jpg\",\"contentUrl\":\"https:\\\/\\\/www.laguiadepamplona.com\\\/actualidad\\\/wp-content\\\/uploads\\\/2021\\\/05\\\/Ayuntamiento_iluminacion_amarillo_nocturna.jpg\",\"width\":1529,\"height\":1019},{\"@type\":\"BreadcrumbList\",\"@id\":\"https:\\\/\\\/www.laguiadepamplona.com\\\/actualidad\\\/la-fachada-del-ayuntamiento-de-pamplona-se-iluminara-este-viernes-de-color-amarillo-por-el-dia-mundial-de-la-osteogenesis-imperfecta\\\/#breadcrumb\",\"itemListElement\":[{\"@type\":\"ListItem\",\"position\":1,\"name\":\"Portada\",\"item\":\"https:\\\/\\\/www.laguiadepamplona.com\\\/actualidad\\\/\"},{\"@type\":\"ListItem\",\"position\":2,\"name\":\"La fachada del Ayuntamiento de Pamplona se iluminar\u00e1 este viernes de color amarillo por el D\u00eda Mundial de la Osteog\u00e9nesis Imperfecta\"}]},{\"@type\":\"WebSite\",\"@id\":\"https:\\\/\\\/www.laguiadepamplona.com\\\/actualidad\\\/#website\",\"url\":\"https:\\\/\\\/www.laguiadepamplona.com\\\/actualidad\\\/\",\"name\":\"La gu\u00eda de Pamplona\",\"description\":\"Noticias de Pamplona\",\"publisher\":{\"@id\":\"https:\\\/\\\/www.laguiadepamplona.com\\\/actualidad\\\/#organization\"},\"potentialAction\":[{\"@type\":\"SearchAction\",\"target\":{\"@type\":\"EntryPoint\",\"urlTemplate\":\"https:\\\/\\\/www.laguiadepamplona.com\\\/actualidad\\\/?s={search_term_string}\"},\"query-input\":{\"@type\":\"PropertyValueSpecification\",\"valueRequired\":true,\"valueName\":\"search_term_string\"}}],\"inLanguage\":\"es\"},{\"@type\":\"Organization\",\"@id\":\"https:\\\/\\\/www.laguiadepamplona.com\\\/actualidad\\\/#organization\",\"name\":\"La Gu\u00eda de Pamplona \\\/ Noticias\",\"url\":\"https:\\\/\\\/www.laguiadepamplona.com\\\/actualidad\\\/\",\"logo\":{\"@type\":\"ImageObject\",\"inLanguage\":\"es\",\"@id\":\"https:\\\/\\\/www.laguiadepamplona.com\\\/actualidad\\\/#\\\/schema\\\/logo\\\/image\\\/\",\"url\":\"https:\\\/\\\/www.laguiadepamplona.com\\\/actualidad\\\/wp-content\\\/uploads\\\/2018\\\/11\\\/logo-laguiadepamplona18-web1.png\",\"contentUrl\":\"https:\\\/\\\/www.laguiadepamplona.com\\\/actualidad\\\/wp-content\\\/uploads\\\/2018\\\/11\\\/logo-laguiadepamplona18-web1.png\",\"width\":600,\"height\":196,\"caption\":\"La Gu\u00eda de Pamplona \\\/ Noticias\"},\"image\":{\"@id\":\"https:\\\/\\\/www.laguiadepamplona.com\\\/actualidad\\\/#\\\/schema\\\/logo\\\/image\\\/\"},\"sameAs\":[\"https:\\\/\\\/www.facebook.com\\\/laguiadepamplonacom-133175176762273\\\/?ref=hl\",\"https:\\\/\\\/x.com\\\/LaGuiadPamplona\",\"https:\\\/\\\/www.instagram.com\\\/la_guia_de_pamplona\\\/\",\"https:\\\/\\\/www.youtube.com\\\/user\\\/laguiadepamplona\"]},{\"@type\":\"Person\",\"@id\":\"https:\\\/\\\/www.laguiadepamplona.com\\\/actualidad\\\/#\\\/schema\\\/person\\\/efe887376f0213d4657c93adc50b1fdb\",\"name\":\"La Gu\u00eda de Pamplona\",\"image\":{\"@type\":\"ImageObject\",\"inLanguage\":\"es\",\"@id\":\"https:\\\/\\\/secure.gravatar.com\\\/avatar\\\/b6992f131dc8d30ab0dff15446e9d346d9dbd95992de0fef795073f5ea83a81c?s=96&d=mm&r=g\",\"url\":\"https:\\\/\\\/secure.gravatar.com\\\/avatar\\\/b6992f131dc8d30ab0dff15446e9d346d9dbd95992de0fef795073f5ea83a81c?s=96&d=mm&r=g\",\"contentUrl\":\"https:\\\/\\\/secure.gravatar.com\\\/avatar\\\/b6992f131dc8d30ab0dff15446e9d346d9dbd95992de0fef795073f5ea83a81c?s=96&d=mm&r=g\",\"caption\":\"La Gu\u00eda de Pamplona\"}}]}<\/script>\n<!-- \/ Yoast SEO plugin. -->","yoast_head_json":{"title":"La fachada del Ayuntamiento de Pamplona se iluminar\u00e1 este viernes de color amarillo por el D\u00eda Mundial de la Osteog\u00e9nesis Imperfecta","description":"La solicitud ha llegado desde la Asociaci\u00f3n Madrile\u00f1a de Osteog\u00e9nesis Imperfecta, AMOI, y en nombre de AHUCE y Fundaci\u00f3n AHUCE.","robots":{"index":"index","follow":"follow","max-snippet":"max-snippet:-1","max-image-preview":"max-image-preview:large","max-video-preview":"max-video-preview:-1"},"canonical":"https:\/\/www.laguiadepamplona.com\/actualidad\/la-fachada-del-ayuntamiento-de-pamplona-se-iluminara-este-viernes-de-color-amarillo-por-el-dia-mundial-de-la-osteogenesis-imperfecta\/","og_locale":"es_ES","og_type":"article","og_title":"La fachada del Ayuntamiento de Pamplona se iluminar\u00e1 este viernes de color amarillo por el D\u00eda Mundial de la Osteog\u00e9nesis Imperfecta","og_description":"La solicitud ha llegado desde la Asociaci\u00f3n Madrile\u00f1a de Osteog\u00e9nesis Imperfecta, AMOI, y en nombre de AHUCE y Fundaci\u00f3n AHUCE.","og_url":"https:\/\/www.laguiadepamplona.com\/actualidad\/la-fachada-del-ayuntamiento-de-pamplona-se-iluminara-este-viernes-de-color-amarillo-por-el-dia-mundial-de-la-osteogenesis-imperfecta\/","og_site_name":"La Gu\u00eda de Pamplona","article_publisher":"https:\/\/www.facebook.com\/laguiadepamplonacom-133175176762273\/?ref=hl","article_published_time":"2022-05-05T09:35:09+00:00","article_modified_time":"2023-04-11T09:48:14+00:00","og_image":[{"width":1529,"height":1019,"url":"https:\/\/www.laguiadepamplona.com\/actualidad\/wp-content\/uploads\/2021\/05\/Ayuntamiento_iluminacion_amarillo_nocturna.jpg","type":"image\/jpeg"}],"author":"La Gu\u00eda de Pamplona","twitter_card":"summary_large_image","twitter_creator":"@LaGuiadPamplona","twitter_site":"@LaGuiadPamplona","twitter_misc":{"Escrito por":"La Gu\u00eda de Pamplona","Tiempo de lectura":"1 minuto"},"schema":{"@context":"https:\/\/schema.org","@graph":[{"@type":"Article","@id":"https:\/\/www.laguiadepamplona.com\/actualidad\/la-fachada-del-ayuntamiento-de-pamplona-se-iluminara-este-viernes-de-color-amarillo-por-el-dia-mundial-de-la-osteogenesis-imperfecta\/#article","isPartOf":{"@id":"https:\/\/www.laguiadepamplona.com\/actualidad\/la-fachada-del-ayuntamiento-de-pamplona-se-iluminara-este-viernes-de-color-amarillo-por-el-dia-mundial-de-la-osteogenesis-imperfecta\/"},"author":{"name":"La Gu\u00eda de Pamplona","@id":"https:\/\/www.laguiadepamplona.com\/actualidad\/#\/schema\/person\/efe887376f0213d4657c93adc50b1fdb"},"headline":"La fachada del Ayuntamiento de Pamplona se iluminar\u00e1 este viernes de color amarillo por el D\u00eda Mundial de la Osteog\u00e9nesis Imperfecta","datePublished":"2022-05-05T09:35:09+00:00","dateModified":"2023-04-11T09:48:14+00:00","mainEntityOfPage":{"@id":"https:\/\/www.laguiadepamplona.com\/actualidad\/la-fachada-del-ayuntamiento-de-pamplona-se-iluminara-este-viernes-de-color-amarillo-por-el-dia-mundial-de-la-osteogenesis-imperfecta\/"},"wordCount":221,"commentCount":0,"publisher":{"@id":"https:\/\/www.laguiadepamplona.com\/actualidad\/#organization"},"image":{"@id":"https:\/\/www.laguiadepamplona.com\/actualidad\/la-fachada-del-ayuntamiento-de-pamplona-se-iluminara-este-viernes-de-color-amarillo-por-el-dia-mundial-de-la-osteogenesis-imperfecta\/#primaryimage"},"thumbnailUrl":"https:\/\/www.laguiadepamplona.com\/actualidad\/wp-content\/uploads\/2021\/05\/Ayuntamiento_iluminacion_amarillo_nocturna.jpg","articleSection":["Ayto Pamplona"],"inLanguage":"es","potentialAction":[{"@type":"CommentAction","name":"Comment","target":["https:\/\/www.laguiadepamplona.com\/actualidad\/la-fachada-del-ayuntamiento-de-pamplona-se-iluminara-este-viernes-de-color-amarillo-por-el-dia-mundial-de-la-osteogenesis-imperfecta\/#respond"]}]},{"@type":"WebPage","@id":"https:\/\/www.laguiadepamplona.com\/actualidad\/la-fachada-del-ayuntamiento-de-pamplona-se-iluminara-este-viernes-de-color-amarillo-por-el-dia-mundial-de-la-osteogenesis-imperfecta\/","url":"https:\/\/www.laguiadepamplona.com\/actualidad\/la-fachada-del-ayuntamiento-de-pamplona-se-iluminara-este-viernes-de-color-amarillo-por-el-dia-mundial-de-la-osteogenesis-imperfecta\/","name":"La fachada del Ayuntamiento de Pamplona se iluminar\u00e1 este viernes de color amarillo por el D\u00eda Mundial de la Osteog\u00e9nesis Imperfecta","isPartOf":{"@id":"https:\/\/www.laguiadepamplona.com\/actualidad\/#website"},"primaryImageOfPage":{"@id":"https:\/\/www.laguiadepamplona.com\/actualidad\/la-fachada-del-ayuntamiento-de-pamplona-se-iluminara-este-viernes-de-color-amarillo-por-el-dia-mundial-de-la-osteogenesis-imperfecta\/#primaryimage"},"image":{"@id":"https:\/\/www.laguiadepamplona.com\/actualidad\/la-fachada-del-ayuntamiento-de-pamplona-se-iluminara-este-viernes-de-color-amarillo-por-el-dia-mundial-de-la-osteogenesis-imperfecta\/#primaryimage"},"thumbnailUrl":"https:\/\/www.laguiadepamplona.com\/actualidad\/wp-content\/uploads\/2021\/05\/Ayuntamiento_iluminacion_amarillo_nocturna.jpg","datePublished":"2022-05-05T09:35:09+00:00","dateModified":"2023-04-11T09:48:14+00:00","description":"La solicitud ha llegado desde la Asociaci\u00f3n Madrile\u00f1a de Osteog\u00e9nesis Imperfecta, AMOI, y en nombre de AHUCE y Fundaci\u00f3n AHUCE.","breadcrumb":{"@id":"https:\/\/www.laguiadepamplona.com\/actualidad\/la-fachada-del-ayuntamiento-de-pamplona-se-iluminara-este-viernes-de-color-amarillo-por-el-dia-mundial-de-la-osteogenesis-imperfecta\/#breadcrumb"},"inLanguage":"es","potentialAction":[{"@type":"ReadAction","target":["https:\/\/www.laguiadepamplona.com\/actualidad\/la-fachada-del-ayuntamiento-de-pamplona-se-iluminara-este-viernes-de-color-amarillo-por-el-dia-mundial-de-la-osteogenesis-imperfecta\/"]}]},{"@type":"ImageObject","inLanguage":"es","@id":"https:\/\/www.laguiadepamplona.com\/actualidad\/la-fachada-del-ayuntamiento-de-pamplona-se-iluminara-este-viernes-de-color-amarillo-por-el-dia-mundial-de-la-osteogenesis-imperfecta\/#primaryimage","url":"https:\/\/www.laguiadepamplona.com\/actualidad\/wp-content\/uploads\/2021\/05\/Ayuntamiento_iluminacion_amarillo_nocturna.jpg","contentUrl":"https:\/\/www.laguiadepamplona.com\/actualidad\/wp-content\/uploads\/2021\/05\/Ayuntamiento_iluminacion_amarillo_nocturna.jpg","width":1529,"height":1019},{"@type":"BreadcrumbList","@id":"https:\/\/www.laguiadepamplona.com\/actualidad\/la-fachada-del-ayuntamiento-de-pamplona-se-iluminara-este-viernes-de-color-amarillo-por-el-dia-mundial-de-la-osteogenesis-imperfecta\/#breadcrumb","itemListElement":[{"@type":"ListItem","position":1,"name":"Portada","item":"https:\/\/www.laguiadepamplona.com\/actualidad\/"},{"@type":"ListItem","position":2,"name":"La fachada del Ayuntamiento de Pamplona se iluminar\u00e1 este viernes de color amarillo por el D\u00eda Mundial de la Osteog\u00e9nesis Imperfecta"}]},{"@type":"WebSite","@id":"https:\/\/www.laguiadepamplona.com\/actualidad\/#website","url":"https:\/\/www.laguiadepamplona.com\/actualidad\/","name":"La gu\u00eda de Pamplona","description":"Noticias de Pamplona","publisher":{"@id":"https:\/\/www.laguiadepamplona.com\/actualidad\/#organization"},"potentialAction":[{"@type":"SearchAction","target":{"@type":"EntryPoint","urlTemplate":"https:\/\/www.laguiadepamplona.com\/actualidad\/?s={search_term_string}"},"query-input":{"@type":"PropertyValueSpecification","valueRequired":true,"valueName":"search_term_string"}}],"inLanguage":"es"},{"@type":"Organization","@id":"https:\/\/www.laguiadepamplona.com\/actualidad\/#organization","name":"La Gu\u00eda de Pamplona \/ Noticias","url":"https:\/\/www.laguiadepamplona.com\/actualidad\/","logo":{"@type":"ImageObject","inLanguage":"es","@id":"https:\/\/www.laguiadepamplona.com\/actualidad\/#\/schema\/logo\/image\/","url":"https:\/\/www.laguiadepamplona.com\/actualidad\/wp-content\/uploads\/2018\/11\/logo-laguiadepamplona18-web1.png","contentUrl":"https:\/\/www.laguiadepamplona.com\/actualidad\/wp-content\/uploads\/2018\/11\/logo-laguiadepamplona18-web1.png","width":600,"height":196,"caption":"La Gu\u00eda de Pamplona \/ Noticias"},"image":{"@id":"https:\/\/www.laguiadepamplona.com\/actualidad\/#\/schema\/logo\/image\/"},"sameAs":["https:\/\/www.facebook.com\/laguiadepamplonacom-133175176762273\/?ref=hl","https:\/\/x.com\/LaGuiadPamplona","https:\/\/www.instagram.com\/la_guia_de_pamplona\/","https:\/\/www.youtube.com\/user\/laguiadepamplona"]},{"@type":"Person","@id":"https:\/\/www.laguiadepamplona.com\/actualidad\/#\/schema\/person\/efe887376f0213d4657c93adc50b1fdb","name":"La Gu\u00eda de Pamplona","image":{"@type":"ImageObject","inLanguage":"es","@id":"https:\/\/secure.gravatar.com\/avatar\/b6992f131dc8d30ab0dff15446e9d346d9dbd95992de0fef795073f5ea83a81c?s=96&d=mm&r=g","url":"https:\/\/secure.gravatar.com\/avatar\/b6992f131dc8d30ab0dff15446e9d346d9dbd95992de0fef795073f5ea83a81c?s=96&d=mm&r=g","contentUrl":"https:\/\/secure.gravatar.com\/avatar\/b6992f131dc8d30ab0dff15446e9d346d9dbd95992de0fef795073f5ea83a81c?s=96&d=mm&r=g","caption":"La Gu\u00eda de Pamplona"}}]}},"post_mailing_queue_ids":[],"_links":{"self":[{"href":"https:\/\/www.laguiadepamplona.com\/actualidad\/wp-json\/wp\/v2\/posts\/40199","targetHints":{"allow":["GET"]}}],"collection":[{"href":"https:\/\/www.laguiadepamplona.com\/actualidad\/wp-json\/wp\/v2\/posts"}],"about":[{"href":"https:\/\/www.laguiadepamplona.com\/actualidad\/wp-json\/wp\/v2\/types\/post"}],"author":[{"embeddable":true,"href":"https:\/\/www.laguiadepamplona.com\/actualidad\/wp-json\/wp\/v2\/users\/1"}],"replies":[{"embeddable":true,"href":"https:\/\/www.laguiadepamplona.com\/actualidad\/wp-json\/wp\/v2\/comments?post=40199"}],"version-history":[{"count":0,"href":"https:\/\/www.laguiadepamplona.com\/actualidad\/wp-json\/wp\/v2\/posts\/40199\/revisions"}],"wp:featuredmedia":[{"embeddable":true,"href":"https:\/\/www.laguiadepamplona.com\/actualidad\/wp-json\/wp\/v2\/media\/34649"}],"wp:attachment":[{"href":"https:\/\/www.laguiadepamplona.com\/actualidad\/wp-json\/wp\/v2\/media?parent=40199"}],"wp:term":[{"taxonomy":"category","embeddable":true,"href":"https:\/\/www.laguiadepamplona.com\/actualidad\/wp-json\/wp\/v2\/categories?post=40199"},{"taxonomy":"post_tag","embeddable":true,"href":"https:\/\/www.laguiadepamplona.com\/actualidad\/wp-json\/wp\/v2\/tags?post=40199"}],"curies":[{"name":"wp","href":"https:\/\/api.w.org\/{rel}","templated":true}]}}