{"id":40196,"date":"2022-05-05T11:33:54","date_gmt":"2022-05-05T09:33:54","guid":{"rendered":"https:\/\/www.laguiadepamplona.com\/actualidad\/?p=40196"},"modified":"2023-04-11T11:48:14","modified_gmt":"2023-04-11T09:48:14","slug":"los-57-proyectos-estrategicos-de-la-agenda-urbana-de-pamplona-deberan-ajustarse-a-criterios-de-igualdad-sostenibilidad-accesibilidad-e-inclusion-social","status":"publish","type":"post","link":"https:\/\/www.laguiadepamplona.com\/actualidad\/los-57-proyectos-estrategicos-de-la-agenda-urbana-de-pamplona-deberan-ajustarse-a-criterios-de-igualdad-sostenibilidad-accesibilidad-e-inclusion-social\/","title":{"rendered":"Los 57 proyectos estrat\u00e9gicos de la Agenda Urbana de Pamplona deber\u00e1n ajustarse a criterios de igualdad, sostenibilidad, accesibilidad e inclusi\u00f3n social"},"content":{"rendered":"<h5>El Consistorio licitar\u00e1 por 57.700 euros el dise\u00f1o y elaboraci\u00f3n de estos criterios horizontales, que se agrupar\u00e1n en una gu\u00eda<\/h5>\n<p><!--more--><\/p>\n<p>La Junta de Gobierno Local del Ayuntamiento de Pamplona ha aprobado licitar la contrataci\u00f3n de la asistencia t\u00e9cnica para dise\u00f1ar y elaborar los criterios de igualdad, sostenibilidad, accesibilidad e inclusi\u00f3n social que deber\u00e1n regir los 57 proyectos incluidos en la Agenda Urbana de Pamplona-Estrategia 2030. Para elaborar los que se denominan criterios horizontales de gesti\u00f3n, el Consistorio prev\u00e9 destinar un m\u00e1ximo de 57.772,18 euros (IVA incluido), coste que ser\u00e1 subvencionable dentro de la convocatoria de ayudas del Plan de Recuperaci\u00f3n, Transformaci\u00f3n y Resiliencia y de los fondos europeos Next Generation.<br \/>\n<script async src=\"\/\/pagead2.googlesyndication.com\/pagead\/js\/adsbygoogle.js\"><\/script><br \/>\n<!-- Noticias La Guia de Pamplona --><br \/>\n<ins class=\"adsbygoogle\"\nstyle=\"display:block\"\ndata-ad-client=\"ca-pub-6943679897239327\"\ndata-ad-slot=\"7048180777\"\ndata-ad-format=\"auto\"><\/ins><br \/>\n<script>\n(adsbygoogle = window.adsbygoogle || []).push({});\n<\/script><\/p>\n<p>El objetivo de esta licitaci\u00f3n es lograr una gu\u00eda b\u00e1sica, que sirva de herramienta para que tanto las \u00e1reas municipales como los agentes externos involucrados puedan incorporar estos criterios en el dise\u00f1o, ejecuci\u00f3n y gesti\u00f3n de los proyectos de la Agenda Urbana. En concreto, se establecen cuatro \u00e1mbitos fundamentales: la igualdad entre hombres y mujeres; la ecolog\u00eda y sostenibilidad ambiental; la accesibilidad universal; y la inclusi\u00f3n social, la participaci\u00f3n ciudadana y la perspectiva de edad. Dada la especificidad de cada \u00e1mbito, el contrato de asistencia t\u00e9cnica se licitar\u00e1 por lotes, atendiendo a cada uno de estos \u00e1mbitos. El presupuesto m\u00e1ximo individual ser\u00e1 de 13.755,28 euros, salvo en el caso del lote sobre criterios de inclusi\u00f3n social, para el que se destinar\u00e1 un m\u00e1ximo de 16.506,34 euros.<\/p>\n<p>Las empresas interesadas podr\u00e1n presentar sus propuestas una vez el contrato sea publicado en el Portal de Contrataci\u00f3n de Navarra. Una vez adjudicado, dispondr\u00e1n de plazo hasta el 31 de agosto para la presentaci\u00f3n de los criterios horizontales, si bien para finales de junio deber\u00e1n facilitar un primer borrador de propuesta.<br \/>\n<script async src=\"\/\/pagead2.googlesyndication.com\/pagead\/js\/adsbygoogle.js\"><\/script><br \/>\n<!-- Noticias La Guia de Pamplona --><br \/>\n<ins class=\"adsbygoogle\"\nstyle=\"display:block\"\ndata-ad-client=\"ca-pub-6943679897239327\"\ndata-ad-slot=\"7048180777\"\ndata-ad-format=\"auto\"><\/ins><br \/>\n<script>\n(adsbygoogle = window.adsbygoogle || []).push({});\n<\/script><\/p>\n<p>Entre los criterios de adjudicaci\u00f3n, se valorar\u00e1 con 50 puntos la oferta t\u00e9cnica, en la que se incluir\u00e1 el planteamiento metodol\u00f3gico, el cronograma de los trabajos, los recursos humanos disponibles para la ejecuci\u00f3n del proyecto y los a\u00f1os de experiencia. La oferta econ\u00f3mica se valorar\u00e1 con un m\u00e1ximo de 40 puntos y se conceder\u00e1n 10 m\u00e1s asociados a criterios sociales.<\/p>\n","protected":false},"excerpt":{"rendered":"<p>El Consistorio licitar\u00e1 por 57.700 euros el dise\u00f1o y elaboraci\u00f3n de estos criterios horizontales, que se agrupar\u00e1n en una gu\u00eda<\/p>\n","protected":false},"author":1,"featured_media":40197,"comment_status":"open","ping_status":"closed","sticky":false,"template":"","format":"standard","meta":{"footnotes":""},"categories":[2],"tags":[],"class_list":["post-40196","post","type-post","status-publish","format-standard","has-post-thumbnail","hentry","category-ayuntamiento-pamplona"],"yoast_head":"<!-- This site is optimized with the Yoast SEO plugin v27.3 - https:\/\/yoast.com\/product\/yoast-seo-wordpress\/ -->\n<title>Los 57 proyectos estrat\u00e9gicos de la Agenda Urbana de Pamplona deber\u00e1n ajustarse a criterios de igualdad, sostenibilidad, accesibilidad e inclusi\u00f3n social<\/title>\n<meta name=\"description\" content=\"El Consistorio licitar\u00e1 por 57.700 euros el dise\u00f1o y elaboraci\u00f3n de estos criterios horizontales, que se agrupar\u00e1n en una gu\u00eda\" \/>\n<meta name=\"robots\" content=\"index, follow, max-snippet:-1, max-image-preview:large, max-video-preview:-1\" \/>\n<link rel=\"canonical\" href=\"https:\/\/www.laguiadepamplona.com\/actualidad\/los-57-proyectos-estrategicos-de-la-agenda-urbana-de-pamplona-deberan-ajustarse-a-criterios-de-igualdad-sostenibilidad-accesibilidad-e-inclusion-social\/\" \/>\n<meta property=\"og:locale\" content=\"es_ES\" \/>\n<meta property=\"og:type\" content=\"article\" \/>\n<meta property=\"og:title\" content=\"Los 57 proyectos estrat\u00e9gicos de la Agenda Urbana de Pamplona deber\u00e1n ajustarse a criterios de igualdad, sostenibilidad, accesibilidad e inclusi\u00f3n social\" \/>\n<meta property=\"og:description\" content=\"El Consistorio licitar\u00e1 por 57.700 euros el dise\u00f1o y elaboraci\u00f3n de estos criterios horizontales, que se agrupar\u00e1n en una gu\u00eda\" \/>\n<meta property=\"og:url\" content=\"https:\/\/www.laguiadepamplona.com\/actualidad\/los-57-proyectos-estrategicos-de-la-agenda-urbana-de-pamplona-deberan-ajustarse-a-criterios-de-igualdad-sostenibilidad-accesibilidad-e-inclusion-social\/\" \/>\n<meta property=\"og:site_name\" content=\"La Gu\u00eda de Pamplona\" \/>\n<meta property=\"article:publisher\" content=\"https:\/\/www.facebook.com\/laguiadepamplonacom-133175176762273\/?ref=hl\" \/>\n<meta property=\"article:published_time\" content=\"2022-05-05T09:33:54+00:00\" \/>\n<meta property=\"article:modified_time\" content=\"2023-04-11T09:48:14+00:00\" \/>\n<meta property=\"og:image\" content=\"https:\/\/www.laguiadepamplona.com\/actualidad\/wp-content\/uploads\/2022\/05\/parques_45B5454_1.jpg\" \/>\n\t<meta property=\"og:image:width\" content=\"1920\" \/>\n\t<meta property=\"og:image:height\" content=\"1280\" \/>\n\t<meta property=\"og:image:type\" content=\"image\/jpeg\" \/>\n<meta name=\"author\" content=\"La Gu\u00eda de Pamplona\" \/>\n<meta name=\"twitter:card\" content=\"summary_large_image\" \/>\n<meta name=\"twitter:creator\" content=\"@LaGuiadPamplona\" \/>\n<meta name=\"twitter:site\" content=\"@LaGuiadPamplona\" \/>\n<meta name=\"twitter:label1\" content=\"Escrito por\" \/>\n\t<meta name=\"twitter:data1\" content=\"La Gu\u00eda de Pamplona\" \/>\n\t<meta name=\"twitter:label2\" content=\"Tiempo de lectura\" \/>\n\t<meta name=\"twitter:data2\" content=\"2 minutos\" \/>\n<script type=\"application\/ld+json\" class=\"yoast-schema-graph\">{\"@context\":\"https:\\\/\\\/schema.org\",\"@graph\":[{\"@type\":\"Article\",\"@id\":\"https:\\\/\\\/www.laguiadepamplona.com\\\/actualidad\\\/los-57-proyectos-estrategicos-de-la-agenda-urbana-de-pamplona-deberan-ajustarse-a-criterios-de-igualdad-sostenibilidad-accesibilidad-e-inclusion-social\\\/#article\",\"isPartOf\":{\"@id\":\"https:\\\/\\\/www.laguiadepamplona.com\\\/actualidad\\\/los-57-proyectos-estrategicos-de-la-agenda-urbana-de-pamplona-deberan-ajustarse-a-criterios-de-igualdad-sostenibilidad-accesibilidad-e-inclusion-social\\\/\"},\"author\":{\"name\":\"La Gu\u00eda de Pamplona\",\"@id\":\"https:\\\/\\\/www.laguiadepamplona.com\\\/actualidad\\\/#\\\/schema\\\/person\\\/efe887376f0213d4657c93adc50b1fdb\"},\"headline\":\"Los 57 proyectos estrat\u00e9gicos de la Agenda Urbana de Pamplona deber\u00e1n ajustarse a criterios de igualdad, sostenibilidad, accesibilidad e inclusi\u00f3n social\",\"datePublished\":\"2022-05-05T09:33:54+00:00\",\"dateModified\":\"2023-04-11T09:48:14+00:00\",\"mainEntityOfPage\":{\"@id\":\"https:\\\/\\\/www.laguiadepamplona.com\\\/actualidad\\\/los-57-proyectos-estrategicos-de-la-agenda-urbana-de-pamplona-deberan-ajustarse-a-criterios-de-igualdad-sostenibilidad-accesibilidad-e-inclusion-social\\\/\"},\"wordCount\":400,\"commentCount\":0,\"publisher\":{\"@id\":\"https:\\\/\\\/www.laguiadepamplona.com\\\/actualidad\\\/#organization\"},\"image\":{\"@id\":\"https:\\\/\\\/www.laguiadepamplona.com\\\/actualidad\\\/los-57-proyectos-estrategicos-de-la-agenda-urbana-de-pamplona-deberan-ajustarse-a-criterios-de-igualdad-sostenibilidad-accesibilidad-e-inclusion-social\\\/#primaryimage\"},\"thumbnailUrl\":\"https:\\\/\\\/www.laguiadepamplona.com\\\/actualidad\\\/wp-content\\\/uploads\\\/2022\\\/05\\\/parques_45B5454_1.jpg\",\"articleSection\":[\"Ayto Pamplona\"],\"inLanguage\":\"es\",\"potentialAction\":[{\"@type\":\"CommentAction\",\"name\":\"Comment\",\"target\":[\"https:\\\/\\\/www.laguiadepamplona.com\\\/actualidad\\\/los-57-proyectos-estrategicos-de-la-agenda-urbana-de-pamplona-deberan-ajustarse-a-criterios-de-igualdad-sostenibilidad-accesibilidad-e-inclusion-social\\\/#respond\"]}]},{\"@type\":\"WebPage\",\"@id\":\"https:\\\/\\\/www.laguiadepamplona.com\\\/actualidad\\\/los-57-proyectos-estrategicos-de-la-agenda-urbana-de-pamplona-deberan-ajustarse-a-criterios-de-igualdad-sostenibilidad-accesibilidad-e-inclusion-social\\\/\",\"url\":\"https:\\\/\\\/www.laguiadepamplona.com\\\/actualidad\\\/los-57-proyectos-estrategicos-de-la-agenda-urbana-de-pamplona-deberan-ajustarse-a-criterios-de-igualdad-sostenibilidad-accesibilidad-e-inclusion-social\\\/\",\"name\":\"Los 57 proyectos estrat\u00e9gicos de la Agenda Urbana de Pamplona deber\u00e1n ajustarse a criterios de igualdad, sostenibilidad, accesibilidad e inclusi\u00f3n social\",\"isPartOf\":{\"@id\":\"https:\\\/\\\/www.laguiadepamplona.com\\\/actualidad\\\/#website\"},\"primaryImageOfPage\":{\"@id\":\"https:\\\/\\\/www.laguiadepamplona.com\\\/actualidad\\\/los-57-proyectos-estrategicos-de-la-agenda-urbana-de-pamplona-deberan-ajustarse-a-criterios-de-igualdad-sostenibilidad-accesibilidad-e-inclusion-social\\\/#primaryimage\"},\"image\":{\"@id\":\"https:\\\/\\\/www.laguiadepamplona.com\\\/actualidad\\\/los-57-proyectos-estrategicos-de-la-agenda-urbana-de-pamplona-deberan-ajustarse-a-criterios-de-igualdad-sostenibilidad-accesibilidad-e-inclusion-social\\\/#primaryimage\"},\"thumbnailUrl\":\"https:\\\/\\\/www.laguiadepamplona.com\\\/actualidad\\\/wp-content\\\/uploads\\\/2022\\\/05\\\/parques_45B5454_1.jpg\",\"datePublished\":\"2022-05-05T09:33:54+00:00\",\"dateModified\":\"2023-04-11T09:48:14+00:00\",\"description\":\"El Consistorio licitar\u00e1 por 57.700 euros el dise\u00f1o y elaboraci\u00f3n de estos criterios horizontales, que se agrupar\u00e1n en una gu\u00eda\",\"breadcrumb\":{\"@id\":\"https:\\\/\\\/www.laguiadepamplona.com\\\/actualidad\\\/los-57-proyectos-estrategicos-de-la-agenda-urbana-de-pamplona-deberan-ajustarse-a-criterios-de-igualdad-sostenibilidad-accesibilidad-e-inclusion-social\\\/#breadcrumb\"},\"inLanguage\":\"es\",\"potentialAction\":[{\"@type\":\"ReadAction\",\"target\":[\"https:\\\/\\\/www.laguiadepamplona.com\\\/actualidad\\\/los-57-proyectos-estrategicos-de-la-agenda-urbana-de-pamplona-deberan-ajustarse-a-criterios-de-igualdad-sostenibilidad-accesibilidad-e-inclusion-social\\\/\"]}]},{\"@type\":\"ImageObject\",\"inLanguage\":\"es\",\"@id\":\"https:\\\/\\\/www.laguiadepamplona.com\\\/actualidad\\\/los-57-proyectos-estrategicos-de-la-agenda-urbana-de-pamplona-deberan-ajustarse-a-criterios-de-igualdad-sostenibilidad-accesibilidad-e-inclusion-social\\\/#primaryimage\",\"url\":\"https:\\\/\\\/www.laguiadepamplona.com\\\/actualidad\\\/wp-content\\\/uploads\\\/2022\\\/05\\\/parques_45B5454_1.jpg\",\"contentUrl\":\"https:\\\/\\\/www.laguiadepamplona.com\\\/actualidad\\\/wp-content\\\/uploads\\\/2022\\\/05\\\/parques_45B5454_1.jpg\",\"width\":1920,\"height\":1280},{\"@type\":\"BreadcrumbList\",\"@id\":\"https:\\\/\\\/www.laguiadepamplona.com\\\/actualidad\\\/los-57-proyectos-estrategicos-de-la-agenda-urbana-de-pamplona-deberan-ajustarse-a-criterios-de-igualdad-sostenibilidad-accesibilidad-e-inclusion-social\\\/#breadcrumb\",\"itemListElement\":[{\"@type\":\"ListItem\",\"position\":1,\"name\":\"Portada\",\"item\":\"https:\\\/\\\/www.laguiadepamplona.com\\\/actualidad\\\/\"},{\"@type\":\"ListItem\",\"position\":2,\"name\":\"Los 57 proyectos estrat\u00e9gicos de la Agenda Urbana de Pamplona deber\u00e1n ajustarse a criterios de igualdad, sostenibilidad, accesibilidad e inclusi\u00f3n social\"}]},{\"@type\":\"WebSite\",\"@id\":\"https:\\\/\\\/www.laguiadepamplona.com\\\/actualidad\\\/#website\",\"url\":\"https:\\\/\\\/www.laguiadepamplona.com\\\/actualidad\\\/\",\"name\":\"La gu\u00eda de Pamplona\",\"description\":\"Noticias de Pamplona\",\"publisher\":{\"@id\":\"https:\\\/\\\/www.laguiadepamplona.com\\\/actualidad\\\/#organization\"},\"potentialAction\":[{\"@type\":\"SearchAction\",\"target\":{\"@type\":\"EntryPoint\",\"urlTemplate\":\"https:\\\/\\\/www.laguiadepamplona.com\\\/actualidad\\\/?s={search_term_string}\"},\"query-input\":{\"@type\":\"PropertyValueSpecification\",\"valueRequired\":true,\"valueName\":\"search_term_string\"}}],\"inLanguage\":\"es\"},{\"@type\":\"Organization\",\"@id\":\"https:\\\/\\\/www.laguiadepamplona.com\\\/actualidad\\\/#organization\",\"name\":\"La Gu\u00eda de Pamplona \\\/ Noticias\",\"url\":\"https:\\\/\\\/www.laguiadepamplona.com\\\/actualidad\\\/\",\"logo\":{\"@type\":\"ImageObject\",\"inLanguage\":\"es\",\"@id\":\"https:\\\/\\\/www.laguiadepamplona.com\\\/actualidad\\\/#\\\/schema\\\/logo\\\/image\\\/\",\"url\":\"https:\\\/\\\/www.laguiadepamplona.com\\\/actualidad\\\/wp-content\\\/uploads\\\/2018\\\/11\\\/logo-laguiadepamplona18-web1.png\",\"contentUrl\":\"https:\\\/\\\/www.laguiadepamplona.com\\\/actualidad\\\/wp-content\\\/uploads\\\/2018\\\/11\\\/logo-laguiadepamplona18-web1.png\",\"width\":600,\"height\":196,\"caption\":\"La Gu\u00eda de Pamplona \\\/ Noticias\"},\"image\":{\"@id\":\"https:\\\/\\\/www.laguiadepamplona.com\\\/actualidad\\\/#\\\/schema\\\/logo\\\/image\\\/\"},\"sameAs\":[\"https:\\\/\\\/www.facebook.com\\\/laguiadepamplonacom-133175176762273\\\/?ref=hl\",\"https:\\\/\\\/x.com\\\/LaGuiadPamplona\",\"https:\\\/\\\/www.instagram.com\\\/la_guia_de_pamplona\\\/\",\"https:\\\/\\\/www.youtube.com\\\/user\\\/laguiadepamplona\"]},{\"@type\":\"Person\",\"@id\":\"https:\\\/\\\/www.laguiadepamplona.com\\\/actualidad\\\/#\\\/schema\\\/person\\\/efe887376f0213d4657c93adc50b1fdb\",\"name\":\"La Gu\u00eda de Pamplona\",\"image\":{\"@type\":\"ImageObject\",\"inLanguage\":\"es\",\"@id\":\"https:\\\/\\\/secure.gravatar.com\\\/avatar\\\/b6992f131dc8d30ab0dff15446e9d346d9dbd95992de0fef795073f5ea83a81c?s=96&d=mm&r=g\",\"url\":\"https:\\\/\\\/secure.gravatar.com\\\/avatar\\\/b6992f131dc8d30ab0dff15446e9d346d9dbd95992de0fef795073f5ea83a81c?s=96&d=mm&r=g\",\"contentUrl\":\"https:\\\/\\\/secure.gravatar.com\\\/avatar\\\/b6992f131dc8d30ab0dff15446e9d346d9dbd95992de0fef795073f5ea83a81c?s=96&d=mm&r=g\",\"caption\":\"La Gu\u00eda de Pamplona\"}}]}<\/script>\n<!-- \/ Yoast SEO plugin. -->","yoast_head_json":{"title":"Los 57 proyectos estrat\u00e9gicos de la Agenda Urbana de Pamplona deber\u00e1n ajustarse a criterios de igualdad, sostenibilidad, accesibilidad e inclusi\u00f3n social","description":"El Consistorio licitar\u00e1 por 57.700 euros el dise\u00f1o y elaboraci\u00f3n de estos criterios horizontales, que se agrupar\u00e1n en una gu\u00eda","robots":{"index":"index","follow":"follow","max-snippet":"max-snippet:-1","max-image-preview":"max-image-preview:large","max-video-preview":"max-video-preview:-1"},"canonical":"https:\/\/www.laguiadepamplona.com\/actualidad\/los-57-proyectos-estrategicos-de-la-agenda-urbana-de-pamplona-deberan-ajustarse-a-criterios-de-igualdad-sostenibilidad-accesibilidad-e-inclusion-social\/","og_locale":"es_ES","og_type":"article","og_title":"Los 57 proyectos estrat\u00e9gicos de la Agenda Urbana de Pamplona deber\u00e1n ajustarse a criterios de igualdad, sostenibilidad, accesibilidad e inclusi\u00f3n social","og_description":"El Consistorio licitar\u00e1 por 57.700 euros el dise\u00f1o y elaboraci\u00f3n de estos criterios horizontales, que se agrupar\u00e1n en una gu\u00eda","og_url":"https:\/\/www.laguiadepamplona.com\/actualidad\/los-57-proyectos-estrategicos-de-la-agenda-urbana-de-pamplona-deberan-ajustarse-a-criterios-de-igualdad-sostenibilidad-accesibilidad-e-inclusion-social\/","og_site_name":"La Gu\u00eda de Pamplona","article_publisher":"https:\/\/www.facebook.com\/laguiadepamplonacom-133175176762273\/?ref=hl","article_published_time":"2022-05-05T09:33:54+00:00","article_modified_time":"2023-04-11T09:48:14+00:00","og_image":[{"width":1920,"height":1280,"url":"https:\/\/www.laguiadepamplona.com\/actualidad\/wp-content\/uploads\/2022\/05\/parques_45B5454_1.jpg","type":"image\/jpeg"}],"author":"La Gu\u00eda de Pamplona","twitter_card":"summary_large_image","twitter_creator":"@LaGuiadPamplona","twitter_site":"@LaGuiadPamplona","twitter_misc":{"Escrito por":"La Gu\u00eda de Pamplona","Tiempo de lectura":"2 minutos"},"schema":{"@context":"https:\/\/schema.org","@graph":[{"@type":"Article","@id":"https:\/\/www.laguiadepamplona.com\/actualidad\/los-57-proyectos-estrategicos-de-la-agenda-urbana-de-pamplona-deberan-ajustarse-a-criterios-de-igualdad-sostenibilidad-accesibilidad-e-inclusion-social\/#article","isPartOf":{"@id":"https:\/\/www.laguiadepamplona.com\/actualidad\/los-57-proyectos-estrategicos-de-la-agenda-urbana-de-pamplona-deberan-ajustarse-a-criterios-de-igualdad-sostenibilidad-accesibilidad-e-inclusion-social\/"},"author":{"name":"La Gu\u00eda de Pamplona","@id":"https:\/\/www.laguiadepamplona.com\/actualidad\/#\/schema\/person\/efe887376f0213d4657c93adc50b1fdb"},"headline":"Los 57 proyectos estrat\u00e9gicos de la Agenda Urbana de Pamplona deber\u00e1n ajustarse a criterios de igualdad, sostenibilidad, accesibilidad e inclusi\u00f3n social","datePublished":"2022-05-05T09:33:54+00:00","dateModified":"2023-04-11T09:48:14+00:00","mainEntityOfPage":{"@id":"https:\/\/www.laguiadepamplona.com\/actualidad\/los-57-proyectos-estrategicos-de-la-agenda-urbana-de-pamplona-deberan-ajustarse-a-criterios-de-igualdad-sostenibilidad-accesibilidad-e-inclusion-social\/"},"wordCount":400,"commentCount":0,"publisher":{"@id":"https:\/\/www.laguiadepamplona.com\/actualidad\/#organization"},"image":{"@id":"https:\/\/www.laguiadepamplona.com\/actualidad\/los-57-proyectos-estrategicos-de-la-agenda-urbana-de-pamplona-deberan-ajustarse-a-criterios-de-igualdad-sostenibilidad-accesibilidad-e-inclusion-social\/#primaryimage"},"thumbnailUrl":"https:\/\/www.laguiadepamplona.com\/actualidad\/wp-content\/uploads\/2022\/05\/parques_45B5454_1.jpg","articleSection":["Ayto Pamplona"],"inLanguage":"es","potentialAction":[{"@type":"CommentAction","name":"Comment","target":["https:\/\/www.laguiadepamplona.com\/actualidad\/los-57-proyectos-estrategicos-de-la-agenda-urbana-de-pamplona-deberan-ajustarse-a-criterios-de-igualdad-sostenibilidad-accesibilidad-e-inclusion-social\/#respond"]}]},{"@type":"WebPage","@id":"https:\/\/www.laguiadepamplona.com\/actualidad\/los-57-proyectos-estrategicos-de-la-agenda-urbana-de-pamplona-deberan-ajustarse-a-criterios-de-igualdad-sostenibilidad-accesibilidad-e-inclusion-social\/","url":"https:\/\/www.laguiadepamplona.com\/actualidad\/los-57-proyectos-estrategicos-de-la-agenda-urbana-de-pamplona-deberan-ajustarse-a-criterios-de-igualdad-sostenibilidad-accesibilidad-e-inclusion-social\/","name":"Los 57 proyectos estrat\u00e9gicos de la Agenda Urbana de Pamplona deber\u00e1n ajustarse a criterios de igualdad, sostenibilidad, accesibilidad e inclusi\u00f3n social","isPartOf":{"@id":"https:\/\/www.laguiadepamplona.com\/actualidad\/#website"},"primaryImageOfPage":{"@id":"https:\/\/www.laguiadepamplona.com\/actualidad\/los-57-proyectos-estrategicos-de-la-agenda-urbana-de-pamplona-deberan-ajustarse-a-criterios-de-igualdad-sostenibilidad-accesibilidad-e-inclusion-social\/#primaryimage"},"image":{"@id":"https:\/\/www.laguiadepamplona.com\/actualidad\/los-57-proyectos-estrategicos-de-la-agenda-urbana-de-pamplona-deberan-ajustarse-a-criterios-de-igualdad-sostenibilidad-accesibilidad-e-inclusion-social\/#primaryimage"},"thumbnailUrl":"https:\/\/www.laguiadepamplona.com\/actualidad\/wp-content\/uploads\/2022\/05\/parques_45B5454_1.jpg","datePublished":"2022-05-05T09:33:54+00:00","dateModified":"2023-04-11T09:48:14+00:00","description":"El Consistorio licitar\u00e1 por 57.700 euros el dise\u00f1o y elaboraci\u00f3n de estos criterios horizontales, que se agrupar\u00e1n en una gu\u00eda","breadcrumb":{"@id":"https:\/\/www.laguiadepamplona.com\/actualidad\/los-57-proyectos-estrategicos-de-la-agenda-urbana-de-pamplona-deberan-ajustarse-a-criterios-de-igualdad-sostenibilidad-accesibilidad-e-inclusion-social\/#breadcrumb"},"inLanguage":"es","potentialAction":[{"@type":"ReadAction","target":["https:\/\/www.laguiadepamplona.com\/actualidad\/los-57-proyectos-estrategicos-de-la-agenda-urbana-de-pamplona-deberan-ajustarse-a-criterios-de-igualdad-sostenibilidad-accesibilidad-e-inclusion-social\/"]}]},{"@type":"ImageObject","inLanguage":"es","@id":"https:\/\/www.laguiadepamplona.com\/actualidad\/los-57-proyectos-estrategicos-de-la-agenda-urbana-de-pamplona-deberan-ajustarse-a-criterios-de-igualdad-sostenibilidad-accesibilidad-e-inclusion-social\/#primaryimage","url":"https:\/\/www.laguiadepamplona.com\/actualidad\/wp-content\/uploads\/2022\/05\/parques_45B5454_1.jpg","contentUrl":"https:\/\/www.laguiadepamplona.com\/actualidad\/wp-content\/uploads\/2022\/05\/parques_45B5454_1.jpg","width":1920,"height":1280},{"@type":"BreadcrumbList","@id":"https:\/\/www.laguiadepamplona.com\/actualidad\/los-57-proyectos-estrategicos-de-la-agenda-urbana-de-pamplona-deberan-ajustarse-a-criterios-de-igualdad-sostenibilidad-accesibilidad-e-inclusion-social\/#breadcrumb","itemListElement":[{"@type":"ListItem","position":1,"name":"Portada","item":"https:\/\/www.laguiadepamplona.com\/actualidad\/"},{"@type":"ListItem","position":2,"name":"Los 57 proyectos estrat\u00e9gicos de la Agenda Urbana de Pamplona deber\u00e1n ajustarse a criterios de igualdad, sostenibilidad, accesibilidad e inclusi\u00f3n social"}]},{"@type":"WebSite","@id":"https:\/\/www.laguiadepamplona.com\/actualidad\/#website","url":"https:\/\/www.laguiadepamplona.com\/actualidad\/","name":"La gu\u00eda de Pamplona","description":"Noticias de Pamplona","publisher":{"@id":"https:\/\/www.laguiadepamplona.com\/actualidad\/#organization"},"potentialAction":[{"@type":"SearchAction","target":{"@type":"EntryPoint","urlTemplate":"https:\/\/www.laguiadepamplona.com\/actualidad\/?s={search_term_string}"},"query-input":{"@type":"PropertyValueSpecification","valueRequired":true,"valueName":"search_term_string"}}],"inLanguage":"es"},{"@type":"Organization","@id":"https:\/\/www.laguiadepamplona.com\/actualidad\/#organization","name":"La Gu\u00eda de Pamplona \/ Noticias","url":"https:\/\/www.laguiadepamplona.com\/actualidad\/","logo":{"@type":"ImageObject","inLanguage":"es","@id":"https:\/\/www.laguiadepamplona.com\/actualidad\/#\/schema\/logo\/image\/","url":"https:\/\/www.laguiadepamplona.com\/actualidad\/wp-content\/uploads\/2018\/11\/logo-laguiadepamplona18-web1.png","contentUrl":"https:\/\/www.laguiadepamplona.com\/actualidad\/wp-content\/uploads\/2018\/11\/logo-laguiadepamplona18-web1.png","width":600,"height":196,"caption":"La Gu\u00eda de Pamplona \/ Noticias"},"image":{"@id":"https:\/\/www.laguiadepamplona.com\/actualidad\/#\/schema\/logo\/image\/"},"sameAs":["https:\/\/www.facebook.com\/laguiadepamplonacom-133175176762273\/?ref=hl","https:\/\/x.com\/LaGuiadPamplona","https:\/\/www.instagram.com\/la_guia_de_pamplona\/","https:\/\/www.youtube.com\/user\/laguiadepamplona"]},{"@type":"Person","@id":"https:\/\/www.laguiadepamplona.com\/actualidad\/#\/schema\/person\/efe887376f0213d4657c93adc50b1fdb","name":"La Gu\u00eda de Pamplona","image":{"@type":"ImageObject","inLanguage":"es","@id":"https:\/\/secure.gravatar.com\/avatar\/b6992f131dc8d30ab0dff15446e9d346d9dbd95992de0fef795073f5ea83a81c?s=96&d=mm&r=g","url":"https:\/\/secure.gravatar.com\/avatar\/b6992f131dc8d30ab0dff15446e9d346d9dbd95992de0fef795073f5ea83a81c?s=96&d=mm&r=g","contentUrl":"https:\/\/secure.gravatar.com\/avatar\/b6992f131dc8d30ab0dff15446e9d346d9dbd95992de0fef795073f5ea83a81c?s=96&d=mm&r=g","caption":"La Gu\u00eda de Pamplona"}}]}},"post_mailing_queue_ids":[],"_links":{"self":[{"href":"https:\/\/www.laguiadepamplona.com\/actualidad\/wp-json\/wp\/v2\/posts\/40196","targetHints":{"allow":["GET"]}}],"collection":[{"href":"https:\/\/www.laguiadepamplona.com\/actualidad\/wp-json\/wp\/v2\/posts"}],"about":[{"href":"https:\/\/www.laguiadepamplona.com\/actualidad\/wp-json\/wp\/v2\/types\/post"}],"author":[{"embeddable":true,"href":"https:\/\/www.laguiadepamplona.com\/actualidad\/wp-json\/wp\/v2\/users\/1"}],"replies":[{"embeddable":true,"href":"https:\/\/www.laguiadepamplona.com\/actualidad\/wp-json\/wp\/v2\/comments?post=40196"}],"version-history":[{"count":0,"href":"https:\/\/www.laguiadepamplona.com\/actualidad\/wp-json\/wp\/v2\/posts\/40196\/revisions"}],"wp:featuredmedia":[{"embeddable":true,"href":"https:\/\/www.laguiadepamplona.com\/actualidad\/wp-json\/wp\/v2\/media\/40197"}],"wp:attachment":[{"href":"https:\/\/www.laguiadepamplona.com\/actualidad\/wp-json\/wp\/v2\/media?parent=40196"}],"wp:term":[{"taxonomy":"category","embeddable":true,"href":"https:\/\/www.laguiadepamplona.com\/actualidad\/wp-json\/wp\/v2\/categories?post=40196"},{"taxonomy":"post_tag","embeddable":true,"href":"https:\/\/www.laguiadepamplona.com\/actualidad\/wp-json\/wp\/v2\/tags?post=40196"}],"curies":[{"name":"wp","href":"https:\/\/api.w.org\/{rel}","templated":true}]}}