{"id":40181,"date":"2022-05-04T13:11:38","date_gmt":"2022-05-04T11:11:38","guid":{"rendered":"https:\/\/www.laguiadepamplona.com\/actualidad\/?p=40181"},"modified":"2023-04-11T11:48:14","modified_gmt":"2023-04-11T09:48:14","slug":"animacion-musical-por-el-centro-de-la-ciudad-e-iluminacion-de-las-murallas-de-color-rojo-para-subir-manana-jueves-un-peldano-mas-de-la-escalera-sanferminera","status":"publish","type":"post","link":"https:\/\/www.laguiadepamplona.com\/actualidad\/animacion-musical-por-el-centro-de-la-ciudad-e-iluminacion-de-las-murallas-de-color-rojo-para-subir-manana-jueves-un-peldano-mas-de-la-escalera-sanferminera\/","title":{"rendered":"Animaci\u00f3n musical por el centro de la ciudad e iluminaci\u00f3n de las murallas de color rojo para subir ma\u00f1ana jueves un pelda\u00f1o m\u00e1s de la escalera sanferminera"},"content":{"rendered":"<h5>Este mi\u00e9rcoles es el \u00faltimo d\u00eda de votaci\u00f3n popular para elegir el cartel que anunciar\u00e1 los Sanfermines 2022<\/h5>\n<p><!--more--><\/p>\n<p>Pamplona celebra ma\u00f1ana un nuevo pelda\u00f1o de la escalera sanferminera. Ma\u00f1ana jueves, 5 de mayo, el Ayuntamiento de Pamplona propone una tarde de animaci\u00f3n musical y pasacalles por las calles del centro de la ciudad e iluminar\u00e1 tambi\u00e9n el Caballero Dominante de la Ciudadela, frente a la estaci\u00f3n de autobuses, de color rojo como s\u00edmbolo de la fiesta que se acerca. Todo ello despu\u00e9s de que ma\u00f1ana por la ma\u00f1ana, se d\u00e9 a conocer la obra ganadora del concurso de carteles para los Sanfermines 2022.<br \/>\n<script async src=\"\/\/pagead2.googlesyndication.com\/pagead\/js\/adsbygoogle.js\"><\/script><br \/>\n<!-- Noticias La Guia de Pamplona --><br \/>\n<ins class=\"adsbygoogle\"\nstyle=\"display:block\"\ndata-ad-client=\"ca-pub-6943679897239327\"\ndata-ad-slot=\"7048180777\"\ndata-ad-format=\"auto\"><\/ins><br \/>\n<script>\n(adsbygoogle = window.adsbygoogle || []).push({});\n<\/script><\/p>\n<p>La dinamizaci\u00f3n musical comenzar\u00e1 a las 20 horas, con la participaci\u00f3n de dos charangas. A la veteran\u00eda de Jarauta 69 se unir\u00e1 la juventud de Eguzki Txaranga. La primera saldr\u00e1 precisamente de la calle Jarauta y recorrer\u00e1 las calles del Casco Antiguo para acabar en la Plaza Consistorial y bailar la Era. Desde el Ayuntamiento de Pamplona partir\u00e1 Eguzki Txaranga para recorrer calles como San Nicol\u00e1s y el paseo de Sarasate y adentrarse despu\u00e9s en el Ensanche. La m\u00fasica concluir\u00e1 en torno a las 21.30 horas.<\/p>\n<p>Coincidiendo con un nuevo pelda\u00f1o de la escalera sanferminera, ma\u00f1ana jueves se har\u00e1 p\u00fablico el cartel ganador de la votaci\u00f3n popular para elegir la obra que anunciar\u00e1 las fiestas de este a\u00f1o 2022. Este mi\u00e9rcoles finaliza el plazo para que las personas empadronadas en Pamplona voten a trav\u00e9s de alguna de las v\u00edas habilitadas: en el tel\u00e9fono 010 \u2013 948 420 100 (hasta las 19 horas), de forma presencial en la red Civivox (hasta las 21 horas) y de forma online, en <a href=\"http:\/\/www.pamplona.es\" target=\"_blank\" rel=\"noopener\">www.pamplona.es<\/a> (hasta las 23.59 horas). Por el momento, se ha registrado m\u00e1s de 7.800 votos.<\/p>\n","protected":false},"excerpt":{"rendered":"<p>Este mi\u00e9rcoles es el \u00faltimo d\u00eda de votaci\u00f3n popular para elegir el cartel que anunciar\u00e1 los Sanfermines 2022<\/p>\n","protected":false},"author":1,"featured_media":39155,"comment_status":"open","ping_status":"closed","sticky":false,"template":"","format":"standard","meta":{"footnotes":""},"categories":[2],"tags":[],"class_list":["post-40181","post","type-post","status-publish","format-standard","has-post-thumbnail","hentry","category-ayuntamiento-pamplona"],"yoast_head":"<!-- This site is optimized with the Yoast SEO plugin v27.3 - https:\/\/yoast.com\/product\/yoast-seo-wordpress\/ -->\n<title>Animaci\u00f3n musical por el centro de la ciudad e iluminaci\u00f3n de las murallas de color rojo para subir ma\u00f1ana jueves un pelda\u00f1o m\u00e1s de la escalera sanferminera<\/title>\n<meta name=\"description\" content=\"Este mi\u00e9rcoles es el \u00faltimo d\u00eda de votaci\u00f3n popular para elegir el cartel que anunciar\u00e1 los Sanfermines 2022\" \/>\n<meta name=\"robots\" content=\"index, follow, max-snippet:-1, max-image-preview:large, max-video-preview:-1\" \/>\n<link rel=\"canonical\" href=\"https:\/\/www.laguiadepamplona.com\/actualidad\/animacion-musical-por-el-centro-de-la-ciudad-e-iluminacion-de-las-murallas-de-color-rojo-para-subir-manana-jueves-un-peldano-mas-de-la-escalera-sanferminera\/\" \/>\n<meta property=\"og:locale\" content=\"es_ES\" \/>\n<meta property=\"og:type\" content=\"article\" \/>\n<meta property=\"og:title\" content=\"Animaci\u00f3n musical por el centro de la ciudad e iluminaci\u00f3n de las murallas de color rojo para subir ma\u00f1ana jueves un pelda\u00f1o m\u00e1s de la escalera sanferminera\" \/>\n<meta property=\"og:description\" content=\"Este mi\u00e9rcoles es el \u00faltimo d\u00eda de votaci\u00f3n popular para elegir el cartel que anunciar\u00e1 los Sanfermines 2022\" \/>\n<meta property=\"og:url\" content=\"https:\/\/www.laguiadepamplona.com\/actualidad\/animacion-musical-por-el-centro-de-la-ciudad-e-iluminacion-de-las-murallas-de-color-rojo-para-subir-manana-jueves-un-peldano-mas-de-la-escalera-sanferminera\/\" \/>\n<meta property=\"og:site_name\" content=\"La Gu\u00eda de Pamplona\" \/>\n<meta property=\"article:publisher\" content=\"https:\/\/www.facebook.com\/laguiadepamplonacom-133175176762273\/?ref=hl\" \/>\n<meta property=\"article:published_time\" content=\"2022-05-04T11:11:38+00:00\" \/>\n<meta property=\"article:modified_time\" content=\"2023-04-11T09:48:14+00:00\" \/>\n<meta property=\"og:image\" content=\"https:\/\/www.laguiadepamplona.com\/actualidad\/wp-content\/uploads\/2022\/03\/ciudadelaroja.jpg\" \/>\n\t<meta property=\"og:image:width\" content=\"1600\" \/>\n\t<meta property=\"og:image:height\" content=\"1196\" \/>\n\t<meta property=\"og:image:type\" content=\"image\/jpeg\" \/>\n<meta name=\"author\" content=\"La Gu\u00eda de Pamplona\" \/>\n<meta name=\"twitter:card\" content=\"summary_large_image\" \/>\n<meta name=\"twitter:creator\" content=\"@LaGuiadPamplona\" \/>\n<meta name=\"twitter:site\" content=\"@LaGuiadPamplona\" \/>\n<meta name=\"twitter:label1\" content=\"Escrito por\" \/>\n\t<meta name=\"twitter:data1\" content=\"La Gu\u00eda de Pamplona\" \/>\n\t<meta name=\"twitter:label2\" content=\"Tiempo de lectura\" \/>\n\t<meta name=\"twitter:data2\" content=\"2 minutos\" \/>\n<script type=\"application\/ld+json\" class=\"yoast-schema-graph\">{\"@context\":\"https:\\\/\\\/schema.org\",\"@graph\":[{\"@type\":\"Article\",\"@id\":\"https:\\\/\\\/www.laguiadepamplona.com\\\/actualidad\\\/animacion-musical-por-el-centro-de-la-ciudad-e-iluminacion-de-las-murallas-de-color-rojo-para-subir-manana-jueves-un-peldano-mas-de-la-escalera-sanferminera\\\/#article\",\"isPartOf\":{\"@id\":\"https:\\\/\\\/www.laguiadepamplona.com\\\/actualidad\\\/animacion-musical-por-el-centro-de-la-ciudad-e-iluminacion-de-las-murallas-de-color-rojo-para-subir-manana-jueves-un-peldano-mas-de-la-escalera-sanferminera\\\/\"},\"author\":{\"name\":\"La Gu\u00eda de Pamplona\",\"@id\":\"https:\\\/\\\/www.laguiadepamplona.com\\\/actualidad\\\/#\\\/schema\\\/person\\\/efe887376f0213d4657c93adc50b1fdb\"},\"headline\":\"Animaci\u00f3n musical por el centro de la ciudad e iluminaci\u00f3n de las murallas de color rojo para subir ma\u00f1ana jueves un pelda\u00f1o m\u00e1s de la escalera sanferminera\",\"datePublished\":\"2022-05-04T11:11:38+00:00\",\"dateModified\":\"2023-04-11T09:48:14+00:00\",\"mainEntityOfPage\":{\"@id\":\"https:\\\/\\\/www.laguiadepamplona.com\\\/actualidad\\\/animacion-musical-por-el-centro-de-la-ciudad-e-iluminacion-de-las-murallas-de-color-rojo-para-subir-manana-jueves-un-peldano-mas-de-la-escalera-sanferminera\\\/\"},\"wordCount\":333,\"commentCount\":0,\"publisher\":{\"@id\":\"https:\\\/\\\/www.laguiadepamplona.com\\\/actualidad\\\/#organization\"},\"image\":{\"@id\":\"https:\\\/\\\/www.laguiadepamplona.com\\\/actualidad\\\/animacion-musical-por-el-centro-de-la-ciudad-e-iluminacion-de-las-murallas-de-color-rojo-para-subir-manana-jueves-un-peldano-mas-de-la-escalera-sanferminera\\\/#primaryimage\"},\"thumbnailUrl\":\"https:\\\/\\\/www.laguiadepamplona.com\\\/actualidad\\\/wp-content\\\/uploads\\\/2022\\\/03\\\/ciudadelaroja.jpg\",\"articleSection\":[\"Ayto Pamplona\"],\"inLanguage\":\"es\",\"potentialAction\":[{\"@type\":\"CommentAction\",\"name\":\"Comment\",\"target\":[\"https:\\\/\\\/www.laguiadepamplona.com\\\/actualidad\\\/animacion-musical-por-el-centro-de-la-ciudad-e-iluminacion-de-las-murallas-de-color-rojo-para-subir-manana-jueves-un-peldano-mas-de-la-escalera-sanferminera\\\/#respond\"]}]},{\"@type\":\"WebPage\",\"@id\":\"https:\\\/\\\/www.laguiadepamplona.com\\\/actualidad\\\/animacion-musical-por-el-centro-de-la-ciudad-e-iluminacion-de-las-murallas-de-color-rojo-para-subir-manana-jueves-un-peldano-mas-de-la-escalera-sanferminera\\\/\",\"url\":\"https:\\\/\\\/www.laguiadepamplona.com\\\/actualidad\\\/animacion-musical-por-el-centro-de-la-ciudad-e-iluminacion-de-las-murallas-de-color-rojo-para-subir-manana-jueves-un-peldano-mas-de-la-escalera-sanferminera\\\/\",\"name\":\"Animaci\u00f3n musical por el centro de la ciudad e iluminaci\u00f3n de las murallas de color rojo para subir ma\u00f1ana jueves un pelda\u00f1o m\u00e1s de la escalera sanferminera\",\"isPartOf\":{\"@id\":\"https:\\\/\\\/www.laguiadepamplona.com\\\/actualidad\\\/#website\"},\"primaryImageOfPage\":{\"@id\":\"https:\\\/\\\/www.laguiadepamplona.com\\\/actualidad\\\/animacion-musical-por-el-centro-de-la-ciudad-e-iluminacion-de-las-murallas-de-color-rojo-para-subir-manana-jueves-un-peldano-mas-de-la-escalera-sanferminera\\\/#primaryimage\"},\"image\":{\"@id\":\"https:\\\/\\\/www.laguiadepamplona.com\\\/actualidad\\\/animacion-musical-por-el-centro-de-la-ciudad-e-iluminacion-de-las-murallas-de-color-rojo-para-subir-manana-jueves-un-peldano-mas-de-la-escalera-sanferminera\\\/#primaryimage\"},\"thumbnailUrl\":\"https:\\\/\\\/www.laguiadepamplona.com\\\/actualidad\\\/wp-content\\\/uploads\\\/2022\\\/03\\\/ciudadelaroja.jpg\",\"datePublished\":\"2022-05-04T11:11:38+00:00\",\"dateModified\":\"2023-04-11T09:48:14+00:00\",\"description\":\"Este mi\u00e9rcoles es el \u00faltimo d\u00eda de votaci\u00f3n popular para elegir el cartel que anunciar\u00e1 los Sanfermines 2022\",\"breadcrumb\":{\"@id\":\"https:\\\/\\\/www.laguiadepamplona.com\\\/actualidad\\\/animacion-musical-por-el-centro-de-la-ciudad-e-iluminacion-de-las-murallas-de-color-rojo-para-subir-manana-jueves-un-peldano-mas-de-la-escalera-sanferminera\\\/#breadcrumb\"},\"inLanguage\":\"es\",\"potentialAction\":[{\"@type\":\"ReadAction\",\"target\":[\"https:\\\/\\\/www.laguiadepamplona.com\\\/actualidad\\\/animacion-musical-por-el-centro-de-la-ciudad-e-iluminacion-de-las-murallas-de-color-rojo-para-subir-manana-jueves-un-peldano-mas-de-la-escalera-sanferminera\\\/\"]}]},{\"@type\":\"ImageObject\",\"inLanguage\":\"es\",\"@id\":\"https:\\\/\\\/www.laguiadepamplona.com\\\/actualidad\\\/animacion-musical-por-el-centro-de-la-ciudad-e-iluminacion-de-las-murallas-de-color-rojo-para-subir-manana-jueves-un-peldano-mas-de-la-escalera-sanferminera\\\/#primaryimage\",\"url\":\"https:\\\/\\\/www.laguiadepamplona.com\\\/actualidad\\\/wp-content\\\/uploads\\\/2022\\\/03\\\/ciudadelaroja.jpg\",\"contentUrl\":\"https:\\\/\\\/www.laguiadepamplona.com\\\/actualidad\\\/wp-content\\\/uploads\\\/2022\\\/03\\\/ciudadelaroja.jpg\",\"width\":1600,\"height\":1196},{\"@type\":\"BreadcrumbList\",\"@id\":\"https:\\\/\\\/www.laguiadepamplona.com\\\/actualidad\\\/animacion-musical-por-el-centro-de-la-ciudad-e-iluminacion-de-las-murallas-de-color-rojo-para-subir-manana-jueves-un-peldano-mas-de-la-escalera-sanferminera\\\/#breadcrumb\",\"itemListElement\":[{\"@type\":\"ListItem\",\"position\":1,\"name\":\"Portada\",\"item\":\"https:\\\/\\\/www.laguiadepamplona.com\\\/actualidad\\\/\"},{\"@type\":\"ListItem\",\"position\":2,\"name\":\"Animaci\u00f3n musical por el centro de la ciudad e iluminaci\u00f3n de las murallas de color rojo para subir ma\u00f1ana jueves un pelda\u00f1o m\u00e1s de la escalera sanferminera\"}]},{\"@type\":\"WebSite\",\"@id\":\"https:\\\/\\\/www.laguiadepamplona.com\\\/actualidad\\\/#website\",\"url\":\"https:\\\/\\\/www.laguiadepamplona.com\\\/actualidad\\\/\",\"name\":\"La gu\u00eda de Pamplona\",\"description\":\"Noticias de Pamplona\",\"publisher\":{\"@id\":\"https:\\\/\\\/www.laguiadepamplona.com\\\/actualidad\\\/#organization\"},\"potentialAction\":[{\"@type\":\"SearchAction\",\"target\":{\"@type\":\"EntryPoint\",\"urlTemplate\":\"https:\\\/\\\/www.laguiadepamplona.com\\\/actualidad\\\/?s={search_term_string}\"},\"query-input\":{\"@type\":\"PropertyValueSpecification\",\"valueRequired\":true,\"valueName\":\"search_term_string\"}}],\"inLanguage\":\"es\"},{\"@type\":\"Organization\",\"@id\":\"https:\\\/\\\/www.laguiadepamplona.com\\\/actualidad\\\/#organization\",\"name\":\"La Gu\u00eda de Pamplona \\\/ Noticias\",\"url\":\"https:\\\/\\\/www.laguiadepamplona.com\\\/actualidad\\\/\",\"logo\":{\"@type\":\"ImageObject\",\"inLanguage\":\"es\",\"@id\":\"https:\\\/\\\/www.laguiadepamplona.com\\\/actualidad\\\/#\\\/schema\\\/logo\\\/image\\\/\",\"url\":\"https:\\\/\\\/www.laguiadepamplona.com\\\/actualidad\\\/wp-content\\\/uploads\\\/2018\\\/11\\\/logo-laguiadepamplona18-web1.png\",\"contentUrl\":\"https:\\\/\\\/www.laguiadepamplona.com\\\/actualidad\\\/wp-content\\\/uploads\\\/2018\\\/11\\\/logo-laguiadepamplona18-web1.png\",\"width\":600,\"height\":196,\"caption\":\"La Gu\u00eda de Pamplona \\\/ Noticias\"},\"image\":{\"@id\":\"https:\\\/\\\/www.laguiadepamplona.com\\\/actualidad\\\/#\\\/schema\\\/logo\\\/image\\\/\"},\"sameAs\":[\"https:\\\/\\\/www.facebook.com\\\/laguiadepamplonacom-133175176762273\\\/?ref=hl\",\"https:\\\/\\\/x.com\\\/LaGuiadPamplona\",\"https:\\\/\\\/www.instagram.com\\\/la_guia_de_pamplona\\\/\",\"https:\\\/\\\/www.youtube.com\\\/user\\\/laguiadepamplona\"]},{\"@type\":\"Person\",\"@id\":\"https:\\\/\\\/www.laguiadepamplona.com\\\/actualidad\\\/#\\\/schema\\\/person\\\/efe887376f0213d4657c93adc50b1fdb\",\"name\":\"La Gu\u00eda de Pamplona\",\"image\":{\"@type\":\"ImageObject\",\"inLanguage\":\"es\",\"@id\":\"https:\\\/\\\/secure.gravatar.com\\\/avatar\\\/b6992f131dc8d30ab0dff15446e9d346d9dbd95992de0fef795073f5ea83a81c?s=96&d=mm&r=g\",\"url\":\"https:\\\/\\\/secure.gravatar.com\\\/avatar\\\/b6992f131dc8d30ab0dff15446e9d346d9dbd95992de0fef795073f5ea83a81c?s=96&d=mm&r=g\",\"contentUrl\":\"https:\\\/\\\/secure.gravatar.com\\\/avatar\\\/b6992f131dc8d30ab0dff15446e9d346d9dbd95992de0fef795073f5ea83a81c?s=96&d=mm&r=g\",\"caption\":\"La Gu\u00eda de Pamplona\"}}]}<\/script>\n<!-- \/ Yoast SEO plugin. -->","yoast_head_json":{"title":"Animaci\u00f3n musical por el centro de la ciudad e iluminaci\u00f3n de las murallas de color rojo para subir ma\u00f1ana jueves un pelda\u00f1o m\u00e1s de la escalera sanferminera","description":"Este mi\u00e9rcoles es el \u00faltimo d\u00eda de votaci\u00f3n popular para elegir el cartel que anunciar\u00e1 los Sanfermines 2022","robots":{"index":"index","follow":"follow","max-snippet":"max-snippet:-1","max-image-preview":"max-image-preview:large","max-video-preview":"max-video-preview:-1"},"canonical":"https:\/\/www.laguiadepamplona.com\/actualidad\/animacion-musical-por-el-centro-de-la-ciudad-e-iluminacion-de-las-murallas-de-color-rojo-para-subir-manana-jueves-un-peldano-mas-de-la-escalera-sanferminera\/","og_locale":"es_ES","og_type":"article","og_title":"Animaci\u00f3n musical por el centro de la ciudad e iluminaci\u00f3n de las murallas de color rojo para subir ma\u00f1ana jueves un pelda\u00f1o m\u00e1s de la escalera sanferminera","og_description":"Este mi\u00e9rcoles es el \u00faltimo d\u00eda de votaci\u00f3n popular para elegir el cartel que anunciar\u00e1 los Sanfermines 2022","og_url":"https:\/\/www.laguiadepamplona.com\/actualidad\/animacion-musical-por-el-centro-de-la-ciudad-e-iluminacion-de-las-murallas-de-color-rojo-para-subir-manana-jueves-un-peldano-mas-de-la-escalera-sanferminera\/","og_site_name":"La Gu\u00eda de Pamplona","article_publisher":"https:\/\/www.facebook.com\/laguiadepamplonacom-133175176762273\/?ref=hl","article_published_time":"2022-05-04T11:11:38+00:00","article_modified_time":"2023-04-11T09:48:14+00:00","og_image":[{"width":1600,"height":1196,"url":"https:\/\/www.laguiadepamplona.com\/actualidad\/wp-content\/uploads\/2022\/03\/ciudadelaroja.jpg","type":"image\/jpeg"}],"author":"La Gu\u00eda de Pamplona","twitter_card":"summary_large_image","twitter_creator":"@LaGuiadPamplona","twitter_site":"@LaGuiadPamplona","twitter_misc":{"Escrito por":"La Gu\u00eda de Pamplona","Tiempo de lectura":"2 minutos"},"schema":{"@context":"https:\/\/schema.org","@graph":[{"@type":"Article","@id":"https:\/\/www.laguiadepamplona.com\/actualidad\/animacion-musical-por-el-centro-de-la-ciudad-e-iluminacion-de-las-murallas-de-color-rojo-para-subir-manana-jueves-un-peldano-mas-de-la-escalera-sanferminera\/#article","isPartOf":{"@id":"https:\/\/www.laguiadepamplona.com\/actualidad\/animacion-musical-por-el-centro-de-la-ciudad-e-iluminacion-de-las-murallas-de-color-rojo-para-subir-manana-jueves-un-peldano-mas-de-la-escalera-sanferminera\/"},"author":{"name":"La Gu\u00eda de Pamplona","@id":"https:\/\/www.laguiadepamplona.com\/actualidad\/#\/schema\/person\/efe887376f0213d4657c93adc50b1fdb"},"headline":"Animaci\u00f3n musical por el centro de la ciudad e iluminaci\u00f3n de las murallas de color rojo para subir ma\u00f1ana jueves un pelda\u00f1o m\u00e1s de la escalera sanferminera","datePublished":"2022-05-04T11:11:38+00:00","dateModified":"2023-04-11T09:48:14+00:00","mainEntityOfPage":{"@id":"https:\/\/www.laguiadepamplona.com\/actualidad\/animacion-musical-por-el-centro-de-la-ciudad-e-iluminacion-de-las-murallas-de-color-rojo-para-subir-manana-jueves-un-peldano-mas-de-la-escalera-sanferminera\/"},"wordCount":333,"commentCount":0,"publisher":{"@id":"https:\/\/www.laguiadepamplona.com\/actualidad\/#organization"},"image":{"@id":"https:\/\/www.laguiadepamplona.com\/actualidad\/animacion-musical-por-el-centro-de-la-ciudad-e-iluminacion-de-las-murallas-de-color-rojo-para-subir-manana-jueves-un-peldano-mas-de-la-escalera-sanferminera\/#primaryimage"},"thumbnailUrl":"https:\/\/www.laguiadepamplona.com\/actualidad\/wp-content\/uploads\/2022\/03\/ciudadelaroja.jpg","articleSection":["Ayto Pamplona"],"inLanguage":"es","potentialAction":[{"@type":"CommentAction","name":"Comment","target":["https:\/\/www.laguiadepamplona.com\/actualidad\/animacion-musical-por-el-centro-de-la-ciudad-e-iluminacion-de-las-murallas-de-color-rojo-para-subir-manana-jueves-un-peldano-mas-de-la-escalera-sanferminera\/#respond"]}]},{"@type":"WebPage","@id":"https:\/\/www.laguiadepamplona.com\/actualidad\/animacion-musical-por-el-centro-de-la-ciudad-e-iluminacion-de-las-murallas-de-color-rojo-para-subir-manana-jueves-un-peldano-mas-de-la-escalera-sanferminera\/","url":"https:\/\/www.laguiadepamplona.com\/actualidad\/animacion-musical-por-el-centro-de-la-ciudad-e-iluminacion-de-las-murallas-de-color-rojo-para-subir-manana-jueves-un-peldano-mas-de-la-escalera-sanferminera\/","name":"Animaci\u00f3n musical por el centro de la ciudad e iluminaci\u00f3n de las murallas de color rojo para subir ma\u00f1ana jueves un pelda\u00f1o m\u00e1s de la escalera sanferminera","isPartOf":{"@id":"https:\/\/www.laguiadepamplona.com\/actualidad\/#website"},"primaryImageOfPage":{"@id":"https:\/\/www.laguiadepamplona.com\/actualidad\/animacion-musical-por-el-centro-de-la-ciudad-e-iluminacion-de-las-murallas-de-color-rojo-para-subir-manana-jueves-un-peldano-mas-de-la-escalera-sanferminera\/#primaryimage"},"image":{"@id":"https:\/\/www.laguiadepamplona.com\/actualidad\/animacion-musical-por-el-centro-de-la-ciudad-e-iluminacion-de-las-murallas-de-color-rojo-para-subir-manana-jueves-un-peldano-mas-de-la-escalera-sanferminera\/#primaryimage"},"thumbnailUrl":"https:\/\/www.laguiadepamplona.com\/actualidad\/wp-content\/uploads\/2022\/03\/ciudadelaroja.jpg","datePublished":"2022-05-04T11:11:38+00:00","dateModified":"2023-04-11T09:48:14+00:00","description":"Este mi\u00e9rcoles es el \u00faltimo d\u00eda de votaci\u00f3n popular para elegir el cartel que anunciar\u00e1 los Sanfermines 2022","breadcrumb":{"@id":"https:\/\/www.laguiadepamplona.com\/actualidad\/animacion-musical-por-el-centro-de-la-ciudad-e-iluminacion-de-las-murallas-de-color-rojo-para-subir-manana-jueves-un-peldano-mas-de-la-escalera-sanferminera\/#breadcrumb"},"inLanguage":"es","potentialAction":[{"@type":"ReadAction","target":["https:\/\/www.laguiadepamplona.com\/actualidad\/animacion-musical-por-el-centro-de-la-ciudad-e-iluminacion-de-las-murallas-de-color-rojo-para-subir-manana-jueves-un-peldano-mas-de-la-escalera-sanferminera\/"]}]},{"@type":"ImageObject","inLanguage":"es","@id":"https:\/\/www.laguiadepamplona.com\/actualidad\/animacion-musical-por-el-centro-de-la-ciudad-e-iluminacion-de-las-murallas-de-color-rojo-para-subir-manana-jueves-un-peldano-mas-de-la-escalera-sanferminera\/#primaryimage","url":"https:\/\/www.laguiadepamplona.com\/actualidad\/wp-content\/uploads\/2022\/03\/ciudadelaroja.jpg","contentUrl":"https:\/\/www.laguiadepamplona.com\/actualidad\/wp-content\/uploads\/2022\/03\/ciudadelaroja.jpg","width":1600,"height":1196},{"@type":"BreadcrumbList","@id":"https:\/\/www.laguiadepamplona.com\/actualidad\/animacion-musical-por-el-centro-de-la-ciudad-e-iluminacion-de-las-murallas-de-color-rojo-para-subir-manana-jueves-un-peldano-mas-de-la-escalera-sanferminera\/#breadcrumb","itemListElement":[{"@type":"ListItem","position":1,"name":"Portada","item":"https:\/\/www.laguiadepamplona.com\/actualidad\/"},{"@type":"ListItem","position":2,"name":"Animaci\u00f3n musical por el centro de la ciudad e iluminaci\u00f3n de las murallas de color rojo para subir ma\u00f1ana jueves un pelda\u00f1o m\u00e1s de la escalera sanferminera"}]},{"@type":"WebSite","@id":"https:\/\/www.laguiadepamplona.com\/actualidad\/#website","url":"https:\/\/www.laguiadepamplona.com\/actualidad\/","name":"La gu\u00eda de Pamplona","description":"Noticias de Pamplona","publisher":{"@id":"https:\/\/www.laguiadepamplona.com\/actualidad\/#organization"},"potentialAction":[{"@type":"SearchAction","target":{"@type":"EntryPoint","urlTemplate":"https:\/\/www.laguiadepamplona.com\/actualidad\/?s={search_term_string}"},"query-input":{"@type":"PropertyValueSpecification","valueRequired":true,"valueName":"search_term_string"}}],"inLanguage":"es"},{"@type":"Organization","@id":"https:\/\/www.laguiadepamplona.com\/actualidad\/#organization","name":"La Gu\u00eda de Pamplona \/ Noticias","url":"https:\/\/www.laguiadepamplona.com\/actualidad\/","logo":{"@type":"ImageObject","inLanguage":"es","@id":"https:\/\/www.laguiadepamplona.com\/actualidad\/#\/schema\/logo\/image\/","url":"https:\/\/www.laguiadepamplona.com\/actualidad\/wp-content\/uploads\/2018\/11\/logo-laguiadepamplona18-web1.png","contentUrl":"https:\/\/www.laguiadepamplona.com\/actualidad\/wp-content\/uploads\/2018\/11\/logo-laguiadepamplona18-web1.png","width":600,"height":196,"caption":"La Gu\u00eda de Pamplona \/ Noticias"},"image":{"@id":"https:\/\/www.laguiadepamplona.com\/actualidad\/#\/schema\/logo\/image\/"},"sameAs":["https:\/\/www.facebook.com\/laguiadepamplonacom-133175176762273\/?ref=hl","https:\/\/x.com\/LaGuiadPamplona","https:\/\/www.instagram.com\/la_guia_de_pamplona\/","https:\/\/www.youtube.com\/user\/laguiadepamplona"]},{"@type":"Person","@id":"https:\/\/www.laguiadepamplona.com\/actualidad\/#\/schema\/person\/efe887376f0213d4657c93adc50b1fdb","name":"La Gu\u00eda de Pamplona","image":{"@type":"ImageObject","inLanguage":"es","@id":"https:\/\/secure.gravatar.com\/avatar\/b6992f131dc8d30ab0dff15446e9d346d9dbd95992de0fef795073f5ea83a81c?s=96&d=mm&r=g","url":"https:\/\/secure.gravatar.com\/avatar\/b6992f131dc8d30ab0dff15446e9d346d9dbd95992de0fef795073f5ea83a81c?s=96&d=mm&r=g","contentUrl":"https:\/\/secure.gravatar.com\/avatar\/b6992f131dc8d30ab0dff15446e9d346d9dbd95992de0fef795073f5ea83a81c?s=96&d=mm&r=g","caption":"La Gu\u00eda de Pamplona"}}]}},"post_mailing_queue_ids":[],"_links":{"self":[{"href":"https:\/\/www.laguiadepamplona.com\/actualidad\/wp-json\/wp\/v2\/posts\/40181","targetHints":{"allow":["GET"]}}],"collection":[{"href":"https:\/\/www.laguiadepamplona.com\/actualidad\/wp-json\/wp\/v2\/posts"}],"about":[{"href":"https:\/\/www.laguiadepamplona.com\/actualidad\/wp-json\/wp\/v2\/types\/post"}],"author":[{"embeddable":true,"href":"https:\/\/www.laguiadepamplona.com\/actualidad\/wp-json\/wp\/v2\/users\/1"}],"replies":[{"embeddable":true,"href":"https:\/\/www.laguiadepamplona.com\/actualidad\/wp-json\/wp\/v2\/comments?post=40181"}],"version-history":[{"count":0,"href":"https:\/\/www.laguiadepamplona.com\/actualidad\/wp-json\/wp\/v2\/posts\/40181\/revisions"}],"wp:featuredmedia":[{"embeddable":true,"href":"https:\/\/www.laguiadepamplona.com\/actualidad\/wp-json\/wp\/v2\/media\/39155"}],"wp:attachment":[{"href":"https:\/\/www.laguiadepamplona.com\/actualidad\/wp-json\/wp\/v2\/media?parent=40181"}],"wp:term":[{"taxonomy":"category","embeddable":true,"href":"https:\/\/www.laguiadepamplona.com\/actualidad\/wp-json\/wp\/v2\/categories?post=40181"},{"taxonomy":"post_tag","embeddable":true,"href":"https:\/\/www.laguiadepamplona.com\/actualidad\/wp-json\/wp\/v2\/tags?post=40181"}],"curies":[{"name":"wp","href":"https:\/\/api.w.org\/{rel}","templated":true}]}}