{"id":40178,"date":"2022-05-04T13:10:18","date_gmt":"2022-05-04T11:10:18","guid":{"rendered":"https:\/\/www.laguiadepamplona.com\/actualidad\/?p=40178"},"modified":"2023-04-11T11:48:14","modified_gmt":"2023-04-11T09:48:14","slug":"el-ayuntamiento-licita-la-organizacion-del-programa-educativo-conozcamos-pamplona-dirigido-a-escolares-de-5o-de-primaria-de-centros-publicos-y-concertados","status":"publish","type":"post","link":"https:\/\/www.laguiadepamplona.com\/actualidad\/el-ayuntamiento-licita-la-organizacion-del-programa-educativo-conozcamos-pamplona-dirigido-a-escolares-de-5o-de-primaria-de-centros-publicos-y-concertados\/","title":{"rendered":"El Ayuntamiento licita la organizaci\u00f3n del programa educativo \u2018Conozcamos Pamplona\u2019, dirigido a escolares de 5\u00ba de Primaria de centros p\u00fablicos y concertados"},"content":{"rendered":"<h5>Se trata de un programa que busca favorecer el conocimiento de la ciudad mediante el estudio de su historia y su evoluci\u00f3n urbana<\/h5>\n<p><!--more--><\/p>\n<p>La Junta de Gobierno Local del Ayuntamiento de Pamplona ha aprobado la licitaci\u00f3n del contrato para la organizaci\u00f3n y desarrollo del programa educativo municipal \u2018Conozcamos Pamplona\u2019 en colegios p\u00fablicos y concertados de la ciudad. El presupuesto es de 40.105 euros, con opci\u00f3n a cuatro pr\u00f3rrogas anuales m\u00e1s.<br \/>\n<script async src=\"\/\/pagead2.googlesyndication.com\/pagead\/js\/adsbygoogle.js\"><\/script><br \/>\n<!-- Noticias La Guia de Pamplona --><br \/>\n<ins class=\"adsbygoogle\"\nstyle=\"display:block\"\ndata-ad-client=\"ca-pub-6943679897239327\"\ndata-ad-slot=\"7048180777\"\ndata-ad-format=\"auto\"><\/ins><br \/>\n<script>\n(adsbygoogle = window.adsbygoogle || []).push({});\n<\/script><\/p>\n<p>Los objetivos del programa pasan por facilitar el conocimiento de la Historia y la evoluci\u00f3n de la ciudad; reconocer la importancia del patrimonio hist\u00f3rico \u2013 art\u00edstico de Pamplona; identificar las tradiciones y costumbres de Pamplona, sus caracter\u00edsticas, or\u00edgenes y significado, y la necesidad de su conservaci\u00f3n; y visibilizar la huella femenina en los espacios de la ciudad y mujeres significativas en la Historia y la Cultura de la ciudad.<\/p>\n<p>\u2018Conozcamos Pamplona\u2019 se oferta a todos los colegios p\u00fablicos y concertados de Educaci\u00f3n Infantil y Primaria, concretamente a alumnado de 5\u00ba curso, para contribuir al desarrollo de los contenidos que se establezcan como obligatorios en el Decreto Foral del Curr\u00edculum de Educaci\u00f3n Primaria 174\/2014, de 5 de septiembre. De igual modo, se oferta a centros de otros niveles educativos de Pamplona y de fuera de la ciudad.<br \/>\n<script async src=\"\/\/pagead2.googlesyndication.com\/pagead\/js\/adsbygoogle.js\"><\/script><br \/>\n<!-- Noticias La Guia de Pamplona --><br \/>\n<ins class=\"adsbygoogle\"\nstyle=\"display:block\"\ndata-ad-client=\"ca-pub-6943679897239327\"\ndata-ad-slot=\"7048180777\"\ndata-ad-format=\"auto\"><\/ins><br \/>\n<script>\n(adsbygoogle = window.adsbygoogle || []).push({});\n<\/script><\/p>\n<p><strong>Visita guiada al Casco Antiguo<\/strong><\/p>\n<p>Este programa educativo cuenta con el material did\u00e1ctico \u2018Descubre Pamplona\u2019, editado por el propio Ayuntamiento, tanto en el caso del libro base como en el \u00e1lbum, los cromos y el contenido de trabajo de la p\u00e1gina web habilitada. El material ser\u00e1 puesto a disposici\u00f3n de la empresa que resulte adjudicataria para su utilizaci\u00f3n y su distribuci\u00f3n. El profesorado de los centros participantes contar\u00e1 con una sesi\u00f3n de presentaci\u00f3n del material de trabajo, asesoramiento y orientaci\u00f3n para su mejor aprovechamiento did\u00e1ctico antes y durante el desarrollo del programa.<\/p>\n<p>Ese material es la base de la visita a pie por el Casco Antiguo, con una duraci\u00f3n de 3 horas, que realizar\u00e1n los estudiantes dentro de este programa \u2018Conozcamos Pamplona\u2019. Se estima que durante el primer trimestre del curso 2022 \u2013 2023 ser\u00e1n necesarias un m\u00e1ximo de 23 visitas guiadas, mientras que para el segundo y tercer trimestre se prev\u00e9n 77 salidas. Las visitas se llevar\u00e1n a cabo en castellano, euskera, franc\u00e9s o ingl\u00e9s, seg\u00fan lo demanden los centros participantes. Para el resto de niveles educativos se establece un m\u00e1ximo de 120 visitas.<br \/>\n<script async src=\"\/\/pagead2.googlesyndication.com\/pagead\/js\/adsbygoogle.js\"><\/script><br \/>\n<!-- Noticias La Guia de Pamplona --><br \/>\n<ins class=\"adsbygoogle\"\nstyle=\"display:block\"\ndata-ad-client=\"ca-pub-6943679897239327\"\ndata-ad-slot=\"7048180777\"\ndata-ad-format=\"auto\"><\/ins><br \/>\n<script>\n(adsbygoogle = window.adsbygoogle || []).push({});\n<\/script><\/p>\n<p>La unidad did\u00e1ctica est\u00e1 realizada a modo de un juego en el que el alumnado deber\u00e1 recopilar, analizar y organizar datos hist\u00f3ricos sobre la Historia de Pamplona para crear una l\u00ednea de tiempo. Para ello estar\u00e1n a disposici\u00f3n del alumnado los sobres de \u00e9poca, las tarjetas de datos y los datos podr\u00e1n ser consultados tanto en el libro de Historia de Pamplona, en la visita guiada por el Casco Viejo, en la p\u00e1gina web habilitada para ello y en la l\u00ednea del tiempo digital que figura en la misma p\u00e1gina web. Todo este trabajo se realizar\u00e1 en el aula, con la supervisi\u00f3n del profesorado, la visita al Casco Viejo servir\u00e1 para complementar los conocimientos adquiridos por el alumnado sobre la Historia de Pamplona.<\/p>\n","protected":false},"excerpt":{"rendered":"<p>Se trata de un programa que busca favorecer el conocimiento de la ciudad mediante el estudio de su historia y su evoluci\u00f3n urbana<\/p>\n","protected":false},"author":1,"featured_media":40179,"comment_status":"open","ping_status":"closed","sticky":false,"template":"","format":"standard","meta":{"footnotes":""},"categories":[2],"tags":[],"class_list":["post-40178","post","type-post","status-publish","format-standard","has-post-thumbnail","hentry","category-ayuntamiento-pamplona"],"yoast_head":"<!-- This site is optimized with the Yoast SEO plugin v27.5 - https:\/\/yoast.com\/product\/yoast-seo-wordpress\/ -->\n<title>El Ayuntamiento licita la organizaci\u00f3n del programa educativo \u2018Conozcamos Pamplona\u2019, dirigido a escolares de 5\u00ba de Primaria de centros p\u00fablicos y concertados<\/title>\n<meta name=\"description\" content=\"Se trata de un programa que busca favorecer el conocimiento de la ciudad mediante el estudio de su historia y su evoluci\u00f3n urbana\" \/>\n<meta name=\"robots\" content=\"index, follow, max-snippet:-1, max-image-preview:large, max-video-preview:-1\" \/>\n<link rel=\"canonical\" href=\"https:\/\/www.laguiadepamplona.com\/actualidad\/el-ayuntamiento-licita-la-organizacion-del-programa-educativo-conozcamos-pamplona-dirigido-a-escolares-de-5o-de-primaria-de-centros-publicos-y-concertados\/\" \/>\n<meta property=\"og:locale\" content=\"es_ES\" \/>\n<meta property=\"og:type\" content=\"article\" \/>\n<meta property=\"og:title\" content=\"El Ayuntamiento licita la organizaci\u00f3n del programa educativo \u2018Conozcamos Pamplona\u2019, dirigido a escolares de 5\u00ba de Primaria de centros p\u00fablicos y concertados\" \/>\n<meta property=\"og:description\" content=\"Se trata de un programa que busca favorecer el conocimiento de la ciudad mediante el estudio de su historia y su evoluci\u00f3n urbana\" \/>\n<meta property=\"og:url\" content=\"https:\/\/www.laguiadepamplona.com\/actualidad\/el-ayuntamiento-licita-la-organizacion-del-programa-educativo-conozcamos-pamplona-dirigido-a-escolares-de-5o-de-primaria-de-centros-publicos-y-concertados\/\" \/>\n<meta property=\"og:site_name\" content=\"La Gu\u00eda de Pamplona\" \/>\n<meta property=\"article:publisher\" content=\"https:\/\/www.facebook.com\/laguiadepamplonacom-133175176762273\/?ref=hl\" \/>\n<meta property=\"article:published_time\" content=\"2022-05-04T11:10:18+00:00\" \/>\n<meta property=\"article:modified_time\" content=\"2023-04-11T09:48:14+00:00\" \/>\n<meta property=\"og:image\" content=\"https:\/\/www.laguiadepamplona.com\/actualidad\/wp-content\/uploads\/2022\/05\/Conozcamos-Pamplona-copia.jpg\" \/>\n\t<meta property=\"og:image:width\" content=\"998\" \/>\n\t<meta property=\"og:image:height\" content=\"603\" \/>\n\t<meta property=\"og:image:type\" content=\"image\/jpeg\" \/>\n<meta name=\"author\" content=\"La Gu\u00eda de Pamplona\" \/>\n<meta name=\"twitter:card\" content=\"summary_large_image\" \/>\n<meta name=\"twitter:creator\" content=\"@LaGuiadPamplona\" \/>\n<meta name=\"twitter:site\" content=\"@LaGuiadPamplona\" \/>\n<meta name=\"twitter:label1\" content=\"Escrito por\" \/>\n\t<meta name=\"twitter:data1\" content=\"La Gu\u00eda de Pamplona\" \/>\n\t<meta name=\"twitter:label2\" content=\"Tiempo de lectura\" \/>\n\t<meta name=\"twitter:data2\" content=\"3 minutos\" \/>\n<script type=\"application\/ld+json\" class=\"yoast-schema-graph\">{\"@context\":\"https:\\\/\\\/schema.org\",\"@graph\":[{\"@type\":\"Article\",\"@id\":\"https:\\\/\\\/www.laguiadepamplona.com\\\/actualidad\\\/el-ayuntamiento-licita-la-organizacion-del-programa-educativo-conozcamos-pamplona-dirigido-a-escolares-de-5o-de-primaria-de-centros-publicos-y-concertados\\\/#article\",\"isPartOf\":{\"@id\":\"https:\\\/\\\/www.laguiadepamplona.com\\\/actualidad\\\/el-ayuntamiento-licita-la-organizacion-del-programa-educativo-conozcamos-pamplona-dirigido-a-escolares-de-5o-de-primaria-de-centros-publicos-y-concertados\\\/\"},\"author\":{\"name\":\"La Gu\u00eda de Pamplona\",\"@id\":\"https:\\\/\\\/www.laguiadepamplona.com\\\/actualidad\\\/#\\\/schema\\\/person\\\/efe887376f0213d4657c93adc50b1fdb\"},\"headline\":\"El Ayuntamiento licita la organizaci\u00f3n del programa educativo \u2018Conozcamos Pamplona\u2019, dirigido a escolares de 5\u00ba de Primaria de centros p\u00fablicos y concertados\",\"datePublished\":\"2022-05-04T11:10:18+00:00\",\"dateModified\":\"2023-04-11T09:48:14+00:00\",\"mainEntityOfPage\":{\"@id\":\"https:\\\/\\\/www.laguiadepamplona.com\\\/actualidad\\\/el-ayuntamiento-licita-la-organizacion-del-programa-educativo-conozcamos-pamplona-dirigido-a-escolares-de-5o-de-primaria-de-centros-publicos-y-concertados\\\/\"},\"wordCount\":571,\"commentCount\":0,\"publisher\":{\"@id\":\"https:\\\/\\\/www.laguiadepamplona.com\\\/actualidad\\\/#organization\"},\"image\":{\"@id\":\"https:\\\/\\\/www.laguiadepamplona.com\\\/actualidad\\\/el-ayuntamiento-licita-la-organizacion-del-programa-educativo-conozcamos-pamplona-dirigido-a-escolares-de-5o-de-primaria-de-centros-publicos-y-concertados\\\/#primaryimage\"},\"thumbnailUrl\":\"https:\\\/\\\/www.laguiadepamplona.com\\\/actualidad\\\/wp-content\\\/uploads\\\/2022\\\/05\\\/Conozcamos-Pamplona-copia.jpg\",\"articleSection\":[\"Ayto Pamplona\"],\"inLanguage\":\"es\",\"potentialAction\":[{\"@type\":\"CommentAction\",\"name\":\"Comment\",\"target\":[\"https:\\\/\\\/www.laguiadepamplona.com\\\/actualidad\\\/el-ayuntamiento-licita-la-organizacion-del-programa-educativo-conozcamos-pamplona-dirigido-a-escolares-de-5o-de-primaria-de-centros-publicos-y-concertados\\\/#respond\"]}]},{\"@type\":\"WebPage\",\"@id\":\"https:\\\/\\\/www.laguiadepamplona.com\\\/actualidad\\\/el-ayuntamiento-licita-la-organizacion-del-programa-educativo-conozcamos-pamplona-dirigido-a-escolares-de-5o-de-primaria-de-centros-publicos-y-concertados\\\/\",\"url\":\"https:\\\/\\\/www.laguiadepamplona.com\\\/actualidad\\\/el-ayuntamiento-licita-la-organizacion-del-programa-educativo-conozcamos-pamplona-dirigido-a-escolares-de-5o-de-primaria-de-centros-publicos-y-concertados\\\/\",\"name\":\"El Ayuntamiento licita la organizaci\u00f3n del programa educativo \u2018Conozcamos Pamplona\u2019, dirigido a escolares de 5\u00ba de Primaria de centros p\u00fablicos y concertados\",\"isPartOf\":{\"@id\":\"https:\\\/\\\/www.laguiadepamplona.com\\\/actualidad\\\/#website\"},\"primaryImageOfPage\":{\"@id\":\"https:\\\/\\\/www.laguiadepamplona.com\\\/actualidad\\\/el-ayuntamiento-licita-la-organizacion-del-programa-educativo-conozcamos-pamplona-dirigido-a-escolares-de-5o-de-primaria-de-centros-publicos-y-concertados\\\/#primaryimage\"},\"image\":{\"@id\":\"https:\\\/\\\/www.laguiadepamplona.com\\\/actualidad\\\/el-ayuntamiento-licita-la-organizacion-del-programa-educativo-conozcamos-pamplona-dirigido-a-escolares-de-5o-de-primaria-de-centros-publicos-y-concertados\\\/#primaryimage\"},\"thumbnailUrl\":\"https:\\\/\\\/www.laguiadepamplona.com\\\/actualidad\\\/wp-content\\\/uploads\\\/2022\\\/05\\\/Conozcamos-Pamplona-copia.jpg\",\"datePublished\":\"2022-05-04T11:10:18+00:00\",\"dateModified\":\"2023-04-11T09:48:14+00:00\",\"description\":\"Se trata de un programa que busca favorecer el conocimiento de la ciudad mediante el estudio de su historia y su evoluci\u00f3n urbana\",\"breadcrumb\":{\"@id\":\"https:\\\/\\\/www.laguiadepamplona.com\\\/actualidad\\\/el-ayuntamiento-licita-la-organizacion-del-programa-educativo-conozcamos-pamplona-dirigido-a-escolares-de-5o-de-primaria-de-centros-publicos-y-concertados\\\/#breadcrumb\"},\"inLanguage\":\"es\",\"potentialAction\":[{\"@type\":\"ReadAction\",\"target\":[\"https:\\\/\\\/www.laguiadepamplona.com\\\/actualidad\\\/el-ayuntamiento-licita-la-organizacion-del-programa-educativo-conozcamos-pamplona-dirigido-a-escolares-de-5o-de-primaria-de-centros-publicos-y-concertados\\\/\"]}]},{\"@type\":\"ImageObject\",\"inLanguage\":\"es\",\"@id\":\"https:\\\/\\\/www.laguiadepamplona.com\\\/actualidad\\\/el-ayuntamiento-licita-la-organizacion-del-programa-educativo-conozcamos-pamplona-dirigido-a-escolares-de-5o-de-primaria-de-centros-publicos-y-concertados\\\/#primaryimage\",\"url\":\"https:\\\/\\\/www.laguiadepamplona.com\\\/actualidad\\\/wp-content\\\/uploads\\\/2022\\\/05\\\/Conozcamos-Pamplona-copia.jpg\",\"contentUrl\":\"https:\\\/\\\/www.laguiadepamplona.com\\\/actualidad\\\/wp-content\\\/uploads\\\/2022\\\/05\\\/Conozcamos-Pamplona-copia.jpg\",\"width\":998,\"height\":603},{\"@type\":\"BreadcrumbList\",\"@id\":\"https:\\\/\\\/www.laguiadepamplona.com\\\/actualidad\\\/el-ayuntamiento-licita-la-organizacion-del-programa-educativo-conozcamos-pamplona-dirigido-a-escolares-de-5o-de-primaria-de-centros-publicos-y-concertados\\\/#breadcrumb\",\"itemListElement\":[{\"@type\":\"ListItem\",\"position\":1,\"name\":\"Portada\",\"item\":\"https:\\\/\\\/www.laguiadepamplona.com\\\/actualidad\\\/\"},{\"@type\":\"ListItem\",\"position\":2,\"name\":\"El Ayuntamiento licita la organizaci\u00f3n del programa educativo \u2018Conozcamos Pamplona\u2019, dirigido a escolares de 5\u00ba de Primaria de centros p\u00fablicos y concertados\"}]},{\"@type\":\"WebSite\",\"@id\":\"https:\\\/\\\/www.laguiadepamplona.com\\\/actualidad\\\/#website\",\"url\":\"https:\\\/\\\/www.laguiadepamplona.com\\\/actualidad\\\/\",\"name\":\"La gu\u00eda de Pamplona\",\"description\":\"Noticias de Pamplona\",\"publisher\":{\"@id\":\"https:\\\/\\\/www.laguiadepamplona.com\\\/actualidad\\\/#organization\"},\"potentialAction\":[{\"@type\":\"SearchAction\",\"target\":{\"@type\":\"EntryPoint\",\"urlTemplate\":\"https:\\\/\\\/www.laguiadepamplona.com\\\/actualidad\\\/?s={search_term_string}\"},\"query-input\":{\"@type\":\"PropertyValueSpecification\",\"valueRequired\":true,\"valueName\":\"search_term_string\"}}],\"inLanguage\":\"es\"},{\"@type\":\"Organization\",\"@id\":\"https:\\\/\\\/www.laguiadepamplona.com\\\/actualidad\\\/#organization\",\"name\":\"La Gu\u00eda de Pamplona \\\/ Noticias\",\"url\":\"https:\\\/\\\/www.laguiadepamplona.com\\\/actualidad\\\/\",\"logo\":{\"@type\":\"ImageObject\",\"inLanguage\":\"es\",\"@id\":\"https:\\\/\\\/www.laguiadepamplona.com\\\/actualidad\\\/#\\\/schema\\\/logo\\\/image\\\/\",\"url\":\"https:\\\/\\\/www.laguiadepamplona.com\\\/actualidad\\\/wp-content\\\/uploads\\\/2018\\\/11\\\/logo-laguiadepamplona18-web1.png\",\"contentUrl\":\"https:\\\/\\\/www.laguiadepamplona.com\\\/actualidad\\\/wp-content\\\/uploads\\\/2018\\\/11\\\/logo-laguiadepamplona18-web1.png\",\"width\":600,\"height\":196,\"caption\":\"La Gu\u00eda de Pamplona \\\/ Noticias\"},\"image\":{\"@id\":\"https:\\\/\\\/www.laguiadepamplona.com\\\/actualidad\\\/#\\\/schema\\\/logo\\\/image\\\/\"},\"sameAs\":[\"https:\\\/\\\/www.facebook.com\\\/laguiadepamplonacom-133175176762273\\\/?ref=hl\",\"https:\\\/\\\/x.com\\\/LaGuiadPamplona\",\"https:\\\/\\\/www.instagram.com\\\/la_guia_de_pamplona\\\/\",\"https:\\\/\\\/www.youtube.com\\\/user\\\/laguiadepamplona\"]},{\"@type\":\"Person\",\"@id\":\"https:\\\/\\\/www.laguiadepamplona.com\\\/actualidad\\\/#\\\/schema\\\/person\\\/efe887376f0213d4657c93adc50b1fdb\",\"name\":\"La Gu\u00eda de Pamplona\",\"image\":{\"@type\":\"ImageObject\",\"inLanguage\":\"es\",\"@id\":\"https:\\\/\\\/secure.gravatar.com\\\/avatar\\\/b6992f131dc8d30ab0dff15446e9d346d9dbd95992de0fef795073f5ea83a81c?s=96&d=mm&r=g\",\"url\":\"https:\\\/\\\/secure.gravatar.com\\\/avatar\\\/b6992f131dc8d30ab0dff15446e9d346d9dbd95992de0fef795073f5ea83a81c?s=96&d=mm&r=g\",\"contentUrl\":\"https:\\\/\\\/secure.gravatar.com\\\/avatar\\\/b6992f131dc8d30ab0dff15446e9d346d9dbd95992de0fef795073f5ea83a81c?s=96&d=mm&r=g\",\"caption\":\"La Gu\u00eda de Pamplona\"}}]}<\/script>\n<!-- \/ Yoast SEO plugin. -->","yoast_head_json":{"title":"El Ayuntamiento licita la organizaci\u00f3n del programa educativo \u2018Conozcamos Pamplona\u2019, dirigido a escolares de 5\u00ba de Primaria de centros p\u00fablicos y concertados","description":"Se trata de un programa que busca favorecer el conocimiento de la ciudad mediante el estudio de su historia y su evoluci\u00f3n urbana","robots":{"index":"index","follow":"follow","max-snippet":"max-snippet:-1","max-image-preview":"max-image-preview:large","max-video-preview":"max-video-preview:-1"},"canonical":"https:\/\/www.laguiadepamplona.com\/actualidad\/el-ayuntamiento-licita-la-organizacion-del-programa-educativo-conozcamos-pamplona-dirigido-a-escolares-de-5o-de-primaria-de-centros-publicos-y-concertados\/","og_locale":"es_ES","og_type":"article","og_title":"El Ayuntamiento licita la organizaci\u00f3n del programa educativo \u2018Conozcamos Pamplona\u2019, dirigido a escolares de 5\u00ba de Primaria de centros p\u00fablicos y concertados","og_description":"Se trata de un programa que busca favorecer el conocimiento de la ciudad mediante el estudio de su historia y su evoluci\u00f3n urbana","og_url":"https:\/\/www.laguiadepamplona.com\/actualidad\/el-ayuntamiento-licita-la-organizacion-del-programa-educativo-conozcamos-pamplona-dirigido-a-escolares-de-5o-de-primaria-de-centros-publicos-y-concertados\/","og_site_name":"La Gu\u00eda de Pamplona","article_publisher":"https:\/\/www.facebook.com\/laguiadepamplonacom-133175176762273\/?ref=hl","article_published_time":"2022-05-04T11:10:18+00:00","article_modified_time":"2023-04-11T09:48:14+00:00","og_image":[{"width":998,"height":603,"url":"https:\/\/www.laguiadepamplona.com\/actualidad\/wp-content\/uploads\/2022\/05\/Conozcamos-Pamplona-copia.jpg","type":"image\/jpeg"}],"author":"La Gu\u00eda de Pamplona","twitter_card":"summary_large_image","twitter_creator":"@LaGuiadPamplona","twitter_site":"@LaGuiadPamplona","twitter_misc":{"Escrito por":"La Gu\u00eda de Pamplona","Tiempo de lectura":"3 minutos"},"schema":{"@context":"https:\/\/schema.org","@graph":[{"@type":"Article","@id":"https:\/\/www.laguiadepamplona.com\/actualidad\/el-ayuntamiento-licita-la-organizacion-del-programa-educativo-conozcamos-pamplona-dirigido-a-escolares-de-5o-de-primaria-de-centros-publicos-y-concertados\/#article","isPartOf":{"@id":"https:\/\/www.laguiadepamplona.com\/actualidad\/el-ayuntamiento-licita-la-organizacion-del-programa-educativo-conozcamos-pamplona-dirigido-a-escolares-de-5o-de-primaria-de-centros-publicos-y-concertados\/"},"author":{"name":"La Gu\u00eda de Pamplona","@id":"https:\/\/www.laguiadepamplona.com\/actualidad\/#\/schema\/person\/efe887376f0213d4657c93adc50b1fdb"},"headline":"El Ayuntamiento licita la organizaci\u00f3n del programa educativo \u2018Conozcamos Pamplona\u2019, dirigido a escolares de 5\u00ba de Primaria de centros p\u00fablicos y concertados","datePublished":"2022-05-04T11:10:18+00:00","dateModified":"2023-04-11T09:48:14+00:00","mainEntityOfPage":{"@id":"https:\/\/www.laguiadepamplona.com\/actualidad\/el-ayuntamiento-licita-la-organizacion-del-programa-educativo-conozcamos-pamplona-dirigido-a-escolares-de-5o-de-primaria-de-centros-publicos-y-concertados\/"},"wordCount":571,"commentCount":0,"publisher":{"@id":"https:\/\/www.laguiadepamplona.com\/actualidad\/#organization"},"image":{"@id":"https:\/\/www.laguiadepamplona.com\/actualidad\/el-ayuntamiento-licita-la-organizacion-del-programa-educativo-conozcamos-pamplona-dirigido-a-escolares-de-5o-de-primaria-de-centros-publicos-y-concertados\/#primaryimage"},"thumbnailUrl":"https:\/\/www.laguiadepamplona.com\/actualidad\/wp-content\/uploads\/2022\/05\/Conozcamos-Pamplona-copia.jpg","articleSection":["Ayto Pamplona"],"inLanguage":"es","potentialAction":[{"@type":"CommentAction","name":"Comment","target":["https:\/\/www.laguiadepamplona.com\/actualidad\/el-ayuntamiento-licita-la-organizacion-del-programa-educativo-conozcamos-pamplona-dirigido-a-escolares-de-5o-de-primaria-de-centros-publicos-y-concertados\/#respond"]}]},{"@type":"WebPage","@id":"https:\/\/www.laguiadepamplona.com\/actualidad\/el-ayuntamiento-licita-la-organizacion-del-programa-educativo-conozcamos-pamplona-dirigido-a-escolares-de-5o-de-primaria-de-centros-publicos-y-concertados\/","url":"https:\/\/www.laguiadepamplona.com\/actualidad\/el-ayuntamiento-licita-la-organizacion-del-programa-educativo-conozcamos-pamplona-dirigido-a-escolares-de-5o-de-primaria-de-centros-publicos-y-concertados\/","name":"El Ayuntamiento licita la organizaci\u00f3n del programa educativo \u2018Conozcamos Pamplona\u2019, dirigido a escolares de 5\u00ba de Primaria de centros p\u00fablicos y concertados","isPartOf":{"@id":"https:\/\/www.laguiadepamplona.com\/actualidad\/#website"},"primaryImageOfPage":{"@id":"https:\/\/www.laguiadepamplona.com\/actualidad\/el-ayuntamiento-licita-la-organizacion-del-programa-educativo-conozcamos-pamplona-dirigido-a-escolares-de-5o-de-primaria-de-centros-publicos-y-concertados\/#primaryimage"},"image":{"@id":"https:\/\/www.laguiadepamplona.com\/actualidad\/el-ayuntamiento-licita-la-organizacion-del-programa-educativo-conozcamos-pamplona-dirigido-a-escolares-de-5o-de-primaria-de-centros-publicos-y-concertados\/#primaryimage"},"thumbnailUrl":"https:\/\/www.laguiadepamplona.com\/actualidad\/wp-content\/uploads\/2022\/05\/Conozcamos-Pamplona-copia.jpg","datePublished":"2022-05-04T11:10:18+00:00","dateModified":"2023-04-11T09:48:14+00:00","description":"Se trata de un programa que busca favorecer el conocimiento de la ciudad mediante el estudio de su historia y su evoluci\u00f3n urbana","breadcrumb":{"@id":"https:\/\/www.laguiadepamplona.com\/actualidad\/el-ayuntamiento-licita-la-organizacion-del-programa-educativo-conozcamos-pamplona-dirigido-a-escolares-de-5o-de-primaria-de-centros-publicos-y-concertados\/#breadcrumb"},"inLanguage":"es","potentialAction":[{"@type":"ReadAction","target":["https:\/\/www.laguiadepamplona.com\/actualidad\/el-ayuntamiento-licita-la-organizacion-del-programa-educativo-conozcamos-pamplona-dirigido-a-escolares-de-5o-de-primaria-de-centros-publicos-y-concertados\/"]}]},{"@type":"ImageObject","inLanguage":"es","@id":"https:\/\/www.laguiadepamplona.com\/actualidad\/el-ayuntamiento-licita-la-organizacion-del-programa-educativo-conozcamos-pamplona-dirigido-a-escolares-de-5o-de-primaria-de-centros-publicos-y-concertados\/#primaryimage","url":"https:\/\/www.laguiadepamplona.com\/actualidad\/wp-content\/uploads\/2022\/05\/Conozcamos-Pamplona-copia.jpg","contentUrl":"https:\/\/www.laguiadepamplona.com\/actualidad\/wp-content\/uploads\/2022\/05\/Conozcamos-Pamplona-copia.jpg","width":998,"height":603},{"@type":"BreadcrumbList","@id":"https:\/\/www.laguiadepamplona.com\/actualidad\/el-ayuntamiento-licita-la-organizacion-del-programa-educativo-conozcamos-pamplona-dirigido-a-escolares-de-5o-de-primaria-de-centros-publicos-y-concertados\/#breadcrumb","itemListElement":[{"@type":"ListItem","position":1,"name":"Portada","item":"https:\/\/www.laguiadepamplona.com\/actualidad\/"},{"@type":"ListItem","position":2,"name":"El Ayuntamiento licita la organizaci\u00f3n del programa educativo \u2018Conozcamos Pamplona\u2019, dirigido a escolares de 5\u00ba de Primaria de centros p\u00fablicos y concertados"}]},{"@type":"WebSite","@id":"https:\/\/www.laguiadepamplona.com\/actualidad\/#website","url":"https:\/\/www.laguiadepamplona.com\/actualidad\/","name":"La gu\u00eda de Pamplona","description":"Noticias de Pamplona","publisher":{"@id":"https:\/\/www.laguiadepamplona.com\/actualidad\/#organization"},"potentialAction":[{"@type":"SearchAction","target":{"@type":"EntryPoint","urlTemplate":"https:\/\/www.laguiadepamplona.com\/actualidad\/?s={search_term_string}"},"query-input":{"@type":"PropertyValueSpecification","valueRequired":true,"valueName":"search_term_string"}}],"inLanguage":"es"},{"@type":"Organization","@id":"https:\/\/www.laguiadepamplona.com\/actualidad\/#organization","name":"La Gu\u00eda de Pamplona \/ Noticias","url":"https:\/\/www.laguiadepamplona.com\/actualidad\/","logo":{"@type":"ImageObject","inLanguage":"es","@id":"https:\/\/www.laguiadepamplona.com\/actualidad\/#\/schema\/logo\/image\/","url":"https:\/\/www.laguiadepamplona.com\/actualidad\/wp-content\/uploads\/2018\/11\/logo-laguiadepamplona18-web1.png","contentUrl":"https:\/\/www.laguiadepamplona.com\/actualidad\/wp-content\/uploads\/2018\/11\/logo-laguiadepamplona18-web1.png","width":600,"height":196,"caption":"La Gu\u00eda de Pamplona \/ Noticias"},"image":{"@id":"https:\/\/www.laguiadepamplona.com\/actualidad\/#\/schema\/logo\/image\/"},"sameAs":["https:\/\/www.facebook.com\/laguiadepamplonacom-133175176762273\/?ref=hl","https:\/\/x.com\/LaGuiadPamplona","https:\/\/www.instagram.com\/la_guia_de_pamplona\/","https:\/\/www.youtube.com\/user\/laguiadepamplona"]},{"@type":"Person","@id":"https:\/\/www.laguiadepamplona.com\/actualidad\/#\/schema\/person\/efe887376f0213d4657c93adc50b1fdb","name":"La Gu\u00eda de Pamplona","image":{"@type":"ImageObject","inLanguage":"es","@id":"https:\/\/secure.gravatar.com\/avatar\/b6992f131dc8d30ab0dff15446e9d346d9dbd95992de0fef795073f5ea83a81c?s=96&d=mm&r=g","url":"https:\/\/secure.gravatar.com\/avatar\/b6992f131dc8d30ab0dff15446e9d346d9dbd95992de0fef795073f5ea83a81c?s=96&d=mm&r=g","contentUrl":"https:\/\/secure.gravatar.com\/avatar\/b6992f131dc8d30ab0dff15446e9d346d9dbd95992de0fef795073f5ea83a81c?s=96&d=mm&r=g","caption":"La Gu\u00eda de Pamplona"}}]}},"post_mailing_queue_ids":[],"_links":{"self":[{"href":"https:\/\/www.laguiadepamplona.com\/actualidad\/wp-json\/wp\/v2\/posts\/40178","targetHints":{"allow":["GET"]}}],"collection":[{"href":"https:\/\/www.laguiadepamplona.com\/actualidad\/wp-json\/wp\/v2\/posts"}],"about":[{"href":"https:\/\/www.laguiadepamplona.com\/actualidad\/wp-json\/wp\/v2\/types\/post"}],"author":[{"embeddable":true,"href":"https:\/\/www.laguiadepamplona.com\/actualidad\/wp-json\/wp\/v2\/users\/1"}],"replies":[{"embeddable":true,"href":"https:\/\/www.laguiadepamplona.com\/actualidad\/wp-json\/wp\/v2\/comments?post=40178"}],"version-history":[{"count":0,"href":"https:\/\/www.laguiadepamplona.com\/actualidad\/wp-json\/wp\/v2\/posts\/40178\/revisions"}],"wp:featuredmedia":[{"embeddable":true,"href":"https:\/\/www.laguiadepamplona.com\/actualidad\/wp-json\/wp\/v2\/media\/40179"}],"wp:attachment":[{"href":"https:\/\/www.laguiadepamplona.com\/actualidad\/wp-json\/wp\/v2\/media?parent=40178"}],"wp:term":[{"taxonomy":"category","embeddable":true,"href":"https:\/\/www.laguiadepamplona.com\/actualidad\/wp-json\/wp\/v2\/categories?post=40178"},{"taxonomy":"post_tag","embeddable":true,"href":"https:\/\/www.laguiadepamplona.com\/actualidad\/wp-json\/wp\/v2\/tags?post=40178"}],"curies":[{"name":"wp","href":"https:\/\/api.w.org\/{rel}","templated":true}]}}