{"id":40175,"date":"2022-05-04T13:09:03","date_gmt":"2022-05-04T11:09:03","guid":{"rendered":"https:\/\/www.laguiadepamplona.com\/actualidad\/?p=40175"},"modified":"2023-04-11T11:48:14","modified_gmt":"2023-04-11T09:48:14","slug":"el-proximo-11-de-mayo-los-foros-de-barrio-se-desplazan-a-etxabakoitz","status":"publish","type":"post","link":"https:\/\/www.laguiadepamplona.com\/actualidad\/el-proximo-11-de-mayo-los-foros-de-barrio-se-desplazan-a-etxabakoitz\/","title":{"rendered":"El pr\u00f3ximo 11 de mayo los Foros de Barrio se desplazan a Etxabakoitz"},"content":{"rendered":"<h5>Quienes no puedan asistir a la sesi\u00f3n, hasta el domingo 8 pueden presentar preguntas al correo <a href=\"mailto:foros@pamplona.es\">foros@pamplona.es<\/a> o en la <a href=\"https:\/\/decide.pamplona.es\/assemblies\/FBSanJuan\" target=\"_blank\" rel=\"noopener\">web de Participaci\u00f3n<\/a><\/h5>\n<p><!--more--><\/p>\n<p>El pr\u00f3ximo Foro de Barrio tendr\u00e1 lugar el 11 de mayo en el barrio de Etxabakoitz, en el polideportivo del colegio Nicasio Landa (calle Grupo Urd\u00e1noz, 2). Como siempre la sesi\u00f3n ser\u00e1 a las 18.30 horas y se desarrollar\u00e1 bajo la presidencia del alcalde, Enrique Maya, y la concejala asignada a esa zona de la ciudad. Cristina Martinez Dawe. Los foros de barrio son espacios de di\u00e1logo organizados por el Ayuntamiento de Pamplona para que la ciudadan\u00eda formule sus propuestas, consulte, aporte y reciba informaci\u00f3n relativa a su entorno m\u00e1s cercano.<br \/>\n<script async src=\"\/\/pagead2.googlesyndication.com\/pagead\/js\/adsbygoogle.js\"><\/script><br \/>\n<!-- Noticias La Guia de Pamplona --><br \/>\n<ins class=\"adsbygoogle\"\nstyle=\"display:block\"\ndata-ad-client=\"ca-pub-6943679897239327\"\ndata-ad-slot=\"7048180777\"\ndata-ad-format=\"auto\"><\/ins><br \/>\n<script>\n(adsbygoogle = window.adsbygoogle || []).push({});\n<\/script><\/p>\n<p>En la sesi\u00f3n est\u00e1 prevista la participaci\u00f3n de personal t\u00e9cnico responsable de los asuntos que m\u00e1s ocupan al vecindario y que, junto con la presidencia, se encargar\u00e1 de dar respuesta a las preguntas de los presentes en el foro. Pero tambi\u00e9n quienes no puedan asistir en esa fecha tienen la oportunidad de plantear cuestiones. El Ayuntamiento de Pamplona siempre abre diferentes v\u00edas para propuestas y preguntas que se hayan recibido previamente a trav\u00e9s de la web y del correo electr\u00f3nico. Las personas interesadas en formularlas pueden hacerlo hasta el 8 de mayo a la direcci\u00f3n de mail <a href=\"mailto:foros@pamplona.es\">foros@pamplona.es<\/a> o en el espacio habilitado en la web de Participaci\u00f3n Ciudadana, enlace <a href=\"https:\/\/decide.pamplona.es\/assemblies\/FBEtxabakoitz\/f\/236\/\" target=\"_blank\" rel=\"noopener\">https:\/\/decide.pamplona.es\/assemblies\/FBEtxabakoitz\/f\/236\/<\/a>.<\/p>\n<p>El desarrollo de la sesi\u00f3n se podr\u00e1, asimismo, seguir a distancia a trav\u00e9s del canal municipal de <a href=\"https:\/\/www.youtube.com\/channel\/UCzDUWuosgg5y3PeE7PT_IWw\" target=\"_blank\" rel=\"noopener\">YouTube<\/a>. La asistencia presencial de los vecinos ser\u00e1 libre hasta completar el aforo de la sala y la reuni\u00f3n estar\u00e1 traducida de manera simult\u00e1nea al lenguaje de signos.<\/p>\n","protected":false},"excerpt":{"rendered":"<p>Quienes no puedan asistir a la sesi\u00f3n, hasta el domingo 8 pueden presentar preguntas al correo foros@pamplona.es o en la web de Participaci\u00f3n<\/p>\n","protected":false},"author":1,"featured_media":40176,"comment_status":"open","ping_status":"closed","sticky":false,"template":"","format":"standard","meta":{"footnotes":""},"categories":[2],"tags":[],"class_list":["post-40175","post","type-post","status-publish","format-standard","has-post-thumbnail","hentry","category-ayuntamiento-pamplona"],"yoast_head":"<!-- This site is optimized with the Yoast SEO plugin v27.3 - https:\/\/yoast.com\/product\/yoast-seo-wordpress\/ -->\n<title>El pr\u00f3ximo 11 de mayo los Foros de Barrio se desplazan a Etxabakoitz<\/title>\n<meta name=\"description\" content=\"Quienes no puedan asistir a la sesi\u00f3n, hasta el domingo 8 pueden presentar preguntas al correo foros@pamplona.es o en la web de Participaci\u00f3n\" \/>\n<meta name=\"robots\" content=\"index, follow, max-snippet:-1, max-image-preview:large, max-video-preview:-1\" \/>\n<link rel=\"canonical\" href=\"https:\/\/www.laguiadepamplona.com\/actualidad\/el-proximo-11-de-mayo-los-foros-de-barrio-se-desplazan-a-etxabakoitz\/\" \/>\n<meta property=\"og:locale\" content=\"es_ES\" \/>\n<meta property=\"og:type\" content=\"article\" \/>\n<meta property=\"og:title\" content=\"El pr\u00f3ximo 11 de mayo los Foros de Barrio se desplazan a Etxabakoitz\" \/>\n<meta property=\"og:description\" content=\"Quienes no puedan asistir a la sesi\u00f3n, hasta el domingo 8 pueden presentar preguntas al correo foros@pamplona.es o en la web de Participaci\u00f3n\" \/>\n<meta property=\"og:url\" content=\"https:\/\/www.laguiadepamplona.com\/actualidad\/el-proximo-11-de-mayo-los-foros-de-barrio-se-desplazan-a-etxabakoitz\/\" \/>\n<meta property=\"og:site_name\" content=\"La Gu\u00eda de Pamplona\" \/>\n<meta property=\"article:publisher\" content=\"https:\/\/www.facebook.com\/laguiadepamplonacom-133175176762273\/?ref=hl\" \/>\n<meta property=\"article:published_time\" content=\"2022-05-04T11:09:03+00:00\" \/>\n<meta property=\"article:modified_time\" content=\"2023-04-11T09:48:14+00:00\" \/>\n<meta property=\"og:image\" content=\"https:\/\/www.laguiadepamplona.com\/actualidad\/wp-content\/uploads\/2022\/05\/Foro-Barrio-Etxabakoitz_0.jpg\" \/>\n\t<meta property=\"og:image:width\" content=\"842\" \/>\n\t<meta property=\"og:image:height\" content=\"1192\" \/>\n\t<meta property=\"og:image:type\" content=\"image\/jpeg\" \/>\n<meta name=\"author\" content=\"La Gu\u00eda de Pamplona\" \/>\n<meta name=\"twitter:card\" content=\"summary_large_image\" \/>\n<meta name=\"twitter:creator\" content=\"@LaGuiadPamplona\" \/>\n<meta name=\"twitter:site\" content=\"@LaGuiadPamplona\" \/>\n<meta name=\"twitter:label1\" content=\"Escrito por\" \/>\n\t<meta name=\"twitter:data1\" content=\"La Gu\u00eda de Pamplona\" \/>\n\t<meta name=\"twitter:label2\" content=\"Tiempo de lectura\" \/>\n\t<meta name=\"twitter:data2\" content=\"2 minutos\" \/>\n<script type=\"application\/ld+json\" class=\"yoast-schema-graph\">{\"@context\":\"https:\\\/\\\/schema.org\",\"@graph\":[{\"@type\":\"Article\",\"@id\":\"https:\\\/\\\/www.laguiadepamplona.com\\\/actualidad\\\/el-proximo-11-de-mayo-los-foros-de-barrio-se-desplazan-a-etxabakoitz\\\/#article\",\"isPartOf\":{\"@id\":\"https:\\\/\\\/www.laguiadepamplona.com\\\/actualidad\\\/el-proximo-11-de-mayo-los-foros-de-barrio-se-desplazan-a-etxabakoitz\\\/\"},\"author\":{\"name\":\"La Gu\u00eda de Pamplona\",\"@id\":\"https:\\\/\\\/www.laguiadepamplona.com\\\/actualidad\\\/#\\\/schema\\\/person\\\/efe887376f0213d4657c93adc50b1fdb\"},\"headline\":\"El pr\u00f3ximo 11 de mayo los Foros de Barrio se desplazan a Etxabakoitz\",\"datePublished\":\"2022-05-04T11:09:03+00:00\",\"dateModified\":\"2023-04-11T09:48:14+00:00\",\"mainEntityOfPage\":{\"@id\":\"https:\\\/\\\/www.laguiadepamplona.com\\\/actualidad\\\/el-proximo-11-de-mayo-los-foros-de-barrio-se-desplazan-a-etxabakoitz\\\/\"},\"wordCount\":311,\"commentCount\":0,\"publisher\":{\"@id\":\"https:\\\/\\\/www.laguiadepamplona.com\\\/actualidad\\\/#organization\"},\"image\":{\"@id\":\"https:\\\/\\\/www.laguiadepamplona.com\\\/actualidad\\\/el-proximo-11-de-mayo-los-foros-de-barrio-se-desplazan-a-etxabakoitz\\\/#primaryimage\"},\"thumbnailUrl\":\"https:\\\/\\\/www.laguiadepamplona.com\\\/actualidad\\\/wp-content\\\/uploads\\\/2022\\\/05\\\/Foro-Barrio-Etxabakoitz_0.jpg\",\"articleSection\":[\"Ayto Pamplona\"],\"inLanguage\":\"es\",\"potentialAction\":[{\"@type\":\"CommentAction\",\"name\":\"Comment\",\"target\":[\"https:\\\/\\\/www.laguiadepamplona.com\\\/actualidad\\\/el-proximo-11-de-mayo-los-foros-de-barrio-se-desplazan-a-etxabakoitz\\\/#respond\"]}]},{\"@type\":\"WebPage\",\"@id\":\"https:\\\/\\\/www.laguiadepamplona.com\\\/actualidad\\\/el-proximo-11-de-mayo-los-foros-de-barrio-se-desplazan-a-etxabakoitz\\\/\",\"url\":\"https:\\\/\\\/www.laguiadepamplona.com\\\/actualidad\\\/el-proximo-11-de-mayo-los-foros-de-barrio-se-desplazan-a-etxabakoitz\\\/\",\"name\":\"El pr\u00f3ximo 11 de mayo los Foros de Barrio se desplazan a Etxabakoitz\",\"isPartOf\":{\"@id\":\"https:\\\/\\\/www.laguiadepamplona.com\\\/actualidad\\\/#website\"},\"primaryImageOfPage\":{\"@id\":\"https:\\\/\\\/www.laguiadepamplona.com\\\/actualidad\\\/el-proximo-11-de-mayo-los-foros-de-barrio-se-desplazan-a-etxabakoitz\\\/#primaryimage\"},\"image\":{\"@id\":\"https:\\\/\\\/www.laguiadepamplona.com\\\/actualidad\\\/el-proximo-11-de-mayo-los-foros-de-barrio-se-desplazan-a-etxabakoitz\\\/#primaryimage\"},\"thumbnailUrl\":\"https:\\\/\\\/www.laguiadepamplona.com\\\/actualidad\\\/wp-content\\\/uploads\\\/2022\\\/05\\\/Foro-Barrio-Etxabakoitz_0.jpg\",\"datePublished\":\"2022-05-04T11:09:03+00:00\",\"dateModified\":\"2023-04-11T09:48:14+00:00\",\"description\":\"Quienes no puedan asistir a la sesi\u00f3n, hasta el domingo 8 pueden presentar preguntas al correo foros@pamplona.es o en la web de Participaci\u00f3n\",\"breadcrumb\":{\"@id\":\"https:\\\/\\\/www.laguiadepamplona.com\\\/actualidad\\\/el-proximo-11-de-mayo-los-foros-de-barrio-se-desplazan-a-etxabakoitz\\\/#breadcrumb\"},\"inLanguage\":\"es\",\"potentialAction\":[{\"@type\":\"ReadAction\",\"target\":[\"https:\\\/\\\/www.laguiadepamplona.com\\\/actualidad\\\/el-proximo-11-de-mayo-los-foros-de-barrio-se-desplazan-a-etxabakoitz\\\/\"]}]},{\"@type\":\"ImageObject\",\"inLanguage\":\"es\",\"@id\":\"https:\\\/\\\/www.laguiadepamplona.com\\\/actualidad\\\/el-proximo-11-de-mayo-los-foros-de-barrio-se-desplazan-a-etxabakoitz\\\/#primaryimage\",\"url\":\"https:\\\/\\\/www.laguiadepamplona.com\\\/actualidad\\\/wp-content\\\/uploads\\\/2022\\\/05\\\/Foro-Barrio-Etxabakoitz_0.jpg\",\"contentUrl\":\"https:\\\/\\\/www.laguiadepamplona.com\\\/actualidad\\\/wp-content\\\/uploads\\\/2022\\\/05\\\/Foro-Barrio-Etxabakoitz_0.jpg\",\"width\":842,\"height\":1192},{\"@type\":\"BreadcrumbList\",\"@id\":\"https:\\\/\\\/www.laguiadepamplona.com\\\/actualidad\\\/el-proximo-11-de-mayo-los-foros-de-barrio-se-desplazan-a-etxabakoitz\\\/#breadcrumb\",\"itemListElement\":[{\"@type\":\"ListItem\",\"position\":1,\"name\":\"Portada\",\"item\":\"https:\\\/\\\/www.laguiadepamplona.com\\\/actualidad\\\/\"},{\"@type\":\"ListItem\",\"position\":2,\"name\":\"El pr\u00f3ximo 11 de mayo los Foros de Barrio se desplazan a Etxabakoitz\"}]},{\"@type\":\"WebSite\",\"@id\":\"https:\\\/\\\/www.laguiadepamplona.com\\\/actualidad\\\/#website\",\"url\":\"https:\\\/\\\/www.laguiadepamplona.com\\\/actualidad\\\/\",\"name\":\"La gu\u00eda de Pamplona\",\"description\":\"Noticias de Pamplona\",\"publisher\":{\"@id\":\"https:\\\/\\\/www.laguiadepamplona.com\\\/actualidad\\\/#organization\"},\"potentialAction\":[{\"@type\":\"SearchAction\",\"target\":{\"@type\":\"EntryPoint\",\"urlTemplate\":\"https:\\\/\\\/www.laguiadepamplona.com\\\/actualidad\\\/?s={search_term_string}\"},\"query-input\":{\"@type\":\"PropertyValueSpecification\",\"valueRequired\":true,\"valueName\":\"search_term_string\"}}],\"inLanguage\":\"es\"},{\"@type\":\"Organization\",\"@id\":\"https:\\\/\\\/www.laguiadepamplona.com\\\/actualidad\\\/#organization\",\"name\":\"La Gu\u00eda de Pamplona \\\/ Noticias\",\"url\":\"https:\\\/\\\/www.laguiadepamplona.com\\\/actualidad\\\/\",\"logo\":{\"@type\":\"ImageObject\",\"inLanguage\":\"es\",\"@id\":\"https:\\\/\\\/www.laguiadepamplona.com\\\/actualidad\\\/#\\\/schema\\\/logo\\\/image\\\/\",\"url\":\"https:\\\/\\\/www.laguiadepamplona.com\\\/actualidad\\\/wp-content\\\/uploads\\\/2018\\\/11\\\/logo-laguiadepamplona18-web1.png\",\"contentUrl\":\"https:\\\/\\\/www.laguiadepamplona.com\\\/actualidad\\\/wp-content\\\/uploads\\\/2018\\\/11\\\/logo-laguiadepamplona18-web1.png\",\"width\":600,\"height\":196,\"caption\":\"La Gu\u00eda de Pamplona \\\/ Noticias\"},\"image\":{\"@id\":\"https:\\\/\\\/www.laguiadepamplona.com\\\/actualidad\\\/#\\\/schema\\\/logo\\\/image\\\/\"},\"sameAs\":[\"https:\\\/\\\/www.facebook.com\\\/laguiadepamplonacom-133175176762273\\\/?ref=hl\",\"https:\\\/\\\/x.com\\\/LaGuiadPamplona\",\"https:\\\/\\\/www.instagram.com\\\/la_guia_de_pamplona\\\/\",\"https:\\\/\\\/www.youtube.com\\\/user\\\/laguiadepamplona\"]},{\"@type\":\"Person\",\"@id\":\"https:\\\/\\\/www.laguiadepamplona.com\\\/actualidad\\\/#\\\/schema\\\/person\\\/efe887376f0213d4657c93adc50b1fdb\",\"name\":\"La Gu\u00eda de Pamplona\",\"image\":{\"@type\":\"ImageObject\",\"inLanguage\":\"es\",\"@id\":\"https:\\\/\\\/secure.gravatar.com\\\/avatar\\\/b6992f131dc8d30ab0dff15446e9d346d9dbd95992de0fef795073f5ea83a81c?s=96&d=mm&r=g\",\"url\":\"https:\\\/\\\/secure.gravatar.com\\\/avatar\\\/b6992f131dc8d30ab0dff15446e9d346d9dbd95992de0fef795073f5ea83a81c?s=96&d=mm&r=g\",\"contentUrl\":\"https:\\\/\\\/secure.gravatar.com\\\/avatar\\\/b6992f131dc8d30ab0dff15446e9d346d9dbd95992de0fef795073f5ea83a81c?s=96&d=mm&r=g\",\"caption\":\"La Gu\u00eda de Pamplona\"}}]}<\/script>\n<!-- \/ Yoast SEO plugin. -->","yoast_head_json":{"title":"El pr\u00f3ximo 11 de mayo los Foros de Barrio se desplazan a Etxabakoitz","description":"Quienes no puedan asistir a la sesi\u00f3n, hasta el domingo 8 pueden presentar preguntas al correo foros@pamplona.es o en la web de Participaci\u00f3n","robots":{"index":"index","follow":"follow","max-snippet":"max-snippet:-1","max-image-preview":"max-image-preview:large","max-video-preview":"max-video-preview:-1"},"canonical":"https:\/\/www.laguiadepamplona.com\/actualidad\/el-proximo-11-de-mayo-los-foros-de-barrio-se-desplazan-a-etxabakoitz\/","og_locale":"es_ES","og_type":"article","og_title":"El pr\u00f3ximo 11 de mayo los Foros de Barrio se desplazan a Etxabakoitz","og_description":"Quienes no puedan asistir a la sesi\u00f3n, hasta el domingo 8 pueden presentar preguntas al correo foros@pamplona.es o en la web de Participaci\u00f3n","og_url":"https:\/\/www.laguiadepamplona.com\/actualidad\/el-proximo-11-de-mayo-los-foros-de-barrio-se-desplazan-a-etxabakoitz\/","og_site_name":"La Gu\u00eda de Pamplona","article_publisher":"https:\/\/www.facebook.com\/laguiadepamplonacom-133175176762273\/?ref=hl","article_published_time":"2022-05-04T11:09:03+00:00","article_modified_time":"2023-04-11T09:48:14+00:00","og_image":[{"width":842,"height":1192,"url":"https:\/\/www.laguiadepamplona.com\/actualidad\/wp-content\/uploads\/2022\/05\/Foro-Barrio-Etxabakoitz_0.jpg","type":"image\/jpeg"}],"author":"La Gu\u00eda de Pamplona","twitter_card":"summary_large_image","twitter_creator":"@LaGuiadPamplona","twitter_site":"@LaGuiadPamplona","twitter_misc":{"Escrito por":"La Gu\u00eda de Pamplona","Tiempo de lectura":"2 minutos"},"schema":{"@context":"https:\/\/schema.org","@graph":[{"@type":"Article","@id":"https:\/\/www.laguiadepamplona.com\/actualidad\/el-proximo-11-de-mayo-los-foros-de-barrio-se-desplazan-a-etxabakoitz\/#article","isPartOf":{"@id":"https:\/\/www.laguiadepamplona.com\/actualidad\/el-proximo-11-de-mayo-los-foros-de-barrio-se-desplazan-a-etxabakoitz\/"},"author":{"name":"La Gu\u00eda de Pamplona","@id":"https:\/\/www.laguiadepamplona.com\/actualidad\/#\/schema\/person\/efe887376f0213d4657c93adc50b1fdb"},"headline":"El pr\u00f3ximo 11 de mayo los Foros de Barrio se desplazan a Etxabakoitz","datePublished":"2022-05-04T11:09:03+00:00","dateModified":"2023-04-11T09:48:14+00:00","mainEntityOfPage":{"@id":"https:\/\/www.laguiadepamplona.com\/actualidad\/el-proximo-11-de-mayo-los-foros-de-barrio-se-desplazan-a-etxabakoitz\/"},"wordCount":311,"commentCount":0,"publisher":{"@id":"https:\/\/www.laguiadepamplona.com\/actualidad\/#organization"},"image":{"@id":"https:\/\/www.laguiadepamplona.com\/actualidad\/el-proximo-11-de-mayo-los-foros-de-barrio-se-desplazan-a-etxabakoitz\/#primaryimage"},"thumbnailUrl":"https:\/\/www.laguiadepamplona.com\/actualidad\/wp-content\/uploads\/2022\/05\/Foro-Barrio-Etxabakoitz_0.jpg","articleSection":["Ayto Pamplona"],"inLanguage":"es","potentialAction":[{"@type":"CommentAction","name":"Comment","target":["https:\/\/www.laguiadepamplona.com\/actualidad\/el-proximo-11-de-mayo-los-foros-de-barrio-se-desplazan-a-etxabakoitz\/#respond"]}]},{"@type":"WebPage","@id":"https:\/\/www.laguiadepamplona.com\/actualidad\/el-proximo-11-de-mayo-los-foros-de-barrio-se-desplazan-a-etxabakoitz\/","url":"https:\/\/www.laguiadepamplona.com\/actualidad\/el-proximo-11-de-mayo-los-foros-de-barrio-se-desplazan-a-etxabakoitz\/","name":"El pr\u00f3ximo 11 de mayo los Foros de Barrio se desplazan a Etxabakoitz","isPartOf":{"@id":"https:\/\/www.laguiadepamplona.com\/actualidad\/#website"},"primaryImageOfPage":{"@id":"https:\/\/www.laguiadepamplona.com\/actualidad\/el-proximo-11-de-mayo-los-foros-de-barrio-se-desplazan-a-etxabakoitz\/#primaryimage"},"image":{"@id":"https:\/\/www.laguiadepamplona.com\/actualidad\/el-proximo-11-de-mayo-los-foros-de-barrio-se-desplazan-a-etxabakoitz\/#primaryimage"},"thumbnailUrl":"https:\/\/www.laguiadepamplona.com\/actualidad\/wp-content\/uploads\/2022\/05\/Foro-Barrio-Etxabakoitz_0.jpg","datePublished":"2022-05-04T11:09:03+00:00","dateModified":"2023-04-11T09:48:14+00:00","description":"Quienes no puedan asistir a la sesi\u00f3n, hasta el domingo 8 pueden presentar preguntas al correo foros@pamplona.es o en la web de Participaci\u00f3n","breadcrumb":{"@id":"https:\/\/www.laguiadepamplona.com\/actualidad\/el-proximo-11-de-mayo-los-foros-de-barrio-se-desplazan-a-etxabakoitz\/#breadcrumb"},"inLanguage":"es","potentialAction":[{"@type":"ReadAction","target":["https:\/\/www.laguiadepamplona.com\/actualidad\/el-proximo-11-de-mayo-los-foros-de-barrio-se-desplazan-a-etxabakoitz\/"]}]},{"@type":"ImageObject","inLanguage":"es","@id":"https:\/\/www.laguiadepamplona.com\/actualidad\/el-proximo-11-de-mayo-los-foros-de-barrio-se-desplazan-a-etxabakoitz\/#primaryimage","url":"https:\/\/www.laguiadepamplona.com\/actualidad\/wp-content\/uploads\/2022\/05\/Foro-Barrio-Etxabakoitz_0.jpg","contentUrl":"https:\/\/www.laguiadepamplona.com\/actualidad\/wp-content\/uploads\/2022\/05\/Foro-Barrio-Etxabakoitz_0.jpg","width":842,"height":1192},{"@type":"BreadcrumbList","@id":"https:\/\/www.laguiadepamplona.com\/actualidad\/el-proximo-11-de-mayo-los-foros-de-barrio-se-desplazan-a-etxabakoitz\/#breadcrumb","itemListElement":[{"@type":"ListItem","position":1,"name":"Portada","item":"https:\/\/www.laguiadepamplona.com\/actualidad\/"},{"@type":"ListItem","position":2,"name":"El pr\u00f3ximo 11 de mayo los Foros de Barrio se desplazan a Etxabakoitz"}]},{"@type":"WebSite","@id":"https:\/\/www.laguiadepamplona.com\/actualidad\/#website","url":"https:\/\/www.laguiadepamplona.com\/actualidad\/","name":"La gu\u00eda de Pamplona","description":"Noticias de Pamplona","publisher":{"@id":"https:\/\/www.laguiadepamplona.com\/actualidad\/#organization"},"potentialAction":[{"@type":"SearchAction","target":{"@type":"EntryPoint","urlTemplate":"https:\/\/www.laguiadepamplona.com\/actualidad\/?s={search_term_string}"},"query-input":{"@type":"PropertyValueSpecification","valueRequired":true,"valueName":"search_term_string"}}],"inLanguage":"es"},{"@type":"Organization","@id":"https:\/\/www.laguiadepamplona.com\/actualidad\/#organization","name":"La Gu\u00eda de Pamplona \/ Noticias","url":"https:\/\/www.laguiadepamplona.com\/actualidad\/","logo":{"@type":"ImageObject","inLanguage":"es","@id":"https:\/\/www.laguiadepamplona.com\/actualidad\/#\/schema\/logo\/image\/","url":"https:\/\/www.laguiadepamplona.com\/actualidad\/wp-content\/uploads\/2018\/11\/logo-laguiadepamplona18-web1.png","contentUrl":"https:\/\/www.laguiadepamplona.com\/actualidad\/wp-content\/uploads\/2018\/11\/logo-laguiadepamplona18-web1.png","width":600,"height":196,"caption":"La Gu\u00eda de Pamplona \/ Noticias"},"image":{"@id":"https:\/\/www.laguiadepamplona.com\/actualidad\/#\/schema\/logo\/image\/"},"sameAs":["https:\/\/www.facebook.com\/laguiadepamplonacom-133175176762273\/?ref=hl","https:\/\/x.com\/LaGuiadPamplona","https:\/\/www.instagram.com\/la_guia_de_pamplona\/","https:\/\/www.youtube.com\/user\/laguiadepamplona"]},{"@type":"Person","@id":"https:\/\/www.laguiadepamplona.com\/actualidad\/#\/schema\/person\/efe887376f0213d4657c93adc50b1fdb","name":"La Gu\u00eda de Pamplona","image":{"@type":"ImageObject","inLanguage":"es","@id":"https:\/\/secure.gravatar.com\/avatar\/b6992f131dc8d30ab0dff15446e9d346d9dbd95992de0fef795073f5ea83a81c?s=96&d=mm&r=g","url":"https:\/\/secure.gravatar.com\/avatar\/b6992f131dc8d30ab0dff15446e9d346d9dbd95992de0fef795073f5ea83a81c?s=96&d=mm&r=g","contentUrl":"https:\/\/secure.gravatar.com\/avatar\/b6992f131dc8d30ab0dff15446e9d346d9dbd95992de0fef795073f5ea83a81c?s=96&d=mm&r=g","caption":"La Gu\u00eda de Pamplona"}}]}},"post_mailing_queue_ids":[],"_links":{"self":[{"href":"https:\/\/www.laguiadepamplona.com\/actualidad\/wp-json\/wp\/v2\/posts\/40175","targetHints":{"allow":["GET"]}}],"collection":[{"href":"https:\/\/www.laguiadepamplona.com\/actualidad\/wp-json\/wp\/v2\/posts"}],"about":[{"href":"https:\/\/www.laguiadepamplona.com\/actualidad\/wp-json\/wp\/v2\/types\/post"}],"author":[{"embeddable":true,"href":"https:\/\/www.laguiadepamplona.com\/actualidad\/wp-json\/wp\/v2\/users\/1"}],"replies":[{"embeddable":true,"href":"https:\/\/www.laguiadepamplona.com\/actualidad\/wp-json\/wp\/v2\/comments?post=40175"}],"version-history":[{"count":0,"href":"https:\/\/www.laguiadepamplona.com\/actualidad\/wp-json\/wp\/v2\/posts\/40175\/revisions"}],"wp:featuredmedia":[{"embeddable":true,"href":"https:\/\/www.laguiadepamplona.com\/actualidad\/wp-json\/wp\/v2\/media\/40176"}],"wp:attachment":[{"href":"https:\/\/www.laguiadepamplona.com\/actualidad\/wp-json\/wp\/v2\/media?parent=40175"}],"wp:term":[{"taxonomy":"category","embeddable":true,"href":"https:\/\/www.laguiadepamplona.com\/actualidad\/wp-json\/wp\/v2\/categories?post=40175"},{"taxonomy":"post_tag","embeddable":true,"href":"https:\/\/www.laguiadepamplona.com\/actualidad\/wp-json\/wp\/v2\/tags?post=40175"}],"curies":[{"name":"wp","href":"https:\/\/api.w.org\/{rel}","templated":true}]}}