{"id":40172,"date":"2022-05-04T13:07:27","date_gmt":"2022-05-04T11:07:27","guid":{"rendered":"https:\/\/www.laguiadepamplona.com\/actualidad\/?p=40172"},"modified":"2023-04-11T11:48:15","modified_gmt":"2023-04-11T09:48:15","slug":"las-obras-de-la-escuela-infantil-mendebaldea-muestran-las-estructuras-ya-ejecutadas-tanto-del-edificio-ampliado-como-de-la-nueva-marquesina-de-acceso","status":"publish","type":"post","link":"https:\/\/www.laguiadepamplona.com\/actualidad\/las-obras-de-la-escuela-infantil-mendebaldea-muestran-las-estructuras-ya-ejecutadas-tanto-del-edificio-ampliado-como-de-la-nueva-marquesina-de-acceso\/","title":{"rendered":"Las obras de la Escuela Infantil Mendebaldea muestran las estructuras ya ejecutadas tanto del edificio ampliado como de la nueva marquesina de acceso"},"content":{"rendered":"<h5>Los trabajos cuentan con un presupuesto de 1,3 millones y consisten en la reforma integral de la escuela para adecuar sus espacios a la normativa foral<\/h5>\n<p><!--more--><\/p>\n<p>La Escuela Infantil Mendebaldea avanza en las obras de la reforma integral para adecuar y renovar sus espacios y para adaptarse as\u00ed al Decreto Foral que establece las condiciones de este tipo de centros. Las obras comenzaron el \u00faltimo trimestre del a\u00f1o pasado y ya se han ejecutado las estructuras tanto del edificio ampliado como de la nueva marquesina de entrada a la escuela infantil por el paseo Prem\u00edn de Iru\u00f1a.<\/p>\n<p>La Gerencia y la Comisi\u00f3n de Urbanismo han visitado las obras que se prev\u00e9 que est\u00e1n finalizadas para el inicio del pr\u00f3ximo curso en agosto de este a\u00f1o. El conjunto de actuaciones que se est\u00e1n llevando a cabo afectan fundamentalmente a los cuatro m\u00f3dulos, el acondicionamiento clim\u00e1tico del espacio central y la adecuaci\u00f3n de elementos de protecci\u00f3n y seguridad de los menores. Las obras cuentan con un presupuesto de 1,3 millones de euros y las est\u00e1 ejecutando la empresa Construcciones Ferm\u00edn Os\u00e9s S.L.<br \/>\n<script async src=\"\/\/pagead2.googlesyndication.com\/pagead\/js\/adsbygoogle.js\"><\/script><br \/>\n<!-- Noticias La Guia de Pamplona --><br \/>\n<ins class=\"adsbygoogle\"\nstyle=\"display:block\"\ndata-ad-client=\"ca-pub-6943679897239327\"\ndata-ad-slot=\"7048180777\"\ndata-ad-format=\"auto\"><\/ins><br \/>\n<script>\n(adsbygoogle = window.adsbygoogle || []).push({});\n<\/script><\/p>\n<p>Ya se han ejecutado la mayor parte de los trabajos relacionados con instalaciones, como el suelo radiante, las conducciones de ventilaci\u00f3n, la fontaner\u00eda y el saneamiento o la electricidad, a falta de la colocaci\u00f3n de los aparatos sanitarios o los enchufes. Estos d\u00edas se est\u00e1 trabajando en la distribuci\u00f3n interior de los espacios educativos. Se ha instalado el aislamiento en paredes y techos, se ha ejecutado el pavimento de acabado y se est\u00e1 finalizando el trasdosado de las paredes de fachada. De este modo, solo quedar\u00edan por realizar las carpinter\u00edas exteriores e interiores, los falsos techos y el pintado de todo aquello que sea necesario.<\/p>\n<p>La Escuela Infantil Mendebaldea se construy\u00f3 en 1995 y est\u00e1 ubicada en la confluencia del paseo Prem\u00edn de Iru\u00f1a y la avenida de Navarra. Hasta el pasado curso, ofertaba 82 plazas a jornada completa en el ciclo de 0 a 3 a\u00f1os, en modelo ling\u00fc\u00edstico de castellano y en los m\u00f3dulos de Lactantes, Caminantes, Medianos y Mayores. Durante el actual curso, la escuela infantil ha permanecido cerrada para poder llevar a cabo esta adecuaci\u00f3n de los espacios y los ni\u00f1os y ni\u00f1as de 0 a 3 a\u00f1os pudieron trasladarse a otros centros. La plantilla de la escuela estaba conformada por un total de 20 personas, que ejerc\u00edan las labores de direcci\u00f3n, educaci\u00f3n de los menores, cocina y auxiliares de cocina, limpieza y mantenimiento.<br \/>\n<script async src=\"\/\/pagead2.googlesyndication.com\/pagead\/js\/adsbygoogle.js\"><\/script><br \/>\n<!-- Noticias La Guia de Pamplona --><br \/>\n<ins class=\"adsbygoogle\"\nstyle=\"display:block\"\ndata-ad-client=\"ca-pub-6943679897239327\"\ndata-ad-slot=\"7048180777\"\ndata-ad-format=\"auto\"><\/ins><br \/>\n<script>\n(adsbygoogle = window.adsbygoogle || []).push({});\n<\/script><\/p>\n<p><strong>Ampliaci\u00f3n del edificio para generar un nuevo espacio para Mayores<\/strong><\/p>\n<p>La reforma de la escuela est\u00e1 consistiendo en la modificaci\u00f3n interior de la totalidad de los espacios educativos, incluida la construcci\u00f3n completa de un m\u00f3dulo de Mayores, as\u00ed como la mejora de gran parte de los espacios de servicios. La escuela est\u00e1 organizada en torno al gran patio central cubierto, de forma rectangular, al que se abren dos alas en sus orientaciones noroeste y suroeste, donde se localizan los cuatro m\u00f3dulos de atenci\u00f3n a ni\u00f1os y ni\u00f1as de 0 a 3 a\u00f1os.<\/p>\n<p>En estos meses, se ha procedido a la demolici\u00f3n interna de los espacios hasta ahora habilitados para Lactantes, Caminantes y Mayores, creando una planta di\u00e1fana y luminosa, y a la ampliaci\u00f3n de la edificaci\u00f3n del m\u00f3dulo de Medianos, que a partir del pr\u00f3ximo curso estar\u00e1 dedicado a los Mayores. As\u00ed las cosas, tras las obras, en la zona noroeste quedar\u00e1n los espacios para Caminantes y Medianos y en la zona suroeste los m\u00f3dulos de Lactantes y Mayores. La escuela infantil mantiene su ordenaci\u00f3n en torno al patio cubierto, que sigue siendo el coraz\u00f3n de los m\u00f3dulos de Lactantes, Caminantes, Medianos y Mayores al volcar todos en \u00e9l.<br \/>\n<script async src=\"\/\/pagead2.googlesyndication.com\/pagead\/js\/adsbygoogle.js\"><\/script><br \/>\n<!-- Noticias La Guia de Pamplona --><br \/>\n<ins class=\"adsbygoogle\"\nstyle=\"display:block\"\ndata-ad-client=\"ca-pub-6943679897239327\"\ndata-ad-slot=\"7048180777\"\ndata-ad-format=\"auto\"><\/ins><br \/>\n<script>\n(adsbygoogle = window.adsbygoogle || []).push({});\n<\/script><\/p>\n<p>El proyecto, al ser una ampliaci\u00f3n de un edificio existente, pretende ser revolucionario en el interior, pero mim\u00e9tico en el exterior, de tal modo que esa ampliaci\u00f3n pase desapercibida, descubriendo un espacio nuevo, con mayor seguridad para los menores y mejores prestaciones de temperatura, ventilaci\u00f3n e iluminaci\u00f3n. Con este nuevo espacio los cuatro m\u00f3dulos se pueden distribuir con los renovados criterios de la normativa foral del DF 28\/007 a la que se deben adecuar todas las escuelas infantiles.<\/p>\n<p>Tambi\u00e9n incluyen peque\u00f1as actuaciones en las zonas administrativas y de servicios y se han reformado en su totalidad la cocina y el vestuario femenino para darles mayor visibilidad y amplitud, respectivamente.<\/p>\n","protected":false},"excerpt":{"rendered":"<p>Los trabajos cuentan con un presupuesto de 1,3 millones y consisten en la reforma integral de la escuela para adecuar sus espacios a la normativa foral<\/p>\n","protected":false},"author":1,"featured_media":40173,"comment_status":"open","ping_status":"closed","sticky":false,"template":"","format":"standard","meta":{"footnotes":""},"categories":[2],"tags":[],"class_list":["post-40172","post","type-post","status-publish","format-standard","has-post-thumbnail","hentry","category-ayuntamiento-pamplona"],"yoast_head":"<!-- This site is optimized with the Yoast SEO plugin v27.3 - https:\/\/yoast.com\/product\/yoast-seo-wordpress\/ -->\n<title>Las obras de la Escuela Infantil Mendebaldea muestran las estructuras ya ejecutadas tanto del edificio ampliado como de la nueva marquesina de acceso<\/title>\n<meta name=\"description\" content=\"Los trabajos cuentan con un presupuesto de 1,3 millones y consisten en la reforma integral de la escuela para adecuar sus espacios a la normativa foral\" \/>\n<meta name=\"robots\" content=\"index, follow, max-snippet:-1, max-image-preview:large, max-video-preview:-1\" \/>\n<link rel=\"canonical\" href=\"https:\/\/www.laguiadepamplona.com\/actualidad\/las-obras-de-la-escuela-infantil-mendebaldea-muestran-las-estructuras-ya-ejecutadas-tanto-del-edificio-ampliado-como-de-la-nueva-marquesina-de-acceso\/\" \/>\n<meta property=\"og:locale\" content=\"es_ES\" \/>\n<meta property=\"og:type\" content=\"article\" \/>\n<meta property=\"og:title\" content=\"Las obras de la Escuela Infantil Mendebaldea muestran las estructuras ya ejecutadas tanto del edificio ampliado como de la nueva marquesina de acceso\" \/>\n<meta property=\"og:description\" content=\"Los trabajos cuentan con un presupuesto de 1,3 millones y consisten en la reforma integral de la escuela para adecuar sus espacios a la normativa foral\" \/>\n<meta property=\"og:url\" content=\"https:\/\/www.laguiadepamplona.com\/actualidad\/las-obras-de-la-escuela-infantil-mendebaldea-muestran-las-estructuras-ya-ejecutadas-tanto-del-edificio-ampliado-como-de-la-nueva-marquesina-de-acceso\/\" \/>\n<meta property=\"og:site_name\" content=\"La Gu\u00eda de Pamplona\" \/>\n<meta property=\"article:publisher\" content=\"https:\/\/www.facebook.com\/laguiadepamplonacom-133175176762273\/?ref=hl\" \/>\n<meta property=\"article:published_time\" content=\"2022-05-04T11:07:27+00:00\" \/>\n<meta property=\"article:modified_time\" content=\"2023-04-11T09:48:15+00:00\" \/>\n<meta property=\"og:image\" content=\"https:\/\/www.laguiadepamplona.com\/actualidad\/wp-content\/uploads\/2022\/05\/obras-escuela-municipal-mendebaldea-ee5a7447.webp\" \/>\n\t<meta property=\"og:image:width\" content=\"1920\" \/>\n\t<meta property=\"og:image:height\" content=\"1280\" \/>\n\t<meta property=\"og:image:type\" content=\"image\/webp\" \/>\n<meta name=\"author\" content=\"La Gu\u00eda de Pamplona\" \/>\n<meta name=\"twitter:card\" content=\"summary_large_image\" \/>\n<meta name=\"twitter:creator\" content=\"@LaGuiadPamplona\" \/>\n<meta name=\"twitter:site\" content=\"@LaGuiadPamplona\" \/>\n<meta name=\"twitter:label1\" content=\"Escrito por\" \/>\n\t<meta name=\"twitter:data1\" content=\"La Gu\u00eda de Pamplona\" \/>\n\t<meta name=\"twitter:label2\" content=\"Tiempo de lectura\" \/>\n\t<meta name=\"twitter:data2\" content=\"4 minutos\" \/>\n<script type=\"application\/ld+json\" class=\"yoast-schema-graph\">{\"@context\":\"https:\\\/\\\/schema.org\",\"@graph\":[{\"@type\":\"Article\",\"@id\":\"https:\\\/\\\/www.laguiadepamplona.com\\\/actualidad\\\/las-obras-de-la-escuela-infantil-mendebaldea-muestran-las-estructuras-ya-ejecutadas-tanto-del-edificio-ampliado-como-de-la-nueva-marquesina-de-acceso\\\/#article\",\"isPartOf\":{\"@id\":\"https:\\\/\\\/www.laguiadepamplona.com\\\/actualidad\\\/las-obras-de-la-escuela-infantil-mendebaldea-muestran-las-estructuras-ya-ejecutadas-tanto-del-edificio-ampliado-como-de-la-nueva-marquesina-de-acceso\\\/\"},\"author\":{\"name\":\"La Gu\u00eda de Pamplona\",\"@id\":\"https:\\\/\\\/www.laguiadepamplona.com\\\/actualidad\\\/#\\\/schema\\\/person\\\/efe887376f0213d4657c93adc50b1fdb\"},\"headline\":\"Las obras de la Escuela Infantil Mendebaldea muestran las estructuras ya ejecutadas tanto del edificio ampliado como de la nueva marquesina de acceso\",\"datePublished\":\"2022-05-04T11:07:27+00:00\",\"dateModified\":\"2023-04-11T09:48:15+00:00\",\"mainEntityOfPage\":{\"@id\":\"https:\\\/\\\/www.laguiadepamplona.com\\\/actualidad\\\/las-obras-de-la-escuela-infantil-mendebaldea-muestran-las-estructuras-ya-ejecutadas-tanto-del-edificio-ampliado-como-de-la-nueva-marquesina-de-acceso\\\/\"},\"wordCount\":789,\"commentCount\":0,\"publisher\":{\"@id\":\"https:\\\/\\\/www.laguiadepamplona.com\\\/actualidad\\\/#organization\"},\"image\":{\"@id\":\"https:\\\/\\\/www.laguiadepamplona.com\\\/actualidad\\\/las-obras-de-la-escuela-infantil-mendebaldea-muestran-las-estructuras-ya-ejecutadas-tanto-del-edificio-ampliado-como-de-la-nueva-marquesina-de-acceso\\\/#primaryimage\"},\"thumbnailUrl\":\"https:\\\/\\\/www.laguiadepamplona.com\\\/actualidad\\\/wp-content\\\/uploads\\\/2022\\\/05\\\/obras-escuela-municipal-mendebaldea-ee5a7447.webp\",\"articleSection\":[\"Ayto Pamplona\"],\"inLanguage\":\"es\",\"potentialAction\":[{\"@type\":\"CommentAction\",\"name\":\"Comment\",\"target\":[\"https:\\\/\\\/www.laguiadepamplona.com\\\/actualidad\\\/las-obras-de-la-escuela-infantil-mendebaldea-muestran-las-estructuras-ya-ejecutadas-tanto-del-edificio-ampliado-como-de-la-nueva-marquesina-de-acceso\\\/#respond\"]}]},{\"@type\":\"WebPage\",\"@id\":\"https:\\\/\\\/www.laguiadepamplona.com\\\/actualidad\\\/las-obras-de-la-escuela-infantil-mendebaldea-muestran-las-estructuras-ya-ejecutadas-tanto-del-edificio-ampliado-como-de-la-nueva-marquesina-de-acceso\\\/\",\"url\":\"https:\\\/\\\/www.laguiadepamplona.com\\\/actualidad\\\/las-obras-de-la-escuela-infantil-mendebaldea-muestran-las-estructuras-ya-ejecutadas-tanto-del-edificio-ampliado-como-de-la-nueva-marquesina-de-acceso\\\/\",\"name\":\"Las obras de la Escuela Infantil Mendebaldea muestran las estructuras ya ejecutadas tanto del edificio ampliado como de la nueva marquesina de acceso\",\"isPartOf\":{\"@id\":\"https:\\\/\\\/www.laguiadepamplona.com\\\/actualidad\\\/#website\"},\"primaryImageOfPage\":{\"@id\":\"https:\\\/\\\/www.laguiadepamplona.com\\\/actualidad\\\/las-obras-de-la-escuela-infantil-mendebaldea-muestran-las-estructuras-ya-ejecutadas-tanto-del-edificio-ampliado-como-de-la-nueva-marquesina-de-acceso\\\/#primaryimage\"},\"image\":{\"@id\":\"https:\\\/\\\/www.laguiadepamplona.com\\\/actualidad\\\/las-obras-de-la-escuela-infantil-mendebaldea-muestran-las-estructuras-ya-ejecutadas-tanto-del-edificio-ampliado-como-de-la-nueva-marquesina-de-acceso\\\/#primaryimage\"},\"thumbnailUrl\":\"https:\\\/\\\/www.laguiadepamplona.com\\\/actualidad\\\/wp-content\\\/uploads\\\/2022\\\/05\\\/obras-escuela-municipal-mendebaldea-ee5a7447.webp\",\"datePublished\":\"2022-05-04T11:07:27+00:00\",\"dateModified\":\"2023-04-11T09:48:15+00:00\",\"description\":\"Los trabajos cuentan con un presupuesto de 1,3 millones y consisten en la reforma integral de la escuela para adecuar sus espacios a la normativa foral\",\"breadcrumb\":{\"@id\":\"https:\\\/\\\/www.laguiadepamplona.com\\\/actualidad\\\/las-obras-de-la-escuela-infantil-mendebaldea-muestran-las-estructuras-ya-ejecutadas-tanto-del-edificio-ampliado-como-de-la-nueva-marquesina-de-acceso\\\/#breadcrumb\"},\"inLanguage\":\"es\",\"potentialAction\":[{\"@type\":\"ReadAction\",\"target\":[\"https:\\\/\\\/www.laguiadepamplona.com\\\/actualidad\\\/las-obras-de-la-escuela-infantil-mendebaldea-muestran-las-estructuras-ya-ejecutadas-tanto-del-edificio-ampliado-como-de-la-nueva-marquesina-de-acceso\\\/\"]}]},{\"@type\":\"ImageObject\",\"inLanguage\":\"es\",\"@id\":\"https:\\\/\\\/www.laguiadepamplona.com\\\/actualidad\\\/las-obras-de-la-escuela-infantil-mendebaldea-muestran-las-estructuras-ya-ejecutadas-tanto-del-edificio-ampliado-como-de-la-nueva-marquesina-de-acceso\\\/#primaryimage\",\"url\":\"https:\\\/\\\/www.laguiadepamplona.com\\\/actualidad\\\/wp-content\\\/uploads\\\/2022\\\/05\\\/obras-escuela-municipal-mendebaldea-ee5a7447.webp\",\"contentUrl\":\"https:\\\/\\\/www.laguiadepamplona.com\\\/actualidad\\\/wp-content\\\/uploads\\\/2022\\\/05\\\/obras-escuela-municipal-mendebaldea-ee5a7447.webp\",\"width\":1920,\"height\":1280},{\"@type\":\"BreadcrumbList\",\"@id\":\"https:\\\/\\\/www.laguiadepamplona.com\\\/actualidad\\\/las-obras-de-la-escuela-infantil-mendebaldea-muestran-las-estructuras-ya-ejecutadas-tanto-del-edificio-ampliado-como-de-la-nueva-marquesina-de-acceso\\\/#breadcrumb\",\"itemListElement\":[{\"@type\":\"ListItem\",\"position\":1,\"name\":\"Portada\",\"item\":\"https:\\\/\\\/www.laguiadepamplona.com\\\/actualidad\\\/\"},{\"@type\":\"ListItem\",\"position\":2,\"name\":\"Las obras de la Escuela Infantil Mendebaldea muestran las estructuras ya ejecutadas tanto del edificio ampliado como de la nueva marquesina de acceso\"}]},{\"@type\":\"WebSite\",\"@id\":\"https:\\\/\\\/www.laguiadepamplona.com\\\/actualidad\\\/#website\",\"url\":\"https:\\\/\\\/www.laguiadepamplona.com\\\/actualidad\\\/\",\"name\":\"La gu\u00eda de Pamplona\",\"description\":\"Noticias de Pamplona\",\"publisher\":{\"@id\":\"https:\\\/\\\/www.laguiadepamplona.com\\\/actualidad\\\/#organization\"},\"potentialAction\":[{\"@type\":\"SearchAction\",\"target\":{\"@type\":\"EntryPoint\",\"urlTemplate\":\"https:\\\/\\\/www.laguiadepamplona.com\\\/actualidad\\\/?s={search_term_string}\"},\"query-input\":{\"@type\":\"PropertyValueSpecification\",\"valueRequired\":true,\"valueName\":\"search_term_string\"}}],\"inLanguage\":\"es\"},{\"@type\":\"Organization\",\"@id\":\"https:\\\/\\\/www.laguiadepamplona.com\\\/actualidad\\\/#organization\",\"name\":\"La Gu\u00eda de Pamplona \\\/ Noticias\",\"url\":\"https:\\\/\\\/www.laguiadepamplona.com\\\/actualidad\\\/\",\"logo\":{\"@type\":\"ImageObject\",\"inLanguage\":\"es\",\"@id\":\"https:\\\/\\\/www.laguiadepamplona.com\\\/actualidad\\\/#\\\/schema\\\/logo\\\/image\\\/\",\"url\":\"https:\\\/\\\/www.laguiadepamplona.com\\\/actualidad\\\/wp-content\\\/uploads\\\/2018\\\/11\\\/logo-laguiadepamplona18-web1.png\",\"contentUrl\":\"https:\\\/\\\/www.laguiadepamplona.com\\\/actualidad\\\/wp-content\\\/uploads\\\/2018\\\/11\\\/logo-laguiadepamplona18-web1.png\",\"width\":600,\"height\":196,\"caption\":\"La Gu\u00eda de Pamplona \\\/ Noticias\"},\"image\":{\"@id\":\"https:\\\/\\\/www.laguiadepamplona.com\\\/actualidad\\\/#\\\/schema\\\/logo\\\/image\\\/\"},\"sameAs\":[\"https:\\\/\\\/www.facebook.com\\\/laguiadepamplonacom-133175176762273\\\/?ref=hl\",\"https:\\\/\\\/x.com\\\/LaGuiadPamplona\",\"https:\\\/\\\/www.instagram.com\\\/la_guia_de_pamplona\\\/\",\"https:\\\/\\\/www.youtube.com\\\/user\\\/laguiadepamplona\"]},{\"@type\":\"Person\",\"@id\":\"https:\\\/\\\/www.laguiadepamplona.com\\\/actualidad\\\/#\\\/schema\\\/person\\\/efe887376f0213d4657c93adc50b1fdb\",\"name\":\"La Gu\u00eda de Pamplona\",\"image\":{\"@type\":\"ImageObject\",\"inLanguage\":\"es\",\"@id\":\"https:\\\/\\\/secure.gravatar.com\\\/avatar\\\/b6992f131dc8d30ab0dff15446e9d346d9dbd95992de0fef795073f5ea83a81c?s=96&d=mm&r=g\",\"url\":\"https:\\\/\\\/secure.gravatar.com\\\/avatar\\\/b6992f131dc8d30ab0dff15446e9d346d9dbd95992de0fef795073f5ea83a81c?s=96&d=mm&r=g\",\"contentUrl\":\"https:\\\/\\\/secure.gravatar.com\\\/avatar\\\/b6992f131dc8d30ab0dff15446e9d346d9dbd95992de0fef795073f5ea83a81c?s=96&d=mm&r=g\",\"caption\":\"La Gu\u00eda de Pamplona\"}}]}<\/script>\n<!-- \/ Yoast SEO plugin. -->","yoast_head_json":{"title":"Las obras de la Escuela Infantil Mendebaldea muestran las estructuras ya ejecutadas tanto del edificio ampliado como de la nueva marquesina de acceso","description":"Los trabajos cuentan con un presupuesto de 1,3 millones y consisten en la reforma integral de la escuela para adecuar sus espacios a la normativa foral","robots":{"index":"index","follow":"follow","max-snippet":"max-snippet:-1","max-image-preview":"max-image-preview:large","max-video-preview":"max-video-preview:-1"},"canonical":"https:\/\/www.laguiadepamplona.com\/actualidad\/las-obras-de-la-escuela-infantil-mendebaldea-muestran-las-estructuras-ya-ejecutadas-tanto-del-edificio-ampliado-como-de-la-nueva-marquesina-de-acceso\/","og_locale":"es_ES","og_type":"article","og_title":"Las obras de la Escuela Infantil Mendebaldea muestran las estructuras ya ejecutadas tanto del edificio ampliado como de la nueva marquesina de acceso","og_description":"Los trabajos cuentan con un presupuesto de 1,3 millones y consisten en la reforma integral de la escuela para adecuar sus espacios a la normativa foral","og_url":"https:\/\/www.laguiadepamplona.com\/actualidad\/las-obras-de-la-escuela-infantil-mendebaldea-muestran-las-estructuras-ya-ejecutadas-tanto-del-edificio-ampliado-como-de-la-nueva-marquesina-de-acceso\/","og_site_name":"La Gu\u00eda de Pamplona","article_publisher":"https:\/\/www.facebook.com\/laguiadepamplonacom-133175176762273\/?ref=hl","article_published_time":"2022-05-04T11:07:27+00:00","article_modified_time":"2023-04-11T09:48:15+00:00","og_image":[{"width":1920,"height":1280,"url":"https:\/\/www.laguiadepamplona.com\/actualidad\/wp-content\/uploads\/2022\/05\/obras-escuela-municipal-mendebaldea-ee5a7447.webp","type":"image\/webp"}],"author":"La Gu\u00eda de Pamplona","twitter_card":"summary_large_image","twitter_creator":"@LaGuiadPamplona","twitter_site":"@LaGuiadPamplona","twitter_misc":{"Escrito por":"La Gu\u00eda de Pamplona","Tiempo de lectura":"4 minutos"},"schema":{"@context":"https:\/\/schema.org","@graph":[{"@type":"Article","@id":"https:\/\/www.laguiadepamplona.com\/actualidad\/las-obras-de-la-escuela-infantil-mendebaldea-muestran-las-estructuras-ya-ejecutadas-tanto-del-edificio-ampliado-como-de-la-nueva-marquesina-de-acceso\/#article","isPartOf":{"@id":"https:\/\/www.laguiadepamplona.com\/actualidad\/las-obras-de-la-escuela-infantil-mendebaldea-muestran-las-estructuras-ya-ejecutadas-tanto-del-edificio-ampliado-como-de-la-nueva-marquesina-de-acceso\/"},"author":{"name":"La Gu\u00eda de Pamplona","@id":"https:\/\/www.laguiadepamplona.com\/actualidad\/#\/schema\/person\/efe887376f0213d4657c93adc50b1fdb"},"headline":"Las obras de la Escuela Infantil Mendebaldea muestran las estructuras ya ejecutadas tanto del edificio ampliado como de la nueva marquesina de acceso","datePublished":"2022-05-04T11:07:27+00:00","dateModified":"2023-04-11T09:48:15+00:00","mainEntityOfPage":{"@id":"https:\/\/www.laguiadepamplona.com\/actualidad\/las-obras-de-la-escuela-infantil-mendebaldea-muestran-las-estructuras-ya-ejecutadas-tanto-del-edificio-ampliado-como-de-la-nueva-marquesina-de-acceso\/"},"wordCount":789,"commentCount":0,"publisher":{"@id":"https:\/\/www.laguiadepamplona.com\/actualidad\/#organization"},"image":{"@id":"https:\/\/www.laguiadepamplona.com\/actualidad\/las-obras-de-la-escuela-infantil-mendebaldea-muestran-las-estructuras-ya-ejecutadas-tanto-del-edificio-ampliado-como-de-la-nueva-marquesina-de-acceso\/#primaryimage"},"thumbnailUrl":"https:\/\/www.laguiadepamplona.com\/actualidad\/wp-content\/uploads\/2022\/05\/obras-escuela-municipal-mendebaldea-ee5a7447.webp","articleSection":["Ayto Pamplona"],"inLanguage":"es","potentialAction":[{"@type":"CommentAction","name":"Comment","target":["https:\/\/www.laguiadepamplona.com\/actualidad\/las-obras-de-la-escuela-infantil-mendebaldea-muestran-las-estructuras-ya-ejecutadas-tanto-del-edificio-ampliado-como-de-la-nueva-marquesina-de-acceso\/#respond"]}]},{"@type":"WebPage","@id":"https:\/\/www.laguiadepamplona.com\/actualidad\/las-obras-de-la-escuela-infantil-mendebaldea-muestran-las-estructuras-ya-ejecutadas-tanto-del-edificio-ampliado-como-de-la-nueva-marquesina-de-acceso\/","url":"https:\/\/www.laguiadepamplona.com\/actualidad\/las-obras-de-la-escuela-infantil-mendebaldea-muestran-las-estructuras-ya-ejecutadas-tanto-del-edificio-ampliado-como-de-la-nueva-marquesina-de-acceso\/","name":"Las obras de la Escuela Infantil Mendebaldea muestran las estructuras ya ejecutadas tanto del edificio ampliado como de la nueva marquesina de acceso","isPartOf":{"@id":"https:\/\/www.laguiadepamplona.com\/actualidad\/#website"},"primaryImageOfPage":{"@id":"https:\/\/www.laguiadepamplona.com\/actualidad\/las-obras-de-la-escuela-infantil-mendebaldea-muestran-las-estructuras-ya-ejecutadas-tanto-del-edificio-ampliado-como-de-la-nueva-marquesina-de-acceso\/#primaryimage"},"image":{"@id":"https:\/\/www.laguiadepamplona.com\/actualidad\/las-obras-de-la-escuela-infantil-mendebaldea-muestran-las-estructuras-ya-ejecutadas-tanto-del-edificio-ampliado-como-de-la-nueva-marquesina-de-acceso\/#primaryimage"},"thumbnailUrl":"https:\/\/www.laguiadepamplona.com\/actualidad\/wp-content\/uploads\/2022\/05\/obras-escuela-municipal-mendebaldea-ee5a7447.webp","datePublished":"2022-05-04T11:07:27+00:00","dateModified":"2023-04-11T09:48:15+00:00","description":"Los trabajos cuentan con un presupuesto de 1,3 millones y consisten en la reforma integral de la escuela para adecuar sus espacios a la normativa foral","breadcrumb":{"@id":"https:\/\/www.laguiadepamplona.com\/actualidad\/las-obras-de-la-escuela-infantil-mendebaldea-muestran-las-estructuras-ya-ejecutadas-tanto-del-edificio-ampliado-como-de-la-nueva-marquesina-de-acceso\/#breadcrumb"},"inLanguage":"es","potentialAction":[{"@type":"ReadAction","target":["https:\/\/www.laguiadepamplona.com\/actualidad\/las-obras-de-la-escuela-infantil-mendebaldea-muestran-las-estructuras-ya-ejecutadas-tanto-del-edificio-ampliado-como-de-la-nueva-marquesina-de-acceso\/"]}]},{"@type":"ImageObject","inLanguage":"es","@id":"https:\/\/www.laguiadepamplona.com\/actualidad\/las-obras-de-la-escuela-infantil-mendebaldea-muestran-las-estructuras-ya-ejecutadas-tanto-del-edificio-ampliado-como-de-la-nueva-marquesina-de-acceso\/#primaryimage","url":"https:\/\/www.laguiadepamplona.com\/actualidad\/wp-content\/uploads\/2022\/05\/obras-escuela-municipal-mendebaldea-ee5a7447.webp","contentUrl":"https:\/\/www.laguiadepamplona.com\/actualidad\/wp-content\/uploads\/2022\/05\/obras-escuela-municipal-mendebaldea-ee5a7447.webp","width":1920,"height":1280},{"@type":"BreadcrumbList","@id":"https:\/\/www.laguiadepamplona.com\/actualidad\/las-obras-de-la-escuela-infantil-mendebaldea-muestran-las-estructuras-ya-ejecutadas-tanto-del-edificio-ampliado-como-de-la-nueva-marquesina-de-acceso\/#breadcrumb","itemListElement":[{"@type":"ListItem","position":1,"name":"Portada","item":"https:\/\/www.laguiadepamplona.com\/actualidad\/"},{"@type":"ListItem","position":2,"name":"Las obras de la Escuela Infantil Mendebaldea muestran las estructuras ya ejecutadas tanto del edificio ampliado como de la nueva marquesina de acceso"}]},{"@type":"WebSite","@id":"https:\/\/www.laguiadepamplona.com\/actualidad\/#website","url":"https:\/\/www.laguiadepamplona.com\/actualidad\/","name":"La gu\u00eda de Pamplona","description":"Noticias de Pamplona","publisher":{"@id":"https:\/\/www.laguiadepamplona.com\/actualidad\/#organization"},"potentialAction":[{"@type":"SearchAction","target":{"@type":"EntryPoint","urlTemplate":"https:\/\/www.laguiadepamplona.com\/actualidad\/?s={search_term_string}"},"query-input":{"@type":"PropertyValueSpecification","valueRequired":true,"valueName":"search_term_string"}}],"inLanguage":"es"},{"@type":"Organization","@id":"https:\/\/www.laguiadepamplona.com\/actualidad\/#organization","name":"La Gu\u00eda de Pamplona \/ Noticias","url":"https:\/\/www.laguiadepamplona.com\/actualidad\/","logo":{"@type":"ImageObject","inLanguage":"es","@id":"https:\/\/www.laguiadepamplona.com\/actualidad\/#\/schema\/logo\/image\/","url":"https:\/\/www.laguiadepamplona.com\/actualidad\/wp-content\/uploads\/2018\/11\/logo-laguiadepamplona18-web1.png","contentUrl":"https:\/\/www.laguiadepamplona.com\/actualidad\/wp-content\/uploads\/2018\/11\/logo-laguiadepamplona18-web1.png","width":600,"height":196,"caption":"La Gu\u00eda de Pamplona \/ Noticias"},"image":{"@id":"https:\/\/www.laguiadepamplona.com\/actualidad\/#\/schema\/logo\/image\/"},"sameAs":["https:\/\/www.facebook.com\/laguiadepamplonacom-133175176762273\/?ref=hl","https:\/\/x.com\/LaGuiadPamplona","https:\/\/www.instagram.com\/la_guia_de_pamplona\/","https:\/\/www.youtube.com\/user\/laguiadepamplona"]},{"@type":"Person","@id":"https:\/\/www.laguiadepamplona.com\/actualidad\/#\/schema\/person\/efe887376f0213d4657c93adc50b1fdb","name":"La Gu\u00eda de Pamplona","image":{"@type":"ImageObject","inLanguage":"es","@id":"https:\/\/secure.gravatar.com\/avatar\/b6992f131dc8d30ab0dff15446e9d346d9dbd95992de0fef795073f5ea83a81c?s=96&d=mm&r=g","url":"https:\/\/secure.gravatar.com\/avatar\/b6992f131dc8d30ab0dff15446e9d346d9dbd95992de0fef795073f5ea83a81c?s=96&d=mm&r=g","contentUrl":"https:\/\/secure.gravatar.com\/avatar\/b6992f131dc8d30ab0dff15446e9d346d9dbd95992de0fef795073f5ea83a81c?s=96&d=mm&r=g","caption":"La Gu\u00eda de Pamplona"}}]}},"post_mailing_queue_ids":[],"_links":{"self":[{"href":"https:\/\/www.laguiadepamplona.com\/actualidad\/wp-json\/wp\/v2\/posts\/40172","targetHints":{"allow":["GET"]}}],"collection":[{"href":"https:\/\/www.laguiadepamplona.com\/actualidad\/wp-json\/wp\/v2\/posts"}],"about":[{"href":"https:\/\/www.laguiadepamplona.com\/actualidad\/wp-json\/wp\/v2\/types\/post"}],"author":[{"embeddable":true,"href":"https:\/\/www.laguiadepamplona.com\/actualidad\/wp-json\/wp\/v2\/users\/1"}],"replies":[{"embeddable":true,"href":"https:\/\/www.laguiadepamplona.com\/actualidad\/wp-json\/wp\/v2\/comments?post=40172"}],"version-history":[{"count":0,"href":"https:\/\/www.laguiadepamplona.com\/actualidad\/wp-json\/wp\/v2\/posts\/40172\/revisions"}],"wp:featuredmedia":[{"embeddable":true,"href":"https:\/\/www.laguiadepamplona.com\/actualidad\/wp-json\/wp\/v2\/media\/40173"}],"wp:attachment":[{"href":"https:\/\/www.laguiadepamplona.com\/actualidad\/wp-json\/wp\/v2\/media?parent=40172"}],"wp:term":[{"taxonomy":"category","embeddable":true,"href":"https:\/\/www.laguiadepamplona.com\/actualidad\/wp-json\/wp\/v2\/categories?post=40172"},{"taxonomy":"post_tag","embeddable":true,"href":"https:\/\/www.laguiadepamplona.com\/actualidad\/wp-json\/wp\/v2\/tags?post=40172"}],"curies":[{"name":"wp","href":"https:\/\/api.w.org\/{rel}","templated":true}]}}