{"id":40169,"date":"2022-05-03T19:07:22","date_gmt":"2022-05-03T17:07:22","guid":{"rendered":"https:\/\/www.laguiadepamplona.com\/actualidad\/?p=40169"},"modified":"2023-04-11T11:48:15","modified_gmt":"2023-04-11T09:48:15","slug":"el-foro-de-diversidad-cultural-celebra-manana-su-septima-edicion-abierta-a-la-participacion-ciudadana","status":"publish","type":"post","link":"https:\/\/www.laguiadepamplona.com\/actualidad\/el-foro-de-diversidad-cultural-celebra-manana-su-septima-edicion-abierta-a-la-participacion-ciudadana\/","title":{"rendered":"El Foro de Diversidad Cultural celebra ma\u00f1ana su s\u00e9ptima edici\u00f3n abierta a la participaci\u00f3n ciudadana"},"content":{"rendered":"<h5>En el encuentro, que se celebrar\u00e1 en la sala Descalzos 72, tendr\u00e1 lugar a las 18 horas y contar\u00e1 con la presencia del concejal Fernando Sesma<\/h5>\n<p><!--more--><\/p>\n<p>El Ayuntamiento de Pamplona, a trav\u00e9s del \u00c1rea de Educaci\u00f3n, Participaci\u00f3n Ciudadana y Juventud, celebrar\u00e1 ma\u00f1ana el VII Foro de Diversidad Cultural, un encuentro abierto al conjunto de la ciudadan\u00eda y a las entidades vinculadas con la defensa de la interculturalidad. La cita tendr\u00e1 lugar a las 18 horas en la sala Descalzos 72, y contar\u00e1 con la presencia del concejal delegado de Educaci\u00f3n, Participaci\u00f3n Ciudadana y Juventud, Fernando Sesma.<br \/>\n<script async src=\"\/\/pagead2.googlesyndication.com\/pagead\/js\/adsbygoogle.js\"><\/script><br \/>\n<!-- Noticias La Guia de Pamplona --><br \/>\n<ins class=\"adsbygoogle\"\nstyle=\"display:block\"\ndata-ad-client=\"ca-pub-6943679897239327\"\ndata-ad-slot=\"7048180777\"\ndata-ad-format=\"auto\"><\/ins><br \/>\n<script>\n(adsbygoogle = window.adsbygoogle || []).push({});\n<\/script><\/p>\n<p>El encuentro servir\u00e1 para informar a las personas participantes sobre el Diagn\u00f3stico de Diversidad Cultural y Ciudadan\u00eda Inclusiva de Pamplona, un trabajo puesto en marcha por el Consistorio para conocer el grado y la calidad de la coexistencia entre las diferentes culturas que conforman la sociedad pamplonesa. El Plan de Diversidad, todav\u00eda en elaboraci\u00f3n, se basa en los datos aportados a trav\u00e9s de un sistema de encuestas online, que permaneci\u00f3 abierto hasta mediados de noviembre del a\u00f1o pasado. En total, han sido 1.411 personas las que han aportado su opini\u00f3n al respecto, datos que ahora est\u00e1n en an\u00e1lisis para conformar las conclusiones finales del diagn\u00f3stico.<\/p>\n<p>Este diagn\u00f3stico servir\u00e1 de base para la redacci\u00f3n del \u201c<a href=\"https:\/\/erabaki.pamplona.es\/processes\/PlanDiversidadCultural\" target=\"_blank\" rel=\"noopener\">I Plan de Diversidad Cultural y Ciudadan\u00eda Inclusiva de Pamplona<\/a>\u201d, una herramienta que recoger\u00e1 las acciones y las propuestas para mejorar en materia de diversidad cultural, que est\u00e1 previsto concluir este 2022.<br \/>\n<script async src=\"\/\/pagead2.googlesyndication.com\/pagead\/js\/adsbygoogle.js\"><\/script><br \/>\n<!-- Noticias La Guia de Pamplona --><br \/>\n<ins class=\"adsbygoogle\"\nstyle=\"display:block\"\ndata-ad-client=\"ca-pub-6943679897239327\"\ndata-ad-slot=\"7048180777\"\ndata-ad-format=\"auto\"><\/ins><br \/>\n<script>\n(adsbygoogle = window.adsbygoogle || []).push({});\n<\/script><\/p>\n<p>El foro valorar\u00e1 tambi\u00e9n las actividades realizadas a nivel municipal en torno a la diversidad cultural en el \u00faltimo trimestre de 2021 y el primero de 2022. Asimismo, se presentar\u00e1 a los asistentes la posibilidad de celebrar el D\u00eda de la Diversidad Cultura, el pr\u00f3ximo 21 mayo, y la realizaci\u00f3n de la Kalejira de las Culturas durante la celebraci\u00f3n de las fiestas de San Ferm\u00edn.<\/p>\n<p>Las personas interesadas en participar en este s\u00e9ptimo foro deber\u00e1n confirmar su asistencia en el correo <a href=\"mailto:participacionciudadana@pamplona.es\">participacionciudadana@pamplona.es<\/a>.<\/p>\n","protected":false},"excerpt":{"rendered":"<p>En el encuentro, que se celebrar\u00e1 en la sala Descalzos 72, tendr\u00e1 lugar a las 18 horas y contar\u00e1 con la presencia del concejal Fernando Sesma<\/p>\n","protected":false},"author":1,"featured_media":40170,"comment_status":"open","ping_status":"closed","sticky":false,"template":"","format":"standard","meta":{"footnotes":""},"categories":[2],"tags":[],"class_list":["post-40169","post","type-post","status-publish","format-standard","has-post-thumbnail","hentry","category-ayuntamiento-pamplona"],"yoast_head":"<!-- This site is optimized with the Yoast SEO plugin v27.3 - https:\/\/yoast.com\/product\/yoast-seo-wordpress\/ -->\n<title>El Foro de Diversidad Cultural celebra ma\u00f1ana su s\u00e9ptima edici\u00f3n abierta a la participaci\u00f3n ciudadana<\/title>\n<meta name=\"description\" content=\"En el encuentro, que se celebrar\u00e1 en la sala Descalzos 72, tendr\u00e1 lugar a las 18 horas y contar\u00e1 con la presencia del concejal Fernando Sesma\" \/>\n<meta name=\"robots\" content=\"index, follow, max-snippet:-1, max-image-preview:large, max-video-preview:-1\" \/>\n<link rel=\"canonical\" href=\"https:\/\/www.laguiadepamplona.com\/actualidad\/el-foro-de-diversidad-cultural-celebra-manana-su-septima-edicion-abierta-a-la-participacion-ciudadana\/\" \/>\n<meta property=\"og:locale\" content=\"es_ES\" \/>\n<meta property=\"og:type\" content=\"article\" \/>\n<meta property=\"og:title\" content=\"El Foro de Diversidad Cultural celebra ma\u00f1ana su s\u00e9ptima edici\u00f3n abierta a la participaci\u00f3n ciudadana\" \/>\n<meta property=\"og:description\" content=\"En el encuentro, que se celebrar\u00e1 en la sala Descalzos 72, tendr\u00e1 lugar a las 18 horas y contar\u00e1 con la presencia del concejal Fernando Sesma\" \/>\n<meta property=\"og:url\" content=\"https:\/\/www.laguiadepamplona.com\/actualidad\/el-foro-de-diversidad-cultural-celebra-manana-su-septima-edicion-abierta-a-la-participacion-ciudadana\/\" \/>\n<meta property=\"og:site_name\" content=\"La Gu\u00eda de Pamplona\" \/>\n<meta property=\"article:publisher\" content=\"https:\/\/www.facebook.com\/laguiadepamplonacom-133175176762273\/?ref=hl\" \/>\n<meta property=\"article:published_time\" content=\"2022-05-03T17:07:22+00:00\" \/>\n<meta property=\"article:modified_time\" content=\"2023-04-11T09:48:15+00:00\" \/>\n<meta property=\"og:image\" content=\"https:\/\/www.laguiadepamplona.com\/actualidad\/wp-content\/uploads\/2022\/05\/jovenes_01-pequena.webp\" \/>\n\t<meta property=\"og:image:width\" content=\"1920\" \/>\n\t<meta property=\"og:image:height\" content=\"1282\" \/>\n\t<meta property=\"og:image:type\" content=\"image\/webp\" \/>\n<meta name=\"author\" content=\"La Gu\u00eda de Pamplona\" \/>\n<meta name=\"twitter:card\" content=\"summary_large_image\" \/>\n<meta name=\"twitter:creator\" content=\"@LaGuiadPamplona\" \/>\n<meta name=\"twitter:site\" content=\"@LaGuiadPamplona\" \/>\n<meta name=\"twitter:label1\" content=\"Escrito por\" \/>\n\t<meta name=\"twitter:data1\" content=\"La Gu\u00eda de Pamplona\" \/>\n\t<meta name=\"twitter:label2\" content=\"Tiempo de lectura\" \/>\n\t<meta name=\"twitter:data2\" content=\"2 minutos\" \/>\n<script type=\"application\/ld+json\" class=\"yoast-schema-graph\">{\"@context\":\"https:\\\/\\\/schema.org\",\"@graph\":[{\"@type\":\"Article\",\"@id\":\"https:\\\/\\\/www.laguiadepamplona.com\\\/actualidad\\\/el-foro-de-diversidad-cultural-celebra-manana-su-septima-edicion-abierta-a-la-participacion-ciudadana\\\/#article\",\"isPartOf\":{\"@id\":\"https:\\\/\\\/www.laguiadepamplona.com\\\/actualidad\\\/el-foro-de-diversidad-cultural-celebra-manana-su-septima-edicion-abierta-a-la-participacion-ciudadana\\\/\"},\"author\":{\"name\":\"La Gu\u00eda de Pamplona\",\"@id\":\"https:\\\/\\\/www.laguiadepamplona.com\\\/actualidad\\\/#\\\/schema\\\/person\\\/efe887376f0213d4657c93adc50b1fdb\"},\"headline\":\"El Foro de Diversidad Cultural celebra ma\u00f1ana su s\u00e9ptima edici\u00f3n abierta a la participaci\u00f3n ciudadana\",\"datePublished\":\"2022-05-03T17:07:22+00:00\",\"dateModified\":\"2023-04-11T09:48:15+00:00\",\"mainEntityOfPage\":{\"@id\":\"https:\\\/\\\/www.laguiadepamplona.com\\\/actualidad\\\/el-foro-de-diversidad-cultural-celebra-manana-su-septima-edicion-abierta-a-la-participacion-ciudadana\\\/\"},\"wordCount\":364,\"commentCount\":0,\"publisher\":{\"@id\":\"https:\\\/\\\/www.laguiadepamplona.com\\\/actualidad\\\/#organization\"},\"image\":{\"@id\":\"https:\\\/\\\/www.laguiadepamplona.com\\\/actualidad\\\/el-foro-de-diversidad-cultural-celebra-manana-su-septima-edicion-abierta-a-la-participacion-ciudadana\\\/#primaryimage\"},\"thumbnailUrl\":\"https:\\\/\\\/www.laguiadepamplona.com\\\/actualidad\\\/wp-content\\\/uploads\\\/2022\\\/05\\\/jovenes_01-pequena.webp\",\"articleSection\":[\"Ayto Pamplona\"],\"inLanguage\":\"es\",\"potentialAction\":[{\"@type\":\"CommentAction\",\"name\":\"Comment\",\"target\":[\"https:\\\/\\\/www.laguiadepamplona.com\\\/actualidad\\\/el-foro-de-diversidad-cultural-celebra-manana-su-septima-edicion-abierta-a-la-participacion-ciudadana\\\/#respond\"]}]},{\"@type\":\"WebPage\",\"@id\":\"https:\\\/\\\/www.laguiadepamplona.com\\\/actualidad\\\/el-foro-de-diversidad-cultural-celebra-manana-su-septima-edicion-abierta-a-la-participacion-ciudadana\\\/\",\"url\":\"https:\\\/\\\/www.laguiadepamplona.com\\\/actualidad\\\/el-foro-de-diversidad-cultural-celebra-manana-su-septima-edicion-abierta-a-la-participacion-ciudadana\\\/\",\"name\":\"El Foro de Diversidad Cultural celebra ma\u00f1ana su s\u00e9ptima edici\u00f3n abierta a la participaci\u00f3n ciudadana\",\"isPartOf\":{\"@id\":\"https:\\\/\\\/www.laguiadepamplona.com\\\/actualidad\\\/#website\"},\"primaryImageOfPage\":{\"@id\":\"https:\\\/\\\/www.laguiadepamplona.com\\\/actualidad\\\/el-foro-de-diversidad-cultural-celebra-manana-su-septima-edicion-abierta-a-la-participacion-ciudadana\\\/#primaryimage\"},\"image\":{\"@id\":\"https:\\\/\\\/www.laguiadepamplona.com\\\/actualidad\\\/el-foro-de-diversidad-cultural-celebra-manana-su-septima-edicion-abierta-a-la-participacion-ciudadana\\\/#primaryimage\"},\"thumbnailUrl\":\"https:\\\/\\\/www.laguiadepamplona.com\\\/actualidad\\\/wp-content\\\/uploads\\\/2022\\\/05\\\/jovenes_01-pequena.webp\",\"datePublished\":\"2022-05-03T17:07:22+00:00\",\"dateModified\":\"2023-04-11T09:48:15+00:00\",\"description\":\"En el encuentro, que se celebrar\u00e1 en la sala Descalzos 72, tendr\u00e1 lugar a las 18 horas y contar\u00e1 con la presencia del concejal Fernando Sesma\",\"breadcrumb\":{\"@id\":\"https:\\\/\\\/www.laguiadepamplona.com\\\/actualidad\\\/el-foro-de-diversidad-cultural-celebra-manana-su-septima-edicion-abierta-a-la-participacion-ciudadana\\\/#breadcrumb\"},\"inLanguage\":\"es\",\"potentialAction\":[{\"@type\":\"ReadAction\",\"target\":[\"https:\\\/\\\/www.laguiadepamplona.com\\\/actualidad\\\/el-foro-de-diversidad-cultural-celebra-manana-su-septima-edicion-abierta-a-la-participacion-ciudadana\\\/\"]}]},{\"@type\":\"ImageObject\",\"inLanguage\":\"es\",\"@id\":\"https:\\\/\\\/www.laguiadepamplona.com\\\/actualidad\\\/el-foro-de-diversidad-cultural-celebra-manana-su-septima-edicion-abierta-a-la-participacion-ciudadana\\\/#primaryimage\",\"url\":\"https:\\\/\\\/www.laguiadepamplona.com\\\/actualidad\\\/wp-content\\\/uploads\\\/2022\\\/05\\\/jovenes_01-pequena.webp\",\"contentUrl\":\"https:\\\/\\\/www.laguiadepamplona.com\\\/actualidad\\\/wp-content\\\/uploads\\\/2022\\\/05\\\/jovenes_01-pequena.webp\",\"width\":1920,\"height\":1282},{\"@type\":\"BreadcrumbList\",\"@id\":\"https:\\\/\\\/www.laguiadepamplona.com\\\/actualidad\\\/el-foro-de-diversidad-cultural-celebra-manana-su-septima-edicion-abierta-a-la-participacion-ciudadana\\\/#breadcrumb\",\"itemListElement\":[{\"@type\":\"ListItem\",\"position\":1,\"name\":\"Portada\",\"item\":\"https:\\\/\\\/www.laguiadepamplona.com\\\/actualidad\\\/\"},{\"@type\":\"ListItem\",\"position\":2,\"name\":\"El Foro de Diversidad Cultural celebra ma\u00f1ana su s\u00e9ptima edici\u00f3n abierta a la participaci\u00f3n ciudadana\"}]},{\"@type\":\"WebSite\",\"@id\":\"https:\\\/\\\/www.laguiadepamplona.com\\\/actualidad\\\/#website\",\"url\":\"https:\\\/\\\/www.laguiadepamplona.com\\\/actualidad\\\/\",\"name\":\"La gu\u00eda de Pamplona\",\"description\":\"Noticias de Pamplona\",\"publisher\":{\"@id\":\"https:\\\/\\\/www.laguiadepamplona.com\\\/actualidad\\\/#organization\"},\"potentialAction\":[{\"@type\":\"SearchAction\",\"target\":{\"@type\":\"EntryPoint\",\"urlTemplate\":\"https:\\\/\\\/www.laguiadepamplona.com\\\/actualidad\\\/?s={search_term_string}\"},\"query-input\":{\"@type\":\"PropertyValueSpecification\",\"valueRequired\":true,\"valueName\":\"search_term_string\"}}],\"inLanguage\":\"es\"},{\"@type\":\"Organization\",\"@id\":\"https:\\\/\\\/www.laguiadepamplona.com\\\/actualidad\\\/#organization\",\"name\":\"La Gu\u00eda de Pamplona \\\/ Noticias\",\"url\":\"https:\\\/\\\/www.laguiadepamplona.com\\\/actualidad\\\/\",\"logo\":{\"@type\":\"ImageObject\",\"inLanguage\":\"es\",\"@id\":\"https:\\\/\\\/www.laguiadepamplona.com\\\/actualidad\\\/#\\\/schema\\\/logo\\\/image\\\/\",\"url\":\"https:\\\/\\\/www.laguiadepamplona.com\\\/actualidad\\\/wp-content\\\/uploads\\\/2018\\\/11\\\/logo-laguiadepamplona18-web1.png\",\"contentUrl\":\"https:\\\/\\\/www.laguiadepamplona.com\\\/actualidad\\\/wp-content\\\/uploads\\\/2018\\\/11\\\/logo-laguiadepamplona18-web1.png\",\"width\":600,\"height\":196,\"caption\":\"La Gu\u00eda de Pamplona \\\/ Noticias\"},\"image\":{\"@id\":\"https:\\\/\\\/www.laguiadepamplona.com\\\/actualidad\\\/#\\\/schema\\\/logo\\\/image\\\/\"},\"sameAs\":[\"https:\\\/\\\/www.facebook.com\\\/laguiadepamplonacom-133175176762273\\\/?ref=hl\",\"https:\\\/\\\/x.com\\\/LaGuiadPamplona\",\"https:\\\/\\\/www.instagram.com\\\/la_guia_de_pamplona\\\/\",\"https:\\\/\\\/www.youtube.com\\\/user\\\/laguiadepamplona\"]},{\"@type\":\"Person\",\"@id\":\"https:\\\/\\\/www.laguiadepamplona.com\\\/actualidad\\\/#\\\/schema\\\/person\\\/efe887376f0213d4657c93adc50b1fdb\",\"name\":\"La Gu\u00eda de Pamplona\",\"image\":{\"@type\":\"ImageObject\",\"inLanguage\":\"es\",\"@id\":\"https:\\\/\\\/secure.gravatar.com\\\/avatar\\\/b6992f131dc8d30ab0dff15446e9d346d9dbd95992de0fef795073f5ea83a81c?s=96&d=mm&r=g\",\"url\":\"https:\\\/\\\/secure.gravatar.com\\\/avatar\\\/b6992f131dc8d30ab0dff15446e9d346d9dbd95992de0fef795073f5ea83a81c?s=96&d=mm&r=g\",\"contentUrl\":\"https:\\\/\\\/secure.gravatar.com\\\/avatar\\\/b6992f131dc8d30ab0dff15446e9d346d9dbd95992de0fef795073f5ea83a81c?s=96&d=mm&r=g\",\"caption\":\"La Gu\u00eda de Pamplona\"}}]}<\/script>\n<!-- \/ Yoast SEO plugin. -->","yoast_head_json":{"title":"El Foro de Diversidad Cultural celebra ma\u00f1ana su s\u00e9ptima edici\u00f3n abierta a la participaci\u00f3n ciudadana","description":"En el encuentro, que se celebrar\u00e1 en la sala Descalzos 72, tendr\u00e1 lugar a las 18 horas y contar\u00e1 con la presencia del concejal Fernando Sesma","robots":{"index":"index","follow":"follow","max-snippet":"max-snippet:-1","max-image-preview":"max-image-preview:large","max-video-preview":"max-video-preview:-1"},"canonical":"https:\/\/www.laguiadepamplona.com\/actualidad\/el-foro-de-diversidad-cultural-celebra-manana-su-septima-edicion-abierta-a-la-participacion-ciudadana\/","og_locale":"es_ES","og_type":"article","og_title":"El Foro de Diversidad Cultural celebra ma\u00f1ana su s\u00e9ptima edici\u00f3n abierta a la participaci\u00f3n ciudadana","og_description":"En el encuentro, que se celebrar\u00e1 en la sala Descalzos 72, tendr\u00e1 lugar a las 18 horas y contar\u00e1 con la presencia del concejal Fernando Sesma","og_url":"https:\/\/www.laguiadepamplona.com\/actualidad\/el-foro-de-diversidad-cultural-celebra-manana-su-septima-edicion-abierta-a-la-participacion-ciudadana\/","og_site_name":"La Gu\u00eda de Pamplona","article_publisher":"https:\/\/www.facebook.com\/laguiadepamplonacom-133175176762273\/?ref=hl","article_published_time":"2022-05-03T17:07:22+00:00","article_modified_time":"2023-04-11T09:48:15+00:00","og_image":[{"width":1920,"height":1282,"url":"https:\/\/www.laguiadepamplona.com\/actualidad\/wp-content\/uploads\/2022\/05\/jovenes_01-pequena.webp","type":"image\/webp"}],"author":"La Gu\u00eda de Pamplona","twitter_card":"summary_large_image","twitter_creator":"@LaGuiadPamplona","twitter_site":"@LaGuiadPamplona","twitter_misc":{"Escrito por":"La Gu\u00eda de Pamplona","Tiempo de lectura":"2 minutos"},"schema":{"@context":"https:\/\/schema.org","@graph":[{"@type":"Article","@id":"https:\/\/www.laguiadepamplona.com\/actualidad\/el-foro-de-diversidad-cultural-celebra-manana-su-septima-edicion-abierta-a-la-participacion-ciudadana\/#article","isPartOf":{"@id":"https:\/\/www.laguiadepamplona.com\/actualidad\/el-foro-de-diversidad-cultural-celebra-manana-su-septima-edicion-abierta-a-la-participacion-ciudadana\/"},"author":{"name":"La Gu\u00eda de Pamplona","@id":"https:\/\/www.laguiadepamplona.com\/actualidad\/#\/schema\/person\/efe887376f0213d4657c93adc50b1fdb"},"headline":"El Foro de Diversidad Cultural celebra ma\u00f1ana su s\u00e9ptima edici\u00f3n abierta a la participaci\u00f3n ciudadana","datePublished":"2022-05-03T17:07:22+00:00","dateModified":"2023-04-11T09:48:15+00:00","mainEntityOfPage":{"@id":"https:\/\/www.laguiadepamplona.com\/actualidad\/el-foro-de-diversidad-cultural-celebra-manana-su-septima-edicion-abierta-a-la-participacion-ciudadana\/"},"wordCount":364,"commentCount":0,"publisher":{"@id":"https:\/\/www.laguiadepamplona.com\/actualidad\/#organization"},"image":{"@id":"https:\/\/www.laguiadepamplona.com\/actualidad\/el-foro-de-diversidad-cultural-celebra-manana-su-septima-edicion-abierta-a-la-participacion-ciudadana\/#primaryimage"},"thumbnailUrl":"https:\/\/www.laguiadepamplona.com\/actualidad\/wp-content\/uploads\/2022\/05\/jovenes_01-pequena.webp","articleSection":["Ayto Pamplona"],"inLanguage":"es","potentialAction":[{"@type":"CommentAction","name":"Comment","target":["https:\/\/www.laguiadepamplona.com\/actualidad\/el-foro-de-diversidad-cultural-celebra-manana-su-septima-edicion-abierta-a-la-participacion-ciudadana\/#respond"]}]},{"@type":"WebPage","@id":"https:\/\/www.laguiadepamplona.com\/actualidad\/el-foro-de-diversidad-cultural-celebra-manana-su-septima-edicion-abierta-a-la-participacion-ciudadana\/","url":"https:\/\/www.laguiadepamplona.com\/actualidad\/el-foro-de-diversidad-cultural-celebra-manana-su-septima-edicion-abierta-a-la-participacion-ciudadana\/","name":"El Foro de Diversidad Cultural celebra ma\u00f1ana su s\u00e9ptima edici\u00f3n abierta a la participaci\u00f3n ciudadana","isPartOf":{"@id":"https:\/\/www.laguiadepamplona.com\/actualidad\/#website"},"primaryImageOfPage":{"@id":"https:\/\/www.laguiadepamplona.com\/actualidad\/el-foro-de-diversidad-cultural-celebra-manana-su-septima-edicion-abierta-a-la-participacion-ciudadana\/#primaryimage"},"image":{"@id":"https:\/\/www.laguiadepamplona.com\/actualidad\/el-foro-de-diversidad-cultural-celebra-manana-su-septima-edicion-abierta-a-la-participacion-ciudadana\/#primaryimage"},"thumbnailUrl":"https:\/\/www.laguiadepamplona.com\/actualidad\/wp-content\/uploads\/2022\/05\/jovenes_01-pequena.webp","datePublished":"2022-05-03T17:07:22+00:00","dateModified":"2023-04-11T09:48:15+00:00","description":"En el encuentro, que se celebrar\u00e1 en la sala Descalzos 72, tendr\u00e1 lugar a las 18 horas y contar\u00e1 con la presencia del concejal Fernando Sesma","breadcrumb":{"@id":"https:\/\/www.laguiadepamplona.com\/actualidad\/el-foro-de-diversidad-cultural-celebra-manana-su-septima-edicion-abierta-a-la-participacion-ciudadana\/#breadcrumb"},"inLanguage":"es","potentialAction":[{"@type":"ReadAction","target":["https:\/\/www.laguiadepamplona.com\/actualidad\/el-foro-de-diversidad-cultural-celebra-manana-su-septima-edicion-abierta-a-la-participacion-ciudadana\/"]}]},{"@type":"ImageObject","inLanguage":"es","@id":"https:\/\/www.laguiadepamplona.com\/actualidad\/el-foro-de-diversidad-cultural-celebra-manana-su-septima-edicion-abierta-a-la-participacion-ciudadana\/#primaryimage","url":"https:\/\/www.laguiadepamplona.com\/actualidad\/wp-content\/uploads\/2022\/05\/jovenes_01-pequena.webp","contentUrl":"https:\/\/www.laguiadepamplona.com\/actualidad\/wp-content\/uploads\/2022\/05\/jovenes_01-pequena.webp","width":1920,"height":1282},{"@type":"BreadcrumbList","@id":"https:\/\/www.laguiadepamplona.com\/actualidad\/el-foro-de-diversidad-cultural-celebra-manana-su-septima-edicion-abierta-a-la-participacion-ciudadana\/#breadcrumb","itemListElement":[{"@type":"ListItem","position":1,"name":"Portada","item":"https:\/\/www.laguiadepamplona.com\/actualidad\/"},{"@type":"ListItem","position":2,"name":"El Foro de Diversidad Cultural celebra ma\u00f1ana su s\u00e9ptima edici\u00f3n abierta a la participaci\u00f3n ciudadana"}]},{"@type":"WebSite","@id":"https:\/\/www.laguiadepamplona.com\/actualidad\/#website","url":"https:\/\/www.laguiadepamplona.com\/actualidad\/","name":"La gu\u00eda de Pamplona","description":"Noticias de Pamplona","publisher":{"@id":"https:\/\/www.laguiadepamplona.com\/actualidad\/#organization"},"potentialAction":[{"@type":"SearchAction","target":{"@type":"EntryPoint","urlTemplate":"https:\/\/www.laguiadepamplona.com\/actualidad\/?s={search_term_string}"},"query-input":{"@type":"PropertyValueSpecification","valueRequired":true,"valueName":"search_term_string"}}],"inLanguage":"es"},{"@type":"Organization","@id":"https:\/\/www.laguiadepamplona.com\/actualidad\/#organization","name":"La Gu\u00eda de Pamplona \/ Noticias","url":"https:\/\/www.laguiadepamplona.com\/actualidad\/","logo":{"@type":"ImageObject","inLanguage":"es","@id":"https:\/\/www.laguiadepamplona.com\/actualidad\/#\/schema\/logo\/image\/","url":"https:\/\/www.laguiadepamplona.com\/actualidad\/wp-content\/uploads\/2018\/11\/logo-laguiadepamplona18-web1.png","contentUrl":"https:\/\/www.laguiadepamplona.com\/actualidad\/wp-content\/uploads\/2018\/11\/logo-laguiadepamplona18-web1.png","width":600,"height":196,"caption":"La Gu\u00eda de Pamplona \/ Noticias"},"image":{"@id":"https:\/\/www.laguiadepamplona.com\/actualidad\/#\/schema\/logo\/image\/"},"sameAs":["https:\/\/www.facebook.com\/laguiadepamplonacom-133175176762273\/?ref=hl","https:\/\/x.com\/LaGuiadPamplona","https:\/\/www.instagram.com\/la_guia_de_pamplona\/","https:\/\/www.youtube.com\/user\/laguiadepamplona"]},{"@type":"Person","@id":"https:\/\/www.laguiadepamplona.com\/actualidad\/#\/schema\/person\/efe887376f0213d4657c93adc50b1fdb","name":"La Gu\u00eda de Pamplona","image":{"@type":"ImageObject","inLanguage":"es","@id":"https:\/\/secure.gravatar.com\/avatar\/b6992f131dc8d30ab0dff15446e9d346d9dbd95992de0fef795073f5ea83a81c?s=96&d=mm&r=g","url":"https:\/\/secure.gravatar.com\/avatar\/b6992f131dc8d30ab0dff15446e9d346d9dbd95992de0fef795073f5ea83a81c?s=96&d=mm&r=g","contentUrl":"https:\/\/secure.gravatar.com\/avatar\/b6992f131dc8d30ab0dff15446e9d346d9dbd95992de0fef795073f5ea83a81c?s=96&d=mm&r=g","caption":"La Gu\u00eda de Pamplona"}}]}},"post_mailing_queue_ids":[],"_links":{"self":[{"href":"https:\/\/www.laguiadepamplona.com\/actualidad\/wp-json\/wp\/v2\/posts\/40169","targetHints":{"allow":["GET"]}}],"collection":[{"href":"https:\/\/www.laguiadepamplona.com\/actualidad\/wp-json\/wp\/v2\/posts"}],"about":[{"href":"https:\/\/www.laguiadepamplona.com\/actualidad\/wp-json\/wp\/v2\/types\/post"}],"author":[{"embeddable":true,"href":"https:\/\/www.laguiadepamplona.com\/actualidad\/wp-json\/wp\/v2\/users\/1"}],"replies":[{"embeddable":true,"href":"https:\/\/www.laguiadepamplona.com\/actualidad\/wp-json\/wp\/v2\/comments?post=40169"}],"version-history":[{"count":0,"href":"https:\/\/www.laguiadepamplona.com\/actualidad\/wp-json\/wp\/v2\/posts\/40169\/revisions"}],"wp:featuredmedia":[{"embeddable":true,"href":"https:\/\/www.laguiadepamplona.com\/actualidad\/wp-json\/wp\/v2\/media\/40170"}],"wp:attachment":[{"href":"https:\/\/www.laguiadepamplona.com\/actualidad\/wp-json\/wp\/v2\/media?parent=40169"}],"wp:term":[{"taxonomy":"category","embeddable":true,"href":"https:\/\/www.laguiadepamplona.com\/actualidad\/wp-json\/wp\/v2\/categories?post=40169"},{"taxonomy":"post_tag","embeddable":true,"href":"https:\/\/www.laguiadepamplona.com\/actualidad\/wp-json\/wp\/v2\/tags?post=40169"}],"curies":[{"name":"wp","href":"https:\/\/api.w.org\/{rel}","templated":true}]}}