{"id":40162,"date":"2022-05-03T13:33:52","date_gmt":"2022-05-03T11:33:52","guid":{"rendered":"https:\/\/www.laguiadepamplona.com\/actualidad\/?p=40162"},"modified":"2023-04-11T11:48:15","modified_gmt":"2023-04-11T09:48:15","slug":"los-aseos-de-la-ciudadela-se-reabren-manana-una-vez-finalizadas-las-obras-de-reforma","status":"publish","type":"post","link":"https:\/\/www.laguiadepamplona.com\/actualidad\/los-aseos-de-la-ciudadela-se-reabren-manana-una-vez-finalizadas-las-obras-de-reforma\/","title":{"rendered":"Los aseos de la Ciudadela se reabren ma\u00f1ana, una vez finalizadas las obras de reforma"},"content":{"rendered":"<h5>Se han sustituido los revestimientos de paredes y suelo, se han instalado nuevas separaciones y se han renovado los sanitarios<\/h5>\n<p><!--more--><\/p>\n<p>Los aseos del recinto amurallado de la Ciudadela se reabrir\u00e1n ma\u00f1ana al p\u00fablico, tras las obras de reforma y adecuaci\u00f3n realizadas en los \u00faltimos meses. En los trabajos, que han costado 119.415 euros, se han sustituido los revestimientos de paredes y suelos, se ha creado una nueva distribuci\u00f3n y se han renovado los sanitarios.<br \/>\n<script async src=\"\/\/pagead2.googlesyndication.com\/pagead\/js\/adsbygoogle.js\"><\/script><br \/>\n<!-- Noticias La Guia de Pamplona --><br \/>\n<ins class=\"adsbygoogle\"\nstyle=\"display:block\"\ndata-ad-client=\"ca-pub-6943679897239327\"\ndata-ad-slot=\"7048180777\"\ndata-ad-format=\"auto\"><\/ins><br \/>\n<script>\n(adsbygoogle = window.adsbygoogle || []).push({});\n<\/script><\/p>\n<p>Construidos en los a\u00f1os 70 del siglo pasado en una de las casernas, o b\u00f3veda que se construye debajo de los baluartes, junto a la Puerta de Socorro, estos aseos ocupan una superficie total de 90,60 m\u00b2. Las obras han permitido renovar la zona para mujeres, con la instalaci\u00f3n de cuatro inodoros y tres lavabos, y la de hombres, donde se han colocado cuatro inodoros, tres urinarios y dos lavabos. Adem\u00e1s, se ha reformado el ba\u00f1o adaptado, donde se ubica tambi\u00e9n un cambiador para beb\u00e9s.<\/p>\n<p>Las obras, realizadas por Erki Construcciones Sostenibles SL, han incluido el derribo de los tabiques de separaci\u00f3n existentes y el revestimiento interior junto a las paredes de la b\u00f3veda, as\u00ed como la eliminaci\u00f3n de todas las carpinter\u00edas de madera, afectadas por la humedad. En sustituci\u00f3n, se ha instalado un nuevo suelo de gres rectificado y han realizado particiones nuevas con paneles fen\u00f3licos, altamente resistentes a la humedad, con estructura met\u00e1lica. Adem\u00e1s, se ha colocado una nueva iluminaci\u00f3n, mediante una luminaria lineal suspendida, y un sistema de ventilaci\u00f3n mediante extractor, as\u00ed como aparatos sanitarios y puertas nuevas.<br \/>\n<script async src=\"\/\/pagead2.googlesyndication.com\/pagead\/js\/adsbygoogle.js\"><\/script><br \/>\n<!-- Noticias La Guia de Pamplona --><br \/>\n<ins class=\"adsbygoogle\"\nstyle=\"display:block\"\ndata-ad-client=\"ca-pub-6943679897239327\"\ndata-ad-slot=\"7048180777\"\ndata-ad-format=\"auto\"><\/ins><br \/>\n<script>\n(adsbygoogle = window.adsbygoogle || []).push({});\n<\/script><\/p>\n<p>Las abundantes lluvias de finales de a\u00f1o han condicionado la ejecuci\u00f3n de las obras, dada la ubicaci\u00f3n de los aseos en el subsuelo de los baluartes de la muralla, que se han prolongado varios meses m\u00e1s. Tras esta intervenci\u00f3n, centrada \u00fanicamente en la reforma interior de la caserna, se prev\u00e9 abordar pr\u00f3ximamente el proyecto de impermeabilizaci\u00f3n de las Casernas de la Puerta de Socorro. El proyecto de la reforma se ha realizado teniendo en cuenta que las murallas y la Ciudadela de Pamplona est\u00e1n protegidas por la Ley 16\/1985 de 25 de junio del Patrimonio Hist\u00f3rico Espa\u00f1ol.<\/p>\n","protected":false},"excerpt":{"rendered":"<p>Se han sustituido los revestimientos de paredes y suelo, se han instalado nuevas separaciones y se han renovado los sanitarios<\/p>\n","protected":false},"author":1,"featured_media":11434,"comment_status":"open","ping_status":"closed","sticky":false,"template":"","format":"standard","meta":{"footnotes":""},"categories":[2],"tags":[],"class_list":["post-40162","post","type-post","status-publish","format-standard","has-post-thumbnail","hentry","category-ayuntamiento-pamplona"],"yoast_head":"<!-- This site is optimized with the Yoast SEO plugin v27.3 - https:\/\/yoast.com\/product\/yoast-seo-wordpress\/ -->\n<title>Los aseos de la Ciudadela se reabren ma\u00f1ana, una vez finalizadas las obras de reforma<\/title>\n<meta name=\"description\" content=\"Se han sustituido los revestimientos de paredes y suelo, se han instalado nuevas separaciones y se han renovado los sanitarios\" \/>\n<meta name=\"robots\" content=\"index, follow, max-snippet:-1, max-image-preview:large, max-video-preview:-1\" \/>\n<link rel=\"canonical\" href=\"https:\/\/www.laguiadepamplona.com\/actualidad\/los-aseos-de-la-ciudadela-se-reabren-manana-una-vez-finalizadas-las-obras-de-reforma\/\" \/>\n<meta property=\"og:locale\" content=\"es_ES\" \/>\n<meta property=\"og:type\" content=\"article\" \/>\n<meta property=\"og:title\" content=\"Los aseos de la Ciudadela se reabren ma\u00f1ana, una vez finalizadas las obras de reforma\" \/>\n<meta property=\"og:description\" content=\"Se han sustituido los revestimientos de paredes y suelo, se han instalado nuevas separaciones y se han renovado los sanitarios\" \/>\n<meta property=\"og:url\" content=\"https:\/\/www.laguiadepamplona.com\/actualidad\/los-aseos-de-la-ciudadela-se-reabren-manana-una-vez-finalizadas-las-obras-de-reforma\/\" \/>\n<meta property=\"og:site_name\" content=\"La Gu\u00eda de Pamplona\" \/>\n<meta property=\"article:publisher\" content=\"https:\/\/www.facebook.com\/laguiadepamplonacom-133175176762273\/?ref=hl\" \/>\n<meta property=\"article:published_time\" content=\"2022-05-03T11:33:52+00:00\" \/>\n<meta property=\"article:modified_time\" content=\"2023-04-11T09:48:15+00:00\" \/>\n<meta property=\"og:image\" content=\"https:\/\/www.laguiadepamplona.com\/actualidad\/wp-content\/uploads\/2017\/01\/ciudadela_general1.jpg\" \/>\n\t<meta property=\"og:image:width\" content=\"1100\" \/>\n\t<meta property=\"og:image:height\" content=\"550\" \/>\n\t<meta property=\"og:image:type\" content=\"image\/jpeg\" \/>\n<meta name=\"author\" content=\"La Gu\u00eda de Pamplona\" \/>\n<meta name=\"twitter:card\" content=\"summary_large_image\" \/>\n<meta name=\"twitter:creator\" content=\"@LaGuiadPamplona\" \/>\n<meta name=\"twitter:site\" content=\"@LaGuiadPamplona\" \/>\n<meta name=\"twitter:label1\" content=\"Escrito por\" \/>\n\t<meta name=\"twitter:data1\" content=\"La Gu\u00eda de Pamplona\" \/>\n\t<meta name=\"twitter:label2\" content=\"Tiempo de lectura\" \/>\n\t<meta name=\"twitter:data2\" content=\"2 minutos\" \/>\n<script type=\"application\/ld+json\" class=\"yoast-schema-graph\">{\"@context\":\"https:\\\/\\\/schema.org\",\"@graph\":[{\"@type\":\"Article\",\"@id\":\"https:\\\/\\\/www.laguiadepamplona.com\\\/actualidad\\\/los-aseos-de-la-ciudadela-se-reabren-manana-una-vez-finalizadas-las-obras-de-reforma\\\/#article\",\"isPartOf\":{\"@id\":\"https:\\\/\\\/www.laguiadepamplona.com\\\/actualidad\\\/los-aseos-de-la-ciudadela-se-reabren-manana-una-vez-finalizadas-las-obras-de-reforma\\\/\"},\"author\":{\"name\":\"La Gu\u00eda de Pamplona\",\"@id\":\"https:\\\/\\\/www.laguiadepamplona.com\\\/actualidad\\\/#\\\/schema\\\/person\\\/efe887376f0213d4657c93adc50b1fdb\"},\"headline\":\"Los aseos de la Ciudadela se reabren ma\u00f1ana, una vez finalizadas las obras de reforma\",\"datePublished\":\"2022-05-03T11:33:52+00:00\",\"dateModified\":\"2023-04-11T09:48:15+00:00\",\"mainEntityOfPage\":{\"@id\":\"https:\\\/\\\/www.laguiadepamplona.com\\\/actualidad\\\/los-aseos-de-la-ciudadela-se-reabren-manana-una-vez-finalizadas-las-obras-de-reforma\\\/\"},\"wordCount\":395,\"commentCount\":0,\"publisher\":{\"@id\":\"https:\\\/\\\/www.laguiadepamplona.com\\\/actualidad\\\/#organization\"},\"image\":{\"@id\":\"https:\\\/\\\/www.laguiadepamplona.com\\\/actualidad\\\/los-aseos-de-la-ciudadela-se-reabren-manana-una-vez-finalizadas-las-obras-de-reforma\\\/#primaryimage\"},\"thumbnailUrl\":\"https:\\\/\\\/www.laguiadepamplona.com\\\/actualidad\\\/wp-content\\\/uploads\\\/2017\\\/01\\\/ciudadela_general1.jpg\",\"articleSection\":[\"Ayto Pamplona\"],\"inLanguage\":\"es\",\"potentialAction\":[{\"@type\":\"CommentAction\",\"name\":\"Comment\",\"target\":[\"https:\\\/\\\/www.laguiadepamplona.com\\\/actualidad\\\/los-aseos-de-la-ciudadela-se-reabren-manana-una-vez-finalizadas-las-obras-de-reforma\\\/#respond\"]}]},{\"@type\":\"WebPage\",\"@id\":\"https:\\\/\\\/www.laguiadepamplona.com\\\/actualidad\\\/los-aseos-de-la-ciudadela-se-reabren-manana-una-vez-finalizadas-las-obras-de-reforma\\\/\",\"url\":\"https:\\\/\\\/www.laguiadepamplona.com\\\/actualidad\\\/los-aseos-de-la-ciudadela-se-reabren-manana-una-vez-finalizadas-las-obras-de-reforma\\\/\",\"name\":\"Los aseos de la Ciudadela se reabren ma\u00f1ana, una vez finalizadas las obras de reforma\",\"isPartOf\":{\"@id\":\"https:\\\/\\\/www.laguiadepamplona.com\\\/actualidad\\\/#website\"},\"primaryImageOfPage\":{\"@id\":\"https:\\\/\\\/www.laguiadepamplona.com\\\/actualidad\\\/los-aseos-de-la-ciudadela-se-reabren-manana-una-vez-finalizadas-las-obras-de-reforma\\\/#primaryimage\"},\"image\":{\"@id\":\"https:\\\/\\\/www.laguiadepamplona.com\\\/actualidad\\\/los-aseos-de-la-ciudadela-se-reabren-manana-una-vez-finalizadas-las-obras-de-reforma\\\/#primaryimage\"},\"thumbnailUrl\":\"https:\\\/\\\/www.laguiadepamplona.com\\\/actualidad\\\/wp-content\\\/uploads\\\/2017\\\/01\\\/ciudadela_general1.jpg\",\"datePublished\":\"2022-05-03T11:33:52+00:00\",\"dateModified\":\"2023-04-11T09:48:15+00:00\",\"description\":\"Se han sustituido los revestimientos de paredes y suelo, se han instalado nuevas separaciones y se han renovado los sanitarios\",\"breadcrumb\":{\"@id\":\"https:\\\/\\\/www.laguiadepamplona.com\\\/actualidad\\\/los-aseos-de-la-ciudadela-se-reabren-manana-una-vez-finalizadas-las-obras-de-reforma\\\/#breadcrumb\"},\"inLanguage\":\"es\",\"potentialAction\":[{\"@type\":\"ReadAction\",\"target\":[\"https:\\\/\\\/www.laguiadepamplona.com\\\/actualidad\\\/los-aseos-de-la-ciudadela-se-reabren-manana-una-vez-finalizadas-las-obras-de-reforma\\\/\"]}]},{\"@type\":\"ImageObject\",\"inLanguage\":\"es\",\"@id\":\"https:\\\/\\\/www.laguiadepamplona.com\\\/actualidad\\\/los-aseos-de-la-ciudadela-se-reabren-manana-una-vez-finalizadas-las-obras-de-reforma\\\/#primaryimage\",\"url\":\"https:\\\/\\\/www.laguiadepamplona.com\\\/actualidad\\\/wp-content\\\/uploads\\\/2017\\\/01\\\/ciudadela_general1.jpg\",\"contentUrl\":\"https:\\\/\\\/www.laguiadepamplona.com\\\/actualidad\\\/wp-content\\\/uploads\\\/2017\\\/01\\\/ciudadela_general1.jpg\",\"width\":1100,\"height\":550},{\"@type\":\"BreadcrumbList\",\"@id\":\"https:\\\/\\\/www.laguiadepamplona.com\\\/actualidad\\\/los-aseos-de-la-ciudadela-se-reabren-manana-una-vez-finalizadas-las-obras-de-reforma\\\/#breadcrumb\",\"itemListElement\":[{\"@type\":\"ListItem\",\"position\":1,\"name\":\"Portada\",\"item\":\"https:\\\/\\\/www.laguiadepamplona.com\\\/actualidad\\\/\"},{\"@type\":\"ListItem\",\"position\":2,\"name\":\"Los aseos de la Ciudadela se reabren ma\u00f1ana, una vez finalizadas las obras de reforma\"}]},{\"@type\":\"WebSite\",\"@id\":\"https:\\\/\\\/www.laguiadepamplona.com\\\/actualidad\\\/#website\",\"url\":\"https:\\\/\\\/www.laguiadepamplona.com\\\/actualidad\\\/\",\"name\":\"La gu\u00eda de Pamplona\",\"description\":\"Noticias de Pamplona\",\"publisher\":{\"@id\":\"https:\\\/\\\/www.laguiadepamplona.com\\\/actualidad\\\/#organization\"},\"potentialAction\":[{\"@type\":\"SearchAction\",\"target\":{\"@type\":\"EntryPoint\",\"urlTemplate\":\"https:\\\/\\\/www.laguiadepamplona.com\\\/actualidad\\\/?s={search_term_string}\"},\"query-input\":{\"@type\":\"PropertyValueSpecification\",\"valueRequired\":true,\"valueName\":\"search_term_string\"}}],\"inLanguage\":\"es\"},{\"@type\":\"Organization\",\"@id\":\"https:\\\/\\\/www.laguiadepamplona.com\\\/actualidad\\\/#organization\",\"name\":\"La Gu\u00eda de Pamplona \\\/ Noticias\",\"url\":\"https:\\\/\\\/www.laguiadepamplona.com\\\/actualidad\\\/\",\"logo\":{\"@type\":\"ImageObject\",\"inLanguage\":\"es\",\"@id\":\"https:\\\/\\\/www.laguiadepamplona.com\\\/actualidad\\\/#\\\/schema\\\/logo\\\/image\\\/\",\"url\":\"https:\\\/\\\/www.laguiadepamplona.com\\\/actualidad\\\/wp-content\\\/uploads\\\/2018\\\/11\\\/logo-laguiadepamplona18-web1.png\",\"contentUrl\":\"https:\\\/\\\/www.laguiadepamplona.com\\\/actualidad\\\/wp-content\\\/uploads\\\/2018\\\/11\\\/logo-laguiadepamplona18-web1.png\",\"width\":600,\"height\":196,\"caption\":\"La Gu\u00eda de Pamplona \\\/ Noticias\"},\"image\":{\"@id\":\"https:\\\/\\\/www.laguiadepamplona.com\\\/actualidad\\\/#\\\/schema\\\/logo\\\/image\\\/\"},\"sameAs\":[\"https:\\\/\\\/www.facebook.com\\\/laguiadepamplonacom-133175176762273\\\/?ref=hl\",\"https:\\\/\\\/x.com\\\/LaGuiadPamplona\",\"https:\\\/\\\/www.instagram.com\\\/la_guia_de_pamplona\\\/\",\"https:\\\/\\\/www.youtube.com\\\/user\\\/laguiadepamplona\"]},{\"@type\":\"Person\",\"@id\":\"https:\\\/\\\/www.laguiadepamplona.com\\\/actualidad\\\/#\\\/schema\\\/person\\\/efe887376f0213d4657c93adc50b1fdb\",\"name\":\"La Gu\u00eda de Pamplona\",\"image\":{\"@type\":\"ImageObject\",\"inLanguage\":\"es\",\"@id\":\"https:\\\/\\\/secure.gravatar.com\\\/avatar\\\/b6992f131dc8d30ab0dff15446e9d346d9dbd95992de0fef795073f5ea83a81c?s=96&d=mm&r=g\",\"url\":\"https:\\\/\\\/secure.gravatar.com\\\/avatar\\\/b6992f131dc8d30ab0dff15446e9d346d9dbd95992de0fef795073f5ea83a81c?s=96&d=mm&r=g\",\"contentUrl\":\"https:\\\/\\\/secure.gravatar.com\\\/avatar\\\/b6992f131dc8d30ab0dff15446e9d346d9dbd95992de0fef795073f5ea83a81c?s=96&d=mm&r=g\",\"caption\":\"La Gu\u00eda de Pamplona\"}}]}<\/script>\n<!-- \/ Yoast SEO plugin. -->","yoast_head_json":{"title":"Los aseos de la Ciudadela se reabren ma\u00f1ana, una vez finalizadas las obras de reforma","description":"Se han sustituido los revestimientos de paredes y suelo, se han instalado nuevas separaciones y se han renovado los sanitarios","robots":{"index":"index","follow":"follow","max-snippet":"max-snippet:-1","max-image-preview":"max-image-preview:large","max-video-preview":"max-video-preview:-1"},"canonical":"https:\/\/www.laguiadepamplona.com\/actualidad\/los-aseos-de-la-ciudadela-se-reabren-manana-una-vez-finalizadas-las-obras-de-reforma\/","og_locale":"es_ES","og_type":"article","og_title":"Los aseos de la Ciudadela se reabren ma\u00f1ana, una vez finalizadas las obras de reforma","og_description":"Se han sustituido los revestimientos de paredes y suelo, se han instalado nuevas separaciones y se han renovado los sanitarios","og_url":"https:\/\/www.laguiadepamplona.com\/actualidad\/los-aseos-de-la-ciudadela-se-reabren-manana-una-vez-finalizadas-las-obras-de-reforma\/","og_site_name":"La Gu\u00eda de Pamplona","article_publisher":"https:\/\/www.facebook.com\/laguiadepamplonacom-133175176762273\/?ref=hl","article_published_time":"2022-05-03T11:33:52+00:00","article_modified_time":"2023-04-11T09:48:15+00:00","og_image":[{"width":1100,"height":550,"url":"https:\/\/www.laguiadepamplona.com\/actualidad\/wp-content\/uploads\/2017\/01\/ciudadela_general1.jpg","type":"image\/jpeg"}],"author":"La Gu\u00eda de Pamplona","twitter_card":"summary_large_image","twitter_creator":"@LaGuiadPamplona","twitter_site":"@LaGuiadPamplona","twitter_misc":{"Escrito por":"La Gu\u00eda de Pamplona","Tiempo de lectura":"2 minutos"},"schema":{"@context":"https:\/\/schema.org","@graph":[{"@type":"Article","@id":"https:\/\/www.laguiadepamplona.com\/actualidad\/los-aseos-de-la-ciudadela-se-reabren-manana-una-vez-finalizadas-las-obras-de-reforma\/#article","isPartOf":{"@id":"https:\/\/www.laguiadepamplona.com\/actualidad\/los-aseos-de-la-ciudadela-se-reabren-manana-una-vez-finalizadas-las-obras-de-reforma\/"},"author":{"name":"La Gu\u00eda de Pamplona","@id":"https:\/\/www.laguiadepamplona.com\/actualidad\/#\/schema\/person\/efe887376f0213d4657c93adc50b1fdb"},"headline":"Los aseos de la Ciudadela se reabren ma\u00f1ana, una vez finalizadas las obras de reforma","datePublished":"2022-05-03T11:33:52+00:00","dateModified":"2023-04-11T09:48:15+00:00","mainEntityOfPage":{"@id":"https:\/\/www.laguiadepamplona.com\/actualidad\/los-aseos-de-la-ciudadela-se-reabren-manana-una-vez-finalizadas-las-obras-de-reforma\/"},"wordCount":395,"commentCount":0,"publisher":{"@id":"https:\/\/www.laguiadepamplona.com\/actualidad\/#organization"},"image":{"@id":"https:\/\/www.laguiadepamplona.com\/actualidad\/los-aseos-de-la-ciudadela-se-reabren-manana-una-vez-finalizadas-las-obras-de-reforma\/#primaryimage"},"thumbnailUrl":"https:\/\/www.laguiadepamplona.com\/actualidad\/wp-content\/uploads\/2017\/01\/ciudadela_general1.jpg","articleSection":["Ayto Pamplona"],"inLanguage":"es","potentialAction":[{"@type":"CommentAction","name":"Comment","target":["https:\/\/www.laguiadepamplona.com\/actualidad\/los-aseos-de-la-ciudadela-se-reabren-manana-una-vez-finalizadas-las-obras-de-reforma\/#respond"]}]},{"@type":"WebPage","@id":"https:\/\/www.laguiadepamplona.com\/actualidad\/los-aseos-de-la-ciudadela-se-reabren-manana-una-vez-finalizadas-las-obras-de-reforma\/","url":"https:\/\/www.laguiadepamplona.com\/actualidad\/los-aseos-de-la-ciudadela-se-reabren-manana-una-vez-finalizadas-las-obras-de-reforma\/","name":"Los aseos de la Ciudadela se reabren ma\u00f1ana, una vez finalizadas las obras de reforma","isPartOf":{"@id":"https:\/\/www.laguiadepamplona.com\/actualidad\/#website"},"primaryImageOfPage":{"@id":"https:\/\/www.laguiadepamplona.com\/actualidad\/los-aseos-de-la-ciudadela-se-reabren-manana-una-vez-finalizadas-las-obras-de-reforma\/#primaryimage"},"image":{"@id":"https:\/\/www.laguiadepamplona.com\/actualidad\/los-aseos-de-la-ciudadela-se-reabren-manana-una-vez-finalizadas-las-obras-de-reforma\/#primaryimage"},"thumbnailUrl":"https:\/\/www.laguiadepamplona.com\/actualidad\/wp-content\/uploads\/2017\/01\/ciudadela_general1.jpg","datePublished":"2022-05-03T11:33:52+00:00","dateModified":"2023-04-11T09:48:15+00:00","description":"Se han sustituido los revestimientos de paredes y suelo, se han instalado nuevas separaciones y se han renovado los sanitarios","breadcrumb":{"@id":"https:\/\/www.laguiadepamplona.com\/actualidad\/los-aseos-de-la-ciudadela-se-reabren-manana-una-vez-finalizadas-las-obras-de-reforma\/#breadcrumb"},"inLanguage":"es","potentialAction":[{"@type":"ReadAction","target":["https:\/\/www.laguiadepamplona.com\/actualidad\/los-aseos-de-la-ciudadela-se-reabren-manana-una-vez-finalizadas-las-obras-de-reforma\/"]}]},{"@type":"ImageObject","inLanguage":"es","@id":"https:\/\/www.laguiadepamplona.com\/actualidad\/los-aseos-de-la-ciudadela-se-reabren-manana-una-vez-finalizadas-las-obras-de-reforma\/#primaryimage","url":"https:\/\/www.laguiadepamplona.com\/actualidad\/wp-content\/uploads\/2017\/01\/ciudadela_general1.jpg","contentUrl":"https:\/\/www.laguiadepamplona.com\/actualidad\/wp-content\/uploads\/2017\/01\/ciudadela_general1.jpg","width":1100,"height":550},{"@type":"BreadcrumbList","@id":"https:\/\/www.laguiadepamplona.com\/actualidad\/los-aseos-de-la-ciudadela-se-reabren-manana-una-vez-finalizadas-las-obras-de-reforma\/#breadcrumb","itemListElement":[{"@type":"ListItem","position":1,"name":"Portada","item":"https:\/\/www.laguiadepamplona.com\/actualidad\/"},{"@type":"ListItem","position":2,"name":"Los aseos de la Ciudadela se reabren ma\u00f1ana, una vez finalizadas las obras de reforma"}]},{"@type":"WebSite","@id":"https:\/\/www.laguiadepamplona.com\/actualidad\/#website","url":"https:\/\/www.laguiadepamplona.com\/actualidad\/","name":"La gu\u00eda de Pamplona","description":"Noticias de Pamplona","publisher":{"@id":"https:\/\/www.laguiadepamplona.com\/actualidad\/#organization"},"potentialAction":[{"@type":"SearchAction","target":{"@type":"EntryPoint","urlTemplate":"https:\/\/www.laguiadepamplona.com\/actualidad\/?s={search_term_string}"},"query-input":{"@type":"PropertyValueSpecification","valueRequired":true,"valueName":"search_term_string"}}],"inLanguage":"es"},{"@type":"Organization","@id":"https:\/\/www.laguiadepamplona.com\/actualidad\/#organization","name":"La Gu\u00eda de Pamplona \/ Noticias","url":"https:\/\/www.laguiadepamplona.com\/actualidad\/","logo":{"@type":"ImageObject","inLanguage":"es","@id":"https:\/\/www.laguiadepamplona.com\/actualidad\/#\/schema\/logo\/image\/","url":"https:\/\/www.laguiadepamplona.com\/actualidad\/wp-content\/uploads\/2018\/11\/logo-laguiadepamplona18-web1.png","contentUrl":"https:\/\/www.laguiadepamplona.com\/actualidad\/wp-content\/uploads\/2018\/11\/logo-laguiadepamplona18-web1.png","width":600,"height":196,"caption":"La Gu\u00eda de Pamplona \/ Noticias"},"image":{"@id":"https:\/\/www.laguiadepamplona.com\/actualidad\/#\/schema\/logo\/image\/"},"sameAs":["https:\/\/www.facebook.com\/laguiadepamplonacom-133175176762273\/?ref=hl","https:\/\/x.com\/LaGuiadPamplona","https:\/\/www.instagram.com\/la_guia_de_pamplona\/","https:\/\/www.youtube.com\/user\/laguiadepamplona"]},{"@type":"Person","@id":"https:\/\/www.laguiadepamplona.com\/actualidad\/#\/schema\/person\/efe887376f0213d4657c93adc50b1fdb","name":"La Gu\u00eda de Pamplona","image":{"@type":"ImageObject","inLanguage":"es","@id":"https:\/\/secure.gravatar.com\/avatar\/b6992f131dc8d30ab0dff15446e9d346d9dbd95992de0fef795073f5ea83a81c?s=96&d=mm&r=g","url":"https:\/\/secure.gravatar.com\/avatar\/b6992f131dc8d30ab0dff15446e9d346d9dbd95992de0fef795073f5ea83a81c?s=96&d=mm&r=g","contentUrl":"https:\/\/secure.gravatar.com\/avatar\/b6992f131dc8d30ab0dff15446e9d346d9dbd95992de0fef795073f5ea83a81c?s=96&d=mm&r=g","caption":"La Gu\u00eda de Pamplona"}}]}},"post_mailing_queue_ids":[],"_links":{"self":[{"href":"https:\/\/www.laguiadepamplona.com\/actualidad\/wp-json\/wp\/v2\/posts\/40162","targetHints":{"allow":["GET"]}}],"collection":[{"href":"https:\/\/www.laguiadepamplona.com\/actualidad\/wp-json\/wp\/v2\/posts"}],"about":[{"href":"https:\/\/www.laguiadepamplona.com\/actualidad\/wp-json\/wp\/v2\/types\/post"}],"author":[{"embeddable":true,"href":"https:\/\/www.laguiadepamplona.com\/actualidad\/wp-json\/wp\/v2\/users\/1"}],"replies":[{"embeddable":true,"href":"https:\/\/www.laguiadepamplona.com\/actualidad\/wp-json\/wp\/v2\/comments?post=40162"}],"version-history":[{"count":0,"href":"https:\/\/www.laguiadepamplona.com\/actualidad\/wp-json\/wp\/v2\/posts\/40162\/revisions"}],"wp:featuredmedia":[{"embeddable":true,"href":"https:\/\/www.laguiadepamplona.com\/actualidad\/wp-json\/wp\/v2\/media\/11434"}],"wp:attachment":[{"href":"https:\/\/www.laguiadepamplona.com\/actualidad\/wp-json\/wp\/v2\/media?parent=40162"}],"wp:term":[{"taxonomy":"category","embeddable":true,"href":"https:\/\/www.laguiadepamplona.com\/actualidad\/wp-json\/wp\/v2\/categories?post=40162"},{"taxonomy":"post_tag","embeddable":true,"href":"https:\/\/www.laguiadepamplona.com\/actualidad\/wp-json\/wp\/v2\/tags?post=40162"}],"curies":[{"name":"wp","href":"https:\/\/api.w.org\/{rel}","templated":true}]}}