{"id":40159,"date":"2022-05-03T13:32:30","date_gmt":"2022-05-03T11:32:30","guid":{"rendered":"https:\/\/www.laguiadepamplona.com\/actualidad\/?p=40159"},"modified":"2023-04-11T11:48:15","modified_gmt":"2023-04-11T09:48:15","slug":"la-justicia-recupera-su-aspecto-tras-la-reconstruccion-de-la-mano-derecha-vandalizada-el-pasado-mes-de-abril-y-la-colocacion-de-una-espada-que-reproduce-la-sustraida","status":"publish","type":"post","link":"https:\/\/www.laguiadepamplona.com\/actualidad\/la-justicia-recupera-su-aspecto-tras-la-reconstruccion-de-la-mano-derecha-vandalizada-el-pasado-mes-de-abril-y-la-colocacion-de-una-espada-que-reproduce-la-sustraida\/","title":{"rendered":"\u2018La Justicia\u2019 recupera su aspecto tras la reconstrucci\u00f3n de la mano derecha vandalizada el pasado mes de abril y la colocaci\u00f3n de una espada que reproduce la sustra\u00edda"},"content":{"rendered":"<h5>Una empresa especializada en restauraci\u00f3n ha reintegrado esta ma\u00f1ana los dos elementos a la imagen de la fachada de la Casa Consistorial<\/h5>\n<p><!--more--><\/p>\n<p>Esta ma\u00f1ana, dos restauradoras han instalado un peque\u00f1o taller junto a la fachada del Ayuntamiento para recolocar la mano derecha a la imagen de \u2018La Justicia\u2019, estatua que, junto con \u2018La Prudencia\u2019, flanquea la puerta principal del Consistorio pamplon\u00e9s. Este elemento, vandalizado a principios del pasado mes de abril, ha sido restaurado por la empresa CYR-PA Conservaci\u00f3n y Restauraci\u00f3n. Asimismo, en esta intervenci\u00f3n se ha repuesto la espada que forma parte del universo simb\u00f3lico de la escultura, copio de la realizada en 2008.<br \/>\n<script async src=\"\/\/pagead2.googlesyndication.com\/pagead\/js\/adsbygoogle.js\"><\/script><br \/>\n<!-- Noticias La Guia de Pamplona --><br \/>\n<ins class=\"adsbygoogle\"\nstyle=\"display:block\"\ndata-ad-client=\"ca-pub-6943679897239327\"\ndata-ad-slot=\"7048180777\"\ndata-ad-format=\"auto\"><\/ins><br \/>\n<script>\n(adsbygoogle = window.adsbygoogle || []).push({});\n<\/script><\/p>\n<p>El criterio del trabajo sobre esta obra escult\u00f3rica que presenta restos de policrom\u00eda han sido los de m\u00ednima intervenci\u00f3n, buscando la compatibilidad de materiales y atendiendo a la necesidad de estabilizar y corregir las alteraciones producidas durante el incidente. As\u00ed, en las anteriores semanas se ha hecho la limpieza superficial de los restos para la correcta uni\u00f3n de los fragmentos, se ha extra\u00eddo la espiga de acero da\u00f1ada que permit\u00eda mantenerla inserta en la estatua y se han vuelto a unir las piezas de la mano, empleando resina epoxy para afianzarlas. Probablemente ma\u00f1ana, con la consolidaci\u00f3n del pegado, la escultura quede de nuevo a la vista, tras la retirada del andamio.<\/p>\n<p>Desde primera hora de esta ma\u00f1ana se ha estado trabajado en la recolocaci\u00f3n de la mano restaurada mediante la inserci\u00f3n de varias espigas, aunque en este caso de fibra de vidrio, y con adhesivo epox\u00eddico. Adem\u00e1s, si es preciso, ma\u00f1ana se realizar\u00e1 la reconstrucci\u00f3n volum\u00e9trica del entorno de la pieza mediante mortero de reconstrucci\u00f3n. La intervenci\u00f3n de hoy se ha rematado volviendo a colocarle un espada de forja con hoja y guarda de hierro, copia de la reproducci\u00f3n que se realiz\u00f3 en 2008 sobre la actualmente sustra\u00edda. El metal ha recibido un tratamiento protector de forma previa a su fijaci\u00f3n a la escultura mediante espigas de acero inoxidable. En paralelo se encargar\u00e1 una nueva espada de repuesto. Aunque est\u00e1 despuntada, esta espada se suele retirar por seguridad durante las fiestas de San Fermin.<\/p>\n<p>A ra\u00edz de un intento de robo de la espada, en abril de 2019, esta fue la empresa especializada que se encarg\u00f3, a finales de ese a\u00f1o, de la restauraci\u00f3n de ambas alegor\u00edas, tanto de \u2018La Justicia\u2019, como de \u2018La Prudencia\u2019, una intervenci\u00f3n decidida por el Consistorio con los informes de la Instituci\u00f3n Pr\u00edncipe de Viana.<br \/>\n<script async src=\"\/\/pagead2.googlesyndication.com\/pagead\/js\/adsbygoogle.js\"><\/script><br \/>\n<!-- Noticias La Guia de Pamplona --><br \/>\n<ins class=\"adsbygoogle\"\nstyle=\"display:block\"\ndata-ad-client=\"ca-pub-6943679897239327\"\ndata-ad-slot=\"7048180777\"\ndata-ad-format=\"auto\"><\/ins><br \/>\n<script>\n(adsbygoogle = window.adsbygoogle || []).push({});\n<\/script><\/p>\n<p><strong>La m\u00e1s vandalizada, la mano que empu\u00f1a la espada<\/strong><\/p>\n<p>Adem\u00e1s de estas \u00faltimas actuaciones, las intervenciones en la escultura de \u2018La Justicia\u2019 han sido puntuales a peque\u00f1a escala, motivadas en general por actos vand\u00e1licos que han originado la p\u00e9rdida de partes de la imagen. As\u00ed, existe constancia de que en la noche del 2 al 3 de julio de 1993, se mutil\u00f3 la mano izquierda de la alegor\u00eda de \u2018La Justicia\u2019, y desaparecieron tanto esa mano, como la espada que porta en la derecha, y este \u00faltimo no volvi\u00f3 a aparecer ya que como testimonio del suceso s\u00f3lo se encontraron restos de piedra desprendidas.<\/p>\n<p>Probablemente en otra acci\u00f3n vand\u00e1lica posterior se produjo la rotura de la mano y el antebrazo izquierdos, que provoc\u00f3 el desprendimiento del arco que portaba la balanza de forma que entre los a\u00f1os 2007 y 2008, se trabaj\u00f3 sobre estos elementos y sobre el pedestal, adem\u00e1s de realizar una restauraci\u00f3n de la imagen para resolver las p\u00e9rdidas y agrietamientos que sufr\u00eda la estatua por el particular clima de Pamplona. El Consistorio decidi\u00f3 entonces reproducir y recolocar en la mano derecha la espada perdida en 1993, lo que se realiz\u00f3 tras un estudio de la plantilla de cart\u00f3n que se supone de la espada original y que se encontraba en el Archivo Municipal, as\u00ed como el an\u00e1lisis de documentos fotogr\u00e1ficos y la investigaci\u00f3n sobre la tipolog\u00eda de estas armas en la Edad Media. La estatua volvi\u00f3 a empu\u00f1ar una espada de forja, en este caso una reproducci\u00f3n de 83 cms. de longitud y sin punta, por motivos de seguridad. En aquel momento se realiz\u00f3 una segunda copia, que es la que ahora ha servido para reproducir la colocada hoy.<br \/>\n<script async src=\"\/\/pagead2.googlesyndication.com\/pagead\/js\/adsbygoogle.js\"><\/script><br \/>\n<!-- Noticias La Guia de Pamplona --><br \/>\n<ins class=\"adsbygoogle\"\nstyle=\"display:block\"\ndata-ad-client=\"ca-pub-6943679897239327\"\ndata-ad-slot=\"7048180777\"\ndata-ad-format=\"auto\"><\/ins><br \/>\n<script>\n(adsbygoogle = window.adsbygoogle || []).push({});\n<\/script><\/p>\n<p><strong>Intervenciones de limpieza y recuperaci\u00f3n del color<\/strong><\/p>\n<p>\u2018La Justicia\u2019 es obra de Jos\u00e9 Jim\u00e9nez, como el resto del repertorio escult\u00f3rico de la fachada del Ayuntamiento: los \u2018H\u00e9rcules\u2019, la alegor\u00eda de \u2018La Fama\u2019 y los escudos de Navarra y Pamplona en el \u00e1tico, adem\u00e1s de \u2018La Prudencia\u2019 al otro lado de la puerta principal. El escultor recibi\u00f3 9.000 reales por todas las obras que se dispusieron en la d\u00e9cada de los a\u00f1os 50 del siglo XVIII en la fachada de la Casa Consistorial, un frontal ideado por Jos\u00e9 Zay y Lorda y rematado por Juan Jos\u00e9 Catal\u00e1n.<\/p>\n<p>Existe constancia de una intervenci\u00f3n le limpieza de la fachada un siglo despu\u00e9s: entre julio y agosto del a\u00f1o 1865. Unos a\u00f1os m\u00e1s tarde, en 1884, se colocaron las losas de m\u00e1rmol que se\u00f1alan la altitud de Pamplona con respecto al mar en Santander y en Alicante bajo los pies de \u2018La Justicia\u2019 y de \u2018La Prudencia\u2019 y, posteriormente, en 1911 se volvi\u00f3 a realizar la operaci\u00f3n general de limpieza de la fachada.<\/p>\n<p>La remodelaci\u00f3n del edificio que se realiz\u00f3 en 1952 seg\u00fan los planos de Jos\u00e9 Y\u00e1rnoz Orcoyen dej\u00f3 intacta la fachada, que no se restaurar\u00eda hasta la d\u00e9cada de 1970. En esta \u00faltima ocasi\u00f3n, los productos empleados provocaron el oscurecimiento de la piedra, que pas\u00f3 de su color original (beige amarillento t\u00edpico de la piedra caliza de Tafalla) a un tono gris oscuro. En 1991 la restauraci\u00f3n liderada por Rafael Vila devolvi\u00f3 el color a la fachada y a todos sus elementos y esculturas. Adem\u00e1s, se sustituyeron las dos figuras de H\u00e9rcules por otras semejantes realizadas por el escultor tafall\u00e9s Sebasti\u00e1n Aguilar.<br \/>\n<script async src=\"\/\/pagead2.googlesyndication.com\/pagead\/js\/adsbygoogle.js\"><\/script><br \/>\n<!-- Noticias La Guia de Pamplona --><br \/>\n<ins class=\"adsbygoogle\"\nstyle=\"display:block\"\ndata-ad-client=\"ca-pub-6943679897239327\"\ndata-ad-slot=\"7048180777\"\ndata-ad-format=\"auto\"><\/ins><br \/>\n<script>\n(adsbygoogle = window.adsbygoogle || []).push({});\n<\/script><\/p>\n<p>&nbsp;<\/p>\n<h3>Ficha t\u00e9cnica<\/h3>\n<ul>\n<li><strong>Autor:<\/strong> Jos\u00e9 Jim\u00e9nez<\/li>\n<li><strong>Fecha: <\/strong>1754-1759<\/li>\n<li><strong>T\u00e9cnica: <\/strong>Piedra caliza de Tafalla labrada, de color beig amarillento, con detalles en dorado y rojo para los atributos. Los atributos arco portante y hoja de espada (esta \u00faltima, actualmente desaparecida) son de metal.<\/li>\n<li><strong>Descripci\u00f3n: <\/strong>Imagen aleg\u00f3rica de \u2018La Justicia\u2019 cuyos atributos son una espada y una balanza. La obra s\u00f3lo conserva los dos platos de la balanza en su mano izquierda y el arco portante de la balanza (desprendido de la imagen) y la empu\u00f1adura de la espada en la mano derecha.<\/li>\n<li><strong>Ubicaci\u00f3n: <\/strong>Fachada del Ayuntamiento de Pamplona. Franquea la puerta principal en su lateral izquierdo y forma pareja con la alegor\u00eda de \u2018La Prudencia\u2019<em>, <\/em>ubicada en su lateral derecho.<\/li>\n<\/ul>\n","protected":false},"excerpt":{"rendered":"<p>Una empresa especializada en restauraci\u00f3n ha reintegrado esta ma\u00f1ana los dos elementos a la imagen de la fachada de la Casa Consistorial<\/p>\n","protected":false},"author":1,"featured_media":40160,"comment_status":"open","ping_status":"closed","sticky":false,"template":"","format":"standard","meta":{"footnotes":""},"categories":[2],"tags":[],"class_list":["post-40159","post","type-post","status-publish","format-standard","has-post-thumbnail","hentry","category-ayuntamiento-pamplona"],"yoast_head":"<!-- This site is optimized with the Yoast SEO plugin v27.3 - https:\/\/yoast.com\/product\/yoast-seo-wordpress\/ -->\n<title>\u2018La Justicia\u2019 recupera su aspecto tras la reconstrucci\u00f3n de la mano derecha vandalizada el pasado mes de abril y la colocaci\u00f3n de una espada que reproduce la sustra\u00edda<\/title>\n<meta name=\"description\" content=\"Una empresa especializada en restauraci\u00f3n ha reintegrado esta ma\u00f1ana los dos elementos a la imagen de la fachada de la Casa Consistorial\" \/>\n<meta name=\"robots\" content=\"index, follow, max-snippet:-1, max-image-preview:large, max-video-preview:-1\" \/>\n<link rel=\"canonical\" href=\"https:\/\/www.laguiadepamplona.com\/actualidad\/la-justicia-recupera-su-aspecto-tras-la-reconstruccion-de-la-mano-derecha-vandalizada-el-pasado-mes-de-abril-y-la-colocacion-de-una-espada-que-reproduce-la-sustraida\/\" \/>\n<meta property=\"og:locale\" content=\"es_ES\" \/>\n<meta property=\"og:type\" content=\"article\" \/>\n<meta property=\"og:title\" content=\"\u2018La Justicia\u2019 recupera su aspecto tras la reconstrucci\u00f3n de la mano derecha vandalizada el pasado mes de abril y la colocaci\u00f3n de una espada que reproduce la sustra\u00edda\" \/>\n<meta property=\"og:description\" content=\"Una empresa especializada en restauraci\u00f3n ha reintegrado esta ma\u00f1ana los dos elementos a la imagen de la fachada de la Casa Consistorial\" \/>\n<meta property=\"og:url\" content=\"https:\/\/www.laguiadepamplona.com\/actualidad\/la-justicia-recupera-su-aspecto-tras-la-reconstruccion-de-la-mano-derecha-vandalizada-el-pasado-mes-de-abril-y-la-colocacion-de-una-espada-que-reproduce-la-sustraida\/\" \/>\n<meta property=\"og:site_name\" content=\"La Gu\u00eda de Pamplona\" \/>\n<meta property=\"article:publisher\" content=\"https:\/\/www.facebook.com\/laguiadepamplonacom-133175176762273\/?ref=hl\" \/>\n<meta property=\"article:published_time\" content=\"2022-05-03T11:32:30+00:00\" \/>\n<meta property=\"article:modified_time\" content=\"2023-04-11T09:48:15+00:00\" \/>\n<meta property=\"og:image\" content=\"https:\/\/www.laguiadepamplona.com\/actualidad\/wp-content\/uploads\/2022\/05\/restauracionmanojusticiaee5a6719.webp\" \/>\n\t<meta property=\"og:image:width\" content=\"1920\" \/>\n\t<meta property=\"og:image:height\" content=\"1280\" \/>\n\t<meta property=\"og:image:type\" content=\"image\/webp\" \/>\n<meta name=\"author\" content=\"La Gu\u00eda de Pamplona\" \/>\n<meta name=\"twitter:card\" content=\"summary_large_image\" \/>\n<meta name=\"twitter:creator\" content=\"@LaGuiadPamplona\" \/>\n<meta name=\"twitter:site\" content=\"@LaGuiadPamplona\" \/>\n<meta name=\"twitter:label1\" content=\"Escrito por\" \/>\n\t<meta name=\"twitter:data1\" content=\"La Gu\u00eda de Pamplona\" \/>\n\t<meta name=\"twitter:label2\" content=\"Tiempo de lectura\" \/>\n\t<meta name=\"twitter:data2\" content=\"5 minutos\" \/>\n<script type=\"application\/ld+json\" class=\"yoast-schema-graph\">{\"@context\":\"https:\\\/\\\/schema.org\",\"@graph\":[{\"@type\":\"Article\",\"@id\":\"https:\\\/\\\/www.laguiadepamplona.com\\\/actualidad\\\/la-justicia-recupera-su-aspecto-tras-la-reconstruccion-de-la-mano-derecha-vandalizada-el-pasado-mes-de-abril-y-la-colocacion-de-una-espada-que-reproduce-la-sustraida\\\/#article\",\"isPartOf\":{\"@id\":\"https:\\\/\\\/www.laguiadepamplona.com\\\/actualidad\\\/la-justicia-recupera-su-aspecto-tras-la-reconstruccion-de-la-mano-derecha-vandalizada-el-pasado-mes-de-abril-y-la-colocacion-de-una-espada-que-reproduce-la-sustraida\\\/\"},\"author\":{\"name\":\"La Gu\u00eda de Pamplona\",\"@id\":\"https:\\\/\\\/www.laguiadepamplona.com\\\/actualidad\\\/#\\\/schema\\\/person\\\/efe887376f0213d4657c93adc50b1fdb\"},\"headline\":\"\u2018La Justicia\u2019 recupera su aspecto tras la reconstrucci\u00f3n de la mano derecha vandalizada el pasado mes de abril y la colocaci\u00f3n de una espada que reproduce la sustra\u00edda\",\"datePublished\":\"2022-05-03T11:32:30+00:00\",\"dateModified\":\"2023-04-11T09:48:15+00:00\",\"mainEntityOfPage\":{\"@id\":\"https:\\\/\\\/www.laguiadepamplona.com\\\/actualidad\\\/la-justicia-recupera-su-aspecto-tras-la-reconstruccion-de-la-mano-derecha-vandalizada-el-pasado-mes-de-abril-y-la-colocacion-de-una-espada-que-reproduce-la-sustraida\\\/\"},\"wordCount\":1188,\"commentCount\":0,\"publisher\":{\"@id\":\"https:\\\/\\\/www.laguiadepamplona.com\\\/actualidad\\\/#organization\"},\"image\":{\"@id\":\"https:\\\/\\\/www.laguiadepamplona.com\\\/actualidad\\\/la-justicia-recupera-su-aspecto-tras-la-reconstruccion-de-la-mano-derecha-vandalizada-el-pasado-mes-de-abril-y-la-colocacion-de-una-espada-que-reproduce-la-sustraida\\\/#primaryimage\"},\"thumbnailUrl\":\"https:\\\/\\\/www.laguiadepamplona.com\\\/actualidad\\\/wp-content\\\/uploads\\\/2022\\\/05\\\/restauracionmanojusticiaee5a6719.webp\",\"articleSection\":[\"Ayto Pamplona\"],\"inLanguage\":\"es\",\"potentialAction\":[{\"@type\":\"CommentAction\",\"name\":\"Comment\",\"target\":[\"https:\\\/\\\/www.laguiadepamplona.com\\\/actualidad\\\/la-justicia-recupera-su-aspecto-tras-la-reconstruccion-de-la-mano-derecha-vandalizada-el-pasado-mes-de-abril-y-la-colocacion-de-una-espada-que-reproduce-la-sustraida\\\/#respond\"]}]},{\"@type\":\"WebPage\",\"@id\":\"https:\\\/\\\/www.laguiadepamplona.com\\\/actualidad\\\/la-justicia-recupera-su-aspecto-tras-la-reconstruccion-de-la-mano-derecha-vandalizada-el-pasado-mes-de-abril-y-la-colocacion-de-una-espada-que-reproduce-la-sustraida\\\/\",\"url\":\"https:\\\/\\\/www.laguiadepamplona.com\\\/actualidad\\\/la-justicia-recupera-su-aspecto-tras-la-reconstruccion-de-la-mano-derecha-vandalizada-el-pasado-mes-de-abril-y-la-colocacion-de-una-espada-que-reproduce-la-sustraida\\\/\",\"name\":\"\u2018La Justicia\u2019 recupera su aspecto tras la reconstrucci\u00f3n de la mano derecha vandalizada el pasado mes de abril y la colocaci\u00f3n de una espada que reproduce la sustra\u00edda\",\"isPartOf\":{\"@id\":\"https:\\\/\\\/www.laguiadepamplona.com\\\/actualidad\\\/#website\"},\"primaryImageOfPage\":{\"@id\":\"https:\\\/\\\/www.laguiadepamplona.com\\\/actualidad\\\/la-justicia-recupera-su-aspecto-tras-la-reconstruccion-de-la-mano-derecha-vandalizada-el-pasado-mes-de-abril-y-la-colocacion-de-una-espada-que-reproduce-la-sustraida\\\/#primaryimage\"},\"image\":{\"@id\":\"https:\\\/\\\/www.laguiadepamplona.com\\\/actualidad\\\/la-justicia-recupera-su-aspecto-tras-la-reconstruccion-de-la-mano-derecha-vandalizada-el-pasado-mes-de-abril-y-la-colocacion-de-una-espada-que-reproduce-la-sustraida\\\/#primaryimage\"},\"thumbnailUrl\":\"https:\\\/\\\/www.laguiadepamplona.com\\\/actualidad\\\/wp-content\\\/uploads\\\/2022\\\/05\\\/restauracionmanojusticiaee5a6719.webp\",\"datePublished\":\"2022-05-03T11:32:30+00:00\",\"dateModified\":\"2023-04-11T09:48:15+00:00\",\"description\":\"Una empresa especializada en restauraci\u00f3n ha reintegrado esta ma\u00f1ana los dos elementos a la imagen de la fachada de la Casa Consistorial\",\"breadcrumb\":{\"@id\":\"https:\\\/\\\/www.laguiadepamplona.com\\\/actualidad\\\/la-justicia-recupera-su-aspecto-tras-la-reconstruccion-de-la-mano-derecha-vandalizada-el-pasado-mes-de-abril-y-la-colocacion-de-una-espada-que-reproduce-la-sustraida\\\/#breadcrumb\"},\"inLanguage\":\"es\",\"potentialAction\":[{\"@type\":\"ReadAction\",\"target\":[\"https:\\\/\\\/www.laguiadepamplona.com\\\/actualidad\\\/la-justicia-recupera-su-aspecto-tras-la-reconstruccion-de-la-mano-derecha-vandalizada-el-pasado-mes-de-abril-y-la-colocacion-de-una-espada-que-reproduce-la-sustraida\\\/\"]}]},{\"@type\":\"ImageObject\",\"inLanguage\":\"es\",\"@id\":\"https:\\\/\\\/www.laguiadepamplona.com\\\/actualidad\\\/la-justicia-recupera-su-aspecto-tras-la-reconstruccion-de-la-mano-derecha-vandalizada-el-pasado-mes-de-abril-y-la-colocacion-de-una-espada-que-reproduce-la-sustraida\\\/#primaryimage\",\"url\":\"https:\\\/\\\/www.laguiadepamplona.com\\\/actualidad\\\/wp-content\\\/uploads\\\/2022\\\/05\\\/restauracionmanojusticiaee5a6719.webp\",\"contentUrl\":\"https:\\\/\\\/www.laguiadepamplona.com\\\/actualidad\\\/wp-content\\\/uploads\\\/2022\\\/05\\\/restauracionmanojusticiaee5a6719.webp\",\"width\":1920,\"height\":1280},{\"@type\":\"BreadcrumbList\",\"@id\":\"https:\\\/\\\/www.laguiadepamplona.com\\\/actualidad\\\/la-justicia-recupera-su-aspecto-tras-la-reconstruccion-de-la-mano-derecha-vandalizada-el-pasado-mes-de-abril-y-la-colocacion-de-una-espada-que-reproduce-la-sustraida\\\/#breadcrumb\",\"itemListElement\":[{\"@type\":\"ListItem\",\"position\":1,\"name\":\"Portada\",\"item\":\"https:\\\/\\\/www.laguiadepamplona.com\\\/actualidad\\\/\"},{\"@type\":\"ListItem\",\"position\":2,\"name\":\"\u2018La Justicia\u2019 recupera su aspecto tras la reconstrucci\u00f3n de la mano derecha vandalizada el pasado mes de abril y la colocaci\u00f3n de una espada que reproduce la sustra\u00edda\"}]},{\"@type\":\"WebSite\",\"@id\":\"https:\\\/\\\/www.laguiadepamplona.com\\\/actualidad\\\/#website\",\"url\":\"https:\\\/\\\/www.laguiadepamplona.com\\\/actualidad\\\/\",\"name\":\"La gu\u00eda de Pamplona\",\"description\":\"Noticias de Pamplona\",\"publisher\":{\"@id\":\"https:\\\/\\\/www.laguiadepamplona.com\\\/actualidad\\\/#organization\"},\"potentialAction\":[{\"@type\":\"SearchAction\",\"target\":{\"@type\":\"EntryPoint\",\"urlTemplate\":\"https:\\\/\\\/www.laguiadepamplona.com\\\/actualidad\\\/?s={search_term_string}\"},\"query-input\":{\"@type\":\"PropertyValueSpecification\",\"valueRequired\":true,\"valueName\":\"search_term_string\"}}],\"inLanguage\":\"es\"},{\"@type\":\"Organization\",\"@id\":\"https:\\\/\\\/www.laguiadepamplona.com\\\/actualidad\\\/#organization\",\"name\":\"La Gu\u00eda de Pamplona \\\/ Noticias\",\"url\":\"https:\\\/\\\/www.laguiadepamplona.com\\\/actualidad\\\/\",\"logo\":{\"@type\":\"ImageObject\",\"inLanguage\":\"es\",\"@id\":\"https:\\\/\\\/www.laguiadepamplona.com\\\/actualidad\\\/#\\\/schema\\\/logo\\\/image\\\/\",\"url\":\"https:\\\/\\\/www.laguiadepamplona.com\\\/actualidad\\\/wp-content\\\/uploads\\\/2018\\\/11\\\/logo-laguiadepamplona18-web1.png\",\"contentUrl\":\"https:\\\/\\\/www.laguiadepamplona.com\\\/actualidad\\\/wp-content\\\/uploads\\\/2018\\\/11\\\/logo-laguiadepamplona18-web1.png\",\"width\":600,\"height\":196,\"caption\":\"La Gu\u00eda de Pamplona \\\/ Noticias\"},\"image\":{\"@id\":\"https:\\\/\\\/www.laguiadepamplona.com\\\/actualidad\\\/#\\\/schema\\\/logo\\\/image\\\/\"},\"sameAs\":[\"https:\\\/\\\/www.facebook.com\\\/laguiadepamplonacom-133175176762273\\\/?ref=hl\",\"https:\\\/\\\/x.com\\\/LaGuiadPamplona\",\"https:\\\/\\\/www.instagram.com\\\/la_guia_de_pamplona\\\/\",\"https:\\\/\\\/www.youtube.com\\\/user\\\/laguiadepamplona\"]},{\"@type\":\"Person\",\"@id\":\"https:\\\/\\\/www.laguiadepamplona.com\\\/actualidad\\\/#\\\/schema\\\/person\\\/efe887376f0213d4657c93adc50b1fdb\",\"name\":\"La Gu\u00eda de Pamplona\",\"image\":{\"@type\":\"ImageObject\",\"inLanguage\":\"es\",\"@id\":\"https:\\\/\\\/secure.gravatar.com\\\/avatar\\\/b6992f131dc8d30ab0dff15446e9d346d9dbd95992de0fef795073f5ea83a81c?s=96&d=mm&r=g\",\"url\":\"https:\\\/\\\/secure.gravatar.com\\\/avatar\\\/b6992f131dc8d30ab0dff15446e9d346d9dbd95992de0fef795073f5ea83a81c?s=96&d=mm&r=g\",\"contentUrl\":\"https:\\\/\\\/secure.gravatar.com\\\/avatar\\\/b6992f131dc8d30ab0dff15446e9d346d9dbd95992de0fef795073f5ea83a81c?s=96&d=mm&r=g\",\"caption\":\"La Gu\u00eda de Pamplona\"}}]}<\/script>\n<!-- \/ Yoast SEO plugin. -->","yoast_head_json":{"title":"\u2018La Justicia\u2019 recupera su aspecto tras la reconstrucci\u00f3n de la mano derecha vandalizada el pasado mes de abril y la colocaci\u00f3n de una espada que reproduce la sustra\u00edda","description":"Una empresa especializada en restauraci\u00f3n ha reintegrado esta ma\u00f1ana los dos elementos a la imagen de la fachada de la Casa Consistorial","robots":{"index":"index","follow":"follow","max-snippet":"max-snippet:-1","max-image-preview":"max-image-preview:large","max-video-preview":"max-video-preview:-1"},"canonical":"https:\/\/www.laguiadepamplona.com\/actualidad\/la-justicia-recupera-su-aspecto-tras-la-reconstruccion-de-la-mano-derecha-vandalizada-el-pasado-mes-de-abril-y-la-colocacion-de-una-espada-que-reproduce-la-sustraida\/","og_locale":"es_ES","og_type":"article","og_title":"\u2018La Justicia\u2019 recupera su aspecto tras la reconstrucci\u00f3n de la mano derecha vandalizada el pasado mes de abril y la colocaci\u00f3n de una espada que reproduce la sustra\u00edda","og_description":"Una empresa especializada en restauraci\u00f3n ha reintegrado esta ma\u00f1ana los dos elementos a la imagen de la fachada de la Casa Consistorial","og_url":"https:\/\/www.laguiadepamplona.com\/actualidad\/la-justicia-recupera-su-aspecto-tras-la-reconstruccion-de-la-mano-derecha-vandalizada-el-pasado-mes-de-abril-y-la-colocacion-de-una-espada-que-reproduce-la-sustraida\/","og_site_name":"La Gu\u00eda de Pamplona","article_publisher":"https:\/\/www.facebook.com\/laguiadepamplonacom-133175176762273\/?ref=hl","article_published_time":"2022-05-03T11:32:30+00:00","article_modified_time":"2023-04-11T09:48:15+00:00","og_image":[{"width":1920,"height":1280,"url":"https:\/\/www.laguiadepamplona.com\/actualidad\/wp-content\/uploads\/2022\/05\/restauracionmanojusticiaee5a6719.webp","type":"image\/webp"}],"author":"La Gu\u00eda de Pamplona","twitter_card":"summary_large_image","twitter_creator":"@LaGuiadPamplona","twitter_site":"@LaGuiadPamplona","twitter_misc":{"Escrito por":"La Gu\u00eda de Pamplona","Tiempo de lectura":"5 minutos"},"schema":{"@context":"https:\/\/schema.org","@graph":[{"@type":"Article","@id":"https:\/\/www.laguiadepamplona.com\/actualidad\/la-justicia-recupera-su-aspecto-tras-la-reconstruccion-de-la-mano-derecha-vandalizada-el-pasado-mes-de-abril-y-la-colocacion-de-una-espada-que-reproduce-la-sustraida\/#article","isPartOf":{"@id":"https:\/\/www.laguiadepamplona.com\/actualidad\/la-justicia-recupera-su-aspecto-tras-la-reconstruccion-de-la-mano-derecha-vandalizada-el-pasado-mes-de-abril-y-la-colocacion-de-una-espada-que-reproduce-la-sustraida\/"},"author":{"name":"La Gu\u00eda de Pamplona","@id":"https:\/\/www.laguiadepamplona.com\/actualidad\/#\/schema\/person\/efe887376f0213d4657c93adc50b1fdb"},"headline":"\u2018La Justicia\u2019 recupera su aspecto tras la reconstrucci\u00f3n de la mano derecha vandalizada el pasado mes de abril y la colocaci\u00f3n de una espada que reproduce la sustra\u00edda","datePublished":"2022-05-03T11:32:30+00:00","dateModified":"2023-04-11T09:48:15+00:00","mainEntityOfPage":{"@id":"https:\/\/www.laguiadepamplona.com\/actualidad\/la-justicia-recupera-su-aspecto-tras-la-reconstruccion-de-la-mano-derecha-vandalizada-el-pasado-mes-de-abril-y-la-colocacion-de-una-espada-que-reproduce-la-sustraida\/"},"wordCount":1188,"commentCount":0,"publisher":{"@id":"https:\/\/www.laguiadepamplona.com\/actualidad\/#organization"},"image":{"@id":"https:\/\/www.laguiadepamplona.com\/actualidad\/la-justicia-recupera-su-aspecto-tras-la-reconstruccion-de-la-mano-derecha-vandalizada-el-pasado-mes-de-abril-y-la-colocacion-de-una-espada-que-reproduce-la-sustraida\/#primaryimage"},"thumbnailUrl":"https:\/\/www.laguiadepamplona.com\/actualidad\/wp-content\/uploads\/2022\/05\/restauracionmanojusticiaee5a6719.webp","articleSection":["Ayto Pamplona"],"inLanguage":"es","potentialAction":[{"@type":"CommentAction","name":"Comment","target":["https:\/\/www.laguiadepamplona.com\/actualidad\/la-justicia-recupera-su-aspecto-tras-la-reconstruccion-de-la-mano-derecha-vandalizada-el-pasado-mes-de-abril-y-la-colocacion-de-una-espada-que-reproduce-la-sustraida\/#respond"]}]},{"@type":"WebPage","@id":"https:\/\/www.laguiadepamplona.com\/actualidad\/la-justicia-recupera-su-aspecto-tras-la-reconstruccion-de-la-mano-derecha-vandalizada-el-pasado-mes-de-abril-y-la-colocacion-de-una-espada-que-reproduce-la-sustraida\/","url":"https:\/\/www.laguiadepamplona.com\/actualidad\/la-justicia-recupera-su-aspecto-tras-la-reconstruccion-de-la-mano-derecha-vandalizada-el-pasado-mes-de-abril-y-la-colocacion-de-una-espada-que-reproduce-la-sustraida\/","name":"\u2018La Justicia\u2019 recupera su aspecto tras la reconstrucci\u00f3n de la mano derecha vandalizada el pasado mes de abril y la colocaci\u00f3n de una espada que reproduce la sustra\u00edda","isPartOf":{"@id":"https:\/\/www.laguiadepamplona.com\/actualidad\/#website"},"primaryImageOfPage":{"@id":"https:\/\/www.laguiadepamplona.com\/actualidad\/la-justicia-recupera-su-aspecto-tras-la-reconstruccion-de-la-mano-derecha-vandalizada-el-pasado-mes-de-abril-y-la-colocacion-de-una-espada-que-reproduce-la-sustraida\/#primaryimage"},"image":{"@id":"https:\/\/www.laguiadepamplona.com\/actualidad\/la-justicia-recupera-su-aspecto-tras-la-reconstruccion-de-la-mano-derecha-vandalizada-el-pasado-mes-de-abril-y-la-colocacion-de-una-espada-que-reproduce-la-sustraida\/#primaryimage"},"thumbnailUrl":"https:\/\/www.laguiadepamplona.com\/actualidad\/wp-content\/uploads\/2022\/05\/restauracionmanojusticiaee5a6719.webp","datePublished":"2022-05-03T11:32:30+00:00","dateModified":"2023-04-11T09:48:15+00:00","description":"Una empresa especializada en restauraci\u00f3n ha reintegrado esta ma\u00f1ana los dos elementos a la imagen de la fachada de la Casa Consistorial","breadcrumb":{"@id":"https:\/\/www.laguiadepamplona.com\/actualidad\/la-justicia-recupera-su-aspecto-tras-la-reconstruccion-de-la-mano-derecha-vandalizada-el-pasado-mes-de-abril-y-la-colocacion-de-una-espada-que-reproduce-la-sustraida\/#breadcrumb"},"inLanguage":"es","potentialAction":[{"@type":"ReadAction","target":["https:\/\/www.laguiadepamplona.com\/actualidad\/la-justicia-recupera-su-aspecto-tras-la-reconstruccion-de-la-mano-derecha-vandalizada-el-pasado-mes-de-abril-y-la-colocacion-de-una-espada-que-reproduce-la-sustraida\/"]}]},{"@type":"ImageObject","inLanguage":"es","@id":"https:\/\/www.laguiadepamplona.com\/actualidad\/la-justicia-recupera-su-aspecto-tras-la-reconstruccion-de-la-mano-derecha-vandalizada-el-pasado-mes-de-abril-y-la-colocacion-de-una-espada-que-reproduce-la-sustraida\/#primaryimage","url":"https:\/\/www.laguiadepamplona.com\/actualidad\/wp-content\/uploads\/2022\/05\/restauracionmanojusticiaee5a6719.webp","contentUrl":"https:\/\/www.laguiadepamplona.com\/actualidad\/wp-content\/uploads\/2022\/05\/restauracionmanojusticiaee5a6719.webp","width":1920,"height":1280},{"@type":"BreadcrumbList","@id":"https:\/\/www.laguiadepamplona.com\/actualidad\/la-justicia-recupera-su-aspecto-tras-la-reconstruccion-de-la-mano-derecha-vandalizada-el-pasado-mes-de-abril-y-la-colocacion-de-una-espada-que-reproduce-la-sustraida\/#breadcrumb","itemListElement":[{"@type":"ListItem","position":1,"name":"Portada","item":"https:\/\/www.laguiadepamplona.com\/actualidad\/"},{"@type":"ListItem","position":2,"name":"\u2018La Justicia\u2019 recupera su aspecto tras la reconstrucci\u00f3n de la mano derecha vandalizada el pasado mes de abril y la colocaci\u00f3n de una espada que reproduce la sustra\u00edda"}]},{"@type":"WebSite","@id":"https:\/\/www.laguiadepamplona.com\/actualidad\/#website","url":"https:\/\/www.laguiadepamplona.com\/actualidad\/","name":"La gu\u00eda de Pamplona","description":"Noticias de Pamplona","publisher":{"@id":"https:\/\/www.laguiadepamplona.com\/actualidad\/#organization"},"potentialAction":[{"@type":"SearchAction","target":{"@type":"EntryPoint","urlTemplate":"https:\/\/www.laguiadepamplona.com\/actualidad\/?s={search_term_string}"},"query-input":{"@type":"PropertyValueSpecification","valueRequired":true,"valueName":"search_term_string"}}],"inLanguage":"es"},{"@type":"Organization","@id":"https:\/\/www.laguiadepamplona.com\/actualidad\/#organization","name":"La Gu\u00eda de Pamplona \/ Noticias","url":"https:\/\/www.laguiadepamplona.com\/actualidad\/","logo":{"@type":"ImageObject","inLanguage":"es","@id":"https:\/\/www.laguiadepamplona.com\/actualidad\/#\/schema\/logo\/image\/","url":"https:\/\/www.laguiadepamplona.com\/actualidad\/wp-content\/uploads\/2018\/11\/logo-laguiadepamplona18-web1.png","contentUrl":"https:\/\/www.laguiadepamplona.com\/actualidad\/wp-content\/uploads\/2018\/11\/logo-laguiadepamplona18-web1.png","width":600,"height":196,"caption":"La Gu\u00eda de Pamplona \/ Noticias"},"image":{"@id":"https:\/\/www.laguiadepamplona.com\/actualidad\/#\/schema\/logo\/image\/"},"sameAs":["https:\/\/www.facebook.com\/laguiadepamplonacom-133175176762273\/?ref=hl","https:\/\/x.com\/LaGuiadPamplona","https:\/\/www.instagram.com\/la_guia_de_pamplona\/","https:\/\/www.youtube.com\/user\/laguiadepamplona"]},{"@type":"Person","@id":"https:\/\/www.laguiadepamplona.com\/actualidad\/#\/schema\/person\/efe887376f0213d4657c93adc50b1fdb","name":"La Gu\u00eda de Pamplona","image":{"@type":"ImageObject","inLanguage":"es","@id":"https:\/\/secure.gravatar.com\/avatar\/b6992f131dc8d30ab0dff15446e9d346d9dbd95992de0fef795073f5ea83a81c?s=96&d=mm&r=g","url":"https:\/\/secure.gravatar.com\/avatar\/b6992f131dc8d30ab0dff15446e9d346d9dbd95992de0fef795073f5ea83a81c?s=96&d=mm&r=g","contentUrl":"https:\/\/secure.gravatar.com\/avatar\/b6992f131dc8d30ab0dff15446e9d346d9dbd95992de0fef795073f5ea83a81c?s=96&d=mm&r=g","caption":"La Gu\u00eda de Pamplona"}}]}},"post_mailing_queue_ids":[],"_links":{"self":[{"href":"https:\/\/www.laguiadepamplona.com\/actualidad\/wp-json\/wp\/v2\/posts\/40159","targetHints":{"allow":["GET"]}}],"collection":[{"href":"https:\/\/www.laguiadepamplona.com\/actualidad\/wp-json\/wp\/v2\/posts"}],"about":[{"href":"https:\/\/www.laguiadepamplona.com\/actualidad\/wp-json\/wp\/v2\/types\/post"}],"author":[{"embeddable":true,"href":"https:\/\/www.laguiadepamplona.com\/actualidad\/wp-json\/wp\/v2\/users\/1"}],"replies":[{"embeddable":true,"href":"https:\/\/www.laguiadepamplona.com\/actualidad\/wp-json\/wp\/v2\/comments?post=40159"}],"version-history":[{"count":0,"href":"https:\/\/www.laguiadepamplona.com\/actualidad\/wp-json\/wp\/v2\/posts\/40159\/revisions"}],"wp:featuredmedia":[{"embeddable":true,"href":"https:\/\/www.laguiadepamplona.com\/actualidad\/wp-json\/wp\/v2\/media\/40160"}],"wp:attachment":[{"href":"https:\/\/www.laguiadepamplona.com\/actualidad\/wp-json\/wp\/v2\/media?parent=40159"}],"wp:term":[{"taxonomy":"category","embeddable":true,"href":"https:\/\/www.laguiadepamplona.com\/actualidad\/wp-json\/wp\/v2\/categories?post=40159"},{"taxonomy":"post_tag","embeddable":true,"href":"https:\/\/www.laguiadepamplona.com\/actualidad\/wp-json\/wp\/v2\/tags?post=40159"}],"curies":[{"name":"wp","href":"https:\/\/api.w.org\/{rel}","templated":true}]}}