{"id":40153,"date":"2022-05-03T13:29:19","date_gmt":"2022-05-03T11:29:19","guid":{"rendered":"https:\/\/www.laguiadepamplona.com\/actualidad\/?p=40153"},"modified":"2023-04-11T11:48:15","modified_gmt":"2023-04-11T09:48:15","slug":"el-ayuntamiento-y-el-telefono-de-la-esperanza-colaboran-para-ofrecer-apoyo-psicologico-a-las-personas-mayores-de-65-anos","status":"publish","type":"post","link":"https:\/\/www.laguiadepamplona.com\/actualidad\/el-ayuntamiento-y-el-telefono-de-la-esperanza-colaboran-para-ofrecer-apoyo-psicologico-a-las-personas-mayores-de-65-anos\/","title":{"rendered":"El Ayuntamiento y el Tel\u00e9fono de la Esperanza colaboran para ofrecer apoyo psicol\u00f3gico a las personas mayores de 65 a\u00f1os"},"content":{"rendered":"<h5>Ofrecen talleres y un programa de apoyo, que esta ma\u00f1ana han conocido de primera mano los miembros de la comisi\u00f3n de Asuntos Ciudadanos<\/h5>\n<p><!--more--><\/p>\n<p>Los miembros de la comisi\u00f3n de Asuntos Ciudadana del Ayuntamiento de Pamplona han visitado esta ma\u00f1ana las instalaciones del Tel\u00e9fono de la Esperanza, en las que han conocido de primera mano los programas y talleres que las dos entidades realizan para ofrecer apoyo psicol\u00f3gico a las personas mayores de 65 a\u00f1os de la ciudad. Concretamente, a d\u00eda de hoy se trabaja en dos l\u00edneas: la realizaci\u00f3n de unos talleres sobre bienestar emocional, gesti\u00f3n del estr\u00e9s, h\u00e1bitos saludables de vida, prevenci\u00f3n de la ansiedad, comunicaci\u00f3n interpersonal o depresi\u00f3n; y un programa de apoyo, orientaci\u00f3n y asesoramiento individual para aquellas personas que por su situaci\u00f3n de vulnerabilidad necesiten una atenci\u00f3n personalizada.<br \/>\n<script async src=\"\/\/pagead2.googlesyndication.com\/pagead\/js\/adsbygoogle.js\"><\/script><br \/>\n<!-- Noticias La Guia de Pamplona --><br \/>\n<ins class=\"adsbygoogle\"\nstyle=\"display:block\"\ndata-ad-client=\"ca-pub-6943679897239327\"\ndata-ad-slot=\"7048180777\"\ndata-ad-format=\"auto\"><\/ins><br \/>\n<script>\n(adsbygoogle = window.adsbygoogle || []).push({});\n<\/script><\/p>\n<p>El convenio firmado entre\u00a0Ayuntamiento de Pamplona\u00a0y el\u00a0Tel\u00e9fono de la Esperanza\u00a0posibilita, con la colaboraci\u00f3n del Gobierno de Navarra, el desarrollo en la ciudad de un programa de apoyo psicol\u00f3gico dirigido a personas mayores de 65 a\u00f1os, y que se hace especialmente importante en tiempos de pandemia y tras las \u00e9pocas de confinamientos y restricciones. Gracias a este acuerdo, el Consistorio quiere contribuir a la mejora de la calidad de la vida emocional de este sector de la poblaci\u00f3n, poniendo a su alcance un servicio cualificado y gratuito que les pueda ayudar a superar consecuencias emocionales derivadas de la situaci\u00f3n sanitaria causada por la COVID-19. Con este recurso se consigue llegar a las personas que peor lo est\u00e1n pasando y sensibilizar sobre las consecuencias generadas por la pandemia. Entre los objetivos tambi\u00e9n se encuentran acompa\u00f1ar en la gesti\u00f3n del estr\u00e9s producido por la crisis sanitaria y el distanciamiento interpersonal o facilitar estrategias para mejorar la calidad de vida.<\/p>\n<p>Desde la firma del convenio el pasado 2021, y con el objetivo de trabajar de forma grupal y abierta a toda la poblaci\u00f3n mayor de 65 a\u00f1os, se organizan talleres diversos sobre bienestar emocional, gesti\u00f3n del estr\u00e9s, h\u00e1bitos saludables de vida, prevenci\u00f3n de la ansiedad, insomnio, depresi\u00f3n. De esta manera, se plantean talleres gratuitos con tem\u00e1ticas y estructura diferentes para responder a diferentes situaciones. Los pr\u00f3ximos que se pondr\u00e1n en marcha ser\u00e1n \u2018Bienestar personal\u2019, en Civivox Iturrama los d\u00edas 3, 10, 17, 24 de mayo de 17 a 19 horas; y \u2018C\u00f3mo mejorar la comunicaci\u00f3n intrapersonal\u2019, los d\u00edas 4,11,18 y 25 de mayo, en Civivox Jus la Rocha, y tambi\u00e9n en horario de 17 a 19 horas. Las inscripciones se pueden realizar en el tel\u00e9fono 948 24 30 40, y las plazas se adjudican por orden de llamada y preferencia para personas empadronadas en Pamplona.<br \/>\n<script async src=\"\/\/pagead2.googlesyndication.com\/pagead\/js\/adsbygoogle.js\"><\/script><br \/>\n<!-- Noticias La Guia de Pamplona --><br \/>\n<ins class=\"adsbygoogle\"\nstyle=\"display:block\"\ndata-ad-client=\"ca-pub-6943679897239327\"\ndata-ad-slot=\"7048180777\"\ndata-ad-format=\"auto\"><\/ins><br \/>\n<script>\n(adsbygoogle = window.adsbygoogle || []).push({});\n<\/script><\/p>\n<p><strong>Apoyo y asesoramiento para dar una respuesta individualizada a cada persona<\/strong><\/p>\n<p>Gracias al convenio firmado entre el Ayuntamiento y el Tel\u00e9fono de la Esperanza, tambi\u00e9n se lleva a cabo un programa de apoyo, orientaci\u00f3n y asesoramiento individual para aquellas personas que por su situaci\u00f3n de vulnerabilidad necesiten una atenci\u00f3n personalizada. El objetivo es atender las necesidades de las personas que est\u00e1n sufriendo un impacto psicol\u00f3gico generado por la situaci\u00f3n del COVID-19, y acompa\u00f1arles en la gesti\u00f3n del estr\u00e9s producido por la crisis sanitaria y el distanciamiento interpersonal. Se les facilitan estrategias emocionales y se les ofrece apoyo psicol\u00f3gico y emocional para superar situaciones emocionales complicadas que requieran de apoyo. Adem\u00e1s, el convenio recoge que se realizar\u00e1 un trabajo integral en \u00e9ste mismo \u00e1mbito recopilando las situaciones de personas m\u00e1s vulnerables y con menos opciones de poder hacer frente a las situaciones de estr\u00e9s emocional generado por la COVID-19.<\/p>\n<p>El Tel\u00e9fono de la Esperanza es una entidad de iniciativa social y voluntaria que viene trabajando con personas en situaci\u00f3n de crisis grave y urgente, prestando un servicio que les pueda ayudar a solucionar los problemas y promoviendo, asimismo, la investigaci\u00f3n y prevenci\u00f3n de dichas situaciones. Por ejemplo, trabaja sobre el tratamiento integral de las crisis ps\u00edquicas, personales, familiares y psicosociales y en el ejercicio de la solidaridad mediante la prestaci\u00f3n de ayuda urgente, gratuita, y eficaz a quien lo solicita. Cuenta con un servicio de urgencia durante las 24 horas del d\u00eda. Basa su actuaci\u00f3n en la confidencialidad, el anonimato y el secreto profesional y de manera paralela, impulsa la promoci\u00f3n del voluntariado y la capacitaci\u00f3n de personas, familias y colectivos que colaboren en la mejora de la calidad de vida y salud emocional de s\u00ed mismos y de los dem\u00e1s ciudadanos.<\/p>\n","protected":false},"excerpt":{"rendered":"<p>Ofrecen talleres y un programa de apoyo, que esta ma\u00f1ana han conocido de primera mano los miembros de la comisi\u00f3n de Asuntos Ciudadanos<\/p>\n","protected":false},"author":1,"featured_media":40154,"comment_status":"open","ping_status":"closed","sticky":false,"template":"","format":"standard","meta":{"footnotes":""},"categories":[2],"tags":[],"class_list":["post-40153","post","type-post","status-publish","format-standard","has-post-thumbnail","hentry","category-ayuntamiento-pamplona"],"yoast_head":"<!-- This site is optimized with the Yoast SEO plugin v27.3 - https:\/\/yoast.com\/product\/yoast-seo-wordpress\/ -->\n<title>El Ayuntamiento y el Tel\u00e9fono de la Esperanza colaboran para ofrecer apoyo psicol\u00f3gico a las personas mayores de 65 a\u00f1os<\/title>\n<meta name=\"description\" content=\"Ofrecen talleres y un programa de apoyo, que esta ma\u00f1ana han conocido de primera mano los miembros de la comisi\u00f3n de Asuntos Ciudadanos\" \/>\n<meta name=\"robots\" content=\"index, follow, max-snippet:-1, max-image-preview:large, max-video-preview:-1\" \/>\n<link rel=\"canonical\" href=\"https:\/\/www.laguiadepamplona.com\/actualidad\/el-ayuntamiento-y-el-telefono-de-la-esperanza-colaboran-para-ofrecer-apoyo-psicologico-a-las-personas-mayores-de-65-anos\/\" \/>\n<meta property=\"og:locale\" content=\"es_ES\" \/>\n<meta property=\"og:type\" content=\"article\" \/>\n<meta property=\"og:title\" content=\"El Ayuntamiento y el Tel\u00e9fono de la Esperanza colaboran para ofrecer apoyo psicol\u00f3gico a las personas mayores de 65 a\u00f1os\" \/>\n<meta property=\"og:description\" content=\"Ofrecen talleres y un programa de apoyo, que esta ma\u00f1ana han conocido de primera mano los miembros de la comisi\u00f3n de Asuntos Ciudadanos\" \/>\n<meta property=\"og:url\" content=\"https:\/\/www.laguiadepamplona.com\/actualidad\/el-ayuntamiento-y-el-telefono-de-la-esperanza-colaboran-para-ofrecer-apoyo-psicologico-a-las-personas-mayores-de-65-anos\/\" \/>\n<meta property=\"og:site_name\" content=\"La Gu\u00eda de Pamplona\" \/>\n<meta property=\"article:publisher\" content=\"https:\/\/www.facebook.com\/laguiadepamplonacom-133175176762273\/?ref=hl\" \/>\n<meta property=\"article:published_time\" content=\"2022-05-03T11:29:19+00:00\" \/>\n<meta property=\"article:modified_time\" content=\"2023-04-11T09:48:15+00:00\" \/>\n<meta property=\"og:image\" content=\"https:\/\/www.laguiadepamplona.com\/actualidad\/wp-content\/uploads\/2022\/05\/telefonodelaesperanzaee5a6846_0.webp\" \/>\n\t<meta property=\"og:image:width\" content=\"1920\" \/>\n\t<meta property=\"og:image:height\" content=\"1280\" \/>\n\t<meta property=\"og:image:type\" content=\"image\/webp\" \/>\n<meta name=\"author\" content=\"La Gu\u00eda de Pamplona\" \/>\n<meta name=\"twitter:card\" content=\"summary_large_image\" \/>\n<meta name=\"twitter:creator\" content=\"@LaGuiadPamplona\" \/>\n<meta name=\"twitter:site\" content=\"@LaGuiadPamplona\" \/>\n<meta name=\"twitter:label1\" content=\"Escrito por\" \/>\n\t<meta name=\"twitter:data1\" content=\"La Gu\u00eda de Pamplona\" \/>\n\t<meta name=\"twitter:label2\" content=\"Tiempo de lectura\" \/>\n\t<meta name=\"twitter:data2\" content=\"4 minutos\" \/>\n<script type=\"application\/ld+json\" class=\"yoast-schema-graph\">{\"@context\":\"https:\\\/\\\/schema.org\",\"@graph\":[{\"@type\":\"Article\",\"@id\":\"https:\\\/\\\/www.laguiadepamplona.com\\\/actualidad\\\/el-ayuntamiento-y-el-telefono-de-la-esperanza-colaboran-para-ofrecer-apoyo-psicologico-a-las-personas-mayores-de-65-anos\\\/#article\",\"isPartOf\":{\"@id\":\"https:\\\/\\\/www.laguiadepamplona.com\\\/actualidad\\\/el-ayuntamiento-y-el-telefono-de-la-esperanza-colaboran-para-ofrecer-apoyo-psicologico-a-las-personas-mayores-de-65-anos\\\/\"},\"author\":{\"name\":\"La Gu\u00eda de Pamplona\",\"@id\":\"https:\\\/\\\/www.laguiadepamplona.com\\\/actualidad\\\/#\\\/schema\\\/person\\\/efe887376f0213d4657c93adc50b1fdb\"},\"headline\":\"El Ayuntamiento y el Tel\u00e9fono de la Esperanza colaboran para ofrecer apoyo psicol\u00f3gico a las personas mayores de 65 a\u00f1os\",\"datePublished\":\"2022-05-03T11:29:19+00:00\",\"dateModified\":\"2023-04-11T09:48:15+00:00\",\"mainEntityOfPage\":{\"@id\":\"https:\\\/\\\/www.laguiadepamplona.com\\\/actualidad\\\/el-ayuntamiento-y-el-telefono-de-la-esperanza-colaboran-para-ofrecer-apoyo-psicologico-a-las-personas-mayores-de-65-anos\\\/\"},\"wordCount\":804,\"commentCount\":0,\"publisher\":{\"@id\":\"https:\\\/\\\/www.laguiadepamplona.com\\\/actualidad\\\/#organization\"},\"image\":{\"@id\":\"https:\\\/\\\/www.laguiadepamplona.com\\\/actualidad\\\/el-ayuntamiento-y-el-telefono-de-la-esperanza-colaboran-para-ofrecer-apoyo-psicologico-a-las-personas-mayores-de-65-anos\\\/#primaryimage\"},\"thumbnailUrl\":\"https:\\\/\\\/www.laguiadepamplona.com\\\/actualidad\\\/wp-content\\\/uploads\\\/2022\\\/05\\\/telefonodelaesperanzaee5a6846_0.webp\",\"articleSection\":[\"Ayto Pamplona\"],\"inLanguage\":\"es\",\"potentialAction\":[{\"@type\":\"CommentAction\",\"name\":\"Comment\",\"target\":[\"https:\\\/\\\/www.laguiadepamplona.com\\\/actualidad\\\/el-ayuntamiento-y-el-telefono-de-la-esperanza-colaboran-para-ofrecer-apoyo-psicologico-a-las-personas-mayores-de-65-anos\\\/#respond\"]}]},{\"@type\":\"WebPage\",\"@id\":\"https:\\\/\\\/www.laguiadepamplona.com\\\/actualidad\\\/el-ayuntamiento-y-el-telefono-de-la-esperanza-colaboran-para-ofrecer-apoyo-psicologico-a-las-personas-mayores-de-65-anos\\\/\",\"url\":\"https:\\\/\\\/www.laguiadepamplona.com\\\/actualidad\\\/el-ayuntamiento-y-el-telefono-de-la-esperanza-colaboran-para-ofrecer-apoyo-psicologico-a-las-personas-mayores-de-65-anos\\\/\",\"name\":\"El Ayuntamiento y el Tel\u00e9fono de la Esperanza colaboran para ofrecer apoyo psicol\u00f3gico a las personas mayores de 65 a\u00f1os\",\"isPartOf\":{\"@id\":\"https:\\\/\\\/www.laguiadepamplona.com\\\/actualidad\\\/#website\"},\"primaryImageOfPage\":{\"@id\":\"https:\\\/\\\/www.laguiadepamplona.com\\\/actualidad\\\/el-ayuntamiento-y-el-telefono-de-la-esperanza-colaboran-para-ofrecer-apoyo-psicologico-a-las-personas-mayores-de-65-anos\\\/#primaryimage\"},\"image\":{\"@id\":\"https:\\\/\\\/www.laguiadepamplona.com\\\/actualidad\\\/el-ayuntamiento-y-el-telefono-de-la-esperanza-colaboran-para-ofrecer-apoyo-psicologico-a-las-personas-mayores-de-65-anos\\\/#primaryimage\"},\"thumbnailUrl\":\"https:\\\/\\\/www.laguiadepamplona.com\\\/actualidad\\\/wp-content\\\/uploads\\\/2022\\\/05\\\/telefonodelaesperanzaee5a6846_0.webp\",\"datePublished\":\"2022-05-03T11:29:19+00:00\",\"dateModified\":\"2023-04-11T09:48:15+00:00\",\"description\":\"Ofrecen talleres y un programa de apoyo, que esta ma\u00f1ana han conocido de primera mano los miembros de la comisi\u00f3n de Asuntos Ciudadanos\",\"breadcrumb\":{\"@id\":\"https:\\\/\\\/www.laguiadepamplona.com\\\/actualidad\\\/el-ayuntamiento-y-el-telefono-de-la-esperanza-colaboran-para-ofrecer-apoyo-psicologico-a-las-personas-mayores-de-65-anos\\\/#breadcrumb\"},\"inLanguage\":\"es\",\"potentialAction\":[{\"@type\":\"ReadAction\",\"target\":[\"https:\\\/\\\/www.laguiadepamplona.com\\\/actualidad\\\/el-ayuntamiento-y-el-telefono-de-la-esperanza-colaboran-para-ofrecer-apoyo-psicologico-a-las-personas-mayores-de-65-anos\\\/\"]}]},{\"@type\":\"ImageObject\",\"inLanguage\":\"es\",\"@id\":\"https:\\\/\\\/www.laguiadepamplona.com\\\/actualidad\\\/el-ayuntamiento-y-el-telefono-de-la-esperanza-colaboran-para-ofrecer-apoyo-psicologico-a-las-personas-mayores-de-65-anos\\\/#primaryimage\",\"url\":\"https:\\\/\\\/www.laguiadepamplona.com\\\/actualidad\\\/wp-content\\\/uploads\\\/2022\\\/05\\\/telefonodelaesperanzaee5a6846_0.webp\",\"contentUrl\":\"https:\\\/\\\/www.laguiadepamplona.com\\\/actualidad\\\/wp-content\\\/uploads\\\/2022\\\/05\\\/telefonodelaesperanzaee5a6846_0.webp\",\"width\":1920,\"height\":1280},{\"@type\":\"BreadcrumbList\",\"@id\":\"https:\\\/\\\/www.laguiadepamplona.com\\\/actualidad\\\/el-ayuntamiento-y-el-telefono-de-la-esperanza-colaboran-para-ofrecer-apoyo-psicologico-a-las-personas-mayores-de-65-anos\\\/#breadcrumb\",\"itemListElement\":[{\"@type\":\"ListItem\",\"position\":1,\"name\":\"Portada\",\"item\":\"https:\\\/\\\/www.laguiadepamplona.com\\\/actualidad\\\/\"},{\"@type\":\"ListItem\",\"position\":2,\"name\":\"El Ayuntamiento y el Tel\u00e9fono de la Esperanza colaboran para ofrecer apoyo psicol\u00f3gico a las personas mayores de 65 a\u00f1os\"}]},{\"@type\":\"WebSite\",\"@id\":\"https:\\\/\\\/www.laguiadepamplona.com\\\/actualidad\\\/#website\",\"url\":\"https:\\\/\\\/www.laguiadepamplona.com\\\/actualidad\\\/\",\"name\":\"La gu\u00eda de Pamplona\",\"description\":\"Noticias de Pamplona\",\"publisher\":{\"@id\":\"https:\\\/\\\/www.laguiadepamplona.com\\\/actualidad\\\/#organization\"},\"potentialAction\":[{\"@type\":\"SearchAction\",\"target\":{\"@type\":\"EntryPoint\",\"urlTemplate\":\"https:\\\/\\\/www.laguiadepamplona.com\\\/actualidad\\\/?s={search_term_string}\"},\"query-input\":{\"@type\":\"PropertyValueSpecification\",\"valueRequired\":true,\"valueName\":\"search_term_string\"}}],\"inLanguage\":\"es\"},{\"@type\":\"Organization\",\"@id\":\"https:\\\/\\\/www.laguiadepamplona.com\\\/actualidad\\\/#organization\",\"name\":\"La Gu\u00eda de Pamplona \\\/ Noticias\",\"url\":\"https:\\\/\\\/www.laguiadepamplona.com\\\/actualidad\\\/\",\"logo\":{\"@type\":\"ImageObject\",\"inLanguage\":\"es\",\"@id\":\"https:\\\/\\\/www.laguiadepamplona.com\\\/actualidad\\\/#\\\/schema\\\/logo\\\/image\\\/\",\"url\":\"https:\\\/\\\/www.laguiadepamplona.com\\\/actualidad\\\/wp-content\\\/uploads\\\/2018\\\/11\\\/logo-laguiadepamplona18-web1.png\",\"contentUrl\":\"https:\\\/\\\/www.laguiadepamplona.com\\\/actualidad\\\/wp-content\\\/uploads\\\/2018\\\/11\\\/logo-laguiadepamplona18-web1.png\",\"width\":600,\"height\":196,\"caption\":\"La Gu\u00eda de Pamplona \\\/ Noticias\"},\"image\":{\"@id\":\"https:\\\/\\\/www.laguiadepamplona.com\\\/actualidad\\\/#\\\/schema\\\/logo\\\/image\\\/\"},\"sameAs\":[\"https:\\\/\\\/www.facebook.com\\\/laguiadepamplonacom-133175176762273\\\/?ref=hl\",\"https:\\\/\\\/x.com\\\/LaGuiadPamplona\",\"https:\\\/\\\/www.instagram.com\\\/la_guia_de_pamplona\\\/\",\"https:\\\/\\\/www.youtube.com\\\/user\\\/laguiadepamplona\"]},{\"@type\":\"Person\",\"@id\":\"https:\\\/\\\/www.laguiadepamplona.com\\\/actualidad\\\/#\\\/schema\\\/person\\\/efe887376f0213d4657c93adc50b1fdb\",\"name\":\"La Gu\u00eda de Pamplona\",\"image\":{\"@type\":\"ImageObject\",\"inLanguage\":\"es\",\"@id\":\"https:\\\/\\\/secure.gravatar.com\\\/avatar\\\/b6992f131dc8d30ab0dff15446e9d346d9dbd95992de0fef795073f5ea83a81c?s=96&d=mm&r=g\",\"url\":\"https:\\\/\\\/secure.gravatar.com\\\/avatar\\\/b6992f131dc8d30ab0dff15446e9d346d9dbd95992de0fef795073f5ea83a81c?s=96&d=mm&r=g\",\"contentUrl\":\"https:\\\/\\\/secure.gravatar.com\\\/avatar\\\/b6992f131dc8d30ab0dff15446e9d346d9dbd95992de0fef795073f5ea83a81c?s=96&d=mm&r=g\",\"caption\":\"La Gu\u00eda de Pamplona\"}}]}<\/script>\n<!-- \/ Yoast SEO plugin. -->","yoast_head_json":{"title":"El Ayuntamiento y el Tel\u00e9fono de la Esperanza colaboran para ofrecer apoyo psicol\u00f3gico a las personas mayores de 65 a\u00f1os","description":"Ofrecen talleres y un programa de apoyo, que esta ma\u00f1ana han conocido de primera mano los miembros de la comisi\u00f3n de Asuntos Ciudadanos","robots":{"index":"index","follow":"follow","max-snippet":"max-snippet:-1","max-image-preview":"max-image-preview:large","max-video-preview":"max-video-preview:-1"},"canonical":"https:\/\/www.laguiadepamplona.com\/actualidad\/el-ayuntamiento-y-el-telefono-de-la-esperanza-colaboran-para-ofrecer-apoyo-psicologico-a-las-personas-mayores-de-65-anos\/","og_locale":"es_ES","og_type":"article","og_title":"El Ayuntamiento y el Tel\u00e9fono de la Esperanza colaboran para ofrecer apoyo psicol\u00f3gico a las personas mayores de 65 a\u00f1os","og_description":"Ofrecen talleres y un programa de apoyo, que esta ma\u00f1ana han conocido de primera mano los miembros de la comisi\u00f3n de Asuntos Ciudadanos","og_url":"https:\/\/www.laguiadepamplona.com\/actualidad\/el-ayuntamiento-y-el-telefono-de-la-esperanza-colaboran-para-ofrecer-apoyo-psicologico-a-las-personas-mayores-de-65-anos\/","og_site_name":"La Gu\u00eda de Pamplona","article_publisher":"https:\/\/www.facebook.com\/laguiadepamplonacom-133175176762273\/?ref=hl","article_published_time":"2022-05-03T11:29:19+00:00","article_modified_time":"2023-04-11T09:48:15+00:00","og_image":[{"width":1920,"height":1280,"url":"https:\/\/www.laguiadepamplona.com\/actualidad\/wp-content\/uploads\/2022\/05\/telefonodelaesperanzaee5a6846_0.webp","type":"image\/webp"}],"author":"La Gu\u00eda de Pamplona","twitter_card":"summary_large_image","twitter_creator":"@LaGuiadPamplona","twitter_site":"@LaGuiadPamplona","twitter_misc":{"Escrito por":"La Gu\u00eda de Pamplona","Tiempo de lectura":"4 minutos"},"schema":{"@context":"https:\/\/schema.org","@graph":[{"@type":"Article","@id":"https:\/\/www.laguiadepamplona.com\/actualidad\/el-ayuntamiento-y-el-telefono-de-la-esperanza-colaboran-para-ofrecer-apoyo-psicologico-a-las-personas-mayores-de-65-anos\/#article","isPartOf":{"@id":"https:\/\/www.laguiadepamplona.com\/actualidad\/el-ayuntamiento-y-el-telefono-de-la-esperanza-colaboran-para-ofrecer-apoyo-psicologico-a-las-personas-mayores-de-65-anos\/"},"author":{"name":"La Gu\u00eda de Pamplona","@id":"https:\/\/www.laguiadepamplona.com\/actualidad\/#\/schema\/person\/efe887376f0213d4657c93adc50b1fdb"},"headline":"El Ayuntamiento y el Tel\u00e9fono de la Esperanza colaboran para ofrecer apoyo psicol\u00f3gico a las personas mayores de 65 a\u00f1os","datePublished":"2022-05-03T11:29:19+00:00","dateModified":"2023-04-11T09:48:15+00:00","mainEntityOfPage":{"@id":"https:\/\/www.laguiadepamplona.com\/actualidad\/el-ayuntamiento-y-el-telefono-de-la-esperanza-colaboran-para-ofrecer-apoyo-psicologico-a-las-personas-mayores-de-65-anos\/"},"wordCount":804,"commentCount":0,"publisher":{"@id":"https:\/\/www.laguiadepamplona.com\/actualidad\/#organization"},"image":{"@id":"https:\/\/www.laguiadepamplona.com\/actualidad\/el-ayuntamiento-y-el-telefono-de-la-esperanza-colaboran-para-ofrecer-apoyo-psicologico-a-las-personas-mayores-de-65-anos\/#primaryimage"},"thumbnailUrl":"https:\/\/www.laguiadepamplona.com\/actualidad\/wp-content\/uploads\/2022\/05\/telefonodelaesperanzaee5a6846_0.webp","articleSection":["Ayto Pamplona"],"inLanguage":"es","potentialAction":[{"@type":"CommentAction","name":"Comment","target":["https:\/\/www.laguiadepamplona.com\/actualidad\/el-ayuntamiento-y-el-telefono-de-la-esperanza-colaboran-para-ofrecer-apoyo-psicologico-a-las-personas-mayores-de-65-anos\/#respond"]}]},{"@type":"WebPage","@id":"https:\/\/www.laguiadepamplona.com\/actualidad\/el-ayuntamiento-y-el-telefono-de-la-esperanza-colaboran-para-ofrecer-apoyo-psicologico-a-las-personas-mayores-de-65-anos\/","url":"https:\/\/www.laguiadepamplona.com\/actualidad\/el-ayuntamiento-y-el-telefono-de-la-esperanza-colaboran-para-ofrecer-apoyo-psicologico-a-las-personas-mayores-de-65-anos\/","name":"El Ayuntamiento y el Tel\u00e9fono de la Esperanza colaboran para ofrecer apoyo psicol\u00f3gico a las personas mayores de 65 a\u00f1os","isPartOf":{"@id":"https:\/\/www.laguiadepamplona.com\/actualidad\/#website"},"primaryImageOfPage":{"@id":"https:\/\/www.laguiadepamplona.com\/actualidad\/el-ayuntamiento-y-el-telefono-de-la-esperanza-colaboran-para-ofrecer-apoyo-psicologico-a-las-personas-mayores-de-65-anos\/#primaryimage"},"image":{"@id":"https:\/\/www.laguiadepamplona.com\/actualidad\/el-ayuntamiento-y-el-telefono-de-la-esperanza-colaboran-para-ofrecer-apoyo-psicologico-a-las-personas-mayores-de-65-anos\/#primaryimage"},"thumbnailUrl":"https:\/\/www.laguiadepamplona.com\/actualidad\/wp-content\/uploads\/2022\/05\/telefonodelaesperanzaee5a6846_0.webp","datePublished":"2022-05-03T11:29:19+00:00","dateModified":"2023-04-11T09:48:15+00:00","description":"Ofrecen talleres y un programa de apoyo, que esta ma\u00f1ana han conocido de primera mano los miembros de la comisi\u00f3n de Asuntos Ciudadanos","breadcrumb":{"@id":"https:\/\/www.laguiadepamplona.com\/actualidad\/el-ayuntamiento-y-el-telefono-de-la-esperanza-colaboran-para-ofrecer-apoyo-psicologico-a-las-personas-mayores-de-65-anos\/#breadcrumb"},"inLanguage":"es","potentialAction":[{"@type":"ReadAction","target":["https:\/\/www.laguiadepamplona.com\/actualidad\/el-ayuntamiento-y-el-telefono-de-la-esperanza-colaboran-para-ofrecer-apoyo-psicologico-a-las-personas-mayores-de-65-anos\/"]}]},{"@type":"ImageObject","inLanguage":"es","@id":"https:\/\/www.laguiadepamplona.com\/actualidad\/el-ayuntamiento-y-el-telefono-de-la-esperanza-colaboran-para-ofrecer-apoyo-psicologico-a-las-personas-mayores-de-65-anos\/#primaryimage","url":"https:\/\/www.laguiadepamplona.com\/actualidad\/wp-content\/uploads\/2022\/05\/telefonodelaesperanzaee5a6846_0.webp","contentUrl":"https:\/\/www.laguiadepamplona.com\/actualidad\/wp-content\/uploads\/2022\/05\/telefonodelaesperanzaee5a6846_0.webp","width":1920,"height":1280},{"@type":"BreadcrumbList","@id":"https:\/\/www.laguiadepamplona.com\/actualidad\/el-ayuntamiento-y-el-telefono-de-la-esperanza-colaboran-para-ofrecer-apoyo-psicologico-a-las-personas-mayores-de-65-anos\/#breadcrumb","itemListElement":[{"@type":"ListItem","position":1,"name":"Portada","item":"https:\/\/www.laguiadepamplona.com\/actualidad\/"},{"@type":"ListItem","position":2,"name":"El Ayuntamiento y el Tel\u00e9fono de la Esperanza colaboran para ofrecer apoyo psicol\u00f3gico a las personas mayores de 65 a\u00f1os"}]},{"@type":"WebSite","@id":"https:\/\/www.laguiadepamplona.com\/actualidad\/#website","url":"https:\/\/www.laguiadepamplona.com\/actualidad\/","name":"La gu\u00eda de Pamplona","description":"Noticias de Pamplona","publisher":{"@id":"https:\/\/www.laguiadepamplona.com\/actualidad\/#organization"},"potentialAction":[{"@type":"SearchAction","target":{"@type":"EntryPoint","urlTemplate":"https:\/\/www.laguiadepamplona.com\/actualidad\/?s={search_term_string}"},"query-input":{"@type":"PropertyValueSpecification","valueRequired":true,"valueName":"search_term_string"}}],"inLanguage":"es"},{"@type":"Organization","@id":"https:\/\/www.laguiadepamplona.com\/actualidad\/#organization","name":"La Gu\u00eda de Pamplona \/ Noticias","url":"https:\/\/www.laguiadepamplona.com\/actualidad\/","logo":{"@type":"ImageObject","inLanguage":"es","@id":"https:\/\/www.laguiadepamplona.com\/actualidad\/#\/schema\/logo\/image\/","url":"https:\/\/www.laguiadepamplona.com\/actualidad\/wp-content\/uploads\/2018\/11\/logo-laguiadepamplona18-web1.png","contentUrl":"https:\/\/www.laguiadepamplona.com\/actualidad\/wp-content\/uploads\/2018\/11\/logo-laguiadepamplona18-web1.png","width":600,"height":196,"caption":"La Gu\u00eda de Pamplona \/ Noticias"},"image":{"@id":"https:\/\/www.laguiadepamplona.com\/actualidad\/#\/schema\/logo\/image\/"},"sameAs":["https:\/\/www.facebook.com\/laguiadepamplonacom-133175176762273\/?ref=hl","https:\/\/x.com\/LaGuiadPamplona","https:\/\/www.instagram.com\/la_guia_de_pamplona\/","https:\/\/www.youtube.com\/user\/laguiadepamplona"]},{"@type":"Person","@id":"https:\/\/www.laguiadepamplona.com\/actualidad\/#\/schema\/person\/efe887376f0213d4657c93adc50b1fdb","name":"La Gu\u00eda de Pamplona","image":{"@type":"ImageObject","inLanguage":"es","@id":"https:\/\/secure.gravatar.com\/avatar\/b6992f131dc8d30ab0dff15446e9d346d9dbd95992de0fef795073f5ea83a81c?s=96&d=mm&r=g","url":"https:\/\/secure.gravatar.com\/avatar\/b6992f131dc8d30ab0dff15446e9d346d9dbd95992de0fef795073f5ea83a81c?s=96&d=mm&r=g","contentUrl":"https:\/\/secure.gravatar.com\/avatar\/b6992f131dc8d30ab0dff15446e9d346d9dbd95992de0fef795073f5ea83a81c?s=96&d=mm&r=g","caption":"La Gu\u00eda de Pamplona"}}]}},"post_mailing_queue_ids":[],"_links":{"self":[{"href":"https:\/\/www.laguiadepamplona.com\/actualidad\/wp-json\/wp\/v2\/posts\/40153","targetHints":{"allow":["GET"]}}],"collection":[{"href":"https:\/\/www.laguiadepamplona.com\/actualidad\/wp-json\/wp\/v2\/posts"}],"about":[{"href":"https:\/\/www.laguiadepamplona.com\/actualidad\/wp-json\/wp\/v2\/types\/post"}],"author":[{"embeddable":true,"href":"https:\/\/www.laguiadepamplona.com\/actualidad\/wp-json\/wp\/v2\/users\/1"}],"replies":[{"embeddable":true,"href":"https:\/\/www.laguiadepamplona.com\/actualidad\/wp-json\/wp\/v2\/comments?post=40153"}],"version-history":[{"count":0,"href":"https:\/\/www.laguiadepamplona.com\/actualidad\/wp-json\/wp\/v2\/posts\/40153\/revisions"}],"wp:featuredmedia":[{"embeddable":true,"href":"https:\/\/www.laguiadepamplona.com\/actualidad\/wp-json\/wp\/v2\/media\/40154"}],"wp:attachment":[{"href":"https:\/\/www.laguiadepamplona.com\/actualidad\/wp-json\/wp\/v2\/media?parent=40153"}],"wp:term":[{"taxonomy":"category","embeddable":true,"href":"https:\/\/www.laguiadepamplona.com\/actualidad\/wp-json\/wp\/v2\/categories?post=40153"},{"taxonomy":"post_tag","embeddable":true,"href":"https:\/\/www.laguiadepamplona.com\/actualidad\/wp-json\/wp\/v2\/tags?post=40153"}],"curies":[{"name":"wp","href":"https:\/\/api.w.org\/{rel}","templated":true}]}}