{"id":40145,"date":"2022-05-02T17:19:54","date_gmt":"2022-05-02T15:19:54","guid":{"rendered":"https:\/\/www.laguiadepamplona.com\/actualidad\/?p=40145"},"modified":"2023-04-11T11:48:15","modified_gmt":"2023-04-11T09:48:15","slug":"el-servicio-de-educacion-ambiental-organiza-un-concurso-fotografico-para-mostrar-los-desafios-y-avances-de-la-ciudad-en-materia-de-sostenibilidad","status":"publish","type":"post","link":"https:\/\/www.laguiadepamplona.com\/actualidad\/el-servicio-de-educacion-ambiental-organiza-un-concurso-fotografico-para-mostrar-los-desafios-y-avances-de-la-ciudad-en-materia-de-sostenibilidad\/","title":{"rendered":"El Servicio de Educaci\u00f3n Ambiental organiza un concurso fotogr\u00e1fico para mostrar los desaf\u00edos y avances de la ciudad en materia de sostenibilidad"},"content":{"rendered":"<h5>Se ha organizado tambi\u00e9n un concurso de dibujo para menores de 3 a 12 a\u00f1os en torno al del D\u00eda Mundial del Medio Ambiente<\/h5>\n<p><!--more--><\/p>\n<p>Fotograf\u00edas para reflejar la Pamplona Sostenible y dibujos que reflejen la armon\u00eda con la naturaleza y los estilos de vida saludables. El Ayuntamiento de Pamplona, a trav\u00e9s del Servicio de Educaci\u00f3n Ambiental y dentro de la programaci\u00f3n de la Escuela de Sostenibilidad, ha organizado para este mes de mayo dos concursos que pretenden plasmar esa realidad en torno al medio ambiente y la sostenibilidad. Ambos concursos tienen abierto el plazo para presentar trabajos hasta el 20 de mayo.<br \/>\n<script async src=\"\/\/pagead2.googlesyndication.com\/pagead\/js\/adsbygoogle.js\"><\/script><br \/>\n<!-- Noticias La Guia de Pamplona --><br \/>\n<ins class=\"adsbygoogle\"\nstyle=\"display:block\"\ndata-ad-client=\"ca-pub-6943679897239327\"\ndata-ad-slot=\"7048180777\"\ndata-ad-format=\"auto\"><\/ins><br \/>\n<script>\n(adsbygoogle = window.adsbygoogle || []).push({});\n<\/script><\/p>\n<p>El concurso fotogr\u00e1fico est\u00e1 dirigido a mayores de 16 a\u00f1os. Busca im\u00e1genes que muestren los principales desaf\u00edos y avances de Pamplona en materia de sostenibilidad. Este certamen pretende que las personas participantes analicen su entorno, visualicen los retos a los que nos enfrentamos en nuestro compromiso con el planeta y lo capturen en una fotograf\u00eda que pueda comunicar a otras personas su importancia e impacto. La imagen ganadora recibir\u00e1 como premio un kit para iniciarse en una vida m\u00e1s sostenible valorado en 200 euros.<\/p>\n<p>Se admitir\u00e1n un m\u00e1ximo de dos fotograf\u00edas por participante, in\u00e9ditas y no utilizadas en ning\u00fan otro concurso. El formato de la imagen o fotograf\u00eda ser\u00e1 \u2018jpg\u2019. El nombre del archivo deber\u00e1 contener el seud\u00f3nimo y el t\u00edtulo de la fotograf\u00eda (ejemplo: seud\u00f3nimo_t\u00edtulo de la fotograf\u00eda.jpg). Junto a la fotograf\u00eda se aportar\u00e1n datos como nombre y apellidos de la persona y edad, direcci\u00f3n de correo electr\u00f3nico, t\u00edtulo de la fotograf\u00eda y lugar fotografiado. Las fotos se remitir\u00e1n a la direcci\u00f3n <a href=\"mailto:educacionambiental@pamplona.es\">educacionambiental@pamplona.es<\/a>, poniendo en el asunto \u2018Fotograf\u00eda Pamplona Sostenible\u2019.<br \/>\n<script async src=\"\/\/pagead2.googlesyndication.com\/pagead\/js\/adsbygoogle.js\"><\/script><br \/>\n<!-- Noticias La Guia de Pamplona --><br \/>\n<ins class=\"adsbygoogle\"\nstyle=\"display:block\"\ndata-ad-client=\"ca-pub-6943679897239327\"\ndata-ad-slot=\"7048180777\"\ndata-ad-format=\"auto\"><\/ins><br \/>\n<script>\n(adsbygoogle = window.adsbygoogle || []).push({});\n<\/script><\/p>\n<p><strong>Concurso de dibujo \u2018Una sola tierra\u2019<\/strong><\/p>\n<p>\u2018Una sola tierra\u2019 es el lema del D\u00eda Mundial del Medio Ambiente 2022 con el que se llama a vivir de forma sostenible y en armon\u00eda con la naturaleza. Este concurso est\u00e1 dirigido a menores entre 3 y 12 a\u00f1os y busca dibujos que reflejen esa relaci\u00f3n, as\u00ed como elecciones del d\u00eda a d\u00eda que gu\u00eden hacia estilos de vida m\u00e1s limpios y sostenibles.<\/p>\n<p>El concurso se ha dividido en tres categor\u00edas, seg\u00fan la edad de los menores participantes. Hay categor\u00eda para los dibujos presentados por ni\u00f1os y ni\u00f1as de 3 a 5 a\u00f1os, otra para menores de 6 a 9 a\u00f1os y una tercera para chicos y chicas de 9 a 12 a\u00f1os. Se admitir\u00e1 un m\u00e1ximo de dos dibujos por participante, in\u00e9ditos y no utilizados en ning\u00fan otro concurso. El tama\u00f1o ser\u00e1 un folio DINA4. La persona ganadora de cada categor\u00eda recibir\u00e1 un lote de material educativo y juegos de tem\u00e1tica ambiental, valorado en 75 euros.<br \/>\n<script async src=\"\/\/pagead2.googlesyndication.com\/pagead\/js\/adsbygoogle.js\"><\/script><br \/>\n<!-- Noticias La Guia de Pamplona --><br \/>\n<ins class=\"adsbygoogle\"\nstyle=\"display:block\"\ndata-ad-client=\"ca-pub-6943679897239327\"\ndata-ad-slot=\"7048180777\"\ndata-ad-format=\"auto\"><\/ins><br \/>\n<script>\n(adsbygoogle = window.adsbygoogle || []).push({});\n<\/script><\/p>\n<p>Quienes participen tienen que entregar sus dibujos en un sobre bajo el lema \u2018Concurso de Dibujo: una sola tierra\u2019. Se deber\u00e1n incluir el nombre y apellidos de la persona autora de la obra, la edad y un tel\u00e9fono de contacto. Los sobres con los dibujos se deben remitir al Museo de Educaci\u00f3n Ambiental (c\/ Errotazar, 21 bis).<\/p>\n<p>El jurado de ambos concursos estar\u00e1 presidido por el concejal delegado de Proyectos Estrat\u00e9gicos, Movilidad y Sostenibilidad, Ferm\u00edn Alonso, el director de Proyectos y Obras, Movilidad y Sostenibilidad, Alejandro Astibia y la coordinadora del Servicio de Educaci\u00f3n Ambiental, Mar\u00eda Mart\u00edn. El resultado del concurso de fotograf\u00eda se le comunicar\u00e1 a la persona ganadora por correo electr\u00f3nico, mientras que en el concurso de dibujo la comunicaci\u00f3n a quien haya ganado se realizar\u00e1 por tel\u00e9fono. Estos concursos se enmarcan dentro de la Estrategia \u2018Go Green Pamplona\u2019, que aglutina la acciones que el Ayuntamiento de Pamplona lleva a cabo en la lucha contra el cambio clim\u00e1tico.<\/p>\n","protected":false},"excerpt":{"rendered":"<p>Se ha organizado tambi\u00e9n un concurso de dibujo para menores de 3 a 12 a\u00f1os en torno al del D\u00eda Mundial del Medio Ambiente<\/p>\n","protected":false},"author":1,"featured_media":27018,"comment_status":"open","ping_status":"closed","sticky":false,"template":"","format":"standard","meta":{"footnotes":""},"categories":[2],"tags":[],"class_list":["post-40145","post","type-post","status-publish","format-standard","has-post-thumbnail","hentry","category-ayuntamiento-pamplona"],"yoast_head":"<!-- This site is optimized with the Yoast SEO plugin v27.3 - https:\/\/yoast.com\/product\/yoast-seo-wordpress\/ -->\n<title>El Servicio de Educaci\u00f3n Ambiental organiza un concurso fotogr\u00e1fico para mostrar los desaf\u00edos y avances de la ciudad en materia de sostenibilidad<\/title>\n<meta name=\"description\" content=\"Se ha organizado tambi\u00e9n un concurso de dibujo para menores de 3 a 12 a\u00f1os en torno al del D\u00eda Mundial del Medio Ambiente\" \/>\n<meta name=\"robots\" content=\"index, follow, max-snippet:-1, max-image-preview:large, max-video-preview:-1\" \/>\n<link rel=\"canonical\" href=\"https:\/\/www.laguiadepamplona.com\/actualidad\/el-servicio-de-educacion-ambiental-organiza-un-concurso-fotografico-para-mostrar-los-desafios-y-avances-de-la-ciudad-en-materia-de-sostenibilidad\/\" \/>\n<meta property=\"og:locale\" content=\"es_ES\" \/>\n<meta property=\"og:type\" content=\"article\" \/>\n<meta property=\"og:title\" content=\"El Servicio de Educaci\u00f3n Ambiental organiza un concurso fotogr\u00e1fico para mostrar los desaf\u00edos y avances de la ciudad en materia de sostenibilidad\" \/>\n<meta property=\"og:description\" content=\"Se ha organizado tambi\u00e9n un concurso de dibujo para menores de 3 a 12 a\u00f1os en torno al del D\u00eda Mundial del Medio Ambiente\" \/>\n<meta property=\"og:url\" content=\"https:\/\/www.laguiadepamplona.com\/actualidad\/el-servicio-de-educacion-ambiental-organiza-un-concurso-fotografico-para-mostrar-los-desafios-y-avances-de-la-ciudad-en-materia-de-sostenibilidad\/\" \/>\n<meta property=\"og:site_name\" content=\"La Gu\u00eda de Pamplona\" \/>\n<meta property=\"article:publisher\" content=\"https:\/\/www.facebook.com\/laguiadepamplonacom-133175176762273\/?ref=hl\" \/>\n<meta property=\"article:published_time\" content=\"2022-05-02T15:19:54+00:00\" \/>\n<meta property=\"article:modified_time\" content=\"2023-04-11T09:48:15+00:00\" \/>\n<meta property=\"og:image\" content=\"https:\/\/www.laguiadepamplona.com\/actualidad\/wp-content\/uploads\/2019\/12\/fotografia.jpg\" \/>\n\t<meta property=\"og:image:width\" content=\"1280\" \/>\n\t<meta property=\"og:image:height\" content=\"853\" \/>\n\t<meta property=\"og:image:type\" content=\"image\/jpeg\" \/>\n<meta name=\"author\" content=\"La Gu\u00eda de Pamplona\" \/>\n<meta name=\"twitter:card\" content=\"summary_large_image\" \/>\n<meta name=\"twitter:creator\" content=\"@LaGuiadPamplona\" \/>\n<meta name=\"twitter:site\" content=\"@LaGuiadPamplona\" \/>\n<meta name=\"twitter:label1\" content=\"Escrito por\" \/>\n\t<meta name=\"twitter:data1\" content=\"La Gu\u00eda de Pamplona\" \/>\n\t<meta name=\"twitter:label2\" content=\"Tiempo de lectura\" \/>\n\t<meta name=\"twitter:data2\" content=\"3 minutos\" \/>\n<script type=\"application\/ld+json\" class=\"yoast-schema-graph\">{\"@context\":\"https:\\\/\\\/schema.org\",\"@graph\":[{\"@type\":\"Article\",\"@id\":\"https:\\\/\\\/www.laguiadepamplona.com\\\/actualidad\\\/el-servicio-de-educacion-ambiental-organiza-un-concurso-fotografico-para-mostrar-los-desafios-y-avances-de-la-ciudad-en-materia-de-sostenibilidad\\\/#article\",\"isPartOf\":{\"@id\":\"https:\\\/\\\/www.laguiadepamplona.com\\\/actualidad\\\/el-servicio-de-educacion-ambiental-organiza-un-concurso-fotografico-para-mostrar-los-desafios-y-avances-de-la-ciudad-en-materia-de-sostenibilidad\\\/\"},\"author\":{\"name\":\"La Gu\u00eda de Pamplona\",\"@id\":\"https:\\\/\\\/www.laguiadepamplona.com\\\/actualidad\\\/#\\\/schema\\\/person\\\/efe887376f0213d4657c93adc50b1fdb\"},\"headline\":\"El Servicio de Educaci\u00f3n Ambiental organiza un concurso fotogr\u00e1fico para mostrar los desaf\u00edos y avances de la ciudad en materia de sostenibilidad\",\"datePublished\":\"2022-05-02T15:19:54+00:00\",\"dateModified\":\"2023-04-11T09:48:15+00:00\",\"mainEntityOfPage\":{\"@id\":\"https:\\\/\\\/www.laguiadepamplona.com\\\/actualidad\\\/el-servicio-de-educacion-ambiental-organiza-un-concurso-fotografico-para-mostrar-los-desafios-y-avances-de-la-ciudad-en-materia-de-sostenibilidad\\\/\"},\"wordCount\":680,\"commentCount\":0,\"publisher\":{\"@id\":\"https:\\\/\\\/www.laguiadepamplona.com\\\/actualidad\\\/#organization\"},\"image\":{\"@id\":\"https:\\\/\\\/www.laguiadepamplona.com\\\/actualidad\\\/el-servicio-de-educacion-ambiental-organiza-un-concurso-fotografico-para-mostrar-los-desafios-y-avances-de-la-ciudad-en-materia-de-sostenibilidad\\\/#primaryimage\"},\"thumbnailUrl\":\"https:\\\/\\\/www.laguiadepamplona.com\\\/actualidad\\\/wp-content\\\/uploads\\\/2019\\\/12\\\/fotografia.jpg\",\"articleSection\":[\"Ayto Pamplona\"],\"inLanguage\":\"es\",\"potentialAction\":[{\"@type\":\"CommentAction\",\"name\":\"Comment\",\"target\":[\"https:\\\/\\\/www.laguiadepamplona.com\\\/actualidad\\\/el-servicio-de-educacion-ambiental-organiza-un-concurso-fotografico-para-mostrar-los-desafios-y-avances-de-la-ciudad-en-materia-de-sostenibilidad\\\/#respond\"]}]},{\"@type\":\"WebPage\",\"@id\":\"https:\\\/\\\/www.laguiadepamplona.com\\\/actualidad\\\/el-servicio-de-educacion-ambiental-organiza-un-concurso-fotografico-para-mostrar-los-desafios-y-avances-de-la-ciudad-en-materia-de-sostenibilidad\\\/\",\"url\":\"https:\\\/\\\/www.laguiadepamplona.com\\\/actualidad\\\/el-servicio-de-educacion-ambiental-organiza-un-concurso-fotografico-para-mostrar-los-desafios-y-avances-de-la-ciudad-en-materia-de-sostenibilidad\\\/\",\"name\":\"El Servicio de Educaci\u00f3n Ambiental organiza un concurso fotogr\u00e1fico para mostrar los desaf\u00edos y avances de la ciudad en materia de sostenibilidad\",\"isPartOf\":{\"@id\":\"https:\\\/\\\/www.laguiadepamplona.com\\\/actualidad\\\/#website\"},\"primaryImageOfPage\":{\"@id\":\"https:\\\/\\\/www.laguiadepamplona.com\\\/actualidad\\\/el-servicio-de-educacion-ambiental-organiza-un-concurso-fotografico-para-mostrar-los-desafios-y-avances-de-la-ciudad-en-materia-de-sostenibilidad\\\/#primaryimage\"},\"image\":{\"@id\":\"https:\\\/\\\/www.laguiadepamplona.com\\\/actualidad\\\/el-servicio-de-educacion-ambiental-organiza-un-concurso-fotografico-para-mostrar-los-desafios-y-avances-de-la-ciudad-en-materia-de-sostenibilidad\\\/#primaryimage\"},\"thumbnailUrl\":\"https:\\\/\\\/www.laguiadepamplona.com\\\/actualidad\\\/wp-content\\\/uploads\\\/2019\\\/12\\\/fotografia.jpg\",\"datePublished\":\"2022-05-02T15:19:54+00:00\",\"dateModified\":\"2023-04-11T09:48:15+00:00\",\"description\":\"Se ha organizado tambi\u00e9n un concurso de dibujo para menores de 3 a 12 a\u00f1os en torno al del D\u00eda Mundial del Medio Ambiente\",\"breadcrumb\":{\"@id\":\"https:\\\/\\\/www.laguiadepamplona.com\\\/actualidad\\\/el-servicio-de-educacion-ambiental-organiza-un-concurso-fotografico-para-mostrar-los-desafios-y-avances-de-la-ciudad-en-materia-de-sostenibilidad\\\/#breadcrumb\"},\"inLanguage\":\"es\",\"potentialAction\":[{\"@type\":\"ReadAction\",\"target\":[\"https:\\\/\\\/www.laguiadepamplona.com\\\/actualidad\\\/el-servicio-de-educacion-ambiental-organiza-un-concurso-fotografico-para-mostrar-los-desafios-y-avances-de-la-ciudad-en-materia-de-sostenibilidad\\\/\"]}]},{\"@type\":\"ImageObject\",\"inLanguage\":\"es\",\"@id\":\"https:\\\/\\\/www.laguiadepamplona.com\\\/actualidad\\\/el-servicio-de-educacion-ambiental-organiza-un-concurso-fotografico-para-mostrar-los-desafios-y-avances-de-la-ciudad-en-materia-de-sostenibilidad\\\/#primaryimage\",\"url\":\"https:\\\/\\\/www.laguiadepamplona.com\\\/actualidad\\\/wp-content\\\/uploads\\\/2019\\\/12\\\/fotografia.jpg\",\"contentUrl\":\"https:\\\/\\\/www.laguiadepamplona.com\\\/actualidad\\\/wp-content\\\/uploads\\\/2019\\\/12\\\/fotografia.jpg\",\"width\":1280,\"height\":853,\"caption\":\"fotograf\u00eda\"},{\"@type\":\"BreadcrumbList\",\"@id\":\"https:\\\/\\\/www.laguiadepamplona.com\\\/actualidad\\\/el-servicio-de-educacion-ambiental-organiza-un-concurso-fotografico-para-mostrar-los-desafios-y-avances-de-la-ciudad-en-materia-de-sostenibilidad\\\/#breadcrumb\",\"itemListElement\":[{\"@type\":\"ListItem\",\"position\":1,\"name\":\"Portada\",\"item\":\"https:\\\/\\\/www.laguiadepamplona.com\\\/actualidad\\\/\"},{\"@type\":\"ListItem\",\"position\":2,\"name\":\"El Servicio de Educaci\u00f3n Ambiental organiza un concurso fotogr\u00e1fico para mostrar los desaf\u00edos y avances de la ciudad en materia de sostenibilidad\"}]},{\"@type\":\"WebSite\",\"@id\":\"https:\\\/\\\/www.laguiadepamplona.com\\\/actualidad\\\/#website\",\"url\":\"https:\\\/\\\/www.laguiadepamplona.com\\\/actualidad\\\/\",\"name\":\"La gu\u00eda de Pamplona\",\"description\":\"Noticias de Pamplona\",\"publisher\":{\"@id\":\"https:\\\/\\\/www.laguiadepamplona.com\\\/actualidad\\\/#organization\"},\"potentialAction\":[{\"@type\":\"SearchAction\",\"target\":{\"@type\":\"EntryPoint\",\"urlTemplate\":\"https:\\\/\\\/www.laguiadepamplona.com\\\/actualidad\\\/?s={search_term_string}\"},\"query-input\":{\"@type\":\"PropertyValueSpecification\",\"valueRequired\":true,\"valueName\":\"search_term_string\"}}],\"inLanguage\":\"es\"},{\"@type\":\"Organization\",\"@id\":\"https:\\\/\\\/www.laguiadepamplona.com\\\/actualidad\\\/#organization\",\"name\":\"La Gu\u00eda de Pamplona \\\/ Noticias\",\"url\":\"https:\\\/\\\/www.laguiadepamplona.com\\\/actualidad\\\/\",\"logo\":{\"@type\":\"ImageObject\",\"inLanguage\":\"es\",\"@id\":\"https:\\\/\\\/www.laguiadepamplona.com\\\/actualidad\\\/#\\\/schema\\\/logo\\\/image\\\/\",\"url\":\"https:\\\/\\\/www.laguiadepamplona.com\\\/actualidad\\\/wp-content\\\/uploads\\\/2018\\\/11\\\/logo-laguiadepamplona18-web1.png\",\"contentUrl\":\"https:\\\/\\\/www.laguiadepamplona.com\\\/actualidad\\\/wp-content\\\/uploads\\\/2018\\\/11\\\/logo-laguiadepamplona18-web1.png\",\"width\":600,\"height\":196,\"caption\":\"La Gu\u00eda de Pamplona \\\/ Noticias\"},\"image\":{\"@id\":\"https:\\\/\\\/www.laguiadepamplona.com\\\/actualidad\\\/#\\\/schema\\\/logo\\\/image\\\/\"},\"sameAs\":[\"https:\\\/\\\/www.facebook.com\\\/laguiadepamplonacom-133175176762273\\\/?ref=hl\",\"https:\\\/\\\/x.com\\\/LaGuiadPamplona\",\"https:\\\/\\\/www.instagram.com\\\/la_guia_de_pamplona\\\/\",\"https:\\\/\\\/www.youtube.com\\\/user\\\/laguiadepamplona\"]},{\"@type\":\"Person\",\"@id\":\"https:\\\/\\\/www.laguiadepamplona.com\\\/actualidad\\\/#\\\/schema\\\/person\\\/efe887376f0213d4657c93adc50b1fdb\",\"name\":\"La Gu\u00eda de Pamplona\",\"image\":{\"@type\":\"ImageObject\",\"inLanguage\":\"es\",\"@id\":\"https:\\\/\\\/secure.gravatar.com\\\/avatar\\\/b6992f131dc8d30ab0dff15446e9d346d9dbd95992de0fef795073f5ea83a81c?s=96&d=mm&r=g\",\"url\":\"https:\\\/\\\/secure.gravatar.com\\\/avatar\\\/b6992f131dc8d30ab0dff15446e9d346d9dbd95992de0fef795073f5ea83a81c?s=96&d=mm&r=g\",\"contentUrl\":\"https:\\\/\\\/secure.gravatar.com\\\/avatar\\\/b6992f131dc8d30ab0dff15446e9d346d9dbd95992de0fef795073f5ea83a81c?s=96&d=mm&r=g\",\"caption\":\"La Gu\u00eda de Pamplona\"}}]}<\/script>\n<!-- \/ Yoast SEO plugin. -->","yoast_head_json":{"title":"El Servicio de Educaci\u00f3n Ambiental organiza un concurso fotogr\u00e1fico para mostrar los desaf\u00edos y avances de la ciudad en materia de sostenibilidad","description":"Se ha organizado tambi\u00e9n un concurso de dibujo para menores de 3 a 12 a\u00f1os en torno al del D\u00eda Mundial del Medio Ambiente","robots":{"index":"index","follow":"follow","max-snippet":"max-snippet:-1","max-image-preview":"max-image-preview:large","max-video-preview":"max-video-preview:-1"},"canonical":"https:\/\/www.laguiadepamplona.com\/actualidad\/el-servicio-de-educacion-ambiental-organiza-un-concurso-fotografico-para-mostrar-los-desafios-y-avances-de-la-ciudad-en-materia-de-sostenibilidad\/","og_locale":"es_ES","og_type":"article","og_title":"El Servicio de Educaci\u00f3n Ambiental organiza un concurso fotogr\u00e1fico para mostrar los desaf\u00edos y avances de la ciudad en materia de sostenibilidad","og_description":"Se ha organizado tambi\u00e9n un concurso de dibujo para menores de 3 a 12 a\u00f1os en torno al del D\u00eda Mundial del Medio Ambiente","og_url":"https:\/\/www.laguiadepamplona.com\/actualidad\/el-servicio-de-educacion-ambiental-organiza-un-concurso-fotografico-para-mostrar-los-desafios-y-avances-de-la-ciudad-en-materia-de-sostenibilidad\/","og_site_name":"La Gu\u00eda de Pamplona","article_publisher":"https:\/\/www.facebook.com\/laguiadepamplonacom-133175176762273\/?ref=hl","article_published_time":"2022-05-02T15:19:54+00:00","article_modified_time":"2023-04-11T09:48:15+00:00","og_image":[{"width":1280,"height":853,"url":"https:\/\/www.laguiadepamplona.com\/actualidad\/wp-content\/uploads\/2019\/12\/fotografia.jpg","type":"image\/jpeg"}],"author":"La Gu\u00eda de Pamplona","twitter_card":"summary_large_image","twitter_creator":"@LaGuiadPamplona","twitter_site":"@LaGuiadPamplona","twitter_misc":{"Escrito por":"La Gu\u00eda de Pamplona","Tiempo de lectura":"3 minutos"},"schema":{"@context":"https:\/\/schema.org","@graph":[{"@type":"Article","@id":"https:\/\/www.laguiadepamplona.com\/actualidad\/el-servicio-de-educacion-ambiental-organiza-un-concurso-fotografico-para-mostrar-los-desafios-y-avances-de-la-ciudad-en-materia-de-sostenibilidad\/#article","isPartOf":{"@id":"https:\/\/www.laguiadepamplona.com\/actualidad\/el-servicio-de-educacion-ambiental-organiza-un-concurso-fotografico-para-mostrar-los-desafios-y-avances-de-la-ciudad-en-materia-de-sostenibilidad\/"},"author":{"name":"La Gu\u00eda de Pamplona","@id":"https:\/\/www.laguiadepamplona.com\/actualidad\/#\/schema\/person\/efe887376f0213d4657c93adc50b1fdb"},"headline":"El Servicio de Educaci\u00f3n Ambiental organiza un concurso fotogr\u00e1fico para mostrar los desaf\u00edos y avances de la ciudad en materia de sostenibilidad","datePublished":"2022-05-02T15:19:54+00:00","dateModified":"2023-04-11T09:48:15+00:00","mainEntityOfPage":{"@id":"https:\/\/www.laguiadepamplona.com\/actualidad\/el-servicio-de-educacion-ambiental-organiza-un-concurso-fotografico-para-mostrar-los-desafios-y-avances-de-la-ciudad-en-materia-de-sostenibilidad\/"},"wordCount":680,"commentCount":0,"publisher":{"@id":"https:\/\/www.laguiadepamplona.com\/actualidad\/#organization"},"image":{"@id":"https:\/\/www.laguiadepamplona.com\/actualidad\/el-servicio-de-educacion-ambiental-organiza-un-concurso-fotografico-para-mostrar-los-desafios-y-avances-de-la-ciudad-en-materia-de-sostenibilidad\/#primaryimage"},"thumbnailUrl":"https:\/\/www.laguiadepamplona.com\/actualidad\/wp-content\/uploads\/2019\/12\/fotografia.jpg","articleSection":["Ayto Pamplona"],"inLanguage":"es","potentialAction":[{"@type":"CommentAction","name":"Comment","target":["https:\/\/www.laguiadepamplona.com\/actualidad\/el-servicio-de-educacion-ambiental-organiza-un-concurso-fotografico-para-mostrar-los-desafios-y-avances-de-la-ciudad-en-materia-de-sostenibilidad\/#respond"]}]},{"@type":"WebPage","@id":"https:\/\/www.laguiadepamplona.com\/actualidad\/el-servicio-de-educacion-ambiental-organiza-un-concurso-fotografico-para-mostrar-los-desafios-y-avances-de-la-ciudad-en-materia-de-sostenibilidad\/","url":"https:\/\/www.laguiadepamplona.com\/actualidad\/el-servicio-de-educacion-ambiental-organiza-un-concurso-fotografico-para-mostrar-los-desafios-y-avances-de-la-ciudad-en-materia-de-sostenibilidad\/","name":"El Servicio de Educaci\u00f3n Ambiental organiza un concurso fotogr\u00e1fico para mostrar los desaf\u00edos y avances de la ciudad en materia de sostenibilidad","isPartOf":{"@id":"https:\/\/www.laguiadepamplona.com\/actualidad\/#website"},"primaryImageOfPage":{"@id":"https:\/\/www.laguiadepamplona.com\/actualidad\/el-servicio-de-educacion-ambiental-organiza-un-concurso-fotografico-para-mostrar-los-desafios-y-avances-de-la-ciudad-en-materia-de-sostenibilidad\/#primaryimage"},"image":{"@id":"https:\/\/www.laguiadepamplona.com\/actualidad\/el-servicio-de-educacion-ambiental-organiza-un-concurso-fotografico-para-mostrar-los-desafios-y-avances-de-la-ciudad-en-materia-de-sostenibilidad\/#primaryimage"},"thumbnailUrl":"https:\/\/www.laguiadepamplona.com\/actualidad\/wp-content\/uploads\/2019\/12\/fotografia.jpg","datePublished":"2022-05-02T15:19:54+00:00","dateModified":"2023-04-11T09:48:15+00:00","description":"Se ha organizado tambi\u00e9n un concurso de dibujo para menores de 3 a 12 a\u00f1os en torno al del D\u00eda Mundial del Medio Ambiente","breadcrumb":{"@id":"https:\/\/www.laguiadepamplona.com\/actualidad\/el-servicio-de-educacion-ambiental-organiza-un-concurso-fotografico-para-mostrar-los-desafios-y-avances-de-la-ciudad-en-materia-de-sostenibilidad\/#breadcrumb"},"inLanguage":"es","potentialAction":[{"@type":"ReadAction","target":["https:\/\/www.laguiadepamplona.com\/actualidad\/el-servicio-de-educacion-ambiental-organiza-un-concurso-fotografico-para-mostrar-los-desafios-y-avances-de-la-ciudad-en-materia-de-sostenibilidad\/"]}]},{"@type":"ImageObject","inLanguage":"es","@id":"https:\/\/www.laguiadepamplona.com\/actualidad\/el-servicio-de-educacion-ambiental-organiza-un-concurso-fotografico-para-mostrar-los-desafios-y-avances-de-la-ciudad-en-materia-de-sostenibilidad\/#primaryimage","url":"https:\/\/www.laguiadepamplona.com\/actualidad\/wp-content\/uploads\/2019\/12\/fotografia.jpg","contentUrl":"https:\/\/www.laguiadepamplona.com\/actualidad\/wp-content\/uploads\/2019\/12\/fotografia.jpg","width":1280,"height":853,"caption":"fotograf\u00eda"},{"@type":"BreadcrumbList","@id":"https:\/\/www.laguiadepamplona.com\/actualidad\/el-servicio-de-educacion-ambiental-organiza-un-concurso-fotografico-para-mostrar-los-desafios-y-avances-de-la-ciudad-en-materia-de-sostenibilidad\/#breadcrumb","itemListElement":[{"@type":"ListItem","position":1,"name":"Portada","item":"https:\/\/www.laguiadepamplona.com\/actualidad\/"},{"@type":"ListItem","position":2,"name":"El Servicio de Educaci\u00f3n Ambiental organiza un concurso fotogr\u00e1fico para mostrar los desaf\u00edos y avances de la ciudad en materia de sostenibilidad"}]},{"@type":"WebSite","@id":"https:\/\/www.laguiadepamplona.com\/actualidad\/#website","url":"https:\/\/www.laguiadepamplona.com\/actualidad\/","name":"La gu\u00eda de Pamplona","description":"Noticias de Pamplona","publisher":{"@id":"https:\/\/www.laguiadepamplona.com\/actualidad\/#organization"},"potentialAction":[{"@type":"SearchAction","target":{"@type":"EntryPoint","urlTemplate":"https:\/\/www.laguiadepamplona.com\/actualidad\/?s={search_term_string}"},"query-input":{"@type":"PropertyValueSpecification","valueRequired":true,"valueName":"search_term_string"}}],"inLanguage":"es"},{"@type":"Organization","@id":"https:\/\/www.laguiadepamplona.com\/actualidad\/#organization","name":"La Gu\u00eda de Pamplona \/ Noticias","url":"https:\/\/www.laguiadepamplona.com\/actualidad\/","logo":{"@type":"ImageObject","inLanguage":"es","@id":"https:\/\/www.laguiadepamplona.com\/actualidad\/#\/schema\/logo\/image\/","url":"https:\/\/www.laguiadepamplona.com\/actualidad\/wp-content\/uploads\/2018\/11\/logo-laguiadepamplona18-web1.png","contentUrl":"https:\/\/www.laguiadepamplona.com\/actualidad\/wp-content\/uploads\/2018\/11\/logo-laguiadepamplona18-web1.png","width":600,"height":196,"caption":"La Gu\u00eda de Pamplona \/ Noticias"},"image":{"@id":"https:\/\/www.laguiadepamplona.com\/actualidad\/#\/schema\/logo\/image\/"},"sameAs":["https:\/\/www.facebook.com\/laguiadepamplonacom-133175176762273\/?ref=hl","https:\/\/x.com\/LaGuiadPamplona","https:\/\/www.instagram.com\/la_guia_de_pamplona\/","https:\/\/www.youtube.com\/user\/laguiadepamplona"]},{"@type":"Person","@id":"https:\/\/www.laguiadepamplona.com\/actualidad\/#\/schema\/person\/efe887376f0213d4657c93adc50b1fdb","name":"La Gu\u00eda de Pamplona","image":{"@type":"ImageObject","inLanguage":"es","@id":"https:\/\/secure.gravatar.com\/avatar\/b6992f131dc8d30ab0dff15446e9d346d9dbd95992de0fef795073f5ea83a81c?s=96&d=mm&r=g","url":"https:\/\/secure.gravatar.com\/avatar\/b6992f131dc8d30ab0dff15446e9d346d9dbd95992de0fef795073f5ea83a81c?s=96&d=mm&r=g","contentUrl":"https:\/\/secure.gravatar.com\/avatar\/b6992f131dc8d30ab0dff15446e9d346d9dbd95992de0fef795073f5ea83a81c?s=96&d=mm&r=g","caption":"La Gu\u00eda de Pamplona"}}]}},"post_mailing_queue_ids":[],"_links":{"self":[{"href":"https:\/\/www.laguiadepamplona.com\/actualidad\/wp-json\/wp\/v2\/posts\/40145","targetHints":{"allow":["GET"]}}],"collection":[{"href":"https:\/\/www.laguiadepamplona.com\/actualidad\/wp-json\/wp\/v2\/posts"}],"about":[{"href":"https:\/\/www.laguiadepamplona.com\/actualidad\/wp-json\/wp\/v2\/types\/post"}],"author":[{"embeddable":true,"href":"https:\/\/www.laguiadepamplona.com\/actualidad\/wp-json\/wp\/v2\/users\/1"}],"replies":[{"embeddable":true,"href":"https:\/\/www.laguiadepamplona.com\/actualidad\/wp-json\/wp\/v2\/comments?post=40145"}],"version-history":[{"count":0,"href":"https:\/\/www.laguiadepamplona.com\/actualidad\/wp-json\/wp\/v2\/posts\/40145\/revisions"}],"wp:featuredmedia":[{"embeddable":true,"href":"https:\/\/www.laguiadepamplona.com\/actualidad\/wp-json\/wp\/v2\/media\/27018"}],"wp:attachment":[{"href":"https:\/\/www.laguiadepamplona.com\/actualidad\/wp-json\/wp\/v2\/media?parent=40145"}],"wp:term":[{"taxonomy":"category","embeddable":true,"href":"https:\/\/www.laguiadepamplona.com\/actualidad\/wp-json\/wp\/v2\/categories?post=40145"},{"taxonomy":"post_tag","embeddable":true,"href":"https:\/\/www.laguiadepamplona.com\/actualidad\/wp-json\/wp\/v2\/tags?post=40145"}],"curies":[{"name":"wp","href":"https:\/\/api.w.org\/{rel}","templated":true}]}}