{"id":40137,"date":"2022-05-02T17:13:08","date_gmt":"2022-05-02T15:13:08","guid":{"rendered":"https:\/\/www.laguiadepamplona.com\/actualidad\/?p=40137"},"modified":"2023-04-11T11:48:15","modified_gmt":"2023-04-11T09:48:15","slug":"mas-de-6-200-personas-han-participado-hasta-ahora-en-la-votacion-para-elegir-el-cartel-de-los-sanfermines-de-este-ano-un-proceso-que-acabara-el-proximo-4-de-mayo","status":"publish","type":"post","link":"https:\/\/www.laguiadepamplona.com\/actualidad\/mas-de-6-200-personas-han-participado-hasta-ahora-en-la-votacion-para-elegir-el-cartel-de-los-sanfermines-de-este-ano-un-proceso-que-acabara-el-proximo-4-de-mayo\/","title":{"rendered":"M\u00e1s de 6.200 personas han participado hasta ahora en la votaci\u00f3n para elegir el cartel de los Sanfermines de este a\u00f1o, un proceso que acabar\u00e1 el pr\u00f3ximo 4 de mayo"},"content":{"rendered":"<h5>La consulta, con 980 votos diarios, tiene la media diaria de participaci\u00f3n m\u00e1s alta desde que se puso en marcha este sistema en el a\u00f1o 2008<\/h5>\n<p><!--more--><\/p>\n<p>6.234 personas han participado hasta las 9.30 horas de hoy, en la votaci\u00f3n popular para elegir el cartel que anunciar\u00e1 las fiestas de Sanfermines de este a\u00f1o. La consulta, puesta en marcha el 25 de abril, finaliza el pr\u00f3ximo mi\u00e9rcoles 4 de mayo. En estos momentos la media diaria de participaci\u00f3n, que alcanza los 980 votos al d\u00eda, es la m\u00e1s alta que ha presentado el concurso desde que se puso en marcha la votaci\u00f3n popular en 2008. En los a\u00f1os 2013, 2014, 2015, 2016 y 2017 los votos totales computados al final del proceso no superaron la cifra que, en esta edici\u00f3n, arroja esta votaci\u00f3n parcial.<br \/>\n<script async src=\"\/\/pagead2.googlesyndication.com\/pagead\/js\/adsbygoogle.js\"><\/script><br \/>\n<!-- Noticias La Guia de Pamplona --><br \/>\n<ins class=\"adsbygoogle\"\nstyle=\"display:block\"\ndata-ad-client=\"ca-pub-6943679897239327\"\ndata-ad-slot=\"7048180777\"\ndata-ad-format=\"auto\"><\/ins><br \/>\n<script>\n(adsbygoogle = window.adsbygoogle || []).push({});\n<\/script><\/p>\n<p>A\u00fan hay tiempo para que las personas empadronadas que tengan DNI participen. Las v\u00edas abiertas para la votaci\u00f3n son varias. As\u00ed, puede hacerse de forma telem\u00e1tica, a trav\u00e9s de un acceso habilitado en la p\u00e1gina web <a href=\"http:\/\/www.pamplona.es\" target=\"_blank\" rel=\"noopener\">www.pamplona.es<\/a> y de la web <a href=\"http:\/\/www.pamplonaescultura.es\" target=\"_blank\" rel=\"noopener\">www.pamplonaescultura.es<\/a>. En este caso, la votaci\u00f3n se cerrar\u00e1 a las 23.59. pero como es habitual, tambi\u00e9n se podr\u00e1 votar a trav\u00e9s del Tel\u00e9fono de Atenci\u00f3n Ciudadana 010 o 948420100, que estar\u00e1 disponible hasta las 19 horas del pr\u00f3ximo mi\u00e9rcoles en el horario habitual de atenci\u00f3n de este servicio (de 8 a 19 horas y los s\u00e1bados de 9.30 a 13.30 horas). Finalmente, quienes deseen votar de forma presencial pueden hacerlo en cualquier Civivox de la ciudad en donde hay disponibles papeletas para quienes se decanten por el sistema de urnas. En este caso, el plazo terminar\u00e1 el d\u00eda 4 de mayo, coincidiendo con el horario de cierre de los centros, es decir, de lunes a s\u00e1bado, de 9 a 14 horas y de 17 a 21 horas.<\/p>\n<p>Los carteles est\u00e1n expuestos en el patio del Palacio de Condestable hasta el d\u00eda de la elecci\u00f3n y, adem\u00e1s, se pueden consultar en la p\u00e1gina de inicio de la p\u00e1gina web municipal y est\u00e1n en el espacio p\u00fablico en 20 marquesinas, en el mupi digital y en el acceso al elevador de la calle Descalzos desde el puente de Curtidores.<br \/>\n<script async src=\"\/\/pagead2.googlesyndication.com\/pagead\/js\/adsbygoogle.js\"><\/script><br \/>\n<!-- Noticias La Guia de Pamplona --><br \/>\n<ins class=\"adsbygoogle\"\nstyle=\"display:block\"\ndata-ad-client=\"ca-pub-6943679897239327\"\ndata-ad-slot=\"7048180777\"\ndata-ad-format=\"auto\"><\/ins><br \/>\n<script>\n(adsbygoogle = window.adsbygoogle || []).push({});\n<\/script><\/p>\n<div id='gallery-1' class='gallery galleryid-40137 gallery-columns-5 gallery-size-medium'><figure class='gallery-item'>\n\t\t\t<div class='gallery-icon portrait'>\n\t\t\t\t<a href='https:\/\/www.laguiadepamplona.com\/actualidad\/presentados-los-diez-carteles-finalistas-entre-los-que-se-elegira-la-imagen-que-representara-las-fiestas-de-san-fermin-de-2022\/2_1\/'><img loading=\"lazy\" decoding=\"async\" width=\"210\" height=\"300\" src=\"https:\/\/www.laguiadepamplona.com\/actualidad\/wp-content\/uploads\/2022\/04\/2_1-210x300.webp\" class=\"attachment-medium size-medium\" alt=\"\" srcset=\"https:\/\/www.laguiadepamplona.com\/actualidad\/wp-content\/uploads\/2022\/04\/2_1-210x300.webp 210w, https:\/\/www.laguiadepamplona.com\/actualidad\/wp-content\/uploads\/2022\/04\/2_1-477x682.webp 477w, https:\/\/www.laguiadepamplona.com\/actualidad\/wp-content\/uploads\/2022\/04\/2_1-768x1098.webp 768w, https:\/\/www.laguiadepamplona.com\/actualidad\/wp-content\/uploads\/2022\/04\/2_1-1075x1536.webp 1075w, https:\/\/www.laguiadepamplona.com\/actualidad\/wp-content\/uploads\/2022\/04\/2_1-640x915.webp 640w, https:\/\/www.laguiadepamplona.com\/actualidad\/wp-content\/uploads\/2022\/04\/2_1.webp 1200w\" sizes=\"auto, (max-width: 210px) 100vw, 210px\" \/><\/a>\n\t\t\t<\/div><\/figure><figure class='gallery-item'>\n\t\t\t<div class='gallery-icon portrait'>\n\t\t\t\t<a href='https:\/\/www.laguiadepamplona.com\/actualidad\/presentados-los-diez-carteles-finalistas-entre-los-que-se-elegira-la-imagen-que-representara-las-fiestas-de-san-fermin-de-2022\/1_1\/'><img loading=\"lazy\" decoding=\"async\" width=\"210\" height=\"300\" src=\"https:\/\/www.laguiadepamplona.com\/actualidad\/wp-content\/uploads\/2022\/04\/1_1-210x300.webp\" class=\"attachment-medium size-medium\" alt=\"\" srcset=\"https:\/\/www.laguiadepamplona.com\/actualidad\/wp-content\/uploads\/2022\/04\/1_1-210x300.webp 210w, https:\/\/www.laguiadepamplona.com\/actualidad\/wp-content\/uploads\/2022\/04\/1_1-477x682.webp 477w, https:\/\/www.laguiadepamplona.com\/actualidad\/wp-content\/uploads\/2022\/04\/1_1-768x1098.webp 768w, https:\/\/www.laguiadepamplona.com\/actualidad\/wp-content\/uploads\/2022\/04\/1_1-1075x1536.webp 1075w, https:\/\/www.laguiadepamplona.com\/actualidad\/wp-content\/uploads\/2022\/04\/1_1-640x915.webp 640w, https:\/\/www.laguiadepamplona.com\/actualidad\/wp-content\/uploads\/2022\/04\/1_1.webp 1200w\" sizes=\"auto, (max-width: 210px) 100vw, 210px\" \/><\/a>\n\t\t\t<\/div><\/figure><figure class='gallery-item'>\n\t\t\t<div class='gallery-icon portrait'>\n\t\t\t\t<a href='https:\/\/www.laguiadepamplona.com\/actualidad\/presentados-los-diez-carteles-finalistas-entre-los-que-se-elegira-la-imagen-que-representara-las-fiestas-de-san-fermin-de-2022\/3_1\/'><img loading=\"lazy\" decoding=\"async\" width=\"211\" height=\"300\" src=\"https:\/\/www.laguiadepamplona.com\/actualidad\/wp-content\/uploads\/2022\/04\/3_1-211x300.webp\" class=\"attachment-medium size-medium\" alt=\"\" srcset=\"https:\/\/www.laguiadepamplona.com\/actualidad\/wp-content\/uploads\/2022\/04\/3_1-211x300.webp 211w, https:\/\/www.laguiadepamplona.com\/actualidad\/wp-content\/uploads\/2022\/04\/3_1-479x682.webp 479w, https:\/\/www.laguiadepamplona.com\/actualidad\/wp-content\/uploads\/2022\/04\/3_1-768x1094.webp 768w, https:\/\/www.laguiadepamplona.com\/actualidad\/wp-content\/uploads\/2022\/04\/3_1-1079x1536.webp 1079w, https:\/\/www.laguiadepamplona.com\/actualidad\/wp-content\/uploads\/2022\/04\/3_1-640x911.webp 640w, https:\/\/www.laguiadepamplona.com\/actualidad\/wp-content\/uploads\/2022\/04\/3_1.webp 1200w\" sizes=\"auto, (max-width: 211px) 100vw, 211px\" \/><\/a>\n\t\t\t<\/div><\/figure><figure class='gallery-item'>\n\t\t\t<div class='gallery-icon portrait'>\n\t\t\t\t<a href='https:\/\/www.laguiadepamplona.com\/actualidad\/presentados-los-diez-carteles-finalistas-entre-los-que-se-elegira-la-imagen-que-representara-las-fiestas-de-san-fermin-de-2022\/4_1\/'><img loading=\"lazy\" decoding=\"async\" width=\"210\" height=\"300\" src=\"https:\/\/www.laguiadepamplona.com\/actualidad\/wp-content\/uploads\/2022\/04\/4_1-210x300.webp\" class=\"attachment-medium size-medium\" alt=\"\" srcset=\"https:\/\/www.laguiadepamplona.com\/actualidad\/wp-content\/uploads\/2022\/04\/4_1-210x300.webp 210w, https:\/\/www.laguiadepamplona.com\/actualidad\/wp-content\/uploads\/2022\/04\/4_1-477x682.webp 477w, https:\/\/www.laguiadepamplona.com\/actualidad\/wp-content\/uploads\/2022\/04\/4_1-768x1097.webp 768w, https:\/\/www.laguiadepamplona.com\/actualidad\/wp-content\/uploads\/2022\/04\/4_1-1075x1536.webp 1075w, https:\/\/www.laguiadepamplona.com\/actualidad\/wp-content\/uploads\/2022\/04\/4_1-640x914.webp 640w, https:\/\/www.laguiadepamplona.com\/actualidad\/wp-content\/uploads\/2022\/04\/4_1.webp 1200w\" sizes=\"auto, (max-width: 210px) 100vw, 210px\" \/><\/a>\n\t\t\t<\/div><\/figure><figure class='gallery-item'>\n\t\t\t<div class='gallery-icon portrait'>\n\t\t\t\t<a href='https:\/\/www.laguiadepamplona.com\/actualidad\/presentados-los-diez-carteles-finalistas-entre-los-que-se-elegira-la-imagen-que-representara-las-fiestas-de-san-fermin-de-2022\/5_1\/'><img loading=\"lazy\" decoding=\"async\" width=\"210\" height=\"300\" src=\"https:\/\/www.laguiadepamplona.com\/actualidad\/wp-content\/uploads\/2022\/04\/5_1-210x300.webp\" class=\"attachment-medium size-medium\" alt=\"\" srcset=\"https:\/\/www.laguiadepamplona.com\/actualidad\/wp-content\/uploads\/2022\/04\/5_1-210x300.webp 210w, https:\/\/www.laguiadepamplona.com\/actualidad\/wp-content\/uploads\/2022\/04\/5_1-477x682.webp 477w, https:\/\/www.laguiadepamplona.com\/actualidad\/wp-content\/uploads\/2022\/04\/5_1-768x1098.webp 768w, https:\/\/www.laguiadepamplona.com\/actualidad\/wp-content\/uploads\/2022\/04\/5_1-1075x1536.webp 1075w, https:\/\/www.laguiadepamplona.com\/actualidad\/wp-content\/uploads\/2022\/04\/5_1-640x915.webp 640w, https:\/\/www.laguiadepamplona.com\/actualidad\/wp-content\/uploads\/2022\/04\/5_1.webp 1200w\" sizes=\"auto, (max-width: 210px) 100vw, 210px\" \/><\/a>\n\t\t\t<\/div><\/figure><figure class='gallery-item'>\n\t\t\t<div class='gallery-icon portrait'>\n\t\t\t\t<a href='https:\/\/www.laguiadepamplona.com\/actualidad\/presentados-los-diez-carteles-finalistas-entre-los-que-se-elegira-la-imagen-que-representara-las-fiestas-de-san-fermin-de-2022\/attachment\/6\/'><img loading=\"lazy\" decoding=\"async\" width=\"210\" height=\"300\" src=\"https:\/\/www.laguiadepamplona.com\/actualidad\/wp-content\/uploads\/2022\/04\/6-210x300.webp\" class=\"attachment-medium size-medium\" alt=\"\" srcset=\"https:\/\/www.laguiadepamplona.com\/actualidad\/wp-content\/uploads\/2022\/04\/6-210x300.webp 210w, https:\/\/www.laguiadepamplona.com\/actualidad\/wp-content\/uploads\/2022\/04\/6-478x682.webp 478w, https:\/\/www.laguiadepamplona.com\/actualidad\/wp-content\/uploads\/2022\/04\/6-768x1095.webp 768w, https:\/\/www.laguiadepamplona.com\/actualidad\/wp-content\/uploads\/2022\/04\/6-1077x1536.webp 1077w, https:\/\/www.laguiadepamplona.com\/actualidad\/wp-content\/uploads\/2022\/04\/6-640x913.webp 640w, https:\/\/www.laguiadepamplona.com\/actualidad\/wp-content\/uploads\/2022\/04\/6.webp 1200w\" sizes=\"auto, (max-width: 210px) 100vw, 210px\" \/><\/a>\n\t\t\t<\/div><\/figure><figure class='gallery-item'>\n\t\t\t<div class='gallery-icon portrait'>\n\t\t\t\t<a href='https:\/\/www.laguiadepamplona.com\/actualidad\/presentados-los-diez-carteles-finalistas-entre-los-que-se-elegira-la-imagen-que-representara-las-fiestas-de-san-fermin-de-2022\/attachment\/7\/'><img loading=\"lazy\" decoding=\"async\" width=\"210\" height=\"300\" src=\"https:\/\/www.laguiadepamplona.com\/actualidad\/wp-content\/uploads\/2022\/04\/7-210x300.webp\" class=\"attachment-medium size-medium\" alt=\"\" srcset=\"https:\/\/www.laguiadepamplona.com\/actualidad\/wp-content\/uploads\/2022\/04\/7-210x300.webp 210w, https:\/\/www.laguiadepamplona.com\/actualidad\/wp-content\/uploads\/2022\/04\/7-477x682.webp 477w, https:\/\/www.laguiadepamplona.com\/actualidad\/wp-content\/uploads\/2022\/04\/7-768x1098.webp 768w, https:\/\/www.laguiadepamplona.com\/actualidad\/wp-content\/uploads\/2022\/04\/7-1075x1536.webp 1075w, https:\/\/www.laguiadepamplona.com\/actualidad\/wp-content\/uploads\/2022\/04\/7-640x915.webp 640w, https:\/\/www.laguiadepamplona.com\/actualidad\/wp-content\/uploads\/2022\/04\/7.webp 1200w\" sizes=\"auto, (max-width: 210px) 100vw, 210px\" \/><\/a>\n\t\t\t<\/div><\/figure><figure class='gallery-item'>\n\t\t\t<div class='gallery-icon portrait'>\n\t\t\t\t<a href='https:\/\/www.laguiadepamplona.com\/actualidad\/presentados-los-diez-carteles-finalistas-entre-los-que-se-elegira-la-imagen-que-representara-las-fiestas-de-san-fermin-de-2022\/attachment\/8\/'><img loading=\"lazy\" decoding=\"async\" width=\"210\" height=\"300\" src=\"https:\/\/www.laguiadepamplona.com\/actualidad\/wp-content\/uploads\/2022\/04\/8-210x300.webp\" class=\"attachment-medium size-medium\" alt=\"\" srcset=\"https:\/\/www.laguiadepamplona.com\/actualidad\/wp-content\/uploads\/2022\/04\/8-210x300.webp 210w, https:\/\/www.laguiadepamplona.com\/actualidad\/wp-content\/uploads\/2022\/04\/8-477x682.webp 477w, https:\/\/www.laguiadepamplona.com\/actualidad\/wp-content\/uploads\/2022\/04\/8-768x1098.webp 768w, https:\/\/www.laguiadepamplona.com\/actualidad\/wp-content\/uploads\/2022\/04\/8-1075x1536.webp 1075w, https:\/\/www.laguiadepamplona.com\/actualidad\/wp-content\/uploads\/2022\/04\/8-640x915.webp 640w, https:\/\/www.laguiadepamplona.com\/actualidad\/wp-content\/uploads\/2022\/04\/8.webp 1200w\" sizes=\"auto, (max-width: 210px) 100vw, 210px\" \/><\/a>\n\t\t\t<\/div><\/figure><figure class='gallery-item'>\n\t\t\t<div class='gallery-icon portrait'>\n\t\t\t\t<a href='https:\/\/www.laguiadepamplona.com\/actualidad\/presentados-los-diez-carteles-finalistas-entre-los-que-se-elegira-la-imagen-que-representara-las-fiestas-de-san-fermin-de-2022\/attachment\/9\/'><img loading=\"lazy\" decoding=\"async\" width=\"210\" height=\"300\" src=\"https:\/\/www.laguiadepamplona.com\/actualidad\/wp-content\/uploads\/2022\/04\/9-210x300.webp\" class=\"attachment-medium size-medium\" alt=\"\" srcset=\"https:\/\/www.laguiadepamplona.com\/actualidad\/wp-content\/uploads\/2022\/04\/9-210x300.webp 210w, https:\/\/www.laguiadepamplona.com\/actualidad\/wp-content\/uploads\/2022\/04\/9-477x682.webp 477w, https:\/\/www.laguiadepamplona.com\/actualidad\/wp-content\/uploads\/2022\/04\/9-768x1098.webp 768w, https:\/\/www.laguiadepamplona.com\/actualidad\/wp-content\/uploads\/2022\/04\/9-1075x1536.webp 1075w, https:\/\/www.laguiadepamplona.com\/actualidad\/wp-content\/uploads\/2022\/04\/9-640x915.webp 640w, https:\/\/www.laguiadepamplona.com\/actualidad\/wp-content\/uploads\/2022\/04\/9.webp 1200w\" sizes=\"auto, (max-width: 210px) 100vw, 210px\" \/><\/a>\n\t\t\t<\/div><\/figure><figure class='gallery-item'>\n\t\t\t<div class='gallery-icon portrait'>\n\t\t\t\t<a href='https:\/\/www.laguiadepamplona.com\/actualidad\/presentados-los-diez-carteles-finalistas-entre-los-que-se-elegira-la-imagen-que-representara-las-fiestas-de-san-fermin-de-2022\/attachment\/10\/'><img loading=\"lazy\" decoding=\"async\" width=\"210\" height=\"300\" src=\"https:\/\/www.laguiadepamplona.com\/actualidad\/wp-content\/uploads\/2022\/04\/10-210x300.webp\" class=\"attachment-medium size-medium\" alt=\"\" srcset=\"https:\/\/www.laguiadepamplona.com\/actualidad\/wp-content\/uploads\/2022\/04\/10-210x300.webp 210w, https:\/\/www.laguiadepamplona.com\/actualidad\/wp-content\/uploads\/2022\/04\/10-477x682.webp 477w, https:\/\/www.laguiadepamplona.com\/actualidad\/wp-content\/uploads\/2022\/04\/10-768x1098.webp 768w, https:\/\/www.laguiadepamplona.com\/actualidad\/wp-content\/uploads\/2022\/04\/10-1075x1536.webp 1075w, https:\/\/www.laguiadepamplona.com\/actualidad\/wp-content\/uploads\/2022\/04\/10-640x915.webp 640w, https:\/\/www.laguiadepamplona.com\/actualidad\/wp-content\/uploads\/2022\/04\/10.webp 1200w\" sizes=\"auto, (max-width: 210px) 100vw, 210px\" \/><\/a>\n\t\t\t<\/div><\/figure>\n\t\t<\/div>\n\n<h3>Ser\u00e1 el d\u00eda 5 de mayo cuando se conozca el cartel m\u00e1s votado. Los diez finalistas son:<\/h3>\n<p>N\u00ba 1. Plica 27. Beti bezala<\/p>\n<p>N\u00ba 2. Plica 52. Emoci\u00f3n<\/p>\n<p>N\u00ba 3. Plica 103. Vuelta a la fiesta<\/p>\n<p>N\u00ba 4. Plica 132. 1087<\/p>\n<p>N\u00ba 5. Plica 167. (2022)<\/p>\n<p>N\u00ba 6. Plica 260. Por fin de vuelta<\/p>\n<p>N\u00ba 7. Plica 326. Preparada<\/p>\n<p>N\u00ba 8. Plica 469. Corre San Ferm\u00edn<\/p>\n<p>N\u00ba 9. Plica 500. Bendice la fiesta<\/p>\n<p>N\u00ba 10. Plica 638. La fiesta somos todos<\/p>\n","protected":false},"excerpt":{"rendered":"<p>La consulta, con 980 votos diarios, tiene la media diaria de participaci\u00f3n m\u00e1s alta desde que se puso en marcha este sistema en el a\u00f1o 2008<\/p>\n","protected":false},"author":1,"featured_media":40043,"comment_status":"open","ping_status":"closed","sticky":false,"template":"","format":"standard","meta":{"footnotes":""},"categories":[2,9406],"tags":[],"class_list":["post-40137","post","type-post","status-publish","format-standard","has-post-thumbnail","hentry","category-ayuntamiento-pamplona","category-san-fermin"],"yoast_head":"<!-- This site is optimized with the Yoast SEO plugin v27.3 - https:\/\/yoast.com\/product\/yoast-seo-wordpress\/ -->\n<title>M\u00e1s de 6.200 personas han participado hasta ahora en la votaci\u00f3n para elegir el cartel de los Sanfermines de este a\u00f1o, un proceso que acabar\u00e1 el pr\u00f3ximo 4 de mayo<\/title>\n<meta name=\"description\" content=\"La consulta, con 980 votos diarios, tiene la media diaria de participaci\u00f3n m\u00e1s alta desde que se puso en marcha este sistema en el a\u00f1o 2008\" \/>\n<meta name=\"robots\" content=\"index, follow, max-snippet:-1, max-image-preview:large, max-video-preview:-1\" \/>\n<link rel=\"canonical\" href=\"https:\/\/www.laguiadepamplona.com\/actualidad\/mas-de-6-200-personas-han-participado-hasta-ahora-en-la-votacion-para-elegir-el-cartel-de-los-sanfermines-de-este-ano-un-proceso-que-acabara-el-proximo-4-de-mayo\/\" \/>\n<meta property=\"og:locale\" content=\"es_ES\" \/>\n<meta property=\"og:type\" content=\"article\" \/>\n<meta property=\"og:title\" content=\"M\u00e1s de 6.200 personas han participado hasta ahora en la votaci\u00f3n para elegir el cartel de los Sanfermines de este a\u00f1o, un proceso que acabar\u00e1 el pr\u00f3ximo 4 de mayo\" \/>\n<meta property=\"og:description\" content=\"La consulta, con 980 votos diarios, tiene la media diaria de participaci\u00f3n m\u00e1s alta desde que se puso en marcha este sistema en el a\u00f1o 2008\" \/>\n<meta property=\"og:url\" content=\"https:\/\/www.laguiadepamplona.com\/actualidad\/mas-de-6-200-personas-han-participado-hasta-ahora-en-la-votacion-para-elegir-el-cartel-de-los-sanfermines-de-este-ano-un-proceso-que-acabara-el-proximo-4-de-mayo\/\" \/>\n<meta property=\"og:site_name\" content=\"La Gu\u00eda de Pamplona\" \/>\n<meta property=\"article:publisher\" content=\"https:\/\/www.facebook.com\/laguiadepamplonacom-133175176762273\/?ref=hl\" \/>\n<meta property=\"article:published_time\" content=\"2022-05-02T15:13:08+00:00\" \/>\n<meta property=\"article:modified_time\" content=\"2023-04-11T09:48:15+00:00\" \/>\n<meta property=\"og:image\" content=\"https:\/\/www.laguiadepamplona.com\/actualidad\/wp-content\/uploads\/2022\/04\/carteles-sanfermin-2022.webp\" \/>\n\t<meta property=\"og:image:width\" content=\"1920\" \/>\n\t<meta property=\"og:image:height\" content=\"1080\" \/>\n\t<meta property=\"og:image:type\" content=\"image\/webp\" \/>\n<meta name=\"author\" content=\"La Gu\u00eda de Pamplona\" \/>\n<meta name=\"twitter:card\" content=\"summary_large_image\" \/>\n<meta name=\"twitter:creator\" content=\"@LaGuiadPamplona\" \/>\n<meta name=\"twitter:site\" content=\"@LaGuiadPamplona\" \/>\n<meta name=\"twitter:label1\" content=\"Escrito por\" \/>\n\t<meta name=\"twitter:data1\" content=\"La Gu\u00eda de Pamplona\" \/>\n\t<meta name=\"twitter:label2\" content=\"Tiempo de lectura\" \/>\n\t<meta name=\"twitter:data2\" content=\"3 minutos\" \/>\n<script type=\"application\/ld+json\" class=\"yoast-schema-graph\">{\"@context\":\"https:\\\/\\\/schema.org\",\"@graph\":[{\"@type\":\"Article\",\"@id\":\"https:\\\/\\\/www.laguiadepamplona.com\\\/actualidad\\\/mas-de-6-200-personas-han-participado-hasta-ahora-en-la-votacion-para-elegir-el-cartel-de-los-sanfermines-de-este-ano-un-proceso-que-acabara-el-proximo-4-de-mayo\\\/#article\",\"isPartOf\":{\"@id\":\"https:\\\/\\\/www.laguiadepamplona.com\\\/actualidad\\\/mas-de-6-200-personas-han-participado-hasta-ahora-en-la-votacion-para-elegir-el-cartel-de-los-sanfermines-de-este-ano-un-proceso-que-acabara-el-proximo-4-de-mayo\\\/\"},\"author\":{\"name\":\"La Gu\u00eda de Pamplona\",\"@id\":\"https:\\\/\\\/www.laguiadepamplona.com\\\/actualidad\\\/#\\\/schema\\\/person\\\/efe887376f0213d4657c93adc50b1fdb\"},\"headline\":\"M\u00e1s de 6.200 personas han participado hasta ahora en la votaci\u00f3n para elegir el cartel de los Sanfermines de este a\u00f1o, un proceso que acabar\u00e1 el pr\u00f3ximo 4 de mayo\",\"datePublished\":\"2022-05-02T15:13:08+00:00\",\"dateModified\":\"2023-04-11T09:48:15+00:00\",\"mainEntityOfPage\":{\"@id\":\"https:\\\/\\\/www.laguiadepamplona.com\\\/actualidad\\\/mas-de-6-200-personas-han-participado-hasta-ahora-en-la-votacion-para-elegir-el-cartel-de-los-sanfermines-de-este-ano-un-proceso-que-acabara-el-proximo-4-de-mayo\\\/\"},\"wordCount\":476,\"commentCount\":0,\"publisher\":{\"@id\":\"https:\\\/\\\/www.laguiadepamplona.com\\\/actualidad\\\/#organization\"},\"image\":{\"@id\":\"https:\\\/\\\/www.laguiadepamplona.com\\\/actualidad\\\/mas-de-6-200-personas-han-participado-hasta-ahora-en-la-votacion-para-elegir-el-cartel-de-los-sanfermines-de-este-ano-un-proceso-que-acabara-el-proximo-4-de-mayo\\\/#primaryimage\"},\"thumbnailUrl\":\"https:\\\/\\\/www.laguiadepamplona.com\\\/actualidad\\\/wp-content\\\/uploads\\\/2022\\\/04\\\/carteles-sanfermin-2022.webp\",\"articleSection\":[\"Ayto Pamplona\",\"San Ferm\u00edn\"],\"inLanguage\":\"es\",\"potentialAction\":[{\"@type\":\"CommentAction\",\"name\":\"Comment\",\"target\":[\"https:\\\/\\\/www.laguiadepamplona.com\\\/actualidad\\\/mas-de-6-200-personas-han-participado-hasta-ahora-en-la-votacion-para-elegir-el-cartel-de-los-sanfermines-de-este-ano-un-proceso-que-acabara-el-proximo-4-de-mayo\\\/#respond\"]}]},{\"@type\":\"WebPage\",\"@id\":\"https:\\\/\\\/www.laguiadepamplona.com\\\/actualidad\\\/mas-de-6-200-personas-han-participado-hasta-ahora-en-la-votacion-para-elegir-el-cartel-de-los-sanfermines-de-este-ano-un-proceso-que-acabara-el-proximo-4-de-mayo\\\/\",\"url\":\"https:\\\/\\\/www.laguiadepamplona.com\\\/actualidad\\\/mas-de-6-200-personas-han-participado-hasta-ahora-en-la-votacion-para-elegir-el-cartel-de-los-sanfermines-de-este-ano-un-proceso-que-acabara-el-proximo-4-de-mayo\\\/\",\"name\":\"M\u00e1s de 6.200 personas han participado hasta ahora en la votaci\u00f3n para elegir el cartel de los Sanfermines de este a\u00f1o, un proceso que acabar\u00e1 el pr\u00f3ximo 4 de mayo\",\"isPartOf\":{\"@id\":\"https:\\\/\\\/www.laguiadepamplona.com\\\/actualidad\\\/#website\"},\"primaryImageOfPage\":{\"@id\":\"https:\\\/\\\/www.laguiadepamplona.com\\\/actualidad\\\/mas-de-6-200-personas-han-participado-hasta-ahora-en-la-votacion-para-elegir-el-cartel-de-los-sanfermines-de-este-ano-un-proceso-que-acabara-el-proximo-4-de-mayo\\\/#primaryimage\"},\"image\":{\"@id\":\"https:\\\/\\\/www.laguiadepamplona.com\\\/actualidad\\\/mas-de-6-200-personas-han-participado-hasta-ahora-en-la-votacion-para-elegir-el-cartel-de-los-sanfermines-de-este-ano-un-proceso-que-acabara-el-proximo-4-de-mayo\\\/#primaryimage\"},\"thumbnailUrl\":\"https:\\\/\\\/www.laguiadepamplona.com\\\/actualidad\\\/wp-content\\\/uploads\\\/2022\\\/04\\\/carteles-sanfermin-2022.webp\",\"datePublished\":\"2022-05-02T15:13:08+00:00\",\"dateModified\":\"2023-04-11T09:48:15+00:00\",\"description\":\"La consulta, con 980 votos diarios, tiene la media diaria de participaci\u00f3n m\u00e1s alta desde que se puso en marcha este sistema en el a\u00f1o 2008\",\"breadcrumb\":{\"@id\":\"https:\\\/\\\/www.laguiadepamplona.com\\\/actualidad\\\/mas-de-6-200-personas-han-participado-hasta-ahora-en-la-votacion-para-elegir-el-cartel-de-los-sanfermines-de-este-ano-un-proceso-que-acabara-el-proximo-4-de-mayo\\\/#breadcrumb\"},\"inLanguage\":\"es\",\"potentialAction\":[{\"@type\":\"ReadAction\",\"target\":[\"https:\\\/\\\/www.laguiadepamplona.com\\\/actualidad\\\/mas-de-6-200-personas-han-participado-hasta-ahora-en-la-votacion-para-elegir-el-cartel-de-los-sanfermines-de-este-ano-un-proceso-que-acabara-el-proximo-4-de-mayo\\\/\"]}]},{\"@type\":\"ImageObject\",\"inLanguage\":\"es\",\"@id\":\"https:\\\/\\\/www.laguiadepamplona.com\\\/actualidad\\\/mas-de-6-200-personas-han-participado-hasta-ahora-en-la-votacion-para-elegir-el-cartel-de-los-sanfermines-de-este-ano-un-proceso-que-acabara-el-proximo-4-de-mayo\\\/#primaryimage\",\"url\":\"https:\\\/\\\/www.laguiadepamplona.com\\\/actualidad\\\/wp-content\\\/uploads\\\/2022\\\/04\\\/carteles-sanfermin-2022.webp\",\"contentUrl\":\"https:\\\/\\\/www.laguiadepamplona.com\\\/actualidad\\\/wp-content\\\/uploads\\\/2022\\\/04\\\/carteles-sanfermin-2022.webp\",\"width\":1920,\"height\":1080},{\"@type\":\"BreadcrumbList\",\"@id\":\"https:\\\/\\\/www.laguiadepamplona.com\\\/actualidad\\\/mas-de-6-200-personas-han-participado-hasta-ahora-en-la-votacion-para-elegir-el-cartel-de-los-sanfermines-de-este-ano-un-proceso-que-acabara-el-proximo-4-de-mayo\\\/#breadcrumb\",\"itemListElement\":[{\"@type\":\"ListItem\",\"position\":1,\"name\":\"Portada\",\"item\":\"https:\\\/\\\/www.laguiadepamplona.com\\\/actualidad\\\/\"},{\"@type\":\"ListItem\",\"position\":2,\"name\":\"M\u00e1s de 6.200 personas han participado hasta ahora en la votaci\u00f3n para elegir el cartel de los Sanfermines de este a\u00f1o, un proceso que acabar\u00e1 el pr\u00f3ximo 4 de mayo\"}]},{\"@type\":\"WebSite\",\"@id\":\"https:\\\/\\\/www.laguiadepamplona.com\\\/actualidad\\\/#website\",\"url\":\"https:\\\/\\\/www.laguiadepamplona.com\\\/actualidad\\\/\",\"name\":\"La gu\u00eda de Pamplona\",\"description\":\"Noticias de Pamplona\",\"publisher\":{\"@id\":\"https:\\\/\\\/www.laguiadepamplona.com\\\/actualidad\\\/#organization\"},\"potentialAction\":[{\"@type\":\"SearchAction\",\"target\":{\"@type\":\"EntryPoint\",\"urlTemplate\":\"https:\\\/\\\/www.laguiadepamplona.com\\\/actualidad\\\/?s={search_term_string}\"},\"query-input\":{\"@type\":\"PropertyValueSpecification\",\"valueRequired\":true,\"valueName\":\"search_term_string\"}}],\"inLanguage\":\"es\"},{\"@type\":\"Organization\",\"@id\":\"https:\\\/\\\/www.laguiadepamplona.com\\\/actualidad\\\/#organization\",\"name\":\"La Gu\u00eda de Pamplona \\\/ Noticias\",\"url\":\"https:\\\/\\\/www.laguiadepamplona.com\\\/actualidad\\\/\",\"logo\":{\"@type\":\"ImageObject\",\"inLanguage\":\"es\",\"@id\":\"https:\\\/\\\/www.laguiadepamplona.com\\\/actualidad\\\/#\\\/schema\\\/logo\\\/image\\\/\",\"url\":\"https:\\\/\\\/www.laguiadepamplona.com\\\/actualidad\\\/wp-content\\\/uploads\\\/2018\\\/11\\\/logo-laguiadepamplona18-web1.png\",\"contentUrl\":\"https:\\\/\\\/www.laguiadepamplona.com\\\/actualidad\\\/wp-content\\\/uploads\\\/2018\\\/11\\\/logo-laguiadepamplona18-web1.png\",\"width\":600,\"height\":196,\"caption\":\"La Gu\u00eda de Pamplona \\\/ Noticias\"},\"image\":{\"@id\":\"https:\\\/\\\/www.laguiadepamplona.com\\\/actualidad\\\/#\\\/schema\\\/logo\\\/image\\\/\"},\"sameAs\":[\"https:\\\/\\\/www.facebook.com\\\/laguiadepamplonacom-133175176762273\\\/?ref=hl\",\"https:\\\/\\\/x.com\\\/LaGuiadPamplona\",\"https:\\\/\\\/www.instagram.com\\\/la_guia_de_pamplona\\\/\",\"https:\\\/\\\/www.youtube.com\\\/user\\\/laguiadepamplona\"]},{\"@type\":\"Person\",\"@id\":\"https:\\\/\\\/www.laguiadepamplona.com\\\/actualidad\\\/#\\\/schema\\\/person\\\/efe887376f0213d4657c93adc50b1fdb\",\"name\":\"La Gu\u00eda de Pamplona\",\"image\":{\"@type\":\"ImageObject\",\"inLanguage\":\"es\",\"@id\":\"https:\\\/\\\/secure.gravatar.com\\\/avatar\\\/b6992f131dc8d30ab0dff15446e9d346d9dbd95992de0fef795073f5ea83a81c?s=96&d=mm&r=g\",\"url\":\"https:\\\/\\\/secure.gravatar.com\\\/avatar\\\/b6992f131dc8d30ab0dff15446e9d346d9dbd95992de0fef795073f5ea83a81c?s=96&d=mm&r=g\",\"contentUrl\":\"https:\\\/\\\/secure.gravatar.com\\\/avatar\\\/b6992f131dc8d30ab0dff15446e9d346d9dbd95992de0fef795073f5ea83a81c?s=96&d=mm&r=g\",\"caption\":\"La Gu\u00eda de Pamplona\"}}]}<\/script>\n<!-- \/ Yoast SEO plugin. -->","yoast_head_json":{"title":"M\u00e1s de 6.200 personas han participado hasta ahora en la votaci\u00f3n para elegir el cartel de los Sanfermines de este a\u00f1o, un proceso que acabar\u00e1 el pr\u00f3ximo 4 de mayo","description":"La consulta, con 980 votos diarios, tiene la media diaria de participaci\u00f3n m\u00e1s alta desde que se puso en marcha este sistema en el a\u00f1o 2008","robots":{"index":"index","follow":"follow","max-snippet":"max-snippet:-1","max-image-preview":"max-image-preview:large","max-video-preview":"max-video-preview:-1"},"canonical":"https:\/\/www.laguiadepamplona.com\/actualidad\/mas-de-6-200-personas-han-participado-hasta-ahora-en-la-votacion-para-elegir-el-cartel-de-los-sanfermines-de-este-ano-un-proceso-que-acabara-el-proximo-4-de-mayo\/","og_locale":"es_ES","og_type":"article","og_title":"M\u00e1s de 6.200 personas han participado hasta ahora en la votaci\u00f3n para elegir el cartel de los Sanfermines de este a\u00f1o, un proceso que acabar\u00e1 el pr\u00f3ximo 4 de mayo","og_description":"La consulta, con 980 votos diarios, tiene la media diaria de participaci\u00f3n m\u00e1s alta desde que se puso en marcha este sistema en el a\u00f1o 2008","og_url":"https:\/\/www.laguiadepamplona.com\/actualidad\/mas-de-6-200-personas-han-participado-hasta-ahora-en-la-votacion-para-elegir-el-cartel-de-los-sanfermines-de-este-ano-un-proceso-que-acabara-el-proximo-4-de-mayo\/","og_site_name":"La Gu\u00eda de Pamplona","article_publisher":"https:\/\/www.facebook.com\/laguiadepamplonacom-133175176762273\/?ref=hl","article_published_time":"2022-05-02T15:13:08+00:00","article_modified_time":"2023-04-11T09:48:15+00:00","og_image":[{"width":1920,"height":1080,"url":"https:\/\/www.laguiadepamplona.com\/actualidad\/wp-content\/uploads\/2022\/04\/carteles-sanfermin-2022.webp","type":"image\/webp"}],"author":"La Gu\u00eda de Pamplona","twitter_card":"summary_large_image","twitter_creator":"@LaGuiadPamplona","twitter_site":"@LaGuiadPamplona","twitter_misc":{"Escrito por":"La Gu\u00eda de Pamplona","Tiempo de lectura":"3 minutos"},"schema":{"@context":"https:\/\/schema.org","@graph":[{"@type":"Article","@id":"https:\/\/www.laguiadepamplona.com\/actualidad\/mas-de-6-200-personas-han-participado-hasta-ahora-en-la-votacion-para-elegir-el-cartel-de-los-sanfermines-de-este-ano-un-proceso-que-acabara-el-proximo-4-de-mayo\/#article","isPartOf":{"@id":"https:\/\/www.laguiadepamplona.com\/actualidad\/mas-de-6-200-personas-han-participado-hasta-ahora-en-la-votacion-para-elegir-el-cartel-de-los-sanfermines-de-este-ano-un-proceso-que-acabara-el-proximo-4-de-mayo\/"},"author":{"name":"La Gu\u00eda de Pamplona","@id":"https:\/\/www.laguiadepamplona.com\/actualidad\/#\/schema\/person\/efe887376f0213d4657c93adc50b1fdb"},"headline":"M\u00e1s de 6.200 personas han participado hasta ahora en la votaci\u00f3n para elegir el cartel de los Sanfermines de este a\u00f1o, un proceso que acabar\u00e1 el pr\u00f3ximo 4 de mayo","datePublished":"2022-05-02T15:13:08+00:00","dateModified":"2023-04-11T09:48:15+00:00","mainEntityOfPage":{"@id":"https:\/\/www.laguiadepamplona.com\/actualidad\/mas-de-6-200-personas-han-participado-hasta-ahora-en-la-votacion-para-elegir-el-cartel-de-los-sanfermines-de-este-ano-un-proceso-que-acabara-el-proximo-4-de-mayo\/"},"wordCount":476,"commentCount":0,"publisher":{"@id":"https:\/\/www.laguiadepamplona.com\/actualidad\/#organization"},"image":{"@id":"https:\/\/www.laguiadepamplona.com\/actualidad\/mas-de-6-200-personas-han-participado-hasta-ahora-en-la-votacion-para-elegir-el-cartel-de-los-sanfermines-de-este-ano-un-proceso-que-acabara-el-proximo-4-de-mayo\/#primaryimage"},"thumbnailUrl":"https:\/\/www.laguiadepamplona.com\/actualidad\/wp-content\/uploads\/2022\/04\/carteles-sanfermin-2022.webp","articleSection":["Ayto Pamplona","San Ferm\u00edn"],"inLanguage":"es","potentialAction":[{"@type":"CommentAction","name":"Comment","target":["https:\/\/www.laguiadepamplona.com\/actualidad\/mas-de-6-200-personas-han-participado-hasta-ahora-en-la-votacion-para-elegir-el-cartel-de-los-sanfermines-de-este-ano-un-proceso-que-acabara-el-proximo-4-de-mayo\/#respond"]}]},{"@type":"WebPage","@id":"https:\/\/www.laguiadepamplona.com\/actualidad\/mas-de-6-200-personas-han-participado-hasta-ahora-en-la-votacion-para-elegir-el-cartel-de-los-sanfermines-de-este-ano-un-proceso-que-acabara-el-proximo-4-de-mayo\/","url":"https:\/\/www.laguiadepamplona.com\/actualidad\/mas-de-6-200-personas-han-participado-hasta-ahora-en-la-votacion-para-elegir-el-cartel-de-los-sanfermines-de-este-ano-un-proceso-que-acabara-el-proximo-4-de-mayo\/","name":"M\u00e1s de 6.200 personas han participado hasta ahora en la votaci\u00f3n para elegir el cartel de los Sanfermines de este a\u00f1o, un proceso que acabar\u00e1 el pr\u00f3ximo 4 de mayo","isPartOf":{"@id":"https:\/\/www.laguiadepamplona.com\/actualidad\/#website"},"primaryImageOfPage":{"@id":"https:\/\/www.laguiadepamplona.com\/actualidad\/mas-de-6-200-personas-han-participado-hasta-ahora-en-la-votacion-para-elegir-el-cartel-de-los-sanfermines-de-este-ano-un-proceso-que-acabara-el-proximo-4-de-mayo\/#primaryimage"},"image":{"@id":"https:\/\/www.laguiadepamplona.com\/actualidad\/mas-de-6-200-personas-han-participado-hasta-ahora-en-la-votacion-para-elegir-el-cartel-de-los-sanfermines-de-este-ano-un-proceso-que-acabara-el-proximo-4-de-mayo\/#primaryimage"},"thumbnailUrl":"https:\/\/www.laguiadepamplona.com\/actualidad\/wp-content\/uploads\/2022\/04\/carteles-sanfermin-2022.webp","datePublished":"2022-05-02T15:13:08+00:00","dateModified":"2023-04-11T09:48:15+00:00","description":"La consulta, con 980 votos diarios, tiene la media diaria de participaci\u00f3n m\u00e1s alta desde que se puso en marcha este sistema en el a\u00f1o 2008","breadcrumb":{"@id":"https:\/\/www.laguiadepamplona.com\/actualidad\/mas-de-6-200-personas-han-participado-hasta-ahora-en-la-votacion-para-elegir-el-cartel-de-los-sanfermines-de-este-ano-un-proceso-que-acabara-el-proximo-4-de-mayo\/#breadcrumb"},"inLanguage":"es","potentialAction":[{"@type":"ReadAction","target":["https:\/\/www.laguiadepamplona.com\/actualidad\/mas-de-6-200-personas-han-participado-hasta-ahora-en-la-votacion-para-elegir-el-cartel-de-los-sanfermines-de-este-ano-un-proceso-que-acabara-el-proximo-4-de-mayo\/"]}]},{"@type":"ImageObject","inLanguage":"es","@id":"https:\/\/www.laguiadepamplona.com\/actualidad\/mas-de-6-200-personas-han-participado-hasta-ahora-en-la-votacion-para-elegir-el-cartel-de-los-sanfermines-de-este-ano-un-proceso-que-acabara-el-proximo-4-de-mayo\/#primaryimage","url":"https:\/\/www.laguiadepamplona.com\/actualidad\/wp-content\/uploads\/2022\/04\/carteles-sanfermin-2022.webp","contentUrl":"https:\/\/www.laguiadepamplona.com\/actualidad\/wp-content\/uploads\/2022\/04\/carteles-sanfermin-2022.webp","width":1920,"height":1080},{"@type":"BreadcrumbList","@id":"https:\/\/www.laguiadepamplona.com\/actualidad\/mas-de-6-200-personas-han-participado-hasta-ahora-en-la-votacion-para-elegir-el-cartel-de-los-sanfermines-de-este-ano-un-proceso-que-acabara-el-proximo-4-de-mayo\/#breadcrumb","itemListElement":[{"@type":"ListItem","position":1,"name":"Portada","item":"https:\/\/www.laguiadepamplona.com\/actualidad\/"},{"@type":"ListItem","position":2,"name":"M\u00e1s de 6.200 personas han participado hasta ahora en la votaci\u00f3n para elegir el cartel de los Sanfermines de este a\u00f1o, un proceso que acabar\u00e1 el pr\u00f3ximo 4 de mayo"}]},{"@type":"WebSite","@id":"https:\/\/www.laguiadepamplona.com\/actualidad\/#website","url":"https:\/\/www.laguiadepamplona.com\/actualidad\/","name":"La gu\u00eda de Pamplona","description":"Noticias de Pamplona","publisher":{"@id":"https:\/\/www.laguiadepamplona.com\/actualidad\/#organization"},"potentialAction":[{"@type":"SearchAction","target":{"@type":"EntryPoint","urlTemplate":"https:\/\/www.laguiadepamplona.com\/actualidad\/?s={search_term_string}"},"query-input":{"@type":"PropertyValueSpecification","valueRequired":true,"valueName":"search_term_string"}}],"inLanguage":"es"},{"@type":"Organization","@id":"https:\/\/www.laguiadepamplona.com\/actualidad\/#organization","name":"La Gu\u00eda de Pamplona \/ Noticias","url":"https:\/\/www.laguiadepamplona.com\/actualidad\/","logo":{"@type":"ImageObject","inLanguage":"es","@id":"https:\/\/www.laguiadepamplona.com\/actualidad\/#\/schema\/logo\/image\/","url":"https:\/\/www.laguiadepamplona.com\/actualidad\/wp-content\/uploads\/2018\/11\/logo-laguiadepamplona18-web1.png","contentUrl":"https:\/\/www.laguiadepamplona.com\/actualidad\/wp-content\/uploads\/2018\/11\/logo-laguiadepamplona18-web1.png","width":600,"height":196,"caption":"La Gu\u00eda de Pamplona \/ Noticias"},"image":{"@id":"https:\/\/www.laguiadepamplona.com\/actualidad\/#\/schema\/logo\/image\/"},"sameAs":["https:\/\/www.facebook.com\/laguiadepamplonacom-133175176762273\/?ref=hl","https:\/\/x.com\/LaGuiadPamplona","https:\/\/www.instagram.com\/la_guia_de_pamplona\/","https:\/\/www.youtube.com\/user\/laguiadepamplona"]},{"@type":"Person","@id":"https:\/\/www.laguiadepamplona.com\/actualidad\/#\/schema\/person\/efe887376f0213d4657c93adc50b1fdb","name":"La Gu\u00eda de Pamplona","image":{"@type":"ImageObject","inLanguage":"es","@id":"https:\/\/secure.gravatar.com\/avatar\/b6992f131dc8d30ab0dff15446e9d346d9dbd95992de0fef795073f5ea83a81c?s=96&d=mm&r=g","url":"https:\/\/secure.gravatar.com\/avatar\/b6992f131dc8d30ab0dff15446e9d346d9dbd95992de0fef795073f5ea83a81c?s=96&d=mm&r=g","contentUrl":"https:\/\/secure.gravatar.com\/avatar\/b6992f131dc8d30ab0dff15446e9d346d9dbd95992de0fef795073f5ea83a81c?s=96&d=mm&r=g","caption":"La Gu\u00eda de Pamplona"}}]}},"post_mailing_queue_ids":[],"_links":{"self":[{"href":"https:\/\/www.laguiadepamplona.com\/actualidad\/wp-json\/wp\/v2\/posts\/40137","targetHints":{"allow":["GET"]}}],"collection":[{"href":"https:\/\/www.laguiadepamplona.com\/actualidad\/wp-json\/wp\/v2\/posts"}],"about":[{"href":"https:\/\/www.laguiadepamplona.com\/actualidad\/wp-json\/wp\/v2\/types\/post"}],"author":[{"embeddable":true,"href":"https:\/\/www.laguiadepamplona.com\/actualidad\/wp-json\/wp\/v2\/users\/1"}],"replies":[{"embeddable":true,"href":"https:\/\/www.laguiadepamplona.com\/actualidad\/wp-json\/wp\/v2\/comments?post=40137"}],"version-history":[{"count":0,"href":"https:\/\/www.laguiadepamplona.com\/actualidad\/wp-json\/wp\/v2\/posts\/40137\/revisions"}],"wp:featuredmedia":[{"embeddable":true,"href":"https:\/\/www.laguiadepamplona.com\/actualidad\/wp-json\/wp\/v2\/media\/40043"}],"wp:attachment":[{"href":"https:\/\/www.laguiadepamplona.com\/actualidad\/wp-json\/wp\/v2\/media?parent=40137"}],"wp:term":[{"taxonomy":"category","embeddable":true,"href":"https:\/\/www.laguiadepamplona.com\/actualidad\/wp-json\/wp\/v2\/categories?post=40137"},{"taxonomy":"post_tag","embeddable":true,"href":"https:\/\/www.laguiadepamplona.com\/actualidad\/wp-json\/wp\/v2\/tags?post=40137"}],"curies":[{"name":"wp","href":"https:\/\/api.w.org\/{rel}","templated":true}]}}