{"id":40132,"date":"2022-04-29T18:31:48","date_gmt":"2022-04-29T16:31:48","guid":{"rendered":"https:\/\/www.laguiadepamplona.com\/actualidad\/?p=40132"},"modified":"2023-04-11T11:48:15","modified_gmt":"2023-04-11T09:48:15","slug":"la-retirada-de-las-carpas-inicia-la-desescalada-paulatina-de-las-terrazas-covid","status":"publish","type":"post","link":"https:\/\/www.laguiadepamplona.com\/actualidad\/la-retirada-de-las-carpas-inicia-la-desescalada-paulatina-de-las-terrazas-covid\/","title":{"rendered":"La retirada de las carpas inicia la desescalada paulatina de las \u2018terrazas COVID\u2019"},"content":{"rendered":"<h5>De las 58 carpas autorizadas en su d\u00eda quedan 22 en uso, que ser\u00e1n las primeras en desinstalarse<\/h5>\n<p><!--more--><\/p>\n<p>El Ayuntamiento de Pamplona ha enviado una carta a 22 hosteleros de la ciudad para que desmonten y retiren durante la semana que viene las llamadas \u2018terrazas COVID\u2019 vinculadas a sus establecimientos. Se trata de terrazas de modelo carpa, autorizadas en su momento por el propio Consistorio, que se considera que ya han cumplido su objetivo durante la pandemia y que hay que retirar debido a su impacto visual y a que, por las fechas hacia las que se va, no son tan necesarias.<br \/>\n<script async src=\"\/\/pagead2.googlesyndication.com\/pagead\/js\/adsbygoogle.js\"><\/script><br \/>\n<!-- Noticias La Guia de Pamplona --><br \/>\n<ins class=\"adsbygoogle\"\nstyle=\"display:block\"\ndata-ad-client=\"ca-pub-6943679897239327\"\ndata-ad-slot=\"7048180777\"\ndata-ad-format=\"auto\"><\/ins><br \/>\n<script>\n(adsbygoogle = window.adsbygoogle || []).push({});\n<\/script><\/p>\n<p>En estos dos \u00faltimos a\u00f1os se han autorizado e instalado 58 carpas de ese tipo de las que quedan \u00fanicamente 22. El resto se han retirado a sustituido por terrazas con car\u00e1cter m\u00e1s permanente, pero sin esas estructuras tipo carpa, tras la correspondiente solicitud de las personas titulares al Ayuntamiento y la consiguiente autorizaci\u00f3n en las situaciones en las que ha sido posible.<\/p>\n<p>Junto a la carta, en un documento anexo, se remite a cada hostelero la autorizaci\u00f3n que tiene para su terraza y que ser\u00e1 la que deber\u00e1 instalar la pr\u00f3xima semana. El Ayuntamiento de Pamplona les recuerda que durante este a\u00f1o 2022 las terrazas de hosteler\u00eda est\u00e1n exentas del pago de tasas de ocupaci\u00f3n de v\u00eda p\u00fablica.<br \/>\n<script async src=\"\/\/pagead2.googlesyndication.com\/pagead\/js\/adsbygoogle.js\"><\/script><br \/>\n<!-- Noticias La Guia de Pamplona --><br \/>\n<ins class=\"adsbygoogle\"\nstyle=\"display:block\"\ndata-ad-client=\"ca-pub-6943679897239327\"\ndata-ad-slot=\"7048180777\"\ndata-ad-format=\"auto\"><\/ins><br \/>\n<script>\n(adsbygoogle = window.adsbygoogle || []).push({});\n<\/script><\/p>\n<p>El Ayuntamiento de Pamplona, al objeto de ayudar al sector de la hosteler\u00eda durante la pandemia, adopt\u00f3 en 2020 entre otros, el acuerdo de facilitar la ubicaci\u00f3n de terrazas de forma extensiva por las calles de la ciudad. Ese acuerdo tuvo varias pr\u00f3rrogas, la \u00faltima hasta el final de este mes de abril. Finalizado ese plazo el Ayuntamiento de Pamplona ha decidido revertir la situaci\u00f3n y retirar las \u2018terrazas COVID\u2019, de forma paulatina, empezando primero por las que tengan alg\u00fan tipo de afecci\u00f3n (modelo de carpa) y finalizando con la totalidad tras las fiestas de San Ferm\u00edn.<\/p>\n","protected":false},"excerpt":{"rendered":"<p>De las 58 carpas autorizadas en su d\u00eda quedan 22 en uso, que ser\u00e1n las primeras en desinstalarse<\/p>\n","protected":false},"author":1,"featured_media":34656,"comment_status":"open","ping_status":"closed","sticky":false,"template":"","format":"standard","meta":{"footnotes":""},"categories":[2],"tags":[],"class_list":["post-40132","post","type-post","status-publish","format-standard","has-post-thumbnail","hentry","category-ayuntamiento-pamplona"],"yoast_head":"<!-- This site is optimized with the Yoast SEO plugin v27.3 - https:\/\/yoast.com\/product\/yoast-seo-wordpress\/ -->\n<title>La retirada de las carpas inicia la desescalada paulatina de las \u2018terrazas COVID\u2019<\/title>\n<meta name=\"description\" content=\"De las 58 carpas autorizadas en su d\u00eda quedan 22 en uso, que ser\u00e1n las primeras en desinstalarse\" \/>\n<meta name=\"robots\" content=\"index, follow, max-snippet:-1, max-image-preview:large, max-video-preview:-1\" \/>\n<link rel=\"canonical\" href=\"https:\/\/www.laguiadepamplona.com\/actualidad\/la-retirada-de-las-carpas-inicia-la-desescalada-paulatina-de-las-terrazas-covid\/\" \/>\n<meta property=\"og:locale\" content=\"es_ES\" \/>\n<meta property=\"og:type\" content=\"article\" \/>\n<meta property=\"og:title\" content=\"La retirada de las carpas inicia la desescalada paulatina de las \u2018terrazas COVID\u2019\" \/>\n<meta property=\"og:description\" content=\"De las 58 carpas autorizadas en su d\u00eda quedan 22 en uso, que ser\u00e1n las primeras en desinstalarse\" \/>\n<meta property=\"og:url\" content=\"https:\/\/www.laguiadepamplona.com\/actualidad\/la-retirada-de-las-carpas-inicia-la-desescalada-paulatina-de-las-terrazas-covid\/\" \/>\n<meta property=\"og:site_name\" content=\"La Gu\u00eda de Pamplona\" \/>\n<meta property=\"article:publisher\" content=\"https:\/\/www.facebook.com\/laguiadepamplonacom-133175176762273\/?ref=hl\" \/>\n<meta property=\"article:published_time\" content=\"2022-04-29T16:31:48+00:00\" \/>\n<meta property=\"article:modified_time\" content=\"2023-04-11T09:48:15+00:00\" \/>\n<meta property=\"og:image\" content=\"https:\/\/www.laguiadepamplona.com\/actualidad\/wp-content\/uploads\/2021\/05\/nuevasterrazas_jmg5632.jpg\" \/>\n\t<meta property=\"og:image:width\" content=\"1920\" \/>\n\t<meta property=\"og:image:height\" content=\"1280\" \/>\n\t<meta property=\"og:image:type\" content=\"image\/jpeg\" \/>\n<meta name=\"author\" content=\"La Gu\u00eda de Pamplona\" \/>\n<meta name=\"twitter:card\" content=\"summary_large_image\" \/>\n<meta name=\"twitter:creator\" content=\"@LaGuiadPamplona\" \/>\n<meta name=\"twitter:site\" content=\"@LaGuiadPamplona\" \/>\n<meta name=\"twitter:label1\" content=\"Escrito por\" \/>\n\t<meta name=\"twitter:data1\" content=\"La Gu\u00eda de Pamplona\" \/>\n\t<meta name=\"twitter:label2\" content=\"Tiempo de lectura\" \/>\n\t<meta name=\"twitter:data2\" content=\"2 minutos\" \/>\n<script type=\"application\/ld+json\" class=\"yoast-schema-graph\">{\"@context\":\"https:\\\/\\\/schema.org\",\"@graph\":[{\"@type\":\"Article\",\"@id\":\"https:\\\/\\\/www.laguiadepamplona.com\\\/actualidad\\\/la-retirada-de-las-carpas-inicia-la-desescalada-paulatina-de-las-terrazas-covid\\\/#article\",\"isPartOf\":{\"@id\":\"https:\\\/\\\/www.laguiadepamplona.com\\\/actualidad\\\/la-retirada-de-las-carpas-inicia-la-desescalada-paulatina-de-las-terrazas-covid\\\/\"},\"author\":{\"name\":\"La Gu\u00eda de Pamplona\",\"@id\":\"https:\\\/\\\/www.laguiadepamplona.com\\\/actualidad\\\/#\\\/schema\\\/person\\\/efe887376f0213d4657c93adc50b1fdb\"},\"headline\":\"La retirada de las carpas inicia la desescalada paulatina de las \u2018terrazas COVID\u2019\",\"datePublished\":\"2022-04-29T16:31:48+00:00\",\"dateModified\":\"2023-04-11T09:48:15+00:00\",\"mainEntityOfPage\":{\"@id\":\"https:\\\/\\\/www.laguiadepamplona.com\\\/actualidad\\\/la-retirada-de-las-carpas-inicia-la-desescalada-paulatina-de-las-terrazas-covid\\\/\"},\"wordCount\":345,\"commentCount\":0,\"publisher\":{\"@id\":\"https:\\\/\\\/www.laguiadepamplona.com\\\/actualidad\\\/#organization\"},\"image\":{\"@id\":\"https:\\\/\\\/www.laguiadepamplona.com\\\/actualidad\\\/la-retirada-de-las-carpas-inicia-la-desescalada-paulatina-de-las-terrazas-covid\\\/#primaryimage\"},\"thumbnailUrl\":\"https:\\\/\\\/www.laguiadepamplona.com\\\/actualidad\\\/wp-content\\\/uploads\\\/2021\\\/05\\\/nuevasterrazas_jmg5632.jpg\",\"articleSection\":[\"Ayto Pamplona\"],\"inLanguage\":\"es\",\"potentialAction\":[{\"@type\":\"CommentAction\",\"name\":\"Comment\",\"target\":[\"https:\\\/\\\/www.laguiadepamplona.com\\\/actualidad\\\/la-retirada-de-las-carpas-inicia-la-desescalada-paulatina-de-las-terrazas-covid\\\/#respond\"]}]},{\"@type\":\"WebPage\",\"@id\":\"https:\\\/\\\/www.laguiadepamplona.com\\\/actualidad\\\/la-retirada-de-las-carpas-inicia-la-desescalada-paulatina-de-las-terrazas-covid\\\/\",\"url\":\"https:\\\/\\\/www.laguiadepamplona.com\\\/actualidad\\\/la-retirada-de-las-carpas-inicia-la-desescalada-paulatina-de-las-terrazas-covid\\\/\",\"name\":\"La retirada de las carpas inicia la desescalada paulatina de las \u2018terrazas COVID\u2019\",\"isPartOf\":{\"@id\":\"https:\\\/\\\/www.laguiadepamplona.com\\\/actualidad\\\/#website\"},\"primaryImageOfPage\":{\"@id\":\"https:\\\/\\\/www.laguiadepamplona.com\\\/actualidad\\\/la-retirada-de-las-carpas-inicia-la-desescalada-paulatina-de-las-terrazas-covid\\\/#primaryimage\"},\"image\":{\"@id\":\"https:\\\/\\\/www.laguiadepamplona.com\\\/actualidad\\\/la-retirada-de-las-carpas-inicia-la-desescalada-paulatina-de-las-terrazas-covid\\\/#primaryimage\"},\"thumbnailUrl\":\"https:\\\/\\\/www.laguiadepamplona.com\\\/actualidad\\\/wp-content\\\/uploads\\\/2021\\\/05\\\/nuevasterrazas_jmg5632.jpg\",\"datePublished\":\"2022-04-29T16:31:48+00:00\",\"dateModified\":\"2023-04-11T09:48:15+00:00\",\"description\":\"De las 58 carpas autorizadas en su d\u00eda quedan 22 en uso, que ser\u00e1n las primeras en desinstalarse\",\"breadcrumb\":{\"@id\":\"https:\\\/\\\/www.laguiadepamplona.com\\\/actualidad\\\/la-retirada-de-las-carpas-inicia-la-desescalada-paulatina-de-las-terrazas-covid\\\/#breadcrumb\"},\"inLanguage\":\"es\",\"potentialAction\":[{\"@type\":\"ReadAction\",\"target\":[\"https:\\\/\\\/www.laguiadepamplona.com\\\/actualidad\\\/la-retirada-de-las-carpas-inicia-la-desescalada-paulatina-de-las-terrazas-covid\\\/\"]}]},{\"@type\":\"ImageObject\",\"inLanguage\":\"es\",\"@id\":\"https:\\\/\\\/www.laguiadepamplona.com\\\/actualidad\\\/la-retirada-de-las-carpas-inicia-la-desescalada-paulatina-de-las-terrazas-covid\\\/#primaryimage\",\"url\":\"https:\\\/\\\/www.laguiadepamplona.com\\\/actualidad\\\/wp-content\\\/uploads\\\/2021\\\/05\\\/nuevasterrazas_jmg5632.jpg\",\"contentUrl\":\"https:\\\/\\\/www.laguiadepamplona.com\\\/actualidad\\\/wp-content\\\/uploads\\\/2021\\\/05\\\/nuevasterrazas_jmg5632.jpg\",\"width\":1920,\"height\":1280,\"caption\":\"A* Jes\u00fas Garzaron F* 2021_05_05 T* Nuevas terrazas. Hosteler\u00eda. COVID-19 L* Junto a la Plaza de Toros\"},{\"@type\":\"BreadcrumbList\",\"@id\":\"https:\\\/\\\/www.laguiadepamplona.com\\\/actualidad\\\/la-retirada-de-las-carpas-inicia-la-desescalada-paulatina-de-las-terrazas-covid\\\/#breadcrumb\",\"itemListElement\":[{\"@type\":\"ListItem\",\"position\":1,\"name\":\"Portada\",\"item\":\"https:\\\/\\\/www.laguiadepamplona.com\\\/actualidad\\\/\"},{\"@type\":\"ListItem\",\"position\":2,\"name\":\"La retirada de las carpas inicia la desescalada paulatina de las \u2018terrazas COVID\u2019\"}]},{\"@type\":\"WebSite\",\"@id\":\"https:\\\/\\\/www.laguiadepamplona.com\\\/actualidad\\\/#website\",\"url\":\"https:\\\/\\\/www.laguiadepamplona.com\\\/actualidad\\\/\",\"name\":\"La gu\u00eda de Pamplona\",\"description\":\"Noticias de Pamplona\",\"publisher\":{\"@id\":\"https:\\\/\\\/www.laguiadepamplona.com\\\/actualidad\\\/#organization\"},\"potentialAction\":[{\"@type\":\"SearchAction\",\"target\":{\"@type\":\"EntryPoint\",\"urlTemplate\":\"https:\\\/\\\/www.laguiadepamplona.com\\\/actualidad\\\/?s={search_term_string}\"},\"query-input\":{\"@type\":\"PropertyValueSpecification\",\"valueRequired\":true,\"valueName\":\"search_term_string\"}}],\"inLanguage\":\"es\"},{\"@type\":\"Organization\",\"@id\":\"https:\\\/\\\/www.laguiadepamplona.com\\\/actualidad\\\/#organization\",\"name\":\"La Gu\u00eda de Pamplona \\\/ Noticias\",\"url\":\"https:\\\/\\\/www.laguiadepamplona.com\\\/actualidad\\\/\",\"logo\":{\"@type\":\"ImageObject\",\"inLanguage\":\"es\",\"@id\":\"https:\\\/\\\/www.laguiadepamplona.com\\\/actualidad\\\/#\\\/schema\\\/logo\\\/image\\\/\",\"url\":\"https:\\\/\\\/www.laguiadepamplona.com\\\/actualidad\\\/wp-content\\\/uploads\\\/2018\\\/11\\\/logo-laguiadepamplona18-web1.png\",\"contentUrl\":\"https:\\\/\\\/www.laguiadepamplona.com\\\/actualidad\\\/wp-content\\\/uploads\\\/2018\\\/11\\\/logo-laguiadepamplona18-web1.png\",\"width\":600,\"height\":196,\"caption\":\"La Gu\u00eda de Pamplona \\\/ Noticias\"},\"image\":{\"@id\":\"https:\\\/\\\/www.laguiadepamplona.com\\\/actualidad\\\/#\\\/schema\\\/logo\\\/image\\\/\"},\"sameAs\":[\"https:\\\/\\\/www.facebook.com\\\/laguiadepamplonacom-133175176762273\\\/?ref=hl\",\"https:\\\/\\\/x.com\\\/LaGuiadPamplona\",\"https:\\\/\\\/www.instagram.com\\\/la_guia_de_pamplona\\\/\",\"https:\\\/\\\/www.youtube.com\\\/user\\\/laguiadepamplona\"]},{\"@type\":\"Person\",\"@id\":\"https:\\\/\\\/www.laguiadepamplona.com\\\/actualidad\\\/#\\\/schema\\\/person\\\/efe887376f0213d4657c93adc50b1fdb\",\"name\":\"La Gu\u00eda de Pamplona\",\"image\":{\"@type\":\"ImageObject\",\"inLanguage\":\"es\",\"@id\":\"https:\\\/\\\/secure.gravatar.com\\\/avatar\\\/b6992f131dc8d30ab0dff15446e9d346d9dbd95992de0fef795073f5ea83a81c?s=96&d=mm&r=g\",\"url\":\"https:\\\/\\\/secure.gravatar.com\\\/avatar\\\/b6992f131dc8d30ab0dff15446e9d346d9dbd95992de0fef795073f5ea83a81c?s=96&d=mm&r=g\",\"contentUrl\":\"https:\\\/\\\/secure.gravatar.com\\\/avatar\\\/b6992f131dc8d30ab0dff15446e9d346d9dbd95992de0fef795073f5ea83a81c?s=96&d=mm&r=g\",\"caption\":\"La Gu\u00eda de Pamplona\"}}]}<\/script>\n<!-- \/ Yoast SEO plugin. -->","yoast_head_json":{"title":"La retirada de las carpas inicia la desescalada paulatina de las \u2018terrazas COVID\u2019","description":"De las 58 carpas autorizadas en su d\u00eda quedan 22 en uso, que ser\u00e1n las primeras en desinstalarse","robots":{"index":"index","follow":"follow","max-snippet":"max-snippet:-1","max-image-preview":"max-image-preview:large","max-video-preview":"max-video-preview:-1"},"canonical":"https:\/\/www.laguiadepamplona.com\/actualidad\/la-retirada-de-las-carpas-inicia-la-desescalada-paulatina-de-las-terrazas-covid\/","og_locale":"es_ES","og_type":"article","og_title":"La retirada de las carpas inicia la desescalada paulatina de las \u2018terrazas COVID\u2019","og_description":"De las 58 carpas autorizadas en su d\u00eda quedan 22 en uso, que ser\u00e1n las primeras en desinstalarse","og_url":"https:\/\/www.laguiadepamplona.com\/actualidad\/la-retirada-de-las-carpas-inicia-la-desescalada-paulatina-de-las-terrazas-covid\/","og_site_name":"La Gu\u00eda de Pamplona","article_publisher":"https:\/\/www.facebook.com\/laguiadepamplonacom-133175176762273\/?ref=hl","article_published_time":"2022-04-29T16:31:48+00:00","article_modified_time":"2023-04-11T09:48:15+00:00","og_image":[{"width":1920,"height":1280,"url":"https:\/\/www.laguiadepamplona.com\/actualidad\/wp-content\/uploads\/2021\/05\/nuevasterrazas_jmg5632.jpg","type":"image\/jpeg"}],"author":"La Gu\u00eda de Pamplona","twitter_card":"summary_large_image","twitter_creator":"@LaGuiadPamplona","twitter_site":"@LaGuiadPamplona","twitter_misc":{"Escrito por":"La Gu\u00eda de Pamplona","Tiempo de lectura":"2 minutos"},"schema":{"@context":"https:\/\/schema.org","@graph":[{"@type":"Article","@id":"https:\/\/www.laguiadepamplona.com\/actualidad\/la-retirada-de-las-carpas-inicia-la-desescalada-paulatina-de-las-terrazas-covid\/#article","isPartOf":{"@id":"https:\/\/www.laguiadepamplona.com\/actualidad\/la-retirada-de-las-carpas-inicia-la-desescalada-paulatina-de-las-terrazas-covid\/"},"author":{"name":"La Gu\u00eda de Pamplona","@id":"https:\/\/www.laguiadepamplona.com\/actualidad\/#\/schema\/person\/efe887376f0213d4657c93adc50b1fdb"},"headline":"La retirada de las carpas inicia la desescalada paulatina de las \u2018terrazas COVID\u2019","datePublished":"2022-04-29T16:31:48+00:00","dateModified":"2023-04-11T09:48:15+00:00","mainEntityOfPage":{"@id":"https:\/\/www.laguiadepamplona.com\/actualidad\/la-retirada-de-las-carpas-inicia-la-desescalada-paulatina-de-las-terrazas-covid\/"},"wordCount":345,"commentCount":0,"publisher":{"@id":"https:\/\/www.laguiadepamplona.com\/actualidad\/#organization"},"image":{"@id":"https:\/\/www.laguiadepamplona.com\/actualidad\/la-retirada-de-las-carpas-inicia-la-desescalada-paulatina-de-las-terrazas-covid\/#primaryimage"},"thumbnailUrl":"https:\/\/www.laguiadepamplona.com\/actualidad\/wp-content\/uploads\/2021\/05\/nuevasterrazas_jmg5632.jpg","articleSection":["Ayto Pamplona"],"inLanguage":"es","potentialAction":[{"@type":"CommentAction","name":"Comment","target":["https:\/\/www.laguiadepamplona.com\/actualidad\/la-retirada-de-las-carpas-inicia-la-desescalada-paulatina-de-las-terrazas-covid\/#respond"]}]},{"@type":"WebPage","@id":"https:\/\/www.laguiadepamplona.com\/actualidad\/la-retirada-de-las-carpas-inicia-la-desescalada-paulatina-de-las-terrazas-covid\/","url":"https:\/\/www.laguiadepamplona.com\/actualidad\/la-retirada-de-las-carpas-inicia-la-desescalada-paulatina-de-las-terrazas-covid\/","name":"La retirada de las carpas inicia la desescalada paulatina de las \u2018terrazas COVID\u2019","isPartOf":{"@id":"https:\/\/www.laguiadepamplona.com\/actualidad\/#website"},"primaryImageOfPage":{"@id":"https:\/\/www.laguiadepamplona.com\/actualidad\/la-retirada-de-las-carpas-inicia-la-desescalada-paulatina-de-las-terrazas-covid\/#primaryimage"},"image":{"@id":"https:\/\/www.laguiadepamplona.com\/actualidad\/la-retirada-de-las-carpas-inicia-la-desescalada-paulatina-de-las-terrazas-covid\/#primaryimage"},"thumbnailUrl":"https:\/\/www.laguiadepamplona.com\/actualidad\/wp-content\/uploads\/2021\/05\/nuevasterrazas_jmg5632.jpg","datePublished":"2022-04-29T16:31:48+00:00","dateModified":"2023-04-11T09:48:15+00:00","description":"De las 58 carpas autorizadas en su d\u00eda quedan 22 en uso, que ser\u00e1n las primeras en desinstalarse","breadcrumb":{"@id":"https:\/\/www.laguiadepamplona.com\/actualidad\/la-retirada-de-las-carpas-inicia-la-desescalada-paulatina-de-las-terrazas-covid\/#breadcrumb"},"inLanguage":"es","potentialAction":[{"@type":"ReadAction","target":["https:\/\/www.laguiadepamplona.com\/actualidad\/la-retirada-de-las-carpas-inicia-la-desescalada-paulatina-de-las-terrazas-covid\/"]}]},{"@type":"ImageObject","inLanguage":"es","@id":"https:\/\/www.laguiadepamplona.com\/actualidad\/la-retirada-de-las-carpas-inicia-la-desescalada-paulatina-de-las-terrazas-covid\/#primaryimage","url":"https:\/\/www.laguiadepamplona.com\/actualidad\/wp-content\/uploads\/2021\/05\/nuevasterrazas_jmg5632.jpg","contentUrl":"https:\/\/www.laguiadepamplona.com\/actualidad\/wp-content\/uploads\/2021\/05\/nuevasterrazas_jmg5632.jpg","width":1920,"height":1280,"caption":"A* Jes\u00fas Garzaron F* 2021_05_05 T* Nuevas terrazas. Hosteler\u00eda. COVID-19 L* Junto a la Plaza de Toros"},{"@type":"BreadcrumbList","@id":"https:\/\/www.laguiadepamplona.com\/actualidad\/la-retirada-de-las-carpas-inicia-la-desescalada-paulatina-de-las-terrazas-covid\/#breadcrumb","itemListElement":[{"@type":"ListItem","position":1,"name":"Portada","item":"https:\/\/www.laguiadepamplona.com\/actualidad\/"},{"@type":"ListItem","position":2,"name":"La retirada de las carpas inicia la desescalada paulatina de las \u2018terrazas COVID\u2019"}]},{"@type":"WebSite","@id":"https:\/\/www.laguiadepamplona.com\/actualidad\/#website","url":"https:\/\/www.laguiadepamplona.com\/actualidad\/","name":"La gu\u00eda de Pamplona","description":"Noticias de Pamplona","publisher":{"@id":"https:\/\/www.laguiadepamplona.com\/actualidad\/#organization"},"potentialAction":[{"@type":"SearchAction","target":{"@type":"EntryPoint","urlTemplate":"https:\/\/www.laguiadepamplona.com\/actualidad\/?s={search_term_string}"},"query-input":{"@type":"PropertyValueSpecification","valueRequired":true,"valueName":"search_term_string"}}],"inLanguage":"es"},{"@type":"Organization","@id":"https:\/\/www.laguiadepamplona.com\/actualidad\/#organization","name":"La Gu\u00eda de Pamplona \/ Noticias","url":"https:\/\/www.laguiadepamplona.com\/actualidad\/","logo":{"@type":"ImageObject","inLanguage":"es","@id":"https:\/\/www.laguiadepamplona.com\/actualidad\/#\/schema\/logo\/image\/","url":"https:\/\/www.laguiadepamplona.com\/actualidad\/wp-content\/uploads\/2018\/11\/logo-laguiadepamplona18-web1.png","contentUrl":"https:\/\/www.laguiadepamplona.com\/actualidad\/wp-content\/uploads\/2018\/11\/logo-laguiadepamplona18-web1.png","width":600,"height":196,"caption":"La Gu\u00eda de Pamplona \/ Noticias"},"image":{"@id":"https:\/\/www.laguiadepamplona.com\/actualidad\/#\/schema\/logo\/image\/"},"sameAs":["https:\/\/www.facebook.com\/laguiadepamplonacom-133175176762273\/?ref=hl","https:\/\/x.com\/LaGuiadPamplona","https:\/\/www.instagram.com\/la_guia_de_pamplona\/","https:\/\/www.youtube.com\/user\/laguiadepamplona"]},{"@type":"Person","@id":"https:\/\/www.laguiadepamplona.com\/actualidad\/#\/schema\/person\/efe887376f0213d4657c93adc50b1fdb","name":"La Gu\u00eda de Pamplona","image":{"@type":"ImageObject","inLanguage":"es","@id":"https:\/\/secure.gravatar.com\/avatar\/b6992f131dc8d30ab0dff15446e9d346d9dbd95992de0fef795073f5ea83a81c?s=96&d=mm&r=g","url":"https:\/\/secure.gravatar.com\/avatar\/b6992f131dc8d30ab0dff15446e9d346d9dbd95992de0fef795073f5ea83a81c?s=96&d=mm&r=g","contentUrl":"https:\/\/secure.gravatar.com\/avatar\/b6992f131dc8d30ab0dff15446e9d346d9dbd95992de0fef795073f5ea83a81c?s=96&d=mm&r=g","caption":"La Gu\u00eda de Pamplona"}}]}},"post_mailing_queue_ids":[],"_links":{"self":[{"href":"https:\/\/www.laguiadepamplona.com\/actualidad\/wp-json\/wp\/v2\/posts\/40132","targetHints":{"allow":["GET"]}}],"collection":[{"href":"https:\/\/www.laguiadepamplona.com\/actualidad\/wp-json\/wp\/v2\/posts"}],"about":[{"href":"https:\/\/www.laguiadepamplona.com\/actualidad\/wp-json\/wp\/v2\/types\/post"}],"author":[{"embeddable":true,"href":"https:\/\/www.laguiadepamplona.com\/actualidad\/wp-json\/wp\/v2\/users\/1"}],"replies":[{"embeddable":true,"href":"https:\/\/www.laguiadepamplona.com\/actualidad\/wp-json\/wp\/v2\/comments?post=40132"}],"version-history":[{"count":0,"href":"https:\/\/www.laguiadepamplona.com\/actualidad\/wp-json\/wp\/v2\/posts\/40132\/revisions"}],"wp:featuredmedia":[{"embeddable":true,"href":"https:\/\/www.laguiadepamplona.com\/actualidad\/wp-json\/wp\/v2\/media\/34656"}],"wp:attachment":[{"href":"https:\/\/www.laguiadepamplona.com\/actualidad\/wp-json\/wp\/v2\/media?parent=40132"}],"wp:term":[{"taxonomy":"category","embeddable":true,"href":"https:\/\/www.laguiadepamplona.com\/actualidad\/wp-json\/wp\/v2\/categories?post=40132"},{"taxonomy":"post_tag","embeddable":true,"href":"https:\/\/www.laguiadepamplona.com\/actualidad\/wp-json\/wp\/v2\/tags?post=40132"}],"curies":[{"name":"wp","href":"https:\/\/api.w.org\/{rel}","templated":true}]}}