{"id":40128,"date":"2022-04-29T18:30:36","date_gmt":"2022-04-29T16:30:36","guid":{"rendered":"https:\/\/www.laguiadepamplona.com\/actualidad\/?p=40128"},"modified":"2023-04-11T11:48:15","modified_gmt":"2023-04-11T09:48:15","slug":"la-asociacion-alas-de-ucrania-entrega-al-alcalde-un-diploma-de-agradecimiento-por-la-colaboracion-en-el-cluster-sos-ucrania","status":"publish","type":"post","link":"https:\/\/www.laguiadepamplona.com\/actualidad\/la-asociacion-alas-de-ucrania-entrega-al-alcalde-un-diploma-de-agradecimiento-por-la-colaboracion-en-el-cluster-sos-ucrania\/","title":{"rendered":"La asociaci\u00f3n \u2018Alas de Ucrania\u2019 entrega al alcalde un diploma de agradecimiento por la colaboraci\u00f3n en el \u2018Cl\u00faster SOS Ucrania\u2019"},"content":{"rendered":"<h5>La asociaci\u00f3n fue una de las creadoras de esta iniciativa de ayuda desde Navarra, de la que tambi\u00e9n forma parte el Ayuntamiento de Pamplona<\/h5>\n<p><!--more--><\/p>\n<p>El alcalde Enrique Maya ha recibido en la Casa Consistorial a representantes de la asociaci\u00f3n \u2018Alas de Ucrania\u2019, una de las fundadoras del \u2018Cl\u00faster SOS Ucrania\u2019, que se encarga de coordinar en Navarra la recogida de toda la ayuda posible para asistir a los refugiados y damnificados por la guerra. La asociaci\u00f3n ha hecho entrega al Ayuntamiento de Pamplona de un diploma de agradecimiento por su colaboraci\u00f3n en esta labor.<\/p>\n<p>A la reuni\u00f3n, que ha tenido lugar esta ma\u00f1ana en el despacho del alcalde, han acudido las representantes de la asociaci\u00f3n \u2018Alas de Ucrania\u2019 Nataliya Dzyudz, Olena Skorobogatko Chebotarova y Darina Kosarim.<br \/>\n<script async src=\"\/\/pagead2.googlesyndication.com\/pagead\/js\/adsbygoogle.js\"><\/script><br \/>\n<!-- Noticias La Guia de Pamplona --><br \/>\n<ins class=\"adsbygoogle\"\nstyle=\"display:block\"\ndata-ad-client=\"ca-pub-6943679897239327\"\ndata-ad-slot=\"7048180777\"\ndata-ad-format=\"auto\"><\/ins><br \/>\n<script>\n(adsbygoogle = window.adsbygoogle || []).push({});\n<\/script><\/p>\n<p>El \u2018Cl\u00faster SOS Ucrania\u2019 es una iniciativa que parti\u00f3 nada m\u00e1s empezar la guerra de las asociaciones \u2018Alas de Ucrania\u2019 y \u2018Berehynia\u2019, y en la que tambi\u00e9n participa el Ayuntamiento de Pamplona, as\u00ed como otras instituciones, entidades, empresas, personas voluntarias, cuerpos de seguridad u Organizaci\u00f3nes No Gubernamentales. Desde esta nueva entidad se canaliza toda la ayuda humanitaria que se est\u00e1 recopilando en los m\u00e1s de cincuenta puntos creados y repartidos por toda la Comunidad foral. Todo lo que se re\u00fane se distribuye en Ucrania y sus inmediaciones a trav\u00e9s de una v\u00eda de contacto que se ha conseguido en la zona.<\/p>\n","protected":false},"excerpt":{"rendered":"<p>La asociaci\u00f3n fue una de las creadoras de esta iniciativa de ayuda desde Navarra, de la que tambi\u00e9n forma parte el Ayuntamiento de Pamplona<\/p>\n","protected":false},"author":1,"featured_media":40130,"comment_status":"open","ping_status":"closed","sticky":false,"template":"","format":"standard","meta":{"footnotes":""},"categories":[2],"tags":[],"class_list":["post-40128","post","type-post","status-publish","format-standard","has-post-thumbnail","hentry","category-ayuntamiento-pamplona"],"yoast_head":"<!-- This site is optimized with the Yoast SEO plugin v27.3 - https:\/\/yoast.com\/product\/yoast-seo-wordpress\/ -->\n<title>La asociaci\u00f3n \u2018Alas de Ucrania\u2019 entrega al alcalde un diploma de agradecimiento por la colaboraci\u00f3n en el \u2018Cl\u00faster SOS Ucrania\u2019<\/title>\n<meta name=\"description\" content=\"La asociaci\u00f3n fue una de las creadoras de esta iniciativa de ayuda desde Navarra, de la que tambi\u00e9n forma parte el Ayuntamiento de Pamplona\" \/>\n<meta name=\"robots\" content=\"index, follow, max-snippet:-1, max-image-preview:large, max-video-preview:-1\" \/>\n<link rel=\"canonical\" href=\"https:\/\/www.laguiadepamplona.com\/actualidad\/la-asociacion-alas-de-ucrania-entrega-al-alcalde-un-diploma-de-agradecimiento-por-la-colaboracion-en-el-cluster-sos-ucrania\/\" \/>\n<meta property=\"og:locale\" content=\"es_ES\" \/>\n<meta property=\"og:type\" content=\"article\" \/>\n<meta property=\"og:title\" content=\"La asociaci\u00f3n \u2018Alas de Ucrania\u2019 entrega al alcalde un diploma de agradecimiento por la colaboraci\u00f3n en el \u2018Cl\u00faster SOS Ucrania\u2019\" \/>\n<meta property=\"og:description\" content=\"La asociaci\u00f3n fue una de las creadoras de esta iniciativa de ayuda desde Navarra, de la que tambi\u00e9n forma parte el Ayuntamiento de Pamplona\" \/>\n<meta property=\"og:url\" content=\"https:\/\/www.laguiadepamplona.com\/actualidad\/la-asociacion-alas-de-ucrania-entrega-al-alcalde-un-diploma-de-agradecimiento-por-la-colaboracion-en-el-cluster-sos-ucrania\/\" \/>\n<meta property=\"og:site_name\" content=\"La Gu\u00eda de Pamplona\" \/>\n<meta property=\"article:publisher\" content=\"https:\/\/www.facebook.com\/laguiadepamplonacom-133175176762273\/?ref=hl\" \/>\n<meta property=\"article:published_time\" content=\"2022-04-29T16:30:36+00:00\" \/>\n<meta property=\"article:modified_time\" content=\"2023-04-11T09:48:15+00:00\" \/>\n<meta property=\"og:image\" content=\"https:\/\/www.laguiadepamplona.com\/actualidad\/wp-content\/uploads\/2022\/04\/asociacalasdeucraniaee5a6512.jpg\" \/>\n\t<meta property=\"og:image:width\" content=\"1920\" \/>\n\t<meta property=\"og:image:height\" content=\"1280\" \/>\n\t<meta property=\"og:image:type\" content=\"image\/jpeg\" \/>\n<meta name=\"author\" content=\"La Gu\u00eda de Pamplona\" \/>\n<meta name=\"twitter:card\" content=\"summary_large_image\" \/>\n<meta name=\"twitter:creator\" content=\"@LaGuiadPamplona\" \/>\n<meta name=\"twitter:site\" content=\"@LaGuiadPamplona\" \/>\n<meta name=\"twitter:label1\" content=\"Escrito por\" \/>\n\t<meta name=\"twitter:data1\" content=\"La Gu\u00eda de Pamplona\" \/>\n\t<meta name=\"twitter:label2\" content=\"Tiempo de lectura\" \/>\n\t<meta name=\"twitter:data2\" content=\"2 minutos\" \/>\n<script type=\"application\/ld+json\" class=\"yoast-schema-graph\">{\"@context\":\"https:\\\/\\\/schema.org\",\"@graph\":[{\"@type\":\"Article\",\"@id\":\"https:\\\/\\\/www.laguiadepamplona.com\\\/actualidad\\\/la-asociacion-alas-de-ucrania-entrega-al-alcalde-un-diploma-de-agradecimiento-por-la-colaboracion-en-el-cluster-sos-ucrania\\\/#article\",\"isPartOf\":{\"@id\":\"https:\\\/\\\/www.laguiadepamplona.com\\\/actualidad\\\/la-asociacion-alas-de-ucrania-entrega-al-alcalde-un-diploma-de-agradecimiento-por-la-colaboracion-en-el-cluster-sos-ucrania\\\/\"},\"author\":{\"name\":\"La Gu\u00eda de Pamplona\",\"@id\":\"https:\\\/\\\/www.laguiadepamplona.com\\\/actualidad\\\/#\\\/schema\\\/person\\\/efe887376f0213d4657c93adc50b1fdb\"},\"headline\":\"La asociaci\u00f3n \u2018Alas de Ucrania\u2019 entrega al alcalde un diploma de agradecimiento por la colaboraci\u00f3n en el \u2018Cl\u00faster SOS Ucrania\u2019\",\"datePublished\":\"2022-04-29T16:30:36+00:00\",\"dateModified\":\"2023-04-11T09:48:15+00:00\",\"mainEntityOfPage\":{\"@id\":\"https:\\\/\\\/www.laguiadepamplona.com\\\/actualidad\\\/la-asociacion-alas-de-ucrania-entrega-al-alcalde-un-diploma-de-agradecimiento-por-la-colaboracion-en-el-cluster-sos-ucrania\\\/\"},\"wordCount\":267,\"commentCount\":0,\"publisher\":{\"@id\":\"https:\\\/\\\/www.laguiadepamplona.com\\\/actualidad\\\/#organization\"},\"image\":{\"@id\":\"https:\\\/\\\/www.laguiadepamplona.com\\\/actualidad\\\/la-asociacion-alas-de-ucrania-entrega-al-alcalde-un-diploma-de-agradecimiento-por-la-colaboracion-en-el-cluster-sos-ucrania\\\/#primaryimage\"},\"thumbnailUrl\":\"https:\\\/\\\/www.laguiadepamplona.com\\\/actualidad\\\/wp-content\\\/uploads\\\/2022\\\/04\\\/asociacalasdeucraniaee5a6512.jpg\",\"articleSection\":[\"Ayto Pamplona\"],\"inLanguage\":\"es\",\"potentialAction\":[{\"@type\":\"CommentAction\",\"name\":\"Comment\",\"target\":[\"https:\\\/\\\/www.laguiadepamplona.com\\\/actualidad\\\/la-asociacion-alas-de-ucrania-entrega-al-alcalde-un-diploma-de-agradecimiento-por-la-colaboracion-en-el-cluster-sos-ucrania\\\/#respond\"]}]},{\"@type\":\"WebPage\",\"@id\":\"https:\\\/\\\/www.laguiadepamplona.com\\\/actualidad\\\/la-asociacion-alas-de-ucrania-entrega-al-alcalde-un-diploma-de-agradecimiento-por-la-colaboracion-en-el-cluster-sos-ucrania\\\/\",\"url\":\"https:\\\/\\\/www.laguiadepamplona.com\\\/actualidad\\\/la-asociacion-alas-de-ucrania-entrega-al-alcalde-un-diploma-de-agradecimiento-por-la-colaboracion-en-el-cluster-sos-ucrania\\\/\",\"name\":\"La asociaci\u00f3n \u2018Alas de Ucrania\u2019 entrega al alcalde un diploma de agradecimiento por la colaboraci\u00f3n en el \u2018Cl\u00faster SOS Ucrania\u2019\",\"isPartOf\":{\"@id\":\"https:\\\/\\\/www.laguiadepamplona.com\\\/actualidad\\\/#website\"},\"primaryImageOfPage\":{\"@id\":\"https:\\\/\\\/www.laguiadepamplona.com\\\/actualidad\\\/la-asociacion-alas-de-ucrania-entrega-al-alcalde-un-diploma-de-agradecimiento-por-la-colaboracion-en-el-cluster-sos-ucrania\\\/#primaryimage\"},\"image\":{\"@id\":\"https:\\\/\\\/www.laguiadepamplona.com\\\/actualidad\\\/la-asociacion-alas-de-ucrania-entrega-al-alcalde-un-diploma-de-agradecimiento-por-la-colaboracion-en-el-cluster-sos-ucrania\\\/#primaryimage\"},\"thumbnailUrl\":\"https:\\\/\\\/www.laguiadepamplona.com\\\/actualidad\\\/wp-content\\\/uploads\\\/2022\\\/04\\\/asociacalasdeucraniaee5a6512.jpg\",\"datePublished\":\"2022-04-29T16:30:36+00:00\",\"dateModified\":\"2023-04-11T09:48:15+00:00\",\"description\":\"La asociaci\u00f3n fue una de las creadoras de esta iniciativa de ayuda desde Navarra, de la que tambi\u00e9n forma parte el Ayuntamiento de Pamplona\",\"breadcrumb\":{\"@id\":\"https:\\\/\\\/www.laguiadepamplona.com\\\/actualidad\\\/la-asociacion-alas-de-ucrania-entrega-al-alcalde-un-diploma-de-agradecimiento-por-la-colaboracion-en-el-cluster-sos-ucrania\\\/#breadcrumb\"},\"inLanguage\":\"es\",\"potentialAction\":[{\"@type\":\"ReadAction\",\"target\":[\"https:\\\/\\\/www.laguiadepamplona.com\\\/actualidad\\\/la-asociacion-alas-de-ucrania-entrega-al-alcalde-un-diploma-de-agradecimiento-por-la-colaboracion-en-el-cluster-sos-ucrania\\\/\"]}]},{\"@type\":\"ImageObject\",\"inLanguage\":\"es\",\"@id\":\"https:\\\/\\\/www.laguiadepamplona.com\\\/actualidad\\\/la-asociacion-alas-de-ucrania-entrega-al-alcalde-un-diploma-de-agradecimiento-por-la-colaboracion-en-el-cluster-sos-ucrania\\\/#primaryimage\",\"url\":\"https:\\\/\\\/www.laguiadepamplona.com\\\/actualidad\\\/wp-content\\\/uploads\\\/2022\\\/04\\\/asociacalasdeucraniaee5a6512.jpg\",\"contentUrl\":\"https:\\\/\\\/www.laguiadepamplona.com\\\/actualidad\\\/wp-content\\\/uploads\\\/2022\\\/04\\\/asociacalasdeucraniaee5a6512.jpg\",\"width\":1920,\"height\":1280},{\"@type\":\"BreadcrumbList\",\"@id\":\"https:\\\/\\\/www.laguiadepamplona.com\\\/actualidad\\\/la-asociacion-alas-de-ucrania-entrega-al-alcalde-un-diploma-de-agradecimiento-por-la-colaboracion-en-el-cluster-sos-ucrania\\\/#breadcrumb\",\"itemListElement\":[{\"@type\":\"ListItem\",\"position\":1,\"name\":\"Portada\",\"item\":\"https:\\\/\\\/www.laguiadepamplona.com\\\/actualidad\\\/\"},{\"@type\":\"ListItem\",\"position\":2,\"name\":\"La asociaci\u00f3n \u2018Alas de Ucrania\u2019 entrega al alcalde un diploma de agradecimiento por la colaboraci\u00f3n en el \u2018Cl\u00faster SOS Ucrania\u2019\"}]},{\"@type\":\"WebSite\",\"@id\":\"https:\\\/\\\/www.laguiadepamplona.com\\\/actualidad\\\/#website\",\"url\":\"https:\\\/\\\/www.laguiadepamplona.com\\\/actualidad\\\/\",\"name\":\"La gu\u00eda de Pamplona\",\"description\":\"Noticias de Pamplona\",\"publisher\":{\"@id\":\"https:\\\/\\\/www.laguiadepamplona.com\\\/actualidad\\\/#organization\"},\"potentialAction\":[{\"@type\":\"SearchAction\",\"target\":{\"@type\":\"EntryPoint\",\"urlTemplate\":\"https:\\\/\\\/www.laguiadepamplona.com\\\/actualidad\\\/?s={search_term_string}\"},\"query-input\":{\"@type\":\"PropertyValueSpecification\",\"valueRequired\":true,\"valueName\":\"search_term_string\"}}],\"inLanguage\":\"es\"},{\"@type\":\"Organization\",\"@id\":\"https:\\\/\\\/www.laguiadepamplona.com\\\/actualidad\\\/#organization\",\"name\":\"La Gu\u00eda de Pamplona \\\/ Noticias\",\"url\":\"https:\\\/\\\/www.laguiadepamplona.com\\\/actualidad\\\/\",\"logo\":{\"@type\":\"ImageObject\",\"inLanguage\":\"es\",\"@id\":\"https:\\\/\\\/www.laguiadepamplona.com\\\/actualidad\\\/#\\\/schema\\\/logo\\\/image\\\/\",\"url\":\"https:\\\/\\\/www.laguiadepamplona.com\\\/actualidad\\\/wp-content\\\/uploads\\\/2018\\\/11\\\/logo-laguiadepamplona18-web1.png\",\"contentUrl\":\"https:\\\/\\\/www.laguiadepamplona.com\\\/actualidad\\\/wp-content\\\/uploads\\\/2018\\\/11\\\/logo-laguiadepamplona18-web1.png\",\"width\":600,\"height\":196,\"caption\":\"La Gu\u00eda de Pamplona \\\/ Noticias\"},\"image\":{\"@id\":\"https:\\\/\\\/www.laguiadepamplona.com\\\/actualidad\\\/#\\\/schema\\\/logo\\\/image\\\/\"},\"sameAs\":[\"https:\\\/\\\/www.facebook.com\\\/laguiadepamplonacom-133175176762273\\\/?ref=hl\",\"https:\\\/\\\/x.com\\\/LaGuiadPamplona\",\"https:\\\/\\\/www.instagram.com\\\/la_guia_de_pamplona\\\/\",\"https:\\\/\\\/www.youtube.com\\\/user\\\/laguiadepamplona\"]},{\"@type\":\"Person\",\"@id\":\"https:\\\/\\\/www.laguiadepamplona.com\\\/actualidad\\\/#\\\/schema\\\/person\\\/efe887376f0213d4657c93adc50b1fdb\",\"name\":\"La Gu\u00eda de Pamplona\",\"image\":{\"@type\":\"ImageObject\",\"inLanguage\":\"es\",\"@id\":\"https:\\\/\\\/secure.gravatar.com\\\/avatar\\\/b6992f131dc8d30ab0dff15446e9d346d9dbd95992de0fef795073f5ea83a81c?s=96&d=mm&r=g\",\"url\":\"https:\\\/\\\/secure.gravatar.com\\\/avatar\\\/b6992f131dc8d30ab0dff15446e9d346d9dbd95992de0fef795073f5ea83a81c?s=96&d=mm&r=g\",\"contentUrl\":\"https:\\\/\\\/secure.gravatar.com\\\/avatar\\\/b6992f131dc8d30ab0dff15446e9d346d9dbd95992de0fef795073f5ea83a81c?s=96&d=mm&r=g\",\"caption\":\"La Gu\u00eda de Pamplona\"}}]}<\/script>\n<!-- \/ Yoast SEO plugin. -->","yoast_head_json":{"title":"La asociaci\u00f3n \u2018Alas de Ucrania\u2019 entrega al alcalde un diploma de agradecimiento por la colaboraci\u00f3n en el \u2018Cl\u00faster SOS Ucrania\u2019","description":"La asociaci\u00f3n fue una de las creadoras de esta iniciativa de ayuda desde Navarra, de la que tambi\u00e9n forma parte el Ayuntamiento de Pamplona","robots":{"index":"index","follow":"follow","max-snippet":"max-snippet:-1","max-image-preview":"max-image-preview:large","max-video-preview":"max-video-preview:-1"},"canonical":"https:\/\/www.laguiadepamplona.com\/actualidad\/la-asociacion-alas-de-ucrania-entrega-al-alcalde-un-diploma-de-agradecimiento-por-la-colaboracion-en-el-cluster-sos-ucrania\/","og_locale":"es_ES","og_type":"article","og_title":"La asociaci\u00f3n \u2018Alas de Ucrania\u2019 entrega al alcalde un diploma de agradecimiento por la colaboraci\u00f3n en el \u2018Cl\u00faster SOS Ucrania\u2019","og_description":"La asociaci\u00f3n fue una de las creadoras de esta iniciativa de ayuda desde Navarra, de la que tambi\u00e9n forma parte el Ayuntamiento de Pamplona","og_url":"https:\/\/www.laguiadepamplona.com\/actualidad\/la-asociacion-alas-de-ucrania-entrega-al-alcalde-un-diploma-de-agradecimiento-por-la-colaboracion-en-el-cluster-sos-ucrania\/","og_site_name":"La Gu\u00eda de Pamplona","article_publisher":"https:\/\/www.facebook.com\/laguiadepamplonacom-133175176762273\/?ref=hl","article_published_time":"2022-04-29T16:30:36+00:00","article_modified_time":"2023-04-11T09:48:15+00:00","og_image":[{"width":1920,"height":1280,"url":"https:\/\/www.laguiadepamplona.com\/actualidad\/wp-content\/uploads\/2022\/04\/asociacalasdeucraniaee5a6512.jpg","type":"image\/jpeg"}],"author":"La Gu\u00eda de Pamplona","twitter_card":"summary_large_image","twitter_creator":"@LaGuiadPamplona","twitter_site":"@LaGuiadPamplona","twitter_misc":{"Escrito por":"La Gu\u00eda de Pamplona","Tiempo de lectura":"2 minutos"},"schema":{"@context":"https:\/\/schema.org","@graph":[{"@type":"Article","@id":"https:\/\/www.laguiadepamplona.com\/actualidad\/la-asociacion-alas-de-ucrania-entrega-al-alcalde-un-diploma-de-agradecimiento-por-la-colaboracion-en-el-cluster-sos-ucrania\/#article","isPartOf":{"@id":"https:\/\/www.laguiadepamplona.com\/actualidad\/la-asociacion-alas-de-ucrania-entrega-al-alcalde-un-diploma-de-agradecimiento-por-la-colaboracion-en-el-cluster-sos-ucrania\/"},"author":{"name":"La Gu\u00eda de Pamplona","@id":"https:\/\/www.laguiadepamplona.com\/actualidad\/#\/schema\/person\/efe887376f0213d4657c93adc50b1fdb"},"headline":"La asociaci\u00f3n \u2018Alas de Ucrania\u2019 entrega al alcalde un diploma de agradecimiento por la colaboraci\u00f3n en el \u2018Cl\u00faster SOS Ucrania\u2019","datePublished":"2022-04-29T16:30:36+00:00","dateModified":"2023-04-11T09:48:15+00:00","mainEntityOfPage":{"@id":"https:\/\/www.laguiadepamplona.com\/actualidad\/la-asociacion-alas-de-ucrania-entrega-al-alcalde-un-diploma-de-agradecimiento-por-la-colaboracion-en-el-cluster-sos-ucrania\/"},"wordCount":267,"commentCount":0,"publisher":{"@id":"https:\/\/www.laguiadepamplona.com\/actualidad\/#organization"},"image":{"@id":"https:\/\/www.laguiadepamplona.com\/actualidad\/la-asociacion-alas-de-ucrania-entrega-al-alcalde-un-diploma-de-agradecimiento-por-la-colaboracion-en-el-cluster-sos-ucrania\/#primaryimage"},"thumbnailUrl":"https:\/\/www.laguiadepamplona.com\/actualidad\/wp-content\/uploads\/2022\/04\/asociacalasdeucraniaee5a6512.jpg","articleSection":["Ayto Pamplona"],"inLanguage":"es","potentialAction":[{"@type":"CommentAction","name":"Comment","target":["https:\/\/www.laguiadepamplona.com\/actualidad\/la-asociacion-alas-de-ucrania-entrega-al-alcalde-un-diploma-de-agradecimiento-por-la-colaboracion-en-el-cluster-sos-ucrania\/#respond"]}]},{"@type":"WebPage","@id":"https:\/\/www.laguiadepamplona.com\/actualidad\/la-asociacion-alas-de-ucrania-entrega-al-alcalde-un-diploma-de-agradecimiento-por-la-colaboracion-en-el-cluster-sos-ucrania\/","url":"https:\/\/www.laguiadepamplona.com\/actualidad\/la-asociacion-alas-de-ucrania-entrega-al-alcalde-un-diploma-de-agradecimiento-por-la-colaboracion-en-el-cluster-sos-ucrania\/","name":"La asociaci\u00f3n \u2018Alas de Ucrania\u2019 entrega al alcalde un diploma de agradecimiento por la colaboraci\u00f3n en el \u2018Cl\u00faster SOS Ucrania\u2019","isPartOf":{"@id":"https:\/\/www.laguiadepamplona.com\/actualidad\/#website"},"primaryImageOfPage":{"@id":"https:\/\/www.laguiadepamplona.com\/actualidad\/la-asociacion-alas-de-ucrania-entrega-al-alcalde-un-diploma-de-agradecimiento-por-la-colaboracion-en-el-cluster-sos-ucrania\/#primaryimage"},"image":{"@id":"https:\/\/www.laguiadepamplona.com\/actualidad\/la-asociacion-alas-de-ucrania-entrega-al-alcalde-un-diploma-de-agradecimiento-por-la-colaboracion-en-el-cluster-sos-ucrania\/#primaryimage"},"thumbnailUrl":"https:\/\/www.laguiadepamplona.com\/actualidad\/wp-content\/uploads\/2022\/04\/asociacalasdeucraniaee5a6512.jpg","datePublished":"2022-04-29T16:30:36+00:00","dateModified":"2023-04-11T09:48:15+00:00","description":"La asociaci\u00f3n fue una de las creadoras de esta iniciativa de ayuda desde Navarra, de la que tambi\u00e9n forma parte el Ayuntamiento de Pamplona","breadcrumb":{"@id":"https:\/\/www.laguiadepamplona.com\/actualidad\/la-asociacion-alas-de-ucrania-entrega-al-alcalde-un-diploma-de-agradecimiento-por-la-colaboracion-en-el-cluster-sos-ucrania\/#breadcrumb"},"inLanguage":"es","potentialAction":[{"@type":"ReadAction","target":["https:\/\/www.laguiadepamplona.com\/actualidad\/la-asociacion-alas-de-ucrania-entrega-al-alcalde-un-diploma-de-agradecimiento-por-la-colaboracion-en-el-cluster-sos-ucrania\/"]}]},{"@type":"ImageObject","inLanguage":"es","@id":"https:\/\/www.laguiadepamplona.com\/actualidad\/la-asociacion-alas-de-ucrania-entrega-al-alcalde-un-diploma-de-agradecimiento-por-la-colaboracion-en-el-cluster-sos-ucrania\/#primaryimage","url":"https:\/\/www.laguiadepamplona.com\/actualidad\/wp-content\/uploads\/2022\/04\/asociacalasdeucraniaee5a6512.jpg","contentUrl":"https:\/\/www.laguiadepamplona.com\/actualidad\/wp-content\/uploads\/2022\/04\/asociacalasdeucraniaee5a6512.jpg","width":1920,"height":1280},{"@type":"BreadcrumbList","@id":"https:\/\/www.laguiadepamplona.com\/actualidad\/la-asociacion-alas-de-ucrania-entrega-al-alcalde-un-diploma-de-agradecimiento-por-la-colaboracion-en-el-cluster-sos-ucrania\/#breadcrumb","itemListElement":[{"@type":"ListItem","position":1,"name":"Portada","item":"https:\/\/www.laguiadepamplona.com\/actualidad\/"},{"@type":"ListItem","position":2,"name":"La asociaci\u00f3n \u2018Alas de Ucrania\u2019 entrega al alcalde un diploma de agradecimiento por la colaboraci\u00f3n en el \u2018Cl\u00faster SOS Ucrania\u2019"}]},{"@type":"WebSite","@id":"https:\/\/www.laguiadepamplona.com\/actualidad\/#website","url":"https:\/\/www.laguiadepamplona.com\/actualidad\/","name":"La gu\u00eda de Pamplona","description":"Noticias de Pamplona","publisher":{"@id":"https:\/\/www.laguiadepamplona.com\/actualidad\/#organization"},"potentialAction":[{"@type":"SearchAction","target":{"@type":"EntryPoint","urlTemplate":"https:\/\/www.laguiadepamplona.com\/actualidad\/?s={search_term_string}"},"query-input":{"@type":"PropertyValueSpecification","valueRequired":true,"valueName":"search_term_string"}}],"inLanguage":"es"},{"@type":"Organization","@id":"https:\/\/www.laguiadepamplona.com\/actualidad\/#organization","name":"La Gu\u00eda de Pamplona \/ Noticias","url":"https:\/\/www.laguiadepamplona.com\/actualidad\/","logo":{"@type":"ImageObject","inLanguage":"es","@id":"https:\/\/www.laguiadepamplona.com\/actualidad\/#\/schema\/logo\/image\/","url":"https:\/\/www.laguiadepamplona.com\/actualidad\/wp-content\/uploads\/2018\/11\/logo-laguiadepamplona18-web1.png","contentUrl":"https:\/\/www.laguiadepamplona.com\/actualidad\/wp-content\/uploads\/2018\/11\/logo-laguiadepamplona18-web1.png","width":600,"height":196,"caption":"La Gu\u00eda de Pamplona \/ Noticias"},"image":{"@id":"https:\/\/www.laguiadepamplona.com\/actualidad\/#\/schema\/logo\/image\/"},"sameAs":["https:\/\/www.facebook.com\/laguiadepamplonacom-133175176762273\/?ref=hl","https:\/\/x.com\/LaGuiadPamplona","https:\/\/www.instagram.com\/la_guia_de_pamplona\/","https:\/\/www.youtube.com\/user\/laguiadepamplona"]},{"@type":"Person","@id":"https:\/\/www.laguiadepamplona.com\/actualidad\/#\/schema\/person\/efe887376f0213d4657c93adc50b1fdb","name":"La Gu\u00eda de Pamplona","image":{"@type":"ImageObject","inLanguage":"es","@id":"https:\/\/secure.gravatar.com\/avatar\/b6992f131dc8d30ab0dff15446e9d346d9dbd95992de0fef795073f5ea83a81c?s=96&d=mm&r=g","url":"https:\/\/secure.gravatar.com\/avatar\/b6992f131dc8d30ab0dff15446e9d346d9dbd95992de0fef795073f5ea83a81c?s=96&d=mm&r=g","contentUrl":"https:\/\/secure.gravatar.com\/avatar\/b6992f131dc8d30ab0dff15446e9d346d9dbd95992de0fef795073f5ea83a81c?s=96&d=mm&r=g","caption":"La Gu\u00eda de Pamplona"}}]}},"post_mailing_queue_ids":[],"_links":{"self":[{"href":"https:\/\/www.laguiadepamplona.com\/actualidad\/wp-json\/wp\/v2\/posts\/40128","targetHints":{"allow":["GET"]}}],"collection":[{"href":"https:\/\/www.laguiadepamplona.com\/actualidad\/wp-json\/wp\/v2\/posts"}],"about":[{"href":"https:\/\/www.laguiadepamplona.com\/actualidad\/wp-json\/wp\/v2\/types\/post"}],"author":[{"embeddable":true,"href":"https:\/\/www.laguiadepamplona.com\/actualidad\/wp-json\/wp\/v2\/users\/1"}],"replies":[{"embeddable":true,"href":"https:\/\/www.laguiadepamplona.com\/actualidad\/wp-json\/wp\/v2\/comments?post=40128"}],"version-history":[{"count":0,"href":"https:\/\/www.laguiadepamplona.com\/actualidad\/wp-json\/wp\/v2\/posts\/40128\/revisions"}],"wp:featuredmedia":[{"embeddable":true,"href":"https:\/\/www.laguiadepamplona.com\/actualidad\/wp-json\/wp\/v2\/media\/40130"}],"wp:attachment":[{"href":"https:\/\/www.laguiadepamplona.com\/actualidad\/wp-json\/wp\/v2\/media?parent=40128"}],"wp:term":[{"taxonomy":"category","embeddable":true,"href":"https:\/\/www.laguiadepamplona.com\/actualidad\/wp-json\/wp\/v2\/categories?post=40128"},{"taxonomy":"post_tag","embeddable":true,"href":"https:\/\/www.laguiadepamplona.com\/actualidad\/wp-json\/wp\/v2\/tags?post=40128"}],"curies":[{"name":"wp","href":"https:\/\/api.w.org\/{rel}","templated":true}]}}