{"id":40125,"date":"2022-04-29T18:28:41","date_gmt":"2022-04-29T16:28:41","guid":{"rendered":"https:\/\/www.laguiadepamplona.com\/actualidad\/?p=40125"},"modified":"2023-04-11T11:48:15","modified_gmt":"2023-04-11T09:48:15","slug":"la-segunda-edicion-de-pamplona-emprende-economia-verde-ofrece-formacion-para-idear-construir-y-desarrollar-un-proyecto-empresarial-relacionado-con-ese-sector","status":"publish","type":"post","link":"https:\/\/www.laguiadepamplona.com\/actualidad\/la-segunda-edicion-de-pamplona-emprende-economia-verde-ofrece-formacion-para-idear-construir-y-desarrollar-un-proyecto-empresarial-relacionado-con-ese-sector\/","title":{"rendered":"La segunda edici\u00f3n de \u2018Pamplona Emprende. Econom\u00eda Verde\u2019 ofrece formaci\u00f3n para idear, construir y desarrollar un proyecto empresarial relacionado con ese sector"},"content":{"rendered":"<h5>El 17 de junio finaliza el plazo de inscripci\u00f3n, tras el que se seleccionar\u00e1 a un m\u00e1ximo de 20 personas que acceder\u00e1n al programa formativo<\/h5>\n<p><!--more--><\/p>\n<p>Ya est\u00e1n abiertas las inscripciones para la segunda edici\u00f3n del programa \u2018Pamplona Emprende. Econom\u00eda Verde\u2019. El Ayuntamiento de Pamplona y la sociedad p\u00fablica Centro Europeo de Empresas e Innovaci\u00f3n de Navarra (CEIN) colaboran de nuevo para apoyar y formar a personas que quieran descubrir y desarrollar ideas de negocio en \u00e1mbitos vinculados a la econom\u00eda verde, como la energ\u00eda, la eficiencia, el reciclaje, la sostenibilidad o la econom\u00eda circular, entre otros.<\/p>\n<p>Quienes tengan inter\u00e9s en formar parte programa formativo se pueden apuntar hasta el 17 de junio a trav\u00e9s de <a href=\"https:\/\/ceinnavarra.typeform.com\/to\/u4HMbEhZ\" target=\"_blank\" rel=\"noopener\">un formulario<\/a>, disponible en las p\u00e1ginas web tanto del Ayuntamiento de Pamplona como de CEIN, y recibir\u00e1n informaci\u00f3n sobre c\u00f3mo se va a desarrollar el programa. Entre quienes se inscriban, se seleccionar\u00e1 a un m\u00e1ximo de 20 personas, que son las que acceder\u00e1n a las 300 horas del programa formativo, que se desarrollar\u00e1 entre los meses de septiembre y diciembre.<br \/>\n<script async src=\"\/\/pagead2.googlesyndication.com\/pagead\/js\/adsbygoogle.js\"><\/script><br \/>\n<!-- Noticias La Guia de Pamplona --><br \/>\n<ins class=\"adsbygoogle\"\nstyle=\"display:block\"\ndata-ad-client=\"ca-pub-6943679897239327\"\ndata-ad-slot=\"7048180777\"\ndata-ad-format=\"auto\"><\/ins><br \/>\n<script>\n(adsbygoogle = window.adsbygoogle || []).push({});\n<\/script><\/p>\n<p>Contar\u00e1n con formaci\u00f3n espec\u00edfica en emprendimiento, con metodolog\u00edas <em>Learning by doing<\/em> (aprender haciendo) y <em>Lean<\/em> para definir y configurar sus ideas y convertirlas en proyectos empresariales, y desarrollar\u00e1n tambi\u00e9n sus competencias emprendedoras. Entre otras tem\u00e1ticas, abordar\u00e1n la creatividad y la innovaci\u00f3n, la identificaci\u00f3n de recursos personales para emprender, la propuesta de valor, el marketing, la financiaci\u00f3n o las ventas. El trabajo ser\u00e1 grupal y tambi\u00e9n individual.<\/p>\n<p>Quienes participen aprender\u00e1n a idear un proyecto de emprendimiento y a darle forma para que pueda convertirse en una nueva empresa. Para ello, contar\u00e1n con personas expertas en emprendimiento de CEIN, as\u00ed como con expertas y expertos en sectores de oportunidades para emprender en la econom\u00eda verde y con mentoras y mentores que aportar\u00e1n feedback a los proyectos.<br \/>\n<script async src=\"\/\/pagead2.googlesyndication.com\/pagead\/js\/adsbygoogle.js\"><\/script><br \/>\n<!-- Noticias La Guia de Pamplona --><br \/>\n<ins class=\"adsbygoogle\"\nstyle=\"display:block\"\ndata-ad-client=\"ca-pub-6943679897239327\"\ndata-ad-slot=\"7048180777\"\ndata-ad-format=\"auto\"><\/ins><br \/>\n<script>\n(adsbygoogle = window.adsbygoogle || []).push({});\n<\/script><\/p>\n<p><strong>Masterclass online abiertas<\/strong><\/p>\n<p>Durante este plazo de inscripci\u00f3n, el programa ofrecer\u00e1 a personas interesadas ideas e inspiraci\u00f3n sobre las oportunidades que ofrece la econom\u00eda verde para la generaci\u00f3n de nuevos negocios, a trav\u00e9s de tres masterclass online, de la mano de personas expertas, as\u00ed como experiencias de personas que han emprendido en ese \u00e1mbito. Estas sesiones estar\u00e1n accesibles a trav\u00e9s de las webs del Ayuntamiento de Pamplona y de CEIN.<\/p>\n<p>El 4 de mayo se podr\u00e1 acceder a la charla \u2018Emprendimiento en econom\u00eda circular. European Green Deal\u2019, impartida por Carlos Le\u00f3n, confundador de Sustainn, una de las primeras consultoras de econom\u00eda circular en Espa\u00f1a. Ingeniero Industrial, especialidad mec\u00e1nica, por la UPNA, con DEA (Diploma de Estudios Avanzados) en Ingenier\u00eda de Materiales y Fabricaci\u00f3n, trabaj\u00f3 durante 15 a\u00f1os en el Departamento de Tecnolog\u00eda de Gamesa. En 2014 cofund\u00f3 Sustainn y desde entonces trabaja en orientar a las organizaciones hacia un modelo de econom\u00eda circular y un futuro sostenible a trav\u00e9s de la innovaci\u00f3n, metodolog\u00edas y herramientas pr\u00e1cticas.<br \/>\n<script async src=\"\/\/pagead2.googlesyndication.com\/pagead\/js\/adsbygoogle.js\"><\/script><br \/>\n<!-- Noticias La Guia de Pamplona --><br \/>\n<ins class=\"adsbygoogle\"\nstyle=\"display:block\"\ndata-ad-client=\"ca-pub-6943679897239327\"\ndata-ad-slot=\"7048180777\"\ndata-ad-format=\"auto\"><\/ins><br \/>\n<script>\n(adsbygoogle = window.adsbygoogle || []).push({});\n<\/script><\/p>\n<p>La masterclass del 18 de mayo la protagonizar\u00e1 la doctora arquitecta especialista en arquitectura sostenible y regenerativa, Beatriz Ingl\u00e9s con una charla titulada \u2018Ecolog\u00eda urbana: oportunidades de emprendimiento sostenible\u2019. A trav\u00e9s de una serie de proyectos de dise\u00f1o sostenible galardonados y edificios, se ha creado una reputaci\u00f3n nacional e internacional como arquitecta. En la actualidad, es profesora en la Universidad Europea de Madrid (UEM) y ha impartido clases en asignaturas de tecnolog\u00eda y proyectos arquitect\u00f3nicos, con un foco principal de trabajo en la ecolog\u00eda humana y la construcci\u00f3n sostenible.<\/p>\n<p>El martes 14 de junio se cerrar\u00e1n las clases magistrales con \u2018Emprender con impacto. La experiencia de Lisa Lang\u2019. Lisa Lang es ingeniera inform\u00e1tica, nombrada por Forbes Europe como una de las 50 mujeres m\u00e1s influyentes. Ha fundado empresas altamente reconocidas como ElektroCouture, ThePowerHouse y FNDMT, que se dedican a impulsar la innovaci\u00f3n dentro de los sistemas ecol\u00f3gicos de la industria creativa e innovadora.\u00a0 Lang sigue siendo asesora directa de industrias creativas, digitalizaci\u00f3n y emprendimiento para la Comisi\u00f3n Europea en varios consejos consultivos de alto nivel, entre ellos el Pacto de Competencias, el Foro Industrial y el Consejo de Comercio y Tecnolog\u00eda de EE.UU.\/UE.<\/p>\n","protected":false},"excerpt":{"rendered":"<p>El 17 de junio finaliza el plazo de inscripci\u00f3n, tras el que se seleccionar\u00e1 a un m\u00e1ximo de 20 personas que acceder\u00e1n al programa formativo<\/p>\n","protected":false},"author":1,"featured_media":40126,"comment_status":"open","ping_status":"closed","sticky":false,"template":"","format":"standard","meta":{"footnotes":""},"categories":[2],"tags":[],"class_list":["post-40125","post","type-post","status-publish","format-standard","has-post-thumbnail","hentry","category-ayuntamiento-pamplona"],"yoast_head":"<!-- This site is optimized with the Yoast SEO plugin v27.3 - https:\/\/yoast.com\/product\/yoast-seo-wordpress\/ -->\n<title>La segunda edici\u00f3n de \u2018Pamplona Emprende. Econom\u00eda Verde\u2019 ofrece formaci\u00f3n para idear, construir y desarrollar un proyecto empresarial relacionado con ese sector<\/title>\n<meta name=\"description\" content=\"El 17 de junio finaliza el plazo de inscripci\u00f3n, tras el que se seleccionar\u00e1 a un m\u00e1ximo de 20 personas que acceder\u00e1n al programa formativo\" \/>\n<meta name=\"robots\" content=\"index, follow, max-snippet:-1, max-image-preview:large, max-video-preview:-1\" \/>\n<link rel=\"canonical\" href=\"https:\/\/www.laguiadepamplona.com\/actualidad\/la-segunda-edicion-de-pamplona-emprende-economia-verde-ofrece-formacion-para-idear-construir-y-desarrollar-un-proyecto-empresarial-relacionado-con-ese-sector\/\" \/>\n<meta property=\"og:locale\" content=\"es_ES\" \/>\n<meta property=\"og:type\" content=\"article\" \/>\n<meta property=\"og:title\" content=\"La segunda edici\u00f3n de \u2018Pamplona Emprende. Econom\u00eda Verde\u2019 ofrece formaci\u00f3n para idear, construir y desarrollar un proyecto empresarial relacionado con ese sector\" \/>\n<meta property=\"og:description\" content=\"El 17 de junio finaliza el plazo de inscripci\u00f3n, tras el que se seleccionar\u00e1 a un m\u00e1ximo de 20 personas que acceder\u00e1n al programa formativo\" \/>\n<meta property=\"og:url\" content=\"https:\/\/www.laguiadepamplona.com\/actualidad\/la-segunda-edicion-de-pamplona-emprende-economia-verde-ofrece-formacion-para-idear-construir-y-desarrollar-un-proyecto-empresarial-relacionado-con-ese-sector\/\" \/>\n<meta property=\"og:site_name\" content=\"La Gu\u00eda de Pamplona\" \/>\n<meta property=\"article:publisher\" content=\"https:\/\/www.facebook.com\/laguiadepamplonacom-133175176762273\/?ref=hl\" \/>\n<meta property=\"article:published_time\" content=\"2022-04-29T16:28:41+00:00\" \/>\n<meta property=\"article:modified_time\" content=\"2023-04-11T09:48:15+00:00\" \/>\n<meta property=\"og:image\" content=\"https:\/\/www.laguiadepamplona.com\/actualidad\/wp-content\/uploads\/2022\/04\/pamplona-emprende.jpg\" \/>\n\t<meta property=\"og:image:width\" content=\"1920\" \/>\n\t<meta property=\"og:image:height\" content=\"707\" \/>\n\t<meta property=\"og:image:type\" content=\"image\/jpeg\" \/>\n<meta name=\"author\" content=\"La Gu\u00eda de Pamplona\" \/>\n<meta name=\"twitter:card\" content=\"summary_large_image\" \/>\n<meta name=\"twitter:creator\" content=\"@LaGuiadPamplona\" \/>\n<meta name=\"twitter:site\" content=\"@LaGuiadPamplona\" \/>\n<meta name=\"twitter:label1\" content=\"Escrito por\" \/>\n\t<meta name=\"twitter:data1\" content=\"La Gu\u00eda de Pamplona\" \/>\n\t<meta name=\"twitter:label2\" content=\"Tiempo de lectura\" \/>\n\t<meta name=\"twitter:data2\" content=\"4 minutos\" \/>\n<script type=\"application\/ld+json\" class=\"yoast-schema-graph\">{\"@context\":\"https:\\\/\\\/schema.org\",\"@graph\":[{\"@type\":\"Article\",\"@id\":\"https:\\\/\\\/www.laguiadepamplona.com\\\/actualidad\\\/la-segunda-edicion-de-pamplona-emprende-economia-verde-ofrece-formacion-para-idear-construir-y-desarrollar-un-proyecto-empresarial-relacionado-con-ese-sector\\\/#article\",\"isPartOf\":{\"@id\":\"https:\\\/\\\/www.laguiadepamplona.com\\\/actualidad\\\/la-segunda-edicion-de-pamplona-emprende-economia-verde-ofrece-formacion-para-idear-construir-y-desarrollar-un-proyecto-empresarial-relacionado-con-ese-sector\\\/\"},\"author\":{\"name\":\"La Gu\u00eda de Pamplona\",\"@id\":\"https:\\\/\\\/www.laguiadepamplona.com\\\/actualidad\\\/#\\\/schema\\\/person\\\/efe887376f0213d4657c93adc50b1fdb\"},\"headline\":\"La segunda edici\u00f3n de \u2018Pamplona Emprende. Econom\u00eda Verde\u2019 ofrece formaci\u00f3n para idear, construir y desarrollar un proyecto empresarial relacionado con ese sector\",\"datePublished\":\"2022-04-29T16:28:41+00:00\",\"dateModified\":\"2023-04-11T09:48:15+00:00\",\"mainEntityOfPage\":{\"@id\":\"https:\\\/\\\/www.laguiadepamplona.com\\\/actualidad\\\/la-segunda-edicion-de-pamplona-emprende-economia-verde-ofrece-formacion-para-idear-construir-y-desarrollar-un-proyecto-empresarial-relacionado-con-ese-sector\\\/\"},\"wordCount\":747,\"commentCount\":0,\"publisher\":{\"@id\":\"https:\\\/\\\/www.laguiadepamplona.com\\\/actualidad\\\/#organization\"},\"image\":{\"@id\":\"https:\\\/\\\/www.laguiadepamplona.com\\\/actualidad\\\/la-segunda-edicion-de-pamplona-emprende-economia-verde-ofrece-formacion-para-idear-construir-y-desarrollar-un-proyecto-empresarial-relacionado-con-ese-sector\\\/#primaryimage\"},\"thumbnailUrl\":\"https:\\\/\\\/www.laguiadepamplona.com\\\/actualidad\\\/wp-content\\\/uploads\\\/2022\\\/04\\\/pamplona-emprende.jpg\",\"articleSection\":[\"Ayto Pamplona\"],\"inLanguage\":\"es\",\"potentialAction\":[{\"@type\":\"CommentAction\",\"name\":\"Comment\",\"target\":[\"https:\\\/\\\/www.laguiadepamplona.com\\\/actualidad\\\/la-segunda-edicion-de-pamplona-emprende-economia-verde-ofrece-formacion-para-idear-construir-y-desarrollar-un-proyecto-empresarial-relacionado-con-ese-sector\\\/#respond\"]}]},{\"@type\":\"WebPage\",\"@id\":\"https:\\\/\\\/www.laguiadepamplona.com\\\/actualidad\\\/la-segunda-edicion-de-pamplona-emprende-economia-verde-ofrece-formacion-para-idear-construir-y-desarrollar-un-proyecto-empresarial-relacionado-con-ese-sector\\\/\",\"url\":\"https:\\\/\\\/www.laguiadepamplona.com\\\/actualidad\\\/la-segunda-edicion-de-pamplona-emprende-economia-verde-ofrece-formacion-para-idear-construir-y-desarrollar-un-proyecto-empresarial-relacionado-con-ese-sector\\\/\",\"name\":\"La segunda edici\u00f3n de \u2018Pamplona Emprende. Econom\u00eda Verde\u2019 ofrece formaci\u00f3n para idear, construir y desarrollar un proyecto empresarial relacionado con ese sector\",\"isPartOf\":{\"@id\":\"https:\\\/\\\/www.laguiadepamplona.com\\\/actualidad\\\/#website\"},\"primaryImageOfPage\":{\"@id\":\"https:\\\/\\\/www.laguiadepamplona.com\\\/actualidad\\\/la-segunda-edicion-de-pamplona-emprende-economia-verde-ofrece-formacion-para-idear-construir-y-desarrollar-un-proyecto-empresarial-relacionado-con-ese-sector\\\/#primaryimage\"},\"image\":{\"@id\":\"https:\\\/\\\/www.laguiadepamplona.com\\\/actualidad\\\/la-segunda-edicion-de-pamplona-emprende-economia-verde-ofrece-formacion-para-idear-construir-y-desarrollar-un-proyecto-empresarial-relacionado-con-ese-sector\\\/#primaryimage\"},\"thumbnailUrl\":\"https:\\\/\\\/www.laguiadepamplona.com\\\/actualidad\\\/wp-content\\\/uploads\\\/2022\\\/04\\\/pamplona-emprende.jpg\",\"datePublished\":\"2022-04-29T16:28:41+00:00\",\"dateModified\":\"2023-04-11T09:48:15+00:00\",\"description\":\"El 17 de junio finaliza el plazo de inscripci\u00f3n, tras el que se seleccionar\u00e1 a un m\u00e1ximo de 20 personas que acceder\u00e1n al programa formativo\",\"breadcrumb\":{\"@id\":\"https:\\\/\\\/www.laguiadepamplona.com\\\/actualidad\\\/la-segunda-edicion-de-pamplona-emprende-economia-verde-ofrece-formacion-para-idear-construir-y-desarrollar-un-proyecto-empresarial-relacionado-con-ese-sector\\\/#breadcrumb\"},\"inLanguage\":\"es\",\"potentialAction\":[{\"@type\":\"ReadAction\",\"target\":[\"https:\\\/\\\/www.laguiadepamplona.com\\\/actualidad\\\/la-segunda-edicion-de-pamplona-emprende-economia-verde-ofrece-formacion-para-idear-construir-y-desarrollar-un-proyecto-empresarial-relacionado-con-ese-sector\\\/\"]}]},{\"@type\":\"ImageObject\",\"inLanguage\":\"es\",\"@id\":\"https:\\\/\\\/www.laguiadepamplona.com\\\/actualidad\\\/la-segunda-edicion-de-pamplona-emprende-economia-verde-ofrece-formacion-para-idear-construir-y-desarrollar-un-proyecto-empresarial-relacionado-con-ese-sector\\\/#primaryimage\",\"url\":\"https:\\\/\\\/www.laguiadepamplona.com\\\/actualidad\\\/wp-content\\\/uploads\\\/2022\\\/04\\\/pamplona-emprende.jpg\",\"contentUrl\":\"https:\\\/\\\/www.laguiadepamplona.com\\\/actualidad\\\/wp-content\\\/uploads\\\/2022\\\/04\\\/pamplona-emprende.jpg\",\"width\":1920,\"height\":707},{\"@type\":\"BreadcrumbList\",\"@id\":\"https:\\\/\\\/www.laguiadepamplona.com\\\/actualidad\\\/la-segunda-edicion-de-pamplona-emprende-economia-verde-ofrece-formacion-para-idear-construir-y-desarrollar-un-proyecto-empresarial-relacionado-con-ese-sector\\\/#breadcrumb\",\"itemListElement\":[{\"@type\":\"ListItem\",\"position\":1,\"name\":\"Portada\",\"item\":\"https:\\\/\\\/www.laguiadepamplona.com\\\/actualidad\\\/\"},{\"@type\":\"ListItem\",\"position\":2,\"name\":\"La segunda edici\u00f3n de \u2018Pamplona Emprende. Econom\u00eda Verde\u2019 ofrece formaci\u00f3n para idear, construir y desarrollar un proyecto empresarial relacionado con ese sector\"}]},{\"@type\":\"WebSite\",\"@id\":\"https:\\\/\\\/www.laguiadepamplona.com\\\/actualidad\\\/#website\",\"url\":\"https:\\\/\\\/www.laguiadepamplona.com\\\/actualidad\\\/\",\"name\":\"La gu\u00eda de Pamplona\",\"description\":\"Noticias de Pamplona\",\"publisher\":{\"@id\":\"https:\\\/\\\/www.laguiadepamplona.com\\\/actualidad\\\/#organization\"},\"potentialAction\":[{\"@type\":\"SearchAction\",\"target\":{\"@type\":\"EntryPoint\",\"urlTemplate\":\"https:\\\/\\\/www.laguiadepamplona.com\\\/actualidad\\\/?s={search_term_string}\"},\"query-input\":{\"@type\":\"PropertyValueSpecification\",\"valueRequired\":true,\"valueName\":\"search_term_string\"}}],\"inLanguage\":\"es\"},{\"@type\":\"Organization\",\"@id\":\"https:\\\/\\\/www.laguiadepamplona.com\\\/actualidad\\\/#organization\",\"name\":\"La Gu\u00eda de Pamplona \\\/ Noticias\",\"url\":\"https:\\\/\\\/www.laguiadepamplona.com\\\/actualidad\\\/\",\"logo\":{\"@type\":\"ImageObject\",\"inLanguage\":\"es\",\"@id\":\"https:\\\/\\\/www.laguiadepamplona.com\\\/actualidad\\\/#\\\/schema\\\/logo\\\/image\\\/\",\"url\":\"https:\\\/\\\/www.laguiadepamplona.com\\\/actualidad\\\/wp-content\\\/uploads\\\/2018\\\/11\\\/logo-laguiadepamplona18-web1.png\",\"contentUrl\":\"https:\\\/\\\/www.laguiadepamplona.com\\\/actualidad\\\/wp-content\\\/uploads\\\/2018\\\/11\\\/logo-laguiadepamplona18-web1.png\",\"width\":600,\"height\":196,\"caption\":\"La Gu\u00eda de Pamplona \\\/ Noticias\"},\"image\":{\"@id\":\"https:\\\/\\\/www.laguiadepamplona.com\\\/actualidad\\\/#\\\/schema\\\/logo\\\/image\\\/\"},\"sameAs\":[\"https:\\\/\\\/www.facebook.com\\\/laguiadepamplonacom-133175176762273\\\/?ref=hl\",\"https:\\\/\\\/x.com\\\/LaGuiadPamplona\",\"https:\\\/\\\/www.instagram.com\\\/la_guia_de_pamplona\\\/\",\"https:\\\/\\\/www.youtube.com\\\/user\\\/laguiadepamplona\"]},{\"@type\":\"Person\",\"@id\":\"https:\\\/\\\/www.laguiadepamplona.com\\\/actualidad\\\/#\\\/schema\\\/person\\\/efe887376f0213d4657c93adc50b1fdb\",\"name\":\"La Gu\u00eda de Pamplona\",\"image\":{\"@type\":\"ImageObject\",\"inLanguage\":\"es\",\"@id\":\"https:\\\/\\\/secure.gravatar.com\\\/avatar\\\/b6992f131dc8d30ab0dff15446e9d346d9dbd95992de0fef795073f5ea83a81c?s=96&d=mm&r=g\",\"url\":\"https:\\\/\\\/secure.gravatar.com\\\/avatar\\\/b6992f131dc8d30ab0dff15446e9d346d9dbd95992de0fef795073f5ea83a81c?s=96&d=mm&r=g\",\"contentUrl\":\"https:\\\/\\\/secure.gravatar.com\\\/avatar\\\/b6992f131dc8d30ab0dff15446e9d346d9dbd95992de0fef795073f5ea83a81c?s=96&d=mm&r=g\",\"caption\":\"La Gu\u00eda de Pamplona\"}}]}<\/script>\n<!-- \/ Yoast SEO plugin. -->","yoast_head_json":{"title":"La segunda edici\u00f3n de \u2018Pamplona Emprende. Econom\u00eda Verde\u2019 ofrece formaci\u00f3n para idear, construir y desarrollar un proyecto empresarial relacionado con ese sector","description":"El 17 de junio finaliza el plazo de inscripci\u00f3n, tras el que se seleccionar\u00e1 a un m\u00e1ximo de 20 personas que acceder\u00e1n al programa formativo","robots":{"index":"index","follow":"follow","max-snippet":"max-snippet:-1","max-image-preview":"max-image-preview:large","max-video-preview":"max-video-preview:-1"},"canonical":"https:\/\/www.laguiadepamplona.com\/actualidad\/la-segunda-edicion-de-pamplona-emprende-economia-verde-ofrece-formacion-para-idear-construir-y-desarrollar-un-proyecto-empresarial-relacionado-con-ese-sector\/","og_locale":"es_ES","og_type":"article","og_title":"La segunda edici\u00f3n de \u2018Pamplona Emprende. Econom\u00eda Verde\u2019 ofrece formaci\u00f3n para idear, construir y desarrollar un proyecto empresarial relacionado con ese sector","og_description":"El 17 de junio finaliza el plazo de inscripci\u00f3n, tras el que se seleccionar\u00e1 a un m\u00e1ximo de 20 personas que acceder\u00e1n al programa formativo","og_url":"https:\/\/www.laguiadepamplona.com\/actualidad\/la-segunda-edicion-de-pamplona-emprende-economia-verde-ofrece-formacion-para-idear-construir-y-desarrollar-un-proyecto-empresarial-relacionado-con-ese-sector\/","og_site_name":"La Gu\u00eda de Pamplona","article_publisher":"https:\/\/www.facebook.com\/laguiadepamplonacom-133175176762273\/?ref=hl","article_published_time":"2022-04-29T16:28:41+00:00","article_modified_time":"2023-04-11T09:48:15+00:00","og_image":[{"width":1920,"height":707,"url":"https:\/\/www.laguiadepamplona.com\/actualidad\/wp-content\/uploads\/2022\/04\/pamplona-emprende.jpg","type":"image\/jpeg"}],"author":"La Gu\u00eda de Pamplona","twitter_card":"summary_large_image","twitter_creator":"@LaGuiadPamplona","twitter_site":"@LaGuiadPamplona","twitter_misc":{"Escrito por":"La Gu\u00eda de Pamplona","Tiempo de lectura":"4 minutos"},"schema":{"@context":"https:\/\/schema.org","@graph":[{"@type":"Article","@id":"https:\/\/www.laguiadepamplona.com\/actualidad\/la-segunda-edicion-de-pamplona-emprende-economia-verde-ofrece-formacion-para-idear-construir-y-desarrollar-un-proyecto-empresarial-relacionado-con-ese-sector\/#article","isPartOf":{"@id":"https:\/\/www.laguiadepamplona.com\/actualidad\/la-segunda-edicion-de-pamplona-emprende-economia-verde-ofrece-formacion-para-idear-construir-y-desarrollar-un-proyecto-empresarial-relacionado-con-ese-sector\/"},"author":{"name":"La Gu\u00eda de Pamplona","@id":"https:\/\/www.laguiadepamplona.com\/actualidad\/#\/schema\/person\/efe887376f0213d4657c93adc50b1fdb"},"headline":"La segunda edici\u00f3n de \u2018Pamplona Emprende. Econom\u00eda Verde\u2019 ofrece formaci\u00f3n para idear, construir y desarrollar un proyecto empresarial relacionado con ese sector","datePublished":"2022-04-29T16:28:41+00:00","dateModified":"2023-04-11T09:48:15+00:00","mainEntityOfPage":{"@id":"https:\/\/www.laguiadepamplona.com\/actualidad\/la-segunda-edicion-de-pamplona-emprende-economia-verde-ofrece-formacion-para-idear-construir-y-desarrollar-un-proyecto-empresarial-relacionado-con-ese-sector\/"},"wordCount":747,"commentCount":0,"publisher":{"@id":"https:\/\/www.laguiadepamplona.com\/actualidad\/#organization"},"image":{"@id":"https:\/\/www.laguiadepamplona.com\/actualidad\/la-segunda-edicion-de-pamplona-emprende-economia-verde-ofrece-formacion-para-idear-construir-y-desarrollar-un-proyecto-empresarial-relacionado-con-ese-sector\/#primaryimage"},"thumbnailUrl":"https:\/\/www.laguiadepamplona.com\/actualidad\/wp-content\/uploads\/2022\/04\/pamplona-emprende.jpg","articleSection":["Ayto Pamplona"],"inLanguage":"es","potentialAction":[{"@type":"CommentAction","name":"Comment","target":["https:\/\/www.laguiadepamplona.com\/actualidad\/la-segunda-edicion-de-pamplona-emprende-economia-verde-ofrece-formacion-para-idear-construir-y-desarrollar-un-proyecto-empresarial-relacionado-con-ese-sector\/#respond"]}]},{"@type":"WebPage","@id":"https:\/\/www.laguiadepamplona.com\/actualidad\/la-segunda-edicion-de-pamplona-emprende-economia-verde-ofrece-formacion-para-idear-construir-y-desarrollar-un-proyecto-empresarial-relacionado-con-ese-sector\/","url":"https:\/\/www.laguiadepamplona.com\/actualidad\/la-segunda-edicion-de-pamplona-emprende-economia-verde-ofrece-formacion-para-idear-construir-y-desarrollar-un-proyecto-empresarial-relacionado-con-ese-sector\/","name":"La segunda edici\u00f3n de \u2018Pamplona Emprende. Econom\u00eda Verde\u2019 ofrece formaci\u00f3n para idear, construir y desarrollar un proyecto empresarial relacionado con ese sector","isPartOf":{"@id":"https:\/\/www.laguiadepamplona.com\/actualidad\/#website"},"primaryImageOfPage":{"@id":"https:\/\/www.laguiadepamplona.com\/actualidad\/la-segunda-edicion-de-pamplona-emprende-economia-verde-ofrece-formacion-para-idear-construir-y-desarrollar-un-proyecto-empresarial-relacionado-con-ese-sector\/#primaryimage"},"image":{"@id":"https:\/\/www.laguiadepamplona.com\/actualidad\/la-segunda-edicion-de-pamplona-emprende-economia-verde-ofrece-formacion-para-idear-construir-y-desarrollar-un-proyecto-empresarial-relacionado-con-ese-sector\/#primaryimage"},"thumbnailUrl":"https:\/\/www.laguiadepamplona.com\/actualidad\/wp-content\/uploads\/2022\/04\/pamplona-emprende.jpg","datePublished":"2022-04-29T16:28:41+00:00","dateModified":"2023-04-11T09:48:15+00:00","description":"El 17 de junio finaliza el plazo de inscripci\u00f3n, tras el que se seleccionar\u00e1 a un m\u00e1ximo de 20 personas que acceder\u00e1n al programa formativo","breadcrumb":{"@id":"https:\/\/www.laguiadepamplona.com\/actualidad\/la-segunda-edicion-de-pamplona-emprende-economia-verde-ofrece-formacion-para-idear-construir-y-desarrollar-un-proyecto-empresarial-relacionado-con-ese-sector\/#breadcrumb"},"inLanguage":"es","potentialAction":[{"@type":"ReadAction","target":["https:\/\/www.laguiadepamplona.com\/actualidad\/la-segunda-edicion-de-pamplona-emprende-economia-verde-ofrece-formacion-para-idear-construir-y-desarrollar-un-proyecto-empresarial-relacionado-con-ese-sector\/"]}]},{"@type":"ImageObject","inLanguage":"es","@id":"https:\/\/www.laguiadepamplona.com\/actualidad\/la-segunda-edicion-de-pamplona-emprende-economia-verde-ofrece-formacion-para-idear-construir-y-desarrollar-un-proyecto-empresarial-relacionado-con-ese-sector\/#primaryimage","url":"https:\/\/www.laguiadepamplona.com\/actualidad\/wp-content\/uploads\/2022\/04\/pamplona-emprende.jpg","contentUrl":"https:\/\/www.laguiadepamplona.com\/actualidad\/wp-content\/uploads\/2022\/04\/pamplona-emprende.jpg","width":1920,"height":707},{"@type":"BreadcrumbList","@id":"https:\/\/www.laguiadepamplona.com\/actualidad\/la-segunda-edicion-de-pamplona-emprende-economia-verde-ofrece-formacion-para-idear-construir-y-desarrollar-un-proyecto-empresarial-relacionado-con-ese-sector\/#breadcrumb","itemListElement":[{"@type":"ListItem","position":1,"name":"Portada","item":"https:\/\/www.laguiadepamplona.com\/actualidad\/"},{"@type":"ListItem","position":2,"name":"La segunda edici\u00f3n de \u2018Pamplona Emprende. Econom\u00eda Verde\u2019 ofrece formaci\u00f3n para idear, construir y desarrollar un proyecto empresarial relacionado con ese sector"}]},{"@type":"WebSite","@id":"https:\/\/www.laguiadepamplona.com\/actualidad\/#website","url":"https:\/\/www.laguiadepamplona.com\/actualidad\/","name":"La gu\u00eda de Pamplona","description":"Noticias de Pamplona","publisher":{"@id":"https:\/\/www.laguiadepamplona.com\/actualidad\/#organization"},"potentialAction":[{"@type":"SearchAction","target":{"@type":"EntryPoint","urlTemplate":"https:\/\/www.laguiadepamplona.com\/actualidad\/?s={search_term_string}"},"query-input":{"@type":"PropertyValueSpecification","valueRequired":true,"valueName":"search_term_string"}}],"inLanguage":"es"},{"@type":"Organization","@id":"https:\/\/www.laguiadepamplona.com\/actualidad\/#organization","name":"La Gu\u00eda de Pamplona \/ Noticias","url":"https:\/\/www.laguiadepamplona.com\/actualidad\/","logo":{"@type":"ImageObject","inLanguage":"es","@id":"https:\/\/www.laguiadepamplona.com\/actualidad\/#\/schema\/logo\/image\/","url":"https:\/\/www.laguiadepamplona.com\/actualidad\/wp-content\/uploads\/2018\/11\/logo-laguiadepamplona18-web1.png","contentUrl":"https:\/\/www.laguiadepamplona.com\/actualidad\/wp-content\/uploads\/2018\/11\/logo-laguiadepamplona18-web1.png","width":600,"height":196,"caption":"La Gu\u00eda de Pamplona \/ Noticias"},"image":{"@id":"https:\/\/www.laguiadepamplona.com\/actualidad\/#\/schema\/logo\/image\/"},"sameAs":["https:\/\/www.facebook.com\/laguiadepamplonacom-133175176762273\/?ref=hl","https:\/\/x.com\/LaGuiadPamplona","https:\/\/www.instagram.com\/la_guia_de_pamplona\/","https:\/\/www.youtube.com\/user\/laguiadepamplona"]},{"@type":"Person","@id":"https:\/\/www.laguiadepamplona.com\/actualidad\/#\/schema\/person\/efe887376f0213d4657c93adc50b1fdb","name":"La Gu\u00eda de Pamplona","image":{"@type":"ImageObject","inLanguage":"es","@id":"https:\/\/secure.gravatar.com\/avatar\/b6992f131dc8d30ab0dff15446e9d346d9dbd95992de0fef795073f5ea83a81c?s=96&d=mm&r=g","url":"https:\/\/secure.gravatar.com\/avatar\/b6992f131dc8d30ab0dff15446e9d346d9dbd95992de0fef795073f5ea83a81c?s=96&d=mm&r=g","contentUrl":"https:\/\/secure.gravatar.com\/avatar\/b6992f131dc8d30ab0dff15446e9d346d9dbd95992de0fef795073f5ea83a81c?s=96&d=mm&r=g","caption":"La Gu\u00eda de Pamplona"}}]}},"post_mailing_queue_ids":[],"_links":{"self":[{"href":"https:\/\/www.laguiadepamplona.com\/actualidad\/wp-json\/wp\/v2\/posts\/40125","targetHints":{"allow":["GET"]}}],"collection":[{"href":"https:\/\/www.laguiadepamplona.com\/actualidad\/wp-json\/wp\/v2\/posts"}],"about":[{"href":"https:\/\/www.laguiadepamplona.com\/actualidad\/wp-json\/wp\/v2\/types\/post"}],"author":[{"embeddable":true,"href":"https:\/\/www.laguiadepamplona.com\/actualidad\/wp-json\/wp\/v2\/users\/1"}],"replies":[{"embeddable":true,"href":"https:\/\/www.laguiadepamplona.com\/actualidad\/wp-json\/wp\/v2\/comments?post=40125"}],"version-history":[{"count":0,"href":"https:\/\/www.laguiadepamplona.com\/actualidad\/wp-json\/wp\/v2\/posts\/40125\/revisions"}],"wp:featuredmedia":[{"embeddable":true,"href":"https:\/\/www.laguiadepamplona.com\/actualidad\/wp-json\/wp\/v2\/media\/40126"}],"wp:attachment":[{"href":"https:\/\/www.laguiadepamplona.com\/actualidad\/wp-json\/wp\/v2\/media?parent=40125"}],"wp:term":[{"taxonomy":"category","embeddable":true,"href":"https:\/\/www.laguiadepamplona.com\/actualidad\/wp-json\/wp\/v2\/categories?post=40125"},{"taxonomy":"post_tag","embeddable":true,"href":"https:\/\/www.laguiadepamplona.com\/actualidad\/wp-json\/wp\/v2\/tags?post=40125"}],"curies":[{"name":"wp","href":"https:\/\/api.w.org\/{rel}","templated":true}]}}