{"id":40119,"date":"2022-04-29T18:25:30","date_gmt":"2022-04-29T16:25:30","guid":{"rendered":"https:\/\/www.laguiadepamplona.com\/actualidad\/?p=40119"},"modified":"2023-04-11T11:48:15","modified_gmt":"2023-04-11T09:48:15","slug":"pamplona-presenta-su-estrategia-integral-de-movilidad-en-la-feria-profesional-de-la-industria-de-la-movilidad-sostenible-que-se-celebra-en-irun","status":"publish","type":"post","link":"https:\/\/www.laguiadepamplona.com\/actualidad\/pamplona-presenta-su-estrategia-integral-de-movilidad-en-la-feria-profesional-de-la-industria-de-la-movilidad-sostenible-que-se-celebra-en-irun\/","title":{"rendered":"Pamplona presenta su estrategia integral de movilidad en la Feria Profesional de la Industria de la Movilidad Sostenible que se celebra en Ir\u00fan"},"content":{"rendered":"<h5>En las ponencias del <em>city market<\/em> de la feria han participado tambi\u00e9n ciudades como Vitoria, Barcelona o Estambul<\/h5>\n<p><!--more--><\/p>\n<p>El concejal delegado de Proyectos Estrat\u00e9gicos, Movilidad y Sostenibilidad, Ferm\u00edn Alonso, ha participado este jueves en la Feria Profesional de la Industria de la Movilidad Sostenible que se celebra estos d\u00edas en Ir\u00fan. En su ponencia, dentro del espacio de <em>city market<\/em>, junto a otras ciudades como Vitoria, Barcelona o Estambul, ha presentado la estrategia integral de movilidad de Pamplona, con las actuaciones que se est\u00e1n llevando a cabo en el fomento del veh\u00edculo el\u00e9ctrico, la construcci\u00f3n de carriles bici, la ejecuci\u00f3n de pasos peatonales seguros y sostenibles o las reurbanizaciones de calles para ganar espacio peatonal.<\/p>\n<p>Pamplona es la quinta ciudad espa\u00f1ola en puntos de recarga para veh\u00edculos el\u00e9ctricos. El Ayuntamiento ha instalado en los \u00faltimos meses 46 puntos repartidos por toda la ciudad. Una iniciativa que, unida a otras medidas para el fomento del veh\u00edculo el\u00e9ctrico como su estacionamiento gratuito en la zona azul o a la reducci\u00f3n del 50% en el impuesto de circulaci\u00f3n, ha incrementado en un 250% el uso de la red de recarga en los \u00faltimos seis meses.<br \/>\n<script async src=\"\/\/pagead2.googlesyndication.com\/pagead\/js\/adsbygoogle.js\"><\/script><br \/>\n<!-- Noticias La Guia de Pamplona --><br \/>\n<ins class=\"adsbygoogle\"\nstyle=\"display:block\"\ndata-ad-client=\"ca-pub-6943679897239327\"\ndata-ad-slot=\"7048180777\"\ndata-ad-format=\"auto\"><\/ins><br \/>\n<script>\n(adsbygoogle = window.adsbygoogle || []).push({});\n<\/script><\/p>\n<p>La movilidad el\u00e9ctrica ha llegado tambi\u00e9n a las bicicletas, tras la puesta en marcha de un servicio municipal de alquiler de este tipo de bicis. Las m\u00e1s de 40 bases y las 400 bicicletas disponibles para la ciudadan\u00eda, con m\u00e1s de 20.000 personas usuarias diferentes, han generado un aumento de los desplazamientos en bici. Por ello, Pamplona ha ampliado tambi\u00e9n su red de carriles bici segregados, con una previsi\u00f3n de crecimiento de los kil\u00f3metros ciclables de la ciudad de casi un 400% hasta 2024.<\/p>\n<p>Esa estrategia integral de movilidad tiene como eje central a las personas. De ah\u00ed que el Ayuntamiento de Pamplona lleve a cabo acciones para ganar espacio peatonal y para generar recorridos m\u00e1s c\u00f3modos, seguros y accesibles para los viandantes. Peatonalizaciones como las de las calles Bosquecillo, Mar\u00eda Auxiliadora, Doctor Juaristi o Manuel de Falla, as\u00ed como actuaciones en pasos peatonales para dotarlos de m\u00e1s seguridad o para crear espacios verdes sostenibles en sus entornos, son otras apuestas del Ayuntamiento en pro de nuevos conceptos de movilidad. Todas estas acciones se enmarcan en la Estrategia Go Green Pamplona, que aglutina las medidas del Ayuntamiento en materia de lucha contra el cambio clim\u00e1tico.<br \/>\n<script async src=\"\/\/pagead2.googlesyndication.com\/pagead\/js\/adsbygoogle.js\"><\/script><br \/>\n<!-- Noticias La Guia de Pamplona --><br \/>\n<ins class=\"adsbygoogle\"\nstyle=\"display:block\"\ndata-ad-client=\"ca-pub-6943679897239327\"\ndata-ad-slot=\"7048180777\"\ndata-ad-format=\"auto\"><\/ins><br \/>\n<script>\n(adsbygoogle = window.adsbygoogle || []).push({});\n<\/script><\/p>\n<p><strong>Sobre la Feria Profesional de la Industria de la Movilidad Sostenible<\/strong><\/p>\n<p>La Feria Profesional de la Industria de la Movilidad Sostenible, GO MOBILITY by MUBIL, <strong>es el punto de encuentro de los principales actores p\u00fablicos y privados del sur de Europa, donde las necesidades del presente y los retos futuros de la movilidad sostenible encuentran sus soluciones.<\/strong> Re\u00fane a los agentes de la cadena de valor de la movilidad sostenible e inteligente, fomentando intercambios de alto valor a\u00f1adido e impulsando proyectos innovadores y la transformaci\u00f3n industrial del territorio, en base a una zona de exposici\u00f3n, conferencias, mesas redondas y una zona de test.<\/p>\n<p>En la feria se dan cita empresas de automoci\u00f3n, equipamiento el\u00e9ctrico, fabricantes de bater\u00edas, proveedores de energ\u00eda (oil, gas e hidr\u00f3geno), empresas de infraestructuras y redes, integradores de servicios, conectividad y Big Data, instituciones p\u00fablicas y operadores de flotas, ofreciendo respuestas y generando negocio en torno a veh\u00edculos, infraestructura de recarga, almacenamiento de energ\u00eda para aplicaciones de tracci\u00f3n o de recarga, servicios de movilidad el\u00e9ctrica y compartida, ecosistema global y mercados de la movilidad sostenible.<\/p>\n","protected":false},"excerpt":{"rendered":"<p>En las ponencias del city market de la feria han participado tambi\u00e9n ciudades como Vitoria, Barcelona o Estambul<\/p>\n","protected":false},"author":1,"featured_media":40120,"comment_status":"open","ping_status":"closed","sticky":false,"template":"","format":"standard","meta":{"footnotes":""},"categories":[2],"tags":[],"class_list":["post-40119","post","type-post","status-publish","format-standard","has-post-thumbnail","hentry","category-ayuntamiento-pamplona"],"yoast_head":"<!-- This site is optimized with the Yoast SEO plugin v27.3 - https:\/\/yoast.com\/product\/yoast-seo-wordpress\/ -->\n<title>Pamplona presenta su estrategia integral de movilidad en la Feria Profesional de la Industria de la Movilidad Sostenible que se celebra en Ir\u00fan<\/title>\n<meta name=\"description\" content=\"En las ponencias del city market de la feria han participado tambi\u00e9n ciudades como Vitoria, Barcelona o Estambul\" \/>\n<meta name=\"robots\" content=\"index, follow, max-snippet:-1, max-image-preview:large, max-video-preview:-1\" \/>\n<link rel=\"canonical\" href=\"https:\/\/www.laguiadepamplona.com\/actualidad\/pamplona-presenta-su-estrategia-integral-de-movilidad-en-la-feria-profesional-de-la-industria-de-la-movilidad-sostenible-que-se-celebra-en-irun\/\" \/>\n<meta property=\"og:locale\" content=\"es_ES\" \/>\n<meta property=\"og:type\" content=\"article\" \/>\n<meta property=\"og:title\" content=\"Pamplona presenta su estrategia integral de movilidad en la Feria Profesional de la Industria de la Movilidad Sostenible que se celebra en Ir\u00fan\" \/>\n<meta property=\"og:description\" content=\"En las ponencias del city market de la feria han participado tambi\u00e9n ciudades como Vitoria, Barcelona o Estambul\" \/>\n<meta property=\"og:url\" content=\"https:\/\/www.laguiadepamplona.com\/actualidad\/pamplona-presenta-su-estrategia-integral-de-movilidad-en-la-feria-profesional-de-la-industria-de-la-movilidad-sostenible-que-se-celebra-en-irun\/\" \/>\n<meta property=\"og:site_name\" content=\"La Gu\u00eda de Pamplona\" \/>\n<meta property=\"article:publisher\" content=\"https:\/\/www.facebook.com\/laguiadepamplonacom-133175176762273\/?ref=hl\" \/>\n<meta property=\"article:published_time\" content=\"2022-04-29T16:25:30+00:00\" \/>\n<meta property=\"article:modified_time\" content=\"2023-04-11T09:48:15+00:00\" \/>\n<meta property=\"og:image\" content=\"https:\/\/www.laguiadepamplona.com\/actualidad\/wp-content\/uploads\/2022\/04\/22.04.29_charla_alonso_feria_gomobility.jpg\" \/>\n\t<meta property=\"og:image:width\" content=\"1024\" \/>\n\t<meta property=\"og:image:height\" content=\"683\" \/>\n\t<meta property=\"og:image:type\" content=\"image\/jpeg\" \/>\n<meta name=\"author\" content=\"La Gu\u00eda de Pamplona\" \/>\n<meta name=\"twitter:card\" content=\"summary_large_image\" \/>\n<meta name=\"twitter:creator\" content=\"@LaGuiadPamplona\" \/>\n<meta name=\"twitter:site\" content=\"@LaGuiadPamplona\" \/>\n<meta name=\"twitter:label1\" content=\"Escrito por\" \/>\n\t<meta name=\"twitter:data1\" content=\"La Gu\u00eda de Pamplona\" \/>\n\t<meta name=\"twitter:label2\" content=\"Tiempo de lectura\" \/>\n\t<meta name=\"twitter:data2\" content=\"3 minutos\" \/>\n<script type=\"application\/ld+json\" class=\"yoast-schema-graph\">{\"@context\":\"https:\\\/\\\/schema.org\",\"@graph\":[{\"@type\":\"Article\",\"@id\":\"https:\\\/\\\/www.laguiadepamplona.com\\\/actualidad\\\/pamplona-presenta-su-estrategia-integral-de-movilidad-en-la-feria-profesional-de-la-industria-de-la-movilidad-sostenible-que-se-celebra-en-irun\\\/#article\",\"isPartOf\":{\"@id\":\"https:\\\/\\\/www.laguiadepamplona.com\\\/actualidad\\\/pamplona-presenta-su-estrategia-integral-de-movilidad-en-la-feria-profesional-de-la-industria-de-la-movilidad-sostenible-que-se-celebra-en-irun\\\/\"},\"author\":{\"name\":\"La Gu\u00eda de Pamplona\",\"@id\":\"https:\\\/\\\/www.laguiadepamplona.com\\\/actualidad\\\/#\\\/schema\\\/person\\\/efe887376f0213d4657c93adc50b1fdb\"},\"headline\":\"Pamplona presenta su estrategia integral de movilidad en la Feria Profesional de la Industria de la Movilidad Sostenible que se celebra en Ir\u00fan\",\"datePublished\":\"2022-04-29T16:25:30+00:00\",\"dateModified\":\"2023-04-11T09:48:15+00:00\",\"mainEntityOfPage\":{\"@id\":\"https:\\\/\\\/www.laguiadepamplona.com\\\/actualidad\\\/pamplona-presenta-su-estrategia-integral-de-movilidad-en-la-feria-profesional-de-la-industria-de-la-movilidad-sostenible-que-se-celebra-en-irun\\\/\"},\"wordCount\":626,\"commentCount\":0,\"publisher\":{\"@id\":\"https:\\\/\\\/www.laguiadepamplona.com\\\/actualidad\\\/#organization\"},\"image\":{\"@id\":\"https:\\\/\\\/www.laguiadepamplona.com\\\/actualidad\\\/pamplona-presenta-su-estrategia-integral-de-movilidad-en-la-feria-profesional-de-la-industria-de-la-movilidad-sostenible-que-se-celebra-en-irun\\\/#primaryimage\"},\"thumbnailUrl\":\"https:\\\/\\\/www.laguiadepamplona.com\\\/actualidad\\\/wp-content\\\/uploads\\\/2022\\\/04\\\/22.04.29_charla_alonso_feria_gomobility.jpg\",\"articleSection\":[\"Ayto Pamplona\"],\"inLanguage\":\"es\",\"potentialAction\":[{\"@type\":\"CommentAction\",\"name\":\"Comment\",\"target\":[\"https:\\\/\\\/www.laguiadepamplona.com\\\/actualidad\\\/pamplona-presenta-su-estrategia-integral-de-movilidad-en-la-feria-profesional-de-la-industria-de-la-movilidad-sostenible-que-se-celebra-en-irun\\\/#respond\"]}]},{\"@type\":\"WebPage\",\"@id\":\"https:\\\/\\\/www.laguiadepamplona.com\\\/actualidad\\\/pamplona-presenta-su-estrategia-integral-de-movilidad-en-la-feria-profesional-de-la-industria-de-la-movilidad-sostenible-que-se-celebra-en-irun\\\/\",\"url\":\"https:\\\/\\\/www.laguiadepamplona.com\\\/actualidad\\\/pamplona-presenta-su-estrategia-integral-de-movilidad-en-la-feria-profesional-de-la-industria-de-la-movilidad-sostenible-que-se-celebra-en-irun\\\/\",\"name\":\"Pamplona presenta su estrategia integral de movilidad en la Feria Profesional de la Industria de la Movilidad Sostenible que se celebra en Ir\u00fan\",\"isPartOf\":{\"@id\":\"https:\\\/\\\/www.laguiadepamplona.com\\\/actualidad\\\/#website\"},\"primaryImageOfPage\":{\"@id\":\"https:\\\/\\\/www.laguiadepamplona.com\\\/actualidad\\\/pamplona-presenta-su-estrategia-integral-de-movilidad-en-la-feria-profesional-de-la-industria-de-la-movilidad-sostenible-que-se-celebra-en-irun\\\/#primaryimage\"},\"image\":{\"@id\":\"https:\\\/\\\/www.laguiadepamplona.com\\\/actualidad\\\/pamplona-presenta-su-estrategia-integral-de-movilidad-en-la-feria-profesional-de-la-industria-de-la-movilidad-sostenible-que-se-celebra-en-irun\\\/#primaryimage\"},\"thumbnailUrl\":\"https:\\\/\\\/www.laguiadepamplona.com\\\/actualidad\\\/wp-content\\\/uploads\\\/2022\\\/04\\\/22.04.29_charla_alonso_feria_gomobility.jpg\",\"datePublished\":\"2022-04-29T16:25:30+00:00\",\"dateModified\":\"2023-04-11T09:48:15+00:00\",\"description\":\"En las ponencias del city market de la feria han participado tambi\u00e9n ciudades como Vitoria, Barcelona o Estambul\",\"breadcrumb\":{\"@id\":\"https:\\\/\\\/www.laguiadepamplona.com\\\/actualidad\\\/pamplona-presenta-su-estrategia-integral-de-movilidad-en-la-feria-profesional-de-la-industria-de-la-movilidad-sostenible-que-se-celebra-en-irun\\\/#breadcrumb\"},\"inLanguage\":\"es\",\"potentialAction\":[{\"@type\":\"ReadAction\",\"target\":[\"https:\\\/\\\/www.laguiadepamplona.com\\\/actualidad\\\/pamplona-presenta-su-estrategia-integral-de-movilidad-en-la-feria-profesional-de-la-industria-de-la-movilidad-sostenible-que-se-celebra-en-irun\\\/\"]}]},{\"@type\":\"ImageObject\",\"inLanguage\":\"es\",\"@id\":\"https:\\\/\\\/www.laguiadepamplona.com\\\/actualidad\\\/pamplona-presenta-su-estrategia-integral-de-movilidad-en-la-feria-profesional-de-la-industria-de-la-movilidad-sostenible-que-se-celebra-en-irun\\\/#primaryimage\",\"url\":\"https:\\\/\\\/www.laguiadepamplona.com\\\/actualidad\\\/wp-content\\\/uploads\\\/2022\\\/04\\\/22.04.29_charla_alonso_feria_gomobility.jpg\",\"contentUrl\":\"https:\\\/\\\/www.laguiadepamplona.com\\\/actualidad\\\/wp-content\\\/uploads\\\/2022\\\/04\\\/22.04.29_charla_alonso_feria_gomobility.jpg\",\"width\":1024,\"height\":683},{\"@type\":\"BreadcrumbList\",\"@id\":\"https:\\\/\\\/www.laguiadepamplona.com\\\/actualidad\\\/pamplona-presenta-su-estrategia-integral-de-movilidad-en-la-feria-profesional-de-la-industria-de-la-movilidad-sostenible-que-se-celebra-en-irun\\\/#breadcrumb\",\"itemListElement\":[{\"@type\":\"ListItem\",\"position\":1,\"name\":\"Portada\",\"item\":\"https:\\\/\\\/www.laguiadepamplona.com\\\/actualidad\\\/\"},{\"@type\":\"ListItem\",\"position\":2,\"name\":\"Pamplona presenta su estrategia integral de movilidad en la Feria Profesional de la Industria de la Movilidad Sostenible que se celebra en Ir\u00fan\"}]},{\"@type\":\"WebSite\",\"@id\":\"https:\\\/\\\/www.laguiadepamplona.com\\\/actualidad\\\/#website\",\"url\":\"https:\\\/\\\/www.laguiadepamplona.com\\\/actualidad\\\/\",\"name\":\"La gu\u00eda de Pamplona\",\"description\":\"Noticias de Pamplona\",\"publisher\":{\"@id\":\"https:\\\/\\\/www.laguiadepamplona.com\\\/actualidad\\\/#organization\"},\"potentialAction\":[{\"@type\":\"SearchAction\",\"target\":{\"@type\":\"EntryPoint\",\"urlTemplate\":\"https:\\\/\\\/www.laguiadepamplona.com\\\/actualidad\\\/?s={search_term_string}\"},\"query-input\":{\"@type\":\"PropertyValueSpecification\",\"valueRequired\":true,\"valueName\":\"search_term_string\"}}],\"inLanguage\":\"es\"},{\"@type\":\"Organization\",\"@id\":\"https:\\\/\\\/www.laguiadepamplona.com\\\/actualidad\\\/#organization\",\"name\":\"La Gu\u00eda de Pamplona \\\/ Noticias\",\"url\":\"https:\\\/\\\/www.laguiadepamplona.com\\\/actualidad\\\/\",\"logo\":{\"@type\":\"ImageObject\",\"inLanguage\":\"es\",\"@id\":\"https:\\\/\\\/www.laguiadepamplona.com\\\/actualidad\\\/#\\\/schema\\\/logo\\\/image\\\/\",\"url\":\"https:\\\/\\\/www.laguiadepamplona.com\\\/actualidad\\\/wp-content\\\/uploads\\\/2018\\\/11\\\/logo-laguiadepamplona18-web1.png\",\"contentUrl\":\"https:\\\/\\\/www.laguiadepamplona.com\\\/actualidad\\\/wp-content\\\/uploads\\\/2018\\\/11\\\/logo-laguiadepamplona18-web1.png\",\"width\":600,\"height\":196,\"caption\":\"La Gu\u00eda de Pamplona \\\/ Noticias\"},\"image\":{\"@id\":\"https:\\\/\\\/www.laguiadepamplona.com\\\/actualidad\\\/#\\\/schema\\\/logo\\\/image\\\/\"},\"sameAs\":[\"https:\\\/\\\/www.facebook.com\\\/laguiadepamplonacom-133175176762273\\\/?ref=hl\",\"https:\\\/\\\/x.com\\\/LaGuiadPamplona\",\"https:\\\/\\\/www.instagram.com\\\/la_guia_de_pamplona\\\/\",\"https:\\\/\\\/www.youtube.com\\\/user\\\/laguiadepamplona\"]},{\"@type\":\"Person\",\"@id\":\"https:\\\/\\\/www.laguiadepamplona.com\\\/actualidad\\\/#\\\/schema\\\/person\\\/efe887376f0213d4657c93adc50b1fdb\",\"name\":\"La Gu\u00eda de Pamplona\",\"image\":{\"@type\":\"ImageObject\",\"inLanguage\":\"es\",\"@id\":\"https:\\\/\\\/secure.gravatar.com\\\/avatar\\\/b6992f131dc8d30ab0dff15446e9d346d9dbd95992de0fef795073f5ea83a81c?s=96&d=mm&r=g\",\"url\":\"https:\\\/\\\/secure.gravatar.com\\\/avatar\\\/b6992f131dc8d30ab0dff15446e9d346d9dbd95992de0fef795073f5ea83a81c?s=96&d=mm&r=g\",\"contentUrl\":\"https:\\\/\\\/secure.gravatar.com\\\/avatar\\\/b6992f131dc8d30ab0dff15446e9d346d9dbd95992de0fef795073f5ea83a81c?s=96&d=mm&r=g\",\"caption\":\"La Gu\u00eda de Pamplona\"}}]}<\/script>\n<!-- \/ Yoast SEO plugin. -->","yoast_head_json":{"title":"Pamplona presenta su estrategia integral de movilidad en la Feria Profesional de la Industria de la Movilidad Sostenible que se celebra en Ir\u00fan","description":"En las ponencias del city market de la feria han participado tambi\u00e9n ciudades como Vitoria, Barcelona o Estambul","robots":{"index":"index","follow":"follow","max-snippet":"max-snippet:-1","max-image-preview":"max-image-preview:large","max-video-preview":"max-video-preview:-1"},"canonical":"https:\/\/www.laguiadepamplona.com\/actualidad\/pamplona-presenta-su-estrategia-integral-de-movilidad-en-la-feria-profesional-de-la-industria-de-la-movilidad-sostenible-que-se-celebra-en-irun\/","og_locale":"es_ES","og_type":"article","og_title":"Pamplona presenta su estrategia integral de movilidad en la Feria Profesional de la Industria de la Movilidad Sostenible que se celebra en Ir\u00fan","og_description":"En las ponencias del city market de la feria han participado tambi\u00e9n ciudades como Vitoria, Barcelona o Estambul","og_url":"https:\/\/www.laguiadepamplona.com\/actualidad\/pamplona-presenta-su-estrategia-integral-de-movilidad-en-la-feria-profesional-de-la-industria-de-la-movilidad-sostenible-que-se-celebra-en-irun\/","og_site_name":"La Gu\u00eda de Pamplona","article_publisher":"https:\/\/www.facebook.com\/laguiadepamplonacom-133175176762273\/?ref=hl","article_published_time":"2022-04-29T16:25:30+00:00","article_modified_time":"2023-04-11T09:48:15+00:00","og_image":[{"width":1024,"height":683,"url":"https:\/\/www.laguiadepamplona.com\/actualidad\/wp-content\/uploads\/2022\/04\/22.04.29_charla_alonso_feria_gomobility.jpg","type":"image\/jpeg"}],"author":"La Gu\u00eda de Pamplona","twitter_card":"summary_large_image","twitter_creator":"@LaGuiadPamplona","twitter_site":"@LaGuiadPamplona","twitter_misc":{"Escrito por":"La Gu\u00eda de Pamplona","Tiempo de lectura":"3 minutos"},"schema":{"@context":"https:\/\/schema.org","@graph":[{"@type":"Article","@id":"https:\/\/www.laguiadepamplona.com\/actualidad\/pamplona-presenta-su-estrategia-integral-de-movilidad-en-la-feria-profesional-de-la-industria-de-la-movilidad-sostenible-que-se-celebra-en-irun\/#article","isPartOf":{"@id":"https:\/\/www.laguiadepamplona.com\/actualidad\/pamplona-presenta-su-estrategia-integral-de-movilidad-en-la-feria-profesional-de-la-industria-de-la-movilidad-sostenible-que-se-celebra-en-irun\/"},"author":{"name":"La Gu\u00eda de Pamplona","@id":"https:\/\/www.laguiadepamplona.com\/actualidad\/#\/schema\/person\/efe887376f0213d4657c93adc50b1fdb"},"headline":"Pamplona presenta su estrategia integral de movilidad en la Feria Profesional de la Industria de la Movilidad Sostenible que se celebra en Ir\u00fan","datePublished":"2022-04-29T16:25:30+00:00","dateModified":"2023-04-11T09:48:15+00:00","mainEntityOfPage":{"@id":"https:\/\/www.laguiadepamplona.com\/actualidad\/pamplona-presenta-su-estrategia-integral-de-movilidad-en-la-feria-profesional-de-la-industria-de-la-movilidad-sostenible-que-se-celebra-en-irun\/"},"wordCount":626,"commentCount":0,"publisher":{"@id":"https:\/\/www.laguiadepamplona.com\/actualidad\/#organization"},"image":{"@id":"https:\/\/www.laguiadepamplona.com\/actualidad\/pamplona-presenta-su-estrategia-integral-de-movilidad-en-la-feria-profesional-de-la-industria-de-la-movilidad-sostenible-que-se-celebra-en-irun\/#primaryimage"},"thumbnailUrl":"https:\/\/www.laguiadepamplona.com\/actualidad\/wp-content\/uploads\/2022\/04\/22.04.29_charla_alonso_feria_gomobility.jpg","articleSection":["Ayto Pamplona"],"inLanguage":"es","potentialAction":[{"@type":"CommentAction","name":"Comment","target":["https:\/\/www.laguiadepamplona.com\/actualidad\/pamplona-presenta-su-estrategia-integral-de-movilidad-en-la-feria-profesional-de-la-industria-de-la-movilidad-sostenible-que-se-celebra-en-irun\/#respond"]}]},{"@type":"WebPage","@id":"https:\/\/www.laguiadepamplona.com\/actualidad\/pamplona-presenta-su-estrategia-integral-de-movilidad-en-la-feria-profesional-de-la-industria-de-la-movilidad-sostenible-que-se-celebra-en-irun\/","url":"https:\/\/www.laguiadepamplona.com\/actualidad\/pamplona-presenta-su-estrategia-integral-de-movilidad-en-la-feria-profesional-de-la-industria-de-la-movilidad-sostenible-que-se-celebra-en-irun\/","name":"Pamplona presenta su estrategia integral de movilidad en la Feria Profesional de la Industria de la Movilidad Sostenible que se celebra en Ir\u00fan","isPartOf":{"@id":"https:\/\/www.laguiadepamplona.com\/actualidad\/#website"},"primaryImageOfPage":{"@id":"https:\/\/www.laguiadepamplona.com\/actualidad\/pamplona-presenta-su-estrategia-integral-de-movilidad-en-la-feria-profesional-de-la-industria-de-la-movilidad-sostenible-que-se-celebra-en-irun\/#primaryimage"},"image":{"@id":"https:\/\/www.laguiadepamplona.com\/actualidad\/pamplona-presenta-su-estrategia-integral-de-movilidad-en-la-feria-profesional-de-la-industria-de-la-movilidad-sostenible-que-se-celebra-en-irun\/#primaryimage"},"thumbnailUrl":"https:\/\/www.laguiadepamplona.com\/actualidad\/wp-content\/uploads\/2022\/04\/22.04.29_charla_alonso_feria_gomobility.jpg","datePublished":"2022-04-29T16:25:30+00:00","dateModified":"2023-04-11T09:48:15+00:00","description":"En las ponencias del city market de la feria han participado tambi\u00e9n ciudades como Vitoria, Barcelona o Estambul","breadcrumb":{"@id":"https:\/\/www.laguiadepamplona.com\/actualidad\/pamplona-presenta-su-estrategia-integral-de-movilidad-en-la-feria-profesional-de-la-industria-de-la-movilidad-sostenible-que-se-celebra-en-irun\/#breadcrumb"},"inLanguage":"es","potentialAction":[{"@type":"ReadAction","target":["https:\/\/www.laguiadepamplona.com\/actualidad\/pamplona-presenta-su-estrategia-integral-de-movilidad-en-la-feria-profesional-de-la-industria-de-la-movilidad-sostenible-que-se-celebra-en-irun\/"]}]},{"@type":"ImageObject","inLanguage":"es","@id":"https:\/\/www.laguiadepamplona.com\/actualidad\/pamplona-presenta-su-estrategia-integral-de-movilidad-en-la-feria-profesional-de-la-industria-de-la-movilidad-sostenible-que-se-celebra-en-irun\/#primaryimage","url":"https:\/\/www.laguiadepamplona.com\/actualidad\/wp-content\/uploads\/2022\/04\/22.04.29_charla_alonso_feria_gomobility.jpg","contentUrl":"https:\/\/www.laguiadepamplona.com\/actualidad\/wp-content\/uploads\/2022\/04\/22.04.29_charla_alonso_feria_gomobility.jpg","width":1024,"height":683},{"@type":"BreadcrumbList","@id":"https:\/\/www.laguiadepamplona.com\/actualidad\/pamplona-presenta-su-estrategia-integral-de-movilidad-en-la-feria-profesional-de-la-industria-de-la-movilidad-sostenible-que-se-celebra-en-irun\/#breadcrumb","itemListElement":[{"@type":"ListItem","position":1,"name":"Portada","item":"https:\/\/www.laguiadepamplona.com\/actualidad\/"},{"@type":"ListItem","position":2,"name":"Pamplona presenta su estrategia integral de movilidad en la Feria Profesional de la Industria de la Movilidad Sostenible que se celebra en Ir\u00fan"}]},{"@type":"WebSite","@id":"https:\/\/www.laguiadepamplona.com\/actualidad\/#website","url":"https:\/\/www.laguiadepamplona.com\/actualidad\/","name":"La gu\u00eda de Pamplona","description":"Noticias de Pamplona","publisher":{"@id":"https:\/\/www.laguiadepamplona.com\/actualidad\/#organization"},"potentialAction":[{"@type":"SearchAction","target":{"@type":"EntryPoint","urlTemplate":"https:\/\/www.laguiadepamplona.com\/actualidad\/?s={search_term_string}"},"query-input":{"@type":"PropertyValueSpecification","valueRequired":true,"valueName":"search_term_string"}}],"inLanguage":"es"},{"@type":"Organization","@id":"https:\/\/www.laguiadepamplona.com\/actualidad\/#organization","name":"La Gu\u00eda de Pamplona \/ Noticias","url":"https:\/\/www.laguiadepamplona.com\/actualidad\/","logo":{"@type":"ImageObject","inLanguage":"es","@id":"https:\/\/www.laguiadepamplona.com\/actualidad\/#\/schema\/logo\/image\/","url":"https:\/\/www.laguiadepamplona.com\/actualidad\/wp-content\/uploads\/2018\/11\/logo-laguiadepamplona18-web1.png","contentUrl":"https:\/\/www.laguiadepamplona.com\/actualidad\/wp-content\/uploads\/2018\/11\/logo-laguiadepamplona18-web1.png","width":600,"height":196,"caption":"La Gu\u00eda de Pamplona \/ Noticias"},"image":{"@id":"https:\/\/www.laguiadepamplona.com\/actualidad\/#\/schema\/logo\/image\/"},"sameAs":["https:\/\/www.facebook.com\/laguiadepamplonacom-133175176762273\/?ref=hl","https:\/\/x.com\/LaGuiadPamplona","https:\/\/www.instagram.com\/la_guia_de_pamplona\/","https:\/\/www.youtube.com\/user\/laguiadepamplona"]},{"@type":"Person","@id":"https:\/\/www.laguiadepamplona.com\/actualidad\/#\/schema\/person\/efe887376f0213d4657c93adc50b1fdb","name":"La Gu\u00eda de Pamplona","image":{"@type":"ImageObject","inLanguage":"es","@id":"https:\/\/secure.gravatar.com\/avatar\/b6992f131dc8d30ab0dff15446e9d346d9dbd95992de0fef795073f5ea83a81c?s=96&d=mm&r=g","url":"https:\/\/secure.gravatar.com\/avatar\/b6992f131dc8d30ab0dff15446e9d346d9dbd95992de0fef795073f5ea83a81c?s=96&d=mm&r=g","contentUrl":"https:\/\/secure.gravatar.com\/avatar\/b6992f131dc8d30ab0dff15446e9d346d9dbd95992de0fef795073f5ea83a81c?s=96&d=mm&r=g","caption":"La Gu\u00eda de Pamplona"}}]}},"post_mailing_queue_ids":[],"_links":{"self":[{"href":"https:\/\/www.laguiadepamplona.com\/actualidad\/wp-json\/wp\/v2\/posts\/40119","targetHints":{"allow":["GET"]}}],"collection":[{"href":"https:\/\/www.laguiadepamplona.com\/actualidad\/wp-json\/wp\/v2\/posts"}],"about":[{"href":"https:\/\/www.laguiadepamplona.com\/actualidad\/wp-json\/wp\/v2\/types\/post"}],"author":[{"embeddable":true,"href":"https:\/\/www.laguiadepamplona.com\/actualidad\/wp-json\/wp\/v2\/users\/1"}],"replies":[{"embeddable":true,"href":"https:\/\/www.laguiadepamplona.com\/actualidad\/wp-json\/wp\/v2\/comments?post=40119"}],"version-history":[{"count":0,"href":"https:\/\/www.laguiadepamplona.com\/actualidad\/wp-json\/wp\/v2\/posts\/40119\/revisions"}],"wp:featuredmedia":[{"embeddable":true,"href":"https:\/\/www.laguiadepamplona.com\/actualidad\/wp-json\/wp\/v2\/media\/40120"}],"wp:attachment":[{"href":"https:\/\/www.laguiadepamplona.com\/actualidad\/wp-json\/wp\/v2\/media?parent=40119"}],"wp:term":[{"taxonomy":"category","embeddable":true,"href":"https:\/\/www.laguiadepamplona.com\/actualidad\/wp-json\/wp\/v2\/categories?post=40119"},{"taxonomy":"post_tag","embeddable":true,"href":"https:\/\/www.laguiadepamplona.com\/actualidad\/wp-json\/wp\/v2\/tags?post=40119"}],"curies":[{"name":"wp","href":"https:\/\/api.w.org\/{rel}","templated":true}]}}