{"id":40117,"date":"2022-04-29T18:24:08","date_gmt":"2022-04-29T16:24:08","guid":{"rendered":"https:\/\/www.laguiadepamplona.com\/actualidad\/?p=40117"},"modified":"2023-04-11T11:48:16","modified_gmt":"2023-04-11T09:48:16","slug":"el-palacio-del-condestable-acoge-una-exposicion-homenaje-al-artista-y-profesor-pamplones-jabi-villarreal","status":"publish","type":"post","link":"https:\/\/www.laguiadepamplona.com\/actualidad\/el-palacio-del-condestable-acoge-una-exposicion-homenaje-al-artista-y-profesor-pamplones-jabi-villarreal\/","title":{"rendered":"El Palacio del Condestable acoge una exposici\u00f3n-homenaje al artista y profesor pamplon\u00e9s Jabi Villarreal"},"content":{"rendered":"<h5>108 artistas, compa\u00f1eros, profesores y alumnos de la Facultad de Bellas Artes de la UPV recuerdan con sus obras al polifac\u00e9tico creador<\/h5>\n<p><!--more--><\/p>\n<p>El Ayuntamiento de Pamplona presenta en el Palacio del Condestable una exposici\u00f3n-homenaje al artista y profesor pamplon\u00e9s Jabi Villarreal. Bajo el t\u00edtulo \u2018Un recuerdo desde la Facultad de Bellas Artes \/ Arte ederren fakultatetik\u2019 la muestra recoge obras de 108 artistas, compa\u00f1eros, profesores y alumnos de la Facultad de Bellas Artes de la Universidad del Pa\u00eds Vasco en la que imparti\u00f3 docencia desde el a\u00f1o 1987 hasta su fallecimiento en 2019, en las asignaturas de Dibujo y nuevas tecnolog\u00edas e Infograf\u00eda.<br \/>\n<script async src=\"\/\/pagead2.googlesyndication.com\/pagead\/js\/adsbygoogle.js\"><\/script><br \/>\n<!-- Noticias La Guia de Pamplona --><br \/>\n<ins class=\"adsbygoogle\"\nstyle=\"display:block\"\ndata-ad-client=\"ca-pub-6943679897239327\"\ndata-ad-slot=\"7048180777\"\ndata-ad-format=\"auto\"><\/ins><br \/>\n<script>\n(adsbygoogle = window.adsbygoogle || []).push({});\n<\/script><\/p>\n<p>Esta ma\u00f1ana Javier Manzanos, t\u00e9cnico de Artes Pl\u00e1sticas del Ayuntamiento de Pamplona, Xabier Idoate, artista y coordinador de la exposici\u00f3n y Arantza Lauzirika, decana de la Facultad de Bellas Artes de Bilbao, han glosado su figura y su trayectoria de artista experimental en m\u00e9todos, t\u00e9cnicas e instrumentos que hibridaba los medios tradicionales con los m\u00e1s novedosas, incluyendo en 3D, sin perder de vista su universo po\u00e9tico de gran densidad en representaciones del paisaje y del imaginario urbano.<\/p>\n<p>La muestra estar\u00e1 disponible en las salas 1 y 2 del Palacio del Condestable entre el 29 de abril y el 5 de junio en horario de 9 a 14 horas y de 17 a 21 horas de lunes a domingo.<br \/>\n<script async src=\"\/\/pagead2.googlesyndication.com\/pagead\/js\/adsbygoogle.js\"><\/script><br \/>\n<!-- Noticias La Guia de Pamplona --><br \/>\n<ins class=\"adsbygoogle\"\nstyle=\"display:block\"\ndata-ad-client=\"ca-pub-6943679897239327\"\ndata-ad-slot=\"7048180777\"\ndata-ad-format=\"auto\"><\/ins><br \/>\n<script>\n(adsbygoogle = window.adsbygoogle || []).push({});\n<\/script><\/p>\n<p>Jabi Villarreal (Pamplona 1962) era licenciado en Bellas Artes en la especialidad de Pintura por la UPV. Profesor en esa misma facultad, se dedic\u00f3 durante toda su vida a explorar t\u00e9cnicas al servicio del arte contempor\u00e1neo, con un extenso trabajo art\u00edstico que recoge m\u00e1s de 500 piezas pese a su temprano fallecimiento a los 57 a\u00f1os. Villareal tuvo una gran influencia en quienes le rodearon y particip\u00f3 en numerosas exposiciones colectivas, adem\u00e1s de protagonizar muestras individuales, especialmente en el \u00e1mbito de Navarra y Pa\u00eds Vasco, aunque sin descartar otras Comunidades Aut\u00f3nomas y saltando fronteras hacia pa\u00edses como Estados Unidos o China. Su primera exposici\u00f3n individual tuvo lugar en Pamplona en la antigua Sala de Cultura de la Caja de Ahorros de Navarra en 1985.<\/p>\n","protected":false},"excerpt":{"rendered":"<p>108 artistas, compa\u00f1eros, profesores y alumnos de la Facultad de Bellas Artes de la UPV recuerdan con sus obras al polifac\u00e9tico creador<\/p>\n","protected":false},"author":1,"featured_media":17390,"comment_status":"open","ping_status":"closed","sticky":false,"template":"","format":"standard","meta":{"footnotes":""},"categories":[2],"tags":[],"class_list":["post-40117","post","type-post","status-publish","format-standard","has-post-thumbnail","hentry","category-ayuntamiento-pamplona"],"yoast_head":"<!-- This site is optimized with the Yoast SEO plugin v27.3 - https:\/\/yoast.com\/product\/yoast-seo-wordpress\/ -->\n<title>El Palacio del Condestable acoge una exposici\u00f3n-homenaje al artista y profesor pamplon\u00e9s Jabi Villarreal<\/title>\n<meta name=\"description\" content=\"108 artistas, compa\u00f1eros, profesores y alumnos de la Facultad de Bellas Artes de la UPV recuerdan con sus obras al polifac\u00e9tico creador\" \/>\n<meta name=\"robots\" content=\"index, follow, max-snippet:-1, max-image-preview:large, max-video-preview:-1\" \/>\n<link rel=\"canonical\" href=\"https:\/\/www.laguiadepamplona.com\/actualidad\/el-palacio-del-condestable-acoge-una-exposicion-homenaje-al-artista-y-profesor-pamplones-jabi-villarreal\/\" \/>\n<meta property=\"og:locale\" content=\"es_ES\" \/>\n<meta property=\"og:type\" content=\"article\" \/>\n<meta property=\"og:title\" content=\"El Palacio del Condestable acoge una exposici\u00f3n-homenaje al artista y profesor pamplon\u00e9s Jabi Villarreal\" \/>\n<meta property=\"og:description\" content=\"108 artistas, compa\u00f1eros, profesores y alumnos de la Facultad de Bellas Artes de la UPV recuerdan con sus obras al polifac\u00e9tico creador\" \/>\n<meta property=\"og:url\" content=\"https:\/\/www.laguiadepamplona.com\/actualidad\/el-palacio-del-condestable-acoge-una-exposicion-homenaje-al-artista-y-profesor-pamplones-jabi-villarreal\/\" \/>\n<meta property=\"og:site_name\" content=\"La Gu\u00eda de Pamplona\" \/>\n<meta property=\"article:publisher\" content=\"https:\/\/www.facebook.com\/laguiadepamplonacom-133175176762273\/?ref=hl\" \/>\n<meta property=\"article:published_time\" content=\"2022-04-29T16:24:08+00:00\" \/>\n<meta property=\"article:modified_time\" content=\"2023-04-11T09:48:16+00:00\" \/>\n<meta property=\"og:image\" content=\"https:\/\/www.laguiadepamplona.com\/actualidad\/wp-content\/uploads\/2018\/05\/palacio-condestable.jpg\" \/>\n\t<meta property=\"og:image:width\" content=\"950\" \/>\n\t<meta property=\"og:image:height\" content=\"634\" \/>\n\t<meta property=\"og:image:type\" content=\"image\/jpeg\" \/>\n<meta name=\"author\" content=\"La Gu\u00eda de Pamplona\" \/>\n<meta name=\"twitter:card\" content=\"summary_large_image\" \/>\n<meta name=\"twitter:creator\" content=\"@LaGuiadPamplona\" \/>\n<meta name=\"twitter:site\" content=\"@LaGuiadPamplona\" \/>\n<meta name=\"twitter:label1\" content=\"Escrito por\" \/>\n\t<meta name=\"twitter:data1\" content=\"La Gu\u00eda de Pamplona\" \/>\n\t<meta name=\"twitter:label2\" content=\"Tiempo de lectura\" \/>\n\t<meta name=\"twitter:data2\" content=\"2 minutos\" \/>\n<script type=\"application\/ld+json\" class=\"yoast-schema-graph\">{\"@context\":\"https:\\\/\\\/schema.org\",\"@graph\":[{\"@type\":\"Article\",\"@id\":\"https:\\\/\\\/www.laguiadepamplona.com\\\/actualidad\\\/el-palacio-del-condestable-acoge-una-exposicion-homenaje-al-artista-y-profesor-pamplones-jabi-villarreal\\\/#article\",\"isPartOf\":{\"@id\":\"https:\\\/\\\/www.laguiadepamplona.com\\\/actualidad\\\/el-palacio-del-condestable-acoge-una-exposicion-homenaje-al-artista-y-profesor-pamplones-jabi-villarreal\\\/\"},\"author\":{\"name\":\"La Gu\u00eda de Pamplona\",\"@id\":\"https:\\\/\\\/www.laguiadepamplona.com\\\/actualidad\\\/#\\\/schema\\\/person\\\/efe887376f0213d4657c93adc50b1fdb\"},\"headline\":\"El Palacio del Condestable acoge una exposici\u00f3n-homenaje al artista y profesor pamplon\u00e9s Jabi Villarreal\",\"datePublished\":\"2022-04-29T16:24:08+00:00\",\"dateModified\":\"2023-04-11T09:48:16+00:00\",\"mainEntityOfPage\":{\"@id\":\"https:\\\/\\\/www.laguiadepamplona.com\\\/actualidad\\\/el-palacio-del-condestable-acoge-una-exposicion-homenaje-al-artista-y-profesor-pamplones-jabi-villarreal\\\/\"},\"wordCount\":372,\"commentCount\":0,\"publisher\":{\"@id\":\"https:\\\/\\\/www.laguiadepamplona.com\\\/actualidad\\\/#organization\"},\"image\":{\"@id\":\"https:\\\/\\\/www.laguiadepamplona.com\\\/actualidad\\\/el-palacio-del-condestable-acoge-una-exposicion-homenaje-al-artista-y-profesor-pamplones-jabi-villarreal\\\/#primaryimage\"},\"thumbnailUrl\":\"https:\\\/\\\/www.laguiadepamplona.com\\\/actualidad\\\/wp-content\\\/uploads\\\/2018\\\/05\\\/palacio-condestable.jpg\",\"articleSection\":[\"Ayto Pamplona\"],\"inLanguage\":\"es\",\"potentialAction\":[{\"@type\":\"CommentAction\",\"name\":\"Comment\",\"target\":[\"https:\\\/\\\/www.laguiadepamplona.com\\\/actualidad\\\/el-palacio-del-condestable-acoge-una-exposicion-homenaje-al-artista-y-profesor-pamplones-jabi-villarreal\\\/#respond\"]}]},{\"@type\":\"WebPage\",\"@id\":\"https:\\\/\\\/www.laguiadepamplona.com\\\/actualidad\\\/el-palacio-del-condestable-acoge-una-exposicion-homenaje-al-artista-y-profesor-pamplones-jabi-villarreal\\\/\",\"url\":\"https:\\\/\\\/www.laguiadepamplona.com\\\/actualidad\\\/el-palacio-del-condestable-acoge-una-exposicion-homenaje-al-artista-y-profesor-pamplones-jabi-villarreal\\\/\",\"name\":\"El Palacio del Condestable acoge una exposici\u00f3n-homenaje al artista y profesor pamplon\u00e9s Jabi Villarreal\",\"isPartOf\":{\"@id\":\"https:\\\/\\\/www.laguiadepamplona.com\\\/actualidad\\\/#website\"},\"primaryImageOfPage\":{\"@id\":\"https:\\\/\\\/www.laguiadepamplona.com\\\/actualidad\\\/el-palacio-del-condestable-acoge-una-exposicion-homenaje-al-artista-y-profesor-pamplones-jabi-villarreal\\\/#primaryimage\"},\"image\":{\"@id\":\"https:\\\/\\\/www.laguiadepamplona.com\\\/actualidad\\\/el-palacio-del-condestable-acoge-una-exposicion-homenaje-al-artista-y-profesor-pamplones-jabi-villarreal\\\/#primaryimage\"},\"thumbnailUrl\":\"https:\\\/\\\/www.laguiadepamplona.com\\\/actualidad\\\/wp-content\\\/uploads\\\/2018\\\/05\\\/palacio-condestable.jpg\",\"datePublished\":\"2022-04-29T16:24:08+00:00\",\"dateModified\":\"2023-04-11T09:48:16+00:00\",\"description\":\"108 artistas, compa\u00f1eros, profesores y alumnos de la Facultad de Bellas Artes de la UPV recuerdan con sus obras al polifac\u00e9tico creador\",\"breadcrumb\":{\"@id\":\"https:\\\/\\\/www.laguiadepamplona.com\\\/actualidad\\\/el-palacio-del-condestable-acoge-una-exposicion-homenaje-al-artista-y-profesor-pamplones-jabi-villarreal\\\/#breadcrumb\"},\"inLanguage\":\"es\",\"potentialAction\":[{\"@type\":\"ReadAction\",\"target\":[\"https:\\\/\\\/www.laguiadepamplona.com\\\/actualidad\\\/el-palacio-del-condestable-acoge-una-exposicion-homenaje-al-artista-y-profesor-pamplones-jabi-villarreal\\\/\"]}]},{\"@type\":\"ImageObject\",\"inLanguage\":\"es\",\"@id\":\"https:\\\/\\\/www.laguiadepamplona.com\\\/actualidad\\\/el-palacio-del-condestable-acoge-una-exposicion-homenaje-al-artista-y-profesor-pamplones-jabi-villarreal\\\/#primaryimage\",\"url\":\"https:\\\/\\\/www.laguiadepamplona.com\\\/actualidad\\\/wp-content\\\/uploads\\\/2018\\\/05\\\/palacio-condestable.jpg\",\"contentUrl\":\"https:\\\/\\\/www.laguiadepamplona.com\\\/actualidad\\\/wp-content\\\/uploads\\\/2018\\\/05\\\/palacio-condestable.jpg\",\"width\":950,\"height\":634,\"caption\":\"civivox condestable\"},{\"@type\":\"BreadcrumbList\",\"@id\":\"https:\\\/\\\/www.laguiadepamplona.com\\\/actualidad\\\/el-palacio-del-condestable-acoge-una-exposicion-homenaje-al-artista-y-profesor-pamplones-jabi-villarreal\\\/#breadcrumb\",\"itemListElement\":[{\"@type\":\"ListItem\",\"position\":1,\"name\":\"Portada\",\"item\":\"https:\\\/\\\/www.laguiadepamplona.com\\\/actualidad\\\/\"},{\"@type\":\"ListItem\",\"position\":2,\"name\":\"El Palacio del Condestable acoge una exposici\u00f3n-homenaje al artista y profesor pamplon\u00e9s Jabi Villarreal\"}]},{\"@type\":\"WebSite\",\"@id\":\"https:\\\/\\\/www.laguiadepamplona.com\\\/actualidad\\\/#website\",\"url\":\"https:\\\/\\\/www.laguiadepamplona.com\\\/actualidad\\\/\",\"name\":\"La gu\u00eda de Pamplona\",\"description\":\"Noticias de Pamplona\",\"publisher\":{\"@id\":\"https:\\\/\\\/www.laguiadepamplona.com\\\/actualidad\\\/#organization\"},\"potentialAction\":[{\"@type\":\"SearchAction\",\"target\":{\"@type\":\"EntryPoint\",\"urlTemplate\":\"https:\\\/\\\/www.laguiadepamplona.com\\\/actualidad\\\/?s={search_term_string}\"},\"query-input\":{\"@type\":\"PropertyValueSpecification\",\"valueRequired\":true,\"valueName\":\"search_term_string\"}}],\"inLanguage\":\"es\"},{\"@type\":\"Organization\",\"@id\":\"https:\\\/\\\/www.laguiadepamplona.com\\\/actualidad\\\/#organization\",\"name\":\"La Gu\u00eda de Pamplona \\\/ Noticias\",\"url\":\"https:\\\/\\\/www.laguiadepamplona.com\\\/actualidad\\\/\",\"logo\":{\"@type\":\"ImageObject\",\"inLanguage\":\"es\",\"@id\":\"https:\\\/\\\/www.laguiadepamplona.com\\\/actualidad\\\/#\\\/schema\\\/logo\\\/image\\\/\",\"url\":\"https:\\\/\\\/www.laguiadepamplona.com\\\/actualidad\\\/wp-content\\\/uploads\\\/2018\\\/11\\\/logo-laguiadepamplona18-web1.png\",\"contentUrl\":\"https:\\\/\\\/www.laguiadepamplona.com\\\/actualidad\\\/wp-content\\\/uploads\\\/2018\\\/11\\\/logo-laguiadepamplona18-web1.png\",\"width\":600,\"height\":196,\"caption\":\"La Gu\u00eda de Pamplona \\\/ Noticias\"},\"image\":{\"@id\":\"https:\\\/\\\/www.laguiadepamplona.com\\\/actualidad\\\/#\\\/schema\\\/logo\\\/image\\\/\"},\"sameAs\":[\"https:\\\/\\\/www.facebook.com\\\/laguiadepamplonacom-133175176762273\\\/?ref=hl\",\"https:\\\/\\\/x.com\\\/LaGuiadPamplona\",\"https:\\\/\\\/www.instagram.com\\\/la_guia_de_pamplona\\\/\",\"https:\\\/\\\/www.youtube.com\\\/user\\\/laguiadepamplona\"]},{\"@type\":\"Person\",\"@id\":\"https:\\\/\\\/www.laguiadepamplona.com\\\/actualidad\\\/#\\\/schema\\\/person\\\/efe887376f0213d4657c93adc50b1fdb\",\"name\":\"La Gu\u00eda de Pamplona\",\"image\":{\"@type\":\"ImageObject\",\"inLanguage\":\"es\",\"@id\":\"https:\\\/\\\/secure.gravatar.com\\\/avatar\\\/b6992f131dc8d30ab0dff15446e9d346d9dbd95992de0fef795073f5ea83a81c?s=96&d=mm&r=g\",\"url\":\"https:\\\/\\\/secure.gravatar.com\\\/avatar\\\/b6992f131dc8d30ab0dff15446e9d346d9dbd95992de0fef795073f5ea83a81c?s=96&d=mm&r=g\",\"contentUrl\":\"https:\\\/\\\/secure.gravatar.com\\\/avatar\\\/b6992f131dc8d30ab0dff15446e9d346d9dbd95992de0fef795073f5ea83a81c?s=96&d=mm&r=g\",\"caption\":\"La Gu\u00eda de Pamplona\"}}]}<\/script>\n<!-- \/ Yoast SEO plugin. -->","yoast_head_json":{"title":"El Palacio del Condestable acoge una exposici\u00f3n-homenaje al artista y profesor pamplon\u00e9s Jabi Villarreal","description":"108 artistas, compa\u00f1eros, profesores y alumnos de la Facultad de Bellas Artes de la UPV recuerdan con sus obras al polifac\u00e9tico creador","robots":{"index":"index","follow":"follow","max-snippet":"max-snippet:-1","max-image-preview":"max-image-preview:large","max-video-preview":"max-video-preview:-1"},"canonical":"https:\/\/www.laguiadepamplona.com\/actualidad\/el-palacio-del-condestable-acoge-una-exposicion-homenaje-al-artista-y-profesor-pamplones-jabi-villarreal\/","og_locale":"es_ES","og_type":"article","og_title":"El Palacio del Condestable acoge una exposici\u00f3n-homenaje al artista y profesor pamplon\u00e9s Jabi Villarreal","og_description":"108 artistas, compa\u00f1eros, profesores y alumnos de la Facultad de Bellas Artes de la UPV recuerdan con sus obras al polifac\u00e9tico creador","og_url":"https:\/\/www.laguiadepamplona.com\/actualidad\/el-palacio-del-condestable-acoge-una-exposicion-homenaje-al-artista-y-profesor-pamplones-jabi-villarreal\/","og_site_name":"La Gu\u00eda de Pamplona","article_publisher":"https:\/\/www.facebook.com\/laguiadepamplonacom-133175176762273\/?ref=hl","article_published_time":"2022-04-29T16:24:08+00:00","article_modified_time":"2023-04-11T09:48:16+00:00","og_image":[{"width":950,"height":634,"url":"https:\/\/www.laguiadepamplona.com\/actualidad\/wp-content\/uploads\/2018\/05\/palacio-condestable.jpg","type":"image\/jpeg"}],"author":"La Gu\u00eda de Pamplona","twitter_card":"summary_large_image","twitter_creator":"@LaGuiadPamplona","twitter_site":"@LaGuiadPamplona","twitter_misc":{"Escrito por":"La Gu\u00eda de Pamplona","Tiempo de lectura":"2 minutos"},"schema":{"@context":"https:\/\/schema.org","@graph":[{"@type":"Article","@id":"https:\/\/www.laguiadepamplona.com\/actualidad\/el-palacio-del-condestable-acoge-una-exposicion-homenaje-al-artista-y-profesor-pamplones-jabi-villarreal\/#article","isPartOf":{"@id":"https:\/\/www.laguiadepamplona.com\/actualidad\/el-palacio-del-condestable-acoge-una-exposicion-homenaje-al-artista-y-profesor-pamplones-jabi-villarreal\/"},"author":{"name":"La Gu\u00eda de Pamplona","@id":"https:\/\/www.laguiadepamplona.com\/actualidad\/#\/schema\/person\/efe887376f0213d4657c93adc50b1fdb"},"headline":"El Palacio del Condestable acoge una exposici\u00f3n-homenaje al artista y profesor pamplon\u00e9s Jabi Villarreal","datePublished":"2022-04-29T16:24:08+00:00","dateModified":"2023-04-11T09:48:16+00:00","mainEntityOfPage":{"@id":"https:\/\/www.laguiadepamplona.com\/actualidad\/el-palacio-del-condestable-acoge-una-exposicion-homenaje-al-artista-y-profesor-pamplones-jabi-villarreal\/"},"wordCount":372,"commentCount":0,"publisher":{"@id":"https:\/\/www.laguiadepamplona.com\/actualidad\/#organization"},"image":{"@id":"https:\/\/www.laguiadepamplona.com\/actualidad\/el-palacio-del-condestable-acoge-una-exposicion-homenaje-al-artista-y-profesor-pamplones-jabi-villarreal\/#primaryimage"},"thumbnailUrl":"https:\/\/www.laguiadepamplona.com\/actualidad\/wp-content\/uploads\/2018\/05\/palacio-condestable.jpg","articleSection":["Ayto Pamplona"],"inLanguage":"es","potentialAction":[{"@type":"CommentAction","name":"Comment","target":["https:\/\/www.laguiadepamplona.com\/actualidad\/el-palacio-del-condestable-acoge-una-exposicion-homenaje-al-artista-y-profesor-pamplones-jabi-villarreal\/#respond"]}]},{"@type":"WebPage","@id":"https:\/\/www.laguiadepamplona.com\/actualidad\/el-palacio-del-condestable-acoge-una-exposicion-homenaje-al-artista-y-profesor-pamplones-jabi-villarreal\/","url":"https:\/\/www.laguiadepamplona.com\/actualidad\/el-palacio-del-condestable-acoge-una-exposicion-homenaje-al-artista-y-profesor-pamplones-jabi-villarreal\/","name":"El Palacio del Condestable acoge una exposici\u00f3n-homenaje al artista y profesor pamplon\u00e9s Jabi Villarreal","isPartOf":{"@id":"https:\/\/www.laguiadepamplona.com\/actualidad\/#website"},"primaryImageOfPage":{"@id":"https:\/\/www.laguiadepamplona.com\/actualidad\/el-palacio-del-condestable-acoge-una-exposicion-homenaje-al-artista-y-profesor-pamplones-jabi-villarreal\/#primaryimage"},"image":{"@id":"https:\/\/www.laguiadepamplona.com\/actualidad\/el-palacio-del-condestable-acoge-una-exposicion-homenaje-al-artista-y-profesor-pamplones-jabi-villarreal\/#primaryimage"},"thumbnailUrl":"https:\/\/www.laguiadepamplona.com\/actualidad\/wp-content\/uploads\/2018\/05\/palacio-condestable.jpg","datePublished":"2022-04-29T16:24:08+00:00","dateModified":"2023-04-11T09:48:16+00:00","description":"108 artistas, compa\u00f1eros, profesores y alumnos de la Facultad de Bellas Artes de la UPV recuerdan con sus obras al polifac\u00e9tico creador","breadcrumb":{"@id":"https:\/\/www.laguiadepamplona.com\/actualidad\/el-palacio-del-condestable-acoge-una-exposicion-homenaje-al-artista-y-profesor-pamplones-jabi-villarreal\/#breadcrumb"},"inLanguage":"es","potentialAction":[{"@type":"ReadAction","target":["https:\/\/www.laguiadepamplona.com\/actualidad\/el-palacio-del-condestable-acoge-una-exposicion-homenaje-al-artista-y-profesor-pamplones-jabi-villarreal\/"]}]},{"@type":"ImageObject","inLanguage":"es","@id":"https:\/\/www.laguiadepamplona.com\/actualidad\/el-palacio-del-condestable-acoge-una-exposicion-homenaje-al-artista-y-profesor-pamplones-jabi-villarreal\/#primaryimage","url":"https:\/\/www.laguiadepamplona.com\/actualidad\/wp-content\/uploads\/2018\/05\/palacio-condestable.jpg","contentUrl":"https:\/\/www.laguiadepamplona.com\/actualidad\/wp-content\/uploads\/2018\/05\/palacio-condestable.jpg","width":950,"height":634,"caption":"civivox condestable"},{"@type":"BreadcrumbList","@id":"https:\/\/www.laguiadepamplona.com\/actualidad\/el-palacio-del-condestable-acoge-una-exposicion-homenaje-al-artista-y-profesor-pamplones-jabi-villarreal\/#breadcrumb","itemListElement":[{"@type":"ListItem","position":1,"name":"Portada","item":"https:\/\/www.laguiadepamplona.com\/actualidad\/"},{"@type":"ListItem","position":2,"name":"El Palacio del Condestable acoge una exposici\u00f3n-homenaje al artista y profesor pamplon\u00e9s Jabi Villarreal"}]},{"@type":"WebSite","@id":"https:\/\/www.laguiadepamplona.com\/actualidad\/#website","url":"https:\/\/www.laguiadepamplona.com\/actualidad\/","name":"La gu\u00eda de Pamplona","description":"Noticias de Pamplona","publisher":{"@id":"https:\/\/www.laguiadepamplona.com\/actualidad\/#organization"},"potentialAction":[{"@type":"SearchAction","target":{"@type":"EntryPoint","urlTemplate":"https:\/\/www.laguiadepamplona.com\/actualidad\/?s={search_term_string}"},"query-input":{"@type":"PropertyValueSpecification","valueRequired":true,"valueName":"search_term_string"}}],"inLanguage":"es"},{"@type":"Organization","@id":"https:\/\/www.laguiadepamplona.com\/actualidad\/#organization","name":"La Gu\u00eda de Pamplona \/ Noticias","url":"https:\/\/www.laguiadepamplona.com\/actualidad\/","logo":{"@type":"ImageObject","inLanguage":"es","@id":"https:\/\/www.laguiadepamplona.com\/actualidad\/#\/schema\/logo\/image\/","url":"https:\/\/www.laguiadepamplona.com\/actualidad\/wp-content\/uploads\/2018\/11\/logo-laguiadepamplona18-web1.png","contentUrl":"https:\/\/www.laguiadepamplona.com\/actualidad\/wp-content\/uploads\/2018\/11\/logo-laguiadepamplona18-web1.png","width":600,"height":196,"caption":"La Gu\u00eda de Pamplona \/ Noticias"},"image":{"@id":"https:\/\/www.laguiadepamplona.com\/actualidad\/#\/schema\/logo\/image\/"},"sameAs":["https:\/\/www.facebook.com\/laguiadepamplonacom-133175176762273\/?ref=hl","https:\/\/x.com\/LaGuiadPamplona","https:\/\/www.instagram.com\/la_guia_de_pamplona\/","https:\/\/www.youtube.com\/user\/laguiadepamplona"]},{"@type":"Person","@id":"https:\/\/www.laguiadepamplona.com\/actualidad\/#\/schema\/person\/efe887376f0213d4657c93adc50b1fdb","name":"La Gu\u00eda de Pamplona","image":{"@type":"ImageObject","inLanguage":"es","@id":"https:\/\/secure.gravatar.com\/avatar\/b6992f131dc8d30ab0dff15446e9d346d9dbd95992de0fef795073f5ea83a81c?s=96&d=mm&r=g","url":"https:\/\/secure.gravatar.com\/avatar\/b6992f131dc8d30ab0dff15446e9d346d9dbd95992de0fef795073f5ea83a81c?s=96&d=mm&r=g","contentUrl":"https:\/\/secure.gravatar.com\/avatar\/b6992f131dc8d30ab0dff15446e9d346d9dbd95992de0fef795073f5ea83a81c?s=96&d=mm&r=g","caption":"La Gu\u00eda de Pamplona"}}]}},"post_mailing_queue_ids":[],"_links":{"self":[{"href":"https:\/\/www.laguiadepamplona.com\/actualidad\/wp-json\/wp\/v2\/posts\/40117","targetHints":{"allow":["GET"]}}],"collection":[{"href":"https:\/\/www.laguiadepamplona.com\/actualidad\/wp-json\/wp\/v2\/posts"}],"about":[{"href":"https:\/\/www.laguiadepamplona.com\/actualidad\/wp-json\/wp\/v2\/types\/post"}],"author":[{"embeddable":true,"href":"https:\/\/www.laguiadepamplona.com\/actualidad\/wp-json\/wp\/v2\/users\/1"}],"replies":[{"embeddable":true,"href":"https:\/\/www.laguiadepamplona.com\/actualidad\/wp-json\/wp\/v2\/comments?post=40117"}],"version-history":[{"count":0,"href":"https:\/\/www.laguiadepamplona.com\/actualidad\/wp-json\/wp\/v2\/posts\/40117\/revisions"}],"wp:featuredmedia":[{"embeddable":true,"href":"https:\/\/www.laguiadepamplona.com\/actualidad\/wp-json\/wp\/v2\/media\/17390"}],"wp:attachment":[{"href":"https:\/\/www.laguiadepamplona.com\/actualidad\/wp-json\/wp\/v2\/media?parent=40117"}],"wp:term":[{"taxonomy":"category","embeddable":true,"href":"https:\/\/www.laguiadepamplona.com\/actualidad\/wp-json\/wp\/v2\/categories?post=40117"},{"taxonomy":"post_tag","embeddable":true,"href":"https:\/\/www.laguiadepamplona.com\/actualidad\/wp-json\/wp\/v2\/tags?post=40117"}],"curies":[{"name":"wp","href":"https:\/\/api.w.org\/{rel}","templated":true}]}}