{"id":40112,"date":"2022-04-28T17:38:29","date_gmt":"2022-04-28T15:38:29","guid":{"rendered":"https:\/\/www.laguiadepamplona.com\/actualidad\/?p=40112"},"modified":"2023-04-11T11:48:16","modified_gmt":"2023-04-11T09:48:16","slug":"30-anos-de-asesoria-juridica-especializada-para-los-jovenes-de-pamplona-alumnado-de-grado-y-master-recibe-sus-diplomas-de-practicas-en-la-casa-de-la-juventud","status":"publish","type":"post","link":"https:\/\/www.laguiadepamplona.com\/actualidad\/30-anos-de-asesoria-juridica-especializada-para-los-jovenes-de-pamplona-alumnado-de-grado-y-master-recibe-sus-diplomas-de-practicas-en-la-casa-de-la-juventud\/","title":{"rendered":"30 a\u00f1os de asesor\u00eda jur\u00eddica especializada para los j\u00f3venes de Pamplona: alumnado de grado y m\u00e1ster recibe sus diplomas de pr\u00e1cticas en la Casa de la Juventud"},"content":{"rendered":"<h5>Este servicio prestado por j\u00f3venes y para j\u00f3venes, en 2021 recibi\u00f3 1.222 consultas, un 26% m\u00e1s que el a\u00f1o anterior<\/h5>\n<p><!--more--><\/p>\n<p>Alumnos y alumnas procedentes del Grado de Derecho de la Universidad de Navarra y del M\u00e1ster de Acceso a la Abogac\u00eda de la Universidad P\u00fablica de Navarra (UPNA) han recibido los diplomas que acreditan sus pr\u00e1cticas en la Asesor\u00eda Jur\u00eddica de la Casa de la Juventud del Ayuntamiento de Pamplona durante el presente curso. Este 2022 se cumplen 30 a\u00f1os desde que se impuls\u00f3 esta iniciativa de asesor\u00eda y desarrollo profesional en la que cada a\u00f1o colaboran Ayuntamiento de Pamplona, Universidad de Navarra y Colegio de Abogados de Pamplona (MICAP). En 2021 las asesor\u00edas jur\u00eddicas (General, Asociacionismo y Emprendimiento) registraron un total de 1.222 consultas y hasta el mes de marzo de este a\u00f1o lleva registradas 395<\/p>\n<p>Marta Aguilera Sistero; Laura Bartrina Lima; Julia Carrasco Mart\u00edn; Alejandra Jaramillo Bejarano; Cristina Molins Ramos; Jos\u00e9 Manuel Motta Falcon; Eva Saizar Azcue; Mar\u00eda Tornero Campa; y Leyre Mart\u00edn Ru\u00edz se han encargado, entre otras tareas, de orientar a las personas j\u00f3venes de forma gratuita sobre distintos aspectos relacionados con temas jur\u00eddicos de su inter\u00e9s en campos variados. A cambio, ellas y ellos han podido complementar su formaci\u00f3n acad\u00e9mica mediante acerc\u00e1ndose a actividades propias de su pr\u00f3ximo futuro ejercicio profesional.<\/p>\n<p>El grupo de estudiantes ha recibido sus acreditaciones de manos del concejal especial de Deporte y Juventud, Fernando Aranguren. Al acto han asistido tambi\u00e9n Fernando Azagra, como responsable del \u00c1rea de Pr\u00e1cticas del M\u00e1ster de acceso a la abogac\u00eda de la UPNA y vicedecano del Colegio de Abogados de Pamplona, adem\u00e1s de Fidel Alonso-Allende, director de Desarrollo de la Facultad de Derecho de la Universidad de Navarra; y David Astiz, director del \u00c1rea de Educaci\u00f3n de SEDENA, S.L., gestora de la Casa de la Juventud.<br \/>\n<script async src=\"\/\/pagead2.googlesyndication.com\/pagead\/js\/adsbygoogle.js\"><\/script><br \/>\n<!-- Noticias La Guia de Pamplona --><br \/>\n<ins class=\"adsbygoogle\"\nstyle=\"display:block\"\ndata-ad-client=\"ca-pub-6943679897239327\"\ndata-ad-slot=\"7048180777\"\ndata-ad-format=\"auto\"><\/ins><br \/>\n<script>\n(adsbygoogle = window.adsbygoogle || []).push({});\n<\/script><\/p>\n<p><strong>Consultas individuales y sesiones grupales abiertas<\/strong><\/p>\n<p>En 2021 las asesor\u00edas jur\u00eddicas registraron un total de 1.222 consultas y hasta el mes de marzo de este a\u00f1o lleva registradas 395. Las personas usuarias pueden escribir por correo electr\u00f3nico o, si desean cita presencial solicitarla previamente en el tel\u00e9fono 948 23 35 12. Los datos a lo largo del tiempo hablan de un incremento de demanda cuyo punto de inflexi\u00f3n fue en el a\u00f1o del confinamiento. Si en 2018 y 2019 las consultas fueron alrededor de 750, en 2020 llegaron a 904, y las cifras del a\u00f1o pasado suponen un 26% de subida respecto al a\u00f1o anterior. En este sentido, estos dos a\u00f1os de pandemia han supuesto un claro incremento de las consultas recibidas en las asesor\u00edas jur\u00eddicas destacando, adem\u00e1s de las relacionadas con la aplicaci\u00f3n de la normativa COVID.<\/p>\n<p>Dado que el perfil de las personas usuarias del servicio es el de joven adulto, de alrededor de 25 a\u00f1os, y pr\u00e1cticamente en igual proporci\u00f3n por g\u00e9neros, sus preocupaciones est\u00e1n muy vinculadas al inicio de una vida aut\u00f3noma: emprendimiento, tanto como autoempleo, como en relaci\u00f3n con la puesta en marcha de proyectos asociativo; consultas sobre qu\u00e9 forma jur\u00eddica se adec\u00faa mejor al proyecto empresarial propio; la existencia y el funcionamiento de subvenciones p\u00fablicas o c\u00f3mo interpretar contratos laborales o n\u00f3minas. Tambi\u00e9n hay siempre cuestiones sobre sus derechos a la hora de alquilar una vivienda y en los \u00faltimos a\u00f1os, adem\u00e1s, han aumentado las consultas sobre temas de extranjer\u00eda.<\/p>\n<p>Adem\u00e1s de la v\u00eda individual, destacan las reuniones de grupo abiertas al p\u00fablico que se programa dentro de la oferta de actividades de \u2018Cafeteando\u2019., en la cafeter\u00eda de la Casa. Mensualmente se programan sesiones gratuitas denominadas \u2018El jueves me entero\u2019 (Asesor\u00eda Jur\u00eddica) que aborda temas relativos a las leyes de forma sencilla; \u2018Cafeteando con\u2026\u2019 (Asociacionismo) en las que una asociaci\u00f3n expone su actividad y proyecto, y \u2018El Club de los Primeros Pasos\u2019 (Asesor\u00eda de Emprendimiento), donde se crean redes de juventud. De esta \u00faltima asesor\u00eda depende la \u201cExperteka\u201d una biblioteca humana de personas expertas en emprendimiento con quienes la juventud puede contactar para conocer de primera mano cuestiones relacionadas con el \u00e1mbito concreto en el que desean emprender.<br \/>\n<script async src=\"\/\/pagead2.googlesyndication.com\/pagead\/js\/adsbygoogle.js\"><\/script><br \/>\n<!-- Noticias La Guia de Pamplona --><br \/>\n<ins class=\"adsbygoogle\"\nstyle=\"display:block\"\ndata-ad-client=\"ca-pub-6943679897239327\"\ndata-ad-slot=\"7048180777\"\ndata-ad-format=\"auto\"><\/ins><br \/>\n<script>\n(adsbygoogle = window.adsbygoogle || []).push({});\n<\/script><\/p>\n<p><strong>30 a\u00f1os de aprendizaje-servicio jur\u00eddico<\/strong><\/p>\n<p>Este programa de pr\u00e1cticas universitarias se inici\u00f3 en el a\u00f1o 1992 en la Asesor\u00eda Jur\u00eddica de la Casa de la Juventud. En el a\u00f1o 2012, coincidiendo con el 20 aniversario del inicio de actividades del servicio, la iniciativa se vio reconocida con el Galard\u00f3n de Juventud de Gobierno de Navarra. Con el tiempo, la variedad de tipolog\u00edas y el aumento de consultas llev\u00f3 a ampliar el servicio de informaci\u00f3n y asesoramiento jur\u00eddico con dos asesor\u00edas m\u00e1s, la de asociacionismo juvenil en 2014 y la de emprendimiento en 2019, increment\u00e1ndose tambi\u00e9n el n\u00famero de horas de asistencia al p\u00fablico de los servicios de asesor\u00eda jur\u00eddica, que actualmente prestan un total de 20 horas semanales de atenci\u00f3n.<\/p>\n<p>Con esta ampliaci\u00f3n crecieron tambi\u00e9n las oportunidades de participaci\u00f3n del alumnado de grado y m\u00e1ster de \u00e1mbitos jur\u00eddicos de las dos universidades presenciales de la Comunidad Foral. La evoluci\u00f3n en positivo se acredita con el paulatino aumento de consultas y actividades de las asesor\u00edas jur\u00eddicas a lo largo de estos 30 a\u00f1os, siempre adapt\u00e1ndose a los cambios y novedades sociales y juveniles. El ejemplo m\u00e1s reciente fue el trabajo realizado en pandemia, con v\u00eddeos y post semanales de informaci\u00f3n \u00fatil para la juventud. Estas pr\u00e1cticas son fruto de los convenios de colaboraci\u00f3n que mantienen el Ayuntamiento de Pamplona y SEDENA, S.L., con la Fundaci\u00f3n Empresa &#8211; Universidad de Navarra y el Colegio de Abogados de Pamplona.<\/p>\n<p>Las asesor\u00edas del \u00e1mbito jur\u00eddico, junto con la \u00abAsesor\u00eda Psicol\u00f3gica\u00bb y la \u00abAsesor\u00eda de Estudios, Salidas Profesionales, Ocio y Tiempo libre\u00bb conforman el servicio de asesor\u00edas especializadas de la Oficina de Informaci\u00f3n Juvenil de la Casa de la Juventud del Ayuntamiento de Pamplona.<br \/>\n<script async src=\"\/\/pagead2.googlesyndication.com\/pagead\/js\/adsbygoogle.js\"><\/script><br \/>\n<!-- Noticias La Guia de Pamplona --><br \/>\n<ins class=\"adsbygoogle\"\nstyle=\"display:block\"\ndata-ad-client=\"ca-pub-6943679897239327\"\ndata-ad-slot=\"7048180777\"\ndata-ad-format=\"auto\"><\/ins><br \/>\n<script>\n(adsbygoogle = window.adsbygoogle || []).push({});\n<\/script><\/p>\n<p><strong>Actividades paralelas: visita a la Polic\u00eda Cient\u00edfica<\/strong><\/p>\n<p>El objetivo fundamental de estas asesor\u00edas jur\u00eddicas es orientar a las personas j\u00f3venes de forma gratuita sobre distintos aspectos relacionado con temas jur\u00eddicos de su inter\u00e9s, como el asociacionismo o el emprendimiento. Asimismo, los estudiantes organizan actividades paralelas como encuentros, charlas o coloquios sobre temas jur\u00eddicos relacionados con las materias propias de la asesor\u00eda, y elaboraran art\u00edculos o ficheros de informaci\u00f3n para uso propio o para disposici\u00f3n de los usuarios. La experiencia les sirve tambi\u00e9n para tomar contacto con los entes jur\u00eddicos especializados en cada materia.<\/p>\n<p>En concreto, el alumnado participante este a\u00f1o organiz\u00f3 y elabor\u00f3 la exposici\u00f3n fotogr\u00e1fica \u201cAs\u00ed somos\u201d con motivo del d\u00e9cimo aniversario de la Ley Foral de Juventud, en la que a trav\u00e9s de diversas fotograf\u00edas se invitaba a reflexionar sobre los derechos de la juventud. Asimismo, ha elaborado una serie de infograf\u00edas con informaci\u00f3n b\u00e1sica para realizar tr\u00e1mites habituales, dentro del proyecto \u201cLa Olla que bulle. Recetas para juventud inquieta\u201d: empadronarse en una nueva vivienda, solicitar el n\u00famero de afiliaci\u00f3n a la seguridad social o la firma digital, o cambiar la titularidad de contratos de servicios como la luz o el agua, entre otras cuestiones.<\/p>\n<p>Por \u00faltimo, el curso ha finalizado con una visita a la Brigada Cient\u00edfica de Polic\u00eda Nacional, donde el alumnado ha conocido de cerca el trabajo que realizan en las investigaciones judiciales que les son encomendadas.<br \/>\n<script async src=\"\/\/pagead2.googlesyndication.com\/pagead\/js\/adsbygoogle.js\"><\/script><br \/>\n<!-- Noticias La Guia de Pamplona --><br \/>\n<ins class=\"adsbygoogle\"\nstyle=\"display:block\"\ndata-ad-client=\"ca-pub-6943679897239327\"\ndata-ad-slot=\"7048180777\"\ndata-ad-format=\"auto\"><\/ins><br \/>\n<script>\n(adsbygoogle = window.adsbygoogle || []).push({});\n<\/script><\/p>\n<p>&nbsp;<\/p>\n<h3>Los horarios y v\u00edas de contacto de las Asesor\u00edas Jur\u00eddicas<\/h3>\n<ul>\n<li>Asesor\u00eda Jur\u00eddica, martes y jueves de 11 a 14 horas y de 17 a 20 horas<\/li>\n<\/ul>\n<p><a href=\"mailto:asesoriajuridica@casajuventud.com\">asesoriajuridica@casajuventud.com<\/a><\/p>\n<ul>\n<li>Asesor\u00eda de Asociacionismo, mi\u00e9rcoles de 11 a 14 y de 17 a 20 horas<\/li>\n<\/ul>\n<p><a href=\"mailto:asociacionismo@casajuventud.com\">asociacionismo@casajuventud.com<\/a><\/p>\n<ul>\n<li>Asesor\u00eda de Emprendimiento, viernes, de 12 a 14 horas<\/li>\n<\/ul>\n<p><a href=\"mailto:asesoriaemprendimiento@casajuventud.com\">asesoriaemprendimiento@casajuventud.com<\/a><\/p>\n<p>&nbsp;<\/p>\n<p>Tambi\u00e9n puede contactarse a trav\u00e9s de los formularios habilitados en <a href=\"http:\/\/www.pamplonajoven.es\">www.pamplonajoven.es<\/a>. Para atenci\u00f3n presencial es necesario solicitar cita previa en el 948 23 35 12<\/p>\n<p>Cada mes las asesor\u00edas mantienen sesiones grupales dentro del programa de actividades \u2018Cafeteando\u2019<\/p>\n","protected":false},"excerpt":{"rendered":"<p>Este servicio prestado por j\u00f3venes y para j\u00f3venes, en 2021 recibi\u00f3 1.222 consultas, un 26% m\u00e1s que el a\u00f1o anterior<\/p>\n","protected":false},"author":1,"featured_media":40113,"comment_status":"open","ping_status":"closed","sticky":false,"template":"","format":"standard","meta":{"footnotes":""},"categories":[2],"tags":[],"class_list":["post-40112","post","type-post","status-publish","format-standard","has-post-thumbnail","hentry","category-ayuntamiento-pamplona"],"yoast_head":"<!-- This site is optimized with the Yoast SEO plugin v27.3 - https:\/\/yoast.com\/product\/yoast-seo-wordpress\/ -->\n<title>30 a\u00f1os de asesor\u00eda jur\u00eddica especializada para los j\u00f3venes de Pamplona: alumnado de grado y m\u00e1ster recibe sus diplomas de pr\u00e1cticas en la Casa de la Juventud<\/title>\n<meta name=\"description\" content=\"Este servicio prestado por j\u00f3venes y para j\u00f3venes, en 2021 recibi\u00f3 1.222 consultas, un 26% m\u00e1s que el a\u00f1o anterior\" \/>\n<meta name=\"robots\" content=\"index, follow, max-snippet:-1, max-image-preview:large, max-video-preview:-1\" \/>\n<link rel=\"canonical\" href=\"https:\/\/www.laguiadepamplona.com\/actualidad\/30-anos-de-asesoria-juridica-especializada-para-los-jovenes-de-pamplona-alumnado-de-grado-y-master-recibe-sus-diplomas-de-practicas-en-la-casa-de-la-juventud\/\" \/>\n<meta property=\"og:locale\" content=\"es_ES\" \/>\n<meta property=\"og:type\" content=\"article\" \/>\n<meta property=\"og:title\" content=\"30 a\u00f1os de asesor\u00eda jur\u00eddica especializada para los j\u00f3venes de Pamplona: alumnado de grado y m\u00e1ster recibe sus diplomas de pr\u00e1cticas en la Casa de la Juventud\" \/>\n<meta property=\"og:description\" content=\"Este servicio prestado por j\u00f3venes y para j\u00f3venes, en 2021 recibi\u00f3 1.222 consultas, un 26% m\u00e1s que el a\u00f1o anterior\" \/>\n<meta property=\"og:url\" content=\"https:\/\/www.laguiadepamplona.com\/actualidad\/30-anos-de-asesoria-juridica-especializada-para-los-jovenes-de-pamplona-alumnado-de-grado-y-master-recibe-sus-diplomas-de-practicas-en-la-casa-de-la-juventud\/\" \/>\n<meta property=\"og:site_name\" content=\"La Gu\u00eda de Pamplona\" \/>\n<meta property=\"article:publisher\" content=\"https:\/\/www.facebook.com\/laguiadepamplonacom-133175176762273\/?ref=hl\" \/>\n<meta property=\"article:published_time\" content=\"2022-04-28T15:38:29+00:00\" \/>\n<meta property=\"article:modified_time\" content=\"2023-04-11T09:48:16+00:00\" \/>\n<meta property=\"og:image\" content=\"https:\/\/www.laguiadepamplona.com\/actualidad\/wp-content\/uploads\/2022\/04\/asesoria-jurica-casa-juventud.webp\" \/>\n\t<meta property=\"og:image:width\" content=\"1920\" \/>\n\t<meta property=\"og:image:height\" content=\"1281\" \/>\n\t<meta property=\"og:image:type\" content=\"image\/webp\" \/>\n<meta name=\"author\" content=\"La Gu\u00eda de Pamplona\" \/>\n<meta name=\"twitter:card\" content=\"summary_large_image\" \/>\n<meta name=\"twitter:creator\" content=\"@LaGuiadPamplona\" \/>\n<meta name=\"twitter:site\" content=\"@LaGuiadPamplona\" \/>\n<meta name=\"twitter:label1\" content=\"Escrito por\" \/>\n\t<meta name=\"twitter:data1\" content=\"La Gu\u00eda de Pamplona\" \/>\n\t<meta name=\"twitter:label2\" content=\"Tiempo de lectura\" \/>\n\t<meta name=\"twitter:data2\" content=\"6 minutos\" \/>\n<script type=\"application\/ld+json\" class=\"yoast-schema-graph\">{\"@context\":\"https:\\\/\\\/schema.org\",\"@graph\":[{\"@type\":\"Article\",\"@id\":\"https:\\\/\\\/www.laguiadepamplona.com\\\/actualidad\\\/30-anos-de-asesoria-juridica-especializada-para-los-jovenes-de-pamplona-alumnado-de-grado-y-master-recibe-sus-diplomas-de-practicas-en-la-casa-de-la-juventud\\\/#article\",\"isPartOf\":{\"@id\":\"https:\\\/\\\/www.laguiadepamplona.com\\\/actualidad\\\/30-anos-de-asesoria-juridica-especializada-para-los-jovenes-de-pamplona-alumnado-de-grado-y-master-recibe-sus-diplomas-de-practicas-en-la-casa-de-la-juventud\\\/\"},\"author\":{\"name\":\"La Gu\u00eda de Pamplona\",\"@id\":\"https:\\\/\\\/www.laguiadepamplona.com\\\/actualidad\\\/#\\\/schema\\\/person\\\/efe887376f0213d4657c93adc50b1fdb\"},\"headline\":\"30 a\u00f1os de asesor\u00eda jur\u00eddica especializada para los j\u00f3venes de Pamplona: alumnado de grado y m\u00e1ster recibe sus diplomas de pr\u00e1cticas en la Casa de la Juventud\",\"datePublished\":\"2022-04-28T15:38:29+00:00\",\"dateModified\":\"2023-04-11T09:48:16+00:00\",\"mainEntityOfPage\":{\"@id\":\"https:\\\/\\\/www.laguiadepamplona.com\\\/actualidad\\\/30-anos-de-asesoria-juridica-especializada-para-los-jovenes-de-pamplona-alumnado-de-grado-y-master-recibe-sus-diplomas-de-practicas-en-la-casa-de-la-juventud\\\/\"},\"wordCount\":1421,\"commentCount\":0,\"publisher\":{\"@id\":\"https:\\\/\\\/www.laguiadepamplona.com\\\/actualidad\\\/#organization\"},\"image\":{\"@id\":\"https:\\\/\\\/www.laguiadepamplona.com\\\/actualidad\\\/30-anos-de-asesoria-juridica-especializada-para-los-jovenes-de-pamplona-alumnado-de-grado-y-master-recibe-sus-diplomas-de-practicas-en-la-casa-de-la-juventud\\\/#primaryimage\"},\"thumbnailUrl\":\"https:\\\/\\\/www.laguiadepamplona.com\\\/actualidad\\\/wp-content\\\/uploads\\\/2022\\\/04\\\/asesoria-jurica-casa-juventud.webp\",\"articleSection\":[\"Ayto Pamplona\"],\"inLanguage\":\"es\",\"potentialAction\":[{\"@type\":\"CommentAction\",\"name\":\"Comment\",\"target\":[\"https:\\\/\\\/www.laguiadepamplona.com\\\/actualidad\\\/30-anos-de-asesoria-juridica-especializada-para-los-jovenes-de-pamplona-alumnado-de-grado-y-master-recibe-sus-diplomas-de-practicas-en-la-casa-de-la-juventud\\\/#respond\"]}]},{\"@type\":\"WebPage\",\"@id\":\"https:\\\/\\\/www.laguiadepamplona.com\\\/actualidad\\\/30-anos-de-asesoria-juridica-especializada-para-los-jovenes-de-pamplona-alumnado-de-grado-y-master-recibe-sus-diplomas-de-practicas-en-la-casa-de-la-juventud\\\/\",\"url\":\"https:\\\/\\\/www.laguiadepamplona.com\\\/actualidad\\\/30-anos-de-asesoria-juridica-especializada-para-los-jovenes-de-pamplona-alumnado-de-grado-y-master-recibe-sus-diplomas-de-practicas-en-la-casa-de-la-juventud\\\/\",\"name\":\"30 a\u00f1os de asesor\u00eda jur\u00eddica especializada para los j\u00f3venes de Pamplona: alumnado de grado y m\u00e1ster recibe sus diplomas de pr\u00e1cticas en la Casa de la Juventud\",\"isPartOf\":{\"@id\":\"https:\\\/\\\/www.laguiadepamplona.com\\\/actualidad\\\/#website\"},\"primaryImageOfPage\":{\"@id\":\"https:\\\/\\\/www.laguiadepamplona.com\\\/actualidad\\\/30-anos-de-asesoria-juridica-especializada-para-los-jovenes-de-pamplona-alumnado-de-grado-y-master-recibe-sus-diplomas-de-practicas-en-la-casa-de-la-juventud\\\/#primaryimage\"},\"image\":{\"@id\":\"https:\\\/\\\/www.laguiadepamplona.com\\\/actualidad\\\/30-anos-de-asesoria-juridica-especializada-para-los-jovenes-de-pamplona-alumnado-de-grado-y-master-recibe-sus-diplomas-de-practicas-en-la-casa-de-la-juventud\\\/#primaryimage\"},\"thumbnailUrl\":\"https:\\\/\\\/www.laguiadepamplona.com\\\/actualidad\\\/wp-content\\\/uploads\\\/2022\\\/04\\\/asesoria-jurica-casa-juventud.webp\",\"datePublished\":\"2022-04-28T15:38:29+00:00\",\"dateModified\":\"2023-04-11T09:48:16+00:00\",\"description\":\"Este servicio prestado por j\u00f3venes y para j\u00f3venes, en 2021 recibi\u00f3 1.222 consultas, un 26% m\u00e1s que el a\u00f1o anterior\",\"breadcrumb\":{\"@id\":\"https:\\\/\\\/www.laguiadepamplona.com\\\/actualidad\\\/30-anos-de-asesoria-juridica-especializada-para-los-jovenes-de-pamplona-alumnado-de-grado-y-master-recibe-sus-diplomas-de-practicas-en-la-casa-de-la-juventud\\\/#breadcrumb\"},\"inLanguage\":\"es\",\"potentialAction\":[{\"@type\":\"ReadAction\",\"target\":[\"https:\\\/\\\/www.laguiadepamplona.com\\\/actualidad\\\/30-anos-de-asesoria-juridica-especializada-para-los-jovenes-de-pamplona-alumnado-de-grado-y-master-recibe-sus-diplomas-de-practicas-en-la-casa-de-la-juventud\\\/\"]}]},{\"@type\":\"ImageObject\",\"inLanguage\":\"es\",\"@id\":\"https:\\\/\\\/www.laguiadepamplona.com\\\/actualidad\\\/30-anos-de-asesoria-juridica-especializada-para-los-jovenes-de-pamplona-alumnado-de-grado-y-master-recibe-sus-diplomas-de-practicas-en-la-casa-de-la-juventud\\\/#primaryimage\",\"url\":\"https:\\\/\\\/www.laguiadepamplona.com\\\/actualidad\\\/wp-content\\\/uploads\\\/2022\\\/04\\\/asesoria-jurica-casa-juventud.webp\",\"contentUrl\":\"https:\\\/\\\/www.laguiadepamplona.com\\\/actualidad\\\/wp-content\\\/uploads\\\/2022\\\/04\\\/asesoria-jurica-casa-juventud.webp\",\"width\":1920,\"height\":1281},{\"@type\":\"BreadcrumbList\",\"@id\":\"https:\\\/\\\/www.laguiadepamplona.com\\\/actualidad\\\/30-anos-de-asesoria-juridica-especializada-para-los-jovenes-de-pamplona-alumnado-de-grado-y-master-recibe-sus-diplomas-de-practicas-en-la-casa-de-la-juventud\\\/#breadcrumb\",\"itemListElement\":[{\"@type\":\"ListItem\",\"position\":1,\"name\":\"Portada\",\"item\":\"https:\\\/\\\/www.laguiadepamplona.com\\\/actualidad\\\/\"},{\"@type\":\"ListItem\",\"position\":2,\"name\":\"30 a\u00f1os de asesor\u00eda jur\u00eddica especializada para los j\u00f3venes de Pamplona: alumnado de grado y m\u00e1ster recibe sus diplomas de pr\u00e1cticas en la Casa de la Juventud\"}]},{\"@type\":\"WebSite\",\"@id\":\"https:\\\/\\\/www.laguiadepamplona.com\\\/actualidad\\\/#website\",\"url\":\"https:\\\/\\\/www.laguiadepamplona.com\\\/actualidad\\\/\",\"name\":\"La gu\u00eda de Pamplona\",\"description\":\"Noticias de Pamplona\",\"publisher\":{\"@id\":\"https:\\\/\\\/www.laguiadepamplona.com\\\/actualidad\\\/#organization\"},\"potentialAction\":[{\"@type\":\"SearchAction\",\"target\":{\"@type\":\"EntryPoint\",\"urlTemplate\":\"https:\\\/\\\/www.laguiadepamplona.com\\\/actualidad\\\/?s={search_term_string}\"},\"query-input\":{\"@type\":\"PropertyValueSpecification\",\"valueRequired\":true,\"valueName\":\"search_term_string\"}}],\"inLanguage\":\"es\"},{\"@type\":\"Organization\",\"@id\":\"https:\\\/\\\/www.laguiadepamplona.com\\\/actualidad\\\/#organization\",\"name\":\"La Gu\u00eda de Pamplona \\\/ Noticias\",\"url\":\"https:\\\/\\\/www.laguiadepamplona.com\\\/actualidad\\\/\",\"logo\":{\"@type\":\"ImageObject\",\"inLanguage\":\"es\",\"@id\":\"https:\\\/\\\/www.laguiadepamplona.com\\\/actualidad\\\/#\\\/schema\\\/logo\\\/image\\\/\",\"url\":\"https:\\\/\\\/www.laguiadepamplona.com\\\/actualidad\\\/wp-content\\\/uploads\\\/2018\\\/11\\\/logo-laguiadepamplona18-web1.png\",\"contentUrl\":\"https:\\\/\\\/www.laguiadepamplona.com\\\/actualidad\\\/wp-content\\\/uploads\\\/2018\\\/11\\\/logo-laguiadepamplona18-web1.png\",\"width\":600,\"height\":196,\"caption\":\"La Gu\u00eda de Pamplona \\\/ Noticias\"},\"image\":{\"@id\":\"https:\\\/\\\/www.laguiadepamplona.com\\\/actualidad\\\/#\\\/schema\\\/logo\\\/image\\\/\"},\"sameAs\":[\"https:\\\/\\\/www.facebook.com\\\/laguiadepamplonacom-133175176762273\\\/?ref=hl\",\"https:\\\/\\\/x.com\\\/LaGuiadPamplona\",\"https:\\\/\\\/www.instagram.com\\\/la_guia_de_pamplona\\\/\",\"https:\\\/\\\/www.youtube.com\\\/user\\\/laguiadepamplona\"]},{\"@type\":\"Person\",\"@id\":\"https:\\\/\\\/www.laguiadepamplona.com\\\/actualidad\\\/#\\\/schema\\\/person\\\/efe887376f0213d4657c93adc50b1fdb\",\"name\":\"La Gu\u00eda de Pamplona\",\"image\":{\"@type\":\"ImageObject\",\"inLanguage\":\"es\",\"@id\":\"https:\\\/\\\/secure.gravatar.com\\\/avatar\\\/b6992f131dc8d30ab0dff15446e9d346d9dbd95992de0fef795073f5ea83a81c?s=96&d=mm&r=g\",\"url\":\"https:\\\/\\\/secure.gravatar.com\\\/avatar\\\/b6992f131dc8d30ab0dff15446e9d346d9dbd95992de0fef795073f5ea83a81c?s=96&d=mm&r=g\",\"contentUrl\":\"https:\\\/\\\/secure.gravatar.com\\\/avatar\\\/b6992f131dc8d30ab0dff15446e9d346d9dbd95992de0fef795073f5ea83a81c?s=96&d=mm&r=g\",\"caption\":\"La Gu\u00eda de Pamplona\"}}]}<\/script>\n<!-- \/ Yoast SEO plugin. -->","yoast_head_json":{"title":"30 a\u00f1os de asesor\u00eda jur\u00eddica especializada para los j\u00f3venes de Pamplona: alumnado de grado y m\u00e1ster recibe sus diplomas de pr\u00e1cticas en la Casa de la Juventud","description":"Este servicio prestado por j\u00f3venes y para j\u00f3venes, en 2021 recibi\u00f3 1.222 consultas, un 26% m\u00e1s que el a\u00f1o anterior","robots":{"index":"index","follow":"follow","max-snippet":"max-snippet:-1","max-image-preview":"max-image-preview:large","max-video-preview":"max-video-preview:-1"},"canonical":"https:\/\/www.laguiadepamplona.com\/actualidad\/30-anos-de-asesoria-juridica-especializada-para-los-jovenes-de-pamplona-alumnado-de-grado-y-master-recibe-sus-diplomas-de-practicas-en-la-casa-de-la-juventud\/","og_locale":"es_ES","og_type":"article","og_title":"30 a\u00f1os de asesor\u00eda jur\u00eddica especializada para los j\u00f3venes de Pamplona: alumnado de grado y m\u00e1ster recibe sus diplomas de pr\u00e1cticas en la Casa de la Juventud","og_description":"Este servicio prestado por j\u00f3venes y para j\u00f3venes, en 2021 recibi\u00f3 1.222 consultas, un 26% m\u00e1s que el a\u00f1o anterior","og_url":"https:\/\/www.laguiadepamplona.com\/actualidad\/30-anos-de-asesoria-juridica-especializada-para-los-jovenes-de-pamplona-alumnado-de-grado-y-master-recibe-sus-diplomas-de-practicas-en-la-casa-de-la-juventud\/","og_site_name":"La Gu\u00eda de Pamplona","article_publisher":"https:\/\/www.facebook.com\/laguiadepamplonacom-133175176762273\/?ref=hl","article_published_time":"2022-04-28T15:38:29+00:00","article_modified_time":"2023-04-11T09:48:16+00:00","og_image":[{"width":1920,"height":1281,"url":"https:\/\/www.laguiadepamplona.com\/actualidad\/wp-content\/uploads\/2022\/04\/asesoria-jurica-casa-juventud.webp","type":"image\/webp"}],"author":"La Gu\u00eda de Pamplona","twitter_card":"summary_large_image","twitter_creator":"@LaGuiadPamplona","twitter_site":"@LaGuiadPamplona","twitter_misc":{"Escrito por":"La Gu\u00eda de Pamplona","Tiempo de lectura":"6 minutos"},"schema":{"@context":"https:\/\/schema.org","@graph":[{"@type":"Article","@id":"https:\/\/www.laguiadepamplona.com\/actualidad\/30-anos-de-asesoria-juridica-especializada-para-los-jovenes-de-pamplona-alumnado-de-grado-y-master-recibe-sus-diplomas-de-practicas-en-la-casa-de-la-juventud\/#article","isPartOf":{"@id":"https:\/\/www.laguiadepamplona.com\/actualidad\/30-anos-de-asesoria-juridica-especializada-para-los-jovenes-de-pamplona-alumnado-de-grado-y-master-recibe-sus-diplomas-de-practicas-en-la-casa-de-la-juventud\/"},"author":{"name":"La Gu\u00eda de Pamplona","@id":"https:\/\/www.laguiadepamplona.com\/actualidad\/#\/schema\/person\/efe887376f0213d4657c93adc50b1fdb"},"headline":"30 a\u00f1os de asesor\u00eda jur\u00eddica especializada para los j\u00f3venes de Pamplona: alumnado de grado y m\u00e1ster recibe sus diplomas de pr\u00e1cticas en la Casa de la Juventud","datePublished":"2022-04-28T15:38:29+00:00","dateModified":"2023-04-11T09:48:16+00:00","mainEntityOfPage":{"@id":"https:\/\/www.laguiadepamplona.com\/actualidad\/30-anos-de-asesoria-juridica-especializada-para-los-jovenes-de-pamplona-alumnado-de-grado-y-master-recibe-sus-diplomas-de-practicas-en-la-casa-de-la-juventud\/"},"wordCount":1421,"commentCount":0,"publisher":{"@id":"https:\/\/www.laguiadepamplona.com\/actualidad\/#organization"},"image":{"@id":"https:\/\/www.laguiadepamplona.com\/actualidad\/30-anos-de-asesoria-juridica-especializada-para-los-jovenes-de-pamplona-alumnado-de-grado-y-master-recibe-sus-diplomas-de-practicas-en-la-casa-de-la-juventud\/#primaryimage"},"thumbnailUrl":"https:\/\/www.laguiadepamplona.com\/actualidad\/wp-content\/uploads\/2022\/04\/asesoria-jurica-casa-juventud.webp","articleSection":["Ayto Pamplona"],"inLanguage":"es","potentialAction":[{"@type":"CommentAction","name":"Comment","target":["https:\/\/www.laguiadepamplona.com\/actualidad\/30-anos-de-asesoria-juridica-especializada-para-los-jovenes-de-pamplona-alumnado-de-grado-y-master-recibe-sus-diplomas-de-practicas-en-la-casa-de-la-juventud\/#respond"]}]},{"@type":"WebPage","@id":"https:\/\/www.laguiadepamplona.com\/actualidad\/30-anos-de-asesoria-juridica-especializada-para-los-jovenes-de-pamplona-alumnado-de-grado-y-master-recibe-sus-diplomas-de-practicas-en-la-casa-de-la-juventud\/","url":"https:\/\/www.laguiadepamplona.com\/actualidad\/30-anos-de-asesoria-juridica-especializada-para-los-jovenes-de-pamplona-alumnado-de-grado-y-master-recibe-sus-diplomas-de-practicas-en-la-casa-de-la-juventud\/","name":"30 a\u00f1os de asesor\u00eda jur\u00eddica especializada para los j\u00f3venes de Pamplona: alumnado de grado y m\u00e1ster recibe sus diplomas de pr\u00e1cticas en la Casa de la Juventud","isPartOf":{"@id":"https:\/\/www.laguiadepamplona.com\/actualidad\/#website"},"primaryImageOfPage":{"@id":"https:\/\/www.laguiadepamplona.com\/actualidad\/30-anos-de-asesoria-juridica-especializada-para-los-jovenes-de-pamplona-alumnado-de-grado-y-master-recibe-sus-diplomas-de-practicas-en-la-casa-de-la-juventud\/#primaryimage"},"image":{"@id":"https:\/\/www.laguiadepamplona.com\/actualidad\/30-anos-de-asesoria-juridica-especializada-para-los-jovenes-de-pamplona-alumnado-de-grado-y-master-recibe-sus-diplomas-de-practicas-en-la-casa-de-la-juventud\/#primaryimage"},"thumbnailUrl":"https:\/\/www.laguiadepamplona.com\/actualidad\/wp-content\/uploads\/2022\/04\/asesoria-jurica-casa-juventud.webp","datePublished":"2022-04-28T15:38:29+00:00","dateModified":"2023-04-11T09:48:16+00:00","description":"Este servicio prestado por j\u00f3venes y para j\u00f3venes, en 2021 recibi\u00f3 1.222 consultas, un 26% m\u00e1s que el a\u00f1o anterior","breadcrumb":{"@id":"https:\/\/www.laguiadepamplona.com\/actualidad\/30-anos-de-asesoria-juridica-especializada-para-los-jovenes-de-pamplona-alumnado-de-grado-y-master-recibe-sus-diplomas-de-practicas-en-la-casa-de-la-juventud\/#breadcrumb"},"inLanguage":"es","potentialAction":[{"@type":"ReadAction","target":["https:\/\/www.laguiadepamplona.com\/actualidad\/30-anos-de-asesoria-juridica-especializada-para-los-jovenes-de-pamplona-alumnado-de-grado-y-master-recibe-sus-diplomas-de-practicas-en-la-casa-de-la-juventud\/"]}]},{"@type":"ImageObject","inLanguage":"es","@id":"https:\/\/www.laguiadepamplona.com\/actualidad\/30-anos-de-asesoria-juridica-especializada-para-los-jovenes-de-pamplona-alumnado-de-grado-y-master-recibe-sus-diplomas-de-practicas-en-la-casa-de-la-juventud\/#primaryimage","url":"https:\/\/www.laguiadepamplona.com\/actualidad\/wp-content\/uploads\/2022\/04\/asesoria-jurica-casa-juventud.webp","contentUrl":"https:\/\/www.laguiadepamplona.com\/actualidad\/wp-content\/uploads\/2022\/04\/asesoria-jurica-casa-juventud.webp","width":1920,"height":1281},{"@type":"BreadcrumbList","@id":"https:\/\/www.laguiadepamplona.com\/actualidad\/30-anos-de-asesoria-juridica-especializada-para-los-jovenes-de-pamplona-alumnado-de-grado-y-master-recibe-sus-diplomas-de-practicas-en-la-casa-de-la-juventud\/#breadcrumb","itemListElement":[{"@type":"ListItem","position":1,"name":"Portada","item":"https:\/\/www.laguiadepamplona.com\/actualidad\/"},{"@type":"ListItem","position":2,"name":"30 a\u00f1os de asesor\u00eda jur\u00eddica especializada para los j\u00f3venes de Pamplona: alumnado de grado y m\u00e1ster recibe sus diplomas de pr\u00e1cticas en la Casa de la Juventud"}]},{"@type":"WebSite","@id":"https:\/\/www.laguiadepamplona.com\/actualidad\/#website","url":"https:\/\/www.laguiadepamplona.com\/actualidad\/","name":"La gu\u00eda de Pamplona","description":"Noticias de Pamplona","publisher":{"@id":"https:\/\/www.laguiadepamplona.com\/actualidad\/#organization"},"potentialAction":[{"@type":"SearchAction","target":{"@type":"EntryPoint","urlTemplate":"https:\/\/www.laguiadepamplona.com\/actualidad\/?s={search_term_string}"},"query-input":{"@type":"PropertyValueSpecification","valueRequired":true,"valueName":"search_term_string"}}],"inLanguage":"es"},{"@type":"Organization","@id":"https:\/\/www.laguiadepamplona.com\/actualidad\/#organization","name":"La Gu\u00eda de Pamplona \/ Noticias","url":"https:\/\/www.laguiadepamplona.com\/actualidad\/","logo":{"@type":"ImageObject","inLanguage":"es","@id":"https:\/\/www.laguiadepamplona.com\/actualidad\/#\/schema\/logo\/image\/","url":"https:\/\/www.laguiadepamplona.com\/actualidad\/wp-content\/uploads\/2018\/11\/logo-laguiadepamplona18-web1.png","contentUrl":"https:\/\/www.laguiadepamplona.com\/actualidad\/wp-content\/uploads\/2018\/11\/logo-laguiadepamplona18-web1.png","width":600,"height":196,"caption":"La Gu\u00eda de Pamplona \/ Noticias"},"image":{"@id":"https:\/\/www.laguiadepamplona.com\/actualidad\/#\/schema\/logo\/image\/"},"sameAs":["https:\/\/www.facebook.com\/laguiadepamplonacom-133175176762273\/?ref=hl","https:\/\/x.com\/LaGuiadPamplona","https:\/\/www.instagram.com\/la_guia_de_pamplona\/","https:\/\/www.youtube.com\/user\/laguiadepamplona"]},{"@type":"Person","@id":"https:\/\/www.laguiadepamplona.com\/actualidad\/#\/schema\/person\/efe887376f0213d4657c93adc50b1fdb","name":"La Gu\u00eda de Pamplona","image":{"@type":"ImageObject","inLanguage":"es","@id":"https:\/\/secure.gravatar.com\/avatar\/b6992f131dc8d30ab0dff15446e9d346d9dbd95992de0fef795073f5ea83a81c?s=96&d=mm&r=g","url":"https:\/\/secure.gravatar.com\/avatar\/b6992f131dc8d30ab0dff15446e9d346d9dbd95992de0fef795073f5ea83a81c?s=96&d=mm&r=g","contentUrl":"https:\/\/secure.gravatar.com\/avatar\/b6992f131dc8d30ab0dff15446e9d346d9dbd95992de0fef795073f5ea83a81c?s=96&d=mm&r=g","caption":"La Gu\u00eda de Pamplona"}}]}},"post_mailing_queue_ids":[],"_links":{"self":[{"href":"https:\/\/www.laguiadepamplona.com\/actualidad\/wp-json\/wp\/v2\/posts\/40112","targetHints":{"allow":["GET"]}}],"collection":[{"href":"https:\/\/www.laguiadepamplona.com\/actualidad\/wp-json\/wp\/v2\/posts"}],"about":[{"href":"https:\/\/www.laguiadepamplona.com\/actualidad\/wp-json\/wp\/v2\/types\/post"}],"author":[{"embeddable":true,"href":"https:\/\/www.laguiadepamplona.com\/actualidad\/wp-json\/wp\/v2\/users\/1"}],"replies":[{"embeddable":true,"href":"https:\/\/www.laguiadepamplona.com\/actualidad\/wp-json\/wp\/v2\/comments?post=40112"}],"version-history":[{"count":0,"href":"https:\/\/www.laguiadepamplona.com\/actualidad\/wp-json\/wp\/v2\/posts\/40112\/revisions"}],"wp:featuredmedia":[{"embeddable":true,"href":"https:\/\/www.laguiadepamplona.com\/actualidad\/wp-json\/wp\/v2\/media\/40113"}],"wp:attachment":[{"href":"https:\/\/www.laguiadepamplona.com\/actualidad\/wp-json\/wp\/v2\/media?parent=40112"}],"wp:term":[{"taxonomy":"category","embeddable":true,"href":"https:\/\/www.laguiadepamplona.com\/actualidad\/wp-json\/wp\/v2\/categories?post=40112"},{"taxonomy":"post_tag","embeddable":true,"href":"https:\/\/www.laguiadepamplona.com\/actualidad\/wp-json\/wp\/v2\/tags?post=40112"}],"curies":[{"name":"wp","href":"https:\/\/api.w.org\/{rel}","templated":true}]}}