{"id":40101,"date":"2022-04-27T19:31:27","date_gmt":"2022-04-27T17:31:27","guid":{"rendered":"https:\/\/www.laguiadepamplona.com\/actualidad\/?p=40101"},"modified":"2023-04-11T11:48:16","modified_gmt":"2023-04-11T09:48:16","slug":"pamplona-y-cendea-de-galar-acuerdan-alterar-566-000-m2-de-sus-terminos-municipales-para-facilitar-la-gestion-y-ejecucion-de-futuros-desarrollos-urbanisticos","status":"publish","type":"post","link":"https:\/\/www.laguiadepamplona.com\/actualidad\/pamplona-y-cendea-de-galar-acuerdan-alterar-566-000-m2-de-sus-terminos-municipales-para-facilitar-la-gestion-y-ejecucion-de-futuros-desarrollos-urbanisticos\/","title":{"rendered":"Pamplona y Cendea de Galar acuerdan alterar 566.000 m2 de sus t\u00e9rminos municipales para facilitar la gesti\u00f3n y ejecuci\u00f3n de futuros desarrollos urban\u00edsticos"},"content":{"rendered":"<h5>Pamplona aporta a la Cendea de Galar terrenos en la meseta de Donapea y el Garit\u00f3n de Ripalda y recibe suelo de la zona de Cordovilla<\/h5>\n<p><!--more--><\/p>\n<p>El Ayuntamiento de Pamplona y el Ayuntamiento de la Cendea de Galar firmar\u00e1n un convenio interadministrativo de colaboraci\u00f3n para alterar los t\u00e9rminos municipales de ambas localidades. La l\u00ednea divisoria de ambos t\u00e9rminos municipales se modificar\u00e1, desde el punto del meandro del r\u00edo Elorz m\u00e1s pr\u00f3ximo al instituto Donapea al oeste, hasta el vial PA-32, que va desde la calle Sadar al pol\u00edgono comercial de la Morea al este. En total, el intercambio de terrenos para la alteraci\u00f3n de los l\u00edmites municipales afecta a algo m\u00e1s de 566.000 metros cuadrados de cada una de ambas localidades.<br \/>\n<script async src=\"\/\/pagead2.googlesyndication.com\/pagead\/js\/adsbygoogle.js\"><\/script><br \/>\n<!-- Noticias La Guia de Pamplona --><br \/>\n<ins class=\"adsbygoogle\"\nstyle=\"display:block\"\ndata-ad-client=\"ca-pub-6943679897239327\"\ndata-ad-slot=\"7048180777\"\ndata-ad-format=\"auto\"><\/ins><br \/>\n<script>\n(adsbygoogle = window.adsbygoogle || []).push({});\n<\/script><br \/>\nLa l\u00ednea l\u00edmite propuesta se traza, dependiendo de las zonas, siguiendo elementos f\u00edsicos existentes, futuras infraestructuras ya proyectadas y l\u00edmites parcelarios actuales, con el criterio de compensar las superficies que aportan ambos t\u00e9rminos municipales. As\u00ed las cosas, Pamplona aporta a la alteraci\u00f3n 566.714 m<sup>2<\/sup>, que ganar\u00e1 la Cendea de Galar, y esta 566.708 m<sup>2<\/sup>, que pasar\u00e1n a formar parte de Pamplona. La propuesta se basa en motivos de conveniencia tanto econ\u00f3mica como administrativa, con el objetivo de que cualquier futuro desarrollo urban\u00edstico de las zonas afectadas (Meseta de Donapea o Garit\u00f3n de Ripalda) sea coherente y proporcionado, tanto a la realidad f\u00edsica de la zona como a la realidad administrativa y funcional de la futura gesti\u00f3n de este \u00e1mbito territorial.<\/p>\n<p>La Gerencia de Urbanismo ha conocido esta ma\u00f1ana el contenido de ese convenio, que est\u00e1 previsto que el Pleno del Ayuntamiento de Pamplona apruebe en el Pleno del pr\u00f3ximo 5 de mayo, para despu\u00e9s formalizarlo a trav\u00e9s de la firma de ambos alcaldes. Los trabajos de redacci\u00f3n de la documentaci\u00f3n t\u00e9cnica com\u00fan para la alteraci\u00f3n de los t\u00e9rminos municipales los ha realizado el Ayuntamiento de Pamplona, mediante la coordinaci\u00f3n de los Servicios T\u00e9cnicos de ambos consistorios. La memoria t\u00e9cnica redactada ser\u00e1 aprobada por ambos ayuntamientos y posteriormente se remitir\u00e1 el expediente a la Direcci\u00f3n General de Administraci\u00f3n Local del Gobierno de Navarra para su tramitaci\u00f3n.<\/p>\n<p><strong>Nuevos l\u00edmites de los t\u00e9rminos municipales<\/strong><\/p>\n<p>La nueva l\u00ednea divisoria, en el t\u00e9rmino de Donapea desde el meandro del r\u00edo Elorz m\u00e1s pr\u00f3ximo al instituto Donapea, se traza siguiendo la l\u00ednea de afecci\u00f3n del nuevo vial proyectado que une la carretera de Cizur (NA 7027) con la carretera de Esqu\u00edroz (NA 6001), por cuyo l\u00edmite oeste desciende hacia el sur hasta la nueva rotonda prevista junto al colegio Izaga, desde donde gira hacia el este, bordeando la zona edificada de Cordovilla y por la actual carretera de la Venta (Pol\u00edgono AR-01) llega hasta la avenida de Zaragoza.<\/p>\n<p>Tras cruzarla, siguiendo los l\u00edmites catastrales de las parcelas edificadas en Cordovilla, se modifica el l\u00edmite actual en el t\u00e9rmino del Garit\u00f3n, traslad\u00e1ndolo hacia el norte, adapt\u00e1ndolo en lo posible a la topograf\u00eda y a los l\u00edmites de parcelas catastrales hasta llegar al vial PA-32, que une la calle Sadar con el pol\u00edgono comercial de la Morea, por cuyo borde oeste desciende hasta encontrarse con el l\u00edmite actual, que bordea ese pol\u00edgono de la Morea.<br \/>\n<script async src=\"\/\/pagead2.googlesyndication.com\/pagead\/js\/adsbygoogle.js\"><\/script><br \/>\n<!-- Noticias La Guia de Pamplona --><br \/>\n<ins class=\"adsbygoogle\"\nstyle=\"display:block\"\ndata-ad-client=\"ca-pub-6943679897239327\"\ndata-ad-slot=\"7048180777\"\ndata-ad-format=\"auto\"><\/ins><br \/>\n<script>\n(adsbygoogle = window.adsbygoogle || []).push({});\n<\/script><br \/>\n<strong>Sobre los terrenos afectados por la modificaci\u00f3n<\/strong><\/p>\n<p>Los suelos del t\u00e9rmino municipal de Pamplona que pasan a la Cendea de Galar se distribuyen en dos zonas, en el entorno de la meseta de Donapea y en \u00e1mbito del Garit\u00f3n de Ripalda, con 435.641 m2 y 141.073 m2, respectivamente. El suelo de las parcelas de la meseta de Donapea tiene diferentes usos urban\u00edsticos, todos ellos no urbanizables, tanto de protecci\u00f3n (por su valor paisaj\u00edstico y ambiental o por prevenci\u00f3n de riesgos), como de preservaci\u00f3n (con destino de forestal natural o infraestructuras). El suelo del \u00e1mbito del Garit\u00f3n es suelo urbanizable y con uso p\u00fablico universitario, incluido en PSIS de la UPNA.<\/p>\n<p>La Cendea de Galar aportar\u00e1 a Pamplona 566.708 m<sup>2<\/sup> en una sola zona en Cordovilla. Seg\u00fan el vigente Plan Municipal de la Cendea de Galar todos los suelos afectados son urbanizables, excepto una parcela catastral, que est\u00e1 clasificada como suelo urbano.<\/p>\n<p>Este \u00e1mbito ya fue ordenado anteriormente por un PSIS, si bien el documento fue declarado nulo por los tribunales en 2019. Con posterioridad se iniciaron tr\u00e1mites para ordenar la zona a trav\u00e9s de un Plan de Conjunto que no ha llegado a t\u00e9rmino. Ahora, con esta actuaci\u00f3n, estos terrenos quedar\u00e1n incorporados \u00edntegramente en el t\u00e9rmino municipal de Pamplona.<\/p>\n","protected":false},"excerpt":{"rendered":"<p>Pamplona aporta a la Cendea de Galar terrenos en la meseta de Donapea y el Garit\u00f3n de Ripalda y recibe suelo de la zona de Cordovilla<\/p>\n","protected":false},"author":1,"featured_media":40102,"comment_status":"open","ping_status":"closed","sticky":false,"template":"","format":"standard","meta":{"footnotes":""},"categories":[2],"tags":[],"class_list":["post-40101","post","type-post","status-publish","format-standard","has-post-thumbnail","hentry","category-ayuntamiento-pamplona"],"yoast_head":"<!-- This site is optimized with the Yoast SEO plugin v27.3 - https:\/\/yoast.com\/product\/yoast-seo-wordpress\/ -->\n<title>Pamplona y Cendea de Galar acuerdan alterar 566.000 m2 de sus t\u00e9rminos municipales para facilitar la gesti\u00f3n y ejecuci\u00f3n de futuros desarrollos urban\u00edsticos<\/title>\n<meta name=\"description\" content=\"Pamplona aporta a la Cendea de Galar terrenos en la meseta de Donapea y el Garit\u00f3n de Ripalda y recibe suelo de la zona de Cordovilla\" \/>\n<meta name=\"robots\" content=\"index, follow, max-snippet:-1, max-image-preview:large, max-video-preview:-1\" \/>\n<link rel=\"canonical\" href=\"https:\/\/www.laguiadepamplona.com\/actualidad\/pamplona-y-cendea-de-galar-acuerdan-alterar-566-000-m2-de-sus-terminos-municipales-para-facilitar-la-gestion-y-ejecucion-de-futuros-desarrollos-urbanisticos\/\" \/>\n<meta property=\"og:locale\" content=\"es_ES\" \/>\n<meta property=\"og:type\" content=\"article\" \/>\n<meta property=\"og:title\" content=\"Pamplona y Cendea de Galar acuerdan alterar 566.000 m2 de sus t\u00e9rminos municipales para facilitar la gesti\u00f3n y ejecuci\u00f3n de futuros desarrollos urban\u00edsticos\" \/>\n<meta property=\"og:description\" content=\"Pamplona aporta a la Cendea de Galar terrenos en la meseta de Donapea y el Garit\u00f3n de Ripalda y recibe suelo de la zona de Cordovilla\" \/>\n<meta property=\"og:url\" content=\"https:\/\/www.laguiadepamplona.com\/actualidad\/pamplona-y-cendea-de-galar-acuerdan-alterar-566-000-m2-de-sus-terminos-municipales-para-facilitar-la-gestion-y-ejecucion-de-futuros-desarrollos-urbanisticos\/\" \/>\n<meta property=\"og:site_name\" content=\"La Gu\u00eda de Pamplona\" \/>\n<meta property=\"article:publisher\" content=\"https:\/\/www.facebook.com\/laguiadepamplonacom-133175176762273\/?ref=hl\" \/>\n<meta property=\"article:published_time\" content=\"2022-04-27T17:31:27+00:00\" \/>\n<meta property=\"article:modified_time\" content=\"2023-04-11T09:48:16+00:00\" \/>\n<meta property=\"og:image\" content=\"https:\/\/www.laguiadepamplona.com\/actualidad\/wp-content\/uploads\/2022\/04\/mapa-cendea-galar.webp\" \/>\n\t<meta property=\"og:image:width\" content=\"1220\" \/>\n\t<meta property=\"og:image:height\" content=\"836\" \/>\n\t<meta property=\"og:image:type\" content=\"image\/webp\" \/>\n<meta name=\"author\" content=\"La Gu\u00eda de Pamplona\" \/>\n<meta name=\"twitter:card\" content=\"summary_large_image\" \/>\n<meta name=\"twitter:creator\" content=\"@LaGuiadPamplona\" \/>\n<meta name=\"twitter:site\" content=\"@LaGuiadPamplona\" \/>\n<meta name=\"twitter:label1\" content=\"Escrito por\" \/>\n\t<meta name=\"twitter:data1\" content=\"La Gu\u00eda de Pamplona\" \/>\n\t<meta name=\"twitter:label2\" content=\"Tiempo de lectura\" \/>\n\t<meta name=\"twitter:data2\" content=\"4 minutos\" \/>\n<script type=\"application\/ld+json\" class=\"yoast-schema-graph\">{\"@context\":\"https:\\\/\\\/schema.org\",\"@graph\":[{\"@type\":\"Article\",\"@id\":\"https:\\\/\\\/www.laguiadepamplona.com\\\/actualidad\\\/pamplona-y-cendea-de-galar-acuerdan-alterar-566-000-m2-de-sus-terminos-municipales-para-facilitar-la-gestion-y-ejecucion-de-futuros-desarrollos-urbanisticos\\\/#article\",\"isPartOf\":{\"@id\":\"https:\\\/\\\/www.laguiadepamplona.com\\\/actualidad\\\/pamplona-y-cendea-de-galar-acuerdan-alterar-566-000-m2-de-sus-terminos-municipales-para-facilitar-la-gestion-y-ejecucion-de-futuros-desarrollos-urbanisticos\\\/\"},\"author\":{\"name\":\"La Gu\u00eda de Pamplona\",\"@id\":\"https:\\\/\\\/www.laguiadepamplona.com\\\/actualidad\\\/#\\\/schema\\\/person\\\/efe887376f0213d4657c93adc50b1fdb\"},\"headline\":\"Pamplona y Cendea de Galar acuerdan alterar 566.000 m2 de sus t\u00e9rminos municipales para facilitar la gesti\u00f3n y ejecuci\u00f3n de futuros desarrollos urban\u00edsticos\",\"datePublished\":\"2022-04-27T17:31:27+00:00\",\"dateModified\":\"2023-04-11T09:48:16+00:00\",\"mainEntityOfPage\":{\"@id\":\"https:\\\/\\\/www.laguiadepamplona.com\\\/actualidad\\\/pamplona-y-cendea-de-galar-acuerdan-alterar-566-000-m2-de-sus-terminos-municipales-para-facilitar-la-gestion-y-ejecucion-de-futuros-desarrollos-urbanisticos\\\/\"},\"wordCount\":824,\"commentCount\":0,\"publisher\":{\"@id\":\"https:\\\/\\\/www.laguiadepamplona.com\\\/actualidad\\\/#organization\"},\"image\":{\"@id\":\"https:\\\/\\\/www.laguiadepamplona.com\\\/actualidad\\\/pamplona-y-cendea-de-galar-acuerdan-alterar-566-000-m2-de-sus-terminos-municipales-para-facilitar-la-gestion-y-ejecucion-de-futuros-desarrollos-urbanisticos\\\/#primaryimage\"},\"thumbnailUrl\":\"https:\\\/\\\/www.laguiadepamplona.com\\\/actualidad\\\/wp-content\\\/uploads\\\/2022\\\/04\\\/mapa-cendea-galar.webp\",\"articleSection\":[\"Ayto Pamplona\"],\"inLanguage\":\"es\",\"potentialAction\":[{\"@type\":\"CommentAction\",\"name\":\"Comment\",\"target\":[\"https:\\\/\\\/www.laguiadepamplona.com\\\/actualidad\\\/pamplona-y-cendea-de-galar-acuerdan-alterar-566-000-m2-de-sus-terminos-municipales-para-facilitar-la-gestion-y-ejecucion-de-futuros-desarrollos-urbanisticos\\\/#respond\"]}]},{\"@type\":\"WebPage\",\"@id\":\"https:\\\/\\\/www.laguiadepamplona.com\\\/actualidad\\\/pamplona-y-cendea-de-galar-acuerdan-alterar-566-000-m2-de-sus-terminos-municipales-para-facilitar-la-gestion-y-ejecucion-de-futuros-desarrollos-urbanisticos\\\/\",\"url\":\"https:\\\/\\\/www.laguiadepamplona.com\\\/actualidad\\\/pamplona-y-cendea-de-galar-acuerdan-alterar-566-000-m2-de-sus-terminos-municipales-para-facilitar-la-gestion-y-ejecucion-de-futuros-desarrollos-urbanisticos\\\/\",\"name\":\"Pamplona y Cendea de Galar acuerdan alterar 566.000 m2 de sus t\u00e9rminos municipales para facilitar la gesti\u00f3n y ejecuci\u00f3n de futuros desarrollos urban\u00edsticos\",\"isPartOf\":{\"@id\":\"https:\\\/\\\/www.laguiadepamplona.com\\\/actualidad\\\/#website\"},\"primaryImageOfPage\":{\"@id\":\"https:\\\/\\\/www.laguiadepamplona.com\\\/actualidad\\\/pamplona-y-cendea-de-galar-acuerdan-alterar-566-000-m2-de-sus-terminos-municipales-para-facilitar-la-gestion-y-ejecucion-de-futuros-desarrollos-urbanisticos\\\/#primaryimage\"},\"image\":{\"@id\":\"https:\\\/\\\/www.laguiadepamplona.com\\\/actualidad\\\/pamplona-y-cendea-de-galar-acuerdan-alterar-566-000-m2-de-sus-terminos-municipales-para-facilitar-la-gestion-y-ejecucion-de-futuros-desarrollos-urbanisticos\\\/#primaryimage\"},\"thumbnailUrl\":\"https:\\\/\\\/www.laguiadepamplona.com\\\/actualidad\\\/wp-content\\\/uploads\\\/2022\\\/04\\\/mapa-cendea-galar.webp\",\"datePublished\":\"2022-04-27T17:31:27+00:00\",\"dateModified\":\"2023-04-11T09:48:16+00:00\",\"description\":\"Pamplona aporta a la Cendea de Galar terrenos en la meseta de Donapea y el Garit\u00f3n de Ripalda y recibe suelo de la zona de Cordovilla\",\"breadcrumb\":{\"@id\":\"https:\\\/\\\/www.laguiadepamplona.com\\\/actualidad\\\/pamplona-y-cendea-de-galar-acuerdan-alterar-566-000-m2-de-sus-terminos-municipales-para-facilitar-la-gestion-y-ejecucion-de-futuros-desarrollos-urbanisticos\\\/#breadcrumb\"},\"inLanguage\":\"es\",\"potentialAction\":[{\"@type\":\"ReadAction\",\"target\":[\"https:\\\/\\\/www.laguiadepamplona.com\\\/actualidad\\\/pamplona-y-cendea-de-galar-acuerdan-alterar-566-000-m2-de-sus-terminos-municipales-para-facilitar-la-gestion-y-ejecucion-de-futuros-desarrollos-urbanisticos\\\/\"]}]},{\"@type\":\"ImageObject\",\"inLanguage\":\"es\",\"@id\":\"https:\\\/\\\/www.laguiadepamplona.com\\\/actualidad\\\/pamplona-y-cendea-de-galar-acuerdan-alterar-566-000-m2-de-sus-terminos-municipales-para-facilitar-la-gestion-y-ejecucion-de-futuros-desarrollos-urbanisticos\\\/#primaryimage\",\"url\":\"https:\\\/\\\/www.laguiadepamplona.com\\\/actualidad\\\/wp-content\\\/uploads\\\/2022\\\/04\\\/mapa-cendea-galar.webp\",\"contentUrl\":\"https:\\\/\\\/www.laguiadepamplona.com\\\/actualidad\\\/wp-content\\\/uploads\\\/2022\\\/04\\\/mapa-cendea-galar.webp\",\"width\":1220,\"height\":836},{\"@type\":\"BreadcrumbList\",\"@id\":\"https:\\\/\\\/www.laguiadepamplona.com\\\/actualidad\\\/pamplona-y-cendea-de-galar-acuerdan-alterar-566-000-m2-de-sus-terminos-municipales-para-facilitar-la-gestion-y-ejecucion-de-futuros-desarrollos-urbanisticos\\\/#breadcrumb\",\"itemListElement\":[{\"@type\":\"ListItem\",\"position\":1,\"name\":\"Portada\",\"item\":\"https:\\\/\\\/www.laguiadepamplona.com\\\/actualidad\\\/\"},{\"@type\":\"ListItem\",\"position\":2,\"name\":\"Pamplona y Cendea de Galar acuerdan alterar 566.000 m2 de sus t\u00e9rminos municipales para facilitar la gesti\u00f3n y ejecuci\u00f3n de futuros desarrollos urban\u00edsticos\"}]},{\"@type\":\"WebSite\",\"@id\":\"https:\\\/\\\/www.laguiadepamplona.com\\\/actualidad\\\/#website\",\"url\":\"https:\\\/\\\/www.laguiadepamplona.com\\\/actualidad\\\/\",\"name\":\"La gu\u00eda de Pamplona\",\"description\":\"Noticias de Pamplona\",\"publisher\":{\"@id\":\"https:\\\/\\\/www.laguiadepamplona.com\\\/actualidad\\\/#organization\"},\"potentialAction\":[{\"@type\":\"SearchAction\",\"target\":{\"@type\":\"EntryPoint\",\"urlTemplate\":\"https:\\\/\\\/www.laguiadepamplona.com\\\/actualidad\\\/?s={search_term_string}\"},\"query-input\":{\"@type\":\"PropertyValueSpecification\",\"valueRequired\":true,\"valueName\":\"search_term_string\"}}],\"inLanguage\":\"es\"},{\"@type\":\"Organization\",\"@id\":\"https:\\\/\\\/www.laguiadepamplona.com\\\/actualidad\\\/#organization\",\"name\":\"La Gu\u00eda de Pamplona \\\/ Noticias\",\"url\":\"https:\\\/\\\/www.laguiadepamplona.com\\\/actualidad\\\/\",\"logo\":{\"@type\":\"ImageObject\",\"inLanguage\":\"es\",\"@id\":\"https:\\\/\\\/www.laguiadepamplona.com\\\/actualidad\\\/#\\\/schema\\\/logo\\\/image\\\/\",\"url\":\"https:\\\/\\\/www.laguiadepamplona.com\\\/actualidad\\\/wp-content\\\/uploads\\\/2018\\\/11\\\/logo-laguiadepamplona18-web1.png\",\"contentUrl\":\"https:\\\/\\\/www.laguiadepamplona.com\\\/actualidad\\\/wp-content\\\/uploads\\\/2018\\\/11\\\/logo-laguiadepamplona18-web1.png\",\"width\":600,\"height\":196,\"caption\":\"La Gu\u00eda de Pamplona \\\/ Noticias\"},\"image\":{\"@id\":\"https:\\\/\\\/www.laguiadepamplona.com\\\/actualidad\\\/#\\\/schema\\\/logo\\\/image\\\/\"},\"sameAs\":[\"https:\\\/\\\/www.facebook.com\\\/laguiadepamplonacom-133175176762273\\\/?ref=hl\",\"https:\\\/\\\/x.com\\\/LaGuiadPamplona\",\"https:\\\/\\\/www.instagram.com\\\/la_guia_de_pamplona\\\/\",\"https:\\\/\\\/www.youtube.com\\\/user\\\/laguiadepamplona\"]},{\"@type\":\"Person\",\"@id\":\"https:\\\/\\\/www.laguiadepamplona.com\\\/actualidad\\\/#\\\/schema\\\/person\\\/efe887376f0213d4657c93adc50b1fdb\",\"name\":\"La Gu\u00eda de Pamplona\",\"image\":{\"@type\":\"ImageObject\",\"inLanguage\":\"es\",\"@id\":\"https:\\\/\\\/secure.gravatar.com\\\/avatar\\\/b6992f131dc8d30ab0dff15446e9d346d9dbd95992de0fef795073f5ea83a81c?s=96&d=mm&r=g\",\"url\":\"https:\\\/\\\/secure.gravatar.com\\\/avatar\\\/b6992f131dc8d30ab0dff15446e9d346d9dbd95992de0fef795073f5ea83a81c?s=96&d=mm&r=g\",\"contentUrl\":\"https:\\\/\\\/secure.gravatar.com\\\/avatar\\\/b6992f131dc8d30ab0dff15446e9d346d9dbd95992de0fef795073f5ea83a81c?s=96&d=mm&r=g\",\"caption\":\"La Gu\u00eda de Pamplona\"}}]}<\/script>\n<!-- \/ Yoast SEO plugin. -->","yoast_head_json":{"title":"Pamplona y Cendea de Galar acuerdan alterar 566.000 m2 de sus t\u00e9rminos municipales para facilitar la gesti\u00f3n y ejecuci\u00f3n de futuros desarrollos urban\u00edsticos","description":"Pamplona aporta a la Cendea de Galar terrenos en la meseta de Donapea y el Garit\u00f3n de Ripalda y recibe suelo de la zona de Cordovilla","robots":{"index":"index","follow":"follow","max-snippet":"max-snippet:-1","max-image-preview":"max-image-preview:large","max-video-preview":"max-video-preview:-1"},"canonical":"https:\/\/www.laguiadepamplona.com\/actualidad\/pamplona-y-cendea-de-galar-acuerdan-alterar-566-000-m2-de-sus-terminos-municipales-para-facilitar-la-gestion-y-ejecucion-de-futuros-desarrollos-urbanisticos\/","og_locale":"es_ES","og_type":"article","og_title":"Pamplona y Cendea de Galar acuerdan alterar 566.000 m2 de sus t\u00e9rminos municipales para facilitar la gesti\u00f3n y ejecuci\u00f3n de futuros desarrollos urban\u00edsticos","og_description":"Pamplona aporta a la Cendea de Galar terrenos en la meseta de Donapea y el Garit\u00f3n de Ripalda y recibe suelo de la zona de Cordovilla","og_url":"https:\/\/www.laguiadepamplona.com\/actualidad\/pamplona-y-cendea-de-galar-acuerdan-alterar-566-000-m2-de-sus-terminos-municipales-para-facilitar-la-gestion-y-ejecucion-de-futuros-desarrollos-urbanisticos\/","og_site_name":"La Gu\u00eda de Pamplona","article_publisher":"https:\/\/www.facebook.com\/laguiadepamplonacom-133175176762273\/?ref=hl","article_published_time":"2022-04-27T17:31:27+00:00","article_modified_time":"2023-04-11T09:48:16+00:00","og_image":[{"width":1220,"height":836,"url":"https:\/\/www.laguiadepamplona.com\/actualidad\/wp-content\/uploads\/2022\/04\/mapa-cendea-galar.webp","type":"image\/webp"}],"author":"La Gu\u00eda de Pamplona","twitter_card":"summary_large_image","twitter_creator":"@LaGuiadPamplona","twitter_site":"@LaGuiadPamplona","twitter_misc":{"Escrito por":"La Gu\u00eda de Pamplona","Tiempo de lectura":"4 minutos"},"schema":{"@context":"https:\/\/schema.org","@graph":[{"@type":"Article","@id":"https:\/\/www.laguiadepamplona.com\/actualidad\/pamplona-y-cendea-de-galar-acuerdan-alterar-566-000-m2-de-sus-terminos-municipales-para-facilitar-la-gestion-y-ejecucion-de-futuros-desarrollos-urbanisticos\/#article","isPartOf":{"@id":"https:\/\/www.laguiadepamplona.com\/actualidad\/pamplona-y-cendea-de-galar-acuerdan-alterar-566-000-m2-de-sus-terminos-municipales-para-facilitar-la-gestion-y-ejecucion-de-futuros-desarrollos-urbanisticos\/"},"author":{"name":"La Gu\u00eda de Pamplona","@id":"https:\/\/www.laguiadepamplona.com\/actualidad\/#\/schema\/person\/efe887376f0213d4657c93adc50b1fdb"},"headline":"Pamplona y Cendea de Galar acuerdan alterar 566.000 m2 de sus t\u00e9rminos municipales para facilitar la gesti\u00f3n y ejecuci\u00f3n de futuros desarrollos urban\u00edsticos","datePublished":"2022-04-27T17:31:27+00:00","dateModified":"2023-04-11T09:48:16+00:00","mainEntityOfPage":{"@id":"https:\/\/www.laguiadepamplona.com\/actualidad\/pamplona-y-cendea-de-galar-acuerdan-alterar-566-000-m2-de-sus-terminos-municipales-para-facilitar-la-gestion-y-ejecucion-de-futuros-desarrollos-urbanisticos\/"},"wordCount":824,"commentCount":0,"publisher":{"@id":"https:\/\/www.laguiadepamplona.com\/actualidad\/#organization"},"image":{"@id":"https:\/\/www.laguiadepamplona.com\/actualidad\/pamplona-y-cendea-de-galar-acuerdan-alterar-566-000-m2-de-sus-terminos-municipales-para-facilitar-la-gestion-y-ejecucion-de-futuros-desarrollos-urbanisticos\/#primaryimage"},"thumbnailUrl":"https:\/\/www.laguiadepamplona.com\/actualidad\/wp-content\/uploads\/2022\/04\/mapa-cendea-galar.webp","articleSection":["Ayto Pamplona"],"inLanguage":"es","potentialAction":[{"@type":"CommentAction","name":"Comment","target":["https:\/\/www.laguiadepamplona.com\/actualidad\/pamplona-y-cendea-de-galar-acuerdan-alterar-566-000-m2-de-sus-terminos-municipales-para-facilitar-la-gestion-y-ejecucion-de-futuros-desarrollos-urbanisticos\/#respond"]}]},{"@type":"WebPage","@id":"https:\/\/www.laguiadepamplona.com\/actualidad\/pamplona-y-cendea-de-galar-acuerdan-alterar-566-000-m2-de-sus-terminos-municipales-para-facilitar-la-gestion-y-ejecucion-de-futuros-desarrollos-urbanisticos\/","url":"https:\/\/www.laguiadepamplona.com\/actualidad\/pamplona-y-cendea-de-galar-acuerdan-alterar-566-000-m2-de-sus-terminos-municipales-para-facilitar-la-gestion-y-ejecucion-de-futuros-desarrollos-urbanisticos\/","name":"Pamplona y Cendea de Galar acuerdan alterar 566.000 m2 de sus t\u00e9rminos municipales para facilitar la gesti\u00f3n y ejecuci\u00f3n de futuros desarrollos urban\u00edsticos","isPartOf":{"@id":"https:\/\/www.laguiadepamplona.com\/actualidad\/#website"},"primaryImageOfPage":{"@id":"https:\/\/www.laguiadepamplona.com\/actualidad\/pamplona-y-cendea-de-galar-acuerdan-alterar-566-000-m2-de-sus-terminos-municipales-para-facilitar-la-gestion-y-ejecucion-de-futuros-desarrollos-urbanisticos\/#primaryimage"},"image":{"@id":"https:\/\/www.laguiadepamplona.com\/actualidad\/pamplona-y-cendea-de-galar-acuerdan-alterar-566-000-m2-de-sus-terminos-municipales-para-facilitar-la-gestion-y-ejecucion-de-futuros-desarrollos-urbanisticos\/#primaryimage"},"thumbnailUrl":"https:\/\/www.laguiadepamplona.com\/actualidad\/wp-content\/uploads\/2022\/04\/mapa-cendea-galar.webp","datePublished":"2022-04-27T17:31:27+00:00","dateModified":"2023-04-11T09:48:16+00:00","description":"Pamplona aporta a la Cendea de Galar terrenos en la meseta de Donapea y el Garit\u00f3n de Ripalda y recibe suelo de la zona de Cordovilla","breadcrumb":{"@id":"https:\/\/www.laguiadepamplona.com\/actualidad\/pamplona-y-cendea-de-galar-acuerdan-alterar-566-000-m2-de-sus-terminos-municipales-para-facilitar-la-gestion-y-ejecucion-de-futuros-desarrollos-urbanisticos\/#breadcrumb"},"inLanguage":"es","potentialAction":[{"@type":"ReadAction","target":["https:\/\/www.laguiadepamplona.com\/actualidad\/pamplona-y-cendea-de-galar-acuerdan-alterar-566-000-m2-de-sus-terminos-municipales-para-facilitar-la-gestion-y-ejecucion-de-futuros-desarrollos-urbanisticos\/"]}]},{"@type":"ImageObject","inLanguage":"es","@id":"https:\/\/www.laguiadepamplona.com\/actualidad\/pamplona-y-cendea-de-galar-acuerdan-alterar-566-000-m2-de-sus-terminos-municipales-para-facilitar-la-gestion-y-ejecucion-de-futuros-desarrollos-urbanisticos\/#primaryimage","url":"https:\/\/www.laguiadepamplona.com\/actualidad\/wp-content\/uploads\/2022\/04\/mapa-cendea-galar.webp","contentUrl":"https:\/\/www.laguiadepamplona.com\/actualidad\/wp-content\/uploads\/2022\/04\/mapa-cendea-galar.webp","width":1220,"height":836},{"@type":"BreadcrumbList","@id":"https:\/\/www.laguiadepamplona.com\/actualidad\/pamplona-y-cendea-de-galar-acuerdan-alterar-566-000-m2-de-sus-terminos-municipales-para-facilitar-la-gestion-y-ejecucion-de-futuros-desarrollos-urbanisticos\/#breadcrumb","itemListElement":[{"@type":"ListItem","position":1,"name":"Portada","item":"https:\/\/www.laguiadepamplona.com\/actualidad\/"},{"@type":"ListItem","position":2,"name":"Pamplona y Cendea de Galar acuerdan alterar 566.000 m2 de sus t\u00e9rminos municipales para facilitar la gesti\u00f3n y ejecuci\u00f3n de futuros desarrollos urban\u00edsticos"}]},{"@type":"WebSite","@id":"https:\/\/www.laguiadepamplona.com\/actualidad\/#website","url":"https:\/\/www.laguiadepamplona.com\/actualidad\/","name":"La gu\u00eda de Pamplona","description":"Noticias de Pamplona","publisher":{"@id":"https:\/\/www.laguiadepamplona.com\/actualidad\/#organization"},"potentialAction":[{"@type":"SearchAction","target":{"@type":"EntryPoint","urlTemplate":"https:\/\/www.laguiadepamplona.com\/actualidad\/?s={search_term_string}"},"query-input":{"@type":"PropertyValueSpecification","valueRequired":true,"valueName":"search_term_string"}}],"inLanguage":"es"},{"@type":"Organization","@id":"https:\/\/www.laguiadepamplona.com\/actualidad\/#organization","name":"La Gu\u00eda de Pamplona \/ Noticias","url":"https:\/\/www.laguiadepamplona.com\/actualidad\/","logo":{"@type":"ImageObject","inLanguage":"es","@id":"https:\/\/www.laguiadepamplona.com\/actualidad\/#\/schema\/logo\/image\/","url":"https:\/\/www.laguiadepamplona.com\/actualidad\/wp-content\/uploads\/2018\/11\/logo-laguiadepamplona18-web1.png","contentUrl":"https:\/\/www.laguiadepamplona.com\/actualidad\/wp-content\/uploads\/2018\/11\/logo-laguiadepamplona18-web1.png","width":600,"height":196,"caption":"La Gu\u00eda de Pamplona \/ Noticias"},"image":{"@id":"https:\/\/www.laguiadepamplona.com\/actualidad\/#\/schema\/logo\/image\/"},"sameAs":["https:\/\/www.facebook.com\/laguiadepamplonacom-133175176762273\/?ref=hl","https:\/\/x.com\/LaGuiadPamplona","https:\/\/www.instagram.com\/la_guia_de_pamplona\/","https:\/\/www.youtube.com\/user\/laguiadepamplona"]},{"@type":"Person","@id":"https:\/\/www.laguiadepamplona.com\/actualidad\/#\/schema\/person\/efe887376f0213d4657c93adc50b1fdb","name":"La Gu\u00eda de Pamplona","image":{"@type":"ImageObject","inLanguage":"es","@id":"https:\/\/secure.gravatar.com\/avatar\/b6992f131dc8d30ab0dff15446e9d346d9dbd95992de0fef795073f5ea83a81c?s=96&d=mm&r=g","url":"https:\/\/secure.gravatar.com\/avatar\/b6992f131dc8d30ab0dff15446e9d346d9dbd95992de0fef795073f5ea83a81c?s=96&d=mm&r=g","contentUrl":"https:\/\/secure.gravatar.com\/avatar\/b6992f131dc8d30ab0dff15446e9d346d9dbd95992de0fef795073f5ea83a81c?s=96&d=mm&r=g","caption":"La Gu\u00eda de Pamplona"}}]}},"post_mailing_queue_ids":[],"_links":{"self":[{"href":"https:\/\/www.laguiadepamplona.com\/actualidad\/wp-json\/wp\/v2\/posts\/40101","targetHints":{"allow":["GET"]}}],"collection":[{"href":"https:\/\/www.laguiadepamplona.com\/actualidad\/wp-json\/wp\/v2\/posts"}],"about":[{"href":"https:\/\/www.laguiadepamplona.com\/actualidad\/wp-json\/wp\/v2\/types\/post"}],"author":[{"embeddable":true,"href":"https:\/\/www.laguiadepamplona.com\/actualidad\/wp-json\/wp\/v2\/users\/1"}],"replies":[{"embeddable":true,"href":"https:\/\/www.laguiadepamplona.com\/actualidad\/wp-json\/wp\/v2\/comments?post=40101"}],"version-history":[{"count":0,"href":"https:\/\/www.laguiadepamplona.com\/actualidad\/wp-json\/wp\/v2\/posts\/40101\/revisions"}],"wp:featuredmedia":[{"embeddable":true,"href":"https:\/\/www.laguiadepamplona.com\/actualidad\/wp-json\/wp\/v2\/media\/40102"}],"wp:attachment":[{"href":"https:\/\/www.laguiadepamplona.com\/actualidad\/wp-json\/wp\/v2\/media?parent=40101"}],"wp:term":[{"taxonomy":"category","embeddable":true,"href":"https:\/\/www.laguiadepamplona.com\/actualidad\/wp-json\/wp\/v2\/categories?post=40101"},{"taxonomy":"post_tag","embeddable":true,"href":"https:\/\/www.laguiadepamplona.com\/actualidad\/wp-json\/wp\/v2\/tags?post=40101"}],"curies":[{"name":"wp","href":"https:\/\/api.w.org\/{rel}","templated":true}]}}