{"id":40098,"date":"2022-04-27T19:25:57","date_gmt":"2022-04-27T17:25:57","guid":{"rendered":"https:\/\/www.laguiadepamplona.com\/actualidad\/?p=40098"},"modified":"2023-04-11T11:48:16","modified_gmt":"2023-04-11T09:48:16","slug":"manana-el-barrio-de-san-juan-protagonizara-en-exclusiva-y-por-primera-vez-un-foro-de-barrio-del-ayuntamiento-de-pamplona","status":"publish","type":"post","link":"https:\/\/www.laguiadepamplona.com\/actualidad\/manana-el-barrio-de-san-juan-protagonizara-en-exclusiva-y-por-primera-vez-un-foro-de-barrio-del-ayuntamiento-de-pamplona\/","title":{"rendered":"Ma\u00f1ana el barrio de San Juan protagonizar\u00e1 en exclusiva y por primera vez un foro de barrio del Ayuntamiento de Pamplona"},"content":{"rendered":"<h5>La cita tendr\u00e1 lugar a las 18.30 horas en el C.P. Jos\u00e9 Mar\u00eda de Huarte (calle Virgen de Uju\u00e9, 2), con entrada libre<\/h5>\n<p><!--more--><\/p>\n<p>Ma\u00f1ana, jueves 28 de abril, el Ayuntamiento de Pamplona convoca al vecindario y asociaciones del barrio de San Juan a una nueva cita de los foros de barrio, aunque en este caso y por primera vez, San Juan no ir\u00e1 acompa\u00f1ado de Mendebaldea y Ermitaga\u00f1a. Ser\u00e1 a las 18.30 horas en el C.P. Jos\u00e9 Mar\u00eda de Huarte (calle Virgen de Uju\u00e9, 2), con entrada libre, abierta a toda la ciudad. Los foros de barrio son espacios de di\u00e1logo organizados por el Ayuntamiento de Pamplona para que la ciudadan\u00eda formule sus propuestas, consulte, aporte y reciba informaci\u00f3n relativa a su entorno m\u00e1s cercano.<br \/>\n<script async src=\"\/\/pagead2.googlesyndication.com\/pagead\/js\/adsbygoogle.js\"><\/script><br \/>\n<!-- Noticias La Guia de Pamplona --><br \/>\n<ins class=\"adsbygoogle\"\nstyle=\"display:block\"\ndata-ad-client=\"ca-pub-6943679897239327\"\ndata-ad-slot=\"7048180777\"\ndata-ad-format=\"auto\"><\/ins><br \/>\n<script>\n(adsbygoogle = window.adsbygoogle || []).push({});\n<\/script><br \/>\nLa reuni\u00f3n estar\u00e1 presidida por el alcalde Enrique Maya y el concejal asignado al barrio, Fernando Villanueva Mesa, y en ella habr\u00e1 presencia de personal t\u00e9cnico responsable de los asuntos que m\u00e1s ocupan al vecindario en una cita que se extender\u00e1 durante una hora y media. La reuni\u00f3n se podr\u00e1 seguir en directo a trav\u00e9s de la web municipal pamplona.es o del correspondiente canal de Youtube en el enlace <a href=\"https:\/\/www.youtube.com\/watch?v=qrx-3BdJZV8\" target=\"_blank\" rel=\"noopener\">https:\/\/www.youtube.com\/watch?v=qrx-3BdJZV8<\/a>. Las aportaciones realizadas en directo se sumar\u00e1n a las propuestas y preguntas que se hayan recibido previamente a trav\u00e9s de la web y del correo electr\u00f3nico<\/p>\n<p>El contenido de este foro, al igual que el resto, ser\u00e1 traducido simult\u00e1neamente al lenguaje de signos, gracias a la asociaci\u00f3n Eunate. El pr\u00f3ximo Foro de Barrio previsto ser\u00e1 el 11 de mayo en Etxabakoitz en el polideportivo del CP Nicasio Landa (calle Grupo Urd\u00e1noz, 2).<\/p>\n","protected":false},"excerpt":{"rendered":"<p>La cita tendr\u00e1 lugar a las 18.30 horas en el C.P. Jos\u00e9 Mar\u00eda de Huarte (calle Virgen de Uju\u00e9, 2), con entrada libre<\/p>\n","protected":false},"author":1,"featured_media":40099,"comment_status":"open","ping_status":"closed","sticky":false,"template":"","format":"standard","meta":{"footnotes":""},"categories":[2],"tags":[],"class_list":["post-40098","post","type-post","status-publish","format-standard","has-post-thumbnail","hentry","category-ayuntamiento-pamplona"],"yoast_head":"<!-- This site is optimized with the Yoast SEO plugin v27.3 - https:\/\/yoast.com\/product\/yoast-seo-wordpress\/ -->\n<title>Ma\u00f1ana el barrio de San Juan protagonizar\u00e1 en exclusiva y por primera vez un foro de barrio del Ayuntamiento de Pamplona<\/title>\n<meta name=\"description\" content=\"La cita tendr\u00e1 lugar a las 18.30 horas en el C.P. Jos\u00e9 Mar\u00eda de Huarte (calle Virgen de Uju\u00e9, 2), con entrada libre\" \/>\n<meta name=\"robots\" content=\"index, follow, max-snippet:-1, max-image-preview:large, max-video-preview:-1\" \/>\n<link rel=\"canonical\" href=\"https:\/\/www.laguiadepamplona.com\/actualidad\/manana-el-barrio-de-san-juan-protagonizara-en-exclusiva-y-por-primera-vez-un-foro-de-barrio-del-ayuntamiento-de-pamplona\/\" \/>\n<meta property=\"og:locale\" content=\"es_ES\" \/>\n<meta property=\"og:type\" content=\"article\" \/>\n<meta property=\"og:title\" content=\"Ma\u00f1ana el barrio de San Juan protagonizar\u00e1 en exclusiva y por primera vez un foro de barrio del Ayuntamiento de Pamplona\" \/>\n<meta property=\"og:description\" content=\"La cita tendr\u00e1 lugar a las 18.30 horas en el C.P. Jos\u00e9 Mar\u00eda de Huarte (calle Virgen de Uju\u00e9, 2), con entrada libre\" \/>\n<meta property=\"og:url\" content=\"https:\/\/www.laguiadepamplona.com\/actualidad\/manana-el-barrio-de-san-juan-protagonizara-en-exclusiva-y-por-primera-vez-un-foro-de-barrio-del-ayuntamiento-de-pamplona\/\" \/>\n<meta property=\"og:site_name\" content=\"La Gu\u00eda de Pamplona\" \/>\n<meta property=\"article:publisher\" content=\"https:\/\/www.facebook.com\/laguiadepamplonacom-133175176762273\/?ref=hl\" \/>\n<meta property=\"article:published_time\" content=\"2022-04-27T17:25:57+00:00\" \/>\n<meta property=\"article:modified_time\" content=\"2023-04-11T09:48:16+00:00\" \/>\n<meta property=\"og:image\" content=\"https:\/\/www.laguiadepamplona.com\/actualidad\/wp-content\/uploads\/2022\/04\/foro-de-barrio.png\" \/>\n\t<meta property=\"og:image:width\" content=\"814\" \/>\n\t<meta property=\"og:image:height\" content=\"567\" \/>\n\t<meta property=\"og:image:type\" content=\"image\/png\" \/>\n<meta name=\"author\" content=\"La Gu\u00eda de Pamplona\" \/>\n<meta name=\"twitter:card\" content=\"summary_large_image\" \/>\n<meta name=\"twitter:creator\" content=\"@LaGuiadPamplona\" \/>\n<meta name=\"twitter:site\" content=\"@LaGuiadPamplona\" \/>\n<meta name=\"twitter:label1\" content=\"Escrito por\" \/>\n\t<meta name=\"twitter:data1\" content=\"La Gu\u00eda de Pamplona\" \/>\n\t<meta name=\"twitter:label2\" content=\"Tiempo de lectura\" \/>\n\t<meta name=\"twitter:data2\" content=\"2 minutos\" \/>\n<script type=\"application\/ld+json\" class=\"yoast-schema-graph\">{\"@context\":\"https:\\\/\\\/schema.org\",\"@graph\":[{\"@type\":\"Article\",\"@id\":\"https:\\\/\\\/www.laguiadepamplona.com\\\/actualidad\\\/manana-el-barrio-de-san-juan-protagonizara-en-exclusiva-y-por-primera-vez-un-foro-de-barrio-del-ayuntamiento-de-pamplona\\\/#article\",\"isPartOf\":{\"@id\":\"https:\\\/\\\/www.laguiadepamplona.com\\\/actualidad\\\/manana-el-barrio-de-san-juan-protagonizara-en-exclusiva-y-por-primera-vez-un-foro-de-barrio-del-ayuntamiento-de-pamplona\\\/\"},\"author\":{\"name\":\"La Gu\u00eda de Pamplona\",\"@id\":\"https:\\\/\\\/www.laguiadepamplona.com\\\/actualidad\\\/#\\\/schema\\\/person\\\/efe887376f0213d4657c93adc50b1fdb\"},\"headline\":\"Ma\u00f1ana el barrio de San Juan protagonizar\u00e1 en exclusiva y por primera vez un foro de barrio del Ayuntamiento de Pamplona\",\"datePublished\":\"2022-04-27T17:25:57+00:00\",\"dateModified\":\"2023-04-11T09:48:16+00:00\",\"mainEntityOfPage\":{\"@id\":\"https:\\\/\\\/www.laguiadepamplona.com\\\/actualidad\\\/manana-el-barrio-de-san-juan-protagonizara-en-exclusiva-y-por-primera-vez-un-foro-de-barrio-del-ayuntamiento-de-pamplona\\\/\"},\"wordCount\":313,\"commentCount\":0,\"publisher\":{\"@id\":\"https:\\\/\\\/www.laguiadepamplona.com\\\/actualidad\\\/#organization\"},\"image\":{\"@id\":\"https:\\\/\\\/www.laguiadepamplona.com\\\/actualidad\\\/manana-el-barrio-de-san-juan-protagonizara-en-exclusiva-y-por-primera-vez-un-foro-de-barrio-del-ayuntamiento-de-pamplona\\\/#primaryimage\"},\"thumbnailUrl\":\"https:\\\/\\\/www.laguiadepamplona.com\\\/actualidad\\\/wp-content\\\/uploads\\\/2022\\\/04\\\/foro-de-barrio.png\",\"articleSection\":[\"Ayto Pamplona\"],\"inLanguage\":\"es\",\"potentialAction\":[{\"@type\":\"CommentAction\",\"name\":\"Comment\",\"target\":[\"https:\\\/\\\/www.laguiadepamplona.com\\\/actualidad\\\/manana-el-barrio-de-san-juan-protagonizara-en-exclusiva-y-por-primera-vez-un-foro-de-barrio-del-ayuntamiento-de-pamplona\\\/#respond\"]}]},{\"@type\":\"WebPage\",\"@id\":\"https:\\\/\\\/www.laguiadepamplona.com\\\/actualidad\\\/manana-el-barrio-de-san-juan-protagonizara-en-exclusiva-y-por-primera-vez-un-foro-de-barrio-del-ayuntamiento-de-pamplona\\\/\",\"url\":\"https:\\\/\\\/www.laguiadepamplona.com\\\/actualidad\\\/manana-el-barrio-de-san-juan-protagonizara-en-exclusiva-y-por-primera-vez-un-foro-de-barrio-del-ayuntamiento-de-pamplona\\\/\",\"name\":\"Ma\u00f1ana el barrio de San Juan protagonizar\u00e1 en exclusiva y por primera vez un foro de barrio del Ayuntamiento de Pamplona\",\"isPartOf\":{\"@id\":\"https:\\\/\\\/www.laguiadepamplona.com\\\/actualidad\\\/#website\"},\"primaryImageOfPage\":{\"@id\":\"https:\\\/\\\/www.laguiadepamplona.com\\\/actualidad\\\/manana-el-barrio-de-san-juan-protagonizara-en-exclusiva-y-por-primera-vez-un-foro-de-barrio-del-ayuntamiento-de-pamplona\\\/#primaryimage\"},\"image\":{\"@id\":\"https:\\\/\\\/www.laguiadepamplona.com\\\/actualidad\\\/manana-el-barrio-de-san-juan-protagonizara-en-exclusiva-y-por-primera-vez-un-foro-de-barrio-del-ayuntamiento-de-pamplona\\\/#primaryimage\"},\"thumbnailUrl\":\"https:\\\/\\\/www.laguiadepamplona.com\\\/actualidad\\\/wp-content\\\/uploads\\\/2022\\\/04\\\/foro-de-barrio.png\",\"datePublished\":\"2022-04-27T17:25:57+00:00\",\"dateModified\":\"2023-04-11T09:48:16+00:00\",\"description\":\"La cita tendr\u00e1 lugar a las 18.30 horas en el C.P. Jos\u00e9 Mar\u00eda de Huarte (calle Virgen de Uju\u00e9, 2), con entrada libre\",\"breadcrumb\":{\"@id\":\"https:\\\/\\\/www.laguiadepamplona.com\\\/actualidad\\\/manana-el-barrio-de-san-juan-protagonizara-en-exclusiva-y-por-primera-vez-un-foro-de-barrio-del-ayuntamiento-de-pamplona\\\/#breadcrumb\"},\"inLanguage\":\"es\",\"potentialAction\":[{\"@type\":\"ReadAction\",\"target\":[\"https:\\\/\\\/www.laguiadepamplona.com\\\/actualidad\\\/manana-el-barrio-de-san-juan-protagonizara-en-exclusiva-y-por-primera-vez-un-foro-de-barrio-del-ayuntamiento-de-pamplona\\\/\"]}]},{\"@type\":\"ImageObject\",\"inLanguage\":\"es\",\"@id\":\"https:\\\/\\\/www.laguiadepamplona.com\\\/actualidad\\\/manana-el-barrio-de-san-juan-protagonizara-en-exclusiva-y-por-primera-vez-un-foro-de-barrio-del-ayuntamiento-de-pamplona\\\/#primaryimage\",\"url\":\"https:\\\/\\\/www.laguiadepamplona.com\\\/actualidad\\\/wp-content\\\/uploads\\\/2022\\\/04\\\/foro-de-barrio.png\",\"contentUrl\":\"https:\\\/\\\/www.laguiadepamplona.com\\\/actualidad\\\/wp-content\\\/uploads\\\/2022\\\/04\\\/foro-de-barrio.png\",\"width\":814,\"height\":567},{\"@type\":\"BreadcrumbList\",\"@id\":\"https:\\\/\\\/www.laguiadepamplona.com\\\/actualidad\\\/manana-el-barrio-de-san-juan-protagonizara-en-exclusiva-y-por-primera-vez-un-foro-de-barrio-del-ayuntamiento-de-pamplona\\\/#breadcrumb\",\"itemListElement\":[{\"@type\":\"ListItem\",\"position\":1,\"name\":\"Portada\",\"item\":\"https:\\\/\\\/www.laguiadepamplona.com\\\/actualidad\\\/\"},{\"@type\":\"ListItem\",\"position\":2,\"name\":\"Ma\u00f1ana el barrio de San Juan protagonizar\u00e1 en exclusiva y por primera vez un foro de barrio del Ayuntamiento de Pamplona\"}]},{\"@type\":\"WebSite\",\"@id\":\"https:\\\/\\\/www.laguiadepamplona.com\\\/actualidad\\\/#website\",\"url\":\"https:\\\/\\\/www.laguiadepamplona.com\\\/actualidad\\\/\",\"name\":\"La gu\u00eda de Pamplona\",\"description\":\"Noticias de Pamplona\",\"publisher\":{\"@id\":\"https:\\\/\\\/www.laguiadepamplona.com\\\/actualidad\\\/#organization\"},\"potentialAction\":[{\"@type\":\"SearchAction\",\"target\":{\"@type\":\"EntryPoint\",\"urlTemplate\":\"https:\\\/\\\/www.laguiadepamplona.com\\\/actualidad\\\/?s={search_term_string}\"},\"query-input\":{\"@type\":\"PropertyValueSpecification\",\"valueRequired\":true,\"valueName\":\"search_term_string\"}}],\"inLanguage\":\"es\"},{\"@type\":\"Organization\",\"@id\":\"https:\\\/\\\/www.laguiadepamplona.com\\\/actualidad\\\/#organization\",\"name\":\"La Gu\u00eda de Pamplona \\\/ Noticias\",\"url\":\"https:\\\/\\\/www.laguiadepamplona.com\\\/actualidad\\\/\",\"logo\":{\"@type\":\"ImageObject\",\"inLanguage\":\"es\",\"@id\":\"https:\\\/\\\/www.laguiadepamplona.com\\\/actualidad\\\/#\\\/schema\\\/logo\\\/image\\\/\",\"url\":\"https:\\\/\\\/www.laguiadepamplona.com\\\/actualidad\\\/wp-content\\\/uploads\\\/2018\\\/11\\\/logo-laguiadepamplona18-web1.png\",\"contentUrl\":\"https:\\\/\\\/www.laguiadepamplona.com\\\/actualidad\\\/wp-content\\\/uploads\\\/2018\\\/11\\\/logo-laguiadepamplona18-web1.png\",\"width\":600,\"height\":196,\"caption\":\"La Gu\u00eda de Pamplona \\\/ Noticias\"},\"image\":{\"@id\":\"https:\\\/\\\/www.laguiadepamplona.com\\\/actualidad\\\/#\\\/schema\\\/logo\\\/image\\\/\"},\"sameAs\":[\"https:\\\/\\\/www.facebook.com\\\/laguiadepamplonacom-133175176762273\\\/?ref=hl\",\"https:\\\/\\\/x.com\\\/LaGuiadPamplona\",\"https:\\\/\\\/www.instagram.com\\\/la_guia_de_pamplona\\\/\",\"https:\\\/\\\/www.youtube.com\\\/user\\\/laguiadepamplona\"]},{\"@type\":\"Person\",\"@id\":\"https:\\\/\\\/www.laguiadepamplona.com\\\/actualidad\\\/#\\\/schema\\\/person\\\/efe887376f0213d4657c93adc50b1fdb\",\"name\":\"La Gu\u00eda de Pamplona\",\"image\":{\"@type\":\"ImageObject\",\"inLanguage\":\"es\",\"@id\":\"https:\\\/\\\/secure.gravatar.com\\\/avatar\\\/b6992f131dc8d30ab0dff15446e9d346d9dbd95992de0fef795073f5ea83a81c?s=96&d=mm&r=g\",\"url\":\"https:\\\/\\\/secure.gravatar.com\\\/avatar\\\/b6992f131dc8d30ab0dff15446e9d346d9dbd95992de0fef795073f5ea83a81c?s=96&d=mm&r=g\",\"contentUrl\":\"https:\\\/\\\/secure.gravatar.com\\\/avatar\\\/b6992f131dc8d30ab0dff15446e9d346d9dbd95992de0fef795073f5ea83a81c?s=96&d=mm&r=g\",\"caption\":\"La Gu\u00eda de Pamplona\"}}]}<\/script>\n<!-- \/ Yoast SEO plugin. -->","yoast_head_json":{"title":"Ma\u00f1ana el barrio de San Juan protagonizar\u00e1 en exclusiva y por primera vez un foro de barrio del Ayuntamiento de Pamplona","description":"La cita tendr\u00e1 lugar a las 18.30 horas en el C.P. Jos\u00e9 Mar\u00eda de Huarte (calle Virgen de Uju\u00e9, 2), con entrada libre","robots":{"index":"index","follow":"follow","max-snippet":"max-snippet:-1","max-image-preview":"max-image-preview:large","max-video-preview":"max-video-preview:-1"},"canonical":"https:\/\/www.laguiadepamplona.com\/actualidad\/manana-el-barrio-de-san-juan-protagonizara-en-exclusiva-y-por-primera-vez-un-foro-de-barrio-del-ayuntamiento-de-pamplona\/","og_locale":"es_ES","og_type":"article","og_title":"Ma\u00f1ana el barrio de San Juan protagonizar\u00e1 en exclusiva y por primera vez un foro de barrio del Ayuntamiento de Pamplona","og_description":"La cita tendr\u00e1 lugar a las 18.30 horas en el C.P. Jos\u00e9 Mar\u00eda de Huarte (calle Virgen de Uju\u00e9, 2), con entrada libre","og_url":"https:\/\/www.laguiadepamplona.com\/actualidad\/manana-el-barrio-de-san-juan-protagonizara-en-exclusiva-y-por-primera-vez-un-foro-de-barrio-del-ayuntamiento-de-pamplona\/","og_site_name":"La Gu\u00eda de Pamplona","article_publisher":"https:\/\/www.facebook.com\/laguiadepamplonacom-133175176762273\/?ref=hl","article_published_time":"2022-04-27T17:25:57+00:00","article_modified_time":"2023-04-11T09:48:16+00:00","og_image":[{"width":814,"height":567,"url":"https:\/\/www.laguiadepamplona.com\/actualidad\/wp-content\/uploads\/2022\/04\/foro-de-barrio.png","type":"image\/png"}],"author":"La Gu\u00eda de Pamplona","twitter_card":"summary_large_image","twitter_creator":"@LaGuiadPamplona","twitter_site":"@LaGuiadPamplona","twitter_misc":{"Escrito por":"La Gu\u00eda de Pamplona","Tiempo de lectura":"2 minutos"},"schema":{"@context":"https:\/\/schema.org","@graph":[{"@type":"Article","@id":"https:\/\/www.laguiadepamplona.com\/actualidad\/manana-el-barrio-de-san-juan-protagonizara-en-exclusiva-y-por-primera-vez-un-foro-de-barrio-del-ayuntamiento-de-pamplona\/#article","isPartOf":{"@id":"https:\/\/www.laguiadepamplona.com\/actualidad\/manana-el-barrio-de-san-juan-protagonizara-en-exclusiva-y-por-primera-vez-un-foro-de-barrio-del-ayuntamiento-de-pamplona\/"},"author":{"name":"La Gu\u00eda de Pamplona","@id":"https:\/\/www.laguiadepamplona.com\/actualidad\/#\/schema\/person\/efe887376f0213d4657c93adc50b1fdb"},"headline":"Ma\u00f1ana el barrio de San Juan protagonizar\u00e1 en exclusiva y por primera vez un foro de barrio del Ayuntamiento de Pamplona","datePublished":"2022-04-27T17:25:57+00:00","dateModified":"2023-04-11T09:48:16+00:00","mainEntityOfPage":{"@id":"https:\/\/www.laguiadepamplona.com\/actualidad\/manana-el-barrio-de-san-juan-protagonizara-en-exclusiva-y-por-primera-vez-un-foro-de-barrio-del-ayuntamiento-de-pamplona\/"},"wordCount":313,"commentCount":0,"publisher":{"@id":"https:\/\/www.laguiadepamplona.com\/actualidad\/#organization"},"image":{"@id":"https:\/\/www.laguiadepamplona.com\/actualidad\/manana-el-barrio-de-san-juan-protagonizara-en-exclusiva-y-por-primera-vez-un-foro-de-barrio-del-ayuntamiento-de-pamplona\/#primaryimage"},"thumbnailUrl":"https:\/\/www.laguiadepamplona.com\/actualidad\/wp-content\/uploads\/2022\/04\/foro-de-barrio.png","articleSection":["Ayto Pamplona"],"inLanguage":"es","potentialAction":[{"@type":"CommentAction","name":"Comment","target":["https:\/\/www.laguiadepamplona.com\/actualidad\/manana-el-barrio-de-san-juan-protagonizara-en-exclusiva-y-por-primera-vez-un-foro-de-barrio-del-ayuntamiento-de-pamplona\/#respond"]}]},{"@type":"WebPage","@id":"https:\/\/www.laguiadepamplona.com\/actualidad\/manana-el-barrio-de-san-juan-protagonizara-en-exclusiva-y-por-primera-vez-un-foro-de-barrio-del-ayuntamiento-de-pamplona\/","url":"https:\/\/www.laguiadepamplona.com\/actualidad\/manana-el-barrio-de-san-juan-protagonizara-en-exclusiva-y-por-primera-vez-un-foro-de-barrio-del-ayuntamiento-de-pamplona\/","name":"Ma\u00f1ana el barrio de San Juan protagonizar\u00e1 en exclusiva y por primera vez un foro de barrio del Ayuntamiento de Pamplona","isPartOf":{"@id":"https:\/\/www.laguiadepamplona.com\/actualidad\/#website"},"primaryImageOfPage":{"@id":"https:\/\/www.laguiadepamplona.com\/actualidad\/manana-el-barrio-de-san-juan-protagonizara-en-exclusiva-y-por-primera-vez-un-foro-de-barrio-del-ayuntamiento-de-pamplona\/#primaryimage"},"image":{"@id":"https:\/\/www.laguiadepamplona.com\/actualidad\/manana-el-barrio-de-san-juan-protagonizara-en-exclusiva-y-por-primera-vez-un-foro-de-barrio-del-ayuntamiento-de-pamplona\/#primaryimage"},"thumbnailUrl":"https:\/\/www.laguiadepamplona.com\/actualidad\/wp-content\/uploads\/2022\/04\/foro-de-barrio.png","datePublished":"2022-04-27T17:25:57+00:00","dateModified":"2023-04-11T09:48:16+00:00","description":"La cita tendr\u00e1 lugar a las 18.30 horas en el C.P. Jos\u00e9 Mar\u00eda de Huarte (calle Virgen de Uju\u00e9, 2), con entrada libre","breadcrumb":{"@id":"https:\/\/www.laguiadepamplona.com\/actualidad\/manana-el-barrio-de-san-juan-protagonizara-en-exclusiva-y-por-primera-vez-un-foro-de-barrio-del-ayuntamiento-de-pamplona\/#breadcrumb"},"inLanguage":"es","potentialAction":[{"@type":"ReadAction","target":["https:\/\/www.laguiadepamplona.com\/actualidad\/manana-el-barrio-de-san-juan-protagonizara-en-exclusiva-y-por-primera-vez-un-foro-de-barrio-del-ayuntamiento-de-pamplona\/"]}]},{"@type":"ImageObject","inLanguage":"es","@id":"https:\/\/www.laguiadepamplona.com\/actualidad\/manana-el-barrio-de-san-juan-protagonizara-en-exclusiva-y-por-primera-vez-un-foro-de-barrio-del-ayuntamiento-de-pamplona\/#primaryimage","url":"https:\/\/www.laguiadepamplona.com\/actualidad\/wp-content\/uploads\/2022\/04\/foro-de-barrio.png","contentUrl":"https:\/\/www.laguiadepamplona.com\/actualidad\/wp-content\/uploads\/2022\/04\/foro-de-barrio.png","width":814,"height":567},{"@type":"BreadcrumbList","@id":"https:\/\/www.laguiadepamplona.com\/actualidad\/manana-el-barrio-de-san-juan-protagonizara-en-exclusiva-y-por-primera-vez-un-foro-de-barrio-del-ayuntamiento-de-pamplona\/#breadcrumb","itemListElement":[{"@type":"ListItem","position":1,"name":"Portada","item":"https:\/\/www.laguiadepamplona.com\/actualidad\/"},{"@type":"ListItem","position":2,"name":"Ma\u00f1ana el barrio de San Juan protagonizar\u00e1 en exclusiva y por primera vez un foro de barrio del Ayuntamiento de Pamplona"}]},{"@type":"WebSite","@id":"https:\/\/www.laguiadepamplona.com\/actualidad\/#website","url":"https:\/\/www.laguiadepamplona.com\/actualidad\/","name":"La gu\u00eda de Pamplona","description":"Noticias de Pamplona","publisher":{"@id":"https:\/\/www.laguiadepamplona.com\/actualidad\/#organization"},"potentialAction":[{"@type":"SearchAction","target":{"@type":"EntryPoint","urlTemplate":"https:\/\/www.laguiadepamplona.com\/actualidad\/?s={search_term_string}"},"query-input":{"@type":"PropertyValueSpecification","valueRequired":true,"valueName":"search_term_string"}}],"inLanguage":"es"},{"@type":"Organization","@id":"https:\/\/www.laguiadepamplona.com\/actualidad\/#organization","name":"La Gu\u00eda de Pamplona \/ Noticias","url":"https:\/\/www.laguiadepamplona.com\/actualidad\/","logo":{"@type":"ImageObject","inLanguage":"es","@id":"https:\/\/www.laguiadepamplona.com\/actualidad\/#\/schema\/logo\/image\/","url":"https:\/\/www.laguiadepamplona.com\/actualidad\/wp-content\/uploads\/2018\/11\/logo-laguiadepamplona18-web1.png","contentUrl":"https:\/\/www.laguiadepamplona.com\/actualidad\/wp-content\/uploads\/2018\/11\/logo-laguiadepamplona18-web1.png","width":600,"height":196,"caption":"La Gu\u00eda de Pamplona \/ Noticias"},"image":{"@id":"https:\/\/www.laguiadepamplona.com\/actualidad\/#\/schema\/logo\/image\/"},"sameAs":["https:\/\/www.facebook.com\/laguiadepamplonacom-133175176762273\/?ref=hl","https:\/\/x.com\/LaGuiadPamplona","https:\/\/www.instagram.com\/la_guia_de_pamplona\/","https:\/\/www.youtube.com\/user\/laguiadepamplona"]},{"@type":"Person","@id":"https:\/\/www.laguiadepamplona.com\/actualidad\/#\/schema\/person\/efe887376f0213d4657c93adc50b1fdb","name":"La Gu\u00eda de Pamplona","image":{"@type":"ImageObject","inLanguage":"es","@id":"https:\/\/secure.gravatar.com\/avatar\/b6992f131dc8d30ab0dff15446e9d346d9dbd95992de0fef795073f5ea83a81c?s=96&d=mm&r=g","url":"https:\/\/secure.gravatar.com\/avatar\/b6992f131dc8d30ab0dff15446e9d346d9dbd95992de0fef795073f5ea83a81c?s=96&d=mm&r=g","contentUrl":"https:\/\/secure.gravatar.com\/avatar\/b6992f131dc8d30ab0dff15446e9d346d9dbd95992de0fef795073f5ea83a81c?s=96&d=mm&r=g","caption":"La Gu\u00eda de Pamplona"}}]}},"post_mailing_queue_ids":[],"_links":{"self":[{"href":"https:\/\/www.laguiadepamplona.com\/actualidad\/wp-json\/wp\/v2\/posts\/40098","targetHints":{"allow":["GET"]}}],"collection":[{"href":"https:\/\/www.laguiadepamplona.com\/actualidad\/wp-json\/wp\/v2\/posts"}],"about":[{"href":"https:\/\/www.laguiadepamplona.com\/actualidad\/wp-json\/wp\/v2\/types\/post"}],"author":[{"embeddable":true,"href":"https:\/\/www.laguiadepamplona.com\/actualidad\/wp-json\/wp\/v2\/users\/1"}],"replies":[{"embeddable":true,"href":"https:\/\/www.laguiadepamplona.com\/actualidad\/wp-json\/wp\/v2\/comments?post=40098"}],"version-history":[{"count":0,"href":"https:\/\/www.laguiadepamplona.com\/actualidad\/wp-json\/wp\/v2\/posts\/40098\/revisions"}],"wp:featuredmedia":[{"embeddable":true,"href":"https:\/\/www.laguiadepamplona.com\/actualidad\/wp-json\/wp\/v2\/media\/40099"}],"wp:attachment":[{"href":"https:\/\/www.laguiadepamplona.com\/actualidad\/wp-json\/wp\/v2\/media?parent=40098"}],"wp:term":[{"taxonomy":"category","embeddable":true,"href":"https:\/\/www.laguiadepamplona.com\/actualidad\/wp-json\/wp\/v2\/categories?post=40098"},{"taxonomy":"post_tag","embeddable":true,"href":"https:\/\/www.laguiadepamplona.com\/actualidad\/wp-json\/wp\/v2\/tags?post=40098"}],"curies":[{"name":"wp","href":"https:\/\/api.w.org\/{rel}","templated":true}]}}