{"id":40095,"date":"2022-04-27T19:21:57","date_gmt":"2022-04-27T17:21:57","guid":{"rendered":"https:\/\/www.laguiadepamplona.com\/actualidad\/?p=40095"},"modified":"2023-04-11T11:48:16","modified_gmt":"2023-04-11T09:48:16","slug":"el-ayuntamiento-de-pamplona-inicia-actuaciones-extraordinarias-para-el-control-de-anidamiento-y-posado-de-palomas-en-mobiliario-urbanos-o-inmuebles-publicos","status":"publish","type":"post","link":"https:\/\/www.laguiadepamplona.com\/actualidad\/el-ayuntamiento-de-pamplona-inicia-actuaciones-extraordinarias-para-el-control-de-anidamiento-y-posado-de-palomas-en-mobiliario-urbanos-o-inmuebles-publicos\/","title":{"rendered":"El Ayuntamiento de Pamplona inicia actuaciones extraordinarias para el control de anidamiento y posado de palomas en mobiliario urbanos o inmuebles p\u00fablicos"},"content":{"rendered":"<h5>Se intervendr\u00e1 en los porches de la Plaza del Castillo, los cableados en la calle Recoletas, las p\u00e9rgolas de Azuelo y Pintor Paret o la belena de Portalapea<\/h5>\n<p><!--more--><\/p>\n<p>El Ayuntamiento de Pamplona instalar\u00e1 pr\u00f3ximamente mecanismos que impidan el anidamiento y posado de las palomas en espacios y elementos como la p\u00e9rgola de la plaza Monasterio de Azuelo en los espacios que puedan afectar a la actividad humana. Es una de las actuaciones extraordinaria de control de palomas emprendidas desde el \u00e1rea de Conservaci\u00f3n Urbana que vienen a complementar a las que ya se llevan a cabo desde el Servicio de Inspecci\u00f3n Alimentaria y Zoonosis (SIAZ). Esta ma\u00f1ana el concejal especial de Sanidad, Fernando Villanueva, ha relatado a la Comisi\u00f3n de Urbanismo las nuevas actuaciones emprendidas, un conjunto de acciones con las que se trata de disminuir la presi\u00f3n que las palomas ocasionan a la ciudadan\u00eda, bien por ruidos, ac\u00famulo excrementos y posados o anidamientos de estas aves.<br \/>\n<script async src=\"\/\/pagead2.googlesyndication.com\/pagead\/js\/adsbygoogle.js\"><\/script><br \/>\n<!-- Noticias La Guia de Pamplona --><br \/>\n<ins class=\"adsbygoogle\"\nstyle=\"display:block\"\ndata-ad-client=\"ca-pub-6943679897239327\"\ndata-ad-slot=\"7048180777\"\ndata-ad-format=\"auto\"><\/ins><br \/>\n<script>\n(adsbygoogle = window.adsbygoogle || []).push({});\n<\/script><br \/>\nCon estas intervenciones se trata de arreglar cierres de malla deteriorados y colocar pinchos u otros mecanismos que impidan el anidamiento, adem\u00e1s seguir retirando los nidos realizados en mobiliario urbanos o inmuebles p\u00fablicos. Y es que muchas de las quejas ciudadanas en relaci\u00f3n a las palomas se refieren a anidamientos en instalaciones municipales, viviendas deshabitadas, negocios cerrados o luminarias en el espacio p\u00fablico Para estas actuaciones de refuerzo se ha contratado a personal espec\u00edfico que se encarga de retirar los nidos y limpiar las zonas afectadas: farolas de porches de la Plaza del Castillo, cableados en calle Recoletas, p\u00e9rgolas de Monasterio Azuelo y Plaza Pintor Paret o el interior de la belena de Portalapea.<\/p>\n<p>En concreto en el Front\u00f3n de calle Ma\u00f1ueta se van a cerrar los huecos existentes en sus accesos con malla y se colocar\u00e1n pinchos en la cornisa donde se ubican los focos, para evitar el posado de las aves en las luminarias y la zona superior del front\u00f3n. En las plazas de Monasterio de Azuelo y Pintor Paret, adem\u00e1s acometer de nuevo la retirada de nidos ya realizada en febrero, se va a actuar sobre las p\u00e9rgolas met\u00e1licas de las que est\u00e1n dotadas esos espacios, instalando mecanismos que impidan el anidamiento y posado de las palomas, conducta que propicia la suciedad en espacios como el parque infantil de Azuelo, uno de los espacios de los que se han recibido m\u00e1s quejas. Tambi\u00e9n vinculada a la limpieza de un parque infantil, el Ayuntamiento de Pamplona cerrar\u00e1 con malla transparente los huecos que quedan entre la tela publicitaria y las puertas de la antigua estaci\u00f3n de autobuses.<br \/>\n<script async src=\"\/\/pagead2.googlesyndication.com\/pagead\/js\/adsbygoogle.js\"><\/script><br \/>\n<!-- Noticias La Guia de Pamplona --><br \/>\n<ins class=\"adsbygoogle\"\nstyle=\"display:block\"\ndata-ad-client=\"ca-pub-6943679897239327\"\ndata-ad-slot=\"7048180777\"\ndata-ad-format=\"auto\"><\/ins><br \/>\n<script>\n(adsbygoogle = window.adsbygoogle || []).push({});\n<\/script><br \/>\nEl Consistorio tambi\u00e9n actuar\u00e1 sobre el Mercado del Ensanche ya que, tras dos inspecciones en febrero, se constat\u00f3 que en cornisas y alfeizares, as\u00ed como en tejadillos de entrada al edificio, se posan numerosas palomas que ensucian tanto la v\u00eda p\u00fablica, como los toldos de negocios ubicados en toda la manzana. Se retiraron los nidos hace dos meses y no se han detectado en el inmueble nuevos anidamientos accesibles desde la v\u00eda p\u00fablica. En ese mismo entorno, en el n\u00famero 19, se ha apreciado la rotura de una malla de cierre en el primer piso (hay varios balcones de viviendas deshabitadas), un elemento que se va a reparar.<\/p>\n<p>Finalmente, aunque el pasado mes de marzo se instal\u00f3 una jaula especial en la en la planta m\u00e1s baja de la belena de Portalapea, este mecanismo no ha obtenido los resultados deseados por lo que se est\u00e1n valorando otras actuaciones de refuerzo para solventar el problema generado por los anidamientos de palomas. Adem\u00e1s, desde el Servicio de Inspecci\u00f3n Alimentaria y Zoonosis se va a requerir a las diferentes comunidades que dan a la Belena la adopci\u00f3n de medidas en sus inmuebles.<\/p>\n","protected":false},"excerpt":{"rendered":"<p>Se intervendr\u00e1 en los porches de la Plaza del Castillo, los cableados en la calle Recoletas, las p\u00e9rgolas de Azuelo y Pintor Paret o la belena de Portalapea<\/p>\n","protected":false},"author":1,"featured_media":40096,"comment_status":"open","ping_status":"closed","sticky":false,"template":"","format":"standard","meta":{"footnotes":""},"categories":[2],"tags":[],"class_list":["post-40095","post","type-post","status-publish","format-standard","has-post-thumbnail","hentry","category-ayuntamiento-pamplona"],"yoast_head":"<!-- This site is optimized with the Yoast SEO plugin v27.3 - https:\/\/yoast.com\/product\/yoast-seo-wordpress\/ -->\n<title>El Ayuntamiento de Pamplona inicia actuaciones extraordinarias para el control de anidamiento y posado de palomas en mobiliario urbanos o inmuebles p\u00fablicos<\/title>\n<meta name=\"description\" content=\"Se intervendr\u00e1 en los porches de la Plaza del Castillo, los cableados en la calle Recoletas, las p\u00e9rgolas de Azuelo y Pintor Paret o la belena de Portalapea\" \/>\n<meta name=\"robots\" content=\"index, follow, max-snippet:-1, max-image-preview:large, max-video-preview:-1\" \/>\n<link rel=\"canonical\" href=\"https:\/\/www.laguiadepamplona.com\/actualidad\/el-ayuntamiento-de-pamplona-inicia-actuaciones-extraordinarias-para-el-control-de-anidamiento-y-posado-de-palomas-en-mobiliario-urbanos-o-inmuebles-publicos\/\" \/>\n<meta property=\"og:locale\" content=\"es_ES\" \/>\n<meta property=\"og:type\" content=\"article\" \/>\n<meta property=\"og:title\" content=\"El Ayuntamiento de Pamplona inicia actuaciones extraordinarias para el control de anidamiento y posado de palomas en mobiliario urbanos o inmuebles p\u00fablicos\" \/>\n<meta property=\"og:description\" content=\"Se intervendr\u00e1 en los porches de la Plaza del Castillo, los cableados en la calle Recoletas, las p\u00e9rgolas de Azuelo y Pintor Paret o la belena de Portalapea\" \/>\n<meta property=\"og:url\" content=\"https:\/\/www.laguiadepamplona.com\/actualidad\/el-ayuntamiento-de-pamplona-inicia-actuaciones-extraordinarias-para-el-control-de-anidamiento-y-posado-de-palomas-en-mobiliario-urbanos-o-inmuebles-publicos\/\" \/>\n<meta property=\"og:site_name\" content=\"La Gu\u00eda de Pamplona\" \/>\n<meta property=\"article:publisher\" content=\"https:\/\/www.facebook.com\/laguiadepamplonacom-133175176762273\/?ref=hl\" \/>\n<meta property=\"article:published_time\" content=\"2022-04-27T17:21:57+00:00\" \/>\n<meta property=\"article:modified_time\" content=\"2023-04-11T09:48:16+00:00\" \/>\n<meta property=\"og:image\" content=\"https:\/\/www.laguiadepamplona.com\/actualidad\/wp-content\/uploads\/2022\/04\/plaza-del-castillo-12-web.jpg\" \/>\n\t<meta property=\"og:image:width\" content=\"1299\" \/>\n\t<meta property=\"og:image:height\" content=\"853\" \/>\n\t<meta property=\"og:image:type\" content=\"image\/jpeg\" \/>\n<meta name=\"author\" content=\"La Gu\u00eda de Pamplona\" \/>\n<meta name=\"twitter:card\" content=\"summary_large_image\" \/>\n<meta name=\"twitter:creator\" content=\"@LaGuiadPamplona\" \/>\n<meta name=\"twitter:site\" content=\"@LaGuiadPamplona\" \/>\n<meta name=\"twitter:label1\" content=\"Escrito por\" \/>\n\t<meta name=\"twitter:data1\" content=\"La Gu\u00eda de Pamplona\" \/>\n\t<meta name=\"twitter:label2\" content=\"Tiempo de lectura\" \/>\n\t<meta name=\"twitter:data2\" content=\"3 minutos\" \/>\n<script type=\"application\/ld+json\" class=\"yoast-schema-graph\">{\"@context\":\"https:\\\/\\\/schema.org\",\"@graph\":[{\"@type\":\"Article\",\"@id\":\"https:\\\/\\\/www.laguiadepamplona.com\\\/actualidad\\\/el-ayuntamiento-de-pamplona-inicia-actuaciones-extraordinarias-para-el-control-de-anidamiento-y-posado-de-palomas-en-mobiliario-urbanos-o-inmuebles-publicos\\\/#article\",\"isPartOf\":{\"@id\":\"https:\\\/\\\/www.laguiadepamplona.com\\\/actualidad\\\/el-ayuntamiento-de-pamplona-inicia-actuaciones-extraordinarias-para-el-control-de-anidamiento-y-posado-de-palomas-en-mobiliario-urbanos-o-inmuebles-publicos\\\/\"},\"author\":{\"name\":\"La Gu\u00eda de Pamplona\",\"@id\":\"https:\\\/\\\/www.laguiadepamplona.com\\\/actualidad\\\/#\\\/schema\\\/person\\\/efe887376f0213d4657c93adc50b1fdb\"},\"headline\":\"El Ayuntamiento de Pamplona inicia actuaciones extraordinarias para el control de anidamiento y posado de palomas en mobiliario urbanos o inmuebles p\u00fablicos\",\"datePublished\":\"2022-04-27T17:21:57+00:00\",\"dateModified\":\"2023-04-11T09:48:16+00:00\",\"mainEntityOfPage\":{\"@id\":\"https:\\\/\\\/www.laguiadepamplona.com\\\/actualidad\\\/el-ayuntamiento-de-pamplona-inicia-actuaciones-extraordinarias-para-el-control-de-anidamiento-y-posado-de-palomas-en-mobiliario-urbanos-o-inmuebles-publicos\\\/\"},\"wordCount\":675,\"commentCount\":0,\"publisher\":{\"@id\":\"https:\\\/\\\/www.laguiadepamplona.com\\\/actualidad\\\/#organization\"},\"image\":{\"@id\":\"https:\\\/\\\/www.laguiadepamplona.com\\\/actualidad\\\/el-ayuntamiento-de-pamplona-inicia-actuaciones-extraordinarias-para-el-control-de-anidamiento-y-posado-de-palomas-en-mobiliario-urbanos-o-inmuebles-publicos\\\/#primaryimage\"},\"thumbnailUrl\":\"https:\\\/\\\/www.laguiadepamplona.com\\\/actualidad\\\/wp-content\\\/uploads\\\/2022\\\/04\\\/plaza-del-castillo-12-web.jpg\",\"articleSection\":[\"Ayto Pamplona\"],\"inLanguage\":\"es\",\"potentialAction\":[{\"@type\":\"CommentAction\",\"name\":\"Comment\",\"target\":[\"https:\\\/\\\/www.laguiadepamplona.com\\\/actualidad\\\/el-ayuntamiento-de-pamplona-inicia-actuaciones-extraordinarias-para-el-control-de-anidamiento-y-posado-de-palomas-en-mobiliario-urbanos-o-inmuebles-publicos\\\/#respond\"]}]},{\"@type\":\"WebPage\",\"@id\":\"https:\\\/\\\/www.laguiadepamplona.com\\\/actualidad\\\/el-ayuntamiento-de-pamplona-inicia-actuaciones-extraordinarias-para-el-control-de-anidamiento-y-posado-de-palomas-en-mobiliario-urbanos-o-inmuebles-publicos\\\/\",\"url\":\"https:\\\/\\\/www.laguiadepamplona.com\\\/actualidad\\\/el-ayuntamiento-de-pamplona-inicia-actuaciones-extraordinarias-para-el-control-de-anidamiento-y-posado-de-palomas-en-mobiliario-urbanos-o-inmuebles-publicos\\\/\",\"name\":\"El Ayuntamiento de Pamplona inicia actuaciones extraordinarias para el control de anidamiento y posado de palomas en mobiliario urbanos o inmuebles p\u00fablicos\",\"isPartOf\":{\"@id\":\"https:\\\/\\\/www.laguiadepamplona.com\\\/actualidad\\\/#website\"},\"primaryImageOfPage\":{\"@id\":\"https:\\\/\\\/www.laguiadepamplona.com\\\/actualidad\\\/el-ayuntamiento-de-pamplona-inicia-actuaciones-extraordinarias-para-el-control-de-anidamiento-y-posado-de-palomas-en-mobiliario-urbanos-o-inmuebles-publicos\\\/#primaryimage\"},\"image\":{\"@id\":\"https:\\\/\\\/www.laguiadepamplona.com\\\/actualidad\\\/el-ayuntamiento-de-pamplona-inicia-actuaciones-extraordinarias-para-el-control-de-anidamiento-y-posado-de-palomas-en-mobiliario-urbanos-o-inmuebles-publicos\\\/#primaryimage\"},\"thumbnailUrl\":\"https:\\\/\\\/www.laguiadepamplona.com\\\/actualidad\\\/wp-content\\\/uploads\\\/2022\\\/04\\\/plaza-del-castillo-12-web.jpg\",\"datePublished\":\"2022-04-27T17:21:57+00:00\",\"dateModified\":\"2023-04-11T09:48:16+00:00\",\"description\":\"Se intervendr\u00e1 en los porches de la Plaza del Castillo, los cableados en la calle Recoletas, las p\u00e9rgolas de Azuelo y Pintor Paret o la belena de Portalapea\",\"breadcrumb\":{\"@id\":\"https:\\\/\\\/www.laguiadepamplona.com\\\/actualidad\\\/el-ayuntamiento-de-pamplona-inicia-actuaciones-extraordinarias-para-el-control-de-anidamiento-y-posado-de-palomas-en-mobiliario-urbanos-o-inmuebles-publicos\\\/#breadcrumb\"},\"inLanguage\":\"es\",\"potentialAction\":[{\"@type\":\"ReadAction\",\"target\":[\"https:\\\/\\\/www.laguiadepamplona.com\\\/actualidad\\\/el-ayuntamiento-de-pamplona-inicia-actuaciones-extraordinarias-para-el-control-de-anidamiento-y-posado-de-palomas-en-mobiliario-urbanos-o-inmuebles-publicos\\\/\"]}]},{\"@type\":\"ImageObject\",\"inLanguage\":\"es\",\"@id\":\"https:\\\/\\\/www.laguiadepamplona.com\\\/actualidad\\\/el-ayuntamiento-de-pamplona-inicia-actuaciones-extraordinarias-para-el-control-de-anidamiento-y-posado-de-palomas-en-mobiliario-urbanos-o-inmuebles-publicos\\\/#primaryimage\",\"url\":\"https:\\\/\\\/www.laguiadepamplona.com\\\/actualidad\\\/wp-content\\\/uploads\\\/2022\\\/04\\\/plaza-del-castillo-12-web.jpg\",\"contentUrl\":\"https:\\\/\\\/www.laguiadepamplona.com\\\/actualidad\\\/wp-content\\\/uploads\\\/2022\\\/04\\\/plaza-del-castillo-12-web.jpg\",\"width\":1299,\"height\":853},{\"@type\":\"BreadcrumbList\",\"@id\":\"https:\\\/\\\/www.laguiadepamplona.com\\\/actualidad\\\/el-ayuntamiento-de-pamplona-inicia-actuaciones-extraordinarias-para-el-control-de-anidamiento-y-posado-de-palomas-en-mobiliario-urbanos-o-inmuebles-publicos\\\/#breadcrumb\",\"itemListElement\":[{\"@type\":\"ListItem\",\"position\":1,\"name\":\"Portada\",\"item\":\"https:\\\/\\\/www.laguiadepamplona.com\\\/actualidad\\\/\"},{\"@type\":\"ListItem\",\"position\":2,\"name\":\"El Ayuntamiento de Pamplona inicia actuaciones extraordinarias para el control de anidamiento y posado de palomas en mobiliario urbanos o inmuebles p\u00fablicos\"}]},{\"@type\":\"WebSite\",\"@id\":\"https:\\\/\\\/www.laguiadepamplona.com\\\/actualidad\\\/#website\",\"url\":\"https:\\\/\\\/www.laguiadepamplona.com\\\/actualidad\\\/\",\"name\":\"La gu\u00eda de Pamplona\",\"description\":\"Noticias de Pamplona\",\"publisher\":{\"@id\":\"https:\\\/\\\/www.laguiadepamplona.com\\\/actualidad\\\/#organization\"},\"potentialAction\":[{\"@type\":\"SearchAction\",\"target\":{\"@type\":\"EntryPoint\",\"urlTemplate\":\"https:\\\/\\\/www.laguiadepamplona.com\\\/actualidad\\\/?s={search_term_string}\"},\"query-input\":{\"@type\":\"PropertyValueSpecification\",\"valueRequired\":true,\"valueName\":\"search_term_string\"}}],\"inLanguage\":\"es\"},{\"@type\":\"Organization\",\"@id\":\"https:\\\/\\\/www.laguiadepamplona.com\\\/actualidad\\\/#organization\",\"name\":\"La Gu\u00eda de Pamplona \\\/ Noticias\",\"url\":\"https:\\\/\\\/www.laguiadepamplona.com\\\/actualidad\\\/\",\"logo\":{\"@type\":\"ImageObject\",\"inLanguage\":\"es\",\"@id\":\"https:\\\/\\\/www.laguiadepamplona.com\\\/actualidad\\\/#\\\/schema\\\/logo\\\/image\\\/\",\"url\":\"https:\\\/\\\/www.laguiadepamplona.com\\\/actualidad\\\/wp-content\\\/uploads\\\/2018\\\/11\\\/logo-laguiadepamplona18-web1.png\",\"contentUrl\":\"https:\\\/\\\/www.laguiadepamplona.com\\\/actualidad\\\/wp-content\\\/uploads\\\/2018\\\/11\\\/logo-laguiadepamplona18-web1.png\",\"width\":600,\"height\":196,\"caption\":\"La Gu\u00eda de Pamplona \\\/ Noticias\"},\"image\":{\"@id\":\"https:\\\/\\\/www.laguiadepamplona.com\\\/actualidad\\\/#\\\/schema\\\/logo\\\/image\\\/\"},\"sameAs\":[\"https:\\\/\\\/www.facebook.com\\\/laguiadepamplonacom-133175176762273\\\/?ref=hl\",\"https:\\\/\\\/x.com\\\/LaGuiadPamplona\",\"https:\\\/\\\/www.instagram.com\\\/la_guia_de_pamplona\\\/\",\"https:\\\/\\\/www.youtube.com\\\/user\\\/laguiadepamplona\"]},{\"@type\":\"Person\",\"@id\":\"https:\\\/\\\/www.laguiadepamplona.com\\\/actualidad\\\/#\\\/schema\\\/person\\\/efe887376f0213d4657c93adc50b1fdb\",\"name\":\"La Gu\u00eda de Pamplona\",\"image\":{\"@type\":\"ImageObject\",\"inLanguage\":\"es\",\"@id\":\"https:\\\/\\\/secure.gravatar.com\\\/avatar\\\/b6992f131dc8d30ab0dff15446e9d346d9dbd95992de0fef795073f5ea83a81c?s=96&d=mm&r=g\",\"url\":\"https:\\\/\\\/secure.gravatar.com\\\/avatar\\\/b6992f131dc8d30ab0dff15446e9d346d9dbd95992de0fef795073f5ea83a81c?s=96&d=mm&r=g\",\"contentUrl\":\"https:\\\/\\\/secure.gravatar.com\\\/avatar\\\/b6992f131dc8d30ab0dff15446e9d346d9dbd95992de0fef795073f5ea83a81c?s=96&d=mm&r=g\",\"caption\":\"La Gu\u00eda de Pamplona\"}}]}<\/script>\n<!-- \/ Yoast SEO plugin. -->","yoast_head_json":{"title":"El Ayuntamiento de Pamplona inicia actuaciones extraordinarias para el control de anidamiento y posado de palomas en mobiliario urbanos o inmuebles p\u00fablicos","description":"Se intervendr\u00e1 en los porches de la Plaza del Castillo, los cableados en la calle Recoletas, las p\u00e9rgolas de Azuelo y Pintor Paret o la belena de Portalapea","robots":{"index":"index","follow":"follow","max-snippet":"max-snippet:-1","max-image-preview":"max-image-preview:large","max-video-preview":"max-video-preview:-1"},"canonical":"https:\/\/www.laguiadepamplona.com\/actualidad\/el-ayuntamiento-de-pamplona-inicia-actuaciones-extraordinarias-para-el-control-de-anidamiento-y-posado-de-palomas-en-mobiliario-urbanos-o-inmuebles-publicos\/","og_locale":"es_ES","og_type":"article","og_title":"El Ayuntamiento de Pamplona inicia actuaciones extraordinarias para el control de anidamiento y posado de palomas en mobiliario urbanos o inmuebles p\u00fablicos","og_description":"Se intervendr\u00e1 en los porches de la Plaza del Castillo, los cableados en la calle Recoletas, las p\u00e9rgolas de Azuelo y Pintor Paret o la belena de Portalapea","og_url":"https:\/\/www.laguiadepamplona.com\/actualidad\/el-ayuntamiento-de-pamplona-inicia-actuaciones-extraordinarias-para-el-control-de-anidamiento-y-posado-de-palomas-en-mobiliario-urbanos-o-inmuebles-publicos\/","og_site_name":"La Gu\u00eda de Pamplona","article_publisher":"https:\/\/www.facebook.com\/laguiadepamplonacom-133175176762273\/?ref=hl","article_published_time":"2022-04-27T17:21:57+00:00","article_modified_time":"2023-04-11T09:48:16+00:00","og_image":[{"width":1299,"height":853,"url":"https:\/\/www.laguiadepamplona.com\/actualidad\/wp-content\/uploads\/2022\/04\/plaza-del-castillo-12-web.jpg","type":"image\/jpeg"}],"author":"La Gu\u00eda de Pamplona","twitter_card":"summary_large_image","twitter_creator":"@LaGuiadPamplona","twitter_site":"@LaGuiadPamplona","twitter_misc":{"Escrito por":"La Gu\u00eda de Pamplona","Tiempo de lectura":"3 minutos"},"schema":{"@context":"https:\/\/schema.org","@graph":[{"@type":"Article","@id":"https:\/\/www.laguiadepamplona.com\/actualidad\/el-ayuntamiento-de-pamplona-inicia-actuaciones-extraordinarias-para-el-control-de-anidamiento-y-posado-de-palomas-en-mobiliario-urbanos-o-inmuebles-publicos\/#article","isPartOf":{"@id":"https:\/\/www.laguiadepamplona.com\/actualidad\/el-ayuntamiento-de-pamplona-inicia-actuaciones-extraordinarias-para-el-control-de-anidamiento-y-posado-de-palomas-en-mobiliario-urbanos-o-inmuebles-publicos\/"},"author":{"name":"La Gu\u00eda de Pamplona","@id":"https:\/\/www.laguiadepamplona.com\/actualidad\/#\/schema\/person\/efe887376f0213d4657c93adc50b1fdb"},"headline":"El Ayuntamiento de Pamplona inicia actuaciones extraordinarias para el control de anidamiento y posado de palomas en mobiliario urbanos o inmuebles p\u00fablicos","datePublished":"2022-04-27T17:21:57+00:00","dateModified":"2023-04-11T09:48:16+00:00","mainEntityOfPage":{"@id":"https:\/\/www.laguiadepamplona.com\/actualidad\/el-ayuntamiento-de-pamplona-inicia-actuaciones-extraordinarias-para-el-control-de-anidamiento-y-posado-de-palomas-en-mobiliario-urbanos-o-inmuebles-publicos\/"},"wordCount":675,"commentCount":0,"publisher":{"@id":"https:\/\/www.laguiadepamplona.com\/actualidad\/#organization"},"image":{"@id":"https:\/\/www.laguiadepamplona.com\/actualidad\/el-ayuntamiento-de-pamplona-inicia-actuaciones-extraordinarias-para-el-control-de-anidamiento-y-posado-de-palomas-en-mobiliario-urbanos-o-inmuebles-publicos\/#primaryimage"},"thumbnailUrl":"https:\/\/www.laguiadepamplona.com\/actualidad\/wp-content\/uploads\/2022\/04\/plaza-del-castillo-12-web.jpg","articleSection":["Ayto Pamplona"],"inLanguage":"es","potentialAction":[{"@type":"CommentAction","name":"Comment","target":["https:\/\/www.laguiadepamplona.com\/actualidad\/el-ayuntamiento-de-pamplona-inicia-actuaciones-extraordinarias-para-el-control-de-anidamiento-y-posado-de-palomas-en-mobiliario-urbanos-o-inmuebles-publicos\/#respond"]}]},{"@type":"WebPage","@id":"https:\/\/www.laguiadepamplona.com\/actualidad\/el-ayuntamiento-de-pamplona-inicia-actuaciones-extraordinarias-para-el-control-de-anidamiento-y-posado-de-palomas-en-mobiliario-urbanos-o-inmuebles-publicos\/","url":"https:\/\/www.laguiadepamplona.com\/actualidad\/el-ayuntamiento-de-pamplona-inicia-actuaciones-extraordinarias-para-el-control-de-anidamiento-y-posado-de-palomas-en-mobiliario-urbanos-o-inmuebles-publicos\/","name":"El Ayuntamiento de Pamplona inicia actuaciones extraordinarias para el control de anidamiento y posado de palomas en mobiliario urbanos o inmuebles p\u00fablicos","isPartOf":{"@id":"https:\/\/www.laguiadepamplona.com\/actualidad\/#website"},"primaryImageOfPage":{"@id":"https:\/\/www.laguiadepamplona.com\/actualidad\/el-ayuntamiento-de-pamplona-inicia-actuaciones-extraordinarias-para-el-control-de-anidamiento-y-posado-de-palomas-en-mobiliario-urbanos-o-inmuebles-publicos\/#primaryimage"},"image":{"@id":"https:\/\/www.laguiadepamplona.com\/actualidad\/el-ayuntamiento-de-pamplona-inicia-actuaciones-extraordinarias-para-el-control-de-anidamiento-y-posado-de-palomas-en-mobiliario-urbanos-o-inmuebles-publicos\/#primaryimage"},"thumbnailUrl":"https:\/\/www.laguiadepamplona.com\/actualidad\/wp-content\/uploads\/2022\/04\/plaza-del-castillo-12-web.jpg","datePublished":"2022-04-27T17:21:57+00:00","dateModified":"2023-04-11T09:48:16+00:00","description":"Se intervendr\u00e1 en los porches de la Plaza del Castillo, los cableados en la calle Recoletas, las p\u00e9rgolas de Azuelo y Pintor Paret o la belena de Portalapea","breadcrumb":{"@id":"https:\/\/www.laguiadepamplona.com\/actualidad\/el-ayuntamiento-de-pamplona-inicia-actuaciones-extraordinarias-para-el-control-de-anidamiento-y-posado-de-palomas-en-mobiliario-urbanos-o-inmuebles-publicos\/#breadcrumb"},"inLanguage":"es","potentialAction":[{"@type":"ReadAction","target":["https:\/\/www.laguiadepamplona.com\/actualidad\/el-ayuntamiento-de-pamplona-inicia-actuaciones-extraordinarias-para-el-control-de-anidamiento-y-posado-de-palomas-en-mobiliario-urbanos-o-inmuebles-publicos\/"]}]},{"@type":"ImageObject","inLanguage":"es","@id":"https:\/\/www.laguiadepamplona.com\/actualidad\/el-ayuntamiento-de-pamplona-inicia-actuaciones-extraordinarias-para-el-control-de-anidamiento-y-posado-de-palomas-en-mobiliario-urbanos-o-inmuebles-publicos\/#primaryimage","url":"https:\/\/www.laguiadepamplona.com\/actualidad\/wp-content\/uploads\/2022\/04\/plaza-del-castillo-12-web.jpg","contentUrl":"https:\/\/www.laguiadepamplona.com\/actualidad\/wp-content\/uploads\/2022\/04\/plaza-del-castillo-12-web.jpg","width":1299,"height":853},{"@type":"BreadcrumbList","@id":"https:\/\/www.laguiadepamplona.com\/actualidad\/el-ayuntamiento-de-pamplona-inicia-actuaciones-extraordinarias-para-el-control-de-anidamiento-y-posado-de-palomas-en-mobiliario-urbanos-o-inmuebles-publicos\/#breadcrumb","itemListElement":[{"@type":"ListItem","position":1,"name":"Portada","item":"https:\/\/www.laguiadepamplona.com\/actualidad\/"},{"@type":"ListItem","position":2,"name":"El Ayuntamiento de Pamplona inicia actuaciones extraordinarias para el control de anidamiento y posado de palomas en mobiliario urbanos o inmuebles p\u00fablicos"}]},{"@type":"WebSite","@id":"https:\/\/www.laguiadepamplona.com\/actualidad\/#website","url":"https:\/\/www.laguiadepamplona.com\/actualidad\/","name":"La gu\u00eda de Pamplona","description":"Noticias de Pamplona","publisher":{"@id":"https:\/\/www.laguiadepamplona.com\/actualidad\/#organization"},"potentialAction":[{"@type":"SearchAction","target":{"@type":"EntryPoint","urlTemplate":"https:\/\/www.laguiadepamplona.com\/actualidad\/?s={search_term_string}"},"query-input":{"@type":"PropertyValueSpecification","valueRequired":true,"valueName":"search_term_string"}}],"inLanguage":"es"},{"@type":"Organization","@id":"https:\/\/www.laguiadepamplona.com\/actualidad\/#organization","name":"La Gu\u00eda de Pamplona \/ Noticias","url":"https:\/\/www.laguiadepamplona.com\/actualidad\/","logo":{"@type":"ImageObject","inLanguage":"es","@id":"https:\/\/www.laguiadepamplona.com\/actualidad\/#\/schema\/logo\/image\/","url":"https:\/\/www.laguiadepamplona.com\/actualidad\/wp-content\/uploads\/2018\/11\/logo-laguiadepamplona18-web1.png","contentUrl":"https:\/\/www.laguiadepamplona.com\/actualidad\/wp-content\/uploads\/2018\/11\/logo-laguiadepamplona18-web1.png","width":600,"height":196,"caption":"La Gu\u00eda de Pamplona \/ Noticias"},"image":{"@id":"https:\/\/www.laguiadepamplona.com\/actualidad\/#\/schema\/logo\/image\/"},"sameAs":["https:\/\/www.facebook.com\/laguiadepamplonacom-133175176762273\/?ref=hl","https:\/\/x.com\/LaGuiadPamplona","https:\/\/www.instagram.com\/la_guia_de_pamplona\/","https:\/\/www.youtube.com\/user\/laguiadepamplona"]},{"@type":"Person","@id":"https:\/\/www.laguiadepamplona.com\/actualidad\/#\/schema\/person\/efe887376f0213d4657c93adc50b1fdb","name":"La Gu\u00eda de Pamplona","image":{"@type":"ImageObject","inLanguage":"es","@id":"https:\/\/secure.gravatar.com\/avatar\/b6992f131dc8d30ab0dff15446e9d346d9dbd95992de0fef795073f5ea83a81c?s=96&d=mm&r=g","url":"https:\/\/secure.gravatar.com\/avatar\/b6992f131dc8d30ab0dff15446e9d346d9dbd95992de0fef795073f5ea83a81c?s=96&d=mm&r=g","contentUrl":"https:\/\/secure.gravatar.com\/avatar\/b6992f131dc8d30ab0dff15446e9d346d9dbd95992de0fef795073f5ea83a81c?s=96&d=mm&r=g","caption":"La Gu\u00eda de Pamplona"}}]}},"post_mailing_queue_ids":[],"_links":{"self":[{"href":"https:\/\/www.laguiadepamplona.com\/actualidad\/wp-json\/wp\/v2\/posts\/40095","targetHints":{"allow":["GET"]}}],"collection":[{"href":"https:\/\/www.laguiadepamplona.com\/actualidad\/wp-json\/wp\/v2\/posts"}],"about":[{"href":"https:\/\/www.laguiadepamplona.com\/actualidad\/wp-json\/wp\/v2\/types\/post"}],"author":[{"embeddable":true,"href":"https:\/\/www.laguiadepamplona.com\/actualidad\/wp-json\/wp\/v2\/users\/1"}],"replies":[{"embeddable":true,"href":"https:\/\/www.laguiadepamplona.com\/actualidad\/wp-json\/wp\/v2\/comments?post=40095"}],"version-history":[{"count":0,"href":"https:\/\/www.laguiadepamplona.com\/actualidad\/wp-json\/wp\/v2\/posts\/40095\/revisions"}],"wp:featuredmedia":[{"embeddable":true,"href":"https:\/\/www.laguiadepamplona.com\/actualidad\/wp-json\/wp\/v2\/media\/40096"}],"wp:attachment":[{"href":"https:\/\/www.laguiadepamplona.com\/actualidad\/wp-json\/wp\/v2\/media?parent=40095"}],"wp:term":[{"taxonomy":"category","embeddable":true,"href":"https:\/\/www.laguiadepamplona.com\/actualidad\/wp-json\/wp\/v2\/categories?post=40095"},{"taxonomy":"post_tag","embeddable":true,"href":"https:\/\/www.laguiadepamplona.com\/actualidad\/wp-json\/wp\/v2\/tags?post=40095"}],"curies":[{"name":"wp","href":"https:\/\/api.w.org\/{rel}","templated":true}]}}