{"id":40090,"date":"2022-04-27T13:22:48","date_gmt":"2022-04-27T11:22:48","guid":{"rendered":"https:\/\/www.laguiadepamplona.com\/actualidad\/?p=40090"},"modified":"2023-04-11T11:48:16","modified_gmt":"2023-04-11T09:48:16","slug":"la-sala-de-armas-recorre-las-vanguardias-del-siglo-xx-a-traves-de-una-muestra-con-obra-grafica-de-picasso-miro-klee-warhol-moore-o-de-chirico-entre-otros-creadores","status":"publish","type":"post","link":"https:\/\/www.laguiadepamplona.com\/actualidad\/la-sala-de-armas-recorre-las-vanguardias-del-siglo-xx-a-traves-de-una-muestra-con-obra-grafica-de-picasso-miro-klee-warhol-moore-o-de-chirico-entre-otros-creadores\/","title":{"rendered":"La Sala de Armas recorre las vanguardias del siglo XX a trav\u00e9s de una muestra con obra gr\u00e1fica de Picasso, Mir\u00f3, Klee, Warhol, Moore o De Chirico, entre otros creadores"},"content":{"rendered":"<h5>\u2018Actuales del siglo XX\u2019 se basa en la Colecci\u00f3n Museo Vivanco de Briones (La Rioja), con aportaciones del Legado Pi \u2013 Fernandino del Ayuntamiento de Pamplona<\/h5>\n<p><!--more--><\/p>\n<p>Obras de Pablo Picasso, Joan Mir\u00f3, Eduardo Chillida, Paul Klee, Giorgio de Chirico, Andy Warhol, Henry Moore o Miquel Barcel\u00f3, entre otros autores nacionales e internacionales, conforman la muestra \u2018Actuales del siglo XX. Un recorrido por las vanguardias art\u00edsticas del \u00faltimo siglo\u2019, que la primera planta de la Sala de Armas de la Ciudadela acoger\u00e1 hasta el 26 de junio. Este viaje por la obra gr\u00e1fica original de artistas referenciales del pasado siglo cuenta con 56 obras de m\u00e1s de 30 creadores y creadoras procedentes de la Colecci\u00f3n Museo Vivanco de la Cultura del Vino de Briones (La Rioja), la Colecci\u00f3n Premio Internacional de Grabado y Vino \u2018Pedro Vivanco\u2019 y otras colecciones privadas.<br \/>\n<script async src=\"\/\/pagead2.googlesyndication.com\/pagead\/js\/adsbygoogle.js\"><\/script><br \/>\n<!-- Noticias La Guia de Pamplona --><br \/>\n<ins class=\"adsbygoogle\"\nstyle=\"display:block\"\ndata-ad-client=\"ca-pub-6943679897239327\"\ndata-ad-slot=\"7048180777\"\ndata-ad-format=\"auto\"><\/ins><br \/>\n<script>\n(adsbygoogle = window.adsbygoogle || []).push({});\n<\/script><br \/>\nLa concejala delegada de Cultura e Igualdad, Mar\u00eda Garc\u00eda-Barberena, y el presidente de la Fundaci\u00f3n Vivanco, Santiago Vivanco S\u00e1enz, han presentado esta exposici\u00f3n, que cuenta tambi\u00e9n con la exhibici\u00f3n de 16 obras gr\u00e1ficas de la Colecci\u00f3n de Arte Contempor\u00e1neo del Ayuntamiento de Pamplona, procedentes del Legado Pi \u2013 Fernandino, que enriquecen la muestra, estableciendo un interesante di\u00e1logo entre las piezas y generando nuevas conexiones creativas. En la presentaci\u00f3n han participado tambi\u00e9n la comisaria de la muestra, Judit Arteaga C\u00e1mara, y el gerente del Instituto de Estudios Riojanos, Diego Iturriaga Barco.<\/p>\n<p>El n\u00facleo principal de esta muestra ya se pudo ver en la sala de exposiciones del Ayuntamiento de Logro\u00f1o los pasados meses de diciembre y enero, organizada por el Instituto de Estudios Riojanos, en el marco del Festival Actual y de la celebraci\u00f3n del A\u00f1o Xacobeo. Otros autores y autoras con presencia en esta muestra de la Sala de Armas son Roy Lichtenstein, Eduardo Arroyo, Menchu Gal, Gregorio Prieto, Lucio Fontana, Julio Le Parc, V\u00edctor Vasarely, Antonio Saura, Manolo Vald\u00e9s, Miguel Conde, Paula Rego, Juan Genov\u00e9s, Jaume Plensa, Yozo Hamaguchi o Francisco Bores.<br \/>\n<script async src=\"\/\/pagead2.googlesyndication.com\/pagead\/js\/adsbygoogle.js\"><\/script><br \/>\n<!-- Noticias La Guia de Pamplona --><br \/>\n<ins class=\"adsbygoogle\"\nstyle=\"display:block\"\ndata-ad-client=\"ca-pub-6943679897239327\"\ndata-ad-slot=\"7048180777\"\ndata-ad-format=\"auto\"><\/ins><br \/>\n<script>\n(adsbygoogle = window.adsbygoogle || []).push({});\n<\/script><br \/>\n<strong>Importancia y evoluci\u00f3n del grabado<\/strong><\/p>\n<p>Pese al indiscutible reconocimiento que en la actualidad se otorga al grabado, no ser\u00e1 hasta finales del siglo XIX cuando se comiencen a reconocer las t\u00e9cnicas de estampaci\u00f3n como una disciplina art\u00edstica con personalidad propia. La finalidad primordial del grabado hasta esa \u00e9poca, cuya evoluci\u00f3n estuvo muy ligada a la aparici\u00f3n de la imprenta, como herramienta de difusi\u00f3n de im\u00e1genes e ilustraciones, va perdiendo importancia en favor de las posibilidades t\u00e9cnicas y est\u00e9ticas que ofrecen a los artistas.<\/p>\n<p>Esta evoluci\u00f3n responde en gran medida a la coyuntura de un universo art\u00edstico en un proceso de transformaci\u00f3n sin precedentes, que paulatinamente se va alejando de las representaciones figurativas que hab\u00edan imperado hasta entonces. Los <em>ismos<\/em> se van abriendo paso como una necesidad de crear nuevos lenguajes. Los avances tecnol\u00f3gicos tambi\u00e9n influyen en la percepci\u00f3n de la realidad, como el incipiente desarrollo de la fotograf\u00eda, que al ofrecer al espectador fieles reproducciones del mundo en el que habita, influye en la perspectiva que los artistas pl\u00e1sticos otorgan a sus obras. El pintor va perdiendo su cariz de notario de los escenarios y los personajes de su tiempo para buscar otro tipo de interpretaciones a sus creaciones.<br \/>\n<script async src=\"\/\/pagead2.googlesyndication.com\/pagead\/js\/adsbygoogle.js\"><\/script><br \/>\n<!-- Noticias La Guia de Pamplona --><br \/>\n<ins class=\"adsbygoogle\"\nstyle=\"display:block\"\ndata-ad-client=\"ca-pub-6943679897239327\"\ndata-ad-slot=\"7048180777\"\ndata-ad-format=\"auto\"><\/ins><br \/>\n<script>\n(adsbygoogle = window.adsbygoogle || []).push({});\n<\/script><br \/>\nEn este contexto, el grabado se convierte en una excelente plataforma de experimentaci\u00f3n, que ofrece a los artistas a trav\u00e9s de su diversidad de t\u00e9cnicas m\u00faltiples variantes para representar sus inquietudes. De esta manera, genios como Picasso, de quien se puede disfrutar de varios de sus grabados en esta exposici\u00f3n, cultivan esta t\u00e9cnica otorg\u00e1ndole una singularidad dentro de sus carreras art\u00edsticas.<\/p>\n<p>Esta nueva consideraci\u00f3n de las t\u00e9cnicas de estampaci\u00f3n va a vivir una continua evoluci\u00f3n durante todo el siglo XX y hasta nuestros d\u00edas, donde el mundo digital tambi\u00e9n ha revolucionado t\u00e9cnicas y conceptos. Durante todo este tiempo se puede apreciar una creciente influencia del grabado en la trayectoria de grandes artistas. La est\u00e9tica pop de creadores como Andy Warhol o Roy Lichtenstein o los personales estilos de figuras como Joan Mir\u00f3, Antoni T\u00e0pies o Manolo Vald\u00e9s son un buen ejemplo de ello.<\/p>\n","protected":false},"excerpt":{"rendered":"<p>\u2018Actuales del siglo XX\u2019 se basa en la Colecci\u00f3n Museo Vivanco de Briones (La Rioja), con aportaciones del Legado Pi \u2013 Fernandino del Ayuntamiento de Pamplona<\/p>\n","protected":false},"author":1,"featured_media":40091,"comment_status":"open","ping_status":"closed","sticky":false,"template":"","format":"standard","meta":{"footnotes":""},"categories":[2],"tags":[],"class_list":["post-40090","post","type-post","status-publish","format-standard","has-post-thumbnail","hentry","category-ayuntamiento-pamplona"],"yoast_head":"<!-- This site is optimized with the Yoast SEO plugin v27.3 - https:\/\/yoast.com\/product\/yoast-seo-wordpress\/ -->\n<title>La Sala de Armas recorre las vanguardias del siglo XX a trav\u00e9s de una muestra con obra gr\u00e1fica de Picasso, Mir\u00f3, Klee, Warhol, Moore o De Chirico, entre otros creadores<\/title>\n<meta name=\"description\" content=\"\u2018Actuales del siglo XX\u2019 se basa en la Colecci\u00f3n Museo Vivanco de Briones (La Rioja), con aportaciones del Legado Pi \u2013 Fernandino del Ayuntamiento de Pamplona\" \/>\n<meta name=\"robots\" content=\"index, follow, max-snippet:-1, max-image-preview:large, max-video-preview:-1\" \/>\n<link rel=\"canonical\" href=\"https:\/\/www.laguiadepamplona.com\/actualidad\/la-sala-de-armas-recorre-las-vanguardias-del-siglo-xx-a-traves-de-una-muestra-con-obra-grafica-de-picasso-miro-klee-warhol-moore-o-de-chirico-entre-otros-creadores\/\" \/>\n<meta property=\"og:locale\" content=\"es_ES\" \/>\n<meta property=\"og:type\" content=\"article\" \/>\n<meta property=\"og:title\" content=\"La Sala de Armas recorre las vanguardias del siglo XX a trav\u00e9s de una muestra con obra gr\u00e1fica de Picasso, Mir\u00f3, Klee, Warhol, Moore o De Chirico, entre otros creadores\" \/>\n<meta property=\"og:description\" content=\"\u2018Actuales del siglo XX\u2019 se basa en la Colecci\u00f3n Museo Vivanco de Briones (La Rioja), con aportaciones del Legado Pi \u2013 Fernandino del Ayuntamiento de Pamplona\" \/>\n<meta property=\"og:url\" content=\"https:\/\/www.laguiadepamplona.com\/actualidad\/la-sala-de-armas-recorre-las-vanguardias-del-siglo-xx-a-traves-de-una-muestra-con-obra-grafica-de-picasso-miro-klee-warhol-moore-o-de-chirico-entre-otros-creadores\/\" \/>\n<meta property=\"og:site_name\" content=\"La Gu\u00eda de Pamplona\" \/>\n<meta property=\"article:publisher\" content=\"https:\/\/www.facebook.com\/laguiadepamplonacom-133175176762273\/?ref=hl\" \/>\n<meta property=\"article:published_time\" content=\"2022-04-27T11:22:48+00:00\" \/>\n<meta property=\"article:modified_time\" content=\"2023-04-11T09:48:16+00:00\" \/>\n<meta property=\"og:image\" content=\"https:\/\/www.laguiadepamplona.com\/actualidad\/wp-content\/uploads\/2022\/04\/Captura-expo-vanguardias.webp\" \/>\n\t<meta property=\"og:image:width\" content=\"1304\" \/>\n\t<meta property=\"og:image:height\" content=\"649\" \/>\n\t<meta property=\"og:image:type\" content=\"image\/webp\" \/>\n<meta name=\"author\" content=\"La Gu\u00eda de Pamplona\" \/>\n<meta name=\"twitter:card\" content=\"summary_large_image\" \/>\n<meta name=\"twitter:creator\" content=\"@LaGuiadPamplona\" \/>\n<meta name=\"twitter:site\" content=\"@LaGuiadPamplona\" \/>\n<meta name=\"twitter:label1\" content=\"Escrito por\" \/>\n\t<meta name=\"twitter:data1\" content=\"La Gu\u00eda de Pamplona\" \/>\n\t<meta name=\"twitter:label2\" content=\"Tiempo de lectura\" \/>\n\t<meta name=\"twitter:data2\" content=\"4 minutos\" \/>\n<script type=\"application\/ld+json\" class=\"yoast-schema-graph\">{\"@context\":\"https:\\\/\\\/schema.org\",\"@graph\":[{\"@type\":\"Article\",\"@id\":\"https:\\\/\\\/www.laguiadepamplona.com\\\/actualidad\\\/la-sala-de-armas-recorre-las-vanguardias-del-siglo-xx-a-traves-de-una-muestra-con-obra-grafica-de-picasso-miro-klee-warhol-moore-o-de-chirico-entre-otros-creadores\\\/#article\",\"isPartOf\":{\"@id\":\"https:\\\/\\\/www.laguiadepamplona.com\\\/actualidad\\\/la-sala-de-armas-recorre-las-vanguardias-del-siglo-xx-a-traves-de-una-muestra-con-obra-grafica-de-picasso-miro-klee-warhol-moore-o-de-chirico-entre-otros-creadores\\\/\"},\"author\":{\"name\":\"La Gu\u00eda de Pamplona\",\"@id\":\"https:\\\/\\\/www.laguiadepamplona.com\\\/actualidad\\\/#\\\/schema\\\/person\\\/efe887376f0213d4657c93adc50b1fdb\"},\"headline\":\"La Sala de Armas recorre las vanguardias del siglo XX a trav\u00e9s de una muestra con obra gr\u00e1fica de Picasso, Mir\u00f3, Klee, Warhol, Moore o De Chirico, entre otros creadores\",\"datePublished\":\"2022-04-27T11:22:48+00:00\",\"dateModified\":\"2023-04-11T09:48:16+00:00\",\"mainEntityOfPage\":{\"@id\":\"https:\\\/\\\/www.laguiadepamplona.com\\\/actualidad\\\/la-sala-de-armas-recorre-las-vanguardias-del-siglo-xx-a-traves-de-una-muestra-con-obra-grafica-de-picasso-miro-klee-warhol-moore-o-de-chirico-entre-otros-creadores\\\/\"},\"wordCount\":754,\"commentCount\":0,\"publisher\":{\"@id\":\"https:\\\/\\\/www.laguiadepamplona.com\\\/actualidad\\\/#organization\"},\"image\":{\"@id\":\"https:\\\/\\\/www.laguiadepamplona.com\\\/actualidad\\\/la-sala-de-armas-recorre-las-vanguardias-del-siglo-xx-a-traves-de-una-muestra-con-obra-grafica-de-picasso-miro-klee-warhol-moore-o-de-chirico-entre-otros-creadores\\\/#primaryimage\"},\"thumbnailUrl\":\"https:\\\/\\\/www.laguiadepamplona.com\\\/actualidad\\\/wp-content\\\/uploads\\\/2022\\\/04\\\/Captura-expo-vanguardias.webp\",\"articleSection\":[\"Ayto Pamplona\"],\"inLanguage\":\"es\",\"potentialAction\":[{\"@type\":\"CommentAction\",\"name\":\"Comment\",\"target\":[\"https:\\\/\\\/www.laguiadepamplona.com\\\/actualidad\\\/la-sala-de-armas-recorre-las-vanguardias-del-siglo-xx-a-traves-de-una-muestra-con-obra-grafica-de-picasso-miro-klee-warhol-moore-o-de-chirico-entre-otros-creadores\\\/#respond\"]}]},{\"@type\":\"WebPage\",\"@id\":\"https:\\\/\\\/www.laguiadepamplona.com\\\/actualidad\\\/la-sala-de-armas-recorre-las-vanguardias-del-siglo-xx-a-traves-de-una-muestra-con-obra-grafica-de-picasso-miro-klee-warhol-moore-o-de-chirico-entre-otros-creadores\\\/\",\"url\":\"https:\\\/\\\/www.laguiadepamplona.com\\\/actualidad\\\/la-sala-de-armas-recorre-las-vanguardias-del-siglo-xx-a-traves-de-una-muestra-con-obra-grafica-de-picasso-miro-klee-warhol-moore-o-de-chirico-entre-otros-creadores\\\/\",\"name\":\"La Sala de Armas recorre las vanguardias del siglo XX a trav\u00e9s de una muestra con obra gr\u00e1fica de Picasso, Mir\u00f3, Klee, Warhol, Moore o De Chirico, entre otros creadores\",\"isPartOf\":{\"@id\":\"https:\\\/\\\/www.laguiadepamplona.com\\\/actualidad\\\/#website\"},\"primaryImageOfPage\":{\"@id\":\"https:\\\/\\\/www.laguiadepamplona.com\\\/actualidad\\\/la-sala-de-armas-recorre-las-vanguardias-del-siglo-xx-a-traves-de-una-muestra-con-obra-grafica-de-picasso-miro-klee-warhol-moore-o-de-chirico-entre-otros-creadores\\\/#primaryimage\"},\"image\":{\"@id\":\"https:\\\/\\\/www.laguiadepamplona.com\\\/actualidad\\\/la-sala-de-armas-recorre-las-vanguardias-del-siglo-xx-a-traves-de-una-muestra-con-obra-grafica-de-picasso-miro-klee-warhol-moore-o-de-chirico-entre-otros-creadores\\\/#primaryimage\"},\"thumbnailUrl\":\"https:\\\/\\\/www.laguiadepamplona.com\\\/actualidad\\\/wp-content\\\/uploads\\\/2022\\\/04\\\/Captura-expo-vanguardias.webp\",\"datePublished\":\"2022-04-27T11:22:48+00:00\",\"dateModified\":\"2023-04-11T09:48:16+00:00\",\"description\":\"\u2018Actuales del siglo XX\u2019 se basa en la Colecci\u00f3n Museo Vivanco de Briones (La Rioja), con aportaciones del Legado Pi \u2013 Fernandino del Ayuntamiento de Pamplona\",\"breadcrumb\":{\"@id\":\"https:\\\/\\\/www.laguiadepamplona.com\\\/actualidad\\\/la-sala-de-armas-recorre-las-vanguardias-del-siglo-xx-a-traves-de-una-muestra-con-obra-grafica-de-picasso-miro-klee-warhol-moore-o-de-chirico-entre-otros-creadores\\\/#breadcrumb\"},\"inLanguage\":\"es\",\"potentialAction\":[{\"@type\":\"ReadAction\",\"target\":[\"https:\\\/\\\/www.laguiadepamplona.com\\\/actualidad\\\/la-sala-de-armas-recorre-las-vanguardias-del-siglo-xx-a-traves-de-una-muestra-con-obra-grafica-de-picasso-miro-klee-warhol-moore-o-de-chirico-entre-otros-creadores\\\/\"]}]},{\"@type\":\"ImageObject\",\"inLanguage\":\"es\",\"@id\":\"https:\\\/\\\/www.laguiadepamplona.com\\\/actualidad\\\/la-sala-de-armas-recorre-las-vanguardias-del-siglo-xx-a-traves-de-una-muestra-con-obra-grafica-de-picasso-miro-klee-warhol-moore-o-de-chirico-entre-otros-creadores\\\/#primaryimage\",\"url\":\"https:\\\/\\\/www.laguiadepamplona.com\\\/actualidad\\\/wp-content\\\/uploads\\\/2022\\\/04\\\/Captura-expo-vanguardias.webp\",\"contentUrl\":\"https:\\\/\\\/www.laguiadepamplona.com\\\/actualidad\\\/wp-content\\\/uploads\\\/2022\\\/04\\\/Captura-expo-vanguardias.webp\",\"width\":1304,\"height\":649},{\"@type\":\"BreadcrumbList\",\"@id\":\"https:\\\/\\\/www.laguiadepamplona.com\\\/actualidad\\\/la-sala-de-armas-recorre-las-vanguardias-del-siglo-xx-a-traves-de-una-muestra-con-obra-grafica-de-picasso-miro-klee-warhol-moore-o-de-chirico-entre-otros-creadores\\\/#breadcrumb\",\"itemListElement\":[{\"@type\":\"ListItem\",\"position\":1,\"name\":\"Portada\",\"item\":\"https:\\\/\\\/www.laguiadepamplona.com\\\/actualidad\\\/\"},{\"@type\":\"ListItem\",\"position\":2,\"name\":\"La Sala de Armas recorre las vanguardias del siglo XX a trav\u00e9s de una muestra con obra gr\u00e1fica de Picasso, Mir\u00f3, Klee, Warhol, Moore o De Chirico, entre otros creadores\"}]},{\"@type\":\"WebSite\",\"@id\":\"https:\\\/\\\/www.laguiadepamplona.com\\\/actualidad\\\/#website\",\"url\":\"https:\\\/\\\/www.laguiadepamplona.com\\\/actualidad\\\/\",\"name\":\"La gu\u00eda de Pamplona\",\"description\":\"Noticias de Pamplona\",\"publisher\":{\"@id\":\"https:\\\/\\\/www.laguiadepamplona.com\\\/actualidad\\\/#organization\"},\"potentialAction\":[{\"@type\":\"SearchAction\",\"target\":{\"@type\":\"EntryPoint\",\"urlTemplate\":\"https:\\\/\\\/www.laguiadepamplona.com\\\/actualidad\\\/?s={search_term_string}\"},\"query-input\":{\"@type\":\"PropertyValueSpecification\",\"valueRequired\":true,\"valueName\":\"search_term_string\"}}],\"inLanguage\":\"es\"},{\"@type\":\"Organization\",\"@id\":\"https:\\\/\\\/www.laguiadepamplona.com\\\/actualidad\\\/#organization\",\"name\":\"La Gu\u00eda de Pamplona \\\/ Noticias\",\"url\":\"https:\\\/\\\/www.laguiadepamplona.com\\\/actualidad\\\/\",\"logo\":{\"@type\":\"ImageObject\",\"inLanguage\":\"es\",\"@id\":\"https:\\\/\\\/www.laguiadepamplona.com\\\/actualidad\\\/#\\\/schema\\\/logo\\\/image\\\/\",\"url\":\"https:\\\/\\\/www.laguiadepamplona.com\\\/actualidad\\\/wp-content\\\/uploads\\\/2018\\\/11\\\/logo-laguiadepamplona18-web1.png\",\"contentUrl\":\"https:\\\/\\\/www.laguiadepamplona.com\\\/actualidad\\\/wp-content\\\/uploads\\\/2018\\\/11\\\/logo-laguiadepamplona18-web1.png\",\"width\":600,\"height\":196,\"caption\":\"La Gu\u00eda de Pamplona \\\/ Noticias\"},\"image\":{\"@id\":\"https:\\\/\\\/www.laguiadepamplona.com\\\/actualidad\\\/#\\\/schema\\\/logo\\\/image\\\/\"},\"sameAs\":[\"https:\\\/\\\/www.facebook.com\\\/laguiadepamplonacom-133175176762273\\\/?ref=hl\",\"https:\\\/\\\/x.com\\\/LaGuiadPamplona\",\"https:\\\/\\\/www.instagram.com\\\/la_guia_de_pamplona\\\/\",\"https:\\\/\\\/www.youtube.com\\\/user\\\/laguiadepamplona\"]},{\"@type\":\"Person\",\"@id\":\"https:\\\/\\\/www.laguiadepamplona.com\\\/actualidad\\\/#\\\/schema\\\/person\\\/efe887376f0213d4657c93adc50b1fdb\",\"name\":\"La Gu\u00eda de Pamplona\",\"image\":{\"@type\":\"ImageObject\",\"inLanguage\":\"es\",\"@id\":\"https:\\\/\\\/secure.gravatar.com\\\/avatar\\\/b6992f131dc8d30ab0dff15446e9d346d9dbd95992de0fef795073f5ea83a81c?s=96&d=mm&r=g\",\"url\":\"https:\\\/\\\/secure.gravatar.com\\\/avatar\\\/b6992f131dc8d30ab0dff15446e9d346d9dbd95992de0fef795073f5ea83a81c?s=96&d=mm&r=g\",\"contentUrl\":\"https:\\\/\\\/secure.gravatar.com\\\/avatar\\\/b6992f131dc8d30ab0dff15446e9d346d9dbd95992de0fef795073f5ea83a81c?s=96&d=mm&r=g\",\"caption\":\"La Gu\u00eda de Pamplona\"}}]}<\/script>\n<!-- \/ Yoast SEO plugin. -->","yoast_head_json":{"title":"La Sala de Armas recorre las vanguardias del siglo XX a trav\u00e9s de una muestra con obra gr\u00e1fica de Picasso, Mir\u00f3, Klee, Warhol, Moore o De Chirico, entre otros creadores","description":"\u2018Actuales del siglo XX\u2019 se basa en la Colecci\u00f3n Museo Vivanco de Briones (La Rioja), con aportaciones del Legado Pi \u2013 Fernandino del Ayuntamiento de Pamplona","robots":{"index":"index","follow":"follow","max-snippet":"max-snippet:-1","max-image-preview":"max-image-preview:large","max-video-preview":"max-video-preview:-1"},"canonical":"https:\/\/www.laguiadepamplona.com\/actualidad\/la-sala-de-armas-recorre-las-vanguardias-del-siglo-xx-a-traves-de-una-muestra-con-obra-grafica-de-picasso-miro-klee-warhol-moore-o-de-chirico-entre-otros-creadores\/","og_locale":"es_ES","og_type":"article","og_title":"La Sala de Armas recorre las vanguardias del siglo XX a trav\u00e9s de una muestra con obra gr\u00e1fica de Picasso, Mir\u00f3, Klee, Warhol, Moore o De Chirico, entre otros creadores","og_description":"\u2018Actuales del siglo XX\u2019 se basa en la Colecci\u00f3n Museo Vivanco de Briones (La Rioja), con aportaciones del Legado Pi \u2013 Fernandino del Ayuntamiento de Pamplona","og_url":"https:\/\/www.laguiadepamplona.com\/actualidad\/la-sala-de-armas-recorre-las-vanguardias-del-siglo-xx-a-traves-de-una-muestra-con-obra-grafica-de-picasso-miro-klee-warhol-moore-o-de-chirico-entre-otros-creadores\/","og_site_name":"La Gu\u00eda de Pamplona","article_publisher":"https:\/\/www.facebook.com\/laguiadepamplonacom-133175176762273\/?ref=hl","article_published_time":"2022-04-27T11:22:48+00:00","article_modified_time":"2023-04-11T09:48:16+00:00","og_image":[{"width":1304,"height":649,"url":"https:\/\/www.laguiadepamplona.com\/actualidad\/wp-content\/uploads\/2022\/04\/Captura-expo-vanguardias.webp","type":"image\/webp"}],"author":"La Gu\u00eda de Pamplona","twitter_card":"summary_large_image","twitter_creator":"@LaGuiadPamplona","twitter_site":"@LaGuiadPamplona","twitter_misc":{"Escrito por":"La Gu\u00eda de Pamplona","Tiempo de lectura":"4 minutos"},"schema":{"@context":"https:\/\/schema.org","@graph":[{"@type":"Article","@id":"https:\/\/www.laguiadepamplona.com\/actualidad\/la-sala-de-armas-recorre-las-vanguardias-del-siglo-xx-a-traves-de-una-muestra-con-obra-grafica-de-picasso-miro-klee-warhol-moore-o-de-chirico-entre-otros-creadores\/#article","isPartOf":{"@id":"https:\/\/www.laguiadepamplona.com\/actualidad\/la-sala-de-armas-recorre-las-vanguardias-del-siglo-xx-a-traves-de-una-muestra-con-obra-grafica-de-picasso-miro-klee-warhol-moore-o-de-chirico-entre-otros-creadores\/"},"author":{"name":"La Gu\u00eda de Pamplona","@id":"https:\/\/www.laguiadepamplona.com\/actualidad\/#\/schema\/person\/efe887376f0213d4657c93adc50b1fdb"},"headline":"La Sala de Armas recorre las vanguardias del siglo XX a trav\u00e9s de una muestra con obra gr\u00e1fica de Picasso, Mir\u00f3, Klee, Warhol, Moore o De Chirico, entre otros creadores","datePublished":"2022-04-27T11:22:48+00:00","dateModified":"2023-04-11T09:48:16+00:00","mainEntityOfPage":{"@id":"https:\/\/www.laguiadepamplona.com\/actualidad\/la-sala-de-armas-recorre-las-vanguardias-del-siglo-xx-a-traves-de-una-muestra-con-obra-grafica-de-picasso-miro-klee-warhol-moore-o-de-chirico-entre-otros-creadores\/"},"wordCount":754,"commentCount":0,"publisher":{"@id":"https:\/\/www.laguiadepamplona.com\/actualidad\/#organization"},"image":{"@id":"https:\/\/www.laguiadepamplona.com\/actualidad\/la-sala-de-armas-recorre-las-vanguardias-del-siglo-xx-a-traves-de-una-muestra-con-obra-grafica-de-picasso-miro-klee-warhol-moore-o-de-chirico-entre-otros-creadores\/#primaryimage"},"thumbnailUrl":"https:\/\/www.laguiadepamplona.com\/actualidad\/wp-content\/uploads\/2022\/04\/Captura-expo-vanguardias.webp","articleSection":["Ayto Pamplona"],"inLanguage":"es","potentialAction":[{"@type":"CommentAction","name":"Comment","target":["https:\/\/www.laguiadepamplona.com\/actualidad\/la-sala-de-armas-recorre-las-vanguardias-del-siglo-xx-a-traves-de-una-muestra-con-obra-grafica-de-picasso-miro-klee-warhol-moore-o-de-chirico-entre-otros-creadores\/#respond"]}]},{"@type":"WebPage","@id":"https:\/\/www.laguiadepamplona.com\/actualidad\/la-sala-de-armas-recorre-las-vanguardias-del-siglo-xx-a-traves-de-una-muestra-con-obra-grafica-de-picasso-miro-klee-warhol-moore-o-de-chirico-entre-otros-creadores\/","url":"https:\/\/www.laguiadepamplona.com\/actualidad\/la-sala-de-armas-recorre-las-vanguardias-del-siglo-xx-a-traves-de-una-muestra-con-obra-grafica-de-picasso-miro-klee-warhol-moore-o-de-chirico-entre-otros-creadores\/","name":"La Sala de Armas recorre las vanguardias del siglo XX a trav\u00e9s de una muestra con obra gr\u00e1fica de Picasso, Mir\u00f3, Klee, Warhol, Moore o De Chirico, entre otros creadores","isPartOf":{"@id":"https:\/\/www.laguiadepamplona.com\/actualidad\/#website"},"primaryImageOfPage":{"@id":"https:\/\/www.laguiadepamplona.com\/actualidad\/la-sala-de-armas-recorre-las-vanguardias-del-siglo-xx-a-traves-de-una-muestra-con-obra-grafica-de-picasso-miro-klee-warhol-moore-o-de-chirico-entre-otros-creadores\/#primaryimage"},"image":{"@id":"https:\/\/www.laguiadepamplona.com\/actualidad\/la-sala-de-armas-recorre-las-vanguardias-del-siglo-xx-a-traves-de-una-muestra-con-obra-grafica-de-picasso-miro-klee-warhol-moore-o-de-chirico-entre-otros-creadores\/#primaryimage"},"thumbnailUrl":"https:\/\/www.laguiadepamplona.com\/actualidad\/wp-content\/uploads\/2022\/04\/Captura-expo-vanguardias.webp","datePublished":"2022-04-27T11:22:48+00:00","dateModified":"2023-04-11T09:48:16+00:00","description":"\u2018Actuales del siglo XX\u2019 se basa en la Colecci\u00f3n Museo Vivanco de Briones (La Rioja), con aportaciones del Legado Pi \u2013 Fernandino del Ayuntamiento de Pamplona","breadcrumb":{"@id":"https:\/\/www.laguiadepamplona.com\/actualidad\/la-sala-de-armas-recorre-las-vanguardias-del-siglo-xx-a-traves-de-una-muestra-con-obra-grafica-de-picasso-miro-klee-warhol-moore-o-de-chirico-entre-otros-creadores\/#breadcrumb"},"inLanguage":"es","potentialAction":[{"@type":"ReadAction","target":["https:\/\/www.laguiadepamplona.com\/actualidad\/la-sala-de-armas-recorre-las-vanguardias-del-siglo-xx-a-traves-de-una-muestra-con-obra-grafica-de-picasso-miro-klee-warhol-moore-o-de-chirico-entre-otros-creadores\/"]}]},{"@type":"ImageObject","inLanguage":"es","@id":"https:\/\/www.laguiadepamplona.com\/actualidad\/la-sala-de-armas-recorre-las-vanguardias-del-siglo-xx-a-traves-de-una-muestra-con-obra-grafica-de-picasso-miro-klee-warhol-moore-o-de-chirico-entre-otros-creadores\/#primaryimage","url":"https:\/\/www.laguiadepamplona.com\/actualidad\/wp-content\/uploads\/2022\/04\/Captura-expo-vanguardias.webp","contentUrl":"https:\/\/www.laguiadepamplona.com\/actualidad\/wp-content\/uploads\/2022\/04\/Captura-expo-vanguardias.webp","width":1304,"height":649},{"@type":"BreadcrumbList","@id":"https:\/\/www.laguiadepamplona.com\/actualidad\/la-sala-de-armas-recorre-las-vanguardias-del-siglo-xx-a-traves-de-una-muestra-con-obra-grafica-de-picasso-miro-klee-warhol-moore-o-de-chirico-entre-otros-creadores\/#breadcrumb","itemListElement":[{"@type":"ListItem","position":1,"name":"Portada","item":"https:\/\/www.laguiadepamplona.com\/actualidad\/"},{"@type":"ListItem","position":2,"name":"La Sala de Armas recorre las vanguardias del siglo XX a trav\u00e9s de una muestra con obra gr\u00e1fica de Picasso, Mir\u00f3, Klee, Warhol, Moore o De Chirico, entre otros creadores"}]},{"@type":"WebSite","@id":"https:\/\/www.laguiadepamplona.com\/actualidad\/#website","url":"https:\/\/www.laguiadepamplona.com\/actualidad\/","name":"La gu\u00eda de Pamplona","description":"Noticias de Pamplona","publisher":{"@id":"https:\/\/www.laguiadepamplona.com\/actualidad\/#organization"},"potentialAction":[{"@type":"SearchAction","target":{"@type":"EntryPoint","urlTemplate":"https:\/\/www.laguiadepamplona.com\/actualidad\/?s={search_term_string}"},"query-input":{"@type":"PropertyValueSpecification","valueRequired":true,"valueName":"search_term_string"}}],"inLanguage":"es"},{"@type":"Organization","@id":"https:\/\/www.laguiadepamplona.com\/actualidad\/#organization","name":"La Gu\u00eda de Pamplona \/ Noticias","url":"https:\/\/www.laguiadepamplona.com\/actualidad\/","logo":{"@type":"ImageObject","inLanguage":"es","@id":"https:\/\/www.laguiadepamplona.com\/actualidad\/#\/schema\/logo\/image\/","url":"https:\/\/www.laguiadepamplona.com\/actualidad\/wp-content\/uploads\/2018\/11\/logo-laguiadepamplona18-web1.png","contentUrl":"https:\/\/www.laguiadepamplona.com\/actualidad\/wp-content\/uploads\/2018\/11\/logo-laguiadepamplona18-web1.png","width":600,"height":196,"caption":"La Gu\u00eda de Pamplona \/ Noticias"},"image":{"@id":"https:\/\/www.laguiadepamplona.com\/actualidad\/#\/schema\/logo\/image\/"},"sameAs":["https:\/\/www.facebook.com\/laguiadepamplonacom-133175176762273\/?ref=hl","https:\/\/x.com\/LaGuiadPamplona","https:\/\/www.instagram.com\/la_guia_de_pamplona\/","https:\/\/www.youtube.com\/user\/laguiadepamplona"]},{"@type":"Person","@id":"https:\/\/www.laguiadepamplona.com\/actualidad\/#\/schema\/person\/efe887376f0213d4657c93adc50b1fdb","name":"La Gu\u00eda de Pamplona","image":{"@type":"ImageObject","inLanguage":"es","@id":"https:\/\/secure.gravatar.com\/avatar\/b6992f131dc8d30ab0dff15446e9d346d9dbd95992de0fef795073f5ea83a81c?s=96&d=mm&r=g","url":"https:\/\/secure.gravatar.com\/avatar\/b6992f131dc8d30ab0dff15446e9d346d9dbd95992de0fef795073f5ea83a81c?s=96&d=mm&r=g","contentUrl":"https:\/\/secure.gravatar.com\/avatar\/b6992f131dc8d30ab0dff15446e9d346d9dbd95992de0fef795073f5ea83a81c?s=96&d=mm&r=g","caption":"La Gu\u00eda de Pamplona"}}]}},"post_mailing_queue_ids":[],"_links":{"self":[{"href":"https:\/\/www.laguiadepamplona.com\/actualidad\/wp-json\/wp\/v2\/posts\/40090","targetHints":{"allow":["GET"]}}],"collection":[{"href":"https:\/\/www.laguiadepamplona.com\/actualidad\/wp-json\/wp\/v2\/posts"}],"about":[{"href":"https:\/\/www.laguiadepamplona.com\/actualidad\/wp-json\/wp\/v2\/types\/post"}],"author":[{"embeddable":true,"href":"https:\/\/www.laguiadepamplona.com\/actualidad\/wp-json\/wp\/v2\/users\/1"}],"replies":[{"embeddable":true,"href":"https:\/\/www.laguiadepamplona.com\/actualidad\/wp-json\/wp\/v2\/comments?post=40090"}],"version-history":[{"count":0,"href":"https:\/\/www.laguiadepamplona.com\/actualidad\/wp-json\/wp\/v2\/posts\/40090\/revisions"}],"wp:featuredmedia":[{"embeddable":true,"href":"https:\/\/www.laguiadepamplona.com\/actualidad\/wp-json\/wp\/v2\/media\/40091"}],"wp:attachment":[{"href":"https:\/\/www.laguiadepamplona.com\/actualidad\/wp-json\/wp\/v2\/media?parent=40090"}],"wp:term":[{"taxonomy":"category","embeddable":true,"href":"https:\/\/www.laguiadepamplona.com\/actualidad\/wp-json\/wp\/v2\/categories?post=40090"},{"taxonomy":"post_tag","embeddable":true,"href":"https:\/\/www.laguiadepamplona.com\/actualidad\/wp-json\/wp\/v2\/tags?post=40090"}],"curies":[{"name":"wp","href":"https:\/\/api.w.org\/{rel}","templated":true}]}}