{"id":40084,"date":"2022-04-27T13:13:02","date_gmt":"2022-04-27T11:13:02","guid":{"rendered":"https:\/\/www.laguiadepamplona.com\/actualidad\/?p=40084"},"modified":"2023-04-11T11:48:16","modified_gmt":"2023-04-11T09:48:16","slug":"sequoyas-cedros-robles-olmos-o-tilos-sombrearan-la-ii-fase-de-aranzadi-que-estara-acabada-a-comienzos-del-proximo-ano","status":"publish","type":"post","link":"https:\/\/www.laguiadepamplona.com\/actualidad\/sequoyas-cedros-robles-olmos-o-tilos-sombrearan-la-ii-fase-de-aranzadi-que-estara-acabada-a-comienzos-del-proximo-ano\/","title":{"rendered":"Sequoyas, cedros, robles, olmos o tilos sombrear\u00e1n la II Fase de Aranzadi que estar\u00e1 acabada a comienzos del pr\u00f3ximo a\u00f1o"},"content":{"rendered":"<h5>Obenasa se encargar\u00e1 de toda la segunda fase del parque, tras adjudic\u00e1rsele el II Lote de jardiner\u00eda y el riego<\/h5>\n<p><!--more--><\/p>\n<p>Hoy la Gerencia de Urbanismo adjudicar\u00e1 la jardiner\u00eda y el riego de la segunda fase del parque de Aranzadi a la empresa Obras Especiales Edificaci\u00f3n e Infraestructuras (Obenasa), por un importe de 403.245 euros. Las obras previstas para este segundo lote de la Fase II del parque incluyen el extendido de tierra vegetal e instalaci\u00f3n de riego en todas las zonas no pavimentadas de la segunda fase, la plantaci\u00f3n de las especies vegetales previstas (arbolado, arbustos, tapizantes etc.) y las siembras que deban hacerse, seg\u00fan lo recogido en el proyecto.<br \/>\n<script async src=\"\/\/pagead2.googlesyndication.com\/pagead\/js\/adsbygoogle.js\"><\/script><br \/>\n<!-- Noticias La Guia de Pamplona --><br \/>\n<ins class=\"adsbygoogle\"\nstyle=\"display:block\"\ndata-ad-client=\"ca-pub-6943679897239327\"\ndata-ad-slot=\"7048180777\"\ndata-ad-format=\"auto\"><\/ins><br \/>\n<script>\n(adsbygoogle = window.adsbygoogle || []).push({});\n<\/script><br \/>\nCon esta adjudicaci\u00f3n concluye un procedimiento que, en su primera licitaci\u00f3n qued\u00f3 desierto. La empresa ha reservado un 6% de la ejecuci\u00f3n para que sea abordada por trabajadores de centro de Inserci\u00f3n Laboral o Centros Especiales de Empleo y, dentro del equipo t\u00e9cnico, designar\u00e1 un t\u00e9cnico adicional de las titulaciones especializadas en tratamiento del medio natural con experiencia en restauraci\u00f3n de espacios forestales y gesti\u00f3n ambiental. La intervenci\u00f3n se ejecutar\u00e1 en 9 meses desde el acta de replanteo con el mes de noviembre de 2022 como horizonte. Esta misma empresa, adjudicataria del Lote I, ejecutar\u00e1 al resto de trabajos de la 2\u00ba fase del parque: caminos de entrada, conexiones Este-Oeste, y bosque de crecida, incluyendo la obra civil correspondiente al riego, como es la instalaci\u00f3n de arquetas.<\/p>\n<p>Las obras se ubican en el meandro de Aranzadi, zona limitada por el norte con el bosque de crecida del R\u00edo Arga, por el sur con la calle Vergel. En la zona interior predominan zonas verdes de esparcimiento y huertas agr\u00edcolas; mientras que en la zona m\u00e1s pr\u00f3xima a calle Vergel se ubica la Residencia el Vergel, el Colegio Redin y las piscinas de Aranzadi, una zona que ha sufrido recientemente crecidas importantes del rio. Esta segunda fase operar\u00e1 sobre 17.000 m<sup>2<\/sup> del meandro y se har\u00e1 de acuerdo a lo dise\u00f1ado para este espacio de la ciudad por el equipo de t\u00e9cnicos A221 Arquitectura e Ingenier\u00eda, actualizando los resultados de un concurso internacional de ideas para la redacci\u00f3n del proyecto que se celebr\u00f3 2008.<br \/>\n<script async src=\"\/\/pagead2.googlesyndication.com\/pagead\/js\/adsbygoogle.js\"><\/script><br \/>\n<!-- Noticias La Guia de Pamplona --><br \/>\n<ins class=\"adsbygoogle\"\nstyle=\"display:block\"\ndata-ad-client=\"ca-pub-6943679897239327\"\ndata-ad-slot=\"7048180777\"\ndata-ad-format=\"auto\"><\/ins><br \/>\n<script>\n(adsbygoogle = window.adsbygoogle || []).push({});\n<\/script><br \/>\n<strong>Ejemplares certificados para las zonas verdes<\/strong><\/p>\n<p>Lo previsto es plantar especies variadas: cedros, robles, tilos, olmos, zelvokas, fresnos, adem\u00e1s de liquidambar y sequoyas. En el proyecto se plantea una red de riego que acoge tanto el riego por goteo superficial (con aro para cada \u00e1rbol), como riego por borboteo, dise\u00f1ado para la zona de aparcamientos junto a las piscinas de Aranzadi. El presupuesto de ejecuci\u00f3n incluye una partida dedicada al mantenimiento de la jardiner\u00eda y el riego hasta la recepci\u00f3n de las obras para lograr un desarrollo adecuado de las plantaciones y conseguir un estado sanitario satisfactorio y proporcionar una mayor belleza de las plantaciones y en su entorno. La parte verde culminar\u00e1 con la plantaci\u00f3n de c\u00e9sped.<\/p>\n<p>En estas obras no se prev\u00e9 interacci\u00f3n con las edificaciones existentes a excepci\u00f3n de las producidas por el tr\u00e1fico y generaci\u00f3n de polvo. Por proximidad en la zona se ubican el Complejo Deportivo Aranzadi, la Residencia de Ancianos El Vergel, el Colegio El Redin y otras peque\u00f1as edificaciones a lo largo de la calle Vuelta de Aranzadi, Huertas, Casa Gurbindo y centros de formaci\u00f3n trabajo como Elkarkide.<\/p>\n<p>Respecto del tr\u00e1fico, la poca circulaci\u00f3n se ha visto incrementada por la extensi\u00f3n de la zona azul en los barrios lim\u00edtrofes, que mediante la actuaci\u00f3n se prev\u00e9 regular y controlar. Durante las obras se est\u00e1 manteniendo \u00fanicamente la circulaci\u00f3n necesaria para los usuarios del parque, reforzando la presencia policial en la zona para evitar los aparcamientos en zonas no autorizadas. Y una vez terminada esta fase de obras se controlar\u00e1 y restringir\u00e1 el acceso el acceso a veh\u00edculos al parque.<br \/>\n<script async src=\"\/\/pagead2.googlesyndication.com\/pagead\/js\/adsbygoogle.js\"><\/script><br \/>\n<!-- Noticias La Guia de Pamplona --><br \/>\n<ins class=\"adsbygoogle\"\nstyle=\"display:block\"\ndata-ad-client=\"ca-pub-6943679897239327\"\ndata-ad-slot=\"7048180777\"\ndata-ad-format=\"auto\"><\/ins><br \/>\n<script>\n(adsbygoogle = window.adsbygoogle || []).push({});\n<\/script><br \/>\n<strong>15 a\u00f1os de trabajo para un parque emblem\u00e1tico<\/strong><\/p>\n<p>Tras el concurso de ideas de 2008, la primera fase del parque de Aranzadi se termin\u00f3 en el a\u00f1o 2013 y consisti\u00f3 fundamentalmente en el derribo de edificaciones fuera de ordenaci\u00f3n y en trabajos sobre el semic\u00edrculo m\u00e1s cercano al r\u00edo (orla de huertas, orla de ribera, bosque de crecida) y los viales-caminos internos. El Lote I de la Segunda Fase, en ejecuci\u00f3n desde el pasado mes de noviembre tambi\u00e9n por Obenasa, incluye la conexi\u00f3n este oeste del parque (entre la pasarela de Alemanes y la pasarela de San Pedro); la creaci\u00f3n de una zona central de estancia y encuentro en torno al h\u00f3rreo, un punto en el que se cruzan los dos ejes vertebradores del parque, y la amabilizaci\u00f3n de los dos accesos al parque desde la calle Vergel. Asimismo, se pavimentar\u00e1 y dotar\u00e1 de iluminaci\u00f3n el camino que bordea el bosque de crecida.<\/p>\n<p>Con la ejecuci\u00f3n del LoteII de la Segunda Fase se encara ya la finalizaci\u00f3n de esta obra emblem\u00e1tica para la ciudad, especialmente para la comunicaci\u00f3n de los barrios y el disfrute de los vecindarios del Norte de la ciudad. El parque, una vez completadas sus dos fases, previsiblemente a principios del pr\u00f3ximo a\u00f1o, sumar\u00e1 una superficie total de 150.000 m<sup>2<\/sup> con zonas de estancia, huertas y paseos naturales, y servir\u00e1 de conexi\u00f3n entre barrios. Adem\u00e1s, su dise\u00f1o tiene en cuenta un triple concepto en el plano t\u00e9cnico: el impulso a la sostenibilidad y la educaci\u00f3n ambiental, la puesta en valor de usos tradicionales de ese espacio, y el fomento de la econom\u00eda circular como modelo productivo que minimice el uso de recursos naturales y energ\u00eda.<\/p>\n","protected":false},"excerpt":{"rendered":"<p>Obenasa se encargar\u00e1 de toda la segunda fase del parque, tras adjudic\u00e1rsele el II Lote de jardiner\u00eda y el riego<\/p>\n","protected":false},"author":1,"featured_media":40085,"comment_status":"open","ping_status":"closed","sticky":false,"template":"","format":"standard","meta":{"footnotes":""},"categories":[2],"tags":[],"class_list":["post-40084","post","type-post","status-publish","format-standard","has-post-thumbnail","hentry","category-ayuntamiento-pamplona"],"yoast_head":"<!-- This site is optimized with the Yoast SEO plugin v27.3 - https:\/\/yoast.com\/product\/yoast-seo-wordpress\/ -->\n<title>Sequoyas, cedros, robles, olmos o tilos sombrear\u00e1n la II Fase de Aranzadi que estar\u00e1 acabada a comienzos del pr\u00f3ximo a\u00f1o<\/title>\n<meta name=\"description\" content=\"Obenasa se encargar\u00e1 de toda la segunda fase del parque, tras adjudic\u00e1rsele el II Lote de jardiner\u00eda y el riego\" \/>\n<meta name=\"robots\" content=\"index, follow, max-snippet:-1, max-image-preview:large, max-video-preview:-1\" \/>\n<link rel=\"canonical\" href=\"https:\/\/www.laguiadepamplona.com\/actualidad\/sequoyas-cedros-robles-olmos-o-tilos-sombrearan-la-ii-fase-de-aranzadi-que-estara-acabada-a-comienzos-del-proximo-ano\/\" \/>\n<meta property=\"og:locale\" content=\"es_ES\" \/>\n<meta property=\"og:type\" content=\"article\" \/>\n<meta property=\"og:title\" content=\"Sequoyas, cedros, robles, olmos o tilos sombrear\u00e1n la II Fase de Aranzadi que estar\u00e1 acabada a comienzos del pr\u00f3ximo a\u00f1o\" \/>\n<meta property=\"og:description\" content=\"Obenasa se encargar\u00e1 de toda la segunda fase del parque, tras adjudic\u00e1rsele el II Lote de jardiner\u00eda y el riego\" \/>\n<meta property=\"og:url\" content=\"https:\/\/www.laguiadepamplona.com\/actualidad\/sequoyas-cedros-robles-olmos-o-tilos-sombrearan-la-ii-fase-de-aranzadi-que-estara-acabada-a-comienzos-del-proximo-ano\/\" \/>\n<meta property=\"og:site_name\" content=\"La Gu\u00eda de Pamplona\" \/>\n<meta property=\"article:publisher\" content=\"https:\/\/www.facebook.com\/laguiadepamplonacom-133175176762273\/?ref=hl\" \/>\n<meta property=\"article:published_time\" content=\"2022-04-27T11:13:02+00:00\" \/>\n<meta property=\"article:modified_time\" content=\"2023-04-11T09:48:16+00:00\" \/>\n<meta property=\"og:image\" content=\"https:\/\/www.laguiadepamplona.com\/actualidad\/wp-content\/uploads\/2022\/04\/aranzadi.jpg\" \/>\n\t<meta property=\"og:image:width\" content=\"1869\" \/>\n\t<meta property=\"og:image:height\" content=\"885\" \/>\n\t<meta property=\"og:image:type\" content=\"image\/jpeg\" \/>\n<meta name=\"author\" content=\"La Gu\u00eda de Pamplona\" \/>\n<meta name=\"twitter:card\" content=\"summary_large_image\" \/>\n<meta name=\"twitter:creator\" content=\"@LaGuiadPamplona\" \/>\n<meta name=\"twitter:site\" content=\"@LaGuiadPamplona\" \/>\n<meta name=\"twitter:label1\" content=\"Escrito por\" \/>\n\t<meta name=\"twitter:data1\" content=\"La Gu\u00eda de Pamplona\" \/>\n\t<meta name=\"twitter:label2\" content=\"Tiempo de lectura\" \/>\n\t<meta name=\"twitter:data2\" content=\"5 minutos\" \/>\n<script type=\"application\/ld+json\" class=\"yoast-schema-graph\">{\"@context\":\"https:\\\/\\\/schema.org\",\"@graph\":[{\"@type\":\"Article\",\"@id\":\"https:\\\/\\\/www.laguiadepamplona.com\\\/actualidad\\\/sequoyas-cedros-robles-olmos-o-tilos-sombrearan-la-ii-fase-de-aranzadi-que-estara-acabada-a-comienzos-del-proximo-ano\\\/#article\",\"isPartOf\":{\"@id\":\"https:\\\/\\\/www.laguiadepamplona.com\\\/actualidad\\\/sequoyas-cedros-robles-olmos-o-tilos-sombrearan-la-ii-fase-de-aranzadi-que-estara-acabada-a-comienzos-del-proximo-ano\\\/\"},\"author\":{\"name\":\"La Gu\u00eda de Pamplona\",\"@id\":\"https:\\\/\\\/www.laguiadepamplona.com\\\/actualidad\\\/#\\\/schema\\\/person\\\/efe887376f0213d4657c93adc50b1fdb\"},\"headline\":\"Sequoyas, cedros, robles, olmos o tilos sombrear\u00e1n la II Fase de Aranzadi que estar\u00e1 acabada a comienzos del pr\u00f3ximo a\u00f1o\",\"datePublished\":\"2022-04-27T11:13:02+00:00\",\"dateModified\":\"2023-04-11T09:48:16+00:00\",\"mainEntityOfPage\":{\"@id\":\"https:\\\/\\\/www.laguiadepamplona.com\\\/actualidad\\\/sequoyas-cedros-robles-olmos-o-tilos-sombrearan-la-ii-fase-de-aranzadi-que-estara-acabada-a-comienzos-del-proximo-ano\\\/\"},\"wordCount\":989,\"commentCount\":0,\"publisher\":{\"@id\":\"https:\\\/\\\/www.laguiadepamplona.com\\\/actualidad\\\/#organization\"},\"image\":{\"@id\":\"https:\\\/\\\/www.laguiadepamplona.com\\\/actualidad\\\/sequoyas-cedros-robles-olmos-o-tilos-sombrearan-la-ii-fase-de-aranzadi-que-estara-acabada-a-comienzos-del-proximo-ano\\\/#primaryimage\"},\"thumbnailUrl\":\"https:\\\/\\\/www.laguiadepamplona.com\\\/actualidad\\\/wp-content\\\/uploads\\\/2022\\\/04\\\/aranzadi.jpg\",\"articleSection\":[\"Ayto Pamplona\"],\"inLanguage\":\"es\",\"potentialAction\":[{\"@type\":\"CommentAction\",\"name\":\"Comment\",\"target\":[\"https:\\\/\\\/www.laguiadepamplona.com\\\/actualidad\\\/sequoyas-cedros-robles-olmos-o-tilos-sombrearan-la-ii-fase-de-aranzadi-que-estara-acabada-a-comienzos-del-proximo-ano\\\/#respond\"]}]},{\"@type\":\"WebPage\",\"@id\":\"https:\\\/\\\/www.laguiadepamplona.com\\\/actualidad\\\/sequoyas-cedros-robles-olmos-o-tilos-sombrearan-la-ii-fase-de-aranzadi-que-estara-acabada-a-comienzos-del-proximo-ano\\\/\",\"url\":\"https:\\\/\\\/www.laguiadepamplona.com\\\/actualidad\\\/sequoyas-cedros-robles-olmos-o-tilos-sombrearan-la-ii-fase-de-aranzadi-que-estara-acabada-a-comienzos-del-proximo-ano\\\/\",\"name\":\"Sequoyas, cedros, robles, olmos o tilos sombrear\u00e1n la II Fase de Aranzadi que estar\u00e1 acabada a comienzos del pr\u00f3ximo a\u00f1o\",\"isPartOf\":{\"@id\":\"https:\\\/\\\/www.laguiadepamplona.com\\\/actualidad\\\/#website\"},\"primaryImageOfPage\":{\"@id\":\"https:\\\/\\\/www.laguiadepamplona.com\\\/actualidad\\\/sequoyas-cedros-robles-olmos-o-tilos-sombrearan-la-ii-fase-de-aranzadi-que-estara-acabada-a-comienzos-del-proximo-ano\\\/#primaryimage\"},\"image\":{\"@id\":\"https:\\\/\\\/www.laguiadepamplona.com\\\/actualidad\\\/sequoyas-cedros-robles-olmos-o-tilos-sombrearan-la-ii-fase-de-aranzadi-que-estara-acabada-a-comienzos-del-proximo-ano\\\/#primaryimage\"},\"thumbnailUrl\":\"https:\\\/\\\/www.laguiadepamplona.com\\\/actualidad\\\/wp-content\\\/uploads\\\/2022\\\/04\\\/aranzadi.jpg\",\"datePublished\":\"2022-04-27T11:13:02+00:00\",\"dateModified\":\"2023-04-11T09:48:16+00:00\",\"description\":\"Obenasa se encargar\u00e1 de toda la segunda fase del parque, tras adjudic\u00e1rsele el II Lote de jardiner\u00eda y el riego\",\"breadcrumb\":{\"@id\":\"https:\\\/\\\/www.laguiadepamplona.com\\\/actualidad\\\/sequoyas-cedros-robles-olmos-o-tilos-sombrearan-la-ii-fase-de-aranzadi-que-estara-acabada-a-comienzos-del-proximo-ano\\\/#breadcrumb\"},\"inLanguage\":\"es\",\"potentialAction\":[{\"@type\":\"ReadAction\",\"target\":[\"https:\\\/\\\/www.laguiadepamplona.com\\\/actualidad\\\/sequoyas-cedros-robles-olmos-o-tilos-sombrearan-la-ii-fase-de-aranzadi-que-estara-acabada-a-comienzos-del-proximo-ano\\\/\"]}]},{\"@type\":\"ImageObject\",\"inLanguage\":\"es\",\"@id\":\"https:\\\/\\\/www.laguiadepamplona.com\\\/actualidad\\\/sequoyas-cedros-robles-olmos-o-tilos-sombrearan-la-ii-fase-de-aranzadi-que-estara-acabada-a-comienzos-del-proximo-ano\\\/#primaryimage\",\"url\":\"https:\\\/\\\/www.laguiadepamplona.com\\\/actualidad\\\/wp-content\\\/uploads\\\/2022\\\/04\\\/aranzadi.jpg\",\"contentUrl\":\"https:\\\/\\\/www.laguiadepamplona.com\\\/actualidad\\\/wp-content\\\/uploads\\\/2022\\\/04\\\/aranzadi.jpg\",\"width\":1869,\"height\":885},{\"@type\":\"BreadcrumbList\",\"@id\":\"https:\\\/\\\/www.laguiadepamplona.com\\\/actualidad\\\/sequoyas-cedros-robles-olmos-o-tilos-sombrearan-la-ii-fase-de-aranzadi-que-estara-acabada-a-comienzos-del-proximo-ano\\\/#breadcrumb\",\"itemListElement\":[{\"@type\":\"ListItem\",\"position\":1,\"name\":\"Portada\",\"item\":\"https:\\\/\\\/www.laguiadepamplona.com\\\/actualidad\\\/\"},{\"@type\":\"ListItem\",\"position\":2,\"name\":\"Sequoyas, cedros, robles, olmos o tilos sombrear\u00e1n la II Fase de Aranzadi que estar\u00e1 acabada a comienzos del pr\u00f3ximo a\u00f1o\"}]},{\"@type\":\"WebSite\",\"@id\":\"https:\\\/\\\/www.laguiadepamplona.com\\\/actualidad\\\/#website\",\"url\":\"https:\\\/\\\/www.laguiadepamplona.com\\\/actualidad\\\/\",\"name\":\"La gu\u00eda de Pamplona\",\"description\":\"Noticias de Pamplona\",\"publisher\":{\"@id\":\"https:\\\/\\\/www.laguiadepamplona.com\\\/actualidad\\\/#organization\"},\"potentialAction\":[{\"@type\":\"SearchAction\",\"target\":{\"@type\":\"EntryPoint\",\"urlTemplate\":\"https:\\\/\\\/www.laguiadepamplona.com\\\/actualidad\\\/?s={search_term_string}\"},\"query-input\":{\"@type\":\"PropertyValueSpecification\",\"valueRequired\":true,\"valueName\":\"search_term_string\"}}],\"inLanguage\":\"es\"},{\"@type\":\"Organization\",\"@id\":\"https:\\\/\\\/www.laguiadepamplona.com\\\/actualidad\\\/#organization\",\"name\":\"La Gu\u00eda de Pamplona \\\/ Noticias\",\"url\":\"https:\\\/\\\/www.laguiadepamplona.com\\\/actualidad\\\/\",\"logo\":{\"@type\":\"ImageObject\",\"inLanguage\":\"es\",\"@id\":\"https:\\\/\\\/www.laguiadepamplona.com\\\/actualidad\\\/#\\\/schema\\\/logo\\\/image\\\/\",\"url\":\"https:\\\/\\\/www.laguiadepamplona.com\\\/actualidad\\\/wp-content\\\/uploads\\\/2018\\\/11\\\/logo-laguiadepamplona18-web1.png\",\"contentUrl\":\"https:\\\/\\\/www.laguiadepamplona.com\\\/actualidad\\\/wp-content\\\/uploads\\\/2018\\\/11\\\/logo-laguiadepamplona18-web1.png\",\"width\":600,\"height\":196,\"caption\":\"La Gu\u00eda de Pamplona \\\/ Noticias\"},\"image\":{\"@id\":\"https:\\\/\\\/www.laguiadepamplona.com\\\/actualidad\\\/#\\\/schema\\\/logo\\\/image\\\/\"},\"sameAs\":[\"https:\\\/\\\/www.facebook.com\\\/laguiadepamplonacom-133175176762273\\\/?ref=hl\",\"https:\\\/\\\/x.com\\\/LaGuiadPamplona\",\"https:\\\/\\\/www.instagram.com\\\/la_guia_de_pamplona\\\/\",\"https:\\\/\\\/www.youtube.com\\\/user\\\/laguiadepamplona\"]},{\"@type\":\"Person\",\"@id\":\"https:\\\/\\\/www.laguiadepamplona.com\\\/actualidad\\\/#\\\/schema\\\/person\\\/efe887376f0213d4657c93adc50b1fdb\",\"name\":\"La Gu\u00eda de Pamplona\",\"image\":{\"@type\":\"ImageObject\",\"inLanguage\":\"es\",\"@id\":\"https:\\\/\\\/secure.gravatar.com\\\/avatar\\\/b6992f131dc8d30ab0dff15446e9d346d9dbd95992de0fef795073f5ea83a81c?s=96&d=mm&r=g\",\"url\":\"https:\\\/\\\/secure.gravatar.com\\\/avatar\\\/b6992f131dc8d30ab0dff15446e9d346d9dbd95992de0fef795073f5ea83a81c?s=96&d=mm&r=g\",\"contentUrl\":\"https:\\\/\\\/secure.gravatar.com\\\/avatar\\\/b6992f131dc8d30ab0dff15446e9d346d9dbd95992de0fef795073f5ea83a81c?s=96&d=mm&r=g\",\"caption\":\"La Gu\u00eda de Pamplona\"}}]}<\/script>\n<!-- \/ Yoast SEO plugin. -->","yoast_head_json":{"title":"Sequoyas, cedros, robles, olmos o tilos sombrear\u00e1n la II Fase de Aranzadi que estar\u00e1 acabada a comienzos del pr\u00f3ximo a\u00f1o","description":"Obenasa se encargar\u00e1 de toda la segunda fase del parque, tras adjudic\u00e1rsele el II Lote de jardiner\u00eda y el riego","robots":{"index":"index","follow":"follow","max-snippet":"max-snippet:-1","max-image-preview":"max-image-preview:large","max-video-preview":"max-video-preview:-1"},"canonical":"https:\/\/www.laguiadepamplona.com\/actualidad\/sequoyas-cedros-robles-olmos-o-tilos-sombrearan-la-ii-fase-de-aranzadi-que-estara-acabada-a-comienzos-del-proximo-ano\/","og_locale":"es_ES","og_type":"article","og_title":"Sequoyas, cedros, robles, olmos o tilos sombrear\u00e1n la II Fase de Aranzadi que estar\u00e1 acabada a comienzos del pr\u00f3ximo a\u00f1o","og_description":"Obenasa se encargar\u00e1 de toda la segunda fase del parque, tras adjudic\u00e1rsele el II Lote de jardiner\u00eda y el riego","og_url":"https:\/\/www.laguiadepamplona.com\/actualidad\/sequoyas-cedros-robles-olmos-o-tilos-sombrearan-la-ii-fase-de-aranzadi-que-estara-acabada-a-comienzos-del-proximo-ano\/","og_site_name":"La Gu\u00eda de Pamplona","article_publisher":"https:\/\/www.facebook.com\/laguiadepamplonacom-133175176762273\/?ref=hl","article_published_time":"2022-04-27T11:13:02+00:00","article_modified_time":"2023-04-11T09:48:16+00:00","og_image":[{"width":1869,"height":885,"url":"https:\/\/www.laguiadepamplona.com\/actualidad\/wp-content\/uploads\/2022\/04\/aranzadi.jpg","type":"image\/jpeg"}],"author":"La Gu\u00eda de Pamplona","twitter_card":"summary_large_image","twitter_creator":"@LaGuiadPamplona","twitter_site":"@LaGuiadPamplona","twitter_misc":{"Escrito por":"La Gu\u00eda de Pamplona","Tiempo de lectura":"5 minutos"},"schema":{"@context":"https:\/\/schema.org","@graph":[{"@type":"Article","@id":"https:\/\/www.laguiadepamplona.com\/actualidad\/sequoyas-cedros-robles-olmos-o-tilos-sombrearan-la-ii-fase-de-aranzadi-que-estara-acabada-a-comienzos-del-proximo-ano\/#article","isPartOf":{"@id":"https:\/\/www.laguiadepamplona.com\/actualidad\/sequoyas-cedros-robles-olmos-o-tilos-sombrearan-la-ii-fase-de-aranzadi-que-estara-acabada-a-comienzos-del-proximo-ano\/"},"author":{"name":"La Gu\u00eda de Pamplona","@id":"https:\/\/www.laguiadepamplona.com\/actualidad\/#\/schema\/person\/efe887376f0213d4657c93adc50b1fdb"},"headline":"Sequoyas, cedros, robles, olmos o tilos sombrear\u00e1n la II Fase de Aranzadi que estar\u00e1 acabada a comienzos del pr\u00f3ximo a\u00f1o","datePublished":"2022-04-27T11:13:02+00:00","dateModified":"2023-04-11T09:48:16+00:00","mainEntityOfPage":{"@id":"https:\/\/www.laguiadepamplona.com\/actualidad\/sequoyas-cedros-robles-olmos-o-tilos-sombrearan-la-ii-fase-de-aranzadi-que-estara-acabada-a-comienzos-del-proximo-ano\/"},"wordCount":989,"commentCount":0,"publisher":{"@id":"https:\/\/www.laguiadepamplona.com\/actualidad\/#organization"},"image":{"@id":"https:\/\/www.laguiadepamplona.com\/actualidad\/sequoyas-cedros-robles-olmos-o-tilos-sombrearan-la-ii-fase-de-aranzadi-que-estara-acabada-a-comienzos-del-proximo-ano\/#primaryimage"},"thumbnailUrl":"https:\/\/www.laguiadepamplona.com\/actualidad\/wp-content\/uploads\/2022\/04\/aranzadi.jpg","articleSection":["Ayto Pamplona"],"inLanguage":"es","potentialAction":[{"@type":"CommentAction","name":"Comment","target":["https:\/\/www.laguiadepamplona.com\/actualidad\/sequoyas-cedros-robles-olmos-o-tilos-sombrearan-la-ii-fase-de-aranzadi-que-estara-acabada-a-comienzos-del-proximo-ano\/#respond"]}]},{"@type":"WebPage","@id":"https:\/\/www.laguiadepamplona.com\/actualidad\/sequoyas-cedros-robles-olmos-o-tilos-sombrearan-la-ii-fase-de-aranzadi-que-estara-acabada-a-comienzos-del-proximo-ano\/","url":"https:\/\/www.laguiadepamplona.com\/actualidad\/sequoyas-cedros-robles-olmos-o-tilos-sombrearan-la-ii-fase-de-aranzadi-que-estara-acabada-a-comienzos-del-proximo-ano\/","name":"Sequoyas, cedros, robles, olmos o tilos sombrear\u00e1n la II Fase de Aranzadi que estar\u00e1 acabada a comienzos del pr\u00f3ximo a\u00f1o","isPartOf":{"@id":"https:\/\/www.laguiadepamplona.com\/actualidad\/#website"},"primaryImageOfPage":{"@id":"https:\/\/www.laguiadepamplona.com\/actualidad\/sequoyas-cedros-robles-olmos-o-tilos-sombrearan-la-ii-fase-de-aranzadi-que-estara-acabada-a-comienzos-del-proximo-ano\/#primaryimage"},"image":{"@id":"https:\/\/www.laguiadepamplona.com\/actualidad\/sequoyas-cedros-robles-olmos-o-tilos-sombrearan-la-ii-fase-de-aranzadi-que-estara-acabada-a-comienzos-del-proximo-ano\/#primaryimage"},"thumbnailUrl":"https:\/\/www.laguiadepamplona.com\/actualidad\/wp-content\/uploads\/2022\/04\/aranzadi.jpg","datePublished":"2022-04-27T11:13:02+00:00","dateModified":"2023-04-11T09:48:16+00:00","description":"Obenasa se encargar\u00e1 de toda la segunda fase del parque, tras adjudic\u00e1rsele el II Lote de jardiner\u00eda y el riego","breadcrumb":{"@id":"https:\/\/www.laguiadepamplona.com\/actualidad\/sequoyas-cedros-robles-olmos-o-tilos-sombrearan-la-ii-fase-de-aranzadi-que-estara-acabada-a-comienzos-del-proximo-ano\/#breadcrumb"},"inLanguage":"es","potentialAction":[{"@type":"ReadAction","target":["https:\/\/www.laguiadepamplona.com\/actualidad\/sequoyas-cedros-robles-olmos-o-tilos-sombrearan-la-ii-fase-de-aranzadi-que-estara-acabada-a-comienzos-del-proximo-ano\/"]}]},{"@type":"ImageObject","inLanguage":"es","@id":"https:\/\/www.laguiadepamplona.com\/actualidad\/sequoyas-cedros-robles-olmos-o-tilos-sombrearan-la-ii-fase-de-aranzadi-que-estara-acabada-a-comienzos-del-proximo-ano\/#primaryimage","url":"https:\/\/www.laguiadepamplona.com\/actualidad\/wp-content\/uploads\/2022\/04\/aranzadi.jpg","contentUrl":"https:\/\/www.laguiadepamplona.com\/actualidad\/wp-content\/uploads\/2022\/04\/aranzadi.jpg","width":1869,"height":885},{"@type":"BreadcrumbList","@id":"https:\/\/www.laguiadepamplona.com\/actualidad\/sequoyas-cedros-robles-olmos-o-tilos-sombrearan-la-ii-fase-de-aranzadi-que-estara-acabada-a-comienzos-del-proximo-ano\/#breadcrumb","itemListElement":[{"@type":"ListItem","position":1,"name":"Portada","item":"https:\/\/www.laguiadepamplona.com\/actualidad\/"},{"@type":"ListItem","position":2,"name":"Sequoyas, cedros, robles, olmos o tilos sombrear\u00e1n la II Fase de Aranzadi que estar\u00e1 acabada a comienzos del pr\u00f3ximo a\u00f1o"}]},{"@type":"WebSite","@id":"https:\/\/www.laguiadepamplona.com\/actualidad\/#website","url":"https:\/\/www.laguiadepamplona.com\/actualidad\/","name":"La gu\u00eda de Pamplona","description":"Noticias de Pamplona","publisher":{"@id":"https:\/\/www.laguiadepamplona.com\/actualidad\/#organization"},"potentialAction":[{"@type":"SearchAction","target":{"@type":"EntryPoint","urlTemplate":"https:\/\/www.laguiadepamplona.com\/actualidad\/?s={search_term_string}"},"query-input":{"@type":"PropertyValueSpecification","valueRequired":true,"valueName":"search_term_string"}}],"inLanguage":"es"},{"@type":"Organization","@id":"https:\/\/www.laguiadepamplona.com\/actualidad\/#organization","name":"La Gu\u00eda de Pamplona \/ Noticias","url":"https:\/\/www.laguiadepamplona.com\/actualidad\/","logo":{"@type":"ImageObject","inLanguage":"es","@id":"https:\/\/www.laguiadepamplona.com\/actualidad\/#\/schema\/logo\/image\/","url":"https:\/\/www.laguiadepamplona.com\/actualidad\/wp-content\/uploads\/2018\/11\/logo-laguiadepamplona18-web1.png","contentUrl":"https:\/\/www.laguiadepamplona.com\/actualidad\/wp-content\/uploads\/2018\/11\/logo-laguiadepamplona18-web1.png","width":600,"height":196,"caption":"La Gu\u00eda de Pamplona \/ Noticias"},"image":{"@id":"https:\/\/www.laguiadepamplona.com\/actualidad\/#\/schema\/logo\/image\/"},"sameAs":["https:\/\/www.facebook.com\/laguiadepamplonacom-133175176762273\/?ref=hl","https:\/\/x.com\/LaGuiadPamplona","https:\/\/www.instagram.com\/la_guia_de_pamplona\/","https:\/\/www.youtube.com\/user\/laguiadepamplona"]},{"@type":"Person","@id":"https:\/\/www.laguiadepamplona.com\/actualidad\/#\/schema\/person\/efe887376f0213d4657c93adc50b1fdb","name":"La Gu\u00eda de Pamplona","image":{"@type":"ImageObject","inLanguage":"es","@id":"https:\/\/secure.gravatar.com\/avatar\/b6992f131dc8d30ab0dff15446e9d346d9dbd95992de0fef795073f5ea83a81c?s=96&d=mm&r=g","url":"https:\/\/secure.gravatar.com\/avatar\/b6992f131dc8d30ab0dff15446e9d346d9dbd95992de0fef795073f5ea83a81c?s=96&d=mm&r=g","contentUrl":"https:\/\/secure.gravatar.com\/avatar\/b6992f131dc8d30ab0dff15446e9d346d9dbd95992de0fef795073f5ea83a81c?s=96&d=mm&r=g","caption":"La Gu\u00eda de Pamplona"}}]}},"post_mailing_queue_ids":[],"_links":{"self":[{"href":"https:\/\/www.laguiadepamplona.com\/actualidad\/wp-json\/wp\/v2\/posts\/40084","targetHints":{"allow":["GET"]}}],"collection":[{"href":"https:\/\/www.laguiadepamplona.com\/actualidad\/wp-json\/wp\/v2\/posts"}],"about":[{"href":"https:\/\/www.laguiadepamplona.com\/actualidad\/wp-json\/wp\/v2\/types\/post"}],"author":[{"embeddable":true,"href":"https:\/\/www.laguiadepamplona.com\/actualidad\/wp-json\/wp\/v2\/users\/1"}],"replies":[{"embeddable":true,"href":"https:\/\/www.laguiadepamplona.com\/actualidad\/wp-json\/wp\/v2\/comments?post=40084"}],"version-history":[{"count":0,"href":"https:\/\/www.laguiadepamplona.com\/actualidad\/wp-json\/wp\/v2\/posts\/40084\/revisions"}],"wp:featuredmedia":[{"embeddable":true,"href":"https:\/\/www.laguiadepamplona.com\/actualidad\/wp-json\/wp\/v2\/media\/40085"}],"wp:attachment":[{"href":"https:\/\/www.laguiadepamplona.com\/actualidad\/wp-json\/wp\/v2\/media?parent=40084"}],"wp:term":[{"taxonomy":"category","embeddable":true,"href":"https:\/\/www.laguiadepamplona.com\/actualidad\/wp-json\/wp\/v2\/categories?post=40084"},{"taxonomy":"post_tag","embeddable":true,"href":"https:\/\/www.laguiadepamplona.com\/actualidad\/wp-json\/wp\/v2\/tags?post=40084"}],"curies":[{"name":"wp","href":"https:\/\/api.w.org\/{rel}","templated":true}]}}