{"id":40081,"date":"2022-04-27T13:09:08","date_gmt":"2022-04-27T11:09:08","guid":{"rendered":"https:\/\/www.laguiadepamplona.com\/actualidad\/?p=40081"},"modified":"2023-04-11T11:48:16","modified_gmt":"2023-04-11T09:48:16","slug":"mas-de-1-500-deportistas-participaran-en-los-campeonatos-de-espana-en-edad-escolar-katas-y-veteranos-de-judo-que-de-viernes-a-domingo-se-celebraran-en-pamplona","status":"publish","type":"post","link":"https:\/\/www.laguiadepamplona.com\/actualidad\/mas-de-1-500-deportistas-participaran-en-los-campeonatos-de-espana-en-edad-escolar-katas-y-veteranos-de-judo-que-de-viernes-a-domingo-se-celebraran-en-pamplona\/","title":{"rendered":"M\u00e1s de 1.500 deportistas participar\u00e1n en los Campeonatos de Espa\u00f1a en Edad Escolar, Katas y Veteranos de Judo que, de viernes a domingo, se celebrar\u00e1n en Pamplona"},"content":{"rendered":"<h5>El Navarra Arena acoger\u00e1 las competiciones, con presencia de multitud de medallistas nacionales e internacionales<\/h5>\n<p><!--more--><\/p>\n<p>Pamplona se convierte este fin de semana en la capital nacional del judo. El pabell\u00f3n Navarra Arena acoge del viernes al domingo la celebraci\u00f3n de tres campeonatos nacionales organizados por la Real Federaci\u00f3n Espa\u00f1ola de Judo y Deportes Asociados. M\u00e1s de 1.500 deportistas participar\u00e1n en los Campeonatos de Espa\u00f1a en Edad Escolar, Katas y Veteranos de Judo 2022, de los que en torno a 60 se prev\u00e9 que sean navarros.<\/p>\n<p>Esta ma\u00f1ana ha tenido lugar en el Palacio del Condestable la presentaci\u00f3n de esos campeonatos de Espa\u00f1a, con la participaci\u00f3n de la concejala delegada de Servicios Sociales, Acci\u00f3n Comunitaria y Deporte, Mar\u00eda Caballero, la consejera de Cultura y Deporte del Gobierno de Navarra, Rebeca Esnaola, el presidente de la Real Federaci\u00f3n Espa\u00f1ola de Judo y Deportes Asociados, Juan Carlos Barcos, y el presidente de la Federaci\u00f3n Navarra de Judo y Deportes Asociados, Jos\u00e9 B. Areta. Entre deportistas, entrenadores, personal t\u00e9cnico, delegados, y familiares, se prev\u00e9 la presencia en Pamplona de m\u00e1s de 2.500 personas relacionadas con estos campeonatos.<br \/>\n<script async src=\"\/\/pagead2.googlesyndication.com\/pagead\/js\/adsbygoogle.js\"><\/script><br \/>\n<!-- Noticias La Guia de Pamplona --><br \/>\n<ins class=\"adsbygoogle\"\nstyle=\"display:block\"\ndata-ad-client=\"ca-pub-6943679897239327\"\ndata-ad-slot=\"7048180777\"\ndata-ad-format=\"auto\"><\/ins><br \/>\n<script>\n(adsbygoogle = window.adsbygoogle || []).push({});\n<\/script><br \/>\nEl viernes por la tarde comenzar\u00e1 la competici\u00f3n con el campeonato de Espa\u00f1a de Judo Kata, y sobre el tatami estar\u00e1n muchos de los medallistas internacionales, entre ellos Juan Pedro Goicoechand\u00eda y Roberto Villar campeones de Europa y subcampeones del Mundo de katame no kata, Toni Obrador y Pedro Marcos subcampeones del Mundo de kodokan goshin jutsu, Antonio Mar\u00edn y Eduardo Ayala actuales bronce mundial en nage no kata, Miguel A. Vicens y Antoni Vicens actuales bronce mundial en kime no kata y Joana Puigserver y Lloren\u00e7 Gaya actuales campeones de Europa en kodokan goshin jutsu.<\/p>\n<p>El s\u00e1bado y el domingo los protagonistas ser\u00e1n los menores, con el Campeonato de Espa\u00f1a de Judo en Edad Escolar, en las categor\u00edas de infantil y cadete. Un total de 764 judokas se dar\u00e1n cita en el tatami del Navarra Arena, 392 chicos y 372 chicas, lo que demuestra la buena salud de la cantera del judo. Adem\u00e1s, en ese mismo campeonato participar\u00e1n deportistas con deficiencia visual, poniendo de manifiesto no solo la igualdad de g\u00e9nero sino tambi\u00e9n la inclusi\u00f3n en dicha competici\u00f3n.<\/p>\n<p>La jornada del domingo incluye la celebraci\u00f3n del Campeonato de Espa\u00f1a de Veteranos de Judo, con casi 400 deportistas llegados de todo el territorio nacional. Muchos de ellos son o fueron medallistas nacionales e internacionales no solo en esta categor\u00eda sino tambi\u00e9n en su momento en la categor\u00eda absoluta.<br \/>\n<script async src=\"\/\/pagead2.googlesyndication.com\/pagead\/js\/adsbygoogle.js\"><\/script><br \/>\n<!-- Noticias La Guia de Pamplona --><br \/>\n<ins class=\"adsbygoogle\"\nstyle=\"display:block\"\ndata-ad-client=\"ca-pub-6943679897239327\"\ndata-ad-slot=\"7048180777\"\ndata-ad-format=\"auto\"><\/ins><br \/>\n<script>\n(adsbygoogle = window.adsbygoogle || []).push({});\n<\/script><br \/>\n&nbsp;<\/p>\n<h3>Programa de los campeonatos<\/h3>\n<ul>\n<li><strong>Viernes 29 de abril<\/strong>\n<ul>\n<li>16:00-17:00 horas. Acreditaci\u00f3n Campeonato de Espa\u00f1a de Katas<\/li>\n<li>17:00-18:00 horas. Calentamiento Campeonato de Espa\u00f1a de Katas<\/li>\n<li>17:00-19:00 horas. Acreditaci\u00f3n Campeonato de Espa\u00f1a Escolar<\/li>\n<li>18:00-20:30 horas. Competici\u00f3n Campeonato de Espa\u00f1a de Katas<\/li>\n<li>19:00-20:00 horas. Pesaje categor\u00edas cadetes y 4 categor\u00edas infantiles (-63 y +63 femenino, y -66 y +66 kg masculino)<\/li>\n<li>20:30 horas. Entrega de medallas Campeonato de Espa\u00f1a de Katas.<\/li>\n<li>21:00 horas. Sorteo Campeonato de Espa\u00f1a Escolar<\/li>\n<\/ul>\n<\/li>\n<\/ul>\n<p>&nbsp;<\/p>\n<ul>\n<li><strong>S\u00e1bado 30 de abril<\/strong>\n<ul>\n<li>8:00-9:00 horas. Calentamiento<\/li>\n<li>9:00-14:00 horas. Eliminatorias, Bronces y Finales cadetes y 2 categor\u00edas infantiles<\/li>\n<li>14:00 horas. Entrega de Medallas<\/li>\n<li>15:00-19:30 horas. Eliminatorias, Bronces y Finales cadetes y 2 categor\u00edas infantiles<\/li>\n<li>19:30 horas. Entrega de Medallas<\/li>\n<li>17:00-18 horas. Pesaje restantes categor\u00edas infantiles<\/li>\n<li>17:00-18:00 horas. Acreditaci\u00f3n Campeonato de Espa\u00f1a de Veteranos (deportistas con llegada el s\u00e1bado).<\/li>\n<li>18:00-19:00 horas. Pesaje Campeonato de Espa\u00f1a de Veteranos (deportistas con llegada el s\u00e1bado).<\/li>\n<\/ul>\n<p>&nbsp;\n<\/li>\n<li><strong>Domingo 1 de mayo<\/strong>\n<ul>\n<li>8:00-9:00 horas. Calentamiento<\/li>\n<li>9:00-12:45 horas. Eliminatorias de las restantes categor\u00edas infantiles.<\/li>\n<li>10:30-11:30 horas. Acreditaci\u00f3n Campeonato de Espa\u00f1a de Veteranos (deportistas con llegada el Domingo).<\/li>\n<li>12:00-13:00 horas. Pesaje Campeonato de Espa\u00f1a de Veteranos (deportistas con llegada el domingo).<\/li>\n<li>13:00 horas. Sorteo Campeonato de Espa\u00f1a de Veteranos en el pabell\u00f3n<\/li>\n<li>12:45-13:30 horas. Bloque final (s\u00f3lo finales) categor\u00edas infantiles que compiten el domingo.<\/li>\n<li>13:30-14:00 horas. Entrega de medallas Campeonato de Espa\u00f1a Infantil<\/li>\n<li>14:00-18:00 horas. Eliminatorias Campeonato de Espa\u00f1a de Veteranos<\/li>\n<li>18:00 horas. Entrega medallas Campeonato de Espa\u00f1a de Veteranos<\/li>\n<\/ul>\n<\/li>\n<\/ul>\n","protected":false},"excerpt":{"rendered":"<p>El Navarra Arena acoger\u00e1 las competiciones, con presencia de multitud de medallistas nacionales e internacionales<\/p>\n","protected":false},"author":1,"featured_media":40082,"comment_status":"open","ping_status":"closed","sticky":false,"template":"","format":"standard","meta":{"footnotes":""},"categories":[2],"tags":[],"class_list":["post-40081","post","type-post","status-publish","format-standard","has-post-thumbnail","hentry","category-ayuntamiento-pamplona"],"yoast_head":"<!-- This site is optimized with the Yoast SEO plugin v27.3 - https:\/\/yoast.com\/product\/yoast-seo-wordpress\/ -->\n<title>M\u00e1s de 1.500 deportistas participar\u00e1n en los Campeonatos de Espa\u00f1a en Edad Escolar, Katas y Veteranos de Judo que, de viernes a domingo, se celebrar\u00e1n en Pamplona<\/title>\n<meta name=\"description\" content=\"El Navarra Arena acoger\u00e1 las competiciones, con presencia de multitud de medallistas nacionales e internacionales\" \/>\n<meta name=\"robots\" content=\"index, follow, max-snippet:-1, max-image-preview:large, max-video-preview:-1\" \/>\n<link rel=\"canonical\" href=\"https:\/\/www.laguiadepamplona.com\/actualidad\/mas-de-1-500-deportistas-participaran-en-los-campeonatos-de-espana-en-edad-escolar-katas-y-veteranos-de-judo-que-de-viernes-a-domingo-se-celebraran-en-pamplona\/\" \/>\n<meta property=\"og:locale\" content=\"es_ES\" \/>\n<meta property=\"og:type\" content=\"article\" \/>\n<meta property=\"og:title\" content=\"M\u00e1s de 1.500 deportistas participar\u00e1n en los Campeonatos de Espa\u00f1a en Edad Escolar, Katas y Veteranos de Judo que, de viernes a domingo, se celebrar\u00e1n en Pamplona\" \/>\n<meta property=\"og:description\" content=\"El Navarra Arena acoger\u00e1 las competiciones, con presencia de multitud de medallistas nacionales e internacionales\" \/>\n<meta property=\"og:url\" content=\"https:\/\/www.laguiadepamplona.com\/actualidad\/mas-de-1-500-deportistas-participaran-en-los-campeonatos-de-espana-en-edad-escolar-katas-y-veteranos-de-judo-que-de-viernes-a-domingo-se-celebraran-en-pamplona\/\" \/>\n<meta property=\"og:site_name\" content=\"La Gu\u00eda de Pamplona\" \/>\n<meta property=\"article:publisher\" content=\"https:\/\/www.facebook.com\/laguiadepamplonacom-133175176762273\/?ref=hl\" \/>\n<meta property=\"article:published_time\" content=\"2022-04-27T11:09:08+00:00\" \/>\n<meta property=\"article:modified_time\" content=\"2023-04-11T09:48:16+00:00\" \/>\n<meta property=\"og:image\" content=\"https:\/\/www.laguiadepamplona.com\/actualidad\/wp-content\/uploads\/2022\/04\/campeonatojudoee5a6295.webp\" \/>\n\t<meta property=\"og:image:width\" content=\"1920\" \/>\n\t<meta property=\"og:image:height\" content=\"1280\" \/>\n\t<meta property=\"og:image:type\" content=\"image\/webp\" \/>\n<meta name=\"author\" content=\"La Gu\u00eda de Pamplona\" \/>\n<meta name=\"twitter:card\" content=\"summary_large_image\" \/>\n<meta name=\"twitter:creator\" content=\"@LaGuiadPamplona\" \/>\n<meta name=\"twitter:site\" content=\"@LaGuiadPamplona\" \/>\n<meta name=\"twitter:label1\" content=\"Escrito por\" \/>\n\t<meta name=\"twitter:data1\" content=\"La Gu\u00eda de Pamplona\" \/>\n\t<meta name=\"twitter:label2\" content=\"Tiempo de lectura\" \/>\n\t<meta name=\"twitter:data2\" content=\"3 minutos\" \/>\n<script type=\"application\/ld+json\" class=\"yoast-schema-graph\">{\"@context\":\"https:\\\/\\\/schema.org\",\"@graph\":[{\"@type\":\"Article\",\"@id\":\"https:\\\/\\\/www.laguiadepamplona.com\\\/actualidad\\\/mas-de-1-500-deportistas-participaran-en-los-campeonatos-de-espana-en-edad-escolar-katas-y-veteranos-de-judo-que-de-viernes-a-domingo-se-celebraran-en-pamplona\\\/#article\",\"isPartOf\":{\"@id\":\"https:\\\/\\\/www.laguiadepamplona.com\\\/actualidad\\\/mas-de-1-500-deportistas-participaran-en-los-campeonatos-de-espana-en-edad-escolar-katas-y-veteranos-de-judo-que-de-viernes-a-domingo-se-celebraran-en-pamplona\\\/\"},\"author\":{\"name\":\"La Gu\u00eda de Pamplona\",\"@id\":\"https:\\\/\\\/www.laguiadepamplona.com\\\/actualidad\\\/#\\\/schema\\\/person\\\/efe887376f0213d4657c93adc50b1fdb\"},\"headline\":\"M\u00e1s de 1.500 deportistas participar\u00e1n en los Campeonatos de Espa\u00f1a en Edad Escolar, Katas y Veteranos de Judo que, de viernes a domingo, se celebrar\u00e1n en Pamplona\",\"datePublished\":\"2022-04-27T11:09:08+00:00\",\"dateModified\":\"2023-04-11T09:48:16+00:00\",\"mainEntityOfPage\":{\"@id\":\"https:\\\/\\\/www.laguiadepamplona.com\\\/actualidad\\\/mas-de-1-500-deportistas-participaran-en-los-campeonatos-de-espana-en-edad-escolar-katas-y-veteranos-de-judo-que-de-viernes-a-domingo-se-celebraran-en-pamplona\\\/\"},\"wordCount\":728,\"commentCount\":0,\"publisher\":{\"@id\":\"https:\\\/\\\/www.laguiadepamplona.com\\\/actualidad\\\/#organization\"},\"image\":{\"@id\":\"https:\\\/\\\/www.laguiadepamplona.com\\\/actualidad\\\/mas-de-1-500-deportistas-participaran-en-los-campeonatos-de-espana-en-edad-escolar-katas-y-veteranos-de-judo-que-de-viernes-a-domingo-se-celebraran-en-pamplona\\\/#primaryimage\"},\"thumbnailUrl\":\"https:\\\/\\\/www.laguiadepamplona.com\\\/actualidad\\\/wp-content\\\/uploads\\\/2022\\\/04\\\/campeonatojudoee5a6295.webp\",\"articleSection\":[\"Ayto Pamplona\"],\"inLanguage\":\"es\",\"potentialAction\":[{\"@type\":\"CommentAction\",\"name\":\"Comment\",\"target\":[\"https:\\\/\\\/www.laguiadepamplona.com\\\/actualidad\\\/mas-de-1-500-deportistas-participaran-en-los-campeonatos-de-espana-en-edad-escolar-katas-y-veteranos-de-judo-que-de-viernes-a-domingo-se-celebraran-en-pamplona\\\/#respond\"]}]},{\"@type\":\"WebPage\",\"@id\":\"https:\\\/\\\/www.laguiadepamplona.com\\\/actualidad\\\/mas-de-1-500-deportistas-participaran-en-los-campeonatos-de-espana-en-edad-escolar-katas-y-veteranos-de-judo-que-de-viernes-a-domingo-se-celebraran-en-pamplona\\\/\",\"url\":\"https:\\\/\\\/www.laguiadepamplona.com\\\/actualidad\\\/mas-de-1-500-deportistas-participaran-en-los-campeonatos-de-espana-en-edad-escolar-katas-y-veteranos-de-judo-que-de-viernes-a-domingo-se-celebraran-en-pamplona\\\/\",\"name\":\"M\u00e1s de 1.500 deportistas participar\u00e1n en los Campeonatos de Espa\u00f1a en Edad Escolar, Katas y Veteranos de Judo que, de viernes a domingo, se celebrar\u00e1n en Pamplona\",\"isPartOf\":{\"@id\":\"https:\\\/\\\/www.laguiadepamplona.com\\\/actualidad\\\/#website\"},\"primaryImageOfPage\":{\"@id\":\"https:\\\/\\\/www.laguiadepamplona.com\\\/actualidad\\\/mas-de-1-500-deportistas-participaran-en-los-campeonatos-de-espana-en-edad-escolar-katas-y-veteranos-de-judo-que-de-viernes-a-domingo-se-celebraran-en-pamplona\\\/#primaryimage\"},\"image\":{\"@id\":\"https:\\\/\\\/www.laguiadepamplona.com\\\/actualidad\\\/mas-de-1-500-deportistas-participaran-en-los-campeonatos-de-espana-en-edad-escolar-katas-y-veteranos-de-judo-que-de-viernes-a-domingo-se-celebraran-en-pamplona\\\/#primaryimage\"},\"thumbnailUrl\":\"https:\\\/\\\/www.laguiadepamplona.com\\\/actualidad\\\/wp-content\\\/uploads\\\/2022\\\/04\\\/campeonatojudoee5a6295.webp\",\"datePublished\":\"2022-04-27T11:09:08+00:00\",\"dateModified\":\"2023-04-11T09:48:16+00:00\",\"description\":\"El Navarra Arena acoger\u00e1 las competiciones, con presencia de multitud de medallistas nacionales e internacionales\",\"breadcrumb\":{\"@id\":\"https:\\\/\\\/www.laguiadepamplona.com\\\/actualidad\\\/mas-de-1-500-deportistas-participaran-en-los-campeonatos-de-espana-en-edad-escolar-katas-y-veteranos-de-judo-que-de-viernes-a-domingo-se-celebraran-en-pamplona\\\/#breadcrumb\"},\"inLanguage\":\"es\",\"potentialAction\":[{\"@type\":\"ReadAction\",\"target\":[\"https:\\\/\\\/www.laguiadepamplona.com\\\/actualidad\\\/mas-de-1-500-deportistas-participaran-en-los-campeonatos-de-espana-en-edad-escolar-katas-y-veteranos-de-judo-que-de-viernes-a-domingo-se-celebraran-en-pamplona\\\/\"]}]},{\"@type\":\"ImageObject\",\"inLanguage\":\"es\",\"@id\":\"https:\\\/\\\/www.laguiadepamplona.com\\\/actualidad\\\/mas-de-1-500-deportistas-participaran-en-los-campeonatos-de-espana-en-edad-escolar-katas-y-veteranos-de-judo-que-de-viernes-a-domingo-se-celebraran-en-pamplona\\\/#primaryimage\",\"url\":\"https:\\\/\\\/www.laguiadepamplona.com\\\/actualidad\\\/wp-content\\\/uploads\\\/2022\\\/04\\\/campeonatojudoee5a6295.webp\",\"contentUrl\":\"https:\\\/\\\/www.laguiadepamplona.com\\\/actualidad\\\/wp-content\\\/uploads\\\/2022\\\/04\\\/campeonatojudoee5a6295.webp\",\"width\":1920,\"height\":1280},{\"@type\":\"BreadcrumbList\",\"@id\":\"https:\\\/\\\/www.laguiadepamplona.com\\\/actualidad\\\/mas-de-1-500-deportistas-participaran-en-los-campeonatos-de-espana-en-edad-escolar-katas-y-veteranos-de-judo-que-de-viernes-a-domingo-se-celebraran-en-pamplona\\\/#breadcrumb\",\"itemListElement\":[{\"@type\":\"ListItem\",\"position\":1,\"name\":\"Portada\",\"item\":\"https:\\\/\\\/www.laguiadepamplona.com\\\/actualidad\\\/\"},{\"@type\":\"ListItem\",\"position\":2,\"name\":\"M\u00e1s de 1.500 deportistas participar\u00e1n en los Campeonatos de Espa\u00f1a en Edad Escolar, Katas y Veteranos de Judo que, de viernes a domingo, se celebrar\u00e1n en Pamplona\"}]},{\"@type\":\"WebSite\",\"@id\":\"https:\\\/\\\/www.laguiadepamplona.com\\\/actualidad\\\/#website\",\"url\":\"https:\\\/\\\/www.laguiadepamplona.com\\\/actualidad\\\/\",\"name\":\"La gu\u00eda de Pamplona\",\"description\":\"Noticias de Pamplona\",\"publisher\":{\"@id\":\"https:\\\/\\\/www.laguiadepamplona.com\\\/actualidad\\\/#organization\"},\"potentialAction\":[{\"@type\":\"SearchAction\",\"target\":{\"@type\":\"EntryPoint\",\"urlTemplate\":\"https:\\\/\\\/www.laguiadepamplona.com\\\/actualidad\\\/?s={search_term_string}\"},\"query-input\":{\"@type\":\"PropertyValueSpecification\",\"valueRequired\":true,\"valueName\":\"search_term_string\"}}],\"inLanguage\":\"es\"},{\"@type\":\"Organization\",\"@id\":\"https:\\\/\\\/www.laguiadepamplona.com\\\/actualidad\\\/#organization\",\"name\":\"La Gu\u00eda de Pamplona \\\/ Noticias\",\"url\":\"https:\\\/\\\/www.laguiadepamplona.com\\\/actualidad\\\/\",\"logo\":{\"@type\":\"ImageObject\",\"inLanguage\":\"es\",\"@id\":\"https:\\\/\\\/www.laguiadepamplona.com\\\/actualidad\\\/#\\\/schema\\\/logo\\\/image\\\/\",\"url\":\"https:\\\/\\\/www.laguiadepamplona.com\\\/actualidad\\\/wp-content\\\/uploads\\\/2018\\\/11\\\/logo-laguiadepamplona18-web1.png\",\"contentUrl\":\"https:\\\/\\\/www.laguiadepamplona.com\\\/actualidad\\\/wp-content\\\/uploads\\\/2018\\\/11\\\/logo-laguiadepamplona18-web1.png\",\"width\":600,\"height\":196,\"caption\":\"La Gu\u00eda de Pamplona \\\/ Noticias\"},\"image\":{\"@id\":\"https:\\\/\\\/www.laguiadepamplona.com\\\/actualidad\\\/#\\\/schema\\\/logo\\\/image\\\/\"},\"sameAs\":[\"https:\\\/\\\/www.facebook.com\\\/laguiadepamplonacom-133175176762273\\\/?ref=hl\",\"https:\\\/\\\/x.com\\\/LaGuiadPamplona\",\"https:\\\/\\\/www.instagram.com\\\/la_guia_de_pamplona\\\/\",\"https:\\\/\\\/www.youtube.com\\\/user\\\/laguiadepamplona\"]},{\"@type\":\"Person\",\"@id\":\"https:\\\/\\\/www.laguiadepamplona.com\\\/actualidad\\\/#\\\/schema\\\/person\\\/efe887376f0213d4657c93adc50b1fdb\",\"name\":\"La Gu\u00eda de Pamplona\",\"image\":{\"@type\":\"ImageObject\",\"inLanguage\":\"es\",\"@id\":\"https:\\\/\\\/secure.gravatar.com\\\/avatar\\\/b6992f131dc8d30ab0dff15446e9d346d9dbd95992de0fef795073f5ea83a81c?s=96&d=mm&r=g\",\"url\":\"https:\\\/\\\/secure.gravatar.com\\\/avatar\\\/b6992f131dc8d30ab0dff15446e9d346d9dbd95992de0fef795073f5ea83a81c?s=96&d=mm&r=g\",\"contentUrl\":\"https:\\\/\\\/secure.gravatar.com\\\/avatar\\\/b6992f131dc8d30ab0dff15446e9d346d9dbd95992de0fef795073f5ea83a81c?s=96&d=mm&r=g\",\"caption\":\"La Gu\u00eda de Pamplona\"}}]}<\/script>\n<!-- \/ Yoast SEO plugin. -->","yoast_head_json":{"title":"M\u00e1s de 1.500 deportistas participar\u00e1n en los Campeonatos de Espa\u00f1a en Edad Escolar, Katas y Veteranos de Judo que, de viernes a domingo, se celebrar\u00e1n en Pamplona","description":"El Navarra Arena acoger\u00e1 las competiciones, con presencia de multitud de medallistas nacionales e internacionales","robots":{"index":"index","follow":"follow","max-snippet":"max-snippet:-1","max-image-preview":"max-image-preview:large","max-video-preview":"max-video-preview:-1"},"canonical":"https:\/\/www.laguiadepamplona.com\/actualidad\/mas-de-1-500-deportistas-participaran-en-los-campeonatos-de-espana-en-edad-escolar-katas-y-veteranos-de-judo-que-de-viernes-a-domingo-se-celebraran-en-pamplona\/","og_locale":"es_ES","og_type":"article","og_title":"M\u00e1s de 1.500 deportistas participar\u00e1n en los Campeonatos de Espa\u00f1a en Edad Escolar, Katas y Veteranos de Judo que, de viernes a domingo, se celebrar\u00e1n en Pamplona","og_description":"El Navarra Arena acoger\u00e1 las competiciones, con presencia de multitud de medallistas nacionales e internacionales","og_url":"https:\/\/www.laguiadepamplona.com\/actualidad\/mas-de-1-500-deportistas-participaran-en-los-campeonatos-de-espana-en-edad-escolar-katas-y-veteranos-de-judo-que-de-viernes-a-domingo-se-celebraran-en-pamplona\/","og_site_name":"La Gu\u00eda de Pamplona","article_publisher":"https:\/\/www.facebook.com\/laguiadepamplonacom-133175176762273\/?ref=hl","article_published_time":"2022-04-27T11:09:08+00:00","article_modified_time":"2023-04-11T09:48:16+00:00","og_image":[{"width":1920,"height":1280,"url":"https:\/\/www.laguiadepamplona.com\/actualidad\/wp-content\/uploads\/2022\/04\/campeonatojudoee5a6295.webp","type":"image\/webp"}],"author":"La Gu\u00eda de Pamplona","twitter_card":"summary_large_image","twitter_creator":"@LaGuiadPamplona","twitter_site":"@LaGuiadPamplona","twitter_misc":{"Escrito por":"La Gu\u00eda de Pamplona","Tiempo de lectura":"3 minutos"},"schema":{"@context":"https:\/\/schema.org","@graph":[{"@type":"Article","@id":"https:\/\/www.laguiadepamplona.com\/actualidad\/mas-de-1-500-deportistas-participaran-en-los-campeonatos-de-espana-en-edad-escolar-katas-y-veteranos-de-judo-que-de-viernes-a-domingo-se-celebraran-en-pamplona\/#article","isPartOf":{"@id":"https:\/\/www.laguiadepamplona.com\/actualidad\/mas-de-1-500-deportistas-participaran-en-los-campeonatos-de-espana-en-edad-escolar-katas-y-veteranos-de-judo-que-de-viernes-a-domingo-se-celebraran-en-pamplona\/"},"author":{"name":"La Gu\u00eda de Pamplona","@id":"https:\/\/www.laguiadepamplona.com\/actualidad\/#\/schema\/person\/efe887376f0213d4657c93adc50b1fdb"},"headline":"M\u00e1s de 1.500 deportistas participar\u00e1n en los Campeonatos de Espa\u00f1a en Edad Escolar, Katas y Veteranos de Judo que, de viernes a domingo, se celebrar\u00e1n en Pamplona","datePublished":"2022-04-27T11:09:08+00:00","dateModified":"2023-04-11T09:48:16+00:00","mainEntityOfPage":{"@id":"https:\/\/www.laguiadepamplona.com\/actualidad\/mas-de-1-500-deportistas-participaran-en-los-campeonatos-de-espana-en-edad-escolar-katas-y-veteranos-de-judo-que-de-viernes-a-domingo-se-celebraran-en-pamplona\/"},"wordCount":728,"commentCount":0,"publisher":{"@id":"https:\/\/www.laguiadepamplona.com\/actualidad\/#organization"},"image":{"@id":"https:\/\/www.laguiadepamplona.com\/actualidad\/mas-de-1-500-deportistas-participaran-en-los-campeonatos-de-espana-en-edad-escolar-katas-y-veteranos-de-judo-que-de-viernes-a-domingo-se-celebraran-en-pamplona\/#primaryimage"},"thumbnailUrl":"https:\/\/www.laguiadepamplona.com\/actualidad\/wp-content\/uploads\/2022\/04\/campeonatojudoee5a6295.webp","articleSection":["Ayto Pamplona"],"inLanguage":"es","potentialAction":[{"@type":"CommentAction","name":"Comment","target":["https:\/\/www.laguiadepamplona.com\/actualidad\/mas-de-1-500-deportistas-participaran-en-los-campeonatos-de-espana-en-edad-escolar-katas-y-veteranos-de-judo-que-de-viernes-a-domingo-se-celebraran-en-pamplona\/#respond"]}]},{"@type":"WebPage","@id":"https:\/\/www.laguiadepamplona.com\/actualidad\/mas-de-1-500-deportistas-participaran-en-los-campeonatos-de-espana-en-edad-escolar-katas-y-veteranos-de-judo-que-de-viernes-a-domingo-se-celebraran-en-pamplona\/","url":"https:\/\/www.laguiadepamplona.com\/actualidad\/mas-de-1-500-deportistas-participaran-en-los-campeonatos-de-espana-en-edad-escolar-katas-y-veteranos-de-judo-que-de-viernes-a-domingo-se-celebraran-en-pamplona\/","name":"M\u00e1s de 1.500 deportistas participar\u00e1n en los Campeonatos de Espa\u00f1a en Edad Escolar, Katas y Veteranos de Judo que, de viernes a domingo, se celebrar\u00e1n en Pamplona","isPartOf":{"@id":"https:\/\/www.laguiadepamplona.com\/actualidad\/#website"},"primaryImageOfPage":{"@id":"https:\/\/www.laguiadepamplona.com\/actualidad\/mas-de-1-500-deportistas-participaran-en-los-campeonatos-de-espana-en-edad-escolar-katas-y-veteranos-de-judo-que-de-viernes-a-domingo-se-celebraran-en-pamplona\/#primaryimage"},"image":{"@id":"https:\/\/www.laguiadepamplona.com\/actualidad\/mas-de-1-500-deportistas-participaran-en-los-campeonatos-de-espana-en-edad-escolar-katas-y-veteranos-de-judo-que-de-viernes-a-domingo-se-celebraran-en-pamplona\/#primaryimage"},"thumbnailUrl":"https:\/\/www.laguiadepamplona.com\/actualidad\/wp-content\/uploads\/2022\/04\/campeonatojudoee5a6295.webp","datePublished":"2022-04-27T11:09:08+00:00","dateModified":"2023-04-11T09:48:16+00:00","description":"El Navarra Arena acoger\u00e1 las competiciones, con presencia de multitud de medallistas nacionales e internacionales","breadcrumb":{"@id":"https:\/\/www.laguiadepamplona.com\/actualidad\/mas-de-1-500-deportistas-participaran-en-los-campeonatos-de-espana-en-edad-escolar-katas-y-veteranos-de-judo-que-de-viernes-a-domingo-se-celebraran-en-pamplona\/#breadcrumb"},"inLanguage":"es","potentialAction":[{"@type":"ReadAction","target":["https:\/\/www.laguiadepamplona.com\/actualidad\/mas-de-1-500-deportistas-participaran-en-los-campeonatos-de-espana-en-edad-escolar-katas-y-veteranos-de-judo-que-de-viernes-a-domingo-se-celebraran-en-pamplona\/"]}]},{"@type":"ImageObject","inLanguage":"es","@id":"https:\/\/www.laguiadepamplona.com\/actualidad\/mas-de-1-500-deportistas-participaran-en-los-campeonatos-de-espana-en-edad-escolar-katas-y-veteranos-de-judo-que-de-viernes-a-domingo-se-celebraran-en-pamplona\/#primaryimage","url":"https:\/\/www.laguiadepamplona.com\/actualidad\/wp-content\/uploads\/2022\/04\/campeonatojudoee5a6295.webp","contentUrl":"https:\/\/www.laguiadepamplona.com\/actualidad\/wp-content\/uploads\/2022\/04\/campeonatojudoee5a6295.webp","width":1920,"height":1280},{"@type":"BreadcrumbList","@id":"https:\/\/www.laguiadepamplona.com\/actualidad\/mas-de-1-500-deportistas-participaran-en-los-campeonatos-de-espana-en-edad-escolar-katas-y-veteranos-de-judo-que-de-viernes-a-domingo-se-celebraran-en-pamplona\/#breadcrumb","itemListElement":[{"@type":"ListItem","position":1,"name":"Portada","item":"https:\/\/www.laguiadepamplona.com\/actualidad\/"},{"@type":"ListItem","position":2,"name":"M\u00e1s de 1.500 deportistas participar\u00e1n en los Campeonatos de Espa\u00f1a en Edad Escolar, Katas y Veteranos de Judo que, de viernes a domingo, se celebrar\u00e1n en Pamplona"}]},{"@type":"WebSite","@id":"https:\/\/www.laguiadepamplona.com\/actualidad\/#website","url":"https:\/\/www.laguiadepamplona.com\/actualidad\/","name":"La gu\u00eda de Pamplona","description":"Noticias de Pamplona","publisher":{"@id":"https:\/\/www.laguiadepamplona.com\/actualidad\/#organization"},"potentialAction":[{"@type":"SearchAction","target":{"@type":"EntryPoint","urlTemplate":"https:\/\/www.laguiadepamplona.com\/actualidad\/?s={search_term_string}"},"query-input":{"@type":"PropertyValueSpecification","valueRequired":true,"valueName":"search_term_string"}}],"inLanguage":"es"},{"@type":"Organization","@id":"https:\/\/www.laguiadepamplona.com\/actualidad\/#organization","name":"La Gu\u00eda de Pamplona \/ Noticias","url":"https:\/\/www.laguiadepamplona.com\/actualidad\/","logo":{"@type":"ImageObject","inLanguage":"es","@id":"https:\/\/www.laguiadepamplona.com\/actualidad\/#\/schema\/logo\/image\/","url":"https:\/\/www.laguiadepamplona.com\/actualidad\/wp-content\/uploads\/2018\/11\/logo-laguiadepamplona18-web1.png","contentUrl":"https:\/\/www.laguiadepamplona.com\/actualidad\/wp-content\/uploads\/2018\/11\/logo-laguiadepamplona18-web1.png","width":600,"height":196,"caption":"La Gu\u00eda de Pamplona \/ Noticias"},"image":{"@id":"https:\/\/www.laguiadepamplona.com\/actualidad\/#\/schema\/logo\/image\/"},"sameAs":["https:\/\/www.facebook.com\/laguiadepamplonacom-133175176762273\/?ref=hl","https:\/\/x.com\/LaGuiadPamplona","https:\/\/www.instagram.com\/la_guia_de_pamplona\/","https:\/\/www.youtube.com\/user\/laguiadepamplona"]},{"@type":"Person","@id":"https:\/\/www.laguiadepamplona.com\/actualidad\/#\/schema\/person\/efe887376f0213d4657c93adc50b1fdb","name":"La Gu\u00eda de Pamplona","image":{"@type":"ImageObject","inLanguage":"es","@id":"https:\/\/secure.gravatar.com\/avatar\/b6992f131dc8d30ab0dff15446e9d346d9dbd95992de0fef795073f5ea83a81c?s=96&d=mm&r=g","url":"https:\/\/secure.gravatar.com\/avatar\/b6992f131dc8d30ab0dff15446e9d346d9dbd95992de0fef795073f5ea83a81c?s=96&d=mm&r=g","contentUrl":"https:\/\/secure.gravatar.com\/avatar\/b6992f131dc8d30ab0dff15446e9d346d9dbd95992de0fef795073f5ea83a81c?s=96&d=mm&r=g","caption":"La Gu\u00eda de Pamplona"}}]}},"post_mailing_queue_ids":[],"_links":{"self":[{"href":"https:\/\/www.laguiadepamplona.com\/actualidad\/wp-json\/wp\/v2\/posts\/40081","targetHints":{"allow":["GET"]}}],"collection":[{"href":"https:\/\/www.laguiadepamplona.com\/actualidad\/wp-json\/wp\/v2\/posts"}],"about":[{"href":"https:\/\/www.laguiadepamplona.com\/actualidad\/wp-json\/wp\/v2\/types\/post"}],"author":[{"embeddable":true,"href":"https:\/\/www.laguiadepamplona.com\/actualidad\/wp-json\/wp\/v2\/users\/1"}],"replies":[{"embeddable":true,"href":"https:\/\/www.laguiadepamplona.com\/actualidad\/wp-json\/wp\/v2\/comments?post=40081"}],"version-history":[{"count":0,"href":"https:\/\/www.laguiadepamplona.com\/actualidad\/wp-json\/wp\/v2\/posts\/40081\/revisions"}],"wp:featuredmedia":[{"embeddable":true,"href":"https:\/\/www.laguiadepamplona.com\/actualidad\/wp-json\/wp\/v2\/media\/40082"}],"wp:attachment":[{"href":"https:\/\/www.laguiadepamplona.com\/actualidad\/wp-json\/wp\/v2\/media?parent=40081"}],"wp:term":[{"taxonomy":"category","embeddable":true,"href":"https:\/\/www.laguiadepamplona.com\/actualidad\/wp-json\/wp\/v2\/categories?post=40081"},{"taxonomy":"post_tag","embeddable":true,"href":"https:\/\/www.laguiadepamplona.com\/actualidad\/wp-json\/wp\/v2\/tags?post=40081"}],"curies":[{"name":"wp","href":"https:\/\/api.w.org\/{rel}","templated":true}]}}