{"id":40076,"date":"2022-04-26T13:17:02","date_gmt":"2022-04-26T11:17:02","guid":{"rendered":"https:\/\/www.laguiadepamplona.com\/actualidad\/?p=40076"},"modified":"2023-04-11T11:48:16","modified_gmt":"2023-04-11T09:48:16","slug":"el-sistema-de-alquiler-de-bicicletas-electricas-del-ayuntamiento-de-pamplona-alcanza-las-20-000-personas-usuarias-tras-cuatro-meses-de-funcionamiento","status":"publish","type":"post","link":"https:\/\/www.laguiadepamplona.com\/actualidad\/el-sistema-de-alquiler-de-bicicletas-electricas-del-ayuntamiento-de-pamplona-alcanza-las-20-000-personas-usuarias-tras-cuatro-meses-de-funcionamiento\/","title":{"rendered":"El sistema de alquiler de bicicletas el\u00e9ctricas del Ayuntamiento de Pamplona alcanza las 20.000 personas usuarias tras cuatro meses de funcionamiento"},"content":{"rendered":"<h5>Pamplona ha evitado emitir a la atm\u00f3sfera 50 toneladas de CO<sub>2<\/sub> gracias a los 197.000 kil\u00f3metros recorridos con estas bicicletas<\/h5>\n<p><!--more--><\/p>\n<p>El pasado mes de diciembre se puso en marcha el sistema de alquiler de bicicletas el\u00e9ctricas del Ayuntamiento de Pamplona. Desde entonces, en estos cuatro meses, m\u00e1s de 20.000 personas diferentes han utilizado al menos una vez las bicicletas de este servicio municipal. Pamplona tiene en funcionamiento 41 estaciones y 400 bicicletas a disposici\u00f3n de la ciudadan\u00eda.<br \/>\n<script async src=\"\/\/pagead2.googlesyndication.com\/pagead\/js\/adsbygoogle.js\"><\/script><br \/>\n<!-- Noticias La Guia de Pamplona --><br \/>\n<ins class=\"adsbygoogle\"\nstyle=\"display:block\"\ndata-ad-client=\"ca-pub-6943679897239327\"\ndata-ad-slot=\"7048180777\"\ndata-ad-format=\"auto\"><\/ins><br \/>\n<script>\n(adsbygoogle = window.adsbygoogle || []).push({});\n<\/script><\/p>\n<p>El crecimiento durante estos meses ha sido sostenido, con los tres primeros d\u00edas como fechas con m\u00e1s altas en el sistema (se acumularon 1.073, 776 y 456 altas, respectivamente) y despu\u00e9s con picos sobre todo los fines de semana. Este nuevo servicio apuesta por el fomento de la movilidad sostenible y por ofrecer a la ciudadan\u00eda una forma de transporte \u00e1gil, c\u00f3moda y beneficiosa para la salud y para el medio ambiente. En total, se han recorrido en estos cuatro meses 197.000 kil\u00f3metros, el equivalente a dar 5 veces la vuelta a la Tierra, y se ha evitado emitir a la atm\u00f3sfera 50 toneladas de CO<sub>2<\/sub>, seg\u00fan c\u00e1lculos basados en los datos que proporciona la Federaci\u00f3n Europea de Ciclismo (ECF) para estimar las emisiones de CO<sub>2<\/sub> de una persona que se desplaza en bicicleta el\u00e9ctrica y una persona que se desplaza en un coche de combusti\u00f3n.<\/p>\n<p>Estas 50 toneladas de CO<sub>2<\/sub> evitadas son equivalentes a la huella de carbono que corresponde a 9 personas durante todo un a\u00f1o en nuestra ciudad, en la que la media de toneladas de CO<sub>2<\/sub> emitidas es de 5,6 por habitante y a\u00f1o. Este sistema de bicicleta el\u00e9ctrica compartida se enmarca, por tanto, entre las principales estrategias para descarbonizar el sector del transporte incluidas en la Estrategia \u2018Go Green Pamplona\u2019 de transici\u00f3n energ\u00e9tica y cambio clim\u00e1tico, que engloba las materias de lucha contra el cambio clim\u00e1tico que desarrolla nuestra ciudad respondiendo a los compromisos europeos e internacionales en esta materia.<br \/>\n<script async src=\"\/\/pagead2.googlesyndication.com\/pagead\/js\/adsbygoogle.js\"><\/script><br \/>\n<!-- Noticias La Guia de Pamplona --><br \/>\n<ins class=\"adsbygoogle\"\nstyle=\"display:block\"\ndata-ad-client=\"ca-pub-6943679897239327\"\ndata-ad-slot=\"7048180777\"\ndata-ad-format=\"auto\"><\/ins><br \/>\n<script>\n(adsbygoogle = window.adsbygoogle || []).push({});\n<\/script><\/p>\n<p>En estos cuatro meses de funcionamiento del sistema, se han realizado m\u00e1s de 78.000 viajes. El 85% de esos trayectos han recorrido entre 1 y 5 kil\u00f3metros. Sobre el tiempo de uso de cada bicicleta, el 47% tuvo una duraci\u00f3n entre 4 y 10 minutos y el 39,5% de los viajes, entre los 11 y los 20 minutos. La base m\u00e1s utilizada sigue siendo la de Carlos III junto al Teatro Gayarre. Le siguen otras bases como la de la calle Sang\u00fcesa, la plaza Compa\u00f1\u00eda, P\u00edo XII (Larraona), Mendillorri Bajo, Universidad de Navarra, avenida de Catalu\u00f1a y la ubicada en la calle Benjam\u00edn de Tudela.<\/p>\n<p>Puede utilizar las bicicletas cualquier persona que tenga al menos 16 a\u00f1os y se haya registrado en el sistema (en el caso de menores de 18 a\u00f1os, es necesaria una autorizaci\u00f3n firmada por el responsable legal). Las bicicletas el\u00e9ctricas est\u00e1n disponibles las 24 horas al d\u00eda, los 7 d\u00edas de la semana, excepto en Sanfermines o en d\u00edas en los que las condiciones meteorol\u00f3gicas sean muy adversas (en cuyo caso se avisar\u00e1 a las personas usuarias). Toda la informaci\u00f3n se puede consultar en <a href=\"http:\/\/www.pamplona.es\/bicielectrica\" target=\"_blank\" rel=\"noopener\">www.pamplona.es\/bicielectrica<\/a>, en la app Ride On ES o en la web <a href=\"http:\/\/www.rideonpamplona.com\" target=\"_blank\" rel=\"noopener\">www.rideonpamplona.com<\/a>.<\/p>\n","protected":false},"excerpt":{"rendered":"<p>Pamplona ha evitado emitir a la atm\u00f3sfera 50 toneladas de CO2 gracias a los 197.000 kil\u00f3metros recorridos con estas bicicletas<\/p>\n","protected":false},"author":1,"featured_media":37964,"comment_status":"open","ping_status":"closed","sticky":false,"template":"","format":"standard","meta":{"footnotes":""},"categories":[2],"tags":[],"class_list":["post-40076","post","type-post","status-publish","format-standard","has-post-thumbnail","hentry","category-ayuntamiento-pamplona"],"yoast_head":"<!-- This site is optimized with the Yoast SEO plugin v27.3 - https:\/\/yoast.com\/product\/yoast-seo-wordpress\/ -->\n<title>El sistema de alquiler de bicicletas el\u00e9ctricas del Ayuntamiento de Pamplona alcanza las 20.000 personas usuarias tras cuatro meses de funcionamiento<\/title>\n<meta name=\"description\" content=\"Pamplona ha evitado emitir a la atm\u00f3sfera 50 toneladas de CO2 gracias a los 197.000 kil\u00f3metros recorridos con estas bicicletas\" \/>\n<meta name=\"robots\" content=\"index, follow, max-snippet:-1, max-image-preview:large, max-video-preview:-1\" \/>\n<link rel=\"canonical\" href=\"https:\/\/www.laguiadepamplona.com\/actualidad\/el-sistema-de-alquiler-de-bicicletas-electricas-del-ayuntamiento-de-pamplona-alcanza-las-20-000-personas-usuarias-tras-cuatro-meses-de-funcionamiento\/\" \/>\n<meta property=\"og:locale\" content=\"es_ES\" \/>\n<meta property=\"og:type\" content=\"article\" \/>\n<meta property=\"og:title\" content=\"El sistema de alquiler de bicicletas el\u00e9ctricas del Ayuntamiento de Pamplona alcanza las 20.000 personas usuarias tras cuatro meses de funcionamiento\" \/>\n<meta property=\"og:description\" content=\"Pamplona ha evitado emitir a la atm\u00f3sfera 50 toneladas de CO2 gracias a los 197.000 kil\u00f3metros recorridos con estas bicicletas\" \/>\n<meta property=\"og:url\" content=\"https:\/\/www.laguiadepamplona.com\/actualidad\/el-sistema-de-alquiler-de-bicicletas-electricas-del-ayuntamiento-de-pamplona-alcanza-las-20-000-personas-usuarias-tras-cuatro-meses-de-funcionamiento\/\" \/>\n<meta property=\"og:site_name\" content=\"La Gu\u00eda de Pamplona\" \/>\n<meta property=\"article:publisher\" content=\"https:\/\/www.facebook.com\/laguiadepamplonacom-133175176762273\/?ref=hl\" \/>\n<meta property=\"article:published_time\" content=\"2022-04-26T11:17:02+00:00\" \/>\n<meta property=\"article:modified_time\" content=\"2023-04-11T09:48:16+00:00\" \/>\n<meta property=\"og:image\" content=\"https:\/\/www.laguiadepamplona.com\/actualidad\/wp-content\/uploads\/2021\/12\/servbiciseectricasee5a7855.jpg\" \/>\n\t<meta property=\"og:image:width\" content=\"1920\" \/>\n\t<meta property=\"og:image:height\" content=\"1286\" \/>\n\t<meta property=\"og:image:type\" content=\"image\/jpeg\" \/>\n<meta name=\"author\" content=\"La Gu\u00eda de Pamplona\" \/>\n<meta name=\"twitter:card\" content=\"summary_large_image\" \/>\n<meta name=\"twitter:creator\" content=\"@LaGuiadPamplona\" \/>\n<meta name=\"twitter:site\" content=\"@LaGuiadPamplona\" \/>\n<meta name=\"twitter:label1\" content=\"Escrito por\" \/>\n\t<meta name=\"twitter:data1\" content=\"La Gu\u00eda de Pamplona\" \/>\n\t<meta name=\"twitter:label2\" content=\"Tiempo de lectura\" \/>\n\t<meta name=\"twitter:data2\" content=\"3 minutos\" \/>\n<script type=\"application\/ld+json\" class=\"yoast-schema-graph\">{\"@context\":\"https:\\\/\\\/schema.org\",\"@graph\":[{\"@type\":\"Article\",\"@id\":\"https:\\\/\\\/www.laguiadepamplona.com\\\/actualidad\\\/el-sistema-de-alquiler-de-bicicletas-electricas-del-ayuntamiento-de-pamplona-alcanza-las-20-000-personas-usuarias-tras-cuatro-meses-de-funcionamiento\\\/#article\",\"isPartOf\":{\"@id\":\"https:\\\/\\\/www.laguiadepamplona.com\\\/actualidad\\\/el-sistema-de-alquiler-de-bicicletas-electricas-del-ayuntamiento-de-pamplona-alcanza-las-20-000-personas-usuarias-tras-cuatro-meses-de-funcionamiento\\\/\"},\"author\":{\"name\":\"La Gu\u00eda de Pamplona\",\"@id\":\"https:\\\/\\\/www.laguiadepamplona.com\\\/actualidad\\\/#\\\/schema\\\/person\\\/efe887376f0213d4657c93adc50b1fdb\"},\"headline\":\"El sistema de alquiler de bicicletas el\u00e9ctricas del Ayuntamiento de Pamplona alcanza las 20.000 personas usuarias tras cuatro meses de funcionamiento\",\"datePublished\":\"2022-04-26T11:17:02+00:00\",\"dateModified\":\"2023-04-11T09:48:16+00:00\",\"mainEntityOfPage\":{\"@id\":\"https:\\\/\\\/www.laguiadepamplona.com\\\/actualidad\\\/el-sistema-de-alquiler-de-bicicletas-electricas-del-ayuntamiento-de-pamplona-alcanza-las-20-000-personas-usuarias-tras-cuatro-meses-de-funcionamiento\\\/\"},\"wordCount\":564,\"commentCount\":0,\"publisher\":{\"@id\":\"https:\\\/\\\/www.laguiadepamplona.com\\\/actualidad\\\/#organization\"},\"image\":{\"@id\":\"https:\\\/\\\/www.laguiadepamplona.com\\\/actualidad\\\/el-sistema-de-alquiler-de-bicicletas-electricas-del-ayuntamiento-de-pamplona-alcanza-las-20-000-personas-usuarias-tras-cuatro-meses-de-funcionamiento\\\/#primaryimage\"},\"thumbnailUrl\":\"https:\\\/\\\/www.laguiadepamplona.com\\\/actualidad\\\/wp-content\\\/uploads\\\/2021\\\/12\\\/servbiciseectricasee5a7855.jpg\",\"articleSection\":[\"Ayto Pamplona\"],\"inLanguage\":\"es\",\"potentialAction\":[{\"@type\":\"CommentAction\",\"name\":\"Comment\",\"target\":[\"https:\\\/\\\/www.laguiadepamplona.com\\\/actualidad\\\/el-sistema-de-alquiler-de-bicicletas-electricas-del-ayuntamiento-de-pamplona-alcanza-las-20-000-personas-usuarias-tras-cuatro-meses-de-funcionamiento\\\/#respond\"]}]},{\"@type\":\"WebPage\",\"@id\":\"https:\\\/\\\/www.laguiadepamplona.com\\\/actualidad\\\/el-sistema-de-alquiler-de-bicicletas-electricas-del-ayuntamiento-de-pamplona-alcanza-las-20-000-personas-usuarias-tras-cuatro-meses-de-funcionamiento\\\/\",\"url\":\"https:\\\/\\\/www.laguiadepamplona.com\\\/actualidad\\\/el-sistema-de-alquiler-de-bicicletas-electricas-del-ayuntamiento-de-pamplona-alcanza-las-20-000-personas-usuarias-tras-cuatro-meses-de-funcionamiento\\\/\",\"name\":\"El sistema de alquiler de bicicletas el\u00e9ctricas del Ayuntamiento de Pamplona alcanza las 20.000 personas usuarias tras cuatro meses de funcionamiento\",\"isPartOf\":{\"@id\":\"https:\\\/\\\/www.laguiadepamplona.com\\\/actualidad\\\/#website\"},\"primaryImageOfPage\":{\"@id\":\"https:\\\/\\\/www.laguiadepamplona.com\\\/actualidad\\\/el-sistema-de-alquiler-de-bicicletas-electricas-del-ayuntamiento-de-pamplona-alcanza-las-20-000-personas-usuarias-tras-cuatro-meses-de-funcionamiento\\\/#primaryimage\"},\"image\":{\"@id\":\"https:\\\/\\\/www.laguiadepamplona.com\\\/actualidad\\\/el-sistema-de-alquiler-de-bicicletas-electricas-del-ayuntamiento-de-pamplona-alcanza-las-20-000-personas-usuarias-tras-cuatro-meses-de-funcionamiento\\\/#primaryimage\"},\"thumbnailUrl\":\"https:\\\/\\\/www.laguiadepamplona.com\\\/actualidad\\\/wp-content\\\/uploads\\\/2021\\\/12\\\/servbiciseectricasee5a7855.jpg\",\"datePublished\":\"2022-04-26T11:17:02+00:00\",\"dateModified\":\"2023-04-11T09:48:16+00:00\",\"description\":\"Pamplona ha evitado emitir a la atm\u00f3sfera 50 toneladas de CO2 gracias a los 197.000 kil\u00f3metros recorridos con estas bicicletas\",\"breadcrumb\":{\"@id\":\"https:\\\/\\\/www.laguiadepamplona.com\\\/actualidad\\\/el-sistema-de-alquiler-de-bicicletas-electricas-del-ayuntamiento-de-pamplona-alcanza-las-20-000-personas-usuarias-tras-cuatro-meses-de-funcionamiento\\\/#breadcrumb\"},\"inLanguage\":\"es\",\"potentialAction\":[{\"@type\":\"ReadAction\",\"target\":[\"https:\\\/\\\/www.laguiadepamplona.com\\\/actualidad\\\/el-sistema-de-alquiler-de-bicicletas-electricas-del-ayuntamiento-de-pamplona-alcanza-las-20-000-personas-usuarias-tras-cuatro-meses-de-funcionamiento\\\/\"]}]},{\"@type\":\"ImageObject\",\"inLanguage\":\"es\",\"@id\":\"https:\\\/\\\/www.laguiadepamplona.com\\\/actualidad\\\/el-sistema-de-alquiler-de-bicicletas-electricas-del-ayuntamiento-de-pamplona-alcanza-las-20-000-personas-usuarias-tras-cuatro-meses-de-funcionamiento\\\/#primaryimage\",\"url\":\"https:\\\/\\\/www.laguiadepamplona.com\\\/actualidad\\\/wp-content\\\/uploads\\\/2021\\\/12\\\/servbiciseectricasee5a7855.jpg\",\"contentUrl\":\"https:\\\/\\\/www.laguiadepamplona.com\\\/actualidad\\\/wp-content\\\/uploads\\\/2021\\\/12\\\/servbiciseectricasee5a7855.jpg\",\"width\":1920,\"height\":1286},{\"@type\":\"BreadcrumbList\",\"@id\":\"https:\\\/\\\/www.laguiadepamplona.com\\\/actualidad\\\/el-sistema-de-alquiler-de-bicicletas-electricas-del-ayuntamiento-de-pamplona-alcanza-las-20-000-personas-usuarias-tras-cuatro-meses-de-funcionamiento\\\/#breadcrumb\",\"itemListElement\":[{\"@type\":\"ListItem\",\"position\":1,\"name\":\"Portada\",\"item\":\"https:\\\/\\\/www.laguiadepamplona.com\\\/actualidad\\\/\"},{\"@type\":\"ListItem\",\"position\":2,\"name\":\"El sistema de alquiler de bicicletas el\u00e9ctricas del Ayuntamiento de Pamplona alcanza las 20.000 personas usuarias tras cuatro meses de funcionamiento\"}]},{\"@type\":\"WebSite\",\"@id\":\"https:\\\/\\\/www.laguiadepamplona.com\\\/actualidad\\\/#website\",\"url\":\"https:\\\/\\\/www.laguiadepamplona.com\\\/actualidad\\\/\",\"name\":\"La gu\u00eda de Pamplona\",\"description\":\"Noticias de Pamplona\",\"publisher\":{\"@id\":\"https:\\\/\\\/www.laguiadepamplona.com\\\/actualidad\\\/#organization\"},\"potentialAction\":[{\"@type\":\"SearchAction\",\"target\":{\"@type\":\"EntryPoint\",\"urlTemplate\":\"https:\\\/\\\/www.laguiadepamplona.com\\\/actualidad\\\/?s={search_term_string}\"},\"query-input\":{\"@type\":\"PropertyValueSpecification\",\"valueRequired\":true,\"valueName\":\"search_term_string\"}}],\"inLanguage\":\"es\"},{\"@type\":\"Organization\",\"@id\":\"https:\\\/\\\/www.laguiadepamplona.com\\\/actualidad\\\/#organization\",\"name\":\"La Gu\u00eda de Pamplona \\\/ Noticias\",\"url\":\"https:\\\/\\\/www.laguiadepamplona.com\\\/actualidad\\\/\",\"logo\":{\"@type\":\"ImageObject\",\"inLanguage\":\"es\",\"@id\":\"https:\\\/\\\/www.laguiadepamplona.com\\\/actualidad\\\/#\\\/schema\\\/logo\\\/image\\\/\",\"url\":\"https:\\\/\\\/www.laguiadepamplona.com\\\/actualidad\\\/wp-content\\\/uploads\\\/2018\\\/11\\\/logo-laguiadepamplona18-web1.png\",\"contentUrl\":\"https:\\\/\\\/www.laguiadepamplona.com\\\/actualidad\\\/wp-content\\\/uploads\\\/2018\\\/11\\\/logo-laguiadepamplona18-web1.png\",\"width\":600,\"height\":196,\"caption\":\"La Gu\u00eda de Pamplona \\\/ Noticias\"},\"image\":{\"@id\":\"https:\\\/\\\/www.laguiadepamplona.com\\\/actualidad\\\/#\\\/schema\\\/logo\\\/image\\\/\"},\"sameAs\":[\"https:\\\/\\\/www.facebook.com\\\/laguiadepamplonacom-133175176762273\\\/?ref=hl\",\"https:\\\/\\\/x.com\\\/LaGuiadPamplona\",\"https:\\\/\\\/www.instagram.com\\\/la_guia_de_pamplona\\\/\",\"https:\\\/\\\/www.youtube.com\\\/user\\\/laguiadepamplona\"]},{\"@type\":\"Person\",\"@id\":\"https:\\\/\\\/www.laguiadepamplona.com\\\/actualidad\\\/#\\\/schema\\\/person\\\/efe887376f0213d4657c93adc50b1fdb\",\"name\":\"La Gu\u00eda de Pamplona\",\"image\":{\"@type\":\"ImageObject\",\"inLanguage\":\"es\",\"@id\":\"https:\\\/\\\/secure.gravatar.com\\\/avatar\\\/b6992f131dc8d30ab0dff15446e9d346d9dbd95992de0fef795073f5ea83a81c?s=96&d=mm&r=g\",\"url\":\"https:\\\/\\\/secure.gravatar.com\\\/avatar\\\/b6992f131dc8d30ab0dff15446e9d346d9dbd95992de0fef795073f5ea83a81c?s=96&d=mm&r=g\",\"contentUrl\":\"https:\\\/\\\/secure.gravatar.com\\\/avatar\\\/b6992f131dc8d30ab0dff15446e9d346d9dbd95992de0fef795073f5ea83a81c?s=96&d=mm&r=g\",\"caption\":\"La Gu\u00eda de Pamplona\"}}]}<\/script>\n<!-- \/ Yoast SEO plugin. -->","yoast_head_json":{"title":"El sistema de alquiler de bicicletas el\u00e9ctricas del Ayuntamiento de Pamplona alcanza las 20.000 personas usuarias tras cuatro meses de funcionamiento","description":"Pamplona ha evitado emitir a la atm\u00f3sfera 50 toneladas de CO2 gracias a los 197.000 kil\u00f3metros recorridos con estas bicicletas","robots":{"index":"index","follow":"follow","max-snippet":"max-snippet:-1","max-image-preview":"max-image-preview:large","max-video-preview":"max-video-preview:-1"},"canonical":"https:\/\/www.laguiadepamplona.com\/actualidad\/el-sistema-de-alquiler-de-bicicletas-electricas-del-ayuntamiento-de-pamplona-alcanza-las-20-000-personas-usuarias-tras-cuatro-meses-de-funcionamiento\/","og_locale":"es_ES","og_type":"article","og_title":"El sistema de alquiler de bicicletas el\u00e9ctricas del Ayuntamiento de Pamplona alcanza las 20.000 personas usuarias tras cuatro meses de funcionamiento","og_description":"Pamplona ha evitado emitir a la atm\u00f3sfera 50 toneladas de CO2 gracias a los 197.000 kil\u00f3metros recorridos con estas bicicletas","og_url":"https:\/\/www.laguiadepamplona.com\/actualidad\/el-sistema-de-alquiler-de-bicicletas-electricas-del-ayuntamiento-de-pamplona-alcanza-las-20-000-personas-usuarias-tras-cuatro-meses-de-funcionamiento\/","og_site_name":"La Gu\u00eda de Pamplona","article_publisher":"https:\/\/www.facebook.com\/laguiadepamplonacom-133175176762273\/?ref=hl","article_published_time":"2022-04-26T11:17:02+00:00","article_modified_time":"2023-04-11T09:48:16+00:00","og_image":[{"width":1920,"height":1286,"url":"https:\/\/www.laguiadepamplona.com\/actualidad\/wp-content\/uploads\/2021\/12\/servbiciseectricasee5a7855.jpg","type":"image\/jpeg"}],"author":"La Gu\u00eda de Pamplona","twitter_card":"summary_large_image","twitter_creator":"@LaGuiadPamplona","twitter_site":"@LaGuiadPamplona","twitter_misc":{"Escrito por":"La Gu\u00eda de Pamplona","Tiempo de lectura":"3 minutos"},"schema":{"@context":"https:\/\/schema.org","@graph":[{"@type":"Article","@id":"https:\/\/www.laguiadepamplona.com\/actualidad\/el-sistema-de-alquiler-de-bicicletas-electricas-del-ayuntamiento-de-pamplona-alcanza-las-20-000-personas-usuarias-tras-cuatro-meses-de-funcionamiento\/#article","isPartOf":{"@id":"https:\/\/www.laguiadepamplona.com\/actualidad\/el-sistema-de-alquiler-de-bicicletas-electricas-del-ayuntamiento-de-pamplona-alcanza-las-20-000-personas-usuarias-tras-cuatro-meses-de-funcionamiento\/"},"author":{"name":"La Gu\u00eda de Pamplona","@id":"https:\/\/www.laguiadepamplona.com\/actualidad\/#\/schema\/person\/efe887376f0213d4657c93adc50b1fdb"},"headline":"El sistema de alquiler de bicicletas el\u00e9ctricas del Ayuntamiento de Pamplona alcanza las 20.000 personas usuarias tras cuatro meses de funcionamiento","datePublished":"2022-04-26T11:17:02+00:00","dateModified":"2023-04-11T09:48:16+00:00","mainEntityOfPage":{"@id":"https:\/\/www.laguiadepamplona.com\/actualidad\/el-sistema-de-alquiler-de-bicicletas-electricas-del-ayuntamiento-de-pamplona-alcanza-las-20-000-personas-usuarias-tras-cuatro-meses-de-funcionamiento\/"},"wordCount":564,"commentCount":0,"publisher":{"@id":"https:\/\/www.laguiadepamplona.com\/actualidad\/#organization"},"image":{"@id":"https:\/\/www.laguiadepamplona.com\/actualidad\/el-sistema-de-alquiler-de-bicicletas-electricas-del-ayuntamiento-de-pamplona-alcanza-las-20-000-personas-usuarias-tras-cuatro-meses-de-funcionamiento\/#primaryimage"},"thumbnailUrl":"https:\/\/www.laguiadepamplona.com\/actualidad\/wp-content\/uploads\/2021\/12\/servbiciseectricasee5a7855.jpg","articleSection":["Ayto Pamplona"],"inLanguage":"es","potentialAction":[{"@type":"CommentAction","name":"Comment","target":["https:\/\/www.laguiadepamplona.com\/actualidad\/el-sistema-de-alquiler-de-bicicletas-electricas-del-ayuntamiento-de-pamplona-alcanza-las-20-000-personas-usuarias-tras-cuatro-meses-de-funcionamiento\/#respond"]}]},{"@type":"WebPage","@id":"https:\/\/www.laguiadepamplona.com\/actualidad\/el-sistema-de-alquiler-de-bicicletas-electricas-del-ayuntamiento-de-pamplona-alcanza-las-20-000-personas-usuarias-tras-cuatro-meses-de-funcionamiento\/","url":"https:\/\/www.laguiadepamplona.com\/actualidad\/el-sistema-de-alquiler-de-bicicletas-electricas-del-ayuntamiento-de-pamplona-alcanza-las-20-000-personas-usuarias-tras-cuatro-meses-de-funcionamiento\/","name":"El sistema de alquiler de bicicletas el\u00e9ctricas del Ayuntamiento de Pamplona alcanza las 20.000 personas usuarias tras cuatro meses de funcionamiento","isPartOf":{"@id":"https:\/\/www.laguiadepamplona.com\/actualidad\/#website"},"primaryImageOfPage":{"@id":"https:\/\/www.laguiadepamplona.com\/actualidad\/el-sistema-de-alquiler-de-bicicletas-electricas-del-ayuntamiento-de-pamplona-alcanza-las-20-000-personas-usuarias-tras-cuatro-meses-de-funcionamiento\/#primaryimage"},"image":{"@id":"https:\/\/www.laguiadepamplona.com\/actualidad\/el-sistema-de-alquiler-de-bicicletas-electricas-del-ayuntamiento-de-pamplona-alcanza-las-20-000-personas-usuarias-tras-cuatro-meses-de-funcionamiento\/#primaryimage"},"thumbnailUrl":"https:\/\/www.laguiadepamplona.com\/actualidad\/wp-content\/uploads\/2021\/12\/servbiciseectricasee5a7855.jpg","datePublished":"2022-04-26T11:17:02+00:00","dateModified":"2023-04-11T09:48:16+00:00","description":"Pamplona ha evitado emitir a la atm\u00f3sfera 50 toneladas de CO2 gracias a los 197.000 kil\u00f3metros recorridos con estas bicicletas","breadcrumb":{"@id":"https:\/\/www.laguiadepamplona.com\/actualidad\/el-sistema-de-alquiler-de-bicicletas-electricas-del-ayuntamiento-de-pamplona-alcanza-las-20-000-personas-usuarias-tras-cuatro-meses-de-funcionamiento\/#breadcrumb"},"inLanguage":"es","potentialAction":[{"@type":"ReadAction","target":["https:\/\/www.laguiadepamplona.com\/actualidad\/el-sistema-de-alquiler-de-bicicletas-electricas-del-ayuntamiento-de-pamplona-alcanza-las-20-000-personas-usuarias-tras-cuatro-meses-de-funcionamiento\/"]}]},{"@type":"ImageObject","inLanguage":"es","@id":"https:\/\/www.laguiadepamplona.com\/actualidad\/el-sistema-de-alquiler-de-bicicletas-electricas-del-ayuntamiento-de-pamplona-alcanza-las-20-000-personas-usuarias-tras-cuatro-meses-de-funcionamiento\/#primaryimage","url":"https:\/\/www.laguiadepamplona.com\/actualidad\/wp-content\/uploads\/2021\/12\/servbiciseectricasee5a7855.jpg","contentUrl":"https:\/\/www.laguiadepamplona.com\/actualidad\/wp-content\/uploads\/2021\/12\/servbiciseectricasee5a7855.jpg","width":1920,"height":1286},{"@type":"BreadcrumbList","@id":"https:\/\/www.laguiadepamplona.com\/actualidad\/el-sistema-de-alquiler-de-bicicletas-electricas-del-ayuntamiento-de-pamplona-alcanza-las-20-000-personas-usuarias-tras-cuatro-meses-de-funcionamiento\/#breadcrumb","itemListElement":[{"@type":"ListItem","position":1,"name":"Portada","item":"https:\/\/www.laguiadepamplona.com\/actualidad\/"},{"@type":"ListItem","position":2,"name":"El sistema de alquiler de bicicletas el\u00e9ctricas del Ayuntamiento de Pamplona alcanza las 20.000 personas usuarias tras cuatro meses de funcionamiento"}]},{"@type":"WebSite","@id":"https:\/\/www.laguiadepamplona.com\/actualidad\/#website","url":"https:\/\/www.laguiadepamplona.com\/actualidad\/","name":"La gu\u00eda de Pamplona","description":"Noticias de Pamplona","publisher":{"@id":"https:\/\/www.laguiadepamplona.com\/actualidad\/#organization"},"potentialAction":[{"@type":"SearchAction","target":{"@type":"EntryPoint","urlTemplate":"https:\/\/www.laguiadepamplona.com\/actualidad\/?s={search_term_string}"},"query-input":{"@type":"PropertyValueSpecification","valueRequired":true,"valueName":"search_term_string"}}],"inLanguage":"es"},{"@type":"Organization","@id":"https:\/\/www.laguiadepamplona.com\/actualidad\/#organization","name":"La Gu\u00eda de Pamplona \/ Noticias","url":"https:\/\/www.laguiadepamplona.com\/actualidad\/","logo":{"@type":"ImageObject","inLanguage":"es","@id":"https:\/\/www.laguiadepamplona.com\/actualidad\/#\/schema\/logo\/image\/","url":"https:\/\/www.laguiadepamplona.com\/actualidad\/wp-content\/uploads\/2018\/11\/logo-laguiadepamplona18-web1.png","contentUrl":"https:\/\/www.laguiadepamplona.com\/actualidad\/wp-content\/uploads\/2018\/11\/logo-laguiadepamplona18-web1.png","width":600,"height":196,"caption":"La Gu\u00eda de Pamplona \/ Noticias"},"image":{"@id":"https:\/\/www.laguiadepamplona.com\/actualidad\/#\/schema\/logo\/image\/"},"sameAs":["https:\/\/www.facebook.com\/laguiadepamplonacom-133175176762273\/?ref=hl","https:\/\/x.com\/LaGuiadPamplona","https:\/\/www.instagram.com\/la_guia_de_pamplona\/","https:\/\/www.youtube.com\/user\/laguiadepamplona"]},{"@type":"Person","@id":"https:\/\/www.laguiadepamplona.com\/actualidad\/#\/schema\/person\/efe887376f0213d4657c93adc50b1fdb","name":"La Gu\u00eda de Pamplona","image":{"@type":"ImageObject","inLanguage":"es","@id":"https:\/\/secure.gravatar.com\/avatar\/b6992f131dc8d30ab0dff15446e9d346d9dbd95992de0fef795073f5ea83a81c?s=96&d=mm&r=g","url":"https:\/\/secure.gravatar.com\/avatar\/b6992f131dc8d30ab0dff15446e9d346d9dbd95992de0fef795073f5ea83a81c?s=96&d=mm&r=g","contentUrl":"https:\/\/secure.gravatar.com\/avatar\/b6992f131dc8d30ab0dff15446e9d346d9dbd95992de0fef795073f5ea83a81c?s=96&d=mm&r=g","caption":"La Gu\u00eda de Pamplona"}}]}},"post_mailing_queue_ids":[],"_links":{"self":[{"href":"https:\/\/www.laguiadepamplona.com\/actualidad\/wp-json\/wp\/v2\/posts\/40076","targetHints":{"allow":["GET"]}}],"collection":[{"href":"https:\/\/www.laguiadepamplona.com\/actualidad\/wp-json\/wp\/v2\/posts"}],"about":[{"href":"https:\/\/www.laguiadepamplona.com\/actualidad\/wp-json\/wp\/v2\/types\/post"}],"author":[{"embeddable":true,"href":"https:\/\/www.laguiadepamplona.com\/actualidad\/wp-json\/wp\/v2\/users\/1"}],"replies":[{"embeddable":true,"href":"https:\/\/www.laguiadepamplona.com\/actualidad\/wp-json\/wp\/v2\/comments?post=40076"}],"version-history":[{"count":0,"href":"https:\/\/www.laguiadepamplona.com\/actualidad\/wp-json\/wp\/v2\/posts\/40076\/revisions"}],"wp:featuredmedia":[{"embeddable":true,"href":"https:\/\/www.laguiadepamplona.com\/actualidad\/wp-json\/wp\/v2\/media\/37964"}],"wp:attachment":[{"href":"https:\/\/www.laguiadepamplona.com\/actualidad\/wp-json\/wp\/v2\/media?parent=40076"}],"wp:term":[{"taxonomy":"category","embeddable":true,"href":"https:\/\/www.laguiadepamplona.com\/actualidad\/wp-json\/wp\/v2\/categories?post=40076"},{"taxonomy":"post_tag","embeddable":true,"href":"https:\/\/www.laguiadepamplona.com\/actualidad\/wp-json\/wp\/v2\/tags?post=40076"}],"curies":[{"name":"wp","href":"https:\/\/api.w.org\/{rel}","templated":true}]}}