{"id":40074,"date":"2022-04-26T13:16:01","date_gmt":"2022-04-26T11:16:01","guid":{"rendered":"https:\/\/www.laguiadepamplona.com\/actualidad\/?p=40074"},"modified":"2023-04-11T11:48:16","modified_gmt":"2023-04-11T09:48:16","slug":"la-fachada-de-la-casa-consistorial-se-iluminara-manana-miercoles-de-verde-oscuro-y-naranja-por-el-dia-nacional-de-la-fibrosis-quistica","status":"publish","type":"post","link":"https:\/\/www.laguiadepamplona.com\/actualidad\/la-fachada-de-la-casa-consistorial-se-iluminara-manana-miercoles-de-verde-oscuro-y-naranja-por-el-dia-nacional-de-la-fibrosis-quistica\/","title":{"rendered":"La fachada de la Casa Consistorial se iluminar\u00e1 ma\u00f1ana mi\u00e9rcoles de verde oscuro y naranja por el D\u00eda Nacional de la Fibrosis Qu\u00edstica"},"content":{"rendered":"<p><!--more--><\/p>\n<p>El Ayuntamiento de Pamplona se une ma\u00f1ana mi\u00e9rcoles a la celebraci\u00f3n del D\u00eda Nacional de la Fibrosis Qu\u00edstica e iluminar\u00e1 la fachada de la Casa Consistorial con los colores verde oscuro y naranja. Esta solicitud de iluminaci\u00f3n ha llegado al Ayuntamiento desde la Asociaci\u00f3n Navarra contra la Fibrosis Qu\u00edstica.<br \/>\n<script async src=\"\/\/pagead2.googlesyndication.com\/pagead\/js\/adsbygoogle.js\"><\/script><br \/>\n<!-- Noticias La Guia de Pamplona --><br \/>\n<ins class=\"adsbygoogle\"\nstyle=\"display:block\"\ndata-ad-client=\"ca-pub-6943679897239327\"\ndata-ad-slot=\"7048180777\"\ndata-ad-format=\"auto\"><\/ins><br \/>\n<script>\n(adsbygoogle = window.adsbygoogle || []).push({});\n<\/script><\/p>\n<p>La fibrosis qu\u00edstica es una enfermedad cr\u00f3nica y hereditaria que representa un grave problema de salud. Es una enfermedad degenerativa que afecta principalmente a los sistemas respiratorio y digestivo. Consiste en una alteraci\u00f3n gen\u00e9tica que afecta a las zonas del cuerpo que producen secreciones, dando lugar a un espesamiento y disminuci\u00f3n del contenido de agua, sodio y cloro origin\u00e1ndose la obstrucci\u00f3n de los canales que transportan esas secreciones y permitiendo que dicho estancamiento produzca infecciones e inflamaciones que destruyen zonas del pulm\u00f3n, h\u00edgado, p\u00e1ncreas y sistema reproductor principalmente. Es una patolog\u00eda grave de tipo evolutivo con una esperanza de vida limitada y que hoy d\u00eda no tiene curaci\u00f3n.<\/p>\n<p>En los \u00faltimos a\u00f1os se ha avanzado mucho en el conocimiento y tratamiento de la enfermedad, pero, a pesar de eso, sigue siendo una patolog\u00eda sin curaci\u00f3n. Cuando la enfermedad se encuentra en un estadio muy avanzado, existe la posibilidad del trasplante pulmonar y\/o hep\u00e1tico. Se estima que la incidencia de la fibrosis qu\u00edstica es de un caso de cada 5.000 nacimientos, mientras que uno de cada 35 habitantes son portadores sanos de la enfermedad.<br \/>\n<script async src=\"\/\/pagead2.googlesyndication.com\/pagead\/js\/adsbygoogle.js\"><\/script><br \/>\n<!-- Noticias La Guia de Pamplona --><br \/>\n<ins class=\"adsbygoogle\"\nstyle=\"display:block\"\ndata-ad-client=\"ca-pub-6943679897239327\"\ndata-ad-slot=\"7048180777\"\ndata-ad-format=\"auto\"><\/ins><br \/>\n<script>\n(adsbygoogle = window.adsbygoogle || []).push({});\n<\/script><\/p>\n<p>La Asociaci\u00f3n Navarra contra la Fibrosis Qu\u00edstica se constituy\u00f3 el 24 de octubre de 1987 y fue inscrita en el Registro Nacional de Asociaciones el 24 de noviembre de 1988. Forma parte de COCEMFE (Confederaci\u00f3n Espa\u00f1ola de Personas con Discapacidad F\u00edsica y Org\u00e1nica), de la Plataforma de Organizaciones de Pacientes y de FEDER (Federaci\u00f3n Espa\u00f1ola de Enfermedades Raras) y est\u00e1 relacionada con organizaciones europeas, como Eurordis y la Asociaci\u00f3n Europea de Fibrosis Qu\u00edstica (CFE), o internacionales, como la Asociaci\u00f3n Internacional de Fibrosis Qu\u00edstica (CFW).<\/p>\n","protected":false},"excerpt":{"rendered":"","protected":false},"author":1,"featured_media":33755,"comment_status":"open","ping_status":"closed","sticky":false,"template":"","format":"standard","meta":{"footnotes":""},"categories":[2],"tags":[],"class_list":["post-40074","post","type-post","status-publish","format-standard","has-post-thumbnail","hentry","category-ayuntamiento-pamplona"],"yoast_head":"<!-- This site is optimized with the Yoast SEO plugin v27.5 - https:\/\/yoast.com\/product\/yoast-seo-wordpress\/ -->\n<title>La fachada de la Casa Consistorial se iluminar\u00e1 ma\u00f1ana mi\u00e9rcoles de verde oscuro y naranja por el D\u00eda Nacional de la Fibrosis Qu\u00edstica<\/title>\n<meta name=\"description\" content=\"La fibrosis qu\u00edstica es una enfermedad cr\u00f3nica y hereditaria que representa un grave problema de salud.\" \/>\n<meta name=\"robots\" content=\"index, follow, max-snippet:-1, max-image-preview:large, max-video-preview:-1\" \/>\n<link rel=\"canonical\" href=\"https:\/\/www.laguiadepamplona.com\/actualidad\/la-fachada-de-la-casa-consistorial-se-iluminara-manana-miercoles-de-verde-oscuro-y-naranja-por-el-dia-nacional-de-la-fibrosis-quistica\/\" \/>\n<meta property=\"og:locale\" content=\"es_ES\" \/>\n<meta property=\"og:type\" content=\"article\" \/>\n<meta property=\"og:title\" content=\"La fachada de la Casa Consistorial se iluminar\u00e1 ma\u00f1ana mi\u00e9rcoles de verde oscuro y naranja por el D\u00eda Nacional de la Fibrosis Qu\u00edstica\" \/>\n<meta property=\"og:description\" content=\"La fibrosis qu\u00edstica es una enfermedad cr\u00f3nica y hereditaria que representa un grave problema de salud.\" \/>\n<meta property=\"og:url\" content=\"https:\/\/www.laguiadepamplona.com\/actualidad\/la-fachada-de-la-casa-consistorial-se-iluminara-manana-miercoles-de-verde-oscuro-y-naranja-por-el-dia-nacional-de-la-fibrosis-quistica\/\" \/>\n<meta property=\"og:site_name\" content=\"La Gu\u00eda de Pamplona\" \/>\n<meta property=\"article:publisher\" content=\"https:\/\/www.facebook.com\/laguiadepamplonacom-133175176762273\/?ref=hl\" \/>\n<meta property=\"article:published_time\" content=\"2022-04-26T11:16:01+00:00\" \/>\n<meta property=\"article:modified_time\" content=\"2023-04-11T09:48:16+00:00\" \/>\n<meta property=\"og:image\" content=\"https:\/\/www.laguiadepamplona.com\/actualidad\/wp-content\/uploads\/2021\/03\/aytoverde_JGV1123.jpg\" \/>\n\t<meta property=\"og:image:width\" content=\"1920\" \/>\n\t<meta property=\"og:image:height\" content=\"1280\" \/>\n\t<meta property=\"og:image:type\" content=\"image\/jpeg\" \/>\n<meta name=\"author\" content=\"La Gu\u00eda de Pamplona\" \/>\n<meta name=\"twitter:card\" content=\"summary_large_image\" \/>\n<meta name=\"twitter:creator\" content=\"@LaGuiadPamplona\" \/>\n<meta name=\"twitter:site\" content=\"@LaGuiadPamplona\" \/>\n<meta name=\"twitter:label1\" content=\"Escrito por\" \/>\n\t<meta name=\"twitter:data1\" content=\"La Gu\u00eda de Pamplona\" \/>\n\t<meta name=\"twitter:label2\" content=\"Tiempo de lectura\" \/>\n\t<meta name=\"twitter:data2\" content=\"2 minutos\" \/>\n<script type=\"application\/ld+json\" class=\"yoast-schema-graph\">{\"@context\":\"https:\\\/\\\/schema.org\",\"@graph\":[{\"@type\":\"Article\",\"@id\":\"https:\\\/\\\/www.laguiadepamplona.com\\\/actualidad\\\/la-fachada-de-la-casa-consistorial-se-iluminara-manana-miercoles-de-verde-oscuro-y-naranja-por-el-dia-nacional-de-la-fibrosis-quistica\\\/#article\",\"isPartOf\":{\"@id\":\"https:\\\/\\\/www.laguiadepamplona.com\\\/actualidad\\\/la-fachada-de-la-casa-consistorial-se-iluminara-manana-miercoles-de-verde-oscuro-y-naranja-por-el-dia-nacional-de-la-fibrosis-quistica\\\/\"},\"author\":{\"name\":\"La Gu\u00eda de Pamplona\",\"@id\":\"https:\\\/\\\/www.laguiadepamplona.com\\\/actualidad\\\/#\\\/schema\\\/person\\\/efe887376f0213d4657c93adc50b1fdb\"},\"headline\":\"La fachada de la Casa Consistorial se iluminar\u00e1 ma\u00f1ana mi\u00e9rcoles de verde oscuro y naranja por el D\u00eda Nacional de la Fibrosis Qu\u00edstica\",\"datePublished\":\"2022-04-26T11:16:01+00:00\",\"dateModified\":\"2023-04-11T09:48:16+00:00\",\"mainEntityOfPage\":{\"@id\":\"https:\\\/\\\/www.laguiadepamplona.com\\\/actualidad\\\/la-fachada-de-la-casa-consistorial-se-iluminara-manana-miercoles-de-verde-oscuro-y-naranja-por-el-dia-nacional-de-la-fibrosis-quistica\\\/\"},\"wordCount\":376,\"commentCount\":0,\"publisher\":{\"@id\":\"https:\\\/\\\/www.laguiadepamplona.com\\\/actualidad\\\/#organization\"},\"image\":{\"@id\":\"https:\\\/\\\/www.laguiadepamplona.com\\\/actualidad\\\/la-fachada-de-la-casa-consistorial-se-iluminara-manana-miercoles-de-verde-oscuro-y-naranja-por-el-dia-nacional-de-la-fibrosis-quistica\\\/#primaryimage\"},\"thumbnailUrl\":\"https:\\\/\\\/www.laguiadepamplona.com\\\/actualidad\\\/wp-content\\\/uploads\\\/2021\\\/03\\\/aytoverde_JGV1123.jpg\",\"articleSection\":[\"Ayto Pamplona\"],\"inLanguage\":\"es\",\"potentialAction\":[{\"@type\":\"CommentAction\",\"name\":\"Comment\",\"target\":[\"https:\\\/\\\/www.laguiadepamplona.com\\\/actualidad\\\/la-fachada-de-la-casa-consistorial-se-iluminara-manana-miercoles-de-verde-oscuro-y-naranja-por-el-dia-nacional-de-la-fibrosis-quistica\\\/#respond\"]}]},{\"@type\":\"WebPage\",\"@id\":\"https:\\\/\\\/www.laguiadepamplona.com\\\/actualidad\\\/la-fachada-de-la-casa-consistorial-se-iluminara-manana-miercoles-de-verde-oscuro-y-naranja-por-el-dia-nacional-de-la-fibrosis-quistica\\\/\",\"url\":\"https:\\\/\\\/www.laguiadepamplona.com\\\/actualidad\\\/la-fachada-de-la-casa-consistorial-se-iluminara-manana-miercoles-de-verde-oscuro-y-naranja-por-el-dia-nacional-de-la-fibrosis-quistica\\\/\",\"name\":\"La fachada de la Casa Consistorial se iluminar\u00e1 ma\u00f1ana mi\u00e9rcoles de verde oscuro y naranja por el D\u00eda Nacional de la Fibrosis Qu\u00edstica\",\"isPartOf\":{\"@id\":\"https:\\\/\\\/www.laguiadepamplona.com\\\/actualidad\\\/#website\"},\"primaryImageOfPage\":{\"@id\":\"https:\\\/\\\/www.laguiadepamplona.com\\\/actualidad\\\/la-fachada-de-la-casa-consistorial-se-iluminara-manana-miercoles-de-verde-oscuro-y-naranja-por-el-dia-nacional-de-la-fibrosis-quistica\\\/#primaryimage\"},\"image\":{\"@id\":\"https:\\\/\\\/www.laguiadepamplona.com\\\/actualidad\\\/la-fachada-de-la-casa-consistorial-se-iluminara-manana-miercoles-de-verde-oscuro-y-naranja-por-el-dia-nacional-de-la-fibrosis-quistica\\\/#primaryimage\"},\"thumbnailUrl\":\"https:\\\/\\\/www.laguiadepamplona.com\\\/actualidad\\\/wp-content\\\/uploads\\\/2021\\\/03\\\/aytoverde_JGV1123.jpg\",\"datePublished\":\"2022-04-26T11:16:01+00:00\",\"dateModified\":\"2023-04-11T09:48:16+00:00\",\"description\":\"La fibrosis qu\u00edstica es una enfermedad cr\u00f3nica y hereditaria que representa un grave problema de salud.\",\"breadcrumb\":{\"@id\":\"https:\\\/\\\/www.laguiadepamplona.com\\\/actualidad\\\/la-fachada-de-la-casa-consistorial-se-iluminara-manana-miercoles-de-verde-oscuro-y-naranja-por-el-dia-nacional-de-la-fibrosis-quistica\\\/#breadcrumb\"},\"inLanguage\":\"es\",\"potentialAction\":[{\"@type\":\"ReadAction\",\"target\":[\"https:\\\/\\\/www.laguiadepamplona.com\\\/actualidad\\\/la-fachada-de-la-casa-consistorial-se-iluminara-manana-miercoles-de-verde-oscuro-y-naranja-por-el-dia-nacional-de-la-fibrosis-quistica\\\/\"]}]},{\"@type\":\"ImageObject\",\"inLanguage\":\"es\",\"@id\":\"https:\\\/\\\/www.laguiadepamplona.com\\\/actualidad\\\/la-fachada-de-la-casa-consistorial-se-iluminara-manana-miercoles-de-verde-oscuro-y-naranja-por-el-dia-nacional-de-la-fibrosis-quistica\\\/#primaryimage\",\"url\":\"https:\\\/\\\/www.laguiadepamplona.com\\\/actualidad\\\/wp-content\\\/uploads\\\/2021\\\/03\\\/aytoverde_JGV1123.jpg\",\"contentUrl\":\"https:\\\/\\\/www.laguiadepamplona.com\\\/actualidad\\\/wp-content\\\/uploads\\\/2021\\\/03\\\/aytoverde_JGV1123.jpg\",\"width\":1920,\"height\":1280,\"caption\":\"A* Jes\u00fas Garzaron F* 2020_11_19 T* Fachada del Ayuntamiento iluminada de verde L* Ayuntamiento de Pamplona\"},{\"@type\":\"BreadcrumbList\",\"@id\":\"https:\\\/\\\/www.laguiadepamplona.com\\\/actualidad\\\/la-fachada-de-la-casa-consistorial-se-iluminara-manana-miercoles-de-verde-oscuro-y-naranja-por-el-dia-nacional-de-la-fibrosis-quistica\\\/#breadcrumb\",\"itemListElement\":[{\"@type\":\"ListItem\",\"position\":1,\"name\":\"Portada\",\"item\":\"https:\\\/\\\/www.laguiadepamplona.com\\\/actualidad\\\/\"},{\"@type\":\"ListItem\",\"position\":2,\"name\":\"La fachada de la Casa Consistorial se iluminar\u00e1 ma\u00f1ana mi\u00e9rcoles de verde oscuro y naranja por el D\u00eda Nacional de la Fibrosis Qu\u00edstica\"}]},{\"@type\":\"WebSite\",\"@id\":\"https:\\\/\\\/www.laguiadepamplona.com\\\/actualidad\\\/#website\",\"url\":\"https:\\\/\\\/www.laguiadepamplona.com\\\/actualidad\\\/\",\"name\":\"La gu\u00eda de Pamplona\",\"description\":\"Noticias de Pamplona\",\"publisher\":{\"@id\":\"https:\\\/\\\/www.laguiadepamplona.com\\\/actualidad\\\/#organization\"},\"potentialAction\":[{\"@type\":\"SearchAction\",\"target\":{\"@type\":\"EntryPoint\",\"urlTemplate\":\"https:\\\/\\\/www.laguiadepamplona.com\\\/actualidad\\\/?s={search_term_string}\"},\"query-input\":{\"@type\":\"PropertyValueSpecification\",\"valueRequired\":true,\"valueName\":\"search_term_string\"}}],\"inLanguage\":\"es\"},{\"@type\":\"Organization\",\"@id\":\"https:\\\/\\\/www.laguiadepamplona.com\\\/actualidad\\\/#organization\",\"name\":\"La Gu\u00eda de Pamplona \\\/ Noticias\",\"url\":\"https:\\\/\\\/www.laguiadepamplona.com\\\/actualidad\\\/\",\"logo\":{\"@type\":\"ImageObject\",\"inLanguage\":\"es\",\"@id\":\"https:\\\/\\\/www.laguiadepamplona.com\\\/actualidad\\\/#\\\/schema\\\/logo\\\/image\\\/\",\"url\":\"https:\\\/\\\/www.laguiadepamplona.com\\\/actualidad\\\/wp-content\\\/uploads\\\/2018\\\/11\\\/logo-laguiadepamplona18-web1.png\",\"contentUrl\":\"https:\\\/\\\/www.laguiadepamplona.com\\\/actualidad\\\/wp-content\\\/uploads\\\/2018\\\/11\\\/logo-laguiadepamplona18-web1.png\",\"width\":600,\"height\":196,\"caption\":\"La Gu\u00eda de Pamplona \\\/ Noticias\"},\"image\":{\"@id\":\"https:\\\/\\\/www.laguiadepamplona.com\\\/actualidad\\\/#\\\/schema\\\/logo\\\/image\\\/\"},\"sameAs\":[\"https:\\\/\\\/www.facebook.com\\\/laguiadepamplonacom-133175176762273\\\/?ref=hl\",\"https:\\\/\\\/x.com\\\/LaGuiadPamplona\",\"https:\\\/\\\/www.instagram.com\\\/la_guia_de_pamplona\\\/\",\"https:\\\/\\\/www.youtube.com\\\/user\\\/laguiadepamplona\"]},{\"@type\":\"Person\",\"@id\":\"https:\\\/\\\/www.laguiadepamplona.com\\\/actualidad\\\/#\\\/schema\\\/person\\\/efe887376f0213d4657c93adc50b1fdb\",\"name\":\"La Gu\u00eda de Pamplona\",\"image\":{\"@type\":\"ImageObject\",\"inLanguage\":\"es\",\"@id\":\"https:\\\/\\\/secure.gravatar.com\\\/avatar\\\/b6992f131dc8d30ab0dff15446e9d346d9dbd95992de0fef795073f5ea83a81c?s=96&d=mm&r=g\",\"url\":\"https:\\\/\\\/secure.gravatar.com\\\/avatar\\\/b6992f131dc8d30ab0dff15446e9d346d9dbd95992de0fef795073f5ea83a81c?s=96&d=mm&r=g\",\"contentUrl\":\"https:\\\/\\\/secure.gravatar.com\\\/avatar\\\/b6992f131dc8d30ab0dff15446e9d346d9dbd95992de0fef795073f5ea83a81c?s=96&d=mm&r=g\",\"caption\":\"La Gu\u00eda de Pamplona\"}}]}<\/script>\n<!-- \/ Yoast SEO plugin. -->","yoast_head_json":{"title":"La fachada de la Casa Consistorial se iluminar\u00e1 ma\u00f1ana mi\u00e9rcoles de verde oscuro y naranja por el D\u00eda Nacional de la Fibrosis Qu\u00edstica","description":"La fibrosis qu\u00edstica es una enfermedad cr\u00f3nica y hereditaria que representa un grave problema de salud.","robots":{"index":"index","follow":"follow","max-snippet":"max-snippet:-1","max-image-preview":"max-image-preview:large","max-video-preview":"max-video-preview:-1"},"canonical":"https:\/\/www.laguiadepamplona.com\/actualidad\/la-fachada-de-la-casa-consistorial-se-iluminara-manana-miercoles-de-verde-oscuro-y-naranja-por-el-dia-nacional-de-la-fibrosis-quistica\/","og_locale":"es_ES","og_type":"article","og_title":"La fachada de la Casa Consistorial se iluminar\u00e1 ma\u00f1ana mi\u00e9rcoles de verde oscuro y naranja por el D\u00eda Nacional de la Fibrosis Qu\u00edstica","og_description":"La fibrosis qu\u00edstica es una enfermedad cr\u00f3nica y hereditaria que representa un grave problema de salud.","og_url":"https:\/\/www.laguiadepamplona.com\/actualidad\/la-fachada-de-la-casa-consistorial-se-iluminara-manana-miercoles-de-verde-oscuro-y-naranja-por-el-dia-nacional-de-la-fibrosis-quistica\/","og_site_name":"La Gu\u00eda de Pamplona","article_publisher":"https:\/\/www.facebook.com\/laguiadepamplonacom-133175176762273\/?ref=hl","article_published_time":"2022-04-26T11:16:01+00:00","article_modified_time":"2023-04-11T09:48:16+00:00","og_image":[{"width":1920,"height":1280,"url":"https:\/\/www.laguiadepamplona.com\/actualidad\/wp-content\/uploads\/2021\/03\/aytoverde_JGV1123.jpg","type":"image\/jpeg"}],"author":"La Gu\u00eda de Pamplona","twitter_card":"summary_large_image","twitter_creator":"@LaGuiadPamplona","twitter_site":"@LaGuiadPamplona","twitter_misc":{"Escrito por":"La Gu\u00eda de Pamplona","Tiempo de lectura":"2 minutos"},"schema":{"@context":"https:\/\/schema.org","@graph":[{"@type":"Article","@id":"https:\/\/www.laguiadepamplona.com\/actualidad\/la-fachada-de-la-casa-consistorial-se-iluminara-manana-miercoles-de-verde-oscuro-y-naranja-por-el-dia-nacional-de-la-fibrosis-quistica\/#article","isPartOf":{"@id":"https:\/\/www.laguiadepamplona.com\/actualidad\/la-fachada-de-la-casa-consistorial-se-iluminara-manana-miercoles-de-verde-oscuro-y-naranja-por-el-dia-nacional-de-la-fibrosis-quistica\/"},"author":{"name":"La Gu\u00eda de Pamplona","@id":"https:\/\/www.laguiadepamplona.com\/actualidad\/#\/schema\/person\/efe887376f0213d4657c93adc50b1fdb"},"headline":"La fachada de la Casa Consistorial se iluminar\u00e1 ma\u00f1ana mi\u00e9rcoles de verde oscuro y naranja por el D\u00eda Nacional de la Fibrosis Qu\u00edstica","datePublished":"2022-04-26T11:16:01+00:00","dateModified":"2023-04-11T09:48:16+00:00","mainEntityOfPage":{"@id":"https:\/\/www.laguiadepamplona.com\/actualidad\/la-fachada-de-la-casa-consistorial-se-iluminara-manana-miercoles-de-verde-oscuro-y-naranja-por-el-dia-nacional-de-la-fibrosis-quistica\/"},"wordCount":376,"commentCount":0,"publisher":{"@id":"https:\/\/www.laguiadepamplona.com\/actualidad\/#organization"},"image":{"@id":"https:\/\/www.laguiadepamplona.com\/actualidad\/la-fachada-de-la-casa-consistorial-se-iluminara-manana-miercoles-de-verde-oscuro-y-naranja-por-el-dia-nacional-de-la-fibrosis-quistica\/#primaryimage"},"thumbnailUrl":"https:\/\/www.laguiadepamplona.com\/actualidad\/wp-content\/uploads\/2021\/03\/aytoverde_JGV1123.jpg","articleSection":["Ayto Pamplona"],"inLanguage":"es","potentialAction":[{"@type":"CommentAction","name":"Comment","target":["https:\/\/www.laguiadepamplona.com\/actualidad\/la-fachada-de-la-casa-consistorial-se-iluminara-manana-miercoles-de-verde-oscuro-y-naranja-por-el-dia-nacional-de-la-fibrosis-quistica\/#respond"]}]},{"@type":"WebPage","@id":"https:\/\/www.laguiadepamplona.com\/actualidad\/la-fachada-de-la-casa-consistorial-se-iluminara-manana-miercoles-de-verde-oscuro-y-naranja-por-el-dia-nacional-de-la-fibrosis-quistica\/","url":"https:\/\/www.laguiadepamplona.com\/actualidad\/la-fachada-de-la-casa-consistorial-se-iluminara-manana-miercoles-de-verde-oscuro-y-naranja-por-el-dia-nacional-de-la-fibrosis-quistica\/","name":"La fachada de la Casa Consistorial se iluminar\u00e1 ma\u00f1ana mi\u00e9rcoles de verde oscuro y naranja por el D\u00eda Nacional de la Fibrosis Qu\u00edstica","isPartOf":{"@id":"https:\/\/www.laguiadepamplona.com\/actualidad\/#website"},"primaryImageOfPage":{"@id":"https:\/\/www.laguiadepamplona.com\/actualidad\/la-fachada-de-la-casa-consistorial-se-iluminara-manana-miercoles-de-verde-oscuro-y-naranja-por-el-dia-nacional-de-la-fibrosis-quistica\/#primaryimage"},"image":{"@id":"https:\/\/www.laguiadepamplona.com\/actualidad\/la-fachada-de-la-casa-consistorial-se-iluminara-manana-miercoles-de-verde-oscuro-y-naranja-por-el-dia-nacional-de-la-fibrosis-quistica\/#primaryimage"},"thumbnailUrl":"https:\/\/www.laguiadepamplona.com\/actualidad\/wp-content\/uploads\/2021\/03\/aytoverde_JGV1123.jpg","datePublished":"2022-04-26T11:16:01+00:00","dateModified":"2023-04-11T09:48:16+00:00","description":"La fibrosis qu\u00edstica es una enfermedad cr\u00f3nica y hereditaria que representa un grave problema de salud.","breadcrumb":{"@id":"https:\/\/www.laguiadepamplona.com\/actualidad\/la-fachada-de-la-casa-consistorial-se-iluminara-manana-miercoles-de-verde-oscuro-y-naranja-por-el-dia-nacional-de-la-fibrosis-quistica\/#breadcrumb"},"inLanguage":"es","potentialAction":[{"@type":"ReadAction","target":["https:\/\/www.laguiadepamplona.com\/actualidad\/la-fachada-de-la-casa-consistorial-se-iluminara-manana-miercoles-de-verde-oscuro-y-naranja-por-el-dia-nacional-de-la-fibrosis-quistica\/"]}]},{"@type":"ImageObject","inLanguage":"es","@id":"https:\/\/www.laguiadepamplona.com\/actualidad\/la-fachada-de-la-casa-consistorial-se-iluminara-manana-miercoles-de-verde-oscuro-y-naranja-por-el-dia-nacional-de-la-fibrosis-quistica\/#primaryimage","url":"https:\/\/www.laguiadepamplona.com\/actualidad\/wp-content\/uploads\/2021\/03\/aytoverde_JGV1123.jpg","contentUrl":"https:\/\/www.laguiadepamplona.com\/actualidad\/wp-content\/uploads\/2021\/03\/aytoverde_JGV1123.jpg","width":1920,"height":1280,"caption":"A* Jes\u00fas Garzaron F* 2020_11_19 T* Fachada del Ayuntamiento iluminada de verde L* Ayuntamiento de Pamplona"},{"@type":"BreadcrumbList","@id":"https:\/\/www.laguiadepamplona.com\/actualidad\/la-fachada-de-la-casa-consistorial-se-iluminara-manana-miercoles-de-verde-oscuro-y-naranja-por-el-dia-nacional-de-la-fibrosis-quistica\/#breadcrumb","itemListElement":[{"@type":"ListItem","position":1,"name":"Portada","item":"https:\/\/www.laguiadepamplona.com\/actualidad\/"},{"@type":"ListItem","position":2,"name":"La fachada de la Casa Consistorial se iluminar\u00e1 ma\u00f1ana mi\u00e9rcoles de verde oscuro y naranja por el D\u00eda Nacional de la Fibrosis Qu\u00edstica"}]},{"@type":"WebSite","@id":"https:\/\/www.laguiadepamplona.com\/actualidad\/#website","url":"https:\/\/www.laguiadepamplona.com\/actualidad\/","name":"La gu\u00eda de Pamplona","description":"Noticias de Pamplona","publisher":{"@id":"https:\/\/www.laguiadepamplona.com\/actualidad\/#organization"},"potentialAction":[{"@type":"SearchAction","target":{"@type":"EntryPoint","urlTemplate":"https:\/\/www.laguiadepamplona.com\/actualidad\/?s={search_term_string}"},"query-input":{"@type":"PropertyValueSpecification","valueRequired":true,"valueName":"search_term_string"}}],"inLanguage":"es"},{"@type":"Organization","@id":"https:\/\/www.laguiadepamplona.com\/actualidad\/#organization","name":"La Gu\u00eda de Pamplona \/ Noticias","url":"https:\/\/www.laguiadepamplona.com\/actualidad\/","logo":{"@type":"ImageObject","inLanguage":"es","@id":"https:\/\/www.laguiadepamplona.com\/actualidad\/#\/schema\/logo\/image\/","url":"https:\/\/www.laguiadepamplona.com\/actualidad\/wp-content\/uploads\/2018\/11\/logo-laguiadepamplona18-web1.png","contentUrl":"https:\/\/www.laguiadepamplona.com\/actualidad\/wp-content\/uploads\/2018\/11\/logo-laguiadepamplona18-web1.png","width":600,"height":196,"caption":"La Gu\u00eda de Pamplona \/ Noticias"},"image":{"@id":"https:\/\/www.laguiadepamplona.com\/actualidad\/#\/schema\/logo\/image\/"},"sameAs":["https:\/\/www.facebook.com\/laguiadepamplonacom-133175176762273\/?ref=hl","https:\/\/x.com\/LaGuiadPamplona","https:\/\/www.instagram.com\/la_guia_de_pamplona\/","https:\/\/www.youtube.com\/user\/laguiadepamplona"]},{"@type":"Person","@id":"https:\/\/www.laguiadepamplona.com\/actualidad\/#\/schema\/person\/efe887376f0213d4657c93adc50b1fdb","name":"La Gu\u00eda de Pamplona","image":{"@type":"ImageObject","inLanguage":"es","@id":"https:\/\/secure.gravatar.com\/avatar\/b6992f131dc8d30ab0dff15446e9d346d9dbd95992de0fef795073f5ea83a81c?s=96&d=mm&r=g","url":"https:\/\/secure.gravatar.com\/avatar\/b6992f131dc8d30ab0dff15446e9d346d9dbd95992de0fef795073f5ea83a81c?s=96&d=mm&r=g","contentUrl":"https:\/\/secure.gravatar.com\/avatar\/b6992f131dc8d30ab0dff15446e9d346d9dbd95992de0fef795073f5ea83a81c?s=96&d=mm&r=g","caption":"La Gu\u00eda de Pamplona"}}]}},"post_mailing_queue_ids":[],"_links":{"self":[{"href":"https:\/\/www.laguiadepamplona.com\/actualidad\/wp-json\/wp\/v2\/posts\/40074","targetHints":{"allow":["GET"]}}],"collection":[{"href":"https:\/\/www.laguiadepamplona.com\/actualidad\/wp-json\/wp\/v2\/posts"}],"about":[{"href":"https:\/\/www.laguiadepamplona.com\/actualidad\/wp-json\/wp\/v2\/types\/post"}],"author":[{"embeddable":true,"href":"https:\/\/www.laguiadepamplona.com\/actualidad\/wp-json\/wp\/v2\/users\/1"}],"replies":[{"embeddable":true,"href":"https:\/\/www.laguiadepamplona.com\/actualidad\/wp-json\/wp\/v2\/comments?post=40074"}],"version-history":[{"count":0,"href":"https:\/\/www.laguiadepamplona.com\/actualidad\/wp-json\/wp\/v2\/posts\/40074\/revisions"}],"wp:featuredmedia":[{"embeddable":true,"href":"https:\/\/www.laguiadepamplona.com\/actualidad\/wp-json\/wp\/v2\/media\/33755"}],"wp:attachment":[{"href":"https:\/\/www.laguiadepamplona.com\/actualidad\/wp-json\/wp\/v2\/media?parent=40074"}],"wp:term":[{"taxonomy":"category","embeddable":true,"href":"https:\/\/www.laguiadepamplona.com\/actualidad\/wp-json\/wp\/v2\/categories?post=40074"},{"taxonomy":"post_tag","embeddable":true,"href":"https:\/\/www.laguiadepamplona.com\/actualidad\/wp-json\/wp\/v2\/tags?post=40074"}],"curies":[{"name":"wp","href":"https:\/\/api.w.org\/{rel}","templated":true}]}}