{"id":40060,"date":"2022-04-25T17:21:00","date_gmt":"2022-04-25T15:21:00","guid":{"rendered":"https:\/\/www.laguiadepamplona.com\/actualidad\/?p=40060"},"modified":"2023-04-11T11:48:16","modified_gmt":"2023-04-11T09:48:16","slug":"la-colonia-san-miguel-se-suma-al-proyecto-efidistrict-txantrea-con-la-rehabilitacion-energetica-de-75-de-sus-viviendas","status":"publish","type":"post","link":"https:\/\/www.laguiadepamplona.com\/actualidad\/la-colonia-san-miguel-se-suma-al-proyecto-efidistrict-txantrea-con-la-rehabilitacion-energetica-de-75-de-sus-viviendas\/","title":{"rendered":"La Colonia San Miguel se suma al proyecto Efidistrict Txantrea con la rehabilitaci\u00f3n energ\u00e9tica de 75 de sus viviendas"},"content":{"rendered":"<h5>El concejal Juan Jos\u00e9 Echeverr\u00eda y el director gerente de Nasuvinsa, Alberto Bayona, han renovado el convenio de colaboraci\u00f3n sobre la oficina de barrio<\/h5>\n<p><!--more--><\/p>\n<p>El concejal delegado de Urbanismo, Vivienda y Sanidad del Ayuntamiento de Pamplona, Juan Jos\u00e9 Echeverr\u00eda, y el director gerente de Nasuvinsa, Alberto Bayona, han visitado hoy la Colonia San Miguel del barrio de la Txantrea, con motivo del inicio de las obras en 75 de las 81 viviendas que integran esta comunidad vecinal. Los trabajos tienen como objetivo regenerar este espacio por medio de la rehabilitaci\u00f3n de la edificaci\u00f3n y de su entorno urbano.<\/p>\n<p>La Colonia San Miguel se suma as\u00ed al proyecto Efidistrict Txantrea, un modelo pionero que ha merecido el reconocimiento como Buenas Pr\u00e1cticas en 2020 por el Instituto para la Diversificaci\u00f3n y Ahorro de la Energ\u00eda (IDEA), adscrito al Ministerio para la Transici\u00f3n Energ\u00e9tica. Adem\u00e1s, recibi\u00f3 el primer premio en 2019 a la mejor actuaci\u00f3n cofinanciada con Fondos Europeos de Desarrollo Regional (FEDER), del Ministerio de Hacienda.<br \/>\n<script async src=\"\/\/pagead2.googlesyndication.com\/pagead\/js\/adsbygoogle.js\"><\/script><br \/>\n<!-- Noticias La Guia de Pamplona --><br \/>\n<ins class=\"adsbygoogle\"\nstyle=\"display:block\"\ndata-ad-client=\"ca-pub-6943679897239327\"\ndata-ad-slot=\"7048180777\"\ndata-ad-format=\"auto\"><\/ins><br \/>\n<script>\n(adsbygoogle = window.adsbygoogle || []).push({});\n<\/script><\/p>\n<p>Previamente a la visita de las obras, Echeverr\u00eda y Bayona han firmado el convenio de colaboraci\u00f3n que da continuidad a la oficina de barrio de Nasuvinsa en la Txantrea. Se trata de un servicio de acompa\u00f1amiento y apoyo t\u00e9cnico a la ciudadan\u00eda, que ha sido clave para la rehabilitaci\u00f3n de 1.760 viviendas, entre ellas las de la Colonia de San Miguel. Este mismo modelo se ha replicado en el proyecto ELENA-PRIMAVERA, que a d\u00eda de hoy cuenta ya con el acuerdo para intervenir en otras 540 viviendas m\u00e1s en la Txantrea.<\/p>\n<p>El documento, firmado en la oficina de barrio en la calle Huarte, 32-bajo, recoge que el Ayuntamiento de Pamplona aportar\u00e1 77.658 euros, con cargo al presupuesto municipal de 2022, para sufragar parte de los gastos de personal, subcontrataciones externas, informes t\u00e9cnicos espec\u00edficos y los costes de mantenimiento de esta oficina de barrio. Nasuvinsa aporta el resto del coste de la oficina, hasta alcanzar los 185.000 euros anuales. El \u00e1mbito de actuaci\u00f3n se circunscribe a buena parte de la Txantrea, concretamente a las tres agrupaciones de Orvina, Calor Chantrea, San Jos\u00e9, Colonia San Miguel, Casas Herrera, Calor Santesteban, Calor Santiago y entorno de Santa Teresa, que suman en conjunto 798 portales vecinales y 6.273 viviendas.<br \/>\n<script async src=\"\/\/pagead2.googlesyndication.com\/pagead\/js\/adsbygoogle.js\"><\/script><br \/>\n<!-- Noticias La Guia de Pamplona --><br \/>\n<ins class=\"adsbygoogle\"\nstyle=\"display:block\"\ndata-ad-client=\"ca-pub-6943679897239327\"\ndata-ad-slot=\"7048180777\"\ndata-ad-format=\"auto\"><\/ins><br \/>\n<script>\n(adsbygoogle = window.adsbygoogle || []).push({});\n<\/script><\/p>\n<p><strong>70% de ayudas p\u00fablicas<\/strong><\/p>\n<p>La rehabilitaci\u00f3n de las 75 viviendas de la Colonia San Miguel, construidas en 1947, tiene un coste de 3 millones de euros, de los que 2.010.000 euros (el 67%) se cubrir\u00e1n con ayudas p\u00fablicas y los 990.000 \u20ac restantes ser\u00e1n aportados por las familias propietarias. La intervenci\u00f3n, promovida por Nasuvinsa, contempla la envolvente t\u00e9rmica de las fachadas, la instalaci\u00f3n de ascensores y la sustituci\u00f3n de las viejas calderas individuales por un modelo m\u00e1s eficiente de condensaci\u00f3n de gas.<\/p>\n<p>En concreto, para la envolvente t\u00e9rmica se emplear\u00e1n los sistemas de fachada ventilada en planta baja y SATE en pisos superiores, siempre con aislamiento de 12 cent\u00edmetros de lana de roca. Se sustituir\u00e1 tambi\u00e9n la carpinter\u00eda exterior que no cumpla el C\u00f3digo T\u00e9cnico de Edificaci\u00f3n (CTE) y se renovar\u00e1n las cubiertas con aislamiento de poliestireno extruido.<\/p>\n<p>Para la mejora de la accesibilidad se instalar\u00e1n un total de cuatro columnas de ascensores, que ser\u00e1n individuales en los portales 16C y 20B y compartidos en los portales 18A-20A y 18C-20C. En el interior de las viviendas se sustituir\u00e1 la vieja caldera individual por un nuevo modelo de condensaci\u00f3n, que ofrece mayores niveles de eficiencia, y se renovar\u00e1n las instalaciones de abastecimiento, saneamiento, electricidad y telecomunicaciones.<br \/>\n<script async src=\"\/\/pagead2.googlesyndication.com\/pagead\/js\/adsbygoogle.js\"><\/script><br \/>\n<!-- Noticias La Guia de Pamplona --><br \/>\n<ins class=\"adsbygoogle\"\nstyle=\"display:block\"\ndata-ad-client=\"ca-pub-6943679897239327\"\ndata-ad-slot=\"7048180777\"\ndata-ad-format=\"auto\"><\/ins><br \/>\n<script>\n(adsbygoogle = window.adsbygoogle || []).push({});\n<\/script><\/p>\n<p><strong>Reurbanizaci\u00f3n y regeneraci\u00f3n del entorno urbano<\/strong><\/p>\n<p>El proyecto incluye tambi\u00e9n la regeneraci\u00f3n del entorno urbano, a cargo del Ayuntamiento de Pamplona y de la Mancomunidad, con una inversi\u00f3n de medio mill\u00f3n de euros para la reurbanizaci\u00f3n y renovaci\u00f3n de redes de abastecimiento, fecales, pluviales, telefon\u00eda y electricidad. La reurbanizaci\u00f3n, que se inici\u00f3 el pasado mes de febrero, abarca tambi\u00e9n la peatonalizaci\u00f3n de dos calles de acceso a los portales y la instalaci\u00f3n de mobiliario urbano, con elementos como jardineras, bancos o aparcabicis, adem\u00e1s de un nuevo pavimento con asfalto coloreado.<\/p>\n<p>Las subvenciones han sido aportadas por el Gobierno de Navarra, con 950.00 euros, as\u00ed como por el Ayuntamiento de Pamplona, que ha aportado otros 760.000 euros, y por el Instituto para la Diversificaci\u00f3n y Ahorro de la Energ\u00eda\u2013IDAE (310.000 euros), adscrito al Ministerio para la Transici\u00f3n Energ\u00e9tica, dentro del programa europeo PREE con fondos Next Generation.<\/p>\n<p>Durante la visita a las obras, el concejal de Urbanismo de Pamplona, Juan Jos\u00e9 Echeverr\u00eda, se ha mostrado expectante sobre las ayudas provenientes de la Uni\u00f3n Europea: \u201cEstamos pendientes de c\u00f3mo se articulen las nuevas ayudas europeas, que espero venga a complementar, que no a sustituir a las existentes, para que mejoren la situaci\u00f3n de las familias y comunidades afectadas\u201d, ha recalcado. Por su parte, el director gerente de Nasuvinsa, Alberto Bayona, ha se\u00f1alado que \u201cla Colonia San Miguel representa el mejor ejemplo de actuaci\u00f3n integral, fruto de la colaboraci\u00f3n entre administraciones p\u00fablicas\u201d. Asimismo, ha destacado tambi\u00e9n el compromiso del Gobierno de Navarra y de Nasuvinsa con la rehabilitaci\u00f3n integral del parque antiguo.<br \/>\n<script async src=\"\/\/pagead2.googlesyndication.com\/pagead\/js\/adsbygoogle.js\"><\/script><br \/>\n<!-- Noticias La Guia de Pamplona --><br \/>\n<ins class=\"adsbygoogle\"\nstyle=\"display:block\"\ndata-ad-client=\"ca-pub-6943679897239327\"\ndata-ad-slot=\"7048180777\"\ndata-ad-format=\"auto\"><\/ins><br \/>\n<script>\n(adsbygoogle = window.adsbygoogle || []).push({});\n<\/script><\/p>\n<p>Echeverr\u00eda y Bayona han estado acompa\u00f1ados por el concejal delegado de Proyectos Estrat\u00e9gicos, Ferm\u00edn Alonso; la directora del \u00e1rea de Regeneraci\u00f3n Urbana de Nasuvinsa, Ana Breta\u00f1a, y el equipo de la oficina de barrio integrado por el arquitecto t\u00e9cnico \u00cd\u00f1igo Marcilla, la arquitecta Amaya Gonz\u00e1lez y Lizza Diz. Han estado presentes igualmente los t\u00e9cnicos del Ayuntamiento de Pamplona Jos\u00e9 Ignacio Iribarren y Ana Suescun; Alberto Calvo, director de la Oficina de Rehabilitaci\u00f3n de Pamplona; Carlos Carrascal, gestor de infraestructuras de la Mancomunidad de la Comarca de Pamplona; Manuel Enr\u00edquez, arquitecto redactor del Plan de Intervenci\u00f3n Global (PIG) y de los proyectos de rehabilitaci\u00f3n, accesibilidad y reurbanizaci\u00f3n; y por los gerentes de Construcciones Lacunza, Gorka Lacunza, y de DGC Construcciones, Miguel \u00c1ngel D\u00edaz.<\/p>\n<p>En representaci\u00f3n de la Colonia San Miguel han asistido las vecinas Ainhoa Salcedo, Idoia Arriaga y Lourdes Moreno.<\/p>\n","protected":false},"excerpt":{"rendered":"<p>El concejal Juan Jos\u00e9 Echeverr\u00eda y el director gerente de Nasuvinsa, Alberto Bayona, han renovado el convenio de colaboraci\u00f3n sobre la oficina de barrio<\/p>\n","protected":false},"author":1,"featured_media":40061,"comment_status":"open","ping_status":"closed","sticky":false,"template":"","format":"standard","meta":{"footnotes":""},"categories":[2],"tags":[],"class_list":["post-40060","post","type-post","status-publish","format-standard","has-post-thumbnail","hentry","category-ayuntamiento-pamplona"],"yoast_head":"<!-- This site is optimized with the Yoast SEO plugin v27.3 - https:\/\/yoast.com\/product\/yoast-seo-wordpress\/ -->\n<title>La Colonia San Miguel se suma al proyecto Efidistrict Txantrea con la rehabilitaci\u00f3n energ\u00e9tica de 75 de sus viviendas<\/title>\n<meta name=\"description\" content=\"El concejal Juan Jos\u00e9 Echeverr\u00eda y el director gerente de Nasuvinsa, Alberto Bayona, han renovado el convenio de colaboraci\u00f3n sobre la oficina de barrio\" \/>\n<meta name=\"robots\" content=\"index, follow, max-snippet:-1, max-image-preview:large, max-video-preview:-1\" \/>\n<link rel=\"canonical\" href=\"https:\/\/www.laguiadepamplona.com\/actualidad\/la-colonia-san-miguel-se-suma-al-proyecto-efidistrict-txantrea-con-la-rehabilitacion-energetica-de-75-de-sus-viviendas\/\" \/>\n<meta property=\"og:locale\" content=\"es_ES\" \/>\n<meta property=\"og:type\" content=\"article\" \/>\n<meta property=\"og:title\" content=\"La Colonia San Miguel se suma al proyecto Efidistrict Txantrea con la rehabilitaci\u00f3n energ\u00e9tica de 75 de sus viviendas\" \/>\n<meta property=\"og:description\" content=\"El concejal Juan Jos\u00e9 Echeverr\u00eda y el director gerente de Nasuvinsa, Alberto Bayona, han renovado el convenio de colaboraci\u00f3n sobre la oficina de barrio\" \/>\n<meta property=\"og:url\" content=\"https:\/\/www.laguiadepamplona.com\/actualidad\/la-colonia-san-miguel-se-suma-al-proyecto-efidistrict-txantrea-con-la-rehabilitacion-energetica-de-75-de-sus-viviendas\/\" \/>\n<meta property=\"og:site_name\" content=\"La Gu\u00eda de Pamplona\" \/>\n<meta property=\"article:publisher\" content=\"https:\/\/www.facebook.com\/laguiadepamplonacom-133175176762273\/?ref=hl\" \/>\n<meta property=\"article:published_time\" content=\"2022-04-25T15:21:00+00:00\" \/>\n<meta property=\"article:modified_time\" content=\"2023-04-11T09:48:16+00:00\" \/>\n<meta property=\"og:image\" content=\"https:\/\/www.laguiadepamplona.com\/actualidad\/wp-content\/uploads\/2022\/04\/colonia-san-miguel-efidistrict.webp\" \/>\n\t<meta property=\"og:image:width\" content=\"1920\" \/>\n\t<meta property=\"og:image:height\" content=\"1278\" \/>\n\t<meta property=\"og:image:type\" content=\"image\/webp\" \/>\n<meta name=\"author\" content=\"La Gu\u00eda de Pamplona\" \/>\n<meta name=\"twitter:card\" content=\"summary_large_image\" \/>\n<meta name=\"twitter:creator\" content=\"@LaGuiadPamplona\" \/>\n<meta name=\"twitter:site\" content=\"@LaGuiadPamplona\" \/>\n<meta name=\"twitter:label1\" content=\"Escrito por\" \/>\n\t<meta name=\"twitter:data1\" content=\"La Gu\u00eda de Pamplona\" \/>\n\t<meta name=\"twitter:label2\" content=\"Tiempo de lectura\" \/>\n\t<meta name=\"twitter:data2\" content=\"5 minutos\" \/>\n<script type=\"application\/ld+json\" class=\"yoast-schema-graph\">{\"@context\":\"https:\\\/\\\/schema.org\",\"@graph\":[{\"@type\":\"Article\",\"@id\":\"https:\\\/\\\/www.laguiadepamplona.com\\\/actualidad\\\/la-colonia-san-miguel-se-suma-al-proyecto-efidistrict-txantrea-con-la-rehabilitacion-energetica-de-75-de-sus-viviendas\\\/#article\",\"isPartOf\":{\"@id\":\"https:\\\/\\\/www.laguiadepamplona.com\\\/actualidad\\\/la-colonia-san-miguel-se-suma-al-proyecto-efidistrict-txantrea-con-la-rehabilitacion-energetica-de-75-de-sus-viviendas\\\/\"},\"author\":{\"name\":\"La Gu\u00eda de Pamplona\",\"@id\":\"https:\\\/\\\/www.laguiadepamplona.com\\\/actualidad\\\/#\\\/schema\\\/person\\\/efe887376f0213d4657c93adc50b1fdb\"},\"headline\":\"La Colonia San Miguel se suma al proyecto Efidistrict Txantrea con la rehabilitaci\u00f3n energ\u00e9tica de 75 de sus viviendas\",\"datePublished\":\"2022-04-25T15:21:00+00:00\",\"dateModified\":\"2023-04-11T09:48:16+00:00\",\"mainEntityOfPage\":{\"@id\":\"https:\\\/\\\/www.laguiadepamplona.com\\\/actualidad\\\/la-colonia-san-miguel-se-suma-al-proyecto-efidistrict-txantrea-con-la-rehabilitacion-energetica-de-75-de-sus-viviendas\\\/\"},\"wordCount\":1064,\"commentCount\":0,\"publisher\":{\"@id\":\"https:\\\/\\\/www.laguiadepamplona.com\\\/actualidad\\\/#organization\"},\"image\":{\"@id\":\"https:\\\/\\\/www.laguiadepamplona.com\\\/actualidad\\\/la-colonia-san-miguel-se-suma-al-proyecto-efidistrict-txantrea-con-la-rehabilitacion-energetica-de-75-de-sus-viviendas\\\/#primaryimage\"},\"thumbnailUrl\":\"https:\\\/\\\/www.laguiadepamplona.com\\\/actualidad\\\/wp-content\\\/uploads\\\/2022\\\/04\\\/colonia-san-miguel-efidistrict.webp\",\"articleSection\":[\"Ayto Pamplona\"],\"inLanguage\":\"es\",\"potentialAction\":[{\"@type\":\"CommentAction\",\"name\":\"Comment\",\"target\":[\"https:\\\/\\\/www.laguiadepamplona.com\\\/actualidad\\\/la-colonia-san-miguel-se-suma-al-proyecto-efidistrict-txantrea-con-la-rehabilitacion-energetica-de-75-de-sus-viviendas\\\/#respond\"]}]},{\"@type\":\"WebPage\",\"@id\":\"https:\\\/\\\/www.laguiadepamplona.com\\\/actualidad\\\/la-colonia-san-miguel-se-suma-al-proyecto-efidistrict-txantrea-con-la-rehabilitacion-energetica-de-75-de-sus-viviendas\\\/\",\"url\":\"https:\\\/\\\/www.laguiadepamplona.com\\\/actualidad\\\/la-colonia-san-miguel-se-suma-al-proyecto-efidistrict-txantrea-con-la-rehabilitacion-energetica-de-75-de-sus-viviendas\\\/\",\"name\":\"La Colonia San Miguel se suma al proyecto Efidistrict Txantrea con la rehabilitaci\u00f3n energ\u00e9tica de 75 de sus viviendas\",\"isPartOf\":{\"@id\":\"https:\\\/\\\/www.laguiadepamplona.com\\\/actualidad\\\/#website\"},\"primaryImageOfPage\":{\"@id\":\"https:\\\/\\\/www.laguiadepamplona.com\\\/actualidad\\\/la-colonia-san-miguel-se-suma-al-proyecto-efidistrict-txantrea-con-la-rehabilitacion-energetica-de-75-de-sus-viviendas\\\/#primaryimage\"},\"image\":{\"@id\":\"https:\\\/\\\/www.laguiadepamplona.com\\\/actualidad\\\/la-colonia-san-miguel-se-suma-al-proyecto-efidistrict-txantrea-con-la-rehabilitacion-energetica-de-75-de-sus-viviendas\\\/#primaryimage\"},\"thumbnailUrl\":\"https:\\\/\\\/www.laguiadepamplona.com\\\/actualidad\\\/wp-content\\\/uploads\\\/2022\\\/04\\\/colonia-san-miguel-efidistrict.webp\",\"datePublished\":\"2022-04-25T15:21:00+00:00\",\"dateModified\":\"2023-04-11T09:48:16+00:00\",\"description\":\"El concejal Juan Jos\u00e9 Echeverr\u00eda y el director gerente de Nasuvinsa, Alberto Bayona, han renovado el convenio de colaboraci\u00f3n sobre la oficina de barrio\",\"breadcrumb\":{\"@id\":\"https:\\\/\\\/www.laguiadepamplona.com\\\/actualidad\\\/la-colonia-san-miguel-se-suma-al-proyecto-efidistrict-txantrea-con-la-rehabilitacion-energetica-de-75-de-sus-viviendas\\\/#breadcrumb\"},\"inLanguage\":\"es\",\"potentialAction\":[{\"@type\":\"ReadAction\",\"target\":[\"https:\\\/\\\/www.laguiadepamplona.com\\\/actualidad\\\/la-colonia-san-miguel-se-suma-al-proyecto-efidistrict-txantrea-con-la-rehabilitacion-energetica-de-75-de-sus-viviendas\\\/\"]}]},{\"@type\":\"ImageObject\",\"inLanguage\":\"es\",\"@id\":\"https:\\\/\\\/www.laguiadepamplona.com\\\/actualidad\\\/la-colonia-san-miguel-se-suma-al-proyecto-efidistrict-txantrea-con-la-rehabilitacion-energetica-de-75-de-sus-viviendas\\\/#primaryimage\",\"url\":\"https:\\\/\\\/www.laguiadepamplona.com\\\/actualidad\\\/wp-content\\\/uploads\\\/2022\\\/04\\\/colonia-san-miguel-efidistrict.webp\",\"contentUrl\":\"https:\\\/\\\/www.laguiadepamplona.com\\\/actualidad\\\/wp-content\\\/uploads\\\/2022\\\/04\\\/colonia-san-miguel-efidistrict.webp\",\"width\":1920,\"height\":1278},{\"@type\":\"BreadcrumbList\",\"@id\":\"https:\\\/\\\/www.laguiadepamplona.com\\\/actualidad\\\/la-colonia-san-miguel-se-suma-al-proyecto-efidistrict-txantrea-con-la-rehabilitacion-energetica-de-75-de-sus-viviendas\\\/#breadcrumb\",\"itemListElement\":[{\"@type\":\"ListItem\",\"position\":1,\"name\":\"Portada\",\"item\":\"https:\\\/\\\/www.laguiadepamplona.com\\\/actualidad\\\/\"},{\"@type\":\"ListItem\",\"position\":2,\"name\":\"La Colonia San Miguel se suma al proyecto Efidistrict Txantrea con la rehabilitaci\u00f3n energ\u00e9tica de 75 de sus viviendas\"}]},{\"@type\":\"WebSite\",\"@id\":\"https:\\\/\\\/www.laguiadepamplona.com\\\/actualidad\\\/#website\",\"url\":\"https:\\\/\\\/www.laguiadepamplona.com\\\/actualidad\\\/\",\"name\":\"La gu\u00eda de Pamplona\",\"description\":\"Noticias de Pamplona\",\"publisher\":{\"@id\":\"https:\\\/\\\/www.laguiadepamplona.com\\\/actualidad\\\/#organization\"},\"potentialAction\":[{\"@type\":\"SearchAction\",\"target\":{\"@type\":\"EntryPoint\",\"urlTemplate\":\"https:\\\/\\\/www.laguiadepamplona.com\\\/actualidad\\\/?s={search_term_string}\"},\"query-input\":{\"@type\":\"PropertyValueSpecification\",\"valueRequired\":true,\"valueName\":\"search_term_string\"}}],\"inLanguage\":\"es\"},{\"@type\":\"Organization\",\"@id\":\"https:\\\/\\\/www.laguiadepamplona.com\\\/actualidad\\\/#organization\",\"name\":\"La Gu\u00eda de Pamplona \\\/ Noticias\",\"url\":\"https:\\\/\\\/www.laguiadepamplona.com\\\/actualidad\\\/\",\"logo\":{\"@type\":\"ImageObject\",\"inLanguage\":\"es\",\"@id\":\"https:\\\/\\\/www.laguiadepamplona.com\\\/actualidad\\\/#\\\/schema\\\/logo\\\/image\\\/\",\"url\":\"https:\\\/\\\/www.laguiadepamplona.com\\\/actualidad\\\/wp-content\\\/uploads\\\/2018\\\/11\\\/logo-laguiadepamplona18-web1.png\",\"contentUrl\":\"https:\\\/\\\/www.laguiadepamplona.com\\\/actualidad\\\/wp-content\\\/uploads\\\/2018\\\/11\\\/logo-laguiadepamplona18-web1.png\",\"width\":600,\"height\":196,\"caption\":\"La Gu\u00eda de Pamplona \\\/ Noticias\"},\"image\":{\"@id\":\"https:\\\/\\\/www.laguiadepamplona.com\\\/actualidad\\\/#\\\/schema\\\/logo\\\/image\\\/\"},\"sameAs\":[\"https:\\\/\\\/www.facebook.com\\\/laguiadepamplonacom-133175176762273\\\/?ref=hl\",\"https:\\\/\\\/x.com\\\/LaGuiadPamplona\",\"https:\\\/\\\/www.instagram.com\\\/la_guia_de_pamplona\\\/\",\"https:\\\/\\\/www.youtube.com\\\/user\\\/laguiadepamplona\"]},{\"@type\":\"Person\",\"@id\":\"https:\\\/\\\/www.laguiadepamplona.com\\\/actualidad\\\/#\\\/schema\\\/person\\\/efe887376f0213d4657c93adc50b1fdb\",\"name\":\"La Gu\u00eda de Pamplona\",\"image\":{\"@type\":\"ImageObject\",\"inLanguage\":\"es\",\"@id\":\"https:\\\/\\\/secure.gravatar.com\\\/avatar\\\/b6992f131dc8d30ab0dff15446e9d346d9dbd95992de0fef795073f5ea83a81c?s=96&d=mm&r=g\",\"url\":\"https:\\\/\\\/secure.gravatar.com\\\/avatar\\\/b6992f131dc8d30ab0dff15446e9d346d9dbd95992de0fef795073f5ea83a81c?s=96&d=mm&r=g\",\"contentUrl\":\"https:\\\/\\\/secure.gravatar.com\\\/avatar\\\/b6992f131dc8d30ab0dff15446e9d346d9dbd95992de0fef795073f5ea83a81c?s=96&d=mm&r=g\",\"caption\":\"La Gu\u00eda de Pamplona\"}}]}<\/script>\n<!-- \/ Yoast SEO plugin. -->","yoast_head_json":{"title":"La Colonia San Miguel se suma al proyecto Efidistrict Txantrea con la rehabilitaci\u00f3n energ\u00e9tica de 75 de sus viviendas","description":"El concejal Juan Jos\u00e9 Echeverr\u00eda y el director gerente de Nasuvinsa, Alberto Bayona, han renovado el convenio de colaboraci\u00f3n sobre la oficina de barrio","robots":{"index":"index","follow":"follow","max-snippet":"max-snippet:-1","max-image-preview":"max-image-preview:large","max-video-preview":"max-video-preview:-1"},"canonical":"https:\/\/www.laguiadepamplona.com\/actualidad\/la-colonia-san-miguel-se-suma-al-proyecto-efidistrict-txantrea-con-la-rehabilitacion-energetica-de-75-de-sus-viviendas\/","og_locale":"es_ES","og_type":"article","og_title":"La Colonia San Miguel se suma al proyecto Efidistrict Txantrea con la rehabilitaci\u00f3n energ\u00e9tica de 75 de sus viviendas","og_description":"El concejal Juan Jos\u00e9 Echeverr\u00eda y el director gerente de Nasuvinsa, Alberto Bayona, han renovado el convenio de colaboraci\u00f3n sobre la oficina de barrio","og_url":"https:\/\/www.laguiadepamplona.com\/actualidad\/la-colonia-san-miguel-se-suma-al-proyecto-efidistrict-txantrea-con-la-rehabilitacion-energetica-de-75-de-sus-viviendas\/","og_site_name":"La Gu\u00eda de Pamplona","article_publisher":"https:\/\/www.facebook.com\/laguiadepamplonacom-133175176762273\/?ref=hl","article_published_time":"2022-04-25T15:21:00+00:00","article_modified_time":"2023-04-11T09:48:16+00:00","og_image":[{"width":1920,"height":1278,"url":"https:\/\/www.laguiadepamplona.com\/actualidad\/wp-content\/uploads\/2022\/04\/colonia-san-miguel-efidistrict.webp","type":"image\/webp"}],"author":"La Gu\u00eda de Pamplona","twitter_card":"summary_large_image","twitter_creator":"@LaGuiadPamplona","twitter_site":"@LaGuiadPamplona","twitter_misc":{"Escrito por":"La Gu\u00eda de Pamplona","Tiempo de lectura":"5 minutos"},"schema":{"@context":"https:\/\/schema.org","@graph":[{"@type":"Article","@id":"https:\/\/www.laguiadepamplona.com\/actualidad\/la-colonia-san-miguel-se-suma-al-proyecto-efidistrict-txantrea-con-la-rehabilitacion-energetica-de-75-de-sus-viviendas\/#article","isPartOf":{"@id":"https:\/\/www.laguiadepamplona.com\/actualidad\/la-colonia-san-miguel-se-suma-al-proyecto-efidistrict-txantrea-con-la-rehabilitacion-energetica-de-75-de-sus-viviendas\/"},"author":{"name":"La Gu\u00eda de Pamplona","@id":"https:\/\/www.laguiadepamplona.com\/actualidad\/#\/schema\/person\/efe887376f0213d4657c93adc50b1fdb"},"headline":"La Colonia San Miguel se suma al proyecto Efidistrict Txantrea con la rehabilitaci\u00f3n energ\u00e9tica de 75 de sus viviendas","datePublished":"2022-04-25T15:21:00+00:00","dateModified":"2023-04-11T09:48:16+00:00","mainEntityOfPage":{"@id":"https:\/\/www.laguiadepamplona.com\/actualidad\/la-colonia-san-miguel-se-suma-al-proyecto-efidistrict-txantrea-con-la-rehabilitacion-energetica-de-75-de-sus-viviendas\/"},"wordCount":1064,"commentCount":0,"publisher":{"@id":"https:\/\/www.laguiadepamplona.com\/actualidad\/#organization"},"image":{"@id":"https:\/\/www.laguiadepamplona.com\/actualidad\/la-colonia-san-miguel-se-suma-al-proyecto-efidistrict-txantrea-con-la-rehabilitacion-energetica-de-75-de-sus-viviendas\/#primaryimage"},"thumbnailUrl":"https:\/\/www.laguiadepamplona.com\/actualidad\/wp-content\/uploads\/2022\/04\/colonia-san-miguel-efidistrict.webp","articleSection":["Ayto Pamplona"],"inLanguage":"es","potentialAction":[{"@type":"CommentAction","name":"Comment","target":["https:\/\/www.laguiadepamplona.com\/actualidad\/la-colonia-san-miguel-se-suma-al-proyecto-efidistrict-txantrea-con-la-rehabilitacion-energetica-de-75-de-sus-viviendas\/#respond"]}]},{"@type":"WebPage","@id":"https:\/\/www.laguiadepamplona.com\/actualidad\/la-colonia-san-miguel-se-suma-al-proyecto-efidistrict-txantrea-con-la-rehabilitacion-energetica-de-75-de-sus-viviendas\/","url":"https:\/\/www.laguiadepamplona.com\/actualidad\/la-colonia-san-miguel-se-suma-al-proyecto-efidistrict-txantrea-con-la-rehabilitacion-energetica-de-75-de-sus-viviendas\/","name":"La Colonia San Miguel se suma al proyecto Efidistrict Txantrea con la rehabilitaci\u00f3n energ\u00e9tica de 75 de sus viviendas","isPartOf":{"@id":"https:\/\/www.laguiadepamplona.com\/actualidad\/#website"},"primaryImageOfPage":{"@id":"https:\/\/www.laguiadepamplona.com\/actualidad\/la-colonia-san-miguel-se-suma-al-proyecto-efidistrict-txantrea-con-la-rehabilitacion-energetica-de-75-de-sus-viviendas\/#primaryimage"},"image":{"@id":"https:\/\/www.laguiadepamplona.com\/actualidad\/la-colonia-san-miguel-se-suma-al-proyecto-efidistrict-txantrea-con-la-rehabilitacion-energetica-de-75-de-sus-viviendas\/#primaryimage"},"thumbnailUrl":"https:\/\/www.laguiadepamplona.com\/actualidad\/wp-content\/uploads\/2022\/04\/colonia-san-miguel-efidistrict.webp","datePublished":"2022-04-25T15:21:00+00:00","dateModified":"2023-04-11T09:48:16+00:00","description":"El concejal Juan Jos\u00e9 Echeverr\u00eda y el director gerente de Nasuvinsa, Alberto Bayona, han renovado el convenio de colaboraci\u00f3n sobre la oficina de barrio","breadcrumb":{"@id":"https:\/\/www.laguiadepamplona.com\/actualidad\/la-colonia-san-miguel-se-suma-al-proyecto-efidistrict-txantrea-con-la-rehabilitacion-energetica-de-75-de-sus-viviendas\/#breadcrumb"},"inLanguage":"es","potentialAction":[{"@type":"ReadAction","target":["https:\/\/www.laguiadepamplona.com\/actualidad\/la-colonia-san-miguel-se-suma-al-proyecto-efidistrict-txantrea-con-la-rehabilitacion-energetica-de-75-de-sus-viviendas\/"]}]},{"@type":"ImageObject","inLanguage":"es","@id":"https:\/\/www.laguiadepamplona.com\/actualidad\/la-colonia-san-miguel-se-suma-al-proyecto-efidistrict-txantrea-con-la-rehabilitacion-energetica-de-75-de-sus-viviendas\/#primaryimage","url":"https:\/\/www.laguiadepamplona.com\/actualidad\/wp-content\/uploads\/2022\/04\/colonia-san-miguel-efidistrict.webp","contentUrl":"https:\/\/www.laguiadepamplona.com\/actualidad\/wp-content\/uploads\/2022\/04\/colonia-san-miguel-efidistrict.webp","width":1920,"height":1278},{"@type":"BreadcrumbList","@id":"https:\/\/www.laguiadepamplona.com\/actualidad\/la-colonia-san-miguel-se-suma-al-proyecto-efidistrict-txantrea-con-la-rehabilitacion-energetica-de-75-de-sus-viviendas\/#breadcrumb","itemListElement":[{"@type":"ListItem","position":1,"name":"Portada","item":"https:\/\/www.laguiadepamplona.com\/actualidad\/"},{"@type":"ListItem","position":2,"name":"La Colonia San Miguel se suma al proyecto Efidistrict Txantrea con la rehabilitaci\u00f3n energ\u00e9tica de 75 de sus viviendas"}]},{"@type":"WebSite","@id":"https:\/\/www.laguiadepamplona.com\/actualidad\/#website","url":"https:\/\/www.laguiadepamplona.com\/actualidad\/","name":"La gu\u00eda de Pamplona","description":"Noticias de Pamplona","publisher":{"@id":"https:\/\/www.laguiadepamplona.com\/actualidad\/#organization"},"potentialAction":[{"@type":"SearchAction","target":{"@type":"EntryPoint","urlTemplate":"https:\/\/www.laguiadepamplona.com\/actualidad\/?s={search_term_string}"},"query-input":{"@type":"PropertyValueSpecification","valueRequired":true,"valueName":"search_term_string"}}],"inLanguage":"es"},{"@type":"Organization","@id":"https:\/\/www.laguiadepamplona.com\/actualidad\/#organization","name":"La Gu\u00eda de Pamplona \/ Noticias","url":"https:\/\/www.laguiadepamplona.com\/actualidad\/","logo":{"@type":"ImageObject","inLanguage":"es","@id":"https:\/\/www.laguiadepamplona.com\/actualidad\/#\/schema\/logo\/image\/","url":"https:\/\/www.laguiadepamplona.com\/actualidad\/wp-content\/uploads\/2018\/11\/logo-laguiadepamplona18-web1.png","contentUrl":"https:\/\/www.laguiadepamplona.com\/actualidad\/wp-content\/uploads\/2018\/11\/logo-laguiadepamplona18-web1.png","width":600,"height":196,"caption":"La Gu\u00eda de Pamplona \/ Noticias"},"image":{"@id":"https:\/\/www.laguiadepamplona.com\/actualidad\/#\/schema\/logo\/image\/"},"sameAs":["https:\/\/www.facebook.com\/laguiadepamplonacom-133175176762273\/?ref=hl","https:\/\/x.com\/LaGuiadPamplona","https:\/\/www.instagram.com\/la_guia_de_pamplona\/","https:\/\/www.youtube.com\/user\/laguiadepamplona"]},{"@type":"Person","@id":"https:\/\/www.laguiadepamplona.com\/actualidad\/#\/schema\/person\/efe887376f0213d4657c93adc50b1fdb","name":"La Gu\u00eda de Pamplona","image":{"@type":"ImageObject","inLanguage":"es","@id":"https:\/\/secure.gravatar.com\/avatar\/b6992f131dc8d30ab0dff15446e9d346d9dbd95992de0fef795073f5ea83a81c?s=96&d=mm&r=g","url":"https:\/\/secure.gravatar.com\/avatar\/b6992f131dc8d30ab0dff15446e9d346d9dbd95992de0fef795073f5ea83a81c?s=96&d=mm&r=g","contentUrl":"https:\/\/secure.gravatar.com\/avatar\/b6992f131dc8d30ab0dff15446e9d346d9dbd95992de0fef795073f5ea83a81c?s=96&d=mm&r=g","caption":"La Gu\u00eda de Pamplona"}}]}},"post_mailing_queue_ids":[],"_links":{"self":[{"href":"https:\/\/www.laguiadepamplona.com\/actualidad\/wp-json\/wp\/v2\/posts\/40060","targetHints":{"allow":["GET"]}}],"collection":[{"href":"https:\/\/www.laguiadepamplona.com\/actualidad\/wp-json\/wp\/v2\/posts"}],"about":[{"href":"https:\/\/www.laguiadepamplona.com\/actualidad\/wp-json\/wp\/v2\/types\/post"}],"author":[{"embeddable":true,"href":"https:\/\/www.laguiadepamplona.com\/actualidad\/wp-json\/wp\/v2\/users\/1"}],"replies":[{"embeddable":true,"href":"https:\/\/www.laguiadepamplona.com\/actualidad\/wp-json\/wp\/v2\/comments?post=40060"}],"version-history":[{"count":0,"href":"https:\/\/www.laguiadepamplona.com\/actualidad\/wp-json\/wp\/v2\/posts\/40060\/revisions"}],"wp:featuredmedia":[{"embeddable":true,"href":"https:\/\/www.laguiadepamplona.com\/actualidad\/wp-json\/wp\/v2\/media\/40061"}],"wp:attachment":[{"href":"https:\/\/www.laguiadepamplona.com\/actualidad\/wp-json\/wp\/v2\/media?parent=40060"}],"wp:term":[{"taxonomy":"category","embeddable":true,"href":"https:\/\/www.laguiadepamplona.com\/actualidad\/wp-json\/wp\/v2\/categories?post=40060"},{"taxonomy":"post_tag","embeddable":true,"href":"https:\/\/www.laguiadepamplona.com\/actualidad\/wp-json\/wp\/v2\/tags?post=40060"}],"curies":[{"name":"wp","href":"https:\/\/api.w.org\/{rel}","templated":true}]}}