{"id":40058,"date":"2022-04-25T17:18:00","date_gmt":"2022-04-25T15:18:00","guid":{"rendered":"https:\/\/www.laguiadepamplona.com\/actualidad\/?p=40058"},"modified":"2023-04-11T11:48:17","modified_gmt":"2023-04-11T09:48:17","slug":"el-angel-de-aralar-visitara-manana-26-de-abril-la-casa-consistorial","status":"publish","type":"post","link":"https:\/\/www.laguiadepamplona.com\/actualidad\/el-angel-de-aralar-visitara-manana-26-de-abril-la-casa-consistorial\/","title":{"rendered":"El \u00c1ngel de Aralar visitar\u00e1 ma\u00f1ana 26 de abril la Casa Consistorial"},"content":{"rendered":"<p><!--more--><\/p>\n<p>El Ayuntamiento de Pamplona recibir\u00e1, este martes 26 de abril, a las 17.30 horas, a la imagen del \u00c1ngel de Aralar. Como cada a\u00f1o, la visita a la Casa Consistorial se celebra al d\u00eda siguiente de su llegada a Pamplona, una semana despu\u00e9s del lunes de Pascua. Desde su entrada oficial en la ciudad, a trav\u00e9s del Portal de la Taconera, el \u00c1ngel y su portador recorren numerosas localidades de Navarra.<br \/>\n<script async src=\"\/\/pagead2.googlesyndication.com\/pagead\/js\/adsbygoogle.js\"><\/script><br \/>\n<!-- Noticias La Guia de Pamplona --><br \/>\n<ins class=\"adsbygoogle\"\nstyle=\"display:block\"\ndata-ad-client=\"ca-pub-6943679897239327\"\ndata-ad-slot=\"7048180777\"\ndata-ad-format=\"auto\"><\/ins><br \/>\n<script>\n(adsbygoogle = window.adsbygoogle || []).push({});\n<\/script><\/p>\n<p>La efigie de San Miguel ser\u00e1 recibida por el alcalde de Pamplona, Enrique Maya, y por otros miembros de la Corporaci\u00f3n en la puerta del Ayuntamiento. A continuaci\u00f3n, los ediles se dirigir\u00e1n desde el zagu\u00e1n hasta el Sal\u00f3n de Recepciones flanqueados por la guardia de gala de Polic\u00eda Municipal, en una formaci\u00f3n encabezada por los maceros municipales. Asimismo, tambi\u00e9n se contar\u00e1 con la presencia de clarineros y timbalero. All\u00ed tendr\u00e1 lugar el acto de recepci\u00f3n en el que se har\u00e1 un breve responso en la capilla que \u00fanicamente se utiliza de manera oficial en este acto.<\/p>\n<p>El acto recoger\u00e1 las intervenciones de alcalde de Pamplona, Enrique Maya; el portador del \u00c1ngel y capell\u00e1n de San Miguel, Mikel Garciand\u00eda y el p\u00e1rroco de San Saturnino, C\u00e9sar Maga\u00f1a. La parte musical correr\u00e1 a cargo del Coro San Ferm\u00edn Abesbatza, formaci\u00f3n coral de la Ikastola San Ferm\u00edn. Tras la recepci\u00f3n la imagen se ofrecer\u00e1 a la veneraci\u00f3n de los asistentes. Despu\u00e9s de su visita al Consistorio, el \u00c1ngel de Aralar continuar\u00e1 el recorrido de la tarde.<\/p>\n","protected":false},"excerpt":{"rendered":"","protected":false},"author":1,"featured_media":34216,"comment_status":"open","ping_status":"closed","sticky":false,"template":"","format":"standard","meta":{"footnotes":""},"categories":[2],"tags":[],"class_list":["post-40058","post","type-post","status-publish","format-standard","has-post-thumbnail","hentry","category-ayuntamiento-pamplona"],"yoast_head":"<!-- This site is optimized with the Yoast SEO plugin v27.3 - https:\/\/yoast.com\/product\/yoast-seo-wordpress\/ -->\n<title>El \u00c1ngel de Aralar visitar\u00e1 ma\u00f1ana 26 de abril la Casa Consistorial<\/title>\n<meta name=\"description\" content=\"Como cada a\u00f1o, la visita a la Casa Consistorial se celebra al d\u00eda siguiente de su llegada a Pamplona, una semana despu\u00e9s del lunes de Pascua.\" \/>\n<meta name=\"robots\" content=\"index, follow, max-snippet:-1, max-image-preview:large, max-video-preview:-1\" \/>\n<link rel=\"canonical\" href=\"https:\/\/www.laguiadepamplona.com\/actualidad\/el-angel-de-aralar-visitara-manana-26-de-abril-la-casa-consistorial\/\" \/>\n<meta property=\"og:locale\" content=\"es_ES\" \/>\n<meta property=\"og:type\" content=\"article\" \/>\n<meta property=\"og:title\" content=\"El \u00c1ngel de Aralar visitar\u00e1 ma\u00f1ana 26 de abril la Casa Consistorial\" \/>\n<meta property=\"og:description\" content=\"Como cada a\u00f1o, la visita a la Casa Consistorial se celebra al d\u00eda siguiente de su llegada a Pamplona, una semana despu\u00e9s del lunes de Pascua.\" \/>\n<meta property=\"og:url\" content=\"https:\/\/www.laguiadepamplona.com\/actualidad\/el-angel-de-aralar-visitara-manana-26-de-abril-la-casa-consistorial\/\" \/>\n<meta property=\"og:site_name\" content=\"La Gu\u00eda de Pamplona\" \/>\n<meta property=\"article:publisher\" content=\"https:\/\/www.facebook.com\/laguiadepamplonacom-133175176762273\/?ref=hl\" \/>\n<meta property=\"article:published_time\" content=\"2022-04-25T15:18:00+00:00\" \/>\n<meta property=\"article:modified_time\" content=\"2023-04-11T09:48:17+00:00\" \/>\n<meta property=\"og:image\" content=\"https:\/\/www.laguiadepamplona.com\/actualidad\/wp-content\/uploads\/2021\/04\/aralar_jgv1974.jpg\" \/>\n\t<meta property=\"og:image:width\" content=\"1920\" \/>\n\t<meta property=\"og:image:height\" content=\"1280\" \/>\n\t<meta property=\"og:image:type\" content=\"image\/jpeg\" \/>\n<meta name=\"author\" content=\"La Gu\u00eda de Pamplona\" \/>\n<meta name=\"twitter:card\" content=\"summary_large_image\" \/>\n<meta name=\"twitter:creator\" content=\"@LaGuiadPamplona\" \/>\n<meta name=\"twitter:site\" content=\"@LaGuiadPamplona\" \/>\n<meta name=\"twitter:label1\" content=\"Escrito por\" \/>\n\t<meta name=\"twitter:data1\" content=\"La Gu\u00eda de Pamplona\" \/>\n\t<meta name=\"twitter:label2\" content=\"Tiempo de lectura\" \/>\n\t<meta name=\"twitter:data2\" content=\"2 minutos\" \/>\n<script type=\"application\/ld+json\" class=\"yoast-schema-graph\">{\"@context\":\"https:\\\/\\\/schema.org\",\"@graph\":[{\"@type\":\"Article\",\"@id\":\"https:\\\/\\\/www.laguiadepamplona.com\\\/actualidad\\\/el-angel-de-aralar-visitara-manana-26-de-abril-la-casa-consistorial\\\/#article\",\"isPartOf\":{\"@id\":\"https:\\\/\\\/www.laguiadepamplona.com\\\/actualidad\\\/el-angel-de-aralar-visitara-manana-26-de-abril-la-casa-consistorial\\\/\"},\"author\":{\"name\":\"La Gu\u00eda de Pamplona\",\"@id\":\"https:\\\/\\\/www.laguiadepamplona.com\\\/actualidad\\\/#\\\/schema\\\/person\\\/efe887376f0213d4657c93adc50b1fdb\"},\"headline\":\"El \u00c1ngel de Aralar visitar\u00e1 ma\u00f1ana 26 de abril la Casa Consistorial\",\"datePublished\":\"2022-04-25T15:18:00+00:00\",\"dateModified\":\"2023-04-11T09:48:17+00:00\",\"mainEntityOfPage\":{\"@id\":\"https:\\\/\\\/www.laguiadepamplona.com\\\/actualidad\\\/el-angel-de-aralar-visitara-manana-26-de-abril-la-casa-consistorial\\\/\"},\"wordCount\":278,\"commentCount\":0,\"publisher\":{\"@id\":\"https:\\\/\\\/www.laguiadepamplona.com\\\/actualidad\\\/#organization\"},\"image\":{\"@id\":\"https:\\\/\\\/www.laguiadepamplona.com\\\/actualidad\\\/el-angel-de-aralar-visitara-manana-26-de-abril-la-casa-consistorial\\\/#primaryimage\"},\"thumbnailUrl\":\"https:\\\/\\\/www.laguiadepamplona.com\\\/actualidad\\\/wp-content\\\/uploads\\\/2021\\\/04\\\/aralar_jgv1974.jpg\",\"articleSection\":[\"Ayto Pamplona\"],\"inLanguage\":\"es\",\"potentialAction\":[{\"@type\":\"CommentAction\",\"name\":\"Comment\",\"target\":[\"https:\\\/\\\/www.laguiadepamplona.com\\\/actualidad\\\/el-angel-de-aralar-visitara-manana-26-de-abril-la-casa-consistorial\\\/#respond\"]}]},{\"@type\":\"WebPage\",\"@id\":\"https:\\\/\\\/www.laguiadepamplona.com\\\/actualidad\\\/el-angel-de-aralar-visitara-manana-26-de-abril-la-casa-consistorial\\\/\",\"url\":\"https:\\\/\\\/www.laguiadepamplona.com\\\/actualidad\\\/el-angel-de-aralar-visitara-manana-26-de-abril-la-casa-consistorial\\\/\",\"name\":\"El \u00c1ngel de Aralar visitar\u00e1 ma\u00f1ana 26 de abril la Casa Consistorial\",\"isPartOf\":{\"@id\":\"https:\\\/\\\/www.laguiadepamplona.com\\\/actualidad\\\/#website\"},\"primaryImageOfPage\":{\"@id\":\"https:\\\/\\\/www.laguiadepamplona.com\\\/actualidad\\\/el-angel-de-aralar-visitara-manana-26-de-abril-la-casa-consistorial\\\/#primaryimage\"},\"image\":{\"@id\":\"https:\\\/\\\/www.laguiadepamplona.com\\\/actualidad\\\/el-angel-de-aralar-visitara-manana-26-de-abril-la-casa-consistorial\\\/#primaryimage\"},\"thumbnailUrl\":\"https:\\\/\\\/www.laguiadepamplona.com\\\/actualidad\\\/wp-content\\\/uploads\\\/2021\\\/04\\\/aralar_jgv1974.jpg\",\"datePublished\":\"2022-04-25T15:18:00+00:00\",\"dateModified\":\"2023-04-11T09:48:17+00:00\",\"description\":\"Como cada a\u00f1o, la visita a la Casa Consistorial se celebra al d\u00eda siguiente de su llegada a Pamplona, una semana despu\u00e9s del lunes de Pascua.\",\"breadcrumb\":{\"@id\":\"https:\\\/\\\/www.laguiadepamplona.com\\\/actualidad\\\/el-angel-de-aralar-visitara-manana-26-de-abril-la-casa-consistorial\\\/#breadcrumb\"},\"inLanguage\":\"es\",\"potentialAction\":[{\"@type\":\"ReadAction\",\"target\":[\"https:\\\/\\\/www.laguiadepamplona.com\\\/actualidad\\\/el-angel-de-aralar-visitara-manana-26-de-abril-la-casa-consistorial\\\/\"]}]},{\"@type\":\"ImageObject\",\"inLanguage\":\"es\",\"@id\":\"https:\\\/\\\/www.laguiadepamplona.com\\\/actualidad\\\/el-angel-de-aralar-visitara-manana-26-de-abril-la-casa-consistorial\\\/#primaryimage\",\"url\":\"https:\\\/\\\/www.laguiadepamplona.com\\\/actualidad\\\/wp-content\\\/uploads\\\/2021\\\/04\\\/aralar_jgv1974.jpg\",\"contentUrl\":\"https:\\\/\\\/www.laguiadepamplona.com\\\/actualidad\\\/wp-content\\\/uploads\\\/2021\\\/04\\\/aralar_jgv1974.jpg\",\"width\":1920,\"height\":1280,\"caption\":\"A* Jes\u00fas Garzaron F* 2021_04_13 T* Visita del \u00e1ngel de Aralar L* Ayuntamiento de Pamplona\"},{\"@type\":\"BreadcrumbList\",\"@id\":\"https:\\\/\\\/www.laguiadepamplona.com\\\/actualidad\\\/el-angel-de-aralar-visitara-manana-26-de-abril-la-casa-consistorial\\\/#breadcrumb\",\"itemListElement\":[{\"@type\":\"ListItem\",\"position\":1,\"name\":\"Portada\",\"item\":\"https:\\\/\\\/www.laguiadepamplona.com\\\/actualidad\\\/\"},{\"@type\":\"ListItem\",\"position\":2,\"name\":\"El \u00c1ngel de Aralar visitar\u00e1 ma\u00f1ana 26 de abril la Casa Consistorial\"}]},{\"@type\":\"WebSite\",\"@id\":\"https:\\\/\\\/www.laguiadepamplona.com\\\/actualidad\\\/#website\",\"url\":\"https:\\\/\\\/www.laguiadepamplona.com\\\/actualidad\\\/\",\"name\":\"La gu\u00eda de Pamplona\",\"description\":\"Noticias de Pamplona\",\"publisher\":{\"@id\":\"https:\\\/\\\/www.laguiadepamplona.com\\\/actualidad\\\/#organization\"},\"potentialAction\":[{\"@type\":\"SearchAction\",\"target\":{\"@type\":\"EntryPoint\",\"urlTemplate\":\"https:\\\/\\\/www.laguiadepamplona.com\\\/actualidad\\\/?s={search_term_string}\"},\"query-input\":{\"@type\":\"PropertyValueSpecification\",\"valueRequired\":true,\"valueName\":\"search_term_string\"}}],\"inLanguage\":\"es\"},{\"@type\":\"Organization\",\"@id\":\"https:\\\/\\\/www.laguiadepamplona.com\\\/actualidad\\\/#organization\",\"name\":\"La Gu\u00eda de Pamplona \\\/ Noticias\",\"url\":\"https:\\\/\\\/www.laguiadepamplona.com\\\/actualidad\\\/\",\"logo\":{\"@type\":\"ImageObject\",\"inLanguage\":\"es\",\"@id\":\"https:\\\/\\\/www.laguiadepamplona.com\\\/actualidad\\\/#\\\/schema\\\/logo\\\/image\\\/\",\"url\":\"https:\\\/\\\/www.laguiadepamplona.com\\\/actualidad\\\/wp-content\\\/uploads\\\/2018\\\/11\\\/logo-laguiadepamplona18-web1.png\",\"contentUrl\":\"https:\\\/\\\/www.laguiadepamplona.com\\\/actualidad\\\/wp-content\\\/uploads\\\/2018\\\/11\\\/logo-laguiadepamplona18-web1.png\",\"width\":600,\"height\":196,\"caption\":\"La Gu\u00eda de Pamplona \\\/ Noticias\"},\"image\":{\"@id\":\"https:\\\/\\\/www.laguiadepamplona.com\\\/actualidad\\\/#\\\/schema\\\/logo\\\/image\\\/\"},\"sameAs\":[\"https:\\\/\\\/www.facebook.com\\\/laguiadepamplonacom-133175176762273\\\/?ref=hl\",\"https:\\\/\\\/x.com\\\/LaGuiadPamplona\",\"https:\\\/\\\/www.instagram.com\\\/la_guia_de_pamplona\\\/\",\"https:\\\/\\\/www.youtube.com\\\/user\\\/laguiadepamplona\"]},{\"@type\":\"Person\",\"@id\":\"https:\\\/\\\/www.laguiadepamplona.com\\\/actualidad\\\/#\\\/schema\\\/person\\\/efe887376f0213d4657c93adc50b1fdb\",\"name\":\"La Gu\u00eda de Pamplona\",\"image\":{\"@type\":\"ImageObject\",\"inLanguage\":\"es\",\"@id\":\"https:\\\/\\\/secure.gravatar.com\\\/avatar\\\/b6992f131dc8d30ab0dff15446e9d346d9dbd95992de0fef795073f5ea83a81c?s=96&d=mm&r=g\",\"url\":\"https:\\\/\\\/secure.gravatar.com\\\/avatar\\\/b6992f131dc8d30ab0dff15446e9d346d9dbd95992de0fef795073f5ea83a81c?s=96&d=mm&r=g\",\"contentUrl\":\"https:\\\/\\\/secure.gravatar.com\\\/avatar\\\/b6992f131dc8d30ab0dff15446e9d346d9dbd95992de0fef795073f5ea83a81c?s=96&d=mm&r=g\",\"caption\":\"La Gu\u00eda de Pamplona\"}}]}<\/script>\n<!-- \/ Yoast SEO plugin. -->","yoast_head_json":{"title":"El \u00c1ngel de Aralar visitar\u00e1 ma\u00f1ana 26 de abril la Casa Consistorial","description":"Como cada a\u00f1o, la visita a la Casa Consistorial se celebra al d\u00eda siguiente de su llegada a Pamplona, una semana despu\u00e9s del lunes de Pascua.","robots":{"index":"index","follow":"follow","max-snippet":"max-snippet:-1","max-image-preview":"max-image-preview:large","max-video-preview":"max-video-preview:-1"},"canonical":"https:\/\/www.laguiadepamplona.com\/actualidad\/el-angel-de-aralar-visitara-manana-26-de-abril-la-casa-consistorial\/","og_locale":"es_ES","og_type":"article","og_title":"El \u00c1ngel de Aralar visitar\u00e1 ma\u00f1ana 26 de abril la Casa Consistorial","og_description":"Como cada a\u00f1o, la visita a la Casa Consistorial se celebra al d\u00eda siguiente de su llegada a Pamplona, una semana despu\u00e9s del lunes de Pascua.","og_url":"https:\/\/www.laguiadepamplona.com\/actualidad\/el-angel-de-aralar-visitara-manana-26-de-abril-la-casa-consistorial\/","og_site_name":"La Gu\u00eda de Pamplona","article_publisher":"https:\/\/www.facebook.com\/laguiadepamplonacom-133175176762273\/?ref=hl","article_published_time":"2022-04-25T15:18:00+00:00","article_modified_time":"2023-04-11T09:48:17+00:00","og_image":[{"width":1920,"height":1280,"url":"https:\/\/www.laguiadepamplona.com\/actualidad\/wp-content\/uploads\/2021\/04\/aralar_jgv1974.jpg","type":"image\/jpeg"}],"author":"La Gu\u00eda de Pamplona","twitter_card":"summary_large_image","twitter_creator":"@LaGuiadPamplona","twitter_site":"@LaGuiadPamplona","twitter_misc":{"Escrito por":"La Gu\u00eda de Pamplona","Tiempo de lectura":"2 minutos"},"schema":{"@context":"https:\/\/schema.org","@graph":[{"@type":"Article","@id":"https:\/\/www.laguiadepamplona.com\/actualidad\/el-angel-de-aralar-visitara-manana-26-de-abril-la-casa-consistorial\/#article","isPartOf":{"@id":"https:\/\/www.laguiadepamplona.com\/actualidad\/el-angel-de-aralar-visitara-manana-26-de-abril-la-casa-consistorial\/"},"author":{"name":"La Gu\u00eda de Pamplona","@id":"https:\/\/www.laguiadepamplona.com\/actualidad\/#\/schema\/person\/efe887376f0213d4657c93adc50b1fdb"},"headline":"El \u00c1ngel de Aralar visitar\u00e1 ma\u00f1ana 26 de abril la Casa Consistorial","datePublished":"2022-04-25T15:18:00+00:00","dateModified":"2023-04-11T09:48:17+00:00","mainEntityOfPage":{"@id":"https:\/\/www.laguiadepamplona.com\/actualidad\/el-angel-de-aralar-visitara-manana-26-de-abril-la-casa-consistorial\/"},"wordCount":278,"commentCount":0,"publisher":{"@id":"https:\/\/www.laguiadepamplona.com\/actualidad\/#organization"},"image":{"@id":"https:\/\/www.laguiadepamplona.com\/actualidad\/el-angel-de-aralar-visitara-manana-26-de-abril-la-casa-consistorial\/#primaryimage"},"thumbnailUrl":"https:\/\/www.laguiadepamplona.com\/actualidad\/wp-content\/uploads\/2021\/04\/aralar_jgv1974.jpg","articleSection":["Ayto Pamplona"],"inLanguage":"es","potentialAction":[{"@type":"CommentAction","name":"Comment","target":["https:\/\/www.laguiadepamplona.com\/actualidad\/el-angel-de-aralar-visitara-manana-26-de-abril-la-casa-consistorial\/#respond"]}]},{"@type":"WebPage","@id":"https:\/\/www.laguiadepamplona.com\/actualidad\/el-angel-de-aralar-visitara-manana-26-de-abril-la-casa-consistorial\/","url":"https:\/\/www.laguiadepamplona.com\/actualidad\/el-angel-de-aralar-visitara-manana-26-de-abril-la-casa-consistorial\/","name":"El \u00c1ngel de Aralar visitar\u00e1 ma\u00f1ana 26 de abril la Casa Consistorial","isPartOf":{"@id":"https:\/\/www.laguiadepamplona.com\/actualidad\/#website"},"primaryImageOfPage":{"@id":"https:\/\/www.laguiadepamplona.com\/actualidad\/el-angel-de-aralar-visitara-manana-26-de-abril-la-casa-consistorial\/#primaryimage"},"image":{"@id":"https:\/\/www.laguiadepamplona.com\/actualidad\/el-angel-de-aralar-visitara-manana-26-de-abril-la-casa-consistorial\/#primaryimage"},"thumbnailUrl":"https:\/\/www.laguiadepamplona.com\/actualidad\/wp-content\/uploads\/2021\/04\/aralar_jgv1974.jpg","datePublished":"2022-04-25T15:18:00+00:00","dateModified":"2023-04-11T09:48:17+00:00","description":"Como cada a\u00f1o, la visita a la Casa Consistorial se celebra al d\u00eda siguiente de su llegada a Pamplona, una semana despu\u00e9s del lunes de Pascua.","breadcrumb":{"@id":"https:\/\/www.laguiadepamplona.com\/actualidad\/el-angel-de-aralar-visitara-manana-26-de-abril-la-casa-consistorial\/#breadcrumb"},"inLanguage":"es","potentialAction":[{"@type":"ReadAction","target":["https:\/\/www.laguiadepamplona.com\/actualidad\/el-angel-de-aralar-visitara-manana-26-de-abril-la-casa-consistorial\/"]}]},{"@type":"ImageObject","inLanguage":"es","@id":"https:\/\/www.laguiadepamplona.com\/actualidad\/el-angel-de-aralar-visitara-manana-26-de-abril-la-casa-consistorial\/#primaryimage","url":"https:\/\/www.laguiadepamplona.com\/actualidad\/wp-content\/uploads\/2021\/04\/aralar_jgv1974.jpg","contentUrl":"https:\/\/www.laguiadepamplona.com\/actualidad\/wp-content\/uploads\/2021\/04\/aralar_jgv1974.jpg","width":1920,"height":1280,"caption":"A* Jes\u00fas Garzaron F* 2021_04_13 T* Visita del \u00e1ngel de Aralar L* Ayuntamiento de Pamplona"},{"@type":"BreadcrumbList","@id":"https:\/\/www.laguiadepamplona.com\/actualidad\/el-angel-de-aralar-visitara-manana-26-de-abril-la-casa-consistorial\/#breadcrumb","itemListElement":[{"@type":"ListItem","position":1,"name":"Portada","item":"https:\/\/www.laguiadepamplona.com\/actualidad\/"},{"@type":"ListItem","position":2,"name":"El \u00c1ngel de Aralar visitar\u00e1 ma\u00f1ana 26 de abril la Casa Consistorial"}]},{"@type":"WebSite","@id":"https:\/\/www.laguiadepamplona.com\/actualidad\/#website","url":"https:\/\/www.laguiadepamplona.com\/actualidad\/","name":"La gu\u00eda de Pamplona","description":"Noticias de Pamplona","publisher":{"@id":"https:\/\/www.laguiadepamplona.com\/actualidad\/#organization"},"potentialAction":[{"@type":"SearchAction","target":{"@type":"EntryPoint","urlTemplate":"https:\/\/www.laguiadepamplona.com\/actualidad\/?s={search_term_string}"},"query-input":{"@type":"PropertyValueSpecification","valueRequired":true,"valueName":"search_term_string"}}],"inLanguage":"es"},{"@type":"Organization","@id":"https:\/\/www.laguiadepamplona.com\/actualidad\/#organization","name":"La Gu\u00eda de Pamplona \/ Noticias","url":"https:\/\/www.laguiadepamplona.com\/actualidad\/","logo":{"@type":"ImageObject","inLanguage":"es","@id":"https:\/\/www.laguiadepamplona.com\/actualidad\/#\/schema\/logo\/image\/","url":"https:\/\/www.laguiadepamplona.com\/actualidad\/wp-content\/uploads\/2018\/11\/logo-laguiadepamplona18-web1.png","contentUrl":"https:\/\/www.laguiadepamplona.com\/actualidad\/wp-content\/uploads\/2018\/11\/logo-laguiadepamplona18-web1.png","width":600,"height":196,"caption":"La Gu\u00eda de Pamplona \/ Noticias"},"image":{"@id":"https:\/\/www.laguiadepamplona.com\/actualidad\/#\/schema\/logo\/image\/"},"sameAs":["https:\/\/www.facebook.com\/laguiadepamplonacom-133175176762273\/?ref=hl","https:\/\/x.com\/LaGuiadPamplona","https:\/\/www.instagram.com\/la_guia_de_pamplona\/","https:\/\/www.youtube.com\/user\/laguiadepamplona"]},{"@type":"Person","@id":"https:\/\/www.laguiadepamplona.com\/actualidad\/#\/schema\/person\/efe887376f0213d4657c93adc50b1fdb","name":"La Gu\u00eda de Pamplona","image":{"@type":"ImageObject","inLanguage":"es","@id":"https:\/\/secure.gravatar.com\/avatar\/b6992f131dc8d30ab0dff15446e9d346d9dbd95992de0fef795073f5ea83a81c?s=96&d=mm&r=g","url":"https:\/\/secure.gravatar.com\/avatar\/b6992f131dc8d30ab0dff15446e9d346d9dbd95992de0fef795073f5ea83a81c?s=96&d=mm&r=g","contentUrl":"https:\/\/secure.gravatar.com\/avatar\/b6992f131dc8d30ab0dff15446e9d346d9dbd95992de0fef795073f5ea83a81c?s=96&d=mm&r=g","caption":"La Gu\u00eda de Pamplona"}}]}},"post_mailing_queue_ids":[],"_links":{"self":[{"href":"https:\/\/www.laguiadepamplona.com\/actualidad\/wp-json\/wp\/v2\/posts\/40058","targetHints":{"allow":["GET"]}}],"collection":[{"href":"https:\/\/www.laguiadepamplona.com\/actualidad\/wp-json\/wp\/v2\/posts"}],"about":[{"href":"https:\/\/www.laguiadepamplona.com\/actualidad\/wp-json\/wp\/v2\/types\/post"}],"author":[{"embeddable":true,"href":"https:\/\/www.laguiadepamplona.com\/actualidad\/wp-json\/wp\/v2\/users\/1"}],"replies":[{"embeddable":true,"href":"https:\/\/www.laguiadepamplona.com\/actualidad\/wp-json\/wp\/v2\/comments?post=40058"}],"version-history":[{"count":0,"href":"https:\/\/www.laguiadepamplona.com\/actualidad\/wp-json\/wp\/v2\/posts\/40058\/revisions"}],"wp:featuredmedia":[{"embeddable":true,"href":"https:\/\/www.laguiadepamplona.com\/actualidad\/wp-json\/wp\/v2\/media\/34216"}],"wp:attachment":[{"href":"https:\/\/www.laguiadepamplona.com\/actualidad\/wp-json\/wp\/v2\/media?parent=40058"}],"wp:term":[{"taxonomy":"category","embeddable":true,"href":"https:\/\/www.laguiadepamplona.com\/actualidad\/wp-json\/wp\/v2\/categories?post=40058"},{"taxonomy":"post_tag","embeddable":true,"href":"https:\/\/www.laguiadepamplona.com\/actualidad\/wp-json\/wp\/v2\/tags?post=40058"}],"curies":[{"name":"wp","href":"https:\/\/api.w.org\/{rel}","templated":true}]}}