{"id":40042,"date":"2022-04-25T12:53:15","date_gmt":"2022-04-25T10:53:15","guid":{"rendered":"https:\/\/www.laguiadepamplona.com\/actualidad\/?p=40042"},"modified":"2023-04-11T11:48:17","modified_gmt":"2023-04-11T09:48:17","slug":"presentados-los-diez-carteles-finalistas-entre-los-que-se-elegira-la-imagen-que-representara-las-fiestas-de-san-fermin-de-2022","status":"publish","type":"post","link":"https:\/\/www.laguiadepamplona.com\/actualidad\/presentados-los-diez-carteles-finalistas-entre-los-que-se-elegira-la-imagen-que-representara-las-fiestas-de-san-fermin-de-2022\/","title":{"rendered":"Presentados los diez carteles finalistas entre los que se elegir\u00e1 la imagen que representar\u00e1 las fiestas de San Ferm\u00edn de 2022"},"content":{"rendered":"<h5>La ciudadan\u00eda podr\u00e1 elegir el ganador mediante votaci\u00f3n popular a trav\u00e9s de pamplona.es, los centros Civivox o el tel\u00e9fono 010 hasta el 4 de mayo<\/h5>\n<p><!--more--><\/p>\n<p>El Palacio de Condestable acoge desde hoy los diez carteles finalistas del concurso de San Ferm\u00edn 2022, entre los que la ciudadan\u00eda podr\u00e1 elegir la imagen que representar\u00e1 las fiestas en esta nueva edici\u00f3n, despu\u00e9s de dos a\u00f1os de ausencia. La concejala de Cultura e Igualdad, Mar\u00eda Garc\u00eda-Barberena, junto con miembros del jurado, ha dado a conocer los diez carteles seleccionados por el jurado t\u00e9cnico. A partir de este momento, se abre la votaci\u00f3n popular, que podr\u00e1 realizarse hasta el 4 de mayo.<br \/>\n<script async src=\"\/\/pagead2.googlesyndication.com\/pagead\/js\/adsbygoogle.js\"><\/script><br \/>\n<!-- Noticias La Guia de Pamplona --><br \/>\n<ins class=\"adsbygoogle\"\nstyle=\"display:block\"\ndata-ad-client=\"ca-pub-6943679897239327\"\ndata-ad-slot=\"7048180777\"\ndata-ad-format=\"auto\"><\/ins><br \/>\n<script>\n(adsbygoogle = window.adsbygoogle || []).push({});\n<\/script><\/p>\n<div id='gallery-1' class='gallery galleryid-40042 gallery-columns-5 gallery-size-medium'><figure class='gallery-item'>\n\t\t\t<div class='gallery-icon portrait'>\n\t\t\t\t<a href='https:\/\/www.laguiadepamplona.com\/actualidad\/presentados-los-diez-carteles-finalistas-entre-los-que-se-elegira-la-imagen-que-representara-las-fiestas-de-san-fermin-de-2022\/1_1\/'><img loading=\"lazy\" decoding=\"async\" width=\"210\" height=\"300\" src=\"https:\/\/www.laguiadepamplona.com\/actualidad\/wp-content\/uploads\/2022\/04\/1_1-210x300.webp\" class=\"attachment-medium size-medium\" alt=\"\" srcset=\"https:\/\/www.laguiadepamplona.com\/actualidad\/wp-content\/uploads\/2022\/04\/1_1-210x300.webp 210w, https:\/\/www.laguiadepamplona.com\/actualidad\/wp-content\/uploads\/2022\/04\/1_1-477x682.webp 477w, https:\/\/www.laguiadepamplona.com\/actualidad\/wp-content\/uploads\/2022\/04\/1_1-768x1098.webp 768w, https:\/\/www.laguiadepamplona.com\/actualidad\/wp-content\/uploads\/2022\/04\/1_1-1075x1536.webp 1075w, https:\/\/www.laguiadepamplona.com\/actualidad\/wp-content\/uploads\/2022\/04\/1_1-640x915.webp 640w, https:\/\/www.laguiadepamplona.com\/actualidad\/wp-content\/uploads\/2022\/04\/1_1.webp 1200w\" sizes=\"auto, (max-width: 210px) 100vw, 210px\" \/><\/a>\n\t\t\t<\/div><\/figure><figure class='gallery-item'>\n\t\t\t<div class='gallery-icon portrait'>\n\t\t\t\t<a href='https:\/\/www.laguiadepamplona.com\/actualidad\/presentados-los-diez-carteles-finalistas-entre-los-que-se-elegira-la-imagen-que-representara-las-fiestas-de-san-fermin-de-2022\/2_1\/'><img loading=\"lazy\" decoding=\"async\" width=\"210\" height=\"300\" src=\"https:\/\/www.laguiadepamplona.com\/actualidad\/wp-content\/uploads\/2022\/04\/2_1-210x300.webp\" class=\"attachment-medium size-medium\" alt=\"\" srcset=\"https:\/\/www.laguiadepamplona.com\/actualidad\/wp-content\/uploads\/2022\/04\/2_1-210x300.webp 210w, https:\/\/www.laguiadepamplona.com\/actualidad\/wp-content\/uploads\/2022\/04\/2_1-477x682.webp 477w, https:\/\/www.laguiadepamplona.com\/actualidad\/wp-content\/uploads\/2022\/04\/2_1-768x1098.webp 768w, https:\/\/www.laguiadepamplona.com\/actualidad\/wp-content\/uploads\/2022\/04\/2_1-1075x1536.webp 1075w, https:\/\/www.laguiadepamplona.com\/actualidad\/wp-content\/uploads\/2022\/04\/2_1-640x915.webp 640w, https:\/\/www.laguiadepamplona.com\/actualidad\/wp-content\/uploads\/2022\/04\/2_1.webp 1200w\" sizes=\"auto, (max-width: 210px) 100vw, 210px\" \/><\/a>\n\t\t\t<\/div><\/figure><figure class='gallery-item'>\n\t\t\t<div class='gallery-icon portrait'>\n\t\t\t\t<a href='https:\/\/www.laguiadepamplona.com\/actualidad\/presentados-los-diez-carteles-finalistas-entre-los-que-se-elegira-la-imagen-que-representara-las-fiestas-de-san-fermin-de-2022\/3_1\/'><img loading=\"lazy\" decoding=\"async\" width=\"211\" height=\"300\" src=\"https:\/\/www.laguiadepamplona.com\/actualidad\/wp-content\/uploads\/2022\/04\/3_1-211x300.webp\" class=\"attachment-medium size-medium\" alt=\"\" srcset=\"https:\/\/www.laguiadepamplona.com\/actualidad\/wp-content\/uploads\/2022\/04\/3_1-211x300.webp 211w, https:\/\/www.laguiadepamplona.com\/actualidad\/wp-content\/uploads\/2022\/04\/3_1-479x682.webp 479w, https:\/\/www.laguiadepamplona.com\/actualidad\/wp-content\/uploads\/2022\/04\/3_1-768x1094.webp 768w, https:\/\/www.laguiadepamplona.com\/actualidad\/wp-content\/uploads\/2022\/04\/3_1-1079x1536.webp 1079w, https:\/\/www.laguiadepamplona.com\/actualidad\/wp-content\/uploads\/2022\/04\/3_1-640x911.webp 640w, https:\/\/www.laguiadepamplona.com\/actualidad\/wp-content\/uploads\/2022\/04\/3_1.webp 1200w\" sizes=\"auto, (max-width: 211px) 100vw, 211px\" \/><\/a>\n\t\t\t<\/div><\/figure><figure class='gallery-item'>\n\t\t\t<div class='gallery-icon portrait'>\n\t\t\t\t<a href='https:\/\/www.laguiadepamplona.com\/actualidad\/presentados-los-diez-carteles-finalistas-entre-los-que-se-elegira-la-imagen-que-representara-las-fiestas-de-san-fermin-de-2022\/4_1\/'><img loading=\"lazy\" decoding=\"async\" width=\"210\" height=\"300\" src=\"https:\/\/www.laguiadepamplona.com\/actualidad\/wp-content\/uploads\/2022\/04\/4_1-210x300.webp\" class=\"attachment-medium size-medium\" alt=\"\" srcset=\"https:\/\/www.laguiadepamplona.com\/actualidad\/wp-content\/uploads\/2022\/04\/4_1-210x300.webp 210w, https:\/\/www.laguiadepamplona.com\/actualidad\/wp-content\/uploads\/2022\/04\/4_1-477x682.webp 477w, https:\/\/www.laguiadepamplona.com\/actualidad\/wp-content\/uploads\/2022\/04\/4_1-768x1097.webp 768w, https:\/\/www.laguiadepamplona.com\/actualidad\/wp-content\/uploads\/2022\/04\/4_1-1075x1536.webp 1075w, https:\/\/www.laguiadepamplona.com\/actualidad\/wp-content\/uploads\/2022\/04\/4_1-640x914.webp 640w, https:\/\/www.laguiadepamplona.com\/actualidad\/wp-content\/uploads\/2022\/04\/4_1.webp 1200w\" sizes=\"auto, (max-width: 210px) 100vw, 210px\" \/><\/a>\n\t\t\t<\/div><\/figure><figure class='gallery-item'>\n\t\t\t<div class='gallery-icon portrait'>\n\t\t\t\t<a href='https:\/\/www.laguiadepamplona.com\/actualidad\/presentados-los-diez-carteles-finalistas-entre-los-que-se-elegira-la-imagen-que-representara-las-fiestas-de-san-fermin-de-2022\/5_1\/'><img loading=\"lazy\" decoding=\"async\" width=\"210\" height=\"300\" src=\"https:\/\/www.laguiadepamplona.com\/actualidad\/wp-content\/uploads\/2022\/04\/5_1-210x300.webp\" class=\"attachment-medium size-medium\" alt=\"\" srcset=\"https:\/\/www.laguiadepamplona.com\/actualidad\/wp-content\/uploads\/2022\/04\/5_1-210x300.webp 210w, https:\/\/www.laguiadepamplona.com\/actualidad\/wp-content\/uploads\/2022\/04\/5_1-477x682.webp 477w, https:\/\/www.laguiadepamplona.com\/actualidad\/wp-content\/uploads\/2022\/04\/5_1-768x1098.webp 768w, https:\/\/www.laguiadepamplona.com\/actualidad\/wp-content\/uploads\/2022\/04\/5_1-1075x1536.webp 1075w, https:\/\/www.laguiadepamplona.com\/actualidad\/wp-content\/uploads\/2022\/04\/5_1-640x915.webp 640w, https:\/\/www.laguiadepamplona.com\/actualidad\/wp-content\/uploads\/2022\/04\/5_1.webp 1200w\" sizes=\"auto, (max-width: 210px) 100vw, 210px\" \/><\/a>\n\t\t\t<\/div><\/figure><figure class='gallery-item'>\n\t\t\t<div class='gallery-icon portrait'>\n\t\t\t\t<a href='https:\/\/www.laguiadepamplona.com\/actualidad\/presentados-los-diez-carteles-finalistas-entre-los-que-se-elegira-la-imagen-que-representara-las-fiestas-de-san-fermin-de-2022\/attachment\/6\/'><img loading=\"lazy\" decoding=\"async\" width=\"210\" height=\"300\" src=\"https:\/\/www.laguiadepamplona.com\/actualidad\/wp-content\/uploads\/2022\/04\/6-210x300.webp\" class=\"attachment-medium size-medium\" alt=\"\" srcset=\"https:\/\/www.laguiadepamplona.com\/actualidad\/wp-content\/uploads\/2022\/04\/6-210x300.webp 210w, https:\/\/www.laguiadepamplona.com\/actualidad\/wp-content\/uploads\/2022\/04\/6-478x682.webp 478w, https:\/\/www.laguiadepamplona.com\/actualidad\/wp-content\/uploads\/2022\/04\/6-768x1095.webp 768w, https:\/\/www.laguiadepamplona.com\/actualidad\/wp-content\/uploads\/2022\/04\/6-1077x1536.webp 1077w, https:\/\/www.laguiadepamplona.com\/actualidad\/wp-content\/uploads\/2022\/04\/6-640x913.webp 640w, https:\/\/www.laguiadepamplona.com\/actualidad\/wp-content\/uploads\/2022\/04\/6.webp 1200w\" sizes=\"auto, (max-width: 210px) 100vw, 210px\" \/><\/a>\n\t\t\t<\/div><\/figure><figure class='gallery-item'>\n\t\t\t<div class='gallery-icon portrait'>\n\t\t\t\t<a href='https:\/\/www.laguiadepamplona.com\/actualidad\/presentados-los-diez-carteles-finalistas-entre-los-que-se-elegira-la-imagen-que-representara-las-fiestas-de-san-fermin-de-2022\/attachment\/7\/'><img loading=\"lazy\" decoding=\"async\" width=\"210\" height=\"300\" src=\"https:\/\/www.laguiadepamplona.com\/actualidad\/wp-content\/uploads\/2022\/04\/7-210x300.webp\" class=\"attachment-medium size-medium\" alt=\"\" srcset=\"https:\/\/www.laguiadepamplona.com\/actualidad\/wp-content\/uploads\/2022\/04\/7-210x300.webp 210w, https:\/\/www.laguiadepamplona.com\/actualidad\/wp-content\/uploads\/2022\/04\/7-477x682.webp 477w, https:\/\/www.laguiadepamplona.com\/actualidad\/wp-content\/uploads\/2022\/04\/7-768x1098.webp 768w, https:\/\/www.laguiadepamplona.com\/actualidad\/wp-content\/uploads\/2022\/04\/7-1075x1536.webp 1075w, https:\/\/www.laguiadepamplona.com\/actualidad\/wp-content\/uploads\/2022\/04\/7-640x915.webp 640w, https:\/\/www.laguiadepamplona.com\/actualidad\/wp-content\/uploads\/2022\/04\/7.webp 1200w\" sizes=\"auto, (max-width: 210px) 100vw, 210px\" \/><\/a>\n\t\t\t<\/div><\/figure><figure class='gallery-item'>\n\t\t\t<div class='gallery-icon portrait'>\n\t\t\t\t<a href='https:\/\/www.laguiadepamplona.com\/actualidad\/presentados-los-diez-carteles-finalistas-entre-los-que-se-elegira-la-imagen-que-representara-las-fiestas-de-san-fermin-de-2022\/attachment\/8\/'><img loading=\"lazy\" decoding=\"async\" width=\"210\" height=\"300\" src=\"https:\/\/www.laguiadepamplona.com\/actualidad\/wp-content\/uploads\/2022\/04\/8-210x300.webp\" class=\"attachment-medium size-medium\" alt=\"\" srcset=\"https:\/\/www.laguiadepamplona.com\/actualidad\/wp-content\/uploads\/2022\/04\/8-210x300.webp 210w, https:\/\/www.laguiadepamplona.com\/actualidad\/wp-content\/uploads\/2022\/04\/8-477x682.webp 477w, https:\/\/www.laguiadepamplona.com\/actualidad\/wp-content\/uploads\/2022\/04\/8-768x1098.webp 768w, https:\/\/www.laguiadepamplona.com\/actualidad\/wp-content\/uploads\/2022\/04\/8-1075x1536.webp 1075w, https:\/\/www.laguiadepamplona.com\/actualidad\/wp-content\/uploads\/2022\/04\/8-640x915.webp 640w, https:\/\/www.laguiadepamplona.com\/actualidad\/wp-content\/uploads\/2022\/04\/8.webp 1200w\" sizes=\"auto, (max-width: 210px) 100vw, 210px\" \/><\/a>\n\t\t\t<\/div><\/figure><figure class='gallery-item'>\n\t\t\t<div class='gallery-icon portrait'>\n\t\t\t\t<a href='https:\/\/www.laguiadepamplona.com\/actualidad\/presentados-los-diez-carteles-finalistas-entre-los-que-se-elegira-la-imagen-que-representara-las-fiestas-de-san-fermin-de-2022\/attachment\/9\/'><img loading=\"lazy\" decoding=\"async\" width=\"210\" height=\"300\" src=\"https:\/\/www.laguiadepamplona.com\/actualidad\/wp-content\/uploads\/2022\/04\/9-210x300.webp\" class=\"attachment-medium size-medium\" alt=\"\" srcset=\"https:\/\/www.laguiadepamplona.com\/actualidad\/wp-content\/uploads\/2022\/04\/9-210x300.webp 210w, https:\/\/www.laguiadepamplona.com\/actualidad\/wp-content\/uploads\/2022\/04\/9-477x682.webp 477w, https:\/\/www.laguiadepamplona.com\/actualidad\/wp-content\/uploads\/2022\/04\/9-768x1098.webp 768w, https:\/\/www.laguiadepamplona.com\/actualidad\/wp-content\/uploads\/2022\/04\/9-1075x1536.webp 1075w, https:\/\/www.laguiadepamplona.com\/actualidad\/wp-content\/uploads\/2022\/04\/9-640x915.webp 640w, https:\/\/www.laguiadepamplona.com\/actualidad\/wp-content\/uploads\/2022\/04\/9.webp 1200w\" sizes=\"auto, (max-width: 210px) 100vw, 210px\" \/><\/a>\n\t\t\t<\/div><\/figure><figure class='gallery-item'>\n\t\t\t<div class='gallery-icon portrait'>\n\t\t\t\t<a href='https:\/\/www.laguiadepamplona.com\/actualidad\/presentados-los-diez-carteles-finalistas-entre-los-que-se-elegira-la-imagen-que-representara-las-fiestas-de-san-fermin-de-2022\/attachment\/10\/'><img loading=\"lazy\" decoding=\"async\" width=\"210\" height=\"300\" src=\"https:\/\/www.laguiadepamplona.com\/actualidad\/wp-content\/uploads\/2022\/04\/10-210x300.webp\" class=\"attachment-medium size-medium\" alt=\"\" srcset=\"https:\/\/www.laguiadepamplona.com\/actualidad\/wp-content\/uploads\/2022\/04\/10-210x300.webp 210w, https:\/\/www.laguiadepamplona.com\/actualidad\/wp-content\/uploads\/2022\/04\/10-477x682.webp 477w, https:\/\/www.laguiadepamplona.com\/actualidad\/wp-content\/uploads\/2022\/04\/10-768x1098.webp 768w, https:\/\/www.laguiadepamplona.com\/actualidad\/wp-content\/uploads\/2022\/04\/10-1075x1536.webp 1075w, https:\/\/www.laguiadepamplona.com\/actualidad\/wp-content\/uploads\/2022\/04\/10-640x915.webp 640w, https:\/\/www.laguiadepamplona.com\/actualidad\/wp-content\/uploads\/2022\/04\/10.webp 1200w\" sizes=\"auto, (max-width: 210px) 100vw, 210px\" \/><\/a>\n\t\t\t<\/div><\/figure>\n\t\t<\/div>\n\n<p>El d\u00eda 12 de abril, se hicieron p\u00fablicos los n\u00fameros de plica de las diez obras seleccionadas, a la espera de conocer hoy los carteles completos. Estos son:<\/p>\n<p>N\u00ba 1. Plica 27. Beti bezala<\/p>\n<p>N\u00ba 2. Plica 52. Emoci\u00f3n<\/p>\n<p>N\u00ba 3. Plica 103. Vuelta a la fiesta<\/p>\n<p>N\u00ba 4. Plica 132. 1087<\/p>\n<p>N\u00ba 5. Plica 167. (2022)<\/p>\n<p>N\u00ba 6. Plica 260. Por fin de vuelta<\/p>\n<p>N\u00ba 7. Plica 326. Preparada<\/p>\n<p>N\u00ba 8. Plica 469. Corre San Ferm\u00edn<\/p>\n<p>N\u00ba 9. Plica 500. Bendice la fiesta<\/p>\n<p>N\u00ba 10. Plica 638. La fiesta somos todos<\/p>\n<p><script async src=\"\/\/pagead2.googlesyndication.com\/pagead\/js\/adsbygoogle.js\"><\/script><br \/>\n<!-- Noticias La Guia de Pamplona --><br \/>\n<ins class=\"adsbygoogle\"\nstyle=\"display:block\"\ndata-ad-client=\"ca-pub-6943679897239327\"\ndata-ad-slot=\"7048180777\"\ndata-ad-format=\"auto\"><\/ins><br \/>\n<script>\n(adsbygoogle = window.adsbygoogle || []).push({});\n<\/script><\/p>\n<p><strong>Votaciones hasta el 4 de mayo<\/strong><\/p>\n<p>Una vez conocidos los diez finalistas, la elecci\u00f3n final corresponder\u00e1 a la ciudadan\u00eda, que podr\u00e1 manifestar su voto a trav\u00e9s de distintos medios hasta el pr\u00f3ximo d\u00eda 4 de mayo. Tal y como se recoge en las bases, \u00fanicamente podr\u00e1n ejercer el voto las personas empadronadas en Pamplona. Adem\u00e1s, el voto estar\u00e1 vinculado a un n\u00famero de DNI, por lo que solo se contabilizar\u00e1 un voto por persona. Para ello, en la votaci\u00f3n deber\u00e1 indicarse nombre y primer apellido y n\u00famero del DNI, NIE o pasaporte, ya que as\u00ed se podr\u00e1 comprobar la veracidad de los datos y la validez del voto.<\/p>\n<p>Las v\u00edas abiertas para la votaci\u00f3n son varias. As\u00ed, podr\u00e1 hacerse de forma telem\u00e1tica, a trav\u00e9s de un acceso habilitado en la p\u00e1gina web <a href=\"http:\/\/www.pamplona.es\" target=\"_blank\" rel=\"noopener\">www.pamplona.es<\/a> y de la web <a href=\"http:\/\/www.pamplonaescultura.es\" target=\"_blank\" rel=\"noopener\">www.pamplonaescultura.es<\/a>. En este caso, la votaci\u00f3n se cerrar\u00e1 a las 23.59 horas del 4 de mayo. Por otro lado, tambi\u00e9n se podr\u00e1 votar a trav\u00e9s del tel\u00e9fono de atenci\u00f3n ciudadana 010 o 948420100, que estar\u00e1 disponible hasta las 19.00 horas del 4 de mayo, en el horario habitual de atenci\u00f3n telef\u00f3nica de este servicio (de 8 a 19 horas y los s\u00e1bados de 9.30 a 13.30 horas). Y, por \u00faltimo, quienes deseen votar de forma presencial podr\u00e1n hacerlo en cualquier Civivox de la ciudad, mediante la introducci\u00f3n de la correspondiente papeleta en las urnas que se dispondr\u00e1n en ellos. En este caso, el plazo terminar\u00e1 el d\u00eda 4 de mayo, coincidiendo con el horario de cierre de los centros (que es de lunes a s\u00e1bado, de 9 a 14 horas y de 17 a 21 horas).<\/p>\n<p>Los carteles estar\u00e1n expuestos en el patio del Palacio de Condestable hasta el d\u00eda de la elecci\u00f3n y, adem\u00e1s, podr\u00e1n consultarse en la p\u00e1gina web municipal. Ser\u00e1 el d\u00eda 5 de mayo cuando se conozca el cartel m\u00e1s votado.<\/p>\n<p><script async src=\"\/\/pagead2.googlesyndication.com\/pagead\/js\/adsbygoogle.js\"><\/script><br \/>\n<!-- Noticias La Guia de Pamplona --><br \/>\n<ins class=\"adsbygoogle\"\nstyle=\"display:block\"\ndata-ad-client=\"ca-pub-6943679897239327\"\ndata-ad-slot=\"7048180777\"\ndata-ad-format=\"auto\"><\/ins><br \/>\n<script>\n(adsbygoogle = window.adsbygoogle || []).push({});\n<\/script><\/p>\n<p><strong>Valoraci\u00f3n del jurado<\/strong><\/p>\n<p>El jurado t\u00e9cnico encargado de elegir los diez finalistas ha estado compuesto por el director de Cultura e Igualdad del Ayuntamiento de Pamplona, Jorge Urd\u00e1noz; el experto en comunicaci\u00f3n Sergio Puertollano, designado por la Asociaci\u00f3n Navarra de Empresas de Comunicaci\u00f3n; el codirector del Sal\u00f3n del C\u00f3mic de Navarra y experto en ilustraci\u00f3n, Javier Perez de Zabalza; la artista e ilustradora Concha Pasamar; la artista y profesora de artes gr\u00e1ficas en la Escuela de Arte de Pamplona, Kontxesi Vicente; la profesora de dise\u00f1o gr\u00e1fico e ilustradora Leticia Sagredo; y el t\u00e9cnico de Artes Pl\u00e1sticas del Ayuntamiento de Pamplona Javier Manzanos.<\/p>\n<p>En la selecci\u00f3n de las obras finalistas, el jurado ha buscado lograr un conjunto \u201cque, con una alta calidad gr\u00e1fica y en su realizaci\u00f3n, propone diversidad de estilos de lenguajes y de conceptos art\u00edsticos\u201d. En este sentido, recalcan la presencia de obras m\u00e1s figurativas y otras m\u00e1s abstractas o conceptuales. \u201cSe recoge una diversidad crom\u00e1tica y din\u00e1mica. Carteles m\u00e1s est\u00e1ticos otros m\u00e1s din\u00e1micos. Buscando un equilibro de propuestas para que sean votadas por la ciudadan\u00eda. Y, al mismo tiempo, se ha valorado que aparezcan diferentes iconos y temas relacionados con la fiesta\u201d, destaca el jurado en su valoraci\u00f3n.<\/p>\n<p>Sobre cada una de las obras, el jurado ha emitido su propia valoraci\u00f3n. En este sentido, del cartel \u2018Beti bezala\u2019 destaca su color, su dinamismo y su est\u00e9tica, \u201cque presenta un personal revival de los carteles de a\u00f1os 30 desde una mirada muy actual\u201d. En el caso de \u2018Emoci\u00f3n\u2019, el jurado destaca su tratamiento gr\u00e1fico, \u201cque recuerda a movimientos de la vanguardia, como el cubismo y el constructivismo\u201d, y su composici\u00f3n, \u201cmuy cerrada, en la que esa conjunci\u00f3n entre la persona y el toro es muy intensa\u201d. De la obra \u2018Vuelta a la fiesta\u2019, el jurado ha valorado su car\u00e1cter \u201cdin\u00e1mico y amable\u201d, as\u00ed como \u201cel mensaje de convivencia, diversidad e igualdad\u201d.<\/p>\n<p>Del cartel titulado \u20181087\u2019, los integrantes del jurado destacan su significado. \u201cTodos encontramos en esas barras d\u00edas de sufrimiento y d\u00edas de confinamiento. Recuerda al preso que est\u00e1 contando sus d\u00edas\u201d, resaltan, al tiempo que apuntan que esas barras tambi\u00e9n recuerdan al vallado. Por su parte, la obra \u20182022\u2019 ha sido interpretada por el jurado como un cartel \u201cmuy simb\u00f3lico, que refleja el par\u00e9ntesis que hemos vivido y c\u00f3mo las fiestas lo van a borrar\u201d. El jurado ha valorado su presentaci\u00f3n minimalista y su calidad art\u00edstica. De \u2018Por fin de vuelta\u2019, los miembros del jurado han valorado \u201cel impacto gr\u00e1fico conseguido con el empleo de 2 o 3 colores \u00fanicamente\u201d, y la capacidad para sintetizar la fiesta \u201cen una composici\u00f3n variada y din\u00e1mica\u201d.<\/p>\n<p>En el cartel que lleva por t\u00edtulo \u2018Preparada\u2019, que representa a la Reina Americana haci\u00e9ndose un selfie, el jurado ha destaca esa apuesta por \u201chumanizar\u201d la figura, aportando una perspectiva diferente, y la \u201ccontemporaneidad de los elementos utilizados, del color y los lenguajes, que aportan una mirada feminista\u201d. Por su parte, en \u2018Corre San Ferm\u00edn\u2019, se ha valorado la capacidad de plasmar el elemento m\u00e1s internacional de los Sanfermines, como es el encierro, \u201cde una forma divertida e ingenua\u201d, en la que los n\u00fameros del a\u00f1o son los toros y las letras de San Ferm\u00edn, los corredores, \u201cjugando con los elementos en una composici\u00f3n que funciona, con mucha fuerza, de una contundencia significativa y con muy buena formalizaci\u00f3n\u201d.<\/p>\n<p>En \u2018Bendice la fiesta\u2019, el jurado ha querido reconocer una apuesta \u201cvaliente en la composici\u00f3n y la ejecuci\u00f3n, de una gran calidad art\u00edstica dentro de la intencionada sencillez en la ejecuci\u00f3n\u201d. En este sentido, el jurado destaca la \u201cgran actualidad en el clasicismo que tiene el dibujo. Es muy cl\u00e1sico pero muy moderno a la vez\u201d. Por \u00faltimo, la obra \u2018La fiesta somos todos\u2019 ha sido seleccionada por su \u201cvirtuoso manejo de la infograf\u00eda\u201d y la fuerza de la imagen, \u201cque habla de las vivencias de la gente y de la emoci\u00f3n poniendo esos puntos rojos de la fiesta distribuidos por el mapa\u201d.<\/p>\n<p><script async src=\"\/\/pagead2.googlesyndication.com\/pagead\/js\/adsbygoogle.js\"><\/script><br \/>\n<!-- Noticias La Guia de Pamplona --><br \/>\n<ins class=\"adsbygoogle\"\nstyle=\"display:block\"\ndata-ad-client=\"ca-pub-6943679897239327\"\ndata-ad-slot=\"7048180777\"\ndata-ad-format=\"auto\"><\/ins><br \/>\n<script>\n(adsbygoogle = window.adsbygoogle || []).push({});\n<\/script><\/p>\n<p><strong>Diez entre 601 participantes<\/strong><\/p>\n<p>En esta edici\u00f3n se han presentado un total de 601 carteles. De ellos, 188 se han remitido desde Pamplona y 192 desde otras localidades navarras. Otros 206 han llegado de comunidades aut\u00f3nomas espa\u00f1olas (un 34%). Las provincias con mayor participaci\u00f3n han sido Madrid (29), Vizcaya (19), Guip\u00fazcoa (17), Valencia (16), Barcelona (15) y Zaragoza (11). Adem\u00e1s, otras 13 obras tienen car\u00e1cter internacional (un 3%): 4 vienen de Italia, 3 de Francia, 2 de Estados Unidos, 1 de Reino Unido, 1 de Argentina, 1 de M\u00e9xico y 1 de Jap\u00f3n.<\/p>\n<p>El premio para el cartel ganador se ha elevado en esta ocasi\u00f3n hasta los 6.000 euros, frente a los 3.600 euros de premio asignados en los \u00faltimos Sanfermines de 2019.<\/p>\n","protected":false},"excerpt":{"rendered":"<p>La ciudadan\u00eda podr\u00e1 elegir el ganador mediante votaci\u00f3n popular a trav\u00e9s de pamplona.es, los centros Civivox o el tel\u00e9fono 010 hasta el 4 de mayo<\/p>\n","protected":false},"author":1,"featured_media":40043,"comment_status":"open","ping_status":"closed","sticky":false,"template":"","format":"standard","meta":{"footnotes":""},"categories":[2,9406],"tags":[],"class_list":["post-40042","post","type-post","status-publish","format-standard","has-post-thumbnail","hentry","category-ayuntamiento-pamplona","category-san-fermin"],"yoast_head":"<!-- This site is optimized with the Yoast SEO plugin v27.3 - https:\/\/yoast.com\/product\/yoast-seo-wordpress\/ -->\n<title>Presentados los diez carteles finalistas entre los que se elegir\u00e1 la imagen que representar\u00e1 las fiestas de San Ferm\u00edn de 2022<\/title>\n<meta name=\"description\" content=\"La ciudadan\u00eda podr\u00e1 elegir el ganador mediante votaci\u00f3n popular a trav\u00e9s de pamplona.es, los centros Civivox o el tel\u00e9fono 010 hasta el 4 de mayo\" \/>\n<meta name=\"robots\" content=\"index, follow, max-snippet:-1, max-image-preview:large, max-video-preview:-1\" \/>\n<link rel=\"canonical\" href=\"https:\/\/www.laguiadepamplona.com\/actualidad\/presentados-los-diez-carteles-finalistas-entre-los-que-se-elegira-la-imagen-que-representara-las-fiestas-de-san-fermin-de-2022\/\" \/>\n<meta property=\"og:locale\" content=\"es_ES\" \/>\n<meta property=\"og:type\" content=\"article\" \/>\n<meta property=\"og:title\" content=\"Presentados los diez carteles finalistas entre los que se elegir\u00e1 la imagen que representar\u00e1 las fiestas de San Ferm\u00edn de 2022\" \/>\n<meta property=\"og:description\" content=\"La ciudadan\u00eda podr\u00e1 elegir el ganador mediante votaci\u00f3n popular a trav\u00e9s de pamplona.es, los centros Civivox o el tel\u00e9fono 010 hasta el 4 de mayo\" \/>\n<meta property=\"og:url\" content=\"https:\/\/www.laguiadepamplona.com\/actualidad\/presentados-los-diez-carteles-finalistas-entre-los-que-se-elegira-la-imagen-que-representara-las-fiestas-de-san-fermin-de-2022\/\" \/>\n<meta property=\"og:site_name\" content=\"La Gu\u00eda de Pamplona\" \/>\n<meta property=\"article:publisher\" content=\"https:\/\/www.facebook.com\/laguiadepamplonacom-133175176762273\/?ref=hl\" \/>\n<meta property=\"article:published_time\" content=\"2022-04-25T10:53:15+00:00\" \/>\n<meta property=\"article:modified_time\" content=\"2023-04-11T09:48:17+00:00\" \/>\n<meta property=\"og:image\" content=\"https:\/\/www.laguiadepamplona.com\/actualidad\/wp-content\/uploads\/2022\/04\/carteles-sanfermin-2022.webp\" \/>\n\t<meta property=\"og:image:width\" content=\"1920\" \/>\n\t<meta property=\"og:image:height\" content=\"1080\" \/>\n\t<meta property=\"og:image:type\" content=\"image\/webp\" \/>\n<meta name=\"author\" content=\"La Gu\u00eda de Pamplona\" \/>\n<meta name=\"twitter:card\" content=\"summary_large_image\" \/>\n<meta name=\"twitter:creator\" content=\"@LaGuiadPamplona\" \/>\n<meta name=\"twitter:site\" content=\"@LaGuiadPamplona\" \/>\n<meta name=\"twitter:label1\" content=\"Escrito por\" \/>\n\t<meta name=\"twitter:data1\" content=\"La Gu\u00eda de Pamplona\" \/>\n\t<meta name=\"twitter:label2\" content=\"Tiempo de lectura\" \/>\n\t<meta name=\"twitter:data2\" content=\"6 minutos\" \/>\n<script type=\"application\/ld+json\" class=\"yoast-schema-graph\">{\"@context\":\"https:\\\/\\\/schema.org\",\"@graph\":[{\"@type\":\"Article\",\"@id\":\"https:\\\/\\\/www.laguiadepamplona.com\\\/actualidad\\\/presentados-los-diez-carteles-finalistas-entre-los-que-se-elegira-la-imagen-que-representara-las-fiestas-de-san-fermin-de-2022\\\/#article\",\"isPartOf\":{\"@id\":\"https:\\\/\\\/www.laguiadepamplona.com\\\/actualidad\\\/presentados-los-diez-carteles-finalistas-entre-los-que-se-elegira-la-imagen-que-representara-las-fiestas-de-san-fermin-de-2022\\\/\"},\"author\":{\"name\":\"La Gu\u00eda de Pamplona\",\"@id\":\"https:\\\/\\\/www.laguiadepamplona.com\\\/actualidad\\\/#\\\/schema\\\/person\\\/efe887376f0213d4657c93adc50b1fdb\"},\"headline\":\"Presentados los diez carteles finalistas entre los que se elegir\u00e1 la imagen que representar\u00e1 las fiestas de San Ferm\u00edn de 2022\",\"datePublished\":\"2022-04-25T10:53:15+00:00\",\"dateModified\":\"2023-04-11T09:48:17+00:00\",\"mainEntityOfPage\":{\"@id\":\"https:\\\/\\\/www.laguiadepamplona.com\\\/actualidad\\\/presentados-los-diez-carteles-finalistas-entre-los-que-se-elegira-la-imagen-que-representara-las-fiestas-de-san-fermin-de-2022\\\/\"},\"wordCount\":1377,\"commentCount\":0,\"publisher\":{\"@id\":\"https:\\\/\\\/www.laguiadepamplona.com\\\/actualidad\\\/#organization\"},\"image\":{\"@id\":\"https:\\\/\\\/www.laguiadepamplona.com\\\/actualidad\\\/presentados-los-diez-carteles-finalistas-entre-los-que-se-elegira-la-imagen-que-representara-las-fiestas-de-san-fermin-de-2022\\\/#primaryimage\"},\"thumbnailUrl\":\"https:\\\/\\\/www.laguiadepamplona.com\\\/actualidad\\\/wp-content\\\/uploads\\\/2022\\\/04\\\/carteles-sanfermin-2022.webp\",\"articleSection\":[\"Ayto Pamplona\",\"San Ferm\u00edn\"],\"inLanguage\":\"es\",\"potentialAction\":[{\"@type\":\"CommentAction\",\"name\":\"Comment\",\"target\":[\"https:\\\/\\\/www.laguiadepamplona.com\\\/actualidad\\\/presentados-los-diez-carteles-finalistas-entre-los-que-se-elegira-la-imagen-que-representara-las-fiestas-de-san-fermin-de-2022\\\/#respond\"]}]},{\"@type\":\"WebPage\",\"@id\":\"https:\\\/\\\/www.laguiadepamplona.com\\\/actualidad\\\/presentados-los-diez-carteles-finalistas-entre-los-que-se-elegira-la-imagen-que-representara-las-fiestas-de-san-fermin-de-2022\\\/\",\"url\":\"https:\\\/\\\/www.laguiadepamplona.com\\\/actualidad\\\/presentados-los-diez-carteles-finalistas-entre-los-que-se-elegira-la-imagen-que-representara-las-fiestas-de-san-fermin-de-2022\\\/\",\"name\":\"Presentados los diez carteles finalistas entre los que se elegir\u00e1 la imagen que representar\u00e1 las fiestas de San Ferm\u00edn de 2022\",\"isPartOf\":{\"@id\":\"https:\\\/\\\/www.laguiadepamplona.com\\\/actualidad\\\/#website\"},\"primaryImageOfPage\":{\"@id\":\"https:\\\/\\\/www.laguiadepamplona.com\\\/actualidad\\\/presentados-los-diez-carteles-finalistas-entre-los-que-se-elegira-la-imagen-que-representara-las-fiestas-de-san-fermin-de-2022\\\/#primaryimage\"},\"image\":{\"@id\":\"https:\\\/\\\/www.laguiadepamplona.com\\\/actualidad\\\/presentados-los-diez-carteles-finalistas-entre-los-que-se-elegira-la-imagen-que-representara-las-fiestas-de-san-fermin-de-2022\\\/#primaryimage\"},\"thumbnailUrl\":\"https:\\\/\\\/www.laguiadepamplona.com\\\/actualidad\\\/wp-content\\\/uploads\\\/2022\\\/04\\\/carteles-sanfermin-2022.webp\",\"datePublished\":\"2022-04-25T10:53:15+00:00\",\"dateModified\":\"2023-04-11T09:48:17+00:00\",\"description\":\"La ciudadan\u00eda podr\u00e1 elegir el ganador mediante votaci\u00f3n popular a trav\u00e9s de pamplona.es, los centros Civivox o el tel\u00e9fono 010 hasta el 4 de mayo\",\"breadcrumb\":{\"@id\":\"https:\\\/\\\/www.laguiadepamplona.com\\\/actualidad\\\/presentados-los-diez-carteles-finalistas-entre-los-que-se-elegira-la-imagen-que-representara-las-fiestas-de-san-fermin-de-2022\\\/#breadcrumb\"},\"inLanguage\":\"es\",\"potentialAction\":[{\"@type\":\"ReadAction\",\"target\":[\"https:\\\/\\\/www.laguiadepamplona.com\\\/actualidad\\\/presentados-los-diez-carteles-finalistas-entre-los-que-se-elegira-la-imagen-que-representara-las-fiestas-de-san-fermin-de-2022\\\/\"]}]},{\"@type\":\"ImageObject\",\"inLanguage\":\"es\",\"@id\":\"https:\\\/\\\/www.laguiadepamplona.com\\\/actualidad\\\/presentados-los-diez-carteles-finalistas-entre-los-que-se-elegira-la-imagen-que-representara-las-fiestas-de-san-fermin-de-2022\\\/#primaryimage\",\"url\":\"https:\\\/\\\/www.laguiadepamplona.com\\\/actualidad\\\/wp-content\\\/uploads\\\/2022\\\/04\\\/carteles-sanfermin-2022.webp\",\"contentUrl\":\"https:\\\/\\\/www.laguiadepamplona.com\\\/actualidad\\\/wp-content\\\/uploads\\\/2022\\\/04\\\/carteles-sanfermin-2022.webp\",\"width\":1920,\"height\":1080},{\"@type\":\"BreadcrumbList\",\"@id\":\"https:\\\/\\\/www.laguiadepamplona.com\\\/actualidad\\\/presentados-los-diez-carteles-finalistas-entre-los-que-se-elegira-la-imagen-que-representara-las-fiestas-de-san-fermin-de-2022\\\/#breadcrumb\",\"itemListElement\":[{\"@type\":\"ListItem\",\"position\":1,\"name\":\"Portada\",\"item\":\"https:\\\/\\\/www.laguiadepamplona.com\\\/actualidad\\\/\"},{\"@type\":\"ListItem\",\"position\":2,\"name\":\"Presentados los diez carteles finalistas entre los que se elegir\u00e1 la imagen que representar\u00e1 las fiestas de San Ferm\u00edn de 2022\"}]},{\"@type\":\"WebSite\",\"@id\":\"https:\\\/\\\/www.laguiadepamplona.com\\\/actualidad\\\/#website\",\"url\":\"https:\\\/\\\/www.laguiadepamplona.com\\\/actualidad\\\/\",\"name\":\"La gu\u00eda de Pamplona\",\"description\":\"Noticias de Pamplona\",\"publisher\":{\"@id\":\"https:\\\/\\\/www.laguiadepamplona.com\\\/actualidad\\\/#organization\"},\"potentialAction\":[{\"@type\":\"SearchAction\",\"target\":{\"@type\":\"EntryPoint\",\"urlTemplate\":\"https:\\\/\\\/www.laguiadepamplona.com\\\/actualidad\\\/?s={search_term_string}\"},\"query-input\":{\"@type\":\"PropertyValueSpecification\",\"valueRequired\":true,\"valueName\":\"search_term_string\"}}],\"inLanguage\":\"es\"},{\"@type\":\"Organization\",\"@id\":\"https:\\\/\\\/www.laguiadepamplona.com\\\/actualidad\\\/#organization\",\"name\":\"La Gu\u00eda de Pamplona \\\/ Noticias\",\"url\":\"https:\\\/\\\/www.laguiadepamplona.com\\\/actualidad\\\/\",\"logo\":{\"@type\":\"ImageObject\",\"inLanguage\":\"es\",\"@id\":\"https:\\\/\\\/www.laguiadepamplona.com\\\/actualidad\\\/#\\\/schema\\\/logo\\\/image\\\/\",\"url\":\"https:\\\/\\\/www.laguiadepamplona.com\\\/actualidad\\\/wp-content\\\/uploads\\\/2018\\\/11\\\/logo-laguiadepamplona18-web1.png\",\"contentUrl\":\"https:\\\/\\\/www.laguiadepamplona.com\\\/actualidad\\\/wp-content\\\/uploads\\\/2018\\\/11\\\/logo-laguiadepamplona18-web1.png\",\"width\":600,\"height\":196,\"caption\":\"La Gu\u00eda de Pamplona \\\/ Noticias\"},\"image\":{\"@id\":\"https:\\\/\\\/www.laguiadepamplona.com\\\/actualidad\\\/#\\\/schema\\\/logo\\\/image\\\/\"},\"sameAs\":[\"https:\\\/\\\/www.facebook.com\\\/laguiadepamplonacom-133175176762273\\\/?ref=hl\",\"https:\\\/\\\/x.com\\\/LaGuiadPamplona\",\"https:\\\/\\\/www.instagram.com\\\/la_guia_de_pamplona\\\/\",\"https:\\\/\\\/www.youtube.com\\\/user\\\/laguiadepamplona\"]},{\"@type\":\"Person\",\"@id\":\"https:\\\/\\\/www.laguiadepamplona.com\\\/actualidad\\\/#\\\/schema\\\/person\\\/efe887376f0213d4657c93adc50b1fdb\",\"name\":\"La Gu\u00eda de Pamplona\",\"image\":{\"@type\":\"ImageObject\",\"inLanguage\":\"es\",\"@id\":\"https:\\\/\\\/secure.gravatar.com\\\/avatar\\\/b6992f131dc8d30ab0dff15446e9d346d9dbd95992de0fef795073f5ea83a81c?s=96&d=mm&r=g\",\"url\":\"https:\\\/\\\/secure.gravatar.com\\\/avatar\\\/b6992f131dc8d30ab0dff15446e9d346d9dbd95992de0fef795073f5ea83a81c?s=96&d=mm&r=g\",\"contentUrl\":\"https:\\\/\\\/secure.gravatar.com\\\/avatar\\\/b6992f131dc8d30ab0dff15446e9d346d9dbd95992de0fef795073f5ea83a81c?s=96&d=mm&r=g\",\"caption\":\"La Gu\u00eda de Pamplona\"}}]}<\/script>\n<!-- \/ Yoast SEO plugin. -->","yoast_head_json":{"title":"Presentados los diez carteles finalistas entre los que se elegir\u00e1 la imagen que representar\u00e1 las fiestas de San Ferm\u00edn de 2022","description":"La ciudadan\u00eda podr\u00e1 elegir el ganador mediante votaci\u00f3n popular a trav\u00e9s de pamplona.es, los centros Civivox o el tel\u00e9fono 010 hasta el 4 de mayo","robots":{"index":"index","follow":"follow","max-snippet":"max-snippet:-1","max-image-preview":"max-image-preview:large","max-video-preview":"max-video-preview:-1"},"canonical":"https:\/\/www.laguiadepamplona.com\/actualidad\/presentados-los-diez-carteles-finalistas-entre-los-que-se-elegira-la-imagen-que-representara-las-fiestas-de-san-fermin-de-2022\/","og_locale":"es_ES","og_type":"article","og_title":"Presentados los diez carteles finalistas entre los que se elegir\u00e1 la imagen que representar\u00e1 las fiestas de San Ferm\u00edn de 2022","og_description":"La ciudadan\u00eda podr\u00e1 elegir el ganador mediante votaci\u00f3n popular a trav\u00e9s de pamplona.es, los centros Civivox o el tel\u00e9fono 010 hasta el 4 de mayo","og_url":"https:\/\/www.laguiadepamplona.com\/actualidad\/presentados-los-diez-carteles-finalistas-entre-los-que-se-elegira-la-imagen-que-representara-las-fiestas-de-san-fermin-de-2022\/","og_site_name":"La Gu\u00eda de Pamplona","article_publisher":"https:\/\/www.facebook.com\/laguiadepamplonacom-133175176762273\/?ref=hl","article_published_time":"2022-04-25T10:53:15+00:00","article_modified_time":"2023-04-11T09:48:17+00:00","og_image":[{"width":1920,"height":1080,"url":"https:\/\/www.laguiadepamplona.com\/actualidad\/wp-content\/uploads\/2022\/04\/carteles-sanfermin-2022.webp","type":"image\/webp"}],"author":"La Gu\u00eda de Pamplona","twitter_card":"summary_large_image","twitter_creator":"@LaGuiadPamplona","twitter_site":"@LaGuiadPamplona","twitter_misc":{"Escrito por":"La Gu\u00eda de Pamplona","Tiempo de lectura":"6 minutos"},"schema":{"@context":"https:\/\/schema.org","@graph":[{"@type":"Article","@id":"https:\/\/www.laguiadepamplona.com\/actualidad\/presentados-los-diez-carteles-finalistas-entre-los-que-se-elegira-la-imagen-que-representara-las-fiestas-de-san-fermin-de-2022\/#article","isPartOf":{"@id":"https:\/\/www.laguiadepamplona.com\/actualidad\/presentados-los-diez-carteles-finalistas-entre-los-que-se-elegira-la-imagen-que-representara-las-fiestas-de-san-fermin-de-2022\/"},"author":{"name":"La Gu\u00eda de Pamplona","@id":"https:\/\/www.laguiadepamplona.com\/actualidad\/#\/schema\/person\/efe887376f0213d4657c93adc50b1fdb"},"headline":"Presentados los diez carteles finalistas entre los que se elegir\u00e1 la imagen que representar\u00e1 las fiestas de San Ferm\u00edn de 2022","datePublished":"2022-04-25T10:53:15+00:00","dateModified":"2023-04-11T09:48:17+00:00","mainEntityOfPage":{"@id":"https:\/\/www.laguiadepamplona.com\/actualidad\/presentados-los-diez-carteles-finalistas-entre-los-que-se-elegira-la-imagen-que-representara-las-fiestas-de-san-fermin-de-2022\/"},"wordCount":1377,"commentCount":0,"publisher":{"@id":"https:\/\/www.laguiadepamplona.com\/actualidad\/#organization"},"image":{"@id":"https:\/\/www.laguiadepamplona.com\/actualidad\/presentados-los-diez-carteles-finalistas-entre-los-que-se-elegira-la-imagen-que-representara-las-fiestas-de-san-fermin-de-2022\/#primaryimage"},"thumbnailUrl":"https:\/\/www.laguiadepamplona.com\/actualidad\/wp-content\/uploads\/2022\/04\/carteles-sanfermin-2022.webp","articleSection":["Ayto Pamplona","San Ferm\u00edn"],"inLanguage":"es","potentialAction":[{"@type":"CommentAction","name":"Comment","target":["https:\/\/www.laguiadepamplona.com\/actualidad\/presentados-los-diez-carteles-finalistas-entre-los-que-se-elegira-la-imagen-que-representara-las-fiestas-de-san-fermin-de-2022\/#respond"]}]},{"@type":"WebPage","@id":"https:\/\/www.laguiadepamplona.com\/actualidad\/presentados-los-diez-carteles-finalistas-entre-los-que-se-elegira-la-imagen-que-representara-las-fiestas-de-san-fermin-de-2022\/","url":"https:\/\/www.laguiadepamplona.com\/actualidad\/presentados-los-diez-carteles-finalistas-entre-los-que-se-elegira-la-imagen-que-representara-las-fiestas-de-san-fermin-de-2022\/","name":"Presentados los diez carteles finalistas entre los que se elegir\u00e1 la imagen que representar\u00e1 las fiestas de San Ferm\u00edn de 2022","isPartOf":{"@id":"https:\/\/www.laguiadepamplona.com\/actualidad\/#website"},"primaryImageOfPage":{"@id":"https:\/\/www.laguiadepamplona.com\/actualidad\/presentados-los-diez-carteles-finalistas-entre-los-que-se-elegira-la-imagen-que-representara-las-fiestas-de-san-fermin-de-2022\/#primaryimage"},"image":{"@id":"https:\/\/www.laguiadepamplona.com\/actualidad\/presentados-los-diez-carteles-finalistas-entre-los-que-se-elegira-la-imagen-que-representara-las-fiestas-de-san-fermin-de-2022\/#primaryimage"},"thumbnailUrl":"https:\/\/www.laguiadepamplona.com\/actualidad\/wp-content\/uploads\/2022\/04\/carteles-sanfermin-2022.webp","datePublished":"2022-04-25T10:53:15+00:00","dateModified":"2023-04-11T09:48:17+00:00","description":"La ciudadan\u00eda podr\u00e1 elegir el ganador mediante votaci\u00f3n popular a trav\u00e9s de pamplona.es, los centros Civivox o el tel\u00e9fono 010 hasta el 4 de mayo","breadcrumb":{"@id":"https:\/\/www.laguiadepamplona.com\/actualidad\/presentados-los-diez-carteles-finalistas-entre-los-que-se-elegira-la-imagen-que-representara-las-fiestas-de-san-fermin-de-2022\/#breadcrumb"},"inLanguage":"es","potentialAction":[{"@type":"ReadAction","target":["https:\/\/www.laguiadepamplona.com\/actualidad\/presentados-los-diez-carteles-finalistas-entre-los-que-se-elegira-la-imagen-que-representara-las-fiestas-de-san-fermin-de-2022\/"]}]},{"@type":"ImageObject","inLanguage":"es","@id":"https:\/\/www.laguiadepamplona.com\/actualidad\/presentados-los-diez-carteles-finalistas-entre-los-que-se-elegira-la-imagen-que-representara-las-fiestas-de-san-fermin-de-2022\/#primaryimage","url":"https:\/\/www.laguiadepamplona.com\/actualidad\/wp-content\/uploads\/2022\/04\/carteles-sanfermin-2022.webp","contentUrl":"https:\/\/www.laguiadepamplona.com\/actualidad\/wp-content\/uploads\/2022\/04\/carteles-sanfermin-2022.webp","width":1920,"height":1080},{"@type":"BreadcrumbList","@id":"https:\/\/www.laguiadepamplona.com\/actualidad\/presentados-los-diez-carteles-finalistas-entre-los-que-se-elegira-la-imagen-que-representara-las-fiestas-de-san-fermin-de-2022\/#breadcrumb","itemListElement":[{"@type":"ListItem","position":1,"name":"Portada","item":"https:\/\/www.laguiadepamplona.com\/actualidad\/"},{"@type":"ListItem","position":2,"name":"Presentados los diez carteles finalistas entre los que se elegir\u00e1 la imagen que representar\u00e1 las fiestas de San Ferm\u00edn de 2022"}]},{"@type":"WebSite","@id":"https:\/\/www.laguiadepamplona.com\/actualidad\/#website","url":"https:\/\/www.laguiadepamplona.com\/actualidad\/","name":"La gu\u00eda de Pamplona","description":"Noticias de Pamplona","publisher":{"@id":"https:\/\/www.laguiadepamplona.com\/actualidad\/#organization"},"potentialAction":[{"@type":"SearchAction","target":{"@type":"EntryPoint","urlTemplate":"https:\/\/www.laguiadepamplona.com\/actualidad\/?s={search_term_string}"},"query-input":{"@type":"PropertyValueSpecification","valueRequired":true,"valueName":"search_term_string"}}],"inLanguage":"es"},{"@type":"Organization","@id":"https:\/\/www.laguiadepamplona.com\/actualidad\/#organization","name":"La Gu\u00eda de Pamplona \/ Noticias","url":"https:\/\/www.laguiadepamplona.com\/actualidad\/","logo":{"@type":"ImageObject","inLanguage":"es","@id":"https:\/\/www.laguiadepamplona.com\/actualidad\/#\/schema\/logo\/image\/","url":"https:\/\/www.laguiadepamplona.com\/actualidad\/wp-content\/uploads\/2018\/11\/logo-laguiadepamplona18-web1.png","contentUrl":"https:\/\/www.laguiadepamplona.com\/actualidad\/wp-content\/uploads\/2018\/11\/logo-laguiadepamplona18-web1.png","width":600,"height":196,"caption":"La Gu\u00eda de Pamplona \/ Noticias"},"image":{"@id":"https:\/\/www.laguiadepamplona.com\/actualidad\/#\/schema\/logo\/image\/"},"sameAs":["https:\/\/www.facebook.com\/laguiadepamplonacom-133175176762273\/?ref=hl","https:\/\/x.com\/LaGuiadPamplona","https:\/\/www.instagram.com\/la_guia_de_pamplona\/","https:\/\/www.youtube.com\/user\/laguiadepamplona"]},{"@type":"Person","@id":"https:\/\/www.laguiadepamplona.com\/actualidad\/#\/schema\/person\/efe887376f0213d4657c93adc50b1fdb","name":"La Gu\u00eda de Pamplona","image":{"@type":"ImageObject","inLanguage":"es","@id":"https:\/\/secure.gravatar.com\/avatar\/b6992f131dc8d30ab0dff15446e9d346d9dbd95992de0fef795073f5ea83a81c?s=96&d=mm&r=g","url":"https:\/\/secure.gravatar.com\/avatar\/b6992f131dc8d30ab0dff15446e9d346d9dbd95992de0fef795073f5ea83a81c?s=96&d=mm&r=g","contentUrl":"https:\/\/secure.gravatar.com\/avatar\/b6992f131dc8d30ab0dff15446e9d346d9dbd95992de0fef795073f5ea83a81c?s=96&d=mm&r=g","caption":"La Gu\u00eda de Pamplona"}}]}},"post_mailing_queue_ids":[],"_links":{"self":[{"href":"https:\/\/www.laguiadepamplona.com\/actualidad\/wp-json\/wp\/v2\/posts\/40042","targetHints":{"allow":["GET"]}}],"collection":[{"href":"https:\/\/www.laguiadepamplona.com\/actualidad\/wp-json\/wp\/v2\/posts"}],"about":[{"href":"https:\/\/www.laguiadepamplona.com\/actualidad\/wp-json\/wp\/v2\/types\/post"}],"author":[{"embeddable":true,"href":"https:\/\/www.laguiadepamplona.com\/actualidad\/wp-json\/wp\/v2\/users\/1"}],"replies":[{"embeddable":true,"href":"https:\/\/www.laguiadepamplona.com\/actualidad\/wp-json\/wp\/v2\/comments?post=40042"}],"version-history":[{"count":0,"href":"https:\/\/www.laguiadepamplona.com\/actualidad\/wp-json\/wp\/v2\/posts\/40042\/revisions"}],"wp:featuredmedia":[{"embeddable":true,"href":"https:\/\/www.laguiadepamplona.com\/actualidad\/wp-json\/wp\/v2\/media\/40043"}],"wp:attachment":[{"href":"https:\/\/www.laguiadepamplona.com\/actualidad\/wp-json\/wp\/v2\/media?parent=40042"}],"wp:term":[{"taxonomy":"category","embeddable":true,"href":"https:\/\/www.laguiadepamplona.com\/actualidad\/wp-json\/wp\/v2\/categories?post=40042"},{"taxonomy":"post_tag","embeddable":true,"href":"https:\/\/www.laguiadepamplona.com\/actualidad\/wp-json\/wp\/v2\/tags?post=40042"}],"curies":[{"name":"wp","href":"https:\/\/api.w.org\/{rel}","templated":true}]}}