{"id":40031,"date":"2022-04-22T17:40:18","date_gmt":"2022-04-22T15:40:18","guid":{"rendered":"https:\/\/www.laguiadepamplona.com\/actualidad\/?p=40031"},"modified":"2023-04-11T11:48:17","modified_gmt":"2023-04-11T09:48:17","slug":"el-ayuntamiento-de-pamplona-se-une-al-biomaraton-con-un-paseo-botanico-por-los-jardines-del-hospital-universitario-de-navarra-el-sabado-30-de-abril","status":"publish","type":"post","link":"https:\/\/www.laguiadepamplona.com\/actualidad\/el-ayuntamiento-de-pamplona-se-une-al-biomaraton-con-un-paseo-botanico-por-los-jardines-del-hospital-universitario-de-navarra-el-sabado-30-de-abril\/","title":{"rendered":"El Ayuntamiento de Pamplona se une al Biomarat\u00f3n con un paseo bot\u00e1nico por los jardines del Hospital Universitario de Navarra el s\u00e1bado 30 de abril"},"content":{"rendered":"<h5>Este lunes se abre la inscripci\u00f3n en el tel\u00e9fono 010 (948420100) para el recorrido gratuito que guiar\u00e1 una t\u00e9cnica municipal de Agenda 21<\/h5>\n<p><!--more--><\/p>\n<p>El Biomarat\u00f3n (City Nature Challenge) es un proyecto de ciencia ciudadana ideado por la Academia de Ciencias de California y el Museo de Ciencias Naturales de San Francisco en el que alrededor de 400 ciudades de 40 pa\u00edses diferentes participan para registrar la biodiversidad urbana. Este viernes 29 de abril y hasta el 2 de mayo la propuesta es salir de \u201csafari sostenible\u201d para descubrir con cu\u00e1ntas especies diferentes conviven los humanos y hacerlo mediante una f\u00f3rmula colaborativa y digital.<\/p>\n<p>Aprovechando la cita, el Ayuntamiento de Pamplona, al igual que han hecho otras instituciones de la ciudad como la UPNA o el Museo de Ciencias de la Universidad de Navarra, ha organizado una actividad de sensibilizaci\u00f3n ambiental vinculada a la biodiversidad y a la valoraci\u00f3n del patrimonio natural de la ciudad. En este caso la oferta es un paseo bot\u00e1nico por los jardines del Hospital Universitario de Navarra a cargo de Marina Jim\u00e9nez, t\u00e9cnica superior de medio Ambiente del Ayuntamiento de pamplona. La visita tendr\u00e1 lugar el s\u00e1bado 30 de abril a las 16.30 horas. Lo previsto es un grupo m\u00e1ximo de 25 personas y un recorrido de aproximadamente dos horas, apto para todo tipo de p\u00fablico, que partir\u00e1 de la plaza Julio Altadill.<br \/>\n<script async src=\"\/\/pagead2.googlesyndication.com\/pagead\/js\/adsbygoogle.js\"><\/script><br \/>\n<!-- Noticias La Guia de Pamplona --><br \/>\n<ins class=\"adsbygoogle\"\nstyle=\"display:block\"\ndata-ad-client=\"ca-pub-6943679897239327\"\ndata-ad-slot=\"7048180777\"\ndata-ad-format=\"auto\"><\/ins><br \/>\n<script>\n(adsbygoogle = window.adsbygoogle || []).push({});\n<\/script><\/p>\n<p>En el recorrido se explicar\u00e1 c\u00f3mo identificar las especies y a las personas participantes se les entregar\u00e1 una peque\u00f1a gu\u00eda de determinaci\u00f3n de especies. Observando sus hojas (ac\u00edculas, hojas lobuladas, dentadas o con espinas), sus troncos y sus frutos (bayas, pi\u00f1as, conos, etc.), se aprender\u00e1 a diferenciarlas e identificarlas.<\/p>\n<p>En el paseo bot\u00e1nico se recorrer\u00e1n los jardines de la zona hospitalaria para conocer las especies de \u00e1rboles que albergan, tanto aut\u00f3ctonas, como ex\u00f3ticas, as\u00ed como ejemplares singulares por su tama\u00f1o y edad. Entre otras especies se reconocer\u00e1n cedros del Atlas, tilos, laureles, catalpas, piceas, pseudotsugas o abeto de Douglas y cipreses de Arizona. Tambi\u00e9n se contar\u00e1n curiosidades como a qu\u00e9 responde el nombre del \u00e1rbol de Judas o que ejemplares del jard\u00edn serv\u00edan para hacer perfumes. As\u00ed, se repasar\u00e1n sus usos, el porqu\u00e9 de sus nombres, su longevidad, etc. Adem\u00e1s, se buscar\u00e1n especies de plantas herb\u00e1ceas y l\u00edquenes. Este pr\u00f3ximo lunes 25 se abrir\u00e1 el plazo de inscripci\u00f3n para esta visita gratuita a trav\u00e9s del Tel\u00e9fono de Atenci\u00f3n Ciudadana 010 o 948 420100.<br \/>\n<script async src=\"\/\/pagead2.googlesyndication.com\/pagead\/js\/adsbygoogle.js\"><\/script><br \/>\n<!-- Noticias La Guia de Pamplona --><br \/>\n<ins class=\"adsbygoogle\"\nstyle=\"display:block\"\ndata-ad-client=\"ca-pub-6943679897239327\"\ndata-ad-slot=\"7048180777\"\ndata-ad-format=\"auto\"><\/ins><br \/>\n<script>\n(adsbygoogle = window.adsbygoogle || []).push({});\n<\/script><\/p>\n<p><strong>Un safari video-fotogr\u00e1fico y sonoro<\/strong><\/p>\n<p>La idea es utilizar la app iNaturalist o entrar en <a href=\"http:\/\/www.inaturalist.org\" target=\"_blank\" rel=\"noopener\">www.inaturalist.org<\/a> en donde se podr\u00e1 registrar cualquier imagen o grabaci\u00f3n de sonido de los organismos silvestres, asilvestrados o cautivos\/cultivados que las personas participantes vean en el \u00e1rea metropolitana de Pamplona. Tambi\u00e9n se pueden documentar huellas, conchas, plumas y otros rastros.<\/p>\n<p>Al hacer cada registro habr\u00e1 de indicarse la especie, la fecha y la localizaci\u00f3n geogr\u00e1fica de cada observaci\u00f3n; si no se conoce la especie, la propia comunidad de iNaturalist ayuda a identificarla. Para ello ser\u00e1 necesario mandar fotos lo m\u00e1s n\u00edtidas que sea posible, que no presenten contraluz y que registren varias partes de lo fotografiado (frutos, hojas y ramas del mismo ejemplar, por ejemplo). Es mejor buscar animales y plantas silvestres que cautivos o cultivados y el observador no debe entrar en la imagen, salvo manos en caso de que haya que sostener el ejemplar para la fotograf\u00eda. La identificaci\u00f3n de las observaciones <a href=\"https:\/\/www.inaturalist.org\/projects\/biomaraton-cnc-2022-pamplona-iruna\" target=\"_blank\" rel=\"noopener\">en Pamplona<\/a> puede realizarse hasta el 2 de mayo y la presentaci\u00f3n mundial de los resultados ser\u00e1 el 10 de mayo.<br \/>\n<script async src=\"\/\/pagead2.googlesyndication.com\/pagead\/js\/adsbygoogle.js\"><\/script><br \/>\n<!-- Noticias La Guia de Pamplona --><br \/>\n<ins class=\"adsbygoogle\"\nstyle=\"display:block\"\ndata-ad-client=\"ca-pub-6943679897239327\"\ndata-ad-slot=\"7048180777\"\ndata-ad-format=\"auto\"><\/ins><br \/>\n<script>\n(adsbygoogle = window.adsbygoogle || []).push({});\n<\/script><\/p>\n<p>Terrabiota es la entidad organizadora del Biomarat\u00f3n Pamplona y su comarca y est\u00e1 formada por un equipo multidisciplinar de bi\u00f3logos, ambient\u00f3logos y naturalistas con formaci\u00f3n docente y una larga trayectoria en la educaci\u00f3n ambiental. Adem\u00e1s del Ayuntamiento de Pamplona, participan en la iniciativa otras entidades p\u00fablicas como la Universidad P\u00fablica de Navarra, la Universidad de Navarra o la Mancomunidad de la Comarca de Pamplona.<\/p>\n<p>Con este evento de ciencia ciudadana, y <a href=\"https:\/\/www.terrabiota.org\/proyecto\/biomaraton-pamplona-2022\/\" target=\"_blank\" rel=\"noopener\">las actividades que a \u00e9l se asociar\u00e1n<\/a> esos d\u00edas, se trata de que la ciudadan\u00eda pueda aprender sobre la biodiversidad de Pamplona y su zona metropolitana, ya que hay hasta 23 localidades de la Cuenca implicadas; tambi\u00e9n se conseguir\u00e1 obtener y poner en com\u00fan datos de inter\u00e9s cient\u00edfico sobre biodiversidad y ser\u00e1 una forma de crear o mantener una comunidad personal y virtual en torno a la naturaleza local.<\/p>\n","protected":false},"excerpt":{"rendered":"<p>Este lunes se abre la inscripci\u00f3n en el tel\u00e9fono 010 (948420100) para el recorrido gratuito que guiar\u00e1 una t\u00e9cnica municipal de Agenda 21<\/p>\n","protected":false},"author":1,"featured_media":40032,"comment_status":"open","ping_status":"closed","sticky":false,"template":"","format":"standard","meta":{"footnotes":""},"categories":[2],"tags":[],"class_list":["post-40031","post","type-post","status-publish","format-standard","has-post-thumbnail","hentry","category-ayuntamiento-pamplona"],"yoast_head":"<!-- This site is optimized with the Yoast SEO plugin v27.3 - https:\/\/yoast.com\/product\/yoast-seo-wordpress\/ -->\n<title>El Ayuntamiento de Pamplona se une al Biomarat\u00f3n con un paseo bot\u00e1nico por los jardines del Hospital Universitario de Navarra el s\u00e1bado 30 de abril<\/title>\n<meta name=\"description\" content=\"Este lunes se abre la inscripci\u00f3n en el tel\u00e9fono 010 (948420100) para el recorrido gratuito que guiar\u00e1 una t\u00e9cnica municipal de Agenda 21\" \/>\n<meta name=\"robots\" content=\"index, follow, max-snippet:-1, max-image-preview:large, max-video-preview:-1\" \/>\n<link rel=\"canonical\" href=\"https:\/\/www.laguiadepamplona.com\/actualidad\/el-ayuntamiento-de-pamplona-se-une-al-biomaraton-con-un-paseo-botanico-por-los-jardines-del-hospital-universitario-de-navarra-el-sabado-30-de-abril\/\" \/>\n<meta property=\"og:locale\" content=\"es_ES\" \/>\n<meta property=\"og:type\" content=\"article\" \/>\n<meta property=\"og:title\" content=\"El Ayuntamiento de Pamplona se une al Biomarat\u00f3n con un paseo bot\u00e1nico por los jardines del Hospital Universitario de Navarra el s\u00e1bado 30 de abril\" \/>\n<meta property=\"og:description\" content=\"Este lunes se abre la inscripci\u00f3n en el tel\u00e9fono 010 (948420100) para el recorrido gratuito que guiar\u00e1 una t\u00e9cnica municipal de Agenda 21\" \/>\n<meta property=\"og:url\" content=\"https:\/\/www.laguiadepamplona.com\/actualidad\/el-ayuntamiento-de-pamplona-se-une-al-biomaraton-con-un-paseo-botanico-por-los-jardines-del-hospital-universitario-de-navarra-el-sabado-30-de-abril\/\" \/>\n<meta property=\"og:site_name\" content=\"La Gu\u00eda de Pamplona\" \/>\n<meta property=\"article:publisher\" content=\"https:\/\/www.facebook.com\/laguiadepamplonacom-133175176762273\/?ref=hl\" \/>\n<meta property=\"article:published_time\" content=\"2022-04-22T15:40:18+00:00\" \/>\n<meta property=\"article:modified_time\" content=\"2023-04-11T09:48:17+00:00\" \/>\n<meta property=\"og:image\" content=\"https:\/\/www.laguiadepamplona.com\/actualidad\/wp-content\/uploads\/2022\/04\/cipresdemonterrey1-web-copia.webp\" \/>\n\t<meta property=\"og:image:width\" content=\"975\" \/>\n\t<meta property=\"og:image:height\" content=\"1300\" \/>\n\t<meta property=\"og:image:type\" content=\"image\/webp\" \/>\n<meta name=\"author\" content=\"La Gu\u00eda de Pamplona\" \/>\n<meta name=\"twitter:card\" content=\"summary_large_image\" \/>\n<meta name=\"twitter:creator\" content=\"@LaGuiadPamplona\" \/>\n<meta name=\"twitter:site\" content=\"@LaGuiadPamplona\" \/>\n<meta name=\"twitter:label1\" content=\"Escrito por\" \/>\n\t<meta name=\"twitter:data1\" content=\"La Gu\u00eda de Pamplona\" \/>\n\t<meta name=\"twitter:label2\" content=\"Tiempo de lectura\" \/>\n\t<meta name=\"twitter:data2\" content=\"4 minutos\" \/>\n<script type=\"application\/ld+json\" class=\"yoast-schema-graph\">{\"@context\":\"https:\\\/\\\/schema.org\",\"@graph\":[{\"@type\":\"Article\",\"@id\":\"https:\\\/\\\/www.laguiadepamplona.com\\\/actualidad\\\/el-ayuntamiento-de-pamplona-se-une-al-biomaraton-con-un-paseo-botanico-por-los-jardines-del-hospital-universitario-de-navarra-el-sabado-30-de-abril\\\/#article\",\"isPartOf\":{\"@id\":\"https:\\\/\\\/www.laguiadepamplona.com\\\/actualidad\\\/el-ayuntamiento-de-pamplona-se-une-al-biomaraton-con-un-paseo-botanico-por-los-jardines-del-hospital-universitario-de-navarra-el-sabado-30-de-abril\\\/\"},\"author\":{\"name\":\"La Gu\u00eda de Pamplona\",\"@id\":\"https:\\\/\\\/www.laguiadepamplona.com\\\/actualidad\\\/#\\\/schema\\\/person\\\/efe887376f0213d4657c93adc50b1fdb\"},\"headline\":\"El Ayuntamiento de Pamplona se une al Biomarat\u00f3n con un paseo bot\u00e1nico por los jardines del Hospital Universitario de Navarra el s\u00e1bado 30 de abril\",\"datePublished\":\"2022-04-22T15:40:18+00:00\",\"dateModified\":\"2023-04-11T09:48:17+00:00\",\"mainEntityOfPage\":{\"@id\":\"https:\\\/\\\/www.laguiadepamplona.com\\\/actualidad\\\/el-ayuntamiento-de-pamplona-se-une-al-biomaraton-con-un-paseo-botanico-por-los-jardines-del-hospital-universitario-de-navarra-el-sabado-30-de-abril\\\/\"},\"wordCount\":800,\"commentCount\":0,\"publisher\":{\"@id\":\"https:\\\/\\\/www.laguiadepamplona.com\\\/actualidad\\\/#organization\"},\"image\":{\"@id\":\"https:\\\/\\\/www.laguiadepamplona.com\\\/actualidad\\\/el-ayuntamiento-de-pamplona-se-une-al-biomaraton-con-un-paseo-botanico-por-los-jardines-del-hospital-universitario-de-navarra-el-sabado-30-de-abril\\\/#primaryimage\"},\"thumbnailUrl\":\"https:\\\/\\\/www.laguiadepamplona.com\\\/actualidad\\\/wp-content\\\/uploads\\\/2022\\\/04\\\/cipresdemonterrey1-web-copia.webp\",\"articleSection\":[\"Ayto Pamplona\"],\"inLanguage\":\"es\",\"potentialAction\":[{\"@type\":\"CommentAction\",\"name\":\"Comment\",\"target\":[\"https:\\\/\\\/www.laguiadepamplona.com\\\/actualidad\\\/el-ayuntamiento-de-pamplona-se-une-al-biomaraton-con-un-paseo-botanico-por-los-jardines-del-hospital-universitario-de-navarra-el-sabado-30-de-abril\\\/#respond\"]}]},{\"@type\":\"WebPage\",\"@id\":\"https:\\\/\\\/www.laguiadepamplona.com\\\/actualidad\\\/el-ayuntamiento-de-pamplona-se-une-al-biomaraton-con-un-paseo-botanico-por-los-jardines-del-hospital-universitario-de-navarra-el-sabado-30-de-abril\\\/\",\"url\":\"https:\\\/\\\/www.laguiadepamplona.com\\\/actualidad\\\/el-ayuntamiento-de-pamplona-se-une-al-biomaraton-con-un-paseo-botanico-por-los-jardines-del-hospital-universitario-de-navarra-el-sabado-30-de-abril\\\/\",\"name\":\"El Ayuntamiento de Pamplona se une al Biomarat\u00f3n con un paseo bot\u00e1nico por los jardines del Hospital Universitario de Navarra el s\u00e1bado 30 de abril\",\"isPartOf\":{\"@id\":\"https:\\\/\\\/www.laguiadepamplona.com\\\/actualidad\\\/#website\"},\"primaryImageOfPage\":{\"@id\":\"https:\\\/\\\/www.laguiadepamplona.com\\\/actualidad\\\/el-ayuntamiento-de-pamplona-se-une-al-biomaraton-con-un-paseo-botanico-por-los-jardines-del-hospital-universitario-de-navarra-el-sabado-30-de-abril\\\/#primaryimage\"},\"image\":{\"@id\":\"https:\\\/\\\/www.laguiadepamplona.com\\\/actualidad\\\/el-ayuntamiento-de-pamplona-se-une-al-biomaraton-con-un-paseo-botanico-por-los-jardines-del-hospital-universitario-de-navarra-el-sabado-30-de-abril\\\/#primaryimage\"},\"thumbnailUrl\":\"https:\\\/\\\/www.laguiadepamplona.com\\\/actualidad\\\/wp-content\\\/uploads\\\/2022\\\/04\\\/cipresdemonterrey1-web-copia.webp\",\"datePublished\":\"2022-04-22T15:40:18+00:00\",\"dateModified\":\"2023-04-11T09:48:17+00:00\",\"description\":\"Este lunes se abre la inscripci\u00f3n en el tel\u00e9fono 010 (948420100) para el recorrido gratuito que guiar\u00e1 una t\u00e9cnica municipal de Agenda 21\",\"breadcrumb\":{\"@id\":\"https:\\\/\\\/www.laguiadepamplona.com\\\/actualidad\\\/el-ayuntamiento-de-pamplona-se-une-al-biomaraton-con-un-paseo-botanico-por-los-jardines-del-hospital-universitario-de-navarra-el-sabado-30-de-abril\\\/#breadcrumb\"},\"inLanguage\":\"es\",\"potentialAction\":[{\"@type\":\"ReadAction\",\"target\":[\"https:\\\/\\\/www.laguiadepamplona.com\\\/actualidad\\\/el-ayuntamiento-de-pamplona-se-une-al-biomaraton-con-un-paseo-botanico-por-los-jardines-del-hospital-universitario-de-navarra-el-sabado-30-de-abril\\\/\"]}]},{\"@type\":\"ImageObject\",\"inLanguage\":\"es\",\"@id\":\"https:\\\/\\\/www.laguiadepamplona.com\\\/actualidad\\\/el-ayuntamiento-de-pamplona-se-une-al-biomaraton-con-un-paseo-botanico-por-los-jardines-del-hospital-universitario-de-navarra-el-sabado-30-de-abril\\\/#primaryimage\",\"url\":\"https:\\\/\\\/www.laguiadepamplona.com\\\/actualidad\\\/wp-content\\\/uploads\\\/2022\\\/04\\\/cipresdemonterrey1-web-copia.webp\",\"contentUrl\":\"https:\\\/\\\/www.laguiadepamplona.com\\\/actualidad\\\/wp-content\\\/uploads\\\/2022\\\/04\\\/cipresdemonterrey1-web-copia.webp\",\"width\":975,\"height\":1300},{\"@type\":\"BreadcrumbList\",\"@id\":\"https:\\\/\\\/www.laguiadepamplona.com\\\/actualidad\\\/el-ayuntamiento-de-pamplona-se-une-al-biomaraton-con-un-paseo-botanico-por-los-jardines-del-hospital-universitario-de-navarra-el-sabado-30-de-abril\\\/#breadcrumb\",\"itemListElement\":[{\"@type\":\"ListItem\",\"position\":1,\"name\":\"Portada\",\"item\":\"https:\\\/\\\/www.laguiadepamplona.com\\\/actualidad\\\/\"},{\"@type\":\"ListItem\",\"position\":2,\"name\":\"El Ayuntamiento de Pamplona se une al Biomarat\u00f3n con un paseo bot\u00e1nico por los jardines del Hospital Universitario de Navarra el s\u00e1bado 30 de abril\"}]},{\"@type\":\"WebSite\",\"@id\":\"https:\\\/\\\/www.laguiadepamplona.com\\\/actualidad\\\/#website\",\"url\":\"https:\\\/\\\/www.laguiadepamplona.com\\\/actualidad\\\/\",\"name\":\"La gu\u00eda de Pamplona\",\"description\":\"Noticias de Pamplona\",\"publisher\":{\"@id\":\"https:\\\/\\\/www.laguiadepamplona.com\\\/actualidad\\\/#organization\"},\"potentialAction\":[{\"@type\":\"SearchAction\",\"target\":{\"@type\":\"EntryPoint\",\"urlTemplate\":\"https:\\\/\\\/www.laguiadepamplona.com\\\/actualidad\\\/?s={search_term_string}\"},\"query-input\":{\"@type\":\"PropertyValueSpecification\",\"valueRequired\":true,\"valueName\":\"search_term_string\"}}],\"inLanguage\":\"es\"},{\"@type\":\"Organization\",\"@id\":\"https:\\\/\\\/www.laguiadepamplona.com\\\/actualidad\\\/#organization\",\"name\":\"La Gu\u00eda de Pamplona \\\/ Noticias\",\"url\":\"https:\\\/\\\/www.laguiadepamplona.com\\\/actualidad\\\/\",\"logo\":{\"@type\":\"ImageObject\",\"inLanguage\":\"es\",\"@id\":\"https:\\\/\\\/www.laguiadepamplona.com\\\/actualidad\\\/#\\\/schema\\\/logo\\\/image\\\/\",\"url\":\"https:\\\/\\\/www.laguiadepamplona.com\\\/actualidad\\\/wp-content\\\/uploads\\\/2018\\\/11\\\/logo-laguiadepamplona18-web1.png\",\"contentUrl\":\"https:\\\/\\\/www.laguiadepamplona.com\\\/actualidad\\\/wp-content\\\/uploads\\\/2018\\\/11\\\/logo-laguiadepamplona18-web1.png\",\"width\":600,\"height\":196,\"caption\":\"La Gu\u00eda de Pamplona \\\/ Noticias\"},\"image\":{\"@id\":\"https:\\\/\\\/www.laguiadepamplona.com\\\/actualidad\\\/#\\\/schema\\\/logo\\\/image\\\/\"},\"sameAs\":[\"https:\\\/\\\/www.facebook.com\\\/laguiadepamplonacom-133175176762273\\\/?ref=hl\",\"https:\\\/\\\/x.com\\\/LaGuiadPamplona\",\"https:\\\/\\\/www.instagram.com\\\/la_guia_de_pamplona\\\/\",\"https:\\\/\\\/www.youtube.com\\\/user\\\/laguiadepamplona\"]},{\"@type\":\"Person\",\"@id\":\"https:\\\/\\\/www.laguiadepamplona.com\\\/actualidad\\\/#\\\/schema\\\/person\\\/efe887376f0213d4657c93adc50b1fdb\",\"name\":\"La Gu\u00eda de Pamplona\",\"image\":{\"@type\":\"ImageObject\",\"inLanguage\":\"es\",\"@id\":\"https:\\\/\\\/secure.gravatar.com\\\/avatar\\\/b6992f131dc8d30ab0dff15446e9d346d9dbd95992de0fef795073f5ea83a81c?s=96&d=mm&r=g\",\"url\":\"https:\\\/\\\/secure.gravatar.com\\\/avatar\\\/b6992f131dc8d30ab0dff15446e9d346d9dbd95992de0fef795073f5ea83a81c?s=96&d=mm&r=g\",\"contentUrl\":\"https:\\\/\\\/secure.gravatar.com\\\/avatar\\\/b6992f131dc8d30ab0dff15446e9d346d9dbd95992de0fef795073f5ea83a81c?s=96&d=mm&r=g\",\"caption\":\"La Gu\u00eda de Pamplona\"}}]}<\/script>\n<!-- \/ Yoast SEO plugin. -->","yoast_head_json":{"title":"El Ayuntamiento de Pamplona se une al Biomarat\u00f3n con un paseo bot\u00e1nico por los jardines del Hospital Universitario de Navarra el s\u00e1bado 30 de abril","description":"Este lunes se abre la inscripci\u00f3n en el tel\u00e9fono 010 (948420100) para el recorrido gratuito que guiar\u00e1 una t\u00e9cnica municipal de Agenda 21","robots":{"index":"index","follow":"follow","max-snippet":"max-snippet:-1","max-image-preview":"max-image-preview:large","max-video-preview":"max-video-preview:-1"},"canonical":"https:\/\/www.laguiadepamplona.com\/actualidad\/el-ayuntamiento-de-pamplona-se-une-al-biomaraton-con-un-paseo-botanico-por-los-jardines-del-hospital-universitario-de-navarra-el-sabado-30-de-abril\/","og_locale":"es_ES","og_type":"article","og_title":"El Ayuntamiento de Pamplona se une al Biomarat\u00f3n con un paseo bot\u00e1nico por los jardines del Hospital Universitario de Navarra el s\u00e1bado 30 de abril","og_description":"Este lunes se abre la inscripci\u00f3n en el tel\u00e9fono 010 (948420100) para el recorrido gratuito que guiar\u00e1 una t\u00e9cnica municipal de Agenda 21","og_url":"https:\/\/www.laguiadepamplona.com\/actualidad\/el-ayuntamiento-de-pamplona-se-une-al-biomaraton-con-un-paseo-botanico-por-los-jardines-del-hospital-universitario-de-navarra-el-sabado-30-de-abril\/","og_site_name":"La Gu\u00eda de Pamplona","article_publisher":"https:\/\/www.facebook.com\/laguiadepamplonacom-133175176762273\/?ref=hl","article_published_time":"2022-04-22T15:40:18+00:00","article_modified_time":"2023-04-11T09:48:17+00:00","og_image":[{"width":975,"height":1300,"url":"https:\/\/www.laguiadepamplona.com\/actualidad\/wp-content\/uploads\/2022\/04\/cipresdemonterrey1-web-copia.webp","type":"image\/webp"}],"author":"La Gu\u00eda de Pamplona","twitter_card":"summary_large_image","twitter_creator":"@LaGuiadPamplona","twitter_site":"@LaGuiadPamplona","twitter_misc":{"Escrito por":"La Gu\u00eda de Pamplona","Tiempo de lectura":"4 minutos"},"schema":{"@context":"https:\/\/schema.org","@graph":[{"@type":"Article","@id":"https:\/\/www.laguiadepamplona.com\/actualidad\/el-ayuntamiento-de-pamplona-se-une-al-biomaraton-con-un-paseo-botanico-por-los-jardines-del-hospital-universitario-de-navarra-el-sabado-30-de-abril\/#article","isPartOf":{"@id":"https:\/\/www.laguiadepamplona.com\/actualidad\/el-ayuntamiento-de-pamplona-se-une-al-biomaraton-con-un-paseo-botanico-por-los-jardines-del-hospital-universitario-de-navarra-el-sabado-30-de-abril\/"},"author":{"name":"La Gu\u00eda de Pamplona","@id":"https:\/\/www.laguiadepamplona.com\/actualidad\/#\/schema\/person\/efe887376f0213d4657c93adc50b1fdb"},"headline":"El Ayuntamiento de Pamplona se une al Biomarat\u00f3n con un paseo bot\u00e1nico por los jardines del Hospital Universitario de Navarra el s\u00e1bado 30 de abril","datePublished":"2022-04-22T15:40:18+00:00","dateModified":"2023-04-11T09:48:17+00:00","mainEntityOfPage":{"@id":"https:\/\/www.laguiadepamplona.com\/actualidad\/el-ayuntamiento-de-pamplona-se-une-al-biomaraton-con-un-paseo-botanico-por-los-jardines-del-hospital-universitario-de-navarra-el-sabado-30-de-abril\/"},"wordCount":800,"commentCount":0,"publisher":{"@id":"https:\/\/www.laguiadepamplona.com\/actualidad\/#organization"},"image":{"@id":"https:\/\/www.laguiadepamplona.com\/actualidad\/el-ayuntamiento-de-pamplona-se-une-al-biomaraton-con-un-paseo-botanico-por-los-jardines-del-hospital-universitario-de-navarra-el-sabado-30-de-abril\/#primaryimage"},"thumbnailUrl":"https:\/\/www.laguiadepamplona.com\/actualidad\/wp-content\/uploads\/2022\/04\/cipresdemonterrey1-web-copia.webp","articleSection":["Ayto Pamplona"],"inLanguage":"es","potentialAction":[{"@type":"CommentAction","name":"Comment","target":["https:\/\/www.laguiadepamplona.com\/actualidad\/el-ayuntamiento-de-pamplona-se-une-al-biomaraton-con-un-paseo-botanico-por-los-jardines-del-hospital-universitario-de-navarra-el-sabado-30-de-abril\/#respond"]}]},{"@type":"WebPage","@id":"https:\/\/www.laguiadepamplona.com\/actualidad\/el-ayuntamiento-de-pamplona-se-une-al-biomaraton-con-un-paseo-botanico-por-los-jardines-del-hospital-universitario-de-navarra-el-sabado-30-de-abril\/","url":"https:\/\/www.laguiadepamplona.com\/actualidad\/el-ayuntamiento-de-pamplona-se-une-al-biomaraton-con-un-paseo-botanico-por-los-jardines-del-hospital-universitario-de-navarra-el-sabado-30-de-abril\/","name":"El Ayuntamiento de Pamplona se une al Biomarat\u00f3n con un paseo bot\u00e1nico por los jardines del Hospital Universitario de Navarra el s\u00e1bado 30 de abril","isPartOf":{"@id":"https:\/\/www.laguiadepamplona.com\/actualidad\/#website"},"primaryImageOfPage":{"@id":"https:\/\/www.laguiadepamplona.com\/actualidad\/el-ayuntamiento-de-pamplona-se-une-al-biomaraton-con-un-paseo-botanico-por-los-jardines-del-hospital-universitario-de-navarra-el-sabado-30-de-abril\/#primaryimage"},"image":{"@id":"https:\/\/www.laguiadepamplona.com\/actualidad\/el-ayuntamiento-de-pamplona-se-une-al-biomaraton-con-un-paseo-botanico-por-los-jardines-del-hospital-universitario-de-navarra-el-sabado-30-de-abril\/#primaryimage"},"thumbnailUrl":"https:\/\/www.laguiadepamplona.com\/actualidad\/wp-content\/uploads\/2022\/04\/cipresdemonterrey1-web-copia.webp","datePublished":"2022-04-22T15:40:18+00:00","dateModified":"2023-04-11T09:48:17+00:00","description":"Este lunes se abre la inscripci\u00f3n en el tel\u00e9fono 010 (948420100) para el recorrido gratuito que guiar\u00e1 una t\u00e9cnica municipal de Agenda 21","breadcrumb":{"@id":"https:\/\/www.laguiadepamplona.com\/actualidad\/el-ayuntamiento-de-pamplona-se-une-al-biomaraton-con-un-paseo-botanico-por-los-jardines-del-hospital-universitario-de-navarra-el-sabado-30-de-abril\/#breadcrumb"},"inLanguage":"es","potentialAction":[{"@type":"ReadAction","target":["https:\/\/www.laguiadepamplona.com\/actualidad\/el-ayuntamiento-de-pamplona-se-une-al-biomaraton-con-un-paseo-botanico-por-los-jardines-del-hospital-universitario-de-navarra-el-sabado-30-de-abril\/"]}]},{"@type":"ImageObject","inLanguage":"es","@id":"https:\/\/www.laguiadepamplona.com\/actualidad\/el-ayuntamiento-de-pamplona-se-une-al-biomaraton-con-un-paseo-botanico-por-los-jardines-del-hospital-universitario-de-navarra-el-sabado-30-de-abril\/#primaryimage","url":"https:\/\/www.laguiadepamplona.com\/actualidad\/wp-content\/uploads\/2022\/04\/cipresdemonterrey1-web-copia.webp","contentUrl":"https:\/\/www.laguiadepamplona.com\/actualidad\/wp-content\/uploads\/2022\/04\/cipresdemonterrey1-web-copia.webp","width":975,"height":1300},{"@type":"BreadcrumbList","@id":"https:\/\/www.laguiadepamplona.com\/actualidad\/el-ayuntamiento-de-pamplona-se-une-al-biomaraton-con-un-paseo-botanico-por-los-jardines-del-hospital-universitario-de-navarra-el-sabado-30-de-abril\/#breadcrumb","itemListElement":[{"@type":"ListItem","position":1,"name":"Portada","item":"https:\/\/www.laguiadepamplona.com\/actualidad\/"},{"@type":"ListItem","position":2,"name":"El Ayuntamiento de Pamplona se une al Biomarat\u00f3n con un paseo bot\u00e1nico por los jardines del Hospital Universitario de Navarra el s\u00e1bado 30 de abril"}]},{"@type":"WebSite","@id":"https:\/\/www.laguiadepamplona.com\/actualidad\/#website","url":"https:\/\/www.laguiadepamplona.com\/actualidad\/","name":"La gu\u00eda de Pamplona","description":"Noticias de Pamplona","publisher":{"@id":"https:\/\/www.laguiadepamplona.com\/actualidad\/#organization"},"potentialAction":[{"@type":"SearchAction","target":{"@type":"EntryPoint","urlTemplate":"https:\/\/www.laguiadepamplona.com\/actualidad\/?s={search_term_string}"},"query-input":{"@type":"PropertyValueSpecification","valueRequired":true,"valueName":"search_term_string"}}],"inLanguage":"es"},{"@type":"Organization","@id":"https:\/\/www.laguiadepamplona.com\/actualidad\/#organization","name":"La Gu\u00eda de Pamplona \/ Noticias","url":"https:\/\/www.laguiadepamplona.com\/actualidad\/","logo":{"@type":"ImageObject","inLanguage":"es","@id":"https:\/\/www.laguiadepamplona.com\/actualidad\/#\/schema\/logo\/image\/","url":"https:\/\/www.laguiadepamplona.com\/actualidad\/wp-content\/uploads\/2018\/11\/logo-laguiadepamplona18-web1.png","contentUrl":"https:\/\/www.laguiadepamplona.com\/actualidad\/wp-content\/uploads\/2018\/11\/logo-laguiadepamplona18-web1.png","width":600,"height":196,"caption":"La Gu\u00eda de Pamplona \/ Noticias"},"image":{"@id":"https:\/\/www.laguiadepamplona.com\/actualidad\/#\/schema\/logo\/image\/"},"sameAs":["https:\/\/www.facebook.com\/laguiadepamplonacom-133175176762273\/?ref=hl","https:\/\/x.com\/LaGuiadPamplona","https:\/\/www.instagram.com\/la_guia_de_pamplona\/","https:\/\/www.youtube.com\/user\/laguiadepamplona"]},{"@type":"Person","@id":"https:\/\/www.laguiadepamplona.com\/actualidad\/#\/schema\/person\/efe887376f0213d4657c93adc50b1fdb","name":"La Gu\u00eda de Pamplona","image":{"@type":"ImageObject","inLanguage":"es","@id":"https:\/\/secure.gravatar.com\/avatar\/b6992f131dc8d30ab0dff15446e9d346d9dbd95992de0fef795073f5ea83a81c?s=96&d=mm&r=g","url":"https:\/\/secure.gravatar.com\/avatar\/b6992f131dc8d30ab0dff15446e9d346d9dbd95992de0fef795073f5ea83a81c?s=96&d=mm&r=g","contentUrl":"https:\/\/secure.gravatar.com\/avatar\/b6992f131dc8d30ab0dff15446e9d346d9dbd95992de0fef795073f5ea83a81c?s=96&d=mm&r=g","caption":"La Gu\u00eda de Pamplona"}}]}},"post_mailing_queue_ids":[],"_links":{"self":[{"href":"https:\/\/www.laguiadepamplona.com\/actualidad\/wp-json\/wp\/v2\/posts\/40031","targetHints":{"allow":["GET"]}}],"collection":[{"href":"https:\/\/www.laguiadepamplona.com\/actualidad\/wp-json\/wp\/v2\/posts"}],"about":[{"href":"https:\/\/www.laguiadepamplona.com\/actualidad\/wp-json\/wp\/v2\/types\/post"}],"author":[{"embeddable":true,"href":"https:\/\/www.laguiadepamplona.com\/actualidad\/wp-json\/wp\/v2\/users\/1"}],"replies":[{"embeddable":true,"href":"https:\/\/www.laguiadepamplona.com\/actualidad\/wp-json\/wp\/v2\/comments?post=40031"}],"version-history":[{"count":0,"href":"https:\/\/www.laguiadepamplona.com\/actualidad\/wp-json\/wp\/v2\/posts\/40031\/revisions"}],"wp:featuredmedia":[{"embeddable":true,"href":"https:\/\/www.laguiadepamplona.com\/actualidad\/wp-json\/wp\/v2\/media\/40032"}],"wp:attachment":[{"href":"https:\/\/www.laguiadepamplona.com\/actualidad\/wp-json\/wp\/v2\/media?parent=40031"}],"wp:term":[{"taxonomy":"category","embeddable":true,"href":"https:\/\/www.laguiadepamplona.com\/actualidad\/wp-json\/wp\/v2\/categories?post=40031"},{"taxonomy":"post_tag","embeddable":true,"href":"https:\/\/www.laguiadepamplona.com\/actualidad\/wp-json\/wp\/v2\/tags?post=40031"}],"curies":[{"name":"wp","href":"https:\/\/api.w.org\/{rel}","templated":true}]}}