{"id":40012,"date":"2022-04-21T16:55:19","date_gmt":"2022-04-21T14:55:19","guid":{"rendered":"https:\/\/www.laguiadepamplona.com\/actualidad\/?p=40012"},"modified":"2023-04-11T11:48:17","modified_gmt":"2023-04-11T09:48:17","slug":"diecisiete-librerias-vuelven-a-la-calle-este-sabado-para-celebrar-una-nueva-edicion-del-dia-del-libro-y-de-la-flor-en-la-peatonal-de-carlos-iii-con-la-avenida-de-roncesvalles","status":"publish","type":"post","link":"https:\/\/www.laguiadepamplona.com\/actualidad\/diecisiete-librerias-vuelven-a-la-calle-este-sabado-para-celebrar-una-nueva-edicion-del-dia-del-libro-y-de-la-flor-en-la-peatonal-de-carlos-iii-con-la-avenida-de-roncesvalles\/","title":{"rendered":"Diecisiete librer\u00edas vuelven a la calle este s\u00e1bado para celebrar una nueva edici\u00f3n del \u2018D\u00eda del Libro y de la Flor\u2019 en la peatonal de Carlos III con la avenida de Roncesvalles"},"content":{"rendered":"<h5>Ayuntamiento de Pamplona y Asociaci\u00f3n de Libreros Diego de Haro han suscrito un convenio de colaboraci\u00f3n para organizar este d\u00eda<\/h5>\n<p><!--more--><\/p>\n<p>El D\u00eda del Libro y de la Flor vuelve este pr\u00f3ximo s\u00e1bado 23 de abril organizado de nuevo por el Ayuntamiento de Pamplona y la Asociaci\u00f3n de Libreros Diego de Haro. La concejala delegada de Gobierno Estrat\u00e9gico, Comercio y Turismo, Ana Elizalde, y la presidenta de la Asociaci\u00f3n de Libreros Diego de Haro, Maider D\u00edaz, han firmado un convenio de colaboraci\u00f3n para que esta festividad literaria se pueda celebrar coincidiendo con el D\u00eda Internacional del Libro. En el acto han estado presentes responsables de algunas de las librer\u00edas participantes: Abarzuza, Iratxe, Nerea, Arista, Karrikiri, Miriam, Elkar, El Corte Ingl\u00e9s, Troa y Chundarata.<\/p>\n<p>La peatonal de Carlos III en su confluencia con la avenida de Roncesvalles acoger\u00e1 17 stands con 17 librer\u00edas que se han unido a esta iniciativa puesta en marcha en 2008. Los puestos abrir\u00e1n a las 10 horas de la ma\u00f1ana y mantendr\u00e1n un horario de atenci\u00f3n ininterrumpido hasta las 21 horas. Como suele ser tradicional, a los descuentos del 10% en la compra de libros, se une el detalle del regalo de una flor, hasta agotar existencias. Tambi\u00e9n se han impreso marcap\u00e1ginas conmemorativos de la festividad.<br \/>\n<script async src=\"\/\/pagead2.googlesyndication.com\/pagead\/js\/adsbygoogle.js\"><\/script><br \/>\n<!-- Noticias La Guia de Pamplona --><br \/>\n<ins class=\"adsbygoogle\"\nstyle=\"display:block\"\ndata-ad-client=\"ca-pub-6943679897239327\"\ndata-ad-slot=\"7048180777\"\ndata-ad-format=\"auto\"><\/ins><br \/>\n<script>\n(adsbygoogle = window.adsbygoogle || []).push({});\n<\/script><\/p>\n<p>Las librer\u00edas participantes en esta nueva edici\u00f3n del D\u00eda del Libro y de la Flor ser\u00e1n Librer\u00eda Miriam, Arcos, Elkar (dos establecimientos), La Jugueter\u00eda de Libros, Acuario, Nerea, Troa Librer\u00edas, Ab\u00e1rzuza, Walden, Chundarata, Katakrak, Arista, El Corte Ingl\u00e9s, Muga, Karrikiri y Librer\u00eda Iratxe. En las sedes habituales de las librer\u00edas tambi\u00e9n se realizar\u00e1 el descuento del 10% en la adquisici\u00f3n de libros. Han confirmado la asistencia a la rueda de prensa las librer\u00edas:<\/p>\n<p><strong>El D\u00eda Mundial del Libro y de los Derechos de Autor<\/strong> tuvo su origen el 15 de noviembre de 1995<strong>.<\/strong> fue decretado por la <strong>UNESCO<\/strong> con el objetivo de fomentar la lectura, adem\u00e1s de dar a conocer el derecho de la propiedad intelectual para el autor de su propia obra literaria. Se eligi\u00f3 el 23 de abril por ser la fecha del nacimiento o muerte de varios de los grandes autores de la literatura universal como Miguel de Cervantes, <strong>Garcilaso de la Vega, Williams Shakespeare, Vladimir Nabokov o Josep Pla, <\/strong>entre otros.<br \/>\n<script async src=\"\/\/pagead2.googlesyndication.com\/pagead\/js\/adsbygoogle.js\"><\/script><br \/>\n<!-- Noticias La Guia de Pamplona --><br \/>\n<ins class=\"adsbygoogle\"\nstyle=\"display:block\"\ndata-ad-client=\"ca-pub-6943679897239327\"\ndata-ad-slot=\"7048180777\"\ndata-ad-format=\"auto\"><\/ins><br \/>\n<script>\n(adsbygoogle = window.adsbygoogle || []).push({});\n<\/script><\/p>\n<p><strong>Escaparate del comercio de cercan\u00eda<\/strong><\/p>\n<p>El convenio suscrito recoge la importancia de celebrar una jornada como la del pr\u00f3ximo s\u00e1bado, que convierte durante unas horas la calle en un escaparate para el comercio de cercan\u00eda de Pamplona, en este caso el sector del libro, mostrando a clientela y visitantes las librer\u00edas tradicionales que hacen ciudad y crean econom\u00eda en Pamplona. Adem\u00e1s, se dinamiza la zona centro con un ambiente festivo.<\/p>\n<p>El pasado 31 de marzo finaliz\u00f3 el plazo de inscripci\u00f3n para esta iniciativa gestionada a trav\u00e9s de la asociaci\u00f3n Diego de Haro, pero abierta tanto a librer\u00edas asociadas como no asociadas.\u00a0 Para tener un stand era necesario contar con un establecimiento comercial dedicado total o parcialmente a la venta de libros, ubicado dentro del t\u00e9rmino municipal de Pamplona, y pagar la cuota establecida.<\/p>\n<p>El Ayuntamiento de Pamplona autorizar\u00e1 el uso del espacio preciso para el desarrollo de este D\u00eda del Libro y de la Flor e instalar\u00e1 las jaimas que albergar\u00e1n a las librer\u00edas. Esas jaimas tendr\u00e1 un tama\u00f1o de 5 x 4 metros (un total de 20 metros cuadrados) cada una de ellas y estar\u00e1n disponibles en las pr\u00f3ximas horas para las labores de carga y descarga de material.<\/p>\n","protected":false},"excerpt":{"rendered":"<p>Ayuntamiento de Pamplona y Asociaci\u00f3n de Libreros Diego de Haro han suscrito un convenio de colaboraci\u00f3n para organizar este d\u00eda<\/p>\n","protected":false},"author":1,"featured_media":40013,"comment_status":"open","ping_status":"closed","sticky":false,"template":"","format":"standard","meta":{"footnotes":""},"categories":[2],"tags":[],"class_list":["post-40012","post","type-post","status-publish","format-standard","has-post-thumbnail","hentry","category-ayuntamiento-pamplona"],"yoast_head":"<!-- This site is optimized with the Yoast SEO plugin v27.5 - https:\/\/yoast.com\/product\/yoast-seo-wordpress\/ -->\n<title>Diecisiete librer\u00edas vuelven a la calle este s\u00e1bado para celebrar una nueva edici\u00f3n del \u2018D\u00eda del Libro y de la Flor\u2019 en la peatonal de Carlos III con la avenida de Roncesvalles<\/title>\n<meta name=\"description\" content=\"Ayuntamiento de Pamplona y Asociaci\u00f3n de Libreros Diego de Haro han suscrito un convenio de colaboraci\u00f3n para organizar este d\u00eda\" \/>\n<meta name=\"robots\" content=\"index, follow, max-snippet:-1, max-image-preview:large, max-video-preview:-1\" \/>\n<link rel=\"canonical\" href=\"https:\/\/www.laguiadepamplona.com\/actualidad\/diecisiete-librerias-vuelven-a-la-calle-este-sabado-para-celebrar-una-nueva-edicion-del-dia-del-libro-y-de-la-flor-en-la-peatonal-de-carlos-iii-con-la-avenida-de-roncesvalles\/\" \/>\n<meta property=\"og:locale\" content=\"es_ES\" \/>\n<meta property=\"og:type\" content=\"article\" \/>\n<meta property=\"og:title\" content=\"Diecisiete librer\u00edas vuelven a la calle este s\u00e1bado para celebrar una nueva edici\u00f3n del \u2018D\u00eda del Libro y de la Flor\u2019 en la peatonal de Carlos III con la avenida de Roncesvalles\" \/>\n<meta property=\"og:description\" content=\"Ayuntamiento de Pamplona y Asociaci\u00f3n de Libreros Diego de Haro han suscrito un convenio de colaboraci\u00f3n para organizar este d\u00eda\" \/>\n<meta property=\"og:url\" content=\"https:\/\/www.laguiadepamplona.com\/actualidad\/diecisiete-librerias-vuelven-a-la-calle-este-sabado-para-celebrar-una-nueva-edicion-del-dia-del-libro-y-de-la-flor-en-la-peatonal-de-carlos-iii-con-la-avenida-de-roncesvalles\/\" \/>\n<meta property=\"og:site_name\" content=\"La Gu\u00eda de Pamplona\" \/>\n<meta property=\"article:publisher\" content=\"https:\/\/www.facebook.com\/laguiadepamplonacom-133175176762273\/?ref=hl\" \/>\n<meta property=\"article:published_time\" content=\"2022-04-21T14:55:19+00:00\" \/>\n<meta property=\"article:modified_time\" content=\"2023-04-11T09:48:17+00:00\" \/>\n<meta property=\"og:image\" content=\"https:\/\/www.laguiadepamplona.com\/actualidad\/wp-content\/uploads\/2022\/04\/dia-del-libro-flor.webp\" \/>\n\t<meta property=\"og:image:width\" content=\"1920\" \/>\n\t<meta property=\"og:image:height\" content=\"1281\" \/>\n\t<meta property=\"og:image:type\" content=\"image\/webp\" \/>\n<meta name=\"author\" content=\"La Gu\u00eda de Pamplona\" \/>\n<meta name=\"twitter:card\" content=\"summary_large_image\" \/>\n<meta name=\"twitter:creator\" content=\"@LaGuiadPamplona\" \/>\n<meta name=\"twitter:site\" content=\"@LaGuiadPamplona\" \/>\n<meta name=\"twitter:label1\" content=\"Escrito por\" \/>\n\t<meta name=\"twitter:data1\" content=\"La Gu\u00eda de Pamplona\" \/>\n\t<meta name=\"twitter:label2\" content=\"Tiempo de lectura\" \/>\n\t<meta name=\"twitter:data2\" content=\"3 minutos\" \/>\n<script type=\"application\/ld+json\" class=\"yoast-schema-graph\">{\"@context\":\"https:\\\/\\\/schema.org\",\"@graph\":[{\"@type\":\"Article\",\"@id\":\"https:\\\/\\\/www.laguiadepamplona.com\\\/actualidad\\\/diecisiete-librerias-vuelven-a-la-calle-este-sabado-para-celebrar-una-nueva-edicion-del-dia-del-libro-y-de-la-flor-en-la-peatonal-de-carlos-iii-con-la-avenida-de-roncesvalles\\\/#article\",\"isPartOf\":{\"@id\":\"https:\\\/\\\/www.laguiadepamplona.com\\\/actualidad\\\/diecisiete-librerias-vuelven-a-la-calle-este-sabado-para-celebrar-una-nueva-edicion-del-dia-del-libro-y-de-la-flor-en-la-peatonal-de-carlos-iii-con-la-avenida-de-roncesvalles\\\/\"},\"author\":{\"name\":\"La Gu\u00eda de Pamplona\",\"@id\":\"https:\\\/\\\/www.laguiadepamplona.com\\\/actualidad\\\/#\\\/schema\\\/person\\\/efe887376f0213d4657c93adc50b1fdb\"},\"headline\":\"Diecisiete librer\u00edas vuelven a la calle este s\u00e1bado para celebrar una nueva edici\u00f3n del \u2018D\u00eda del Libro y de la Flor\u2019 en la peatonal de Carlos III con la avenida de Roncesvalles\",\"datePublished\":\"2022-04-21T14:55:19+00:00\",\"dateModified\":\"2023-04-11T09:48:17+00:00\",\"mainEntityOfPage\":{\"@id\":\"https:\\\/\\\/www.laguiadepamplona.com\\\/actualidad\\\/diecisiete-librerias-vuelven-a-la-calle-este-sabado-para-celebrar-una-nueva-edicion-del-dia-del-libro-y-de-la-flor-en-la-peatonal-de-carlos-iii-con-la-avenida-de-roncesvalles\\\/\"},\"wordCount\":650,\"commentCount\":0,\"publisher\":{\"@id\":\"https:\\\/\\\/www.laguiadepamplona.com\\\/actualidad\\\/#organization\"},\"image\":{\"@id\":\"https:\\\/\\\/www.laguiadepamplona.com\\\/actualidad\\\/diecisiete-librerias-vuelven-a-la-calle-este-sabado-para-celebrar-una-nueva-edicion-del-dia-del-libro-y-de-la-flor-en-la-peatonal-de-carlos-iii-con-la-avenida-de-roncesvalles\\\/#primaryimage\"},\"thumbnailUrl\":\"https:\\\/\\\/www.laguiadepamplona.com\\\/actualidad\\\/wp-content\\\/uploads\\\/2022\\\/04\\\/dia-del-libro-flor.webp\",\"articleSection\":[\"Ayto Pamplona\"],\"inLanguage\":\"es\",\"potentialAction\":[{\"@type\":\"CommentAction\",\"name\":\"Comment\",\"target\":[\"https:\\\/\\\/www.laguiadepamplona.com\\\/actualidad\\\/diecisiete-librerias-vuelven-a-la-calle-este-sabado-para-celebrar-una-nueva-edicion-del-dia-del-libro-y-de-la-flor-en-la-peatonal-de-carlos-iii-con-la-avenida-de-roncesvalles\\\/#respond\"]}]},{\"@type\":\"WebPage\",\"@id\":\"https:\\\/\\\/www.laguiadepamplona.com\\\/actualidad\\\/diecisiete-librerias-vuelven-a-la-calle-este-sabado-para-celebrar-una-nueva-edicion-del-dia-del-libro-y-de-la-flor-en-la-peatonal-de-carlos-iii-con-la-avenida-de-roncesvalles\\\/\",\"url\":\"https:\\\/\\\/www.laguiadepamplona.com\\\/actualidad\\\/diecisiete-librerias-vuelven-a-la-calle-este-sabado-para-celebrar-una-nueva-edicion-del-dia-del-libro-y-de-la-flor-en-la-peatonal-de-carlos-iii-con-la-avenida-de-roncesvalles\\\/\",\"name\":\"Diecisiete librer\u00edas vuelven a la calle este s\u00e1bado para celebrar una nueva edici\u00f3n del \u2018D\u00eda del Libro y de la Flor\u2019 en la peatonal de Carlos III con la avenida de Roncesvalles\",\"isPartOf\":{\"@id\":\"https:\\\/\\\/www.laguiadepamplona.com\\\/actualidad\\\/#website\"},\"primaryImageOfPage\":{\"@id\":\"https:\\\/\\\/www.laguiadepamplona.com\\\/actualidad\\\/diecisiete-librerias-vuelven-a-la-calle-este-sabado-para-celebrar-una-nueva-edicion-del-dia-del-libro-y-de-la-flor-en-la-peatonal-de-carlos-iii-con-la-avenida-de-roncesvalles\\\/#primaryimage\"},\"image\":{\"@id\":\"https:\\\/\\\/www.laguiadepamplona.com\\\/actualidad\\\/diecisiete-librerias-vuelven-a-la-calle-este-sabado-para-celebrar-una-nueva-edicion-del-dia-del-libro-y-de-la-flor-en-la-peatonal-de-carlos-iii-con-la-avenida-de-roncesvalles\\\/#primaryimage\"},\"thumbnailUrl\":\"https:\\\/\\\/www.laguiadepamplona.com\\\/actualidad\\\/wp-content\\\/uploads\\\/2022\\\/04\\\/dia-del-libro-flor.webp\",\"datePublished\":\"2022-04-21T14:55:19+00:00\",\"dateModified\":\"2023-04-11T09:48:17+00:00\",\"description\":\"Ayuntamiento de Pamplona y Asociaci\u00f3n de Libreros Diego de Haro han suscrito un convenio de colaboraci\u00f3n para organizar este d\u00eda\",\"breadcrumb\":{\"@id\":\"https:\\\/\\\/www.laguiadepamplona.com\\\/actualidad\\\/diecisiete-librerias-vuelven-a-la-calle-este-sabado-para-celebrar-una-nueva-edicion-del-dia-del-libro-y-de-la-flor-en-la-peatonal-de-carlos-iii-con-la-avenida-de-roncesvalles\\\/#breadcrumb\"},\"inLanguage\":\"es\",\"potentialAction\":[{\"@type\":\"ReadAction\",\"target\":[\"https:\\\/\\\/www.laguiadepamplona.com\\\/actualidad\\\/diecisiete-librerias-vuelven-a-la-calle-este-sabado-para-celebrar-una-nueva-edicion-del-dia-del-libro-y-de-la-flor-en-la-peatonal-de-carlos-iii-con-la-avenida-de-roncesvalles\\\/\"]}]},{\"@type\":\"ImageObject\",\"inLanguage\":\"es\",\"@id\":\"https:\\\/\\\/www.laguiadepamplona.com\\\/actualidad\\\/diecisiete-librerias-vuelven-a-la-calle-este-sabado-para-celebrar-una-nueva-edicion-del-dia-del-libro-y-de-la-flor-en-la-peatonal-de-carlos-iii-con-la-avenida-de-roncesvalles\\\/#primaryimage\",\"url\":\"https:\\\/\\\/www.laguiadepamplona.com\\\/actualidad\\\/wp-content\\\/uploads\\\/2022\\\/04\\\/dia-del-libro-flor.webp\",\"contentUrl\":\"https:\\\/\\\/www.laguiadepamplona.com\\\/actualidad\\\/wp-content\\\/uploads\\\/2022\\\/04\\\/dia-del-libro-flor.webp\",\"width\":1920,\"height\":1281},{\"@type\":\"BreadcrumbList\",\"@id\":\"https:\\\/\\\/www.laguiadepamplona.com\\\/actualidad\\\/diecisiete-librerias-vuelven-a-la-calle-este-sabado-para-celebrar-una-nueva-edicion-del-dia-del-libro-y-de-la-flor-en-la-peatonal-de-carlos-iii-con-la-avenida-de-roncesvalles\\\/#breadcrumb\",\"itemListElement\":[{\"@type\":\"ListItem\",\"position\":1,\"name\":\"Portada\",\"item\":\"https:\\\/\\\/www.laguiadepamplona.com\\\/actualidad\\\/\"},{\"@type\":\"ListItem\",\"position\":2,\"name\":\"Diecisiete librer\u00edas vuelven a la calle este s\u00e1bado para celebrar una nueva edici\u00f3n del \u2018D\u00eda del Libro y de la Flor\u2019 en la peatonal de Carlos III con la avenida de Roncesvalles\"}]},{\"@type\":\"WebSite\",\"@id\":\"https:\\\/\\\/www.laguiadepamplona.com\\\/actualidad\\\/#website\",\"url\":\"https:\\\/\\\/www.laguiadepamplona.com\\\/actualidad\\\/\",\"name\":\"La gu\u00eda de Pamplona\",\"description\":\"Noticias de Pamplona\",\"publisher\":{\"@id\":\"https:\\\/\\\/www.laguiadepamplona.com\\\/actualidad\\\/#organization\"},\"potentialAction\":[{\"@type\":\"SearchAction\",\"target\":{\"@type\":\"EntryPoint\",\"urlTemplate\":\"https:\\\/\\\/www.laguiadepamplona.com\\\/actualidad\\\/?s={search_term_string}\"},\"query-input\":{\"@type\":\"PropertyValueSpecification\",\"valueRequired\":true,\"valueName\":\"search_term_string\"}}],\"inLanguage\":\"es\"},{\"@type\":\"Organization\",\"@id\":\"https:\\\/\\\/www.laguiadepamplona.com\\\/actualidad\\\/#organization\",\"name\":\"La Gu\u00eda de Pamplona \\\/ Noticias\",\"url\":\"https:\\\/\\\/www.laguiadepamplona.com\\\/actualidad\\\/\",\"logo\":{\"@type\":\"ImageObject\",\"inLanguage\":\"es\",\"@id\":\"https:\\\/\\\/www.laguiadepamplona.com\\\/actualidad\\\/#\\\/schema\\\/logo\\\/image\\\/\",\"url\":\"https:\\\/\\\/www.laguiadepamplona.com\\\/actualidad\\\/wp-content\\\/uploads\\\/2018\\\/11\\\/logo-laguiadepamplona18-web1.png\",\"contentUrl\":\"https:\\\/\\\/www.laguiadepamplona.com\\\/actualidad\\\/wp-content\\\/uploads\\\/2018\\\/11\\\/logo-laguiadepamplona18-web1.png\",\"width\":600,\"height\":196,\"caption\":\"La Gu\u00eda de Pamplona \\\/ Noticias\"},\"image\":{\"@id\":\"https:\\\/\\\/www.laguiadepamplona.com\\\/actualidad\\\/#\\\/schema\\\/logo\\\/image\\\/\"},\"sameAs\":[\"https:\\\/\\\/www.facebook.com\\\/laguiadepamplonacom-133175176762273\\\/?ref=hl\",\"https:\\\/\\\/x.com\\\/LaGuiadPamplona\",\"https:\\\/\\\/www.instagram.com\\\/la_guia_de_pamplona\\\/\",\"https:\\\/\\\/www.youtube.com\\\/user\\\/laguiadepamplona\"]},{\"@type\":\"Person\",\"@id\":\"https:\\\/\\\/www.laguiadepamplona.com\\\/actualidad\\\/#\\\/schema\\\/person\\\/efe887376f0213d4657c93adc50b1fdb\",\"name\":\"La Gu\u00eda de Pamplona\",\"image\":{\"@type\":\"ImageObject\",\"inLanguage\":\"es\",\"@id\":\"https:\\\/\\\/secure.gravatar.com\\\/avatar\\\/b6992f131dc8d30ab0dff15446e9d346d9dbd95992de0fef795073f5ea83a81c?s=96&d=mm&r=g\",\"url\":\"https:\\\/\\\/secure.gravatar.com\\\/avatar\\\/b6992f131dc8d30ab0dff15446e9d346d9dbd95992de0fef795073f5ea83a81c?s=96&d=mm&r=g\",\"contentUrl\":\"https:\\\/\\\/secure.gravatar.com\\\/avatar\\\/b6992f131dc8d30ab0dff15446e9d346d9dbd95992de0fef795073f5ea83a81c?s=96&d=mm&r=g\",\"caption\":\"La Gu\u00eda de Pamplona\"}}]}<\/script>\n<!-- \/ Yoast SEO plugin. -->","yoast_head_json":{"title":"Diecisiete librer\u00edas vuelven a la calle este s\u00e1bado para celebrar una nueva edici\u00f3n del \u2018D\u00eda del Libro y de la Flor\u2019 en la peatonal de Carlos III con la avenida de Roncesvalles","description":"Ayuntamiento de Pamplona y Asociaci\u00f3n de Libreros Diego de Haro han suscrito un convenio de colaboraci\u00f3n para organizar este d\u00eda","robots":{"index":"index","follow":"follow","max-snippet":"max-snippet:-1","max-image-preview":"max-image-preview:large","max-video-preview":"max-video-preview:-1"},"canonical":"https:\/\/www.laguiadepamplona.com\/actualidad\/diecisiete-librerias-vuelven-a-la-calle-este-sabado-para-celebrar-una-nueva-edicion-del-dia-del-libro-y-de-la-flor-en-la-peatonal-de-carlos-iii-con-la-avenida-de-roncesvalles\/","og_locale":"es_ES","og_type":"article","og_title":"Diecisiete librer\u00edas vuelven a la calle este s\u00e1bado para celebrar una nueva edici\u00f3n del \u2018D\u00eda del Libro y de la Flor\u2019 en la peatonal de Carlos III con la avenida de Roncesvalles","og_description":"Ayuntamiento de Pamplona y Asociaci\u00f3n de Libreros Diego de Haro han suscrito un convenio de colaboraci\u00f3n para organizar este d\u00eda","og_url":"https:\/\/www.laguiadepamplona.com\/actualidad\/diecisiete-librerias-vuelven-a-la-calle-este-sabado-para-celebrar-una-nueva-edicion-del-dia-del-libro-y-de-la-flor-en-la-peatonal-de-carlos-iii-con-la-avenida-de-roncesvalles\/","og_site_name":"La Gu\u00eda de Pamplona","article_publisher":"https:\/\/www.facebook.com\/laguiadepamplonacom-133175176762273\/?ref=hl","article_published_time":"2022-04-21T14:55:19+00:00","article_modified_time":"2023-04-11T09:48:17+00:00","og_image":[{"width":1920,"height":1281,"url":"https:\/\/www.laguiadepamplona.com\/actualidad\/wp-content\/uploads\/2022\/04\/dia-del-libro-flor.webp","type":"image\/webp"}],"author":"La Gu\u00eda de Pamplona","twitter_card":"summary_large_image","twitter_creator":"@LaGuiadPamplona","twitter_site":"@LaGuiadPamplona","twitter_misc":{"Escrito por":"La Gu\u00eda de Pamplona","Tiempo de lectura":"3 minutos"},"schema":{"@context":"https:\/\/schema.org","@graph":[{"@type":"Article","@id":"https:\/\/www.laguiadepamplona.com\/actualidad\/diecisiete-librerias-vuelven-a-la-calle-este-sabado-para-celebrar-una-nueva-edicion-del-dia-del-libro-y-de-la-flor-en-la-peatonal-de-carlos-iii-con-la-avenida-de-roncesvalles\/#article","isPartOf":{"@id":"https:\/\/www.laguiadepamplona.com\/actualidad\/diecisiete-librerias-vuelven-a-la-calle-este-sabado-para-celebrar-una-nueva-edicion-del-dia-del-libro-y-de-la-flor-en-la-peatonal-de-carlos-iii-con-la-avenida-de-roncesvalles\/"},"author":{"name":"La Gu\u00eda de Pamplona","@id":"https:\/\/www.laguiadepamplona.com\/actualidad\/#\/schema\/person\/efe887376f0213d4657c93adc50b1fdb"},"headline":"Diecisiete librer\u00edas vuelven a la calle este s\u00e1bado para celebrar una nueva edici\u00f3n del \u2018D\u00eda del Libro y de la Flor\u2019 en la peatonal de Carlos III con la avenida de Roncesvalles","datePublished":"2022-04-21T14:55:19+00:00","dateModified":"2023-04-11T09:48:17+00:00","mainEntityOfPage":{"@id":"https:\/\/www.laguiadepamplona.com\/actualidad\/diecisiete-librerias-vuelven-a-la-calle-este-sabado-para-celebrar-una-nueva-edicion-del-dia-del-libro-y-de-la-flor-en-la-peatonal-de-carlos-iii-con-la-avenida-de-roncesvalles\/"},"wordCount":650,"commentCount":0,"publisher":{"@id":"https:\/\/www.laguiadepamplona.com\/actualidad\/#organization"},"image":{"@id":"https:\/\/www.laguiadepamplona.com\/actualidad\/diecisiete-librerias-vuelven-a-la-calle-este-sabado-para-celebrar-una-nueva-edicion-del-dia-del-libro-y-de-la-flor-en-la-peatonal-de-carlos-iii-con-la-avenida-de-roncesvalles\/#primaryimage"},"thumbnailUrl":"https:\/\/www.laguiadepamplona.com\/actualidad\/wp-content\/uploads\/2022\/04\/dia-del-libro-flor.webp","articleSection":["Ayto Pamplona"],"inLanguage":"es","potentialAction":[{"@type":"CommentAction","name":"Comment","target":["https:\/\/www.laguiadepamplona.com\/actualidad\/diecisiete-librerias-vuelven-a-la-calle-este-sabado-para-celebrar-una-nueva-edicion-del-dia-del-libro-y-de-la-flor-en-la-peatonal-de-carlos-iii-con-la-avenida-de-roncesvalles\/#respond"]}]},{"@type":"WebPage","@id":"https:\/\/www.laguiadepamplona.com\/actualidad\/diecisiete-librerias-vuelven-a-la-calle-este-sabado-para-celebrar-una-nueva-edicion-del-dia-del-libro-y-de-la-flor-en-la-peatonal-de-carlos-iii-con-la-avenida-de-roncesvalles\/","url":"https:\/\/www.laguiadepamplona.com\/actualidad\/diecisiete-librerias-vuelven-a-la-calle-este-sabado-para-celebrar-una-nueva-edicion-del-dia-del-libro-y-de-la-flor-en-la-peatonal-de-carlos-iii-con-la-avenida-de-roncesvalles\/","name":"Diecisiete librer\u00edas vuelven a la calle este s\u00e1bado para celebrar una nueva edici\u00f3n del \u2018D\u00eda del Libro y de la Flor\u2019 en la peatonal de Carlos III con la avenida de Roncesvalles","isPartOf":{"@id":"https:\/\/www.laguiadepamplona.com\/actualidad\/#website"},"primaryImageOfPage":{"@id":"https:\/\/www.laguiadepamplona.com\/actualidad\/diecisiete-librerias-vuelven-a-la-calle-este-sabado-para-celebrar-una-nueva-edicion-del-dia-del-libro-y-de-la-flor-en-la-peatonal-de-carlos-iii-con-la-avenida-de-roncesvalles\/#primaryimage"},"image":{"@id":"https:\/\/www.laguiadepamplona.com\/actualidad\/diecisiete-librerias-vuelven-a-la-calle-este-sabado-para-celebrar-una-nueva-edicion-del-dia-del-libro-y-de-la-flor-en-la-peatonal-de-carlos-iii-con-la-avenida-de-roncesvalles\/#primaryimage"},"thumbnailUrl":"https:\/\/www.laguiadepamplona.com\/actualidad\/wp-content\/uploads\/2022\/04\/dia-del-libro-flor.webp","datePublished":"2022-04-21T14:55:19+00:00","dateModified":"2023-04-11T09:48:17+00:00","description":"Ayuntamiento de Pamplona y Asociaci\u00f3n de Libreros Diego de Haro han suscrito un convenio de colaboraci\u00f3n para organizar este d\u00eda","breadcrumb":{"@id":"https:\/\/www.laguiadepamplona.com\/actualidad\/diecisiete-librerias-vuelven-a-la-calle-este-sabado-para-celebrar-una-nueva-edicion-del-dia-del-libro-y-de-la-flor-en-la-peatonal-de-carlos-iii-con-la-avenida-de-roncesvalles\/#breadcrumb"},"inLanguage":"es","potentialAction":[{"@type":"ReadAction","target":["https:\/\/www.laguiadepamplona.com\/actualidad\/diecisiete-librerias-vuelven-a-la-calle-este-sabado-para-celebrar-una-nueva-edicion-del-dia-del-libro-y-de-la-flor-en-la-peatonal-de-carlos-iii-con-la-avenida-de-roncesvalles\/"]}]},{"@type":"ImageObject","inLanguage":"es","@id":"https:\/\/www.laguiadepamplona.com\/actualidad\/diecisiete-librerias-vuelven-a-la-calle-este-sabado-para-celebrar-una-nueva-edicion-del-dia-del-libro-y-de-la-flor-en-la-peatonal-de-carlos-iii-con-la-avenida-de-roncesvalles\/#primaryimage","url":"https:\/\/www.laguiadepamplona.com\/actualidad\/wp-content\/uploads\/2022\/04\/dia-del-libro-flor.webp","contentUrl":"https:\/\/www.laguiadepamplona.com\/actualidad\/wp-content\/uploads\/2022\/04\/dia-del-libro-flor.webp","width":1920,"height":1281},{"@type":"BreadcrumbList","@id":"https:\/\/www.laguiadepamplona.com\/actualidad\/diecisiete-librerias-vuelven-a-la-calle-este-sabado-para-celebrar-una-nueva-edicion-del-dia-del-libro-y-de-la-flor-en-la-peatonal-de-carlos-iii-con-la-avenida-de-roncesvalles\/#breadcrumb","itemListElement":[{"@type":"ListItem","position":1,"name":"Portada","item":"https:\/\/www.laguiadepamplona.com\/actualidad\/"},{"@type":"ListItem","position":2,"name":"Diecisiete librer\u00edas vuelven a la calle este s\u00e1bado para celebrar una nueva edici\u00f3n del \u2018D\u00eda del Libro y de la Flor\u2019 en la peatonal de Carlos III con la avenida de Roncesvalles"}]},{"@type":"WebSite","@id":"https:\/\/www.laguiadepamplona.com\/actualidad\/#website","url":"https:\/\/www.laguiadepamplona.com\/actualidad\/","name":"La gu\u00eda de Pamplona","description":"Noticias de Pamplona","publisher":{"@id":"https:\/\/www.laguiadepamplona.com\/actualidad\/#organization"},"potentialAction":[{"@type":"SearchAction","target":{"@type":"EntryPoint","urlTemplate":"https:\/\/www.laguiadepamplona.com\/actualidad\/?s={search_term_string}"},"query-input":{"@type":"PropertyValueSpecification","valueRequired":true,"valueName":"search_term_string"}}],"inLanguage":"es"},{"@type":"Organization","@id":"https:\/\/www.laguiadepamplona.com\/actualidad\/#organization","name":"La Gu\u00eda de Pamplona \/ Noticias","url":"https:\/\/www.laguiadepamplona.com\/actualidad\/","logo":{"@type":"ImageObject","inLanguage":"es","@id":"https:\/\/www.laguiadepamplona.com\/actualidad\/#\/schema\/logo\/image\/","url":"https:\/\/www.laguiadepamplona.com\/actualidad\/wp-content\/uploads\/2018\/11\/logo-laguiadepamplona18-web1.png","contentUrl":"https:\/\/www.laguiadepamplona.com\/actualidad\/wp-content\/uploads\/2018\/11\/logo-laguiadepamplona18-web1.png","width":600,"height":196,"caption":"La Gu\u00eda de Pamplona \/ Noticias"},"image":{"@id":"https:\/\/www.laguiadepamplona.com\/actualidad\/#\/schema\/logo\/image\/"},"sameAs":["https:\/\/www.facebook.com\/laguiadepamplonacom-133175176762273\/?ref=hl","https:\/\/x.com\/LaGuiadPamplona","https:\/\/www.instagram.com\/la_guia_de_pamplona\/","https:\/\/www.youtube.com\/user\/laguiadepamplona"]},{"@type":"Person","@id":"https:\/\/www.laguiadepamplona.com\/actualidad\/#\/schema\/person\/efe887376f0213d4657c93adc50b1fdb","name":"La Gu\u00eda de Pamplona","image":{"@type":"ImageObject","inLanguage":"es","@id":"https:\/\/secure.gravatar.com\/avatar\/b6992f131dc8d30ab0dff15446e9d346d9dbd95992de0fef795073f5ea83a81c?s=96&d=mm&r=g","url":"https:\/\/secure.gravatar.com\/avatar\/b6992f131dc8d30ab0dff15446e9d346d9dbd95992de0fef795073f5ea83a81c?s=96&d=mm&r=g","contentUrl":"https:\/\/secure.gravatar.com\/avatar\/b6992f131dc8d30ab0dff15446e9d346d9dbd95992de0fef795073f5ea83a81c?s=96&d=mm&r=g","caption":"La Gu\u00eda de Pamplona"}}]}},"post_mailing_queue_ids":[],"_links":{"self":[{"href":"https:\/\/www.laguiadepamplona.com\/actualidad\/wp-json\/wp\/v2\/posts\/40012","targetHints":{"allow":["GET"]}}],"collection":[{"href":"https:\/\/www.laguiadepamplona.com\/actualidad\/wp-json\/wp\/v2\/posts"}],"about":[{"href":"https:\/\/www.laguiadepamplona.com\/actualidad\/wp-json\/wp\/v2\/types\/post"}],"author":[{"embeddable":true,"href":"https:\/\/www.laguiadepamplona.com\/actualidad\/wp-json\/wp\/v2\/users\/1"}],"replies":[{"embeddable":true,"href":"https:\/\/www.laguiadepamplona.com\/actualidad\/wp-json\/wp\/v2\/comments?post=40012"}],"version-history":[{"count":0,"href":"https:\/\/www.laguiadepamplona.com\/actualidad\/wp-json\/wp\/v2\/posts\/40012\/revisions"}],"wp:featuredmedia":[{"embeddable":true,"href":"https:\/\/www.laguiadepamplona.com\/actualidad\/wp-json\/wp\/v2\/media\/40013"}],"wp:attachment":[{"href":"https:\/\/www.laguiadepamplona.com\/actualidad\/wp-json\/wp\/v2\/media?parent=40012"}],"wp:term":[{"taxonomy":"category","embeddable":true,"href":"https:\/\/www.laguiadepamplona.com\/actualidad\/wp-json\/wp\/v2\/categories?post=40012"},{"taxonomy":"post_tag","embeddable":true,"href":"https:\/\/www.laguiadepamplona.com\/actualidad\/wp-json\/wp\/v2\/tags?post=40012"}],"curies":[{"name":"wp","href":"https:\/\/api.w.org\/{rel}","templated":true}]}}