{"id":40007,"date":"2022-04-20T12:45:15","date_gmt":"2022-04-20T10:45:15","guid":{"rendered":"https:\/\/www.laguiadepamplona.com\/actualidad\/?p=40007"},"modified":"2023-04-11T11:48:17","modified_gmt":"2023-04-11T09:48:17","slug":"el-ayuntamiento-de-pamplona-retoma-el-proximo-28-de-abril-los-foros-de-barrio-con-la-primera-cita-que-san-juan-protagonizara-en-exclusiva","status":"publish","type":"post","link":"https:\/\/www.laguiadepamplona.com\/actualidad\/el-ayuntamiento-de-pamplona-retoma-el-proximo-28-de-abril-los-foros-de-barrio-con-la-primera-cita-que-san-juan-protagonizara-en-exclusiva\/","title":{"rendered":"El Ayuntamiento de Pamplona retoma el pr\u00f3ximo 28 de abril los foros de barrio con la primera cita que San Juan protagonizar\u00e1 en exclusiva"},"content":{"rendered":"<h5>Este pr\u00f3ximo lunes 25 de abril acaba el plazo para presentar preguntas al de San Juan al correo <a href=\"mailto:foros@pamplona.es\">foros@pamplona.es<\/a> o en la <a href=\"https:\/\/decide.pamplona.es\/assemblies\/FBSanJuan\" target=\"_blank\" rel=\"noopener\">web de Participaci\u00f3n<\/a><\/h5>\n<p><!--more--><\/p>\n<p>El Ayuntamiento de Pamplona retoma la convocatoria de los foros de barrio con dos nuevas citas en este caso en San Juan el 28 de abril y en Etxabakoitz, el 11 de mayo. Los foros de barrio son espacios de di\u00e1logo organizados por el Ayuntamiento de Pamplona para que la ciudadan\u00eda formule sus propuestas, consulte, aporte y reciba informaci\u00f3n relativa a su entorno m\u00e1s cercano. La convocatoria del jueves 28 ser\u00e1 la primera en la que el foro sea exclusivamente para San Juan, ya que hasta ahora este barrio se trabajaba conjuntamente con Ermitaga\u00f1a- Mendebaldea<br \/>\n<script async src=\"\/\/pagead2.googlesyndication.com\/pagead\/js\/adsbygoogle.js\"><\/script><br \/>\n<!-- Noticias La Guia de Pamplona --><br \/>\n<ins class=\"adsbygoogle\"\nstyle=\"display:block\"\ndata-ad-client=\"ca-pub-6943679897239327\"\ndata-ad-slot=\"7048180777\"\ndata-ad-format=\"auto\"><\/ins><br \/>\n<script>\n(adsbygoogle = window.adsbygoogle || []).push({});\n<\/script><\/p>\n<p>La reuni\u00f3n estar\u00e1 presidida por el alcalde Enrique Maya y el concejal asignado al barrio Fernando Villanueva Mesa y en ella habr\u00e1 presencia de personal t\u00e9cnico responsable de los asuntos que m\u00e1s ocupan al vecindario en una cita que se extiende durante una hora y media. La asistencia presencial de los vecinos ser\u00e1 libre hasta completar el aforo de la sala, y tambi\u00e9n se podr\u00e1 seguir en directo a trav\u00e9s de la web municipal pamplona.es o del canal de Youtube en el enlace <a href=\"https:\/\/www.youtube.com\/channel\/UCzDUWuosgg5y3PeE7PT_IWw\" target=\"_blank\" rel=\"noopener\">https:\/\/www.youtube.com\/channel\/UCzDUWuosgg5y3PeE7PT_IWw<\/a>.<\/p>\n<p>Las aportaciones realizadas en directo se sumar\u00e1n a las propuestas y preguntas que se hayan recibido previamente a trav\u00e9s de la web y del correo electr\u00f3nico. Hasta el pr\u00f3ximo lunes quienes quieran participar en este Foro de Barrio, pero no puedan acudir a la sesi\u00f3n de forma presencial en la sala de audiovisuales del C.P. Jos\u00e9 Mar\u00eda de Huarte (calle Virgen de Uju\u00e9, 2), podr\u00e1n hacer llegar cuestiones y dudas por correo electr\u00f3nico a la direcci\u00f3n <a href=\"mailto:foros@pamplona.es\">foros@pamplona.es<\/a>\u00a0 o en el espacio habilitado para ello en la web de Participaci\u00f3n Ciudadana, a trav\u00e9s del enlace <a href=\"https:\/\/decide.pamplona.es\/assemblies\/FBSanJuan\" target=\"_blank\" rel=\"noopener\">https:\/\/decide.pamplona.es\/assemblies\/FBSanJuan<\/a>.<br \/>\n<script async src=\"\/\/pagead2.googlesyndication.com\/pagead\/js\/adsbygoogle.js\"><\/script><br \/>\n<!-- Noticias La Guia de Pamplona --><br \/>\n<ins class=\"adsbygoogle\"\nstyle=\"display:block\"\ndata-ad-client=\"ca-pub-6943679897239327\"\ndata-ad-slot=\"7048180777\"\ndata-ad-format=\"auto\"><\/ins><br \/>\n<script>\n(adsbygoogle = window.adsbygoogle || []).push({});\n<\/script><\/p>\n<p>El contenido de este foro, al igual que el resto, ser\u00e1 traducido simult\u00e1neamente al lenguaje de signos, gracias a la asociaci\u00f3n Eunate. El pr\u00f3ximo Foro de Barrio previsto ser\u00e1 el 11 de mayo en Etxabakoitz.<\/p>\n","protected":false},"excerpt":{"rendered":"<p>Este pr\u00f3ximo lunes 25 de abril acaba el plazo para presentar preguntas al de San Juan al correo foros@pamplona.es o en la web de Participaci\u00f3n<\/p>\n","protected":false},"author":1,"featured_media":40008,"comment_status":"open","ping_status":"closed","sticky":false,"template":"","format":"standard","meta":{"footnotes":""},"categories":[2],"tags":[],"class_list":["post-40007","post","type-post","status-publish","format-standard","has-post-thumbnail","hentry","category-ayuntamiento-pamplona"],"yoast_head":"<!-- This site is optimized with the Yoast SEO plugin v27.5 - https:\/\/yoast.com\/product\/yoast-seo-wordpress\/ -->\n<title>El Ayuntamiento de Pamplona retoma el pr\u00f3ximo 28 de abril los foros de barrio con la primera cita que San Juan protagonizar\u00e1 en exclusiva<\/title>\n<meta name=\"description\" content=\"Este pr\u00f3ximo lunes 25 de abril acaba el plazo para presentar preguntas al de San Juan al correo foros@pamplona.es o en la web de Participaci\u00f3n\" \/>\n<meta name=\"robots\" content=\"index, follow, max-snippet:-1, max-image-preview:large, max-video-preview:-1\" \/>\n<link rel=\"canonical\" href=\"https:\/\/www.laguiadepamplona.com\/actualidad\/el-ayuntamiento-de-pamplona-retoma-el-proximo-28-de-abril-los-foros-de-barrio-con-la-primera-cita-que-san-juan-protagonizara-en-exclusiva\/\" \/>\n<meta property=\"og:locale\" content=\"es_ES\" \/>\n<meta property=\"og:type\" content=\"article\" \/>\n<meta property=\"og:title\" content=\"El Ayuntamiento de Pamplona retoma el pr\u00f3ximo 28 de abril los foros de barrio con la primera cita que San Juan protagonizar\u00e1 en exclusiva\" \/>\n<meta property=\"og:description\" content=\"Este pr\u00f3ximo lunes 25 de abril acaba el plazo para presentar preguntas al de San Juan al correo foros@pamplona.es o en la web de Participaci\u00f3n\" \/>\n<meta property=\"og:url\" content=\"https:\/\/www.laguiadepamplona.com\/actualidad\/el-ayuntamiento-de-pamplona-retoma-el-proximo-28-de-abril-los-foros-de-barrio-con-la-primera-cita-que-san-juan-protagonizara-en-exclusiva\/\" \/>\n<meta property=\"og:site_name\" content=\"La Gu\u00eda de Pamplona\" \/>\n<meta property=\"article:publisher\" content=\"https:\/\/www.facebook.com\/laguiadepamplonacom-133175176762273\/?ref=hl\" \/>\n<meta property=\"article:published_time\" content=\"2022-04-20T10:45:15+00:00\" \/>\n<meta property=\"article:modified_time\" content=\"2023-04-11T09:48:17+00:00\" \/>\n<meta property=\"og:image\" content=\"https:\/\/www.laguiadepamplona.com\/actualidad\/wp-content\/uploads\/2022\/04\/foro-barrio-san-juan.webp\" \/>\n\t<meta property=\"og:image:width\" content=\"892\" \/>\n\t<meta property=\"og:image:height\" content=\"629\" \/>\n\t<meta property=\"og:image:type\" content=\"image\/webp\" \/>\n<meta name=\"author\" content=\"La Gu\u00eda de Pamplona\" \/>\n<meta name=\"twitter:card\" content=\"summary_large_image\" \/>\n<meta name=\"twitter:creator\" content=\"@LaGuiadPamplona\" \/>\n<meta name=\"twitter:site\" content=\"@LaGuiadPamplona\" \/>\n<meta name=\"twitter:label1\" content=\"Escrito por\" \/>\n\t<meta name=\"twitter:data1\" content=\"La Gu\u00eda de Pamplona\" \/>\n\t<meta name=\"twitter:label2\" content=\"Tiempo de lectura\" \/>\n\t<meta name=\"twitter:data2\" content=\"2 minutos\" \/>\n<script type=\"application\/ld+json\" class=\"yoast-schema-graph\">{\"@context\":\"https:\\\/\\\/schema.org\",\"@graph\":[{\"@type\":\"Article\",\"@id\":\"https:\\\/\\\/www.laguiadepamplona.com\\\/actualidad\\\/el-ayuntamiento-de-pamplona-retoma-el-proximo-28-de-abril-los-foros-de-barrio-con-la-primera-cita-que-san-juan-protagonizara-en-exclusiva\\\/#article\",\"isPartOf\":{\"@id\":\"https:\\\/\\\/www.laguiadepamplona.com\\\/actualidad\\\/el-ayuntamiento-de-pamplona-retoma-el-proximo-28-de-abril-los-foros-de-barrio-con-la-primera-cita-que-san-juan-protagonizara-en-exclusiva\\\/\"},\"author\":{\"name\":\"La Gu\u00eda de Pamplona\",\"@id\":\"https:\\\/\\\/www.laguiadepamplona.com\\\/actualidad\\\/#\\\/schema\\\/person\\\/efe887376f0213d4657c93adc50b1fdb\"},\"headline\":\"El Ayuntamiento de Pamplona retoma el pr\u00f3ximo 28 de abril los foros de barrio con la primera cita que San Juan protagonizar\u00e1 en exclusiva\",\"datePublished\":\"2022-04-20T10:45:15+00:00\",\"dateModified\":\"2023-04-11T09:48:17+00:00\",\"mainEntityOfPage\":{\"@id\":\"https:\\\/\\\/www.laguiadepamplona.com\\\/actualidad\\\/el-ayuntamiento-de-pamplona-retoma-el-proximo-28-de-abril-los-foros-de-barrio-con-la-primera-cita-que-san-juan-protagonizara-en-exclusiva\\\/\"},\"wordCount\":398,\"commentCount\":0,\"publisher\":{\"@id\":\"https:\\\/\\\/www.laguiadepamplona.com\\\/actualidad\\\/#organization\"},\"image\":{\"@id\":\"https:\\\/\\\/www.laguiadepamplona.com\\\/actualidad\\\/el-ayuntamiento-de-pamplona-retoma-el-proximo-28-de-abril-los-foros-de-barrio-con-la-primera-cita-que-san-juan-protagonizara-en-exclusiva\\\/#primaryimage\"},\"thumbnailUrl\":\"https:\\\/\\\/www.laguiadepamplona.com\\\/actualidad\\\/wp-content\\\/uploads\\\/2022\\\/04\\\/foro-barrio-san-juan.webp\",\"articleSection\":[\"Ayto Pamplona\"],\"inLanguage\":\"es\",\"potentialAction\":[{\"@type\":\"CommentAction\",\"name\":\"Comment\",\"target\":[\"https:\\\/\\\/www.laguiadepamplona.com\\\/actualidad\\\/el-ayuntamiento-de-pamplona-retoma-el-proximo-28-de-abril-los-foros-de-barrio-con-la-primera-cita-que-san-juan-protagonizara-en-exclusiva\\\/#respond\"]}]},{\"@type\":\"WebPage\",\"@id\":\"https:\\\/\\\/www.laguiadepamplona.com\\\/actualidad\\\/el-ayuntamiento-de-pamplona-retoma-el-proximo-28-de-abril-los-foros-de-barrio-con-la-primera-cita-que-san-juan-protagonizara-en-exclusiva\\\/\",\"url\":\"https:\\\/\\\/www.laguiadepamplona.com\\\/actualidad\\\/el-ayuntamiento-de-pamplona-retoma-el-proximo-28-de-abril-los-foros-de-barrio-con-la-primera-cita-que-san-juan-protagonizara-en-exclusiva\\\/\",\"name\":\"El Ayuntamiento de Pamplona retoma el pr\u00f3ximo 28 de abril los foros de barrio con la primera cita que San Juan protagonizar\u00e1 en exclusiva\",\"isPartOf\":{\"@id\":\"https:\\\/\\\/www.laguiadepamplona.com\\\/actualidad\\\/#website\"},\"primaryImageOfPage\":{\"@id\":\"https:\\\/\\\/www.laguiadepamplona.com\\\/actualidad\\\/el-ayuntamiento-de-pamplona-retoma-el-proximo-28-de-abril-los-foros-de-barrio-con-la-primera-cita-que-san-juan-protagonizara-en-exclusiva\\\/#primaryimage\"},\"image\":{\"@id\":\"https:\\\/\\\/www.laguiadepamplona.com\\\/actualidad\\\/el-ayuntamiento-de-pamplona-retoma-el-proximo-28-de-abril-los-foros-de-barrio-con-la-primera-cita-que-san-juan-protagonizara-en-exclusiva\\\/#primaryimage\"},\"thumbnailUrl\":\"https:\\\/\\\/www.laguiadepamplona.com\\\/actualidad\\\/wp-content\\\/uploads\\\/2022\\\/04\\\/foro-barrio-san-juan.webp\",\"datePublished\":\"2022-04-20T10:45:15+00:00\",\"dateModified\":\"2023-04-11T09:48:17+00:00\",\"description\":\"Este pr\u00f3ximo lunes 25 de abril acaba el plazo para presentar preguntas al de San Juan al correo foros@pamplona.es o en la web de Participaci\u00f3n\",\"breadcrumb\":{\"@id\":\"https:\\\/\\\/www.laguiadepamplona.com\\\/actualidad\\\/el-ayuntamiento-de-pamplona-retoma-el-proximo-28-de-abril-los-foros-de-barrio-con-la-primera-cita-que-san-juan-protagonizara-en-exclusiva\\\/#breadcrumb\"},\"inLanguage\":\"es\",\"potentialAction\":[{\"@type\":\"ReadAction\",\"target\":[\"https:\\\/\\\/www.laguiadepamplona.com\\\/actualidad\\\/el-ayuntamiento-de-pamplona-retoma-el-proximo-28-de-abril-los-foros-de-barrio-con-la-primera-cita-que-san-juan-protagonizara-en-exclusiva\\\/\"]}]},{\"@type\":\"ImageObject\",\"inLanguage\":\"es\",\"@id\":\"https:\\\/\\\/www.laguiadepamplona.com\\\/actualidad\\\/el-ayuntamiento-de-pamplona-retoma-el-proximo-28-de-abril-los-foros-de-barrio-con-la-primera-cita-que-san-juan-protagonizara-en-exclusiva\\\/#primaryimage\",\"url\":\"https:\\\/\\\/www.laguiadepamplona.com\\\/actualidad\\\/wp-content\\\/uploads\\\/2022\\\/04\\\/foro-barrio-san-juan.webp\",\"contentUrl\":\"https:\\\/\\\/www.laguiadepamplona.com\\\/actualidad\\\/wp-content\\\/uploads\\\/2022\\\/04\\\/foro-barrio-san-juan.webp\",\"width\":892,\"height\":629},{\"@type\":\"BreadcrumbList\",\"@id\":\"https:\\\/\\\/www.laguiadepamplona.com\\\/actualidad\\\/el-ayuntamiento-de-pamplona-retoma-el-proximo-28-de-abril-los-foros-de-barrio-con-la-primera-cita-que-san-juan-protagonizara-en-exclusiva\\\/#breadcrumb\",\"itemListElement\":[{\"@type\":\"ListItem\",\"position\":1,\"name\":\"Portada\",\"item\":\"https:\\\/\\\/www.laguiadepamplona.com\\\/actualidad\\\/\"},{\"@type\":\"ListItem\",\"position\":2,\"name\":\"El Ayuntamiento de Pamplona retoma el pr\u00f3ximo 28 de abril los foros de barrio con la primera cita que San Juan protagonizar\u00e1 en exclusiva\"}]},{\"@type\":\"WebSite\",\"@id\":\"https:\\\/\\\/www.laguiadepamplona.com\\\/actualidad\\\/#website\",\"url\":\"https:\\\/\\\/www.laguiadepamplona.com\\\/actualidad\\\/\",\"name\":\"La gu\u00eda de Pamplona\",\"description\":\"Noticias de Pamplona\",\"publisher\":{\"@id\":\"https:\\\/\\\/www.laguiadepamplona.com\\\/actualidad\\\/#organization\"},\"potentialAction\":[{\"@type\":\"SearchAction\",\"target\":{\"@type\":\"EntryPoint\",\"urlTemplate\":\"https:\\\/\\\/www.laguiadepamplona.com\\\/actualidad\\\/?s={search_term_string}\"},\"query-input\":{\"@type\":\"PropertyValueSpecification\",\"valueRequired\":true,\"valueName\":\"search_term_string\"}}],\"inLanguage\":\"es\"},{\"@type\":\"Organization\",\"@id\":\"https:\\\/\\\/www.laguiadepamplona.com\\\/actualidad\\\/#organization\",\"name\":\"La Gu\u00eda de Pamplona \\\/ Noticias\",\"url\":\"https:\\\/\\\/www.laguiadepamplona.com\\\/actualidad\\\/\",\"logo\":{\"@type\":\"ImageObject\",\"inLanguage\":\"es\",\"@id\":\"https:\\\/\\\/www.laguiadepamplona.com\\\/actualidad\\\/#\\\/schema\\\/logo\\\/image\\\/\",\"url\":\"https:\\\/\\\/www.laguiadepamplona.com\\\/actualidad\\\/wp-content\\\/uploads\\\/2018\\\/11\\\/logo-laguiadepamplona18-web1.png\",\"contentUrl\":\"https:\\\/\\\/www.laguiadepamplona.com\\\/actualidad\\\/wp-content\\\/uploads\\\/2018\\\/11\\\/logo-laguiadepamplona18-web1.png\",\"width\":600,\"height\":196,\"caption\":\"La Gu\u00eda de Pamplona \\\/ Noticias\"},\"image\":{\"@id\":\"https:\\\/\\\/www.laguiadepamplona.com\\\/actualidad\\\/#\\\/schema\\\/logo\\\/image\\\/\"},\"sameAs\":[\"https:\\\/\\\/www.facebook.com\\\/laguiadepamplonacom-133175176762273\\\/?ref=hl\",\"https:\\\/\\\/x.com\\\/LaGuiadPamplona\",\"https:\\\/\\\/www.instagram.com\\\/la_guia_de_pamplona\\\/\",\"https:\\\/\\\/www.youtube.com\\\/user\\\/laguiadepamplona\"]},{\"@type\":\"Person\",\"@id\":\"https:\\\/\\\/www.laguiadepamplona.com\\\/actualidad\\\/#\\\/schema\\\/person\\\/efe887376f0213d4657c93adc50b1fdb\",\"name\":\"La Gu\u00eda de Pamplona\",\"image\":{\"@type\":\"ImageObject\",\"inLanguage\":\"es\",\"@id\":\"https:\\\/\\\/secure.gravatar.com\\\/avatar\\\/b6992f131dc8d30ab0dff15446e9d346d9dbd95992de0fef795073f5ea83a81c?s=96&d=mm&r=g\",\"url\":\"https:\\\/\\\/secure.gravatar.com\\\/avatar\\\/b6992f131dc8d30ab0dff15446e9d346d9dbd95992de0fef795073f5ea83a81c?s=96&d=mm&r=g\",\"contentUrl\":\"https:\\\/\\\/secure.gravatar.com\\\/avatar\\\/b6992f131dc8d30ab0dff15446e9d346d9dbd95992de0fef795073f5ea83a81c?s=96&d=mm&r=g\",\"caption\":\"La Gu\u00eda de Pamplona\"}}]}<\/script>\n<!-- \/ Yoast SEO plugin. -->","yoast_head_json":{"title":"El Ayuntamiento de Pamplona retoma el pr\u00f3ximo 28 de abril los foros de barrio con la primera cita que San Juan protagonizar\u00e1 en exclusiva","description":"Este pr\u00f3ximo lunes 25 de abril acaba el plazo para presentar preguntas al de San Juan al correo foros@pamplona.es o en la web de Participaci\u00f3n","robots":{"index":"index","follow":"follow","max-snippet":"max-snippet:-1","max-image-preview":"max-image-preview:large","max-video-preview":"max-video-preview:-1"},"canonical":"https:\/\/www.laguiadepamplona.com\/actualidad\/el-ayuntamiento-de-pamplona-retoma-el-proximo-28-de-abril-los-foros-de-barrio-con-la-primera-cita-que-san-juan-protagonizara-en-exclusiva\/","og_locale":"es_ES","og_type":"article","og_title":"El Ayuntamiento de Pamplona retoma el pr\u00f3ximo 28 de abril los foros de barrio con la primera cita que San Juan protagonizar\u00e1 en exclusiva","og_description":"Este pr\u00f3ximo lunes 25 de abril acaba el plazo para presentar preguntas al de San Juan al correo foros@pamplona.es o en la web de Participaci\u00f3n","og_url":"https:\/\/www.laguiadepamplona.com\/actualidad\/el-ayuntamiento-de-pamplona-retoma-el-proximo-28-de-abril-los-foros-de-barrio-con-la-primera-cita-que-san-juan-protagonizara-en-exclusiva\/","og_site_name":"La Gu\u00eda de Pamplona","article_publisher":"https:\/\/www.facebook.com\/laguiadepamplonacom-133175176762273\/?ref=hl","article_published_time":"2022-04-20T10:45:15+00:00","article_modified_time":"2023-04-11T09:48:17+00:00","og_image":[{"width":892,"height":629,"url":"https:\/\/www.laguiadepamplona.com\/actualidad\/wp-content\/uploads\/2022\/04\/foro-barrio-san-juan.webp","type":"image\/webp"}],"author":"La Gu\u00eda de Pamplona","twitter_card":"summary_large_image","twitter_creator":"@LaGuiadPamplona","twitter_site":"@LaGuiadPamplona","twitter_misc":{"Escrito por":"La Gu\u00eda de Pamplona","Tiempo de lectura":"2 minutos"},"schema":{"@context":"https:\/\/schema.org","@graph":[{"@type":"Article","@id":"https:\/\/www.laguiadepamplona.com\/actualidad\/el-ayuntamiento-de-pamplona-retoma-el-proximo-28-de-abril-los-foros-de-barrio-con-la-primera-cita-que-san-juan-protagonizara-en-exclusiva\/#article","isPartOf":{"@id":"https:\/\/www.laguiadepamplona.com\/actualidad\/el-ayuntamiento-de-pamplona-retoma-el-proximo-28-de-abril-los-foros-de-barrio-con-la-primera-cita-que-san-juan-protagonizara-en-exclusiva\/"},"author":{"name":"La Gu\u00eda de Pamplona","@id":"https:\/\/www.laguiadepamplona.com\/actualidad\/#\/schema\/person\/efe887376f0213d4657c93adc50b1fdb"},"headline":"El Ayuntamiento de Pamplona retoma el pr\u00f3ximo 28 de abril los foros de barrio con la primera cita que San Juan protagonizar\u00e1 en exclusiva","datePublished":"2022-04-20T10:45:15+00:00","dateModified":"2023-04-11T09:48:17+00:00","mainEntityOfPage":{"@id":"https:\/\/www.laguiadepamplona.com\/actualidad\/el-ayuntamiento-de-pamplona-retoma-el-proximo-28-de-abril-los-foros-de-barrio-con-la-primera-cita-que-san-juan-protagonizara-en-exclusiva\/"},"wordCount":398,"commentCount":0,"publisher":{"@id":"https:\/\/www.laguiadepamplona.com\/actualidad\/#organization"},"image":{"@id":"https:\/\/www.laguiadepamplona.com\/actualidad\/el-ayuntamiento-de-pamplona-retoma-el-proximo-28-de-abril-los-foros-de-barrio-con-la-primera-cita-que-san-juan-protagonizara-en-exclusiva\/#primaryimage"},"thumbnailUrl":"https:\/\/www.laguiadepamplona.com\/actualidad\/wp-content\/uploads\/2022\/04\/foro-barrio-san-juan.webp","articleSection":["Ayto Pamplona"],"inLanguage":"es","potentialAction":[{"@type":"CommentAction","name":"Comment","target":["https:\/\/www.laguiadepamplona.com\/actualidad\/el-ayuntamiento-de-pamplona-retoma-el-proximo-28-de-abril-los-foros-de-barrio-con-la-primera-cita-que-san-juan-protagonizara-en-exclusiva\/#respond"]}]},{"@type":"WebPage","@id":"https:\/\/www.laguiadepamplona.com\/actualidad\/el-ayuntamiento-de-pamplona-retoma-el-proximo-28-de-abril-los-foros-de-barrio-con-la-primera-cita-que-san-juan-protagonizara-en-exclusiva\/","url":"https:\/\/www.laguiadepamplona.com\/actualidad\/el-ayuntamiento-de-pamplona-retoma-el-proximo-28-de-abril-los-foros-de-barrio-con-la-primera-cita-que-san-juan-protagonizara-en-exclusiva\/","name":"El Ayuntamiento de Pamplona retoma el pr\u00f3ximo 28 de abril los foros de barrio con la primera cita que San Juan protagonizar\u00e1 en exclusiva","isPartOf":{"@id":"https:\/\/www.laguiadepamplona.com\/actualidad\/#website"},"primaryImageOfPage":{"@id":"https:\/\/www.laguiadepamplona.com\/actualidad\/el-ayuntamiento-de-pamplona-retoma-el-proximo-28-de-abril-los-foros-de-barrio-con-la-primera-cita-que-san-juan-protagonizara-en-exclusiva\/#primaryimage"},"image":{"@id":"https:\/\/www.laguiadepamplona.com\/actualidad\/el-ayuntamiento-de-pamplona-retoma-el-proximo-28-de-abril-los-foros-de-barrio-con-la-primera-cita-que-san-juan-protagonizara-en-exclusiva\/#primaryimage"},"thumbnailUrl":"https:\/\/www.laguiadepamplona.com\/actualidad\/wp-content\/uploads\/2022\/04\/foro-barrio-san-juan.webp","datePublished":"2022-04-20T10:45:15+00:00","dateModified":"2023-04-11T09:48:17+00:00","description":"Este pr\u00f3ximo lunes 25 de abril acaba el plazo para presentar preguntas al de San Juan al correo foros@pamplona.es o en la web de Participaci\u00f3n","breadcrumb":{"@id":"https:\/\/www.laguiadepamplona.com\/actualidad\/el-ayuntamiento-de-pamplona-retoma-el-proximo-28-de-abril-los-foros-de-barrio-con-la-primera-cita-que-san-juan-protagonizara-en-exclusiva\/#breadcrumb"},"inLanguage":"es","potentialAction":[{"@type":"ReadAction","target":["https:\/\/www.laguiadepamplona.com\/actualidad\/el-ayuntamiento-de-pamplona-retoma-el-proximo-28-de-abril-los-foros-de-barrio-con-la-primera-cita-que-san-juan-protagonizara-en-exclusiva\/"]}]},{"@type":"ImageObject","inLanguage":"es","@id":"https:\/\/www.laguiadepamplona.com\/actualidad\/el-ayuntamiento-de-pamplona-retoma-el-proximo-28-de-abril-los-foros-de-barrio-con-la-primera-cita-que-san-juan-protagonizara-en-exclusiva\/#primaryimage","url":"https:\/\/www.laguiadepamplona.com\/actualidad\/wp-content\/uploads\/2022\/04\/foro-barrio-san-juan.webp","contentUrl":"https:\/\/www.laguiadepamplona.com\/actualidad\/wp-content\/uploads\/2022\/04\/foro-barrio-san-juan.webp","width":892,"height":629},{"@type":"BreadcrumbList","@id":"https:\/\/www.laguiadepamplona.com\/actualidad\/el-ayuntamiento-de-pamplona-retoma-el-proximo-28-de-abril-los-foros-de-barrio-con-la-primera-cita-que-san-juan-protagonizara-en-exclusiva\/#breadcrumb","itemListElement":[{"@type":"ListItem","position":1,"name":"Portada","item":"https:\/\/www.laguiadepamplona.com\/actualidad\/"},{"@type":"ListItem","position":2,"name":"El Ayuntamiento de Pamplona retoma el pr\u00f3ximo 28 de abril los foros de barrio con la primera cita que San Juan protagonizar\u00e1 en exclusiva"}]},{"@type":"WebSite","@id":"https:\/\/www.laguiadepamplona.com\/actualidad\/#website","url":"https:\/\/www.laguiadepamplona.com\/actualidad\/","name":"La gu\u00eda de Pamplona","description":"Noticias de Pamplona","publisher":{"@id":"https:\/\/www.laguiadepamplona.com\/actualidad\/#organization"},"potentialAction":[{"@type":"SearchAction","target":{"@type":"EntryPoint","urlTemplate":"https:\/\/www.laguiadepamplona.com\/actualidad\/?s={search_term_string}"},"query-input":{"@type":"PropertyValueSpecification","valueRequired":true,"valueName":"search_term_string"}}],"inLanguage":"es"},{"@type":"Organization","@id":"https:\/\/www.laguiadepamplona.com\/actualidad\/#organization","name":"La Gu\u00eda de Pamplona \/ Noticias","url":"https:\/\/www.laguiadepamplona.com\/actualidad\/","logo":{"@type":"ImageObject","inLanguage":"es","@id":"https:\/\/www.laguiadepamplona.com\/actualidad\/#\/schema\/logo\/image\/","url":"https:\/\/www.laguiadepamplona.com\/actualidad\/wp-content\/uploads\/2018\/11\/logo-laguiadepamplona18-web1.png","contentUrl":"https:\/\/www.laguiadepamplona.com\/actualidad\/wp-content\/uploads\/2018\/11\/logo-laguiadepamplona18-web1.png","width":600,"height":196,"caption":"La Gu\u00eda de Pamplona \/ Noticias"},"image":{"@id":"https:\/\/www.laguiadepamplona.com\/actualidad\/#\/schema\/logo\/image\/"},"sameAs":["https:\/\/www.facebook.com\/laguiadepamplonacom-133175176762273\/?ref=hl","https:\/\/x.com\/LaGuiadPamplona","https:\/\/www.instagram.com\/la_guia_de_pamplona\/","https:\/\/www.youtube.com\/user\/laguiadepamplona"]},{"@type":"Person","@id":"https:\/\/www.laguiadepamplona.com\/actualidad\/#\/schema\/person\/efe887376f0213d4657c93adc50b1fdb","name":"La Gu\u00eda de Pamplona","image":{"@type":"ImageObject","inLanguage":"es","@id":"https:\/\/secure.gravatar.com\/avatar\/b6992f131dc8d30ab0dff15446e9d346d9dbd95992de0fef795073f5ea83a81c?s=96&d=mm&r=g","url":"https:\/\/secure.gravatar.com\/avatar\/b6992f131dc8d30ab0dff15446e9d346d9dbd95992de0fef795073f5ea83a81c?s=96&d=mm&r=g","contentUrl":"https:\/\/secure.gravatar.com\/avatar\/b6992f131dc8d30ab0dff15446e9d346d9dbd95992de0fef795073f5ea83a81c?s=96&d=mm&r=g","caption":"La Gu\u00eda de Pamplona"}}]}},"post_mailing_queue_ids":[],"_links":{"self":[{"href":"https:\/\/www.laguiadepamplona.com\/actualidad\/wp-json\/wp\/v2\/posts\/40007","targetHints":{"allow":["GET"]}}],"collection":[{"href":"https:\/\/www.laguiadepamplona.com\/actualidad\/wp-json\/wp\/v2\/posts"}],"about":[{"href":"https:\/\/www.laguiadepamplona.com\/actualidad\/wp-json\/wp\/v2\/types\/post"}],"author":[{"embeddable":true,"href":"https:\/\/www.laguiadepamplona.com\/actualidad\/wp-json\/wp\/v2\/users\/1"}],"replies":[{"embeddable":true,"href":"https:\/\/www.laguiadepamplona.com\/actualidad\/wp-json\/wp\/v2\/comments?post=40007"}],"version-history":[{"count":0,"href":"https:\/\/www.laguiadepamplona.com\/actualidad\/wp-json\/wp\/v2\/posts\/40007\/revisions"}],"wp:featuredmedia":[{"embeddable":true,"href":"https:\/\/www.laguiadepamplona.com\/actualidad\/wp-json\/wp\/v2\/media\/40008"}],"wp:attachment":[{"href":"https:\/\/www.laguiadepamplona.com\/actualidad\/wp-json\/wp\/v2\/media?parent=40007"}],"wp:term":[{"taxonomy":"category","embeddable":true,"href":"https:\/\/www.laguiadepamplona.com\/actualidad\/wp-json\/wp\/v2\/categories?post=40007"},{"taxonomy":"post_tag","embeddable":true,"href":"https:\/\/www.laguiadepamplona.com\/actualidad\/wp-json\/wp\/v2\/tags?post=40007"}],"curies":[{"name":"wp","href":"https:\/\/api.w.org\/{rel}","templated":true}]}}