{"id":40004,"date":"2022-04-20T12:42:59","date_gmt":"2022-04-20T10:42:59","guid":{"rendered":"https:\/\/www.laguiadepamplona.com\/actualidad\/?p=40004"},"modified":"2023-04-11T11:48:17","modified_gmt":"2023-04-11T09:48:17","slug":"el-barrio-de-san-jorge-recuerda-sus-origenes-y-su-historia-a-traves-de-una-exposicion-fotografica-con-133-imagenes-fechadas-entre-1947-y-2000","status":"publish","type":"post","link":"https:\/\/www.laguiadepamplona.com\/actualidad\/el-barrio-de-san-jorge-recuerda-sus-origenes-y-su-historia-a-traves-de-una-exposicion-fotografica-con-133-imagenes-fechadas-entre-1947-y-2000\/","title":{"rendered":"El barrio de San Jorge recuerda sus or\u00edgenes y su historia a trav\u00e9s de una exposici\u00f3n fotogr\u00e1fica con 133 im\u00e1genes fechadas entre 1947 y 2000"},"content":{"rendered":"<h5>Civivox San Jorge acoge hasta el 8 de mayo esta muestra fruto de la colaboraci\u00f3n de vecinos y vecinas del barrio que han aportado las fotograf\u00edas<\/h5>\n<p><!--more--><\/p>\n<p>\u2018\u00a1Recuerdos! Calles y gentes de San Jorge \u2013Sanduzelai\u2019 es el t\u00edtulo de exposici\u00f3n fotogr\u00e1fica sobre la historia y evoluci\u00f3n de este barrio pamplon\u00e9s. La primera y segunda planta de Civivox San Jorge acogen una muestra, iniciativa de varios vecinos y vecinas del barrio, que ha reunido 133 instant\u00e1neas que podr\u00e1n visitarse hasta el pr\u00f3ximo 8 de mayo, coincidiendo con la semana prefiestas y con las pr\u00f3ximas fiestas del barrio durante este fin de semana.<br \/>\n<script async src=\"\/\/pagead2.googlesyndication.com\/pagead\/js\/adsbygoogle.js\"><\/script><br \/>\n<!-- Noticias La Guia de Pamplona --><br \/>\n<ins class=\"adsbygoogle\"\nstyle=\"display:block\"\ndata-ad-client=\"ca-pub-6943679897239327\"\ndata-ad-slot=\"7048180777\"\ndata-ad-format=\"auto\"><\/ins><br \/>\n<script>\n(adsbygoogle = window.adsbygoogle || []).push({});\n<\/script><\/p>\n<p>Las fotograf\u00edas que se exponen est\u00e1n fechadas entre 1947 y el a\u00f1o 2000, y tienen como denominador com\u00fan que muestran un barrio siempre vivo en su devenir a trav\u00e9s de los a\u00f1os. Adem\u00e1s de algunos paisajes rurales y urbanos, quienes protagonizan las fotograf\u00edas son fundamentalmente las vecinas y vecinos de San Jorge, que posan o se muestran ante la c\u00e1mara en distintos momentos de la reciente historia de este hist\u00f3rico barrio pamplon\u00e9s delimitado por el r\u00edo Arga, las v\u00edas del tren y los puentes de Cuatrovientos y Miluce.<\/p>\n<p>Las instant\u00e1neas muestran distintos momentos en la vida del barrio y sus gentes, desde juegos y fiestas a distintos trabajos y ceremonias, actos reivindicativos, actividades deportivas o personajes significativos y reconocidos, entre otras im\u00e1genes. En todas ellas se aprecia el paisaje rural, industrial y urbano en el que transcurre y se desarrolla la vida de los vecinos y vecinas del barrio a lo largo de los a\u00f1os. En la selecci\u00f3n de las instant\u00e1neas se ha querido tener presentes a muchas personas que construyeron y compartieron tiempo, vivencias y barrio.<br \/>\n<script async src=\"\/\/pagead2.googlesyndication.com\/pagead\/js\/adsbygoogle.js\"><\/script><br \/>\n<!-- Noticias La Guia de Pamplona --><br \/>\n<ins class=\"adsbygoogle\"\nstyle=\"display:block\"\ndata-ad-client=\"ca-pub-6943679897239327\"\ndata-ad-slot=\"7048180777\"\ndata-ad-format=\"auto\"><\/ins><br \/>\n<script>\n(adsbygoogle = window.adsbygoogle || []).push({});\n<\/script><\/p>\n<p>Esta exposici\u00f3n es fruto de la colaboraci\u00f3n de los vecinos y vecinas del barrio que han cedido u ofrecido sus propias fotograf\u00edas. I\u00f1aki Merkapide, un vecino de San Jorge aficionado a la fotograf\u00eda en general y a la fotograf\u00eda antigua y de su barrio en particular recogidas, las ha seleccionado y ordenado en esta muestra. Civivox San Jorge, adem\u00e1s de acoger esta iniciativa, ha llevado a cabo el revelado las fotograf\u00edas seleccionadas y ha colaborado en la producci\u00f3n y el montaje de la exposici\u00f3n.<\/p>\n","protected":false},"excerpt":{"rendered":"<p>Civivox San Jorge acoge hasta el 8 de mayo esta muestra fruto de la colaboraci\u00f3n de vecinos y vecinas del barrio que han aportado las fotograf\u00edas<\/p>\n","protected":false},"author":1,"featured_media":40005,"comment_status":"open","ping_status":"closed","sticky":false,"template":"","format":"standard","meta":{"footnotes":""},"categories":[2],"tags":[],"class_list":["post-40004","post","type-post","status-publish","format-standard","has-post-thumbnail","hentry","category-ayuntamiento-pamplona"],"yoast_head":"<!-- This site is optimized with the Yoast SEO plugin v27.3 - https:\/\/yoast.com\/product\/yoast-seo-wordpress\/ -->\n<title>El barrio de San Jorge recuerda sus or\u00edgenes y su historia a trav\u00e9s de una exposici\u00f3n fotogr\u00e1fica con 133 im\u00e1genes fechadas entre 1947 y 2000<\/title>\n<meta name=\"description\" content=\"Civivox San Jorge acoge hasta el 8 de mayo esta muestra fruto de la colaboraci\u00f3n de vecinos y vecinas del barrio que han aportado las fotograf\u00edas\" \/>\n<meta name=\"robots\" content=\"index, follow, max-snippet:-1, max-image-preview:large, max-video-preview:-1\" \/>\n<link rel=\"canonical\" href=\"https:\/\/www.laguiadepamplona.com\/actualidad\/el-barrio-de-san-jorge-recuerda-sus-origenes-y-su-historia-a-traves-de-una-exposicion-fotografica-con-133-imagenes-fechadas-entre-1947-y-2000\/\" \/>\n<meta property=\"og:locale\" content=\"es_ES\" \/>\n<meta property=\"og:type\" content=\"article\" \/>\n<meta property=\"og:title\" content=\"El barrio de San Jorge recuerda sus or\u00edgenes y su historia a trav\u00e9s de una exposici\u00f3n fotogr\u00e1fica con 133 im\u00e1genes fechadas entre 1947 y 2000\" \/>\n<meta property=\"og:description\" content=\"Civivox San Jorge acoge hasta el 8 de mayo esta muestra fruto de la colaboraci\u00f3n de vecinos y vecinas del barrio que han aportado las fotograf\u00edas\" \/>\n<meta property=\"og:url\" content=\"https:\/\/www.laguiadepamplona.com\/actualidad\/el-barrio-de-san-jorge-recuerda-sus-origenes-y-su-historia-a-traves-de-una-exposicion-fotografica-con-133-imagenes-fechadas-entre-1947-y-2000\/\" \/>\n<meta property=\"og:site_name\" content=\"La Gu\u00eda de Pamplona\" \/>\n<meta property=\"article:publisher\" content=\"https:\/\/www.facebook.com\/laguiadepamplonacom-133175176762273\/?ref=hl\" \/>\n<meta property=\"article:published_time\" content=\"2022-04-20T10:42:59+00:00\" \/>\n<meta property=\"article:modified_time\" content=\"2023-04-11T09:48:17+00:00\" \/>\n<meta property=\"og:image\" content=\"https:\/\/www.laguiadepamplona.com\/actualidad\/wp-content\/uploads\/2022\/04\/san-jorge-exposicion.webp\" \/>\n\t<meta property=\"og:image:width\" content=\"1699\" \/>\n\t<meta property=\"og:image:height\" content=\"710\" \/>\n\t<meta property=\"og:image:type\" content=\"image\/webp\" \/>\n<meta name=\"author\" content=\"La Gu\u00eda de Pamplona\" \/>\n<meta name=\"twitter:card\" content=\"summary_large_image\" \/>\n<meta name=\"twitter:creator\" content=\"@LaGuiadPamplona\" \/>\n<meta name=\"twitter:site\" content=\"@LaGuiadPamplona\" \/>\n<meta name=\"twitter:label1\" content=\"Escrito por\" \/>\n\t<meta name=\"twitter:data1\" content=\"La Gu\u00eda de Pamplona\" \/>\n\t<meta name=\"twitter:label2\" content=\"Tiempo de lectura\" \/>\n\t<meta name=\"twitter:data2\" content=\"2 minutos\" \/>\n<script type=\"application\/ld+json\" class=\"yoast-schema-graph\">{\"@context\":\"https:\\\/\\\/schema.org\",\"@graph\":[{\"@type\":\"Article\",\"@id\":\"https:\\\/\\\/www.laguiadepamplona.com\\\/actualidad\\\/el-barrio-de-san-jorge-recuerda-sus-origenes-y-su-historia-a-traves-de-una-exposicion-fotografica-con-133-imagenes-fechadas-entre-1947-y-2000\\\/#article\",\"isPartOf\":{\"@id\":\"https:\\\/\\\/www.laguiadepamplona.com\\\/actualidad\\\/el-barrio-de-san-jorge-recuerda-sus-origenes-y-su-historia-a-traves-de-una-exposicion-fotografica-con-133-imagenes-fechadas-entre-1947-y-2000\\\/\"},\"author\":{\"name\":\"La Gu\u00eda de Pamplona\",\"@id\":\"https:\\\/\\\/www.laguiadepamplona.com\\\/actualidad\\\/#\\\/schema\\\/person\\\/efe887376f0213d4657c93adc50b1fdb\"},\"headline\":\"El barrio de San Jorge recuerda sus or\u00edgenes y su historia a trav\u00e9s de una exposici\u00f3n fotogr\u00e1fica con 133 im\u00e1genes fechadas entre 1947 y 2000\",\"datePublished\":\"2022-04-20T10:42:59+00:00\",\"dateModified\":\"2023-04-11T09:48:17+00:00\",\"mainEntityOfPage\":{\"@id\":\"https:\\\/\\\/www.laguiadepamplona.com\\\/actualidad\\\/el-barrio-de-san-jorge-recuerda-sus-origenes-y-su-historia-a-traves-de-una-exposicion-fotografica-con-133-imagenes-fechadas-entre-1947-y-2000\\\/\"},\"wordCount\":422,\"commentCount\":0,\"publisher\":{\"@id\":\"https:\\\/\\\/www.laguiadepamplona.com\\\/actualidad\\\/#organization\"},\"image\":{\"@id\":\"https:\\\/\\\/www.laguiadepamplona.com\\\/actualidad\\\/el-barrio-de-san-jorge-recuerda-sus-origenes-y-su-historia-a-traves-de-una-exposicion-fotografica-con-133-imagenes-fechadas-entre-1947-y-2000\\\/#primaryimage\"},\"thumbnailUrl\":\"https:\\\/\\\/www.laguiadepamplona.com\\\/actualidad\\\/wp-content\\\/uploads\\\/2022\\\/04\\\/san-jorge-exposicion.webp\",\"articleSection\":[\"Ayto Pamplona\"],\"inLanguage\":\"es\",\"potentialAction\":[{\"@type\":\"CommentAction\",\"name\":\"Comment\",\"target\":[\"https:\\\/\\\/www.laguiadepamplona.com\\\/actualidad\\\/el-barrio-de-san-jorge-recuerda-sus-origenes-y-su-historia-a-traves-de-una-exposicion-fotografica-con-133-imagenes-fechadas-entre-1947-y-2000\\\/#respond\"]}]},{\"@type\":\"WebPage\",\"@id\":\"https:\\\/\\\/www.laguiadepamplona.com\\\/actualidad\\\/el-barrio-de-san-jorge-recuerda-sus-origenes-y-su-historia-a-traves-de-una-exposicion-fotografica-con-133-imagenes-fechadas-entre-1947-y-2000\\\/\",\"url\":\"https:\\\/\\\/www.laguiadepamplona.com\\\/actualidad\\\/el-barrio-de-san-jorge-recuerda-sus-origenes-y-su-historia-a-traves-de-una-exposicion-fotografica-con-133-imagenes-fechadas-entre-1947-y-2000\\\/\",\"name\":\"El barrio de San Jorge recuerda sus or\u00edgenes y su historia a trav\u00e9s de una exposici\u00f3n fotogr\u00e1fica con 133 im\u00e1genes fechadas entre 1947 y 2000\",\"isPartOf\":{\"@id\":\"https:\\\/\\\/www.laguiadepamplona.com\\\/actualidad\\\/#website\"},\"primaryImageOfPage\":{\"@id\":\"https:\\\/\\\/www.laguiadepamplona.com\\\/actualidad\\\/el-barrio-de-san-jorge-recuerda-sus-origenes-y-su-historia-a-traves-de-una-exposicion-fotografica-con-133-imagenes-fechadas-entre-1947-y-2000\\\/#primaryimage\"},\"image\":{\"@id\":\"https:\\\/\\\/www.laguiadepamplona.com\\\/actualidad\\\/el-barrio-de-san-jorge-recuerda-sus-origenes-y-su-historia-a-traves-de-una-exposicion-fotografica-con-133-imagenes-fechadas-entre-1947-y-2000\\\/#primaryimage\"},\"thumbnailUrl\":\"https:\\\/\\\/www.laguiadepamplona.com\\\/actualidad\\\/wp-content\\\/uploads\\\/2022\\\/04\\\/san-jorge-exposicion.webp\",\"datePublished\":\"2022-04-20T10:42:59+00:00\",\"dateModified\":\"2023-04-11T09:48:17+00:00\",\"description\":\"Civivox San Jorge acoge hasta el 8 de mayo esta muestra fruto de la colaboraci\u00f3n de vecinos y vecinas del barrio que han aportado las fotograf\u00edas\",\"breadcrumb\":{\"@id\":\"https:\\\/\\\/www.laguiadepamplona.com\\\/actualidad\\\/el-barrio-de-san-jorge-recuerda-sus-origenes-y-su-historia-a-traves-de-una-exposicion-fotografica-con-133-imagenes-fechadas-entre-1947-y-2000\\\/#breadcrumb\"},\"inLanguage\":\"es\",\"potentialAction\":[{\"@type\":\"ReadAction\",\"target\":[\"https:\\\/\\\/www.laguiadepamplona.com\\\/actualidad\\\/el-barrio-de-san-jorge-recuerda-sus-origenes-y-su-historia-a-traves-de-una-exposicion-fotografica-con-133-imagenes-fechadas-entre-1947-y-2000\\\/\"]}]},{\"@type\":\"ImageObject\",\"inLanguage\":\"es\",\"@id\":\"https:\\\/\\\/www.laguiadepamplona.com\\\/actualidad\\\/el-barrio-de-san-jorge-recuerda-sus-origenes-y-su-historia-a-traves-de-una-exposicion-fotografica-con-133-imagenes-fechadas-entre-1947-y-2000\\\/#primaryimage\",\"url\":\"https:\\\/\\\/www.laguiadepamplona.com\\\/actualidad\\\/wp-content\\\/uploads\\\/2022\\\/04\\\/san-jorge-exposicion.webp\",\"contentUrl\":\"https:\\\/\\\/www.laguiadepamplona.com\\\/actualidad\\\/wp-content\\\/uploads\\\/2022\\\/04\\\/san-jorge-exposicion.webp\",\"width\":1699,\"height\":710},{\"@type\":\"BreadcrumbList\",\"@id\":\"https:\\\/\\\/www.laguiadepamplona.com\\\/actualidad\\\/el-barrio-de-san-jorge-recuerda-sus-origenes-y-su-historia-a-traves-de-una-exposicion-fotografica-con-133-imagenes-fechadas-entre-1947-y-2000\\\/#breadcrumb\",\"itemListElement\":[{\"@type\":\"ListItem\",\"position\":1,\"name\":\"Portada\",\"item\":\"https:\\\/\\\/www.laguiadepamplona.com\\\/actualidad\\\/\"},{\"@type\":\"ListItem\",\"position\":2,\"name\":\"El barrio de San Jorge recuerda sus or\u00edgenes y su historia a trav\u00e9s de una exposici\u00f3n fotogr\u00e1fica con 133 im\u00e1genes fechadas entre 1947 y 2000\"}]},{\"@type\":\"WebSite\",\"@id\":\"https:\\\/\\\/www.laguiadepamplona.com\\\/actualidad\\\/#website\",\"url\":\"https:\\\/\\\/www.laguiadepamplona.com\\\/actualidad\\\/\",\"name\":\"La gu\u00eda de Pamplona\",\"description\":\"Noticias de Pamplona\",\"publisher\":{\"@id\":\"https:\\\/\\\/www.laguiadepamplona.com\\\/actualidad\\\/#organization\"},\"potentialAction\":[{\"@type\":\"SearchAction\",\"target\":{\"@type\":\"EntryPoint\",\"urlTemplate\":\"https:\\\/\\\/www.laguiadepamplona.com\\\/actualidad\\\/?s={search_term_string}\"},\"query-input\":{\"@type\":\"PropertyValueSpecification\",\"valueRequired\":true,\"valueName\":\"search_term_string\"}}],\"inLanguage\":\"es\"},{\"@type\":\"Organization\",\"@id\":\"https:\\\/\\\/www.laguiadepamplona.com\\\/actualidad\\\/#organization\",\"name\":\"La Gu\u00eda de Pamplona \\\/ Noticias\",\"url\":\"https:\\\/\\\/www.laguiadepamplona.com\\\/actualidad\\\/\",\"logo\":{\"@type\":\"ImageObject\",\"inLanguage\":\"es\",\"@id\":\"https:\\\/\\\/www.laguiadepamplona.com\\\/actualidad\\\/#\\\/schema\\\/logo\\\/image\\\/\",\"url\":\"https:\\\/\\\/www.laguiadepamplona.com\\\/actualidad\\\/wp-content\\\/uploads\\\/2018\\\/11\\\/logo-laguiadepamplona18-web1.png\",\"contentUrl\":\"https:\\\/\\\/www.laguiadepamplona.com\\\/actualidad\\\/wp-content\\\/uploads\\\/2018\\\/11\\\/logo-laguiadepamplona18-web1.png\",\"width\":600,\"height\":196,\"caption\":\"La Gu\u00eda de Pamplona \\\/ Noticias\"},\"image\":{\"@id\":\"https:\\\/\\\/www.laguiadepamplona.com\\\/actualidad\\\/#\\\/schema\\\/logo\\\/image\\\/\"},\"sameAs\":[\"https:\\\/\\\/www.facebook.com\\\/laguiadepamplonacom-133175176762273\\\/?ref=hl\",\"https:\\\/\\\/x.com\\\/LaGuiadPamplona\",\"https:\\\/\\\/www.instagram.com\\\/la_guia_de_pamplona\\\/\",\"https:\\\/\\\/www.youtube.com\\\/user\\\/laguiadepamplona\"]},{\"@type\":\"Person\",\"@id\":\"https:\\\/\\\/www.laguiadepamplona.com\\\/actualidad\\\/#\\\/schema\\\/person\\\/efe887376f0213d4657c93adc50b1fdb\",\"name\":\"La Gu\u00eda de Pamplona\",\"image\":{\"@type\":\"ImageObject\",\"inLanguage\":\"es\",\"@id\":\"https:\\\/\\\/secure.gravatar.com\\\/avatar\\\/b6992f131dc8d30ab0dff15446e9d346d9dbd95992de0fef795073f5ea83a81c?s=96&d=mm&r=g\",\"url\":\"https:\\\/\\\/secure.gravatar.com\\\/avatar\\\/b6992f131dc8d30ab0dff15446e9d346d9dbd95992de0fef795073f5ea83a81c?s=96&d=mm&r=g\",\"contentUrl\":\"https:\\\/\\\/secure.gravatar.com\\\/avatar\\\/b6992f131dc8d30ab0dff15446e9d346d9dbd95992de0fef795073f5ea83a81c?s=96&d=mm&r=g\",\"caption\":\"La Gu\u00eda de Pamplona\"}}]}<\/script>\n<!-- \/ Yoast SEO plugin. -->","yoast_head_json":{"title":"El barrio de San Jorge recuerda sus or\u00edgenes y su historia a trav\u00e9s de una exposici\u00f3n fotogr\u00e1fica con 133 im\u00e1genes fechadas entre 1947 y 2000","description":"Civivox San Jorge acoge hasta el 8 de mayo esta muestra fruto de la colaboraci\u00f3n de vecinos y vecinas del barrio que han aportado las fotograf\u00edas","robots":{"index":"index","follow":"follow","max-snippet":"max-snippet:-1","max-image-preview":"max-image-preview:large","max-video-preview":"max-video-preview:-1"},"canonical":"https:\/\/www.laguiadepamplona.com\/actualidad\/el-barrio-de-san-jorge-recuerda-sus-origenes-y-su-historia-a-traves-de-una-exposicion-fotografica-con-133-imagenes-fechadas-entre-1947-y-2000\/","og_locale":"es_ES","og_type":"article","og_title":"El barrio de San Jorge recuerda sus or\u00edgenes y su historia a trav\u00e9s de una exposici\u00f3n fotogr\u00e1fica con 133 im\u00e1genes fechadas entre 1947 y 2000","og_description":"Civivox San Jorge acoge hasta el 8 de mayo esta muestra fruto de la colaboraci\u00f3n de vecinos y vecinas del barrio que han aportado las fotograf\u00edas","og_url":"https:\/\/www.laguiadepamplona.com\/actualidad\/el-barrio-de-san-jorge-recuerda-sus-origenes-y-su-historia-a-traves-de-una-exposicion-fotografica-con-133-imagenes-fechadas-entre-1947-y-2000\/","og_site_name":"La Gu\u00eda de Pamplona","article_publisher":"https:\/\/www.facebook.com\/laguiadepamplonacom-133175176762273\/?ref=hl","article_published_time":"2022-04-20T10:42:59+00:00","article_modified_time":"2023-04-11T09:48:17+00:00","og_image":[{"width":1699,"height":710,"url":"https:\/\/www.laguiadepamplona.com\/actualidad\/wp-content\/uploads\/2022\/04\/san-jorge-exposicion.webp","type":"image\/webp"}],"author":"La Gu\u00eda de Pamplona","twitter_card":"summary_large_image","twitter_creator":"@LaGuiadPamplona","twitter_site":"@LaGuiadPamplona","twitter_misc":{"Escrito por":"La Gu\u00eda de Pamplona","Tiempo de lectura":"2 minutos"},"schema":{"@context":"https:\/\/schema.org","@graph":[{"@type":"Article","@id":"https:\/\/www.laguiadepamplona.com\/actualidad\/el-barrio-de-san-jorge-recuerda-sus-origenes-y-su-historia-a-traves-de-una-exposicion-fotografica-con-133-imagenes-fechadas-entre-1947-y-2000\/#article","isPartOf":{"@id":"https:\/\/www.laguiadepamplona.com\/actualidad\/el-barrio-de-san-jorge-recuerda-sus-origenes-y-su-historia-a-traves-de-una-exposicion-fotografica-con-133-imagenes-fechadas-entre-1947-y-2000\/"},"author":{"name":"La Gu\u00eda de Pamplona","@id":"https:\/\/www.laguiadepamplona.com\/actualidad\/#\/schema\/person\/efe887376f0213d4657c93adc50b1fdb"},"headline":"El barrio de San Jorge recuerda sus or\u00edgenes y su historia a trav\u00e9s de una exposici\u00f3n fotogr\u00e1fica con 133 im\u00e1genes fechadas entre 1947 y 2000","datePublished":"2022-04-20T10:42:59+00:00","dateModified":"2023-04-11T09:48:17+00:00","mainEntityOfPage":{"@id":"https:\/\/www.laguiadepamplona.com\/actualidad\/el-barrio-de-san-jorge-recuerda-sus-origenes-y-su-historia-a-traves-de-una-exposicion-fotografica-con-133-imagenes-fechadas-entre-1947-y-2000\/"},"wordCount":422,"commentCount":0,"publisher":{"@id":"https:\/\/www.laguiadepamplona.com\/actualidad\/#organization"},"image":{"@id":"https:\/\/www.laguiadepamplona.com\/actualidad\/el-barrio-de-san-jorge-recuerda-sus-origenes-y-su-historia-a-traves-de-una-exposicion-fotografica-con-133-imagenes-fechadas-entre-1947-y-2000\/#primaryimage"},"thumbnailUrl":"https:\/\/www.laguiadepamplona.com\/actualidad\/wp-content\/uploads\/2022\/04\/san-jorge-exposicion.webp","articleSection":["Ayto Pamplona"],"inLanguage":"es","potentialAction":[{"@type":"CommentAction","name":"Comment","target":["https:\/\/www.laguiadepamplona.com\/actualidad\/el-barrio-de-san-jorge-recuerda-sus-origenes-y-su-historia-a-traves-de-una-exposicion-fotografica-con-133-imagenes-fechadas-entre-1947-y-2000\/#respond"]}]},{"@type":"WebPage","@id":"https:\/\/www.laguiadepamplona.com\/actualidad\/el-barrio-de-san-jorge-recuerda-sus-origenes-y-su-historia-a-traves-de-una-exposicion-fotografica-con-133-imagenes-fechadas-entre-1947-y-2000\/","url":"https:\/\/www.laguiadepamplona.com\/actualidad\/el-barrio-de-san-jorge-recuerda-sus-origenes-y-su-historia-a-traves-de-una-exposicion-fotografica-con-133-imagenes-fechadas-entre-1947-y-2000\/","name":"El barrio de San Jorge recuerda sus or\u00edgenes y su historia a trav\u00e9s de una exposici\u00f3n fotogr\u00e1fica con 133 im\u00e1genes fechadas entre 1947 y 2000","isPartOf":{"@id":"https:\/\/www.laguiadepamplona.com\/actualidad\/#website"},"primaryImageOfPage":{"@id":"https:\/\/www.laguiadepamplona.com\/actualidad\/el-barrio-de-san-jorge-recuerda-sus-origenes-y-su-historia-a-traves-de-una-exposicion-fotografica-con-133-imagenes-fechadas-entre-1947-y-2000\/#primaryimage"},"image":{"@id":"https:\/\/www.laguiadepamplona.com\/actualidad\/el-barrio-de-san-jorge-recuerda-sus-origenes-y-su-historia-a-traves-de-una-exposicion-fotografica-con-133-imagenes-fechadas-entre-1947-y-2000\/#primaryimage"},"thumbnailUrl":"https:\/\/www.laguiadepamplona.com\/actualidad\/wp-content\/uploads\/2022\/04\/san-jorge-exposicion.webp","datePublished":"2022-04-20T10:42:59+00:00","dateModified":"2023-04-11T09:48:17+00:00","description":"Civivox San Jorge acoge hasta el 8 de mayo esta muestra fruto de la colaboraci\u00f3n de vecinos y vecinas del barrio que han aportado las fotograf\u00edas","breadcrumb":{"@id":"https:\/\/www.laguiadepamplona.com\/actualidad\/el-barrio-de-san-jorge-recuerda-sus-origenes-y-su-historia-a-traves-de-una-exposicion-fotografica-con-133-imagenes-fechadas-entre-1947-y-2000\/#breadcrumb"},"inLanguage":"es","potentialAction":[{"@type":"ReadAction","target":["https:\/\/www.laguiadepamplona.com\/actualidad\/el-barrio-de-san-jorge-recuerda-sus-origenes-y-su-historia-a-traves-de-una-exposicion-fotografica-con-133-imagenes-fechadas-entre-1947-y-2000\/"]}]},{"@type":"ImageObject","inLanguage":"es","@id":"https:\/\/www.laguiadepamplona.com\/actualidad\/el-barrio-de-san-jorge-recuerda-sus-origenes-y-su-historia-a-traves-de-una-exposicion-fotografica-con-133-imagenes-fechadas-entre-1947-y-2000\/#primaryimage","url":"https:\/\/www.laguiadepamplona.com\/actualidad\/wp-content\/uploads\/2022\/04\/san-jorge-exposicion.webp","contentUrl":"https:\/\/www.laguiadepamplona.com\/actualidad\/wp-content\/uploads\/2022\/04\/san-jorge-exposicion.webp","width":1699,"height":710},{"@type":"BreadcrumbList","@id":"https:\/\/www.laguiadepamplona.com\/actualidad\/el-barrio-de-san-jorge-recuerda-sus-origenes-y-su-historia-a-traves-de-una-exposicion-fotografica-con-133-imagenes-fechadas-entre-1947-y-2000\/#breadcrumb","itemListElement":[{"@type":"ListItem","position":1,"name":"Portada","item":"https:\/\/www.laguiadepamplona.com\/actualidad\/"},{"@type":"ListItem","position":2,"name":"El barrio de San Jorge recuerda sus or\u00edgenes y su historia a trav\u00e9s de una exposici\u00f3n fotogr\u00e1fica con 133 im\u00e1genes fechadas entre 1947 y 2000"}]},{"@type":"WebSite","@id":"https:\/\/www.laguiadepamplona.com\/actualidad\/#website","url":"https:\/\/www.laguiadepamplona.com\/actualidad\/","name":"La gu\u00eda de Pamplona","description":"Noticias de Pamplona","publisher":{"@id":"https:\/\/www.laguiadepamplona.com\/actualidad\/#organization"},"potentialAction":[{"@type":"SearchAction","target":{"@type":"EntryPoint","urlTemplate":"https:\/\/www.laguiadepamplona.com\/actualidad\/?s={search_term_string}"},"query-input":{"@type":"PropertyValueSpecification","valueRequired":true,"valueName":"search_term_string"}}],"inLanguage":"es"},{"@type":"Organization","@id":"https:\/\/www.laguiadepamplona.com\/actualidad\/#organization","name":"La Gu\u00eda de Pamplona \/ Noticias","url":"https:\/\/www.laguiadepamplona.com\/actualidad\/","logo":{"@type":"ImageObject","inLanguage":"es","@id":"https:\/\/www.laguiadepamplona.com\/actualidad\/#\/schema\/logo\/image\/","url":"https:\/\/www.laguiadepamplona.com\/actualidad\/wp-content\/uploads\/2018\/11\/logo-laguiadepamplona18-web1.png","contentUrl":"https:\/\/www.laguiadepamplona.com\/actualidad\/wp-content\/uploads\/2018\/11\/logo-laguiadepamplona18-web1.png","width":600,"height":196,"caption":"La Gu\u00eda de Pamplona \/ Noticias"},"image":{"@id":"https:\/\/www.laguiadepamplona.com\/actualidad\/#\/schema\/logo\/image\/"},"sameAs":["https:\/\/www.facebook.com\/laguiadepamplonacom-133175176762273\/?ref=hl","https:\/\/x.com\/LaGuiadPamplona","https:\/\/www.instagram.com\/la_guia_de_pamplona\/","https:\/\/www.youtube.com\/user\/laguiadepamplona"]},{"@type":"Person","@id":"https:\/\/www.laguiadepamplona.com\/actualidad\/#\/schema\/person\/efe887376f0213d4657c93adc50b1fdb","name":"La Gu\u00eda de Pamplona","image":{"@type":"ImageObject","inLanguage":"es","@id":"https:\/\/secure.gravatar.com\/avatar\/b6992f131dc8d30ab0dff15446e9d346d9dbd95992de0fef795073f5ea83a81c?s=96&d=mm&r=g","url":"https:\/\/secure.gravatar.com\/avatar\/b6992f131dc8d30ab0dff15446e9d346d9dbd95992de0fef795073f5ea83a81c?s=96&d=mm&r=g","contentUrl":"https:\/\/secure.gravatar.com\/avatar\/b6992f131dc8d30ab0dff15446e9d346d9dbd95992de0fef795073f5ea83a81c?s=96&d=mm&r=g","caption":"La Gu\u00eda de Pamplona"}}]}},"post_mailing_queue_ids":[],"_links":{"self":[{"href":"https:\/\/www.laguiadepamplona.com\/actualidad\/wp-json\/wp\/v2\/posts\/40004","targetHints":{"allow":["GET"]}}],"collection":[{"href":"https:\/\/www.laguiadepamplona.com\/actualidad\/wp-json\/wp\/v2\/posts"}],"about":[{"href":"https:\/\/www.laguiadepamplona.com\/actualidad\/wp-json\/wp\/v2\/types\/post"}],"author":[{"embeddable":true,"href":"https:\/\/www.laguiadepamplona.com\/actualidad\/wp-json\/wp\/v2\/users\/1"}],"replies":[{"embeddable":true,"href":"https:\/\/www.laguiadepamplona.com\/actualidad\/wp-json\/wp\/v2\/comments?post=40004"}],"version-history":[{"count":0,"href":"https:\/\/www.laguiadepamplona.com\/actualidad\/wp-json\/wp\/v2\/posts\/40004\/revisions"}],"wp:featuredmedia":[{"embeddable":true,"href":"https:\/\/www.laguiadepamplona.com\/actualidad\/wp-json\/wp\/v2\/media\/40005"}],"wp:attachment":[{"href":"https:\/\/www.laguiadepamplona.com\/actualidad\/wp-json\/wp\/v2\/media?parent=40004"}],"wp:term":[{"taxonomy":"category","embeddable":true,"href":"https:\/\/www.laguiadepamplona.com\/actualidad\/wp-json\/wp\/v2\/categories?post=40004"},{"taxonomy":"post_tag","embeddable":true,"href":"https:\/\/www.laguiadepamplona.com\/actualidad\/wp-json\/wp\/v2\/tags?post=40004"}],"curies":[{"name":"wp","href":"https:\/\/api.w.org\/{rel}","templated":true}]}}