{"id":40002,"date":"2022-04-20T12:41:05","date_gmt":"2022-04-20T10:41:05","guid":{"rendered":"https:\/\/www.laguiadepamplona.com\/actualidad\/?p=40002"},"modified":"2023-04-11T11:48:17","modified_gmt":"2023-04-11T09:48:17","slug":"el-ayuntamiento-destinara-340-000-a-la-convocatoria-de-subvenciones-para-proyectos-de-accion-social-en-los-ambitos-de-la-discapacidad-la-dependencia-y-la-inclusion","status":"publish","type":"post","link":"https:\/\/www.laguiadepamplona.com\/actualidad\/el-ayuntamiento-destinara-340-000-a-la-convocatoria-de-subvenciones-para-proyectos-de-accion-social-en-los-ambitos-de-la-discapacidad-la-dependencia-y-la-inclusion\/","title":{"rendered":"El Ayuntamiento destinar\u00e1 340.000 a la convocatoria de subvenciones para proyectos de acci\u00f3n social en los \u00e1mbitos de la discapacidad, la dependencia y la inclusi\u00f3n"},"content":{"rendered":"<h5>El 9 de mayo finaliza el plazo de presentaci\u00f3n de solicitudes, que se deber\u00e1 realizar de forma telem\u00e1tica a trav\u00e9s de la Sede Electr\u00f3nica municipal<\/h5>\n<p><!--more--><\/p>\n<p>El Ayuntamiento de Pamplona destina 340.000 euros a la convocatoria de subvenciones para entidades sin \u00e1nimo de lucro que favorezcan, a trav\u00e9s de la realizaci\u00f3n de actividades el desarrollo de la acci\u00f3n social en el \u00e1mbito de programas espec\u00edficos de la discapacidad \/ dependencia y la inclusi\u00f3n social. Las solicitudes se pueden presentar de <a href=\"https:\/\/sedeelectronica.pamplona.es\/FichaTramite.aspx?id=229967TA&amp;idioma=1\" target=\"_blank\" rel=\"noopener\">forma telem\u00e1tica<\/a> a trav\u00e9s de la Sede Electr\u00f3nico municipal hasta el 9 de mayo.<br \/>\n<script async src=\"\/\/pagead2.googlesyndication.com\/pagead\/js\/adsbygoogle.js\"><\/script><br \/>\n<!-- Noticias La Guia de Pamplona --><br \/>\n<ins class=\"adsbygoogle\"\nstyle=\"display:block\"\ndata-ad-client=\"ca-pub-6943679897239327\"\ndata-ad-slot=\"7048180777\"\ndata-ad-format=\"auto\"><\/ins><br \/>\n<script>\n(adsbygoogle = window.adsbygoogle || []).push({});\n<\/script><\/p>\n<p>Se trata con esta convocatoria de favorecer la integraci\u00f3n, la igualdad de oportunidades, la prevenci\u00f3n de situaciones de riesgo social o el tratamiento de situaciones de vulnerabilidad, desprotecci\u00f3n, dependencia o exclusi\u00f3n social de los colectivos y personas con discapacidad \/ dependencia y\/o en riesgo de exclusi\u00f3n social. La cuant\u00eda de 340.000 euros se mantiene respecto al pasado a\u00f1o y se distribuyen en dos l\u00edneas de ayudas, con 202.000 euros para el \u00e1mbito de discapacidad \/ dependencia y 138 euros para el \u00e1mbito de la inclusi\u00f3n social.<\/p>\n<p>Cada entidad solicitante puede presentar y recibir subvenci\u00f3n para la realizaci\u00f3n de un solo proyecto, tanto si concurre de manera individual o representando a una agrupaci\u00f3n de entidades. La ayuda m\u00e1xima a conceder a cada entidad beneficiaria no podr\u00e1 superar el 80% del presupuesto total del proyecto y no se admitir\u00e1n proyectos en los que el d\u00e9ficit a solicitar sea superior a 20.000 euros. La informaci\u00f3n sobre la convocatoria se puede consultar en <a href=\"http:\/\/www.pamplona.es\" target=\"_blank\" rel=\"noopener\">www.pamplona.es<\/a> y en el <a href=\"https:\/\/bon.navarra.es\/es\/anuncio\/-\/texto\/2022\/70\/38\" target=\"_blank\" rel=\"noopener\">Bolet\u00edn Oficial de Navarra n\u00famero 70 de 7 de abril<\/a>.<br \/>\n<script async src=\"\/\/pagead2.googlesyndication.com\/pagead\/js\/adsbygoogle.js\"><\/script><br \/>\n<!-- Noticias La Guia de Pamplona --><br \/>\n<ins class=\"adsbygoogle\"\nstyle=\"display:block\"\ndata-ad-client=\"ca-pub-6943679897239327\"\ndata-ad-slot=\"7048180777\"\ndata-ad-format=\"auto\"><\/ins><br \/>\n<script>\n(adsbygoogle = window.adsbygoogle || []).push({});\n<\/script><\/p>\n<p><strong>Contenidos y requisitos de los proyectos<\/strong><\/p>\n<p>El contenido de los proyectos para los que podr\u00e1 solicitarse subvenci\u00f3n en el \u00e1mbito de la discapacidad\/dependencia debe responder a objetivos como facilitar el acceso de las personas con discapacidad\/dependencia a la actividad social en condiciones de igualdad evitando los factores que incrementan las situaciones de exclusi\u00f3n social. Por ello, los proyectos deber\u00e1n ir orientados a complementar aspectos educativos, formativos, psicosociales, de integraci\u00f3n y de promoci\u00f3n de la autonom\u00eda que no se contemplan en otros \u00e1mbitos; favorecer las condiciones de acceso a un empleo como medio de autonom\u00eda personal e independencia econ\u00f3mica; fomentar la formaci\u00f3n del voluntariado en el \u00e1mbito socio-sanitario; y apoyar los proyectos de autoayuda.<\/p>\n<p>En el \u00e1mbito de la inclusi\u00f3n social, los proyectos que se subvencionen deben mejorar aspectos relacionados con personas o colectivos en situaci\u00f3n de vulnerabilidad social o de exclusi\u00f3n. Por ello, los proyectos deber\u00e1n ir orientados a mejorar aspectos psicosociales, formativos, residenciales, sociosanitarios y de integraci\u00f3n social; a favorecer las condiciones de acceso a un empleo; a fomentar la formaci\u00f3n del voluntariado; o a apoyar los proyectos de autoayuda en torno a una afectaci\u00f3n com\u00fan.<\/p>\n<p>Como requisitos para acceder a esta convocatoria, los proyectos deben ser concretos y globales, no solamente de actividades aisladas; deben adecuarse al objeto y finalidad de la convocatoria; ejecutarse, con car\u00e1cter general, en el \u00e1mbito territorial de Pamplona durante 2022; y contar con una desarrollada y justificada informaci\u00f3n referida a los objetivos, actividades, espacios a utilizar para la ejecuci\u00f3n de la actividad, recursos tanto humanos como materiales a disposici\u00f3n de la actividad, tiempos de ejecuci\u00f3n, seguimiento de la actividad, sistemas de evaluaci\u00f3n&#8230; En el caso de que el proyecto presentado sea continuidad de otro subvencionado en anteriores convocatorias, deber\u00e1n haber cumplido con las obligaciones impuestas como beneficiarios<br \/>\n<script async src=\"\/\/pagead2.googlesyndication.com\/pagead\/js\/adsbygoogle.js\"><\/script><br \/>\n<!-- Noticias La Guia de Pamplona --><br \/>\n<ins class=\"adsbygoogle\"\nstyle=\"display:block\"\ndata-ad-client=\"ca-pub-6943679897239327\"\ndata-ad-slot=\"7048180777\"\ndata-ad-format=\"auto\"><\/ins><br \/>\n<script>\n(adsbygoogle = window.adsbygoogle || []).push({});\n<\/script><\/p>\n<p><strong>Requisitos de las entidades que concurran<\/strong><\/p>\n<p>Las entidades que concurran a esta convocatoria deben ser personas jur\u00eddicas legalmente constituidas e inscritas en el registro correspondiente, carecer de \u00e1nimo de lucro y tener su domicilio social o delegaci\u00f3n permanente en Pamplona. Sin embargo, podr\u00e1n ser beneficiarias de la misma aquellas entidades que, aun no reuniendo este requisito, desarrollen los proyectos presentados en beneficio del municipio de Pamplona y su ciudadan\u00eda. Adem\u00e1s, las entidades deben tener como fin expreso principal en sus estatutos la atenci\u00f3n e intervenci\u00f3n social en el \u00e1mbito relacionado con la modalidad para la que solicite el proyecto y disponer de la estructura suficiente para garantizar el cumplimiento de sus fines sociales.<\/p>\n<p>Los criterios de valoraci\u00f3n de las solicitudes se centran en aspectos como la coherencia interna de la entidad, la calidad t\u00e9cnica del proyecto y su viabilidad. Se consideran gastos subvencionables los relativos a personal, los gastos de funcionamiento y administrativos, los gastos directamente relacionados con la actividad subvencionada y los tributos no locales, cuando la beneficiaria de la subvenci\u00f3n los abone directamente.<\/p>\n","protected":false},"excerpt":{"rendered":"<p>El 9 de mayo finaliza el plazo de presentaci\u00f3n de solicitudes, que se deber\u00e1 realizar de forma telem\u00e1tica a trav\u00e9s de la Sede Electr\u00f3nica municipal<\/p>\n","protected":false},"author":1,"featured_media":36074,"comment_status":"open","ping_status":"closed","sticky":false,"template":"","format":"standard","meta":{"footnotes":""},"categories":[2],"tags":[],"class_list":["post-40002","post","type-post","status-publish","format-standard","has-post-thumbnail","hentry","category-ayuntamiento-pamplona"],"yoast_head":"<!-- This site is optimized with the Yoast SEO plugin v27.5 - https:\/\/yoast.com\/product\/yoast-seo-wordpress\/ -->\n<title>El Ayuntamiento destinar\u00e1 340.000 a la convocatoria de subvenciones para proyectos de acci\u00f3n social en los \u00e1mbitos de la discapacidad, la dependencia y la inclusi\u00f3n<\/title>\n<meta name=\"description\" content=\"El 9 de mayo finaliza el plazo de presentaci\u00f3n de solicitudes, que se deber\u00e1 realizar de forma telem\u00e1tica a trav\u00e9s de la Sede Electr\u00f3nica municipal\" \/>\n<meta name=\"robots\" content=\"index, follow, max-snippet:-1, max-image-preview:large, max-video-preview:-1\" \/>\n<link rel=\"canonical\" href=\"https:\/\/www.laguiadepamplona.com\/actualidad\/el-ayuntamiento-destinara-340-000-a-la-convocatoria-de-subvenciones-para-proyectos-de-accion-social-en-los-ambitos-de-la-discapacidad-la-dependencia-y-la-inclusion\/\" \/>\n<meta property=\"og:locale\" content=\"es_ES\" \/>\n<meta property=\"og:type\" content=\"article\" \/>\n<meta property=\"og:title\" content=\"El Ayuntamiento destinar\u00e1 340.000 a la convocatoria de subvenciones para proyectos de acci\u00f3n social en los \u00e1mbitos de la discapacidad, la dependencia y la inclusi\u00f3n\" \/>\n<meta property=\"og:description\" content=\"El 9 de mayo finaliza el plazo de presentaci\u00f3n de solicitudes, que se deber\u00e1 realizar de forma telem\u00e1tica a trav\u00e9s de la Sede Electr\u00f3nica municipal\" \/>\n<meta property=\"og:url\" content=\"https:\/\/www.laguiadepamplona.com\/actualidad\/el-ayuntamiento-destinara-340-000-a-la-convocatoria-de-subvenciones-para-proyectos-de-accion-social-en-los-ambitos-de-la-discapacidad-la-dependencia-y-la-inclusion\/\" \/>\n<meta property=\"og:site_name\" content=\"La Gu\u00eda de Pamplona\" \/>\n<meta property=\"article:publisher\" content=\"https:\/\/www.facebook.com\/laguiadepamplonacom-133175176762273\/?ref=hl\" \/>\n<meta property=\"article:published_time\" content=\"2022-04-20T10:41:05+00:00\" \/>\n<meta property=\"article:modified_time\" content=\"2023-04-11T09:48:17+00:00\" \/>\n<meta property=\"og:image\" content=\"https:\/\/www.laguiadepamplona.com\/actualidad\/wp-content\/uploads\/2021\/08\/ayuntamiento-pamplona2.jpg\" \/>\n\t<meta property=\"og:image:width\" content=\"1920\" \/>\n\t<meta property=\"og:image:height\" content=\"1080\" \/>\n\t<meta property=\"og:image:type\" content=\"image\/jpeg\" \/>\n<meta name=\"author\" content=\"La Gu\u00eda de Pamplona\" \/>\n<meta name=\"twitter:card\" content=\"summary_large_image\" \/>\n<meta name=\"twitter:creator\" content=\"@LaGuiadPamplona\" \/>\n<meta name=\"twitter:site\" content=\"@LaGuiadPamplona\" \/>\n<meta name=\"twitter:label1\" content=\"Escrito por\" \/>\n\t<meta name=\"twitter:data1\" content=\"La Gu\u00eda de Pamplona\" \/>\n\t<meta name=\"twitter:label2\" content=\"Tiempo de lectura\" \/>\n\t<meta name=\"twitter:data2\" content=\"4 minutos\" \/>\n<script type=\"application\/ld+json\" class=\"yoast-schema-graph\">{\"@context\":\"https:\\\/\\\/schema.org\",\"@graph\":[{\"@type\":\"Article\",\"@id\":\"https:\\\/\\\/www.laguiadepamplona.com\\\/actualidad\\\/el-ayuntamiento-destinara-340-000-a-la-convocatoria-de-subvenciones-para-proyectos-de-accion-social-en-los-ambitos-de-la-discapacidad-la-dependencia-y-la-inclusion\\\/#article\",\"isPartOf\":{\"@id\":\"https:\\\/\\\/www.laguiadepamplona.com\\\/actualidad\\\/el-ayuntamiento-destinara-340-000-a-la-convocatoria-de-subvenciones-para-proyectos-de-accion-social-en-los-ambitos-de-la-discapacidad-la-dependencia-y-la-inclusion\\\/\"},\"author\":{\"name\":\"La Gu\u00eda de Pamplona\",\"@id\":\"https:\\\/\\\/www.laguiadepamplona.com\\\/actualidad\\\/#\\\/schema\\\/person\\\/efe887376f0213d4657c93adc50b1fdb\"},\"headline\":\"El Ayuntamiento destinar\u00e1 340.000 a la convocatoria de subvenciones para proyectos de acci\u00f3n social en los \u00e1mbitos de la discapacidad, la dependencia y la inclusi\u00f3n\",\"datePublished\":\"2022-04-20T10:41:05+00:00\",\"dateModified\":\"2023-04-11T09:48:17+00:00\",\"mainEntityOfPage\":{\"@id\":\"https:\\\/\\\/www.laguiadepamplona.com\\\/actualidad\\\/el-ayuntamiento-destinara-340-000-a-la-convocatoria-de-subvenciones-para-proyectos-de-accion-social-en-los-ambitos-de-la-discapacidad-la-dependencia-y-la-inclusion\\\/\"},\"wordCount\":816,\"commentCount\":0,\"publisher\":{\"@id\":\"https:\\\/\\\/www.laguiadepamplona.com\\\/actualidad\\\/#organization\"},\"image\":{\"@id\":\"https:\\\/\\\/www.laguiadepamplona.com\\\/actualidad\\\/el-ayuntamiento-destinara-340-000-a-la-convocatoria-de-subvenciones-para-proyectos-de-accion-social-en-los-ambitos-de-la-discapacidad-la-dependencia-y-la-inclusion\\\/#primaryimage\"},\"thumbnailUrl\":\"https:\\\/\\\/www.laguiadepamplona.com\\\/actualidad\\\/wp-content\\\/uploads\\\/2021\\\/08\\\/ayuntamiento-pamplona2.jpg\",\"articleSection\":[\"Ayto Pamplona\"],\"inLanguage\":\"es\",\"potentialAction\":[{\"@type\":\"CommentAction\",\"name\":\"Comment\",\"target\":[\"https:\\\/\\\/www.laguiadepamplona.com\\\/actualidad\\\/el-ayuntamiento-destinara-340-000-a-la-convocatoria-de-subvenciones-para-proyectos-de-accion-social-en-los-ambitos-de-la-discapacidad-la-dependencia-y-la-inclusion\\\/#respond\"]}]},{\"@type\":\"WebPage\",\"@id\":\"https:\\\/\\\/www.laguiadepamplona.com\\\/actualidad\\\/el-ayuntamiento-destinara-340-000-a-la-convocatoria-de-subvenciones-para-proyectos-de-accion-social-en-los-ambitos-de-la-discapacidad-la-dependencia-y-la-inclusion\\\/\",\"url\":\"https:\\\/\\\/www.laguiadepamplona.com\\\/actualidad\\\/el-ayuntamiento-destinara-340-000-a-la-convocatoria-de-subvenciones-para-proyectos-de-accion-social-en-los-ambitos-de-la-discapacidad-la-dependencia-y-la-inclusion\\\/\",\"name\":\"El Ayuntamiento destinar\u00e1 340.000 a la convocatoria de subvenciones para proyectos de acci\u00f3n social en los \u00e1mbitos de la discapacidad, la dependencia y la inclusi\u00f3n\",\"isPartOf\":{\"@id\":\"https:\\\/\\\/www.laguiadepamplona.com\\\/actualidad\\\/#website\"},\"primaryImageOfPage\":{\"@id\":\"https:\\\/\\\/www.laguiadepamplona.com\\\/actualidad\\\/el-ayuntamiento-destinara-340-000-a-la-convocatoria-de-subvenciones-para-proyectos-de-accion-social-en-los-ambitos-de-la-discapacidad-la-dependencia-y-la-inclusion\\\/#primaryimage\"},\"image\":{\"@id\":\"https:\\\/\\\/www.laguiadepamplona.com\\\/actualidad\\\/el-ayuntamiento-destinara-340-000-a-la-convocatoria-de-subvenciones-para-proyectos-de-accion-social-en-los-ambitos-de-la-discapacidad-la-dependencia-y-la-inclusion\\\/#primaryimage\"},\"thumbnailUrl\":\"https:\\\/\\\/www.laguiadepamplona.com\\\/actualidad\\\/wp-content\\\/uploads\\\/2021\\\/08\\\/ayuntamiento-pamplona2.jpg\",\"datePublished\":\"2022-04-20T10:41:05+00:00\",\"dateModified\":\"2023-04-11T09:48:17+00:00\",\"description\":\"El 9 de mayo finaliza el plazo de presentaci\u00f3n de solicitudes, que se deber\u00e1 realizar de forma telem\u00e1tica a trav\u00e9s de la Sede Electr\u00f3nica municipal\",\"breadcrumb\":{\"@id\":\"https:\\\/\\\/www.laguiadepamplona.com\\\/actualidad\\\/el-ayuntamiento-destinara-340-000-a-la-convocatoria-de-subvenciones-para-proyectos-de-accion-social-en-los-ambitos-de-la-discapacidad-la-dependencia-y-la-inclusion\\\/#breadcrumb\"},\"inLanguage\":\"es\",\"potentialAction\":[{\"@type\":\"ReadAction\",\"target\":[\"https:\\\/\\\/www.laguiadepamplona.com\\\/actualidad\\\/el-ayuntamiento-destinara-340-000-a-la-convocatoria-de-subvenciones-para-proyectos-de-accion-social-en-los-ambitos-de-la-discapacidad-la-dependencia-y-la-inclusion\\\/\"]}]},{\"@type\":\"ImageObject\",\"inLanguage\":\"es\",\"@id\":\"https:\\\/\\\/www.laguiadepamplona.com\\\/actualidad\\\/el-ayuntamiento-destinara-340-000-a-la-convocatoria-de-subvenciones-para-proyectos-de-accion-social-en-los-ambitos-de-la-discapacidad-la-dependencia-y-la-inclusion\\\/#primaryimage\",\"url\":\"https:\\\/\\\/www.laguiadepamplona.com\\\/actualidad\\\/wp-content\\\/uploads\\\/2021\\\/08\\\/ayuntamiento-pamplona2.jpg\",\"contentUrl\":\"https:\\\/\\\/www.laguiadepamplona.com\\\/actualidad\\\/wp-content\\\/uploads\\\/2021\\\/08\\\/ayuntamiento-pamplona2.jpg\",\"width\":1920,\"height\":1080,\"caption\":\"ayuntamiento pamplona\"},{\"@type\":\"BreadcrumbList\",\"@id\":\"https:\\\/\\\/www.laguiadepamplona.com\\\/actualidad\\\/el-ayuntamiento-destinara-340-000-a-la-convocatoria-de-subvenciones-para-proyectos-de-accion-social-en-los-ambitos-de-la-discapacidad-la-dependencia-y-la-inclusion\\\/#breadcrumb\",\"itemListElement\":[{\"@type\":\"ListItem\",\"position\":1,\"name\":\"Portada\",\"item\":\"https:\\\/\\\/www.laguiadepamplona.com\\\/actualidad\\\/\"},{\"@type\":\"ListItem\",\"position\":2,\"name\":\"El Ayuntamiento destinar\u00e1 340.000 a la convocatoria de subvenciones para proyectos de acci\u00f3n social en los \u00e1mbitos de la discapacidad, la dependencia y la inclusi\u00f3n\"}]},{\"@type\":\"WebSite\",\"@id\":\"https:\\\/\\\/www.laguiadepamplona.com\\\/actualidad\\\/#website\",\"url\":\"https:\\\/\\\/www.laguiadepamplona.com\\\/actualidad\\\/\",\"name\":\"La gu\u00eda de Pamplona\",\"description\":\"Noticias de Pamplona\",\"publisher\":{\"@id\":\"https:\\\/\\\/www.laguiadepamplona.com\\\/actualidad\\\/#organization\"},\"potentialAction\":[{\"@type\":\"SearchAction\",\"target\":{\"@type\":\"EntryPoint\",\"urlTemplate\":\"https:\\\/\\\/www.laguiadepamplona.com\\\/actualidad\\\/?s={search_term_string}\"},\"query-input\":{\"@type\":\"PropertyValueSpecification\",\"valueRequired\":true,\"valueName\":\"search_term_string\"}}],\"inLanguage\":\"es\"},{\"@type\":\"Organization\",\"@id\":\"https:\\\/\\\/www.laguiadepamplona.com\\\/actualidad\\\/#organization\",\"name\":\"La Gu\u00eda de Pamplona \\\/ Noticias\",\"url\":\"https:\\\/\\\/www.laguiadepamplona.com\\\/actualidad\\\/\",\"logo\":{\"@type\":\"ImageObject\",\"inLanguage\":\"es\",\"@id\":\"https:\\\/\\\/www.laguiadepamplona.com\\\/actualidad\\\/#\\\/schema\\\/logo\\\/image\\\/\",\"url\":\"https:\\\/\\\/www.laguiadepamplona.com\\\/actualidad\\\/wp-content\\\/uploads\\\/2018\\\/11\\\/logo-laguiadepamplona18-web1.png\",\"contentUrl\":\"https:\\\/\\\/www.laguiadepamplona.com\\\/actualidad\\\/wp-content\\\/uploads\\\/2018\\\/11\\\/logo-laguiadepamplona18-web1.png\",\"width\":600,\"height\":196,\"caption\":\"La Gu\u00eda de Pamplona \\\/ Noticias\"},\"image\":{\"@id\":\"https:\\\/\\\/www.laguiadepamplona.com\\\/actualidad\\\/#\\\/schema\\\/logo\\\/image\\\/\"},\"sameAs\":[\"https:\\\/\\\/www.facebook.com\\\/laguiadepamplonacom-133175176762273\\\/?ref=hl\",\"https:\\\/\\\/x.com\\\/LaGuiadPamplona\",\"https:\\\/\\\/www.instagram.com\\\/la_guia_de_pamplona\\\/\",\"https:\\\/\\\/www.youtube.com\\\/user\\\/laguiadepamplona\"]},{\"@type\":\"Person\",\"@id\":\"https:\\\/\\\/www.laguiadepamplona.com\\\/actualidad\\\/#\\\/schema\\\/person\\\/efe887376f0213d4657c93adc50b1fdb\",\"name\":\"La Gu\u00eda de Pamplona\",\"image\":{\"@type\":\"ImageObject\",\"inLanguage\":\"es\",\"@id\":\"https:\\\/\\\/secure.gravatar.com\\\/avatar\\\/b6992f131dc8d30ab0dff15446e9d346d9dbd95992de0fef795073f5ea83a81c?s=96&d=mm&r=g\",\"url\":\"https:\\\/\\\/secure.gravatar.com\\\/avatar\\\/b6992f131dc8d30ab0dff15446e9d346d9dbd95992de0fef795073f5ea83a81c?s=96&d=mm&r=g\",\"contentUrl\":\"https:\\\/\\\/secure.gravatar.com\\\/avatar\\\/b6992f131dc8d30ab0dff15446e9d346d9dbd95992de0fef795073f5ea83a81c?s=96&d=mm&r=g\",\"caption\":\"La Gu\u00eda de Pamplona\"}}]}<\/script>\n<!-- \/ Yoast SEO plugin. -->","yoast_head_json":{"title":"El Ayuntamiento destinar\u00e1 340.000 a la convocatoria de subvenciones para proyectos de acci\u00f3n social en los \u00e1mbitos de la discapacidad, la dependencia y la inclusi\u00f3n","description":"El 9 de mayo finaliza el plazo de presentaci\u00f3n de solicitudes, que se deber\u00e1 realizar de forma telem\u00e1tica a trav\u00e9s de la Sede Electr\u00f3nica municipal","robots":{"index":"index","follow":"follow","max-snippet":"max-snippet:-1","max-image-preview":"max-image-preview:large","max-video-preview":"max-video-preview:-1"},"canonical":"https:\/\/www.laguiadepamplona.com\/actualidad\/el-ayuntamiento-destinara-340-000-a-la-convocatoria-de-subvenciones-para-proyectos-de-accion-social-en-los-ambitos-de-la-discapacidad-la-dependencia-y-la-inclusion\/","og_locale":"es_ES","og_type":"article","og_title":"El Ayuntamiento destinar\u00e1 340.000 a la convocatoria de subvenciones para proyectos de acci\u00f3n social en los \u00e1mbitos de la discapacidad, la dependencia y la inclusi\u00f3n","og_description":"El 9 de mayo finaliza el plazo de presentaci\u00f3n de solicitudes, que se deber\u00e1 realizar de forma telem\u00e1tica a trav\u00e9s de la Sede Electr\u00f3nica municipal","og_url":"https:\/\/www.laguiadepamplona.com\/actualidad\/el-ayuntamiento-destinara-340-000-a-la-convocatoria-de-subvenciones-para-proyectos-de-accion-social-en-los-ambitos-de-la-discapacidad-la-dependencia-y-la-inclusion\/","og_site_name":"La Gu\u00eda de Pamplona","article_publisher":"https:\/\/www.facebook.com\/laguiadepamplonacom-133175176762273\/?ref=hl","article_published_time":"2022-04-20T10:41:05+00:00","article_modified_time":"2023-04-11T09:48:17+00:00","og_image":[{"width":1920,"height":1080,"url":"https:\/\/www.laguiadepamplona.com\/actualidad\/wp-content\/uploads\/2021\/08\/ayuntamiento-pamplona2.jpg","type":"image\/jpeg"}],"author":"La Gu\u00eda de Pamplona","twitter_card":"summary_large_image","twitter_creator":"@LaGuiadPamplona","twitter_site":"@LaGuiadPamplona","twitter_misc":{"Escrito por":"La Gu\u00eda de Pamplona","Tiempo de lectura":"4 minutos"},"schema":{"@context":"https:\/\/schema.org","@graph":[{"@type":"Article","@id":"https:\/\/www.laguiadepamplona.com\/actualidad\/el-ayuntamiento-destinara-340-000-a-la-convocatoria-de-subvenciones-para-proyectos-de-accion-social-en-los-ambitos-de-la-discapacidad-la-dependencia-y-la-inclusion\/#article","isPartOf":{"@id":"https:\/\/www.laguiadepamplona.com\/actualidad\/el-ayuntamiento-destinara-340-000-a-la-convocatoria-de-subvenciones-para-proyectos-de-accion-social-en-los-ambitos-de-la-discapacidad-la-dependencia-y-la-inclusion\/"},"author":{"name":"La Gu\u00eda de Pamplona","@id":"https:\/\/www.laguiadepamplona.com\/actualidad\/#\/schema\/person\/efe887376f0213d4657c93adc50b1fdb"},"headline":"El Ayuntamiento destinar\u00e1 340.000 a la convocatoria de subvenciones para proyectos de acci\u00f3n social en los \u00e1mbitos de la discapacidad, la dependencia y la inclusi\u00f3n","datePublished":"2022-04-20T10:41:05+00:00","dateModified":"2023-04-11T09:48:17+00:00","mainEntityOfPage":{"@id":"https:\/\/www.laguiadepamplona.com\/actualidad\/el-ayuntamiento-destinara-340-000-a-la-convocatoria-de-subvenciones-para-proyectos-de-accion-social-en-los-ambitos-de-la-discapacidad-la-dependencia-y-la-inclusion\/"},"wordCount":816,"commentCount":0,"publisher":{"@id":"https:\/\/www.laguiadepamplona.com\/actualidad\/#organization"},"image":{"@id":"https:\/\/www.laguiadepamplona.com\/actualidad\/el-ayuntamiento-destinara-340-000-a-la-convocatoria-de-subvenciones-para-proyectos-de-accion-social-en-los-ambitos-de-la-discapacidad-la-dependencia-y-la-inclusion\/#primaryimage"},"thumbnailUrl":"https:\/\/www.laguiadepamplona.com\/actualidad\/wp-content\/uploads\/2021\/08\/ayuntamiento-pamplona2.jpg","articleSection":["Ayto Pamplona"],"inLanguage":"es","potentialAction":[{"@type":"CommentAction","name":"Comment","target":["https:\/\/www.laguiadepamplona.com\/actualidad\/el-ayuntamiento-destinara-340-000-a-la-convocatoria-de-subvenciones-para-proyectos-de-accion-social-en-los-ambitos-de-la-discapacidad-la-dependencia-y-la-inclusion\/#respond"]}]},{"@type":"WebPage","@id":"https:\/\/www.laguiadepamplona.com\/actualidad\/el-ayuntamiento-destinara-340-000-a-la-convocatoria-de-subvenciones-para-proyectos-de-accion-social-en-los-ambitos-de-la-discapacidad-la-dependencia-y-la-inclusion\/","url":"https:\/\/www.laguiadepamplona.com\/actualidad\/el-ayuntamiento-destinara-340-000-a-la-convocatoria-de-subvenciones-para-proyectos-de-accion-social-en-los-ambitos-de-la-discapacidad-la-dependencia-y-la-inclusion\/","name":"El Ayuntamiento destinar\u00e1 340.000 a la convocatoria de subvenciones para proyectos de acci\u00f3n social en los \u00e1mbitos de la discapacidad, la dependencia y la inclusi\u00f3n","isPartOf":{"@id":"https:\/\/www.laguiadepamplona.com\/actualidad\/#website"},"primaryImageOfPage":{"@id":"https:\/\/www.laguiadepamplona.com\/actualidad\/el-ayuntamiento-destinara-340-000-a-la-convocatoria-de-subvenciones-para-proyectos-de-accion-social-en-los-ambitos-de-la-discapacidad-la-dependencia-y-la-inclusion\/#primaryimage"},"image":{"@id":"https:\/\/www.laguiadepamplona.com\/actualidad\/el-ayuntamiento-destinara-340-000-a-la-convocatoria-de-subvenciones-para-proyectos-de-accion-social-en-los-ambitos-de-la-discapacidad-la-dependencia-y-la-inclusion\/#primaryimage"},"thumbnailUrl":"https:\/\/www.laguiadepamplona.com\/actualidad\/wp-content\/uploads\/2021\/08\/ayuntamiento-pamplona2.jpg","datePublished":"2022-04-20T10:41:05+00:00","dateModified":"2023-04-11T09:48:17+00:00","description":"El 9 de mayo finaliza el plazo de presentaci\u00f3n de solicitudes, que se deber\u00e1 realizar de forma telem\u00e1tica a trav\u00e9s de la Sede Electr\u00f3nica municipal","breadcrumb":{"@id":"https:\/\/www.laguiadepamplona.com\/actualidad\/el-ayuntamiento-destinara-340-000-a-la-convocatoria-de-subvenciones-para-proyectos-de-accion-social-en-los-ambitos-de-la-discapacidad-la-dependencia-y-la-inclusion\/#breadcrumb"},"inLanguage":"es","potentialAction":[{"@type":"ReadAction","target":["https:\/\/www.laguiadepamplona.com\/actualidad\/el-ayuntamiento-destinara-340-000-a-la-convocatoria-de-subvenciones-para-proyectos-de-accion-social-en-los-ambitos-de-la-discapacidad-la-dependencia-y-la-inclusion\/"]}]},{"@type":"ImageObject","inLanguage":"es","@id":"https:\/\/www.laguiadepamplona.com\/actualidad\/el-ayuntamiento-destinara-340-000-a-la-convocatoria-de-subvenciones-para-proyectos-de-accion-social-en-los-ambitos-de-la-discapacidad-la-dependencia-y-la-inclusion\/#primaryimage","url":"https:\/\/www.laguiadepamplona.com\/actualidad\/wp-content\/uploads\/2021\/08\/ayuntamiento-pamplona2.jpg","contentUrl":"https:\/\/www.laguiadepamplona.com\/actualidad\/wp-content\/uploads\/2021\/08\/ayuntamiento-pamplona2.jpg","width":1920,"height":1080,"caption":"ayuntamiento pamplona"},{"@type":"BreadcrumbList","@id":"https:\/\/www.laguiadepamplona.com\/actualidad\/el-ayuntamiento-destinara-340-000-a-la-convocatoria-de-subvenciones-para-proyectos-de-accion-social-en-los-ambitos-de-la-discapacidad-la-dependencia-y-la-inclusion\/#breadcrumb","itemListElement":[{"@type":"ListItem","position":1,"name":"Portada","item":"https:\/\/www.laguiadepamplona.com\/actualidad\/"},{"@type":"ListItem","position":2,"name":"El Ayuntamiento destinar\u00e1 340.000 a la convocatoria de subvenciones para proyectos de acci\u00f3n social en los \u00e1mbitos de la discapacidad, la dependencia y la inclusi\u00f3n"}]},{"@type":"WebSite","@id":"https:\/\/www.laguiadepamplona.com\/actualidad\/#website","url":"https:\/\/www.laguiadepamplona.com\/actualidad\/","name":"La gu\u00eda de Pamplona","description":"Noticias de Pamplona","publisher":{"@id":"https:\/\/www.laguiadepamplona.com\/actualidad\/#organization"},"potentialAction":[{"@type":"SearchAction","target":{"@type":"EntryPoint","urlTemplate":"https:\/\/www.laguiadepamplona.com\/actualidad\/?s={search_term_string}"},"query-input":{"@type":"PropertyValueSpecification","valueRequired":true,"valueName":"search_term_string"}}],"inLanguage":"es"},{"@type":"Organization","@id":"https:\/\/www.laguiadepamplona.com\/actualidad\/#organization","name":"La Gu\u00eda de Pamplona \/ Noticias","url":"https:\/\/www.laguiadepamplona.com\/actualidad\/","logo":{"@type":"ImageObject","inLanguage":"es","@id":"https:\/\/www.laguiadepamplona.com\/actualidad\/#\/schema\/logo\/image\/","url":"https:\/\/www.laguiadepamplona.com\/actualidad\/wp-content\/uploads\/2018\/11\/logo-laguiadepamplona18-web1.png","contentUrl":"https:\/\/www.laguiadepamplona.com\/actualidad\/wp-content\/uploads\/2018\/11\/logo-laguiadepamplona18-web1.png","width":600,"height":196,"caption":"La Gu\u00eda de Pamplona \/ Noticias"},"image":{"@id":"https:\/\/www.laguiadepamplona.com\/actualidad\/#\/schema\/logo\/image\/"},"sameAs":["https:\/\/www.facebook.com\/laguiadepamplonacom-133175176762273\/?ref=hl","https:\/\/x.com\/LaGuiadPamplona","https:\/\/www.instagram.com\/la_guia_de_pamplona\/","https:\/\/www.youtube.com\/user\/laguiadepamplona"]},{"@type":"Person","@id":"https:\/\/www.laguiadepamplona.com\/actualidad\/#\/schema\/person\/efe887376f0213d4657c93adc50b1fdb","name":"La Gu\u00eda de Pamplona","image":{"@type":"ImageObject","inLanguage":"es","@id":"https:\/\/secure.gravatar.com\/avatar\/b6992f131dc8d30ab0dff15446e9d346d9dbd95992de0fef795073f5ea83a81c?s=96&d=mm&r=g","url":"https:\/\/secure.gravatar.com\/avatar\/b6992f131dc8d30ab0dff15446e9d346d9dbd95992de0fef795073f5ea83a81c?s=96&d=mm&r=g","contentUrl":"https:\/\/secure.gravatar.com\/avatar\/b6992f131dc8d30ab0dff15446e9d346d9dbd95992de0fef795073f5ea83a81c?s=96&d=mm&r=g","caption":"La Gu\u00eda de Pamplona"}}]}},"post_mailing_queue_ids":[],"_links":{"self":[{"href":"https:\/\/www.laguiadepamplona.com\/actualidad\/wp-json\/wp\/v2\/posts\/40002","targetHints":{"allow":["GET"]}}],"collection":[{"href":"https:\/\/www.laguiadepamplona.com\/actualidad\/wp-json\/wp\/v2\/posts"}],"about":[{"href":"https:\/\/www.laguiadepamplona.com\/actualidad\/wp-json\/wp\/v2\/types\/post"}],"author":[{"embeddable":true,"href":"https:\/\/www.laguiadepamplona.com\/actualidad\/wp-json\/wp\/v2\/users\/1"}],"replies":[{"embeddable":true,"href":"https:\/\/www.laguiadepamplona.com\/actualidad\/wp-json\/wp\/v2\/comments?post=40002"}],"version-history":[{"count":0,"href":"https:\/\/www.laguiadepamplona.com\/actualidad\/wp-json\/wp\/v2\/posts\/40002\/revisions"}],"wp:featuredmedia":[{"embeddable":true,"href":"https:\/\/www.laguiadepamplona.com\/actualidad\/wp-json\/wp\/v2\/media\/36074"}],"wp:attachment":[{"href":"https:\/\/www.laguiadepamplona.com\/actualidad\/wp-json\/wp\/v2\/media?parent=40002"}],"wp:term":[{"taxonomy":"category","embeddable":true,"href":"https:\/\/www.laguiadepamplona.com\/actualidad\/wp-json\/wp\/v2\/categories?post=40002"},{"taxonomy":"post_tag","embeddable":true,"href":"https:\/\/www.laguiadepamplona.com\/actualidad\/wp-json\/wp\/v2\/tags?post=40002"}],"curies":[{"name":"wp","href":"https:\/\/api.w.org\/{rel}","templated":true}]}}