{"id":39992,"date":"2022-04-19T12:14:23","date_gmt":"2022-04-19T10:14:23","guid":{"rendered":"https:\/\/www.laguiadepamplona.com\/actualidad\/?p=39992"},"modified":"2023-04-11T11:48:18","modified_gmt":"2023-04-11T09:48:18","slug":"el-programa-municipal-jueves-y-viernes-ociosos-propone-16-planes-matinales-para-mayores-de-65-anos-durante-los-meses-de-mayo-y-junio","status":"publish","type":"post","link":"https:\/\/www.laguiadepamplona.com\/actualidad\/el-programa-municipal-jueves-y-viernes-ociosos-propone-16-planes-matinales-para-mayores-de-65-anos-durante-los-meses-de-mayo-y-junio\/","title":{"rendered":"El programa municipal Jueves y Viernes Ociosos propone 16 planes matinales para mayores de 65 a\u00f1os durante los meses de mayo y junio"},"content":{"rendered":"<h5>Ma\u00f1ana mi\u00e9rcoles comienzan las inscripciones a trav\u00e9s del 010, por orden de llamada y con un precio de 2,5 euros<\/h5>\n<p><!--more--><\/p>\n<p>El Ayuntamiento de Pamplona vuelve a programar actividades de los Jueves y Viernes Ociosos durante los meses de mayo y junio, dirigidas a personas mayores de 65 a\u00f1os. Ma\u00f1ana mi\u00e9rcoles se inician las inscripciones para las 16 propuestas de los dos pr\u00f3ximos meses. Las personas interesadas se pueden apuntar a trav\u00e9s del tel\u00e9fono 010 \u2013 948 420 100 y las actividades tienen un precio de 2,5 euros cada una. Las inscripciones se realizar\u00e1n por orden de llamada.<br \/>\n<script async src=\"\/\/pagead2.googlesyndication.com\/pagead\/js\/adsbygoogle.js\"><\/script><br \/>\n<!-- Noticias La Guia de Pamplona --><br \/>\n<ins class=\"adsbygoogle\"\nstyle=\"display:block\"\ndata-ad-client=\"ca-pub-6943679897239327\"\ndata-ad-slot=\"7048180777\"\ndata-ad-format=\"auto\"><\/ins><br \/>\n<script>\n(adsbygoogle = window.adsbygoogle || []).push({});\n<\/script><\/p>\n<p>Al igual que en estos dos pasados meses, el Ayuntamiento de Pamplona est\u00e1 diversificando los lugares de celebraci\u00f3n de las actividades programadas para acercarse as\u00ed a los diferentes barrios de la ciudad. El Centro Comunitario Carbonilla y el Centro Comunitario Ermitaga\u00f1a se unir\u00e1n a Plazara como sedes de alguna de las citas de los Jueves y Viernes Ociosos. Las actividades se llevar\u00e1n a cabo en horario de ma\u00f1ana, los jueves de 11.30 a 13 horas y los viernes de 10 a 11.30 horas.<\/p>\n<p>Son actividades de envejecimiento activo que estimulan la realizaci\u00f3n de actividad f\u00edsica y que, a su vez, sirven de encuentro y forma de relacionarse. En mayo se han organizado talleres de risoterapia, manualidades, baile o memoria; sesiones de cine de suspense, ejercicio f\u00edsico o estimulaci\u00f3n de la memoria; y un paseo por la historia de la ciudad. En junio, misma din\u00e1mica, con talleres de musicoterapia, manualidades, de relajaci\u00f3n y respiraci\u00f3n, de c\u00f3mo utilizar el m\u00f3vil o nociones sobre el uso de tablets.<br \/>\n<script async src=\"\/\/pagead2.googlesyndication.com\/pagead\/js\/adsbygoogle.js\"><\/script><br \/>\n<!-- Noticias La Guia de Pamplona --><br \/>\n<ins class=\"adsbygoogle\"\nstyle=\"display:block\"\ndata-ad-client=\"ca-pub-6943679897239327\"\ndata-ad-slot=\"7048180777\"\ndata-ad-format=\"auto\"><\/ins><br \/>\n<script>\n(adsbygoogle = window.adsbygoogle || []).push({});\n<\/script><\/p>\n<p>&nbsp;<\/p>\n<h3>Jueves y Viernes Ociosos. Mayo y junio<\/h3>\n<ul>\n<li>JUEVES 5 DE MAYO. Taller de baile. Plazara!<\/li>\n<li>VIERNES 6 DE MAYO. Viernes de cine, cine de suspense&#8230; Plazara!<\/li>\n<li>JUEVES 12 DE MAYO. Taller de manualidades, ramos de flores. Plazara!<\/li>\n<li>VIERNES 13 DE MAYO. Taller de risoterapia. Plazara!<\/li>\n<li>JUEVES 19 DE MAYO. Taller de memoria en movimiento. Plazara!<\/li>\n<li>VIERNES 20 DE MAYO. Juegos de estimulaci\u00f3n de la memoria. Plazara!<\/li>\n<li>JUEVES 26 DE MAYO. Jueves de ejercicio f\u00edsico. Centro comunitario Carbonilla<\/li>\n<li>VIERNES 27 DE MAYO. Viernes de paseo, ruta por la historia de la ciudad. Plazara!<\/li>\n<li>JUEVES 2 DE JUNIO. Taller de memoria en movimiento. Plazara!<\/li>\n<li>VIERNES 3 DE JUNIO. Taller de musicoterapia. Plazara!<\/li>\n<li>JUEVES 9 DE JUNIO. Taller de manualidades, flores y abalorios. Plazara!<\/li>\n<li>VIERNES 10 DE JUNIO. Taller aprende a manejar tu m\u00f3vil: s\u00e1cale partido. Plazara!<\/li>\n<li>JUEVES 16 DE JUNIO. Jueves de Tablet: peque\u00f1as nociones. Plazara!<\/li>\n<li>VIERNES 17 DE JUNIO. Juegos de estimulaci\u00f3n de la memoria. Plazara!<\/li>\n<li>JUEVES 23 DE JUNIO. Taller de musicoterapia. Plazara!<\/li>\n<li>VIERNES 24 DE JUNIO. Viernes de relajaci\u00f3n y respiraci\u00f3n. Centro comunitario Ermitaga\u00f1a<\/li>\n<\/ul>\n","protected":false},"excerpt":{"rendered":"<p>Ma\u00f1ana mi\u00e9rcoles comienzan las inscripciones a trav\u00e9s del 010, por orden de llamada y con un precio de 2,5 euros<\/p>\n","protected":false},"author":1,"featured_media":39993,"comment_status":"open","ping_status":"closed","sticky":false,"template":"","format":"standard","meta":{"footnotes":""},"categories":[2],"tags":[],"class_list":["post-39992","post","type-post","status-publish","format-standard","has-post-thumbnail","hentry","category-ayuntamiento-pamplona"],"yoast_head":"<!-- This site is optimized with the Yoast SEO plugin v27.5 - https:\/\/yoast.com\/product\/yoast-seo-wordpress\/ -->\n<title>El programa municipal Jueves y Viernes Ociosos propone 16 planes matinales para mayores de 65 a\u00f1os durante los meses de mayo y junio<\/title>\n<meta name=\"description\" content=\"Ma\u00f1ana mi\u00e9rcoles comienzan las inscripciones a trav\u00e9s del 010, por orden de llamada y con un precio de 2,5 euros\" \/>\n<meta name=\"robots\" content=\"index, follow, max-snippet:-1, max-image-preview:large, max-video-preview:-1\" \/>\n<link rel=\"canonical\" href=\"https:\/\/www.laguiadepamplona.com\/actualidad\/el-programa-municipal-jueves-y-viernes-ociosos-propone-16-planes-matinales-para-mayores-de-65-anos-durante-los-meses-de-mayo-y-junio\/\" \/>\n<meta property=\"og:locale\" content=\"es_ES\" \/>\n<meta property=\"og:type\" content=\"article\" \/>\n<meta property=\"og:title\" content=\"El programa municipal Jueves y Viernes Ociosos propone 16 planes matinales para mayores de 65 a\u00f1os durante los meses de mayo y junio\" \/>\n<meta property=\"og:description\" content=\"Ma\u00f1ana mi\u00e9rcoles comienzan las inscripciones a trav\u00e9s del 010, por orden de llamada y con un precio de 2,5 euros\" \/>\n<meta property=\"og:url\" content=\"https:\/\/www.laguiadepamplona.com\/actualidad\/el-programa-municipal-jueves-y-viernes-ociosos-propone-16-planes-matinales-para-mayores-de-65-anos-durante-los-meses-de-mayo-y-junio\/\" \/>\n<meta property=\"og:site_name\" content=\"La Gu\u00eda de Pamplona\" \/>\n<meta property=\"article:publisher\" content=\"https:\/\/www.facebook.com\/laguiadepamplonacom-133175176762273\/?ref=hl\" \/>\n<meta property=\"article:published_time\" content=\"2022-04-19T10:14:23+00:00\" \/>\n<meta property=\"article:modified_time\" content=\"2023-04-11T09:48:18+00:00\" \/>\n<meta property=\"og:image\" content=\"https:\/\/www.laguiadepamplona.com\/actualidad\/wp-content\/uploads\/2022\/04\/220419cartelesjuevesviernesociosos-3.jpg\" \/>\n\t<meta property=\"og:image:width\" content=\"1920\" \/>\n\t<meta property=\"og:image:height\" content=\"1322\" \/>\n\t<meta property=\"og:image:type\" content=\"image\/jpeg\" \/>\n<meta name=\"author\" content=\"La Gu\u00eda de Pamplona\" \/>\n<meta name=\"twitter:card\" content=\"summary_large_image\" \/>\n<meta name=\"twitter:creator\" content=\"@LaGuiadPamplona\" \/>\n<meta name=\"twitter:site\" content=\"@LaGuiadPamplona\" \/>\n<meta name=\"twitter:label1\" content=\"Escrito por\" \/>\n\t<meta name=\"twitter:data1\" content=\"La Gu\u00eda de Pamplona\" \/>\n\t<meta name=\"twitter:label2\" content=\"Tiempo de lectura\" \/>\n\t<meta name=\"twitter:data2\" content=\"2 minutos\" \/>\n<script type=\"application\/ld+json\" class=\"yoast-schema-graph\">{\"@context\":\"https:\\\/\\\/schema.org\",\"@graph\":[{\"@type\":\"Article\",\"@id\":\"https:\\\/\\\/www.laguiadepamplona.com\\\/actualidad\\\/el-programa-municipal-jueves-y-viernes-ociosos-propone-16-planes-matinales-para-mayores-de-65-anos-durante-los-meses-de-mayo-y-junio\\\/#article\",\"isPartOf\":{\"@id\":\"https:\\\/\\\/www.laguiadepamplona.com\\\/actualidad\\\/el-programa-municipal-jueves-y-viernes-ociosos-propone-16-planes-matinales-para-mayores-de-65-anos-durante-los-meses-de-mayo-y-junio\\\/\"},\"author\":{\"name\":\"La Gu\u00eda de Pamplona\",\"@id\":\"https:\\\/\\\/www.laguiadepamplona.com\\\/actualidad\\\/#\\\/schema\\\/person\\\/efe887376f0213d4657c93adc50b1fdb\"},\"headline\":\"El programa municipal Jueves y Viernes Ociosos propone 16 planes matinales para mayores de 65 a\u00f1os durante los meses de mayo y junio\",\"datePublished\":\"2022-04-19T10:14:23+00:00\",\"dateModified\":\"2023-04-11T09:48:18+00:00\",\"mainEntityOfPage\":{\"@id\":\"https:\\\/\\\/www.laguiadepamplona.com\\\/actualidad\\\/el-programa-municipal-jueves-y-viernes-ociosos-propone-16-planes-matinales-para-mayores-de-65-anos-durante-los-meses-de-mayo-y-junio\\\/\"},\"wordCount\":463,\"commentCount\":0,\"publisher\":{\"@id\":\"https:\\\/\\\/www.laguiadepamplona.com\\\/actualidad\\\/#organization\"},\"image\":{\"@id\":\"https:\\\/\\\/www.laguiadepamplona.com\\\/actualidad\\\/el-programa-municipal-jueves-y-viernes-ociosos-propone-16-planes-matinales-para-mayores-de-65-anos-durante-los-meses-de-mayo-y-junio\\\/#primaryimage\"},\"thumbnailUrl\":\"https:\\\/\\\/www.laguiadepamplona.com\\\/actualidad\\\/wp-content\\\/uploads\\\/2022\\\/04\\\/220419cartelesjuevesviernesociosos-3.jpg\",\"articleSection\":[\"Ayto Pamplona\"],\"inLanguage\":\"es\",\"potentialAction\":[{\"@type\":\"CommentAction\",\"name\":\"Comment\",\"target\":[\"https:\\\/\\\/www.laguiadepamplona.com\\\/actualidad\\\/el-programa-municipal-jueves-y-viernes-ociosos-propone-16-planes-matinales-para-mayores-de-65-anos-durante-los-meses-de-mayo-y-junio\\\/#respond\"]}]},{\"@type\":\"WebPage\",\"@id\":\"https:\\\/\\\/www.laguiadepamplona.com\\\/actualidad\\\/el-programa-municipal-jueves-y-viernes-ociosos-propone-16-planes-matinales-para-mayores-de-65-anos-durante-los-meses-de-mayo-y-junio\\\/\",\"url\":\"https:\\\/\\\/www.laguiadepamplona.com\\\/actualidad\\\/el-programa-municipal-jueves-y-viernes-ociosos-propone-16-planes-matinales-para-mayores-de-65-anos-durante-los-meses-de-mayo-y-junio\\\/\",\"name\":\"El programa municipal Jueves y Viernes Ociosos propone 16 planes matinales para mayores de 65 a\u00f1os durante los meses de mayo y junio\",\"isPartOf\":{\"@id\":\"https:\\\/\\\/www.laguiadepamplona.com\\\/actualidad\\\/#website\"},\"primaryImageOfPage\":{\"@id\":\"https:\\\/\\\/www.laguiadepamplona.com\\\/actualidad\\\/el-programa-municipal-jueves-y-viernes-ociosos-propone-16-planes-matinales-para-mayores-de-65-anos-durante-los-meses-de-mayo-y-junio\\\/#primaryimage\"},\"image\":{\"@id\":\"https:\\\/\\\/www.laguiadepamplona.com\\\/actualidad\\\/el-programa-municipal-jueves-y-viernes-ociosos-propone-16-planes-matinales-para-mayores-de-65-anos-durante-los-meses-de-mayo-y-junio\\\/#primaryimage\"},\"thumbnailUrl\":\"https:\\\/\\\/www.laguiadepamplona.com\\\/actualidad\\\/wp-content\\\/uploads\\\/2022\\\/04\\\/220419cartelesjuevesviernesociosos-3.jpg\",\"datePublished\":\"2022-04-19T10:14:23+00:00\",\"dateModified\":\"2023-04-11T09:48:18+00:00\",\"description\":\"Ma\u00f1ana mi\u00e9rcoles comienzan las inscripciones a trav\u00e9s del 010, por orden de llamada y con un precio de 2,5 euros\",\"breadcrumb\":{\"@id\":\"https:\\\/\\\/www.laguiadepamplona.com\\\/actualidad\\\/el-programa-municipal-jueves-y-viernes-ociosos-propone-16-planes-matinales-para-mayores-de-65-anos-durante-los-meses-de-mayo-y-junio\\\/#breadcrumb\"},\"inLanguage\":\"es\",\"potentialAction\":[{\"@type\":\"ReadAction\",\"target\":[\"https:\\\/\\\/www.laguiadepamplona.com\\\/actualidad\\\/el-programa-municipal-jueves-y-viernes-ociosos-propone-16-planes-matinales-para-mayores-de-65-anos-durante-los-meses-de-mayo-y-junio\\\/\"]}]},{\"@type\":\"ImageObject\",\"inLanguage\":\"es\",\"@id\":\"https:\\\/\\\/www.laguiadepamplona.com\\\/actualidad\\\/el-programa-municipal-jueves-y-viernes-ociosos-propone-16-planes-matinales-para-mayores-de-65-anos-durante-los-meses-de-mayo-y-junio\\\/#primaryimage\",\"url\":\"https:\\\/\\\/www.laguiadepamplona.com\\\/actualidad\\\/wp-content\\\/uploads\\\/2022\\\/04\\\/220419cartelesjuevesviernesociosos-3.jpg\",\"contentUrl\":\"https:\\\/\\\/www.laguiadepamplona.com\\\/actualidad\\\/wp-content\\\/uploads\\\/2022\\\/04\\\/220419cartelesjuevesviernesociosos-3.jpg\",\"width\":1920,\"height\":1322},{\"@type\":\"BreadcrumbList\",\"@id\":\"https:\\\/\\\/www.laguiadepamplona.com\\\/actualidad\\\/el-programa-municipal-jueves-y-viernes-ociosos-propone-16-planes-matinales-para-mayores-de-65-anos-durante-los-meses-de-mayo-y-junio\\\/#breadcrumb\",\"itemListElement\":[{\"@type\":\"ListItem\",\"position\":1,\"name\":\"Portada\",\"item\":\"https:\\\/\\\/www.laguiadepamplona.com\\\/actualidad\\\/\"},{\"@type\":\"ListItem\",\"position\":2,\"name\":\"El programa municipal Jueves y Viernes Ociosos propone 16 planes matinales para mayores de 65 a\u00f1os durante los meses de mayo y junio\"}]},{\"@type\":\"WebSite\",\"@id\":\"https:\\\/\\\/www.laguiadepamplona.com\\\/actualidad\\\/#website\",\"url\":\"https:\\\/\\\/www.laguiadepamplona.com\\\/actualidad\\\/\",\"name\":\"La gu\u00eda de Pamplona\",\"description\":\"Noticias de Pamplona\",\"publisher\":{\"@id\":\"https:\\\/\\\/www.laguiadepamplona.com\\\/actualidad\\\/#organization\"},\"potentialAction\":[{\"@type\":\"SearchAction\",\"target\":{\"@type\":\"EntryPoint\",\"urlTemplate\":\"https:\\\/\\\/www.laguiadepamplona.com\\\/actualidad\\\/?s={search_term_string}\"},\"query-input\":{\"@type\":\"PropertyValueSpecification\",\"valueRequired\":true,\"valueName\":\"search_term_string\"}}],\"inLanguage\":\"es\"},{\"@type\":\"Organization\",\"@id\":\"https:\\\/\\\/www.laguiadepamplona.com\\\/actualidad\\\/#organization\",\"name\":\"La Gu\u00eda de Pamplona \\\/ Noticias\",\"url\":\"https:\\\/\\\/www.laguiadepamplona.com\\\/actualidad\\\/\",\"logo\":{\"@type\":\"ImageObject\",\"inLanguage\":\"es\",\"@id\":\"https:\\\/\\\/www.laguiadepamplona.com\\\/actualidad\\\/#\\\/schema\\\/logo\\\/image\\\/\",\"url\":\"https:\\\/\\\/www.laguiadepamplona.com\\\/actualidad\\\/wp-content\\\/uploads\\\/2018\\\/11\\\/logo-laguiadepamplona18-web1.png\",\"contentUrl\":\"https:\\\/\\\/www.laguiadepamplona.com\\\/actualidad\\\/wp-content\\\/uploads\\\/2018\\\/11\\\/logo-laguiadepamplona18-web1.png\",\"width\":600,\"height\":196,\"caption\":\"La Gu\u00eda de Pamplona \\\/ Noticias\"},\"image\":{\"@id\":\"https:\\\/\\\/www.laguiadepamplona.com\\\/actualidad\\\/#\\\/schema\\\/logo\\\/image\\\/\"},\"sameAs\":[\"https:\\\/\\\/www.facebook.com\\\/laguiadepamplonacom-133175176762273\\\/?ref=hl\",\"https:\\\/\\\/x.com\\\/LaGuiadPamplona\",\"https:\\\/\\\/www.instagram.com\\\/la_guia_de_pamplona\\\/\",\"https:\\\/\\\/www.youtube.com\\\/user\\\/laguiadepamplona\"]},{\"@type\":\"Person\",\"@id\":\"https:\\\/\\\/www.laguiadepamplona.com\\\/actualidad\\\/#\\\/schema\\\/person\\\/efe887376f0213d4657c93adc50b1fdb\",\"name\":\"La Gu\u00eda de Pamplona\",\"image\":{\"@type\":\"ImageObject\",\"inLanguage\":\"es\",\"@id\":\"https:\\\/\\\/secure.gravatar.com\\\/avatar\\\/b6992f131dc8d30ab0dff15446e9d346d9dbd95992de0fef795073f5ea83a81c?s=96&d=mm&r=g\",\"url\":\"https:\\\/\\\/secure.gravatar.com\\\/avatar\\\/b6992f131dc8d30ab0dff15446e9d346d9dbd95992de0fef795073f5ea83a81c?s=96&d=mm&r=g\",\"contentUrl\":\"https:\\\/\\\/secure.gravatar.com\\\/avatar\\\/b6992f131dc8d30ab0dff15446e9d346d9dbd95992de0fef795073f5ea83a81c?s=96&d=mm&r=g\",\"caption\":\"La Gu\u00eda de Pamplona\"}}]}<\/script>\n<!-- \/ Yoast SEO plugin. -->","yoast_head_json":{"title":"El programa municipal Jueves y Viernes Ociosos propone 16 planes matinales para mayores de 65 a\u00f1os durante los meses de mayo y junio","description":"Ma\u00f1ana mi\u00e9rcoles comienzan las inscripciones a trav\u00e9s del 010, por orden de llamada y con un precio de 2,5 euros","robots":{"index":"index","follow":"follow","max-snippet":"max-snippet:-1","max-image-preview":"max-image-preview:large","max-video-preview":"max-video-preview:-1"},"canonical":"https:\/\/www.laguiadepamplona.com\/actualidad\/el-programa-municipal-jueves-y-viernes-ociosos-propone-16-planes-matinales-para-mayores-de-65-anos-durante-los-meses-de-mayo-y-junio\/","og_locale":"es_ES","og_type":"article","og_title":"El programa municipal Jueves y Viernes Ociosos propone 16 planes matinales para mayores de 65 a\u00f1os durante los meses de mayo y junio","og_description":"Ma\u00f1ana mi\u00e9rcoles comienzan las inscripciones a trav\u00e9s del 010, por orden de llamada y con un precio de 2,5 euros","og_url":"https:\/\/www.laguiadepamplona.com\/actualidad\/el-programa-municipal-jueves-y-viernes-ociosos-propone-16-planes-matinales-para-mayores-de-65-anos-durante-los-meses-de-mayo-y-junio\/","og_site_name":"La Gu\u00eda de Pamplona","article_publisher":"https:\/\/www.facebook.com\/laguiadepamplonacom-133175176762273\/?ref=hl","article_published_time":"2022-04-19T10:14:23+00:00","article_modified_time":"2023-04-11T09:48:18+00:00","og_image":[{"width":1920,"height":1322,"url":"https:\/\/www.laguiadepamplona.com\/actualidad\/wp-content\/uploads\/2022\/04\/220419cartelesjuevesviernesociosos-3.jpg","type":"image\/jpeg"}],"author":"La Gu\u00eda de Pamplona","twitter_card":"summary_large_image","twitter_creator":"@LaGuiadPamplona","twitter_site":"@LaGuiadPamplona","twitter_misc":{"Escrito por":"La Gu\u00eda de Pamplona","Tiempo de lectura":"2 minutos"},"schema":{"@context":"https:\/\/schema.org","@graph":[{"@type":"Article","@id":"https:\/\/www.laguiadepamplona.com\/actualidad\/el-programa-municipal-jueves-y-viernes-ociosos-propone-16-planes-matinales-para-mayores-de-65-anos-durante-los-meses-de-mayo-y-junio\/#article","isPartOf":{"@id":"https:\/\/www.laguiadepamplona.com\/actualidad\/el-programa-municipal-jueves-y-viernes-ociosos-propone-16-planes-matinales-para-mayores-de-65-anos-durante-los-meses-de-mayo-y-junio\/"},"author":{"name":"La Gu\u00eda de Pamplona","@id":"https:\/\/www.laguiadepamplona.com\/actualidad\/#\/schema\/person\/efe887376f0213d4657c93adc50b1fdb"},"headline":"El programa municipal Jueves y Viernes Ociosos propone 16 planes matinales para mayores de 65 a\u00f1os durante los meses de mayo y junio","datePublished":"2022-04-19T10:14:23+00:00","dateModified":"2023-04-11T09:48:18+00:00","mainEntityOfPage":{"@id":"https:\/\/www.laguiadepamplona.com\/actualidad\/el-programa-municipal-jueves-y-viernes-ociosos-propone-16-planes-matinales-para-mayores-de-65-anos-durante-los-meses-de-mayo-y-junio\/"},"wordCount":463,"commentCount":0,"publisher":{"@id":"https:\/\/www.laguiadepamplona.com\/actualidad\/#organization"},"image":{"@id":"https:\/\/www.laguiadepamplona.com\/actualidad\/el-programa-municipal-jueves-y-viernes-ociosos-propone-16-planes-matinales-para-mayores-de-65-anos-durante-los-meses-de-mayo-y-junio\/#primaryimage"},"thumbnailUrl":"https:\/\/www.laguiadepamplona.com\/actualidad\/wp-content\/uploads\/2022\/04\/220419cartelesjuevesviernesociosos-3.jpg","articleSection":["Ayto Pamplona"],"inLanguage":"es","potentialAction":[{"@type":"CommentAction","name":"Comment","target":["https:\/\/www.laguiadepamplona.com\/actualidad\/el-programa-municipal-jueves-y-viernes-ociosos-propone-16-planes-matinales-para-mayores-de-65-anos-durante-los-meses-de-mayo-y-junio\/#respond"]}]},{"@type":"WebPage","@id":"https:\/\/www.laguiadepamplona.com\/actualidad\/el-programa-municipal-jueves-y-viernes-ociosos-propone-16-planes-matinales-para-mayores-de-65-anos-durante-los-meses-de-mayo-y-junio\/","url":"https:\/\/www.laguiadepamplona.com\/actualidad\/el-programa-municipal-jueves-y-viernes-ociosos-propone-16-planes-matinales-para-mayores-de-65-anos-durante-los-meses-de-mayo-y-junio\/","name":"El programa municipal Jueves y Viernes Ociosos propone 16 planes matinales para mayores de 65 a\u00f1os durante los meses de mayo y junio","isPartOf":{"@id":"https:\/\/www.laguiadepamplona.com\/actualidad\/#website"},"primaryImageOfPage":{"@id":"https:\/\/www.laguiadepamplona.com\/actualidad\/el-programa-municipal-jueves-y-viernes-ociosos-propone-16-planes-matinales-para-mayores-de-65-anos-durante-los-meses-de-mayo-y-junio\/#primaryimage"},"image":{"@id":"https:\/\/www.laguiadepamplona.com\/actualidad\/el-programa-municipal-jueves-y-viernes-ociosos-propone-16-planes-matinales-para-mayores-de-65-anos-durante-los-meses-de-mayo-y-junio\/#primaryimage"},"thumbnailUrl":"https:\/\/www.laguiadepamplona.com\/actualidad\/wp-content\/uploads\/2022\/04\/220419cartelesjuevesviernesociosos-3.jpg","datePublished":"2022-04-19T10:14:23+00:00","dateModified":"2023-04-11T09:48:18+00:00","description":"Ma\u00f1ana mi\u00e9rcoles comienzan las inscripciones a trav\u00e9s del 010, por orden de llamada y con un precio de 2,5 euros","breadcrumb":{"@id":"https:\/\/www.laguiadepamplona.com\/actualidad\/el-programa-municipal-jueves-y-viernes-ociosos-propone-16-planes-matinales-para-mayores-de-65-anos-durante-los-meses-de-mayo-y-junio\/#breadcrumb"},"inLanguage":"es","potentialAction":[{"@type":"ReadAction","target":["https:\/\/www.laguiadepamplona.com\/actualidad\/el-programa-municipal-jueves-y-viernes-ociosos-propone-16-planes-matinales-para-mayores-de-65-anos-durante-los-meses-de-mayo-y-junio\/"]}]},{"@type":"ImageObject","inLanguage":"es","@id":"https:\/\/www.laguiadepamplona.com\/actualidad\/el-programa-municipal-jueves-y-viernes-ociosos-propone-16-planes-matinales-para-mayores-de-65-anos-durante-los-meses-de-mayo-y-junio\/#primaryimage","url":"https:\/\/www.laguiadepamplona.com\/actualidad\/wp-content\/uploads\/2022\/04\/220419cartelesjuevesviernesociosos-3.jpg","contentUrl":"https:\/\/www.laguiadepamplona.com\/actualidad\/wp-content\/uploads\/2022\/04\/220419cartelesjuevesviernesociosos-3.jpg","width":1920,"height":1322},{"@type":"BreadcrumbList","@id":"https:\/\/www.laguiadepamplona.com\/actualidad\/el-programa-municipal-jueves-y-viernes-ociosos-propone-16-planes-matinales-para-mayores-de-65-anos-durante-los-meses-de-mayo-y-junio\/#breadcrumb","itemListElement":[{"@type":"ListItem","position":1,"name":"Portada","item":"https:\/\/www.laguiadepamplona.com\/actualidad\/"},{"@type":"ListItem","position":2,"name":"El programa municipal Jueves y Viernes Ociosos propone 16 planes matinales para mayores de 65 a\u00f1os durante los meses de mayo y junio"}]},{"@type":"WebSite","@id":"https:\/\/www.laguiadepamplona.com\/actualidad\/#website","url":"https:\/\/www.laguiadepamplona.com\/actualidad\/","name":"La gu\u00eda de Pamplona","description":"Noticias de Pamplona","publisher":{"@id":"https:\/\/www.laguiadepamplona.com\/actualidad\/#organization"},"potentialAction":[{"@type":"SearchAction","target":{"@type":"EntryPoint","urlTemplate":"https:\/\/www.laguiadepamplona.com\/actualidad\/?s={search_term_string}"},"query-input":{"@type":"PropertyValueSpecification","valueRequired":true,"valueName":"search_term_string"}}],"inLanguage":"es"},{"@type":"Organization","@id":"https:\/\/www.laguiadepamplona.com\/actualidad\/#organization","name":"La Gu\u00eda de Pamplona \/ Noticias","url":"https:\/\/www.laguiadepamplona.com\/actualidad\/","logo":{"@type":"ImageObject","inLanguage":"es","@id":"https:\/\/www.laguiadepamplona.com\/actualidad\/#\/schema\/logo\/image\/","url":"https:\/\/www.laguiadepamplona.com\/actualidad\/wp-content\/uploads\/2018\/11\/logo-laguiadepamplona18-web1.png","contentUrl":"https:\/\/www.laguiadepamplona.com\/actualidad\/wp-content\/uploads\/2018\/11\/logo-laguiadepamplona18-web1.png","width":600,"height":196,"caption":"La Gu\u00eda de Pamplona \/ Noticias"},"image":{"@id":"https:\/\/www.laguiadepamplona.com\/actualidad\/#\/schema\/logo\/image\/"},"sameAs":["https:\/\/www.facebook.com\/laguiadepamplonacom-133175176762273\/?ref=hl","https:\/\/x.com\/LaGuiadPamplona","https:\/\/www.instagram.com\/la_guia_de_pamplona\/","https:\/\/www.youtube.com\/user\/laguiadepamplona"]},{"@type":"Person","@id":"https:\/\/www.laguiadepamplona.com\/actualidad\/#\/schema\/person\/efe887376f0213d4657c93adc50b1fdb","name":"La Gu\u00eda de Pamplona","image":{"@type":"ImageObject","inLanguage":"es","@id":"https:\/\/secure.gravatar.com\/avatar\/b6992f131dc8d30ab0dff15446e9d346d9dbd95992de0fef795073f5ea83a81c?s=96&d=mm&r=g","url":"https:\/\/secure.gravatar.com\/avatar\/b6992f131dc8d30ab0dff15446e9d346d9dbd95992de0fef795073f5ea83a81c?s=96&d=mm&r=g","contentUrl":"https:\/\/secure.gravatar.com\/avatar\/b6992f131dc8d30ab0dff15446e9d346d9dbd95992de0fef795073f5ea83a81c?s=96&d=mm&r=g","caption":"La Gu\u00eda de Pamplona"}}]}},"post_mailing_queue_ids":[],"_links":{"self":[{"href":"https:\/\/www.laguiadepamplona.com\/actualidad\/wp-json\/wp\/v2\/posts\/39992","targetHints":{"allow":["GET"]}}],"collection":[{"href":"https:\/\/www.laguiadepamplona.com\/actualidad\/wp-json\/wp\/v2\/posts"}],"about":[{"href":"https:\/\/www.laguiadepamplona.com\/actualidad\/wp-json\/wp\/v2\/types\/post"}],"author":[{"embeddable":true,"href":"https:\/\/www.laguiadepamplona.com\/actualidad\/wp-json\/wp\/v2\/users\/1"}],"replies":[{"embeddable":true,"href":"https:\/\/www.laguiadepamplona.com\/actualidad\/wp-json\/wp\/v2\/comments?post=39992"}],"version-history":[{"count":0,"href":"https:\/\/www.laguiadepamplona.com\/actualidad\/wp-json\/wp\/v2\/posts\/39992\/revisions"}],"wp:featuredmedia":[{"embeddable":true,"href":"https:\/\/www.laguiadepamplona.com\/actualidad\/wp-json\/wp\/v2\/media\/39993"}],"wp:attachment":[{"href":"https:\/\/www.laguiadepamplona.com\/actualidad\/wp-json\/wp\/v2\/media?parent=39992"}],"wp:term":[{"taxonomy":"category","embeddable":true,"href":"https:\/\/www.laguiadepamplona.com\/actualidad\/wp-json\/wp\/v2\/categories?post=39992"},{"taxonomy":"post_tag","embeddable":true,"href":"https:\/\/www.laguiadepamplona.com\/actualidad\/wp-json\/wp\/v2\/tags?post=39992"}],"curies":[{"name":"wp","href":"https:\/\/api.w.org\/{rel}","templated":true}]}}