{"id":39989,"date":"2022-04-19T12:10:30","date_gmt":"2022-04-19T10:10:30","guid":{"rendered":"https:\/\/www.laguiadepamplona.com\/actualidad\/?p=39989"},"modified":"2023-04-11T11:48:18","modified_gmt":"2023-04-11T09:48:18","slug":"cinco-barrios-de-la-ciudad-estrenan-este-ano-negocios-jovenes-y-valientes","status":"publish","type":"post","link":"https:\/\/www.laguiadepamplona.com\/actualidad\/cinco-barrios-de-la-ciudad-estrenan-este-ano-negocios-jovenes-y-valientes\/","title":{"rendered":"Cinco barrios de la ciudad estrenan este a\u00f1o negocios \u2018j\u00f3venes y valientes\u2019"},"content":{"rendered":"<h5>El Ayuntamiento abona la primera parte de los 60.000 euros de ayudas municipales para j\u00f3venes emprendedores<\/h5>\n<p><!--more--><\/p>\n<p>Desde servicios de logopedia y asistencia domiciliaria, a una panader\u00eda, un despacho de abogados, o una tienda de venta y reparaci\u00f3n de m\u00f3viles, la ciudad estrena siete nuevos negocios este 2022. Hace dos d\u00e9cadas que mediante las subvenciones a j\u00f3venes emprendedores el Ayuntamiento de Pamplona respalda ideas y proyectos de quienes se inician en el campo del emprendimiento.<br \/>\n<script async src=\"\/\/pagead2.googlesyndication.com\/pagead\/js\/adsbygoogle.js\"><\/script><br \/>\n<!-- Noticias La Guia de Pamplona --><br \/>\n<ins class=\"adsbygoogle\"\nstyle=\"display:block\"\ndata-ad-client=\"ca-pub-6943679897239327\"\ndata-ad-slot=\"7048180777\"\ndata-ad-format=\"auto\"><\/ins><br \/>\n<script>\n(adsbygoogle = window.adsbygoogle || []).push({});\n<\/script><\/p>\n<p>Este a\u00f1o la cuant\u00eda prevista para el conjunto de peticiones es de 60.000 euros, que se ir\u00e1n concediendo en tres resoluciones distintas. Esta primera ha repartido 13.119,83 euros a siete negocios que, como reclama la campa\u00f1a informativa, son j\u00f3venes -ya que sus titulares tienen entre 18 y 35 a\u00f1os- y demuestran valent\u00eda al encauzar su vida profesional como empresarios y empresarias, una actitud que el Consistorio quiere respaldar compartiendo en parte sus gastos ya que estas ayudas cubren hasta un 70% de los importes de creaci\u00f3n y puesta en marcha de sus negocios, Adem\u00e1s, y como valor a\u00f1adido, en esta resoluci\u00f3n el 75% de las personas titulares de los negocios beneficiados son mujeres. En la convocatoria de estas subvenciones el a\u00f1o el pasado fueron 28 los proyectos respaldados.<\/p>\n<p>Los nuevos negocios se reparten por la ciudad: logopedia, y venta y reparaci\u00f3n de m\u00f3viles en Iturrama; asistencia domiciliaria y abogac\u00eda en San Juan; venta on-line en Ermitaga\u00f1a, panader\u00eda en Etxabakoitz y un locutorio telef\u00f3nico en Rochapea.<br \/>\n<script async src=\"\/\/pagead2.googlesyndication.com\/pagead\/js\/adsbygoogle.js\"><\/script><br \/>\n<!-- Noticias La Guia de Pamplona --><br \/>\n<ins class=\"adsbygoogle\"\nstyle=\"display:block\"\ndata-ad-client=\"ca-pub-6943679897239327\"\ndata-ad-slot=\"7048180777\"\ndata-ad-format=\"auto\"><\/ins><br \/>\n<script>\n(adsbygoogle = window.adsbygoogle || []).push({});\n<\/script><\/p>\n<p><strong>El apoyo econ\u00f3mico del Ayuntamiento<\/strong><\/p>\n<p>Para quienes se animen a seguir su ejemplo, esta convocatoria est\u00e1 abierta hasta el 10 de octubre y las personas interesadas pueden presentar sus solicitudes, bien de forma telem\u00e1tica en la Sede Electr\u00f3nica del Ayuntamiento de Pamplona (<a href=\"https:\/\/sedeelectronica.pamplona.es\" target=\"_blank\" rel=\"noopener\">https:\/\/sedeelectronica.pamplona.es<\/a>), bien de forma presencial en cualquiera de los registros municipales o por cualquiera de las v\u00edas previstas en la ley. Las entidades con personalidad jur\u00eddica deber\u00e1n presentar obligatoriamente su solicitud de forma telem\u00e1tica. La existencia de varias resoluciones a lo largo del a\u00f1o permite m\u00e1s flexibilidad para que quienes est\u00e1n interesados gesten y plasmen sus futuros negocios en cualquier momento del a\u00f1o y puedan presentarlos a las ayudas de forma escalonada.<br \/>\n<script async src=\"\/\/pagead2.googlesyndication.com\/pagead\/js\/adsbygoogle.js\"><\/script><br \/>\n<!-- Noticias La Guia de Pamplona --><br \/>\n<ins class=\"adsbygoogle\"\nstyle=\"display:block\"\ndata-ad-client=\"ca-pub-6943679897239327\"\ndata-ad-slot=\"7048180777\"\ndata-ad-format=\"auto\"><\/ins><br \/>\n<script>\n(adsbygoogle = window.adsbygoogle || []).push({});\n<\/script><\/p>\n<p>&nbsp;<\/p>\n<h3>T\u00edtulo de Apoyo de datos<\/h3>\n<p>&nbsp;<\/p>\n<table>\n<tbody>\n<tr>\n<td width=\"196\"><strong>TITULAR SUBVENCI\u00d3N<\/strong><\/td>\n<td width=\"210\"><strong>NEGOCIO<\/strong><\/td>\n<td width=\"183\"><strong>BARRIO<\/strong><\/td>\n<\/tr>\n<tr>\n<td width=\"196\">Carmen Sanz<\/td>\n<td width=\"210\">Logopedia<\/td>\n<td width=\"183\">Iturrama<\/td>\n<\/tr>\n<tr>\n<td width=\"196\">Pablo Fern\u00e1ndez<\/td>\n<td width=\"210\">Servicio Asistencia domiciliaria<\/td>\n<td width=\"183\">San Juan<\/td>\n<\/tr>\n<tr>\n<td width=\"196\">Irene Uriarte<\/td>\n<td width=\"210\">Venta online<\/td>\n<td width=\"183\">Erripaga\u00f1a<\/td>\n<\/tr>\n<tr>\n<td width=\"196\">Johanna E. Flores<\/td>\n<td width=\"210\">Abogada<\/td>\n<td width=\"183\">San Juan<\/td>\n<\/tr>\n<tr>\n<td width=\"196\">Kristina Ialynich<\/td>\n<td width=\"210\">Panader\u00eda<\/td>\n<td width=\"183\">Etxabakoitz<\/td>\n<\/tr>\n<tr>\n<td width=\"196\">Khurram Ijaz<\/td>\n<td width=\"210\">Venta y reparaci\u00f3n m\u00f3viles<\/td>\n<td width=\"183\">Iturrama<\/td>\n<\/tr>\n<tr>\n<td width=\"196\">Nancy S. Jim\u00e9nez<\/td>\n<td width=\"210\">Locutorio<\/td>\n<td width=\"183\">Rochapea<\/td>\n<\/tr>\n<\/tbody>\n<\/table>\n","protected":false},"excerpt":{"rendered":"<p>El Ayuntamiento abona la primera parte de los 60.000 euros de ayudas municipales para j\u00f3venes emprendedores<\/p>\n","protected":false},"author":1,"featured_media":39990,"comment_status":"open","ping_status":"closed","sticky":false,"template":"","format":"standard","meta":{"footnotes":""},"categories":[2],"tags":[],"class_list":["post-39989","post","type-post","status-publish","format-standard","has-post-thumbnail","hentry","category-ayuntamiento-pamplona"],"yoast_head":"<!-- This site is optimized with the Yoast SEO plugin v27.5 - https:\/\/yoast.com\/product\/yoast-seo-wordpress\/ -->\n<title>Cinco barrios de la ciudad estrenan este a\u00f1o negocios \u2018j\u00f3venes y valientes\u2019<\/title>\n<meta name=\"description\" content=\"El Ayuntamiento abona la primera parte de los 60.000 euros de ayudas municipales para j\u00f3venes emprendedores\" \/>\n<meta name=\"robots\" content=\"index, follow, max-snippet:-1, max-image-preview:large, max-video-preview:-1\" \/>\n<link rel=\"canonical\" href=\"https:\/\/www.laguiadepamplona.com\/actualidad\/cinco-barrios-de-la-ciudad-estrenan-este-ano-negocios-jovenes-y-valientes\/\" \/>\n<meta property=\"og:locale\" content=\"es_ES\" \/>\n<meta property=\"og:type\" content=\"article\" \/>\n<meta property=\"og:title\" content=\"Cinco barrios de la ciudad estrenan este a\u00f1o negocios \u2018j\u00f3venes y valientes\u2019\" \/>\n<meta property=\"og:description\" content=\"El Ayuntamiento abona la primera parte de los 60.000 euros de ayudas municipales para j\u00f3venes emprendedores\" \/>\n<meta property=\"og:url\" content=\"https:\/\/www.laguiadepamplona.com\/actualidad\/cinco-barrios-de-la-ciudad-estrenan-este-ano-negocios-jovenes-y-valientes\/\" \/>\n<meta property=\"og:site_name\" content=\"La Gu\u00eda de Pamplona\" \/>\n<meta property=\"article:publisher\" content=\"https:\/\/www.facebook.com\/laguiadepamplonacom-133175176762273\/?ref=hl\" \/>\n<meta property=\"article:published_time\" content=\"2022-04-19T10:10:30+00:00\" \/>\n<meta property=\"article:modified_time\" content=\"2023-04-11T09:48:18+00:00\" \/>\n<meta property=\"og:image\" content=\"https:\/\/www.laguiadepamplona.com\/actualidad\/wp-content\/uploads\/2022\/04\/Captura-emprendedores.jpg\" \/>\n\t<meta property=\"og:image:width\" content=\"493\" \/>\n\t<meta property=\"og:image:height\" content=\"712\" \/>\n\t<meta property=\"og:image:type\" content=\"image\/jpeg\" \/>\n<meta name=\"author\" content=\"La Gu\u00eda de Pamplona\" \/>\n<meta name=\"twitter:card\" content=\"summary_large_image\" \/>\n<meta name=\"twitter:creator\" content=\"@LaGuiadPamplona\" \/>\n<meta name=\"twitter:site\" content=\"@LaGuiadPamplona\" \/>\n<meta name=\"twitter:label1\" content=\"Escrito por\" \/>\n\t<meta name=\"twitter:data1\" content=\"La Gu\u00eda de Pamplona\" \/>\n\t<meta name=\"twitter:label2\" content=\"Tiempo de lectura\" \/>\n\t<meta name=\"twitter:data2\" content=\"2 minutos\" \/>\n<script type=\"application\/ld+json\" class=\"yoast-schema-graph\">{\"@context\":\"https:\\\/\\\/schema.org\",\"@graph\":[{\"@type\":\"Article\",\"@id\":\"https:\\\/\\\/www.laguiadepamplona.com\\\/actualidad\\\/cinco-barrios-de-la-ciudad-estrenan-este-ano-negocios-jovenes-y-valientes\\\/#article\",\"isPartOf\":{\"@id\":\"https:\\\/\\\/www.laguiadepamplona.com\\\/actualidad\\\/cinco-barrios-de-la-ciudad-estrenan-este-ano-negocios-jovenes-y-valientes\\\/\"},\"author\":{\"name\":\"La Gu\u00eda de Pamplona\",\"@id\":\"https:\\\/\\\/www.laguiadepamplona.com\\\/actualidad\\\/#\\\/schema\\\/person\\\/efe887376f0213d4657c93adc50b1fdb\"},\"headline\":\"Cinco barrios de la ciudad estrenan este a\u00f1o negocios \u2018j\u00f3venes y valientes\u2019\",\"datePublished\":\"2022-04-19T10:10:30+00:00\",\"dateModified\":\"2023-04-11T09:48:18+00:00\",\"mainEntityOfPage\":{\"@id\":\"https:\\\/\\\/www.laguiadepamplona.com\\\/actualidad\\\/cinco-barrios-de-la-ciudad-estrenan-este-ano-negocios-jovenes-y-valientes\\\/\"},\"wordCount\":452,\"commentCount\":0,\"publisher\":{\"@id\":\"https:\\\/\\\/www.laguiadepamplona.com\\\/actualidad\\\/#organization\"},\"image\":{\"@id\":\"https:\\\/\\\/www.laguiadepamplona.com\\\/actualidad\\\/cinco-barrios-de-la-ciudad-estrenan-este-ano-negocios-jovenes-y-valientes\\\/#primaryimage\"},\"thumbnailUrl\":\"https:\\\/\\\/www.laguiadepamplona.com\\\/actualidad\\\/wp-content\\\/uploads\\\/2022\\\/04\\\/Captura-emprendedores.jpg\",\"articleSection\":[\"Ayto Pamplona\"],\"inLanguage\":\"es\",\"potentialAction\":[{\"@type\":\"CommentAction\",\"name\":\"Comment\",\"target\":[\"https:\\\/\\\/www.laguiadepamplona.com\\\/actualidad\\\/cinco-barrios-de-la-ciudad-estrenan-este-ano-negocios-jovenes-y-valientes\\\/#respond\"]}]},{\"@type\":\"WebPage\",\"@id\":\"https:\\\/\\\/www.laguiadepamplona.com\\\/actualidad\\\/cinco-barrios-de-la-ciudad-estrenan-este-ano-negocios-jovenes-y-valientes\\\/\",\"url\":\"https:\\\/\\\/www.laguiadepamplona.com\\\/actualidad\\\/cinco-barrios-de-la-ciudad-estrenan-este-ano-negocios-jovenes-y-valientes\\\/\",\"name\":\"Cinco barrios de la ciudad estrenan este a\u00f1o negocios \u2018j\u00f3venes y valientes\u2019\",\"isPartOf\":{\"@id\":\"https:\\\/\\\/www.laguiadepamplona.com\\\/actualidad\\\/#website\"},\"primaryImageOfPage\":{\"@id\":\"https:\\\/\\\/www.laguiadepamplona.com\\\/actualidad\\\/cinco-barrios-de-la-ciudad-estrenan-este-ano-negocios-jovenes-y-valientes\\\/#primaryimage\"},\"image\":{\"@id\":\"https:\\\/\\\/www.laguiadepamplona.com\\\/actualidad\\\/cinco-barrios-de-la-ciudad-estrenan-este-ano-negocios-jovenes-y-valientes\\\/#primaryimage\"},\"thumbnailUrl\":\"https:\\\/\\\/www.laguiadepamplona.com\\\/actualidad\\\/wp-content\\\/uploads\\\/2022\\\/04\\\/Captura-emprendedores.jpg\",\"datePublished\":\"2022-04-19T10:10:30+00:00\",\"dateModified\":\"2023-04-11T09:48:18+00:00\",\"description\":\"El Ayuntamiento abona la primera parte de los 60.000 euros de ayudas municipales para j\u00f3venes emprendedores\",\"breadcrumb\":{\"@id\":\"https:\\\/\\\/www.laguiadepamplona.com\\\/actualidad\\\/cinco-barrios-de-la-ciudad-estrenan-este-ano-negocios-jovenes-y-valientes\\\/#breadcrumb\"},\"inLanguage\":\"es\",\"potentialAction\":[{\"@type\":\"ReadAction\",\"target\":[\"https:\\\/\\\/www.laguiadepamplona.com\\\/actualidad\\\/cinco-barrios-de-la-ciudad-estrenan-este-ano-negocios-jovenes-y-valientes\\\/\"]}]},{\"@type\":\"ImageObject\",\"inLanguage\":\"es\",\"@id\":\"https:\\\/\\\/www.laguiadepamplona.com\\\/actualidad\\\/cinco-barrios-de-la-ciudad-estrenan-este-ano-negocios-jovenes-y-valientes\\\/#primaryimage\",\"url\":\"https:\\\/\\\/www.laguiadepamplona.com\\\/actualidad\\\/wp-content\\\/uploads\\\/2022\\\/04\\\/Captura-emprendedores.jpg\",\"contentUrl\":\"https:\\\/\\\/www.laguiadepamplona.com\\\/actualidad\\\/wp-content\\\/uploads\\\/2022\\\/04\\\/Captura-emprendedores.jpg\",\"width\":493,\"height\":712},{\"@type\":\"BreadcrumbList\",\"@id\":\"https:\\\/\\\/www.laguiadepamplona.com\\\/actualidad\\\/cinco-barrios-de-la-ciudad-estrenan-este-ano-negocios-jovenes-y-valientes\\\/#breadcrumb\",\"itemListElement\":[{\"@type\":\"ListItem\",\"position\":1,\"name\":\"Portada\",\"item\":\"https:\\\/\\\/www.laguiadepamplona.com\\\/actualidad\\\/\"},{\"@type\":\"ListItem\",\"position\":2,\"name\":\"Cinco barrios de la ciudad estrenan este a\u00f1o negocios \u2018j\u00f3venes y valientes\u2019\"}]},{\"@type\":\"WebSite\",\"@id\":\"https:\\\/\\\/www.laguiadepamplona.com\\\/actualidad\\\/#website\",\"url\":\"https:\\\/\\\/www.laguiadepamplona.com\\\/actualidad\\\/\",\"name\":\"La gu\u00eda de Pamplona\",\"description\":\"Noticias de Pamplona\",\"publisher\":{\"@id\":\"https:\\\/\\\/www.laguiadepamplona.com\\\/actualidad\\\/#organization\"},\"potentialAction\":[{\"@type\":\"SearchAction\",\"target\":{\"@type\":\"EntryPoint\",\"urlTemplate\":\"https:\\\/\\\/www.laguiadepamplona.com\\\/actualidad\\\/?s={search_term_string}\"},\"query-input\":{\"@type\":\"PropertyValueSpecification\",\"valueRequired\":true,\"valueName\":\"search_term_string\"}}],\"inLanguage\":\"es\"},{\"@type\":\"Organization\",\"@id\":\"https:\\\/\\\/www.laguiadepamplona.com\\\/actualidad\\\/#organization\",\"name\":\"La Gu\u00eda de Pamplona \\\/ Noticias\",\"url\":\"https:\\\/\\\/www.laguiadepamplona.com\\\/actualidad\\\/\",\"logo\":{\"@type\":\"ImageObject\",\"inLanguage\":\"es\",\"@id\":\"https:\\\/\\\/www.laguiadepamplona.com\\\/actualidad\\\/#\\\/schema\\\/logo\\\/image\\\/\",\"url\":\"https:\\\/\\\/www.laguiadepamplona.com\\\/actualidad\\\/wp-content\\\/uploads\\\/2018\\\/11\\\/logo-laguiadepamplona18-web1.png\",\"contentUrl\":\"https:\\\/\\\/www.laguiadepamplona.com\\\/actualidad\\\/wp-content\\\/uploads\\\/2018\\\/11\\\/logo-laguiadepamplona18-web1.png\",\"width\":600,\"height\":196,\"caption\":\"La Gu\u00eda de Pamplona \\\/ Noticias\"},\"image\":{\"@id\":\"https:\\\/\\\/www.laguiadepamplona.com\\\/actualidad\\\/#\\\/schema\\\/logo\\\/image\\\/\"},\"sameAs\":[\"https:\\\/\\\/www.facebook.com\\\/laguiadepamplonacom-133175176762273\\\/?ref=hl\",\"https:\\\/\\\/x.com\\\/LaGuiadPamplona\",\"https:\\\/\\\/www.instagram.com\\\/la_guia_de_pamplona\\\/\",\"https:\\\/\\\/www.youtube.com\\\/user\\\/laguiadepamplona\"]},{\"@type\":\"Person\",\"@id\":\"https:\\\/\\\/www.laguiadepamplona.com\\\/actualidad\\\/#\\\/schema\\\/person\\\/efe887376f0213d4657c93adc50b1fdb\",\"name\":\"La Gu\u00eda de Pamplona\",\"image\":{\"@type\":\"ImageObject\",\"inLanguage\":\"es\",\"@id\":\"https:\\\/\\\/secure.gravatar.com\\\/avatar\\\/b6992f131dc8d30ab0dff15446e9d346d9dbd95992de0fef795073f5ea83a81c?s=96&d=mm&r=g\",\"url\":\"https:\\\/\\\/secure.gravatar.com\\\/avatar\\\/b6992f131dc8d30ab0dff15446e9d346d9dbd95992de0fef795073f5ea83a81c?s=96&d=mm&r=g\",\"contentUrl\":\"https:\\\/\\\/secure.gravatar.com\\\/avatar\\\/b6992f131dc8d30ab0dff15446e9d346d9dbd95992de0fef795073f5ea83a81c?s=96&d=mm&r=g\",\"caption\":\"La Gu\u00eda de Pamplona\"}}]}<\/script>\n<!-- \/ Yoast SEO plugin. -->","yoast_head_json":{"title":"Cinco barrios de la ciudad estrenan este a\u00f1o negocios \u2018j\u00f3venes y valientes\u2019","description":"El Ayuntamiento abona la primera parte de los 60.000 euros de ayudas municipales para j\u00f3venes emprendedores","robots":{"index":"index","follow":"follow","max-snippet":"max-snippet:-1","max-image-preview":"max-image-preview:large","max-video-preview":"max-video-preview:-1"},"canonical":"https:\/\/www.laguiadepamplona.com\/actualidad\/cinco-barrios-de-la-ciudad-estrenan-este-ano-negocios-jovenes-y-valientes\/","og_locale":"es_ES","og_type":"article","og_title":"Cinco barrios de la ciudad estrenan este a\u00f1o negocios \u2018j\u00f3venes y valientes\u2019","og_description":"El Ayuntamiento abona la primera parte de los 60.000 euros de ayudas municipales para j\u00f3venes emprendedores","og_url":"https:\/\/www.laguiadepamplona.com\/actualidad\/cinco-barrios-de-la-ciudad-estrenan-este-ano-negocios-jovenes-y-valientes\/","og_site_name":"La Gu\u00eda de Pamplona","article_publisher":"https:\/\/www.facebook.com\/laguiadepamplonacom-133175176762273\/?ref=hl","article_published_time":"2022-04-19T10:10:30+00:00","article_modified_time":"2023-04-11T09:48:18+00:00","og_image":[{"width":493,"height":712,"url":"https:\/\/www.laguiadepamplona.com\/actualidad\/wp-content\/uploads\/2022\/04\/Captura-emprendedores.jpg","type":"image\/jpeg"}],"author":"La Gu\u00eda de Pamplona","twitter_card":"summary_large_image","twitter_creator":"@LaGuiadPamplona","twitter_site":"@LaGuiadPamplona","twitter_misc":{"Escrito por":"La Gu\u00eda de Pamplona","Tiempo de lectura":"2 minutos"},"schema":{"@context":"https:\/\/schema.org","@graph":[{"@type":"Article","@id":"https:\/\/www.laguiadepamplona.com\/actualidad\/cinco-barrios-de-la-ciudad-estrenan-este-ano-negocios-jovenes-y-valientes\/#article","isPartOf":{"@id":"https:\/\/www.laguiadepamplona.com\/actualidad\/cinco-barrios-de-la-ciudad-estrenan-este-ano-negocios-jovenes-y-valientes\/"},"author":{"name":"La Gu\u00eda de Pamplona","@id":"https:\/\/www.laguiadepamplona.com\/actualidad\/#\/schema\/person\/efe887376f0213d4657c93adc50b1fdb"},"headline":"Cinco barrios de la ciudad estrenan este a\u00f1o negocios \u2018j\u00f3venes y valientes\u2019","datePublished":"2022-04-19T10:10:30+00:00","dateModified":"2023-04-11T09:48:18+00:00","mainEntityOfPage":{"@id":"https:\/\/www.laguiadepamplona.com\/actualidad\/cinco-barrios-de-la-ciudad-estrenan-este-ano-negocios-jovenes-y-valientes\/"},"wordCount":452,"commentCount":0,"publisher":{"@id":"https:\/\/www.laguiadepamplona.com\/actualidad\/#organization"},"image":{"@id":"https:\/\/www.laguiadepamplona.com\/actualidad\/cinco-barrios-de-la-ciudad-estrenan-este-ano-negocios-jovenes-y-valientes\/#primaryimage"},"thumbnailUrl":"https:\/\/www.laguiadepamplona.com\/actualidad\/wp-content\/uploads\/2022\/04\/Captura-emprendedores.jpg","articleSection":["Ayto Pamplona"],"inLanguage":"es","potentialAction":[{"@type":"CommentAction","name":"Comment","target":["https:\/\/www.laguiadepamplona.com\/actualidad\/cinco-barrios-de-la-ciudad-estrenan-este-ano-negocios-jovenes-y-valientes\/#respond"]}]},{"@type":"WebPage","@id":"https:\/\/www.laguiadepamplona.com\/actualidad\/cinco-barrios-de-la-ciudad-estrenan-este-ano-negocios-jovenes-y-valientes\/","url":"https:\/\/www.laguiadepamplona.com\/actualidad\/cinco-barrios-de-la-ciudad-estrenan-este-ano-negocios-jovenes-y-valientes\/","name":"Cinco barrios de la ciudad estrenan este a\u00f1o negocios \u2018j\u00f3venes y valientes\u2019","isPartOf":{"@id":"https:\/\/www.laguiadepamplona.com\/actualidad\/#website"},"primaryImageOfPage":{"@id":"https:\/\/www.laguiadepamplona.com\/actualidad\/cinco-barrios-de-la-ciudad-estrenan-este-ano-negocios-jovenes-y-valientes\/#primaryimage"},"image":{"@id":"https:\/\/www.laguiadepamplona.com\/actualidad\/cinco-barrios-de-la-ciudad-estrenan-este-ano-negocios-jovenes-y-valientes\/#primaryimage"},"thumbnailUrl":"https:\/\/www.laguiadepamplona.com\/actualidad\/wp-content\/uploads\/2022\/04\/Captura-emprendedores.jpg","datePublished":"2022-04-19T10:10:30+00:00","dateModified":"2023-04-11T09:48:18+00:00","description":"El Ayuntamiento abona la primera parte de los 60.000 euros de ayudas municipales para j\u00f3venes emprendedores","breadcrumb":{"@id":"https:\/\/www.laguiadepamplona.com\/actualidad\/cinco-barrios-de-la-ciudad-estrenan-este-ano-negocios-jovenes-y-valientes\/#breadcrumb"},"inLanguage":"es","potentialAction":[{"@type":"ReadAction","target":["https:\/\/www.laguiadepamplona.com\/actualidad\/cinco-barrios-de-la-ciudad-estrenan-este-ano-negocios-jovenes-y-valientes\/"]}]},{"@type":"ImageObject","inLanguage":"es","@id":"https:\/\/www.laguiadepamplona.com\/actualidad\/cinco-barrios-de-la-ciudad-estrenan-este-ano-negocios-jovenes-y-valientes\/#primaryimage","url":"https:\/\/www.laguiadepamplona.com\/actualidad\/wp-content\/uploads\/2022\/04\/Captura-emprendedores.jpg","contentUrl":"https:\/\/www.laguiadepamplona.com\/actualidad\/wp-content\/uploads\/2022\/04\/Captura-emprendedores.jpg","width":493,"height":712},{"@type":"BreadcrumbList","@id":"https:\/\/www.laguiadepamplona.com\/actualidad\/cinco-barrios-de-la-ciudad-estrenan-este-ano-negocios-jovenes-y-valientes\/#breadcrumb","itemListElement":[{"@type":"ListItem","position":1,"name":"Portada","item":"https:\/\/www.laguiadepamplona.com\/actualidad\/"},{"@type":"ListItem","position":2,"name":"Cinco barrios de la ciudad estrenan este a\u00f1o negocios \u2018j\u00f3venes y valientes\u2019"}]},{"@type":"WebSite","@id":"https:\/\/www.laguiadepamplona.com\/actualidad\/#website","url":"https:\/\/www.laguiadepamplona.com\/actualidad\/","name":"La gu\u00eda de Pamplona","description":"Noticias de Pamplona","publisher":{"@id":"https:\/\/www.laguiadepamplona.com\/actualidad\/#organization"},"potentialAction":[{"@type":"SearchAction","target":{"@type":"EntryPoint","urlTemplate":"https:\/\/www.laguiadepamplona.com\/actualidad\/?s={search_term_string}"},"query-input":{"@type":"PropertyValueSpecification","valueRequired":true,"valueName":"search_term_string"}}],"inLanguage":"es"},{"@type":"Organization","@id":"https:\/\/www.laguiadepamplona.com\/actualidad\/#organization","name":"La Gu\u00eda de Pamplona \/ Noticias","url":"https:\/\/www.laguiadepamplona.com\/actualidad\/","logo":{"@type":"ImageObject","inLanguage":"es","@id":"https:\/\/www.laguiadepamplona.com\/actualidad\/#\/schema\/logo\/image\/","url":"https:\/\/www.laguiadepamplona.com\/actualidad\/wp-content\/uploads\/2018\/11\/logo-laguiadepamplona18-web1.png","contentUrl":"https:\/\/www.laguiadepamplona.com\/actualidad\/wp-content\/uploads\/2018\/11\/logo-laguiadepamplona18-web1.png","width":600,"height":196,"caption":"La Gu\u00eda de Pamplona \/ Noticias"},"image":{"@id":"https:\/\/www.laguiadepamplona.com\/actualidad\/#\/schema\/logo\/image\/"},"sameAs":["https:\/\/www.facebook.com\/laguiadepamplonacom-133175176762273\/?ref=hl","https:\/\/x.com\/LaGuiadPamplona","https:\/\/www.instagram.com\/la_guia_de_pamplona\/","https:\/\/www.youtube.com\/user\/laguiadepamplona"]},{"@type":"Person","@id":"https:\/\/www.laguiadepamplona.com\/actualidad\/#\/schema\/person\/efe887376f0213d4657c93adc50b1fdb","name":"La Gu\u00eda de Pamplona","image":{"@type":"ImageObject","inLanguage":"es","@id":"https:\/\/secure.gravatar.com\/avatar\/b6992f131dc8d30ab0dff15446e9d346d9dbd95992de0fef795073f5ea83a81c?s=96&d=mm&r=g","url":"https:\/\/secure.gravatar.com\/avatar\/b6992f131dc8d30ab0dff15446e9d346d9dbd95992de0fef795073f5ea83a81c?s=96&d=mm&r=g","contentUrl":"https:\/\/secure.gravatar.com\/avatar\/b6992f131dc8d30ab0dff15446e9d346d9dbd95992de0fef795073f5ea83a81c?s=96&d=mm&r=g","caption":"La Gu\u00eda de Pamplona"}}]}},"post_mailing_queue_ids":[],"_links":{"self":[{"href":"https:\/\/www.laguiadepamplona.com\/actualidad\/wp-json\/wp\/v2\/posts\/39989","targetHints":{"allow":["GET"]}}],"collection":[{"href":"https:\/\/www.laguiadepamplona.com\/actualidad\/wp-json\/wp\/v2\/posts"}],"about":[{"href":"https:\/\/www.laguiadepamplona.com\/actualidad\/wp-json\/wp\/v2\/types\/post"}],"author":[{"embeddable":true,"href":"https:\/\/www.laguiadepamplona.com\/actualidad\/wp-json\/wp\/v2\/users\/1"}],"replies":[{"embeddable":true,"href":"https:\/\/www.laguiadepamplona.com\/actualidad\/wp-json\/wp\/v2\/comments?post=39989"}],"version-history":[{"count":0,"href":"https:\/\/www.laguiadepamplona.com\/actualidad\/wp-json\/wp\/v2\/posts\/39989\/revisions"}],"wp:featuredmedia":[{"embeddable":true,"href":"https:\/\/www.laguiadepamplona.com\/actualidad\/wp-json\/wp\/v2\/media\/39990"}],"wp:attachment":[{"href":"https:\/\/www.laguiadepamplona.com\/actualidad\/wp-json\/wp\/v2\/media?parent=39989"}],"wp:term":[{"taxonomy":"category","embeddable":true,"href":"https:\/\/www.laguiadepamplona.com\/actualidad\/wp-json\/wp\/v2\/categories?post=39989"},{"taxonomy":"post_tag","embeddable":true,"href":"https:\/\/www.laguiadepamplona.com\/actualidad\/wp-json\/wp\/v2\/tags?post=39989"}],"curies":[{"name":"wp","href":"https:\/\/api.w.org\/{rel}","templated":true}]}}