{"id":39983,"date":"2022-04-13T13:40:00","date_gmt":"2022-04-13T11:40:00","guid":{"rendered":"https:\/\/www.laguiadepamplona.com\/actualidad\/?p=39983"},"modified":"2023-04-11T11:48:18","modified_gmt":"2023-04-11T09:48:18","slug":"la-exposicion-las-mujeres-en-los-carteles-de-san-fermin-recala-en-la-ciudad-alicantina-de-alcoy","status":"publish","type":"post","link":"https:\/\/www.laguiadepamplona.com\/actualidad\/la-exposicion-las-mujeres-en-los-carteles-de-san-fermin-recala-en-la-ciudad-alicantina-de-alcoy\/","title":{"rendered":"La exposici\u00f3n \u2018Las Mujeres en los carteles de San Ferm\u00edn\u2019 recala en la ciudad alicantina de Alcoy"},"content":{"rendered":"<h5>La concejala Garc\u00eda-Barberena ha participado en la inauguraci\u00f3n de esta muestra, que se pudo visitar en Pamplona en julio del a\u00f1o pasado<\/h5>\n<p><!--more--><\/p>\n<p>La exposici\u00f3n \u2018Las Mujeres en los carteles de San Ferm\u00edn\u2019 ha viajado a la ciudad alicantina de Alcoy, fruto de una colaboraci\u00f3n entre Pamplona y esta localidad, en torno a las respectivas fiestas patronales. En la inauguraci\u00f3n, que tuvo lugar en la tarde de ayer en el Museo Alcoi\u00e0, participaron la concejala delegada de Cultura e Igualdad, Mar\u00eda Garc\u00eda-Barberena, y el director de Cultura e Igualdad, Jorge Urd\u00e1noz, que acudieron en representaci\u00f3n del Ayuntamiento de Pamplona. Ambos estuvieron acompa\u00f1ados por el alcalde de Alcoy, Antoni Franc\u00e9s, y el presidente de la Asociaci\u00f3n San Jorge, Juan Jos\u00e9 Olcina, como entidad organizadora de la muestra. Como parte de esa colaboraci\u00f3n, est\u00e1 previsto que en los pr\u00f3ximos meses el Condestable acoja una muestra sobre la vestimenta y trajes de la fiesta alcoyana de Moros y Cristianos, celebraci\u00f3n en honor a San Jorge declaradas de Inter\u00e9s Tur\u00edstico Internacional desde 1980.<br \/>\n<script async src=\"\/\/pagead2.googlesyndication.com\/pagead\/js\/adsbygoogle.js\"><\/script><br \/>\n<!-- Noticias La Guia de Pamplona --><br \/>\n<ins class=\"adsbygoogle\"\nstyle=\"display:block\"\ndata-ad-client=\"ca-pub-6943679897239327\"\ndata-ad-slot=\"7048180777\"\ndata-ad-format=\"auto\"><\/ins><br \/>\n<script>\n(adsbygoogle = window.adsbygoogle || []).push({});\n<\/script><\/p>\n<p>La muestra reci\u00e9n inaugurada ya fue expuesta previamente en Pamplona el pasado mes de julio. En ella, se muestra la relaci\u00f3n de las mujeres con los carteles anunciadores de las fiestas de San Ferm\u00edn a lo largo de su historia. Lo hace a trav\u00e9s de 45, de los que en 38 carteles en los que aparecen representadas mujeres, y otros 7 firmados por mujeres. La exposici\u00f3n, que se podr\u00e1 visitar en la sala Fernando Cabrera del Museo Alcoi\u00e0, incluye obras desde la primera mitad del siglo XIX. Los carteles se han organizado en funci\u00f3n del papel que ha jugado la mujer en ellos: como s\u00edmbolo, como espectadora, como protagonista y como autora.<\/p>\n<p>En este sentido, la mujer en los carteles evoluciona seg\u00fan el contexto social. En muchos casos su presencia es casi residual, apenas distinguibles entre la masa de espectadores en la plaza de toros o entre el p\u00fablico que contempla el encierro. En aquellos carteles donde su protagonismo s\u00ed es m\u00e1s evidente predomina su papel simb\u00f3lico como alegor\u00eda de la fiesta, de Navarra, de la m\u00fasica o de la paz. De la exposici\u00f3n se desprende que la mujer est\u00e1 mucho m\u00e1s presente en los carteles antiguos que en los modernos, aunque en la \u00faltima d\u00e9cada ha vuelto a resurgir nuevamente.<\/p>\n","protected":false},"excerpt":{"rendered":"<p>La concejala Garc\u00eda-Barberena ha participado en la inauguraci\u00f3n de esta muestra, que se pudo visitar en Pamplona en julio del a\u00f1o pasado<\/p>\n","protected":false},"author":1,"featured_media":39984,"comment_status":"open","ping_status":"closed","sticky":false,"template":"","format":"standard","meta":{"footnotes":""},"categories":[2],"tags":[],"class_list":["post-39983","post","type-post","status-publish","format-standard","has-post-thumbnail","hentry","category-ayuntamiento-pamplona"],"yoast_head":"<!-- This site is optimized with the Yoast SEO plugin v27.3 - https:\/\/yoast.com\/product\/yoast-seo-wordpress\/ -->\n<title>La exposici\u00f3n \u2018Las Mujeres en los carteles de San Ferm\u00edn\u2019 recala en la ciudad alicantina de Alcoy<\/title>\n<meta name=\"description\" content=\"La concejala Garc\u00eda-Barberena ha participado en la inauguraci\u00f3n de esta muestra, que se pudo visitar en Pamplona en julio del a\u00f1o pasado\" \/>\n<meta name=\"robots\" content=\"index, follow, max-snippet:-1, max-image-preview:large, max-video-preview:-1\" \/>\n<link rel=\"canonical\" href=\"https:\/\/www.laguiadepamplona.com\/actualidad\/la-exposicion-las-mujeres-en-los-carteles-de-san-fermin-recala-en-la-ciudad-alicantina-de-alcoy\/\" \/>\n<meta property=\"og:locale\" content=\"es_ES\" \/>\n<meta property=\"og:type\" content=\"article\" \/>\n<meta property=\"og:title\" content=\"La exposici\u00f3n \u2018Las Mujeres en los carteles de San Ferm\u00edn\u2019 recala en la ciudad alicantina de Alcoy\" \/>\n<meta property=\"og:description\" content=\"La concejala Garc\u00eda-Barberena ha participado en la inauguraci\u00f3n de esta muestra, que se pudo visitar en Pamplona en julio del a\u00f1o pasado\" \/>\n<meta property=\"og:url\" content=\"https:\/\/www.laguiadepamplona.com\/actualidad\/la-exposicion-las-mujeres-en-los-carteles-de-san-fermin-recala-en-la-ciudad-alicantina-de-alcoy\/\" \/>\n<meta property=\"og:site_name\" content=\"La Gu\u00eda de Pamplona\" \/>\n<meta property=\"article:publisher\" content=\"https:\/\/www.facebook.com\/laguiadepamplonacom-133175176762273\/?ref=hl\" \/>\n<meta property=\"article:published_time\" content=\"2022-04-13T11:40:00+00:00\" \/>\n<meta property=\"article:modified_time\" content=\"2023-04-11T09:48:18+00:00\" \/>\n<meta property=\"og:image\" content=\"https:\/\/www.laguiadepamplona.com\/actualidad\/wp-content\/uploads\/2022\/04\/exposicion-mujeres-carteles-san-fermin.jpg\" \/>\n\t<meta property=\"og:image:width\" content=\"1920\" \/>\n\t<meta property=\"og:image:height\" content=\"1280\" \/>\n\t<meta property=\"og:image:type\" content=\"image\/jpeg\" \/>\n<meta name=\"author\" content=\"La Gu\u00eda de Pamplona\" \/>\n<meta name=\"twitter:card\" content=\"summary_large_image\" \/>\n<meta name=\"twitter:creator\" content=\"@LaGuiadPamplona\" \/>\n<meta name=\"twitter:site\" content=\"@LaGuiadPamplona\" \/>\n<meta name=\"twitter:label1\" content=\"Escrito por\" \/>\n\t<meta name=\"twitter:data1\" content=\"La Gu\u00eda de Pamplona\" \/>\n\t<meta name=\"twitter:label2\" content=\"Tiempo de lectura\" \/>\n\t<meta name=\"twitter:data2\" content=\"2 minutos\" \/>\n<script type=\"application\/ld+json\" class=\"yoast-schema-graph\">{\"@context\":\"https:\\\/\\\/schema.org\",\"@graph\":[{\"@type\":\"Article\",\"@id\":\"https:\\\/\\\/www.laguiadepamplona.com\\\/actualidad\\\/la-exposicion-las-mujeres-en-los-carteles-de-san-fermin-recala-en-la-ciudad-alicantina-de-alcoy\\\/#article\",\"isPartOf\":{\"@id\":\"https:\\\/\\\/www.laguiadepamplona.com\\\/actualidad\\\/la-exposicion-las-mujeres-en-los-carteles-de-san-fermin-recala-en-la-ciudad-alicantina-de-alcoy\\\/\"},\"author\":{\"name\":\"La Gu\u00eda de Pamplona\",\"@id\":\"https:\\\/\\\/www.laguiadepamplona.com\\\/actualidad\\\/#\\\/schema\\\/person\\\/efe887376f0213d4657c93adc50b1fdb\"},\"headline\":\"La exposici\u00f3n \u2018Las Mujeres en los carteles de San Ferm\u00edn\u2019 recala en la ciudad alicantina de Alcoy\",\"datePublished\":\"2022-04-13T11:40:00+00:00\",\"dateModified\":\"2023-04-11T09:48:18+00:00\",\"mainEntityOfPage\":{\"@id\":\"https:\\\/\\\/www.laguiadepamplona.com\\\/actualidad\\\/la-exposicion-las-mujeres-en-los-carteles-de-san-fermin-recala-en-la-ciudad-alicantina-de-alcoy\\\/\"},\"wordCount\":429,\"commentCount\":0,\"publisher\":{\"@id\":\"https:\\\/\\\/www.laguiadepamplona.com\\\/actualidad\\\/#organization\"},\"image\":{\"@id\":\"https:\\\/\\\/www.laguiadepamplona.com\\\/actualidad\\\/la-exposicion-las-mujeres-en-los-carteles-de-san-fermin-recala-en-la-ciudad-alicantina-de-alcoy\\\/#primaryimage\"},\"thumbnailUrl\":\"https:\\\/\\\/www.laguiadepamplona.com\\\/actualidad\\\/wp-content\\\/uploads\\\/2022\\\/04\\\/exposicion-mujeres-carteles-san-fermin.jpg\",\"articleSection\":[\"Ayto Pamplona\"],\"inLanguage\":\"es\",\"potentialAction\":[{\"@type\":\"CommentAction\",\"name\":\"Comment\",\"target\":[\"https:\\\/\\\/www.laguiadepamplona.com\\\/actualidad\\\/la-exposicion-las-mujeres-en-los-carteles-de-san-fermin-recala-en-la-ciudad-alicantina-de-alcoy\\\/#respond\"]}]},{\"@type\":\"WebPage\",\"@id\":\"https:\\\/\\\/www.laguiadepamplona.com\\\/actualidad\\\/la-exposicion-las-mujeres-en-los-carteles-de-san-fermin-recala-en-la-ciudad-alicantina-de-alcoy\\\/\",\"url\":\"https:\\\/\\\/www.laguiadepamplona.com\\\/actualidad\\\/la-exposicion-las-mujeres-en-los-carteles-de-san-fermin-recala-en-la-ciudad-alicantina-de-alcoy\\\/\",\"name\":\"La exposici\u00f3n \u2018Las Mujeres en los carteles de San Ferm\u00edn\u2019 recala en la ciudad alicantina de Alcoy\",\"isPartOf\":{\"@id\":\"https:\\\/\\\/www.laguiadepamplona.com\\\/actualidad\\\/#website\"},\"primaryImageOfPage\":{\"@id\":\"https:\\\/\\\/www.laguiadepamplona.com\\\/actualidad\\\/la-exposicion-las-mujeres-en-los-carteles-de-san-fermin-recala-en-la-ciudad-alicantina-de-alcoy\\\/#primaryimage\"},\"image\":{\"@id\":\"https:\\\/\\\/www.laguiadepamplona.com\\\/actualidad\\\/la-exposicion-las-mujeres-en-los-carteles-de-san-fermin-recala-en-la-ciudad-alicantina-de-alcoy\\\/#primaryimage\"},\"thumbnailUrl\":\"https:\\\/\\\/www.laguiadepamplona.com\\\/actualidad\\\/wp-content\\\/uploads\\\/2022\\\/04\\\/exposicion-mujeres-carteles-san-fermin.jpg\",\"datePublished\":\"2022-04-13T11:40:00+00:00\",\"dateModified\":\"2023-04-11T09:48:18+00:00\",\"description\":\"La concejala Garc\u00eda-Barberena ha participado en la inauguraci\u00f3n de esta muestra, que se pudo visitar en Pamplona en julio del a\u00f1o pasado\",\"breadcrumb\":{\"@id\":\"https:\\\/\\\/www.laguiadepamplona.com\\\/actualidad\\\/la-exposicion-las-mujeres-en-los-carteles-de-san-fermin-recala-en-la-ciudad-alicantina-de-alcoy\\\/#breadcrumb\"},\"inLanguage\":\"es\",\"potentialAction\":[{\"@type\":\"ReadAction\",\"target\":[\"https:\\\/\\\/www.laguiadepamplona.com\\\/actualidad\\\/la-exposicion-las-mujeres-en-los-carteles-de-san-fermin-recala-en-la-ciudad-alicantina-de-alcoy\\\/\"]}]},{\"@type\":\"ImageObject\",\"inLanguage\":\"es\",\"@id\":\"https:\\\/\\\/www.laguiadepamplona.com\\\/actualidad\\\/la-exposicion-las-mujeres-en-los-carteles-de-san-fermin-recala-en-la-ciudad-alicantina-de-alcoy\\\/#primaryimage\",\"url\":\"https:\\\/\\\/www.laguiadepamplona.com\\\/actualidad\\\/wp-content\\\/uploads\\\/2022\\\/04\\\/exposicion-mujeres-carteles-san-fermin.jpg\",\"contentUrl\":\"https:\\\/\\\/www.laguiadepamplona.com\\\/actualidad\\\/wp-content\\\/uploads\\\/2022\\\/04\\\/exposicion-mujeres-carteles-san-fermin.jpg\",\"width\":1920,\"height\":1280},{\"@type\":\"BreadcrumbList\",\"@id\":\"https:\\\/\\\/www.laguiadepamplona.com\\\/actualidad\\\/la-exposicion-las-mujeres-en-los-carteles-de-san-fermin-recala-en-la-ciudad-alicantina-de-alcoy\\\/#breadcrumb\",\"itemListElement\":[{\"@type\":\"ListItem\",\"position\":1,\"name\":\"Portada\",\"item\":\"https:\\\/\\\/www.laguiadepamplona.com\\\/actualidad\\\/\"},{\"@type\":\"ListItem\",\"position\":2,\"name\":\"La exposici\u00f3n \u2018Las Mujeres en los carteles de San Ferm\u00edn\u2019 recala en la ciudad alicantina de Alcoy\"}]},{\"@type\":\"WebSite\",\"@id\":\"https:\\\/\\\/www.laguiadepamplona.com\\\/actualidad\\\/#website\",\"url\":\"https:\\\/\\\/www.laguiadepamplona.com\\\/actualidad\\\/\",\"name\":\"La gu\u00eda de Pamplona\",\"description\":\"Noticias de Pamplona\",\"publisher\":{\"@id\":\"https:\\\/\\\/www.laguiadepamplona.com\\\/actualidad\\\/#organization\"},\"potentialAction\":[{\"@type\":\"SearchAction\",\"target\":{\"@type\":\"EntryPoint\",\"urlTemplate\":\"https:\\\/\\\/www.laguiadepamplona.com\\\/actualidad\\\/?s={search_term_string}\"},\"query-input\":{\"@type\":\"PropertyValueSpecification\",\"valueRequired\":true,\"valueName\":\"search_term_string\"}}],\"inLanguage\":\"es\"},{\"@type\":\"Organization\",\"@id\":\"https:\\\/\\\/www.laguiadepamplona.com\\\/actualidad\\\/#organization\",\"name\":\"La Gu\u00eda de Pamplona \\\/ Noticias\",\"url\":\"https:\\\/\\\/www.laguiadepamplona.com\\\/actualidad\\\/\",\"logo\":{\"@type\":\"ImageObject\",\"inLanguage\":\"es\",\"@id\":\"https:\\\/\\\/www.laguiadepamplona.com\\\/actualidad\\\/#\\\/schema\\\/logo\\\/image\\\/\",\"url\":\"https:\\\/\\\/www.laguiadepamplona.com\\\/actualidad\\\/wp-content\\\/uploads\\\/2018\\\/11\\\/logo-laguiadepamplona18-web1.png\",\"contentUrl\":\"https:\\\/\\\/www.laguiadepamplona.com\\\/actualidad\\\/wp-content\\\/uploads\\\/2018\\\/11\\\/logo-laguiadepamplona18-web1.png\",\"width\":600,\"height\":196,\"caption\":\"La Gu\u00eda de Pamplona \\\/ Noticias\"},\"image\":{\"@id\":\"https:\\\/\\\/www.laguiadepamplona.com\\\/actualidad\\\/#\\\/schema\\\/logo\\\/image\\\/\"},\"sameAs\":[\"https:\\\/\\\/www.facebook.com\\\/laguiadepamplonacom-133175176762273\\\/?ref=hl\",\"https:\\\/\\\/x.com\\\/LaGuiadPamplona\",\"https:\\\/\\\/www.instagram.com\\\/la_guia_de_pamplona\\\/\",\"https:\\\/\\\/www.youtube.com\\\/user\\\/laguiadepamplona\"]},{\"@type\":\"Person\",\"@id\":\"https:\\\/\\\/www.laguiadepamplona.com\\\/actualidad\\\/#\\\/schema\\\/person\\\/efe887376f0213d4657c93adc50b1fdb\",\"name\":\"La Gu\u00eda de Pamplona\",\"image\":{\"@type\":\"ImageObject\",\"inLanguage\":\"es\",\"@id\":\"https:\\\/\\\/secure.gravatar.com\\\/avatar\\\/b6992f131dc8d30ab0dff15446e9d346d9dbd95992de0fef795073f5ea83a81c?s=96&d=mm&r=g\",\"url\":\"https:\\\/\\\/secure.gravatar.com\\\/avatar\\\/b6992f131dc8d30ab0dff15446e9d346d9dbd95992de0fef795073f5ea83a81c?s=96&d=mm&r=g\",\"contentUrl\":\"https:\\\/\\\/secure.gravatar.com\\\/avatar\\\/b6992f131dc8d30ab0dff15446e9d346d9dbd95992de0fef795073f5ea83a81c?s=96&d=mm&r=g\",\"caption\":\"La Gu\u00eda de Pamplona\"}}]}<\/script>\n<!-- \/ Yoast SEO plugin. -->","yoast_head_json":{"title":"La exposici\u00f3n \u2018Las Mujeres en los carteles de San Ferm\u00edn\u2019 recala en la ciudad alicantina de Alcoy","description":"La concejala Garc\u00eda-Barberena ha participado en la inauguraci\u00f3n de esta muestra, que se pudo visitar en Pamplona en julio del a\u00f1o pasado","robots":{"index":"index","follow":"follow","max-snippet":"max-snippet:-1","max-image-preview":"max-image-preview:large","max-video-preview":"max-video-preview:-1"},"canonical":"https:\/\/www.laguiadepamplona.com\/actualidad\/la-exposicion-las-mujeres-en-los-carteles-de-san-fermin-recala-en-la-ciudad-alicantina-de-alcoy\/","og_locale":"es_ES","og_type":"article","og_title":"La exposici\u00f3n \u2018Las Mujeres en los carteles de San Ferm\u00edn\u2019 recala en la ciudad alicantina de Alcoy","og_description":"La concejala Garc\u00eda-Barberena ha participado en la inauguraci\u00f3n de esta muestra, que se pudo visitar en Pamplona en julio del a\u00f1o pasado","og_url":"https:\/\/www.laguiadepamplona.com\/actualidad\/la-exposicion-las-mujeres-en-los-carteles-de-san-fermin-recala-en-la-ciudad-alicantina-de-alcoy\/","og_site_name":"La Gu\u00eda de Pamplona","article_publisher":"https:\/\/www.facebook.com\/laguiadepamplonacom-133175176762273\/?ref=hl","article_published_time":"2022-04-13T11:40:00+00:00","article_modified_time":"2023-04-11T09:48:18+00:00","og_image":[{"width":1920,"height":1280,"url":"https:\/\/www.laguiadepamplona.com\/actualidad\/wp-content\/uploads\/2022\/04\/exposicion-mujeres-carteles-san-fermin.jpg","type":"image\/jpeg"}],"author":"La Gu\u00eda de Pamplona","twitter_card":"summary_large_image","twitter_creator":"@LaGuiadPamplona","twitter_site":"@LaGuiadPamplona","twitter_misc":{"Escrito por":"La Gu\u00eda de Pamplona","Tiempo de lectura":"2 minutos"},"schema":{"@context":"https:\/\/schema.org","@graph":[{"@type":"Article","@id":"https:\/\/www.laguiadepamplona.com\/actualidad\/la-exposicion-las-mujeres-en-los-carteles-de-san-fermin-recala-en-la-ciudad-alicantina-de-alcoy\/#article","isPartOf":{"@id":"https:\/\/www.laguiadepamplona.com\/actualidad\/la-exposicion-las-mujeres-en-los-carteles-de-san-fermin-recala-en-la-ciudad-alicantina-de-alcoy\/"},"author":{"name":"La Gu\u00eda de Pamplona","@id":"https:\/\/www.laguiadepamplona.com\/actualidad\/#\/schema\/person\/efe887376f0213d4657c93adc50b1fdb"},"headline":"La exposici\u00f3n \u2018Las Mujeres en los carteles de San Ferm\u00edn\u2019 recala en la ciudad alicantina de Alcoy","datePublished":"2022-04-13T11:40:00+00:00","dateModified":"2023-04-11T09:48:18+00:00","mainEntityOfPage":{"@id":"https:\/\/www.laguiadepamplona.com\/actualidad\/la-exposicion-las-mujeres-en-los-carteles-de-san-fermin-recala-en-la-ciudad-alicantina-de-alcoy\/"},"wordCount":429,"commentCount":0,"publisher":{"@id":"https:\/\/www.laguiadepamplona.com\/actualidad\/#organization"},"image":{"@id":"https:\/\/www.laguiadepamplona.com\/actualidad\/la-exposicion-las-mujeres-en-los-carteles-de-san-fermin-recala-en-la-ciudad-alicantina-de-alcoy\/#primaryimage"},"thumbnailUrl":"https:\/\/www.laguiadepamplona.com\/actualidad\/wp-content\/uploads\/2022\/04\/exposicion-mujeres-carteles-san-fermin.jpg","articleSection":["Ayto Pamplona"],"inLanguage":"es","potentialAction":[{"@type":"CommentAction","name":"Comment","target":["https:\/\/www.laguiadepamplona.com\/actualidad\/la-exposicion-las-mujeres-en-los-carteles-de-san-fermin-recala-en-la-ciudad-alicantina-de-alcoy\/#respond"]}]},{"@type":"WebPage","@id":"https:\/\/www.laguiadepamplona.com\/actualidad\/la-exposicion-las-mujeres-en-los-carteles-de-san-fermin-recala-en-la-ciudad-alicantina-de-alcoy\/","url":"https:\/\/www.laguiadepamplona.com\/actualidad\/la-exposicion-las-mujeres-en-los-carteles-de-san-fermin-recala-en-la-ciudad-alicantina-de-alcoy\/","name":"La exposici\u00f3n \u2018Las Mujeres en los carteles de San Ferm\u00edn\u2019 recala en la ciudad alicantina de Alcoy","isPartOf":{"@id":"https:\/\/www.laguiadepamplona.com\/actualidad\/#website"},"primaryImageOfPage":{"@id":"https:\/\/www.laguiadepamplona.com\/actualidad\/la-exposicion-las-mujeres-en-los-carteles-de-san-fermin-recala-en-la-ciudad-alicantina-de-alcoy\/#primaryimage"},"image":{"@id":"https:\/\/www.laguiadepamplona.com\/actualidad\/la-exposicion-las-mujeres-en-los-carteles-de-san-fermin-recala-en-la-ciudad-alicantina-de-alcoy\/#primaryimage"},"thumbnailUrl":"https:\/\/www.laguiadepamplona.com\/actualidad\/wp-content\/uploads\/2022\/04\/exposicion-mujeres-carteles-san-fermin.jpg","datePublished":"2022-04-13T11:40:00+00:00","dateModified":"2023-04-11T09:48:18+00:00","description":"La concejala Garc\u00eda-Barberena ha participado en la inauguraci\u00f3n de esta muestra, que se pudo visitar en Pamplona en julio del a\u00f1o pasado","breadcrumb":{"@id":"https:\/\/www.laguiadepamplona.com\/actualidad\/la-exposicion-las-mujeres-en-los-carteles-de-san-fermin-recala-en-la-ciudad-alicantina-de-alcoy\/#breadcrumb"},"inLanguage":"es","potentialAction":[{"@type":"ReadAction","target":["https:\/\/www.laguiadepamplona.com\/actualidad\/la-exposicion-las-mujeres-en-los-carteles-de-san-fermin-recala-en-la-ciudad-alicantina-de-alcoy\/"]}]},{"@type":"ImageObject","inLanguage":"es","@id":"https:\/\/www.laguiadepamplona.com\/actualidad\/la-exposicion-las-mujeres-en-los-carteles-de-san-fermin-recala-en-la-ciudad-alicantina-de-alcoy\/#primaryimage","url":"https:\/\/www.laguiadepamplona.com\/actualidad\/wp-content\/uploads\/2022\/04\/exposicion-mujeres-carteles-san-fermin.jpg","contentUrl":"https:\/\/www.laguiadepamplona.com\/actualidad\/wp-content\/uploads\/2022\/04\/exposicion-mujeres-carteles-san-fermin.jpg","width":1920,"height":1280},{"@type":"BreadcrumbList","@id":"https:\/\/www.laguiadepamplona.com\/actualidad\/la-exposicion-las-mujeres-en-los-carteles-de-san-fermin-recala-en-la-ciudad-alicantina-de-alcoy\/#breadcrumb","itemListElement":[{"@type":"ListItem","position":1,"name":"Portada","item":"https:\/\/www.laguiadepamplona.com\/actualidad\/"},{"@type":"ListItem","position":2,"name":"La exposici\u00f3n \u2018Las Mujeres en los carteles de San Ferm\u00edn\u2019 recala en la ciudad alicantina de Alcoy"}]},{"@type":"WebSite","@id":"https:\/\/www.laguiadepamplona.com\/actualidad\/#website","url":"https:\/\/www.laguiadepamplona.com\/actualidad\/","name":"La gu\u00eda de Pamplona","description":"Noticias de Pamplona","publisher":{"@id":"https:\/\/www.laguiadepamplona.com\/actualidad\/#organization"},"potentialAction":[{"@type":"SearchAction","target":{"@type":"EntryPoint","urlTemplate":"https:\/\/www.laguiadepamplona.com\/actualidad\/?s={search_term_string}"},"query-input":{"@type":"PropertyValueSpecification","valueRequired":true,"valueName":"search_term_string"}}],"inLanguage":"es"},{"@type":"Organization","@id":"https:\/\/www.laguiadepamplona.com\/actualidad\/#organization","name":"La Gu\u00eda de Pamplona \/ Noticias","url":"https:\/\/www.laguiadepamplona.com\/actualidad\/","logo":{"@type":"ImageObject","inLanguage":"es","@id":"https:\/\/www.laguiadepamplona.com\/actualidad\/#\/schema\/logo\/image\/","url":"https:\/\/www.laguiadepamplona.com\/actualidad\/wp-content\/uploads\/2018\/11\/logo-laguiadepamplona18-web1.png","contentUrl":"https:\/\/www.laguiadepamplona.com\/actualidad\/wp-content\/uploads\/2018\/11\/logo-laguiadepamplona18-web1.png","width":600,"height":196,"caption":"La Gu\u00eda de Pamplona \/ Noticias"},"image":{"@id":"https:\/\/www.laguiadepamplona.com\/actualidad\/#\/schema\/logo\/image\/"},"sameAs":["https:\/\/www.facebook.com\/laguiadepamplonacom-133175176762273\/?ref=hl","https:\/\/x.com\/LaGuiadPamplona","https:\/\/www.instagram.com\/la_guia_de_pamplona\/","https:\/\/www.youtube.com\/user\/laguiadepamplona"]},{"@type":"Person","@id":"https:\/\/www.laguiadepamplona.com\/actualidad\/#\/schema\/person\/efe887376f0213d4657c93adc50b1fdb","name":"La Gu\u00eda de Pamplona","image":{"@type":"ImageObject","inLanguage":"es","@id":"https:\/\/secure.gravatar.com\/avatar\/b6992f131dc8d30ab0dff15446e9d346d9dbd95992de0fef795073f5ea83a81c?s=96&d=mm&r=g","url":"https:\/\/secure.gravatar.com\/avatar\/b6992f131dc8d30ab0dff15446e9d346d9dbd95992de0fef795073f5ea83a81c?s=96&d=mm&r=g","contentUrl":"https:\/\/secure.gravatar.com\/avatar\/b6992f131dc8d30ab0dff15446e9d346d9dbd95992de0fef795073f5ea83a81c?s=96&d=mm&r=g","caption":"La Gu\u00eda de Pamplona"}}]}},"post_mailing_queue_ids":[],"_links":{"self":[{"href":"https:\/\/www.laguiadepamplona.com\/actualidad\/wp-json\/wp\/v2\/posts\/39983","targetHints":{"allow":["GET"]}}],"collection":[{"href":"https:\/\/www.laguiadepamplona.com\/actualidad\/wp-json\/wp\/v2\/posts"}],"about":[{"href":"https:\/\/www.laguiadepamplona.com\/actualidad\/wp-json\/wp\/v2\/types\/post"}],"author":[{"embeddable":true,"href":"https:\/\/www.laguiadepamplona.com\/actualidad\/wp-json\/wp\/v2\/users\/1"}],"replies":[{"embeddable":true,"href":"https:\/\/www.laguiadepamplona.com\/actualidad\/wp-json\/wp\/v2\/comments?post=39983"}],"version-history":[{"count":0,"href":"https:\/\/www.laguiadepamplona.com\/actualidad\/wp-json\/wp\/v2\/posts\/39983\/revisions"}],"wp:featuredmedia":[{"embeddable":true,"href":"https:\/\/www.laguiadepamplona.com\/actualidad\/wp-json\/wp\/v2\/media\/39984"}],"wp:attachment":[{"href":"https:\/\/www.laguiadepamplona.com\/actualidad\/wp-json\/wp\/v2\/media?parent=39983"}],"wp:term":[{"taxonomy":"category","embeddable":true,"href":"https:\/\/www.laguiadepamplona.com\/actualidad\/wp-json\/wp\/v2\/categories?post=39983"},{"taxonomy":"post_tag","embeddable":true,"href":"https:\/\/www.laguiadepamplona.com\/actualidad\/wp-json\/wp\/v2\/tags?post=39983"}],"curies":[{"name":"wp","href":"https:\/\/api.w.org\/{rel}","templated":true}]}}