{"id":39972,"date":"2022-04-13T13:06:15","date_gmt":"2022-04-13T11:06:15","guid":{"rendered":"https:\/\/www.laguiadepamplona.com\/actualidad\/?p=39972"},"modified":"2023-04-11T11:48:18","modified_gmt":"2023-04-11T09:48:18","slug":"el-nuevo-parque-camino-de-santiago-renaturaliza-la-entrada-sur-de-pamplona-con-24-000-metros-cuadrados-de-jardines-y-vegetacion","status":"publish","type":"post","link":"https:\/\/www.laguiadepamplona.com\/actualidad\/el-nuevo-parque-camino-de-santiago-renaturaliza-la-entrada-sur-de-pamplona-con-24-000-metros-cuadrados-de-jardines-y-vegetacion\/","title":{"rendered":"El nuevo parque Camino de Santiago renaturaliza la entrada sur de Pamplona con 24.000 metros cuadrados de jardines y vegetaci\u00f3n"},"content":{"rendered":"<h5>La Gerencia y la Comisi\u00f3n de Urbanismo han visitado las obras de esta primera fase, reci\u00e9n terminadas<\/h5>\n<p><!--more--><\/p>\n<p>El nuevo parque Camino de Santiago, ubicado en el barrio pamplon\u00e9s de la Txantrea, cobra forma con la finalizaci\u00f3n de las obras de la primera fase, que han aportado a la ciudad un total de 24.000 metros cuadrados de jardines y vegetaci\u00f3n en su entrada sur. La Gerencia y Comisi\u00f3n de\u00a0\u00a0\u00a0 Urbanismo del Ayuntamiento, encabezados por el alcalde Enrique Maya, han visitado hoy esta nueva zona ajardinada, que ha supuesto un coste de 2 millones de euros (IVA no incluido).<br \/>\n<script async src=\"\/\/pagead2.googlesyndication.com\/pagead\/js\/adsbygoogle.js\"><\/script><br \/>\n<!-- Noticias La Guia de Pamplona --><br \/>\n<ins class=\"adsbygoogle\"\nstyle=\"display:block\"\ndata-ad-client=\"ca-pub-6943679897239327\"\ndata-ad-slot=\"7048180777\"\ndata-ad-format=\"auto\"><\/ins><br \/>\n<script>\n(adsbygoogle = window.adsbygoogle || []).push({});\n<\/script><\/p>\n<p>La obra arranc\u00f3 a finales de agosto de 2020. En este tiempo, la empresa adjudicataria, Lacunza Hermanos, S.L., ha llevado a cabo labores de desmontaje y movimiento de tierras, instalaci\u00f3n de sistemas de drenaje, riego e iluminaci\u00f3n, de reurbanizaci\u00f3n y pavimentado de paseos, la construcci\u00f3n de aseos y de zonas de esparcimiento canino, instalaci\u00f3n de mobiliario urbano y el ajardinamiento de la zona. Asimismo, se ha procedido al rejuntado del antiguo muro del convento de las Josefinas, con el que linda el parque.<\/p>\n<p>Al margen de estas actuaciones ya contempladas en el proyecto inicial, durante la ejecuci\u00f3n de las obras se ha debido hacer frente a diversos imprevistos como la aparici\u00f3n y posterior recuperaci\u00f3n de la noria de sangre hallada junto al convento y que se ha integrado en esta zona verde p\u00fablica. De hecho, este hallazgo arqueol\u00f3gico supuso una modificaci\u00f3n del proyecto inicial para redise\u00f1ar la nueva plaza de acceso al parque desde el puente de la Magdalena, que integra este antiguo \u2018pozo- noria de tiro o noria de sangre\u2019, de acuerdo con los informes de Pr\u00edncipe de Viana. Esta actuaci\u00f3n ha supuesto una ampliaci\u00f3n en siete meses m\u00e1s de los plazos de ejecuci\u00f3n previstos. A todo ello se sumaron los efectos de las inundaciones del pasado 10 de diciembre, que afectaron a las obras, y que, todos juntos, han provocado una demora en la entrega de la obra.<\/p>\n<p>La entrega de esta parte del parque supone la conclusi\u00f3n de la primera fase de las obras del entorno, en la que se procedi\u00f3 tambi\u00e9n a la construcci\u00f3n del nuevo vial y la urbanizaci\u00f3n de la zona, con un importe de 6.935.385,00 euros (I.V.A no incluido).<br \/>\n<script async src=\"\/\/pagead2.googlesyndication.com\/pagead\/js\/adsbygoogle.js\"><\/script><br \/>\n<!-- Noticias La Guia de Pamplona --><br \/>\n<ins class=\"adsbygoogle\"\nstyle=\"display:block\"\ndata-ad-client=\"ca-pub-6943679897239327\"\ndata-ad-slot=\"7048180777\"\ndata-ad-format=\"auto\"><\/ins><br \/>\n<script>\n(adsbygoogle = window.adsbygoogle || []).push({});\n<\/script><\/p>\n<p><strong>Un parque de 100.000 metros cuadrados<\/strong><\/p>\n<p>A\u00fan quedan por licitar y ejecutar otras dos fases de esta zona verde que se encuentra comprendida entre el r\u00edo Arga, el acceso a la ciudad desde el Camino de Santiago Franc\u00e9s, el l\u00edmite con t\u00e9rmino municipal del Ayuntamiento de Burlada y el borde sur de Txantrea. Una vez concluidas, la ciudad contar\u00e1 con un nuevo parque de 100.000 metros cuadrados, que tendr\u00e1 casi un kil\u00f3metro de largo desde el r\u00edo Arga y la Magdalena hasta el l\u00edmite con Burlada y con unos cien metros de ancho.<\/p>\n<p>En las dos fases que quedan pendientes, se construir\u00e1 un nuevo paseo peatonal por el parque, distintas zonas de estancia y juego que acompa\u00f1an a dicho paseo y las zonas verdes provistas de riego. Tambi\u00e9n se instalar\u00e1n pistas de parkour y skate y en recuperar la regata Iturriapurria, el bosquete de robledal que limita con Burlada y la orla de ribera. Al sur de ese \u00e1mbito se crean las zonas de huertas familiares, huerto de concesi\u00f3n, \u00e1rea de picnic y esparcimiento canino.<\/p>\n","protected":false},"excerpt":{"rendered":"<p>La Gerencia y la Comisi\u00f3n de Urbanismo han visitado las obras de esta primera fase, reci\u00e9n terminadas<\/p>\n","protected":false},"author":1,"featured_media":39973,"comment_status":"open","ping_status":"closed","sticky":false,"template":"","format":"standard","meta":{"footnotes":""},"categories":[2],"tags":[],"class_list":["post-39972","post","type-post","status-publish","format-standard","has-post-thumbnail","hentry","category-ayuntamiento-pamplona"],"yoast_head":"<!-- This site is optimized with the Yoast SEO plugin v27.3 - https:\/\/yoast.com\/product\/yoast-seo-wordpress\/ -->\n<title>El nuevo parque Camino de Santiago renaturaliza la entrada sur de Pamplona con 24.000 metros cuadrados de jardines y vegetaci\u00f3n<\/title>\n<meta name=\"description\" content=\"La Gerencia y la Comisi\u00f3n de Urbanismo han visitado las obras de esta primera fase, reci\u00e9n terminadas\" \/>\n<meta name=\"robots\" content=\"index, follow, max-snippet:-1, max-image-preview:large, max-video-preview:-1\" \/>\n<link rel=\"canonical\" href=\"https:\/\/www.laguiadepamplona.com\/actualidad\/el-nuevo-parque-camino-de-santiago-renaturaliza-la-entrada-sur-de-pamplona-con-24-000-metros-cuadrados-de-jardines-y-vegetacion\/\" \/>\n<meta property=\"og:locale\" content=\"es_ES\" \/>\n<meta property=\"og:type\" content=\"article\" \/>\n<meta property=\"og:title\" content=\"El nuevo parque Camino de Santiago renaturaliza la entrada sur de Pamplona con 24.000 metros cuadrados de jardines y vegetaci\u00f3n\" \/>\n<meta property=\"og:description\" content=\"La Gerencia y la Comisi\u00f3n de Urbanismo han visitado las obras de esta primera fase, reci\u00e9n terminadas\" \/>\n<meta property=\"og:url\" content=\"https:\/\/www.laguiadepamplona.com\/actualidad\/el-nuevo-parque-camino-de-santiago-renaturaliza-la-entrada-sur-de-pamplona-con-24-000-metros-cuadrados-de-jardines-y-vegetacion\/\" \/>\n<meta property=\"og:site_name\" content=\"La Gu\u00eda de Pamplona\" \/>\n<meta property=\"article:publisher\" content=\"https:\/\/www.facebook.com\/laguiadepamplonacom-133175176762273\/?ref=hl\" \/>\n<meta property=\"article:published_time\" content=\"2022-04-13T11:06:15+00:00\" \/>\n<meta property=\"article:modified_time\" content=\"2023-04-11T09:48:18+00:00\" \/>\n<meta property=\"og:image\" content=\"https:\/\/www.laguiadepamplona.com\/actualidad\/wp-content\/uploads\/2022\/04\/parque-Camino-de-Santiago.jpg\" \/>\n\t<meta property=\"og:image:width\" content=\"1772\" \/>\n\t<meta property=\"og:image:height\" content=\"1182\" \/>\n\t<meta property=\"og:image:type\" content=\"image\/jpeg\" \/>\n<meta name=\"author\" content=\"La Gu\u00eda de Pamplona\" \/>\n<meta name=\"twitter:card\" content=\"summary_large_image\" \/>\n<meta name=\"twitter:creator\" content=\"@LaGuiadPamplona\" \/>\n<meta name=\"twitter:site\" content=\"@LaGuiadPamplona\" \/>\n<meta name=\"twitter:label1\" content=\"Escrito por\" \/>\n\t<meta name=\"twitter:data1\" content=\"La Gu\u00eda de Pamplona\" \/>\n\t<meta name=\"twitter:label2\" content=\"Tiempo de lectura\" \/>\n\t<meta name=\"twitter:data2\" content=\"3 minutos\" \/>\n<script type=\"application\/ld+json\" class=\"yoast-schema-graph\">{\"@context\":\"https:\\\/\\\/schema.org\",\"@graph\":[{\"@type\":\"Article\",\"@id\":\"https:\\\/\\\/www.laguiadepamplona.com\\\/actualidad\\\/el-nuevo-parque-camino-de-santiago-renaturaliza-la-entrada-sur-de-pamplona-con-24-000-metros-cuadrados-de-jardines-y-vegetacion\\\/#article\",\"isPartOf\":{\"@id\":\"https:\\\/\\\/www.laguiadepamplona.com\\\/actualidad\\\/el-nuevo-parque-camino-de-santiago-renaturaliza-la-entrada-sur-de-pamplona-con-24-000-metros-cuadrados-de-jardines-y-vegetacion\\\/\"},\"author\":{\"name\":\"La Gu\u00eda de Pamplona\",\"@id\":\"https:\\\/\\\/www.laguiadepamplona.com\\\/actualidad\\\/#\\\/schema\\\/person\\\/efe887376f0213d4657c93adc50b1fdb\"},\"headline\":\"El nuevo parque Camino de Santiago renaturaliza la entrada sur de Pamplona con 24.000 metros cuadrados de jardines y vegetaci\u00f3n\",\"datePublished\":\"2022-04-13T11:06:15+00:00\",\"dateModified\":\"2023-04-11T09:48:18+00:00\",\"mainEntityOfPage\":{\"@id\":\"https:\\\/\\\/www.laguiadepamplona.com\\\/actualidad\\\/el-nuevo-parque-camino-de-santiago-renaturaliza-la-entrada-sur-de-pamplona-con-24-000-metros-cuadrados-de-jardines-y-vegetacion\\\/\"},\"wordCount\":603,\"commentCount\":0,\"publisher\":{\"@id\":\"https:\\\/\\\/www.laguiadepamplona.com\\\/actualidad\\\/#organization\"},\"image\":{\"@id\":\"https:\\\/\\\/www.laguiadepamplona.com\\\/actualidad\\\/el-nuevo-parque-camino-de-santiago-renaturaliza-la-entrada-sur-de-pamplona-con-24-000-metros-cuadrados-de-jardines-y-vegetacion\\\/#primaryimage\"},\"thumbnailUrl\":\"https:\\\/\\\/www.laguiadepamplona.com\\\/actualidad\\\/wp-content\\\/uploads\\\/2022\\\/04\\\/parque-Camino-de-Santiago.jpg\",\"articleSection\":[\"Ayto Pamplona\"],\"inLanguage\":\"es\",\"potentialAction\":[{\"@type\":\"CommentAction\",\"name\":\"Comment\",\"target\":[\"https:\\\/\\\/www.laguiadepamplona.com\\\/actualidad\\\/el-nuevo-parque-camino-de-santiago-renaturaliza-la-entrada-sur-de-pamplona-con-24-000-metros-cuadrados-de-jardines-y-vegetacion\\\/#respond\"]}]},{\"@type\":\"WebPage\",\"@id\":\"https:\\\/\\\/www.laguiadepamplona.com\\\/actualidad\\\/el-nuevo-parque-camino-de-santiago-renaturaliza-la-entrada-sur-de-pamplona-con-24-000-metros-cuadrados-de-jardines-y-vegetacion\\\/\",\"url\":\"https:\\\/\\\/www.laguiadepamplona.com\\\/actualidad\\\/el-nuevo-parque-camino-de-santiago-renaturaliza-la-entrada-sur-de-pamplona-con-24-000-metros-cuadrados-de-jardines-y-vegetacion\\\/\",\"name\":\"El nuevo parque Camino de Santiago renaturaliza la entrada sur de Pamplona con 24.000 metros cuadrados de jardines y vegetaci\u00f3n\",\"isPartOf\":{\"@id\":\"https:\\\/\\\/www.laguiadepamplona.com\\\/actualidad\\\/#website\"},\"primaryImageOfPage\":{\"@id\":\"https:\\\/\\\/www.laguiadepamplona.com\\\/actualidad\\\/el-nuevo-parque-camino-de-santiago-renaturaliza-la-entrada-sur-de-pamplona-con-24-000-metros-cuadrados-de-jardines-y-vegetacion\\\/#primaryimage\"},\"image\":{\"@id\":\"https:\\\/\\\/www.laguiadepamplona.com\\\/actualidad\\\/el-nuevo-parque-camino-de-santiago-renaturaliza-la-entrada-sur-de-pamplona-con-24-000-metros-cuadrados-de-jardines-y-vegetacion\\\/#primaryimage\"},\"thumbnailUrl\":\"https:\\\/\\\/www.laguiadepamplona.com\\\/actualidad\\\/wp-content\\\/uploads\\\/2022\\\/04\\\/parque-Camino-de-Santiago.jpg\",\"datePublished\":\"2022-04-13T11:06:15+00:00\",\"dateModified\":\"2023-04-11T09:48:18+00:00\",\"description\":\"La Gerencia y la Comisi\u00f3n de Urbanismo han visitado las obras de esta primera fase, reci\u00e9n terminadas\",\"breadcrumb\":{\"@id\":\"https:\\\/\\\/www.laguiadepamplona.com\\\/actualidad\\\/el-nuevo-parque-camino-de-santiago-renaturaliza-la-entrada-sur-de-pamplona-con-24-000-metros-cuadrados-de-jardines-y-vegetacion\\\/#breadcrumb\"},\"inLanguage\":\"es\",\"potentialAction\":[{\"@type\":\"ReadAction\",\"target\":[\"https:\\\/\\\/www.laguiadepamplona.com\\\/actualidad\\\/el-nuevo-parque-camino-de-santiago-renaturaliza-la-entrada-sur-de-pamplona-con-24-000-metros-cuadrados-de-jardines-y-vegetacion\\\/\"]}]},{\"@type\":\"ImageObject\",\"inLanguage\":\"es\",\"@id\":\"https:\\\/\\\/www.laguiadepamplona.com\\\/actualidad\\\/el-nuevo-parque-camino-de-santiago-renaturaliza-la-entrada-sur-de-pamplona-con-24-000-metros-cuadrados-de-jardines-y-vegetacion\\\/#primaryimage\",\"url\":\"https:\\\/\\\/www.laguiadepamplona.com\\\/actualidad\\\/wp-content\\\/uploads\\\/2022\\\/04\\\/parque-Camino-de-Santiago.jpg\",\"contentUrl\":\"https:\\\/\\\/www.laguiadepamplona.com\\\/actualidad\\\/wp-content\\\/uploads\\\/2022\\\/04\\\/parque-Camino-de-Santiago.jpg\",\"width\":1772,\"height\":1182},{\"@type\":\"BreadcrumbList\",\"@id\":\"https:\\\/\\\/www.laguiadepamplona.com\\\/actualidad\\\/el-nuevo-parque-camino-de-santiago-renaturaliza-la-entrada-sur-de-pamplona-con-24-000-metros-cuadrados-de-jardines-y-vegetacion\\\/#breadcrumb\",\"itemListElement\":[{\"@type\":\"ListItem\",\"position\":1,\"name\":\"Portada\",\"item\":\"https:\\\/\\\/www.laguiadepamplona.com\\\/actualidad\\\/\"},{\"@type\":\"ListItem\",\"position\":2,\"name\":\"El nuevo parque Camino de Santiago renaturaliza la entrada sur de Pamplona con 24.000 metros cuadrados de jardines y vegetaci\u00f3n\"}]},{\"@type\":\"WebSite\",\"@id\":\"https:\\\/\\\/www.laguiadepamplona.com\\\/actualidad\\\/#website\",\"url\":\"https:\\\/\\\/www.laguiadepamplona.com\\\/actualidad\\\/\",\"name\":\"La gu\u00eda de Pamplona\",\"description\":\"Noticias de Pamplona\",\"publisher\":{\"@id\":\"https:\\\/\\\/www.laguiadepamplona.com\\\/actualidad\\\/#organization\"},\"potentialAction\":[{\"@type\":\"SearchAction\",\"target\":{\"@type\":\"EntryPoint\",\"urlTemplate\":\"https:\\\/\\\/www.laguiadepamplona.com\\\/actualidad\\\/?s={search_term_string}\"},\"query-input\":{\"@type\":\"PropertyValueSpecification\",\"valueRequired\":true,\"valueName\":\"search_term_string\"}}],\"inLanguage\":\"es\"},{\"@type\":\"Organization\",\"@id\":\"https:\\\/\\\/www.laguiadepamplona.com\\\/actualidad\\\/#organization\",\"name\":\"La Gu\u00eda de Pamplona \\\/ Noticias\",\"url\":\"https:\\\/\\\/www.laguiadepamplona.com\\\/actualidad\\\/\",\"logo\":{\"@type\":\"ImageObject\",\"inLanguage\":\"es\",\"@id\":\"https:\\\/\\\/www.laguiadepamplona.com\\\/actualidad\\\/#\\\/schema\\\/logo\\\/image\\\/\",\"url\":\"https:\\\/\\\/www.laguiadepamplona.com\\\/actualidad\\\/wp-content\\\/uploads\\\/2018\\\/11\\\/logo-laguiadepamplona18-web1.png\",\"contentUrl\":\"https:\\\/\\\/www.laguiadepamplona.com\\\/actualidad\\\/wp-content\\\/uploads\\\/2018\\\/11\\\/logo-laguiadepamplona18-web1.png\",\"width\":600,\"height\":196,\"caption\":\"La Gu\u00eda de Pamplona \\\/ Noticias\"},\"image\":{\"@id\":\"https:\\\/\\\/www.laguiadepamplona.com\\\/actualidad\\\/#\\\/schema\\\/logo\\\/image\\\/\"},\"sameAs\":[\"https:\\\/\\\/www.facebook.com\\\/laguiadepamplonacom-133175176762273\\\/?ref=hl\",\"https:\\\/\\\/x.com\\\/LaGuiadPamplona\",\"https:\\\/\\\/www.instagram.com\\\/la_guia_de_pamplona\\\/\",\"https:\\\/\\\/www.youtube.com\\\/user\\\/laguiadepamplona\"]},{\"@type\":\"Person\",\"@id\":\"https:\\\/\\\/www.laguiadepamplona.com\\\/actualidad\\\/#\\\/schema\\\/person\\\/efe887376f0213d4657c93adc50b1fdb\",\"name\":\"La Gu\u00eda de Pamplona\",\"image\":{\"@type\":\"ImageObject\",\"inLanguage\":\"es\",\"@id\":\"https:\\\/\\\/secure.gravatar.com\\\/avatar\\\/b6992f131dc8d30ab0dff15446e9d346d9dbd95992de0fef795073f5ea83a81c?s=96&d=mm&r=g\",\"url\":\"https:\\\/\\\/secure.gravatar.com\\\/avatar\\\/b6992f131dc8d30ab0dff15446e9d346d9dbd95992de0fef795073f5ea83a81c?s=96&d=mm&r=g\",\"contentUrl\":\"https:\\\/\\\/secure.gravatar.com\\\/avatar\\\/b6992f131dc8d30ab0dff15446e9d346d9dbd95992de0fef795073f5ea83a81c?s=96&d=mm&r=g\",\"caption\":\"La Gu\u00eda de Pamplona\"}}]}<\/script>\n<!-- \/ Yoast SEO plugin. -->","yoast_head_json":{"title":"El nuevo parque Camino de Santiago renaturaliza la entrada sur de Pamplona con 24.000 metros cuadrados de jardines y vegetaci\u00f3n","description":"La Gerencia y la Comisi\u00f3n de Urbanismo han visitado las obras de esta primera fase, reci\u00e9n terminadas","robots":{"index":"index","follow":"follow","max-snippet":"max-snippet:-1","max-image-preview":"max-image-preview:large","max-video-preview":"max-video-preview:-1"},"canonical":"https:\/\/www.laguiadepamplona.com\/actualidad\/el-nuevo-parque-camino-de-santiago-renaturaliza-la-entrada-sur-de-pamplona-con-24-000-metros-cuadrados-de-jardines-y-vegetacion\/","og_locale":"es_ES","og_type":"article","og_title":"El nuevo parque Camino de Santiago renaturaliza la entrada sur de Pamplona con 24.000 metros cuadrados de jardines y vegetaci\u00f3n","og_description":"La Gerencia y la Comisi\u00f3n de Urbanismo han visitado las obras de esta primera fase, reci\u00e9n terminadas","og_url":"https:\/\/www.laguiadepamplona.com\/actualidad\/el-nuevo-parque-camino-de-santiago-renaturaliza-la-entrada-sur-de-pamplona-con-24-000-metros-cuadrados-de-jardines-y-vegetacion\/","og_site_name":"La Gu\u00eda de Pamplona","article_publisher":"https:\/\/www.facebook.com\/laguiadepamplonacom-133175176762273\/?ref=hl","article_published_time":"2022-04-13T11:06:15+00:00","article_modified_time":"2023-04-11T09:48:18+00:00","og_image":[{"width":1772,"height":1182,"url":"https:\/\/www.laguiadepamplona.com\/actualidad\/wp-content\/uploads\/2022\/04\/parque-Camino-de-Santiago.jpg","type":"image\/jpeg"}],"author":"La Gu\u00eda de Pamplona","twitter_card":"summary_large_image","twitter_creator":"@LaGuiadPamplona","twitter_site":"@LaGuiadPamplona","twitter_misc":{"Escrito por":"La Gu\u00eda de Pamplona","Tiempo de lectura":"3 minutos"},"schema":{"@context":"https:\/\/schema.org","@graph":[{"@type":"Article","@id":"https:\/\/www.laguiadepamplona.com\/actualidad\/el-nuevo-parque-camino-de-santiago-renaturaliza-la-entrada-sur-de-pamplona-con-24-000-metros-cuadrados-de-jardines-y-vegetacion\/#article","isPartOf":{"@id":"https:\/\/www.laguiadepamplona.com\/actualidad\/el-nuevo-parque-camino-de-santiago-renaturaliza-la-entrada-sur-de-pamplona-con-24-000-metros-cuadrados-de-jardines-y-vegetacion\/"},"author":{"name":"La Gu\u00eda de Pamplona","@id":"https:\/\/www.laguiadepamplona.com\/actualidad\/#\/schema\/person\/efe887376f0213d4657c93adc50b1fdb"},"headline":"El nuevo parque Camino de Santiago renaturaliza la entrada sur de Pamplona con 24.000 metros cuadrados de jardines y vegetaci\u00f3n","datePublished":"2022-04-13T11:06:15+00:00","dateModified":"2023-04-11T09:48:18+00:00","mainEntityOfPage":{"@id":"https:\/\/www.laguiadepamplona.com\/actualidad\/el-nuevo-parque-camino-de-santiago-renaturaliza-la-entrada-sur-de-pamplona-con-24-000-metros-cuadrados-de-jardines-y-vegetacion\/"},"wordCount":603,"commentCount":0,"publisher":{"@id":"https:\/\/www.laguiadepamplona.com\/actualidad\/#organization"},"image":{"@id":"https:\/\/www.laguiadepamplona.com\/actualidad\/el-nuevo-parque-camino-de-santiago-renaturaliza-la-entrada-sur-de-pamplona-con-24-000-metros-cuadrados-de-jardines-y-vegetacion\/#primaryimage"},"thumbnailUrl":"https:\/\/www.laguiadepamplona.com\/actualidad\/wp-content\/uploads\/2022\/04\/parque-Camino-de-Santiago.jpg","articleSection":["Ayto Pamplona"],"inLanguage":"es","potentialAction":[{"@type":"CommentAction","name":"Comment","target":["https:\/\/www.laguiadepamplona.com\/actualidad\/el-nuevo-parque-camino-de-santiago-renaturaliza-la-entrada-sur-de-pamplona-con-24-000-metros-cuadrados-de-jardines-y-vegetacion\/#respond"]}]},{"@type":"WebPage","@id":"https:\/\/www.laguiadepamplona.com\/actualidad\/el-nuevo-parque-camino-de-santiago-renaturaliza-la-entrada-sur-de-pamplona-con-24-000-metros-cuadrados-de-jardines-y-vegetacion\/","url":"https:\/\/www.laguiadepamplona.com\/actualidad\/el-nuevo-parque-camino-de-santiago-renaturaliza-la-entrada-sur-de-pamplona-con-24-000-metros-cuadrados-de-jardines-y-vegetacion\/","name":"El nuevo parque Camino de Santiago renaturaliza la entrada sur de Pamplona con 24.000 metros cuadrados de jardines y vegetaci\u00f3n","isPartOf":{"@id":"https:\/\/www.laguiadepamplona.com\/actualidad\/#website"},"primaryImageOfPage":{"@id":"https:\/\/www.laguiadepamplona.com\/actualidad\/el-nuevo-parque-camino-de-santiago-renaturaliza-la-entrada-sur-de-pamplona-con-24-000-metros-cuadrados-de-jardines-y-vegetacion\/#primaryimage"},"image":{"@id":"https:\/\/www.laguiadepamplona.com\/actualidad\/el-nuevo-parque-camino-de-santiago-renaturaliza-la-entrada-sur-de-pamplona-con-24-000-metros-cuadrados-de-jardines-y-vegetacion\/#primaryimage"},"thumbnailUrl":"https:\/\/www.laguiadepamplona.com\/actualidad\/wp-content\/uploads\/2022\/04\/parque-Camino-de-Santiago.jpg","datePublished":"2022-04-13T11:06:15+00:00","dateModified":"2023-04-11T09:48:18+00:00","description":"La Gerencia y la Comisi\u00f3n de Urbanismo han visitado las obras de esta primera fase, reci\u00e9n terminadas","breadcrumb":{"@id":"https:\/\/www.laguiadepamplona.com\/actualidad\/el-nuevo-parque-camino-de-santiago-renaturaliza-la-entrada-sur-de-pamplona-con-24-000-metros-cuadrados-de-jardines-y-vegetacion\/#breadcrumb"},"inLanguage":"es","potentialAction":[{"@type":"ReadAction","target":["https:\/\/www.laguiadepamplona.com\/actualidad\/el-nuevo-parque-camino-de-santiago-renaturaliza-la-entrada-sur-de-pamplona-con-24-000-metros-cuadrados-de-jardines-y-vegetacion\/"]}]},{"@type":"ImageObject","inLanguage":"es","@id":"https:\/\/www.laguiadepamplona.com\/actualidad\/el-nuevo-parque-camino-de-santiago-renaturaliza-la-entrada-sur-de-pamplona-con-24-000-metros-cuadrados-de-jardines-y-vegetacion\/#primaryimage","url":"https:\/\/www.laguiadepamplona.com\/actualidad\/wp-content\/uploads\/2022\/04\/parque-Camino-de-Santiago.jpg","contentUrl":"https:\/\/www.laguiadepamplona.com\/actualidad\/wp-content\/uploads\/2022\/04\/parque-Camino-de-Santiago.jpg","width":1772,"height":1182},{"@type":"BreadcrumbList","@id":"https:\/\/www.laguiadepamplona.com\/actualidad\/el-nuevo-parque-camino-de-santiago-renaturaliza-la-entrada-sur-de-pamplona-con-24-000-metros-cuadrados-de-jardines-y-vegetacion\/#breadcrumb","itemListElement":[{"@type":"ListItem","position":1,"name":"Portada","item":"https:\/\/www.laguiadepamplona.com\/actualidad\/"},{"@type":"ListItem","position":2,"name":"El nuevo parque Camino de Santiago renaturaliza la entrada sur de Pamplona con 24.000 metros cuadrados de jardines y vegetaci\u00f3n"}]},{"@type":"WebSite","@id":"https:\/\/www.laguiadepamplona.com\/actualidad\/#website","url":"https:\/\/www.laguiadepamplona.com\/actualidad\/","name":"La gu\u00eda de Pamplona","description":"Noticias de Pamplona","publisher":{"@id":"https:\/\/www.laguiadepamplona.com\/actualidad\/#organization"},"potentialAction":[{"@type":"SearchAction","target":{"@type":"EntryPoint","urlTemplate":"https:\/\/www.laguiadepamplona.com\/actualidad\/?s={search_term_string}"},"query-input":{"@type":"PropertyValueSpecification","valueRequired":true,"valueName":"search_term_string"}}],"inLanguage":"es"},{"@type":"Organization","@id":"https:\/\/www.laguiadepamplona.com\/actualidad\/#organization","name":"La Gu\u00eda de Pamplona \/ Noticias","url":"https:\/\/www.laguiadepamplona.com\/actualidad\/","logo":{"@type":"ImageObject","inLanguage":"es","@id":"https:\/\/www.laguiadepamplona.com\/actualidad\/#\/schema\/logo\/image\/","url":"https:\/\/www.laguiadepamplona.com\/actualidad\/wp-content\/uploads\/2018\/11\/logo-laguiadepamplona18-web1.png","contentUrl":"https:\/\/www.laguiadepamplona.com\/actualidad\/wp-content\/uploads\/2018\/11\/logo-laguiadepamplona18-web1.png","width":600,"height":196,"caption":"La Gu\u00eda de Pamplona \/ Noticias"},"image":{"@id":"https:\/\/www.laguiadepamplona.com\/actualidad\/#\/schema\/logo\/image\/"},"sameAs":["https:\/\/www.facebook.com\/laguiadepamplonacom-133175176762273\/?ref=hl","https:\/\/x.com\/LaGuiadPamplona","https:\/\/www.instagram.com\/la_guia_de_pamplona\/","https:\/\/www.youtube.com\/user\/laguiadepamplona"]},{"@type":"Person","@id":"https:\/\/www.laguiadepamplona.com\/actualidad\/#\/schema\/person\/efe887376f0213d4657c93adc50b1fdb","name":"La Gu\u00eda de Pamplona","image":{"@type":"ImageObject","inLanguage":"es","@id":"https:\/\/secure.gravatar.com\/avatar\/b6992f131dc8d30ab0dff15446e9d346d9dbd95992de0fef795073f5ea83a81c?s=96&d=mm&r=g","url":"https:\/\/secure.gravatar.com\/avatar\/b6992f131dc8d30ab0dff15446e9d346d9dbd95992de0fef795073f5ea83a81c?s=96&d=mm&r=g","contentUrl":"https:\/\/secure.gravatar.com\/avatar\/b6992f131dc8d30ab0dff15446e9d346d9dbd95992de0fef795073f5ea83a81c?s=96&d=mm&r=g","caption":"La Gu\u00eda de Pamplona"}}]}},"post_mailing_queue_ids":[],"_links":{"self":[{"href":"https:\/\/www.laguiadepamplona.com\/actualidad\/wp-json\/wp\/v2\/posts\/39972","targetHints":{"allow":["GET"]}}],"collection":[{"href":"https:\/\/www.laguiadepamplona.com\/actualidad\/wp-json\/wp\/v2\/posts"}],"about":[{"href":"https:\/\/www.laguiadepamplona.com\/actualidad\/wp-json\/wp\/v2\/types\/post"}],"author":[{"embeddable":true,"href":"https:\/\/www.laguiadepamplona.com\/actualidad\/wp-json\/wp\/v2\/users\/1"}],"replies":[{"embeddable":true,"href":"https:\/\/www.laguiadepamplona.com\/actualidad\/wp-json\/wp\/v2\/comments?post=39972"}],"version-history":[{"count":0,"href":"https:\/\/www.laguiadepamplona.com\/actualidad\/wp-json\/wp\/v2\/posts\/39972\/revisions"}],"wp:featuredmedia":[{"embeddable":true,"href":"https:\/\/www.laguiadepamplona.com\/actualidad\/wp-json\/wp\/v2\/media\/39973"}],"wp:attachment":[{"href":"https:\/\/www.laguiadepamplona.com\/actualidad\/wp-json\/wp\/v2\/media?parent=39972"}],"wp:term":[{"taxonomy":"category","embeddable":true,"href":"https:\/\/www.laguiadepamplona.com\/actualidad\/wp-json\/wp\/v2\/categories?post=39972"},{"taxonomy":"post_tag","embeddable":true,"href":"https:\/\/www.laguiadepamplona.com\/actualidad\/wp-json\/wp\/v2\/tags?post=39972"}],"curies":[{"name":"wp","href":"https:\/\/api.w.org\/{rel}","templated":true}]}}